{"id":91525,"date":"2019-09-11T00:04:19","date_gmt":"2019-09-10T22:04:19","guid":{"rendered":"https:\/\/www.leselfes.com\/comida-servida-no-acampamento-de-verao-les-elfes\/"},"modified":"2024-11-12T11:59:40","modified_gmt":"2024-11-12T10:59:40","slug":"comida-servida-no-acampamento-de-verao-les-elfes","status":"publish","type":"post","link":"https:\/\/www.leselfes.com\/pt-br\/comida-servida-no-acampamento-de-verao-les-elfes\/","title":{"rendered":"Comida servida no acampamento de ver\u00e3o Les Elfes"},"content":{"rendered":"<p>&nbsp;<\/p>\n<p>Nada supera uma boa comida compartilhada com amigos ou entes queridos.<br \/>\nA comida une as pessoas, elas compartilham momentos de alegria e criam lembran\u00e7as eternas.<br \/>\nA comida \u00e9 um componente essencial que os campistas podem aproveitar para ajud\u00e1-los a maximizar sua experi\u00eancia no acampamento de ver\u00e3o.<br \/>\nNeste post, discutiremos a comida servida nos acampamentos de ver\u00e3o.     <\/p>\n<p><!-- \/wp:paragraph --><br \/>\n<!-- wp:heading --><\/p>\n<h2>Planejamento do card\u00e1pio de um acampamento de ver\u00e3o<\/h2>\n<p><!-- \/wp:heading --><br \/>\n<!-- wp:image {\"align\":\"center\",\"id\":30473} --><\/p>\n<p><!-- \/wp:image --><br \/>\n<!-- wp:paragraph --><\/p>\n<p>Uma excelente refei\u00e7\u00e3o <a href=\"https:\/\/www.leselfes.com\/pt-br\/?page_id=89241\">em um acampamento de ver\u00e3o<\/a> come\u00e7a com o processo de planejamento. Aqui, \u00e9 importante acomodar as necessidades de todos. Lembre-se de que algumas pessoas s\u00e3o al\u00e9rgicas a alguns tipos de alimentos, o que significa que n\u00e3o podem consumi-los. Durante o processo de planejamento, descubra se algu\u00e9m do grupo tem necessidades alimentares especiais. Veja a seguir como fazer o processo de planejamento.    <\/p>\n<p><!-- \/wp:paragraph --><br \/>\n<!-- wp:heading --><\/p>\n<h2>Desenvolva um card\u00e1pio<\/h2>\n<p><!-- \/wp:heading --><br \/>\n<!-- wp:paragraph --><\/p>\n<p>Voc\u00ea deve come\u00e7ar analisando as refei\u00e7\u00f5es comuns consumidas em casa e descobrir quais seriam ideais para um acampamento de ver\u00e3o.<br \/>\nLeve em conta as necessidades de todos antes de elaborar o card\u00e1pio final.<br \/>\nN\u00e3o se esque\u00e7a dos grupos especiais, como vegetarianos, campistas com intoler\u00e2ncia a gl\u00faten e lactose e veganos.<br \/>\nLembre-se de incluir lanches, bebidas e \u00e1gua para cada grupo de pessoas.   <\/p>\n<p><!-- \/wp:paragraph --><br \/>\n<!-- wp:heading --><\/p>\n<h2>Prepare sua lista de compras<\/h2>\n<p><!-- \/wp:heading --><br \/>\n<!-- wp:paragraph --><\/p>\n<p>Para que voc\u00ea e seus companheiros de acampamento se divirtam e aproveitem a comida, voc\u00ea precisar\u00e1 criar uma lista bem pensada de itens.<br \/>\nPor fim, certifique-se de fazer compras e levar apenas o que voc\u00ea precisa.<br \/>\nPara facilitar o trabalho, voc\u00ea pode conversar com o seu grupo para definir o que eles preferem para cada sess\u00e3o de refei\u00e7\u00e3o.<br \/>\nCertifique-se de que os itens que voc\u00ea escolher n\u00e3o sejam apenas vers\u00e1teis, mas tamb\u00e9m n\u00e3o perec\u00edveis para facilitar o armazenamento.     <\/p>\n<p><!-- \/wp:paragraph --><br \/>\n<!-- wp:heading --><\/p>\n<h2>Embale os aparelhos apropriados<\/h2>\n<p><!-- \/wp:heading --><br \/>\n<!-- wp:paragraph --><\/p>\n<p>Se voc\u00ea tiver um \u00f3timo card\u00e1pio sem os utens\u00edlios adequados, n\u00e3o conseguir\u00e1 criar refei\u00e7\u00f5es de dar \u00e1gua na boca.<br \/>\nDependendo do local do acampamento, alguns parques de campismo fornecer\u00e3o a voc\u00ea o b\u00e1sico, como uma grelha e uma fogueira.<br \/>\nVoc\u00ea precisar\u00e1 levar tudo o mais que precisar durante a sess\u00e3o de acampamento.<br \/>\nEscolha aparelhos compactos, simples e port\u00e1teis e esque\u00e7a as pe\u00e7as sofisticadas quando voc\u00ea for acampar.<br \/>\nVoc\u00ea n\u00e3o vai querer ter dificuldade para transferir seu fog\u00e3o de e para o ve\u00edculo.<br \/>\nAqui est\u00e3o alguns itens necess\u00e1rios que voc\u00ea pode escolher.     <\/p>\n<p><!-- \/wp:paragraph --><br \/>\n<!-- wp:list --><\/p>\n<ul>\n<li>Esp\u00e1tula<\/li>\n<li>Tigela de mistura<\/li>\n<li>Frigideira de ferro fundido<\/li>\n<li>Colher de madeira<\/li>\n<li>Churrasqueira port\u00e1til<\/li>\n<li>Sacos com z\u00edper<\/li>\n<li>Talheres descart\u00e1veis ou reutiliz\u00e1veis<\/li>\n<li>Churrasqueira port\u00e1til<\/li>\n<li>Panos de prato<\/li>\n<li>Escova para grelha<\/li>\n<li>Prepare-se o m\u00e1ximo que voc\u00ea puder<\/li>\n<\/ul>\n<p><!-- \/wp:list --><br \/>\n<!-- wp:paragraph --><\/p>\n<p>N\u00e3o importa se voc\u00ea est\u00e1 preparando comida para os campistas ou se est\u00e1 recebendo amigos em casa, a prepara\u00e7\u00e3o \u00e9 uma etapa necess\u00e1ria.<br \/>\nLembre-se de que, quando voc\u00ea vai para um acampamento de ver\u00e3o, \u00e9 prov\u00e1vel que n\u00e3o queira cozinhar, muito menos preparar refei\u00e7\u00f5es.<br \/>\nEntretanto, voc\u00ea descobrir\u00e1 que <a href=\"\">a prepara\u00e7\u00e3o<\/a> \u00e9 essencial, pois ajuda a cozinhar mais r\u00e1pido e a encontrar tempo para relaxar depois de um longo dia.<br \/>\nAqui est\u00e3o algumas coisas que voc\u00ea pode considerar preparar com anteced\u00eancia.   <\/p>\n<p><!-- \/wp:paragraph --><br \/>\n<!-- wp:list --><\/p>\n<ul>\n<li>Divida a carne em por\u00e7\u00f5es e guarde-a com seguran\u00e7a em sacos Ziploc<\/li>\n<li>Limpe e descasque os legumes.<br \/>\nVoc\u00ea pode at\u00e9 mesmo cort\u00e1-los <\/li>\n<li>Divida em por\u00e7\u00f5es os temperos que voc\u00ea pretende usar em suas receitas<\/li>\n<\/ul>\n<p><!-- \/wp:list --><br \/>\n<!-- wp:heading --><\/p>\n<h2>Manter a organiza\u00e7\u00e3o<\/h2>\n<p><!-- \/wp:heading --><br \/>\n<!-- wp:paragraph --><\/p>\n<p>Manter a organiza\u00e7\u00e3o durante o acampamento \u00e9 essencial.<br \/>\nIsso garante que voc\u00ea possa localizar os itens com mais facilidade e economiza muito tempo.<br \/>\nPara isso, voc\u00ea deve:    <\/p>\n<p><!-- \/wp:paragraph --><br \/>\n<!-- wp:list --><\/p>\n<ul>\n<li>Verifica\u00e7\u00e3o cruzada de sua lista de compras<\/li>\n<li>Etiquetar as sacolas ou caixas que cont\u00eam seus pertences, como: talheres, pratos, x\u00edcaras e colheres.  <\/li>\n<li>Ter etiquetas em todos os refrigeradores para garantir a f\u00e1cil identifica\u00e7\u00e3o dos itens alimentares<\/li>\n<li>Colocar itens semelhantes juntos dentro do carro<\/li>\n<\/ul>\n<p><!-- \/wp:list --><br \/>\n<!-- wp:heading --><\/p>\n<h2>O acampamento ser\u00e1 amig\u00e1vel para as crian\u00e7as?<\/h2>\n<p><!-- \/wp:heading --><br \/>\n<!-- wp:paragraph --><\/p>\n<p>Se voc\u00ea estiver levando seus filhos para um acampamento de ver\u00e3o ou se eles forem na companhia de seus colegas, voc\u00ea deve garantir que o acampamento escolhido seja adequado para crian\u00e7as.<br \/>\nEle oferece instala\u00e7\u00f5es e alimenta\u00e7\u00e3o adequadas para crian\u00e7as?<br \/>\nEsses s\u00e3o fatores importantes a serem considerados se voc\u00ea pretende proporcionar o m\u00e1ximo de divers\u00e3o \u00e0s crian\u00e7as.  <\/p>\n<p><!-- \/wp:paragraph --><br \/>\n<!-- wp:heading --><\/p>\n<h2>Como fazer refei\u00e7\u00f5es saud\u00e1veis durante o acampamento<\/h2>\n<p><!-- \/wp:heading --><br \/>\n<!-- wp:image {\"align\":\"center\",\"id\":30479} --><\/p>\n<p><!-- \/wp:image --><br \/>\n<!-- wp:paragraph --><\/p>\n<p>Os acampamentos de ver\u00e3o oferecem a adultos e estudantes a oportunidade de se exercitar, praticar seus <a href=\"https:\/\/www.leselfes.com\/pt-br\/?p=91525\">esportes e atividades<\/a> favoritos, passar tempo de qualidade com seus entes queridos e meditar. Voc\u00ea pode se conectar com a natureza e relaxar a mente e a alma. Comer refei\u00e7\u00f5es saud\u00e1veis durante o acampamento pode ser uma tarefa \u00e1rdua, e \u00e9 por isso que voc\u00ea deve come\u00e7ar a planejar antes de embarcar em sua viagem. Aqui est\u00e3o algumas dicas para ajudar voc\u00ea a se manter saud\u00e1vel mesmo quando estiver se divertindo.   <\/p>\n<p><!-- \/wp:paragraph --><br \/>\n<!-- wp:paragraph --><\/p>\n<p>Beba <a href=\"https:\/\/www.medicalnewstoday.com\/articles\/290814.php\">quantidades suficientes de \u00e1gua<\/a> para que voc\u00ea se mantenha hidratado. Lembre-se de que voc\u00ea estar\u00e1 exposto a muito exerc\u00edcio e sol, o que significa que seu corpo perder\u00e1 \u00e1gua. Talvez voc\u00ea queira congelar a \u00e1gua em garrafas individuais e armazen\u00e1-la dentro das caixas t\u00e9rmicas para maior comodidade.    <\/p>\n<p><!-- \/wp:paragraph --><br \/>\n<!-- wp:paragraph --><\/p>\n<p>Planeje lanches saud\u00e1veis e compre todos os ingredientes de que voc\u00ea precisar\u00e1 para execut\u00e1-los.<br \/>\nInclua muitas frutas, como abacaxis, ma\u00e7\u00e3s, uvas e peras.<br \/>\nInclua melancia pr\u00e9-cortada para aumentar a hidrata\u00e7\u00e3o e a energia instant\u00e2nea.<br \/>\nFrutas preparadas na hora, como aipo, cenoura e at\u00e9 nozes, s\u00e3o bons lanches para voc\u00ea durante o acampamento.   <\/p>\n<p><!-- \/wp:paragraph --><br \/>\n<!-- wp:paragraph --><\/p>\n<p>Prepare sandu\u00edches e saladas antes de embarcar em sua viagem, isso dar\u00e1 a voc\u00ea e \u00e0s crian\u00e7as algo f\u00e1cil e saud\u00e1vel para comer no caminho para o seu destino de acampamento.<br \/>\nSe preferir refei\u00e7\u00f5es quentes, voc\u00ea pode embrulhar alguns vegetais, como ab\u00f3bora, batata-doce e ab\u00f3bora, em papel-alum\u00ednio e aquec\u00ea-los na fogueira.   <\/p>\n<p><!-- \/wp:paragraph --><br \/>\n<!-- wp:heading --><\/p>\n<h2>Alimentos que voc\u00ea comer\u00e1 durante o acampamento<\/h2>\n<p><!-- \/wp:heading --><br \/>\n<!-- wp:paragraph --><\/p>\n<p>Se optar por uma experi\u00eancia de acampamento com tudo inclu\u00eddo, voc\u00ea ser\u00e1 servido por uma equipe de cozinha experiente e profissional e por um chef, todos treinados para preparar refei\u00e7\u00f5es nutritivas, deliciosas, adequadas para crian\u00e7as e seguras, que voc\u00ea vai adorar.<br \/>\nMuitos dos excelentes locais de acampamento oferecem diversas op\u00e7\u00f5es de alimentos e praticam procedimentos alimentares rigorosos que incluem: <\/p>\n<p><!-- \/wp:paragraph --><br \/>\n<!-- wp:list --><\/p>\n<ul>\n<li>Uma grande variedade de pratos ex\u00f3ticos de todo o mundo para voc\u00ea escolher<\/li>\n<li>Refei\u00e7\u00f5es servidas em estilo buf\u00ea, com membros da equipe em cada mesa para garantir que todos os campistas fiquem satisfeitos<\/li>\n<li>Se\u00e7\u00e3o de refei\u00e7\u00f5es especiais, onde s\u00e3o servidos campistas com necessidades especiais, como vegetarianos e pessoas com alergias.<br \/>\nAs refei\u00e7\u00f5es para esses grupos s\u00e3o preparadas de acordo com as necessidades individuais <\/li>\n<li>Frutas frescas que s\u00e3o lanches perfeitos<\/li>\n<li>M\u00e1quina de extra\u00e7\u00e3o de suco fresco e outras bebidas, como ch\u00e1 gelado, limonada e p\u00eassego<\/li>\n<li>\u00c1gua pot\u00e1vel fresca e fria em cada mesa.<br \/>\nAs crian\u00e7as receber\u00e3o leite no caf\u00e9 da manh\u00e3 e no jantar <\/li>\n<li>A sobremesa est\u00e1 dispon\u00edvel no jantar  <\/li>\n<li>Cumprimento rigoroso dos padr\u00f5es de sa\u00fade<\/li>\n<\/ul>\n<p><!-- \/wp:list --><br \/>\n<!-- wp:heading --><\/p>\n<h2>Op\u00e7\u00f5es populares de alimentos servidos nos acampamentos<\/h2>\n<p><!-- \/wp:heading --><br \/>\n<!-- wp:paragraph --><\/p>\n<p>Aqui est\u00e3o algumas das refei\u00e7\u00f5es que ser\u00e3o servidas a voc\u00ea durante o acampamento.<\/p>\n<p><!-- \/wp:paragraph --><br \/>\n<!-- wp:heading {\"level\":3} --><\/p>\n<h3>Caf\u00e9 da manh\u00e3<\/h3>\n<p><!-- \/wp:heading --><br \/>\n<!-- wp:list --><\/p>\n<ul>\n<li>Salsichas, panquecas, ovos cozidos, ovos mexidos<\/li>\n<li>Bacon, torradas, torradas francesas, mcmuffins de ovos, batatas fritas com caf\u00e9 da manh\u00e3 assado<\/li>\n<li>Presunto, wraps com ovos mexidos, piment\u00e3o vermelho refogado e molho de cebola, queijo e salsa<\/li>\n<li>Hash Brown patties, chantilly completo com suco de morango, waffles belgas<\/li>\n<li>Muffins rec\u00e9m-assados, biscoitos para ch\u00e1, p\u00e3es de canela, ovos cozidos com granola e croissants de iogurte<\/li>\n<li>Cereais como flocos de milho, Rice Krispies, corn pops, flocos congelados<\/li>\n<li>Mingau de aveia, leite e suco<\/li>\n<\/ul>\n<p><!-- \/wp:list --><br \/>\n<!-- wp:heading {\"level\":3} --><\/p>\n<h3>Almo\u00e7o<\/h3>\n<p><!-- \/wp:heading --><br \/>\n<!-- wp:image {\"align\":\"center\",\"id\":30480} --><\/p>\n<p><!-- \/wp:image --><br \/>\n<!-- wp:list --><\/p>\n<ul>\n<li>Salsichas Oktoberfest, perogies e salada de jardim<\/li>\n<li>Sub sandu\u00edches, tr\u00eas por\u00e7\u00f5es de carne e sopa caseira com salada de jardim<\/li>\n<li>Tacos de carne com casca dura e mole servidos com tortilla chips e arroz mexicano<\/li>\n<li>Batata doce frita com quesadilla de frango e salada de jardim<\/li>\n<li>Macarr\u00e3o com queijo cheddar preparado no estilo caseiro, com torradas de alho e salada<\/li>\n<li>Sandu\u00edches de queijo grelhado com sopa e legumes<\/li>\n<li>Hummus e fatias de pita com sopa e salada Caesar de frango<\/li>\n<li>P\u00e3ezinhos de carne de porco com salada de repolho e feij\u00e3o cozido<\/li>\n<li>Wraps de frango com salada e homus<\/li>\n<li>Legumes, batatas fritas, molho, salada de macarr\u00e3o e hamb\u00fargueres para churrasco<\/li>\n<li>Nachos com salada de jardim, an\u00e9is de cebola e salada de legumes<\/li>\n<li>Torradas de alho e salada de piment\u00e3o<\/li>\n<li>Nachos com guacamole, salsa e salada de jardim<\/li>\n<li>Feij\u00f5es mergulhados em molho de tomate e bacon, salada verde e salada de batata<\/li>\n<li>P\u00e3o e fritada com salada<\/li>\n<li>Salada de milho e p\u00e3ezinhos<\/li>\n<li>Poutine e asas de frango com molho de vegetais  <\/li>\n<li>P\u00e3ezinhos, milho e sloppy joe<\/li>\n<li>Bandeja de legumes acompanhada de batatas fritas e sopa, p\u00e3es de metro e frios variados<\/li>\n<li>Gyro de carne com pitas, sopa ou salada e tzatziki<\/li>\n<li>Uma grande variedade de sopas, como sopa de legumes, sopa de macarr\u00e3o com frango, sopa de tomate, sopa de carne bovina e sopa de creme de couve-flor.<br \/>\nOutras op\u00e7\u00f5es de almo\u00e7o incluem: bisque de queijo asiago e batata assada <\/li>\n<\/ul>\n<p><!-- \/wp:list --><br \/>\n<!-- wp:heading {\"level\":3} --><\/p>\n<h3>Jantar:<\/h3>\n<p><!-- \/wp:heading --><br \/>\n<!-- wp:paragraph --><\/p>\n<p>Se voc\u00ea comer demais no jantar ou comer o alimento errado, poder\u00e1 ter dificuldades para dormir.<br \/>\nAl\u00e9m disso, se voc\u00ea n\u00e3o se alimentar bem, ficar\u00e1 com fome e ter\u00e1 vontade de comer alimentos n\u00e3o saud\u00e1veis.<br \/>\nAqui est\u00e3o algumas op\u00e7\u00f5es saud\u00e1veis que ser\u00e3o servidas a voc\u00ea durante o acampamento.    <\/p>\n<p><!-- \/wp:paragraph --><br \/>\n<!-- wp:list --><\/p>\n<ul>\n<li>Batatas fritas com hamb\u00fargueres de frango e legumes com molho<\/li>\n<li>Ensopado de carne com legumes quentes, batatas e p\u00e3ezinhos<\/li>\n<li>P\u00e3o de alho, salada caesar e ca\u00e7arola de pizza<\/li>\n<li>P\u00e3es com salada e macarr\u00e3o com azeite de oliva<\/li>\n<li>P\u00e3o e milho com pur\u00ea de batatas e bolo de carne<\/li>\n<li>Batatas fritas, nuggets de frango e legumes com molho<\/li>\n<li>Torradas de alho, alm\u00f4ndegas com espaguete e salada Caesar<\/li>\n<li>Samosa e p\u00e3o naan com salada de espinafre e frango ao curry<\/li>\n<li>Torrada de alho com fettuccine alfredo, frango e salada caesar<\/li>\n<li>Arroz e p\u00e3ezinhos com salm\u00e3o e legumes quentes<\/li>\n<li>Hummus com pita, salada grega, tzatziki, arroz, batatas e peito de frango temperado<\/li>\n<li>P\u00e3es variados, batatas fritas, peixe e ervilhas<\/li>\n<li>Batatas assadas no forno, costeletas de porco para churrasco, batatas assadas, p\u00e3es variados e cenouras quentes<\/li>\n<li>Tiras de alho com salada e pizzas Kintail<\/li>\n<li>Bolinhos de frango, rolinhos primavera, salada de jardim, macarr\u00e3o chow mein e arroz frito<\/li>\n<li>P\u00e3es e ervilhas, batatas recheadas e presunto assado no forno<\/li>\n<li>Salada de jardim e ensopado de frango<\/li>\n<li>P\u00e3ezinhos, salada de jardim e torta de frango<\/li>\n<\/ul>\n<p><!-- \/wp:list --><br \/>\n<!-- wp:heading {\"level\":3} --><\/p>\n<h3>Lanches<\/h3>\n<p><!-- \/wp:heading --><br \/>\n<!-- wp:list --><\/p>\n<ul>\n<li>Pretzels<\/li>\n<li>Frutas frescas<\/li>\n<li>Biscoitos caseiros<\/li>\n<li>Biscoitos Goldfish<\/li>\n<li>Crackers e queijo<\/li>\n<li>Marshmallows<\/li>\n<li>Pipoca<\/li>\n<li>Queijo e biscoitos<\/li>\n<\/ul>\n<p><!-- \/wp:list --><br \/>\n<!-- wp:heading {\"level\":3} --><\/p>\n<h3>Sobremesas:<\/h3>\n<p><!-- \/wp:heading --><br \/>\n<!-- wp:image {\"align\":\"center\",\"id\":30481} --><\/p>\n<p><!-- \/wp:image --><br \/>\n<!-- wp:list --><\/p>\n<ul>\n<li>Bolo gelado<\/li>\n<li>Biscoitos rec\u00e9m-assados<\/li>\n<li>Sorvete<\/li>\n<li>Frutas frescas<\/li>\n<li>Pudim<\/li>\n<li>Molho de ma\u00e7\u00e3<\/li>\n<li>Cheesecake<\/li>\n<li>Cupcakes gelados<\/li>\n<li>picol\u00e9s<\/li>\n<\/ul>\n<p><!-- \/wp:list --><br \/>\n<!-- wp:heading --><\/p>\n<h2>Finalmente<\/h2>\n<p><!-- \/wp:heading --><br \/>\n<!-- wp:paragraph --><\/p>\n<p>Al\u00e9m de fazer amigos e adquirir habilidades que mudam a vida, os acampamentos de ver\u00e3o s\u00e3o uma oportunidade perfeita para voc\u00ea experimentar diversas refei\u00e7\u00f5es.<br \/>\nCada pessoa \u00e9 atendida independentemente de suas necessidades.   <\/p>\n<p><!-- \/wp:paragraph --><\/p>\n<p>&nbsp;<\/p>\n","protected":false},"excerpt":{"rendered":"<p>  A col\u00f4nia de f\u00e9rias n\u00e3o pode ser completa sem um card\u00e1pio adequado para energizar a ocasi\u00e3o.<br \/>\nContinue lendo para ver algumas dicas sobre a melhor comida servida em uma col\u00f4nia de f\u00e9rias   <\/p>\n","protected":false},"author":6,"featured_media":0,"comment_status":"closed","ping_status":"open","sticky":false,"template":"","format":"standard","meta":{"_acf_changed":false,"inline_featured_image":false,"footnotes":""},"categories":[1369,1351],"tags":[1488,1491,1489,1492,1490],"class_list":{"0":"post-91525","1":"post","2":"type-post","3":"status-publish","4":"format-standard","6":"category-acampamento-de-verao-pt-br","7":"category-artigos-pt-br","8":"tag-alimentos-servidos-na-colonia-de-ferias","9":"tag-cardapio-do-almoco-da-colonia-de-ferias","10":"tag-ideias-de-cardapio-para-retiros-de-jovens","11":"tag-lanches-para-acampamentos-de-verao","12":"tag-refeitorio-do-acampamento-de-verao"},"acf":[],"yoast_head":"<!-- This site is optimized with the Yoast SEO Premium plugin v24.2 (Yoast SEO v24.7) - https:\/\/yoast.com\/wordpress\/plugins\/seo\/ -->\n<title>Comida servida no acampamento de ver\u00e3o Les Elfes - Les Elfes International Camps Switzerland<\/title>\n<meta name=\"robots\" content=\"index, follow, max-snippet:-1, max-image-preview:large, max-video-preview:-1\" \/>\n<link rel=\"canonical\" href=\"https:\/\/www.leselfes.com\/pt-br\/comida-servida-no-acampamento-de-verao-les-elfes\/\" \/>\n<meta property=\"og:locale\" content=\"pt_BR\" \/>\n<meta property=\"og:type\" content=\"article\" \/>\n<meta property=\"og:title\" content=\"Comida servida no acampamento de ver\u00e3o Les Elfes\" \/>\n<meta property=\"og:description\" content=\"A col\u00f4nia de f\u00e9rias n\u00e3o pode ser completa sem um card\u00e1pio adequado para energizar a ocasi\u00e3o. Continue lendo para ver algumas dicas sobre a melhor comida servida em uma col\u00f4nia de f\u00e9rias\" \/>\n<meta property=\"og:url\" content=\"https:\/\/www.leselfes.com\/pt-br\/comida-servida-no-acampamento-de-verao-les-elfes\/\" \/>\n<meta property=\"og:site_name\" content=\"Les Elfes International Camps Switzerland\" \/>\n<meta property=\"article:publisher\" content=\"https:\/\/www.facebook.com\/LesElfesVerbier\" \/>\n<meta property=\"article:published_time\" content=\"2019-09-10T22:04:19+00:00\" \/>\n<meta property=\"article:modified_time\" content=\"2024-11-12T10:59:40+00:00\" \/>\n<meta property=\"og:image\" content=\"https:\/\/www.leselfes.com\/wp-content\/uploads\/2022\/02\/Les-Elfes-International-summer-camp-Switzerland-Staff-Mobile-591x555-1.jpg\" \/>\n\t<meta property=\"og:image:width\" content=\"591\" \/>\n\t<meta property=\"og:image:height\" content=\"555\" \/>\n\t<meta property=\"og:image:type\" content=\"image\/jpeg\" \/>\n<meta name=\"author\" content=\"carlotta\" \/>\n<meta name=\"twitter:card\" content=\"summary_large_image\" \/>\n<meta name=\"twitter:creator\" content=\"@LesElfesCamps\" \/>\n<meta name=\"twitter:site\" content=\"@LesElfesCamps\" \/>\n<meta name=\"twitter:label1\" content=\"Escrito por\" \/>\n\t<meta name=\"twitter:data1\" content=\"carlotta\" \/>\n\t<meta name=\"twitter:label2\" content=\"Est. tempo de leitura\" \/>\n\t<meta name=\"twitter:data2\" content=\"10 minutos\" \/>\n<script type=\"application\/ld+json\" class=\"yoast-schema-graph\">{\"@context\":\"https:\/\/schema.org\",\"@graph\":[{\"@type\":\"Article\",\"@id\":\"https:\/\/www.leselfes.com\/pt-br\/comida-servida-no-acampamento-de-verao-les-elfes\/#article\",\"isPartOf\":{\"@id\":\"https:\/\/www.leselfes.com\/pt-br\/comida-servida-no-acampamento-de-verao-les-elfes\/\"},\"author\":{\"name\":\"carlotta\",\"@id\":\"https:\/\/dev.leselfes.com\/#\/schema\/person\/9e8c1c68ef43ed5c58fa46ac5d8ee338\"},\"headline\":\"Comida servida no acampamento de ver\u00e3o Les Elfes\",\"datePublished\":\"2019-09-10T22:04:19+00:00\",\"dateModified\":\"2024-11-12T10:59:40+00:00\",\"mainEntityOfPage\":{\"@id\":\"https:\/\/www.leselfes.com\/pt-br\/comida-servida-no-acampamento-de-verao-les-elfes\/\"},\"wordCount\":1910,\"publisher\":{\"@id\":\"https:\/\/dev.leselfes.com\/#organization\"},\"keywords\":[\"alimentos servidos na col\u00f4nia de f\u00e9rias\",\"card\u00e1pio do almo\u00e7o da col\u00f4nia de f\u00e9rias\",\"Ideias de card\u00e1pio para retiros de jovens\",\"lanches para acampamentos de ver\u00e3o\",\"refeit\u00f3rio do acampamento de ver\u00e3o\"],\"articleSection\":[\"Acampamento de ver\u00e3o\",\"Artigos\"],\"inLanguage\":\"pt-BR\"},{\"@type\":\"WebPage\",\"@id\":\"https:\/\/www.leselfes.com\/pt-br\/comida-servida-no-acampamento-de-verao-les-elfes\/\",\"url\":\"https:\/\/www.leselfes.com\/pt-br\/comida-servida-no-acampamento-de-verao-les-elfes\/\",\"name\":\"Comida servida no acampamento de ver\u00e3o Les Elfes - Les Elfes International Camps Switzerland\",\"isPartOf\":{\"@id\":\"https:\/\/dev.leselfes.com\/#website\"},\"datePublished\":\"2019-09-10T22:04:19+00:00\",\"dateModified\":\"2024-11-12T10:59:40+00:00\",\"breadcrumb\":{\"@id\":\"https:\/\/www.leselfes.com\/pt-br\/comida-servida-no-acampamento-de-verao-les-elfes\/#breadcrumb\"},\"inLanguage\":\"pt-BR\",\"potentialAction\":[{\"@type\":\"ReadAction\",\"target\":[\"https:\/\/www.leselfes.com\/pt-br\/comida-servida-no-acampamento-de-verao-les-elfes\/\"]}]},{\"@type\":\"BreadcrumbList\",\"@id\":\"https:\/\/www.leselfes.com\/pt-br\/comida-servida-no-acampamento-de-verao-les-elfes\/#breadcrumb\",\"itemListElement\":[{\"@type\":\"ListItem\",\"position\":1,\"name\":\"Home\",\"item\":\"https:\/\/www.leselfes.com\/pt-br\/\"},{\"@type\":\"ListItem\",\"position\":2,\"name\":\"Comida servida no acampamento de ver\u00e3o Les Elfes\"}]},{\"@type\":\"WebSite\",\"@id\":\"https:\/\/dev.leselfes.com\/#website\",\"url\":\"https:\/\/dev.leselfes.com\/\",\"name\":\"Les Elfes International\",\"description\":\"Les Elfes International, Verbier Switzerland. Summer Camp, Winter Camp, Spring Camps.\",\"publisher\":{\"@id\":\"https:\/\/dev.leselfes.com\/#organization\"},\"alternateName\":\"Les Elfes International\",\"potentialAction\":[{\"@type\":\"SearchAction\",\"target\":{\"@type\":\"EntryPoint\",\"urlTemplate\":\"https:\/\/dev.leselfes.com\/?s={search_term_string}\"},\"query-input\":{\"@type\":\"PropertyValueSpecification\",\"valueRequired\":true,\"valueName\":\"search_term_string\"}}],\"inLanguage\":\"pt-BR\"},{\"@type\":\"Organization\",\"@id\":\"https:\/\/dev.leselfes.com\/#organization\",\"name\":\"Les Elfes International\",\"alternateName\":\"Les Elfes International\",\"url\":\"https:\/\/dev.leselfes.com\/\",\"logo\":{\"@type\":\"ImageObject\",\"inLanguage\":\"pt-BR\",\"@id\":\"https:\/\/dev.leselfes.com\/#\/schema\/logo\/image\/\",\"url\":\"https:\/\/www.leselfes.com\/wp-content\/uploads\/2022\/03\/leselfes-logo.png\",\"contentUrl\":\"https:\/\/www.leselfes.com\/wp-content\/uploads\/2022\/03\/leselfes-logo.png\",\"width\":233,\"height\":51,\"caption\":\"Les Elfes International\"},\"image\":{\"@id\":\"https:\/\/dev.leselfes.com\/#\/schema\/logo\/image\/\"},\"sameAs\":[\"https:\/\/www.facebook.com\/LesElfesVerbier\",\"https:\/\/x.com\/LesElfesCamps\",\"https:\/\/www.instagram.com\/leselfes\",\"https:\/\/www.linkedin.com\/company\/les-elfes-international\",\"https:\/\/www.youtube.com\/user\/LesElfesVerbier\"]},{\"@type\":\"Person\",\"@id\":\"https:\/\/dev.leselfes.com\/#\/schema\/person\/9e8c1c68ef43ed5c58fa46ac5d8ee338\",\"name\":\"carlotta\",\"image\":{\"@type\":\"ImageObject\",\"inLanguage\":\"pt-BR\",\"@id\":\"https:\/\/dev.leselfes.com\/#\/schema\/person\/image\/\",\"url\":\"https:\/\/secure.gravatar.com\/avatar\/fdb243a028df450397b3632d862f87f6?s=96&d=mm&r=g\",\"contentUrl\":\"https:\/\/secure.gravatar.com\/avatar\/fdb243a028df450397b3632d862f87f6?s=96&d=mm&r=g\",\"caption\":\"carlotta\"},\"description\":\"Since 1987, Les Elfes International organizes ski trips &amp; field trips for leading schools around the world as well as winter &amp; summer camps for individual students aged between 6 y.o. and 17 y.o. from more than 60 nationalities. Welcoming 5'000 children and more than 200 schools a year from December until the end of October, Les Elfes has become a leading provider in the individual and school\u2019s trip industry. Our Winter and Summer Camps, ski and field trips provide more than just great activities and experiences. We introduce lifelong skills such as communicating with others without phone or laptop and understanding the value of living in a community away from home. Moreover, campers will be able to build a strong friend network and fortify the relationship among future classmates.\",\"sameAs\":[\"https:\/\/www.linkedin.com\/company\/les-elfes-international\/\"],\"url\":\"https:\/\/www.leselfes.com\/pt-br\/author\/carlotta\/\"}]}<\/script>\n<!-- \/ Yoast SEO Premium plugin. -->","yoast_head_json":{"title":"Comida servida no acampamento de ver\u00e3o Les Elfes - Les Elfes International Camps Switzerland","robots":{"index":"index","follow":"follow","max-snippet":"max-snippet:-1","max-image-preview":"max-image-preview:large","max-video-preview":"max-video-preview:-1"},"canonical":"https:\/\/www.leselfes.com\/pt-br\/comida-servida-no-acampamento-de-verao-les-elfes\/","og_locale":"pt_BR","og_type":"article","og_title":"Comida servida no acampamento de ver\u00e3o Les Elfes","og_description":"A col\u00f4nia de f\u00e9rias n\u00e3o pode ser completa sem um card\u00e1pio adequado para energizar a ocasi\u00e3o. Continue lendo para ver algumas dicas sobre a melhor comida servida em uma col\u00f4nia de f\u00e9rias","og_url":"https:\/\/www.leselfes.com\/pt-br\/comida-servida-no-acampamento-de-verao-les-elfes\/","og_site_name":"Les Elfes International Camps Switzerland","article_publisher":"https:\/\/www.facebook.com\/LesElfesVerbier","article_published_time":"2019-09-10T22:04:19+00:00","article_modified_time":"2024-11-12T10:59:40+00:00","og_image":[{"width":591,"height":555,"url":"https:\/\/www.leselfes.com\/wp-content\/uploads\/2022\/02\/Les-Elfes-International-summer-camp-Switzerland-Staff-Mobile-591x555-1.jpg","type":"image\/jpeg"}],"author":"carlotta","twitter_card":"summary_large_image","twitter_creator":"@LesElfesCamps","twitter_site":"@LesElfesCamps","twitter_misc":{"Escrito por":"carlotta","Est. tempo de leitura":"10 minutos"},"schema":{"@context":"https:\/\/schema.org","@graph":[{"@type":"Article","@id":"https:\/\/www.leselfes.com\/pt-br\/comida-servida-no-acampamento-de-verao-les-elfes\/#article","isPartOf":{"@id":"https:\/\/www.leselfes.com\/pt-br\/comida-servida-no-acampamento-de-verao-les-elfes\/"},"author":{"name":"carlotta","@id":"https:\/\/dev.leselfes.com\/#\/schema\/person\/9e8c1c68ef43ed5c58fa46ac5d8ee338"},"headline":"Comida servida no acampamento de ver\u00e3o Les Elfes","datePublished":"2019-09-10T22:04:19+00:00","dateModified":"2024-11-12T10:59:40+00:00","mainEntityOfPage":{"@id":"https:\/\/www.leselfes.com\/pt-br\/comida-servida-no-acampamento-de-verao-les-elfes\/"},"wordCount":1910,"publisher":{"@id":"https:\/\/dev.leselfes.com\/#organization"},"keywords":["alimentos servidos na col\u00f4nia de f\u00e9rias","card\u00e1pio do almo\u00e7o da col\u00f4nia de f\u00e9rias","Ideias de card\u00e1pio para retiros de jovens","lanches para acampamentos de ver\u00e3o","refeit\u00f3rio do acampamento de ver\u00e3o"],"articleSection":["Acampamento de ver\u00e3o","Artigos"],"inLanguage":"pt-BR"},{"@type":"WebPage","@id":"https:\/\/www.leselfes.com\/pt-br\/comida-servida-no-acampamento-de-verao-les-elfes\/","url":"https:\/\/www.leselfes.com\/pt-br\/comida-servida-no-acampamento-de-verao-les-elfes\/","name":"Comida servida no acampamento de ver\u00e3o Les Elfes - Les Elfes International Camps Switzerland","isPartOf":{"@id":"https:\/\/dev.leselfes.com\/#website"},"datePublished":"2019-09-10T22:04:19+00:00","dateModified":"2024-11-12T10:59:40+00:00","breadcrumb":{"@id":"https:\/\/www.leselfes.com\/pt-br\/comida-servida-no-acampamento-de-verao-les-elfes\/#breadcrumb"},"inLanguage":"pt-BR","potentialAction":[{"@type":"ReadAction","target":["https:\/\/www.leselfes.com\/pt-br\/comida-servida-no-acampamento-de-verao-les-elfes\/"]}]},{"@type":"BreadcrumbList","@id":"https:\/\/www.leselfes.com\/pt-br\/comida-servida-no-acampamento-de-verao-les-elfes\/#breadcrumb","itemListElement":[{"@type":"ListItem","position":1,"name":"Home","item":"https:\/\/www.leselfes.com\/pt-br\/"},{"@type":"ListItem","position":2,"name":"Comida servida no acampamento de ver\u00e3o Les Elfes"}]},{"@type":"WebSite","@id":"https:\/\/dev.leselfes.com\/#website","url":"https:\/\/dev.leselfes.com\/","name":"Les Elfes International","description":"Les Elfes International, Verbier Switzerland. Summer Camp, Winter Camp, Spring Camps.","publisher":{"@id":"https:\/\/dev.leselfes.com\/#organization"},"alternateName":"Les Elfes International","potentialAction":[{"@type":"SearchAction","target":{"@type":"EntryPoint","urlTemplate":"https:\/\/dev.leselfes.com\/?s={search_term_string}"},"query-input":{"@type":"PropertyValueSpecification","valueRequired":true,"valueName":"search_term_string"}}],"inLanguage":"pt-BR"},{"@type":"Organization","@id":"https:\/\/dev.leselfes.com\/#organization","name":"Les Elfes International","alternateName":"Les Elfes International","url":"https:\/\/dev.leselfes.com\/","logo":{"@type":"ImageObject","inLanguage":"pt-BR","@id":"https:\/\/dev.leselfes.com\/#\/schema\/logo\/image\/","url":"https:\/\/www.leselfes.com\/wp-content\/uploads\/2022\/03\/leselfes-logo.png","contentUrl":"https:\/\/www.leselfes.com\/wp-content\/uploads\/2022\/03\/leselfes-logo.png","width":233,"height":51,"caption":"Les Elfes International"},"image":{"@id":"https:\/\/dev.leselfes.com\/#\/schema\/logo\/image\/"},"sameAs":["https:\/\/www.facebook.com\/LesElfesVerbier","https:\/\/x.com\/LesElfesCamps","https:\/\/www.instagram.com\/leselfes","https:\/\/www.linkedin.com\/company\/les-elfes-international","https:\/\/www.youtube.com\/user\/LesElfesVerbier"]},{"@type":"Person","@id":"https:\/\/dev.leselfes.com\/#\/schema\/person\/9e8c1c68ef43ed5c58fa46ac5d8ee338","name":"carlotta","image":{"@type":"ImageObject","inLanguage":"pt-BR","@id":"https:\/\/dev.leselfes.com\/#\/schema\/person\/image\/","url":"https:\/\/secure.gravatar.com\/avatar\/fdb243a028df450397b3632d862f87f6?s=96&d=mm&r=g","contentUrl":"https:\/\/secure.gravatar.com\/avatar\/fdb243a028df450397b3632d862f87f6?s=96&d=mm&r=g","caption":"carlotta"},"description":"Since 1987, Les Elfes International organizes ski trips &amp; field trips for leading schools around the world as well as winter &amp; summer camps for individual students aged between 6 y.o. and 17 y.o. from more than 60 nationalities. Welcoming 5'000 children and more than 200 schools a year from December until the end of October, Les Elfes has become a leading provider in the individual and school\u2019s trip industry. Our Winter and Summer Camps, ski and field trips provide more than just great activities and experiences. We introduce lifelong skills such as communicating with others without phone or laptop and understanding the value of living in a community away from home. Moreover, campers will be able to build a strong friend network and fortify the relationship among future classmates.","sameAs":["https:\/\/www.linkedin.com\/company\/les-elfes-international\/"],"url":"https:\/\/www.leselfes.com\/pt-br\/author\/carlotta\/"}]}},"_links":{"self":[{"href":"https:\/\/www.leselfes.com\/pt-br\/wp-json\/wp\/v2\/posts\/91525"}],"collection":[{"href":"https:\/\/www.leselfes.com\/pt-br\/wp-json\/wp\/v2\/posts"}],"about":[{"href":"https:\/\/www.leselfes.com\/pt-br\/wp-json\/wp\/v2\/types\/post"}],"author":[{"embeddable":true,"href":"https:\/\/www.leselfes.com\/pt-br\/wp-json\/wp\/v2\/users\/6"}],"replies":[{"embeddable":true,"href":"https:\/\/www.leselfes.com\/pt-br\/wp-json\/wp\/v2\/comments?post=91525"}],"version-history":[{"count":0,"href":"https:\/\/www.leselfes.com\/pt-br\/wp-json\/wp\/v2\/posts\/91525\/revisions"}],"wp:attachment":[{"href":"https:\/\/www.leselfes.com\/pt-br\/wp-json\/wp\/v2\/media?parent=91525"}],"wp:term":[{"taxonomy":"category","embeddable":true,"href":"https:\/\/www.leselfes.com\/pt-br\/wp-json\/wp\/v2\/categories?post=91525"},{"taxonomy":"post_tag","embeddable":true,"href":"https:\/\/www.leselfes.com\/pt-br\/wp-json\/wp\/v2\/tags?post=91525"}],"curies":[{"name":"wp","href":"https:\/\/api.w.org\/{rel}","templated":true}]}}