{"id":91574,"date":"2019-05-27T08:37:23","date_gmt":"2019-05-27T06:37:23","guid":{"rendered":"https:\/\/www.leselfes.com\/como-fazer-as-malasprepare-se-para-a-colonia-de-ferias\/"},"modified":"2024-11-12T12:00:22","modified_gmt":"2024-11-12T11:00:22","slug":"como-fazer-as-malasprepare-se-para-a-colonia-de-ferias","status":"publish","type":"post","link":"https:\/\/www.leselfes.com\/pt-br\/como-fazer-as-malasprepare-se-para-a-colonia-de-ferias\/","title":{"rendered":"Como fazer as malas?\nPrepare-se para a col\u00f4nia de f\u00e9rias"},"content":{"rendered":"<p style=\"text-align: justify;\">Esteja ciente de que nossos acampamentos est\u00e3o situados nas montanhas.<br \/>\nO clima em uma montanha varia de acordo com a altitude em que voc\u00ea se encontra.<br \/>\nAs condi\u00e7\u00f5es clim\u00e1ticas podem mudar drasticamente de uma hora para outra.<br \/>\nPor exemplo, em apenas alguns instantes, as temperaturas podem cair de temperaturas muito quentes para temperaturas bem frias.<br \/>\nPortanto, nossos campistas devem trazer roupas para essas condi\u00e7\u00f5es e estar preparados para dias claros e ensolarados de um lado e para chuvas repentinas ou quedas de temperatura do outro lado.    <\/p>\n<h3 style=\"text-align: justify;\">Itens recomendados?<\/h3>\n<p style=\"text-align: justify;\"><strong>Bagagem + pertences<br \/>\n<\/strong>Os artigos de cada aluno devem ser claramente etiquetados com seu nome completo. Recomenda-se tamb\u00e9m um suprimento de etiquetas extras para qualquer compra nova (equipamentos esportivos ou outros). <\/p>\n<p><strong>Itens obrigat\u00f3rios:<\/strong><\/p>\n<ul>\n<li>1 jaqueta \u00e0 prova d&#8217;\u00e1gua<\/li>\n<li>1 Botas de caminhada<\/li>\n<li>1 T\u00eanis\/ cal\u00e7ados esportivos (n\u00e3o chinelos ou crocs, por favor)<\/li>\n<li>7 camisetas<\/li>\n<li>2 Cal\u00e7as esportivas\/cal\u00e7as de caminhada (sem jeans)<\/li>\n<li>1 Shorts\/ 7 Underwear\/ 7 Socks\/ 1 Jumper\/ Long Sleeved Top<\/li>\n<li>1 camada de l\u00e3\/aquecida<\/li>\n<li>Pijama<\/li>\n<li>Fato de banho + toalha<\/li>\n<li>Luvas<\/li>\n<li>Artigos de higiene pessoal (sabonete\/gel de banho, xampu, pasta de dente, escova de dente)<\/li>\n<li>Escova de cabelo\/ Creme solar\/ \u00d3culos de sol\/ Chap\u00e9u de sol\/ Garrafa de \u00e1gua (reutiliz\u00e1vel)<\/li>\n<li>Tocha<\/li>\n<li>Mochila pequena<\/li>\n<\/ul>\n<p><strong>Itens opcionais:<\/strong><\/p>\n<ul>\n<li>Cal\u00e7ados para uso interno (crocs, chinelos, pantufas)<\/li>\n<li>Dinheiro de bolso<\/li>\n<li>Livro de pel\u00facia<\/li>\n<li>Jeans\/roupas casuais para a noite e discotecas<\/li>\n<\/ul>\n<h3 style=\"text-align: justify;\"><strong>Dicas de embalagem<\/strong><\/h3>\n<p style=\"text-align: justify;\">Seu filho estar\u00e1 muito animado para ir ao <a href=\"https:\/\/www.leselfes.com\/pt-br\/acampamento-de-verao\/\">acampamento de ver\u00e3o<\/a>. \u00c9 do seu interesse ajud\u00e1-lo a fazer as malas. Embora ele possa fazer isso sozinho, voc\u00ea se poupar\u00e1 de ter de lidar com itens esquecidos se supervisionar a arruma\u00e7\u00e3o. Mas n\u00e3o deixe de pedir a ajuda de seu filho &#8211; esse \u00e9 um momento maravilhoso de aprendizado.   <\/p>\n<ul>\n<li style=\"text-align: justify;\"><strong>Lista de embalagem<\/strong><br \/>\nCrie uma lista de embalagem para o acampamento usando a lista recomendada pelo acampamento e outros itens necess\u00e1rios que seu filho possa precisar, por exemplo, medicamentos.<\/li>\n<li style=\"text-align: justify;\"><strong>Experimente os itens<\/strong><br \/>\nDestaque todos os itens da lista que voc\u00ea precisar\u00e1 comprar para seu filho. Voc\u00ea precisar\u00e1 que seu filho\/adolescente experimente os itens que podem ter ficado muito pequenos no \u00faltimo ano para que voc\u00ea possa destac\u00e1-los, se necess\u00e1rio. <\/li>\n<li style=\"text-align: justify;\"><strong>Compras<\/strong><br \/>\nAntes do acampamento, comece a comprar os itens que seu filho precisa levar para o acampamento. Conclua essa tarefa em uma semana. <\/li>\n<li style=\"text-align: justify;\"><strong>Conjunto extra de itens de higiene<\/strong><br \/>\nCompre um conjunto extra de itens de higiene para que eles possam ser embalados e voc\u00ea n\u00e3o precise se lembrar deles no dia do in\u00edcio do acampamento. Por exemplo, compre uma escova de dentes e um creme dental para levar na mala e deixe o kit dom\u00e9stico em casa. <\/li>\n<li style=\"text-align: justify;\"><strong>Etiqueta<\/strong><br \/>\nEtiquete todos os itens de seu filho com o nome dele.<\/li>\n<li style=\"text-align: justify;\"><strong>Sacos pl\u00e1sticos<\/strong><br \/>\nEmbale uma roupa por dia em um saco pl\u00e1stico grande com z\u00edper, do tipo gal\u00e3o ou 2 gal\u00f5es. Isso manter\u00e1 as roupas do seu filho secas e ele organizado. <\/li>\n<li style=\"text-align: justify;\"><strong>Kit de chuveiro<\/strong><br \/>\nColoque os produtos de higiene pessoal do adolescente em um tipo de kit de saco pl\u00e1stico ou cesta pl\u00e1stica que facilite o transporte para os chuveiros. O kit deve ser grande o suficiente para conter os cal\u00e7ados\/flip flops de banho do adolescente. <\/li>\n<li style=\"text-align: justify;\"><strong>Verifique novamente<\/strong><br \/>\nNo dia anterior ao in\u00edcio do acampamento, verifique novamente a lista, arrume todo o equipamento e feche a bolsa.<\/li>\n<\/ul>\n<h3 style=\"text-align: justify;\"><\/h3>\n<hr>\n<h3 style=\"text-align: justify;\"><strong>Viaje com as m\u00e3os livres<br \/>\n<\/strong><\/h3>\n<p>Viaje com as m\u00e3os livres com nossa oferta exclusiva da First Luggage. Voc\u00ea n\u00e3o precisa mais ficar na fila do aeroporto para fazer o check-in ou pegar suas malas. A First Luggage ir\u00e1 at\u00e9 sua casa, pegar\u00e1 suas malas e as entregar\u00e1 diretamente no Les Elfes em Verbier. Uma mala de 20 kg, por exemplo, para Verbier do Reino Unido custa \u00a387, dos EUA custa \u00a3161, da Ar\u00e1bia Saudita custa \u00a3222, dos Emirados \u00c1rabes Unidos custa \u00a3342, de Hong Kong custa \u00a3217 e da China custa \u00a3168. Solicite a cota\u00e7\u00e3o para qualquer outro peso, pa\u00eds e destino em todo o mundo. Entre em contato diretamente com eles pelo telefone +44 1895 254 240 ou pelo <a href=\"mailto:customomerenquiries@firstluggage.com\">e-mail customomerenquiries@firstluggage.com<\/a> mencionando Verbier.  <\/p>\n","protected":false},"excerpt":{"rendered":"<p>Esteja ciente de que nossos acampamentos est\u00e3o situados nas montanhas. O clima em uma montanha varia de acordo com a altitude em que voc\u00ea se encontra. As condi\u00e7\u00f5es clim\u00e1ticas podem&#8230;<\/p>\n","protected":false},"author":6,"featured_media":0,"comment_status":"closed","ping_status":"open","sticky":false,"template":"","format":"standard","meta":{"_acf_changed":false,"inline_featured_image":false,"footnotes":""},"categories":[1369,1423,1403,1466],"tags":[],"class_list":{"0":"post-91574","1":"post","2":"type-post","3":"status-publish","4":"format-standard","6":"category-acampamento-de-verao-pt-br","7":"category-dicas-para-os-pais","8":"category-noticias-pt-br","9":"category-preparativos-de-viagem"},"acf":[],"yoast_head":"<!-- This site is optimized with the Yoast SEO Premium plugin v24.2 (Yoast SEO v24.7) - https:\/\/yoast.com\/wordpress\/plugins\/seo\/ -->\n<title>Como fazer as malas? Prepare-se para a col\u00f4nia de f\u00e9rias - Les Elfes International Camps Switzerland<\/title>\n<meta name=\"robots\" content=\"index, follow, max-snippet:-1, max-image-preview:large, max-video-preview:-1\" \/>\n<link rel=\"canonical\" href=\"https:\/\/www.leselfes.com\/pt-br\/como-fazer-as-malasprepare-se-para-a-colonia-de-ferias\/\" \/>\n<meta property=\"og:locale\" content=\"pt_BR\" \/>\n<meta property=\"og:type\" content=\"article\" \/>\n<meta property=\"og:title\" content=\"Como fazer as malas? Prepare-se para a col\u00f4nia de f\u00e9rias\" \/>\n<meta property=\"og:description\" content=\"Esteja ciente de que nossos acampamentos est\u00e3o situados nas montanhas. O clima em uma montanha varia de acordo com a altitude em que voc\u00ea se encontra. As condi\u00e7\u00f5es clim\u00e1ticas podem...\" \/>\n<meta property=\"og:url\" content=\"https:\/\/www.leselfes.com\/pt-br\/como-fazer-as-malasprepare-se-para-a-colonia-de-ferias\/\" \/>\n<meta property=\"og:site_name\" content=\"Les Elfes International Camps Switzerland\" \/>\n<meta property=\"article:publisher\" content=\"https:\/\/www.facebook.com\/LesElfesVerbier\" \/>\n<meta property=\"article:published_time\" content=\"2019-05-27T06:37:23+00:00\" \/>\n<meta property=\"article:modified_time\" content=\"2024-11-12T11:00:22+00:00\" \/>\n<meta property=\"og:image\" content=\"https:\/\/www.leselfes.com\/wp-content\/uploads\/2022\/02\/Les-Elfes-International-summer-camp-Switzerland-Staff-Mobile-591x555-1.jpg\" \/>\n\t<meta property=\"og:image:width\" content=\"591\" \/>\n\t<meta property=\"og:image:height\" content=\"555\" \/>\n\t<meta property=\"og:image:type\" content=\"image\/jpeg\" \/>\n<meta name=\"author\" content=\"carlotta\" \/>\n<meta name=\"twitter:card\" content=\"summary_large_image\" \/>\n<meta name=\"twitter:creator\" content=\"@LesElfesCamps\" \/>\n<meta name=\"twitter:site\" content=\"@LesElfesCamps\" \/>\n<meta name=\"twitter:label1\" content=\"Escrito por\" \/>\n\t<meta name=\"twitter:data1\" content=\"carlotta\" \/>\n\t<meta name=\"twitter:label2\" content=\"Est. tempo de leitura\" \/>\n\t<meta name=\"twitter:data2\" content=\"3 minutos\" \/>\n<script type=\"application\/ld+json\" class=\"yoast-schema-graph\">{\"@context\":\"https:\/\/schema.org\",\"@graph\":[{\"@type\":\"Article\",\"@id\":\"https:\/\/www.leselfes.com\/pt-br\/como-fazer-as-malasprepare-se-para-a-colonia-de-ferias\/#article\",\"isPartOf\":{\"@id\":\"https:\/\/www.leselfes.com\/pt-br\/como-fazer-as-malasprepare-se-para-a-colonia-de-ferias\/\"},\"author\":{\"name\":\"carlotta\",\"@id\":\"https:\/\/dev.leselfes.com\/#\/schema\/person\/9e8c1c68ef43ed5c58fa46ac5d8ee338\"},\"headline\":\"Como fazer as malas? Prepare-se para a col\u00f4nia de f\u00e9rias\",\"datePublished\":\"2019-05-27T06:37:23+00:00\",\"dateModified\":\"2024-11-12T11:00:22+00:00\",\"mainEntityOfPage\":{\"@id\":\"https:\/\/www.leselfes.com\/pt-br\/como-fazer-as-malasprepare-se-para-a-colonia-de-ferias\/\"},\"wordCount\":700,\"publisher\":{\"@id\":\"https:\/\/dev.leselfes.com\/#organization\"},\"articleSection\":[\"Acampamento de ver\u00e3o\",\"Dicas para os pais\",\"Not\u00edcias\",\"Preparativos de viagem\"],\"inLanguage\":\"pt-BR\"},{\"@type\":\"WebPage\",\"@id\":\"https:\/\/www.leselfes.com\/pt-br\/como-fazer-as-malasprepare-se-para-a-colonia-de-ferias\/\",\"url\":\"https:\/\/www.leselfes.com\/pt-br\/como-fazer-as-malasprepare-se-para-a-colonia-de-ferias\/\",\"name\":\"Como fazer as malas? Prepare-se para a col\u00f4nia de f\u00e9rias - Les Elfes International Camps Switzerland\",\"isPartOf\":{\"@id\":\"https:\/\/dev.leselfes.com\/#website\"},\"datePublished\":\"2019-05-27T06:37:23+00:00\",\"dateModified\":\"2024-11-12T11:00:22+00:00\",\"breadcrumb\":{\"@id\":\"https:\/\/www.leselfes.com\/pt-br\/como-fazer-as-malasprepare-se-para-a-colonia-de-ferias\/#breadcrumb\"},\"inLanguage\":\"pt-BR\",\"potentialAction\":[{\"@type\":\"ReadAction\",\"target\":[\"https:\/\/www.leselfes.com\/pt-br\/como-fazer-as-malasprepare-se-para-a-colonia-de-ferias\/\"]}]},{\"@type\":\"BreadcrumbList\",\"@id\":\"https:\/\/www.leselfes.com\/pt-br\/como-fazer-as-malasprepare-se-para-a-colonia-de-ferias\/#breadcrumb\",\"itemListElement\":[{\"@type\":\"ListItem\",\"position\":1,\"name\":\"Home\",\"item\":\"https:\/\/www.leselfes.com\/pt-br\/\"},{\"@type\":\"ListItem\",\"position\":2,\"name\":\"Como fazer as malas? Prepare-se para a col\u00f4nia de f\u00e9rias\"}]},{\"@type\":\"WebSite\",\"@id\":\"https:\/\/dev.leselfes.com\/#website\",\"url\":\"https:\/\/dev.leselfes.com\/\",\"name\":\"Les Elfes International\",\"description\":\"Les Elfes International, Verbier Switzerland. Summer Camp, Winter Camp, Spring Camps.\",\"publisher\":{\"@id\":\"https:\/\/dev.leselfes.com\/#organization\"},\"alternateName\":\"Les Elfes International\",\"potentialAction\":[{\"@type\":\"SearchAction\",\"target\":{\"@type\":\"EntryPoint\",\"urlTemplate\":\"https:\/\/dev.leselfes.com\/?s={search_term_string}\"},\"query-input\":{\"@type\":\"PropertyValueSpecification\",\"valueRequired\":true,\"valueName\":\"search_term_string\"}}],\"inLanguage\":\"pt-BR\"},{\"@type\":\"Organization\",\"@id\":\"https:\/\/dev.leselfes.com\/#organization\",\"name\":\"Les Elfes International\",\"alternateName\":\"Les Elfes International\",\"url\":\"https:\/\/dev.leselfes.com\/\",\"logo\":{\"@type\":\"ImageObject\",\"inLanguage\":\"pt-BR\",\"@id\":\"https:\/\/dev.leselfes.com\/#\/schema\/logo\/image\/\",\"url\":\"https:\/\/www.leselfes.com\/wp-content\/uploads\/2022\/03\/leselfes-logo.png\",\"contentUrl\":\"https:\/\/www.leselfes.com\/wp-content\/uploads\/2022\/03\/leselfes-logo.png\",\"width\":233,\"height\":51,\"caption\":\"Les Elfes International\"},\"image\":{\"@id\":\"https:\/\/dev.leselfes.com\/#\/schema\/logo\/image\/\"},\"sameAs\":[\"https:\/\/www.facebook.com\/LesElfesVerbier\",\"https:\/\/x.com\/LesElfesCamps\",\"https:\/\/www.instagram.com\/leselfes\",\"https:\/\/www.linkedin.com\/company\/les-elfes-international\",\"https:\/\/www.youtube.com\/user\/LesElfesVerbier\"]},{\"@type\":\"Person\",\"@id\":\"https:\/\/dev.leselfes.com\/#\/schema\/person\/9e8c1c68ef43ed5c58fa46ac5d8ee338\",\"name\":\"carlotta\",\"image\":{\"@type\":\"ImageObject\",\"inLanguage\":\"pt-BR\",\"@id\":\"https:\/\/dev.leselfes.com\/#\/schema\/person\/image\/\",\"url\":\"https:\/\/secure.gravatar.com\/avatar\/fdb243a028df450397b3632d862f87f6?s=96&d=mm&r=g\",\"contentUrl\":\"https:\/\/secure.gravatar.com\/avatar\/fdb243a028df450397b3632d862f87f6?s=96&d=mm&r=g\",\"caption\":\"carlotta\"},\"description\":\"Since 1987, Les Elfes International organizes ski trips &amp; field trips for leading schools around the world as well as winter &amp; summer camps for individual students aged between 6 y.o. and 17 y.o. from more than 60 nationalities. Welcoming 5'000 children and more than 200 schools a year from December until the end of October, Les Elfes has become a leading provider in the individual and school\u2019s trip industry. Our Winter and Summer Camps, ski and field trips provide more than just great activities and experiences. We introduce lifelong skills such as communicating with others without phone or laptop and understanding the value of living in a community away from home. Moreover, campers will be able to build a strong friend network and fortify the relationship among future classmates.\",\"sameAs\":[\"https:\/\/www.linkedin.com\/company\/les-elfes-international\/\"],\"url\":\"https:\/\/www.leselfes.com\/pt-br\/author\/carlotta\/\"}]}<\/script>\n<!-- \/ Yoast SEO Premium plugin. -->","yoast_head_json":{"title":"Como fazer as malas? Prepare-se para a col\u00f4nia de f\u00e9rias - Les Elfes International Camps Switzerland","robots":{"index":"index","follow":"follow","max-snippet":"max-snippet:-1","max-image-preview":"max-image-preview:large","max-video-preview":"max-video-preview:-1"},"canonical":"https:\/\/www.leselfes.com\/pt-br\/como-fazer-as-malasprepare-se-para-a-colonia-de-ferias\/","og_locale":"pt_BR","og_type":"article","og_title":"Como fazer as malas? Prepare-se para a col\u00f4nia de f\u00e9rias","og_description":"Esteja ciente de que nossos acampamentos est\u00e3o situados nas montanhas. O clima em uma montanha varia de acordo com a altitude em que voc\u00ea se encontra. As condi\u00e7\u00f5es clim\u00e1ticas podem...","og_url":"https:\/\/www.leselfes.com\/pt-br\/como-fazer-as-malasprepare-se-para-a-colonia-de-ferias\/","og_site_name":"Les Elfes International Camps Switzerland","article_publisher":"https:\/\/www.facebook.com\/LesElfesVerbier","article_published_time":"2019-05-27T06:37:23+00:00","article_modified_time":"2024-11-12T11:00:22+00:00","og_image":[{"width":591,"height":555,"url":"https:\/\/www.leselfes.com\/wp-content\/uploads\/2022\/02\/Les-Elfes-International-summer-camp-Switzerland-Staff-Mobile-591x555-1.jpg","type":"image\/jpeg"}],"author":"carlotta","twitter_card":"summary_large_image","twitter_creator":"@LesElfesCamps","twitter_site":"@LesElfesCamps","twitter_misc":{"Escrito por":"carlotta","Est. tempo de leitura":"3 minutos"},"schema":{"@context":"https:\/\/schema.org","@graph":[{"@type":"Article","@id":"https:\/\/www.leselfes.com\/pt-br\/como-fazer-as-malasprepare-se-para-a-colonia-de-ferias\/#article","isPartOf":{"@id":"https:\/\/www.leselfes.com\/pt-br\/como-fazer-as-malasprepare-se-para-a-colonia-de-ferias\/"},"author":{"name":"carlotta","@id":"https:\/\/dev.leselfes.com\/#\/schema\/person\/9e8c1c68ef43ed5c58fa46ac5d8ee338"},"headline":"Como fazer as malas? Prepare-se para a col\u00f4nia de f\u00e9rias","datePublished":"2019-05-27T06:37:23+00:00","dateModified":"2024-11-12T11:00:22+00:00","mainEntityOfPage":{"@id":"https:\/\/www.leselfes.com\/pt-br\/como-fazer-as-malasprepare-se-para-a-colonia-de-ferias\/"},"wordCount":700,"publisher":{"@id":"https:\/\/dev.leselfes.com\/#organization"},"articleSection":["Acampamento de ver\u00e3o","Dicas para os pais","Not\u00edcias","Preparativos de viagem"],"inLanguage":"pt-BR"},{"@type":"WebPage","@id":"https:\/\/www.leselfes.com\/pt-br\/como-fazer-as-malasprepare-se-para-a-colonia-de-ferias\/","url":"https:\/\/www.leselfes.com\/pt-br\/como-fazer-as-malasprepare-se-para-a-colonia-de-ferias\/","name":"Como fazer as malas? Prepare-se para a col\u00f4nia de f\u00e9rias - Les Elfes International Camps Switzerland","isPartOf":{"@id":"https:\/\/dev.leselfes.com\/#website"},"datePublished":"2019-05-27T06:37:23+00:00","dateModified":"2024-11-12T11:00:22+00:00","breadcrumb":{"@id":"https:\/\/www.leselfes.com\/pt-br\/como-fazer-as-malasprepare-se-para-a-colonia-de-ferias\/#breadcrumb"},"inLanguage":"pt-BR","potentialAction":[{"@type":"ReadAction","target":["https:\/\/www.leselfes.com\/pt-br\/como-fazer-as-malasprepare-se-para-a-colonia-de-ferias\/"]}]},{"@type":"BreadcrumbList","@id":"https:\/\/www.leselfes.com\/pt-br\/como-fazer-as-malasprepare-se-para-a-colonia-de-ferias\/#breadcrumb","itemListElement":[{"@type":"ListItem","position":1,"name":"Home","item":"https:\/\/www.leselfes.com\/pt-br\/"},{"@type":"ListItem","position":2,"name":"Como fazer as malas? Prepare-se para a col\u00f4nia de f\u00e9rias"}]},{"@type":"WebSite","@id":"https:\/\/dev.leselfes.com\/#website","url":"https:\/\/dev.leselfes.com\/","name":"Les Elfes International","description":"Les Elfes International, Verbier Switzerland. Summer Camp, Winter Camp, Spring Camps.","publisher":{"@id":"https:\/\/dev.leselfes.com\/#organization"},"alternateName":"Les Elfes International","potentialAction":[{"@type":"SearchAction","target":{"@type":"EntryPoint","urlTemplate":"https:\/\/dev.leselfes.com\/?s={search_term_string}"},"query-input":{"@type":"PropertyValueSpecification","valueRequired":true,"valueName":"search_term_string"}}],"inLanguage":"pt-BR"},{"@type":"Organization","@id":"https:\/\/dev.leselfes.com\/#organization","name":"Les Elfes International","alternateName":"Les Elfes International","url":"https:\/\/dev.leselfes.com\/","logo":{"@type":"ImageObject","inLanguage":"pt-BR","@id":"https:\/\/dev.leselfes.com\/#\/schema\/logo\/image\/","url":"https:\/\/www.leselfes.com\/wp-content\/uploads\/2022\/03\/leselfes-logo.png","contentUrl":"https:\/\/www.leselfes.com\/wp-content\/uploads\/2022\/03\/leselfes-logo.png","width":233,"height":51,"caption":"Les Elfes International"},"image":{"@id":"https:\/\/dev.leselfes.com\/#\/schema\/logo\/image\/"},"sameAs":["https:\/\/www.facebook.com\/LesElfesVerbier","https:\/\/x.com\/LesElfesCamps","https:\/\/www.instagram.com\/leselfes","https:\/\/www.linkedin.com\/company\/les-elfes-international","https:\/\/www.youtube.com\/user\/LesElfesVerbier"]},{"@type":"Person","@id":"https:\/\/dev.leselfes.com\/#\/schema\/person\/9e8c1c68ef43ed5c58fa46ac5d8ee338","name":"carlotta","image":{"@type":"ImageObject","inLanguage":"pt-BR","@id":"https:\/\/dev.leselfes.com\/#\/schema\/person\/image\/","url":"https:\/\/secure.gravatar.com\/avatar\/fdb243a028df450397b3632d862f87f6?s=96&d=mm&r=g","contentUrl":"https:\/\/secure.gravatar.com\/avatar\/fdb243a028df450397b3632d862f87f6?s=96&d=mm&r=g","caption":"carlotta"},"description":"Since 1987, Les Elfes International organizes ski trips &amp; field trips for leading schools around the world as well as winter &amp; summer camps for individual students aged between 6 y.o. and 17 y.o. from more than 60 nationalities. Welcoming 5'000 children and more than 200 schools a year from December until the end of October, Les Elfes has become a leading provider in the individual and school\u2019s trip industry. Our Winter and Summer Camps, ski and field trips provide more than just great activities and experiences. We introduce lifelong skills such as communicating with others without phone or laptop and understanding the value of living in a community away from home. Moreover, campers will be able to build a strong friend network and fortify the relationship among future classmates.","sameAs":["https:\/\/www.linkedin.com\/company\/les-elfes-international\/"],"url":"https:\/\/www.leselfes.com\/pt-br\/author\/carlotta\/"}]}},"_links":{"self":[{"href":"https:\/\/www.leselfes.com\/pt-br\/wp-json\/wp\/v2\/posts\/91574"}],"collection":[{"href":"https:\/\/www.leselfes.com\/pt-br\/wp-json\/wp\/v2\/posts"}],"about":[{"href":"https:\/\/www.leselfes.com\/pt-br\/wp-json\/wp\/v2\/types\/post"}],"author":[{"embeddable":true,"href":"https:\/\/www.leselfes.com\/pt-br\/wp-json\/wp\/v2\/users\/6"}],"replies":[{"embeddable":true,"href":"https:\/\/www.leselfes.com\/pt-br\/wp-json\/wp\/v2\/comments?post=91574"}],"version-history":[{"count":0,"href":"https:\/\/www.leselfes.com\/pt-br\/wp-json\/wp\/v2\/posts\/91574\/revisions"}],"wp:attachment":[{"href":"https:\/\/www.leselfes.com\/pt-br\/wp-json\/wp\/v2\/media?parent=91574"}],"wp:term":[{"taxonomy":"category","embeddable":true,"href":"https:\/\/www.leselfes.com\/pt-br\/wp-json\/wp\/v2\/categories?post=91574"},{"taxonomy":"post_tag","embeddable":true,"href":"https:\/\/www.leselfes.com\/pt-br\/wp-json\/wp\/v2\/tags?post=91574"}],"curies":[{"name":"wp","href":"https:\/\/api.w.org\/{rel}","templated":true}]}}