{"id":91645,"date":"2019-06-27T20:11:30","date_gmt":"2019-06-27T18:11:30","guid":{"rendered":"https:\/\/www.leselfes.com\/os-beneficios-de-um-acampamento-europeu-para-dormir-fora-para-seu-filho\/"},"modified":"2024-11-12T12:02:00","modified_gmt":"2024-11-12T11:02:00","slug":"os-beneficios-de-um-acampamento-europeu-para-dormir-fora-para-seu-filho","status":"publish","type":"post","link":"https:\/\/www.leselfes.com\/pt-br\/os-beneficios-de-um-acampamento-europeu-para-dormir-fora-para-seu-filho\/","title":{"rendered":"Os benef\u00edcios de um acampamento europeu para dormir fora para seu filho"},"content":{"rendered":"\n<figure><img loading=\"lazy\" decoding=\"async\" src=\"https:\/\/www.leselfes.com\/wp-content\/uploads\/2021\/06\/Summer-Camp-For-Child.jpg\" alt=\"Col&#xF4;nia de f&#xE9;rias para crian&#xE7;as\" width=\"1024\" height=\"768\"\/><\/figure>\n\n<p>De acordo com <a href=\"https:\/\/www.search-institute.org\/about-us\/staff\/peter-scales\/\">Peter Scales<\/a>, autor, educador e psic\u00f3logo renomado, os acampamentos proporcionam o ambiente perfeito para que seus filhos encontrem e satisfa\u00e7am o desejo de express\u00e3o criativa, atividade f\u00edsica e envolvimento em um ambiente comunit\u00e1rio, algo que, segundo Peter, muitas escolas n\u00e3o conseguem alcan\u00e7ar.  <\/p>\n\n<p>Se voc\u00ea \u00e9 pai ou m\u00e3e, seu desejo \u00e9 que seu filho prospere nas coisas pelas quais ele \u00e9 apaixonado.\nNo mundo acelerado de hoje, seus filhos precisam aprender e dominar v\u00e1rias habilidades para ter sucesso.\nEntre elas est\u00e3o: habilidades de autoestima e resili\u00eancia, autoconfian\u00e7a e habilidades de resolu\u00e7\u00e3o de problemas e habilidades de lideran\u00e7a.\nOs acampamentos oferecem o ambiente ideal e sereno para que voc\u00ea desenvolva essas habilidades, longe dos problemas e da agita\u00e7\u00e3o da cidade.   <\/p>\n\n<h2 class=\"wp-block-heading\">O que os organizadores de acampamentos est\u00e3o fazendo para maximizar a experi\u00eancia no acampamento?<\/h2>\n\n<p>Com a recente popularidade dos acampamentos para crian\u00e7as pequenas, os organizadores ouviram o que os l\u00edderes de desenvolvimento infantil apontaram sobre as necessidades das crian\u00e7as.\n\u00c9 por isso que eles est\u00e3o empenhados em adotar as melhores medidas para garantir que as crian\u00e7as tirem o melhor proveito de seu <a href=\"\">acampamento europeu para dormir<\/a>.   <\/p>\n\n<p>Um grupo de crian\u00e7as acampadas em um ambiente natural e participando de atividades relacionadas ao acampamento s\u00e3o alguns dos melhores instrumentos que os organizadores utilizam para tornar os acampamentos saud\u00e1veis, pr\u00f3speros e o ambiente ideal para se divertir e relaxar.  <\/p>\n\n<p>Em um ambiente t\u00e3o bem organizado, as crian\u00e7as se conectar\u00e3o com modelos importantes que est\u00e3o prontos para conversar e ouvir, e com profissionais que as ajudar\u00e3o a refletir e relaxar.\nSe voc\u00ea estiver com dificuldades para permitir que seus filhos participem de acampamentos de ver\u00e3o na Su\u00ed\u00e7a, talvez os benef\u00edcios a seguir o conven\u00e7am a deix\u00e1-los ir. <\/p>\n\n<h2 class=\"wp-block-heading\">A separa\u00e7\u00e3o dos pais influencia o crescimento<\/h2>\n\n<p>Os acampamentos europeus para dormir podem ser curtos; no entanto, eles podem ter um impacto enorme no crescimento da crian\u00e7a.\nMuitas vezes, esses acampamentos marcam o in\u00edcio das viagens do seu filho sem voc\u00ea e, ao mesmo tempo em que permitem que ele evolua em v\u00e1rios n\u00edveis, tamb\u00e9m d\u00e3o a voc\u00ea a oportunidade de perceber o crescimento dele.\nLembre-se de que as crian\u00e7as est\u00e3o sempre se desenvolvendo e voc\u00ea dificilmente perceber\u00e1 isso, especialmente quando estiver com elas diariamente.  <\/p>\n\n<p>D\u00ea a eles algum tempo livre para participar de alguns dos melhores acampamentos de ver\u00e3o da Europa e voc\u00ea certamente notar\u00e1 uma mudan\u00e7a significativa.\nOs campistas regulares n\u00e3o apenas estar\u00e3o em forma, mas tamb\u00e9m ser\u00e3o mais felizes e exuberantes, gra\u00e7as \u00e0 exposi\u00e7\u00e3o ao sol e \u00e0 inala\u00e7\u00e3o de ar fresco.\nAo participar de um acampamento para dormir, seu filho ter\u00e1 um crescimento f\u00edsico, emocional e social.    <\/p>\n\n<h2 class=\"wp-block-heading\">Eles dominam a independ\u00eancia<\/h2>\n\n<p>Se voc\u00ea quiser ensinar seus filhos a executar tarefas por conta pr\u00f3pria, o acampamento \u00e9 a oportunidade perfeita para isso.\nLembre-se de que voc\u00ea n\u00e3o ir\u00e1 com eles para o acampamento.\nIsso n\u00e3o apenas elimina a necessidade de voc\u00ea fazer as coisas por eles, mas tamb\u00e9m significa que eles n\u00e3o ter\u00e3o escolha a n\u00e3o ser fazer o que deve ser feito.  <\/p>\n\n<p>Al\u00e9m disso, eles ter\u00e3o que se lembrar de tudo o que voc\u00ea poderia lembr\u00e1-los, como escovar os dentes, arrumar a cama, tomar banho e at\u00e9 mesmo tomar decis\u00f5es alimentares saud\u00e1veis, caso contr\u00e1rio correm o risco de serem punidos pelos l\u00edderes do grupo.<\/p>\n\n<p>A vantagem dos acampamentos europeus para dormir \u00e9 que eles s\u00e3o uma oportunidade ideal para que at\u00e9 mesmo crian\u00e7as vulner\u00e1veis possam dominar a arte de depender de si mesmas enquanto est\u00e3o longe de seus entes queridos.\nAp\u00f3s o t\u00e9rmino do acampamento, voc\u00ea ver\u00e1 que seus filhos s\u00e3o capazes de executar tarefas sem serem lembrados.   <\/p>\n\n<h2 class=\"wp-block-heading\">Acampamentos de f\u00e9rias aumentam a determina\u00e7\u00e3o<\/h2>\n\n<p>As crian\u00e7as s\u00e3o incentivadas a dar o melhor de si nas atividades de desenvolvimento de habilidades durante o acampamento.\nAl\u00e9m disso, elas sentir\u00e3o a necessidade de superar seus colegas, o que aumenta sua determina\u00e7\u00e3o em alcan\u00e7ar o sucesso. <\/p>\n\n<p>O ambiente do acampamento \u00e9 prop\u00edcio para atividades de aprendizado e, com modelos robustos, seus filhos ser\u00e3o inspirados a continuar aprendendo e aprimorando suas habilidades.\nVale a pena observar que n\u00e3o h\u00e1 uma curva final quando se trata de aprendizado nos acampamentos.\nOs l\u00edderes de equipe ficar\u00e3o felizes em animar as crian\u00e7as enquanto elas aprendem e aprimoram v\u00e1rias habilidades.    <\/p>\n\n<h2 class=\"wp-block-heading\">Eles t\u00eam espa\u00e7o e tempo suficientes para executar novas habilidades<\/h2>\n\n<p>Enquanto est\u00e3o em casa, seus filhos t\u00eam de lidar com muitas coisas, como tarefas dom\u00e9sticas e deveres de casa.\nIsso pode impedir que eles tenham o tempo necess\u00e1rio para experimentar coisas novas.\nQuando seus filhos participam de acampamentos internacionais de ver\u00e3o na Europa, eles n\u00e3o s\u00f3 estar\u00e3o expostos a desafios, mas tamb\u00e9m ser\u00e3o apresentados a uma cultura segura onde poder\u00e3o correr riscos.  <\/p>\n\n<p>O fato de os l\u00edderes do acampamento estarem presentes para dar o apoio necess\u00e1rio \u00e9 suficiente para motivar as crian\u00e7as a correr riscos.\nAt\u00e9 mesmo a crian\u00e7a mais reservada se sentir\u00e1 inspirada a experimentar atividades novas e aventureiras, como tirolesa ou at\u00e9 mesmo falar em p\u00fablico.\nAo participar do acampamento, voc\u00ea desafiar\u00e1 a crian\u00e7a de fala mais mansa a se levantar e se defender quando surgirem conflitos.    <\/p>\n\n<h2 class=\"wp-block-heading\">Eles aprendem habilidades sociais<\/h2>\n\n<p><a href=\"https:\/\/www.skillsyouneed.com\/ips\/social-skills.html\">As habilidades sociais<\/a> n\u00e3o s\u00e3o essenciais apenas para seus filhos, mas s\u00e3o fundamentais para todos. Com excelentes habilidades sociais, seus filhos ser\u00e3o capazes de se comunicar, interagir e trabalhar em conjunto com outras pessoas com o m\u00ednimo de dificuldade. <\/p>\n\n<p>Embora alguns dos melhores acampamentos de ver\u00e3o do mundo ofere\u00e7am uma ampla variedade de atividades para seus filhos, eles tamb\u00e9m oferecem uma comunidade na qual seus filhos podem participar e mostrar seus talentos.\nA comunidade \u00e9 composta por instrutores, conselheiros, colegas campistas e at\u00e9 mesmo os organizadores do acampamento.\nEles possuem a experi\u00eancia certa para incutir em seu filho as habilidades sociais de que ele precisa para se relacionar com outros campistas e dominar a arte de colaborar para concluir tarefas com crian\u00e7as de diferentes origens.  <\/p>\n\n<p>Por exemplo, seus filhos participar\u00e3o de tarefas compartilhadas em que ter\u00e3o de se coordenar uns com os outros para vencer uma competi\u00e7\u00e3o, manter o ambiente limpo ou ajudar uns aos outros a dominar novas habilidades.\nUm acampamento europeu perfeito para passar o dia na Europa aprimorar\u00e1 <a href=\"\">as habilidades de<\/a> coopera\u00e7\u00e3o e <a href=\"\">lideran\u00e7a<\/a> de seus filhos.   <\/p>\n\n<h2 class=\"wp-block-heading\">Eles fazem uma pausa na tecnologia<\/h2>\n\n<p>No mundo digital de hoje, em que quase todo mundo, inclusive as crian\u00e7as, entende de tecnologia, muitos pais est\u00e3o lutando para manter seus filhos longe da televis\u00e3o, dos tablets ou dos telefones.\nMuitos pais concordam que manter as crian\u00e7as longe desses dispositivos eletr\u00f4nicos e da Internet \u00e9 um grande desafio. <\/p>\n\n<p>Muitos acampamentos europeus do tipo sleepaway s\u00e3o contra o uso de dispositivos eletr\u00f4nicos e, mesmo que as crian\u00e7as tenham que levar seus iPods ou tablets, os organizadores os mant\u00eam em seguran\u00e7a at\u00e9 o final do acampamento.\nIsso lhes d\u00e1 tempo suficiente para se envolverem em atividades que valham a pena.\nFazer uma pausa na tecnologia e nos aparelhos eletr\u00f4nicos permite que seus filhos fa\u00e7am novas descobertas, concentrem-se em seus hobbies e apreciem mais o ambiente que os cerca.  <\/p>\n\n<h2 class=\"wp-block-heading\">Eles descobrem a si mesmos<\/h2>\n\n<p>Os acampamentos de f\u00e9rias exp\u00f5em as crian\u00e7as a experi\u00eancias de grupo com as quais elas aprendem informa\u00e7\u00f5es essenciais sobre si mesmas.\nA participa\u00e7\u00e3o em atividades relacionadas a grupos durante os acampamentos desenvolve a autoestima, aprimora a autodefesa, promove a autodisciplina e ajuda as crian\u00e7as a se tornarem mais produtivas.\nEssas habilidades desempenham um papel importante na prepara\u00e7\u00e3o das crian\u00e7as para uma vida adulta pr\u00f3spera.    <\/p>\n\n<h2 class=\"wp-block-heading\">Seu filho se tornar\u00e1 mais grato<\/h2>\n\n<p>Quando est\u00e3o em casa, as crian\u00e7as t\u00eam tudo \u00e0 sua disposi\u00e7\u00e3o, tanto que podem n\u00e3o dar valor a isso.\nSomente quando v\u00e3o para os acampamentos europeus para dormir \u00e9 que elas aprendem a ser gratas por: banheiros grandes, uma cama quente, aparelhos, lanches e comida suficiente. <\/p>\n\n<p>Passar alguns dias em um acampamento de ver\u00e3o pode ser tudo o que seu filho precisa para ser grato pelas pequenas coisas que a vida tem a oferecer.\nAl\u00e9m disso, seu filho aprender\u00e1 a valorizar voc\u00ea.\nMuitas vezes, os filhos n\u00e3o d\u00e3o valor aos pais.\nNo entanto, as crian\u00e7as que participam de um acampamento para dormir aprendem a ser gratas pelo esfor\u00e7o que os pais fazem para garantir que elas fiquem satisfeitas.     <\/p>\n\n<h2 class=\"wp-block-heading\">Eles formam novas amizades<\/h2>\n\n<p>Seu filho \u00e9 excessivamente reservado?\nVoc\u00ea se preocupa constantemente com a incapacidade dele de fazer novos amigos?\nSe a resposta a essas perguntas for sim, talvez voc\u00ea precise exp\u00f4-los a uma atividade que os tire da zona de conforto.\nMand\u00e1-los para acampamentos europeus para dormir \u00e9 uma das maneiras mais adequadas de ajudar seus filhos a fazer novos amigos.   <\/p>\n\n<p>\u00c9 claro que n\u00e3o ser\u00e1 f\u00e1cil para eles concordarem em participar de um acampamento de ver\u00e3o onde n\u00e3o t\u00eam amigos.\nNo entanto, ele ter\u00e1 a oportunidade de <a href=\"\">interagir com outras crian\u00e7as<\/a> e fazer amigos com facilidade.\nQuer as amizades no acampamento sejam de curta dura\u00e7\u00e3o ou durem a vida toda, a experi\u00eancia ajuda seu filho a diversificar e dominar a arte de se relacionar com pessoas de ra\u00e7a e cultura diferentes.    <\/p>\n\n<h2 class=\"wp-block-heading\">Seu filho aprender\u00e1 a tomar decis\u00f5es<\/h2>\n\n<p>Durante os acampamentos europeus do tipo &#8220;sleepaway&#8221;, voc\u00ea n\u00e3o estar\u00e1 perto do seu filho e ele n\u00e3o ter\u00e1 outra op\u00e7\u00e3o a n\u00e3o ser tomar suas pr\u00f3prias decis\u00f5es.\nEle ter\u00e1 de escolher as refei\u00e7\u00f5es, pensar se quer dormir no beliche de baixo ou no de cima, escolher entre jogar futebol, nadar ou fazer caminhadas, e at\u00e9 mesmo decidir como gastar o dinheiro do bolso.\n\u00c9 claro que os l\u00edderes e conselheiros do acampamento n\u00e3o s\u00e3o t\u00e3o controladores quanto os pais; as crian\u00e7as ser\u00e3o respons\u00e1veis por suas pr\u00f3prias escolhas.\nIsso as preparar\u00e1 para a adolesc\u00eancia e a vida adulta jovem, onde precisar\u00e3o fazer escolhas conscientes.     <\/p>\n\n<h2 class=\"wp-block-heading\">Finalmente<\/h2>\n\n<p>Os acampamentos de ver\u00e3o na Europa oferecem a seu filho a oportunidade perfeita para interagir com outras crian\u00e7as, fazer novos amigos e se expor a v\u00e1rias oportunidades de aprendizado.\nAl\u00e9m disso, ele se sentir\u00e1 motivado ao observar os colegas de acampamento fazendo coisas diferentes.\nSeu filho n\u00e3o apenas se tornar\u00e1 mais respons\u00e1vel, mas tamb\u00e9m aprender\u00e1 a apreciar as coisas que voc\u00ea faz por ele.    <\/p>\n","protected":false},"excerpt":{"rendered":"<p>De acordo com Peter Scales, autor, educador e psic\u00f3logo renomado, os acampamentos proporcionam o ambiente perfeito para que seus filhos encontrem e satisfa\u00e7am o desejo de express\u00e3o criativa, atividade f\u00edsica&#8230;<\/p>\n","protected":false},"author":6,"featured_media":0,"comment_status":"closed","ping_status":"open","sticky":false,"template":"","format":"standard","meta":{"_acf_changed":false,"inline_featured_image":false,"footnotes":""},"categories":[1351],"tags":[1412],"class_list":{"0":"post-91645","1":"post","2":"type-post","3":"status-publish","4":"format-standard","6":"category-artigos-pt-br","7":"tag-acampamento-de-verao-pt-br"},"acf":[],"yoast_head":"<!-- This site is optimized with the Yoast SEO Premium plugin v24.2 (Yoast SEO v24.7) - https:\/\/yoast.com\/wordpress\/plugins\/seo\/ -->\n<title>Os benef\u00edcios de um acampamento europeu para dormir fora para seu filho - Les Elfes International Camps Switzerland<\/title>\n<meta name=\"robots\" content=\"index, follow, max-snippet:-1, max-image-preview:large, max-video-preview:-1\" \/>\n<link rel=\"canonical\" href=\"https:\/\/www.leselfes.com\/pt-br\/os-beneficios-de-um-acampamento-europeu-para-dormir-fora-para-seu-filho\/\" \/>\n<meta property=\"og:locale\" content=\"pt_BR\" \/>\n<meta property=\"og:type\" content=\"article\" \/>\n<meta property=\"og:title\" content=\"Os benef\u00edcios de um acampamento europeu para dormir fora para seu filho\" \/>\n<meta property=\"og:description\" content=\"De acordo com Peter Scales, autor, educador e psic\u00f3logo renomado, os acampamentos proporcionam o ambiente perfeito para que seus filhos encontrem e satisfa\u00e7am o desejo de express\u00e3o criativa, atividade f\u00edsica...\" \/>\n<meta property=\"og:url\" content=\"https:\/\/www.leselfes.com\/pt-br\/os-beneficios-de-um-acampamento-europeu-para-dormir-fora-para-seu-filho\/\" \/>\n<meta property=\"og:site_name\" content=\"Les Elfes International Camps Switzerland\" \/>\n<meta property=\"article:publisher\" content=\"https:\/\/www.facebook.com\/LesElfesVerbier\" \/>\n<meta property=\"article:published_time\" content=\"2019-06-27T18:11:30+00:00\" \/>\n<meta property=\"article:modified_time\" content=\"2024-11-12T11:02:00+00:00\" \/>\n<meta property=\"og:image\" content=\"https:\/\/dev.leselfes.com\/wp-content\/uploads\/2021\/06\/Summer-Camp-For-Child.jpg\" \/>\n<meta name=\"author\" content=\"carlotta\" \/>\n<meta name=\"twitter:card\" content=\"summary_large_image\" \/>\n<meta name=\"twitter:creator\" content=\"@LesElfesCamps\" \/>\n<meta name=\"twitter:site\" content=\"@LesElfesCamps\" \/>\n<meta name=\"twitter:label1\" content=\"Escrito por\" \/>\n\t<meta name=\"twitter:data1\" content=\"carlotta\" \/>\n\t<meta name=\"twitter:label2\" content=\"Est. tempo de leitura\" \/>\n\t<meta name=\"twitter:data2\" content=\"9 minutos\" \/>\n<script type=\"application\/ld+json\" class=\"yoast-schema-graph\">{\"@context\":\"https:\/\/schema.org\",\"@graph\":[{\"@type\":\"Article\",\"@id\":\"https:\/\/www.leselfes.com\/pt-br\/os-beneficios-de-um-acampamento-europeu-para-dormir-fora-para-seu-filho\/#article\",\"isPartOf\":{\"@id\":\"https:\/\/www.leselfes.com\/pt-br\/os-beneficios-de-um-acampamento-europeu-para-dormir-fora-para-seu-filho\/\"},\"author\":{\"name\":\"carlotta\",\"@id\":\"https:\/\/dev.leselfes.com\/#\/schema\/person\/9e8c1c68ef43ed5c58fa46ac5d8ee338\"},\"headline\":\"Os benef\u00edcios de um acampamento europeu para dormir fora para seu filho\",\"datePublished\":\"2019-06-27T18:11:30+00:00\",\"dateModified\":\"2024-11-12T11:02:00+00:00\",\"mainEntityOfPage\":{\"@id\":\"https:\/\/www.leselfes.com\/pt-br\/os-beneficios-de-um-acampamento-europeu-para-dormir-fora-para-seu-filho\/\"},\"wordCount\":1848,\"publisher\":{\"@id\":\"https:\/\/dev.leselfes.com\/#organization\"},\"image\":{\"@id\":\"https:\/\/www.leselfes.com\/pt-br\/os-beneficios-de-um-acampamento-europeu-para-dormir-fora-para-seu-filho\/#primaryimage\"},\"thumbnailUrl\":\"https:\/\/www.leselfes.com\/wp-content\/uploads\/2021\/06\/Summer-Camp-For-Child.jpg\",\"keywords\":[\"acampamento de ver\u00e3o\"],\"articleSection\":[\"Artigos\"],\"inLanguage\":\"pt-BR\"},{\"@type\":\"WebPage\",\"@id\":\"https:\/\/www.leselfes.com\/pt-br\/os-beneficios-de-um-acampamento-europeu-para-dormir-fora-para-seu-filho\/\",\"url\":\"https:\/\/www.leselfes.com\/pt-br\/os-beneficios-de-um-acampamento-europeu-para-dormir-fora-para-seu-filho\/\",\"name\":\"Os benef\u00edcios de um acampamento europeu para dormir fora para seu filho - Les Elfes International Camps Switzerland\",\"isPartOf\":{\"@id\":\"https:\/\/dev.leselfes.com\/#website\"},\"primaryImageOfPage\":{\"@id\":\"https:\/\/www.leselfes.com\/pt-br\/os-beneficios-de-um-acampamento-europeu-para-dormir-fora-para-seu-filho\/#primaryimage\"},\"image\":{\"@id\":\"https:\/\/www.leselfes.com\/pt-br\/os-beneficios-de-um-acampamento-europeu-para-dormir-fora-para-seu-filho\/#primaryimage\"},\"thumbnailUrl\":\"https:\/\/www.leselfes.com\/wp-content\/uploads\/2021\/06\/Summer-Camp-For-Child.jpg\",\"datePublished\":\"2019-06-27T18:11:30+00:00\",\"dateModified\":\"2024-11-12T11:02:00+00:00\",\"breadcrumb\":{\"@id\":\"https:\/\/www.leselfes.com\/pt-br\/os-beneficios-de-um-acampamento-europeu-para-dormir-fora-para-seu-filho\/#breadcrumb\"},\"inLanguage\":\"pt-BR\",\"potentialAction\":[{\"@type\":\"ReadAction\",\"target\":[\"https:\/\/www.leselfes.com\/pt-br\/os-beneficios-de-um-acampamento-europeu-para-dormir-fora-para-seu-filho\/\"]}]},{\"@type\":\"ImageObject\",\"inLanguage\":\"pt-BR\",\"@id\":\"https:\/\/www.leselfes.com\/pt-br\/os-beneficios-de-um-acampamento-europeu-para-dormir-fora-para-seu-filho\/#primaryimage\",\"url\":\"https:\/\/www.leselfes.com\/wp-content\/uploads\/2021\/06\/Summer-Camp-For-Child.jpg\",\"contentUrl\":\"https:\/\/www.leselfes.com\/wp-content\/uploads\/2021\/06\/Summer-Camp-For-Child.jpg\"},{\"@type\":\"BreadcrumbList\",\"@id\":\"https:\/\/www.leselfes.com\/pt-br\/os-beneficios-de-um-acampamento-europeu-para-dormir-fora-para-seu-filho\/#breadcrumb\",\"itemListElement\":[{\"@type\":\"ListItem\",\"position\":1,\"name\":\"Home\",\"item\":\"https:\/\/www.leselfes.com\/pt-br\/\"},{\"@type\":\"ListItem\",\"position\":2,\"name\":\"Os benef\u00edcios de um acampamento europeu para dormir fora para seu filho\"}]},{\"@type\":\"WebSite\",\"@id\":\"https:\/\/dev.leselfes.com\/#website\",\"url\":\"https:\/\/dev.leselfes.com\/\",\"name\":\"Les Elfes International\",\"description\":\"Les Elfes International, Verbier Switzerland. Summer Camp, Winter Camp, Spring Camps.\",\"publisher\":{\"@id\":\"https:\/\/dev.leselfes.com\/#organization\"},\"alternateName\":\"Les Elfes International\",\"potentialAction\":[{\"@type\":\"SearchAction\",\"target\":{\"@type\":\"EntryPoint\",\"urlTemplate\":\"https:\/\/dev.leselfes.com\/?s={search_term_string}\"},\"query-input\":{\"@type\":\"PropertyValueSpecification\",\"valueRequired\":true,\"valueName\":\"search_term_string\"}}],\"inLanguage\":\"pt-BR\"},{\"@type\":\"Organization\",\"@id\":\"https:\/\/dev.leselfes.com\/#organization\",\"name\":\"Les Elfes International\",\"alternateName\":\"Les Elfes International\",\"url\":\"https:\/\/dev.leselfes.com\/\",\"logo\":{\"@type\":\"ImageObject\",\"inLanguage\":\"pt-BR\",\"@id\":\"https:\/\/dev.leselfes.com\/#\/schema\/logo\/image\/\",\"url\":\"https:\/\/www.leselfes.com\/wp-content\/uploads\/2022\/03\/leselfes-logo.png\",\"contentUrl\":\"https:\/\/www.leselfes.com\/wp-content\/uploads\/2022\/03\/leselfes-logo.png\",\"width\":233,\"height\":51,\"caption\":\"Les Elfes International\"},\"image\":{\"@id\":\"https:\/\/dev.leselfes.com\/#\/schema\/logo\/image\/\"},\"sameAs\":[\"https:\/\/www.facebook.com\/LesElfesVerbier\",\"https:\/\/x.com\/LesElfesCamps\",\"https:\/\/www.instagram.com\/leselfes\",\"https:\/\/www.linkedin.com\/company\/les-elfes-international\",\"https:\/\/www.youtube.com\/user\/LesElfesVerbier\"]},{\"@type\":\"Person\",\"@id\":\"https:\/\/dev.leselfes.com\/#\/schema\/person\/9e8c1c68ef43ed5c58fa46ac5d8ee338\",\"name\":\"carlotta\",\"image\":{\"@type\":\"ImageObject\",\"inLanguage\":\"pt-BR\",\"@id\":\"https:\/\/dev.leselfes.com\/#\/schema\/person\/image\/\",\"url\":\"https:\/\/secure.gravatar.com\/avatar\/fdb243a028df450397b3632d862f87f6?s=96&d=mm&r=g\",\"contentUrl\":\"https:\/\/secure.gravatar.com\/avatar\/fdb243a028df450397b3632d862f87f6?s=96&d=mm&r=g\",\"caption\":\"carlotta\"},\"description\":\"Since 1987, Les Elfes International organizes ski trips &amp; field trips for leading schools around the world as well as winter &amp; summer camps for individual students aged between 6 y.o. and 17 y.o. from more than 60 nationalities. Welcoming 5'000 children and more than 200 schools a year from December until the end of October, Les Elfes has become a leading provider in the individual and school\u2019s trip industry. Our Winter and Summer Camps, ski and field trips provide more than just great activities and experiences. We introduce lifelong skills such as communicating with others without phone or laptop and understanding the value of living in a community away from home. Moreover, campers will be able to build a strong friend network and fortify the relationship among future classmates.\",\"sameAs\":[\"https:\/\/www.linkedin.com\/company\/les-elfes-international\/\"],\"url\":\"https:\/\/www.leselfes.com\/pt-br\/author\/carlotta\/\"}]}<\/script>\n<!-- \/ Yoast SEO Premium plugin. -->","yoast_head_json":{"title":"Os benef\u00edcios de um acampamento europeu para dormir fora para seu filho - Les Elfes International Camps Switzerland","robots":{"index":"index","follow":"follow","max-snippet":"max-snippet:-1","max-image-preview":"max-image-preview:large","max-video-preview":"max-video-preview:-1"},"canonical":"https:\/\/www.leselfes.com\/pt-br\/os-beneficios-de-um-acampamento-europeu-para-dormir-fora-para-seu-filho\/","og_locale":"pt_BR","og_type":"article","og_title":"Os benef\u00edcios de um acampamento europeu para dormir fora para seu filho","og_description":"De acordo com Peter Scales, autor, educador e psic\u00f3logo renomado, os acampamentos proporcionam o ambiente perfeito para que seus filhos encontrem e satisfa\u00e7am o desejo de express\u00e3o criativa, atividade f\u00edsica...","og_url":"https:\/\/www.leselfes.com\/pt-br\/os-beneficios-de-um-acampamento-europeu-para-dormir-fora-para-seu-filho\/","og_site_name":"Les Elfes International Camps Switzerland","article_publisher":"https:\/\/www.facebook.com\/LesElfesVerbier","article_published_time":"2019-06-27T18:11:30+00:00","article_modified_time":"2024-11-12T11:02:00+00:00","og_image":[{"url":"https:\/\/dev.leselfes.com\/wp-content\/uploads\/2021\/06\/Summer-Camp-For-Child.jpg","type":"","width":"","height":""}],"author":"carlotta","twitter_card":"summary_large_image","twitter_creator":"@LesElfesCamps","twitter_site":"@LesElfesCamps","twitter_misc":{"Escrito por":"carlotta","Est. tempo de leitura":"9 minutos"},"schema":{"@context":"https:\/\/schema.org","@graph":[{"@type":"Article","@id":"https:\/\/www.leselfes.com\/pt-br\/os-beneficios-de-um-acampamento-europeu-para-dormir-fora-para-seu-filho\/#article","isPartOf":{"@id":"https:\/\/www.leselfes.com\/pt-br\/os-beneficios-de-um-acampamento-europeu-para-dormir-fora-para-seu-filho\/"},"author":{"name":"carlotta","@id":"https:\/\/dev.leselfes.com\/#\/schema\/person\/9e8c1c68ef43ed5c58fa46ac5d8ee338"},"headline":"Os benef\u00edcios de um acampamento europeu para dormir fora para seu filho","datePublished":"2019-06-27T18:11:30+00:00","dateModified":"2024-11-12T11:02:00+00:00","mainEntityOfPage":{"@id":"https:\/\/www.leselfes.com\/pt-br\/os-beneficios-de-um-acampamento-europeu-para-dormir-fora-para-seu-filho\/"},"wordCount":1848,"publisher":{"@id":"https:\/\/dev.leselfes.com\/#organization"},"image":{"@id":"https:\/\/www.leselfes.com\/pt-br\/os-beneficios-de-um-acampamento-europeu-para-dormir-fora-para-seu-filho\/#primaryimage"},"thumbnailUrl":"https:\/\/www.leselfes.com\/wp-content\/uploads\/2021\/06\/Summer-Camp-For-Child.jpg","keywords":["acampamento de ver\u00e3o"],"articleSection":["Artigos"],"inLanguage":"pt-BR"},{"@type":"WebPage","@id":"https:\/\/www.leselfes.com\/pt-br\/os-beneficios-de-um-acampamento-europeu-para-dormir-fora-para-seu-filho\/","url":"https:\/\/www.leselfes.com\/pt-br\/os-beneficios-de-um-acampamento-europeu-para-dormir-fora-para-seu-filho\/","name":"Os benef\u00edcios de um acampamento europeu para dormir fora para seu filho - Les Elfes International Camps Switzerland","isPartOf":{"@id":"https:\/\/dev.leselfes.com\/#website"},"primaryImageOfPage":{"@id":"https:\/\/www.leselfes.com\/pt-br\/os-beneficios-de-um-acampamento-europeu-para-dormir-fora-para-seu-filho\/#primaryimage"},"image":{"@id":"https:\/\/www.leselfes.com\/pt-br\/os-beneficios-de-um-acampamento-europeu-para-dormir-fora-para-seu-filho\/#primaryimage"},"thumbnailUrl":"https:\/\/www.leselfes.com\/wp-content\/uploads\/2021\/06\/Summer-Camp-For-Child.jpg","datePublished":"2019-06-27T18:11:30+00:00","dateModified":"2024-11-12T11:02:00+00:00","breadcrumb":{"@id":"https:\/\/www.leselfes.com\/pt-br\/os-beneficios-de-um-acampamento-europeu-para-dormir-fora-para-seu-filho\/#breadcrumb"},"inLanguage":"pt-BR","potentialAction":[{"@type":"ReadAction","target":["https:\/\/www.leselfes.com\/pt-br\/os-beneficios-de-um-acampamento-europeu-para-dormir-fora-para-seu-filho\/"]}]},{"@type":"ImageObject","inLanguage":"pt-BR","@id":"https:\/\/www.leselfes.com\/pt-br\/os-beneficios-de-um-acampamento-europeu-para-dormir-fora-para-seu-filho\/#primaryimage","url":"https:\/\/www.leselfes.com\/wp-content\/uploads\/2021\/06\/Summer-Camp-For-Child.jpg","contentUrl":"https:\/\/www.leselfes.com\/wp-content\/uploads\/2021\/06\/Summer-Camp-For-Child.jpg"},{"@type":"BreadcrumbList","@id":"https:\/\/www.leselfes.com\/pt-br\/os-beneficios-de-um-acampamento-europeu-para-dormir-fora-para-seu-filho\/#breadcrumb","itemListElement":[{"@type":"ListItem","position":1,"name":"Home","item":"https:\/\/www.leselfes.com\/pt-br\/"},{"@type":"ListItem","position":2,"name":"Os benef\u00edcios de um acampamento europeu para dormir fora para seu filho"}]},{"@type":"WebSite","@id":"https:\/\/dev.leselfes.com\/#website","url":"https:\/\/dev.leselfes.com\/","name":"Les Elfes International","description":"Les Elfes International, Verbier Switzerland. Summer Camp, Winter Camp, Spring Camps.","publisher":{"@id":"https:\/\/dev.leselfes.com\/#organization"},"alternateName":"Les Elfes International","potentialAction":[{"@type":"SearchAction","target":{"@type":"EntryPoint","urlTemplate":"https:\/\/dev.leselfes.com\/?s={search_term_string}"},"query-input":{"@type":"PropertyValueSpecification","valueRequired":true,"valueName":"search_term_string"}}],"inLanguage":"pt-BR"},{"@type":"Organization","@id":"https:\/\/dev.leselfes.com\/#organization","name":"Les Elfes International","alternateName":"Les Elfes International","url":"https:\/\/dev.leselfes.com\/","logo":{"@type":"ImageObject","inLanguage":"pt-BR","@id":"https:\/\/dev.leselfes.com\/#\/schema\/logo\/image\/","url":"https:\/\/www.leselfes.com\/wp-content\/uploads\/2022\/03\/leselfes-logo.png","contentUrl":"https:\/\/www.leselfes.com\/wp-content\/uploads\/2022\/03\/leselfes-logo.png","width":233,"height":51,"caption":"Les Elfes International"},"image":{"@id":"https:\/\/dev.leselfes.com\/#\/schema\/logo\/image\/"},"sameAs":["https:\/\/www.facebook.com\/LesElfesVerbier","https:\/\/x.com\/LesElfesCamps","https:\/\/www.instagram.com\/leselfes","https:\/\/www.linkedin.com\/company\/les-elfes-international","https:\/\/www.youtube.com\/user\/LesElfesVerbier"]},{"@type":"Person","@id":"https:\/\/dev.leselfes.com\/#\/schema\/person\/9e8c1c68ef43ed5c58fa46ac5d8ee338","name":"carlotta","image":{"@type":"ImageObject","inLanguage":"pt-BR","@id":"https:\/\/dev.leselfes.com\/#\/schema\/person\/image\/","url":"https:\/\/secure.gravatar.com\/avatar\/fdb243a028df450397b3632d862f87f6?s=96&d=mm&r=g","contentUrl":"https:\/\/secure.gravatar.com\/avatar\/fdb243a028df450397b3632d862f87f6?s=96&d=mm&r=g","caption":"carlotta"},"description":"Since 1987, Les Elfes International organizes ski trips &amp; field trips for leading schools around the world as well as winter &amp; summer camps for individual students aged between 6 y.o. and 17 y.o. from more than 60 nationalities. Welcoming 5'000 children and more than 200 schools a year from December until the end of October, Les Elfes has become a leading provider in the individual and school\u2019s trip industry. Our Winter and Summer Camps, ski and field trips provide more than just great activities and experiences. We introduce lifelong skills such as communicating with others without phone or laptop and understanding the value of living in a community away from home. Moreover, campers will be able to build a strong friend network and fortify the relationship among future classmates.","sameAs":["https:\/\/www.linkedin.com\/company\/les-elfes-international\/"],"url":"https:\/\/www.leselfes.com\/pt-br\/author\/carlotta\/"}]}},"_links":{"self":[{"href":"https:\/\/www.leselfes.com\/pt-br\/wp-json\/wp\/v2\/posts\/91645"}],"collection":[{"href":"https:\/\/www.leselfes.com\/pt-br\/wp-json\/wp\/v2\/posts"}],"about":[{"href":"https:\/\/www.leselfes.com\/pt-br\/wp-json\/wp\/v2\/types\/post"}],"author":[{"embeddable":true,"href":"https:\/\/www.leselfes.com\/pt-br\/wp-json\/wp\/v2\/users\/6"}],"replies":[{"embeddable":true,"href":"https:\/\/www.leselfes.com\/pt-br\/wp-json\/wp\/v2\/comments?post=91645"}],"version-history":[{"count":0,"href":"https:\/\/www.leselfes.com\/pt-br\/wp-json\/wp\/v2\/posts\/91645\/revisions"}],"wp:attachment":[{"href":"https:\/\/www.leselfes.com\/pt-br\/wp-json\/wp\/v2\/media?parent=91645"}],"wp:term":[{"taxonomy":"category","embeddable":true,"href":"https:\/\/www.leselfes.com\/pt-br\/wp-json\/wp\/v2\/categories?post=91645"},{"taxonomy":"post_tag","embeddable":true,"href":"https:\/\/www.leselfes.com\/pt-br\/wp-json\/wp\/v2\/tags?post=91645"}],"curies":[{"name":"wp","href":"https:\/\/api.w.org\/{rel}","templated":true}]}}