{"id":91713,"date":"2020-01-22T06:06:36","date_gmt":"2020-01-22T05:06:36","guid":{"rendered":"https:\/\/www.leselfes.com\/voce-esta-planejando-uma-viagem-para-o-euro-campaqui-esta-o-que-voce-precisa-saber\/"},"modified":"2024-11-12T12:04:08","modified_gmt":"2024-11-12T11:04:08","slug":"voce-esta-planejando-uma-viagem-para-o-euro-campaqui-esta-o-que-voce-precisa-saber","status":"publish","type":"post","link":"https:\/\/www.leselfes.com\/pt-br\/voce-esta-planejando-uma-viagem-para-o-euro-campaqui-esta-o-que-voce-precisa-saber\/","title":{"rendered":"Voc\u00ea est\u00e1 planejando uma viagem para o Euro Camp?\nAqui est\u00e1 o que voc\u00ea precisa saber"},"content":{"rendered":"\n<div class=\"wp-block-image\"><figure class=\"aligncenter size-large\"><img loading=\"lazy\" decoding=\"async\" width=\"799\" height=\"497\" src=\"https:\/\/www.leselfes.com\/wp-content\/uploads\/2020\/01\/Euro-Camp-Trip.jpg\" alt=\"Viagem para o Euro Camp\" class=\"wp-image-42177\" srcset=\"https:\/\/www.leselfes.com\/wp-content\/uploads\/2020\/01\/Euro-Camp-Trip.jpg 799w, https:\/\/www.leselfes.com\/wp-content\/uploads\/2020\/01\/Euro-Camp-Trip-300x187.jpg 300w, https:\/\/www.leselfes.com\/wp-content\/uploads\/2020\/01\/Euro-Camp-Trip-768x478.jpg 768w, https:\/\/www.leselfes.com\/wp-content\/uploads\/2020\/01\/Euro-Camp-Trip-320x199.jpg 320w, https:\/\/www.leselfes.com\/wp-content\/uploads\/2020\/01\/Euro-Camp-Trip-640x398.jpg 640w, https:\/\/www.leselfes.com\/wp-content\/uploads\/2020\/01\/Euro-Camp-Trip-360x224.jpg 360w, https:\/\/www.leselfes.com\/wp-content\/uploads\/2020\/01\/Euro-Camp-Trip-720x448.jpg 720w\" sizes=\"(max-width: 799px) 100vw, 799px\" \/><\/figure><\/div>\n\n<p>Acampar na Europa \u00e9 mais f\u00e1cil do que em outros continentes.\nVoc\u00ea pode encontrar facilmente um lugar para acampar em muitos sites especializados em camping.\nVoc\u00ea pode localizar facilmente um local para acampar em muitos sites especializados em acampamento.    <\/p>\n\n<p>Se voc\u00ea est\u00e1\nplanejando um acampamento na Europa, precisa reservar com anteced\u00eancia, especialmente durante a alta temporada de\n. Aqui est\u00e1 o que voc\u00ea <a href=\"https:\/\/www.leselfes.com\/pt-br\/swiss-luxury-marcas-de-luxo-populares-da-suica\/\">precisa saber<\/a> sobre acampar na Europa.   <\/p>\n\n<h2 class=\"wp-block-heading\">Como encontrar um acampamento<\/h2>\n\n<p>Acampar n\u00e3o \u00e9\napenas aventureiro, mas tamb\u00e9m \u00e9 um empreendimento mais familiar em compara\u00e7\u00e3o com\nficar em um hotel. Alguns resorts de camping na Europa se esfor\u00e7am para tornar a experi\u00eancia\nmais divertida, oferecendo uma ampla variedade de op\u00e7\u00f5es de acomoda\u00e7\u00e3o.   <\/p>\n\n<p>Isso inclui\nbangal\u00f4s e mini casas m\u00f3veis. Voc\u00ea pode alug\u00e1-los em vez de montar uma barraca\n. Voc\u00ea tamb\u00e9m ter\u00e1 acesso a uma piscina, uma sala de jogos e um\nplayground durante sua viagem de acampamento na Europa. Alguns acampamentos tamb\u00e9m oferecem uma piscina para crian\u00e7as\n.     <\/p>\n\n<h3 class=\"wp-block-heading\">&#8211; \nPosso acessar um acampamento\ncom um motorhome?<\/h3>\n\n<div class=\"wp-block-image\"><figure class=\"aligncenter size-large\"><img loading=\"lazy\" decoding=\"async\" width=\"535\" height=\"335\" src=\"https:\/\/www.leselfes.com\/wp-content\/uploads\/2020\/01\/Campground-With-A-Motorhome.jpg\" alt=\"Acampamento com um motorhome\" class=\"wp-image-42178\" srcset=\"https:\/\/www.leselfes.com\/wp-content\/uploads\/2020\/01\/Campground-With-A-Motorhome.jpg 535w, https:\/\/www.leselfes.com\/wp-content\/uploads\/2020\/01\/Campground-With-A-Motorhome-300x188.jpg 300w, https:\/\/www.leselfes.com\/wp-content\/uploads\/2020\/01\/Campground-With-A-Motorhome-320x200.jpg 320w, https:\/\/www.leselfes.com\/wp-content\/uploads\/2020\/01\/Campground-With-A-Motorhome-360x225.jpg 360w\" sizes=\"(max-width: 535px) 100vw, 535px\" \/><\/figure><\/div>\n\n<p>H\u00e1 v\u00e1rios lugares para se hospedar para pessoas que viajam em <a href=\"https:\/\/familyoffduty.com\/pros-and-cons-of-owning-a-motorhome\/\">motorhomes<\/a> na Espanha, Fran\u00e7a e Portugal. Alguns desses pa\u00edses oferecem \u00e1reas de estacionamento gratuito para motorhomes.   <\/p>\n\n<p>As caravanas n\u00e3o s\u00e3o\npermitidas e talvez voc\u00ea queira optar por uma campervan. No entanto, somente os\naut\u00f4nomos s\u00e3o permitidos. Voc\u00ea est\u00e1 viajando em um motorhome ou em uma\ncaravana? Se sim, voc\u00ea precisa entender que os locais de estacionamento est\u00e3o dispon\u00edveis apenas\npara pernoite. Ainda assim, eles s\u00e3o \u00f3timos para campistas em busca de\nlugares para descansar de uma longa viagem.      <\/p>\n\n<p>Antes de usar um motorhome\n, reserve um tempo para encontrar mais locais gratuitos para pernoite nos sites de guias de viagem\nna Europa. \u00c9 prov\u00e1vel que voc\u00ea encontre \u00f3timos locais em vinhedos e fazendas\n. Voc\u00ea est\u00e1 viajando com um or\u00e7amento limitado? Tenha cuidado quando voc\u00ea se hospedar em\nvinhedos. Isso porque voc\u00ea pode acabar gastando mais em vinho do que havia\nplanejado.      <\/p>\n\n<h3 class=\"wp-block-heading\">&#8211; \ndurante a alta temporada<\/h3>\n\n<p>Muitos resorts de camping\ndiversificam seus servi\u00e7os durante a alta temporada, que ocorre entre\njulho e agosto. Algumas das grandes instala\u00e7\u00f5es podem organizar atividades\ninfantis para crian\u00e7as de diferentes idades. Al\u00e9m disso, h\u00e1 restaurantes que\noferecem uma ampla variedade de refei\u00e7\u00f5es para os campistas experimentarem.  <\/p>\n\n<h3 class=\"wp-block-heading\">&#8211; \nUm martelo ser\u00e1 \u00fatil em\n<\/h3>\n\n<p>Muitos campistas\npreferem um martelo de borracha a um martelo. Entretanto, \u00e0s vezes o martelo funciona\nmelhor. Por exemplo, se voc\u00ea estiver acampando em terreno duro e pedregoso, um martelo de borracha\nser\u00e1 de pouca ajuda.    <\/p>\n\n<p>\u00c9 prov\u00e1vel que voc\u00ea\nexperimente tais situa\u00e7\u00f5es na Cro\u00e1cia e na Espanha. Se o seu itiner\u00e1rio incluir\nesses pa\u00edses, voc\u00ea precisar\u00e1 de um pequeno martelo para ajudar a montar a barraca em\nterreno rochoso.   <\/p>\n\n<p>Muitas barracas v\u00eam\ncom estacas finas que s\u00f3 funcionam bem para prender o cabo de sustenta\u00e7\u00e3o da barraca. Para\nprender e refor\u00e7ar os cantos da sua barraca, voc\u00ea ter\u00e1 de comprar\nestacas de barraca retas e mais grossas. Lembre-se de comprar tamb\u00e9m um puxador de estacas\n.    <\/p>\n\n<h3 class=\"wp-block-heading\">&#8211; \nPack Strong Pegs<\/h3>\n\n<p>\u00c0s vezes, o solo do\nestar\u00e1 seco e duro, especialmente no <a href=\"https:\/\/www.leselfes.com\/pt-br\/?page_id=89241\">ver\u00e3o<\/a>. Nesse caso,\nvoc\u00ea precisar\u00e1 de estacas fortes que possam ser marteladas sem dobrar. O pl\u00e1stico\ne as \u00e2ncoras de metal leve decepcionar\u00e3o voc\u00ea. Opte por estacas de a\u00e7o resistentes e\nuse o martelo para finc\u00e1-las firmemente no solo.     <\/p>\n\n<h3 class=\"wp-block-heading\">&#8211; \nTenha uma grande quantidade de mosquitos\nVelas e cremes repelentes<\/h3>\n\n<p>A \u00faltima coisa que voc\u00ea\nquer ao sair para acampar \u00e9 ficar doente. As picadas de mosquito, especialmente\n, podem arruinar todas as suas f\u00e9rias no acampamento europeu se estiverem infectadas. Leve consigo spray repelente de mosquitos, velas e creme\nsuficientes.    <\/p>\n\n<h2 class=\"wp-block-heading\">Acesso \u00e0 Internet<\/h2>\n\n<p>Atualmente, ter\nacesso \u00e0 Internet est\u00e1 se tornando rapidamente um requisito b\u00e1sico. Muitos acampamentos\nna Europa, principalmente os que ficam nas proximidades das grandes cidades, oferecem acesso \u00e0 Internet\npor meio de um cibercaf\u00e9. O WiFi tamb\u00e9m est\u00e1 dispon\u00edvel para portadores de laptop.    <\/p>\n\n<p>Um dos itens obrigat\u00f3rios em uma viagem de <a href=\"https:\/\/www.leselfes.com\/pt-br\/?page_id=90080\">acampamento na Europa<\/a> \u00e9 o adaptador branco e azul. Eles foram projetados especialmente para o plugue europeu. Lembre-se de que as vans de recrea\u00e7\u00e3o europeias v\u00eam com um plugue espec\u00edfico e voc\u00ea precisar\u00e1 de um adaptador compat\u00edvel para us\u00e1-lo.    <\/p>\n\n<p>Em geral, o WiFi est\u00e1\ndispon\u00edvel em todos os campings da Europa em torno dos bares e da \u00e1rea de recep\u00e7\u00e3o. Em\nalguns, o WiFi cobre at\u00e9 70% de toda a \u00e1rea. Alguns locais cobrar\u00e3o de voc\u00ea por\nusar o WiFi em mais de um dispositivo. No entanto, as tarifas s\u00e3o bastante\namig\u00e1veis.     <\/p>\n\n<h3 class=\"wp-block-heading\">&#8211; \nVelocidades da Internet<\/h3>\n\n<p>As velocidades da Internet variam\nde um acampamento para outro. Por exemplo, voc\u00ea pode fazer upload de at\u00e9 5 GBs de\nfotos rapidamente na conex\u00e3o WiFi paga.\nEm alguns acampamentos, no entanto, a velocidade da Internet ser\u00e1 mais lenta \u00e0 noite, quando todos estiverem ocupados transmitindo seus\nv\u00eddeos favoritos. Mesmo assim, a conex\u00e3o WiFi nos acampamentos \u00e9 melhor do que\nnos hot\u00e9is.     <\/p>\n\n<h2 class=\"wp-block-heading\">Cozinhar e comer<\/h2>\n\n<div class=\"wp-block-image\"><figure class=\"aligncenter size-large\"><img loading=\"lazy\" decoding=\"async\" width=\"799\" height=\"534\" src=\"https:\/\/www.leselfes.com\/wp-content\/uploads\/2020\/01\/Cooking-And-Eating.jpg\" alt=\"Cozinhar e comer\" class=\"wp-image-42180\" srcset=\"https:\/\/www.leselfes.com\/wp-content\/uploads\/2020\/01\/Cooking-And-Eating.jpg 799w, https:\/\/www.leselfes.com\/wp-content\/uploads\/2020\/01\/Cooking-And-Eating-300x201.jpg 300w, https:\/\/www.leselfes.com\/wp-content\/uploads\/2020\/01\/Cooking-And-Eating-768x513.jpg 768w, https:\/\/www.leselfes.com\/wp-content\/uploads\/2020\/01\/Cooking-And-Eating-320x214.jpg 320w, https:\/\/www.leselfes.com\/wp-content\/uploads\/2020\/01\/Cooking-And-Eating-640x428.jpg 640w, https:\/\/www.leselfes.com\/wp-content\/uploads\/2020\/01\/Cooking-And-Eating-360x241.jpg 360w, https:\/\/www.leselfes.com\/wp-content\/uploads\/2020\/01\/Cooking-And-Eating-720x481.jpg 720w\" sizes=\"(max-width: 799px) 100vw, 799px\" \/><\/figure><\/div>\n\n<p>Quase todos os acampamentos na Europa t\u00eam um restaurante.\nIsso \u00e9 \u00f3timo, especialmente para voc\u00ea que n\u00e3o gosta de cozinhar para si mesmo.\nLembre-se de que muitos dos locais de acampamento na Europa n\u00e3o t\u00eam mesas de piquenique.\nSe voc\u00ea preferir cozinhar para si mesmo, talvez seja necess\u00e1rio converter sua lona ultraleve em uma cozinha e uma mesa.   <\/p>\n\n<h3 class=\"wp-block-heading\">&#8211; \nCarregue gasolina suficiente<\/h3>\n\n<p>\u00c9 prov\u00e1vel que\nseu g\u00e1s normal n\u00e3o esteja dispon\u00edvel na Europa. Se voc\u00ea for levar sua churrasqueira\nou fog\u00e3o, leve g\u00e1s suficiente para durar toda a viagem pelo Eurocamp\n. Lembre-se de que alguns pa\u00edses t\u00eam restri\u00e7\u00f5es quando se trata de transportar\ng\u00e1s pelo Eurot\u00fanel e pelas balsas. Nesse caso, alugar um fog\u00e3o no camping\nseria a melhor op\u00e7\u00e3o.     <\/p>\n\n<h3 class=\"wp-block-heading\">&#8211; \nCarregue sua bacia de lavagem<\/h3>\n\n<p>Muitas vezes, os plugues de pia\ndesaparecem em muitos acampamentos na Europa e em outras partes do mundo tamb\u00e9m. Leve uma tigela de lavar\npara voc\u00ea se prevenir. Sempre que poss\u00edvel, compre uma tigela dobr\u00e1vel\n.    <\/p>\n\n<h3 class=\"wp-block-heading\">&#8211; \nVoc\u00ea pode n\u00e3o encontrar gelo em\nalgumas partes da Fran\u00e7a<\/h3>\n\n<p>Encontrar gelo em\nalgumas partes da Fran\u00e7a pode ser dif\u00edcil. Para piorar a situa\u00e7\u00e3o, muitos acampamentos,\npostos de gasolina e supermercados tamb\u00e9m n\u00e3o o vendem. Se voc\u00ea precisar tomar bebidas\ngeladas, compre legumes congelados e use-os como uma solu\u00e7\u00e3o tempor\u00e1ria de resfriamento\n.    <\/p>\n\n<p>Em vez disso, voc\u00ea pode alugar uma\ngeladeira. Embora muitos campistas optem por uma caixa t\u00e9rmica, ela n\u00e3o funcionar\u00e1\nadequadamente, especialmente em temperaturas extremas. Se voc\u00ea precisar armazenar alimentos\ne bebidas por um per\u00edodo mais longo, alugar uma geladeira seria a solu\u00e7\u00e3o ideal.\nVoc\u00ea n\u00e3o precisa levar sua pr\u00f3pria geladeira. Muitos acampamentos na Europa alugam\num para voc\u00ea durante o per\u00edodo de acampamento.     <\/p>\n\n<h3 class=\"wp-block-heading\">&#8211; \nAnimais de fazenda<\/h3>\n\n<div class=\"wp-block-image\"><figure class=\"aligncenter size-large\"><img loading=\"lazy\" decoding=\"async\" width=\"800\" height=\"600\" src=\"https:\/\/www.leselfes.com\/wp-content\/uploads\/2020\/01\/Farm-Animals.jpg\" alt=\"Animais de fazenda\" class=\"wp-image-42181\" srcset=\"https:\/\/www.leselfes.com\/wp-content\/uploads\/2020\/01\/Farm-Animals.jpg 800w, https:\/\/www.leselfes.com\/wp-content\/uploads\/2020\/01\/Farm-Animals-300x225.jpg 300w, https:\/\/www.leselfes.com\/wp-content\/uploads\/2020\/01\/Farm-Animals-768x576.jpg 768w, https:\/\/www.leselfes.com\/wp-content\/uploads\/2020\/01\/Farm-Animals-320x240.jpg 320w, https:\/\/www.leselfes.com\/wp-content\/uploads\/2020\/01\/Farm-Animals-640x480.jpg 640w, https:\/\/www.leselfes.com\/wp-content\/uploads\/2020\/01\/Farm-Animals-360x270.jpg 360w, https:\/\/www.leselfes.com\/wp-content\/uploads\/2020\/01\/Farm-Animals-720x540.jpg 720w\" sizes=\"(max-width: 800px) 100vw, 800px\" \/><\/figure><\/div>\n\n<p>Alguns dos acampamentos na Fran\u00e7a, especialmente os pequenos acampamentos familiares, t\u00eam p\u00f4neis, galinhas e cabras.\n\u00c0s vezes, voc\u00ea e seus filhos podem fazer passeios de p\u00f4nei.\nVoc\u00ea tamb\u00e9m ter\u00e1 acesso f\u00e1cil a ovos frescos e carne de frango.    <\/p>\n\n<h2 class=\"wp-block-heading\">Instala\u00e7\u00f5es<\/h2>\n\n<p>As instala\u00e7\u00f5es na\nEuropa s\u00e3o diferentes das que voc\u00ea encontraria em outros continentes. Para come\u00e7ar,\nnem todos os acampamentos na Europa permitem o uso de barracas. Alguns deles s\u00f3 permitem\no uso de vans recreativas. Fa\u00e7a uma extensa pesquisa sobre todos os locais de acampamento\nantes de voc\u00ea come\u00e7ar sua viagem de acampamento na Europa. Voc\u00ea n\u00e3o quer chegar com toda a sua fam\u00edlia\ncansada e ser recusado.      <\/p>\n\n<h2 class=\"wp-block-heading\">Lavanderia<\/h2>\n\n<p>Se voc\u00ea precisar\nlimpar sua roupa, muitos acampamentos na Europa t\u00eam v\u00e1rias instala\u00e7\u00f5es que permitem\nlavar as m\u00e3os. Em geral, isso seria imposs\u00edvel em hot\u00e9is ou albergues. Entretanto,\nalguns campings t\u00eam restri\u00e7\u00f5es quanto ao uso de varais. Nesse caso,\nvoc\u00ea pode usar cordas de barraca. Se optar por usar servi\u00e7os de lavanderia operados por moedas na\nEuropa, voc\u00ea desembolsar\u00e1 aproximadamente \u20ac 4 somente para lavar a roupa. Os servi\u00e7os de lavagem e\nsecagem custar\u00e3o cerca de \u20ac 7.       <\/p>\n\n<h2 class=\"wp-block-heading\">Ao acampar ao longo do Mediterr\u00e2neo\nRegi\u00f5es na Europa<\/h2>\n\n<p>Banheiros combinados\ne chuveiros s\u00e3o comuns nessas \u00e1reas. Voc\u00ea precisa ser cauteloso, especialmente\npela manh\u00e3, para evitar apertar o bot\u00e3o do chuveiro em vez do bot\u00e3o da descarga. Voc\u00ea\nn\u00e3o quer que a \u00e1gua fria passe pelo seu corpo em uma manh\u00e3 fria quando voc\u00ea\nn\u00e3o est\u00e1 pronto para tomar banho.  <\/p>\n\n<h2 class=\"wp-block-heading\">Acampar sem um ve\u00edculo\nrecreativo ou uma barraca<\/h2>\n\n<div class=\"wp-block-image\"><figure class=\"aligncenter size-large\"><img loading=\"lazy\" decoding=\"async\" width=\"800\" height=\"600\" src=\"https:\/\/www.leselfes.com\/wp-content\/uploads\/2020\/01\/Recreational-Vehicle-Or-A-Tent.jpg\" alt=\"Ve&#xED;culo recreativo ou barraca\" class=\"wp-image-42182\" srcset=\"https:\/\/www.leselfes.com\/wp-content\/uploads\/2020\/01\/Recreational-Vehicle-Or-A-Tent.jpg 800w, https:\/\/www.leselfes.com\/wp-content\/uploads\/2020\/01\/Recreational-Vehicle-Or-A-Tent-300x225.jpg 300w, https:\/\/www.leselfes.com\/wp-content\/uploads\/2020\/01\/Recreational-Vehicle-Or-A-Tent-768x576.jpg 768w, https:\/\/www.leselfes.com\/wp-content\/uploads\/2020\/01\/Recreational-Vehicle-Or-A-Tent-320x240.jpg 320w, https:\/\/www.leselfes.com\/wp-content\/uploads\/2020\/01\/Recreational-Vehicle-Or-A-Tent-640x480.jpg 640w, https:\/\/www.leselfes.com\/wp-content\/uploads\/2020\/01\/Recreational-Vehicle-Or-A-Tent-360x270.jpg 360w, https:\/\/www.leselfes.com\/wp-content\/uploads\/2020\/01\/Recreational-Vehicle-Or-A-Tent-720x540.jpg 720w\" sizes=\"(max-width: 800px) 100vw, 800px\" \/><\/figure><\/div>\n\n<p>Durante sua viagem ao Euro Camp, voc\u00ea encontrar\u00e1 muitas pessoas que n\u00e3o est\u00e3o acampando.\nMuitos dos acampamentos na Europa oferecem solu\u00e7\u00f5es de acomoda\u00e7\u00e3o para esse grupo.\nVoc\u00ea pode encontrar desde bangal\u00f4s em estilo dormit\u00f3rio at\u00e9 lindas cabanas, que s\u00e3o comuns em Bruges, na B\u00e9lgica.    <\/p>\n\n<p>Veneza oferece trailers fixos e albergues com barracas.\nOs viajantes mais aventureiros que visitam Melnik, na Rep\u00fablica Tcheca, podem dormir em enormes barris de vinho.\nVoc\u00ea n\u00e3o precisa dormir em uma barraca para aproveitar sua viagem de acampamento.\nVoc\u00ea pode experimentar outras op\u00e7\u00f5es econ\u00f4micas dispon\u00edveis em diferentes acampamentos na Europa.     <\/p>\n\n<h2 class=\"wp-block-heading\">Voc\u00ea \u00e9 aracnof\u00f3bico?<\/h2>\n\n<p><a href=\"https:\/\/en.wikipedia.org\/wiki\/Arachnophobia\">A aracnofobia<\/a> \u00e9 o medo extremo\nde aranhas e outros insetos rastejantes. Se voc\u00ea se enquadra nessa categoria,\ncertifique-se de que sua barraca esteja sempre fechada. As aranhas s\u00e3o raras na Fran\u00e7a e mesmo\nquando voc\u00ea encontrar uma, \u00e9 prov\u00e1vel que ela n\u00e3o seja venenosa.    <\/p>\n\n<p>Sacuda bem a barraca\nantes de enrol\u00e1-la no final da viagem de acampamento na Europa. Talvez voc\u00ea n\u00e3o encontre\nnenhuma aranha na Espanha, mas ter\u00e1 de tomar cuidado com escorpi\u00f5es ao acampar em\nGranada. Sempre mantenha seus sapatos dentro da barraca e sacuda-os bem antes de\nus\u00e1-los.    <\/p>\n\n<h2 class=\"wp-block-heading\">Finalmente<\/h2>\n\n<p>Voc\u00ea est\u00e1 pensando em acampar na Europa?\nComece a planejar sua viagem com anteced\u00eancia.\nV\u00e1rios acampamentos na Europa oferecem servi\u00e7os para fam\u00edlias.\nAcampar na Europa \u00e9 seguro e uma das maneiras mais econ\u00f4micas de voc\u00ea se hospedar e explorar o continente.     <\/p>\n\n<p>Voc\u00ea tamb\u00e9m conhecer\u00e1 e interagir\u00e1 com pessoas de diferentes regi\u00f5es e culturas.\nAl\u00e9m disso, voc\u00ea ter\u00e1 uma experi\u00eancia em primeira m\u00e3o de algumas coisas que voc\u00ea s\u00f3 l\u00ea em livros.   <\/p>\n","protected":false},"excerpt":{"rendered":"<p>Voc\u00ea est\u00e1 planejando uma viagem de acampamento para a Europa?<br \/>\nAqui est\u00e1 o que voc\u00ea precisa saber <\/p>\n","protected":false},"author":1,"featured_media":72344,"comment_status":"open","ping_status":"open","sticky":false,"template":"","format":"standard","meta":{"_acf_changed":false,"inline_featured_image":false,"footnotes":""},"categories":[1351],"tags":[],"class_list":{"0":"post-91713","1":"post","2":"type-post","3":"status-publish","4":"format-standard","5":"has-post-thumbnail","7":"category-artigos-pt-br"},"acf":[],"yoast_head":"<!-- This site is optimized with the Yoast SEO Premium plugin v24.2 (Yoast SEO v24.7) - https:\/\/yoast.com\/wordpress\/plugins\/seo\/ -->\n<title>Voc\u00ea est\u00e1 planejando uma viagem para o Euro Camp? Aqui est\u00e1 o que voc\u00ea precisa saber - Les Elfes International Camps Switzerland<\/title>\n<meta name=\"robots\" content=\"index, follow, max-snippet:-1, max-image-preview:large, max-video-preview:-1\" \/>\n<link rel=\"canonical\" href=\"https:\/\/www.leselfes.com\/pt-br\/voce-esta-planejando-uma-viagem-para-o-euro-campaqui-esta-o-que-voce-precisa-saber\/\" \/>\n<meta property=\"og:locale\" content=\"pt_BR\" \/>\n<meta property=\"og:type\" content=\"article\" \/>\n<meta property=\"og:title\" content=\"Voc\u00ea est\u00e1 planejando uma viagem para o Euro Camp? Aqui est\u00e1 o que voc\u00ea precisa saber\" \/>\n<meta property=\"og:description\" content=\"Voc\u00ea est\u00e1 planejando uma viagem de acampamento para a Europa? Aqui est\u00e1 o que voc\u00ea precisa saber\" \/>\n<meta property=\"og:url\" content=\"https:\/\/www.leselfes.com\/pt-br\/voce-esta-planejando-uma-viagem-para-o-euro-campaqui-esta-o-que-voce-precisa-saber\/\" \/>\n<meta property=\"og:site_name\" content=\"Les Elfes International Camps Switzerland\" \/>\n<meta property=\"article:publisher\" content=\"https:\/\/www.facebook.com\/LesElfesVerbier\" \/>\n<meta property=\"article:published_time\" content=\"2020-01-22T05:06:36+00:00\" \/>\n<meta property=\"article:modified_time\" content=\"2024-11-12T11:04:08+00:00\" \/>\n<meta property=\"og:image\" content=\"https:\/\/dev.leselfes.com\/wp-content\/uploads\/2020\/01\/kidsmain_2.jpg\" \/>\n\t<meta property=\"og:image:width\" content=\"960\" \/>\n\t<meta property=\"og:image:height\" content=\"480\" \/>\n\t<meta property=\"og:image:type\" content=\"image\/jpeg\" \/>\n<meta name=\"author\" content=\"lesadmin\" \/>\n<meta name=\"twitter:card\" content=\"summary_large_image\" \/>\n<meta name=\"twitter:creator\" content=\"@LesElfesCamps\" \/>\n<meta name=\"twitter:site\" content=\"@LesElfesCamps\" \/>\n<meta name=\"twitter:label1\" content=\"Escrito por\" \/>\n\t<meta name=\"twitter:data1\" content=\"lesadmin\" \/>\n\t<meta name=\"twitter:label2\" content=\"Est. tempo de leitura\" \/>\n\t<meta name=\"twitter:data2\" content=\"9 minutos\" \/>\n<script type=\"application\/ld+json\" class=\"yoast-schema-graph\">{\"@context\":\"https:\/\/schema.org\",\"@graph\":[{\"@type\":\"Article\",\"@id\":\"https:\/\/www.leselfes.com\/pt-br\/voce-esta-planejando-uma-viagem-para-o-euro-campaqui-esta-o-que-voce-precisa-saber\/#article\",\"isPartOf\":{\"@id\":\"https:\/\/www.leselfes.com\/pt-br\/voce-esta-planejando-uma-viagem-para-o-euro-campaqui-esta-o-que-voce-precisa-saber\/\"},\"author\":{\"name\":\"lesadmin\",\"@id\":\"https:\/\/dev.leselfes.com\/#\/schema\/person\/407a229698868b8c603874b19f37f289\"},\"headline\":\"Voc\u00ea est\u00e1 planejando uma viagem para o Euro Camp? Aqui est\u00e1 o que voc\u00ea precisa saber\",\"datePublished\":\"2020-01-22T05:06:36+00:00\",\"dateModified\":\"2024-11-12T11:04:08+00:00\",\"mainEntityOfPage\":{\"@id\":\"https:\/\/www.leselfes.com\/pt-br\/voce-esta-planejando-uma-viagem-para-o-euro-campaqui-esta-o-que-voce-precisa-saber\/\"},\"wordCount\":1764,\"commentCount\":0,\"publisher\":{\"@id\":\"https:\/\/dev.leselfes.com\/#organization\"},\"image\":{\"@id\":\"https:\/\/www.leselfes.com\/pt-br\/voce-esta-planejando-uma-viagem-para-o-euro-campaqui-esta-o-que-voce-precisa-saber\/#primaryimage\"},\"thumbnailUrl\":\"https:\/\/www.leselfes.com\/wp-content\/uploads\/2020\/01\/kidsmain_2.jpg\",\"articleSection\":[\"Artigos\"],\"inLanguage\":\"pt-BR\",\"potentialAction\":[{\"@type\":\"CommentAction\",\"name\":\"Comment\",\"target\":[\"https:\/\/www.leselfes.com\/pt-br\/voce-esta-planejando-uma-viagem-para-o-euro-campaqui-esta-o-que-voce-precisa-saber\/#respond\"]}]},{\"@type\":\"WebPage\",\"@id\":\"https:\/\/www.leselfes.com\/pt-br\/voce-esta-planejando-uma-viagem-para-o-euro-campaqui-esta-o-que-voce-precisa-saber\/\",\"url\":\"https:\/\/www.leselfes.com\/pt-br\/voce-esta-planejando-uma-viagem-para-o-euro-campaqui-esta-o-que-voce-precisa-saber\/\",\"name\":\"Voc\u00ea est\u00e1 planejando uma viagem para o Euro Camp? Aqui est\u00e1 o que voc\u00ea precisa saber - Les Elfes International Camps Switzerland\",\"isPartOf\":{\"@id\":\"https:\/\/dev.leselfes.com\/#website\"},\"primaryImageOfPage\":{\"@id\":\"https:\/\/www.leselfes.com\/pt-br\/voce-esta-planejando-uma-viagem-para-o-euro-campaqui-esta-o-que-voce-precisa-saber\/#primaryimage\"},\"image\":{\"@id\":\"https:\/\/www.leselfes.com\/pt-br\/voce-esta-planejando-uma-viagem-para-o-euro-campaqui-esta-o-que-voce-precisa-saber\/#primaryimage\"},\"thumbnailUrl\":\"https:\/\/www.leselfes.com\/wp-content\/uploads\/2020\/01\/kidsmain_2.jpg\",\"datePublished\":\"2020-01-22T05:06:36+00:00\",\"dateModified\":\"2024-11-12T11:04:08+00:00\",\"breadcrumb\":{\"@id\":\"https:\/\/www.leselfes.com\/pt-br\/voce-esta-planejando-uma-viagem-para-o-euro-campaqui-esta-o-que-voce-precisa-saber\/#breadcrumb\"},\"inLanguage\":\"pt-BR\",\"potentialAction\":[{\"@type\":\"ReadAction\",\"target\":[\"https:\/\/www.leselfes.com\/pt-br\/voce-esta-planejando-uma-viagem-para-o-euro-campaqui-esta-o-que-voce-precisa-saber\/\"]}]},{\"@type\":\"ImageObject\",\"inLanguage\":\"pt-BR\",\"@id\":\"https:\/\/www.leselfes.com\/pt-br\/voce-esta-planejando-uma-viagem-para-o-euro-campaqui-esta-o-que-voce-precisa-saber\/#primaryimage\",\"url\":\"https:\/\/www.leselfes.com\/wp-content\/uploads\/2020\/01\/kidsmain_2.jpg\",\"contentUrl\":\"https:\/\/www.leselfes.com\/wp-content\/uploads\/2020\/01\/kidsmain_2.jpg\",\"width\":960,\"height\":480},{\"@type\":\"BreadcrumbList\",\"@id\":\"https:\/\/www.leselfes.com\/pt-br\/voce-esta-planejando-uma-viagem-para-o-euro-campaqui-esta-o-que-voce-precisa-saber\/#breadcrumb\",\"itemListElement\":[{\"@type\":\"ListItem\",\"position\":1,\"name\":\"Home\",\"item\":\"https:\/\/www.leselfes.com\/pt-br\/\"},{\"@type\":\"ListItem\",\"position\":2,\"name\":\"Voc\u00ea est\u00e1 planejando uma viagem para o Euro Camp? Aqui est\u00e1 o que voc\u00ea precisa saber\"}]},{\"@type\":\"WebSite\",\"@id\":\"https:\/\/dev.leselfes.com\/#website\",\"url\":\"https:\/\/dev.leselfes.com\/\",\"name\":\"Les Elfes International\",\"description\":\"Les Elfes International, Verbier Switzerland. Summer Camp, Winter Camp, Spring Camps.\",\"publisher\":{\"@id\":\"https:\/\/dev.leselfes.com\/#organization\"},\"alternateName\":\"Les Elfes International\",\"potentialAction\":[{\"@type\":\"SearchAction\",\"target\":{\"@type\":\"EntryPoint\",\"urlTemplate\":\"https:\/\/dev.leselfes.com\/?s={search_term_string}\"},\"query-input\":{\"@type\":\"PropertyValueSpecification\",\"valueRequired\":true,\"valueName\":\"search_term_string\"}}],\"inLanguage\":\"pt-BR\"},{\"@type\":\"Organization\",\"@id\":\"https:\/\/dev.leselfes.com\/#organization\",\"name\":\"Les Elfes International\",\"alternateName\":\"Les Elfes International\",\"url\":\"https:\/\/dev.leselfes.com\/\",\"logo\":{\"@type\":\"ImageObject\",\"inLanguage\":\"pt-BR\",\"@id\":\"https:\/\/dev.leselfes.com\/#\/schema\/logo\/image\/\",\"url\":\"https:\/\/www.leselfes.com\/wp-content\/uploads\/2022\/03\/leselfes-logo.png\",\"contentUrl\":\"https:\/\/www.leselfes.com\/wp-content\/uploads\/2022\/03\/leselfes-logo.png\",\"width\":233,\"height\":51,\"caption\":\"Les Elfes International\"},\"image\":{\"@id\":\"https:\/\/dev.leselfes.com\/#\/schema\/logo\/image\/\"},\"sameAs\":[\"https:\/\/www.facebook.com\/LesElfesVerbier\",\"https:\/\/x.com\/LesElfesCamps\",\"https:\/\/www.instagram.com\/leselfes\",\"https:\/\/www.linkedin.com\/company\/les-elfes-international\",\"https:\/\/www.youtube.com\/user\/LesElfesVerbier\"]},{\"@type\":\"Person\",\"@id\":\"https:\/\/dev.leselfes.com\/#\/schema\/person\/407a229698868b8c603874b19f37f289\",\"name\":\"lesadmin\",\"image\":{\"@type\":\"ImageObject\",\"inLanguage\":\"pt-BR\",\"@id\":\"https:\/\/dev.leselfes.com\/#\/schema\/person\/image\/\",\"url\":\"https:\/\/secure.gravatar.com\/avatar\/fdb243a028df450397b3632d862f87f6?s=96&d=mm&r=g\",\"contentUrl\":\"https:\/\/secure.gravatar.com\/avatar\/fdb243a028df450397b3632d862f87f6?s=96&d=mm&r=g\",\"caption\":\"lesadmin\"},\"url\":\"https:\/\/www.leselfes.com\/pt-br\/author\/lesadmin\/\"}]}<\/script>\n<!-- \/ Yoast SEO Premium plugin. -->","yoast_head_json":{"title":"Voc\u00ea est\u00e1 planejando uma viagem para o Euro Camp? Aqui est\u00e1 o que voc\u00ea precisa saber - Les Elfes International Camps Switzerland","robots":{"index":"index","follow":"follow","max-snippet":"max-snippet:-1","max-image-preview":"max-image-preview:large","max-video-preview":"max-video-preview:-1"},"canonical":"https:\/\/www.leselfes.com\/pt-br\/voce-esta-planejando-uma-viagem-para-o-euro-campaqui-esta-o-que-voce-precisa-saber\/","og_locale":"pt_BR","og_type":"article","og_title":"Voc\u00ea est\u00e1 planejando uma viagem para o Euro Camp? Aqui est\u00e1 o que voc\u00ea precisa saber","og_description":"Voc\u00ea est\u00e1 planejando uma viagem de acampamento para a Europa? Aqui est\u00e1 o que voc\u00ea precisa saber","og_url":"https:\/\/www.leselfes.com\/pt-br\/voce-esta-planejando-uma-viagem-para-o-euro-campaqui-esta-o-que-voce-precisa-saber\/","og_site_name":"Les Elfes International Camps Switzerland","article_publisher":"https:\/\/www.facebook.com\/LesElfesVerbier","article_published_time":"2020-01-22T05:06:36+00:00","article_modified_time":"2024-11-12T11:04:08+00:00","og_image":[{"width":960,"height":480,"url":"https:\/\/dev.leselfes.com\/wp-content\/uploads\/2020\/01\/kidsmain_2.jpg","type":"image\/jpeg"}],"author":"lesadmin","twitter_card":"summary_large_image","twitter_creator":"@LesElfesCamps","twitter_site":"@LesElfesCamps","twitter_misc":{"Escrito por":"lesadmin","Est. tempo de leitura":"9 minutos"},"schema":{"@context":"https:\/\/schema.org","@graph":[{"@type":"Article","@id":"https:\/\/www.leselfes.com\/pt-br\/voce-esta-planejando-uma-viagem-para-o-euro-campaqui-esta-o-que-voce-precisa-saber\/#article","isPartOf":{"@id":"https:\/\/www.leselfes.com\/pt-br\/voce-esta-planejando-uma-viagem-para-o-euro-campaqui-esta-o-que-voce-precisa-saber\/"},"author":{"name":"lesadmin","@id":"https:\/\/dev.leselfes.com\/#\/schema\/person\/407a229698868b8c603874b19f37f289"},"headline":"Voc\u00ea est\u00e1 planejando uma viagem para o Euro Camp? Aqui est\u00e1 o que voc\u00ea precisa saber","datePublished":"2020-01-22T05:06:36+00:00","dateModified":"2024-11-12T11:04:08+00:00","mainEntityOfPage":{"@id":"https:\/\/www.leselfes.com\/pt-br\/voce-esta-planejando-uma-viagem-para-o-euro-campaqui-esta-o-que-voce-precisa-saber\/"},"wordCount":1764,"commentCount":0,"publisher":{"@id":"https:\/\/dev.leselfes.com\/#organization"},"image":{"@id":"https:\/\/www.leselfes.com\/pt-br\/voce-esta-planejando-uma-viagem-para-o-euro-campaqui-esta-o-que-voce-precisa-saber\/#primaryimage"},"thumbnailUrl":"https:\/\/www.leselfes.com\/wp-content\/uploads\/2020\/01\/kidsmain_2.jpg","articleSection":["Artigos"],"inLanguage":"pt-BR","potentialAction":[{"@type":"CommentAction","name":"Comment","target":["https:\/\/www.leselfes.com\/pt-br\/voce-esta-planejando-uma-viagem-para-o-euro-campaqui-esta-o-que-voce-precisa-saber\/#respond"]}]},{"@type":"WebPage","@id":"https:\/\/www.leselfes.com\/pt-br\/voce-esta-planejando-uma-viagem-para-o-euro-campaqui-esta-o-que-voce-precisa-saber\/","url":"https:\/\/www.leselfes.com\/pt-br\/voce-esta-planejando-uma-viagem-para-o-euro-campaqui-esta-o-que-voce-precisa-saber\/","name":"Voc\u00ea est\u00e1 planejando uma viagem para o Euro Camp? Aqui est\u00e1 o que voc\u00ea precisa saber - Les Elfes International Camps Switzerland","isPartOf":{"@id":"https:\/\/dev.leselfes.com\/#website"},"primaryImageOfPage":{"@id":"https:\/\/www.leselfes.com\/pt-br\/voce-esta-planejando-uma-viagem-para-o-euro-campaqui-esta-o-que-voce-precisa-saber\/#primaryimage"},"image":{"@id":"https:\/\/www.leselfes.com\/pt-br\/voce-esta-planejando-uma-viagem-para-o-euro-campaqui-esta-o-que-voce-precisa-saber\/#primaryimage"},"thumbnailUrl":"https:\/\/www.leselfes.com\/wp-content\/uploads\/2020\/01\/kidsmain_2.jpg","datePublished":"2020-01-22T05:06:36+00:00","dateModified":"2024-11-12T11:04:08+00:00","breadcrumb":{"@id":"https:\/\/www.leselfes.com\/pt-br\/voce-esta-planejando-uma-viagem-para-o-euro-campaqui-esta-o-que-voce-precisa-saber\/#breadcrumb"},"inLanguage":"pt-BR","potentialAction":[{"@type":"ReadAction","target":["https:\/\/www.leselfes.com\/pt-br\/voce-esta-planejando-uma-viagem-para-o-euro-campaqui-esta-o-que-voce-precisa-saber\/"]}]},{"@type":"ImageObject","inLanguage":"pt-BR","@id":"https:\/\/www.leselfes.com\/pt-br\/voce-esta-planejando-uma-viagem-para-o-euro-campaqui-esta-o-que-voce-precisa-saber\/#primaryimage","url":"https:\/\/www.leselfes.com\/wp-content\/uploads\/2020\/01\/kidsmain_2.jpg","contentUrl":"https:\/\/www.leselfes.com\/wp-content\/uploads\/2020\/01\/kidsmain_2.jpg","width":960,"height":480},{"@type":"BreadcrumbList","@id":"https:\/\/www.leselfes.com\/pt-br\/voce-esta-planejando-uma-viagem-para-o-euro-campaqui-esta-o-que-voce-precisa-saber\/#breadcrumb","itemListElement":[{"@type":"ListItem","position":1,"name":"Home","item":"https:\/\/www.leselfes.com\/pt-br\/"},{"@type":"ListItem","position":2,"name":"Voc\u00ea est\u00e1 planejando uma viagem para o Euro Camp? Aqui est\u00e1 o que voc\u00ea precisa saber"}]},{"@type":"WebSite","@id":"https:\/\/dev.leselfes.com\/#website","url":"https:\/\/dev.leselfes.com\/","name":"Les Elfes International","description":"Les Elfes International, Verbier Switzerland. Summer Camp, Winter Camp, Spring Camps.","publisher":{"@id":"https:\/\/dev.leselfes.com\/#organization"},"alternateName":"Les Elfes International","potentialAction":[{"@type":"SearchAction","target":{"@type":"EntryPoint","urlTemplate":"https:\/\/dev.leselfes.com\/?s={search_term_string}"},"query-input":{"@type":"PropertyValueSpecification","valueRequired":true,"valueName":"search_term_string"}}],"inLanguage":"pt-BR"},{"@type":"Organization","@id":"https:\/\/dev.leselfes.com\/#organization","name":"Les Elfes International","alternateName":"Les Elfes International","url":"https:\/\/dev.leselfes.com\/","logo":{"@type":"ImageObject","inLanguage":"pt-BR","@id":"https:\/\/dev.leselfes.com\/#\/schema\/logo\/image\/","url":"https:\/\/www.leselfes.com\/wp-content\/uploads\/2022\/03\/leselfes-logo.png","contentUrl":"https:\/\/www.leselfes.com\/wp-content\/uploads\/2022\/03\/leselfes-logo.png","width":233,"height":51,"caption":"Les Elfes International"},"image":{"@id":"https:\/\/dev.leselfes.com\/#\/schema\/logo\/image\/"},"sameAs":["https:\/\/www.facebook.com\/LesElfesVerbier","https:\/\/x.com\/LesElfesCamps","https:\/\/www.instagram.com\/leselfes","https:\/\/www.linkedin.com\/company\/les-elfes-international","https:\/\/www.youtube.com\/user\/LesElfesVerbier"]},{"@type":"Person","@id":"https:\/\/dev.leselfes.com\/#\/schema\/person\/407a229698868b8c603874b19f37f289","name":"lesadmin","image":{"@type":"ImageObject","inLanguage":"pt-BR","@id":"https:\/\/dev.leselfes.com\/#\/schema\/person\/image\/","url":"https:\/\/secure.gravatar.com\/avatar\/fdb243a028df450397b3632d862f87f6?s=96&d=mm&r=g","contentUrl":"https:\/\/secure.gravatar.com\/avatar\/fdb243a028df450397b3632d862f87f6?s=96&d=mm&r=g","caption":"lesadmin"},"url":"https:\/\/www.leselfes.com\/pt-br\/author\/lesadmin\/"}]}},"_links":{"self":[{"href":"https:\/\/www.leselfes.com\/pt-br\/wp-json\/wp\/v2\/posts\/91713"}],"collection":[{"href":"https:\/\/www.leselfes.com\/pt-br\/wp-json\/wp\/v2\/posts"}],"about":[{"href":"https:\/\/www.leselfes.com\/pt-br\/wp-json\/wp\/v2\/types\/post"}],"author":[{"embeddable":true,"href":"https:\/\/www.leselfes.com\/pt-br\/wp-json\/wp\/v2\/users\/1"}],"replies":[{"embeddable":true,"href":"https:\/\/www.leselfes.com\/pt-br\/wp-json\/wp\/v2\/comments?post=91713"}],"version-history":[{"count":0,"href":"https:\/\/www.leselfes.com\/pt-br\/wp-json\/wp\/v2\/posts\/91713\/revisions"}],"wp:featuredmedia":[{"embeddable":true,"href":"https:\/\/www.leselfes.com\/pt-br\/wp-json\/wp\/v2\/media\/72344"}],"wp:attachment":[{"href":"https:\/\/www.leselfes.com\/pt-br\/wp-json\/wp\/v2\/media?parent=91713"}],"wp:term":[{"taxonomy":"category","embeddable":true,"href":"https:\/\/www.leselfes.com\/pt-br\/wp-json\/wp\/v2\/categories?post=91713"},{"taxonomy":"post_tag","embeddable":true,"href":"https:\/\/www.leselfes.com\/pt-br\/wp-json\/wp\/v2\/tags?post=91713"}],"curies":[{"name":"wp","href":"https:\/\/api.w.org\/{rel}","templated":true}]}}