{"id":91741,"date":"2020-01-08T06:59:02","date_gmt":"2020-01-08T05:59:02","guid":{"rendered":"https:\/\/www.leselfes.com\/como-planejar-as-ferias-de-esqui-ideais-para-a-familia\/"},"modified":"2024-11-12T12:04:46","modified_gmt":"2024-11-12T11:04:46","slug":"como-planejar-as-ferias-de-esqui-ideais-para-a-familia","status":"publish","type":"post","link":"https:\/\/www.leselfes.com\/pt-br\/como-planejar-as-ferias-de-esqui-ideais-para-a-familia\/","title":{"rendered":"Como planejar as f\u00e9rias de esqui ideais para a fam\u00edlia"},"content":{"rendered":"\n<div class=\"wp-block-image\"><figure class=\"aligncenter size-large\"><img loading=\"lazy\" decoding=\"async\" width=\"800\" height=\"545\" src=\"https:\/\/www.leselfes.com\/wp-content\/uploads\/2020\/01\/Ideal-Family-Ski-Holiday.jpg\" alt=\"F&#xE9;rias de esqui ideais para a fam&#xED;lia\" class=\"wp-image-42191\" srcset=\"https:\/\/www.leselfes.com\/wp-content\/uploads\/2020\/01\/Ideal-Family-Ski-Holiday.jpg 800w, https:\/\/www.leselfes.com\/wp-content\/uploads\/2020\/01\/Ideal-Family-Ski-Holiday-300x204.jpg 300w, https:\/\/www.leselfes.com\/wp-content\/uploads\/2020\/01\/Ideal-Family-Ski-Holiday-768x523.jpg 768w, https:\/\/www.leselfes.com\/wp-content\/uploads\/2020\/01\/Ideal-Family-Ski-Holiday-320x218.jpg 320w, https:\/\/www.leselfes.com\/wp-content\/uploads\/2020\/01\/Ideal-Family-Ski-Holiday-640x436.jpg 640w, https:\/\/www.leselfes.com\/wp-content\/uploads\/2020\/01\/Ideal-Family-Ski-Holiday-360x245.jpg 360w, https:\/\/www.leselfes.com\/wp-content\/uploads\/2020\/01\/Ideal-Family-Ski-Holiday-720x491.jpg 720w\" sizes=\"(max-width: 800px) 100vw, 800px\" \/><\/figure><\/div>\n\n<p>Planejar f\u00e9rias de esqui com a fam\u00edlia pode ser uma tarefa dif\u00edcil.\nCom tantos resorts de esqui para voc\u00ea escolher?   <\/p>\n\n<p>Determinar o local de partida com anteced\u00eancia suficiente permite que voc\u00ea\ngaranta os melhores resorts para suas necessidades de acomoda\u00e7\u00e3o e alimenta\u00e7\u00e3o. Al\u00e9m disso,\nvoc\u00ea pode garantir a admiss\u00e3o de crian\u00e7as em acampamentos de inverno ou aulas de esqui para seus filhos\nantes que as vagas se esgotem. Vamos discutir dicas para ajudar voc\u00ea a facilitar os preparativos para as f\u00e9rias de esqui em fam\u00edlia\nde 2019.    <\/p>\n\n<h2 class=\"wp-block-heading\">Escolha o melhor resort de esqui\n<\/h2>\n\n<p>A <a href=\"https:\/\/www.wisegeek.net\/what-should-i-consider-when-choosing-a-ski-resort.htm\">esta\u00e7\u00e3o de esqui<\/a> que voc\u00ea escolher para\nsuas f\u00e9rias de esqui em fam\u00edlia em 2019 pode ser decisiva para suas f\u00e9rias. Quais s\u00e3o algumas das considera\u00e7\u00f5es que voc\u00ea deve fazer\nao escolher um resort? <\/p>\n\n<h3 class=\"wp-block-heading\">&#8211; \nQuando\nvoc\u00ea estar\u00e1 viajando?<\/h3>\n\n<p>Determinar em que \u00e9poca do ano voc\u00ea precisa viajar\n\u00e9 fundamental para os preparativos das f\u00e9rias de esqui da sua fam\u00edlia. Por exemplo, se voc\u00ea viajar para\nno in\u00edcio de dezembro, ter\u00e1 uma boa rela\u00e7\u00e3o custo-benef\u00edcio. Isso ocorre porque muitos resorts de esqui\noferecem passes de telef\u00e9rico a pre\u00e7os com desconto. No entanto, \u00e9 prov\u00e1vel que voc\u00ea n\u00e3o tenha\nneve suficiente no in\u00edcio da temporada. Se esse for o caso, voc\u00ea pode optar por um\nresort com mais garantia de neve, embora com tarifas mais caras.      <\/p>\n\n<p>Voc\u00ea pode escolher as f\u00e9rias de Natal e Ano Novo\ncomo a \u00e9poca ideal para esquiar em fam\u00edlia. Dessa forma, toda a fam\u00edlia\nter\u00e1 tempo suficiente para criar v\u00ednculos e se atualizar sobre a vida de cada um.   <\/p>\n\n<h3 class=\"wp-block-heading\">&#8211; \nHolidaying\nem janeiro<\/h3>\n\n<p>Muitas vezes, tirar f\u00e9rias de esqui com a fam\u00edlia em 2019 em\njaneiro \u00e9 mais econ\u00f4mico. Voc\u00ea pode conseguir algumas ofertas interessantes de \u00faltima hora\nap\u00f3s a semana do Ano Novo. Embora haja neve suficiente em janeiro, os\ndias s\u00e3o bastante frios e curtos. Ainda assim, se voc\u00ea deseja muita neve e\nmenos filas, essa \u00e9 a \u00e9poca ideal.     <\/p>\n\n<h3 class=\"wp-block-heading\">&#8211; \nF\u00e9rias\nem fevereiro<\/h3>\n\n<p>Fevereiro \u00e9 a alta temporada e um dos\nmeses mais movimentados em muitos resorts de esqui. Uma grande porcentagem de turistas estar\u00e1\nnas pistas e as pistas estar\u00e3o lotadas. Como resultado, os pre\u00e7os tamb\u00e9m s\u00e3o altos\n. Se voc\u00ea quiser ter \u00f3timas f\u00e9rias de esqui em fam\u00edlia em 2019, a melhor coisa seria\nevitar a alta temporada.     <\/p>\n\n<h3 class=\"wp-block-heading\">&#8211; \nF\u00e9rias\nem mar\u00e7o<\/h3>\n\n<p>Mar\u00e7o traz um clima mais quente. Sua fam\u00edlia\ndesfrutar\u00e1 de almo\u00e7os informais e tardios nos terra\u00e7os ao sol e na esta\u00e7\u00e3o de esqui que voc\u00ea escolher\n. Entretanto, as temperaturas ligeiramente altas podem ser desconfort\u00e1veis nas\npistas mais baixas.    <\/p>\n\n<p>Se optar por tirar f\u00e9rias em abril, voc\u00ea\nencontrar\u00e1 dias ensolarados prolongados, encostas escorregadias e muitos churrascos.  <\/p>\n\n<p>A temporada de P\u00e1scoa oferece a voc\u00ea e sua fam\u00edlia a\n\u00faltima chance de esquiar antes do in\u00edcio do <a href=\"https:\/\/www.leselfes.com\/pt-br\/?page_id=89241\">ver\u00e3o<\/a>. As pistas tamb\u00e9m s\u00e3o mais silenciosas quando comparadas\nao meio per\u00edodo de fevereiro.   <\/p>\n\n<h2 class=\"wp-block-heading\">A experi\u00eancia ou\nn\u00edvel de habilidade dos membros de sua fam\u00edlia<\/h2>\n\n<p>H\u00e1 esquiadores novatos em sua fam\u00edlia? A esta\u00e7\u00e3o de esqui que voc\u00ea prefere\ntem terreno suficiente para iniciantes? Voc\u00ea tem pistas\ninfantis para crian\u00e7as pequenas? Essa seria uma \u00e1rea restrita completa com um tapete\npara facilitar o aprendizado e aumentar a confian\u00e7a. Todos os membros da sua fam\u00edlia\ns\u00e3o esquiadores experientes? Se sim, o resort oferece um terreno extenso\npara atender \u00e0s necessidades de voc\u00eas?       <\/p>\n\n<p>Os esquiadores experientes ficar\u00e3o entusiasmados em esquiar nas pistas \u00edngremes do\n. Os esquiadores iniciantes, no entanto, se sentir\u00e3o confort\u00e1veis <a href=\"https:\/\/www.leselfes.com\/ski-trips\/\">esquiando<\/a> em pistas bem cuidadas. Voc\u00ea precisa\ncomparar diferentes esta\u00e7\u00f5es de esqui antes de finalmente escolher uma que atenda \u00e0s suas\nnecessidades de forma abrangente.    <\/p>\n\n<p>Entenda a experi\u00eancia e o n\u00edvel de habilidade de todos os\nmembros da sua fam\u00edlia. Use as descobertas para verificar as estat\u00edsticas do n\u00famero\nde pistas pretas, vermelhas e verdes em cada resort. Dessa forma, voc\u00ea determinar\u00e1\no n\u00edvel de habilidade que cada resort atende melhor. Alguns resorts oferecem uma\nexcelente combina\u00e7\u00e3o de todas as pistas, o que seria bom para pessoas com diferentes\nn\u00edveis de habilidade.   <\/p>\n\n<h2 class=\"wp-block-heading\">Considere seu or\u00e7amento\n<\/h2>\n\n<p>\nSeu or\u00e7amento \u00e9 outro fator importante a ser considerado nos preparativos para as f\u00e9rias de esqui de 2019 com a fam\u00edlia. Lembre-se de que os pre\u00e7os variam de um resort\npara outro, sendo que alguns resorts s\u00e3o mais caros do que outros. Quanto\nvoc\u00ea planeja gastar para toda a fam\u00edlia sem quebrar o banco? Escolha\no resort que oferece os melhores pre\u00e7os de acordo com seu or\u00e7amento.   <\/p>\n\n<h2 class=\"wp-block-heading\">Determine o que\nvoc\u00ea estar\u00e1 fazendo quando a noite cair<\/h2>\n\n<div class=\"wp-block-image\"><figure class=\"aligncenter size-large\"><img loading=\"lazy\" decoding=\"async\" width=\"800\" height=\"600\" src=\"https:\/\/www.leselfes.com\/wp-content\/uploads\/2020\/01\/Night-Falls-Ski-Holidays-2019.jpg\" alt=\"F&#xE9;rias de esqui em Night Falls 2019\" class=\"wp-image-42192\" srcset=\"https:\/\/www.leselfes.com\/wp-content\/uploads\/2020\/01\/Night-Falls-Ski-Holidays-2019.jpg 800w, https:\/\/www.leselfes.com\/wp-content\/uploads\/2020\/01\/Night-Falls-Ski-Holidays-2019-300x225.jpg 300w, https:\/\/www.leselfes.com\/wp-content\/uploads\/2020\/01\/Night-Falls-Ski-Holidays-2019-768x576.jpg 768w, https:\/\/www.leselfes.com\/wp-content\/uploads\/2020\/01\/Night-Falls-Ski-Holidays-2019-320x240.jpg 320w, https:\/\/www.leselfes.com\/wp-content\/uploads\/2020\/01\/Night-Falls-Ski-Holidays-2019-640x480.jpg 640w, https:\/\/www.leselfes.com\/wp-content\/uploads\/2020\/01\/Night-Falls-Ski-Holidays-2019-360x270.jpg 360w, https:\/\/www.leselfes.com\/wp-content\/uploads\/2020\/01\/Night-Falls-Ski-Holidays-2019-720x540.jpg 720w\" sizes=\"(max-width: 800px) 100vw, 800px\" \/><\/figure><\/div>\n\n<p>Suas f\u00e9rias de esqui em fam\u00edlia em 2019 envolvem voltar ao resort para um jantar quente e uma fogueira para mant\u00ea-lo aquecido?\nSe sim, voc\u00ea n\u00e3o ter\u00e1 muito com que se preocupar.\nNo entanto, se n\u00e3o esquiadores e crian\u00e7as vierem junto, talvez voc\u00ea queira considerar atividades de entretenimento.    <\/p>\n\n<p>Talvez voc\u00ea precise estabelecer as atividades sem esqui\noferecidas no resort. Alguns resorts oferecem uma grande variedade de atividades\nn\u00e3o relacionadas ao esqui para voc\u00ea escolher. Entre elas est\u00e3o tren\u00f3s puxados por c\u00e3es, boliche,\nraquetes de neve ou patina\u00e7\u00e3o no gelo.    <\/p>\n\n<p>Voc\u00ea tamb\u00e9m pode ter um centro esportivo completo com uma parede de escalada\npara as crian\u00e7as e uma piscina ol\u00edmpica para os entusiastas da nata\u00e7\u00e3o.\nLembre-se de que alguns resorts t\u00eam instala\u00e7\u00f5es mais avan\u00e7adas do que outros.  <\/p>\n\n<p>Se voc\u00ea tiver adolescentes no grupo, eles\ntamb\u00e9m precisar\u00e3o de entretenimento adequado \u00e0 idade no final do dia. Certifique-se de que o resort\ntenha op\u00e7\u00f5es de entretenimento para todos os membros do grupo.   <\/p>\n\n<h2 class=\"wp-block-heading\">Sua acomoda\u00e7\u00e3o preferida em\n<\/h2>\n\n<p>Os resorts de esqui evolu\u00edram ao longo dos anos. Hoje,\nvoc\u00ea pode aproveitar as f\u00e9rias de esqui em fam\u00edlia em 2019 em apartamentos modernos e elegantes\n, hot\u00e9is exclusivos e chal\u00e9s de luxo com servi\u00e7o de buf\u00ea. Voc\u00ea pode optar por\nacomoda\u00e7\u00e3o em albergue, um hotel econ\u00f4mico ou um apartamento com alimenta\u00e7\u00e3o pr\u00f3pria.    <\/p>\n\n<h3 class=\"wp-block-heading\">&#8211; \nCatered\nChal\u00e9s<\/h3>\n\n<p>Se voc\u00ea optar por um chal\u00e9 de luxo com servi\u00e7o de buf\u00ea, todas as suas\nnecessidades de caf\u00e9 da manh\u00e3, ch\u00e1 da tarde e jantar ser\u00e3o atendidas. No entanto, voc\u00ea\nprecisar\u00e1 chegar a tempo para o jantar. Voc\u00ea pode reservar o chal\u00e9 inteiro, especialmente\nse tiver uma fam\u00edlia grande.    <\/p>\n\n<p>Caso contr\u00e1rio, talvez voc\u00ea tenha de compartilh\u00e1-lo com outros esquiadores\nde f\u00e9rias. Essa ser\u00e1 uma oportunidade para voc\u00ea interagir com pessoas de diferentes\npa\u00edses. Al\u00e9m disso, voc\u00ea se socializar\u00e1 e aprender\u00e1 sobre diferentes\nculturas.    <\/p>\n\n<h3 class=\"wp-block-heading\">&#8211; \nApartamentos autossuficientes\n<\/h3>\n\n<div class=\"wp-block-image\"><figure class=\"aligncenter size-large\"><img loading=\"lazy\" decoding=\"async\" width=\"532\" height=\"400\" src=\"https:\/\/www.leselfes.com\/wp-content\/uploads\/2020\/01\/Self-catered-Apartments.jpg\" alt=\"Apartamentos independentes\" class=\"wp-image-42193\" srcset=\"https:\/\/www.leselfes.com\/wp-content\/uploads\/2020\/01\/Self-catered-Apartments.jpg 532w, https:\/\/www.leselfes.com\/wp-content\/uploads\/2020\/01\/Self-catered-Apartments-300x226.jpg 300w, https:\/\/www.leselfes.com\/wp-content\/uploads\/2020\/01\/Self-catered-Apartments-320x241.jpg 320w, https:\/\/www.leselfes.com\/wp-content\/uploads\/2020\/01\/Self-catered-Apartments-360x271.jpg 360w\" sizes=\"(max-width: 532px) 100vw, 532px\" \/><\/figure><\/div>\n\n<p>Sua fam\u00edlia se sente mais \u00e0 vontade para escolher hor\u00e1rios convenientes para as refei\u00e7\u00f5es?\nTalvez voc\u00eas queiram cozinhar para voc\u00eas mesmos.\nA op\u00e7\u00e3o de <a href=\"https:\/\/www.telegraph.co.uk\/travel\/ski\/articles\/is-self-catering-the-future-of-ski-holidays\/\">alimenta\u00e7\u00e3o por conta pr\u00f3pria<\/a> parecer\u00e1 inicialmente econ\u00f4mica.\nNo entanto, \u00e0s vezes voc\u00ea pode precisar comer fora para experimentar a culin\u00e1ria local.     <\/p>\n\n<p>Lembre-se de que os pre\u00e7os dos alimentos ser\u00e3o altos no resultado\ne voc\u00ea pode acabar gastando muito al\u00e9m do seu or\u00e7amento. Os hot\u00e9is e chal\u00e9s\n, por outro lado, acompanham o jantar com vinho ilimitado. Isso significa que\nvoc\u00ea far\u00e1 uma grande economia.    <\/p>\n\n<h3 class=\"wp-block-heading\">&#8211; \nEstabele\u00e7a\na localiza\u00e7\u00e3o de sua acomoda\u00e7\u00e3o<\/h3>\n\n<p>Onde est\u00e1 situado o resort de sua prefer\u00eancia\n? Voc\u00ea pode esquiar para fora ou para dentro? Voc\u00ea est\u00e1 nas proximidades dos bares\nou das pistas?\nSe for o caso, \u00e9 prov\u00e1vel que voc\u00ea precise pagar mais para obter os benef\u00edcios. Determine se o custo extra \u00e9 ou n\u00e3o vantajoso para voc\u00ea e\nsua fam\u00edlia antes de se comprometer.      <\/p>\n\n<h2 class=\"wp-block-heading\">Meios de transporte<\/h2>\n\n<div class=\"wp-block-image\"><figure class=\"aligncenter size-large\"><img loading=\"lazy\" decoding=\"async\" width=\"800\" height=\"460\" src=\"https:\/\/www.leselfes.com\/wp-content\/uploads\/2020\/01\/Means-Of-Transport.jpg\" alt=\"Meios de transporte\" class=\"wp-image-42194\" srcset=\"https:\/\/www.leselfes.com\/wp-content\/uploads\/2020\/01\/Means-Of-Transport.jpg 800w, https:\/\/www.leselfes.com\/wp-content\/uploads\/2020\/01\/Means-Of-Transport-300x173.jpg 300w, https:\/\/www.leselfes.com\/wp-content\/uploads\/2020\/01\/Means-Of-Transport-768x442.jpg 768w, https:\/\/www.leselfes.com\/wp-content\/uploads\/2020\/01\/Means-Of-Transport-320x184.jpg 320w, https:\/\/www.leselfes.com\/wp-content\/uploads\/2020\/01\/Means-Of-Transport-640x368.jpg 640w, https:\/\/www.leselfes.com\/wp-content\/uploads\/2020\/01\/Means-Of-Transport-360x207.jpg 360w, https:\/\/www.leselfes.com\/wp-content\/uploads\/2020\/01\/Means-Of-Transport-720x414.jpg 720w\" sizes=\"(max-width: 800px) 100vw, 800px\" \/><\/figure><\/div>\n\n<p>Voc\u00ea chegar\u00e1 ao resort de carro, trem ou avi\u00e3o?\nA proximidade de boas estradas, esta\u00e7\u00f5es de trem ou aeroportos ajudar\u00e1 voc\u00ea a determinar isso.\nCada pessoa prefere um meio de transporte espec\u00edfico, dependendo de suas prefer\u00eancias e or\u00e7amento.\nSe voc\u00ea estiver viajando com crian\u00e7as pequenas, por exemplo, talvez queira levar o menor tempo poss\u00edvel at\u00e9 o resort.\nNesse caso, um avi\u00e3o seria vi\u00e1vel se o seu or\u00e7amento permitir.      <\/p>\n\n<p>Lembre-se de que talvez voc\u00ea precise organizar os traslados do aeroporto\ncom anteced\u00eancia para fins de conveni\u00eancia. Se seus filhos forem mais velhos,\nno entanto, voc\u00ea pode optar por viajar de trem. Essa ser\u00e1 uma boa oportunidade para voc\u00ea se\naventurar e se maravilhar com as belas paisagens ao longo do caminho.    <\/p>\n\n<h2 class=\"wp-block-heading\">Voc\u00ea ter\u00e1 aulas de esqui no site\n?<\/h2>\n\n<p>Voc\u00ea tem iniciantes\nem seu grupo? Eles est\u00e3o interessados em fazer aulas de esqui? Vale a pena mencionar\nque as aulas de esqui e os cursos de atualiza\u00e7\u00e3o s\u00e3o ideais para esquiadores novatos e experientes\n.    <\/p>\n\n<p>Elas ser\u00e3o\n\u00fateis para ajudar voc\u00ea a aproveitar ao m\u00e1ximo as f\u00e9rias de esqui em fam\u00edlia em 2019. Se voc\u00ea\nprecisar de aulas, dever\u00e1 avaliar v\u00e1rias op\u00e7\u00f5es.   <\/p>\n\n<p>Lembre-se de que as escolas de esqui\ncostumam ser negligenciadas durante as f\u00e9rias escolares. Voc\u00ea n\u00e3o quer esperar\nat\u00e9 o \u00faltimo minuto para fazer sua reserva.   <\/p>\n\n<h3 class=\"wp-block-heading\">Considera\u00e7\u00f5es\na fazer antes de escolher uma escola de esqui<\/h3>\n\n<ul class=\"wp-block-list\"><li>Eles t\u00eam\ninstrutores qualificados e experientes?<\/li><li>Voc\u00ea tem uma reputa\u00e7\u00e3o e avalia\u00e7\u00f5es positivas no site\n?<\/li><li>Os instrutores do site\nfalam ingl\u00eas fluentemente?<\/li><li>Qual \u00e9 o tamanho preferido do grupo\n?<\/li><\/ul>\n\n<h2 class=\"wp-block-heading\">Equipamentos que voc\u00ea\nprecisar\u00e1<\/h2>\n\n<div class=\"wp-block-image\"><figure class=\"aligncenter size-large\"><img loading=\"lazy\" decoding=\"async\" width=\"473\" height=\"355\" src=\"https:\/\/www.leselfes.com\/wp-content\/uploads\/2020\/01\/Ski-Equipments.jpg\" alt=\"Equipamentos de esqui\" class=\"wp-image-42195\" srcset=\"https:\/\/www.leselfes.com\/wp-content\/uploads\/2020\/01\/Ski-Equipments.jpg 473w, https:\/\/www.leselfes.com\/wp-content\/uploads\/2020\/01\/Ski-Equipments-300x225.jpg 300w, https:\/\/www.leselfes.com\/wp-content\/uploads\/2020\/01\/Ski-Equipments-320x240.jpg 320w, https:\/\/www.leselfes.com\/wp-content\/uploads\/2020\/01\/Ski-Equipments-360x270.jpg 360w\" sizes=\"(max-width: 473px) 100vw, 473px\" \/><\/figure><\/div>\n\n<p>\u00c0 medida que o esqui se torna mais popular, os pre\u00e7os do aluguel de esqui aumentam.\nMuitos esquiadores t\u00eam dificuldade em decidir se compram ou alugam equipamentos de esqui.\nGeralmente, isso depende da regularidade com que voc\u00ea esquia, do seu n\u00edvel de habilidade e do seu or\u00e7amento.    <\/p>\n\n<p>Quer voc\u00ea seja um esquiador novato ou experiente,\nprecisar\u00e1 de um par de botas de esqui bem ajustado. Encontrar o tamanho certo de bota de esqui\npara alugar pode ser uma tarefa \u00e1rdua. Voc\u00ea n\u00e3o quer ter que lutar com botas\nmal ajustadas durante suas f\u00e9rias de esqui em fam\u00edlia em 2019.    <\/p>\n\n<p>Possuir um par de botas de esqui pode ser a\nop\u00e7\u00e3o ideal, embora cara. Entretanto, se voc\u00ea n\u00e3o esquia regularmente, pode optar por alugar\num par de botas de esqui bem ajustado no resort. A vantagem de alugar no\nresort \u00e9 que ele tem muitos pares para voc\u00ea escolher. Al\u00e9m disso,\nvoc\u00ea pode resolver facilmente quaisquer problemas que possam surgir.     <\/p>\n\n<p>Voc\u00ea e sua fam\u00edlia tamb\u00e9m precisar\u00e3o de: jaqueta de esqui,\ncal\u00e7as de esqui, meias de esqui, \u00f3culos de prote\u00e7\u00e3o, roupas t\u00e9rmicas, luvas, uma bandana ou cachecol e\ncamadas intermedi\u00e1rias. O capacete \u00e9 uma das principais ferramentas para esquiar. Voc\u00ea pode trazer o seu pr\u00f3prio ou\nalugar um no resort.    <\/p>\n\n<h2 class=\"wp-block-heading\">Finalmente<\/h2>\n\n<p>Voc\u00ea est\u00e1 planejando suas f\u00e9rias de esqui em fam\u00edlia\n2019? Se voc\u00ea tem beb\u00eas ou crian\u00e7as pequenas, pode desfrutar de \u00f3timas f\u00e9rias\na pre\u00e7os acess\u00edveis. Tudo o que voc\u00ea precisa \u00e9 pesquisar bastante e planejar\ncom anteced\u00eancia.    <\/p>\n","protected":false},"excerpt":{"rendered":"<p>Planejar f\u00e9rias de esqui com a fam\u00edlia pode ser uma tarefa dif\u00edcil. Com tantos resorts de esqui para voc\u00ea escolher? Determinar o local de partida com anteced\u00eancia suficiente permite que&#8230;<\/p>\n","protected":false},"author":1,"featured_media":72328,"comment_status":"open","ping_status":"open","sticky":false,"template":"","format":"standard","meta":{"_acf_changed":false,"inline_featured_image":false,"footnotes":""},"categories":[1350,1351],"tags":[],"class_list":{"0":"post-91741","1":"post","2":"type-post","3":"status-publish","4":"format-standard","5":"has-post-thumbnail","7":"category-acampamento-de-inverno-pt-br","8":"category-artigos-pt-br"},"acf":[],"yoast_head":"<!-- This site is optimized with the Yoast SEO Premium plugin v24.2 (Yoast SEO v24.7) - https:\/\/yoast.com\/wordpress\/plugins\/seo\/ -->\n<title>Como planejar as f\u00e9rias de esqui ideais para a fam\u00edlia - Les Elfes International Camps Switzerland<\/title>\n<meta name=\"robots\" content=\"index, follow, max-snippet:-1, max-image-preview:large, max-video-preview:-1\" \/>\n<link rel=\"canonical\" href=\"https:\/\/www.leselfes.com\/pt-br\/como-planejar-as-ferias-de-esqui-ideais-para-a-familia\/\" \/>\n<meta property=\"og:locale\" content=\"pt_BR\" \/>\n<meta property=\"og:type\" content=\"article\" \/>\n<meta property=\"og:title\" content=\"Como planejar as f\u00e9rias de esqui ideais para a fam\u00edlia\" \/>\n<meta property=\"og:description\" content=\"Planejar f\u00e9rias de esqui com a fam\u00edlia pode ser uma tarefa dif\u00edcil. Com tantos resorts de esqui para voc\u00ea escolher? Determinar o local de partida com anteced\u00eancia suficiente permite que...\" \/>\n<meta property=\"og:url\" content=\"https:\/\/www.leselfes.com\/pt-br\/como-planejar-as-ferias-de-esqui-ideais-para-a-familia\/\" \/>\n<meta property=\"og:site_name\" content=\"Les Elfes International Camps Switzerland\" \/>\n<meta property=\"article:publisher\" content=\"https:\/\/www.facebook.com\/LesElfesVerbier\" \/>\n<meta property=\"article:published_time\" content=\"2020-01-08T05:59:02+00:00\" \/>\n<meta property=\"article:modified_time\" content=\"2024-11-12T11:04:46+00:00\" \/>\n<meta property=\"og:image\" content=\"https:\/\/dev.leselfes.com\/wp-content\/uploads\/2020\/01\/82053541_91a954ed85_b.jpg\" \/>\n\t<meta property=\"og:image:width\" content=\"1024\" \/>\n\t<meta property=\"og:image:height\" content=\"768\" \/>\n\t<meta property=\"og:image:type\" content=\"image\/jpeg\" \/>\n<meta name=\"author\" content=\"lesadmin\" \/>\n<meta name=\"twitter:card\" content=\"summary_large_image\" \/>\n<meta name=\"twitter:creator\" content=\"@LesElfesCamps\" \/>\n<meta name=\"twitter:site\" content=\"@LesElfesCamps\" \/>\n<meta name=\"twitter:label1\" content=\"Escrito por\" \/>\n\t<meta name=\"twitter:data1\" content=\"lesadmin\" \/>\n\t<meta name=\"twitter:label2\" content=\"Est. tempo de leitura\" \/>\n\t<meta name=\"twitter:data2\" content=\"9 minutos\" \/>\n<script type=\"application\/ld+json\" class=\"yoast-schema-graph\">{\"@context\":\"https:\/\/schema.org\",\"@graph\":[{\"@type\":\"Article\",\"@id\":\"https:\/\/www.leselfes.com\/pt-br\/como-planejar-as-ferias-de-esqui-ideais-para-a-familia\/#article\",\"isPartOf\":{\"@id\":\"https:\/\/www.leselfes.com\/pt-br\/como-planejar-as-ferias-de-esqui-ideais-para-a-familia\/\"},\"author\":{\"name\":\"lesadmin\",\"@id\":\"https:\/\/dev.leselfes.com\/#\/schema\/person\/407a229698868b8c603874b19f37f289\"},\"headline\":\"Como planejar as f\u00e9rias de esqui ideais para a fam\u00edlia\",\"datePublished\":\"2020-01-08T05:59:02+00:00\",\"dateModified\":\"2024-11-12T11:04:46+00:00\",\"mainEntityOfPage\":{\"@id\":\"https:\/\/www.leselfes.com\/pt-br\/como-planejar-as-ferias-de-esqui-ideais-para-a-familia\/\"},\"wordCount\":1898,\"commentCount\":0,\"publisher\":{\"@id\":\"https:\/\/dev.leselfes.com\/#organization\"},\"image\":{\"@id\":\"https:\/\/www.leselfes.com\/pt-br\/como-planejar-as-ferias-de-esqui-ideais-para-a-familia\/#primaryimage\"},\"thumbnailUrl\":\"https:\/\/www.leselfes.com\/wp-content\/uploads\/2020\/01\/82053541_91a954ed85_b.jpg\",\"articleSection\":[\"Acampamento de inverno\",\"Artigos\"],\"inLanguage\":\"pt-BR\",\"potentialAction\":[{\"@type\":\"CommentAction\",\"name\":\"Comment\",\"target\":[\"https:\/\/www.leselfes.com\/pt-br\/como-planejar-as-ferias-de-esqui-ideais-para-a-familia\/#respond\"]}]},{\"@type\":\"WebPage\",\"@id\":\"https:\/\/www.leselfes.com\/pt-br\/como-planejar-as-ferias-de-esqui-ideais-para-a-familia\/\",\"url\":\"https:\/\/www.leselfes.com\/pt-br\/como-planejar-as-ferias-de-esqui-ideais-para-a-familia\/\",\"name\":\"Como planejar as f\u00e9rias de esqui ideais para a fam\u00edlia - Les Elfes International Camps Switzerland\",\"isPartOf\":{\"@id\":\"https:\/\/dev.leselfes.com\/#website\"},\"primaryImageOfPage\":{\"@id\":\"https:\/\/www.leselfes.com\/pt-br\/como-planejar-as-ferias-de-esqui-ideais-para-a-familia\/#primaryimage\"},\"image\":{\"@id\":\"https:\/\/www.leselfes.com\/pt-br\/como-planejar-as-ferias-de-esqui-ideais-para-a-familia\/#primaryimage\"},\"thumbnailUrl\":\"https:\/\/www.leselfes.com\/wp-content\/uploads\/2020\/01\/82053541_91a954ed85_b.jpg\",\"datePublished\":\"2020-01-08T05:59:02+00:00\",\"dateModified\":\"2024-11-12T11:04:46+00:00\",\"breadcrumb\":{\"@id\":\"https:\/\/www.leselfes.com\/pt-br\/como-planejar-as-ferias-de-esqui-ideais-para-a-familia\/#breadcrumb\"},\"inLanguage\":\"pt-BR\",\"potentialAction\":[{\"@type\":\"ReadAction\",\"target\":[\"https:\/\/www.leselfes.com\/pt-br\/como-planejar-as-ferias-de-esqui-ideais-para-a-familia\/\"]}]},{\"@type\":\"ImageObject\",\"inLanguage\":\"pt-BR\",\"@id\":\"https:\/\/www.leselfes.com\/pt-br\/como-planejar-as-ferias-de-esqui-ideais-para-a-familia\/#primaryimage\",\"url\":\"https:\/\/www.leselfes.com\/wp-content\/uploads\/2020\/01\/82053541_91a954ed85_b.jpg\",\"contentUrl\":\"https:\/\/www.leselfes.com\/wp-content\/uploads\/2020\/01\/82053541_91a954ed85_b.jpg\",\"width\":1024,\"height\":768,\"caption\":\"OLYMPUS DIGITAL CAMERA\"},{\"@type\":\"BreadcrumbList\",\"@id\":\"https:\/\/www.leselfes.com\/pt-br\/como-planejar-as-ferias-de-esqui-ideais-para-a-familia\/#breadcrumb\",\"itemListElement\":[{\"@type\":\"ListItem\",\"position\":1,\"name\":\"Home\",\"item\":\"https:\/\/www.leselfes.com\/pt-br\/\"},{\"@type\":\"ListItem\",\"position\":2,\"name\":\"Como planejar as f\u00e9rias de esqui ideais para a fam\u00edlia\"}]},{\"@type\":\"WebSite\",\"@id\":\"https:\/\/dev.leselfes.com\/#website\",\"url\":\"https:\/\/dev.leselfes.com\/\",\"name\":\"Les Elfes International\",\"description\":\"Les Elfes International, Verbier Switzerland. Summer Camp, Winter Camp, Spring Camps.\",\"publisher\":{\"@id\":\"https:\/\/dev.leselfes.com\/#organization\"},\"alternateName\":\"Les Elfes International\",\"potentialAction\":[{\"@type\":\"SearchAction\",\"target\":{\"@type\":\"EntryPoint\",\"urlTemplate\":\"https:\/\/dev.leselfes.com\/?s={search_term_string}\"},\"query-input\":{\"@type\":\"PropertyValueSpecification\",\"valueRequired\":true,\"valueName\":\"search_term_string\"}}],\"inLanguage\":\"pt-BR\"},{\"@type\":\"Organization\",\"@id\":\"https:\/\/dev.leselfes.com\/#organization\",\"name\":\"Les Elfes International\",\"alternateName\":\"Les Elfes International\",\"url\":\"https:\/\/dev.leselfes.com\/\",\"logo\":{\"@type\":\"ImageObject\",\"inLanguage\":\"pt-BR\",\"@id\":\"https:\/\/dev.leselfes.com\/#\/schema\/logo\/image\/\",\"url\":\"https:\/\/www.leselfes.com\/wp-content\/uploads\/2022\/03\/leselfes-logo.png\",\"contentUrl\":\"https:\/\/www.leselfes.com\/wp-content\/uploads\/2022\/03\/leselfes-logo.png\",\"width\":233,\"height\":51,\"caption\":\"Les Elfes International\"},\"image\":{\"@id\":\"https:\/\/dev.leselfes.com\/#\/schema\/logo\/image\/\"},\"sameAs\":[\"https:\/\/www.facebook.com\/LesElfesVerbier\",\"https:\/\/x.com\/LesElfesCamps\",\"https:\/\/www.instagram.com\/leselfes\",\"https:\/\/www.linkedin.com\/company\/les-elfes-international\",\"https:\/\/www.youtube.com\/user\/LesElfesVerbier\"]},{\"@type\":\"Person\",\"@id\":\"https:\/\/dev.leselfes.com\/#\/schema\/person\/407a229698868b8c603874b19f37f289\",\"name\":\"lesadmin\",\"image\":{\"@type\":\"ImageObject\",\"inLanguage\":\"pt-BR\",\"@id\":\"https:\/\/dev.leselfes.com\/#\/schema\/person\/image\/\",\"url\":\"https:\/\/secure.gravatar.com\/avatar\/fdb243a028df450397b3632d862f87f6?s=96&d=mm&r=g\",\"contentUrl\":\"https:\/\/secure.gravatar.com\/avatar\/fdb243a028df450397b3632d862f87f6?s=96&d=mm&r=g\",\"caption\":\"lesadmin\"},\"url\":\"https:\/\/www.leselfes.com\/pt-br\/author\/lesadmin\/\"}]}<\/script>\n<!-- \/ Yoast SEO Premium plugin. -->","yoast_head_json":{"title":"Como planejar as f\u00e9rias de esqui ideais para a fam\u00edlia - Les Elfes International Camps Switzerland","robots":{"index":"index","follow":"follow","max-snippet":"max-snippet:-1","max-image-preview":"max-image-preview:large","max-video-preview":"max-video-preview:-1"},"canonical":"https:\/\/www.leselfes.com\/pt-br\/como-planejar-as-ferias-de-esqui-ideais-para-a-familia\/","og_locale":"pt_BR","og_type":"article","og_title":"Como planejar as f\u00e9rias de esqui ideais para a fam\u00edlia","og_description":"Planejar f\u00e9rias de esqui com a fam\u00edlia pode ser uma tarefa dif\u00edcil. Com tantos resorts de esqui para voc\u00ea escolher? Determinar o local de partida com anteced\u00eancia suficiente permite que...","og_url":"https:\/\/www.leselfes.com\/pt-br\/como-planejar-as-ferias-de-esqui-ideais-para-a-familia\/","og_site_name":"Les Elfes International Camps Switzerland","article_publisher":"https:\/\/www.facebook.com\/LesElfesVerbier","article_published_time":"2020-01-08T05:59:02+00:00","article_modified_time":"2024-11-12T11:04:46+00:00","og_image":[{"width":1024,"height":768,"url":"https:\/\/dev.leselfes.com\/wp-content\/uploads\/2020\/01\/82053541_91a954ed85_b.jpg","type":"image\/jpeg"}],"author":"lesadmin","twitter_card":"summary_large_image","twitter_creator":"@LesElfesCamps","twitter_site":"@LesElfesCamps","twitter_misc":{"Escrito por":"lesadmin","Est. tempo de leitura":"9 minutos"},"schema":{"@context":"https:\/\/schema.org","@graph":[{"@type":"Article","@id":"https:\/\/www.leselfes.com\/pt-br\/como-planejar-as-ferias-de-esqui-ideais-para-a-familia\/#article","isPartOf":{"@id":"https:\/\/www.leselfes.com\/pt-br\/como-planejar-as-ferias-de-esqui-ideais-para-a-familia\/"},"author":{"name":"lesadmin","@id":"https:\/\/dev.leselfes.com\/#\/schema\/person\/407a229698868b8c603874b19f37f289"},"headline":"Como planejar as f\u00e9rias de esqui ideais para a fam\u00edlia","datePublished":"2020-01-08T05:59:02+00:00","dateModified":"2024-11-12T11:04:46+00:00","mainEntityOfPage":{"@id":"https:\/\/www.leselfes.com\/pt-br\/como-planejar-as-ferias-de-esqui-ideais-para-a-familia\/"},"wordCount":1898,"commentCount":0,"publisher":{"@id":"https:\/\/dev.leselfes.com\/#organization"},"image":{"@id":"https:\/\/www.leselfes.com\/pt-br\/como-planejar-as-ferias-de-esqui-ideais-para-a-familia\/#primaryimage"},"thumbnailUrl":"https:\/\/www.leselfes.com\/wp-content\/uploads\/2020\/01\/82053541_91a954ed85_b.jpg","articleSection":["Acampamento de inverno","Artigos"],"inLanguage":"pt-BR","potentialAction":[{"@type":"CommentAction","name":"Comment","target":["https:\/\/www.leselfes.com\/pt-br\/como-planejar-as-ferias-de-esqui-ideais-para-a-familia\/#respond"]}]},{"@type":"WebPage","@id":"https:\/\/www.leselfes.com\/pt-br\/como-planejar-as-ferias-de-esqui-ideais-para-a-familia\/","url":"https:\/\/www.leselfes.com\/pt-br\/como-planejar-as-ferias-de-esqui-ideais-para-a-familia\/","name":"Como planejar as f\u00e9rias de esqui ideais para a fam\u00edlia - Les Elfes International Camps Switzerland","isPartOf":{"@id":"https:\/\/dev.leselfes.com\/#website"},"primaryImageOfPage":{"@id":"https:\/\/www.leselfes.com\/pt-br\/como-planejar-as-ferias-de-esqui-ideais-para-a-familia\/#primaryimage"},"image":{"@id":"https:\/\/www.leselfes.com\/pt-br\/como-planejar-as-ferias-de-esqui-ideais-para-a-familia\/#primaryimage"},"thumbnailUrl":"https:\/\/www.leselfes.com\/wp-content\/uploads\/2020\/01\/82053541_91a954ed85_b.jpg","datePublished":"2020-01-08T05:59:02+00:00","dateModified":"2024-11-12T11:04:46+00:00","breadcrumb":{"@id":"https:\/\/www.leselfes.com\/pt-br\/como-planejar-as-ferias-de-esqui-ideais-para-a-familia\/#breadcrumb"},"inLanguage":"pt-BR","potentialAction":[{"@type":"ReadAction","target":["https:\/\/www.leselfes.com\/pt-br\/como-planejar-as-ferias-de-esqui-ideais-para-a-familia\/"]}]},{"@type":"ImageObject","inLanguage":"pt-BR","@id":"https:\/\/www.leselfes.com\/pt-br\/como-planejar-as-ferias-de-esqui-ideais-para-a-familia\/#primaryimage","url":"https:\/\/www.leselfes.com\/wp-content\/uploads\/2020\/01\/82053541_91a954ed85_b.jpg","contentUrl":"https:\/\/www.leselfes.com\/wp-content\/uploads\/2020\/01\/82053541_91a954ed85_b.jpg","width":1024,"height":768,"caption":"OLYMPUS DIGITAL CAMERA"},{"@type":"BreadcrumbList","@id":"https:\/\/www.leselfes.com\/pt-br\/como-planejar-as-ferias-de-esqui-ideais-para-a-familia\/#breadcrumb","itemListElement":[{"@type":"ListItem","position":1,"name":"Home","item":"https:\/\/www.leselfes.com\/pt-br\/"},{"@type":"ListItem","position":2,"name":"Como planejar as f\u00e9rias de esqui ideais para a fam\u00edlia"}]},{"@type":"WebSite","@id":"https:\/\/dev.leselfes.com\/#website","url":"https:\/\/dev.leselfes.com\/","name":"Les Elfes International","description":"Les Elfes International, Verbier Switzerland. Summer Camp, Winter Camp, Spring Camps.","publisher":{"@id":"https:\/\/dev.leselfes.com\/#organization"},"alternateName":"Les Elfes International","potentialAction":[{"@type":"SearchAction","target":{"@type":"EntryPoint","urlTemplate":"https:\/\/dev.leselfes.com\/?s={search_term_string}"},"query-input":{"@type":"PropertyValueSpecification","valueRequired":true,"valueName":"search_term_string"}}],"inLanguage":"pt-BR"},{"@type":"Organization","@id":"https:\/\/dev.leselfes.com\/#organization","name":"Les Elfes International","alternateName":"Les Elfes International","url":"https:\/\/dev.leselfes.com\/","logo":{"@type":"ImageObject","inLanguage":"pt-BR","@id":"https:\/\/dev.leselfes.com\/#\/schema\/logo\/image\/","url":"https:\/\/www.leselfes.com\/wp-content\/uploads\/2022\/03\/leselfes-logo.png","contentUrl":"https:\/\/www.leselfes.com\/wp-content\/uploads\/2022\/03\/leselfes-logo.png","width":233,"height":51,"caption":"Les Elfes International"},"image":{"@id":"https:\/\/dev.leselfes.com\/#\/schema\/logo\/image\/"},"sameAs":["https:\/\/www.facebook.com\/LesElfesVerbier","https:\/\/x.com\/LesElfesCamps","https:\/\/www.instagram.com\/leselfes","https:\/\/www.linkedin.com\/company\/les-elfes-international","https:\/\/www.youtube.com\/user\/LesElfesVerbier"]},{"@type":"Person","@id":"https:\/\/dev.leselfes.com\/#\/schema\/person\/407a229698868b8c603874b19f37f289","name":"lesadmin","image":{"@type":"ImageObject","inLanguage":"pt-BR","@id":"https:\/\/dev.leselfes.com\/#\/schema\/person\/image\/","url":"https:\/\/secure.gravatar.com\/avatar\/fdb243a028df450397b3632d862f87f6?s=96&d=mm&r=g","contentUrl":"https:\/\/secure.gravatar.com\/avatar\/fdb243a028df450397b3632d862f87f6?s=96&d=mm&r=g","caption":"lesadmin"},"url":"https:\/\/www.leselfes.com\/pt-br\/author\/lesadmin\/"}]}},"_links":{"self":[{"href":"https:\/\/www.leselfes.com\/pt-br\/wp-json\/wp\/v2\/posts\/91741"}],"collection":[{"href":"https:\/\/www.leselfes.com\/pt-br\/wp-json\/wp\/v2\/posts"}],"about":[{"href":"https:\/\/www.leselfes.com\/pt-br\/wp-json\/wp\/v2\/types\/post"}],"author":[{"embeddable":true,"href":"https:\/\/www.leselfes.com\/pt-br\/wp-json\/wp\/v2\/users\/1"}],"replies":[{"embeddable":true,"href":"https:\/\/www.leselfes.com\/pt-br\/wp-json\/wp\/v2\/comments?post=91741"}],"version-history":[{"count":0,"href":"https:\/\/www.leselfes.com\/pt-br\/wp-json\/wp\/v2\/posts\/91741\/revisions"}],"wp:featuredmedia":[{"embeddable":true,"href":"https:\/\/www.leselfes.com\/pt-br\/wp-json\/wp\/v2\/media\/72328"}],"wp:attachment":[{"href":"https:\/\/www.leselfes.com\/pt-br\/wp-json\/wp\/v2\/media?parent=91741"}],"wp:term":[{"taxonomy":"category","embeddable":true,"href":"https:\/\/www.leselfes.com\/pt-br\/wp-json\/wp\/v2\/categories?post=91741"},{"taxonomy":"post_tag","embeddable":true,"href":"https:\/\/www.leselfes.com\/pt-br\/wp-json\/wp\/v2\/tags?post=91741"}],"curies":[{"name":"wp","href":"https:\/\/api.w.org\/{rel}","templated":true}]}}