{"id":91849,"date":"2019-11-09T07:13:44","date_gmt":"2019-11-09T06:13:44","guid":{"rendered":"https:\/\/www.leselfes.com\/como-o-projeto-annapurna-esta-mudando-a-vida-das-meninas-no-nepal\/"},"modified":"2024-11-12T12:07:53","modified_gmt":"2024-11-12T11:07:53","slug":"como-o-projeto-annapurna-esta-mudando-a-vida-das-meninas-no-nepal","status":"publish","type":"post","link":"https:\/\/www.leselfes.com\/pt-br\/como-o-projeto-annapurna-esta-mudando-a-vida-das-meninas-no-nepal\/","title":{"rendered":"Como o Projeto Annapurna est\u00e1 mudando a vida das meninas no Nepal"},"content":{"rendered":"\n<figure class=\"wp-block-image size-large\"><img loading=\"lazy\" decoding=\"async\" width=\"1024\" height=\"768\" src=\"https:\/\/www.leselfes.com\/wp-content\/uploads\/2019\/11\/Annapurna-association.jpg\" alt=\"Associa&#xE7;&#xE3;o Annapurna\" class=\"wp-image-42326\" srcset=\"https:\/\/www.leselfes.com\/wp-content\/uploads\/2019\/11\/Annapurna-association.jpg 1024w, https:\/\/www.leselfes.com\/wp-content\/uploads\/2019\/11\/Annapurna-association-300x225.jpg 300w, https:\/\/www.leselfes.com\/wp-content\/uploads\/2019\/11\/Annapurna-association-768x576.jpg 768w, https:\/\/www.leselfes.com\/wp-content\/uploads\/2019\/11\/Annapurna-association-320x240.jpg 320w, https:\/\/www.leselfes.com\/wp-content\/uploads\/2019\/11\/Annapurna-association-640x480.jpg 640w, https:\/\/www.leselfes.com\/wp-content\/uploads\/2019\/11\/Annapurna-association-360x270.jpg 360w, https:\/\/www.leselfes.com\/wp-content\/uploads\/2019\/11\/Annapurna-association-720x540.jpg 720w, https:\/\/www.leselfes.com\/wp-content\/uploads\/2019\/11\/Annapurna-association-800x600.jpg 800w\" sizes=\"(max-width: 1024px) 100vw, 1024px\" \/><\/figure>\n\n<p><\/p><p style=\"text-align: justify;\"><a href=\"http:\/\/annapurna.ch\/\" target=\"_blank\" rel=\"noreferrer noopener\" aria-label=\"The Annapurna association (opens in a new tab)\">A associa\u00e7\u00e3o Annapurna<\/a>, tamb\u00e9m conhecida como AA, \u00e9 um dos projetos que a Le Elfes ap\u00f3ia. O projeto se concentra em oferecer educa\u00e7\u00e3o para meninas no Nepal. Atualmente, a Les Elfes ap\u00f3ia at\u00e9 25 crian\u00e7as menos privilegiadas por meio do projeto Annapurna.  <\/p>\n\n<p><\/p><p style=\"text-align: justify;\">O projeto Annapurna surgiu da necessidade de oferecer oportunidades iguais para meninos e meninas frequentarem a escola.\nOs organizadores do Les Elfes imaginaram que a educa\u00e7\u00e3o daria \u00e0s meninas a autoridade para fazer qualquer coisa para melhorar suas vidas e a de outras pessoas. <\/p>\n\n<h2 class=\"wp-block-heading\" style=\"text-align: justify;\">Por que o Nepal?<\/h2>\n\n<p><\/p><p style=\"text-align: justify;\">Nas profundezas da comunidade r\u00fastica do Himalaia, no Nepal, onde o projeto Annapurna est\u00e1 instalado, a diferen\u00e7a de g\u00eanero \u00e9 chocante.\nMuitas vezes, as meninas n\u00e3o t\u00eam direitos iguais \u00e0 educa\u00e7\u00e3o, como acontece com os meninos.\nDevido aos per\u00edodos prolongados em que ficam fora da escola, as meninas ficam suscet\u00edveis a casamentos precoces, abuso, viol\u00eancia, tr\u00e1fico e inseguran\u00e7a.  <\/p>\n\n<p><\/p><p style=\"text-align: justify;\">O que \u00e9 ainda mais chocante \u00e9 que, depois de se casarem muito cedo, essas meninas geralmente passam o resto de suas vidas dependendo de seus c\u00f4njuges.\nEsse ciclo est\u00e1 fadado a se repetir v\u00e1rias vezes se algo n\u00e3o for feito.\n\u00c9 preciso tomar medidas para salvar o futuro das meninas no Nepal.    <\/p>\n\n<h2 class=\"wp-block-heading\" style=\"text-align: justify;\">O que pode ser feito?<\/h2>\n\n<p><\/p><p style=\"text-align: justify;\"><a href=\"https:\/\/www.leselfes.com\/pt-br\/?page_id=91448\">O Annapurna<\/a> \u00e9 um programa especialmente projetado que se concentra em garantir que as meninas do Nepal tenham uma educa\u00e7\u00e3o de boa qualidade. Para isso, os organizadores do programa procuram oferecer \u00e0s meninas o apoio necess\u00e1rio. Os organizadores d\u00e3o aten\u00e7\u00e3o especial \u00e0s meninas de vilarejos remotos, que s\u00e3o mais vulner\u00e1veis ao casamento precoce, ao tr\u00e1fico e ao abuso.  <\/p>\n\n<p><\/p><p style=\"text-align: justify;\">Os organizadores do projeto Annapurna t\u00eam certeza de que a educa\u00e7\u00e3o pode quebrar os ciclos de pobreza e mudar vidas.\nQuando uma menina \u00e9 educada, ela entende a necessidade de oferecer educa\u00e7\u00e3o decente a seus filhos e filhas.\nIsso desempenhar\u00e1 um papel importante na promo\u00e7\u00e3o da igualdade de g\u00eanero, e a educa\u00e7\u00e3o ser\u00e1 adotada por todas as gera\u00e7\u00f5es.\nQual \u00e9 o impacto de longo prazo dessas medidas, voc\u00ea pode perguntar?   <\/p>\n\n<p><\/p><p style=\"text-align: justify;\">O Nepal \u00e9 um pa\u00eds em desenvolvimento.\nSe todos se comprometerem a educar as meninas, isso incutir\u00e1 nelas um senso de responsabilidade.\nA menina sentir\u00e1 ent\u00e3o a necessidade de educar seus irm\u00e3os e outras meninas da regi\u00e3o.\nIsso criar\u00e1 mudan\u00e7as e ajudar\u00e1 as meninas a se tornarem autossuficientes.\nCapacitar as meninas com uma educa\u00e7\u00e3o de boa qualidade \u00e9 um \u00f3timo investimento, que far\u00e1 com que elas criem significado em sua comunidade.      <\/p>\n\n<h2 class=\"wp-block-heading\">Organiza\u00e7\u00f5es de caridade no Nepal<\/h2>\n\n<figure class=\"wp-block-image size-large\"><img loading=\"lazy\" decoding=\"async\" width=\"1024\" height=\"768\" src=\"https:\/\/www.leselfes.com\/wp-content\/uploads\/2019\/11\/Charitable-Organizations-In-Nepal.jpg\" alt=\"Organiza&#xE7;&#xF5;es de caridade no Nepal\" class=\"wp-image-42327\" srcset=\"https:\/\/www.leselfes.com\/wp-content\/uploads\/2019\/11\/Charitable-Organizations-In-Nepal.jpg 1024w, https:\/\/www.leselfes.com\/wp-content\/uploads\/2019\/11\/Charitable-Organizations-In-Nepal-300x225.jpg 300w, https:\/\/www.leselfes.com\/wp-content\/uploads\/2019\/11\/Charitable-Organizations-In-Nepal-768x576.jpg 768w, https:\/\/www.leselfes.com\/wp-content\/uploads\/2019\/11\/Charitable-Organizations-In-Nepal-320x240.jpg 320w, https:\/\/www.leselfes.com\/wp-content\/uploads\/2019\/11\/Charitable-Organizations-In-Nepal-640x480.jpg 640w, https:\/\/www.leselfes.com\/wp-content\/uploads\/2019\/11\/Charitable-Organizations-In-Nepal-360x270.jpg 360w, https:\/\/www.leselfes.com\/wp-content\/uploads\/2019\/11\/Charitable-Organizations-In-Nepal-720x540.jpg 720w, https:\/\/www.leselfes.com\/wp-content\/uploads\/2019\/11\/Charitable-Organizations-In-Nepal-800x600.jpg 800w\" sizes=\"(max-width: 1024px) 100vw, 1024px\" \/><\/figure>\n\n<p><\/p><p style=\"text-align: justify;\">V\u00e1rios grupos beneficentes se esfor\u00e7am para ajudar os pobres no Nepal.\nNo entanto, o Annapurna \u00e9 um projeto \u00fanico, criado especialmente para fazer a diferen\u00e7a.\nO projeto Annapurna se esfor\u00e7a para oferecer educa\u00e7\u00e3o a meninas.\nCom o atual momento econ\u00f4mico dif\u00edcil, muitas pessoas n\u00e3o conseguem atender \u00e0s necessidades de seus filhos.\nAinda assim, os pais fazem tudo o que podem para criar melhores oportunidades para eles, embora com pouco sucesso.    <\/p>\n\n<p><\/p><p style=\"text-align: justify;\">No passado, os organizadores da Annapurna tiveram dificuldades para identificar crian\u00e7as vulner\u00e1veis que precisavam de assist\u00eancia.\nAs crian\u00e7as que est\u00e3o atualmente sob a organiza\u00e7\u00e3o foram identificadas por meio de contatos locais.\nOs organizadores est\u00e3o empenhados em proporcionar um ambiente familiar favor\u00e1vel, um estilo de vida melhor para as crian\u00e7as e um \u00f3timo sistema educacional.    <\/p>\n\n<h2 class=\"wp-block-heading\" style=\"text-align: justify;\">Onde fica o Annapurna Home?<\/h2>\n\n<p><\/p><p style=\"text-align: justify;\">Tanto a escola quanto a casa est\u00e3o localizadas no Vale de Pokhara.\nLagos brilhantes cercam a regi\u00e3o e ela \u00e9 dominada pelas montanhas das cordilheiras de Dhaulagiri e Annapurna.\nA regi\u00e3o \u00e9 a defini\u00e7\u00e3o definitiva de um ambiente maravilhoso.\nAs crian\u00e7as e seus respons\u00e1veis t\u00eam f\u00e1cil acesso a escolas e hospitais.     <\/p>\n\n<h2 class=\"wp-block-heading\" style=\"text-align: justify;\">Como a Les Elfes ajuda voc\u00ea?<\/h2>\n\n<ul class=\"wp-block-list\"><li style=\"text-align: justify;\">A Les Elfes tem o compromisso de fornecer apoio financeiro doando uma determinada porcentagem de suas reservas de acampamento.<\/li><li style=\"text-align: justify;\">Para cada volunt\u00e1rio, a Les Elfes cuida de seus voos<\/li><li style=\"text-align: justify;\">Em Les Elfes, alguns dos funcion\u00e1rios t\u00eam a tarefa de visitar o Nepal de vez em quando para fazer trabalho volunt\u00e1rio.\nA equipe est\u00e1 empolgada em interagir com as meninas, como pode ser visto no seguinte depoimento de um dos volunt\u00e1rios.   <\/li><\/ul>\n\n<h2 class=\"wp-block-heading\"><em>Minha experi\u00eancia na Annapurna Association Nepal<\/em><\/h2>\n\n<figure class=\"wp-block-image size-large\"><img loading=\"lazy\" decoding=\"async\" width=\"1024\" height=\"768\" src=\"https:\/\/www.leselfes.com\/wp-content\/uploads\/2019\/11\/Annapurna-Association-Nepal-Experience.jpg\" alt=\"Annapurna-Association-Nepal-Experience\" class=\"wp-image-42328\" srcset=\"https:\/\/www.leselfes.com\/wp-content\/uploads\/2019\/11\/Annapurna-Association-Nepal-Experience.jpg 1024w, https:\/\/www.leselfes.com\/wp-content\/uploads\/2019\/11\/Annapurna-Association-Nepal-Experience-300x225.jpg 300w, https:\/\/www.leselfes.com\/wp-content\/uploads\/2019\/11\/Annapurna-Association-Nepal-Experience-768x576.jpg 768w, https:\/\/www.leselfes.com\/wp-content\/uploads\/2019\/11\/Annapurna-Association-Nepal-Experience-320x240.jpg 320w, https:\/\/www.leselfes.com\/wp-content\/uploads\/2019\/11\/Annapurna-Association-Nepal-Experience-640x480.jpg 640w, https:\/\/www.leselfes.com\/wp-content\/uploads\/2019\/11\/Annapurna-Association-Nepal-Experience-360x270.jpg 360w, https:\/\/www.leselfes.com\/wp-content\/uploads\/2019\/11\/Annapurna-Association-Nepal-Experience-720x540.jpg 720w, https:\/\/www.leselfes.com\/wp-content\/uploads\/2019\/11\/Annapurna-Association-Nepal-Experience-800x600.jpg 800w\" sizes=\"(max-width: 1024px) 100vw, 1024px\" \/><\/figure>\n\n<p><\/p><p style=\"text-align: justify;\"><em>A casa da AAN est\u00e1 localizada nos sub\u00farbios a noroeste de Pokhara, em uma parte muito mais calma e tranquila da cidade, cercada por campos de cultivo com um cen\u00e1rio montanhoso.\nAs meninas s\u00f3 se mudaram para o novo pr\u00e9dio este ano e est\u00e3o muito gratas por isso, pois \u00e9 um ambiente muito mais agrad\u00e1vel para elas ficarem.   <\/em><\/p>\n\n<p><\/p><p style=\"text-align: justify;\"><em>Sua nova casa tem muito espa\u00e7o e armazenamento para todas as meninas, uma cozinha grande, uma sala de estudos e at\u00e9 mesmo um espa\u00e7o ao ar livre para cultivar seus vegetais.\nAs meninas s\u00e3o cuidadas pela m\u00e3e da casa, Niru, juntamente com alguns volunt\u00e1rios que ajudam em tudo, desde o trabalho dom\u00e9stico, a manuten\u00e7\u00e3o e a li\u00e7\u00e3o de casa.\nOs volunt\u00e1rios visitam a casa todos os dias e voc\u00ea pode ver o quanto eles significam para as meninas e como eles criaram uma atmosfera familiar na casa.  <\/em><\/p>\n\n<p><\/p><p style=\"text-align: justify;\"><em>No momento da minha visita, 19 meninas moravam na casa e estavam estudando muito para os pr\u00f3ximos exames.\nTodas as meninas reconhecem a sorte que t\u00eam por terem a oportunidade de ter uma boa educa\u00e7\u00e3o e estudam muito todos os dias.\nNormalmente, elas estudam por uma hora antes da escola pela manh\u00e3 e por algumas horas depois, at\u00e9 conclu\u00edrem a li\u00e7\u00e3o de casa.    <\/em><\/p>\n\n<p><\/p><p style=\"text-align: justify;\"><em>Depois de terminar a li\u00e7\u00e3o de casa e as tarefas dom\u00e9sticas, as meninas transformam a sala de estudos em uma sala de jogos e pista de dan\u00e7a!\nGeralmente, o jogo escolhido \u00e9 o Uno, juntamente com uma mistura de dan\u00e7as tradicionais e modernas.\nDurante minha estada, eu visitava a casa duas vezes por dia, antes e depois da escola, principalmente para ajudar as meninas com suas tarefas escolares, al\u00e9m de ajudar no jardim e na limpeza da casa.    <\/em><\/p>\n\n<p><\/p><p style=\"text-align: justify;\"><em>Eu ajudava as meninas a estudar para os pr\u00f3ximos exames, principalmente as mais jovens, com ingl\u00eas e matem\u00e1tica.\nO sistema educacional do Nepal exige muito trabalho \u00e1rduo dos alunos e era uma alegria ajudar as meninas e ver o progresso delas todos os dias.\nQuando as meninas mais novas terminavam a li\u00e7\u00e3o de casa, jog\u00e1vamos e dan\u00e7\u00e1vamos com elas para que as mais velhas tivessem tempo de estudar sem distra\u00e7\u00f5es.  <\/em><\/p>\n\n<p><\/p><p style=\"text-align: justify;\"><em>As meninas mais velhas fizeram alguns exames muito importantes em setembro, enquanto se preparavam para o futuro.\nTive a oportunidade de conversar com Santoshi, que me contou como est\u00e1 estudando administra\u00e7\u00e3o de hot\u00e9is e hospitalidade, pois espera ingressar no crescente setor de turismo de Pokhara, com a \u00e1rea se tornando cada vez mais popular para caminhadas.\nEla me contou que est\u00e1 na casa h\u00e1 mais de 10 anos, junto com outras duas meninas.    <\/em><\/p>\n\n<p><\/p><p style=\"text-align: justify;\"><em>Elas cresceram juntas no lar e agora t\u00eam a chance de concluir suas qualifica\u00e7\u00f5es e iniciar uma carreira frut\u00edfera e bem-sucedida gra\u00e7as ao apoio fornecido pela AAN e \u00e0 educa\u00e7\u00e3o que receberam.\nVer o progresso das meninas, de crian\u00e7as sem muita educa\u00e7\u00e3o a mulheres jovens que t\u00eam todas as qualifica\u00e7\u00f5es para uma carreira de sucesso, foi incr\u00edvel.   <\/em><\/p>\n\n<p><\/p><p style=\"text-align: justify;\"><em>Ver em primeira m\u00e3o as oportunidades que a AAN pode oferecer a essas meninas foi incr\u00edvel.\nCada doa\u00e7\u00e3o e cada peda\u00e7o de ajuda que a AAN recebe vai direto para essas jovens nepalesas, dando a elas uma chance na vida que talvez n\u00e3o tivessem antes. <\/em><\/p>\n\n<p><\/p><p style=\"text-align: justify;\"><em>Muito obrigado a voc\u00ea por essa oportunidade!<\/em><\/p>\n\n<p><\/p><p style=\"text-align: justify;\"><em>Sam<\/em><\/p>\n\n<h2 class=\"wp-block-heading\" style=\"text-align: justify;\">Finalmente<\/h2>\n\n<p><\/p><p style=\"text-align: justify;\">A educa\u00e7\u00e3o \u00e9 uma parte essencial da vida humana e os pais precisam levar seus filhos \u00e0 escola, independentemente da situa\u00e7\u00e3o em que se encontram.\nNo entanto, algumas crian\u00e7as v\u00eam de fam\u00edlias muito desprivilegiadas, o que torna a ida \u00e0 escola uma tarefa \u00e1rdua.\n\u00c9 a\u00ed que entra o projeto Annapurna, n\u00e3o apenas para ajudar essas crian\u00e7as a irem \u00e0 escola.\nO projeto as ajuda a desenvolver um futuro concreto para elas mesmas e para as gera\u00e7\u00f5es futuras.   <\/p>\n","protected":false},"excerpt":{"rendered":"<p>Continue lendo para ter uma vis\u00e3o geral de como o Projeto Annapurna est\u00e1 mudando a vida das meninas no Nepal<\/p>\n","protected":false},"author":1,"featured_media":0,"comment_status":"open","ping_status":"open","sticky":false,"template":"","format":"standard","meta":{"_acf_changed":false,"inline_featured_image":false,"footnotes":""},"categories":[1351],"tags":[],"class_list":{"0":"post-91849","1":"post","2":"type-post","3":"status-publish","4":"format-standard","6":"category-artigos-pt-br"},"acf":[],"yoast_head":"<!-- This site is optimized with the Yoast SEO Premium plugin v24.2 (Yoast SEO v24.7) - https:\/\/yoast.com\/wordpress\/plugins\/seo\/ -->\n<title>Como o Projeto Annapurna est\u00e1 mudando a vida das meninas no Nepal - Les Elfes International Camps Switzerland<\/title>\n<meta name=\"robots\" content=\"index, follow, max-snippet:-1, max-image-preview:large, max-video-preview:-1\" \/>\n<link rel=\"canonical\" href=\"https:\/\/www.leselfes.com\/pt-br\/como-o-projeto-annapurna-esta-mudando-a-vida-das-meninas-no-nepal\/\" \/>\n<meta property=\"og:locale\" content=\"pt_BR\" \/>\n<meta property=\"og:type\" content=\"article\" \/>\n<meta property=\"og:title\" content=\"Como o Projeto Annapurna est\u00e1 mudando a vida das meninas no Nepal\" \/>\n<meta property=\"og:description\" content=\"Continue lendo para ter uma vis\u00e3o geral de como o Projeto Annapurna est\u00e1 mudando a vida das meninas no Nepal\" \/>\n<meta property=\"og:url\" content=\"https:\/\/www.leselfes.com\/pt-br\/como-o-projeto-annapurna-esta-mudando-a-vida-das-meninas-no-nepal\/\" \/>\n<meta property=\"og:site_name\" content=\"Les Elfes International Camps Switzerland\" \/>\n<meta property=\"article:publisher\" content=\"https:\/\/www.facebook.com\/LesElfesVerbier\" \/>\n<meta property=\"article:published_time\" content=\"2019-11-09T06:13:44+00:00\" \/>\n<meta property=\"article:modified_time\" content=\"2024-11-12T11:07:53+00:00\" \/>\n<meta property=\"og:image\" content=\"https:\/\/dev.leselfes.com\/wp-content\/uploads\/2019\/11\/Annapurna-association.jpg\" \/>\n<meta name=\"author\" content=\"lesadmin\" \/>\n<meta name=\"twitter:card\" content=\"summary_large_image\" \/>\n<meta name=\"twitter:creator\" content=\"@LesElfesCamps\" \/>\n<meta name=\"twitter:site\" content=\"@LesElfesCamps\" \/>\n<meta name=\"twitter:label1\" content=\"Escrito por\" \/>\n\t<meta name=\"twitter:data1\" content=\"lesadmin\" \/>\n\t<meta name=\"twitter:label2\" content=\"Est. tempo de leitura\" \/>\n\t<meta name=\"twitter:data2\" content=\"7 minutos\" \/>\n<script type=\"application\/ld+json\" class=\"yoast-schema-graph\">{\"@context\":\"https:\/\/schema.org\",\"@graph\":[{\"@type\":\"Article\",\"@id\":\"https:\/\/www.leselfes.com\/pt-br\/como-o-projeto-annapurna-esta-mudando-a-vida-das-meninas-no-nepal\/#article\",\"isPartOf\":{\"@id\":\"https:\/\/www.leselfes.com\/pt-br\/como-o-projeto-annapurna-esta-mudando-a-vida-das-meninas-no-nepal\/\"},\"author\":{\"name\":\"lesadmin\",\"@id\":\"https:\/\/dev.leselfes.com\/#\/schema\/person\/407a229698868b8c603874b19f37f289\"},\"headline\":\"Como o Projeto Annapurna est\u00e1 mudando a vida das meninas no Nepal\",\"datePublished\":\"2019-11-09T06:13:44+00:00\",\"dateModified\":\"2024-11-12T11:07:53+00:00\",\"mainEntityOfPage\":{\"@id\":\"https:\/\/www.leselfes.com\/pt-br\/como-o-projeto-annapurna-esta-mudando-a-vida-das-meninas-no-nepal\/\"},\"wordCount\":1406,\"commentCount\":0,\"publisher\":{\"@id\":\"https:\/\/dev.leselfes.com\/#organization\"},\"image\":{\"@id\":\"https:\/\/www.leselfes.com\/pt-br\/como-o-projeto-annapurna-esta-mudando-a-vida-das-meninas-no-nepal\/#primaryimage\"},\"thumbnailUrl\":\"https:\/\/www.leselfes.com\/wp-content\/uploads\/2019\/11\/Annapurna-association.jpg\",\"articleSection\":[\"Artigos\"],\"inLanguage\":\"pt-BR\",\"potentialAction\":[{\"@type\":\"CommentAction\",\"name\":\"Comment\",\"target\":[\"https:\/\/www.leselfes.com\/pt-br\/como-o-projeto-annapurna-esta-mudando-a-vida-das-meninas-no-nepal\/#respond\"]}]},{\"@type\":\"WebPage\",\"@id\":\"https:\/\/www.leselfes.com\/pt-br\/como-o-projeto-annapurna-esta-mudando-a-vida-das-meninas-no-nepal\/\",\"url\":\"https:\/\/www.leselfes.com\/pt-br\/como-o-projeto-annapurna-esta-mudando-a-vida-das-meninas-no-nepal\/\",\"name\":\"Como o Projeto Annapurna est\u00e1 mudando a vida das meninas no Nepal - Les Elfes International Camps Switzerland\",\"isPartOf\":{\"@id\":\"https:\/\/dev.leselfes.com\/#website\"},\"primaryImageOfPage\":{\"@id\":\"https:\/\/www.leselfes.com\/pt-br\/como-o-projeto-annapurna-esta-mudando-a-vida-das-meninas-no-nepal\/#primaryimage\"},\"image\":{\"@id\":\"https:\/\/www.leselfes.com\/pt-br\/como-o-projeto-annapurna-esta-mudando-a-vida-das-meninas-no-nepal\/#primaryimage\"},\"thumbnailUrl\":\"https:\/\/www.leselfes.com\/wp-content\/uploads\/2019\/11\/Annapurna-association.jpg\",\"datePublished\":\"2019-11-09T06:13:44+00:00\",\"dateModified\":\"2024-11-12T11:07:53+00:00\",\"breadcrumb\":{\"@id\":\"https:\/\/www.leselfes.com\/pt-br\/como-o-projeto-annapurna-esta-mudando-a-vida-das-meninas-no-nepal\/#breadcrumb\"},\"inLanguage\":\"pt-BR\",\"potentialAction\":[{\"@type\":\"ReadAction\",\"target\":[\"https:\/\/www.leselfes.com\/pt-br\/como-o-projeto-annapurna-esta-mudando-a-vida-das-meninas-no-nepal\/\"]}]},{\"@type\":\"ImageObject\",\"inLanguage\":\"pt-BR\",\"@id\":\"https:\/\/www.leselfes.com\/pt-br\/como-o-projeto-annapurna-esta-mudando-a-vida-das-meninas-no-nepal\/#primaryimage\",\"url\":\"https:\/\/www.leselfes.com\/wp-content\/uploads\/2019\/11\/Annapurna-association.jpg\",\"contentUrl\":\"https:\/\/www.leselfes.com\/wp-content\/uploads\/2019\/11\/Annapurna-association.jpg\"},{\"@type\":\"BreadcrumbList\",\"@id\":\"https:\/\/www.leselfes.com\/pt-br\/como-o-projeto-annapurna-esta-mudando-a-vida-das-meninas-no-nepal\/#breadcrumb\",\"itemListElement\":[{\"@type\":\"ListItem\",\"position\":1,\"name\":\"Home\",\"item\":\"https:\/\/www.leselfes.com\/pt-br\/\"},{\"@type\":\"ListItem\",\"position\":2,\"name\":\"Como o Projeto Annapurna est\u00e1 mudando a vida das meninas no Nepal\"}]},{\"@type\":\"WebSite\",\"@id\":\"https:\/\/dev.leselfes.com\/#website\",\"url\":\"https:\/\/dev.leselfes.com\/\",\"name\":\"Les Elfes International\",\"description\":\"Les Elfes International, Verbier Switzerland. Summer Camp, Winter Camp, Spring Camps.\",\"publisher\":{\"@id\":\"https:\/\/dev.leselfes.com\/#organization\"},\"alternateName\":\"Les Elfes International\",\"potentialAction\":[{\"@type\":\"SearchAction\",\"target\":{\"@type\":\"EntryPoint\",\"urlTemplate\":\"https:\/\/dev.leselfes.com\/?s={search_term_string}\"},\"query-input\":{\"@type\":\"PropertyValueSpecification\",\"valueRequired\":true,\"valueName\":\"search_term_string\"}}],\"inLanguage\":\"pt-BR\"},{\"@type\":\"Organization\",\"@id\":\"https:\/\/dev.leselfes.com\/#organization\",\"name\":\"Les Elfes International\",\"alternateName\":\"Les Elfes International\",\"url\":\"https:\/\/dev.leselfes.com\/\",\"logo\":{\"@type\":\"ImageObject\",\"inLanguage\":\"pt-BR\",\"@id\":\"https:\/\/dev.leselfes.com\/#\/schema\/logo\/image\/\",\"url\":\"https:\/\/www.leselfes.com\/wp-content\/uploads\/2022\/03\/leselfes-logo.png\",\"contentUrl\":\"https:\/\/www.leselfes.com\/wp-content\/uploads\/2022\/03\/leselfes-logo.png\",\"width\":233,\"height\":51,\"caption\":\"Les Elfes International\"},\"image\":{\"@id\":\"https:\/\/dev.leselfes.com\/#\/schema\/logo\/image\/\"},\"sameAs\":[\"https:\/\/www.facebook.com\/LesElfesVerbier\",\"https:\/\/x.com\/LesElfesCamps\",\"https:\/\/www.instagram.com\/leselfes\",\"https:\/\/www.linkedin.com\/company\/les-elfes-international\",\"https:\/\/www.youtube.com\/user\/LesElfesVerbier\"]},{\"@type\":\"Person\",\"@id\":\"https:\/\/dev.leselfes.com\/#\/schema\/person\/407a229698868b8c603874b19f37f289\",\"name\":\"lesadmin\",\"image\":{\"@type\":\"ImageObject\",\"inLanguage\":\"pt-BR\",\"@id\":\"https:\/\/dev.leselfes.com\/#\/schema\/person\/image\/\",\"url\":\"https:\/\/secure.gravatar.com\/avatar\/fdb243a028df450397b3632d862f87f6?s=96&d=mm&r=g\",\"contentUrl\":\"https:\/\/secure.gravatar.com\/avatar\/fdb243a028df450397b3632d862f87f6?s=96&d=mm&r=g\",\"caption\":\"lesadmin\"},\"url\":\"https:\/\/www.leselfes.com\/pt-br\/author\/lesadmin\/\"}]}<\/script>\n<!-- \/ Yoast SEO Premium plugin. -->","yoast_head_json":{"title":"Como o Projeto Annapurna est\u00e1 mudando a vida das meninas no Nepal - Les Elfes International Camps Switzerland","robots":{"index":"index","follow":"follow","max-snippet":"max-snippet:-1","max-image-preview":"max-image-preview:large","max-video-preview":"max-video-preview:-1"},"canonical":"https:\/\/www.leselfes.com\/pt-br\/como-o-projeto-annapurna-esta-mudando-a-vida-das-meninas-no-nepal\/","og_locale":"pt_BR","og_type":"article","og_title":"Como o Projeto Annapurna est\u00e1 mudando a vida das meninas no Nepal","og_description":"Continue lendo para ter uma vis\u00e3o geral de como o Projeto Annapurna est\u00e1 mudando a vida das meninas no Nepal","og_url":"https:\/\/www.leselfes.com\/pt-br\/como-o-projeto-annapurna-esta-mudando-a-vida-das-meninas-no-nepal\/","og_site_name":"Les Elfes International Camps Switzerland","article_publisher":"https:\/\/www.facebook.com\/LesElfesVerbier","article_published_time":"2019-11-09T06:13:44+00:00","article_modified_time":"2024-11-12T11:07:53+00:00","og_image":[{"url":"https:\/\/dev.leselfes.com\/wp-content\/uploads\/2019\/11\/Annapurna-association.jpg","type":"","width":"","height":""}],"author":"lesadmin","twitter_card":"summary_large_image","twitter_creator":"@LesElfesCamps","twitter_site":"@LesElfesCamps","twitter_misc":{"Escrito por":"lesadmin","Est. tempo de leitura":"7 minutos"},"schema":{"@context":"https:\/\/schema.org","@graph":[{"@type":"Article","@id":"https:\/\/www.leselfes.com\/pt-br\/como-o-projeto-annapurna-esta-mudando-a-vida-das-meninas-no-nepal\/#article","isPartOf":{"@id":"https:\/\/www.leselfes.com\/pt-br\/como-o-projeto-annapurna-esta-mudando-a-vida-das-meninas-no-nepal\/"},"author":{"name":"lesadmin","@id":"https:\/\/dev.leselfes.com\/#\/schema\/person\/407a229698868b8c603874b19f37f289"},"headline":"Como o Projeto Annapurna est\u00e1 mudando a vida das meninas no Nepal","datePublished":"2019-11-09T06:13:44+00:00","dateModified":"2024-11-12T11:07:53+00:00","mainEntityOfPage":{"@id":"https:\/\/www.leselfes.com\/pt-br\/como-o-projeto-annapurna-esta-mudando-a-vida-das-meninas-no-nepal\/"},"wordCount":1406,"commentCount":0,"publisher":{"@id":"https:\/\/dev.leselfes.com\/#organization"},"image":{"@id":"https:\/\/www.leselfes.com\/pt-br\/como-o-projeto-annapurna-esta-mudando-a-vida-das-meninas-no-nepal\/#primaryimage"},"thumbnailUrl":"https:\/\/www.leselfes.com\/wp-content\/uploads\/2019\/11\/Annapurna-association.jpg","articleSection":["Artigos"],"inLanguage":"pt-BR","potentialAction":[{"@type":"CommentAction","name":"Comment","target":["https:\/\/www.leselfes.com\/pt-br\/como-o-projeto-annapurna-esta-mudando-a-vida-das-meninas-no-nepal\/#respond"]}]},{"@type":"WebPage","@id":"https:\/\/www.leselfes.com\/pt-br\/como-o-projeto-annapurna-esta-mudando-a-vida-das-meninas-no-nepal\/","url":"https:\/\/www.leselfes.com\/pt-br\/como-o-projeto-annapurna-esta-mudando-a-vida-das-meninas-no-nepal\/","name":"Como o Projeto Annapurna est\u00e1 mudando a vida das meninas no Nepal - Les Elfes International Camps Switzerland","isPartOf":{"@id":"https:\/\/dev.leselfes.com\/#website"},"primaryImageOfPage":{"@id":"https:\/\/www.leselfes.com\/pt-br\/como-o-projeto-annapurna-esta-mudando-a-vida-das-meninas-no-nepal\/#primaryimage"},"image":{"@id":"https:\/\/www.leselfes.com\/pt-br\/como-o-projeto-annapurna-esta-mudando-a-vida-das-meninas-no-nepal\/#primaryimage"},"thumbnailUrl":"https:\/\/www.leselfes.com\/wp-content\/uploads\/2019\/11\/Annapurna-association.jpg","datePublished":"2019-11-09T06:13:44+00:00","dateModified":"2024-11-12T11:07:53+00:00","breadcrumb":{"@id":"https:\/\/www.leselfes.com\/pt-br\/como-o-projeto-annapurna-esta-mudando-a-vida-das-meninas-no-nepal\/#breadcrumb"},"inLanguage":"pt-BR","potentialAction":[{"@type":"ReadAction","target":["https:\/\/www.leselfes.com\/pt-br\/como-o-projeto-annapurna-esta-mudando-a-vida-das-meninas-no-nepal\/"]}]},{"@type":"ImageObject","inLanguage":"pt-BR","@id":"https:\/\/www.leselfes.com\/pt-br\/como-o-projeto-annapurna-esta-mudando-a-vida-das-meninas-no-nepal\/#primaryimage","url":"https:\/\/www.leselfes.com\/wp-content\/uploads\/2019\/11\/Annapurna-association.jpg","contentUrl":"https:\/\/www.leselfes.com\/wp-content\/uploads\/2019\/11\/Annapurna-association.jpg"},{"@type":"BreadcrumbList","@id":"https:\/\/www.leselfes.com\/pt-br\/como-o-projeto-annapurna-esta-mudando-a-vida-das-meninas-no-nepal\/#breadcrumb","itemListElement":[{"@type":"ListItem","position":1,"name":"Home","item":"https:\/\/www.leselfes.com\/pt-br\/"},{"@type":"ListItem","position":2,"name":"Como o Projeto Annapurna est\u00e1 mudando a vida das meninas no Nepal"}]},{"@type":"WebSite","@id":"https:\/\/dev.leselfes.com\/#website","url":"https:\/\/dev.leselfes.com\/","name":"Les Elfes International","description":"Les Elfes International, Verbier Switzerland. Summer Camp, Winter Camp, Spring Camps.","publisher":{"@id":"https:\/\/dev.leselfes.com\/#organization"},"alternateName":"Les Elfes International","potentialAction":[{"@type":"SearchAction","target":{"@type":"EntryPoint","urlTemplate":"https:\/\/dev.leselfes.com\/?s={search_term_string}"},"query-input":{"@type":"PropertyValueSpecification","valueRequired":true,"valueName":"search_term_string"}}],"inLanguage":"pt-BR"},{"@type":"Organization","@id":"https:\/\/dev.leselfes.com\/#organization","name":"Les Elfes International","alternateName":"Les Elfes International","url":"https:\/\/dev.leselfes.com\/","logo":{"@type":"ImageObject","inLanguage":"pt-BR","@id":"https:\/\/dev.leselfes.com\/#\/schema\/logo\/image\/","url":"https:\/\/www.leselfes.com\/wp-content\/uploads\/2022\/03\/leselfes-logo.png","contentUrl":"https:\/\/www.leselfes.com\/wp-content\/uploads\/2022\/03\/leselfes-logo.png","width":233,"height":51,"caption":"Les Elfes International"},"image":{"@id":"https:\/\/dev.leselfes.com\/#\/schema\/logo\/image\/"},"sameAs":["https:\/\/www.facebook.com\/LesElfesVerbier","https:\/\/x.com\/LesElfesCamps","https:\/\/www.instagram.com\/leselfes","https:\/\/www.linkedin.com\/company\/les-elfes-international","https:\/\/www.youtube.com\/user\/LesElfesVerbier"]},{"@type":"Person","@id":"https:\/\/dev.leselfes.com\/#\/schema\/person\/407a229698868b8c603874b19f37f289","name":"lesadmin","image":{"@type":"ImageObject","inLanguage":"pt-BR","@id":"https:\/\/dev.leselfes.com\/#\/schema\/person\/image\/","url":"https:\/\/secure.gravatar.com\/avatar\/fdb243a028df450397b3632d862f87f6?s=96&d=mm&r=g","contentUrl":"https:\/\/secure.gravatar.com\/avatar\/fdb243a028df450397b3632d862f87f6?s=96&d=mm&r=g","caption":"lesadmin"},"url":"https:\/\/www.leselfes.com\/pt-br\/author\/lesadmin\/"}]}},"_links":{"self":[{"href":"https:\/\/www.leselfes.com\/pt-br\/wp-json\/wp\/v2\/posts\/91849"}],"collection":[{"href":"https:\/\/www.leselfes.com\/pt-br\/wp-json\/wp\/v2\/posts"}],"about":[{"href":"https:\/\/www.leselfes.com\/pt-br\/wp-json\/wp\/v2\/types\/post"}],"author":[{"embeddable":true,"href":"https:\/\/www.leselfes.com\/pt-br\/wp-json\/wp\/v2\/users\/1"}],"replies":[{"embeddable":true,"href":"https:\/\/www.leselfes.com\/pt-br\/wp-json\/wp\/v2\/comments?post=91849"}],"version-history":[{"count":0,"href":"https:\/\/www.leselfes.com\/pt-br\/wp-json\/wp\/v2\/posts\/91849\/revisions"}],"wp:attachment":[{"href":"https:\/\/www.leselfes.com\/pt-br\/wp-json\/wp\/v2\/media?parent=91849"}],"wp:term":[{"taxonomy":"category","embeddable":true,"href":"https:\/\/www.leselfes.com\/pt-br\/wp-json\/wp\/v2\/categories?post=91849"},{"taxonomy":"post_tag","embeddable":true,"href":"https:\/\/www.leselfes.com\/pt-br\/wp-json\/wp\/v2\/tags?post=91849"}],"curies":[{"name":"wp","href":"https:\/\/api.w.org\/{rel}","templated":true}]}}