{"id":91974,"date":"2021-12-02T10:17:03","date_gmt":"2021-12-02T09:17:03","guid":{"rendered":"https:\/\/www.leselfes.com\/como-ter-um-natal-ecologicamente-correto\/"},"modified":"2024-11-12T12:09:56","modified_gmt":"2024-11-12T11:09:56","slug":"como-ter-um-natal-ecologicamente-correto","status":"publish","type":"post","link":"https:\/\/www.leselfes.com\/pt-br\/como-ter-um-natal-ecologicamente-correto\/","title":{"rendered":"Como ter um Natal ecologicamente correto"},"content":{"rendered":"<p>A \u00e9poca do Natal \u00e9 um per\u00edodo de alegria, amor e esp\u00edrito de doa\u00e7\u00e3o. Entretanto, tamb\u00e9m pode ser uma \u00e9poca de excesso de indulg\u00eancia, desperd\u00edcio e consumismo. Ap\u00f3s a temporada de festas, uma enorme quantidade de lixo acaba em aterros sanit\u00e1rios, causando mais polui\u00e7\u00e3o do meio ambiente. O que podemos fazer para ajudar? Podemos ter um <strong>Natal ecologicamente correto<\/strong>.<br \/>\n<div id=\"ez-toc-container\" class=\"ez-toc-v2_0_73 ez-toc-wrap-left counter-hierarchy ez-toc-counter ez-toc-grey ez-toc-container-direction\">\n<div class=\"ez-toc-title-container\">\n<span class=\"ez-toc-title ez-toc-toggle\" style=\"cursor:pointer\">Table of Contents<\/span>\n<span class=\"ez-toc-title-toggle\"><a href=\"#\" class=\"ez-toc-pull-right ez-toc-btn ez-toc-btn-xs ez-toc-btn-default ez-toc-toggle\" aria-label=\"Alternar tabela de conte\u00fado\"><span class=\"ez-toc-js-icon-con\"><span class=\"\"><span class=\"eztoc-hide\" style=\"display:none;\">Toggle<\/span><span class=\"ez-toc-icon-toggle-span\"><svg style=\"fill: #999;color:#999\" xmlns=\"http:\/\/www.w3.org\/2000\/svg\" class=\"list-377408\" width=\"20px\" height=\"20px\" viewBox=\"0 0 24 24\" fill=\"none\"><path d=\"M6 6H4v2h2V6zm14 0H8v2h12V6zM4 11h2v2H4v-2zm16 0H8v2h12v-2zM4 16h2v2H4v-2zm16 0H8v2h12v-2z\" fill=\"currentColor\"><\/path><\/svg><svg style=\"fill: #999;color:#999\" class=\"arrow-unsorted-368013\" xmlns=\"http:\/\/www.w3.org\/2000\/svg\" width=\"10px\" height=\"10px\" viewBox=\"0 0 24 24\" version=\"1.2\" baseProfile=\"tiny\"><path d=\"M18.2 9.3l-6.2-6.3-6.2 6.3c-.2.2-.3.4-.3.7s.1.5.3.7c.2.2.4.3.7.3h11c.3 0 .5-.1.7-.3.2-.2.3-.5.3-.7s-.1-.5-.3-.7zM5.8 14.7l6.2 6.3 6.2-6.3c.2-.2.3-.5.3-.7s-.1-.5-.3-.7c-.2-.2-.4-.3-.7-.3h-11c-.3 0-.5.1-.7.3-.2.2-.3.5-.3.7s.1.5.3.7z\"\/><\/svg><\/span><\/span><\/span><\/a><\/span><\/div>\n<nav><ul class='ez-toc-list ez-toc-list-level-1 eztoc-toggle-hide-by-default' ><li class='ez-toc-page-1 ez-toc-heading-level-2'><a class=\"ez-toc-link ez-toc-heading-1\" href=\"https:\/\/www.leselfes.com\/pt-br\/como-ter-um-natal-ecologicamente-correto\/#O_que_e_um_Natal_ecologicamente_correto\" title=\"O que \u00e9 um Natal ecologicamente correto?\">O que \u00e9 um Natal ecologicamente correto?<\/a><\/li><li class='ez-toc-page-1 ez-toc-heading-level-2'><a class=\"ez-toc-link ez-toc-heading-2\" href=\"https:\/\/www.leselfes.com\/pt-br\/como-ter-um-natal-ecologicamente-correto\/#Escolha_uma_arvore_de_verdade\" title=\"Escolha uma \u00e1rvore de verdade\">Escolha uma \u00e1rvore de verdade<\/a><\/li><li class='ez-toc-page-1 ez-toc-heading-level-2'><a class=\"ez-toc-link ez-toc-heading-3\" href=\"https:\/\/www.leselfes.com\/pt-br\/como-ter-um-natal-ecologicamente-correto\/#Decoracoes\" title=\"Decora\u00e7\u00f5es\">Decora\u00e7\u00f5es<\/a><\/li><li class='ez-toc-page-1 ez-toc-heading-level-2'><a class=\"ez-toc-link ez-toc-heading-4\" href=\"https:\/\/www.leselfes.com\/pt-br\/como-ter-um-natal-ecologicamente-correto\/#Presentes\" title=\"Presentes\">Presentes<\/a><\/li><li class='ez-toc-page-1 ez-toc-heading-level-2'><a class=\"ez-toc-link ez-toc-heading-5\" href=\"https:\/\/www.leselfes.com\/pt-br\/como-ter-um-natal-ecologicamente-correto\/#Embalagem_para_presente\" title=\"Embalagem para presente\">Embalagem para presente<\/a><\/li><li class='ez-toc-page-1 ez-toc-heading-level-2'><a class=\"ez-toc-link ez-toc-heading-6\" href=\"https:\/\/www.leselfes.com\/pt-br\/como-ter-um-natal-ecologicamente-correto\/#Economize_energia\" title=\"Economize energia\">Economize energia<\/a><\/li><li class='ez-toc-page-1 ez-toc-heading-level-2'><a class=\"ez-toc-link ez-toc-heading-7\" href=\"https:\/\/www.leselfes.com\/pt-br\/como-ter-um-natal-ecologicamente-correto\/#Use_as_sobras\" title=\"Use as sobras\">Use as sobras<\/a><\/li><li class='ez-toc-page-1 ez-toc-heading-level-2'><a class=\"ez-toc-link ez-toc-heading-8\" href=\"https:\/\/www.leselfes.com\/pt-br\/como-ter-um-natal-ecologicamente-correto\/#Seu_Natal_ecologicamente_correto\" title=\"Seu Natal ecologicamente correto\">Seu Natal ecologicamente correto<\/a><\/li><\/ul><\/nav><\/div>\n\n<p style=\"text-align: center;\"><strong>Nos acampamentos de Les Elfes, os alunos s\u00e3o sensibilizados para a sustentabilidade.<\/strong><\/p>\n<p style=\"text-align: center;\"><strong>Considere a possibilidade de inscrever seu filho nos acampamentos de esqui e snowboard Les Elfes Winter!<\/strong><\/p>\n<p>\t\t\t<a href=\"https:\/\/www.leselfes.com\/pt-br\/acampamento-de-inverno\/\" target=\"_blank\" role=\"button\" rel=\"noopener\"><br \/>\nACAMPAMENTOS DE INVERNO DE LES ELFES<br \/>\n<\/a><\/p>\n<h2><span class=\"ez-toc-section\" id=\"O_que_e_um_Natal_ecologicamente_correto\"><\/span><strong>O que \u00e9 um Natal ecologicamente correto?<\/strong><span class=\"ez-toc-section-end\"><\/span><\/h2>\n<p>Um <strong>Natal ecologicamente correto<\/strong> refere-se \u00e0 comemora\u00e7\u00e3o das festas de fim de ano de uma forma que seja menos prejudicial ao planeta, <strong>reduza o desperd\u00edcio<\/strong> e possa ser econ\u00f4mica para voc\u00ea tamb\u00e9m. Veja como voc\u00ea pode reduzir, reutilizar e reciclar durante as festas de fim de ano. <\/p>\n<h2><span class=\"ez-toc-section\" id=\"Escolha_uma_arvore_de_verdade\"><\/span><strong>Escolha uma \u00e1rvore de verdade<\/strong><span class=\"ez-toc-section-end\"><\/span><\/h2>\n<p>Pode parecer um pouco surpreendente que uma \u00e1rvore de verdade seja mais <strong>ecol\u00f3gica<\/strong> do que uma \u00e1rvore artificial. Entretanto, as \u00e1rvores reais cultivadas em fazendas est\u00e3o ajudando o meio ambiente. Elas limpam o ar, absorvem as emiss\u00f5es de carbono e fornecem um habitat para p\u00e1ssaros e animais selvagens. Quando as fazendas de \u00e1rvores cortam \u00e1rvores, elas plantam novas e o <strong>ciclo ecol\u00f3gico<\/strong> continua. As \u00e1rvores artificiais s\u00e3o consideradas sustent\u00e1veis somente ap\u00f3s muitos anos de uso. Elas podem conter produtos qu\u00edmicos nocivos e geralmente acabam em aterros sanit\u00e1rios depois de alguns anos. <strong>As \u00e1rvores de Natal em vasos s\u00e3o uma op\u00e7\u00e3o ecologicamente correta<\/strong>. Uma \u00e1rvore em vaso \u00e9 uma boa alternativa se voc\u00ea tiver um lugar para coloc\u00e1-la e tempo para cuidar dela. Voc\u00ea pode mant\u00ea-la em um vaso ou plant\u00e1-la.       <\/p>\n<p style=\"text-align: center;\"><a href=\"https:\/\/www.leselfes.com\/wp-content\/uploads\/2021\/12\/Eco-Christmas-Christmas-tree.jpg\"><img loading=\"lazy\" decoding=\"async\" src=\"https:\/\/www.leselfes.com\/wp-content\/uploads\/2021\/12\/Eco-Christmas-Christmas-tree.jpg\" alt=\"Eco-Christmas - \u00c1rvore de Natal\" width=\"951\" height=\"634\"><\/a><\/p>\n<h2><span class=\"ez-toc-section\" id=\"Decoracoes\"><\/span><strong>Decora\u00e7\u00f5es<\/strong><span class=\"ez-toc-section-end\"><\/span><\/h2>\n<p>Agora que voc\u00ea j\u00e1 tem sua \u00e1rvore, \u00e9 hora de decor\u00e1-la. Voc\u00ea pode comprar decora\u00e7\u00f5es baratas em um brech\u00f3. Voc\u00ea pode comprar decora\u00e7\u00f5es de baixo custo em um brech\u00f3. Considere <strong>fazer decora\u00e7\u00f5es ecol\u00f3gicas<\/strong> com elementos naturais. Voc\u00ea pode usar madeira, pinhas, cranberries e amarrar a \u00e1rvore com pipoca. Se voc\u00ea for bom em artesanato, re\u00fana as crian\u00e7as e d\u00ea asas \u00e0 criatividade. Voc\u00ea tamb\u00e9m pode trocar decora\u00e7\u00f5es com amigos ou parentes.      <\/p>\n<h2><span class=\"ez-toc-section\" id=\"Presentes\"><\/span><strong>Presentes<\/strong><span class=\"ez-toc-section-end\"><\/span><\/h2>\n<p>Em vez de comprar muitos presentes, considere dar cart\u00f5es-presente, associa\u00e7\u00f5es ou doa\u00e7\u00f5es para a institui\u00e7\u00e3o de caridade favorita de algu\u00e9m. Esses presentes s\u00e3o ecologicamente <strong>corretos<\/strong>, pois n\u00e3o t\u00eam embalagens que contribuem para o desperd\u00edcio. D\u00ea presentes comest\u00edveis, como biscoitos caseiros. Os biscoitos de nozes, de ab\u00f3bora e de semente de papoula s\u00e3o outros favoritos do feriado. Se voc\u00ea sabe costurar ou tricotar, considere a possibilidade de fazer seus presentes. Su\u00e9teres, cachec\u00f3is, chap\u00e9us e luvas s\u00e3o presentes populares. Se voc\u00ea for art\u00edstico, pode dar de presente desenhos ou pinturas. Se voc\u00ea adora tirar fotos, emoldure uma imagem favorita e d\u00ea-a de presente. Os destinat\u00e1rios apreciar\u00e3o o tempo e o amor que voc\u00ea dedicou aos <strong>presentes feitos em casa<\/strong>.        <\/p>\n<h2><span class=\"ez-toc-section\" id=\"Embalagem_para_presente\"><\/span><strong>Embalagem para presente<\/strong><span class=\"ez-toc-section-end\"><\/span><\/h2>\n<p>Pense na quantidade de papel de embrulho que vai para o lixo a cada temporada de festas. Quando voc\u00ea abrir os presentes, tente recuperar o papel de embrulho. Guarde-o e reutilize-o. Voc\u00ea pode fazer o mesmo com as sacolas de presente. Voc\u00ea pode fazer o mesmo com as sacolas de presente. Para reduzir o uso de papel de embrulho, voc\u00ea pode pensar em maneiras criativas de embrulhar os presentes. Por exemplo, voc\u00ea pode presentear com joias colocando-as em um saco de veludo de apar\u00eancia elegante. Embrulhe um pijama em um cobertor de Natal e amarre-o com uma fita. Se voc\u00ea souber tricotar, poder\u00e1 tricotar capas criativas nas cores do Natal para pequenos presentes. Deixe as crian\u00e7as embrulharem os presentes em pap\u00e9is ou p\u00e1ginas de livros de colorir que elas tenham colorido.        <\/p>\n<p style=\"text-align: center;\"><a href=\"https:\/\/www.leselfes.com\/wp-content\/uploads\/2021\/12\/Eco-Christmas-gift-wrap-1.jpg\"><img loading=\"lazy\" decoding=\"async\" src=\"https:\/\/www.leselfes.com\/wp-content\/uploads\/2021\/12\/Eco-Christmas-gift-wrap-1.jpg\" alt=\"Natal ecol\u00f3gico - papel de presente\" width=\"951\" height=\"634\"><\/a><\/p>\n<h2><span class=\"ez-toc-section\" id=\"Economize_energia\"><\/span><strong>Economize energia<\/strong><span class=\"ez-toc-section-end\"><\/span><\/h2>\n<p><strong>As luzes de Natal<\/strong> s\u00e3o lindas na \u00e1rvore, mas n\u00e3o na conta de luz. Desligue as luzes da \u00e1rvore de Natal quando voc\u00ea n\u00e3o estiver em casa ou quando for dormir. Se voc\u00ea tiver luzes de Natal decorando a parte externa da sua casa, coloque-as em um temporizador para que n\u00e3o fiquem acesas constantemente. Isso far\u00e1 com que as luzes durem mais e reduzir\u00e1 o consumo de energia.   <\/p>\n<h2><span class=\"ez-toc-section\" id=\"Use_as_sobras\"><\/span><strong>Use as sobras<\/strong><span class=\"ez-toc-section-end\"><\/span><\/h2>\n<p>N\u00e3o deixe que as sobras do feriado sejam desperdi\u00e7adas. Voc\u00ea pode compartilhar alimentos extras com a fam\u00edlia, amigos e vizinhos. Entre em contato com um refeit\u00f3rio local ou com um abrigo para sem-teto para ver se voc\u00ea pode <a href=\"https:\/\/www.leselfes.com\/pt-br\/7-maneiras-de-reduzir-o-desperdicio-de-alimentos-em-casa\/\" target=\"_blank\" rel=\"noopener\">doar alimentos<\/a>.  <\/p>\n<h2><span class=\"ez-toc-section\" id=\"Seu_Natal_ecologicamente_correto\"><\/span><strong>Seu Natal ecologicamente correto<\/strong><span class=\"ez-toc-section-end\"><\/span><\/h2>\n<p>Essas s\u00e3o apenas algumas maneiras de voc\u00ea ter uma temporada <strong>de f\u00e9rias ecologicamente correta<\/strong>. Voc\u00ea n\u00e3o precisa ser consumido pelas compras de fim de ano. Voc\u00ea pode doar e compartilhar de uma forma criativa que seja boa para sua sa\u00fade financeira e para o meio ambiente. VOC\u00ca EST\u00c1 PROCURANDO UM ACAMPAMENTO DE INVERNO PARA SEU FILHO?  <\/p>\n<p><a href=\"https:\/\/www.leselfes.com\/pt-br\/acampamento-de-inverno\/\" target=\"_blank\" role=\"button\" rel=\"noopener\"><br \/>\nVISITE NOSSA P\u00c1GINA DE ACAMPAMENTO DE INVERNO<br \/>\n<\/a><br \/>\n<a href=\"https:\/\/www.leselfes.com\/contact-quote-request\/\" target=\"_blank\" role=\"button\" rel=\"noopener\"><br \/>\nENTRE EM CONTATO COM A NOSSA SEDE<br \/>\n<\/a><\/p>\n","protected":false},"excerpt":{"rendered":"<p>A \u00e9poca do Natal \u00e9 um per\u00edodo de alegria, amor e esp\u00edrito de doa\u00e7\u00e3o. Entretanto, tamb\u00e9m pode ser uma \u00e9poca de excesso de indulg\u00eancia, desperd\u00edcio e consumismo. Ap\u00f3s a temporada&#8230;<\/p>\n","protected":false},"author":1,"featured_media":77991,"comment_status":"closed","ping_status":"open","sticky":false,"template":"","format":"standard","meta":{"_acf_changed":false,"inline_featured_image":false,"footnotes":""},"categories":[1350,1351],"tags":[],"class_list":{"0":"post-91974","1":"post","2":"type-post","3":"status-publish","4":"format-standard","5":"has-post-thumbnail","7":"category-acampamento-de-inverno-pt-br","8":"category-artigos-pt-br"},"acf":[],"yoast_head":"<!-- This site is optimized with the Yoast SEO Premium plugin v24.2 (Yoast SEO v24.7) - https:\/\/yoast.com\/wordpress\/plugins\/seo\/ -->\n<title>Como ter um Natal ecologicamente correto - Les Elfes International Camps Switzerland Acampamentos Les Elfes<\/title>\n<meta name=\"robots\" content=\"index, follow, max-snippet:-1, max-image-preview:large, max-video-preview:-1\" \/>\n<link rel=\"canonical\" href=\"https:\/\/www.leselfes.com\/pt-br\/como-ter-um-natal-ecologicamente-correto\/\" \/>\n<meta property=\"og:locale\" content=\"pt_BR\" \/>\n<meta property=\"og:type\" content=\"article\" \/>\n<meta property=\"og:title\" content=\"Como ter um Natal ecologicamente correto\" \/>\n<meta property=\"og:description\" content=\"A \u00e9poca do Natal \u00e9 um per\u00edodo de alegria, amor e esp\u00edrito de doa\u00e7\u00e3o. Entretanto, tamb\u00e9m pode ser uma \u00e9poca de excesso de indulg\u00eancia, desperd\u00edcio e consumismo. Ap\u00f3s a temporada...\" \/>\n<meta property=\"og:url\" content=\"https:\/\/www.leselfes.com\/pt-br\/como-ter-um-natal-ecologicamente-correto\/\" \/>\n<meta property=\"og:site_name\" content=\"Les Elfes International Camps Switzerland\" \/>\n<meta property=\"article:publisher\" content=\"https:\/\/www.facebook.com\/LesElfesVerbier\" \/>\n<meta property=\"article:published_time\" content=\"2021-12-02T09:17:03+00:00\" \/>\n<meta property=\"article:modified_time\" content=\"2024-11-12T11:09:56+00:00\" \/>\n<meta property=\"og:image\" content=\"https:\/\/dev.leselfes.com\/wp-content\/uploads\/2021\/12\/Eco-Christmas-cover-low.jpg\" \/>\n\t<meta property=\"og:image:width\" content=\"500\" \/>\n\t<meta property=\"og:image:height\" content=\"333\" \/>\n\t<meta property=\"og:image:type\" content=\"image\/jpeg\" \/>\n<meta name=\"author\" content=\"lesadmin\" \/>\n<meta name=\"twitter:card\" content=\"summary_large_image\" \/>\n<meta name=\"twitter:creator\" content=\"@LesElfesCamps\" \/>\n<meta name=\"twitter:site\" content=\"@LesElfesCamps\" \/>\n<meta name=\"twitter:label1\" content=\"Escrito por\" \/>\n\t<meta name=\"twitter:data1\" content=\"lesadmin\" \/>\n\t<meta name=\"twitter:label2\" content=\"Est. tempo de leitura\" \/>\n\t<meta name=\"twitter:data2\" content=\"4 minutos\" \/>\n<script type=\"application\/ld+json\" class=\"yoast-schema-graph\">{\"@context\":\"https:\/\/schema.org\",\"@graph\":[{\"@type\":\"Article\",\"@id\":\"https:\/\/www.leselfes.com\/pt-br\/como-ter-um-natal-ecologicamente-correto\/#article\",\"isPartOf\":{\"@id\":\"https:\/\/www.leselfes.com\/pt-br\/como-ter-um-natal-ecologicamente-correto\/\"},\"author\":{\"name\":\"lesadmin\",\"@id\":\"https:\/\/dev.leselfes.com\/#\/schema\/person\/407a229698868b8c603874b19f37f289\"},\"headline\":\"Como ter um Natal ecologicamente correto\",\"datePublished\":\"2021-12-02T09:17:03+00:00\",\"dateModified\":\"2024-11-12T11:09:56+00:00\",\"mainEntityOfPage\":{\"@id\":\"https:\/\/www.leselfes.com\/pt-br\/como-ter-um-natal-ecologicamente-correto\/\"},\"wordCount\":870,\"publisher\":{\"@id\":\"https:\/\/dev.leselfes.com\/#organization\"},\"image\":{\"@id\":\"https:\/\/www.leselfes.com\/pt-br\/como-ter-um-natal-ecologicamente-correto\/#primaryimage\"},\"thumbnailUrl\":\"https:\/\/www.leselfes.com\/wp-content\/uploads\/2021\/12\/Eco-Christmas-cover-low.jpg\",\"articleSection\":[\"Acampamento de inverno\",\"Artigos\"],\"inLanguage\":\"pt-BR\"},{\"@type\":\"WebPage\",\"@id\":\"https:\/\/www.leselfes.com\/pt-br\/como-ter-um-natal-ecologicamente-correto\/\",\"url\":\"https:\/\/www.leselfes.com\/pt-br\/como-ter-um-natal-ecologicamente-correto\/\",\"name\":\"Como ter um Natal ecologicamente correto - Les Elfes International Camps Switzerland Acampamentos Les Elfes\",\"isPartOf\":{\"@id\":\"https:\/\/dev.leselfes.com\/#website\"},\"primaryImageOfPage\":{\"@id\":\"https:\/\/www.leselfes.com\/pt-br\/como-ter-um-natal-ecologicamente-correto\/#primaryimage\"},\"image\":{\"@id\":\"https:\/\/www.leselfes.com\/pt-br\/como-ter-um-natal-ecologicamente-correto\/#primaryimage\"},\"thumbnailUrl\":\"https:\/\/www.leselfes.com\/wp-content\/uploads\/2021\/12\/Eco-Christmas-cover-low.jpg\",\"datePublished\":\"2021-12-02T09:17:03+00:00\",\"dateModified\":\"2024-11-12T11:09:56+00:00\",\"breadcrumb\":{\"@id\":\"https:\/\/www.leselfes.com\/pt-br\/como-ter-um-natal-ecologicamente-correto\/#breadcrumb\"},\"inLanguage\":\"pt-BR\",\"potentialAction\":[{\"@type\":\"ReadAction\",\"target\":[\"https:\/\/www.leselfes.com\/pt-br\/como-ter-um-natal-ecologicamente-correto\/\"]}]},{\"@type\":\"ImageObject\",\"inLanguage\":\"pt-BR\",\"@id\":\"https:\/\/www.leselfes.com\/pt-br\/como-ter-um-natal-ecologicamente-correto\/#primaryimage\",\"url\":\"https:\/\/www.leselfes.com\/wp-content\/uploads\/2021\/12\/Eco-Christmas-cover-low.jpg\",\"contentUrl\":\"https:\/\/www.leselfes.com\/wp-content\/uploads\/2021\/12\/Eco-Christmas-cover-low.jpg\",\"width\":500,\"height\":333},{\"@type\":\"BreadcrumbList\",\"@id\":\"https:\/\/www.leselfes.com\/pt-br\/como-ter-um-natal-ecologicamente-correto\/#breadcrumb\",\"itemListElement\":[{\"@type\":\"ListItem\",\"position\":1,\"name\":\"Home\",\"item\":\"https:\/\/www.leselfes.com\/pt-br\/\"},{\"@type\":\"ListItem\",\"position\":2,\"name\":\"Como ter um Natal ecologicamente correto\"}]},{\"@type\":\"WebSite\",\"@id\":\"https:\/\/dev.leselfes.com\/#website\",\"url\":\"https:\/\/dev.leselfes.com\/\",\"name\":\"Les Elfes International\",\"description\":\"Les Elfes International, Verbier Switzerland. Summer Camp, Winter Camp, Spring Camps.\",\"publisher\":{\"@id\":\"https:\/\/dev.leselfes.com\/#organization\"},\"alternateName\":\"Les Elfes International\",\"potentialAction\":[{\"@type\":\"SearchAction\",\"target\":{\"@type\":\"EntryPoint\",\"urlTemplate\":\"https:\/\/dev.leselfes.com\/?s={search_term_string}\"},\"query-input\":{\"@type\":\"PropertyValueSpecification\",\"valueRequired\":true,\"valueName\":\"search_term_string\"}}],\"inLanguage\":\"pt-BR\"},{\"@type\":\"Organization\",\"@id\":\"https:\/\/dev.leselfes.com\/#organization\",\"name\":\"Les Elfes International\",\"alternateName\":\"Les Elfes International\",\"url\":\"https:\/\/dev.leselfes.com\/\",\"logo\":{\"@type\":\"ImageObject\",\"inLanguage\":\"pt-BR\",\"@id\":\"https:\/\/dev.leselfes.com\/#\/schema\/logo\/image\/\",\"url\":\"https:\/\/www.leselfes.com\/wp-content\/uploads\/2022\/03\/leselfes-logo.png\",\"contentUrl\":\"https:\/\/www.leselfes.com\/wp-content\/uploads\/2022\/03\/leselfes-logo.png\",\"width\":233,\"height\":51,\"caption\":\"Les Elfes International\"},\"image\":{\"@id\":\"https:\/\/dev.leselfes.com\/#\/schema\/logo\/image\/\"},\"sameAs\":[\"https:\/\/www.facebook.com\/LesElfesVerbier\",\"https:\/\/x.com\/LesElfesCamps\",\"https:\/\/www.instagram.com\/leselfes\",\"https:\/\/www.linkedin.com\/company\/les-elfes-international\",\"https:\/\/www.youtube.com\/user\/LesElfesVerbier\"]},{\"@type\":\"Person\",\"@id\":\"https:\/\/dev.leselfes.com\/#\/schema\/person\/407a229698868b8c603874b19f37f289\",\"name\":\"lesadmin\",\"image\":{\"@type\":\"ImageObject\",\"inLanguage\":\"pt-BR\",\"@id\":\"https:\/\/dev.leselfes.com\/#\/schema\/person\/image\/\",\"url\":\"https:\/\/secure.gravatar.com\/avatar\/fdb243a028df450397b3632d862f87f6?s=96&d=mm&r=g\",\"contentUrl\":\"https:\/\/secure.gravatar.com\/avatar\/fdb243a028df450397b3632d862f87f6?s=96&d=mm&r=g\",\"caption\":\"lesadmin\"},\"url\":\"https:\/\/www.leselfes.com\/pt-br\/author\/lesadmin\/\"}]}<\/script>\n<!-- \/ Yoast SEO Premium plugin. -->","yoast_head_json":{"title":"Como ter um Natal ecologicamente correto - Les Elfes International Camps Switzerland Acampamentos Les Elfes","robots":{"index":"index","follow":"follow","max-snippet":"max-snippet:-1","max-image-preview":"max-image-preview:large","max-video-preview":"max-video-preview:-1"},"canonical":"https:\/\/www.leselfes.com\/pt-br\/como-ter-um-natal-ecologicamente-correto\/","og_locale":"pt_BR","og_type":"article","og_title":"Como ter um Natal ecologicamente correto","og_description":"A \u00e9poca do Natal \u00e9 um per\u00edodo de alegria, amor e esp\u00edrito de doa\u00e7\u00e3o. Entretanto, tamb\u00e9m pode ser uma \u00e9poca de excesso de indulg\u00eancia, desperd\u00edcio e consumismo. Ap\u00f3s a temporada...","og_url":"https:\/\/www.leselfes.com\/pt-br\/como-ter-um-natal-ecologicamente-correto\/","og_site_name":"Les Elfes International Camps Switzerland","article_publisher":"https:\/\/www.facebook.com\/LesElfesVerbier","article_published_time":"2021-12-02T09:17:03+00:00","article_modified_time":"2024-11-12T11:09:56+00:00","og_image":[{"width":500,"height":333,"url":"https:\/\/dev.leselfes.com\/wp-content\/uploads\/2021\/12\/Eco-Christmas-cover-low.jpg","type":"image\/jpeg"}],"author":"lesadmin","twitter_card":"summary_large_image","twitter_creator":"@LesElfesCamps","twitter_site":"@LesElfesCamps","twitter_misc":{"Escrito por":"lesadmin","Est. tempo de leitura":"4 minutos"},"schema":{"@context":"https:\/\/schema.org","@graph":[{"@type":"Article","@id":"https:\/\/www.leselfes.com\/pt-br\/como-ter-um-natal-ecologicamente-correto\/#article","isPartOf":{"@id":"https:\/\/www.leselfes.com\/pt-br\/como-ter-um-natal-ecologicamente-correto\/"},"author":{"name":"lesadmin","@id":"https:\/\/dev.leselfes.com\/#\/schema\/person\/407a229698868b8c603874b19f37f289"},"headline":"Como ter um Natal ecologicamente correto","datePublished":"2021-12-02T09:17:03+00:00","dateModified":"2024-11-12T11:09:56+00:00","mainEntityOfPage":{"@id":"https:\/\/www.leselfes.com\/pt-br\/como-ter-um-natal-ecologicamente-correto\/"},"wordCount":870,"publisher":{"@id":"https:\/\/dev.leselfes.com\/#organization"},"image":{"@id":"https:\/\/www.leselfes.com\/pt-br\/como-ter-um-natal-ecologicamente-correto\/#primaryimage"},"thumbnailUrl":"https:\/\/www.leselfes.com\/wp-content\/uploads\/2021\/12\/Eco-Christmas-cover-low.jpg","articleSection":["Acampamento de inverno","Artigos"],"inLanguage":"pt-BR"},{"@type":"WebPage","@id":"https:\/\/www.leselfes.com\/pt-br\/como-ter-um-natal-ecologicamente-correto\/","url":"https:\/\/www.leselfes.com\/pt-br\/como-ter-um-natal-ecologicamente-correto\/","name":"Como ter um Natal ecologicamente correto - Les Elfes International Camps Switzerland Acampamentos Les Elfes","isPartOf":{"@id":"https:\/\/dev.leselfes.com\/#website"},"primaryImageOfPage":{"@id":"https:\/\/www.leselfes.com\/pt-br\/como-ter-um-natal-ecologicamente-correto\/#primaryimage"},"image":{"@id":"https:\/\/www.leselfes.com\/pt-br\/como-ter-um-natal-ecologicamente-correto\/#primaryimage"},"thumbnailUrl":"https:\/\/www.leselfes.com\/wp-content\/uploads\/2021\/12\/Eco-Christmas-cover-low.jpg","datePublished":"2021-12-02T09:17:03+00:00","dateModified":"2024-11-12T11:09:56+00:00","breadcrumb":{"@id":"https:\/\/www.leselfes.com\/pt-br\/como-ter-um-natal-ecologicamente-correto\/#breadcrumb"},"inLanguage":"pt-BR","potentialAction":[{"@type":"ReadAction","target":["https:\/\/www.leselfes.com\/pt-br\/como-ter-um-natal-ecologicamente-correto\/"]}]},{"@type":"ImageObject","inLanguage":"pt-BR","@id":"https:\/\/www.leselfes.com\/pt-br\/como-ter-um-natal-ecologicamente-correto\/#primaryimage","url":"https:\/\/www.leselfes.com\/wp-content\/uploads\/2021\/12\/Eco-Christmas-cover-low.jpg","contentUrl":"https:\/\/www.leselfes.com\/wp-content\/uploads\/2021\/12\/Eco-Christmas-cover-low.jpg","width":500,"height":333},{"@type":"BreadcrumbList","@id":"https:\/\/www.leselfes.com\/pt-br\/como-ter-um-natal-ecologicamente-correto\/#breadcrumb","itemListElement":[{"@type":"ListItem","position":1,"name":"Home","item":"https:\/\/www.leselfes.com\/pt-br\/"},{"@type":"ListItem","position":2,"name":"Como ter um Natal ecologicamente correto"}]},{"@type":"WebSite","@id":"https:\/\/dev.leselfes.com\/#website","url":"https:\/\/dev.leselfes.com\/","name":"Les Elfes International","description":"Les Elfes International, Verbier Switzerland. Summer Camp, Winter Camp, Spring Camps.","publisher":{"@id":"https:\/\/dev.leselfes.com\/#organization"},"alternateName":"Les Elfes International","potentialAction":[{"@type":"SearchAction","target":{"@type":"EntryPoint","urlTemplate":"https:\/\/dev.leselfes.com\/?s={search_term_string}"},"query-input":{"@type":"PropertyValueSpecification","valueRequired":true,"valueName":"search_term_string"}}],"inLanguage":"pt-BR"},{"@type":"Organization","@id":"https:\/\/dev.leselfes.com\/#organization","name":"Les Elfes International","alternateName":"Les Elfes International","url":"https:\/\/dev.leselfes.com\/","logo":{"@type":"ImageObject","inLanguage":"pt-BR","@id":"https:\/\/dev.leselfes.com\/#\/schema\/logo\/image\/","url":"https:\/\/www.leselfes.com\/wp-content\/uploads\/2022\/03\/leselfes-logo.png","contentUrl":"https:\/\/www.leselfes.com\/wp-content\/uploads\/2022\/03\/leselfes-logo.png","width":233,"height":51,"caption":"Les Elfes International"},"image":{"@id":"https:\/\/dev.leselfes.com\/#\/schema\/logo\/image\/"},"sameAs":["https:\/\/www.facebook.com\/LesElfesVerbier","https:\/\/x.com\/LesElfesCamps","https:\/\/www.instagram.com\/leselfes","https:\/\/www.linkedin.com\/company\/les-elfes-international","https:\/\/www.youtube.com\/user\/LesElfesVerbier"]},{"@type":"Person","@id":"https:\/\/dev.leselfes.com\/#\/schema\/person\/407a229698868b8c603874b19f37f289","name":"lesadmin","image":{"@type":"ImageObject","inLanguage":"pt-BR","@id":"https:\/\/dev.leselfes.com\/#\/schema\/person\/image\/","url":"https:\/\/secure.gravatar.com\/avatar\/fdb243a028df450397b3632d862f87f6?s=96&d=mm&r=g","contentUrl":"https:\/\/secure.gravatar.com\/avatar\/fdb243a028df450397b3632d862f87f6?s=96&d=mm&r=g","caption":"lesadmin"},"url":"https:\/\/www.leselfes.com\/pt-br\/author\/lesadmin\/"}]}},"_links":{"self":[{"href":"https:\/\/www.leselfes.com\/pt-br\/wp-json\/wp\/v2\/posts\/91974"}],"collection":[{"href":"https:\/\/www.leselfes.com\/pt-br\/wp-json\/wp\/v2\/posts"}],"about":[{"href":"https:\/\/www.leselfes.com\/pt-br\/wp-json\/wp\/v2\/types\/post"}],"author":[{"embeddable":true,"href":"https:\/\/www.leselfes.com\/pt-br\/wp-json\/wp\/v2\/users\/1"}],"replies":[{"embeddable":true,"href":"https:\/\/www.leselfes.com\/pt-br\/wp-json\/wp\/v2\/comments?post=91974"}],"version-history":[{"count":0,"href":"https:\/\/www.leselfes.com\/pt-br\/wp-json\/wp\/v2\/posts\/91974\/revisions"}],"wp:featuredmedia":[{"embeddable":true,"href":"https:\/\/www.leselfes.com\/pt-br\/wp-json\/wp\/v2\/media\/77991"}],"wp:attachment":[{"href":"https:\/\/www.leselfes.com\/pt-br\/wp-json\/wp\/v2\/media?parent=91974"}],"wp:term":[{"taxonomy":"category","embeddable":true,"href":"https:\/\/www.leselfes.com\/pt-br\/wp-json\/wp\/v2\/categories?post=91974"},{"taxonomy":"post_tag","embeddable":true,"href":"https:\/\/www.leselfes.com\/pt-br\/wp-json\/wp\/v2\/tags?post=91974"}],"curies":[{"name":"wp","href":"https:\/\/api.w.org\/{rel}","templated":true}]}}