{"id":91995,"date":"2021-11-18T08:25:00","date_gmt":"2021-11-18T07:25:00","guid":{"rendered":"https:\/\/www.leselfes.com\/como-voce-pode-parar-de-procrastinar-agora-mesmo\/"},"modified":"2024-11-12T12:10:30","modified_gmt":"2024-11-12T11:10:30","slug":"como-voce-pode-parar-de-procrastinar-agora-mesmo","status":"publish","type":"post","link":"https:\/\/www.leselfes.com\/pt-br\/como-voce-pode-parar-de-procrastinar-agora-mesmo\/","title":{"rendered":"Como voc\u00ea pode parar de procrastinar agora mesmo"},"content":{"rendered":"<p><strong>A procrastina\u00e7\u00e3o<\/strong> \u00e9 o assassino da produtividade que afeta at\u00e9 70% dos estudantes universit\u00e1rios e, de acordo com a pesquisa do Dr. Joseph Ferrari, 1 em cada 5 adultos.<br \/>\n\u00c9 muito mais f\u00e1cil voc\u00ea se concentrar em reorganizar as estantes de livros ou percorrer as m\u00eddias sociais do que fazer uma reda\u00e7\u00e3o ou um grande volume de trabalhos do curso. <\/p>\n<p>As estat\u00edsticas mostram que o n\u00famero de pessoas que confessam <strong>procrastinar<\/strong> aumentou em 200% desde a d\u00e9cada de 1980.<br \/>\nUm grande motivo para isso s\u00e3o os avan\u00e7os tecnol\u00f3gicos, que nos d\u00e3o acesso a distra\u00e7\u00f5es ilimitadas na ponta dos dedos, na Internet ou em nossos telefones. <\/p>\n<p>Mas quando um prazo se aproxima rapidamente, <strong>a procrastina\u00e7\u00e3o<\/strong> n\u00e3o s\u00f3 causa estresse e ansiedade, mas tamb\u00e9m significa que voc\u00ea pode se apressar e n\u00e3o entregar seu melhor trabalho.<br \/>\nSe voc\u00ea est\u00e1 lendo isto porque simplesmente n\u00e3o consegue se concentrar na tarefa que tem em m\u00e3os, est\u00e1 no lugar certo.<br \/>\nEm apenas dois minutos, leia estas tr\u00eas t\u00e9cnicas que voc\u00ea pode usar agora mesmo para come\u00e7ar a trabalhar!  <\/p>\n<div id=\"ez-toc-container\" class=\"ez-toc-v2_0_73 ez-toc-wrap-left counter-hierarchy ez-toc-counter ez-toc-grey ez-toc-container-direction\">\n<div class=\"ez-toc-title-container\">\n<span class=\"ez-toc-title ez-toc-toggle\" style=\"cursor:pointer\">Table of Contents<\/span>\n<span class=\"ez-toc-title-toggle\"><a href=\"#\" class=\"ez-toc-pull-right ez-toc-btn ez-toc-btn-xs ez-toc-btn-default ez-toc-toggle\" aria-label=\"Alternar tabela de conte\u00fado\"><span class=\"ez-toc-js-icon-con\"><span class=\"\"><span class=\"eztoc-hide\" style=\"display:none;\">Toggle<\/span><span class=\"ez-toc-icon-toggle-span\"><svg style=\"fill: #999;color:#999\" xmlns=\"http:\/\/www.w3.org\/2000\/svg\" class=\"list-377408\" width=\"20px\" height=\"20px\" viewBox=\"0 0 24 24\" fill=\"none\"><path d=\"M6 6H4v2h2V6zm14 0H8v2h12V6zM4 11h2v2H4v-2zm16 0H8v2h12v-2zM4 16h2v2H4v-2zm16 0H8v2h12v-2z\" fill=\"currentColor\"><\/path><\/svg><svg style=\"fill: #999;color:#999\" class=\"arrow-unsorted-368013\" xmlns=\"http:\/\/www.w3.org\/2000\/svg\" width=\"10px\" height=\"10px\" viewBox=\"0 0 24 24\" version=\"1.2\" baseProfile=\"tiny\"><path d=\"M18.2 9.3l-6.2-6.3-6.2 6.3c-.2.2-.3.4-.3.7s.1.5.3.7c.2.2.4.3.7.3h11c.3 0 .5-.1.7-.3.2-.2.3-.5.3-.7s-.1-.5-.3-.7zM5.8 14.7l6.2 6.3 6.2-6.3c.2-.2.3-.5.3-.7s-.1-.5-.3-.7c-.2-.2-.4-.3-.7-.3h-11c-.3 0-.5.1-.7.3-.2.2-.3.5-.3.7s.1.5.3.7z\"\/><\/svg><\/span><\/span><\/span><\/a><\/span><\/div>\n<nav><ul class='ez-toc-list ez-toc-list-level-1 eztoc-toggle-hide-by-default' ><li class='ez-toc-page-1 ez-toc-heading-level-2'><a class=\"ez-toc-link ez-toc-heading-1\" href=\"https:\/\/www.leselfes.com\/pt-br\/como-voce-pode-parar-de-procrastinar-agora-mesmo\/#Guarde_seu_telefone\" title=\"Guarde seu telefone\">Guarde seu telefone<\/a><\/li><li class='ez-toc-page-1 ez-toc-heading-level-2'><a class=\"ez-toc-link ez-toc-heading-2\" href=\"https:\/\/www.leselfes.com\/pt-br\/como-voce-pode-parar-de-procrastinar-agora-mesmo\/#Fazer_uma_lista_de_verificacao_pode_ajudar_voce_a_se_organizar\" title=\"Fazer uma lista de verifica\u00e7\u00e3o pode ajudar voc\u00ea a se organizar\">Fazer uma lista de verifica\u00e7\u00e3o pode ajudar voc\u00ea a se organizar<\/a><\/li><li class='ez-toc-page-1 ez-toc-heading-level-2'><a class=\"ez-toc-link ez-toc-heading-3\" href=\"https:\/\/www.leselfes.com\/pt-br\/como-voce-pode-parar-de-procrastinar-agora-mesmo\/#Pare_de_procrastinar_faca_pausas_regulares\" title=\"Pare de procrastinar, fa\u00e7a pausas regulares\">Pare de procrastinar, fa\u00e7a pausas regulares<\/a><\/li><li class='ez-toc-page-1 ez-toc-heading-level-2'><a class=\"ez-toc-link ez-toc-heading-4\" href=\"https:\/\/www.leselfes.com\/pt-br\/como-voce-pode-parar-de-procrastinar-agora-mesmo\/#Conclusao\" title=\"Conclus\u00e3o\">Conclus\u00e3o<\/a><\/li><\/ul><\/nav><\/div>\n\n<p style=\"text-align: center;\">Na Les Elfes, ensinamos os alunos a administrar seu tempo e a tirar o melhor proveito dele!<\/p>\n<p style=\"text-align: center;\">Descubra os acampamentos de esqui e snowboard do Les Elfes Winter!<\/p>\n<p>\t\t\t<a href=\"https:\/\/www.leselfes.com\/pt-br\/?page_id=90080\" target=\"_blank\" role=\"button\" rel=\"noopener\"><br \/>  ACAMPAMENTOS DE INVERNO DE LES ELFES<br \/>\n\t\t\t\t\t<\/a><\/p><\/p>\n\n\n<p>\n<\/p><\/p>\n\n\n<p>\n<\/p><\/p>\n\n\n<h2><span class=\"ez-toc-section\" id=\"Guarde_seu_telefone\"><\/span>Guarde seu telefone<span class=\"ez-toc-section-end\"><\/span><\/h2>\n<p style=\"text-align: left;\">Ou melhor, desligue-o.\nOs telefones celulares exigem constantemente a nossa aten\u00e7\u00e3o; grupos de mensagens que ficam tocando, notifica\u00e7\u00f5es de jogos com atualiza\u00e7\u00f5es ou ofertas especiais, ou atualiza\u00e7\u00f5es de m\u00eddia social que imploram para que voc\u00ea role pelo seu feed.\nSe voc\u00ea simplesmente n\u00e3o se sente \u00e0 vontade para deslig\u00e1-lo, desative as notifica\u00e7\u00f5es de tudo o que n\u00e3o precisa de acesso imediato ou mude para o modo &#8220;N\u00e3o perturbe&#8221;.\nNeste momento, voc\u00ea tem coisas mais importantes a fazer!   <\/p>\n<p style=\"text-align: left;\">\u00a0<\/p>\n<p style=\"text-align: center;\"><a href=\"https:\/\/www.leselfes.com\/wp-content\/uploads\/2021\/11\/How-to-stop-procrastinating-right-now-Turn-off-notifications-1.jpg\"><img loading=\"lazy\" decoding=\"async\" src=\"https:\/\/www.leselfes.com\/wp-content\/uploads\/2021\/11\/How-to-stop-procrastinating-right-now-Turn-off-notifications-1.jpg\" alt=\"Como voc&#xEA; pode parar de procrastinar agora mesmo - Desative as notifica&#xE7;&#xF5;es\" width=\"951\" height=\"634\"\/><\/a><\/p>\n<p style=\"text-align: left;\">\u00a0<\/p>\n<h2><span class=\"ez-toc-section\" id=\"Fazer_uma_lista_de_verificacao_pode_ajudar_voce_a_se_organizar\"><\/span>Fazer uma lista de verifica\u00e7\u00e3o pode ajudar voc\u00ea a se organizar<span class=\"ez-toc-section-end\"><\/span><\/h2>\n<p>Nosso c\u00e9rebro n\u00e3o gosta de assumir tarefas grandes e demoradas.\nEles preferem <strong>metas<\/strong> menores e mais <strong>espec\u00edficas<\/strong>, de acordo com a teoria de defini\u00e7\u00e3o de metas de Edwin Locke. <strong>Fa\u00e7a uma lista de verifica\u00e7\u00e3o<\/strong> de todos os elementos ou par\u00e1grafos espec\u00edficos que voc\u00ea precisar\u00e1 concluir &#8211; se voc\u00ea estiver concentrado em uma meta menor e mais ating\u00edvel, \u00e9 muito menos prov\u00e1vel que seu c\u00e9rebro entre em modo de p\u00e2nico e encontre algo mais f\u00e1cil de fazer.\nPor exemplo, em vez de &#8220;concluir minha reda\u00e7\u00e3o&#8221;, divida-a em: &#8220;Escreva a introdu\u00e7\u00e3o&#8221;, &#8220;Escreva o primeiro par\u00e1grafo&#8221;.\netc.\nFazer uma lista f\u00edsica que voc\u00ea possa verificar \u00e0 medida que avan\u00e7a n\u00e3o s\u00f3 o manter\u00e1 no caminho certo, mas tamb\u00e9m dar\u00e1 ao seu c\u00e9rebro uma recompensa por cada se\u00e7\u00e3o conclu\u00edda e o manter\u00e1 motivado.    <\/p>\n<h2><span class=\"ez-toc-section\" id=\"Pare_de_procrastinar_faca_pausas_regulares\"><\/span>Pare de procrastinar, fa\u00e7a pausas regulares<span class=\"ez-toc-section-end\"><\/span><\/h2>\n<p>A princ\u00edpio, isso pode parecer contraproducente, mas fazer <strong>intervalos regulares<\/strong> d\u00e1 a voc\u00ea uma <strong>recompensa pelo trabalho<\/strong>.\nPrograme um cron\u00f4metro para voc\u00ea e trabalhe intensamente por 20 minutos, depois fa\u00e7a um intervalo de cinco minutos.\nEnx\u00e1gue e repita at\u00e9 que voc\u00ea tenha atingido sua meta!\nOs cinco minutos funcionam como recompensa, mas o intervalo tamb\u00e9m permite que voc\u00ea volte a se concentrar para os pr\u00f3ximos 20 minutos.\nTalvez voc\u00ea queira ajustar os hor\u00e1rios; talvez trabalhe melhor com intervalos mais curtos, por\u00e9m mais frequentes &#8211; tudo depende do que funciona para voc\u00ea.\nSe voc\u00ea n\u00e3o confia em usar o telefone como cron\u00f4metro, pode usar um rel\u00f3gio ou um cron\u00f4metro de ovos da cozinha ou pedir a um amigo ou familiar para cronometrar para voc\u00ea.     <\/p>\n<p>\u00a0<\/p>\n<p style=\"text-align: center;\"><a href=\"https:\/\/www.leselfes.com\/wp-content\/uploads\/2021\/11\/How-to-stop-procrastinating-right-now-Clock.jpg\"><img loading=\"lazy\" decoding=\"async\" src=\"https:\/\/www.leselfes.com\/wp-content\/uploads\/2021\/11\/How-to-stop-procrastinating-right-now-Clock.jpg\" alt=\"Como voc&#xEA; pode parar de procrastinar agora mesmo - Clock\" width=\"951\" height=\"634\"\/><\/a><\/p>\n<p>\u00a0<\/p>\n<h2><span class=\"ez-toc-section\" id=\"Conclusao\"><\/span>Conclus\u00e3o<span class=\"ez-toc-section-end\"><\/span><\/h2>\n<p><strong>A procrastina\u00e7\u00e3o<\/strong> afeta a maioria de n\u00f3s, geralmente no pior momento poss\u00edvel. <strong>Superar a procrastina\u00e7\u00e3o<\/strong> ajudar\u00e1 voc\u00ea na maior parte do caminho, e o resto \u00e9 simples. Coloque sua melhor lista de reprodu\u00e7\u00e3o motivacional, prepare um ch\u00e1 para voc\u00ea, abaixe a cabe\u00e7a e experimente essas t\u00e9cnicas agora mesmo e arrase nessa reda\u00e7\u00e3o!<\/p>\n<p>\n<\/p><\/p>\n\n\n<p>\n<\/p><\/p>\n\n\n<p>\n<\/p><\/p>\n<p>VOC\u00ca EST\u00c1 PROCURANDO UM ACAMPAMENTO DE INVERNO PARA SEU FILHO?<\/p>\n<p>\t\t\t <a href=\"https:\/\/www.leselfes.com\/pt-br\/?page_id=90080\" target=\"_blank\" role=\"button\" rel=\"noopener\"><br \/> VISITE NOSSA P\u00c1GINA DE ACAMPAMENTO DE INVERNO<br \/><\/a><br \/><a href=\"https:\/\/www.leselfes.com\/contact-quote-request\/\" target=\"_blank\" role=\"button\" rel=\"noopener\"><br \/> ENTRE EM CONTATO COM NOSSA SEDE<br \/><\/a><\/p>\n","protected":false},"excerpt":{"rendered":"<p>A procrastina\u00e7\u00e3o \u00e9 o assassino da produtividade que afeta at\u00e9 70% dos estudantes universit\u00e1rios e, de acordo com a pesquisa do Dr. Joseph Ferrari, 1 em cada 5 adultos. \u00c9&#8230;<\/p>\n","protected":false},"author":1,"featured_media":77935,"comment_status":"closed","ping_status":"open","sticky":false,"template":"","format":"standard","meta":{"_acf_changed":false,"inline_featured_image":false,"footnotes":""},"categories":[1351],"tags":[],"class_list":{"0":"post-91995","1":"post","2":"type-post","3":"status-publish","4":"format-standard","5":"has-post-thumbnail","7":"category-artigos-pt-br"},"acf":[],"yoast_head":"<!-- This site is optimized with the Yoast SEO Premium plugin v24.2 (Yoast SEO v24.7) - https:\/\/yoast.com\/wordpress\/plugins\/seo\/ -->\n<title>Como voc\u00ea pode parar de procrastinar agora mesmo - Les Elfes International Camps Switzerland Acampamentos Les Elfes<\/title>\n<meta name=\"robots\" content=\"index, follow, max-snippet:-1, max-image-preview:large, max-video-preview:-1\" \/>\n<link rel=\"canonical\" href=\"https:\/\/www.leselfes.com\/pt-br\/como-voce-pode-parar-de-procrastinar-agora-mesmo\/\" \/>\n<meta property=\"og:locale\" content=\"pt_BR\" \/>\n<meta property=\"og:type\" content=\"article\" \/>\n<meta property=\"og:title\" content=\"Como voc\u00ea pode parar de procrastinar agora mesmo\" \/>\n<meta property=\"og:description\" content=\"A procrastina\u00e7\u00e3o \u00e9 o assassino da produtividade que afeta at\u00e9 70% dos estudantes universit\u00e1rios e, de acordo com a pesquisa do Dr. Joseph Ferrari, 1 em cada 5 adultos. \u00c9...\" \/>\n<meta property=\"og:url\" content=\"https:\/\/www.leselfes.com\/pt-br\/como-voce-pode-parar-de-procrastinar-agora-mesmo\/\" \/>\n<meta property=\"og:site_name\" content=\"Les Elfes International Camps Switzerland\" \/>\n<meta property=\"article:publisher\" content=\"https:\/\/www.facebook.com\/LesElfesVerbier\" \/>\n<meta property=\"article:published_time\" content=\"2021-11-18T07:25:00+00:00\" \/>\n<meta property=\"article:modified_time\" content=\"2024-11-12T11:10:30+00:00\" \/>\n<meta property=\"og:image\" content=\"https:\/\/dev.leselfes.com\/wp-content\/uploads\/2021\/11\/How-to-stop-procrastinating-right-now-Cover-1.jpg\" \/>\n\t<meta property=\"og:image:width\" content=\"500\" \/>\n\t<meta property=\"og:image:height\" content=\"333\" \/>\n\t<meta property=\"og:image:type\" content=\"image\/jpeg\" \/>\n<meta name=\"author\" content=\"lesadmin\" \/>\n<meta name=\"twitter:card\" content=\"summary_large_image\" \/>\n<meta name=\"twitter:creator\" content=\"@LesElfesCamps\" \/>\n<meta name=\"twitter:site\" content=\"@LesElfesCamps\" \/>\n<meta name=\"twitter:label1\" content=\"Escrito por\" \/>\n\t<meta name=\"twitter:data1\" content=\"lesadmin\" \/>\n\t<meta name=\"twitter:label2\" content=\"Est. tempo de leitura\" \/>\n\t<meta name=\"twitter:data2\" content=\"3 minutos\" \/>\n<script type=\"application\/ld+json\" class=\"yoast-schema-graph\">{\"@context\":\"https:\/\/schema.org\",\"@graph\":[{\"@type\":\"Article\",\"@id\":\"https:\/\/www.leselfes.com\/pt-br\/como-voce-pode-parar-de-procrastinar-agora-mesmo\/#article\",\"isPartOf\":{\"@id\":\"https:\/\/www.leselfes.com\/pt-br\/como-voce-pode-parar-de-procrastinar-agora-mesmo\/\"},\"author\":{\"name\":\"lesadmin\",\"@id\":\"https:\/\/dev.leselfes.com\/#\/schema\/person\/407a229698868b8c603874b19f37f289\"},\"headline\":\"Como voc\u00ea pode parar de procrastinar agora mesmo\",\"datePublished\":\"2021-11-18T07:25:00+00:00\",\"dateModified\":\"2024-11-12T11:10:30+00:00\",\"mainEntityOfPage\":{\"@id\":\"https:\/\/www.leselfes.com\/pt-br\/como-voce-pode-parar-de-procrastinar-agora-mesmo\/\"},\"wordCount\":707,\"publisher\":{\"@id\":\"https:\/\/dev.leselfes.com\/#organization\"},\"image\":{\"@id\":\"https:\/\/www.leselfes.com\/pt-br\/como-voce-pode-parar-de-procrastinar-agora-mesmo\/#primaryimage\"},\"thumbnailUrl\":\"https:\/\/www.leselfes.com\/wp-content\/uploads\/2021\/11\/How-to-stop-procrastinating-right-now-Cover-1.jpg\",\"articleSection\":[\"Artigos\"],\"inLanguage\":\"pt-BR\"},{\"@type\":\"WebPage\",\"@id\":\"https:\/\/www.leselfes.com\/pt-br\/como-voce-pode-parar-de-procrastinar-agora-mesmo\/\",\"url\":\"https:\/\/www.leselfes.com\/pt-br\/como-voce-pode-parar-de-procrastinar-agora-mesmo\/\",\"name\":\"Como voc\u00ea pode parar de procrastinar agora mesmo - Les Elfes International Camps Switzerland Acampamentos Les Elfes\",\"isPartOf\":{\"@id\":\"https:\/\/dev.leselfes.com\/#website\"},\"primaryImageOfPage\":{\"@id\":\"https:\/\/www.leselfes.com\/pt-br\/como-voce-pode-parar-de-procrastinar-agora-mesmo\/#primaryimage\"},\"image\":{\"@id\":\"https:\/\/www.leselfes.com\/pt-br\/como-voce-pode-parar-de-procrastinar-agora-mesmo\/#primaryimage\"},\"thumbnailUrl\":\"https:\/\/www.leselfes.com\/wp-content\/uploads\/2021\/11\/How-to-stop-procrastinating-right-now-Cover-1.jpg\",\"datePublished\":\"2021-11-18T07:25:00+00:00\",\"dateModified\":\"2024-11-12T11:10:30+00:00\",\"breadcrumb\":{\"@id\":\"https:\/\/www.leselfes.com\/pt-br\/como-voce-pode-parar-de-procrastinar-agora-mesmo\/#breadcrumb\"},\"inLanguage\":\"pt-BR\",\"potentialAction\":[{\"@type\":\"ReadAction\",\"target\":[\"https:\/\/www.leselfes.com\/pt-br\/como-voce-pode-parar-de-procrastinar-agora-mesmo\/\"]}]},{\"@type\":\"ImageObject\",\"inLanguage\":\"pt-BR\",\"@id\":\"https:\/\/www.leselfes.com\/pt-br\/como-voce-pode-parar-de-procrastinar-agora-mesmo\/#primaryimage\",\"url\":\"https:\/\/www.leselfes.com\/wp-content\/uploads\/2021\/11\/How-to-stop-procrastinating-right-now-Cover-1.jpg\",\"contentUrl\":\"https:\/\/www.leselfes.com\/wp-content\/uploads\/2021\/11\/How-to-stop-procrastinating-right-now-Cover-1.jpg\",\"width\":500,\"height\":333},{\"@type\":\"BreadcrumbList\",\"@id\":\"https:\/\/www.leselfes.com\/pt-br\/como-voce-pode-parar-de-procrastinar-agora-mesmo\/#breadcrumb\",\"itemListElement\":[{\"@type\":\"ListItem\",\"position\":1,\"name\":\"Home\",\"item\":\"https:\/\/www.leselfes.com\/pt-br\/\"},{\"@type\":\"ListItem\",\"position\":2,\"name\":\"Como voc\u00ea pode parar de procrastinar agora mesmo\"}]},{\"@type\":\"WebSite\",\"@id\":\"https:\/\/dev.leselfes.com\/#website\",\"url\":\"https:\/\/dev.leselfes.com\/\",\"name\":\"Les Elfes International\",\"description\":\"Les Elfes International, Verbier Switzerland. Summer Camp, Winter Camp, Spring Camps.\",\"publisher\":{\"@id\":\"https:\/\/dev.leselfes.com\/#organization\"},\"alternateName\":\"Les Elfes International\",\"potentialAction\":[{\"@type\":\"SearchAction\",\"target\":{\"@type\":\"EntryPoint\",\"urlTemplate\":\"https:\/\/dev.leselfes.com\/?s={search_term_string}\"},\"query-input\":{\"@type\":\"PropertyValueSpecification\",\"valueRequired\":true,\"valueName\":\"search_term_string\"}}],\"inLanguage\":\"pt-BR\"},{\"@type\":\"Organization\",\"@id\":\"https:\/\/dev.leselfes.com\/#organization\",\"name\":\"Les Elfes International\",\"alternateName\":\"Les Elfes International\",\"url\":\"https:\/\/dev.leselfes.com\/\",\"logo\":{\"@type\":\"ImageObject\",\"inLanguage\":\"pt-BR\",\"@id\":\"https:\/\/dev.leselfes.com\/#\/schema\/logo\/image\/\",\"url\":\"https:\/\/www.leselfes.com\/wp-content\/uploads\/2022\/03\/leselfes-logo.png\",\"contentUrl\":\"https:\/\/www.leselfes.com\/wp-content\/uploads\/2022\/03\/leselfes-logo.png\",\"width\":233,\"height\":51,\"caption\":\"Les Elfes International\"},\"image\":{\"@id\":\"https:\/\/dev.leselfes.com\/#\/schema\/logo\/image\/\"},\"sameAs\":[\"https:\/\/www.facebook.com\/LesElfesVerbier\",\"https:\/\/x.com\/LesElfesCamps\",\"https:\/\/www.instagram.com\/leselfes\",\"https:\/\/www.linkedin.com\/company\/les-elfes-international\",\"https:\/\/www.youtube.com\/user\/LesElfesVerbier\"]},{\"@type\":\"Person\",\"@id\":\"https:\/\/dev.leselfes.com\/#\/schema\/person\/407a229698868b8c603874b19f37f289\",\"name\":\"lesadmin\",\"image\":{\"@type\":\"ImageObject\",\"inLanguage\":\"pt-BR\",\"@id\":\"https:\/\/dev.leselfes.com\/#\/schema\/person\/image\/\",\"url\":\"https:\/\/secure.gravatar.com\/avatar\/fdb243a028df450397b3632d862f87f6?s=96&d=mm&r=g\",\"contentUrl\":\"https:\/\/secure.gravatar.com\/avatar\/fdb243a028df450397b3632d862f87f6?s=96&d=mm&r=g\",\"caption\":\"lesadmin\"},\"url\":\"https:\/\/www.leselfes.com\/pt-br\/author\/lesadmin\/\"}]}<\/script>\n<!-- \/ Yoast SEO Premium plugin. -->","yoast_head_json":{"title":"Como voc\u00ea pode parar de procrastinar agora mesmo - Les Elfes International Camps Switzerland Acampamentos Les Elfes","robots":{"index":"index","follow":"follow","max-snippet":"max-snippet:-1","max-image-preview":"max-image-preview:large","max-video-preview":"max-video-preview:-1"},"canonical":"https:\/\/www.leselfes.com\/pt-br\/como-voce-pode-parar-de-procrastinar-agora-mesmo\/","og_locale":"pt_BR","og_type":"article","og_title":"Como voc\u00ea pode parar de procrastinar agora mesmo","og_description":"A procrastina\u00e7\u00e3o \u00e9 o assassino da produtividade que afeta at\u00e9 70% dos estudantes universit\u00e1rios e, de acordo com a pesquisa do Dr. Joseph Ferrari, 1 em cada 5 adultos. \u00c9...","og_url":"https:\/\/www.leselfes.com\/pt-br\/como-voce-pode-parar-de-procrastinar-agora-mesmo\/","og_site_name":"Les Elfes International Camps Switzerland","article_publisher":"https:\/\/www.facebook.com\/LesElfesVerbier","article_published_time":"2021-11-18T07:25:00+00:00","article_modified_time":"2024-11-12T11:10:30+00:00","og_image":[{"width":500,"height":333,"url":"https:\/\/dev.leselfes.com\/wp-content\/uploads\/2021\/11\/How-to-stop-procrastinating-right-now-Cover-1.jpg","type":"image\/jpeg"}],"author":"lesadmin","twitter_card":"summary_large_image","twitter_creator":"@LesElfesCamps","twitter_site":"@LesElfesCamps","twitter_misc":{"Escrito por":"lesadmin","Est. tempo de leitura":"3 minutos"},"schema":{"@context":"https:\/\/schema.org","@graph":[{"@type":"Article","@id":"https:\/\/www.leselfes.com\/pt-br\/como-voce-pode-parar-de-procrastinar-agora-mesmo\/#article","isPartOf":{"@id":"https:\/\/www.leselfes.com\/pt-br\/como-voce-pode-parar-de-procrastinar-agora-mesmo\/"},"author":{"name":"lesadmin","@id":"https:\/\/dev.leselfes.com\/#\/schema\/person\/407a229698868b8c603874b19f37f289"},"headline":"Como voc\u00ea pode parar de procrastinar agora mesmo","datePublished":"2021-11-18T07:25:00+00:00","dateModified":"2024-11-12T11:10:30+00:00","mainEntityOfPage":{"@id":"https:\/\/www.leselfes.com\/pt-br\/como-voce-pode-parar-de-procrastinar-agora-mesmo\/"},"wordCount":707,"publisher":{"@id":"https:\/\/dev.leselfes.com\/#organization"},"image":{"@id":"https:\/\/www.leselfes.com\/pt-br\/como-voce-pode-parar-de-procrastinar-agora-mesmo\/#primaryimage"},"thumbnailUrl":"https:\/\/www.leselfes.com\/wp-content\/uploads\/2021\/11\/How-to-stop-procrastinating-right-now-Cover-1.jpg","articleSection":["Artigos"],"inLanguage":"pt-BR"},{"@type":"WebPage","@id":"https:\/\/www.leselfes.com\/pt-br\/como-voce-pode-parar-de-procrastinar-agora-mesmo\/","url":"https:\/\/www.leselfes.com\/pt-br\/como-voce-pode-parar-de-procrastinar-agora-mesmo\/","name":"Como voc\u00ea pode parar de procrastinar agora mesmo - Les Elfes International Camps Switzerland Acampamentos Les Elfes","isPartOf":{"@id":"https:\/\/dev.leselfes.com\/#website"},"primaryImageOfPage":{"@id":"https:\/\/www.leselfes.com\/pt-br\/como-voce-pode-parar-de-procrastinar-agora-mesmo\/#primaryimage"},"image":{"@id":"https:\/\/www.leselfes.com\/pt-br\/como-voce-pode-parar-de-procrastinar-agora-mesmo\/#primaryimage"},"thumbnailUrl":"https:\/\/www.leselfes.com\/wp-content\/uploads\/2021\/11\/How-to-stop-procrastinating-right-now-Cover-1.jpg","datePublished":"2021-11-18T07:25:00+00:00","dateModified":"2024-11-12T11:10:30+00:00","breadcrumb":{"@id":"https:\/\/www.leselfes.com\/pt-br\/como-voce-pode-parar-de-procrastinar-agora-mesmo\/#breadcrumb"},"inLanguage":"pt-BR","potentialAction":[{"@type":"ReadAction","target":["https:\/\/www.leselfes.com\/pt-br\/como-voce-pode-parar-de-procrastinar-agora-mesmo\/"]}]},{"@type":"ImageObject","inLanguage":"pt-BR","@id":"https:\/\/www.leselfes.com\/pt-br\/como-voce-pode-parar-de-procrastinar-agora-mesmo\/#primaryimage","url":"https:\/\/www.leselfes.com\/wp-content\/uploads\/2021\/11\/How-to-stop-procrastinating-right-now-Cover-1.jpg","contentUrl":"https:\/\/www.leselfes.com\/wp-content\/uploads\/2021\/11\/How-to-stop-procrastinating-right-now-Cover-1.jpg","width":500,"height":333},{"@type":"BreadcrumbList","@id":"https:\/\/www.leselfes.com\/pt-br\/como-voce-pode-parar-de-procrastinar-agora-mesmo\/#breadcrumb","itemListElement":[{"@type":"ListItem","position":1,"name":"Home","item":"https:\/\/www.leselfes.com\/pt-br\/"},{"@type":"ListItem","position":2,"name":"Como voc\u00ea pode parar de procrastinar agora mesmo"}]},{"@type":"WebSite","@id":"https:\/\/dev.leselfes.com\/#website","url":"https:\/\/dev.leselfes.com\/","name":"Les Elfes International","description":"Les Elfes International, Verbier Switzerland. Summer Camp, Winter Camp, Spring Camps.","publisher":{"@id":"https:\/\/dev.leselfes.com\/#organization"},"alternateName":"Les Elfes International","potentialAction":[{"@type":"SearchAction","target":{"@type":"EntryPoint","urlTemplate":"https:\/\/dev.leselfes.com\/?s={search_term_string}"},"query-input":{"@type":"PropertyValueSpecification","valueRequired":true,"valueName":"search_term_string"}}],"inLanguage":"pt-BR"},{"@type":"Organization","@id":"https:\/\/dev.leselfes.com\/#organization","name":"Les Elfes International","alternateName":"Les Elfes International","url":"https:\/\/dev.leselfes.com\/","logo":{"@type":"ImageObject","inLanguage":"pt-BR","@id":"https:\/\/dev.leselfes.com\/#\/schema\/logo\/image\/","url":"https:\/\/www.leselfes.com\/wp-content\/uploads\/2022\/03\/leselfes-logo.png","contentUrl":"https:\/\/www.leselfes.com\/wp-content\/uploads\/2022\/03\/leselfes-logo.png","width":233,"height":51,"caption":"Les Elfes International"},"image":{"@id":"https:\/\/dev.leselfes.com\/#\/schema\/logo\/image\/"},"sameAs":["https:\/\/www.facebook.com\/LesElfesVerbier","https:\/\/x.com\/LesElfesCamps","https:\/\/www.instagram.com\/leselfes","https:\/\/www.linkedin.com\/company\/les-elfes-international","https:\/\/www.youtube.com\/user\/LesElfesVerbier"]},{"@type":"Person","@id":"https:\/\/dev.leselfes.com\/#\/schema\/person\/407a229698868b8c603874b19f37f289","name":"lesadmin","image":{"@type":"ImageObject","inLanguage":"pt-BR","@id":"https:\/\/dev.leselfes.com\/#\/schema\/person\/image\/","url":"https:\/\/secure.gravatar.com\/avatar\/fdb243a028df450397b3632d862f87f6?s=96&d=mm&r=g","contentUrl":"https:\/\/secure.gravatar.com\/avatar\/fdb243a028df450397b3632d862f87f6?s=96&d=mm&r=g","caption":"lesadmin"},"url":"https:\/\/www.leselfes.com\/pt-br\/author\/lesadmin\/"}]}},"_links":{"self":[{"href":"https:\/\/www.leselfes.com\/pt-br\/wp-json\/wp\/v2\/posts\/91995"}],"collection":[{"href":"https:\/\/www.leselfes.com\/pt-br\/wp-json\/wp\/v2\/posts"}],"about":[{"href":"https:\/\/www.leselfes.com\/pt-br\/wp-json\/wp\/v2\/types\/post"}],"author":[{"embeddable":true,"href":"https:\/\/www.leselfes.com\/pt-br\/wp-json\/wp\/v2\/users\/1"}],"replies":[{"embeddable":true,"href":"https:\/\/www.leselfes.com\/pt-br\/wp-json\/wp\/v2\/comments?post=91995"}],"version-history":[{"count":0,"href":"https:\/\/www.leselfes.com\/pt-br\/wp-json\/wp\/v2\/posts\/91995\/revisions"}],"wp:featuredmedia":[{"embeddable":true,"href":"https:\/\/www.leselfes.com\/pt-br\/wp-json\/wp\/v2\/media\/77935"}],"wp:attachment":[{"href":"https:\/\/www.leselfes.com\/pt-br\/wp-json\/wp\/v2\/media?parent=91995"}],"wp:term":[{"taxonomy":"category","embeddable":true,"href":"https:\/\/www.leselfes.com\/pt-br\/wp-json\/wp\/v2\/categories?post=91995"},{"taxonomy":"post_tag","embeddable":true,"href":"https:\/\/www.leselfes.com\/pt-br\/wp-json\/wp\/v2\/tags?post=91995"}],"curies":[{"name":"wp","href":"https:\/\/api.w.org\/{rel}","templated":true}]}}