{"id":92258,"date":"2021-07-25T15:59:11","date_gmt":"2021-07-25T13:59:11","guid":{"rendered":"https:\/\/www.leselfes.com\/a-colonia-de-ferias-durante-a-pandemia-e-segura-para-as-criancas\/"},"modified":"2024-11-12T12:15:36","modified_gmt":"2024-11-12T11:15:36","slug":"a-colonia-de-ferias-durante-a-pandemia-e-segura-para-as-criancas","status":"publish","type":"post","link":"https:\/\/www.leselfes.com\/pt-br\/a-colonia-de-ferias-durante-a-pandemia-e-segura-para-as-criancas\/","title":{"rendered":"A col\u00f4nia de f\u00e9rias durante a pandemia \u00e9 segura para as crian\u00e7as?"},"content":{"rendered":"<p style=\"text-align: left;\"><b>Mandar as crian\u00e7as para um acampamento de ver\u00e3o<\/b> parecia uma tarefa \u00e1rdua no ano passado, no in\u00edcio da pandemia.<br \/>\nHoje, as crian\u00e7as t\u00eam esperan\u00e7a de participar de um acampamento, especialmente com a inven\u00e7\u00e3o da vacina contra a Covid-19. <\/p>\n<p><!-- \/wp:paragraph --><!-- wp:paragraph --><\/p>\n<p>Voc\u00ea est\u00e1 pensando se deve ou n\u00e3o mandar seu filho para um acampamento para dormir fora? Este artigo ajudar\u00e1 voc\u00ea a tomar uma decis\u00e3o informada. Continue lendo para obter detalhes abrangentes sobre a <b>seguran\u00e7a dos acampamentos de ver\u00e3o em meio \u00e0 pandemia.<\/b><br \/>\n<div id=\"ez-toc-container\" class=\"ez-toc-v2_0_73 ez-toc-wrap-left counter-hierarchy ez-toc-counter ez-toc-grey ez-toc-container-direction\">\n<div class=\"ez-toc-title-container\">\n<span class=\"ez-toc-title ez-toc-toggle\" style=\"cursor:pointer\">Table of Contents<\/span>\n<span class=\"ez-toc-title-toggle\"><a href=\"#\" class=\"ez-toc-pull-right ez-toc-btn ez-toc-btn-xs ez-toc-btn-default ez-toc-toggle\" aria-label=\"Alternar tabela de conte\u00fado\"><span class=\"ez-toc-js-icon-con\"><span class=\"\"><span class=\"eztoc-hide\" style=\"display:none;\">Toggle<\/span><span class=\"ez-toc-icon-toggle-span\"><svg style=\"fill: #999;color:#999\" xmlns=\"http:\/\/www.w3.org\/2000\/svg\" class=\"list-377408\" width=\"20px\" height=\"20px\" viewBox=\"0 0 24 24\" fill=\"none\"><path d=\"M6 6H4v2h2V6zm14 0H8v2h12V6zM4 11h2v2H4v-2zm16 0H8v2h12v-2zM4 16h2v2H4v-2zm16 0H8v2h12v-2z\" fill=\"currentColor\"><\/path><\/svg><svg style=\"fill: #999;color:#999\" class=\"arrow-unsorted-368013\" xmlns=\"http:\/\/www.w3.org\/2000\/svg\" width=\"10px\" height=\"10px\" viewBox=\"0 0 24 24\" version=\"1.2\" baseProfile=\"tiny\"><path d=\"M18.2 9.3l-6.2-6.3-6.2 6.3c-.2.2-.3.4-.3.7s.1.5.3.7c.2.2.4.3.7.3h11c.3 0 .5-.1.7-.3.2-.2.3-.5.3-.7s-.1-.5-.3-.7zM5.8 14.7l6.2 6.3 6.2-6.3c.2-.2.3-.5.3-.7s-.1-.5-.3-.7c-.2-.2-.4-.3-.7-.3h-11c-.3 0-.5.1-.7.3-.2.2-.3.5-.3.7s.1.5.3.7z\"\/><\/svg><\/span><\/span><\/span><\/a><\/span><\/div>\n<nav><ul class='ez-toc-list ez-toc-list-level-1 eztoc-toggle-hide-by-default' ><li class='ez-toc-page-1 ez-toc-heading-level-2'><a class=\"ez-toc-link ez-toc-heading-1\" href=\"https:\/\/www.leselfes.com\/pt-br\/a-colonia-de-ferias-durante-a-pandemia-e-segura-para-as-criancas\/#Diretrizes_em_vigor_para_garantir_a_seguranca_nos_acampamentos_de_verao_durante_a_Covid\" title=\"Diretrizes em vigor para garantir a seguran\u00e7a nos acampamentos de ver\u00e3o durante a Covid\">Diretrizes em vigor para garantir a seguran\u00e7a nos acampamentos de ver\u00e3o durante a Covid<\/a><ul class='ez-toc-list-level-3' ><li class='ez-toc-heading-level-3'><a class=\"ez-toc-link ez-toc-heading-2\" href=\"https:\/\/www.leselfes.com\/pt-br\/a-colonia-de-ferias-durante-a-pandemia-e-segura-para-as-criancas\/#%E2%80%93_Usando_mascaras_adequadamente\" title=\"&#8211;&nbsp;&nbsp;&nbsp;&nbsp; &nbsp;&nbsp; Usando m\u00e1scaras adequadamente\">&#8211;&nbsp;&nbsp;&nbsp;&nbsp; &nbsp;&nbsp; Usando m\u00e1scaras adequadamente<\/a><\/li><li class='ez-toc-page-1 ez-toc-heading-level-3'><a class=\"ez-toc-link ez-toc-heading-3\" href=\"https:\/\/www.leselfes.com\/pt-br\/a-colonia-de-ferias-durante-a-pandemia-e-segura-para-as-criancas\/#%E2%80%93_Foco_em_atividades_ao_ar_livre\" title=\"&#8211;&nbsp;&nbsp;&nbsp;&nbsp; &nbsp;&nbsp; &nbsp; Foco em atividades ao ar livre\">&#8211;&nbsp;&nbsp;&nbsp;&nbsp; &nbsp;&nbsp; &nbsp; Foco em atividades ao ar livre<\/a><\/li><li class='ez-toc-page-1 ez-toc-heading-level-3'><a class=\"ez-toc-link ez-toc-heading-4\" href=\"https:\/\/www.leselfes.com\/pt-br\/a-colonia-de-ferias-durante-a-pandemia-e-segura-para-as-criancas\/#%E2%80%93_Manutencao_da_distancia_fisica\" title=\"&#8211;&nbsp;&nbsp;&nbsp;&nbsp; &nbsp;&nbsp; &nbsp; Manuten\u00e7\u00e3o da dist\u00e2ncia f\u00edsica\">&#8211;&nbsp;&nbsp;&nbsp;&nbsp; &nbsp;&nbsp; &nbsp; Manuten\u00e7\u00e3o da dist\u00e2ncia f\u00edsica<\/a><\/li><li class='ez-toc-page-1 ez-toc-heading-level-3'><a class=\"ez-toc-link ez-toc-heading-5\" href=\"https:\/\/www.leselfes.com\/pt-br\/a-colonia-de-ferias-durante-a-pandemia-e-segura-para-as-criancas\/#%E2%80%93_Adocao_de_praticas_de_teste_e_monitoramento\" title=\"&#8211;&nbsp;&nbsp;&nbsp;&nbsp; &nbsp;&nbsp; Ado\u00e7\u00e3o de pr\u00e1ticas de teste e monitoramento\">&#8211;&nbsp;&nbsp;&nbsp;&nbsp; &nbsp;&nbsp; Ado\u00e7\u00e3o de pr\u00e1ticas de teste e monitoramento<\/a><\/li><li class='ez-toc-page-1 ez-toc-heading-level-3'><a class=\"ez-toc-link ez-toc-heading-6\" href=\"https:\/\/www.leselfes.com\/pt-br\/a-colonia-de-ferias-durante-a-pandemia-e-segura-para-as-criancas\/#%E2%80%93_Higiene_aprimorada_das_maos\" title=\"&#8211;&nbsp;&nbsp;&nbsp;&nbsp; &nbsp;&nbsp; &nbsp; Higiene aprimorada das m\u00e3os\">&#8211;&nbsp;&nbsp;&nbsp;&nbsp; &nbsp;&nbsp; &nbsp; Higiene aprimorada das m\u00e3os<\/a><\/li><li class='ez-toc-page-1 ez-toc-heading-level-3'><a class=\"ez-toc-link ez-toc-heading-7\" href=\"https:\/\/www.leselfes.com\/pt-br\/a-colonia-de-ferias-durante-a-pandemia-e-segura-para-as-criancas\/#%E2%80%93_Praticas_completas_de_limpeza_desinfeccao_e_manutencao_das_instalacoes\" title=\"&#8211;&nbsp;&nbsp;&nbsp;&nbsp; &nbsp;&nbsp; Pr\u00e1ticas completas de limpeza, desinfec\u00e7\u00e3o e manuten\u00e7\u00e3o das instala\u00e7\u00f5es\">&#8211;&nbsp;&nbsp;&nbsp;&nbsp; &nbsp;&nbsp; Pr\u00e1ticas completas de limpeza, desinfec\u00e7\u00e3o e manuten\u00e7\u00e3o das instala\u00e7\u00f5es<\/a><\/li><li class='ez-toc-page-1 ez-toc-heading-level-3'><a class=\"ez-toc-link ez-toc-heading-8\" href=\"https:\/\/www.leselfes.com\/pt-br\/a-colonia-de-ferias-durante-a-pandemia-e-segura-para-as-criancas\/#Diretrizes_adicionais_para_campistas_que_participam_de_acampamentos_com_pernoite\" title=\"Diretrizes adicionais para campistas que participam de acampamentos com pernoite\">Diretrizes adicionais para campistas que participam de acampamentos com pernoite<\/a><\/li><li class='ez-toc-page-1 ez-toc-heading-level-3'><a class=\"ez-toc-link ez-toc-heading-9\" href=\"https:\/\/www.leselfes.com\/pt-br\/a-colonia-de-ferias-durante-a-pandemia-e-segura-para-as-criancas\/#%E2%80%93_Adote_um_plano_de_contingencia_para_lidar_com_doencas_de_emergencia\" title=\"&#8211;&nbsp;&nbsp;&nbsp;&nbsp; &nbsp;&nbsp; &nbsp; Adote um plano de conting\u00eancia para lidar com doen\u00e7as de emerg\u00eancia\">&#8211;&nbsp;&nbsp;&nbsp;&nbsp; &nbsp;&nbsp; &nbsp; Adote um plano de conting\u00eancia para lidar com doen\u00e7as de emerg\u00eancia<\/a><\/li><li class='ez-toc-page-1 ez-toc-heading-level-3'><a class=\"ez-toc-link ez-toc-heading-10\" href=\"https:\/\/www.leselfes.com\/pt-br\/a-colonia-de-ferias-durante-a-pandemia-e-segura-para-as-criancas\/#%E2%80%93_Rastreamento_de_contatos\" title=\"&#8211;&nbsp;&nbsp;&nbsp;&nbsp; &nbsp;&nbsp; Rastreamento de contatos\">&#8211;&nbsp;&nbsp;&nbsp;&nbsp; &nbsp;&nbsp; Rastreamento de contatos<\/a><\/li><\/ul><\/li><li class='ez-toc-page-1 ez-toc-heading-level-2'><a class=\"ez-toc-link ez-toc-heading-11\" href=\"https:\/\/www.leselfes.com\/pt-br\/a-colonia-de-ferias-durante-a-pandemia-e-segura-para-as-criancas\/#Enviar_seu_filho_para_um_acampamento_de_verao_durante_a_pandemia_e_arriscado\" title=\"Enviar seu filho para um acampamento de ver\u00e3o durante a pandemia \u00e9 arriscado?\">Enviar seu filho para um acampamento de ver\u00e3o durante a pandemia \u00e9 arriscado?<\/a><ul class='ez-toc-list-level-3' ><li class='ez-toc-heading-level-3'><a class=\"ez-toc-link ez-toc-heading-12\" href=\"https:\/\/www.leselfes.com\/pt-br\/a-colonia-de-ferias-durante-a-pandemia-e-segura-para-as-criancas\/#%E2%80%93_Entenda_os_limites_predominantes_das_multidoes\" title=\"&#8211;&nbsp;&nbsp;&nbsp;&nbsp; &nbsp;&nbsp; &nbsp; Entenda os limites predominantes das multid\u00f5es\">&#8211;&nbsp;&nbsp;&nbsp;&nbsp; &nbsp;&nbsp; &nbsp; Entenda os limites predominantes das multid\u00f5es<\/a><\/li><li class='ez-toc-page-1 ez-toc-heading-level-3'><a class=\"ez-toc-link ez-toc-heading-13\" href=\"https:\/\/www.leselfes.com\/pt-br\/a-colonia-de-ferias-durante-a-pandemia-e-segura-para-as-criancas\/#%E2%80%93_Determinar_os_casos_de_coronavirus_na_area\" title=\"&#8211;&nbsp;&nbsp;&nbsp;&nbsp; &nbsp;&nbsp; Determinar os casos de coronav\u00edrus na \u00e1rea\">&#8211;&nbsp;&nbsp;&nbsp;&nbsp; &nbsp;&nbsp; Determinar os casos de coronav\u00edrus na \u00e1rea<\/a><\/li><li class='ez-toc-page-1 ez-toc-heading-level-3'><a class=\"ez-toc-link ez-toc-heading-14\" href=\"https:\/\/www.leselfes.com\/pt-br\/a-colonia-de-ferias-durante-a-pandemia-e-segura-para-as-criancas\/#%E2%80%93_Faca_perguntas_com_enfase_na_seguranca\" title=\"&#8211;&nbsp; &nbsp; Fa\u00e7a perguntas com \u00eanfase na seguran\u00e7a\">&#8211;&nbsp; &nbsp; Fa\u00e7a perguntas com \u00eanfase na seguran\u00e7a<\/a><\/li><li class='ez-toc-page-1 ez-toc-heading-level-3'><a class=\"ez-toc-link ez-toc-heading-15\" href=\"https:\/\/www.leselfes.com\/pt-br\/a-colonia-de-ferias-durante-a-pandemia-e-segura-para-as-criancas\/#Praticas_de_monitoramento_de_saude\" title=\"Pr\u00e1ticas de monitoramento de sa\u00fade\">Pr\u00e1ticas de monitoramento de sa\u00fade<\/a><\/li><\/ul><\/li><li class='ez-toc-page-1 ez-toc-heading-level-2'><a class=\"ez-toc-link ez-toc-heading-16\" href=\"https:\/\/www.leselfes.com\/pt-br\/a-colonia-de-ferias-durante-a-pandemia-e-segura-para-as-criancas\/#O_que_voce_deve_procurar_nos_acampamentos_de_verao_em_meio_a_pandemia\" title=\"O que voc\u00ea deve procurar nos acampamentos de ver\u00e3o em meio \u00e0 pandemia?\">O que voc\u00ea deve procurar nos acampamentos de ver\u00e3o em meio \u00e0 pandemia?<\/a><ul class='ez-toc-list-level-3' ><li class='ez-toc-heading-level-3'><a class=\"ez-toc-link ez-toc-heading-17\" href=\"https:\/\/www.leselfes.com\/pt-br\/a-colonia-de-ferias-durante-a-pandemia-e-segura-para-as-criancas\/#%E2%80%93_Que_medidas_o_acampamento_adotou_para_garantir_que_os_campistas_cumpram_as_normas_de_seguranca_da_Covid-19\" title=\"&#8211;&nbsp;&nbsp;&nbsp;&nbsp; &nbsp;&nbsp; &nbsp; Que medidas o acampamento adotou para garantir que os campistas cumpram as normas de seguran\u00e7a da Covid-19?\">&#8211;&nbsp;&nbsp;&nbsp;&nbsp; &nbsp;&nbsp; &nbsp; Que medidas o acampamento adotou para garantir que os campistas cumpram as normas de seguran\u00e7a da Covid-19?<\/a><\/li><li class='ez-toc-page-1 ez-toc-heading-level-3'><a class=\"ez-toc-link ez-toc-heading-18\" href=\"https:\/\/www.leselfes.com\/pt-br\/a-colonia-de-ferias-durante-a-pandemia-e-segura-para-as-criancas\/#%E2%80%93_A_maioria_das_atividades_sera_realizada_ao_ar_livre_ou_dentro_de_casa\" title=\"&#8211;&nbsp;&nbsp;&nbsp;&nbsp; &nbsp;&nbsp; &nbsp; A maioria das atividades ser\u00e1 realizada ao ar livre ou dentro de casa?\">&#8211;&nbsp;&nbsp;&nbsp;&nbsp; &nbsp;&nbsp; &nbsp; A maioria das atividades ser\u00e1 realizada ao ar livre ou dentro de casa?<\/a><\/li><li class='ez-toc-page-1 ez-toc-heading-level-3'><a class=\"ez-toc-link ez-toc-heading-19\" href=\"https:\/\/www.leselfes.com\/pt-br\/a-colonia-de-ferias-durante-a-pandemia-e-segura-para-as-criancas\/#%E2%80%93_E_se_um_campista_ou_membro_da_equipe_ficar_doente\" title=\"&#8211;&nbsp;&nbsp;&nbsp;&nbsp; &nbsp;&nbsp; E se um campista ou membro da equipe ficar doente?\">&#8211;&nbsp;&nbsp;&nbsp;&nbsp; &nbsp;&nbsp; E se um campista ou membro da equipe ficar doente?<\/a><\/li><li class='ez-toc-page-1 ez-toc-heading-level-3'><a class=\"ez-toc-link ez-toc-heading-20\" href=\"https:\/\/www.leselfes.com\/pt-br\/a-colonia-de-ferias-durante-a-pandemia-e-segura-para-as-criancas\/#%E2%80%93_Ha_suporte_pronto_para_os_campistas_que_precisam_de_cuidados_de_saude_especializados\" title=\"&#8211;&nbsp;&nbsp;&nbsp;&nbsp; &nbsp;&nbsp; H\u00e1 suporte pronto para os campistas que precisam de cuidados de sa\u00fade especializados?\">&#8211;&nbsp;&nbsp;&nbsp;&nbsp; &nbsp;&nbsp; H\u00e1 suporte pronto para os campistas que precisam de cuidados de sa\u00fade especializados?<\/a><\/li><li class='ez-toc-page-1 ez-toc-heading-level-3'><a class=\"ez-toc-link ez-toc-heading-21\" href=\"https:\/\/www.leselfes.com\/pt-br\/a-colonia-de-ferias-durante-a-pandemia-e-segura-para-as-criancas\/#%E2%80%93_Como_funcionam_os_horarios_das_refeicoes_e_dos_lanches\" title=\"&#8211;&nbsp;&nbsp;&nbsp;&nbsp; &nbsp;&nbsp; Como funcionam os hor\u00e1rios das refei\u00e7\u00f5es e dos lanches?\">&#8211;&nbsp;&nbsp;&nbsp;&nbsp; &nbsp;&nbsp; Como funcionam os hor\u00e1rios das refei\u00e7\u00f5es e dos lanches?<\/a><\/li><\/ul><\/li><li class='ez-toc-page-1 ez-toc-heading-level-2'><a class=\"ez-toc-link ez-toc-heading-22\" href=\"https:\/\/www.leselfes.com\/pt-br\/a-colonia-de-ferias-durante-a-pandemia-e-segura-para-as-criancas\/#Consideracoes_que_voce_deve_fazer_antes_de_mandar_seu_filho_para_uma_colonia_de_ferias\" title=\"Considera\u00e7\u00f5es que voc\u00ea deve fazer antes de mandar seu filho para uma col\u00f4nia de f\u00e9rias\">Considera\u00e7\u00f5es que voc\u00ea deve fazer antes de mandar seu filho para uma col\u00f4nia de f\u00e9rias<\/a><ul class='ez-toc-list-level-3' ><li class='ez-toc-heading-level-3'><a class=\"ez-toc-link ez-toc-heading-23\" href=\"https:\/\/www.leselfes.com\/pt-br\/a-colonia-de-ferias-durante-a-pandemia-e-segura-para-as-criancas\/#%E2%80%93_Entenda_os_protocolos_de_seguranca_que_a_colonia_de_ferias_adotou_para_proteger_os_campistas_da_Covid-19\" title=\"&#8211;&nbsp;&nbsp;&nbsp;&nbsp; &nbsp;&nbsp; Entenda os protocolos de seguran\u00e7a que a col\u00f4nia de f\u00e9rias adotou para proteger os campistas da Covid-19\">&#8211;&nbsp;&nbsp;&nbsp;&nbsp; &nbsp;&nbsp; Entenda os protocolos de seguran\u00e7a que a col\u00f4nia de f\u00e9rias adotou para proteger os campistas da Covid-19<\/a><\/li><li class='ez-toc-page-1 ez-toc-heading-level-3'><a class=\"ez-toc-link ez-toc-heading-24\" href=\"https:\/\/www.leselfes.com\/pt-br\/a-colonia-de-ferias-durante-a-pandemia-e-segura-para-as-criancas\/#%E2%80%93_Determine_os_fatores_de_risco_e_tome_a_vacina\" title=\"&#8211;&nbsp;&nbsp;&nbsp;&nbsp; &nbsp;&nbsp; Determine os fatores de risco e tome a vacina&nbsp;\">&#8211;&nbsp;&nbsp;&nbsp;&nbsp; &nbsp;&nbsp; Determine os fatores de risco e tome a vacina&nbsp;<\/a><\/li><li class='ez-toc-page-1 ez-toc-heading-level-3'><a class=\"ez-toc-link ez-toc-heading-25\" href=\"https:\/\/www.leselfes.com\/pt-br\/a-colonia-de-ferias-durante-a-pandemia-e-segura-para-as-criancas\/#%E2%80%93_Descubra_como_as_atividades_do_acampamento_durante_a_pandemia_serao_diferentes_dos_tempos_pre-pandemicos\" title=\"&#8211;&nbsp; &nbsp; &nbsp; Descubra como as atividades do acampamento durante a pandemia ser\u00e3o diferentes dos tempos pr\u00e9-pand\u00eamicos\">&#8211;&nbsp; &nbsp; &nbsp; Descubra como as atividades do acampamento durante a pandemia ser\u00e3o diferentes dos tempos pr\u00e9-pand\u00eamicos<\/a><\/li><li class='ez-toc-page-1 ez-toc-heading-level-3'><a class=\"ez-toc-link ez-toc-heading-26\" href=\"https:\/\/www.leselfes.com\/pt-br\/a-colonia-de-ferias-durante-a-pandemia-e-segura-para-as-criancas\/#%E2%80%93_Saiba_o_que_acontecera_se_seu_filho_ficar_doente\" title=\"&#8211;&nbsp;&nbsp;&nbsp;&nbsp; &nbsp;&nbsp; Saiba o que acontecer\u00e1 se seu filho ficar doente\">&#8211;&nbsp;&nbsp;&nbsp;&nbsp; &nbsp;&nbsp; Saiba o que acontecer\u00e1 se seu filho ficar doente<\/a><\/li><li class='ez-toc-page-1 ez-toc-heading-level-3'><a class=\"ez-toc-link ez-toc-heading-27\" href=\"https:\/\/www.leselfes.com\/pt-br\/a-colonia-de-ferias-durante-a-pandemia-e-segura-para-as-criancas\/#%E2%80%93_Determinar_os_regulamentos_do_acampamento_improvisado\" title=\"&#8211;&nbsp;&nbsp;&nbsp;&nbsp; &nbsp;&nbsp; &nbsp; Determinar os regulamentos do acampamento improvisado\">&#8211;&nbsp;&nbsp;&nbsp;&nbsp; &nbsp;&nbsp; &nbsp; Determinar os regulamentos do acampamento improvisado<\/a><\/li><li class='ez-toc-page-1 ez-toc-heading-level-3'><a class=\"ez-toc-link ez-toc-heading-28\" href=\"https:\/\/www.leselfes.com\/pt-br\/a-colonia-de-ferias-durante-a-pandemia-e-segura-para-as-criancas\/#Tomando_a_decisao_final\" title=\"Tomando a decis\u00e3o final\">Tomando a decis\u00e3o final<\/a><\/li><\/ul><\/li><li class='ez-toc-page-1 ez-toc-heading-level-2'><a class=\"ez-toc-link ez-toc-heading-29\" href=\"https:\/\/www.leselfes.com\/pt-br\/a-colonia-de-ferias-durante-a-pandemia-e-segura-para-as-criancas\/#Finalmente\" title=\"Finalmente\">Finalmente<\/a><\/li><\/ul><\/nav><\/div>\n\n<p style=\"text-align: center;\">Voc\u00ea est\u00e1 pensando em matricular seu filho em um acampamento de ver\u00e3o em 2021?<\/p>\n<p style=\"text-align: center;\">Descubra o que Les Elfes tem a oferecer!<\/p>\n<p>\t\t\t<a href=\"https:\/\/www.leselfes.com\/pt-br\/?page_id=89241\" target=\"_blank\" role=\"button\" rel=\"noopener\"><br \/>\nAcampamento de ver\u00e3o Les Elfes<br \/>\n<\/a><\/p>\n<p><!-- wp:paragraph --><\/p>\n<p><!-- \/wp:paragraph --><!-- wp:heading --><\/p>\n<h2 style=\"text-align: left;\"><span class=\"ez-toc-section\" id=\"Diretrizes_em_vigor_para_garantir_a_seguranca_nos_acampamentos_de_verao_durante_a_Covid\"><\/span>Diretrizes em vigor para garantir a seguran\u00e7a nos acampamentos de ver\u00e3o durante a Covid<span class=\"ez-toc-section-end\"><\/span><\/h2>\n<p style=\"text-align: left;\"><!-- \/wp:heading --><!-- wp:paragraph --><\/p>\n<p style=\"text-align: left;\">Essas diretrizes de seguran\u00e7a s\u00e3o aplic\u00e1veis tanto para acampamentos noturnos quanto para acampamentos diurnos.<br \/>\nTodas as instala\u00e7\u00f5es de acampamento devem aderir aos protocolos de seguran\u00e7a do CDC.<br \/>\nLembre-se de que essas medidas de seguran\u00e7a ajudar\u00e3o a reduzir a dissemina\u00e7\u00e3o da Covid-19 entre a equipe do acampamento e os campistas.<br \/>\nDe acordo com a associa\u00e7\u00e3o americana de acampamentos na Ge\u00f3rgia, todos os administradores de acampamentos devem se esfor\u00e7ar para reduzir os riscos para todos os participantes.<br \/>\nEssas diretrizes incluem:    <\/p>\n<h3 style=\"text-align: left;\"><span class=\"ez-toc-section\" id=\"%E2%80%93_Usando_mascaras_adequadamente\"><\/span>&#8211;&nbsp;&nbsp;&nbsp;&nbsp; &nbsp;&nbsp; Usando m\u00e1scaras adequadamente<span class=\"ez-toc-section-end\"><\/span><\/h3>\n<p style=\"text-align: left;\"><!-- \/wp:heading --><!-- wp:paragraph --><\/p>\n<p style=\"text-align: left;\">Se os campistas ou a equipe do acampamento tiverem sido totalmente vacinados, eles n\u00e3o precisar\u00e3o usar m\u00e1scaras durante o <b>acampamento de ver\u00e3o<\/b>.<br \/>\nNo entanto, isso depende das leis estaduais, federais, tribais, territoriais ou locais.<br \/>\nOs campistas acima de dois anos devem sempre usar m\u00e1scaras em ambientes internos e externos, a menos que estejam comendo ou nadando.<br \/>\nTodos os funcion\u00e1rios do acampamento, especialmente aqueles que facilitam as atividades di\u00e1rias do acampamento, devem usar m\u00e1scaras duplas.<br \/>\nIsso reduz o risco de propaga\u00e7\u00e3o da Covid-19.    &nbsp;<\/p>\n<p style=\"text-align: left;\"><!-- \/wp:paragraph --><!-- wp:heading {\"level\":3} --><\/p>\n<h3 style=\"text-align: left;\"><span class=\"ez-toc-section\" id=\"%E2%80%93_Foco_em_atividades_ao_ar_livre\"><\/span>&#8211;&nbsp;&nbsp;&nbsp;&nbsp; &nbsp;&nbsp; &nbsp; Foco em atividades ao ar livre<span class=\"ez-toc-section-end\"><\/span><\/h3>\n<p style=\"text-align: center;\"><a href=\"https:\/\/www.leselfes.com\/wp-content\/uploads\/2021\/07\/2-1024x769-2.jpg\"><img loading=\"lazy\" decoding=\"async\" src=\"https:\/\/www.leselfes.com\/wp-content\/uploads\/2021\/07\/2-1024x769-2.jpg\" alt=\"A col\u00f4nia de f\u00e9rias durante a pandemia \u00e9 segura para as crian\u00e7as?\" width=\"800\" height=\"601\"><\/a><\/p>\n<p style=\"text-align: left;\">A Covid-19 \u00e9 uma doen\u00e7a respirat\u00f3ria de alto risco cujas chances de propaga\u00e7\u00e3o aumentam quando as pessoas ficam presas em ambientes fechados.<br \/>\nPor isso, especialistas mundiais em sa\u00fade e profissionais da Academia Americana de Pediatria recomendam atividades ao ar livre para reduzir o risco de Covid-19.<br \/>\nPassar o tempo ao ar livre permite que os campistas tenham espa\u00e7o suficiente para garantir o distanciamento f\u00edsico e, ao mesmo tempo, criar um ambiente mais seguro para as crian\u00e7as.  &nbsp;<\/p>\n<p style=\"text-align: left;\"><!-- \/wp:heading --><!-- wp:image {\"id\":42393,\"sizeSlug\":\"large\",\"linkDestination\":\"none\"} --><\/p>\n<p style=\"text-align: left;\"><!-- \/wp:image --><!-- wp:paragraph --><\/p>\n<p style=\"text-align: left;\"><!-- \/wp:paragraph --><!-- wp:heading {\"level\":3} --><\/p>\n<h3 style=\"text-align: left;\"><span class=\"ez-toc-section\" id=\"%E2%80%93_Manutencao_da_distancia_fisica\"><\/span>&#8211;&nbsp;&nbsp;&nbsp;&nbsp; &nbsp;&nbsp; &nbsp; Manuten\u00e7\u00e3o da dist\u00e2ncia f\u00edsica<span class=\"ez-toc-section-end\"><\/span><\/h3>\n<p style=\"text-align: left;\"><!-- \/wp:heading --><!-- wp:paragraph --><\/p>\n<p style=\"text-align: left;\">De acordo com as autoridades do CDC, os acampamentos de ver\u00e3o devem adotar o sistema de &#8220;coorte&#8221;.<br \/>\nNesse sistema, os funcion\u00e1rios e os campistas s\u00e3o colocados em classes semelhantes a c\u00e1psulas e permanecem nelas sempre que poss\u00edvel.<br \/>\nEsse sistema ajuda a reduzir o risco entre grupos grandes.<br \/>\nAl\u00e9m disso, todos dentro dos grupos devem manter uma dist\u00e2ncia f\u00edsica de 3 p\u00e9s uns dos outros.   <\/p>\n<p style=\"text-align: left;\"><!-- \/wp:paragraph --><!-- wp:heading {\"level\":3} --><\/p>\n<h3 style=\"text-align: left;\"><span class=\"ez-toc-section\" id=\"%E2%80%93_Adocao_de_praticas_de_teste_e_monitoramento\"><\/span>&#8211;&nbsp;&nbsp;&nbsp;&nbsp; &nbsp;&nbsp; Ado\u00e7\u00e3o de pr\u00e1ticas de teste e monitoramento<span class=\"ez-toc-section-end\"><\/span><\/h3>\n<p style=\"text-align: left;\"><!-- \/wp:heading --><!-- wp:paragraph --><\/p>\n<p style=\"text-align: left;\">Algumas <b>instala\u00e7\u00f5es de acampamentos de ver\u00e3o<\/b> realizam testes e exames de monitoramento nos membros da equipe e nos campistas.<br \/>\nEssas avalia\u00e7\u00f5es incluem verifica\u00e7\u00f5es de temperatura todas as manh\u00e3s.<br \/>\nAs autoridades do CDC dizem que as pessoas que ainda n\u00e3o foram vacinadas devem fazer testes regulares de Covid-19.  <\/p>\n<p style=\"text-align: left;\"><!-- \/wp:paragraph --><!-- wp:heading {\"level\":3} --><\/p>\n<h3 style=\"text-align: left;\"><span class=\"ez-toc-section\" id=\"%E2%80%93_Higiene_aprimorada_das_maos\"><\/span>&#8211;&nbsp;&nbsp;&nbsp;&nbsp; &nbsp;&nbsp; &nbsp; Higiene aprimorada das m\u00e3os<span class=\"ez-toc-section-end\"><\/span><\/h3>\n<p style=\"text-align: left;\"><!-- \/wp:heading --><!-- wp:paragraph --><\/p>\n<p style=\"text-align: left;\"><b>Os organizadores de acampamentos de ver\u00e3o<\/b> devem oferecer v\u00e1rias esta\u00e7\u00f5es de lavagem de m\u00e3os com sab\u00e3o e \u00e1gua corrente.<br \/>\nOs campistas e a equipe do acampamento devem lavar as m\u00e3os regularmente sempre que poss\u00edvel.<br \/>\nAl\u00e9m disso, o uso de desinfetantes para as m\u00e3os deve ser incentivado durante as atividades fora do local.  &nbsp;<\/p>\n<p style=\"text-align: left;\"><!-- \/wp:paragraph --><!-- wp:heading {\"level\":3} --><\/p>\n<h3 style=\"text-align: left;\"><span class=\"ez-toc-section\" id=\"%E2%80%93_Praticas_completas_de_limpeza_desinfeccao_e_manutencao_das_instalacoes\"><\/span>&#8211;&nbsp;&nbsp;&nbsp;&nbsp; &nbsp;&nbsp; Pr\u00e1ticas completas de limpeza, desinfec\u00e7\u00e3o e manuten\u00e7\u00e3o das instala\u00e7\u00f5es<span class=\"ez-toc-section-end\"><\/span><\/h3>\n<p style=\"text-align: left;\"><!-- \/wp:heading --><!-- wp:paragraph --><\/p>\n<p style=\"text-align: left;\">Todos os quartos e superf\u00edcies compartilhados, como o refeit\u00f3rio, os beliches das cabines e as salas de jogos, devem ser cuidadosamente desinfetados e limpos diariamente.<br \/>\nAs instala\u00e7\u00f5es devem ser bem organizadas para facilitar a ventila\u00e7\u00e3o suficiente e o distanciamento social sempre que poss\u00edvel. &nbsp;<\/p>\n<p style=\"text-align: left;\"><!-- \/wp:paragraph --><!-- wp:heading {\"level\":3} --><\/p>\n<h3 style=\"text-align: left;\"><span class=\"ez-toc-section\" id=\"Diretrizes_adicionais_para_campistas_que_participam_de_acampamentos_com_pernoite\"><\/span>Diretrizes adicionais para campistas que participam de acampamentos com pernoite<span class=\"ez-toc-section-end\"><\/span><\/h3>\n<p style=\"text-align: left;\"><!-- \/wp:heading --><!-- wp:paragraph --><\/p>\n<p style=\"text-align: left;\">Os organizadores do acampamento solicitam que os participantes se isolem ou fiquem em quarentena por quatorze dias antes de embarcar na <strong>viagem para o acampamento de ver\u00e3o<\/strong>.<br \/>\nOs campistas que viajam do exterior por trem, avi\u00e3o ou \u00f4nibus devem seguir os regulamentos de viagem locais estabelecidos.<br \/>\nLembre-se de que alguns pa\u00edses exigem que os viajantes fa\u00e7am testes preventivos adicionais para a Covid-19 e adiram ao isolamento, de acordo com o New York Times.  &nbsp;<\/p>\n<p style=\"text-align: left;\"><!-- \/wp:paragraph --><!-- wp:heading {\"level\":3} --><\/p>\n<h3 style=\"text-align: left;\"><span class=\"ez-toc-section\" id=\"%E2%80%93_Adote_um_plano_de_contingencia_para_lidar_com_doencas_de_emergencia\"><\/span>&#8211;&nbsp;&nbsp;&nbsp;&nbsp; &nbsp;&nbsp; &nbsp; Adote um plano de conting\u00eancia para lidar com doen\u00e7as de emerg\u00eancia<span class=\"ez-toc-section-end\"><\/span><\/h3>\n<p style=\"text-align: left;\"><!-- \/wp:heading --><!-- wp:paragraph --><\/p>\n<p style=\"text-align: left;\">Alguns campistas podem usar servi\u00e7os de transporte compartilhado, o que pode exp\u00f4-los ao v\u00edrus da Covid-19.<br \/>\nComo resultado, os organizadores e supervisores do acampamento devem ter um plano de quarentena estabelecido para lidar com poss\u00edveis emerg\u00eancias. &nbsp;<\/p>\n<p style=\"text-align: left;\"><!-- \/wp:paragraph --><!-- wp:heading {\"level\":3} --><\/p>\n<h3 style=\"text-align: left;\"><span class=\"ez-toc-section\" id=\"%E2%80%93_Rastreamento_de_contatos\"><\/span>&#8211;&nbsp;&nbsp;&nbsp;&nbsp; &nbsp;&nbsp; Rastreamento de contatos<span class=\"ez-toc-section-end\"><\/span><\/h3>\n<p style=\"text-align: left;\"><!-- \/wp:heading --><!-- wp:paragraph --><\/p>\n<p style=\"text-align: left;\">Caso o acampamento sofra infec\u00e7\u00f5es por Covid-19, os administradores do acampamento precisar\u00e3o entrar em contato e trabalhar em conjunto com as autoridades de sa\u00fade p\u00fablica locais ou estaduais para facilitar o processo:&nbsp;<\/p>\n<p style=\"text-align: left;\"><!-- \/wp:paragraph --><!-- wp:list --><\/p>\n<ul style=\"text-align: left;\">\n<li>O isolamento de pessoas com sintomas relacionados \u00e0 Covid-19<\/li>\n<li>Testes em pessoas com sintomas relacionados \u00e0 Covid<\/li>\n<li>Coloca\u00e7\u00e3o em quarentena de todos os contatos pr\u00f3ximos de indiv\u00edduos com sintomas relacionados \u00e0 Covid<\/li>\n<li>Alertar os membros da fam\u00edlia de todas as crian\u00e7as que est\u00e3o participando do acampamento<\/li>\n<\/ul>\n<p style=\"text-align: left;\"><!-- \/wp:list --><!-- wp:paragraph --><\/p>\n<p style=\"text-align: left;\">Lembre-se de que pessoas totalmente vacinadas e sem sintomas relacionados \u00e0 Covid n\u00e3o precisam ficar em quarentena.<br \/>\nNo entanto, isso depende das regulamenta\u00e7\u00f5es locais, estaduais ou federais. &nbsp;<\/p>\n<p style=\"text-align: left;\"><!-- \/wp:paragraph --><!-- wp:heading --><\/p>\n<h2 style=\"text-align: left;\"><span class=\"ez-toc-section\" id=\"Enviar_seu_filho_para_um_acampamento_de_verao_durante_a_pandemia_e_arriscado\"><\/span>Enviar seu filho para um acampamento de ver\u00e3o durante a pandemia \u00e9 arriscado?<span class=\"ez-toc-section-end\"><\/span><\/h2>\n<p style=\"text-align: left;\"><!-- \/wp:heading --><!-- wp:paragraph --><\/p>\n<p style=\"text-align: left;\">A possibilidade de os campistas contra\u00edrem a Covid-19 depende do n\u00edvel viral da doen\u00e7a infecciosa em uma \u00e1rea espec\u00edfica.<br \/>\nAproveite as dicas a seguir para determinar o n\u00edvel de risco do acampamento <strong>de ver\u00e3o de<\/strong> sua prefer\u00eancia antes da viagem. &nbsp;<\/p>\n<p style=\"text-align: left;\"><!-- \/wp:paragraph --><!-- wp:heading {\"level\":3} --><\/p>\n<h3 style=\"text-align: left;\"><span class=\"ez-toc-section\" id=\"%E2%80%93_Entenda_os_limites_predominantes_das_multidoes\"><\/span>&#8211;&nbsp;&nbsp;&nbsp;&nbsp; &nbsp;&nbsp; &nbsp; Entenda os limites predominantes das multid\u00f5es<span class=\"ez-toc-section-end\"><\/span><\/h3>\n<p style=\"text-align: center;\"><a href=\"https:\/\/www.leselfes.com\/wp-content\/uploads\/2021\/07\/3-1024x769-1-1-e1626352926759.jpg\"><img loading=\"lazy\" decoding=\"async\" src=\"https:\/\/www.leselfes.com\/wp-content\/uploads\/2021\/07\/3-1024x769-1-1-e1626352926759.jpg\" alt=\"Medidas de seguran\u00e7a em acampamentos de ver\u00e3o durante a pandemia\" width=\"750\" height=\"563\"><\/a><\/p>\n<p style=\"text-align: left;\">O CDC (Centro de Controle e Preven\u00e7\u00e3o de Doen\u00e7as) \u00e9 contra grandes multid\u00f5es.<br \/>\nLembre-se de que essas normas podem variar de uma regi\u00e3o para outra.<br \/>\nDetermine as medidas de seguran\u00e7a na \u00e1rea do acampamento <strong>de ver\u00e3o<\/strong> e obtenha detalhes sobre o tamanho das aglomera\u00e7\u00f5es antes de enviar seu filho para uma viagem de acampamento de ver\u00e3o.  &nbsp;<\/p>\n<p style=\"text-align: left;\"><!-- \/wp:heading --><!-- wp:image {\"id\":42394,\"sizeSlug\":\"large\",\"linkDestination\":\"none\"} --><\/p>\n<p style=\"text-align: left;\"><!-- \/wp:image --><!-- wp:paragraph --><\/p>\n<p style=\"text-align: left;\"><!-- \/wp:paragraph --><!-- wp:heading {\"level\":3} --><\/p>\n<h3 style=\"text-align: left;\"><span class=\"ez-toc-section\" id=\"%E2%80%93_Determinar_os_casos_de_coronavirus_na_area\"><\/span>&#8211;&nbsp;&nbsp;&nbsp;&nbsp; &nbsp;&nbsp; Determinar os casos de coronav\u00edrus na \u00e1rea<span class=\"ez-toc-section-end\"><\/span><\/h3>\n<p style=\"text-align: left;\"><!-- \/wp:heading --><!-- wp:paragraph --><\/p>\n<p style=\"text-align: left;\">Qual \u00e9 a situa\u00e7\u00e3o do coronav\u00edrus em sua localidade?<br \/>\nOs n\u00fameros est\u00e3o caindo, aumentando ou estagnados?<br \/>\nMesmo que sua localidade n\u00e3o tenha sido afetada pelo v\u00edrus, voc\u00ea deve considerar a regi\u00e3o do <strong>acampamento de ver\u00e3o<\/strong>, especialmente se seu filho for para o exterior.<br \/>\nEntre em contato com o departamento de sa\u00fade da sua localidade para obter essas informa\u00e7\u00f5es.<br \/>\nVoc\u00ea tamb\u00e9m pode consultar diferentes sites de recursos e jornais locais para obter informa\u00e7\u00f5es detalhadas.    &nbsp;<\/p>\n<p style=\"text-align: left;\"><!-- \/wp:paragraph --><!-- wp:heading {\"level\":3} --><\/p>\n<h3 style=\"text-align: left;\"><span class=\"ez-toc-section\" id=\"%E2%80%93_Faca_perguntas_com_enfase_na_seguranca\"><\/span>&#8211;&nbsp; &nbsp; Fa\u00e7a perguntas com \u00eanfase na seguran\u00e7a<span class=\"ez-toc-section-end\"><\/span><\/h3>\n<p style=\"text-align: left;\"><!-- \/wp:heading --><!-- wp:paragraph --><\/p>\n<p style=\"text-align: left;\">Se voc\u00ea quiser mandar seu filho para sua col\u00f4nia <strong>de f\u00e9rias favorita<\/strong> ou quiser experimentar um novo local, enfatize a seguran\u00e7a e considere os pr\u00f3s e contras.<br \/>\nAntes de escolher o <strong>local<\/strong> ideal para o <strong>acampamento de ver\u00e3o<\/strong>, voc\u00ea precisa entender: <\/p>\n<p style=\"text-align: left;\"><!-- \/wp:paragraph --><!-- wp:list --><\/p>\n<ul style=\"text-align: left;\">\n<li>O n\u00famero de campistas permitidos na instala\u00e7\u00e3o.&nbsp;<\/li>\n<\/ul>\n<p style=\"text-align: left;\"><!-- \/wp:list --><!-- wp:list --><\/p>\n<ul style=\"text-align: left;\">\n<li>Os regulamentos sobre o tamanho dos grupos?<br \/>\nQuantos campistas estar\u00e3o em um grupo?<br \/>\nOs grupos pequenos ter\u00e3o o mesmo supervisor?  <\/li>\n<\/ul>\n<p style=\"text-align: left;\"><!-- \/wp:list --><!-- wp:list --><\/p>\n<ul style=\"text-align: left;\">\n<li>O programa operacional do acampamento.<br \/>\nO acampamento est\u00e1 funcionando com capacidade total ou parcial?<br \/>\nEle oferece servi\u00e7os de acampamento diurno e para dormir?  &nbsp;<\/li>\n<\/ul>\n<p style=\"text-align: left;\"><!-- \/wp:list --><!-- wp:list --><\/p>\n<ul style=\"text-align: left;\">\n<li>E quanto ao distanciamento f\u00edsico?<br \/>\nComo o estabelecimento planeja alcan\u00e7ar o distanciamento f\u00edsico de 1,5 a 2 metros durante cochilos, atividades e refei\u00e7\u00f5es?<br \/>\nO estabelecimento tem \u00e1reas e salas suficientes para manter as regras de distanciamento social?  &nbsp;<\/li>\n<\/ul>\n<p style=\"text-align: left;\"><!-- \/wp:list --><!-- wp:list --><\/p>\n<ul style=\"text-align: left;\">\n<li>Quais s\u00e3o os hor\u00e1rios de embarque e desembarque para os campistas diurnos?&nbsp;<\/li>\n<\/ul>\n<p style=\"text-align: left;\"><!-- \/wp:list --><!-- wp:list --><\/p>\n<ul style=\"text-align: left;\">\n<li>Determine as medidas que a instala\u00e7\u00e3o de acampamento tem em vigor para evitar a propaga\u00e7\u00e3o do v\u00edrus enquanto os campistas estiverem presentes.&nbsp;<\/li>\n<\/ul>\n<p style=\"text-align: left;\"><!-- \/wp:list --><!-- wp:heading {\"level\":3} --><\/p>\n<h3 style=\"text-align: left;\"><span class=\"ez-toc-section\" id=\"Praticas_de_monitoramento_de_saude\"><\/span>Pr\u00e1ticas de monitoramento de sa\u00fade<span class=\"ez-toc-section-end\"><\/span><\/h3>\n<p style=\"text-align: left;\"><!-- \/wp:heading --><!-- wp:paragraph --><\/p>\n<p style=\"text-align: left;\">Como o estabelecimento monitora os funcion\u00e1rios e os campistas durante o per\u00edodo de acampamento?<br \/>\nQuais s\u00e3o os procedimentos adotados para isolar pessoas doentes?<br \/>\nQue m\u00e9todo de comunica\u00e7\u00e3o eles usar\u00e3o para alertar voc\u00ea se seu filho ficar doente?  <\/p>\n<p style=\"text-align: left;\"><!-- \/wp:paragraph --><!-- wp:heading --><\/p>\n<h2 style=\"text-align: left;\"><span class=\"ez-toc-section\" id=\"O_que_voce_deve_procurar_nos_acampamentos_de_verao_em_meio_a_pandemia\"><\/span>O que voc\u00ea deve procurar nos acampamentos de ver\u00e3o em meio \u00e0 pandemia?<span class=\"ez-toc-section-end\"><\/span><\/h2>\n<p style=\"text-align: left;\"><!-- \/wp:heading --><!-- wp:paragraph --><\/p>\n<p style=\"text-align: left;\">Procure respostas para as seguintes perguntas antes de enviar seu filho para um <strong>acampamento de ver\u00e3o<\/strong> durante a pandemia.&nbsp;<\/p>\n<p style=\"text-align: left;\"><!-- \/wp:paragraph --><!-- wp:heading {\"level\":3} --><\/p>\n<h3 style=\"text-align: left;\"><span class=\"ez-toc-section\" id=\"%E2%80%93_Que_medidas_o_acampamento_adotou_para_garantir_que_os_campistas_cumpram_as_normas_de_seguranca_da_Covid-19\"><\/span>&#8211;&nbsp;&nbsp;&nbsp;&nbsp; &nbsp;&nbsp; &nbsp; Que medidas o acampamento adotou para garantir que os campistas cumpram as normas de seguran\u00e7a da Covid-19?<span class=\"ez-toc-section-end\"><\/span><\/h3>\n<p style=\"text-align: left;\"><!-- \/wp:heading --><!-- wp:paragraph --><\/p>\n<p style=\"text-align: left;\">Os acampamentos devem adotar estrat\u00e9gias adequadas \u00e0 idade para garantir que os campistas pratiquem o distanciamento social, a higiene das m\u00e3os e usem m\u00e1scaras quando necess\u00e1rio.<br \/>\nManter essas pr\u00e1ticas pode ser uma tarefa dif\u00edcil para crian\u00e7as pequenas, e os membros da equipe do acampamento devem estar prontos para lembr\u00e1-las com frequ\u00eancia. &nbsp;<\/p>\n<p style=\"text-align: left;\"><!-- \/wp:paragraph --><!-- wp:heading {\"level\":3} --><\/p>\n<h3 style=\"text-align: left;\"><span class=\"ez-toc-section\" id=\"%E2%80%93_A_maioria_das_atividades_sera_realizada_ao_ar_livre_ou_dentro_de_casa\"><\/span>&#8211;&nbsp;&nbsp;&nbsp;&nbsp; &nbsp;&nbsp; &nbsp; A maioria das atividades ser\u00e1 realizada ao ar livre ou dentro de casa?<span class=\"ez-toc-section-end\"><\/span><\/h3>\n<p style=\"text-align: center;\"><a href=\"https:\/\/www.leselfes.com\/wp-content\/uploads\/2021\/07\/4-1024x769-1-1-e1626352967316.jpg\"><img loading=\"lazy\" decoding=\"async\" src=\"https:\/\/www.leselfes.com\/wp-content\/uploads\/2021\/07\/4-1024x769-1-1-e1626352967316.jpg\" alt=\"Atividades seguras ao ar livre para crian\u00e7as durante a pandemia  \" width=\"750\" height=\"563\"><\/a><\/p>\n<p style=\"text-align: center;\"><!-- \/wp:heading --><!-- wp:image {\"id\":42391,\"sizeSlug\":\"large\",\"linkDestination\":\"none\"} --><\/p>\n<p style=\"text-align: center;\"><!-- \/wp:image --><!-- wp:paragraph --><\/p>\n<p style=\"text-align: left;\">As atividades ao ar livre permitem que os campistas aproveitem o ar fresco e lhes d\u00e3o espa\u00e7o suficiente para aderir \u00e0s regras de distanciamento f\u00edsico.&nbsp;  Al\u00e9m disso, eles reduzem o risco de espalhar e contrair a Covid-19, e o ar livre permite que os campistas vivenciem a natureza, o que melhora sua sa\u00fade geral e mental.<br \/>\nNo entanto, os organizadores do acampamento devem limpar e desinfetar itens e superf\u00edcies de jogos todos os dias para evitar que as crian\u00e7as contraiam germes. &nbsp;<\/p>\n<p style=\"text-align: left;\"><!-- \/wp:paragraph --><!-- wp:heading {\"level\":3} --><\/p>\n<h3 style=\"text-align: left;\"><span class=\"ez-toc-section\" id=\"%E2%80%93_E_se_um_campista_ou_membro_da_equipe_ficar_doente\"><\/span>&#8211;&nbsp;&nbsp;&nbsp;&nbsp; &nbsp;&nbsp; E se um campista ou membro da equipe ficar doente?<span class=\"ez-toc-section-end\"><\/span><\/h3>\n<p style=\"text-align: left;\"><!-- \/wp:heading --><!-- wp:paragraph --><\/p>\n<p style=\"text-align: left;\">Os acampamentos devem adotar um plano robusto de medidas a serem tomadas caso algu\u00e9m comece a apresentar sintomas de Covid-19.<br \/>\nO programa deve estar alinhado com os regulamentos e pol\u00edticas de sa\u00fade p\u00fablica estaduais ou locais sobre como responder e relatar poss\u00edveis casos de Covid-19. <\/p>\n<p style=\"text-align: left;\"><!-- \/wp:paragraph --><!-- wp:heading {\"level\":3} --><\/p>\n<h3 style=\"text-align: left;\"><span class=\"ez-toc-section\" id=\"%E2%80%93_Ha_suporte_pronto_para_os_campistas_que_precisam_de_cuidados_de_saude_especializados\"><\/span>&#8211;&nbsp;&nbsp;&nbsp;&nbsp; &nbsp;&nbsp; H\u00e1 suporte pronto para os campistas que precisam de cuidados de sa\u00fade especializados?<span class=\"ez-toc-section-end\"><\/span><\/h3>\n<p style=\"text-align: left;\"><!-- \/wp:heading --><!-- wp:paragraph --><\/p>\n<p style=\"text-align: left;\">Os diretores e organizadores do acampamento devem se esfor\u00e7ar para atender \u00e0s necessidades de cada crian\u00e7a.<br \/>\nSe o seu filho precisar de cuidados m\u00e9dicos especializados, consulte o pediatra e os organizadores do acampamento para determinar o pacote de acomoda\u00e7\u00e3o ideal para ele. &nbsp;<\/p>\n<p style=\"text-align: left;\"><!-- \/wp:paragraph --><!-- wp:heading {\"level\":3} --><\/p>\n<h3 style=\"text-align: left;\"><span class=\"ez-toc-section\" id=\"%E2%80%93_Como_funcionam_os_horarios_das_refeicoes_e_dos_lanches\"><\/span>&#8211;&nbsp;&nbsp;&nbsp;&nbsp; &nbsp;&nbsp; Como funcionam os hor\u00e1rios das refei\u00e7\u00f5es e dos lanches?<span class=\"ez-toc-section-end\"><\/span><\/h3>\n<p style=\"text-align: left;\"><!-- \/wp:heading --><!-- wp:paragraph --><\/p>\n<p style=\"text-align: left;\">Sempre que poss\u00edvel, as crian\u00e7as devem levar suas pr\u00f3prias refei\u00e7\u00f5es, especialmente se forem participar de um acampamento diurno.<br \/>\nOs acampamentos devem ter \u00e1reas de alimenta\u00e7\u00e3o separadas para grupos pequenos diferentes.<br \/>\nEsse arranjo \u00e9 menos arriscado do que comer em cafeterias ou refeit\u00f3rios.<br \/>\nOs campistas devem sempre levar suas pr\u00f3prias garrafas de \u00e1gua.   &nbsp;<\/p>\n<p style=\"text-align: left;\"><!-- \/wp:paragraph --><!-- wp:heading --><\/p>\n<h2 style=\"text-align: left;\"><span class=\"ez-toc-section\" id=\"Consideracoes_que_voce_deve_fazer_antes_de_mandar_seu_filho_para_uma_colonia_de_ferias\"><\/span>Considera\u00e7\u00f5es que voc\u00ea deve fazer antes de mandar seu filho para uma col\u00f4nia de f\u00e9rias<span class=\"ez-toc-section-end\"><\/span><\/h2>\n<p style=\"text-align: left;\"><!-- \/wp:heading --><!-- wp:paragraph --><\/p>\n<p style=\"text-align: left;\">Com o advento da vacina\u00e7\u00e3o, este ver\u00e3o promete ser melhor do que o ver\u00e3o passado, especialmente agora que os campistas acima de 12 anos de idade podem receber a vacina contra a Covid-19.<br \/>\nQuais s\u00e3o algumas das coisas que os pais devem considerar antes de liberar seus filhos para o <strong>acampamento de ver\u00e3o<\/strong>?<br \/>\nContinue lendo para descobrir.  &nbsp;<\/p>\n<p style=\"text-align: left;\"><!-- \/wp:paragraph --><!-- wp:heading {\"level\":3} --><\/p>\n<h3 style=\"text-align: left;\"><span class=\"ez-toc-section\" id=\"%E2%80%93_Entenda_os_protocolos_de_seguranca_que_a_colonia_de_ferias_adotou_para_proteger_os_campistas_da_Covid-19\"><\/span>&#8211;&nbsp;&nbsp;&nbsp;&nbsp; &nbsp;&nbsp; Entenda os protocolos de seguran\u00e7a que a col\u00f4nia de f\u00e9rias adotou para proteger os campistas da Covid-19<span class=\"ez-toc-section-end\"><\/span><\/h3>\n<p style=\"text-align: left;\"><!-- \/wp:heading --><!-- wp:paragraph --><\/p>\n<p style=\"text-align: left;\">Recentemente, o CDC anunciou um guia detalhado e atualizado para <strong>acampamentos de ver\u00e3o noturnos e diurnos<\/strong>.<br \/>\nO guia destacou v\u00e1rios princ\u00edpios fundamentais.<br \/>\nPor exemplo, ele recomendou que todos os membros da equipe do acampamento e os campistas eleg\u00edveis recebessem a vacina contra a Covid-19.  <\/p>\n<p style=\"text-align: left;\"><!-- \/wp:paragraph --><!-- wp:paragraph --><\/p>\n<p style=\"text-align: left;\">Se alguns funcion\u00e1rios e participantes do acampamento n\u00e3o forem vacinados, o CDC recomendou maior dist\u00e2ncia f\u00edsica e atividades ao ar livre, capacidade reduzida e maior ventila\u00e7\u00e3o em \u00e1reas internas.<br \/>\nAl\u00e9m disso, o CDC recomendou o uso de m\u00e1scaras em ambientes fechados e em algumas situa\u00e7\u00f5es ao ar livre. <\/p>\n<p style=\"text-align: left;\"><!-- \/wp:paragraph --><!-- wp:paragraph --><\/p>\n<p style=\"text-align: left;\">Determine as estrat\u00e9gias que o local de acampamento de sua prefer\u00eancia adotou para cumprir esses requisitos.<br \/>\nLembre-se de que muitas dessas normas se aplicam a acampamentos noturnos e diurnos. &nbsp;<\/p>\n<p style=\"text-align: left;\"><!-- \/wp:paragraph --><!-- wp:heading {\"level\":3} --><\/p>\n<h3 style=\"text-align: left;\"><span class=\"ez-toc-section\" id=\"%E2%80%93_Determine_os_fatores_de_risco_e_tome_a_vacina\"><\/span>&#8211;&nbsp;&nbsp;&nbsp;&nbsp; &nbsp;&nbsp; Determine os fatores de risco e tome a vacina&nbsp;<span class=\"ez-toc-section-end\"><\/span><\/h3>\n<p style=\"text-align: left;\"><!-- \/wp:heading --><!-- wp:paragraph --><\/p>\n<p style=\"text-align: left;\">Os pais devem pensar nos fatores de risco espec\u00edficos de cada poss\u00edvel campista e organizar a vacina\u00e7\u00e3o para as <a href=\"https:\/\/www.healthline.com\/health-news\/when-can-children-under-12-get-the-covid-19-vaccine-heres-what-to-know\">crian\u00e7as eleg\u00edveis<\/a>. Lembre-se de que, se o seu filho n\u00e3o for eleg\u00edvel para a vacina\u00e7\u00e3o e tiver complica\u00e7\u00f5es de sa\u00fade subjacentes, como doen\u00e7a card\u00edaca cong\u00eanita ou asma, ele poder\u00e1 ter um risco maior de contrair a Covid-19. Se o seu filho tiver um sistema imunol\u00f3gico fraco e n\u00e3o tiver sido vacinado, permanecer em casa seria o ideal para proteg\u00ea-lo do v\u00edrus.  &nbsp;<\/p>\n<p style=\"text-align: left;\"><!-- \/wp:paragraph --><!-- wp:heading {\"level\":3} --><\/p>\n<h3 style=\"text-align: left;\"><span class=\"ez-toc-section\" id=\"%E2%80%93_Descubra_como_as_atividades_do_acampamento_durante_a_pandemia_serao_diferentes_dos_tempos_pre-pandemicos\"><\/span>&#8211;&nbsp; &nbsp; &nbsp; Descubra como as atividades do acampamento durante a pandemia ser\u00e3o diferentes dos tempos pr\u00e9-pand\u00eamicos<span class=\"ez-toc-section-end\"><\/span><\/h3>\n<p style=\"text-align: center;\"><a href=\"https:\/\/www.leselfes.com\/wp-content\/uploads\/2021\/07\/5-1024x769-1-1.jpg\"><img loading=\"lazy\" decoding=\"async\" src=\"https:\/\/www.leselfes.com\/wp-content\/uploads\/2021\/07\/5-1024x769-1-1.jpg\" alt=\"As atividades do acampamento durante a pandemia ser\u00e3o diferentes dos tempos pr\u00e9-pand\u00eamicos\" width=\"700\" height=\"438\"><\/a><\/p>\n<p style=\"text-align: center;\"><!-- \/wp:heading --><!-- wp:image {\"id\":42392,\"sizeSlug\":\"large\",\"linkDestination\":\"none\"} --><\/p>\n<p style=\"text-align: center;\"><!-- \/wp:image --><!-- wp:paragraph --><\/p>\n<p style=\"text-align: left;\">Algumas pr\u00e1ticas de acampamento n\u00e3o ser\u00e3o aplic\u00e1veis durante o <strong>acampamento de ver\u00e3o<\/strong>, especialmente para campistas n\u00e3o vacinados.<br \/>\nPor exemplo, os especialistas em sa\u00fade desaconselharam salas cheias, onde os campistas se re\u00fanem e cantam e dan\u00e7am.<br \/>\nEmbora os campistas tenham permiss\u00e3o para cantar, eles s\u00f3 poder\u00e3o faz\u00ea-lo ao ar livre.  <\/p>\n<p style=\"text-align: left;\"><!-- \/wp:paragraph --><!-- wp:paragraph --><\/p>\n<p style=\"text-align: left;\">Os pais e outras pessoas de fora podem ser impedidos de entrar nas depend\u00eancias do acampamento, enquanto a equipe do acampamento pode ter de permanecer nas depend\u00eancias do acampamento at\u00e9 o fim do acampamento.<br \/>\nAlgumas das <a href=\"\">atividades divertidas e empolgantes<\/a> que envolvem os participantes competindo entre si ser\u00e3o altamente desencorajadas.<br \/>\nOs acampamentos precisar\u00e3o modificar v\u00e1rias atividades para atender \u00e0s exig\u00eancias de v\u00e1rias organiza\u00e7\u00f5es de sa\u00fade com o objetivo de reduzir o risco de dissemina\u00e7\u00e3o da Covid-19.  <\/p>\n<p style=\"text-align: left;\"><!-- \/wp:paragraph --><!-- wp:paragraph --><\/p>\n<p style=\"text-align: left;\">Muitas instala\u00e7\u00f5es de acampamento cancelaram os acampamentos diurnos e voc\u00ea deve confirmar as provid\u00eancias tomadas antes de planejar uma <a href=\"https:\/\/www.leselfes.com\/field-trips\/\">viagem<\/a> para seu filho. Entenda como o acampamento pretende garantir que os campistas mantenham o distanciamento f\u00edsico necess\u00e1rio enquanto estiverem nas instala\u00e7\u00f5es. &nbsp;<\/p>\n<p style=\"text-align: left;\"><!-- \/wp:paragraph --><!-- wp:heading {\"level\":3} --><\/p>\n<h3 style=\"text-align: left;\"><span class=\"ez-toc-section\" id=\"%E2%80%93_Saiba_o_que_acontecera_se_seu_filho_ficar_doente\"><\/span>&#8211;&nbsp;&nbsp;&nbsp;&nbsp; &nbsp;&nbsp; Saiba o que acontecer\u00e1 se seu filho ficar doente<span class=\"ez-toc-section-end\"><\/span><\/h3>\n<p style=\"text-align: left;\"><!-- \/wp:heading --><!-- wp:paragraph --><\/p>\n<p style=\"text-align: left;\">As pol\u00edticas do acampamento variam de uma instala\u00e7\u00e3o para outra.<br \/>\nPor exemplo, se seu filho desenvolver sintomas relacionados \u00e0 covid-19 durante o acampamento diurno, a instala\u00e7\u00e3o o isolar\u00e1 antes de avisar voc\u00ea.<br \/>\nOs testes de covid-19 nessas circunst\u00e2ncias s\u00e3o altamente recomendados e, se o teste for positivo, a crian\u00e7a s\u00f3 retornar\u00e1 ao acampamento depois de 10 a 14 dias ou quando os sintomas tiverem diminu\u00eddo.  <\/p>\n<p style=\"text-align: left;\"><!-- \/wp:paragraph --><!-- wp:paragraph --><\/p>\n<p style=\"text-align: left;\">Se a crian\u00e7a tiver contra\u00eddo a Covid-19 no acampamento ou se outras pessoas da sua casa tiverem contra\u00eddo o v\u00edrus, talvez seja necess\u00e1rio que ela fique em quarentena por aproximadamente 14 dias. Se os campistas desenvolverem sintomas de Covid-19 enquanto estiverem em um acampamento noturno, a equipe do acampamento dever\u00e1 isol\u00e1-los imediatamente e organizar um teste de Covid.<\/p>\n<p style=\"text-align: left;\"><!-- \/wp:paragraph --><!-- wp:paragraph --><\/p>\n<p style=\"text-align: left;\">Se os resultados forem positivos, a equipe do acampamento deve transferir a crian\u00e7a para um local espec\u00edfico onde ela possa receber cuidados m\u00e9dicos especializados.<br \/>\nA equipe do acampamento deve alert\u00e1-lo imediatamente e permitir que voc\u00ea busque seu filho ou permita que ele permane\u00e7a na instala\u00e7\u00e3o de quarentena at\u00e9 que se recupere. &nbsp;<\/p>\n<p style=\"text-align: left;\"><!-- \/wp:paragraph --><!-- wp:paragraph --><\/p>\n<p style=\"text-align: left;\">Lembre-se de que os campistas ainda ter\u00e3o uma experi\u00eancia divertida no acampamento, independentemente de todas as normas estabelecidas.&nbsp;<\/p>\n<p style=\"text-align: left;\"><!-- \/wp:paragraph --><!-- wp:heading {\"level\":3} --><\/p>\n<h3 style=\"text-align: left;\"><span class=\"ez-toc-section\" id=\"%E2%80%93_Determinar_os_regulamentos_do_acampamento_improvisado\"><\/span>&#8211;&nbsp;&nbsp;&nbsp;&nbsp; &nbsp;&nbsp; &nbsp; Determinar os regulamentos do acampamento improvisado<span class=\"ez-toc-section-end\"><\/span><\/h3>\n<p style=\"text-align: left;\"><!-- \/wp:heading --><!-- wp:paragraph --><\/p>\n<p style=\"text-align: left;\">Se o seu filho estiver participando de um acampamento para dormir fora, n\u00e3o deixe de procurar respostas para as seguintes perguntas.<\/p>\n<p style=\"text-align: left;\"><!-- \/wp:paragraph --><!-- wp:list --><\/p>\n<ul style=\"text-align: left;\">\n<li>A instala\u00e7\u00e3o de acampamento tem equipe m\u00e9dica e eles t\u00eam treinamento especializado para lidar com complica\u00e7\u00f5es relacionadas \u00e0 Covid-19?<\/li>\n<li>Como voc\u00ea entrar\u00e1 em contato comigo em caso de emerg\u00eancia?<\/li>\n<li>H\u00e1 algum hospital ou posto de sa\u00fade nas proximidades?<\/li>\n<li>Os campistas e a equipe do acampamento precisar\u00e3o ficar em quarentena antes e depois do acampamento?<\/li>\n<\/ul>\n<p style=\"text-align: left;\"><!-- \/wp:list --><!-- wp:heading {\"level\":3} --><\/p>\n<h3 style=\"text-align: left;\"><span class=\"ez-toc-section\" id=\"Tomando_a_decisao_final\"><\/span>Tomando a decis\u00e3o final<span class=\"ez-toc-section-end\"><\/span><\/h3>\n<p style=\"text-align: left;\"><!-- \/wp:heading --><!-- wp:paragraph --><\/p>\n<p style=\"text-align: left;\">Lembre-se de que \u00e9 voc\u00ea quem decide se libera seu filho para o acampamento noturno ou diurno.<br \/>\nConsidere os fatores de risco exclusivos da crian\u00e7a antes de tomar a decis\u00e3o final.<br \/>\nSe a sua fam\u00edlia tiver um risco maior de Covid-19 e complica\u00e7\u00f5es relacionadas, talvez voc\u00ea queira suspender os <strong>planos de acampamento de ver\u00e3o<\/strong> at\u00e9 que a situa\u00e7\u00e3o melhore.  <\/p>\n<p style=\"text-align: left;\"><!-- \/wp:paragraph --><!-- wp:paragraph --><\/p>\n<p style=\"text-align: left;\">Se o seu filho precisar de cuidados m\u00e9dicos especializados, consulte o pediatra antes de envi\u00e1-lo para o acampamento.<br \/>\nSe voc\u00ea optar por <strong>enviar seu filho para um acampamento de ver\u00e3o<\/strong>, certifique-se de que ele entenda o seguinte: <\/p>\n<p style=\"text-align: left;\"><!-- \/wp:paragraph --><!-- wp:list --><\/p>\n<ul style=\"text-align: left;\">\n<li><a href=\"https:\/\/www.who.int\/southeastasia\/news\/detail\/15-10-2020-handwashing-an-effective-tool-to-prevent-covid-19-other-diseases\">Pr\u00e1ticas<\/a> completas <a href=\"https:\/\/www.who.int\/southeastasia\/news\/detail\/15-10-2020-handwashing-an-effective-tool-to-prevent-covid-19-other-diseases\">de lavagem das m\u00e3os<\/a>. Treine as crian\u00e7as e fa\u00e7a com que elas pratiquem a lavagem das m\u00e3os com sab\u00e3o e \u00e1gua corrente. &nbsp;<\/li>\n<\/ul>\n<p style=\"text-align: left;\"><!-- \/wp:list --><!-- wp:list --><\/p>\n<ul style=\"text-align: left;\">\n<li>Ensine-os a usar m\u00e1scaras adequadamente e a entender a import\u00e2ncia de us\u00e1-las por per\u00edodos prolongados.&nbsp;<\/li>\n<\/ul>\n<p style=\"text-align: left;\"><!-- \/wp:list --><!-- wp:list --><\/p>\n<ul style=\"text-align: left;\">\n<li>Demonstrar como funciona o distanciamento f\u00edsico.<\/li>\n<\/ul>\n<p style=\"text-align: left;\"><!-- \/wp:list --><!-- wp:list --><\/p>\n<ul style=\"text-align: left;\">\n<li>Lembre-as da import\u00e2ncia da etiqueta respirat\u00f3ria adequada.<br \/>\nAs crian\u00e7as devem espirrar ou tossir em um len\u00e7o de papel, descart\u00e1-lo e lavar as m\u00e3os. &nbsp;<\/li>\n<\/ul>\n<p style=\"text-align: left;\"><!-- \/wp:list --><!-- wp:list --><\/p>\n<ul style=\"text-align: left;\">\n<li>Ensine a eles a import\u00e2ncia de seguir as instru\u00e7\u00f5es estabelecidas pelos supervisores do acampamento.&nbsp;<\/li>\n<\/ul>\n<p style=\"text-align: left;\"><!-- \/wp:list --><!-- wp:heading --><\/p>\n<h2 style=\"text-align: left;\"><span class=\"ez-toc-section\" id=\"Finalmente\"><\/span>Finalmente<span class=\"ez-toc-section-end\"><\/span><\/h2>\n<p style=\"text-align: left;\"><!-- \/wp:heading --><!-- wp:list --><\/p>\n<ul style=\"text-align: left;\">\n<li>Se o seu filho for eleg\u00edvel para a vacina\u00e7\u00e3o contra a Covid-19, deixe-o ser totalmente vacinado antes de embarcar para a <strong>viagem de acampamento de ver\u00e3o<\/strong>.<\/li>\n<\/ul>\n<p style=\"text-align: left;\"><!-- \/wp:list --><!-- wp:list --><\/p>\n<ul style=\"text-align: left;\">\n<li>Certifique-se de que a instala\u00e7\u00e3o de camping tenha adotado protocolos de seguran\u00e7a para reduzir a propaga\u00e7\u00e3o da Covid-19 dentro da instala\u00e7\u00e3o.<\/li>\n<\/ul>\n<p style=\"text-align: left;\"><!-- \/wp:list --><!-- wp:list --><\/p>\n<ul style=\"text-align: left;\">\n<li>Certifique-se de que o acampamento tenha medidas robustas para lidar com qualquer caso de Covid-19 que possa surgir.&nbsp;<\/li>\n<\/ul>\n<p style=\"text-align: left;\"><!-- \/wp:list --><!-- wp:list --><\/p>\n<ul style=\"text-align: left;\">\n<li>Os campistas continuar\u00e3o se divertindo, apesar das normas r\u00edgidas que visam proteg\u00ea-los contra o v\u00edrus.&nbsp;<\/li>\n<\/ul>\n<p style=\"text-align: left;\"><!-- \/wp:list --><!-- wp:paragraph --><\/p>\n<p style=\"text-align: center;\"><strong>VOC\u00ca EST\u00c1 PROCURANDO UM ACAMPAMENTO DE VER\u00c3O PARA SEU FILHO?&nbsp;<\/strong><\/p>\n<p style=\"text-align: left;\"><!-- \/wp:paragraph --><!-- wp:paragraph --><\/p>\n<p><!-- \/wp:paragraph --><\/p>\n<p><a href=\"https:\/\/www.leselfes.com\/pt-br\/?page_id=89241\" role=\"button\"><br \/>\nVISITE NOSSA P\u00c1GINA DE ACAMPAMENTO DE VER\u00c3O<br \/>\n<\/a><br \/>\n<a href=\"https:\/\/www.leselfes.com\/contact-quote-request\/\" role=\"button\"><br \/>\nENTRE EM CONTATO COM NOSSA SEDE<br \/>\n<\/a><\/p>\n","protected":false},"excerpt":{"rendered":"<p>Mandar as crian\u00e7as para um acampamento de ver\u00e3o parecia uma tarefa \u00e1rdua no ano passado, no in\u00edcio da pandemia. Hoje, as crian\u00e7as t\u00eam esperan\u00e7a de participar de um acampamento, especialmente&#8230;<\/p>\n","protected":false},"author":1,"featured_media":77145,"comment_status":"closed","ping_status":"open","sticky":false,"template":"","format":"standard","meta":{"_acf_changed":false,"inline_featured_image":false,"footnotes":""},"categories":[1369,1351],"tags":[],"class_list":{"0":"post-92258","1":"post","2":"type-post","3":"status-publish","4":"format-standard","5":"has-post-thumbnail","7":"category-acampamento-de-verao-pt-br","8":"category-artigos-pt-br"},"acf":[],"yoast_head":"<!-- This site is optimized with the Yoast SEO Premium plugin v24.2 (Yoast SEO v24.7) - https:\/\/yoast.com\/wordpress\/plugins\/seo\/ -->\n<title>A col\u00f4nia de f\u00e9rias durante a pandemia \u00e9 segura para as crian\u00e7as? - Les Elfes International Camps Switzerland<\/title>\n<meta name=\"robots\" content=\"index, follow, max-snippet:-1, max-image-preview:large, max-video-preview:-1\" \/>\n<link rel=\"canonical\" href=\"https:\/\/www.leselfes.com\/pt-br\/a-colonia-de-ferias-durante-a-pandemia-e-segura-para-as-criancas\/\" \/>\n<meta property=\"og:locale\" content=\"pt_BR\" \/>\n<meta property=\"og:type\" content=\"article\" \/>\n<meta property=\"og:title\" content=\"A col\u00f4nia de f\u00e9rias durante a pandemia \u00e9 segura para as crian\u00e7as?\" \/>\n<meta property=\"og:description\" content=\"Mandar as crian\u00e7as para um acampamento de ver\u00e3o parecia uma tarefa \u00e1rdua no ano passado, no in\u00edcio da pandemia. Hoje, as crian\u00e7as t\u00eam esperan\u00e7a de participar de um acampamento, especialmente...\" \/>\n<meta property=\"og:url\" content=\"https:\/\/www.leselfes.com\/pt-br\/a-colonia-de-ferias-durante-a-pandemia-e-segura-para-as-criancas\/\" \/>\n<meta property=\"og:site_name\" content=\"Les Elfes International Camps Switzerland\" \/>\n<meta property=\"article:publisher\" content=\"https:\/\/www.facebook.com\/LesElfesVerbier\" \/>\n<meta property=\"article:published_time\" content=\"2021-07-25T13:59:11+00:00\" \/>\n<meta property=\"article:modified_time\" content=\"2024-11-12T11:15:36+00:00\" \/>\n<meta property=\"og:image\" content=\"https:\/\/dev.leselfes.com\/wp-content\/uploads\/2021\/07\/SUMMER-CAMP-DURING-THE-PANDEMIC-e1626365817386.jpg\" \/>\n\t<meta property=\"og:image:width\" content=\"750\" \/>\n\t<meta property=\"og:image:height\" content=\"563\" \/>\n\t<meta property=\"og:image:type\" content=\"image\/jpeg\" \/>\n<meta name=\"author\" content=\"lesadmin\" \/>\n<meta name=\"twitter:card\" content=\"summary_large_image\" \/>\n<meta name=\"twitter:creator\" content=\"@LesElfesCamps\" \/>\n<meta name=\"twitter:site\" content=\"@LesElfesCamps\" \/>\n<meta name=\"twitter:label1\" content=\"Escrito por\" \/>\n\t<meta name=\"twitter:data1\" content=\"lesadmin\" \/>\n\t<meta name=\"twitter:label2\" content=\"Est. tempo de leitura\" \/>\n\t<meta name=\"twitter:data2\" content=\"16 minutos\" \/>\n<script type=\"application\/ld+json\" class=\"yoast-schema-graph\">{\"@context\":\"https:\/\/schema.org\",\"@graph\":[{\"@type\":\"Article\",\"@id\":\"https:\/\/www.leselfes.com\/pt-br\/a-colonia-de-ferias-durante-a-pandemia-e-segura-para-as-criancas\/#article\",\"isPartOf\":{\"@id\":\"https:\/\/www.leselfes.com\/pt-br\/a-colonia-de-ferias-durante-a-pandemia-e-segura-para-as-criancas\/\"},\"author\":{\"name\":\"lesadmin\",\"@id\":\"https:\/\/dev.leselfes.com\/#\/schema\/person\/407a229698868b8c603874b19f37f289\"},\"headline\":\"A col\u00f4nia de f\u00e9rias durante a pandemia \u00e9 segura para as crian\u00e7as?\",\"datePublished\":\"2021-07-25T13:59:11+00:00\",\"dateModified\":\"2024-11-12T11:15:36+00:00\",\"mainEntityOfPage\":{\"@id\":\"https:\/\/www.leselfes.com\/pt-br\/a-colonia-de-ferias-durante-a-pandemia-e-segura-para-as-criancas\/\"},\"wordCount\":3174,\"publisher\":{\"@id\":\"https:\/\/dev.leselfes.com\/#organization\"},\"image\":{\"@id\":\"https:\/\/www.leselfes.com\/pt-br\/a-colonia-de-ferias-durante-a-pandemia-e-segura-para-as-criancas\/#primaryimage\"},\"thumbnailUrl\":\"https:\/\/www.leselfes.com\/wp-content\/uploads\/2021\/07\/SUMMER-CAMP-DURING-THE-PANDEMIC-e1626365817386.jpg\",\"articleSection\":[\"Acampamento de ver\u00e3o\",\"Artigos\"],\"inLanguage\":\"pt-BR\"},{\"@type\":\"WebPage\",\"@id\":\"https:\/\/www.leselfes.com\/pt-br\/a-colonia-de-ferias-durante-a-pandemia-e-segura-para-as-criancas\/\",\"url\":\"https:\/\/www.leselfes.com\/pt-br\/a-colonia-de-ferias-durante-a-pandemia-e-segura-para-as-criancas\/\",\"name\":\"A col\u00f4nia de f\u00e9rias durante a pandemia \u00e9 segura para as crian\u00e7as? - Les Elfes International Camps Switzerland\",\"isPartOf\":{\"@id\":\"https:\/\/dev.leselfes.com\/#website\"},\"primaryImageOfPage\":{\"@id\":\"https:\/\/www.leselfes.com\/pt-br\/a-colonia-de-ferias-durante-a-pandemia-e-segura-para-as-criancas\/#primaryimage\"},\"image\":{\"@id\":\"https:\/\/www.leselfes.com\/pt-br\/a-colonia-de-ferias-durante-a-pandemia-e-segura-para-as-criancas\/#primaryimage\"},\"thumbnailUrl\":\"https:\/\/www.leselfes.com\/wp-content\/uploads\/2021\/07\/SUMMER-CAMP-DURING-THE-PANDEMIC-e1626365817386.jpg\",\"datePublished\":\"2021-07-25T13:59:11+00:00\",\"dateModified\":\"2024-11-12T11:15:36+00:00\",\"breadcrumb\":{\"@id\":\"https:\/\/www.leselfes.com\/pt-br\/a-colonia-de-ferias-durante-a-pandemia-e-segura-para-as-criancas\/#breadcrumb\"},\"inLanguage\":\"pt-BR\",\"potentialAction\":[{\"@type\":\"ReadAction\",\"target\":[\"https:\/\/www.leselfes.com\/pt-br\/a-colonia-de-ferias-durante-a-pandemia-e-segura-para-as-criancas\/\"]}]},{\"@type\":\"ImageObject\",\"inLanguage\":\"pt-BR\",\"@id\":\"https:\/\/www.leselfes.com\/pt-br\/a-colonia-de-ferias-durante-a-pandemia-e-segura-para-as-criancas\/#primaryimage\",\"url\":\"https:\/\/www.leselfes.com\/wp-content\/uploads\/2021\/07\/SUMMER-CAMP-DURING-THE-PANDEMIC-e1626365817386.jpg\",\"contentUrl\":\"https:\/\/www.leselfes.com\/wp-content\/uploads\/2021\/07\/SUMMER-CAMP-DURING-THE-PANDEMIC-e1626365817386.jpg\",\"width\":750,\"height\":563},{\"@type\":\"BreadcrumbList\",\"@id\":\"https:\/\/www.leselfes.com\/pt-br\/a-colonia-de-ferias-durante-a-pandemia-e-segura-para-as-criancas\/#breadcrumb\",\"itemListElement\":[{\"@type\":\"ListItem\",\"position\":1,\"name\":\"Home\",\"item\":\"https:\/\/www.leselfes.com\/pt-br\/\"},{\"@type\":\"ListItem\",\"position\":2,\"name\":\"A col\u00f4nia de f\u00e9rias durante a pandemia \u00e9 segura para as crian\u00e7as?\"}]},{\"@type\":\"WebSite\",\"@id\":\"https:\/\/dev.leselfes.com\/#website\",\"url\":\"https:\/\/dev.leselfes.com\/\",\"name\":\"Les Elfes International\",\"description\":\"Les Elfes International, Verbier Switzerland. Summer Camp, Winter Camp, Spring Camps.\",\"publisher\":{\"@id\":\"https:\/\/dev.leselfes.com\/#organization\"},\"alternateName\":\"Les Elfes International\",\"potentialAction\":[{\"@type\":\"SearchAction\",\"target\":{\"@type\":\"EntryPoint\",\"urlTemplate\":\"https:\/\/dev.leselfes.com\/?s={search_term_string}\"},\"query-input\":{\"@type\":\"PropertyValueSpecification\",\"valueRequired\":true,\"valueName\":\"search_term_string\"}}],\"inLanguage\":\"pt-BR\"},{\"@type\":\"Organization\",\"@id\":\"https:\/\/dev.leselfes.com\/#organization\",\"name\":\"Les Elfes International\",\"alternateName\":\"Les Elfes International\",\"url\":\"https:\/\/dev.leselfes.com\/\",\"logo\":{\"@type\":\"ImageObject\",\"inLanguage\":\"pt-BR\",\"@id\":\"https:\/\/dev.leselfes.com\/#\/schema\/logo\/image\/\",\"url\":\"https:\/\/www.leselfes.com\/wp-content\/uploads\/2022\/03\/leselfes-logo.png\",\"contentUrl\":\"https:\/\/www.leselfes.com\/wp-content\/uploads\/2022\/03\/leselfes-logo.png\",\"width\":233,\"height\":51,\"caption\":\"Les Elfes International\"},\"image\":{\"@id\":\"https:\/\/dev.leselfes.com\/#\/schema\/logo\/image\/\"},\"sameAs\":[\"https:\/\/www.facebook.com\/LesElfesVerbier\",\"https:\/\/x.com\/LesElfesCamps\",\"https:\/\/www.instagram.com\/leselfes\",\"https:\/\/www.linkedin.com\/company\/les-elfes-international\",\"https:\/\/www.youtube.com\/user\/LesElfesVerbier\"]},{\"@type\":\"Person\",\"@id\":\"https:\/\/dev.leselfes.com\/#\/schema\/person\/407a229698868b8c603874b19f37f289\",\"name\":\"lesadmin\",\"image\":{\"@type\":\"ImageObject\",\"inLanguage\":\"pt-BR\",\"@id\":\"https:\/\/dev.leselfes.com\/#\/schema\/person\/image\/\",\"url\":\"https:\/\/secure.gravatar.com\/avatar\/fdb243a028df450397b3632d862f87f6?s=96&d=mm&r=g\",\"contentUrl\":\"https:\/\/secure.gravatar.com\/avatar\/fdb243a028df450397b3632d862f87f6?s=96&d=mm&r=g\",\"caption\":\"lesadmin\"},\"url\":\"https:\/\/www.leselfes.com\/pt-br\/author\/lesadmin\/\"}]}<\/script>\n<!-- \/ Yoast SEO Premium plugin. -->","yoast_head_json":{"title":"A col\u00f4nia de f\u00e9rias durante a pandemia \u00e9 segura para as crian\u00e7as? - Les Elfes International Camps Switzerland","robots":{"index":"index","follow":"follow","max-snippet":"max-snippet:-1","max-image-preview":"max-image-preview:large","max-video-preview":"max-video-preview:-1"},"canonical":"https:\/\/www.leselfes.com\/pt-br\/a-colonia-de-ferias-durante-a-pandemia-e-segura-para-as-criancas\/","og_locale":"pt_BR","og_type":"article","og_title":"A col\u00f4nia de f\u00e9rias durante a pandemia \u00e9 segura para as crian\u00e7as?","og_description":"Mandar as crian\u00e7as para um acampamento de ver\u00e3o parecia uma tarefa \u00e1rdua no ano passado, no in\u00edcio da pandemia. Hoje, as crian\u00e7as t\u00eam esperan\u00e7a de participar de um acampamento, especialmente...","og_url":"https:\/\/www.leselfes.com\/pt-br\/a-colonia-de-ferias-durante-a-pandemia-e-segura-para-as-criancas\/","og_site_name":"Les Elfes International Camps Switzerland","article_publisher":"https:\/\/www.facebook.com\/LesElfesVerbier","article_published_time":"2021-07-25T13:59:11+00:00","article_modified_time":"2024-11-12T11:15:36+00:00","og_image":[{"width":750,"height":563,"url":"https:\/\/dev.leselfes.com\/wp-content\/uploads\/2021\/07\/SUMMER-CAMP-DURING-THE-PANDEMIC-e1626365817386.jpg","type":"image\/jpeg"}],"author":"lesadmin","twitter_card":"summary_large_image","twitter_creator":"@LesElfesCamps","twitter_site":"@LesElfesCamps","twitter_misc":{"Escrito por":"lesadmin","Est. tempo de leitura":"16 minutos"},"schema":{"@context":"https:\/\/schema.org","@graph":[{"@type":"Article","@id":"https:\/\/www.leselfes.com\/pt-br\/a-colonia-de-ferias-durante-a-pandemia-e-segura-para-as-criancas\/#article","isPartOf":{"@id":"https:\/\/www.leselfes.com\/pt-br\/a-colonia-de-ferias-durante-a-pandemia-e-segura-para-as-criancas\/"},"author":{"name":"lesadmin","@id":"https:\/\/dev.leselfes.com\/#\/schema\/person\/407a229698868b8c603874b19f37f289"},"headline":"A col\u00f4nia de f\u00e9rias durante a pandemia \u00e9 segura para as crian\u00e7as?","datePublished":"2021-07-25T13:59:11+00:00","dateModified":"2024-11-12T11:15:36+00:00","mainEntityOfPage":{"@id":"https:\/\/www.leselfes.com\/pt-br\/a-colonia-de-ferias-durante-a-pandemia-e-segura-para-as-criancas\/"},"wordCount":3174,"publisher":{"@id":"https:\/\/dev.leselfes.com\/#organization"},"image":{"@id":"https:\/\/www.leselfes.com\/pt-br\/a-colonia-de-ferias-durante-a-pandemia-e-segura-para-as-criancas\/#primaryimage"},"thumbnailUrl":"https:\/\/www.leselfes.com\/wp-content\/uploads\/2021\/07\/SUMMER-CAMP-DURING-THE-PANDEMIC-e1626365817386.jpg","articleSection":["Acampamento de ver\u00e3o","Artigos"],"inLanguage":"pt-BR"},{"@type":"WebPage","@id":"https:\/\/www.leselfes.com\/pt-br\/a-colonia-de-ferias-durante-a-pandemia-e-segura-para-as-criancas\/","url":"https:\/\/www.leselfes.com\/pt-br\/a-colonia-de-ferias-durante-a-pandemia-e-segura-para-as-criancas\/","name":"A col\u00f4nia de f\u00e9rias durante a pandemia \u00e9 segura para as crian\u00e7as? - Les Elfes International Camps Switzerland","isPartOf":{"@id":"https:\/\/dev.leselfes.com\/#website"},"primaryImageOfPage":{"@id":"https:\/\/www.leselfes.com\/pt-br\/a-colonia-de-ferias-durante-a-pandemia-e-segura-para-as-criancas\/#primaryimage"},"image":{"@id":"https:\/\/www.leselfes.com\/pt-br\/a-colonia-de-ferias-durante-a-pandemia-e-segura-para-as-criancas\/#primaryimage"},"thumbnailUrl":"https:\/\/www.leselfes.com\/wp-content\/uploads\/2021\/07\/SUMMER-CAMP-DURING-THE-PANDEMIC-e1626365817386.jpg","datePublished":"2021-07-25T13:59:11+00:00","dateModified":"2024-11-12T11:15:36+00:00","breadcrumb":{"@id":"https:\/\/www.leselfes.com\/pt-br\/a-colonia-de-ferias-durante-a-pandemia-e-segura-para-as-criancas\/#breadcrumb"},"inLanguage":"pt-BR","potentialAction":[{"@type":"ReadAction","target":["https:\/\/www.leselfes.com\/pt-br\/a-colonia-de-ferias-durante-a-pandemia-e-segura-para-as-criancas\/"]}]},{"@type":"ImageObject","inLanguage":"pt-BR","@id":"https:\/\/www.leselfes.com\/pt-br\/a-colonia-de-ferias-durante-a-pandemia-e-segura-para-as-criancas\/#primaryimage","url":"https:\/\/www.leselfes.com\/wp-content\/uploads\/2021\/07\/SUMMER-CAMP-DURING-THE-PANDEMIC-e1626365817386.jpg","contentUrl":"https:\/\/www.leselfes.com\/wp-content\/uploads\/2021\/07\/SUMMER-CAMP-DURING-THE-PANDEMIC-e1626365817386.jpg","width":750,"height":563},{"@type":"BreadcrumbList","@id":"https:\/\/www.leselfes.com\/pt-br\/a-colonia-de-ferias-durante-a-pandemia-e-segura-para-as-criancas\/#breadcrumb","itemListElement":[{"@type":"ListItem","position":1,"name":"Home","item":"https:\/\/www.leselfes.com\/pt-br\/"},{"@type":"ListItem","position":2,"name":"A col\u00f4nia de f\u00e9rias durante a pandemia \u00e9 segura para as crian\u00e7as?"}]},{"@type":"WebSite","@id":"https:\/\/dev.leselfes.com\/#website","url":"https:\/\/dev.leselfes.com\/","name":"Les Elfes International","description":"Les Elfes International, Verbier Switzerland. Summer Camp, Winter Camp, Spring Camps.","publisher":{"@id":"https:\/\/dev.leselfes.com\/#organization"},"alternateName":"Les Elfes International","potentialAction":[{"@type":"SearchAction","target":{"@type":"EntryPoint","urlTemplate":"https:\/\/dev.leselfes.com\/?s={search_term_string}"},"query-input":{"@type":"PropertyValueSpecification","valueRequired":true,"valueName":"search_term_string"}}],"inLanguage":"pt-BR"},{"@type":"Organization","@id":"https:\/\/dev.leselfes.com\/#organization","name":"Les Elfes International","alternateName":"Les Elfes International","url":"https:\/\/dev.leselfes.com\/","logo":{"@type":"ImageObject","inLanguage":"pt-BR","@id":"https:\/\/dev.leselfes.com\/#\/schema\/logo\/image\/","url":"https:\/\/www.leselfes.com\/wp-content\/uploads\/2022\/03\/leselfes-logo.png","contentUrl":"https:\/\/www.leselfes.com\/wp-content\/uploads\/2022\/03\/leselfes-logo.png","width":233,"height":51,"caption":"Les Elfes International"},"image":{"@id":"https:\/\/dev.leselfes.com\/#\/schema\/logo\/image\/"},"sameAs":["https:\/\/www.facebook.com\/LesElfesVerbier","https:\/\/x.com\/LesElfesCamps","https:\/\/www.instagram.com\/leselfes","https:\/\/www.linkedin.com\/company\/les-elfes-international","https:\/\/www.youtube.com\/user\/LesElfesVerbier"]},{"@type":"Person","@id":"https:\/\/dev.leselfes.com\/#\/schema\/person\/407a229698868b8c603874b19f37f289","name":"lesadmin","image":{"@type":"ImageObject","inLanguage":"pt-BR","@id":"https:\/\/dev.leselfes.com\/#\/schema\/person\/image\/","url":"https:\/\/secure.gravatar.com\/avatar\/fdb243a028df450397b3632d862f87f6?s=96&d=mm&r=g","contentUrl":"https:\/\/secure.gravatar.com\/avatar\/fdb243a028df450397b3632d862f87f6?s=96&d=mm&r=g","caption":"lesadmin"},"url":"https:\/\/www.leselfes.com\/pt-br\/author\/lesadmin\/"}]}},"_links":{"self":[{"href":"https:\/\/www.leselfes.com\/pt-br\/wp-json\/wp\/v2\/posts\/92258"}],"collection":[{"href":"https:\/\/www.leselfes.com\/pt-br\/wp-json\/wp\/v2\/posts"}],"about":[{"href":"https:\/\/www.leselfes.com\/pt-br\/wp-json\/wp\/v2\/types\/post"}],"author":[{"embeddable":true,"href":"https:\/\/www.leselfes.com\/pt-br\/wp-json\/wp\/v2\/users\/1"}],"replies":[{"embeddable":true,"href":"https:\/\/www.leselfes.com\/pt-br\/wp-json\/wp\/v2\/comments?post=92258"}],"version-history":[{"count":0,"href":"https:\/\/www.leselfes.com\/pt-br\/wp-json\/wp\/v2\/posts\/92258\/revisions"}],"wp:featuredmedia":[{"embeddable":true,"href":"https:\/\/www.leselfes.com\/pt-br\/wp-json\/wp\/v2\/media\/77145"}],"wp:attachment":[{"href":"https:\/\/www.leselfes.com\/pt-br\/wp-json\/wp\/v2\/media?parent=92258"}],"wp:term":[{"taxonomy":"category","embeddable":true,"href":"https:\/\/www.leselfes.com\/pt-br\/wp-json\/wp\/v2\/categories?post=92258"},{"taxonomy":"post_tag","embeddable":true,"href":"https:\/\/www.leselfes.com\/pt-br\/wp-json\/wp\/v2\/tags?post=92258"}],"curies":[{"name":"wp","href":"https:\/\/api.w.org\/{rel}","templated":true}]}}