{"id":92290,"date":"2021-05-18T09:11:30","date_gmt":"2021-05-18T07:11:30","guid":{"rendered":"https:\/\/www.leselfes.com\/o-que-nossos-campistas-dizem-sobre-nos\/"},"modified":"2024-11-12T12:16:02","modified_gmt":"2024-11-12T11:16:02","slug":"o-que-nossos-campistas-dizem-sobre-nos","status":"publish","type":"post","link":"https:\/\/www.leselfes.com\/pt-br\/o-que-nossos-campistas-dizem-sobre-nos\/","title":{"rendered":"O que nossos campistas dizem sobre n\u00f3s?"},"content":{"rendered":"<p>Todos n\u00f3s sabemos o quanto as avalia\u00e7\u00f5es s\u00e3o importantes. Descubra aqui abaixo o que nossos campistas t\u00eam a dizer sobre sua experi\u00eancia nos Acampamentos Les Elfes! <\/p>\n<p><!-- \/wp:paragraph --><\/p>\n<p>&#8220;Caro Adam,<br \/>\nMuito obrigado pelo seu feedback gentil (meu filho) se divertiu muito. Foi uma feliz coincid\u00eancia eu ter encontrado o acampamento de voc\u00eas on-line apenas um dia antes do in\u00edcio. (meu filho) sempre quis voltar a fazer snowboard e, como acabamos de nos mudar de Londres para Paris e ele estava t\u00e3o chateado, sentindo falta dos amigos, o acampamento de voc\u00eas surgiu no momento perfeito. Estamos muito orgulhosos dele, pois ele fez tudo sozinho e de forma t\u00e3o espont\u00e2nea. Al\u00e9m disso, pudemos ver o sorriso no rosto dele todas as noites pelo telefone.<br \/>\nMuito obrigado pelo trabalho profissional, fant\u00e1stico e excelente. Com certeza ele voltar\u00e1 e j\u00e1 est\u00e1 ansioso por isso. Acabei de come\u00e7ar a recomendar o acampamento de voc\u00eas para todos os meus amigos :)&#8230;<br \/>\nBest wishes from Paris&#8221; <cite>An\u00f4nimo<\/cite><br \/>\n&#8220;Como uma ag\u00eancia de educa\u00e7\u00e3o, temos o compromisso de orientar as fam\u00edlias do Jap\u00e3o sobre os detalhes do processo de admiss\u00e3o e oferecer apoio cont\u00ednuo aos alunos durante sua estada na Su\u00ed\u00e7a.<br \/>\nEnviamos dois alunos (meninas de 10 e 13 anos) para o acampamento de inverno Les Elfes e recebemos um feedback positivo deles e de suas fam\u00edlias. Aqui est\u00e3o alguns coment\u00e1rios sobre a participante de 10 anos.<br \/>\nEla est\u00e1 estudando em um internato su\u00ed\u00e7o desde janeiro. Devido \u00e0s atuais restri\u00e7\u00f5es de viagem relacionadas \u00e0 Covid-19, ela n\u00e3o p\u00f4de voltar ao Jap\u00e3o durante as f\u00e9rias de primavera e decidiu participar do acampamento em Les Elfes. No in\u00edcio, ela estava se sentindo um pouco ansiosa para aprender novas rotinas e fazer novos amigos. Mas n\u00e3o demorou muito para que ela se sentisse bem-vinda e confort\u00e1vel gra\u00e7as \u00e0 simp\u00e1tica equipe da Les Elfes. (Obrigada, Adam!) Al\u00e9m disso, as instala\u00e7\u00f5es da escola e os membros da equipe contribuem para a seguran\u00e7a, o apoio e o bem-estar durante toda a sua estada. Ela gostou de esquiar, \u00e9 claro, e de uma grande variedade de atividades divertidas, esportes, excurs\u00f5es e programas noturnos, al\u00e9m de aulas de idiomas. Ela fez grandes amigos e j\u00e1 est\u00e1 ansiosa para voltar no ver\u00e3o.<br \/>\nContinuaremos a enviar nossos alunos para o acampamento de voc\u00eas. Obrigado pela parceria cont\u00ednua de voc\u00eas!&#8221;      <\/p>\n<p><cite>Chika<\/cite><br \/>\n&#8220;Prezada equipe,<br \/>\nEspero que este e-mail encontre todos voc\u00eas bem. Gostaria de agradecer muito a voc\u00eas por todo o apoio, colabora\u00e7\u00e3o e acompanhamento desde o in\u00edcio do primeiro contato at\u00e9 o final da estadia dos meus tr\u00eas alunos. Eu diria que estou escrevendo para voc\u00ea como agente de tr\u00eas alunos, cujas m\u00e3es voltaram para o agente para expressar sua satisfa\u00e7\u00e3o com o programa (aulas, atividades, excurs\u00f5es) e, principalmente, com a excelente equipe que ajudou a tornar a experi\u00eancia das crian\u00e7as realmente incr\u00edvel. Muito obrigado por me receberem com tanta gentileza no acampamento, \u00e0 Carlotta por me convidar para jantar, ao Adam pelo \u00f3timo passeio na linda regi\u00e3o! \u00e0 Rasa por me levar \u00e0 esta\u00e7\u00e3o, \u00e0 Consuelo por estar sempre dispon\u00edvel para responder aos meus e-mails o mais r\u00e1pido poss\u00edvel, \u00e0 Iggy por cuidar dos meus filhos, ao Sam por fazer com que a (minha aluna) tivesse o ver\u00e3o mais emocionante da vida dela, \u00e0 Alicia por acompanhar o tratamento da (minha aluna) e cuidar dela dia ap\u00f3s dia, ao Fernando por suas incr\u00edveis atividades esportivas, ao Fred por suas refei\u00e7\u00f5es di\u00e1rias&#8230;. Al\u00e9m disso, desta vez como m\u00e3e e n\u00e3o como agente, posso garantir que voc\u00ea tamb\u00e9m fez um \u00f3timo trabalho! Com os meus melhores votos&#8221; <cite>An\u00f4nimo<\/cite><br \/>\n&#8220;Boa tarde,<br \/>\nantes de mais nada, gostaria de agradecer a todos voc\u00eas pela experi\u00eancia fant\u00e1stica que proporcionaram ao (meu filho).<br \/>\nEle voltou para casa entusiasmado e est\u00e1 ansioso para voltar no ano que vem, esse ser\u00e1 um bom motivo para lembr\u00e1-lo de estudar desde o in\u00edcio do ano letivo!&#8221; <cite>An\u00f4nimo<\/cite><br \/>\n&#8220;Caro Adam,<br \/>\n\u00c9 um grande prazer ouvir de voc\u00ea, temos \u00f3timas lembran\u00e7as dos invernos e ver\u00f5es que (nosso filho) passou com Les elfes.<\/p>\n<p> Ele era muito jovem e isso foi muito bom para ele.<br \/>\nQuero que voc\u00ea saiba que agora ele tem mais de 16 anos, este m\u00eas est\u00e1 na China estudando e j\u00e1 fala alem\u00e3o e franc\u00eas muito bem.<br \/>\nNo pr\u00f3ximo ano, ele ir\u00e1 para a escola de ensino m\u00e9dio ***, com uma bolsa de estudos integral.<br \/>\nEnt\u00e3o, como voc\u00ea pode ver, os anos na Les Elfes o tornaram autoconfiante e cheio de energia.<br \/>\nTentaremos mand\u00e1-lo para l\u00e1, mesmo que seja por 15 dias.<br \/>\nAtenciosamente,&#8221; <cite>An\u00f4nimo<\/cite><br \/>\nAnterior<br \/>\nPr\u00f3ximo \u00c9 hora de reservar a melhor col\u00f4nia de f\u00e9rias para seus filhos! Sauda\u00e7\u00f5es de todos n\u00f3s da Les Elfes<\/p>\n<p><!-- \/wp:paragraph --><\/p>\n<p><a role=\"button\" href=\"https:\/\/www.leselfes.com\/pt-br\/acampamento-de-verao\/inscreva-se-no-acampamento-de-verao\/\" target=\"_blank\" rel=\"noopener noreferrer\"><br \/>\nRESERVE AGORA<br \/>\n<\/a><\/p>\n<p><a href=\"https:\/\/www.leselfes.com\/wp-content\/uploads\/photo-gallery\/imported_from_media_libray\/Les-Elfes-Partners-resized.jpg?bwg=1621332374\" data-image-id=\"200\"><img decoding=\"async\" src=\"https:\/\/www.leselfes.com\/wp-content\/uploads\/photo-gallery\/imported_from_media_libray\/thumb\/Les-Elfes-Partners-resized.jpg?bwg=1621332374\" alt=\"Les-Elfes-Partners redimensionado\" data-id=\"200\" data-width=\"500\" data-height=\"283\" data-original=\"https:\/\/www.leselfes.com\/wp-content\/uploads\/photo-gallery\/imported_from_media_libray\/thumb\/Les-Elfes-Partners-resized.jpg?bwg=1621332374\">  Les-Elfes-Partners redimensionado  <\/a> <a href=\"https:\/\/www.leselfes.com\/wp-content\/uploads\/photo-gallery\/imported_from_media_libray\/Group-of-kids-e1600161865737.jpg?bwg=1621332374\" data-image-id=\"199\"> <img decoding=\"async\" src=\"https:\/\/www.leselfes.com\/wp-content\/uploads\/photo-gallery\/imported_from_media_libray\/thumb\/Group-of-kids-e1600161865737.jpg?bwg=1621332374\" alt=\"Grupos Les Elfes\" data-id=\"199\" data-width=\"500\" data-height=\"247\" data-original=\"https:\/\/www.leselfes.com\/wp-content\/uploads\/photo-gallery\/imported_from_media_libray\/thumb\/Group-of-kids-e1600161865737.jpg?bwg=1621332374\">  Grupos Les Elfes  <\/a> <a href=\"https:\/\/www.leselfes.com\/wp-content\/uploads\/photo-gallery\/imported_from_media_libray\/Adventure-park-e1600161221577.jpg?bwg=1621332374\" data-image-id=\"198\"> <img decoding=\"async\" src=\"https:\/\/www.leselfes.com\/wp-content\/uploads\/photo-gallery\/imported_from_media_libray\/thumb\/Adventure-park-e1600161221577.jpg?bwg=1621332374\" alt=\"Parque de aventuras\" data-id=\"198\" data-width=\"500\" data-height=\"264\" data-original=\"https:\/\/www.leselfes.com\/wp-content\/uploads\/photo-gallery\/imported_from_media_libray\/thumb\/Adventure-park-e1600161221577.jpg?bwg=1621332374\">  Parque de aventuras  <\/a> <a href=\"https:\/\/www.leselfes.com\/wp-content\/uploads\/photo-gallery\/imported_from_media_libray\/Holi-colour-day-e1600163141124.jpg?bwg=1621332374\" data-image-id=\"197\"> <img decoding=\"async\" src=\"https:\/\/www.leselfes.com\/wp-content\/uploads\/photo-gallery\/imported_from_media_libray\/thumb\/Holi-colour-day-e1600163141124.jpg?bwg=1621332374\" alt=\"Dia de cores Holi\" data-id=\"197\" data-width=\"500\" data-height=\"249\" data-original=\"https:\/\/www.leselfes.com\/wp-content\/uploads\/photo-gallery\/imported_from_media_libray\/thumb\/Holi-colour-day-e1600163141124.jpg?bwg=1621332374\">  Dia de cores Holi  <\/a> <a href=\"https:\/\/www.leselfes.com\/wp-content\/uploads\/photo-gallery\/imported_from_media_libray\/rsz_hollyfest_2.jpg?bwg=1621332374\" data-image-id=\"196\"> <img decoding=\"async\" src=\"https:\/\/www.leselfes.com\/wp-content\/uploads\/photo-gallery\/imported_from_media_libray\/thumb\/rsz_hollyfest_2.jpg?bwg=1621332374\" alt=\"rsz_hollyfest_2\" data-id=\"196\" data-width=\"500\" data-height=\"357\" data-original=\"https:\/\/www.leselfes.com\/wp-content\/uploads\/photo-gallery\/imported_from_media_libray\/thumb\/rsz_hollyfest_2.jpg?bwg=1621332374\">  rsz_hollyfest_2  <\/a> <a href=\"https:\/\/www.leselfes.com\/wp-content\/uploads\/photo-gallery\/imported_from_media_libray\/group-jump.jpg?bwg=1621332374\" data-image-id=\"195\"> <img decoding=\"async\" src=\"https:\/\/www.leselfes.com\/wp-content\/uploads\/photo-gallery\/imported_from_media_libray\/thumb\/group-jump.jpg?bwg=1621332374\" alt=\"salto em grupo Acampamentos de ver\u00e3o Les Elfes\" data-id=\"195\" data-width=\"500\" data-height=\"375\" data-original=\"https:\/\/www.leselfes.com\/wp-content\/uploads\/photo-gallery\/imported_from_media_libray\/thumb\/group-jump.jpg?bwg=1621332374\">  salto em grupo Acampamentos de ver\u00e3o Les Elfes  <\/a> <a href=\"https:\/\/www.leselfes.com\/wp-content\/uploads\/photo-gallery\/imported_from_media_libray\/Les-Elfes-Summer-camp-Green-square.jpg?bwg=1621332374\" data-image-id=\"194\"> <img decoding=\"async\" src=\"https:\/\/www.leselfes.com\/wp-content\/uploads\/photo-gallery\/imported_from_media_libray\/thumb\/Les-Elfes-Summer-camp-Green-square.jpg?bwg=1621332374\" alt=\"Acampamento de ver\u00e3o Les Elfes Pra\u00e7a verde\" data-id=\"194\" data-width=\"500\" data-height=\"500\" data-original=\"https:\/\/www.leselfes.com\/wp-content\/uploads\/photo-gallery\/imported_from_media_libray\/thumb\/Les-Elfes-Summer-camp-Green-square.jpg?bwg=1621332374\">  Acampamento de ver\u00e3o Les Elfes Pra\u00e7a verde  <\/a> <a href=\"https:\/\/www.leselfes.com\/wp-content\/uploads\/photo-gallery\/imported_from_media_libray\/Lake.jpg?bwg=1621332374\" data-image-id=\"193\"> <img decoding=\"async\" src=\"https:\/\/www.leselfes.com\/wp-content\/uploads\/photo-gallery\/imported_from_media_libray\/thumb\/Lake.jpg?bwg=1621332374\" alt=\"Lago\" data-id=\"193\" data-width=\"475\" data-height=\"500\" data-original=\"https:\/\/www.leselfes.com\/wp-content\/uploads\/photo-gallery\/imported_from_media_libray\/thumb\/Lake.jpg?bwg=1621332374\">  Lago  <\/a> <a href=\"https:\/\/www.leselfes.com\/wp-content\/uploads\/photo-gallery\/imported_from_media_libray\/Les-Elfes-International-summer-camp-banan-boat-light-1.jpg?bwg=1621332374\" data-image-id=\"192\"> <img decoding=\"async\" src=\"https:\/\/www.leselfes.com\/wp-content\/uploads\/photo-gallery\/imported_from_media_libray\/thumb\/Les-Elfes-International-summer-camp-banan-boat-light-1.jpg?bwg=1621332374\" alt=\"Acampamento de ver\u00e3o internacional Les Elfes - luz de barco banan\" data-id=\"192\" data-width=\"500\" data-height=\"477\" data-original=\"https:\/\/www.leselfes.com\/wp-content\/uploads\/photo-gallery\/imported_from_media_libray\/thumb\/Les-Elfes-International-summer-camp-banan-boat-light-1.jpg?bwg=1621332374\">  Acampamento de ver\u00e3o internacional Les Elfes &#8211; luz de barco banan  <\/a> <a href=\"https:\/\/www.leselfes.com\/wp-content\/uploads\/photo-gallery\/imported_from_media_libray\/Les-Elfes-International-summer-camp-mountain-bike-2-light-6.jpg?bwg=1621332374\" data-image-id=\"191\"> <img decoding=\"async\" src=\"https:\/\/www.leselfes.com\/wp-content\/uploads\/photo-gallery\/imported_from_media_libray\/thumb\/Les-Elfes-International-summer-camp-mountain-bike-2-light-6.jpg?bwg=1621332374\" alt=\"Acampamento de ver\u00e3o internacional Les Elfes - mountain bike 2 light\" data-id=\"191\" data-width=\"500\" data-height=\"499\" data-original=\"https:\/\/www.leselfes.com\/wp-content\/uploads\/photo-gallery\/imported_from_media_libray\/thumb\/Les-Elfes-International-summer-camp-mountain-bike-2-light-6.jpg?bwg=1621332374\">  Acampamento de ver\u00e3o internacional Les Elfes &#8211; mountain bike 2 light  <\/a> <a href=\"https:\/\/www.leselfes.com\/wp-content\/uploads\/photo-gallery\/imported_from_media_libray\/img1.jpg?bwg=1574450857\" data-image-id=\"52\"> <img decoding=\"async\" src=\"https:\/\/www.leselfes.com\/wp-content\/uploads\/photo-gallery\/imported_from_media_libray\/thumb\/img1.jpg?bwg=1574450857\" alt=\"Grupo\" data-id=\"52\" data-width=\"500\" data-height=\"326\" data-original=\"https:\/\/www.leselfes.com\/wp-content\/uploads\/photo-gallery\/imported_from_media_libray\/thumb\/img1.jpg?bwg=1574450857\">  Grupo  <\/a> <a href=\"https:\/\/www.leselfes.com\/wp-content\/uploads\/photo-gallery\/imported_from_media_libray\/Image-Summer-camp.jpg?bwg=1574450857\" data-image-id=\"51\"> <img decoding=\"async\" src=\"https:\/\/www.leselfes.com\/wp-content\/uploads\/photo-gallery\/imported_from_media_libray\/thumb\/Image-Summer-camp.jpg?bwg=1574450857\" alt=\"Andar de bicicleta\" data-id=\"51\" data-width=\"500\" data-height=\"357\" data-original=\"https:\/\/www.leselfes.com\/wp-content\/uploads\/photo-gallery\/imported_from_media_libray\/thumb\/Image-Summer-camp.jpg?bwg=1574450857\">  Andar de bicicleta  <\/a> <a href=\"https:\/\/www.leselfes.com\/wp-content\/uploads\/photo-gallery\/imported_from_media_libray\/Group-2.jpg?bwg=1574450857\" data-image-id=\"50\"> <img decoding=\"async\" src=\"https:\/\/www.leselfes.com\/wp-content\/uploads\/photo-gallery\/imported_from_media_libray\/thumb\/Group-2.jpg?bwg=1574450857\" alt=\"Grupo\" data-id=\"50\" data-width=\"500\" data-height=\"375\" data-original=\"https:\/\/www.leselfes.com\/wp-content\/uploads\/photo-gallery\/imported_from_media_libray\/thumb\/Group-2.jpg?bwg=1574450857\">  Grupo  <\/a> <a href=\"https:\/\/www.leselfes.com\/wp-content\/uploads\/photo-gallery\/imported_from_media_libray\/Arts-cooking.jpg?bwg=1574450857\" data-image-id=\"49\"> <img decoding=\"async\" src=\"https:\/\/www.leselfes.com\/wp-content\/uploads\/photo-gallery\/imported_from_media_libray\/thumb\/Arts-cooking.jpg?bwg=1574450857\" alt=\"Artes culin\u00e1rias\" data-id=\"49\" data-width=\"500\" data-height=\"395\" data-original=\"https:\/\/www.leselfes.com\/wp-content\/uploads\/photo-gallery\/imported_from_media_libray\/thumb\/Arts-cooking.jpg?bwg=1574450857\">  Artes culin\u00e1rias  <\/a> <a href=\"https:\/\/www.leselfes.com\/wp-content\/uploads\/photo-gallery\/imported_from_media_libray\/optional-courses.jpg?bwg=1574450857\" data-image-id=\"48\"> <img decoding=\"async\" src=\"https:\/\/www.leselfes.com\/wp-content\/uploads\/photo-gallery\/imported_from_media_libray\/thumb\/optional-courses.jpg?bwg=1574450857\" alt=\"Passeios a cavalo\" data-id=\"48\" data-width=\"500\" data-height=\"357\" data-original=\"https:\/\/www.leselfes.com\/wp-content\/uploads\/photo-gallery\/imported_from_media_libray\/thumb\/optional-courses.jpg?bwg=1574450857\">  Passeios a cavalo  <\/a> <a href=\"https:\/\/www.leselfes.com\/wp-content\/uploads\/photo-gallery\/imported_from_media_libray\/Mountain-fitness.jpg?bwg=1574450857\" data-image-id=\"47\"> <img decoding=\"async\" src=\"https:\/\/www.leselfes.com\/wp-content\/uploads\/photo-gallery\/imported_from_media_libray\/thumb\/Mountain-fitness.jpg?bwg=1574450857\" alt=\"Aptid\u00e3o para a montanha\" data-id=\"47\" data-width=\"500\" data-height=\"395\" data-original=\"https:\/\/www.leselfes.com\/wp-content\/uploads\/photo-gallery\/imported_from_media_libray\/thumb\/Mountain-fitness.jpg?bwg=1574450857\">  Aptid\u00e3o para a montanha  <\/a> <a href=\"https:\/\/www.leselfes.com\/wp-content\/uploads\/photo-gallery\/imported_from_media_libray\/Excursion.jpg?bwg=1574450857\" data-image-id=\"46\"> <img decoding=\"async\" src=\"https:\/\/www.leselfes.com\/wp-content\/uploads\/photo-gallery\/imported_from_media_libray\/thumb\/Excursion.jpg?bwg=1574450857\" alt=\"Excurs\u00e3o\" data-id=\"46\" data-width=\"500\" data-height=\"333\" data-original=\"https:\/\/www.leselfes.com\/wp-content\/uploads\/photo-gallery\/imported_from_media_libray\/thumb\/Excursion.jpg?bwg=1574450857\">  Excurs\u00e3o  <\/a> <a href=\"https:\/\/www.leselfes.com\/wp-content\/uploads\/photo-gallery\/imported_from_media_libray\/Lenguage-lessons.jpg?bwg=1574450857\" data-image-id=\"45\"> <img decoding=\"async\" src=\"https:\/\/www.leselfes.com\/wp-content\/uploads\/photo-gallery\/imported_from_media_libray\/thumb\/Lenguage-lessons.jpg?bwg=1574450857\" alt=\"Aulas de idiomas\" data-id=\"45\" data-width=\"500\" data-height=\"357\" data-original=\"https:\/\/www.leselfes.com\/wp-content\/uploads\/photo-gallery\/imported_from_media_libray\/thumb\/Lenguage-lessons.jpg?bwg=1574450857\">  Aulas de idiomas  <\/a> <a href=\"https:\/\/www.leselfes.com\/wp-content\/uploads\/photo-gallery\/imported_from_media_libray\/international-day.jpg?bwg=1574450857\" data-image-id=\"44\"> <img decoding=\"async\" src=\"https:\/\/www.leselfes.com\/wp-content\/uploads\/photo-gallery\/imported_from_media_libray\/thumb\/international-day.jpg?bwg=1574450857\" alt=\"Dia internacional\" data-id=\"44\" data-width=\"500\" data-height=\"375\" data-original=\"https:\/\/www.leselfes.com\/wp-content\/uploads\/photo-gallery\/imported_from_media_libray\/thumb\/international-day.jpg?bwg=1574450857\">  Dia internacional  <\/a> <a href=\"https:\/\/www.leselfes.com\/wp-content\/uploads\/photo-gallery\/imported_from_media_libray\/Prize-giving_(1).jpg?bwg=1574450857\" data-image-id=\"43\"> <img decoding=\"async\" src=\"https:\/\/www.leselfes.com\/wp-content\/uploads\/photo-gallery\/imported_from_media_libray\/thumb\/Prize-giving_(1).jpg?bwg=1574450857\" alt=\"Grupo Les Elfes\" data-id=\"43\" data-width=\"500\" data-height=\"279\" data-original=\"https:\/\/www.leselfes.com\/wp-content\/uploads\/photo-gallery\/imported_from_media_libray\/thumb\/Prize-giving_(1).jpg?bwg=1574450857\">  Grupo Les Elfes  <\/a> <a href=\"https:\/\/www.leselfes.com\/wp-content\/uploads\/photo-gallery\/imported_from_media_libray\/staff-safety-1.jpg?bwg=1574450857\" data-image-id=\"42\"> <img decoding=\"async\" src=\"https:\/\/www.leselfes.com\/wp-content\/uploads\/photo-gallery\/imported_from_media_libray\/thumb\/staff-safety-1.jpg?bwg=1574450857\" alt=\"Programa de treinamento de lideran\u00e7a\" data-id=\"42\" data-width=\"500\" data-height=\"333\" data-original=\"https:\/\/www.leselfes.com\/wp-content\/uploads\/photo-gallery\/imported_from_media_libray\/thumb\/staff-safety-1.jpg?bwg=1574450857\">  Programa de treinamento de lideran\u00e7a  <\/a> <a href=\"https:\/\/www.leselfes.com\/wp-content\/uploads\/photo-gallery\/imported_from_media_libray\/Banner_(1).jpg?bwg=1574450857\" data-image-id=\"41\"> <img decoding=\"async\" src=\"https:\/\/www.leselfes.com\/wp-content\/uploads\/photo-gallery\/imported_from_media_libray\/thumb\/Banner_(1).jpg?bwg=1574450857\" alt=\"Lago\" data-id=\"41\" data-width=\"500\" data-height=\"375\" data-original=\"https:\/\/www.leselfes.com\/wp-content\/uploads\/photo-gallery\/imported_from_media_libray\/thumb\/Banner_(1).jpg?bwg=1574450857\">  Lago  <\/a> <a href=\"https:\/\/www.leselfes.com\/wp-content\/uploads\/photo-gallery\/imported_from_media_libray\/jobs.jpg?bwg=1574450857\" data-image-id=\"40\"> <img decoding=\"async\" src=\"https:\/\/www.leselfes.com\/wp-content\/uploads\/photo-gallery\/imported_from_media_libray\/thumb\/jobs.jpg?bwg=1574450857\" alt=\"Acampamento\" data-id=\"40\" data-width=\"500\" data-height=\"263\" data-original=\"https:\/\/www.leselfes.com\/wp-content\/uploads\/photo-gallery\/imported_from_media_libray\/thumb\/jobs.jpg?bwg=1574450857\">  Acampamento  <\/a> <a href=\"https:\/\/www.leselfes.com\/wp-content\/uploads\/photo-gallery\/imported_from_media_libray\/evening-activities.jpg?bwg=1574450857\" data-image-id=\"39\"> <img decoding=\"async\" src=\"https:\/\/www.leselfes.com\/wp-content\/uploads\/photo-gallery\/imported_from_media_libray\/thumb\/evening-activities.jpg?bwg=1574450857\" alt=\"Acampamento\" data-id=\"39\" data-width=\"500\" data-height=\"375\" data-original=\"https:\/\/www.leselfes.com\/wp-content\/uploads\/photo-gallery\/imported_from_media_libray\/thumb\/evening-activities.jpg?bwg=1574450857\">  Acampamento  <\/a> <a href=\"https:\/\/www.leselfes.com\/wp-content\/uploads\/photo-gallery\/imported_from_media_libray\/Prize-giving.jpg?bwg=1574450857\" data-image-id=\"37\"> <img decoding=\"async\" src=\"https:\/\/www.leselfes.com\/wp-content\/uploads\/photo-gallery\/imported_from_media_libray\/thumb\/Prize-giving.jpg?bwg=1574450857\" alt=\"Grupo Les Elfes\" data-id=\"37\" data-width=\"500\" data-height=\"279\" data-original=\"https:\/\/www.leselfes.com\/wp-content\/uploads\/photo-gallery\/imported_from_media_libray\/thumb\/Prize-giving.jpg?bwg=1574450857\">  Grupo Les Elfes  <\/a> <a href=\"https:\/\/www.leselfes.com\/wp-content\/uploads\/photo-gallery\/imported_from_media_libray\/gems-official-provider-1.jpg?bwg=1574450857\" data-image-id=\"36\"> <img decoding=\"async\" src=\"https:\/\/www.leselfes.com\/wp-content\/uploads\/photo-gallery\/imported_from_media_libray\/thumb\/gems-official-provider-1.jpg?bwg=1574450857\" alt=\"Caminhadas\" data-id=\"36\" data-width=\"500\" data-height=\"375\" data-original=\"https:\/\/www.leselfes.com\/wp-content\/uploads\/photo-gallery\/imported_from_media_libray\/thumb\/gems-official-provider-1.jpg?bwg=1574450857\">  Caminhadas  <\/a> <a href=\"https:\/\/www.leselfes.com\/wp-content\/uploads\/photo-gallery\/imported_from_media_libray\/les-elfes-greens.jpg?bwg=1574450857\" data-image-id=\"35\"> <img decoding=\"async\" src=\"https:\/\/www.leselfes.com\/wp-content\/uploads\/photo-gallery\/imported_from_media_libray\/thumb\/les-elfes-greens.jpg?bwg=1574450857\" alt=\"Cabana na montanha\" data-id=\"35\" data-width=\"500\" data-height=\"375\" data-original=\"https:\/\/www.leselfes.com\/wp-content\/uploads\/photo-gallery\/imported_from_media_libray\/thumb\/les-elfes-greens.jpg?bwg=1574450857\">  Cabana na montanha  <\/a> <a href=\"https:\/\/www.leselfes.com\/wp-content\/uploads\/photo-gallery\/imported_from_media_libray\/educational-component-2.jpg?bwg=1574450857\" data-image-id=\"34\"> <img decoding=\"async\" src=\"https:\/\/www.leselfes.com\/wp-content\/uploads\/photo-gallery\/imported_from_media_libray\/thumb\/educational-component-2.jpg?bwg=1574450857\" alt=\"Escalada\" data-id=\"34\" data-width=\"500\" data-height=\"375\" data-original=\"https:\/\/www.leselfes.com\/wp-content\/uploads\/photo-gallery\/imported_from_media_libray\/thumb\/educational-component-2.jpg?bwg=1574450857\">  Escalada  <\/a> <a href=\"https:\/\/www.leselfes.com\/wp-content\/uploads\/photo-gallery\/imported_from_media_libray\/Why-choose-les-elfes.jpg?bwg=1574450857\" data-image-id=\"33\"> <img decoding=\"async\" src=\"https:\/\/www.leselfes.com\/wp-content\/uploads\/photo-gallery\/imported_from_media_libray\/thumb\/Why-choose-les-elfes.jpg?bwg=1574450857\" alt=\"Atividade no lago\" data-id=\"33\" data-width=\"500\" data-height=\"375\" data-original=\"https:\/\/www.leselfes.com\/wp-content\/uploads\/photo-gallery\/imported_from_media_libray\/thumb\/Why-choose-les-elfes.jpg?bwg=1574450857\">  Atividade no lago  <\/a> <a href=\"https:\/\/www.leselfes.com\/wp-content\/uploads\/photo-gallery\/imported_from_media_libray\/Campuses_(1).jpg?bwg=1574450857\" data-image-id=\"32\"> <img decoding=\"async\" src=\"https:\/\/www.leselfes.com\/wp-content\/uploads\/photo-gallery\/imported_from_media_libray\/thumb\/Campuses_(1).jpg?bwg=1574450857\" alt=\"Campus\" data-id=\"32\" data-width=\"500\" data-height=\"282\" data-original=\"https:\/\/www.leselfes.com\/wp-content\/uploads\/photo-gallery\/imported_from_media_libray\/thumb\/Campuses_(1).jpg?bwg=1574450857\">  Campus  <\/a><\/p>\n<p><input id=\"bwg_random_seed_591886494\" type=\"hidden\" value=\"1069368095\"><\/p>\n<h2>voc\u00ea gostou?<br \/>\ncompartilhe com seus amigos <\/h2>\n<p>Compartilhar no facebook<br \/>\nFacebook<br \/>\nCompartilhar no twitter<br \/>\nTwitter<br \/>\nCompartilhar no linkedin<br \/>\nLinkedIn<\/p>\n","protected":false},"excerpt":{"rendered":"<p>Voc\u00ea est\u00e1 procurando um acampamento com v\u00e1rias atividades para seu filho?<br \/>\nSaiba mais sobre os acampamentos Les Elfes em Verbier <\/p>\n","protected":false},"author":1,"featured_media":73997,"comment_status":"closed","ping_status":"open","sticky":false,"template":"","format":"standard","meta":{"_acf_changed":false,"inline_featured_image":false,"footnotes":""},"categories":[1065],"tags":[],"class_list":{"0":"post-92290","1":"post","2":"type-post","3":"status-publish","4":"format-standard","5":"has-post-thumbnail","7":"category-nao-categorizado"},"acf":[],"yoast_head":"<!-- This site is optimized with the Yoast SEO Premium plugin v24.2 (Yoast SEO v24.7) - https:\/\/yoast.com\/wordpress\/plugins\/seo\/ -->\n<title>O que nossos campistas dizem sobre n\u00f3s? - Les Elfes International Camps Switzerland<\/title>\n<meta name=\"robots\" content=\"index, follow, max-snippet:-1, max-image-preview:large, max-video-preview:-1\" \/>\n<link rel=\"canonical\" href=\"https:\/\/www.leselfes.com\/pt-br\/o-que-nossos-campistas-dizem-sobre-nos\/\" \/>\n<meta property=\"og:locale\" content=\"pt_BR\" \/>\n<meta property=\"og:type\" content=\"article\" \/>\n<meta property=\"og:title\" content=\"O que nossos campistas dizem sobre n\u00f3s?\" \/>\n<meta property=\"og:description\" content=\"Voc\u00ea est\u00e1 procurando um acampamento com v\u00e1rias atividades para seu filho? Saiba mais sobre os acampamentos Les Elfes em Verbier\" \/>\n<meta property=\"og:url\" content=\"https:\/\/www.leselfes.com\/pt-br\/o-que-nossos-campistas-dizem-sobre-nos\/\" \/>\n<meta property=\"og:site_name\" content=\"Les Elfes International Camps Switzerland\" \/>\n<meta property=\"article:publisher\" content=\"https:\/\/www.facebook.com\/LesElfesVerbier\" \/>\n<meta property=\"article:published_time\" content=\"2021-05-18T07:11:30+00:00\" \/>\n<meta property=\"article:modified_time\" content=\"2024-11-12T11:16:02+00:00\" \/>\n<meta property=\"og:image\" content=\"https:\/\/dev.leselfes.com\/wp-content\/uploads\/2021\/05\/newsletter-for-ind-20.05.21-Newsletter-website-low.jpg\" \/>\n\t<meta property=\"og:image:width\" content=\"600\" \/>\n\t<meta property=\"og:image:height\" content=\"449\" \/>\n\t<meta property=\"og:image:type\" content=\"image\/jpeg\" \/>\n<meta name=\"author\" content=\"lesadmin\" \/>\n<meta name=\"twitter:card\" content=\"summary_large_image\" \/>\n<meta name=\"twitter:creator\" content=\"@LesElfesCamps\" \/>\n<meta name=\"twitter:site\" content=\"@LesElfesCamps\" \/>\n<meta name=\"twitter:label1\" content=\"Escrito por\" \/>\n\t<meta name=\"twitter:data1\" content=\"lesadmin\" \/>\n\t<meta name=\"twitter:label2\" content=\"Est. tempo de leitura\" \/>\n\t<meta name=\"twitter:data2\" content=\"5 minutos\" \/>\n<script type=\"application\/ld+json\" class=\"yoast-schema-graph\">{\"@context\":\"https:\/\/schema.org\",\"@graph\":[{\"@type\":\"Article\",\"@id\":\"https:\/\/www.leselfes.com\/pt-br\/o-que-nossos-campistas-dizem-sobre-nos\/#article\",\"isPartOf\":{\"@id\":\"https:\/\/www.leselfes.com\/pt-br\/o-que-nossos-campistas-dizem-sobre-nos\/\"},\"author\":{\"name\":\"lesadmin\",\"@id\":\"https:\/\/dev.leselfes.com\/#\/schema\/person\/407a229698868b8c603874b19f37f289\"},\"headline\":\"O que nossos campistas dizem sobre n\u00f3s?\",\"datePublished\":\"2021-05-18T07:11:30+00:00\",\"dateModified\":\"2024-11-12T11:16:02+00:00\",\"mainEntityOfPage\":{\"@id\":\"https:\/\/www.leselfes.com\/pt-br\/o-que-nossos-campistas-dizem-sobre-nos\/\"},\"wordCount\":971,\"publisher\":{\"@id\":\"https:\/\/dev.leselfes.com\/#organization\"},\"image\":{\"@id\":\"https:\/\/www.leselfes.com\/pt-br\/o-que-nossos-campistas-dizem-sobre-nos\/#primaryimage\"},\"thumbnailUrl\":\"https:\/\/www.leselfes.com\/wp-content\/uploads\/2021\/05\/newsletter-for-ind-20.05.21-Newsletter-website-low.jpg\",\"articleSection\":[\"N\u00e3o categorizado\"],\"inLanguage\":\"pt-BR\"},{\"@type\":\"WebPage\",\"@id\":\"https:\/\/www.leselfes.com\/pt-br\/o-que-nossos-campistas-dizem-sobre-nos\/\",\"url\":\"https:\/\/www.leselfes.com\/pt-br\/o-que-nossos-campistas-dizem-sobre-nos\/\",\"name\":\"O que nossos campistas dizem sobre n\u00f3s? - Les Elfes International Camps Switzerland\",\"isPartOf\":{\"@id\":\"https:\/\/dev.leselfes.com\/#website\"},\"primaryImageOfPage\":{\"@id\":\"https:\/\/www.leselfes.com\/pt-br\/o-que-nossos-campistas-dizem-sobre-nos\/#primaryimage\"},\"image\":{\"@id\":\"https:\/\/www.leselfes.com\/pt-br\/o-que-nossos-campistas-dizem-sobre-nos\/#primaryimage\"},\"thumbnailUrl\":\"https:\/\/www.leselfes.com\/wp-content\/uploads\/2021\/05\/newsletter-for-ind-20.05.21-Newsletter-website-low.jpg\",\"datePublished\":\"2021-05-18T07:11:30+00:00\",\"dateModified\":\"2024-11-12T11:16:02+00:00\",\"breadcrumb\":{\"@id\":\"https:\/\/www.leselfes.com\/pt-br\/o-que-nossos-campistas-dizem-sobre-nos\/#breadcrumb\"},\"inLanguage\":\"pt-BR\",\"potentialAction\":[{\"@type\":\"ReadAction\",\"target\":[\"https:\/\/www.leselfes.com\/pt-br\/o-que-nossos-campistas-dizem-sobre-nos\/\"]}]},{\"@type\":\"ImageObject\",\"inLanguage\":\"pt-BR\",\"@id\":\"https:\/\/www.leselfes.com\/pt-br\/o-que-nossos-campistas-dizem-sobre-nos\/#primaryimage\",\"url\":\"https:\/\/www.leselfes.com\/wp-content\/uploads\/2021\/05\/newsletter-for-ind-20.05.21-Newsletter-website-low.jpg\",\"contentUrl\":\"https:\/\/www.leselfes.com\/wp-content\/uploads\/2021\/05\/newsletter-for-ind-20.05.21-Newsletter-website-low.jpg\",\"width\":600,\"height\":449},{\"@type\":\"BreadcrumbList\",\"@id\":\"https:\/\/www.leselfes.com\/pt-br\/o-que-nossos-campistas-dizem-sobre-nos\/#breadcrumb\",\"itemListElement\":[{\"@type\":\"ListItem\",\"position\":1,\"name\":\"Home\",\"item\":\"https:\/\/www.leselfes.com\/pt-br\/\"},{\"@type\":\"ListItem\",\"position\":2,\"name\":\"O que nossos campistas dizem sobre n\u00f3s?\"}]},{\"@type\":\"WebSite\",\"@id\":\"https:\/\/dev.leselfes.com\/#website\",\"url\":\"https:\/\/dev.leselfes.com\/\",\"name\":\"Les Elfes International\",\"description\":\"Les Elfes International, Verbier Switzerland. Summer Camp, Winter Camp, Spring Camps.\",\"publisher\":{\"@id\":\"https:\/\/dev.leselfes.com\/#organization\"},\"alternateName\":\"Les Elfes International\",\"potentialAction\":[{\"@type\":\"SearchAction\",\"target\":{\"@type\":\"EntryPoint\",\"urlTemplate\":\"https:\/\/dev.leselfes.com\/?s={search_term_string}\"},\"query-input\":{\"@type\":\"PropertyValueSpecification\",\"valueRequired\":true,\"valueName\":\"search_term_string\"}}],\"inLanguage\":\"pt-BR\"},{\"@type\":\"Organization\",\"@id\":\"https:\/\/dev.leselfes.com\/#organization\",\"name\":\"Les Elfes International\",\"alternateName\":\"Les Elfes International\",\"url\":\"https:\/\/dev.leselfes.com\/\",\"logo\":{\"@type\":\"ImageObject\",\"inLanguage\":\"pt-BR\",\"@id\":\"https:\/\/dev.leselfes.com\/#\/schema\/logo\/image\/\",\"url\":\"https:\/\/www.leselfes.com\/wp-content\/uploads\/2022\/03\/leselfes-logo.png\",\"contentUrl\":\"https:\/\/www.leselfes.com\/wp-content\/uploads\/2022\/03\/leselfes-logo.png\",\"width\":233,\"height\":51,\"caption\":\"Les Elfes International\"},\"image\":{\"@id\":\"https:\/\/dev.leselfes.com\/#\/schema\/logo\/image\/\"},\"sameAs\":[\"https:\/\/www.facebook.com\/LesElfesVerbier\",\"https:\/\/x.com\/LesElfesCamps\",\"https:\/\/www.instagram.com\/leselfes\",\"https:\/\/www.linkedin.com\/company\/les-elfes-international\",\"https:\/\/www.youtube.com\/user\/LesElfesVerbier\"]},{\"@type\":\"Person\",\"@id\":\"https:\/\/dev.leselfes.com\/#\/schema\/person\/407a229698868b8c603874b19f37f289\",\"name\":\"lesadmin\",\"image\":{\"@type\":\"ImageObject\",\"inLanguage\":\"pt-BR\",\"@id\":\"https:\/\/dev.leselfes.com\/#\/schema\/person\/image\/\",\"url\":\"https:\/\/secure.gravatar.com\/avatar\/fdb243a028df450397b3632d862f87f6?s=96&d=mm&r=g\",\"contentUrl\":\"https:\/\/secure.gravatar.com\/avatar\/fdb243a028df450397b3632d862f87f6?s=96&d=mm&r=g\",\"caption\":\"lesadmin\"},\"url\":\"https:\/\/www.leselfes.com\/pt-br\/author\/lesadmin\/\"}]}<\/script>\n<!-- \/ Yoast SEO Premium plugin. -->","yoast_head_json":{"title":"O que nossos campistas dizem sobre n\u00f3s? - Les Elfes International Camps Switzerland","robots":{"index":"index","follow":"follow","max-snippet":"max-snippet:-1","max-image-preview":"max-image-preview:large","max-video-preview":"max-video-preview:-1"},"canonical":"https:\/\/www.leselfes.com\/pt-br\/o-que-nossos-campistas-dizem-sobre-nos\/","og_locale":"pt_BR","og_type":"article","og_title":"O que nossos campistas dizem sobre n\u00f3s?","og_description":"Voc\u00ea est\u00e1 procurando um acampamento com v\u00e1rias atividades para seu filho? Saiba mais sobre os acampamentos Les Elfes em Verbier","og_url":"https:\/\/www.leselfes.com\/pt-br\/o-que-nossos-campistas-dizem-sobre-nos\/","og_site_name":"Les Elfes International Camps Switzerland","article_publisher":"https:\/\/www.facebook.com\/LesElfesVerbier","article_published_time":"2021-05-18T07:11:30+00:00","article_modified_time":"2024-11-12T11:16:02+00:00","og_image":[{"width":600,"height":449,"url":"https:\/\/dev.leselfes.com\/wp-content\/uploads\/2021\/05\/newsletter-for-ind-20.05.21-Newsletter-website-low.jpg","type":"image\/jpeg"}],"author":"lesadmin","twitter_card":"summary_large_image","twitter_creator":"@LesElfesCamps","twitter_site":"@LesElfesCamps","twitter_misc":{"Escrito por":"lesadmin","Est. tempo de leitura":"5 minutos"},"schema":{"@context":"https:\/\/schema.org","@graph":[{"@type":"Article","@id":"https:\/\/www.leselfes.com\/pt-br\/o-que-nossos-campistas-dizem-sobre-nos\/#article","isPartOf":{"@id":"https:\/\/www.leselfes.com\/pt-br\/o-que-nossos-campistas-dizem-sobre-nos\/"},"author":{"name":"lesadmin","@id":"https:\/\/dev.leselfes.com\/#\/schema\/person\/407a229698868b8c603874b19f37f289"},"headline":"O que nossos campistas dizem sobre n\u00f3s?","datePublished":"2021-05-18T07:11:30+00:00","dateModified":"2024-11-12T11:16:02+00:00","mainEntityOfPage":{"@id":"https:\/\/www.leselfes.com\/pt-br\/o-que-nossos-campistas-dizem-sobre-nos\/"},"wordCount":971,"publisher":{"@id":"https:\/\/dev.leselfes.com\/#organization"},"image":{"@id":"https:\/\/www.leselfes.com\/pt-br\/o-que-nossos-campistas-dizem-sobre-nos\/#primaryimage"},"thumbnailUrl":"https:\/\/www.leselfes.com\/wp-content\/uploads\/2021\/05\/newsletter-for-ind-20.05.21-Newsletter-website-low.jpg","articleSection":["N\u00e3o categorizado"],"inLanguage":"pt-BR"},{"@type":"WebPage","@id":"https:\/\/www.leselfes.com\/pt-br\/o-que-nossos-campistas-dizem-sobre-nos\/","url":"https:\/\/www.leselfes.com\/pt-br\/o-que-nossos-campistas-dizem-sobre-nos\/","name":"O que nossos campistas dizem sobre n\u00f3s? - Les Elfes International Camps Switzerland","isPartOf":{"@id":"https:\/\/dev.leselfes.com\/#website"},"primaryImageOfPage":{"@id":"https:\/\/www.leselfes.com\/pt-br\/o-que-nossos-campistas-dizem-sobre-nos\/#primaryimage"},"image":{"@id":"https:\/\/www.leselfes.com\/pt-br\/o-que-nossos-campistas-dizem-sobre-nos\/#primaryimage"},"thumbnailUrl":"https:\/\/www.leselfes.com\/wp-content\/uploads\/2021\/05\/newsletter-for-ind-20.05.21-Newsletter-website-low.jpg","datePublished":"2021-05-18T07:11:30+00:00","dateModified":"2024-11-12T11:16:02+00:00","breadcrumb":{"@id":"https:\/\/www.leselfes.com\/pt-br\/o-que-nossos-campistas-dizem-sobre-nos\/#breadcrumb"},"inLanguage":"pt-BR","potentialAction":[{"@type":"ReadAction","target":["https:\/\/www.leselfes.com\/pt-br\/o-que-nossos-campistas-dizem-sobre-nos\/"]}]},{"@type":"ImageObject","inLanguage":"pt-BR","@id":"https:\/\/www.leselfes.com\/pt-br\/o-que-nossos-campistas-dizem-sobre-nos\/#primaryimage","url":"https:\/\/www.leselfes.com\/wp-content\/uploads\/2021\/05\/newsletter-for-ind-20.05.21-Newsletter-website-low.jpg","contentUrl":"https:\/\/www.leselfes.com\/wp-content\/uploads\/2021\/05\/newsletter-for-ind-20.05.21-Newsletter-website-low.jpg","width":600,"height":449},{"@type":"BreadcrumbList","@id":"https:\/\/www.leselfes.com\/pt-br\/o-que-nossos-campistas-dizem-sobre-nos\/#breadcrumb","itemListElement":[{"@type":"ListItem","position":1,"name":"Home","item":"https:\/\/www.leselfes.com\/pt-br\/"},{"@type":"ListItem","position":2,"name":"O que nossos campistas dizem sobre n\u00f3s?"}]},{"@type":"WebSite","@id":"https:\/\/dev.leselfes.com\/#website","url":"https:\/\/dev.leselfes.com\/","name":"Les Elfes International","description":"Les Elfes International, Verbier Switzerland. Summer Camp, Winter Camp, Spring Camps.","publisher":{"@id":"https:\/\/dev.leselfes.com\/#organization"},"alternateName":"Les Elfes International","potentialAction":[{"@type":"SearchAction","target":{"@type":"EntryPoint","urlTemplate":"https:\/\/dev.leselfes.com\/?s={search_term_string}"},"query-input":{"@type":"PropertyValueSpecification","valueRequired":true,"valueName":"search_term_string"}}],"inLanguage":"pt-BR"},{"@type":"Organization","@id":"https:\/\/dev.leselfes.com\/#organization","name":"Les Elfes International","alternateName":"Les Elfes International","url":"https:\/\/dev.leselfes.com\/","logo":{"@type":"ImageObject","inLanguage":"pt-BR","@id":"https:\/\/dev.leselfes.com\/#\/schema\/logo\/image\/","url":"https:\/\/www.leselfes.com\/wp-content\/uploads\/2022\/03\/leselfes-logo.png","contentUrl":"https:\/\/www.leselfes.com\/wp-content\/uploads\/2022\/03\/leselfes-logo.png","width":233,"height":51,"caption":"Les Elfes International"},"image":{"@id":"https:\/\/dev.leselfes.com\/#\/schema\/logo\/image\/"},"sameAs":["https:\/\/www.facebook.com\/LesElfesVerbier","https:\/\/x.com\/LesElfesCamps","https:\/\/www.instagram.com\/leselfes","https:\/\/www.linkedin.com\/company\/les-elfes-international","https:\/\/www.youtube.com\/user\/LesElfesVerbier"]},{"@type":"Person","@id":"https:\/\/dev.leselfes.com\/#\/schema\/person\/407a229698868b8c603874b19f37f289","name":"lesadmin","image":{"@type":"ImageObject","inLanguage":"pt-BR","@id":"https:\/\/dev.leselfes.com\/#\/schema\/person\/image\/","url":"https:\/\/secure.gravatar.com\/avatar\/fdb243a028df450397b3632d862f87f6?s=96&d=mm&r=g","contentUrl":"https:\/\/secure.gravatar.com\/avatar\/fdb243a028df450397b3632d862f87f6?s=96&d=mm&r=g","caption":"lesadmin"},"url":"https:\/\/www.leselfes.com\/pt-br\/author\/lesadmin\/"}]}},"_links":{"self":[{"href":"https:\/\/www.leselfes.com\/pt-br\/wp-json\/wp\/v2\/posts\/92290"}],"collection":[{"href":"https:\/\/www.leselfes.com\/pt-br\/wp-json\/wp\/v2\/posts"}],"about":[{"href":"https:\/\/www.leselfes.com\/pt-br\/wp-json\/wp\/v2\/types\/post"}],"author":[{"embeddable":true,"href":"https:\/\/www.leselfes.com\/pt-br\/wp-json\/wp\/v2\/users\/1"}],"replies":[{"embeddable":true,"href":"https:\/\/www.leselfes.com\/pt-br\/wp-json\/wp\/v2\/comments?post=92290"}],"version-history":[{"count":0,"href":"https:\/\/www.leselfes.com\/pt-br\/wp-json\/wp\/v2\/posts\/92290\/revisions"}],"wp:featuredmedia":[{"embeddable":true,"href":"https:\/\/www.leselfes.com\/pt-br\/wp-json\/wp\/v2\/media\/73997"}],"wp:attachment":[{"href":"https:\/\/www.leselfes.com\/pt-br\/wp-json\/wp\/v2\/media?parent=92290"}],"wp:term":[{"taxonomy":"category","embeddable":true,"href":"https:\/\/www.leselfes.com\/pt-br\/wp-json\/wp\/v2\/categories?post=92290"},{"taxonomy":"post_tag","embeddable":true,"href":"https:\/\/www.leselfes.com\/pt-br\/wp-json\/wp\/v2\/tags?post=92290"}],"curies":[{"name":"wp","href":"https:\/\/api.w.org\/{rel}","templated":true}]}}