{"id":92311,"date":"2021-05-12T09:09:52","date_gmt":"2021-05-12T07:09:52","guid":{"rendered":"https:\/\/www.leselfes.com\/%e2%98%80%ef%b8%8f-o-acampamento-de-verao-les-elfes-comecara-em-breve\/"},"modified":"2024-11-12T12:16:22","modified_gmt":"2024-11-12T11:16:22","slug":"%e2%98%80%ef%b8%8f-o-acampamento-de-verao-les-elfes-comecara-em-breve","status":"publish","type":"post","link":"https:\/\/www.leselfes.com\/pt-br\/%e2%98%80%ef%b8%8f-o-acampamento-de-verao-les-elfes-comecara-em-breve\/","title":{"rendered":"\u2600\ufe0f O acampamento de ver\u00e3o Les Elfes come\u00e7ar\u00e1 em breve!"},"content":{"rendered":"<p><strong>Prezados pais,<\/strong><\/p>\n<p>  O acampamento de inverno est\u00e1 chegando ao fim e gostar\u00edamos de agradecer imensamente a todos os nossos campistas.<br \/>\nFoi uma experi\u00eancia fant\u00e1stica.   <!-- \/wp:paragraph -->Com muitas escolas operando sob restri\u00e7\u00f5es, muitos de nossos campistas n\u00e3o puderam participar de nenhuma atividade esportiva ou em grupo.<br \/>\nNa Les Elfes, os campistas participaram de atividades em grupo e esportes ao ar livre de vital import\u00e2ncia.<br \/>\nO esqui e o snowboard s\u00e3o muito ben\u00e9ficos, e as montanhas nessa temporada n\u00e3o decepcionaram, com condi\u00e7\u00f5es ideais de neve durante toda a temporada.    <\/p>\n<p>Estamos oferecendo cancelamento gratuito com reembolso total a qualquer momento.<\/p>\n<p>Com a flexibiliza\u00e7\u00e3o das restri\u00e7\u00f5es na Su\u00ed\u00e7a para v\u00e1rias outras instala\u00e7\u00f5es, os campistas tamb\u00e9m puderam visitar destinos interessantes, desde uma visita guiada ao Castelo de Chillon at\u00e9 o empolgante Museu da Comunica\u00e7\u00e3o em Berna, a combina\u00e7\u00e3o de cultura, esportes e aprendizado tem sido mais popular do que nunca.<\/p>\n<p>\n<!-- \/wp:paragraph --><br \/>\n\t\t\t\t\t\t\t\t\t\t\t\t<img decoding=\"async\" width=\"534\" height=\"665\" src=\"https:\/\/www.leselfes.com\/wp-content\/uploads\/2021\/03\/Les-Elfes-Winter-Camp-Verbier-Snowboarding-Low-1.jpg\" alt=\"Acampamento de inverno Les Elfes - Kids on Snowboard\" loading=\"lazy\" srcset=\"https:\/\/www.leselfes.com\/wp-content\/uploads\/2021\/03\/Les-Elfes-Winter-Camp-Verbier-Snowboarding-Low-1.jpg 534w, https:\/\/www.leselfes.com\/wp-content\/uploads\/2021\/03\/Les-Elfes-Winter-Camp-Verbier-Snowboarding-Low-1-241x300.jpg 241w\" sizes=\"(max-width: 534px) 100vw, 534px\">\t\t\t\t\t\t\t\t\t\t\t\t\t\t<\/p>\n<p><strong>O que h\u00e1 de novo?<br \/>\nAltera\u00e7\u00f5es na lista vermelha <\/strong><\/p>\n<p>A Covid certamente mudou a forma como operamos e continuar\u00e1 mudando no futuro pr\u00f3ximo.<br \/>\nA \u00f3tima not\u00edcia \u00e9 que, desde a reabertura do Les Elfes em julho do ano passado, permanecemos livres da COVID, com muitos campistas sendo testados, bem como testes regulares para nossa equipe.<br \/>\nVerifica\u00e7\u00f5es regulares de temperatura, distanciamento social, m\u00e1scaras, protocolos de higiene mais elevados, para citar apenas algumas medidas, est\u00e3o claramente funcionando.<br \/>\nIsso nos d\u00e1 confian\u00e7a para o ver\u00e3o, onde esperamos que, com o avan\u00e7o da vacina\u00e7\u00e3o, possamos ver mais campistas autorizados a viajar sem per\u00edodos de quarentena, por exemplo, o Reino Unido e os Emirados \u00c1rabes Unidos, que recentemente sa\u00edram da &#8220;lista vermelha&#8221; de quarentena da Su\u00ed\u00e7a.     <\/p>\n<p><!-- \/wp:paragraph --><\/p>\n<p>\t\t\t<a href=\"https:\/\/www.leselfes.com\/contact-quote-request\/\" target=\"_blank\" role=\"button\" rel=\"noopener\">  ENTRE EM CONTATO CONOSCO  <\/a><br \/>\n\t\t<strong>E quanto aos acampamentos de ver\u00e3o?<br \/>\nAbriremos no dia 13 de junho! <\/strong><\/p>\n<p>  O acampamento de ver\u00e3o n\u00e3o seria empolgante sem novas atividades e, neste ano, temos muitas novidades para oferecer a voc\u00ea.  <!-- \/wp:paragraph --><br \/>\n\t\t\t\t\t\t\t\t\t\t\t\t<img decoding=\"async\" width=\"600\" height=\"430\" src=\"https:\/\/www.leselfes.com\/wp-content\/uploads\/2021\/05\/Alaia-Bay-newsletter-low.jpg\" alt=\"Acampamento de ver\u00e3o Les Elfes - Surfe na Ba\u00eda de Alaia em Sion\" loading=\"lazy\" srcset=\"https:\/\/www.leselfes.com\/wp-content\/uploads\/2021\/05\/Alaia-Bay-newsletter-low.jpg 600w, https:\/\/www.leselfes.com\/wp-content\/uploads\/2021\/05\/Alaia-Bay-newsletter-low-300x215.jpg 300w\" sizes=\"(max-width: 600px) 100vw, 600px\">\t\t\t\t\t\t\t\t\t\t\t\t\t\t<\/p>\n<p>Surfar na Ba\u00eda de Alais, em Sion, gerou um verdadeiro entusiasmo. Poder aprender a surfar na Su\u00ed\u00e7a n\u00e3o \u00e9 algo que jamais pensamos ser poss\u00edvel, pelo contr\u00e1rio!<\/p>\n<\/p>\n<p>Voc\u00ea gosta de construir foguetes, rob\u00f4s e drones?<br \/>\nA Tech Labs \u00e9 especialista nisso e, neste ver\u00e3o, levar\u00e1 sua equipe para um dia de constru\u00e7\u00e3o e programa\u00e7\u00e3o de rob\u00f4s.   <\/p>\n<p>\t\t\t\t\t\t\t\t\t\t\t\t<img decoding=\"async\" width=\"528\" height=\"432\" src=\"https:\/\/www.leselfes.com\/wp-content\/uploads\/2021\/05\/images-newsletter-tech.png\" alt=\"tecnologia de boletins informativos\" loading=\"lazy\" srcset=\"https:\/\/www.leselfes.com\/wp-content\/uploads\/2021\/05\/images-newsletter-tech.png 528w, https:\/\/www.leselfes.com\/wp-content\/uploads\/2021\/05\/images-newsletter-tech-300x245.png 300w\" sizes=\"(max-width: 528px) 100vw, 528px\"><br \/>\n\t\t\t\t\t\t\t\t\t\t\t\t<img decoding=\"async\" width=\"601\" height=\"563\" src=\"https:\/\/www.leselfes.com\/wp-content\/uploads\/2021\/05\/Champex-lac-Newsletter.jpg\" alt=\"Acampamento de ver\u00e3o Les Elfes - Champex lac\" loading=\"lazy\" srcset=\"https:\/\/www.leselfes.com\/wp-content\/uploads\/2021\/05\/Champex-lac-Newsletter.jpg 601w, https:\/\/www.leselfes.com\/wp-content\/uploads\/2021\/05\/Champex-lac-Newsletter-300x281.jpg 300w\" sizes=\"(max-width: 601px) 100vw, 601px\">\t\t\t\t\t\t\t\t\t\t\t\t\t\t<\/p>\n<p>Novos destinos de Cabane em Champex Lac, que oferecem paisagens deslumbrantes e aventuras na floresta nas montanhas a uma curta dist\u00e2ncia de Verbier, tamb\u00e9m estar\u00e3o dispon\u00edveis.<\/p>\n<\/p>\n<p>Os campistas deste ano poder\u00e3o fazer uma tirolesa da montanha Mt Fort, 3330 m acima do n\u00edvel do mar.<br \/>\nDo topo, voc\u00ea ter\u00e1 uma vista deslumbrante do Matterhorn, em Zermatt, e do Mont Blanc, em Chamonix. <\/p>\n<p>\t\t\t\t\t\t\t\t\t\t\t\t<img decoding=\"async\" width=\"573\" height=\"414\" src=\"https:\/\/www.leselfes.com\/wp-content\/uploads\/2021\/05\/Mt-Fort-Zipline-Newsletter-1.jpg\" alt=\"Acampamento de ver\u00e3o Les Elfes - Fipline Mobile\" loading=\"lazy\" srcset=\"https:\/\/www.leselfes.com\/wp-content\/uploads\/2021\/05\/Mt-Fort-Zipline-Newsletter-1.jpg 573w, https:\/\/www.leselfes.com\/wp-content\/uploads\/2021\/05\/Mt-Fort-Zipline-Newsletter-1-300x217.jpg 300w\" sizes=\"(max-width: 573px) 100vw, 573px\"><br \/>\n\t\t\t<a href=\"https:\/\/www.leselfes.com\/pt-br\/acampamento-de-verao\/#new-activities\" target=\"_blank\" role=\"button\" rel=\"noopener\">  SAIBA MAIS  <\/a><br \/>\n\t\t\t\t\t\t\t\t\t\t\t\t<img decoding=\"async\" width=\"640\" height=\"443\" src=\"https:\/\/www.leselfes.com\/wp-content\/uploads\/2020\/07\/Kid-Covid.jpg\" alt=\"\" loading=\"lazy\" srcset=\"https:\/\/www.leselfes.com\/wp-content\/uploads\/2020\/07\/Kid-Covid.jpg 975w, https:\/\/www.leselfes.com\/wp-content\/uploads\/2020\/07\/Kid-Covid-300x208.jpg 300w, https:\/\/www.leselfes.com\/wp-content\/uploads\/2020\/07\/Kid-Covid-768x532.jpg 768w\" sizes=\"(max-width: 640px) 100vw, 640px\">\t\t\t\t\t\t\t\t\t\t\t\t\t\t<\/p>\n<p><strong>O CANCELAMENTO GRATUITO E AS MEDIDAS RIGOROSAS CONTRA A COVID-19 AINDA EST\u00c3O EM VIGOR<\/strong><\/p>\n<p>Como esperado, <strong>as medidas contra a COVID-19<\/strong> est\u00e3o em vigor, e somos extremamente diligentes e preparados com verifica\u00e7\u00f5es regulares e protocolos eficientes. <\/p>\n<p>Estamos oferecendo <strong>cancelamento gratuito com reembolso total<\/strong> a qualquer momento.<\/p>\n<p><!-- \/wp:paragraph --><\/p>\n<p>\u00c9 hora de reservar a melhor col\u00f4nia de f\u00e9rias para seus filhos!<\/p>\n<p>Sauda\u00e7\u00f5es de todos n\u00f3s da Les Elfes<\/p>\n<p><!-- \/wp:paragraph --><\/p>\n<p>\t\t\t<a href=\"https:\/\/www.leselfes.com\/pt-br\/acampamento-de-verao\/inscreva-se-no-acampamento-de-verao\/\" target=\"_blank\" role=\"button\" rel=\"noopener\">  RESERVE AGORA  <\/a><\/p>\n<h2>voc\u00ea gostou?<br \/>\ncompartilhe com seus amigos <\/h2>\n<p>  Facebook Twitter LinkedIn<\/p>\n","protected":false},"excerpt":{"rendered":"<p>A col\u00f4nia de f\u00e9rias Les Elfes come\u00e7ar\u00e1 no dia 13 de junho.<br \/>\nSaiba mais sobre nossas novas atividades! <\/p>\n","protected":false},"author":1,"featured_media":73963,"comment_status":"open","ping_status":"open","sticky":false,"template":"","format":"standard","meta":{"_acf_changed":false,"inline_featured_image":false,"footnotes":""},"categories":[1065],"tags":[],"class_list":{"0":"post-92311","1":"post","2":"type-post","3":"status-publish","4":"format-standard","5":"has-post-thumbnail","7":"category-nao-categorizado"},"acf":[],"yoast_head":"<!-- This site is optimized with the Yoast SEO Premium plugin v24.2 (Yoast SEO v24.7) - https:\/\/yoast.com\/wordpress\/plugins\/seo\/ -->\n<title>\u2600\ufe0f O acampamento de ver\u00e3o Les Elfes come\u00e7ar\u00e1 em breve! - Les Elfes International Camps Switzerland<\/title>\n<meta name=\"robots\" content=\"index, follow, max-snippet:-1, max-image-preview:large, max-video-preview:-1\" \/>\n<link rel=\"canonical\" href=\"https:\/\/www.leselfes.com\/pt-br\/%e2%98%80%ef%b8%8f-o-acampamento-de-verao-les-elfes-comecara-em-breve\/\" \/>\n<meta property=\"og:locale\" content=\"pt_BR\" \/>\n<meta property=\"og:type\" content=\"article\" \/>\n<meta property=\"og:title\" content=\"\u2600\ufe0f O acampamento de ver\u00e3o Les Elfes come\u00e7ar\u00e1 em breve!\" \/>\n<meta property=\"og:description\" content=\"A col\u00f4nia de f\u00e9rias Les Elfes come\u00e7ar\u00e1 no dia 13 de junho. Saiba mais sobre nossas novas atividades!\" \/>\n<meta property=\"og:url\" content=\"https:\/\/www.leselfes.com\/pt-br\/%e2%98%80%ef%b8%8f-o-acampamento-de-verao-les-elfes-comecara-em-breve\/\" \/>\n<meta property=\"og:site_name\" content=\"Les Elfes International Camps Switzerland\" \/>\n<meta property=\"article:publisher\" content=\"https:\/\/www.facebook.com\/LesElfesVerbier\" \/>\n<meta property=\"article:published_time\" content=\"2021-05-12T07:09:52+00:00\" \/>\n<meta property=\"article:modified_time\" content=\"2024-11-12T11:16:22+00:00\" \/>\n<meta property=\"og:image\" content=\"https:\/\/dev.leselfes.com\/wp-content\/uploads\/2021\/05\/newsletter-for-individuels-15.04.2021.jpg\" \/>\n\t<meta property=\"og:image:width\" content=\"1250\" \/>\n\t<meta property=\"og:image:height\" content=\"947\" \/>\n\t<meta property=\"og:image:type\" content=\"image\/jpeg\" \/>\n<meta name=\"author\" content=\"lesadmin\" \/>\n<meta name=\"twitter:card\" content=\"summary_large_image\" \/>\n<meta name=\"twitter:creator\" content=\"@LesElfesCamps\" \/>\n<meta name=\"twitter:site\" content=\"@LesElfesCamps\" \/>\n<meta name=\"twitter:label1\" content=\"Escrito por\" \/>\n\t<meta name=\"twitter:data1\" content=\"lesadmin\" \/>\n\t<meta name=\"twitter:label2\" content=\"Est. tempo de leitura\" \/>\n\t<meta name=\"twitter:data2\" content=\"3 minutos\" \/>\n<script type=\"application\/ld+json\" class=\"yoast-schema-graph\">{\"@context\":\"https:\/\/schema.org\",\"@graph\":[{\"@type\":\"Article\",\"@id\":\"https:\/\/www.leselfes.com\/pt-br\/%e2%98%80%ef%b8%8f-o-acampamento-de-verao-les-elfes-comecara-em-breve\/#article\",\"isPartOf\":{\"@id\":\"https:\/\/www.leselfes.com\/pt-br\/%e2%98%80%ef%b8%8f-o-acampamento-de-verao-les-elfes-comecara-em-breve\/\"},\"author\":{\"name\":\"lesadmin\",\"@id\":\"https:\/\/dev.leselfes.com\/#\/schema\/person\/407a229698868b8c603874b19f37f289\"},\"headline\":\"\u2600\ufe0f O acampamento de ver\u00e3o Les Elfes come\u00e7ar\u00e1 em breve!\",\"datePublished\":\"2021-05-12T07:09:52+00:00\",\"dateModified\":\"2024-11-12T11:16:22+00:00\",\"mainEntityOfPage\":{\"@id\":\"https:\/\/www.leselfes.com\/pt-br\/%e2%98%80%ef%b8%8f-o-acampamento-de-verao-les-elfes-comecara-em-breve\/\"},\"wordCount\":559,\"commentCount\":0,\"publisher\":{\"@id\":\"https:\/\/dev.leselfes.com\/#organization\"},\"image\":{\"@id\":\"https:\/\/www.leselfes.com\/pt-br\/%e2%98%80%ef%b8%8f-o-acampamento-de-verao-les-elfes-comecara-em-breve\/#primaryimage\"},\"thumbnailUrl\":\"https:\/\/www.leselfes.com\/wp-content\/uploads\/2021\/05\/newsletter-for-individuels-15.04.2021.jpg\",\"articleSection\":[\"N\u00e3o categorizado\"],\"inLanguage\":\"pt-BR\",\"potentialAction\":[{\"@type\":\"CommentAction\",\"name\":\"Comment\",\"target\":[\"https:\/\/www.leselfes.com\/pt-br\/%e2%98%80%ef%b8%8f-o-acampamento-de-verao-les-elfes-comecara-em-breve\/#respond\"]}]},{\"@type\":\"WebPage\",\"@id\":\"https:\/\/www.leselfes.com\/pt-br\/%e2%98%80%ef%b8%8f-o-acampamento-de-verao-les-elfes-comecara-em-breve\/\",\"url\":\"https:\/\/www.leselfes.com\/pt-br\/%e2%98%80%ef%b8%8f-o-acampamento-de-verao-les-elfes-comecara-em-breve\/\",\"name\":\"\u2600\ufe0f O acampamento de ver\u00e3o Les Elfes come\u00e7ar\u00e1 em breve! - Les Elfes International Camps Switzerland\",\"isPartOf\":{\"@id\":\"https:\/\/dev.leselfes.com\/#website\"},\"primaryImageOfPage\":{\"@id\":\"https:\/\/www.leselfes.com\/pt-br\/%e2%98%80%ef%b8%8f-o-acampamento-de-verao-les-elfes-comecara-em-breve\/#primaryimage\"},\"image\":{\"@id\":\"https:\/\/www.leselfes.com\/pt-br\/%e2%98%80%ef%b8%8f-o-acampamento-de-verao-les-elfes-comecara-em-breve\/#primaryimage\"},\"thumbnailUrl\":\"https:\/\/www.leselfes.com\/wp-content\/uploads\/2021\/05\/newsletter-for-individuels-15.04.2021.jpg\",\"datePublished\":\"2021-05-12T07:09:52+00:00\",\"dateModified\":\"2024-11-12T11:16:22+00:00\",\"breadcrumb\":{\"@id\":\"https:\/\/www.leselfes.com\/pt-br\/%e2%98%80%ef%b8%8f-o-acampamento-de-verao-les-elfes-comecara-em-breve\/#breadcrumb\"},\"inLanguage\":\"pt-BR\",\"potentialAction\":[{\"@type\":\"ReadAction\",\"target\":[\"https:\/\/www.leselfes.com\/pt-br\/%e2%98%80%ef%b8%8f-o-acampamento-de-verao-les-elfes-comecara-em-breve\/\"]}]},{\"@type\":\"ImageObject\",\"inLanguage\":\"pt-BR\",\"@id\":\"https:\/\/www.leselfes.com\/pt-br\/%e2%98%80%ef%b8%8f-o-acampamento-de-verao-les-elfes-comecara-em-breve\/#primaryimage\",\"url\":\"https:\/\/www.leselfes.com\/wp-content\/uploads\/2021\/05\/newsletter-for-individuels-15.04.2021.jpg\",\"contentUrl\":\"https:\/\/www.leselfes.com\/wp-content\/uploads\/2021\/05\/newsletter-for-individuels-15.04.2021.jpg\",\"width\":1250,\"height\":947},{\"@type\":\"BreadcrumbList\",\"@id\":\"https:\/\/www.leselfes.com\/pt-br\/%e2%98%80%ef%b8%8f-o-acampamento-de-verao-les-elfes-comecara-em-breve\/#breadcrumb\",\"itemListElement\":[{\"@type\":\"ListItem\",\"position\":1,\"name\":\"Home\",\"item\":\"https:\/\/www.leselfes.com\/pt-br\/\"},{\"@type\":\"ListItem\",\"position\":2,\"name\":\"\u2600\ufe0f O acampamento de ver\u00e3o Les Elfes come\u00e7ar\u00e1 em breve!\"}]},{\"@type\":\"WebSite\",\"@id\":\"https:\/\/dev.leselfes.com\/#website\",\"url\":\"https:\/\/dev.leselfes.com\/\",\"name\":\"Les Elfes International\",\"description\":\"Les Elfes International, Verbier Switzerland. Summer Camp, Winter Camp, Spring Camps.\",\"publisher\":{\"@id\":\"https:\/\/dev.leselfes.com\/#organization\"},\"alternateName\":\"Les Elfes International\",\"potentialAction\":[{\"@type\":\"SearchAction\",\"target\":{\"@type\":\"EntryPoint\",\"urlTemplate\":\"https:\/\/dev.leselfes.com\/?s={search_term_string}\"},\"query-input\":{\"@type\":\"PropertyValueSpecification\",\"valueRequired\":true,\"valueName\":\"search_term_string\"}}],\"inLanguage\":\"pt-BR\"},{\"@type\":\"Organization\",\"@id\":\"https:\/\/dev.leselfes.com\/#organization\",\"name\":\"Les Elfes International\",\"alternateName\":\"Les Elfes International\",\"url\":\"https:\/\/dev.leselfes.com\/\",\"logo\":{\"@type\":\"ImageObject\",\"inLanguage\":\"pt-BR\",\"@id\":\"https:\/\/dev.leselfes.com\/#\/schema\/logo\/image\/\",\"url\":\"https:\/\/www.leselfes.com\/wp-content\/uploads\/2022\/03\/leselfes-logo.png\",\"contentUrl\":\"https:\/\/www.leselfes.com\/wp-content\/uploads\/2022\/03\/leselfes-logo.png\",\"width\":233,\"height\":51,\"caption\":\"Les Elfes International\"},\"image\":{\"@id\":\"https:\/\/dev.leselfes.com\/#\/schema\/logo\/image\/\"},\"sameAs\":[\"https:\/\/www.facebook.com\/LesElfesVerbier\",\"https:\/\/x.com\/LesElfesCamps\",\"https:\/\/www.instagram.com\/leselfes\",\"https:\/\/www.linkedin.com\/company\/les-elfes-international\",\"https:\/\/www.youtube.com\/user\/LesElfesVerbier\"]},{\"@type\":\"Person\",\"@id\":\"https:\/\/dev.leselfes.com\/#\/schema\/person\/407a229698868b8c603874b19f37f289\",\"name\":\"lesadmin\",\"image\":{\"@type\":\"ImageObject\",\"inLanguage\":\"pt-BR\",\"@id\":\"https:\/\/dev.leselfes.com\/#\/schema\/person\/image\/\",\"url\":\"https:\/\/secure.gravatar.com\/avatar\/fdb243a028df450397b3632d862f87f6?s=96&d=mm&r=g\",\"contentUrl\":\"https:\/\/secure.gravatar.com\/avatar\/fdb243a028df450397b3632d862f87f6?s=96&d=mm&r=g\",\"caption\":\"lesadmin\"},\"url\":\"https:\/\/www.leselfes.com\/pt-br\/author\/lesadmin\/\"}]}<\/script>\n<!-- \/ Yoast SEO Premium plugin. -->","yoast_head_json":{"title":"\u2600\ufe0f O acampamento de ver\u00e3o Les Elfes come\u00e7ar\u00e1 em breve! - Les Elfes International Camps Switzerland","robots":{"index":"index","follow":"follow","max-snippet":"max-snippet:-1","max-image-preview":"max-image-preview:large","max-video-preview":"max-video-preview:-1"},"canonical":"https:\/\/www.leselfes.com\/pt-br\/%e2%98%80%ef%b8%8f-o-acampamento-de-verao-les-elfes-comecara-em-breve\/","og_locale":"pt_BR","og_type":"article","og_title":"\u2600\ufe0f O acampamento de ver\u00e3o Les Elfes come\u00e7ar\u00e1 em breve!","og_description":"A col\u00f4nia de f\u00e9rias Les Elfes come\u00e7ar\u00e1 no dia 13 de junho. Saiba mais sobre nossas novas atividades!","og_url":"https:\/\/www.leselfes.com\/pt-br\/%e2%98%80%ef%b8%8f-o-acampamento-de-verao-les-elfes-comecara-em-breve\/","og_site_name":"Les Elfes International Camps Switzerland","article_publisher":"https:\/\/www.facebook.com\/LesElfesVerbier","article_published_time":"2021-05-12T07:09:52+00:00","article_modified_time":"2024-11-12T11:16:22+00:00","og_image":[{"width":1250,"height":947,"url":"https:\/\/dev.leselfes.com\/wp-content\/uploads\/2021\/05\/newsletter-for-individuels-15.04.2021.jpg","type":"image\/jpeg"}],"author":"lesadmin","twitter_card":"summary_large_image","twitter_creator":"@LesElfesCamps","twitter_site":"@LesElfesCamps","twitter_misc":{"Escrito por":"lesadmin","Est. tempo de leitura":"3 minutos"},"schema":{"@context":"https:\/\/schema.org","@graph":[{"@type":"Article","@id":"https:\/\/www.leselfes.com\/pt-br\/%e2%98%80%ef%b8%8f-o-acampamento-de-verao-les-elfes-comecara-em-breve\/#article","isPartOf":{"@id":"https:\/\/www.leselfes.com\/pt-br\/%e2%98%80%ef%b8%8f-o-acampamento-de-verao-les-elfes-comecara-em-breve\/"},"author":{"name":"lesadmin","@id":"https:\/\/dev.leselfes.com\/#\/schema\/person\/407a229698868b8c603874b19f37f289"},"headline":"\u2600\ufe0f O acampamento de ver\u00e3o Les Elfes come\u00e7ar\u00e1 em breve!","datePublished":"2021-05-12T07:09:52+00:00","dateModified":"2024-11-12T11:16:22+00:00","mainEntityOfPage":{"@id":"https:\/\/www.leselfes.com\/pt-br\/%e2%98%80%ef%b8%8f-o-acampamento-de-verao-les-elfes-comecara-em-breve\/"},"wordCount":559,"commentCount":0,"publisher":{"@id":"https:\/\/dev.leselfes.com\/#organization"},"image":{"@id":"https:\/\/www.leselfes.com\/pt-br\/%e2%98%80%ef%b8%8f-o-acampamento-de-verao-les-elfes-comecara-em-breve\/#primaryimage"},"thumbnailUrl":"https:\/\/www.leselfes.com\/wp-content\/uploads\/2021\/05\/newsletter-for-individuels-15.04.2021.jpg","articleSection":["N\u00e3o categorizado"],"inLanguage":"pt-BR","potentialAction":[{"@type":"CommentAction","name":"Comment","target":["https:\/\/www.leselfes.com\/pt-br\/%e2%98%80%ef%b8%8f-o-acampamento-de-verao-les-elfes-comecara-em-breve\/#respond"]}]},{"@type":"WebPage","@id":"https:\/\/www.leselfes.com\/pt-br\/%e2%98%80%ef%b8%8f-o-acampamento-de-verao-les-elfes-comecara-em-breve\/","url":"https:\/\/www.leselfes.com\/pt-br\/%e2%98%80%ef%b8%8f-o-acampamento-de-verao-les-elfes-comecara-em-breve\/","name":"\u2600\ufe0f O acampamento de ver\u00e3o Les Elfes come\u00e7ar\u00e1 em breve! - Les Elfes International Camps Switzerland","isPartOf":{"@id":"https:\/\/dev.leselfes.com\/#website"},"primaryImageOfPage":{"@id":"https:\/\/www.leselfes.com\/pt-br\/%e2%98%80%ef%b8%8f-o-acampamento-de-verao-les-elfes-comecara-em-breve\/#primaryimage"},"image":{"@id":"https:\/\/www.leselfes.com\/pt-br\/%e2%98%80%ef%b8%8f-o-acampamento-de-verao-les-elfes-comecara-em-breve\/#primaryimage"},"thumbnailUrl":"https:\/\/www.leselfes.com\/wp-content\/uploads\/2021\/05\/newsletter-for-individuels-15.04.2021.jpg","datePublished":"2021-05-12T07:09:52+00:00","dateModified":"2024-11-12T11:16:22+00:00","breadcrumb":{"@id":"https:\/\/www.leselfes.com\/pt-br\/%e2%98%80%ef%b8%8f-o-acampamento-de-verao-les-elfes-comecara-em-breve\/#breadcrumb"},"inLanguage":"pt-BR","potentialAction":[{"@type":"ReadAction","target":["https:\/\/www.leselfes.com\/pt-br\/%e2%98%80%ef%b8%8f-o-acampamento-de-verao-les-elfes-comecara-em-breve\/"]}]},{"@type":"ImageObject","inLanguage":"pt-BR","@id":"https:\/\/www.leselfes.com\/pt-br\/%e2%98%80%ef%b8%8f-o-acampamento-de-verao-les-elfes-comecara-em-breve\/#primaryimage","url":"https:\/\/www.leselfes.com\/wp-content\/uploads\/2021\/05\/newsletter-for-individuels-15.04.2021.jpg","contentUrl":"https:\/\/www.leselfes.com\/wp-content\/uploads\/2021\/05\/newsletter-for-individuels-15.04.2021.jpg","width":1250,"height":947},{"@type":"BreadcrumbList","@id":"https:\/\/www.leselfes.com\/pt-br\/%e2%98%80%ef%b8%8f-o-acampamento-de-verao-les-elfes-comecara-em-breve\/#breadcrumb","itemListElement":[{"@type":"ListItem","position":1,"name":"Home","item":"https:\/\/www.leselfes.com\/pt-br\/"},{"@type":"ListItem","position":2,"name":"\u2600\ufe0f O acampamento de ver\u00e3o Les Elfes come\u00e7ar\u00e1 em breve!"}]},{"@type":"WebSite","@id":"https:\/\/dev.leselfes.com\/#website","url":"https:\/\/dev.leselfes.com\/","name":"Les Elfes International","description":"Les Elfes International, Verbier Switzerland. Summer Camp, Winter Camp, Spring Camps.","publisher":{"@id":"https:\/\/dev.leselfes.com\/#organization"},"alternateName":"Les Elfes International","potentialAction":[{"@type":"SearchAction","target":{"@type":"EntryPoint","urlTemplate":"https:\/\/dev.leselfes.com\/?s={search_term_string}"},"query-input":{"@type":"PropertyValueSpecification","valueRequired":true,"valueName":"search_term_string"}}],"inLanguage":"pt-BR"},{"@type":"Organization","@id":"https:\/\/dev.leselfes.com\/#organization","name":"Les Elfes International","alternateName":"Les Elfes International","url":"https:\/\/dev.leselfes.com\/","logo":{"@type":"ImageObject","inLanguage":"pt-BR","@id":"https:\/\/dev.leselfes.com\/#\/schema\/logo\/image\/","url":"https:\/\/www.leselfes.com\/wp-content\/uploads\/2022\/03\/leselfes-logo.png","contentUrl":"https:\/\/www.leselfes.com\/wp-content\/uploads\/2022\/03\/leselfes-logo.png","width":233,"height":51,"caption":"Les Elfes International"},"image":{"@id":"https:\/\/dev.leselfes.com\/#\/schema\/logo\/image\/"},"sameAs":["https:\/\/www.facebook.com\/LesElfesVerbier","https:\/\/x.com\/LesElfesCamps","https:\/\/www.instagram.com\/leselfes","https:\/\/www.linkedin.com\/company\/les-elfes-international","https:\/\/www.youtube.com\/user\/LesElfesVerbier"]},{"@type":"Person","@id":"https:\/\/dev.leselfes.com\/#\/schema\/person\/407a229698868b8c603874b19f37f289","name":"lesadmin","image":{"@type":"ImageObject","inLanguage":"pt-BR","@id":"https:\/\/dev.leselfes.com\/#\/schema\/person\/image\/","url":"https:\/\/secure.gravatar.com\/avatar\/fdb243a028df450397b3632d862f87f6?s=96&d=mm&r=g","contentUrl":"https:\/\/secure.gravatar.com\/avatar\/fdb243a028df450397b3632d862f87f6?s=96&d=mm&r=g","caption":"lesadmin"},"url":"https:\/\/www.leselfes.com\/pt-br\/author\/lesadmin\/"}]}},"_links":{"self":[{"href":"https:\/\/www.leselfes.com\/pt-br\/wp-json\/wp\/v2\/posts\/92311"}],"collection":[{"href":"https:\/\/www.leselfes.com\/pt-br\/wp-json\/wp\/v2\/posts"}],"about":[{"href":"https:\/\/www.leselfes.com\/pt-br\/wp-json\/wp\/v2\/types\/post"}],"author":[{"embeddable":true,"href":"https:\/\/www.leselfes.com\/pt-br\/wp-json\/wp\/v2\/users\/1"}],"replies":[{"embeddable":true,"href":"https:\/\/www.leselfes.com\/pt-br\/wp-json\/wp\/v2\/comments?post=92311"}],"version-history":[{"count":0,"href":"https:\/\/www.leselfes.com\/pt-br\/wp-json\/wp\/v2\/posts\/92311\/revisions"}],"wp:featuredmedia":[{"embeddable":true,"href":"https:\/\/www.leselfes.com\/pt-br\/wp-json\/wp\/v2\/media\/73963"}],"wp:attachment":[{"href":"https:\/\/www.leselfes.com\/pt-br\/wp-json\/wp\/v2\/media?parent=92311"}],"wp:term":[{"taxonomy":"category","embeddable":true,"href":"https:\/\/www.leselfes.com\/pt-br\/wp-json\/wp\/v2\/categories?post=92311"},{"taxonomy":"post_tag","embeddable":true,"href":"https:\/\/www.leselfes.com\/pt-br\/wp-json\/wp\/v2\/tags?post=92311"}],"curies":[{"name":"wp","href":"https:\/\/api.w.org\/{rel}","templated":true}]}}