{"id":92314,"date":"2021-05-25T06:26:04","date_gmt":"2021-05-25T04:26:04","guid":{"rendered":"https:\/\/www.leselfes.com\/os-irmaos-devem-frequentar-o-acampamento-juntos\/"},"modified":"2024-11-12T12:17:03","modified_gmt":"2024-11-12T11:17:03","slug":"os-irmaos-devem-frequentar-o-acampamento-juntos","status":"publish","type":"post","link":"https:\/\/www.leselfes.com\/pt-br\/os-irmaos-devem-frequentar-o-acampamento-juntos\/","title":{"rendered":"Os irm\u00e3os devem frequentar o acampamento juntos?"},"content":{"rendered":"<\/p>\n\n\n<p>Acampar n\u00e3o \u00e9 apenas divertido e empolgante, mas tamb\u00e9m traz in\u00fameros benef\u00edcios para crian\u00e7as de todas as idades.\nComo pai ou m\u00e3e, pode ser dif\u00edcil determinar se seus filhos devem acampar juntos. <\/p>\n<p>\n<\/p>\n\n<p>O que dizer dos casos de rivalidade entre irm\u00e3os, que s\u00e3o comuns entre muitas irm\u00e3s e irm\u00e3os?\nVoc\u00ea sabia que enviar os irm\u00e3os para um acampamento para dormir permite que eles criem la\u00e7os?\nContinue lendo para entender por que uma experi\u00eancia de acampamento em fam\u00edlia pode transformar a maneira como os irm\u00e3os se relacionam uns com os outros.    <\/p>\n<p>\n<\/p>\n\n<h2 class=\"wp-block-heading\">O que voc\u00ea deve saber antes de permitir que irm\u00e3os participem de um programa de acampamento<\/h2>\n<p>\n<\/p>\n\n<p>Se os seus filhos se d\u00e3o bem ou gostam de atividades de acampamento semelhantes, h\u00e1 v\u00e1rios fatores a serem considerados antes de envi\u00e1-los para um acampamento para dormir ou para um acampamento diurno.\nVoc\u00ea quer que seus filhos tenham uma experi\u00eancia inesquec\u00edvel em um acampamento e ter informa\u00e7\u00f5es factuais sobre cada crian\u00e7a pode ser decisivo para a experi\u00eancia deles.\nAqui est\u00e3o algumas perguntas que voc\u00ea deve responder antes de encontrar um acampamento para seus filhos.    <\/p>\n<p>\n<\/p>\n\n<ul class=\"wp-block-list\">\n<li>Qual \u00e9 a idade de seu filho?\n\u00c9 importante observar que uma crian\u00e7a mais nova pode ter dificuldades para ficar longe dos pais.\nPor outro lado, os campistas mais velhos podem se adaptar facilmente \u00e0 separa\u00e7\u00e3o dos pais por alguns dias.    <\/li>\n<\/ul>\n<p>\n<\/p>\n\n<ul class=\"wp-block-list\">\n<li>Os funcion\u00e1rios da instala\u00e7\u00e3o de camping est\u00e3o capacitados com conhecimentos e pr\u00e1ticas de prote\u00e7\u00e3o infantil?<\/li>\n<\/ul>\n<p>\n<\/p>\n\n<ul class=\"wp-block-list\">\n<li>Seu filho j\u00e1 saiu de casa com sucesso antes?\nEle participa de festas do pijama?\nEle fica ansioso s\u00f3 de pensar em ficar longe dos pais?  <\/li>\n<\/ul>\n<p>\n<\/p>\n\n<ul class=\"wp-block-list\">\n<li>Seu filho tem necessidades especiais?<\/li>\n<\/ul>\n<p>\n<\/p>\n\n<ul class=\"wp-block-list\">\n<li>Qual \u00e9 a faixa et\u00e1ria m\u00e9dia das crian\u00e7as que participam do <a href=\"https:\/\/www.leselfes.com\/pt-br\/?page_id=89241\">acampamento de ver\u00e3o<\/a> na instala\u00e7\u00e3o de sua prefer\u00eancia?<\/li>\n<\/ul>\n<p>\n<\/p>\n\n<ul class=\"wp-block-list\">\n<li>Seu filho tem vontade de participar de um acampamento familiar?<\/li>\n<\/ul>\n<p>\n<\/p>\n\n<ul class=\"wp-block-list\">\n<li>Em quais atividades seu filho tem interesse em participar durante o acampamento?\nO local do acampamento oferece atividades adequadas \u00e0 idade de seu filho?   <\/li>\n<\/ul>\n<p>\n<\/p>\n\n<ul class=\"wp-block-list\">\n<li>O centro de camping adotou medidas eficazes para combater a dissemina\u00e7\u00e3o do coronav\u00edrus?  <\/li>\n<\/ul>\n<p>\n<\/p>\n\n<p>Quando estiver convencido de que todos os seus filhos est\u00e3o equipados e prontos para o acampamento, voc\u00ea deve se perguntar: devo mandar meu filho e minha filha para o mesmo acampamento ou escolher instala\u00e7\u00f5es de acampamento diferentes?\nIndependentemente da escolha que voc\u00ea fizer, haver\u00e1 pr\u00f3s e contras, como visto abaixo.   <\/p>\n<p>\n<\/p>\n\n<h2 class=\"wp-block-heading\">Enviando irm\u00e3os para o mesmo acampamento ou para acampamentos diferentes: Pr\u00f3s e contras de cada escolha<\/h2>\n<p>\n<\/p>\n\n<p>Os irm\u00e3os que t\u00eam quase a mesma idade, se d\u00e3o bem ou compartilham interesses comuns se divertir\u00e3o muito acampando juntos.\nAl\u00e9m de fazer novos amigos, eles t\u00eam a chance de participar de atividades de alta aventura, como cavalgadas, arco e flecha e at\u00e9 mesmo caminhadas. <\/p>\n<p>\n<\/p>\n\n<p>No final da experi\u00eancia de acampamento, eles se divertir\u00e3o relembrando e discutindo seus conhecimentos e habilidades rec\u00e9m-adquiridos.\nNo entanto, o acampamento de ver\u00e3o permite que os campistas desenvolvam habilidades sociais vitais e, ao mesmo tempo, estimula a coragem e <a href=\"https:\/\/www.firstdiscoverers.co.uk\/encouraging-child-independence\/#:~:text=Child%20independence%20means%20they%20no,and%20vulnerable%20to%20external%20hazards.&amp;text=Developing%20autonomy%20also%20gives%20the,motivation%20and%20perseverance%20in%20school.\">a independ\u00eancia<\/a>. <\/p>\n<p>\n<\/p>\n\n<figure><img loading=\"lazy\" decoding=\"async\" src=\"https:\/\/www.leselfes.com\/wp-content\/uploads\/2021\/06\/SENDING-SIBLINGS-TO-THE-SAME-OR-DIFFERENT-CAMPS-PROS-AND-CONS-OF-EITHER-CHOICE.jpg\" alt=\"ENVIAR IRM&#xC3;OS PARA O MESMO ACAMPAMENTO OU PARA ACAMPAMENTOS DIFERENTES: PR&#xD3;S E CONTRAS DE CADA ESCOLHA\" width=\"1024\" height=\"685\"\/><\/figure>\n<p>\n<\/p>\n\n<p>Se as crian\u00e7as permanecerem concentradas umas nas outras, \u00e9 prov\u00e1vel que percam a oportunidade de se destacarem individualmente.\nSe seus filhos n\u00e3o se suportam, o ideal \u00e9 que voc\u00ea escolha acampamentos diferentes.\nVoc\u00ea quer que as crian\u00e7as participem de atividades divertidas sem competir umas com as outras.  <\/p>\n<p>\n<\/p>\n\n<p>\u00c0s vezes, enviar irm\u00e3os para o mesmo local de acampamento ajuda a afastar a solid\u00e3o e a saudade de casa.\nNesse caso, pe\u00e7a aos supervisores do acampamento que os coloquem em grupos de atividades e cabanas diferentes.\nIsso permite que eles descubram e aprimorem suas paix\u00f5es e habilidades individuais, expondo-os a experi\u00eancias \u00fanicas.    <\/p>\n<p>\n<\/p>\n\n<h2 class=\"wp-block-heading\">E se um irm\u00e3o mais novo n\u00e3o estiver pronto para ir para o acampamento?<\/h2>\n<p>\n<\/p>\n\n<p>De acordo com terapeutas, quando uma crian\u00e7a n\u00e3o est\u00e1 interessada em ir acampar, deix\u00e1-la para tr\u00e1s a exp\u00f5e \u00e0 ansiedade da separa\u00e7\u00e3o.\nAqui est\u00e3o algumas dicas para ajudar os pais a aliviar a solid\u00e3o? <\/p>\n<p>\n<\/p>\n\n<ul class=\"wp-block-list\">\n<li>Fotografe os irm\u00e3os juntos antes de o mais velho sair para o acampamento.\nO irm\u00e3o mais novo pode guardar as fotos e consult\u00e1-las enquanto o irm\u00e3o mais velho estiver fora, at\u00e9 o seu retorno.   <\/li>\n<\/ul>\n<p>\n<\/p>\n\n<ul class=\"wp-block-list\">\n<li>Incentive o irm\u00e3o que est\u00e1 indo acampar a escrever uma correspond\u00eancia para o irm\u00e3o mais novo.\nAo receber uma correspond\u00eancia personalizada, voc\u00ea n\u00e3o apenas entusiasmar\u00e1 o irm\u00e3o mais novo, mas tamb\u00e9m aumentar\u00e1 o v\u00ednculo entre eles.   <\/li>\n<\/ul>\n<p>\n<\/p>\n\n<ul class=\"wp-block-list\">\n<li>Deixe que a crian\u00e7a mais nova entenda que ela ainda poder\u00e1 participar do acampamento com os irm\u00e3os quando for mais velha e estiver mais preparada para isso.  <\/li>\n<\/ul>\n<p>\n<\/p>\n\n<ul class=\"wp-block-list\">\n<li>Organize atividades especiais para o irm\u00e3o mais novo que ficou para tr\u00e1s.\nLembre-se de que as crian\u00e7as mais novas t\u00eam mais facilidade para se adaptar \u00e0 programa\u00e7\u00e3o regular do que as mais velhas.   <\/li>\n<\/ul>\n<p>\n<\/p>\n\n<p>Uma das vantagens mais significativas de enviar irm\u00e3os para o mesmo acampamento \u00e9 que voc\u00ea desfrutar\u00e1 de descontos incr\u00edveis.\nSe voc\u00ea enviar irm\u00e3os para o mesmo acampamento ou para acampamentos diferentes, considere os interesses deles para proporcionar-lhes uma experi\u00eancia inesquec\u00edvel.   <\/p>\n<p>\n<\/p>\n\n<h2 class=\"wp-block-heading\">Como a participa\u00e7\u00e3o em um acampamento aumenta os v\u00ednculos familiares?<\/h2>\n<p>\n<\/p>\n\n<p>Acampar ajuda a refor\u00e7ar o v\u00ednculo entre os membros da fam\u00edlia, incluindo pais, filhos e outros membros da fam\u00edlia estendida.\nO sucesso do v\u00ednculo entre os membros da mesma fam\u00edlia depende de onde voc\u00ea passa o tempo.   <\/p>\n<p>\n<\/p>\n\n<p>Encontrar tempo para interagir e participar de atividades divertidas com seus entes queridos \u00e9 uma estrat\u00e9gia ideal para concluir as atividades com sucesso.\nAs crian\u00e7as podem at\u00e9 ganhar medalhas de m\u00e9rito pela conclus\u00e3o bem-sucedida das tarefas designadas. <\/p>\n<p>\n<\/p>\n\n<p>Lembre-se de que vivemos em um mundo acelerado e que as pessoas est\u00e3o se distanciando rapidamente umas das outras.\nEncontrar tempo para se reunir novamente pode ajudar voc\u00ea a se reconectar e reviver suas mem\u00f3rias de inf\u00e2ncia.   <\/p>\n<p>\n<\/p>\n\n<h3 class=\"wp-block-heading\">&#8211; As fam\u00edlias dificilmente t\u00eam tempo suficiente para se relacionar<\/h3>\n<p>\n<\/p>\n\n<p>Hoje em dia, as semanas se tornaram mais longas e os pais est\u00e3o trabalhando muitas horas para atender \u00e0s necessidades financeiras de suas fam\u00edlias.\nAlguns pais trabalham em hor\u00e1rios ou turnos diferentes, o que os mant\u00e9m longe das crian\u00e7as por mais tempo. <\/p>\n<p>\n<\/p>\n\n<p>Com a evolu\u00e7\u00e3o da tecnologia, muitos irm\u00e3os dependem de seus aparelhos eletr\u00f4nicos para se divertir, reduzindo os momentos que passam juntos.\nAo contr\u00e1rio do que acontecia no passado, quando as refei\u00e7\u00f5es eram um momento familiar, as pessoas dificilmente t\u00eam tempo para compartilhar uma refei\u00e7\u00e3o e se atualizar sobre a vida umas das outras.\nComo resultado, h\u00e1 uma desconex\u00e3o cada vez maior entre os irm\u00e3os e seus pais.    <\/p>\n<p>\n<\/p>\n\n<h3 class=\"wp-block-heading\">&#8211; Como voc\u00ea pode ajudar a participar do acampamento?<\/h3>\n<p>\n<\/p>\n\n<p>Alguns pais enviam irm\u00e3os para acampamentos de ver\u00e3o h\u00e1 anos.\nHoje, alguns pais est\u00e3o enviando irm\u00e3os para acampamentos de ver\u00e3o pela primeira vez para aumentar o v\u00ednculo entre eles e ajud\u00e1-los a se darem melhor. <\/p>\n<p>\n<\/p>\n\n<figure><img loading=\"lazy\" decoding=\"async\" src=\"https:\/\/www.leselfes.com\/wp-content\/uploads\/2021\/06\/opt-to-bring-your-siblings-for-summer-winter-autumn-camps.jpg\" alt=\"Opte por trazer seus irm&#xE3;os para os acampamentos de ver&#xE3;o-inverno-outono\" width=\"1024\" height=\"685\"\/><\/figure>\n<p>\n<\/p>\n\n<p>Quer voc\u00ea mande irm\u00e3os para um acampamento ou opte por participar com toda a fam\u00edlia, h\u00e1 in\u00fameras oportunidades de cria\u00e7\u00e3o de v\u00ednculos.\nVoc\u00ea pode optar por incluir seus filhos no processo de planejamento para dar a eles um sentimento de inclus\u00e3o e criar um tempo de uni\u00e3o familiar.\n\u00c0 medida que as crian\u00e7as fazem suas contribui\u00e7\u00f5es, voc\u00ea tem a chance de aprender sobre o que elas gostam.    <\/p>\n<p>\n<\/p>\n\n<h3 class=\"wp-block-heading\">&#8211; Os campistas mais velhos criam la\u00e7os facilmente  <\/h3>\n<p>\n<\/p>\n\n<p>Os irm\u00e3os mais velhos tendem a se dar melhor do que as crian\u00e7as de tr\u00eas anos.\nEsse grupo de irm\u00e3os pode come\u00e7ar a se unir fazendo certas atividades juntos, como montar suas barracas.\nSe o local do acampamento permitir que os irm\u00e3os passem tempo juntos, eles poder\u00e3o combinar esfor\u00e7os para acelerar a conclus\u00e3o das tarefas.\nIsso n\u00e3o apenas aprimora as habilidades de trabalho em equipe, mas tamb\u00e9m permite que eles aprendam e tolerem uns aos outros com facilidade.   <\/p>\n<p>\n<\/p>\n\n<p>Voc\u00ea sabia que os escoteiros de 6 anos de idade podem ajudar seus irm\u00e3os mais velhos executando tarefas simples, como passar-lhes o martelo e as estacas da barraca?  <\/p>\n<p>\n<\/p>\n\n<h3 class=\"wp-block-heading\">&#8211; Envolvimento em uma s\u00e9rie de atividades como equipe<\/h3>\n<p>\n<\/p>\n\n<p>Todos os acampamentos de ver\u00e3o oferecem atividades variadas.\nPor exemplo, alguns centros permitem que os campistas participem de competi\u00e7\u00f5es culin\u00e1rias, enquanto em outros, h\u00e1 uma equipe de prontid\u00e3o para preparar a comida para os campistas. <\/p>\n<p>\n<\/p>\n\n<p>As fam\u00edlias podem optar por cozinhar para si mesmas ou pedir que a equipe cozinhe para elas enquanto se sentam ao redor da fogueira e conversam sobre a vida umas das outras.\nA intera\u00e7\u00e3o com os membros da fam\u00edlia \u00e9 uma maneira ideal de aprender coisas novas sobre os outros. <\/p>\n<p>\n<\/p>\n\n<p>Atualmente, muitas crian\u00e7as passam a maior parte do tempo em seus dispositivos e podem acabar vivendo na fantasia.\nTir\u00e1-las de seus dispositivos ajuda-as a voltar \u00e0 realidade.\nVoc\u00ea deve evitar expor seus filhos a situa\u00e7\u00f5es que diminuam a autoestima deles, como o bullying nas m\u00eddias sociais.    <\/p>\n<p>\n<\/p>\n\n<h3 class=\"wp-block-heading\">&#8211; Participar de um acampamento pode ser uma forma de terapia  <\/h3>\n<p>\n<\/p>\n\n<p>Se voc\u00ea tem filhos com necessidades especiais, mand\u00e1-los para um ambiente diferente renova suas for\u00e7as.\nUma crian\u00e7a com necessidades especiais colher\u00e1 excelentes benef\u00edcios ao acampar, como qualquer outra crian\u00e7a.\nEsses benef\u00edcios incluem:    <\/p>\n<p>\n<\/p>\n\n<ul class=\"wp-block-list\">\n<li>Exposi\u00e7\u00e3o a exerc\u00edcios e atividades rejuvenescedoras, como os f\u00f3runs de scouter da Webelo<\/li>\n<li>Uma chance de se tornar independente e aumentar a confian\u00e7a<\/li>\n<li>Uma oportunidade de interagir com seus colegas e formar novos relacionamentos<\/li>\n<li>Alguns acampamentos de ver\u00e3o t\u00eam at\u00e9 mesmo especialistas em oncologia que ajudam as crian\u00e7as sempre que necess\u00e1rio.<\/li>\n<li>Uma oportunidade de conhecer mentores<\/li>\n<\/ul>\n<p>\n<\/p>\n\n<h2 class=\"wp-block-heading\">Como os pais podem ajudar os irm\u00e3os a se relacionarem?  <\/h2>\n<p>\n<\/p>\n\n<p>No livro NutureShock: New Thinking About Children, os autores Po Bronson e Ashley Merryman afirmam:<\/p>\n<p>\n<\/p>\n\n<p><em>&#8220;Em muitos <\/em><a href=\"https:\/\/www.psychologytoday.com\/intl\/basics\/family-dynamics\"><em>relacionamentos entre irm\u00e3os<\/em><\/a><em> em muitos relacionamentos entre irm\u00e3os, a taxa de conflito pode ser alta, mas os momentos de divers\u00e3o no quintal e no por\u00e3o mais do que equilibram isso. Esse saldo positivo \u00e9 o que prev\u00ea um bom relacionamento mais tarde na vida. Em contrapartida, os irm\u00e3os que se ignoravam tinham menos brigas, mas seu relacionamento permanecia frio e distante a longo prazo.&#8221; <\/em> <\/p>\n<p>\n<\/p>\n\n<p>O desejo de todos os pais \u00e9 que seus filhos criem la\u00e7os e se d\u00eaem bem.\nAqui est\u00e3o algumas dicas para ajudar voc\u00ea a desenvolver um relacionamento significativo entre os irm\u00e3os e motiv\u00e1-los a serem amigos.   <\/p>\n<p>\n<\/p>\n\n<h3 class=\"wp-block-heading\">&#8211; Incentive os irm\u00e3os a se envolverem em atividades  <\/h3>\n<p>\n<\/p>\n\n<p>Oriente seus filhos para atividades que aumentem a for\u00e7a deles.\nPor exemplo, se um dos irm\u00e3os tiver dificuldades para ficar parado, fa\u00e7a com que ele participe de uma atividade agrad\u00e1vel ao ar livre.\nAlgumas atividades em que os irm\u00e3os podem trabalhar em equipe incluem fazer um bolo e limpar a cozinha.\nVoc\u00ea pode at\u00e9 mesmo fotograf\u00e1-los enquanto colaboram nas tarefas e emoldur\u00e1-los.     <\/p>\n<p>\n<\/p>\n\n<h3 class=\"wp-block-heading\">&#8211; Separe-os por algum tempo<\/h3>\n<p>\n<\/p>\n\n<p>Muitas vezes, o fato de ficarem juntos por muito tempo estimula brigas.\nConsidere a possibilidade de dar um tempo entre os irm\u00e3os e permitir que eles passem um tempo individualmente.\nVoc\u00ea pode enviar um deles para uma festa do pijama na casa de um parente e deixar o outro em casa.  <\/p>\n<p>\n<\/p>\n\n<p>Isso os ajuda a valorizar mais uns aos outros quando se reconectam.\nQuando as crian\u00e7as passam um tempo sozinhas, elas t\u00eam a chance de desenvolver seus pontos fortes sem se comparar aos irm\u00e3os.   <\/p>\n<p>\n<\/p>\n\n<h3 class=\"wp-block-heading\">&#8211; Identifique e estimule atividades que permitam que os irm\u00e3os brinquem juntos<\/h3>\n<p>\n<\/p>\n\n<p>Pesquisas sobre como melhorar o relacionamento entre irm\u00e3os sugerem que as crian\u00e7as se relacionam melhor quando se envolvem em atividades pelas quais s\u00e3o apaixonadas.\nDeterminar essas atividades n\u00e3o \u00e9 f\u00e1cil para crian\u00e7as com uma grande diferen\u00e7a de idade entre elas.\nEntretanto, se voc\u00ea observar seus filhos com aten\u00e7\u00e3o, poder\u00e1 sugerir <a href=\"https:\/\/www.leselfes.com\/pt-br\/?page_id=89241#activities\">atividades divertidas<\/a> para eles.\nPor exemplo, se uma crian\u00e7a estiver interessada em uma atividade diferente, voc\u00ea pode incentiv\u00e1-la a colaborar em uma atividade de cada vez.\nIsso incentiva o trabalho em equipe.      <\/p>\n<p>\n<\/p>\n\n<h3 class=\"wp-block-heading\">&#8211; Incentive os irm\u00e3os a cuidarem uns dos outros<\/h3>\n<p>\n<\/p>\n\n<p>Crie uma pr\u00e1tica familiar em que, quando uma crian\u00e7a se machucar, todos parem o que est\u00e3o fazendo para consolar o irm\u00e3o machucado.\nDependendo da extens\u00e3o da les\u00e3o, voc\u00ea pode pedir que as outras crian\u00e7as ajudem a cuidar do irm\u00e3o ou irm\u00e3.\nSe a les\u00e3o for resultado de uma briga, pe\u00e7a que as v\u00edtimas pe\u00e7am desculpas umas \u00e0s outras.    <\/p>\n<p>\n<\/p>\n\n<h3 class=\"wp-block-heading\">&#8211; Permita que seus filhos compreendam e valorizem o fato de serem diferentes<\/h3>\n<p>\n<\/p>\n\n<p>Todo mundo tem tra\u00e7os de personalidade \u00fanicos.\nUm irm\u00e3o pode ser barulhento e extrovertido, optando por participar de atividades divertidas com os amigos.\nOutra crian\u00e7a pode ser reservada e quieta, optando por sentar-se sozinha em um canto e ler em sil\u00eancio.  <\/p>\n<p>\n<\/p>\n\n<p>Quando os irm\u00e3os t\u00eam temperamentos e interesses diferentes, \u00e9 prov\u00e1vel que ocorram conflitos.\nComo pai ou m\u00e3e, voc\u00ea deve garantir que as crian\u00e7as entendam essas diferen\u00e7as e aprendam a respeitar o espa\u00e7o pessoal de cada um. <\/p>\n<p>\n<\/p>\n\n<p>Certifique-se de que os irm\u00e3os se concentrem em amar uns aos outros, independentemente de suas diferen\u00e7as.\nSe uma crian\u00e7a quiser se envolver em atividades cheias de a\u00e7\u00e3o, enquanto a outra quer fazer o dever de casa da BSA em sil\u00eancio, crie um sistema que permita que elas criem um cronograma juntas. <\/p>\n<p>\n<\/p>\n\n<p>Ajude-os a descobrir e incluir atividades que tenham em comum em seus programas.\nRecomende outras atividades divertidas que aumentar\u00e3o o v\u00ednculo entre os irm\u00e3os.   <\/p>\n<p>\n<\/p>\n\n<h3 class=\"wp-block-heading\">&#8211; Assegurar que as crian\u00e7as entendam por que o respeito \u00e9 fundamental<\/h3>\n<p>\n<\/p>\n\n<p>O respeito \u00e9 um fator essencial para o desenvolvimento de \u00f3timos relacionamentos, e ouvir \u00e9 um excelente m\u00e9todo de respeito m\u00fatuo.\nTreine seus filhos para tratar os outros com preocupa\u00e7\u00e3o, empatia, amor e bondade.\nPara demonstrar respeito, voc\u00ea deve falar com o outro em um tom agrad\u00e1vel em meio a desentendimentos.  <\/p>\n<p>\n<\/p>\n\n<figure><img loading=\"lazy\" decoding=\"async\" src=\"https:\/\/www.leselfes.com\/wp-content\/uploads\/2021\/06\/Teach-Kids-to-Respect-at-Camp.jpg\" alt=\"Ensine as crian&#xE7;as a respeitar no acampamento\" width=\"1024\" height=\"684\"\/><\/figure>\n<p>\n<\/p>\n\n<p>Os irm\u00e3os devem aprender que menosprezar a opini\u00e3o do outro \u00e9 desrespeitoso.\nEles tamb\u00e9m devem dominar a arte de respeitar os pertences e o espa\u00e7o uns dos outros.\nAdote uma pol\u00edtica familiar segundo a qual os irm\u00e3os devem pedir permiss\u00e3o uns aos outros antes de tocar em coisas que n\u00e3o lhes pertencem.    <\/p>\n<p>\n<\/p>\n\n<h3 class=\"wp-block-heading\">&#8211; Deixe que os irm\u00e3os trabalhem juntos para concluir as tarefas<\/h3>\n<p>\n<\/p>\n\n<p>Desenvolva um senso de coopera\u00e7\u00e3o e trabalho em equipe entre os irm\u00e3os, atribuindo a eles atividades e exerc\u00edcios que promovam a colabora\u00e7\u00e3o.\nPor exemplo, voc\u00ea pode fazer com que as crian\u00e7as trabalhem juntas em uma tarefa espec\u00edfica ou incentiv\u00e1-las a ajudar umas \u00e0s outras nas tarefas. <\/p>\n<p>\n<\/p>\n\n<p>Alguns desses projetos incluem limpar o local ou repintar as paredes da garagem.\nCertifique-se de que as tarefas sejam apropriadas para a idade de acordo com as habilidades deles.\nD\u00ea um bom exemplo que os irm\u00e3os possam seguir no futuro como adultos.  <\/p>\n<p>\n<\/p>\n\n<h2 class=\"wp-block-heading\">Leve embora<\/h2>\n<p>\n<\/p>\n\n<ul class=\"wp-block-list\">\n<li>Os irm\u00e3os podem frequentar o mesmo acampamento ou acampamentos diferentes.\nIndependentemente da escolha que voc\u00ea fizer, sempre haver\u00e1 pr\u00f3s e contras.\nEntenda seus filhos e tome a decis\u00e3o certa que atenda \u00e0s necessidades deles.  <\/li>\n<\/ul>\n<p>\n<\/p>\n\n<ul class=\"wp-block-list\">\n<li>Embora a rivalidade entre irm\u00e3os seja uma ocorr\u00eancia normal, os pais t\u00eam um papel a desempenhar na cria\u00e7\u00e3o de la\u00e7os entre irm\u00e3os.<\/li>\n<\/ul>\n<p>\n<\/p>\n\n<p>Visite <a href=\"https:\/\/www.leselfes.com\/pt-br\/\">nosso site<\/a> e obtenha mais dicas de acampamento de ver\u00e3o.<\/p>\n<p>\n<\/p><\/p>\n","protected":false},"excerpt":{"rendered":"<p>Acampar n\u00e3o \u00e9 apenas divertido e empolgante, mas tamb\u00e9m traz in\u00fameros benef\u00edcios para crian\u00e7as de todas as idades. Como pai ou m\u00e3e, pode ser dif\u00edcil determinar se seus filhos devem&#8230;<\/p>\n","protected":false},"author":1,"featured_media":73893,"comment_status":"closed","ping_status":"open","sticky":false,"template":"","format":"standard","meta":{"_acf_changed":false,"inline_featured_image":false,"footnotes":""},"categories":[1351],"tags":[1694],"class_list":{"0":"post-92314","1":"post","2":"type-post","3":"status-publish","4":"format-standard","5":"has-post-thumbnail","7":"category-artigos-pt-br","8":"tag-irmaos-participam-do-acampamento"},"acf":[],"yoast_head":"<!-- This site is optimized with the Yoast SEO Premium plugin v24.2 (Yoast SEO v24.7) - https:\/\/yoast.com\/wordpress\/plugins\/seo\/ -->\n<title>Os irm\u00e3os devem frequentar o acampamento juntos? - Les Elfes International Camps Switzerland<\/title>\n<meta name=\"robots\" content=\"index, follow, max-snippet:-1, max-image-preview:large, max-video-preview:-1\" \/>\n<link rel=\"canonical\" href=\"https:\/\/www.leselfes.com\/pt-br\/os-irmaos-devem-frequentar-o-acampamento-juntos\/\" \/>\n<meta property=\"og:locale\" content=\"pt_BR\" \/>\n<meta property=\"og:type\" content=\"article\" \/>\n<meta property=\"og:title\" content=\"Os irm\u00e3os devem frequentar o acampamento juntos?\" \/>\n<meta property=\"og:description\" content=\"Acampar n\u00e3o \u00e9 apenas divertido e empolgante, mas tamb\u00e9m traz in\u00fameros benef\u00edcios para crian\u00e7as de todas as idades. Como pai ou m\u00e3e, pode ser dif\u00edcil determinar se seus filhos devem...\" \/>\n<meta property=\"og:url\" content=\"https:\/\/www.leselfes.com\/pt-br\/os-irmaos-devem-frequentar-o-acampamento-juntos\/\" \/>\n<meta property=\"og:site_name\" content=\"Les Elfes International Camps Switzerland\" \/>\n<meta property=\"article:publisher\" content=\"https:\/\/www.facebook.com\/LesElfesVerbier\" \/>\n<meta property=\"article:published_time\" content=\"2021-05-25T04:26:04+00:00\" \/>\n<meta property=\"article:modified_time\" content=\"2024-11-12T11:17:03+00:00\" \/>\n<meta property=\"og:image\" content=\"https:\/\/dev.leselfes.com\/wp-content\/uploads\/2021\/05\/Siblings-attend-camp.png\" \/>\n\t<meta property=\"og:image:width\" content=\"1200\" \/>\n\t<meta property=\"og:image:height\" content=\"900\" \/>\n\t<meta property=\"og:image:type\" content=\"image\/png\" \/>\n<meta name=\"author\" content=\"lesadmin\" \/>\n<meta name=\"twitter:card\" content=\"summary_large_image\" \/>\n<meta name=\"twitter:creator\" content=\"@LesElfesCamps\" \/>\n<meta name=\"twitter:site\" content=\"@LesElfesCamps\" \/>\n<meta name=\"twitter:label1\" content=\"Escrito por\" \/>\n\t<meta name=\"twitter:data1\" content=\"lesadmin\" \/>\n\t<meta name=\"twitter:label2\" content=\"Est. tempo de leitura\" \/>\n\t<meta name=\"twitter:data2\" content=\"13 minutos\" \/>\n<script type=\"application\/ld+json\" class=\"yoast-schema-graph\">{\"@context\":\"https:\/\/schema.org\",\"@graph\":[{\"@type\":\"Article\",\"@id\":\"https:\/\/www.leselfes.com\/pt-br\/os-irmaos-devem-frequentar-o-acampamento-juntos\/#article\",\"isPartOf\":{\"@id\":\"https:\/\/www.leselfes.com\/pt-br\/os-irmaos-devem-frequentar-o-acampamento-juntos\/\"},\"author\":{\"name\":\"lesadmin\",\"@id\":\"https:\/\/dev.leselfes.com\/#\/schema\/person\/407a229698868b8c603874b19f37f289\"},\"headline\":\"Os irm\u00e3os devem frequentar o acampamento juntos?\",\"datePublished\":\"2021-05-25T04:26:04+00:00\",\"dateModified\":\"2024-11-12T11:17:03+00:00\",\"mainEntityOfPage\":{\"@id\":\"https:\/\/www.leselfes.com\/pt-br\/os-irmaos-devem-frequentar-o-acampamento-juntos\/\"},\"wordCount\":2672,\"publisher\":{\"@id\":\"https:\/\/dev.leselfes.com\/#organization\"},\"image\":{\"@id\":\"https:\/\/www.leselfes.com\/pt-br\/os-irmaos-devem-frequentar-o-acampamento-juntos\/#primaryimage\"},\"thumbnailUrl\":\"https:\/\/www.leselfes.com\/wp-content\/uploads\/2021\/05\/Siblings-attend-camp.png\",\"keywords\":[\"Irm\u00e3os participam do acampamento\"],\"articleSection\":[\"Artigos\"],\"inLanguage\":\"pt-BR\"},{\"@type\":\"WebPage\",\"@id\":\"https:\/\/www.leselfes.com\/pt-br\/os-irmaos-devem-frequentar-o-acampamento-juntos\/\",\"url\":\"https:\/\/www.leselfes.com\/pt-br\/os-irmaos-devem-frequentar-o-acampamento-juntos\/\",\"name\":\"Os irm\u00e3os devem frequentar o acampamento juntos? - Les Elfes International Camps Switzerland\",\"isPartOf\":{\"@id\":\"https:\/\/dev.leselfes.com\/#website\"},\"primaryImageOfPage\":{\"@id\":\"https:\/\/www.leselfes.com\/pt-br\/os-irmaos-devem-frequentar-o-acampamento-juntos\/#primaryimage\"},\"image\":{\"@id\":\"https:\/\/www.leselfes.com\/pt-br\/os-irmaos-devem-frequentar-o-acampamento-juntos\/#primaryimage\"},\"thumbnailUrl\":\"https:\/\/www.leselfes.com\/wp-content\/uploads\/2021\/05\/Siblings-attend-camp.png\",\"datePublished\":\"2021-05-25T04:26:04+00:00\",\"dateModified\":\"2024-11-12T11:17:03+00:00\",\"breadcrumb\":{\"@id\":\"https:\/\/www.leselfes.com\/pt-br\/os-irmaos-devem-frequentar-o-acampamento-juntos\/#breadcrumb\"},\"inLanguage\":\"pt-BR\",\"potentialAction\":[{\"@type\":\"ReadAction\",\"target\":[\"https:\/\/www.leselfes.com\/pt-br\/os-irmaos-devem-frequentar-o-acampamento-juntos\/\"]}]},{\"@type\":\"ImageObject\",\"inLanguage\":\"pt-BR\",\"@id\":\"https:\/\/www.leselfes.com\/pt-br\/os-irmaos-devem-frequentar-o-acampamento-juntos\/#primaryimage\",\"url\":\"https:\/\/www.leselfes.com\/wp-content\/uploads\/2021\/05\/Siblings-attend-camp.png\",\"contentUrl\":\"https:\/\/www.leselfes.com\/wp-content\/uploads\/2021\/05\/Siblings-attend-camp.png\",\"width\":1200,\"height\":900},{\"@type\":\"BreadcrumbList\",\"@id\":\"https:\/\/www.leselfes.com\/pt-br\/os-irmaos-devem-frequentar-o-acampamento-juntos\/#breadcrumb\",\"itemListElement\":[{\"@type\":\"ListItem\",\"position\":1,\"name\":\"Home\",\"item\":\"https:\/\/www.leselfes.com\/pt-br\/\"},{\"@type\":\"ListItem\",\"position\":2,\"name\":\"Os irm\u00e3os devem frequentar o acampamento juntos?\"}]},{\"@type\":\"WebSite\",\"@id\":\"https:\/\/dev.leselfes.com\/#website\",\"url\":\"https:\/\/dev.leselfes.com\/\",\"name\":\"Les Elfes International\",\"description\":\"Les Elfes International, Verbier Switzerland. Summer Camp, Winter Camp, Spring Camps.\",\"publisher\":{\"@id\":\"https:\/\/dev.leselfes.com\/#organization\"},\"alternateName\":\"Les Elfes International\",\"potentialAction\":[{\"@type\":\"SearchAction\",\"target\":{\"@type\":\"EntryPoint\",\"urlTemplate\":\"https:\/\/dev.leselfes.com\/?s={search_term_string}\"},\"query-input\":{\"@type\":\"PropertyValueSpecification\",\"valueRequired\":true,\"valueName\":\"search_term_string\"}}],\"inLanguage\":\"pt-BR\"},{\"@type\":\"Organization\",\"@id\":\"https:\/\/dev.leselfes.com\/#organization\",\"name\":\"Les Elfes International\",\"alternateName\":\"Les Elfes International\",\"url\":\"https:\/\/dev.leselfes.com\/\",\"logo\":{\"@type\":\"ImageObject\",\"inLanguage\":\"pt-BR\",\"@id\":\"https:\/\/dev.leselfes.com\/#\/schema\/logo\/image\/\",\"url\":\"https:\/\/www.leselfes.com\/wp-content\/uploads\/2022\/03\/leselfes-logo.png\",\"contentUrl\":\"https:\/\/www.leselfes.com\/wp-content\/uploads\/2022\/03\/leselfes-logo.png\",\"width\":233,\"height\":51,\"caption\":\"Les Elfes International\"},\"image\":{\"@id\":\"https:\/\/dev.leselfes.com\/#\/schema\/logo\/image\/\"},\"sameAs\":[\"https:\/\/www.facebook.com\/LesElfesVerbier\",\"https:\/\/x.com\/LesElfesCamps\",\"https:\/\/www.instagram.com\/leselfes\",\"https:\/\/www.linkedin.com\/company\/les-elfes-international\",\"https:\/\/www.youtube.com\/user\/LesElfesVerbier\"]},{\"@type\":\"Person\",\"@id\":\"https:\/\/dev.leselfes.com\/#\/schema\/person\/407a229698868b8c603874b19f37f289\",\"name\":\"lesadmin\",\"image\":{\"@type\":\"ImageObject\",\"inLanguage\":\"pt-BR\",\"@id\":\"https:\/\/dev.leselfes.com\/#\/schema\/person\/image\/\",\"url\":\"https:\/\/secure.gravatar.com\/avatar\/fdb243a028df450397b3632d862f87f6?s=96&d=mm&r=g\",\"contentUrl\":\"https:\/\/secure.gravatar.com\/avatar\/fdb243a028df450397b3632d862f87f6?s=96&d=mm&r=g\",\"caption\":\"lesadmin\"},\"url\":\"https:\/\/www.leselfes.com\/pt-br\/author\/lesadmin\/\"}]}<\/script>\n<!-- \/ Yoast SEO Premium plugin. -->","yoast_head_json":{"title":"Os irm\u00e3os devem frequentar o acampamento juntos? - Les Elfes International Camps Switzerland","robots":{"index":"index","follow":"follow","max-snippet":"max-snippet:-1","max-image-preview":"max-image-preview:large","max-video-preview":"max-video-preview:-1"},"canonical":"https:\/\/www.leselfes.com\/pt-br\/os-irmaos-devem-frequentar-o-acampamento-juntos\/","og_locale":"pt_BR","og_type":"article","og_title":"Os irm\u00e3os devem frequentar o acampamento juntos?","og_description":"Acampar n\u00e3o \u00e9 apenas divertido e empolgante, mas tamb\u00e9m traz in\u00fameros benef\u00edcios para crian\u00e7as de todas as idades. Como pai ou m\u00e3e, pode ser dif\u00edcil determinar se seus filhos devem...","og_url":"https:\/\/www.leselfes.com\/pt-br\/os-irmaos-devem-frequentar-o-acampamento-juntos\/","og_site_name":"Les Elfes International Camps Switzerland","article_publisher":"https:\/\/www.facebook.com\/LesElfesVerbier","article_published_time":"2021-05-25T04:26:04+00:00","article_modified_time":"2024-11-12T11:17:03+00:00","og_image":[{"width":1200,"height":900,"url":"https:\/\/dev.leselfes.com\/wp-content\/uploads\/2021\/05\/Siblings-attend-camp.png","type":"image\/png"}],"author":"lesadmin","twitter_card":"summary_large_image","twitter_creator":"@LesElfesCamps","twitter_site":"@LesElfesCamps","twitter_misc":{"Escrito por":"lesadmin","Est. tempo de leitura":"13 minutos"},"schema":{"@context":"https:\/\/schema.org","@graph":[{"@type":"Article","@id":"https:\/\/www.leselfes.com\/pt-br\/os-irmaos-devem-frequentar-o-acampamento-juntos\/#article","isPartOf":{"@id":"https:\/\/www.leselfes.com\/pt-br\/os-irmaos-devem-frequentar-o-acampamento-juntos\/"},"author":{"name":"lesadmin","@id":"https:\/\/dev.leselfes.com\/#\/schema\/person\/407a229698868b8c603874b19f37f289"},"headline":"Os irm\u00e3os devem frequentar o acampamento juntos?","datePublished":"2021-05-25T04:26:04+00:00","dateModified":"2024-11-12T11:17:03+00:00","mainEntityOfPage":{"@id":"https:\/\/www.leselfes.com\/pt-br\/os-irmaos-devem-frequentar-o-acampamento-juntos\/"},"wordCount":2672,"publisher":{"@id":"https:\/\/dev.leselfes.com\/#organization"},"image":{"@id":"https:\/\/www.leselfes.com\/pt-br\/os-irmaos-devem-frequentar-o-acampamento-juntos\/#primaryimage"},"thumbnailUrl":"https:\/\/www.leselfes.com\/wp-content\/uploads\/2021\/05\/Siblings-attend-camp.png","keywords":["Irm\u00e3os participam do acampamento"],"articleSection":["Artigos"],"inLanguage":"pt-BR"},{"@type":"WebPage","@id":"https:\/\/www.leselfes.com\/pt-br\/os-irmaos-devem-frequentar-o-acampamento-juntos\/","url":"https:\/\/www.leselfes.com\/pt-br\/os-irmaos-devem-frequentar-o-acampamento-juntos\/","name":"Os irm\u00e3os devem frequentar o acampamento juntos? - Les Elfes International Camps Switzerland","isPartOf":{"@id":"https:\/\/dev.leselfes.com\/#website"},"primaryImageOfPage":{"@id":"https:\/\/www.leselfes.com\/pt-br\/os-irmaos-devem-frequentar-o-acampamento-juntos\/#primaryimage"},"image":{"@id":"https:\/\/www.leselfes.com\/pt-br\/os-irmaos-devem-frequentar-o-acampamento-juntos\/#primaryimage"},"thumbnailUrl":"https:\/\/www.leselfes.com\/wp-content\/uploads\/2021\/05\/Siblings-attend-camp.png","datePublished":"2021-05-25T04:26:04+00:00","dateModified":"2024-11-12T11:17:03+00:00","breadcrumb":{"@id":"https:\/\/www.leselfes.com\/pt-br\/os-irmaos-devem-frequentar-o-acampamento-juntos\/#breadcrumb"},"inLanguage":"pt-BR","potentialAction":[{"@type":"ReadAction","target":["https:\/\/www.leselfes.com\/pt-br\/os-irmaos-devem-frequentar-o-acampamento-juntos\/"]}]},{"@type":"ImageObject","inLanguage":"pt-BR","@id":"https:\/\/www.leselfes.com\/pt-br\/os-irmaos-devem-frequentar-o-acampamento-juntos\/#primaryimage","url":"https:\/\/www.leselfes.com\/wp-content\/uploads\/2021\/05\/Siblings-attend-camp.png","contentUrl":"https:\/\/www.leselfes.com\/wp-content\/uploads\/2021\/05\/Siblings-attend-camp.png","width":1200,"height":900},{"@type":"BreadcrumbList","@id":"https:\/\/www.leselfes.com\/pt-br\/os-irmaos-devem-frequentar-o-acampamento-juntos\/#breadcrumb","itemListElement":[{"@type":"ListItem","position":1,"name":"Home","item":"https:\/\/www.leselfes.com\/pt-br\/"},{"@type":"ListItem","position":2,"name":"Os irm\u00e3os devem frequentar o acampamento juntos?"}]},{"@type":"WebSite","@id":"https:\/\/dev.leselfes.com\/#website","url":"https:\/\/dev.leselfes.com\/","name":"Les Elfes International","description":"Les Elfes International, Verbier Switzerland. Summer Camp, Winter Camp, Spring Camps.","publisher":{"@id":"https:\/\/dev.leselfes.com\/#organization"},"alternateName":"Les Elfes International","potentialAction":[{"@type":"SearchAction","target":{"@type":"EntryPoint","urlTemplate":"https:\/\/dev.leselfes.com\/?s={search_term_string}"},"query-input":{"@type":"PropertyValueSpecification","valueRequired":true,"valueName":"search_term_string"}}],"inLanguage":"pt-BR"},{"@type":"Organization","@id":"https:\/\/dev.leselfes.com\/#organization","name":"Les Elfes International","alternateName":"Les Elfes International","url":"https:\/\/dev.leselfes.com\/","logo":{"@type":"ImageObject","inLanguage":"pt-BR","@id":"https:\/\/dev.leselfes.com\/#\/schema\/logo\/image\/","url":"https:\/\/www.leselfes.com\/wp-content\/uploads\/2022\/03\/leselfes-logo.png","contentUrl":"https:\/\/www.leselfes.com\/wp-content\/uploads\/2022\/03\/leselfes-logo.png","width":233,"height":51,"caption":"Les Elfes International"},"image":{"@id":"https:\/\/dev.leselfes.com\/#\/schema\/logo\/image\/"},"sameAs":["https:\/\/www.facebook.com\/LesElfesVerbier","https:\/\/x.com\/LesElfesCamps","https:\/\/www.instagram.com\/leselfes","https:\/\/www.linkedin.com\/company\/les-elfes-international","https:\/\/www.youtube.com\/user\/LesElfesVerbier"]},{"@type":"Person","@id":"https:\/\/dev.leselfes.com\/#\/schema\/person\/407a229698868b8c603874b19f37f289","name":"lesadmin","image":{"@type":"ImageObject","inLanguage":"pt-BR","@id":"https:\/\/dev.leselfes.com\/#\/schema\/person\/image\/","url":"https:\/\/secure.gravatar.com\/avatar\/fdb243a028df450397b3632d862f87f6?s=96&d=mm&r=g","contentUrl":"https:\/\/secure.gravatar.com\/avatar\/fdb243a028df450397b3632d862f87f6?s=96&d=mm&r=g","caption":"lesadmin"},"url":"https:\/\/www.leselfes.com\/pt-br\/author\/lesadmin\/"}]}},"_links":{"self":[{"href":"https:\/\/www.leselfes.com\/pt-br\/wp-json\/wp\/v2\/posts\/92314"}],"collection":[{"href":"https:\/\/www.leselfes.com\/pt-br\/wp-json\/wp\/v2\/posts"}],"about":[{"href":"https:\/\/www.leselfes.com\/pt-br\/wp-json\/wp\/v2\/types\/post"}],"author":[{"embeddable":true,"href":"https:\/\/www.leselfes.com\/pt-br\/wp-json\/wp\/v2\/users\/1"}],"replies":[{"embeddable":true,"href":"https:\/\/www.leselfes.com\/pt-br\/wp-json\/wp\/v2\/comments?post=92314"}],"version-history":[{"count":0,"href":"https:\/\/www.leselfes.com\/pt-br\/wp-json\/wp\/v2\/posts\/92314\/revisions"}],"wp:featuredmedia":[{"embeddable":true,"href":"https:\/\/www.leselfes.com\/pt-br\/wp-json\/wp\/v2\/media\/73893"}],"wp:attachment":[{"href":"https:\/\/www.leselfes.com\/pt-br\/wp-json\/wp\/v2\/media?parent=92314"}],"wp:term":[{"taxonomy":"category","embeddable":true,"href":"https:\/\/www.leselfes.com\/pt-br\/wp-json\/wp\/v2\/categories?post=92314"},{"taxonomy":"post_tag","embeddable":true,"href":"https:\/\/www.leselfes.com\/pt-br\/wp-json\/wp\/v2\/tags?post=92314"}],"curies":[{"name":"wp","href":"https:\/\/api.w.org\/{rel}","templated":true}]}}