{"id":92315,"date":"2021-05-18T06:36:10","date_gmt":"2021-05-18T04:36:10","guid":{"rendered":"https:\/\/www.leselfes.com\/dicas-para-incentivar-seus-filhos-a-experimentar-uma-colonia-de-ferias-internacional\/"},"modified":"2024-11-12T12:17:04","modified_gmt":"2024-11-12T11:17:04","slug":"dicas-para-incentivar-seus-filhos-a-experimentar-uma-colonia-de-ferias-internacional","status":"publish","type":"post","link":"https:\/\/www.leselfes.com\/pt-br\/dicas-para-incentivar-seus-filhos-a-experimentar-uma-colonia-de-ferias-internacional\/","title":{"rendered":"Dicas para incentivar seus filhos a experimentar uma col\u00f4nia de f\u00e9rias internacional"},"content":{"rendered":"\n<p>A col\u00f4nia de f\u00e9rias \u00e9 fundamental para o crescimento de uma crian\u00e7a.\nAl\u00e9m de desenvolver a confian\u00e7a, o acampamento de ver\u00e3o ajuda as crian\u00e7as a se envolverem em novas atividades, aprenderem novas habilidades, fazerem novos amigos e se tornarem independentes.\nA col\u00f4nia de f\u00e9rias \u00e9 uma das melhores maneiras de permitir que seus filhos aproveitem o ar livre.\nNo entanto, participar de um acampamento para dormir pode ser assustador, ainda mais para quem est\u00e1 acampando pela primeira vez.\nNeste artigo, discutiremos:    <\/p>\n\n<ul class=\"wp-block-list\"><li>Determinar a prepara\u00e7\u00e3o de seu filho para um acampamento do pijama<\/li><li>Dicas de prepara\u00e7\u00e3o para acampamentos internacionais de ver\u00e3o para crian\u00e7as<\/li><li>Dicas de prepara\u00e7\u00e3o para acampamentos internacionais de ver\u00e3o para os pais<\/li><\/ul>\n\n<h2 class=\"wp-block-heading\">Como determinar se seu filho est\u00e1 preparado para um acampamento de f\u00e9rias<\/h2>\n\n<p>As crian\u00e7as se desenvolvem em um ritmo variado, e n\u00e3o h\u00e1 uma idade espec\u00edfica em que uma crian\u00e7a esteja totalmente preparada para o acampamento.\nAproveite as dicas a seguir para determinar se seu filho est\u00e1 pronto para a experi\u00eancia do acampamento.   <\/p>\n\n<h3 class=\"wp-block-heading\">-Eles podem manter sua higiene<\/h3>\n\n<p>Os supervisores e orientadores do acampamento ter\u00e3o de lembrar as crian\u00e7as de tomar banho e escovar os dentes. Entretanto, as crian\u00e7as devem ser capazes de realizar essas tarefas sozinhas. Embora o acampamento de ver\u00e3o ensine \u00e0s crian\u00e7as uma ampla gama de <a href=\"https:\/\/www.calgaryschild.com\/class-program\/camps\/1868-camp-benefits-top-5-life-skills-kids-learn-at-camp\">habilidades para a vida<\/a>, elas j\u00e1 devem possuir algumas habilidades essenciais, como tomar banho sozinhas.    <\/p>\n\n<h3 class=\"wp-block-heading\">-Se a crian\u00e7a j\u00e1 participou de festas do pijama com sucesso<\/h3>\n\n<p>Seu filho j\u00e1 participou de uma festa do pijama fora de casa, na casa de um parente ou amigo?\nNo final da festa do pijama, considere a possibilidade de conversar sobre a experi\u00eancia com ele e com o anfitri\u00e3o. <\/p>\n\n<p>Eles se divertiram? Quanto tempo voc\u00ea levou para se adaptar ao novo ambiente? Eles dormiram bem? Estava ansioso ou relaxado? Se a experi\u00eancia foi \u00f3tima e voc\u00ea j\u00e1 participou de v\u00e1rias brincadeiras ou festas do pijama com sucesso, ela est\u00e1 pronta para um acampamento para dormir.      <\/p>\n\n<h3 class=\"wp-block-heading\">-Seu filho est\u00e1 pedindo para acampar<\/h3>\n\n<figure class=\"wp-block-image size-large\"><img loading=\"lazy\" decoding=\"async\" width=\"1024\" height=\"733\" src=\"https:\/\/www.leselfes.com\/wp-content\/uploads\/2021\/05\/YOUR-CHILD-IS-ASKING-TO-GO-CAMPING-1024x733.jpg\" alt=\"SEU FILHO EST&#xC1; PEDINDO PARA IR ACAMPAR\" class=\"wp-image-41812\" title=\"Seu filho est&#xE1; pedindo para ir para um acampamento\" srcset=\"https:\/\/www.leselfes.com\/wp-content\/uploads\/2021\/05\/YOUR-CHILD-IS-ASKING-TO-GO-CAMPING-1024x733.jpg 1024w, https:\/\/www.leselfes.com\/wp-content\/uploads\/2021\/05\/YOUR-CHILD-IS-ASKING-TO-GO-CAMPING-300x215.jpg 300w, https:\/\/www.leselfes.com\/wp-content\/uploads\/2021\/05\/YOUR-CHILD-IS-ASKING-TO-GO-CAMPING-768x550.jpg 768w, https:\/\/www.leselfes.com\/wp-content\/uploads\/2021\/05\/YOUR-CHILD-IS-ASKING-TO-GO-CAMPING-320x229.jpg 320w, https:\/\/www.leselfes.com\/wp-content\/uploads\/2021\/05\/YOUR-CHILD-IS-ASKING-TO-GO-CAMPING-640x458.jpg 640w, https:\/\/www.leselfes.com\/wp-content\/uploads\/2021\/05\/YOUR-CHILD-IS-ASKING-TO-GO-CAMPING-360x258.jpg 360w, https:\/\/www.leselfes.com\/wp-content\/uploads\/2021\/05\/YOUR-CHILD-IS-ASKING-TO-GO-CAMPING-720x515.jpg 720w, https:\/\/www.leselfes.com\/wp-content\/uploads\/2021\/05\/YOUR-CHILD-IS-ASKING-TO-GO-CAMPING-1080x773.jpg 1080w, https:\/\/www.leselfes.com\/wp-content\/uploads\/2021\/05\/YOUR-CHILD-IS-ASKING-TO-GO-CAMPING-800x572.jpg 800w, https:\/\/www.leselfes.com\/wp-content\/uploads\/2021\/05\/YOUR-CHILD-IS-ASKING-TO-GO-CAMPING-1280x916.jpg 1280w, https:\/\/www.leselfes.com\/wp-content\/uploads\/2021\/05\/YOUR-CHILD-IS-ASKING-TO-GO-CAMPING.jpg 1466w\" sizes=\"(max-width: 1024px) 100vw, 1024px\" \/><\/figure>\n\n<p>Se o seu filho j\u00e1 participou de um acampamento diurno, ele saber\u00e1 quando estiver pronto para aventuras mais desafiadoras.\nQuando ele pedir permiss\u00e3o para ir ao acampamento do pijama, voc\u00ea n\u00e3o precisar\u00e1 esperar por nenhum outro sinal.\nAinda assim, algumas crian\u00e7as precisar\u00e3o de mais incentivo dos pais para querer participar de um acampamento do pijama.  <\/p>\n\n<p>Fique atento \u00e0 rea\u00e7\u00e3o do seu filho ao ouvir falar <a href=\"https:\/\/www.leselfes.com\/pt-br\/?page_id=89241\">em acampamento internacional de ver\u00e3o<\/a>. Ele est\u00e1 com medo ou animado para participar da aventura? Se estiverem com medo, considere as dicas deste artigo para incentiv\u00e1-los. Se ele estiver animado, voc\u00ea pode come\u00e7ar a planejar a viagem para o acampamento de ver\u00e3o.     <\/p>\n\n<h3 class=\"wp-block-heading\">-Seu filho demonstra interesse em aprender novas atividades divertidas<\/h3>\n\n<p>A col\u00f4nia de f\u00e9rias oferece \u00e0s crian\u00e7as diferentes ideias divertidas que as ajudam a experimentar novas atividades. Seu filho se envolve em novas atividades com entusiasmo e mente aberta em vez de medo? Esse \u00e9 um excelente sinal de que a crian\u00e7a est\u00e1 pronta para o acampamento do pijama.    <\/p>\n\n<h3 class=\"wp-block-heading\">&#8211; Se as crian\u00e7as podem dormir confortavelmente com a ajuda de bab\u00e1s<\/h3>\n\n<figure class=\"wp-block-image size-large\"><img loading=\"lazy\" decoding=\"async\" width=\"1024\" height=\"733\" src=\"https:\/\/www.leselfes.com\/wp-content\/uploads\/2021\/05\/PREPARE-YOUR-KIDS-TO-MAKE-NEW-FRIENDS-1024x733.jpg\" alt=\"PREPARAR SEUS FILHOS PARA FAZER NOVOS AMIGOS\" class=\"wp-image-41814\" title=\"As crian&#xE7;as podem dormir confortavelmente com a ajuda de bab&#xE1;s\" srcset=\"https:\/\/www.leselfes.com\/wp-content\/uploads\/2021\/05\/PREPARE-YOUR-KIDS-TO-MAKE-NEW-FRIENDS-1024x733.jpg 1024w, https:\/\/www.leselfes.com\/wp-content\/uploads\/2021\/05\/PREPARE-YOUR-KIDS-TO-MAKE-NEW-FRIENDS-300x215.jpg 300w, https:\/\/www.leselfes.com\/wp-content\/uploads\/2021\/05\/PREPARE-YOUR-KIDS-TO-MAKE-NEW-FRIENDS-768x550.jpg 768w, https:\/\/www.leselfes.com\/wp-content\/uploads\/2021\/05\/PREPARE-YOUR-KIDS-TO-MAKE-NEW-FRIENDS-320x229.jpg 320w, https:\/\/www.leselfes.com\/wp-content\/uploads\/2021\/05\/PREPARE-YOUR-KIDS-TO-MAKE-NEW-FRIENDS-640x458.jpg 640w, https:\/\/www.leselfes.com\/wp-content\/uploads\/2021\/05\/PREPARE-YOUR-KIDS-TO-MAKE-NEW-FRIENDS-360x258.jpg 360w, https:\/\/www.leselfes.com\/wp-content\/uploads\/2021\/05\/PREPARE-YOUR-KIDS-TO-MAKE-NEW-FRIENDS-720x515.jpg 720w, https:\/\/www.leselfes.com\/wp-content\/uploads\/2021\/05\/PREPARE-YOUR-KIDS-TO-MAKE-NEW-FRIENDS-1080x773.jpg 1080w, https:\/\/www.leselfes.com\/wp-content\/uploads\/2021\/05\/PREPARE-YOUR-KIDS-TO-MAKE-NEW-FRIENDS-800x573.jpg 800w, https:\/\/www.leselfes.com\/wp-content\/uploads\/2021\/05\/PREPARE-YOUR-KIDS-TO-MAKE-NEW-FRIENDS-1280x916.jpg 1280w, https:\/\/www.leselfes.com\/wp-content\/uploads\/2021\/05\/PREPARE-YOUR-KIDS-TO-MAKE-NEW-FRIENDS.jpg 1456w\" sizes=\"(max-width: 1024px) 100vw, 1024px\" \/><\/figure>\n\n<p>Voc\u00ea sempre coloca seu filho na cama?\nEle pode ter dificuldades em seu primeiro dia em um acampamento internacional de ver\u00e3o.\nEntretanto, se seu filho estiver acostumado a ir dormir sozinho ou com a ajuda de bab\u00e1s, ele ter\u00e1 uma experi\u00eancia tranquila.\nLembre-se de que a hora de dormir \u00e9 um dos momentos mais estressantes para as crian\u00e7as quando elas est\u00e3o longe de casa.   <\/p>\n\n<p>De acordo com a autora e psicoterapeuta familiar Dra. Fran Walfish<em>, &#8220;A separa\u00e7\u00e3o da m\u00e3e e do pai \u00e9 o principal benef\u00edcio psicol\u00f3gico e emocional para as crian\u00e7as e os pais que v\u00e3o para um acampamento para dormir&#8221;.<\/em> Ter a garantia do conforto deles quando estiverem longe de voc\u00ea significa que eles poder\u00e3o lidar com os conselheiros do acampamento de ver\u00e3o com facilidade.  <\/p>\n\n<h2 class=\"wp-block-heading\">Dicas de prepara\u00e7\u00e3o para acampamentos internacionais de ver\u00e3o para crian\u00e7as<\/h2>\n\n<p>Aqui est\u00e3o algumas dicas para ajudar as crian\u00e7as a se prepararem para uma pr\u00f3xima aventura em um acampamento de ver\u00e3o internacional.  <\/p>\n\n<h3 class=\"wp-block-heading\">&#8211; Saiba quando come\u00e7a a col\u00f4nia de f\u00e9rias<\/h3>\n\n<p>Depois que voc\u00ea e seus pais ou respons\u00e1veis escolherem os melhores acampamentos de ver\u00e3o, certifique-se de saber quando eles come\u00e7am. Isso ajuda voc\u00ea a monitorar o tempo que falta para come\u00e7ar a fazer as malas. Solicite a seus pais uma contagem regressiva constante na sala de estar para que voc\u00ea possa ter um lembrete di\u00e1rio da viagem que est\u00e1 por vir.    <\/p>\n\n<h3 class=\"wp-block-heading\">&#8211; Cuide bem de voc\u00ea<\/h3>\n\n<p>Enquanto estiver no acampamento de ver\u00e3o, voc\u00ea precisar\u00e1 ser altamente respons\u00e1vel.\nVoc\u00ea ter\u00e1 de cuidar de suas coisas e de sua higiene.\nOs orientadores do acampamento podem lembr\u00e1-lo com frequ\u00eancia, mas lembre-se de que cuidar bem de si mesmo \u00e9 sua responsabilidade.\nVoc\u00ea pode se preparar com anteced\u00eancia pedindo dicas aos seus pais sobre como ser independente.   <\/p>\n\n<p>Comece com tarefas simples em casa, como arrumar a cama ou limpar a mesa de jantar. Ir para um acampamento do pijama pode ser ao mesmo tempo emocionante e assustador. Talvez voc\u00ea queira praticar indo primeiro para uma festa do pijama na casa de um parente ou amigo. Essa experi\u00eancia ajudar\u00e1 voc\u00ea a desenvolver habilidades sociais e de organiza\u00e7\u00e3o essenciais. Voc\u00ea tamb\u00e9m aprender\u00e1 a administrar seus pertences.      <\/p>\n\n<h3 class=\"wp-block-heading\">&#8211; Participe do processo de estacionamento<\/h3>\n\n<p>Comece a reunir seus pertences com anteced\u00eancia.\nSeus pais devem ter uma lista de embalagem do local de acampamento.\nN\u00e3o deixe de seguir a lista junto com eles e n\u00e3o se esque\u00e7a de itens essenciais, como repelente de insetos e protetor solar.  <\/p>\n\n<p>Leve muitas roupas de brincar para que voc\u00ea possa ter pe\u00e7as suficientes para trocar, pois elas se sujam rapidamente.\nConsidere outros componentes que voc\u00ea pode precisar para ter uma experi\u00eancia de acampamento inesquec\u00edvel e solicite aos seus pais que os incluam na sua lista de embalagem. <\/p>\n\n<p>Ao participar do processo de empacotamento antes de acampar, voc\u00ea aprender\u00e1 como faz\u00ea-lo ao voltar para casa depois do acampamento.  <\/p>\n\n<h3 class=\"wp-block-heading\">&#8211; Fale abertamente sobre as coisas com as quais voc\u00ea est\u00e1 ansioso<\/h3>\n\n<p>Voc\u00ea deve estar ansioso para participar de um acampamento internacional de ver\u00e3o pela primeira vez.\nTalvez voc\u00ea queira compartilhar o que sente com seus pais e ouvir os conselhos deles.\nConsidere a possibilidade de conversar com seus colegas que j\u00e1 participaram de um acampamento internacional <a href=\"\">de ver\u00e3o<\/a> antes.  <\/p>\n\n<p>Em vez de guardar sua ansiedade para voc\u00ea, considere express\u00e1-la.\nFalar sobre seus sentimentos com as pessoas lhe d\u00e1 uma compreens\u00e3o b\u00e1sica do que voc\u00ea deve esperar do acampamento de ver\u00e3o. <\/p>\n\n<p>Como resultado, voc\u00ea estar\u00e1 mais preparado para o encontro.\nAdquirir mais conhecimento sobre acampamentos internacionais de ver\u00e3o far\u00e1 com que voc\u00ea se sinta melhor.   <\/p>\n\n<h3 class=\"wp-block-heading\">&#8211; Lembre-se de que a col\u00f4nia de f\u00e9rias tem tudo a ver com o ar livre<\/h3>\n\n<figure class=\"wp-block-image size-large\"><img loading=\"lazy\" decoding=\"async\" width=\"1024\" height=\"733\" src=\"https:\/\/www.leselfes.com\/wp-content\/uploads\/2021\/05\/Book-a-physcial-examination-before-campaign-1024x733.jpg\" alt=\"Marque um exame m&#xE9;dico antes da campanha\" class=\"wp-image-41815\" title=\"Lembre-se de que a col&#xF4;nia de f&#xE9;rias tem tudo a ver com o ar livre\" srcset=\"https:\/\/www.leselfes.com\/wp-content\/uploads\/2021\/05\/Book-a-physcial-examination-before-campaign-1024x733.jpg 1024w, https:\/\/www.leselfes.com\/wp-content\/uploads\/2021\/05\/Book-a-physcial-examination-before-campaign-300x215.jpg 300w, https:\/\/www.leselfes.com\/wp-content\/uploads\/2021\/05\/Book-a-physcial-examination-before-campaign-768x550.jpg 768w, https:\/\/www.leselfes.com\/wp-content\/uploads\/2021\/05\/Book-a-physcial-examination-before-campaign-320x229.jpg 320w, https:\/\/www.leselfes.com\/wp-content\/uploads\/2021\/05\/Book-a-physcial-examination-before-campaign-640x458.jpg 640w, https:\/\/www.leselfes.com\/wp-content\/uploads\/2021\/05\/Book-a-physcial-examination-before-campaign-360x258.jpg 360w, https:\/\/www.leselfes.com\/wp-content\/uploads\/2021\/05\/Book-a-physcial-examination-before-campaign-720x515.jpg 720w, https:\/\/www.leselfes.com\/wp-content\/uploads\/2021\/05\/Book-a-physcial-examination-before-campaign-1080x773.jpg 1080w, https:\/\/www.leselfes.com\/wp-content\/uploads\/2021\/05\/Book-a-physcial-examination-before-campaign-800x572.jpg 800w, https:\/\/www.leselfes.com\/wp-content\/uploads\/2021\/05\/Book-a-physcial-examination-before-campaign-1280x916.jpg 1280w, https:\/\/www.leselfes.com\/wp-content\/uploads\/2021\/05\/Book-a-physcial-examination-before-campaign.jpg 1431w\" sizes=\"(max-width: 1024px) 100vw, 1024px\" \/><\/figure>\n\n<p>Voc\u00ea passar\u00e1 a maior parte do tempo do acampamento ao ar livre, o que o expor\u00e1 a queimaduras solares graves.\nVoc\u00ea n\u00e3o quer perder as atividades divertidas do acampamento por causa do desconforto.\nPe\u00e7a a seus pais \u00f3culos escuros, protetor solar suficiente e chap\u00e9us para uma prote\u00e7\u00e3o ideal.\nQuando voc\u00ea tiver de descansar no acampamento, fa\u00e7a-o sob a sombra ou dentro de casa, longe da luz solar direta.   <\/p>\n\n<h3 class=\"wp-block-heading\">&#8211; Siga as regras estabelecidas enquanto voc\u00ea se diverte<\/h3>\n\n<p>Quando voc\u00ea finalmente chegar ao acampamento de ver\u00e3o, lembre-se de ser respons\u00e1vel o suficiente para seguir as regras estabelecidas.\nAo contr\u00e1rio do ano letivo, a col\u00f4nia de f\u00e9rias pode ser diferente e de ritmo acelerado.\nEmbora voc\u00ea possa ficar nervoso no primeiro dia, voc\u00ea se acostumar\u00e1 \u00e0 medida que interagir com seus colegas.  <\/p>\n\n<p>Esforce-se para experimentar v\u00e1rios programas e atividades de ver\u00e3o com os quais voc\u00ea nunca se envolveu antes, como piqueniques ao ar livre, artesanato divertido e teatro.\nExperimente novos interesses e obtenha respostas para todas as suas perguntas com os conselheiros do acampamento. <\/p>\n\n<p>Sujar-se \u00e9 bom durante o acampamento de ver\u00e3o.\nSeja voc\u00ea mesmo, fa\u00e7a o m\u00e1ximo de amigos que puder e lembre-se da import\u00e2ncia do distanciamento social durante a pandemia.   <\/p>\n\n<h2 class=\"wp-block-heading\">Dicas de prepara\u00e7\u00e3o para acampamentos internacionais de ver\u00e3o para os pais<\/h2>\n\n<p>Aqui est\u00e3o algumas dicas para ajudar os pais a garantir que seus alunos estejam prontos para uma experi\u00eancia inesquec\u00edvel no acampamento de ver\u00e3o.<\/p>\n\n<h3 class=\"wp-block-heading\">&#8211; Visite seu m\u00e9dico o mais r\u00e1pido poss\u00edvel<\/h3>\n\n<figure class=\"wp-block-image size-large\"><img loading=\"lazy\" decoding=\"async\" width=\"1024\" height=\"733\" src=\"https:\/\/www.leselfes.com\/wp-content\/uploads\/2021\/05\/Camping-is-all-about-outdoor-activities-1024x733.jpg\" alt=\"Acampar tem tudo a ver com atividades ao ar livre\" class=\"wp-image-41819\" title=\"Visite seu m&#xE9;dico o mais r&#xE1;pido poss&#xED;vel\" srcset=\"https:\/\/www.leselfes.com\/wp-content\/uploads\/2021\/05\/Camping-is-all-about-outdoor-activities-1024x733.jpg 1024w, https:\/\/www.leselfes.com\/wp-content\/uploads\/2021\/05\/Camping-is-all-about-outdoor-activities-300x215.jpg 300w, https:\/\/www.leselfes.com\/wp-content\/uploads\/2021\/05\/Camping-is-all-about-outdoor-activities-768x550.jpg 768w, https:\/\/www.leselfes.com\/wp-content\/uploads\/2021\/05\/Camping-is-all-about-outdoor-activities-320x229.jpg 320w, https:\/\/www.leselfes.com\/wp-content\/uploads\/2021\/05\/Camping-is-all-about-outdoor-activities-640x458.jpg 640w, https:\/\/www.leselfes.com\/wp-content\/uploads\/2021\/05\/Camping-is-all-about-outdoor-activities-360x258.jpg 360w, https:\/\/www.leselfes.com\/wp-content\/uploads\/2021\/05\/Camping-is-all-about-outdoor-activities-720x515.jpg 720w, https:\/\/www.leselfes.com\/wp-content\/uploads\/2021\/05\/Camping-is-all-about-outdoor-activities-1080x773.jpg 1080w, https:\/\/www.leselfes.com\/wp-content\/uploads\/2021\/05\/Camping-is-all-about-outdoor-activities-800x572.jpg 800w, https:\/\/www.leselfes.com\/wp-content\/uploads\/2021\/05\/Camping-is-all-about-outdoor-activities-1280x916.jpg 1280w, https:\/\/www.leselfes.com\/wp-content\/uploads\/2021\/05\/Camping-is-all-about-outdoor-activities.jpg 1431w\" sizes=\"(max-width: 1024px) 100vw, 1024px\" \/><\/figure>\n\n<p>Quando voc\u00ea recebe a carta de boas-vindas do acampamento de ver\u00e3o, a lista de embalagem e os formul\u00e1rios m\u00e9dicos, pode parecer que voc\u00ea tem muito tempo para se preparar.\nEntretanto, dificilmente voc\u00ea ter\u00e1 tempo suficiente para se organizar bem. <\/p>\n\n<p>Se o seu filho precisar de um exame f\u00edsico antes de ir ao acampamento, tente marcar uma consulta o mais r\u00e1pido poss\u00edvel.\nSe ele precisar apenas que os formul\u00e1rios de sa\u00fade sejam assinados por um m\u00e9dico, pe\u00e7a que sejam assinados imediatamente e envie-os de volta ao acampamento. <\/p>\n\n<p>Se o acampamento preferir que as informa\u00e7\u00f5es m\u00e9dicas sejam entregues no primeiro dia do acampamento, arquive bem o relat\u00f3rio.\nIsso ajuda voc\u00ea a lembrar onde est\u00e3o os formul\u00e1rios.\nSempre compre os itens essenciais de seu filho com anteced\u00eancia.  <\/p>\n\n<h3 class=\"wp-block-heading\">&#8211; Defender a independ\u00eancia<\/h3>\n\n<p>Embora dar mais independ\u00eancia aos seus filhos possa ser assustador, \u00e9 fundamental incentiv\u00e1-los a participar de atividades que promovam a independ\u00eancia antes do acampamento.\nConcentre-se no que \u00e9 positivo, acompanhe o progresso deles um dia de cada vez e recompense-os adequadamente. <\/p>\n\n<p>Adote a ideia de que a crian\u00e7a ficar\u00e1 mais tempo no acampamento e evite mencionar que ela sentir\u00e1 saudades de casa.\nEm vez disso, incentive-a a experimentar a experi\u00eancia do acampamento de ver\u00e3o de uma perspectiva positiva. <\/p>\n\n<p>Voc\u00ea pode at\u00e9 prometer que considerar\u00e1 a possibilidade de envi\u00e1-los para o pr\u00f3ximo acampamento de ver\u00e3o se eles se comportarem adequadamente.\nAo cumprir seu compromisso, voc\u00ea aumentar\u00e1 a autoestima do seu filho e lhe dar\u00e1 um senso de responsabilidade.   <\/p>\n\n<h3 class=\"wp-block-heading\">&#8211; Mantenha conversas calmas e positivas<\/h3>\n\n<p>Evite falar sobre saudades de casa na frente de seus filhos e sempre mantenha conversas positivas enquanto voc\u00ea faz as malas. Lembre-se de que seu filho estar\u00e1 observando voc\u00ea e poder\u00e1 interpretar mal qualquer tens\u00e3o que voc\u00ea demonstrar. Voc\u00ea n\u00e3o quer que eles desenvolvam pensamentos negativos sobre acampamentos internacionais de ver\u00e3o.    <\/p>\n\n<h3 class=\"wp-block-heading\">&#8211; Visite o local do acampamento com anteced\u00eancia<\/h3>\n\n<p>Sempre que poss\u00edvel, tente visitar o acampamento antes do evento oficial. Como pai ou m\u00e3e, voc\u00ea n\u00e3o quer ficar se perguntando constantemente: Meu filho est\u00e1 seguro? Fa\u00e7a todas as perguntas que voc\u00ea tiver sobre o acampamento quando for visit\u00e1-lo. Se n\u00e3o for poss\u00edvel visitar o acampamento, tente navegar pelas plataformas de m\u00eddia social ou pelo site para obter mais informa\u00e7\u00f5es.     <\/p>\n\n<h3 class=\"wp-block-heading\">&#8211; Observe a lista de embalagem e envolva seus filhos<\/h3>\n\n<p>Comece a fazer as malas com anteced\u00eancia e inclua roupas para brincar que as crian\u00e7as n\u00e3o tenham medo de manchar ou rasgar.\nConsidere etiquetar os pertences de seu filho, especialmente se voc\u00ea os comprou especificamente para a viagem.\nIsso ajuda as crian\u00e7as a se lembrarem e monitorarem seus pertences com cuidado.  <\/p>\n\n<p>Leve roupas \u00edntimas, camisetas e meias extras e inclua o equipamento adequado para prote\u00e7\u00e3o solar.\nEnvolva seu filho no processo de embalagem para que ele aprenda a fazer as malas sem a sua ajuda. <\/p>\n\n<p>Certifique-se de que a mochila seja f\u00e1cil de carregar junto com quaisquer outros pertences que voc\u00ea deva levar. Lembre-se de que o acampamento de ver\u00e3o \u00e9 uma excelente maneira de ajudar as crian\u00e7as a reduzir o tempo de tela, e alguns dispositivos s\u00e3o proibidos. Entre eles est\u00e3o MP3, jogos eletr\u00f4nicos e telefones celulares.    <\/p>\n\n<h3 class=\"wp-block-heading\">&#8211; Observar o hor\u00e1rio de chegada e partida  <\/h3>\n\n<p>Se voc\u00ea for deixar seu filho no ponto de embarque do \u00f4nibus ou no local do acampamento, considere chegar no hor\u00e1rio. Entregue toda a documenta\u00e7\u00e3o necess\u00e1ria ao diretor do acampamento e confie que seu filho conseguir\u00e1 um lugar no \u00f4nibus individualmente. O conselheiro do acampamento estar\u00e1 dispon\u00edvel para ajudar quando houver necessidade. Evite ficar por perto e deixe as crian\u00e7as come\u00e7arem a aventura do programa de acampamento. Voc\u00ea pode fazer uma liga\u00e7\u00e3o telef\u00f4nica mais tarde para acompanhar o progresso delas, se o acampamento permitir.      <\/p>\n\n<h3 class=\"wp-block-heading\">&#8211; Prepare seus filhos para fazer novos amigos<\/h3>\n\n<figure class=\"wp-block-image size-large\"><img loading=\"lazy\" decoding=\"async\" width=\"1024\" height=\"683\" src=\"https:\/\/www.leselfes.com\/wp-content\/uploads\/2021\/05\/First-day-camping-for-kids-1024x683.jpg\" alt=\"Primeiro dia de acampamento para crian&#xE7;as\" class=\"wp-image-41818\" title=\"Prepare seus filhos para fazer novos amigos\" srcset=\"https:\/\/www.leselfes.com\/wp-content\/uploads\/2021\/05\/First-day-camping-for-kids-1024x683.jpg 1024w, https:\/\/www.leselfes.com\/wp-content\/uploads\/2021\/05\/First-day-camping-for-kids-300x200.jpg 300w, https:\/\/www.leselfes.com\/wp-content\/uploads\/2021\/05\/First-day-camping-for-kids-768x512.jpg 768w, https:\/\/www.leselfes.com\/wp-content\/uploads\/2021\/05\/First-day-camping-for-kids-320x213.jpg 320w, https:\/\/www.leselfes.com\/wp-content\/uploads\/2021\/05\/First-day-camping-for-kids-640x427.jpg 640w, https:\/\/www.leselfes.com\/wp-content\/uploads\/2021\/05\/First-day-camping-for-kids-360x240.jpg 360w, https:\/\/www.leselfes.com\/wp-content\/uploads\/2021\/05\/First-day-camping-for-kids-720x480.jpg 720w, https:\/\/www.leselfes.com\/wp-content\/uploads\/2021\/05\/First-day-camping-for-kids-1080x720.jpg 1080w, https:\/\/www.leselfes.com\/wp-content\/uploads\/2021\/05\/First-day-camping-for-kids-800x534.jpg 800w, https:\/\/www.leselfes.com\/wp-content\/uploads\/2021\/05\/First-day-camping-for-kids-1280x854.jpg 1280w, https:\/\/www.leselfes.com\/wp-content\/uploads\/2021\/05\/First-day-camping-for-kids.jpg 1408w\" sizes=\"(max-width: 1024px) 100vw, 1024px\" \/><\/figure>\n\n<p>Muitas vezes, as crian\u00e7as se perguntam se far\u00e3o <a href=\"https:\/\/sunshine-parenting.com\/making-friends-one-important-things-happens-summer-camp\/#:~:text=Focus%20on%20Friendship&amp;text=They%20are%20also%20trained%20to%20help%20campers%20build%20social%20skills.&amp;text=Making%20friends%20is%20an%20important,practice%20their%20friend%2Dmaking%20skills.\">novos amigos<\/a> no acampamento de ver\u00e3o. Jennifer Higgins, m\u00e3e de dois filhos, especialista em acampamentos acad\u00eamicos de ver\u00e3o da Universidade da Virg\u00ednia, diz:   <\/p>\n\n<p><em>&#8220;Todos os anos, sugiro que as meninas levem na mala algo que tenha o nome da escola e Ocean City, Nova Jersey (um local favorito para as f\u00e9rias de ver\u00e3o). Esses itens t\u00eam servido como um bom come\u00e7o de conversa com outras crian\u00e7as. Elas tamb\u00e9m levam esmalte de unha, removedor, bolas de algod\u00e3o, revistas de fofoca e Frisbees. Isso d\u00e1 \u00e0s meninas algo para fazer na su\u00edte \u00e0 noite ou para estimular alguma brincadeira ao ar livre.&#8221;<\/em><em><\/em><\/p>\n\n<h3 class=\"wp-block-heading\">&#8211; Ap\u00f3s o acampamento, d\u00ea tempo para as crian\u00e7as se adaptarem \u00e0 vida normal<\/h3>\n\n<p>Depois de passar dias divertidos e cheios de adrenalina no acampamento de ver\u00e3o, seu filho precisar\u00e1 de algum tempo para se adaptar \u00e0 rotina dom\u00e9stica normal.\nLembre-se de que as crian\u00e7as s\u00e3o diferentes.\nEnquanto algumas delas ficar\u00e3o animadas para falar imediatamente sobre suas aventuras, outras levar\u00e3o algum tempo para aceitar a ideia de ir embora.  <\/p>\n\n<p>N\u00e3o force seu filho a falar sobre suas experi\u00eancias.\nEm vez disso, permita que ele descanse e d\u00ea a ele uma boa alimenta\u00e7\u00e3o para ajud\u00e1-lo a recarregar as baterias.\nQuando seu filho estiver pronto para falar, aproveite a oportunidade para falar sobre as tarefas adicionais que ele aprendeu no acampamento de ver\u00e3o, como lavar a lou\u00e7a e arrumar a cama todos os dias.  <\/p>\n\n<p>Discuta as atividades divertidas que eles realizaram durante as noites de acampamento de ver\u00e3o, como assar marshmallows e contar hist\u00f3rias.\nDetermine se eles est\u00e3o prontos para implementar algumas dessas responsabilidades e atividades divertidas na programa\u00e7\u00e3o dom\u00e9stica. <\/p>\n\n<p>Identifique estrat\u00e9gias para formar um relacionamento sobre as novas experi\u00eancias que seus filhos tiveram durante o acampamento de ver\u00e3o.\nAl\u00e9m de desenvolver as mentes jovens, o acampamento de ver\u00e3o envolve a cria\u00e7\u00e3o de \u00f3timos momentos em fam\u00edlia para que as crian\u00e7as e seus pais os guardem para sempre.   <\/p>\n\n<h2 class=\"wp-block-heading\">Para levar<\/h2>\n\n<ul class=\"wp-block-list\"><li>Ir para um acampamento do tipo &#8220;sleepaway&#8221; pode ser assustador, especialmente para quem est\u00e1 indo pela primeira vez.\nEntretanto, os pais podem ajudar seus filhos a relaxar e prepar\u00e1-los para a aventura que est\u00e1 por vir.   <\/li><\/ul>\n\n<ul class=\"wp-block-list\"><li>O acampamento de ver\u00e3o ensina \u00e0s crian\u00e7as uma s\u00e9rie de habilidades para a vida que elas podem levar para a vida adulta.  <\/li><\/ul>\n\n<ul class=\"wp-block-list\"><li>Visitar o acampamento antes da viagem \u00e9 uma excelente maneira de garantir que seu filho se sentir\u00e1 confort\u00e1vel longe de casa.<\/li><\/ul>\n\n<ul class=\"wp-block-list\"><li>Expor as crian\u00e7as a acampamentos de ver\u00e3o para dormir permite que elas interajam com seus colegas de diferentes partes do mundo.\nElas n\u00e3o apenas t\u00eam a chance de fazer novos amigos, mas tamb\u00e9m aprendem sobre outras culturas. <\/li><\/ul>\n\n<p>Para obter mais dicas sobre acampamentos de ver\u00e3o, visite <a href=\"https:\/\/www.leselfes.com\/pt-br\/category\/artigos-pt-br\/\">nosso blog<\/a> hoje mesmo.  <\/p>\n","protected":false},"excerpt":{"rendered":"<p>A col\u00f4nia de f\u00e9rias \u00e9 fundamental para o crescimento de uma crian\u00e7a. Al\u00e9m de desenvolver a confian\u00e7a, o acampamento de ver\u00e3o ajuda as crian\u00e7as a se envolverem em novas atividades,&#8230;<\/p>\n","protected":false},"author":1,"featured_media":73811,"comment_status":"closed","ping_status":"open","sticky":false,"template":"","format":"standard","meta":{"_acf_changed":false,"inline_featured_image":false,"footnotes":""},"categories":[1369,1351],"tags":[],"class_list":{"0":"post-92315","1":"post","2":"type-post","3":"status-publish","4":"format-standard","5":"has-post-thumbnail","7":"category-acampamento-de-verao-pt-br","8":"category-artigos-pt-br"},"acf":[],"yoast_head":"<!-- This site is optimized with the Yoast SEO Premium plugin v24.2 (Yoast SEO v24.7) - https:\/\/yoast.com\/wordpress\/plugins\/seo\/ -->\n<title>Dicas para incentivar seus filhos a experimentar uma col\u00f4nia de f\u00e9rias internacional - Les Elfes International Camps Switzerland<\/title>\n<meta name=\"robots\" content=\"index, follow, max-snippet:-1, max-image-preview:large, max-video-preview:-1\" \/>\n<link rel=\"canonical\" href=\"https:\/\/www.leselfes.com\/pt-br\/dicas-para-incentivar-seus-filhos-a-experimentar-uma-colonia-de-ferias-internacional\/\" \/>\n<meta property=\"og:locale\" content=\"pt_BR\" \/>\n<meta property=\"og:type\" content=\"article\" \/>\n<meta property=\"og:title\" content=\"Dicas para incentivar seus filhos a experimentar uma col\u00f4nia de f\u00e9rias internacional\" \/>\n<meta property=\"og:description\" content=\"A col\u00f4nia de f\u00e9rias \u00e9 fundamental para o crescimento de uma crian\u00e7a. Al\u00e9m de desenvolver a confian\u00e7a, o acampamento de ver\u00e3o ajuda as crian\u00e7as a se envolverem em novas atividades,...\" \/>\n<meta property=\"og:url\" content=\"https:\/\/www.leselfes.com\/pt-br\/dicas-para-incentivar-seus-filhos-a-experimentar-uma-colonia-de-ferias-internacional\/\" \/>\n<meta property=\"og:site_name\" content=\"Les Elfes International Camps Switzerland\" \/>\n<meta property=\"article:publisher\" content=\"https:\/\/www.facebook.com\/LesElfesVerbier\" \/>\n<meta property=\"article:published_time\" content=\"2021-05-18T04:36:10+00:00\" \/>\n<meta property=\"article:modified_time\" content=\"2024-11-12T11:17:04+00:00\" \/>\n<meta property=\"og:image\" content=\"https:\/\/dev.leselfes.com\/wp-content\/uploads\/2021\/05\/Tips-to-Encourage-Your-Kids.jpg\" \/>\n\t<meta property=\"og:image:width\" content=\"1200\" \/>\n\t<meta property=\"og:image:height\" content=\"900\" \/>\n\t<meta property=\"og:image:type\" content=\"image\/jpeg\" \/>\n<meta name=\"author\" content=\"lesadmin\" \/>\n<meta name=\"twitter:card\" content=\"summary_large_image\" \/>\n<meta name=\"twitter:creator\" content=\"@LesElfesCamps\" \/>\n<meta name=\"twitter:site\" content=\"@LesElfesCamps\" \/>\n<meta name=\"twitter:label1\" content=\"Escrito por\" \/>\n\t<meta name=\"twitter:data1\" content=\"lesadmin\" \/>\n\t<meta name=\"twitter:label2\" content=\"Est. tempo de leitura\" \/>\n\t<meta name=\"twitter:data2\" content=\"13 minutos\" \/>\n<script type=\"application\/ld+json\" class=\"yoast-schema-graph\">{\"@context\":\"https:\/\/schema.org\",\"@graph\":[{\"@type\":\"Article\",\"@id\":\"https:\/\/www.leselfes.com\/pt-br\/dicas-para-incentivar-seus-filhos-a-experimentar-uma-colonia-de-ferias-internacional\/#article\",\"isPartOf\":{\"@id\":\"https:\/\/www.leselfes.com\/pt-br\/dicas-para-incentivar-seus-filhos-a-experimentar-uma-colonia-de-ferias-internacional\/\"},\"author\":{\"name\":\"lesadmin\",\"@id\":\"https:\/\/dev.leselfes.com\/#\/schema\/person\/407a229698868b8c603874b19f37f289\"},\"headline\":\"Dicas para incentivar seus filhos a experimentar uma col\u00f4nia de f\u00e9rias internacional\",\"datePublished\":\"2021-05-18T04:36:10+00:00\",\"dateModified\":\"2024-11-12T11:17:04+00:00\",\"mainEntityOfPage\":{\"@id\":\"https:\/\/www.leselfes.com\/pt-br\/dicas-para-incentivar-seus-filhos-a-experimentar-uma-colonia-de-ferias-internacional\/\"},\"wordCount\":2656,\"publisher\":{\"@id\":\"https:\/\/dev.leselfes.com\/#organization\"},\"image\":{\"@id\":\"https:\/\/www.leselfes.com\/pt-br\/dicas-para-incentivar-seus-filhos-a-experimentar-uma-colonia-de-ferias-internacional\/#primaryimage\"},\"thumbnailUrl\":\"https:\/\/www.leselfes.com\/wp-content\/uploads\/2021\/05\/Tips-to-Encourage-Your-Kids.jpg\",\"articleSection\":[\"Acampamento de ver\u00e3o\",\"Artigos\"],\"inLanguage\":\"pt-BR\"},{\"@type\":\"WebPage\",\"@id\":\"https:\/\/www.leselfes.com\/pt-br\/dicas-para-incentivar-seus-filhos-a-experimentar-uma-colonia-de-ferias-internacional\/\",\"url\":\"https:\/\/www.leselfes.com\/pt-br\/dicas-para-incentivar-seus-filhos-a-experimentar-uma-colonia-de-ferias-internacional\/\",\"name\":\"Dicas para incentivar seus filhos a experimentar uma col\u00f4nia de f\u00e9rias internacional - Les Elfes International Camps Switzerland\",\"isPartOf\":{\"@id\":\"https:\/\/dev.leselfes.com\/#website\"},\"primaryImageOfPage\":{\"@id\":\"https:\/\/www.leselfes.com\/pt-br\/dicas-para-incentivar-seus-filhos-a-experimentar-uma-colonia-de-ferias-internacional\/#primaryimage\"},\"image\":{\"@id\":\"https:\/\/www.leselfes.com\/pt-br\/dicas-para-incentivar-seus-filhos-a-experimentar-uma-colonia-de-ferias-internacional\/#primaryimage\"},\"thumbnailUrl\":\"https:\/\/www.leselfes.com\/wp-content\/uploads\/2021\/05\/Tips-to-Encourage-Your-Kids.jpg\",\"datePublished\":\"2021-05-18T04:36:10+00:00\",\"dateModified\":\"2024-11-12T11:17:04+00:00\",\"breadcrumb\":{\"@id\":\"https:\/\/www.leselfes.com\/pt-br\/dicas-para-incentivar-seus-filhos-a-experimentar-uma-colonia-de-ferias-internacional\/#breadcrumb\"},\"inLanguage\":\"pt-BR\",\"potentialAction\":[{\"@type\":\"ReadAction\",\"target\":[\"https:\/\/www.leselfes.com\/pt-br\/dicas-para-incentivar-seus-filhos-a-experimentar-uma-colonia-de-ferias-internacional\/\"]}]},{\"@type\":\"ImageObject\",\"inLanguage\":\"pt-BR\",\"@id\":\"https:\/\/www.leselfes.com\/pt-br\/dicas-para-incentivar-seus-filhos-a-experimentar-uma-colonia-de-ferias-internacional\/#primaryimage\",\"url\":\"https:\/\/www.leselfes.com\/wp-content\/uploads\/2021\/05\/Tips-to-Encourage-Your-Kids.jpg\",\"contentUrl\":\"https:\/\/www.leselfes.com\/wp-content\/uploads\/2021\/05\/Tips-to-Encourage-Your-Kids.jpg\",\"width\":1200,\"height\":900},{\"@type\":\"BreadcrumbList\",\"@id\":\"https:\/\/www.leselfes.com\/pt-br\/dicas-para-incentivar-seus-filhos-a-experimentar-uma-colonia-de-ferias-internacional\/#breadcrumb\",\"itemListElement\":[{\"@type\":\"ListItem\",\"position\":1,\"name\":\"Home\",\"item\":\"https:\/\/www.leselfes.com\/pt-br\/\"},{\"@type\":\"ListItem\",\"position\":2,\"name\":\"Dicas para incentivar seus filhos a experimentar uma col\u00f4nia de f\u00e9rias internacional\"}]},{\"@type\":\"WebSite\",\"@id\":\"https:\/\/dev.leselfes.com\/#website\",\"url\":\"https:\/\/dev.leselfes.com\/\",\"name\":\"Les Elfes International\",\"description\":\"Les Elfes International, Verbier Switzerland. Summer Camp, Winter Camp, Spring Camps.\",\"publisher\":{\"@id\":\"https:\/\/dev.leselfes.com\/#organization\"},\"alternateName\":\"Les Elfes International\",\"potentialAction\":[{\"@type\":\"SearchAction\",\"target\":{\"@type\":\"EntryPoint\",\"urlTemplate\":\"https:\/\/dev.leselfes.com\/?s={search_term_string}\"},\"query-input\":{\"@type\":\"PropertyValueSpecification\",\"valueRequired\":true,\"valueName\":\"search_term_string\"}}],\"inLanguage\":\"pt-BR\"},{\"@type\":\"Organization\",\"@id\":\"https:\/\/dev.leselfes.com\/#organization\",\"name\":\"Les Elfes International\",\"alternateName\":\"Les Elfes International\",\"url\":\"https:\/\/dev.leselfes.com\/\",\"logo\":{\"@type\":\"ImageObject\",\"inLanguage\":\"pt-BR\",\"@id\":\"https:\/\/dev.leselfes.com\/#\/schema\/logo\/image\/\",\"url\":\"https:\/\/www.leselfes.com\/wp-content\/uploads\/2022\/03\/leselfes-logo.png\",\"contentUrl\":\"https:\/\/www.leselfes.com\/wp-content\/uploads\/2022\/03\/leselfes-logo.png\",\"width\":233,\"height\":51,\"caption\":\"Les Elfes International\"},\"image\":{\"@id\":\"https:\/\/dev.leselfes.com\/#\/schema\/logo\/image\/\"},\"sameAs\":[\"https:\/\/www.facebook.com\/LesElfesVerbier\",\"https:\/\/x.com\/LesElfesCamps\",\"https:\/\/www.instagram.com\/leselfes\",\"https:\/\/www.linkedin.com\/company\/les-elfes-international\",\"https:\/\/www.youtube.com\/user\/LesElfesVerbier\"]},{\"@type\":\"Person\",\"@id\":\"https:\/\/dev.leselfes.com\/#\/schema\/person\/407a229698868b8c603874b19f37f289\",\"name\":\"lesadmin\",\"image\":{\"@type\":\"ImageObject\",\"inLanguage\":\"pt-BR\",\"@id\":\"https:\/\/dev.leselfes.com\/#\/schema\/person\/image\/\",\"url\":\"https:\/\/secure.gravatar.com\/avatar\/fdb243a028df450397b3632d862f87f6?s=96&d=mm&r=g\",\"contentUrl\":\"https:\/\/secure.gravatar.com\/avatar\/fdb243a028df450397b3632d862f87f6?s=96&d=mm&r=g\",\"caption\":\"lesadmin\"},\"url\":\"https:\/\/www.leselfes.com\/pt-br\/author\/lesadmin\/\"}]}<\/script>\n<!-- \/ Yoast SEO Premium plugin. -->","yoast_head_json":{"title":"Dicas para incentivar seus filhos a experimentar uma col\u00f4nia de f\u00e9rias internacional - Les Elfes International Camps Switzerland","robots":{"index":"index","follow":"follow","max-snippet":"max-snippet:-1","max-image-preview":"max-image-preview:large","max-video-preview":"max-video-preview:-1"},"canonical":"https:\/\/www.leselfes.com\/pt-br\/dicas-para-incentivar-seus-filhos-a-experimentar-uma-colonia-de-ferias-internacional\/","og_locale":"pt_BR","og_type":"article","og_title":"Dicas para incentivar seus filhos a experimentar uma col\u00f4nia de f\u00e9rias internacional","og_description":"A col\u00f4nia de f\u00e9rias \u00e9 fundamental para o crescimento de uma crian\u00e7a. Al\u00e9m de desenvolver a confian\u00e7a, o acampamento de ver\u00e3o ajuda as crian\u00e7as a se envolverem em novas atividades,...","og_url":"https:\/\/www.leselfes.com\/pt-br\/dicas-para-incentivar-seus-filhos-a-experimentar-uma-colonia-de-ferias-internacional\/","og_site_name":"Les Elfes International Camps Switzerland","article_publisher":"https:\/\/www.facebook.com\/LesElfesVerbier","article_published_time":"2021-05-18T04:36:10+00:00","article_modified_time":"2024-11-12T11:17:04+00:00","og_image":[{"width":1200,"height":900,"url":"https:\/\/dev.leselfes.com\/wp-content\/uploads\/2021\/05\/Tips-to-Encourage-Your-Kids.jpg","type":"image\/jpeg"}],"author":"lesadmin","twitter_card":"summary_large_image","twitter_creator":"@LesElfesCamps","twitter_site":"@LesElfesCamps","twitter_misc":{"Escrito por":"lesadmin","Est. tempo de leitura":"13 minutos"},"schema":{"@context":"https:\/\/schema.org","@graph":[{"@type":"Article","@id":"https:\/\/www.leselfes.com\/pt-br\/dicas-para-incentivar-seus-filhos-a-experimentar-uma-colonia-de-ferias-internacional\/#article","isPartOf":{"@id":"https:\/\/www.leselfes.com\/pt-br\/dicas-para-incentivar-seus-filhos-a-experimentar-uma-colonia-de-ferias-internacional\/"},"author":{"name":"lesadmin","@id":"https:\/\/dev.leselfes.com\/#\/schema\/person\/407a229698868b8c603874b19f37f289"},"headline":"Dicas para incentivar seus filhos a experimentar uma col\u00f4nia de f\u00e9rias internacional","datePublished":"2021-05-18T04:36:10+00:00","dateModified":"2024-11-12T11:17:04+00:00","mainEntityOfPage":{"@id":"https:\/\/www.leselfes.com\/pt-br\/dicas-para-incentivar-seus-filhos-a-experimentar-uma-colonia-de-ferias-internacional\/"},"wordCount":2656,"publisher":{"@id":"https:\/\/dev.leselfes.com\/#organization"},"image":{"@id":"https:\/\/www.leselfes.com\/pt-br\/dicas-para-incentivar-seus-filhos-a-experimentar-uma-colonia-de-ferias-internacional\/#primaryimage"},"thumbnailUrl":"https:\/\/www.leselfes.com\/wp-content\/uploads\/2021\/05\/Tips-to-Encourage-Your-Kids.jpg","articleSection":["Acampamento de ver\u00e3o","Artigos"],"inLanguage":"pt-BR"},{"@type":"WebPage","@id":"https:\/\/www.leselfes.com\/pt-br\/dicas-para-incentivar-seus-filhos-a-experimentar-uma-colonia-de-ferias-internacional\/","url":"https:\/\/www.leselfes.com\/pt-br\/dicas-para-incentivar-seus-filhos-a-experimentar-uma-colonia-de-ferias-internacional\/","name":"Dicas para incentivar seus filhos a experimentar uma col\u00f4nia de f\u00e9rias internacional - Les Elfes International Camps Switzerland","isPartOf":{"@id":"https:\/\/dev.leselfes.com\/#website"},"primaryImageOfPage":{"@id":"https:\/\/www.leselfes.com\/pt-br\/dicas-para-incentivar-seus-filhos-a-experimentar-uma-colonia-de-ferias-internacional\/#primaryimage"},"image":{"@id":"https:\/\/www.leselfes.com\/pt-br\/dicas-para-incentivar-seus-filhos-a-experimentar-uma-colonia-de-ferias-internacional\/#primaryimage"},"thumbnailUrl":"https:\/\/www.leselfes.com\/wp-content\/uploads\/2021\/05\/Tips-to-Encourage-Your-Kids.jpg","datePublished":"2021-05-18T04:36:10+00:00","dateModified":"2024-11-12T11:17:04+00:00","breadcrumb":{"@id":"https:\/\/www.leselfes.com\/pt-br\/dicas-para-incentivar-seus-filhos-a-experimentar-uma-colonia-de-ferias-internacional\/#breadcrumb"},"inLanguage":"pt-BR","potentialAction":[{"@type":"ReadAction","target":["https:\/\/www.leselfes.com\/pt-br\/dicas-para-incentivar-seus-filhos-a-experimentar-uma-colonia-de-ferias-internacional\/"]}]},{"@type":"ImageObject","inLanguage":"pt-BR","@id":"https:\/\/www.leselfes.com\/pt-br\/dicas-para-incentivar-seus-filhos-a-experimentar-uma-colonia-de-ferias-internacional\/#primaryimage","url":"https:\/\/www.leselfes.com\/wp-content\/uploads\/2021\/05\/Tips-to-Encourage-Your-Kids.jpg","contentUrl":"https:\/\/www.leselfes.com\/wp-content\/uploads\/2021\/05\/Tips-to-Encourage-Your-Kids.jpg","width":1200,"height":900},{"@type":"BreadcrumbList","@id":"https:\/\/www.leselfes.com\/pt-br\/dicas-para-incentivar-seus-filhos-a-experimentar-uma-colonia-de-ferias-internacional\/#breadcrumb","itemListElement":[{"@type":"ListItem","position":1,"name":"Home","item":"https:\/\/www.leselfes.com\/pt-br\/"},{"@type":"ListItem","position":2,"name":"Dicas para incentivar seus filhos a experimentar uma col\u00f4nia de f\u00e9rias internacional"}]},{"@type":"WebSite","@id":"https:\/\/dev.leselfes.com\/#website","url":"https:\/\/dev.leselfes.com\/","name":"Les Elfes International","description":"Les Elfes International, Verbier Switzerland. Summer Camp, Winter Camp, Spring Camps.","publisher":{"@id":"https:\/\/dev.leselfes.com\/#organization"},"alternateName":"Les Elfes International","potentialAction":[{"@type":"SearchAction","target":{"@type":"EntryPoint","urlTemplate":"https:\/\/dev.leselfes.com\/?s={search_term_string}"},"query-input":{"@type":"PropertyValueSpecification","valueRequired":true,"valueName":"search_term_string"}}],"inLanguage":"pt-BR"},{"@type":"Organization","@id":"https:\/\/dev.leselfes.com\/#organization","name":"Les Elfes International","alternateName":"Les Elfes International","url":"https:\/\/dev.leselfes.com\/","logo":{"@type":"ImageObject","inLanguage":"pt-BR","@id":"https:\/\/dev.leselfes.com\/#\/schema\/logo\/image\/","url":"https:\/\/www.leselfes.com\/wp-content\/uploads\/2022\/03\/leselfes-logo.png","contentUrl":"https:\/\/www.leselfes.com\/wp-content\/uploads\/2022\/03\/leselfes-logo.png","width":233,"height":51,"caption":"Les Elfes International"},"image":{"@id":"https:\/\/dev.leselfes.com\/#\/schema\/logo\/image\/"},"sameAs":["https:\/\/www.facebook.com\/LesElfesVerbier","https:\/\/x.com\/LesElfesCamps","https:\/\/www.instagram.com\/leselfes","https:\/\/www.linkedin.com\/company\/les-elfes-international","https:\/\/www.youtube.com\/user\/LesElfesVerbier"]},{"@type":"Person","@id":"https:\/\/dev.leselfes.com\/#\/schema\/person\/407a229698868b8c603874b19f37f289","name":"lesadmin","image":{"@type":"ImageObject","inLanguage":"pt-BR","@id":"https:\/\/dev.leselfes.com\/#\/schema\/person\/image\/","url":"https:\/\/secure.gravatar.com\/avatar\/fdb243a028df450397b3632d862f87f6?s=96&d=mm&r=g","contentUrl":"https:\/\/secure.gravatar.com\/avatar\/fdb243a028df450397b3632d862f87f6?s=96&d=mm&r=g","caption":"lesadmin"},"url":"https:\/\/www.leselfes.com\/pt-br\/author\/lesadmin\/"}]}},"_links":{"self":[{"href":"https:\/\/www.leselfes.com\/pt-br\/wp-json\/wp\/v2\/posts\/92315"}],"collection":[{"href":"https:\/\/www.leselfes.com\/pt-br\/wp-json\/wp\/v2\/posts"}],"about":[{"href":"https:\/\/www.leselfes.com\/pt-br\/wp-json\/wp\/v2\/types\/post"}],"author":[{"embeddable":true,"href":"https:\/\/www.leselfes.com\/pt-br\/wp-json\/wp\/v2\/users\/1"}],"replies":[{"embeddable":true,"href":"https:\/\/www.leselfes.com\/pt-br\/wp-json\/wp\/v2\/comments?post=92315"}],"version-history":[{"count":0,"href":"https:\/\/www.leselfes.com\/pt-br\/wp-json\/wp\/v2\/posts\/92315\/revisions"}],"wp:featuredmedia":[{"embeddable":true,"href":"https:\/\/www.leselfes.com\/pt-br\/wp-json\/wp\/v2\/media\/73811"}],"wp:attachment":[{"href":"https:\/\/www.leselfes.com\/pt-br\/wp-json\/wp\/v2\/media?parent=92315"}],"wp:term":[{"taxonomy":"category","embeddable":true,"href":"https:\/\/www.leselfes.com\/pt-br\/wp-json\/wp\/v2\/categories?post=92315"},{"taxonomy":"post_tag","embeddable":true,"href":"https:\/\/www.leselfes.com\/pt-br\/wp-json\/wp\/v2\/tags?post=92315"}],"curies":[{"name":"wp","href":"https:\/\/api.w.org\/{rel}","templated":true}]}}