{"id":92347,"date":"2021-04-06T07:35:10","date_gmt":"2021-04-06T05:35:10","guid":{"rendered":"https:\/\/www.leselfes.com\/como-proteger-seu-filho-da-perda-de-aprendizado-no-verao\/"},"modified":"2024-11-12T12:17:33","modified_gmt":"2024-11-12T11:17:33","slug":"como-proteger-seu-filho-da-perda-de-aprendizado-no-verao","status":"publish","type":"post","link":"https:\/\/www.leselfes.com\/pt-br\/como-proteger-seu-filho-da-perda-de-aprendizado-no-verao\/","title":{"rendered":"Como proteger seu filho da perda de aprendizado no ver\u00e3o"},"content":{"rendered":"<p>Todos os pais gostam de ver seus filhos brincando ao ar livre o dia inteiro durante o ver\u00e3o.<br \/>\nNo entanto, muita divers\u00e3o geralmente resulta em um fen\u00f4meno chamado &#8220;perda de aprendizado no ver\u00e3o&#8221;.<br \/>\nAlgumas pessoas o chamam de&nbsp;summer slide&nbsp;ou&nbsp;summer setback, mas todas essas frases se referem \u00e0 mesma coisa.  <\/p>\n<p>Depois de tr\u00eas meses de entretenimento e divers\u00e3o,&nbsp;<a style=\"font-family: var( --e-global-typography-text-font-family ), Noto Sans; font-weight: var( --e-global-typography-text-font-weight ); background-color: #ffffff;\" href=\"https:\/\/www.leselfes.com\/pt-br\/?p=92106\">As crian\u00e7as precisam de tempo<\/a>&nbsp;para recuperar o conhecimento que tinham antes do ver\u00e3o. Os estudos confirmam que a maioria dos alunos &nbsp;Voc\u00ea <a style=\"font-family: var( --e-global-typography-text-font-family ), Noto Sans; font-weight: var( --e-global-typography-text-font-weight ); background-color: #ffffff;\" href=\"https:\/\/www.k12dive.com\/news\/study-more-than-half-of-students-lost-39-of-years-learning-over-summer\/581365\/\">perde cerca de 39%<\/a>&nbsp;do aprendizado anual durante o ver\u00e3o. Por isso, muitos pais est\u00e3o tentando encontrar uma forma de&nbsp;proteger seus filhos da perda de aprendizado no ver\u00e3o. <\/p>\n<p>Se voc\u00ea \u00e9 um desses pais, ent\u00e3o temos \u00f3timas not\u00edcias para voc\u00ea.&nbsp; Os m\u00e9todos que os&nbsp;acampamentos de ver\u00e3o&nbsp;utilizam s\u00e3o provavelmente os melhores, pois usam muitos&nbsp;m\u00e9todos divertidos para aprimorar o conhecimento&nbsp;e as habilidades das crian\u00e7as durante o ver\u00e3o.<br \/>\nVoc\u00ea pode fazer algumas coisas para manter seu filho mentalmente forte durante o ver\u00e3o e prepar\u00e1-lo adequadamente para o pr\u00f3ximo ano letivo. <\/p>\n<div id=\"ez-toc-container\" class=\"ez-toc-v2_0_73 ez-toc-wrap-left counter-hierarchy ez-toc-counter ez-toc-grey ez-toc-container-direction\">\n<div class=\"ez-toc-title-container\">\n<span class=\"ez-toc-title ez-toc-toggle\" style=\"cursor:pointer\">Table of Contents<\/span>\n<span class=\"ez-toc-title-toggle\"><a href=\"#\" class=\"ez-toc-pull-right ez-toc-btn ez-toc-btn-xs ez-toc-btn-default ez-toc-toggle\" aria-label=\"Alternar tabela de conte\u00fado\"><span class=\"ez-toc-js-icon-con\"><span class=\"\"><span class=\"eztoc-hide\" style=\"display:none;\">Toggle<\/span><span class=\"ez-toc-icon-toggle-span\"><svg style=\"fill: #999;color:#999\" xmlns=\"http:\/\/www.w3.org\/2000\/svg\" class=\"list-377408\" width=\"20px\" height=\"20px\" viewBox=\"0 0 24 24\" fill=\"none\"><path d=\"M6 6H4v2h2V6zm14 0H8v2h12V6zM4 11h2v2H4v-2zm16 0H8v2h12v-2zM4 16h2v2H4v-2zm16 0H8v2h12v-2z\" fill=\"currentColor\"><\/path><\/svg><svg style=\"fill: #999;color:#999\" class=\"arrow-unsorted-368013\" xmlns=\"http:\/\/www.w3.org\/2000\/svg\" width=\"10px\" height=\"10px\" viewBox=\"0 0 24 24\" version=\"1.2\" baseProfile=\"tiny\"><path d=\"M18.2 9.3l-6.2-6.3-6.2 6.3c-.2.2-.3.4-.3.7s.1.5.3.7c.2.2.4.3.7.3h11c.3 0 .5-.1.7-.3.2-.2.3-.5.3-.7s-.1-.5-.3-.7zM5.8 14.7l6.2 6.3 6.2-6.3c.2-.2.3-.5.3-.7s-.1-.5-.3-.7c-.2-.2-.4-.3-.7-.3h-11c-.3 0-.5.1-.7.3-.2.2-.3.5-.3.7s.1.5.3.7z\"\/><\/svg><\/span><\/span><\/span><\/a><\/span><\/div>\n<nav><ul class='ez-toc-list ez-toc-list-level-1 eztoc-toggle-hide-by-default' ><li class='ez-toc-page-1 ez-toc-heading-level-2'><a class=\"ez-toc-link ez-toc-heading-1\" href=\"https:\/\/www.leselfes.com\/pt-br\/como-proteger-seu-filho-da-perda-de-aprendizado-no-verao\/#Permita_que_as_criancas_melhorem_de_sua_maneira_exclusiva\" title=\"Permita que as crian\u00e7as melhorem de sua maneira exclusiva\">Permita que as crian\u00e7as melhorem de sua maneira exclusiva<\/a><\/li><li class='ez-toc-page-1 ez-toc-heading-level-2'><a class=\"ez-toc-link ez-toc-heading-2\" href=\"https:\/\/www.leselfes.com\/pt-br\/como-proteger-seu-filho-da-perda-de-aprendizado-no-verao\/#Permita_que_eles_mostrem_a_voce_o_que_sabem\" title=\"Permita que eles mostrem a voc\u00ea o que sabem\">Permita que eles mostrem a voc\u00ea o que sabem<\/a><\/li><li class='ez-toc-page-1 ez-toc-heading-level-2'><a class=\"ez-toc-link ez-toc-heading-3\" href=\"https:\/\/www.leselfes.com\/pt-br\/como-proteger-seu-filho-da-perda-de-aprendizado-no-verao\/#Ajude-os_a_melhorar_ainda_mais\" title=\"Ajude-os a melhorar ainda mais\">Ajude-os a melhorar ainda mais<\/a><\/li><li class='ez-toc-page-1 ez-toc-heading-level-2'><a class=\"ez-toc-link ez-toc-heading-4\" href=\"https:\/\/www.leselfes.com\/pt-br\/como-proteger-seu-filho-da-perda-de-aprendizado-no-verao\/#Ajude-os_a_organizar_seu_tempo\" title=\"Ajude-os a organizar seu tempo\">Ajude-os a organizar seu tempo<\/a><\/li><li class='ez-toc-page-1 ez-toc-heading-level-2'><a class=\"ez-toc-link ez-toc-heading-5\" href=\"https:\/\/www.leselfes.com\/pt-br\/como-proteger-seu-filho-da-perda-de-aprendizado-no-verao\/#Permita_que_eles_estudem_com_amigos\" title=\"Permita que eles estudem com amigos\">Permita que eles estudem com amigos<\/a><\/li><li class='ez-toc-page-1 ez-toc-heading-level-2'><a class=\"ez-toc-link ez-toc-heading-6\" href=\"https:\/\/www.leselfes.com\/pt-br\/como-proteger-seu-filho-da-perda-de-aprendizado-no-verao\/#No_final_permita_que_eles_participem_de_acampamentos_de_verao\" title=\"No final, permita que eles participem de acampamentos de ver\u00e3o\">No final, permita que eles participem de acampamentos de ver\u00e3o<\/a><\/li><li class='ez-toc-page-1 ez-toc-heading-level-2'><a class=\"ez-toc-link ez-toc-heading-7\" href=\"https:\/\/www.leselfes.com\/pt-br\/como-proteger-seu-filho-da-perda-de-aprendizado-no-verao\/#Pensamento_final\" title=\"Pensamento final\">Pensamento final<\/a><\/li><li class='ez-toc-page-1 ez-toc-heading-level-2'><a class=\"ez-toc-link ez-toc-heading-8\" href=\"https:\/\/www.leselfes.com\/pt-br\/como-proteger-seu-filho-da-perda-de-aprendizado-no-verao\/#Voce_esta_procurando_um_acampamento_de_verao_para_seu_filho\" title=\"Voc\u00ea est\u00e1 procurando um acampamento de ver\u00e3o para seu filho?\">Voc\u00ea est\u00e1 procurando um acampamento de ver\u00e3o para seu filho?<\/a><\/li><\/ul><\/nav><\/div>\n\n<p style=\"text-align: center;\">Voc\u00ea est\u00e1 pensando em matricular seu filho em um acampamento de ver\u00e3o em 2021?  <\/p>\n<p style=\"text-align: center;\">Descubra o que Les Elfes tem a oferecer!<\/p>\n<p>\t\t\t<a href=\"https:\/\/www.leselfes.com\/pt-br\/?page_id=89241\" target=\"_blank\" role=\"button\" rel=\"noopener\"><br \/>  Acampamento de ver\u00e3o Les Elfes<br \/>\n\t\t\t\t\t<\/a><\/p><\/p>\n\n\n<p>\n<\/p><\/p>\n\n\n<h2 class=\"wp-block-heading\"><span class=\"ez-toc-section\" id=\"Permita_que_as_criancas_melhorem_de_sua_maneira_exclusiva\"><\/span>Permita que as crian\u00e7as melhorem de sua maneira exclusiva<span class=\"ez-toc-section-end\"><\/span><\/h2>\n<p>\n<\/p><\/p>\n\n\n<figure><img loading=\"lazy\" decoding=\"async\" src=\"https:\/\/www.leselfes.com\/wp-content\/uploads\/2021\/06\/Les-Elfes-International-Summer-camp-summer-learning-loss-resized-1200px.jpg\" alt=\"Les Elfes International Acampamento de ver&#xE3;o perda de aprendizado no ver&#xE3;o  \" width=\"1200\" height=\"800\"\/><\/figure>\n<p>\n<\/p><\/p>\n\n\n<p>As crian\u00e7as t\u00eam diferentes interesses, h\u00e1bitos, gostos e&#8230; maneiras de aprimorar seus conhecimentos!\nEm primeiro lugar, seus filhos precisam encontrar a paix\u00e3o deles ou, pelo menos, algo que os fa\u00e7a felizes.\nN\u00e3o negligencie a paix\u00e3o deles por escrever, arte, hist\u00f3ria, cinema ou qualquer outra coisa que possa parecer irrelevante para voc\u00ea.\nTodos t\u00eam o direito de escolher, inclusive a gera\u00e7\u00e3o mais jovem!     <\/p>\n<p>\n<\/p><\/p>\n\n\n<p>Apesar disso, os acampamentos de ver\u00e3o geralmente permitem que as crian\u00e7as escolham sozinhas seu estilo de aprendizado.\n\u00c9 exatamente isso que voc\u00ea deve fazer.\nSe seus filhos n\u00e3o gostam muito de ler, isso n\u00e3o significa que eles sejam pregui\u00e7osos.\nEm vez disso, talvez eles gostem de coletar diferentes informa\u00e7\u00f5es de conte\u00fado de v\u00eddeo, pois se lembram delas com muito mais facilidade.   <\/p>\n<p>\n<\/p><\/p>\n\n\n<h2 class=\"wp-block-heading\"><span class=\"ez-toc-section\" id=\"Permita_que_eles_mostrem_a_voce_o_que_sabem\"><\/span>Permita que eles mostrem a voc\u00ea o que sabem<span class=\"ez-toc-section-end\"><\/span><\/h2>\n<p>\n<\/p><\/p>\n\n\n<p><a href=\"https:\/\/www.leselfes.com\/pt-br\/atualizacao-da-colonia-de-ferias-em-meio-a-pandemia-do-coronavirus\/\">Os acampamentos de ver\u00e3o<\/a> (ou acampamentos educacionais em geral) ajudam as crian\u00e7as a aplicar tudo o que sabem no mundo real. \u00c9 prov\u00e1vel que seus filhos tenham certos talentos e que algumas aulas na escola sejam as preferidas deles. Se eles tiverem conhecimentos de matem\u00e1tica, hist\u00f3ria, biologia ou qualquer outra coisa, permita que eles mostrem isso a voc\u00ea. Em outras palavras, deixe que eles sejam seus professores!   <\/p>\n<p>\n<\/p><\/p>\n\n\n<p>H\u00e1 dois motivos pelos quais esse m\u00e9todo funciona.\nEm primeiro lugar, as crian\u00e7as ter\u00e3o a chance de repassar mais uma vez as li\u00e7\u00f5es do ano letivo anterior.\nApesar disso, os jovens adultos ficar\u00e3o mais confiantes em seu conhecimento e orgulhosos porque tiveram a chance de ensinar algo novo aos seus modelos (pais).  <\/p>\n<p>\n<\/p><\/p>\n\n\n<h2 class=\"wp-block-heading\"><span class=\"ez-toc-section\" id=\"Ajude-os_a_melhorar_ainda_mais\"><\/span>Ajude-os a melhorar ainda mais<span class=\"ez-toc-section-end\"><\/span><\/h2>\n<p>\n<\/p><\/p>\n\n\n<figure><img loading=\"lazy\" decoding=\"async\" src=\"https:\/\/www.leselfes.com\/wp-content\/uploads\/2021\/06\/Les-Elfes-International-Summer-camp-summer-camp-to-improve-kids-knowledge-resized.jpg\" alt=\"Les Elfes International Summer camp - acampamento de ver&#xE3;o para aprimorar o conhecimento das crian&#xE7;as\" width=\"1200\" height=\"696\"\/><\/figure>\n<p>\n<\/p><\/p>\n\n\n<p>D\u00ea a seu filho o apoio necess\u00e1rio.\nVoc\u00ea n\u00e3o precisa ser um especialista em algo para ajudar seu filho a aprimorar o conhecimento dele, como os mentores em acampamentos de ver\u00e3o.\nA \u00fanica coisa que voc\u00ea precisa investir \u00e9 o seu tempo!\n\u00c9 \u00f3timo que seu filho passe muito tempo fora de casa durante o ver\u00e3o.\nNo entanto, algumas tarefas precisam existir (mesmo que durem uma hora por dia).    <\/p>\n<p>\n<\/p><\/p>\n\n\n<p>Vamos usar um exemplo para deixar as coisas claras.\nSe o seu filho tem potencial para se tornar um bom escritor, o aprimoramento dele n\u00e3o deve parar durante o <a href=\"\">ver\u00e3o<\/a>.\nVoc\u00ea pode, por exemplo, pedir a ele que escreva reda\u00e7\u00f5es uma vez a cada dois dias e destacar os erros que ele est\u00e1 cometendo.\nEntretanto, se voc\u00ea n\u00e3o for um bom escritor, pode pedir ajuda a especialistas da <a href=\"\">TrustMyPaper<\/a> e de outras empresas de reda\u00e7\u00e3o on-line.\nOs profissionais t\u00eam a experi\u00eancia necess\u00e1ria para ajudar os jovens adultos a melhorar seus erros e a se tornarem especialistas um dia.    <\/p>\n<p>\n<\/p><\/p>\n\n\n<p>A quest\u00e3o \u00e9 que as crian\u00e7as precisam entender que n\u00e3o est\u00e3o sozinhas!\nIsso as motivar\u00e1 a trabalhar duro mesmo quando todos os seus amigos estiverem brincando ao ar livre. <\/p>\n<p>\n<\/p><\/p>\n\n\n<h2 class=\"wp-block-heading\"><span class=\"ez-toc-section\" id=\"Ajude-os_a_organizar_seu_tempo\"><\/span>Ajude-os a organizar seu tempo<span class=\"ez-toc-section-end\"><\/span><\/h2>\n<p>\n<\/p><\/p>\n\n\n<p>\u00c9 claro que ningu\u00e9m diz que as crian\u00e7as devem passar o dia inteiro em casa aprendendo coisas novas.\nEm vez disso, elas devem saber como organizar seu tempo adequadamente e garantir que haja espa\u00e7o suficiente em sua rotina di\u00e1ria para o aprendizado. <\/p>\n<p>\n<\/p><\/p>\n\n\n<p>Voc\u00ea acha que as crian\u00e7as que participam de acampamentos de ver\u00e3o estudam o dia inteiro?\nNa verdade, \u00e9 exatamente o contr\u00e1rio, elas passam a maior parte do tempo na natureza, brincando e se divertindo.\nNo entanto, o tempo livre serve como uma esp\u00e9cie de recompensa ap\u00f3s uma ou duas horas de aprimoramento do conhecimento.  <\/p>\n<p>\n<\/p><\/p>\n\n\n<p>Fa\u00e7a o mesmo!\nSeu filho pode come\u00e7ar a ler, resolver problemas de matem\u00e1tica pela manh\u00e3, ou qualquer outra coisa, e o resto do dia ele pode passar no celular ou na rua com os amigos.\nDessa forma, sempre que a tarefa que ele tem parecer dif\u00edcil, a recompensa que ele pode receber o motivar\u00e1.  <\/p>\n<p>\n<\/p><\/p>\n\n\n<h2 class=\"wp-block-heading\"><span class=\"ez-toc-section\" id=\"Permita_que_eles_estudem_com_amigos\"><\/span>Permita que eles estudem com amigos<span class=\"ez-toc-section-end\"><\/span><\/h2>\n<p>\n<\/p><\/p>\n\n\n<figure><img loading=\"lazy\" decoding=\"async\" src=\"https:\/\/www.leselfes.com\/wp-content\/uploads\/2021\/06\/Les-Elfes-International-Summer-camp-importance-of-freindship.jpg\" alt=\"Acampamento internacional de ver&#xE3;o Les Elfes import&#xE2;ncia da amizade\" width=\"900\" height=\"608\"\/><\/figure>\n<p>\n<\/p><\/p>\n\n\n<p>Por que jogar \u00e9 a \u00fanica coisa que seus filhos podem fazer com os amigos?\nEles n\u00e3o podem se tornar companheiros de equipe quando realizam tarefas tamb\u00e9m?\nMais uma vez, precisamos repetir: as crian\u00e7as n\u00e3o devem se sentir sozinhas!\nO aprimoramento do conhecimento n\u00e3o deve ser um castigo e, se o melhor amigo deles tiver as mesmas tarefas, eles aceitar\u00e3o isso como parte da rotina di\u00e1ria de ver\u00e3o.     <\/p>\n<p>\n<\/p><\/p>\n\n\n<h2 class=\"wp-block-heading\"><span class=\"ez-toc-section\" id=\"No_final_permita_que_eles_participem_de_acampamentos_de_verao\"><\/span>No final, permita que eles participem de acampamentos de ver\u00e3o<span class=\"ez-toc-section-end\"><\/span><\/h2>\n<p>\n<\/p><\/p>\n\n\n<p>Os programas <a href=\"https:\/\/www.leselfes.com\/boys-and-girls-summer-camp\/\">de acampamento de ver\u00e3o<\/a> nunca se concentram apenas no conhecimento\/aperfei\u00e7oamento mental de uma crian\u00e7a. Os alunos tamb\u00e9m ter\u00e3o tempo suficiente para brincar, passar tempo na natureza e fazer novas amizades (n\u00e3o se esque\u00e7a de como a socializa\u00e7\u00e3o \u00e9 importante). <\/p>\n<p>\n<\/p><\/p>\n\n\n<p>Em outras palavras, passar um tempo em acampamentos de ver\u00e3o ajudar\u00e1 as crian\u00e7as a melhorar sua autodisciplina.\nElas aprender\u00e3o a organizar seu tempo adequadamente e a se proteger da <b>perda de aprendizado no ver\u00e3o<\/b>.\nSer\u00e1 muito mais f\u00e1cil orientar seu filho nessas condi\u00e7\u00f5es.\nSeu \u00fanico dever ser\u00e1 dar o apoio necess\u00e1rio que toda crian\u00e7a precisa.   <\/p>\n<p>\n<\/p><\/p>\n\n\n<h2 class=\"wp-block-heading\"><span class=\"ez-toc-section\" id=\"Pensamento_final\"><\/span>Pensamento final<span class=\"ez-toc-section-end\"><\/span><\/h2>\n<p>\n<\/p><\/p>\n\n\n<p>A perda de aprendizado no ver\u00e3o n\u00e3o \u00e9 algo que os pais devam temer.\nEles s\u00f3 precisam reagir adequadamente e motivar seus <a href=\"\">filhos a permanecerem psicologicamente ativos durante o ver\u00e3o<\/a>.\nNem mesmo tente dizer algo como &#8220;Voc\u00ea precisa aprender&#8221; ou &#8220;N\u00e3o permitirei que voc\u00ea saia se n\u00e3o cumprir suas tarefas&#8221;.\nEssa abordagem tornar\u00e1 as coisas ainda piores e seu filho considerar\u00e1 o aprimoramento do conhecimento no ver\u00e3o como uma puni\u00e7\u00e3o.\nTente fazer com que todas as <a href=\"\">atividades sejam divertidas ou simplesmente permita que eles participem de acampamentos de ver\u00e3o<\/a>.\n\u00c9 nesse lugar que eles ver\u00e3o como estudar no ver\u00e3o tamb\u00e9m pode ser legal!     <\/p>\n<p>\n<\/p><\/p>\n\n\n<p>BIO:<\/p>\n<p>\n<\/p><\/p>\n\n\n<p>Donald Fomby \u00e9 escritor freelancer e um membro valioso da equipe de reda\u00e7\u00e3o da <a href=\"https:\/\/supremedissertations.com\/\">Supreme Dissertations.<\/a> Em uma idade relativamente jovem, ele j\u00e1 acumulou uma experi\u00eancia impressionante como escritor freelancer. Em seu tempo livre, Donald \u00e9 um volunt\u00e1rio ativo e tem como objetivo ajudar organiza\u00e7\u00f5es sem fins lucrativos a atrair novos volunt\u00e1rios.   <\/p>\n<p>\n<\/p><\/p>\n<h2 style=\"text-align: center;\"><span class=\"ez-toc-section\" id=\"Voce_esta_procurando_um_acampamento_de_verao_para_seu_filho\"><\/span>Voc\u00ea est\u00e1 procurando um acampamento de ver\u00e3o para seu filho?<span class=\"ez-toc-section-end\"><\/span><\/h2>\n<p>\t\t\t <a href=\"https:\/\/www.leselfes.com\/pt-br\/?page_id=89241\" target=\"_blank\" role=\"button\" rel=\"noopener\"><br \/> VISITE NOSSA P\u00c1GINA DE ACAMPAMENTO DE VER\u00c3O<br \/><\/a><br \/><a href=\"https:\/\/www.leselfes.com\/contact-quote-request\/\" target=\"_blank\" role=\"button\" rel=\"noopener\"><br \/> ENTRE EM CONTATO COM NOSSA SEDE<br \/><\/a><\/p>\n","protected":false},"excerpt":{"rendered":"<p>Todos os pais gostam de ver seus filhos brincando ao ar livre o dia inteiro durante o ver\u00e3o. No entanto, muita divers\u00e3o geralmente resulta em um fen\u00f4meno chamado &#8220;perda de&#8230;<\/p>\n","protected":false},"author":1,"featured_media":74041,"comment_status":"open","ping_status":"open","sticky":false,"template":"","format":"standard","meta":{"_acf_changed":false,"inline_featured_image":false,"footnotes":""},"categories":[1369,1351],"tags":[1700],"class_list":{"0":"post-92347","1":"post","2":"type-post","3":"status-publish","4":"format-standard","5":"has-post-thumbnail","7":"category-acampamento-de-verao-pt-br","8":"category-artigos-pt-br","9":"tag-perda-de-aprendizado-no-verao"},"acf":[],"yoast_head":"<!-- This site is optimized with the Yoast SEO Premium plugin v24.2 (Yoast SEO v24.7) - https:\/\/yoast.com\/wordpress\/plugins\/seo\/ -->\n<title>Como proteger seu filho da perda de aprendizado no ver\u00e3o - Les Elfes International Camps Switzerland<\/title>\n<meta name=\"robots\" content=\"index, follow, max-snippet:-1, max-image-preview:large, max-video-preview:-1\" \/>\n<link rel=\"canonical\" href=\"https:\/\/www.leselfes.com\/pt-br\/como-proteger-seu-filho-da-perda-de-aprendizado-no-verao\/\" \/>\n<meta property=\"og:locale\" content=\"pt_BR\" \/>\n<meta property=\"og:type\" content=\"article\" \/>\n<meta property=\"og:title\" content=\"Como proteger seu filho da perda de aprendizado no ver\u00e3o\" \/>\n<meta property=\"og:description\" content=\"Todos os pais gostam de ver seus filhos brincando ao ar livre o dia inteiro durante o ver\u00e3o. No entanto, muita divers\u00e3o geralmente resulta em um fen\u00f4meno chamado &#8220;perda de...\" \/>\n<meta property=\"og:url\" content=\"https:\/\/www.leselfes.com\/pt-br\/como-proteger-seu-filho-da-perda-de-aprendizado-no-verao\/\" \/>\n<meta property=\"og:site_name\" content=\"Les Elfes International Camps Switzerland\" \/>\n<meta property=\"article:publisher\" content=\"https:\/\/www.facebook.com\/LesElfesVerbier\" \/>\n<meta property=\"article:published_time\" content=\"2021-04-06T05:35:10+00:00\" \/>\n<meta property=\"article:modified_time\" content=\"2024-11-12T11:17:33+00:00\" \/>\n<meta property=\"og:image\" content=\"https:\/\/dev.leselfes.com\/wp-content\/uploads\/2021\/04\/How-to-Protect-Your-Child-From-Summer-Learning-Loss.jpg\" \/>\n\t<meta property=\"og:image:width\" content=\"1200\" \/>\n\t<meta property=\"og:image:height\" content=\"628\" \/>\n\t<meta property=\"og:image:type\" content=\"image\/jpeg\" \/>\n<meta name=\"author\" content=\"lesadmin\" \/>\n<meta name=\"twitter:card\" content=\"summary_large_image\" \/>\n<meta name=\"twitter:creator\" content=\"@LesElfesCamps\" \/>\n<meta name=\"twitter:site\" content=\"@LesElfesCamps\" \/>\n<meta name=\"twitter:label1\" content=\"Escrito por\" \/>\n\t<meta name=\"twitter:data1\" content=\"lesadmin\" \/>\n\t<meta name=\"twitter:label2\" content=\"Est. tempo de leitura\" \/>\n\t<meta name=\"twitter:data2\" content=\"7 minutos\" \/>\n<script type=\"application\/ld+json\" class=\"yoast-schema-graph\">{\"@context\":\"https:\/\/schema.org\",\"@graph\":[{\"@type\":\"Article\",\"@id\":\"https:\/\/www.leselfes.com\/pt-br\/como-proteger-seu-filho-da-perda-de-aprendizado-no-verao\/#article\",\"isPartOf\":{\"@id\":\"https:\/\/www.leselfes.com\/pt-br\/como-proteger-seu-filho-da-perda-de-aprendizado-no-verao\/\"},\"author\":{\"name\":\"lesadmin\",\"@id\":\"https:\/\/dev.leselfes.com\/#\/schema\/person\/407a229698868b8c603874b19f37f289\"},\"headline\":\"Como proteger seu filho da perda de aprendizado no ver\u00e3o\",\"datePublished\":\"2021-04-06T05:35:10+00:00\",\"dateModified\":\"2024-11-12T11:17:33+00:00\",\"mainEntityOfPage\":{\"@id\":\"https:\/\/www.leselfes.com\/pt-br\/como-proteger-seu-filho-da-perda-de-aprendizado-no-verao\/\"},\"wordCount\":1314,\"commentCount\":0,\"publisher\":{\"@id\":\"https:\/\/dev.leselfes.com\/#organization\"},\"image\":{\"@id\":\"https:\/\/www.leselfes.com\/pt-br\/como-proteger-seu-filho-da-perda-de-aprendizado-no-verao\/#primaryimage\"},\"thumbnailUrl\":\"https:\/\/www.leselfes.com\/wp-content\/uploads\/2021\/04\/How-to-Protect-Your-Child-From-Summer-Learning-Loss.jpg\",\"keywords\":[\"Perda de aprendizado no ver\u00e3o\"],\"articleSection\":[\"Acampamento de ver\u00e3o\",\"Artigos\"],\"inLanguage\":\"pt-BR\",\"potentialAction\":[{\"@type\":\"CommentAction\",\"name\":\"Comment\",\"target\":[\"https:\/\/www.leselfes.com\/pt-br\/como-proteger-seu-filho-da-perda-de-aprendizado-no-verao\/#respond\"]}]},{\"@type\":\"WebPage\",\"@id\":\"https:\/\/www.leselfes.com\/pt-br\/como-proteger-seu-filho-da-perda-de-aprendizado-no-verao\/\",\"url\":\"https:\/\/www.leselfes.com\/pt-br\/como-proteger-seu-filho-da-perda-de-aprendizado-no-verao\/\",\"name\":\"Como proteger seu filho da perda de aprendizado no ver\u00e3o - Les Elfes International Camps Switzerland\",\"isPartOf\":{\"@id\":\"https:\/\/dev.leselfes.com\/#website\"},\"primaryImageOfPage\":{\"@id\":\"https:\/\/www.leselfes.com\/pt-br\/como-proteger-seu-filho-da-perda-de-aprendizado-no-verao\/#primaryimage\"},\"image\":{\"@id\":\"https:\/\/www.leselfes.com\/pt-br\/como-proteger-seu-filho-da-perda-de-aprendizado-no-verao\/#primaryimage\"},\"thumbnailUrl\":\"https:\/\/www.leselfes.com\/wp-content\/uploads\/2021\/04\/How-to-Protect-Your-Child-From-Summer-Learning-Loss.jpg\",\"datePublished\":\"2021-04-06T05:35:10+00:00\",\"dateModified\":\"2024-11-12T11:17:33+00:00\",\"breadcrumb\":{\"@id\":\"https:\/\/www.leselfes.com\/pt-br\/como-proteger-seu-filho-da-perda-de-aprendizado-no-verao\/#breadcrumb\"},\"inLanguage\":\"pt-BR\",\"potentialAction\":[{\"@type\":\"ReadAction\",\"target\":[\"https:\/\/www.leselfes.com\/pt-br\/como-proteger-seu-filho-da-perda-de-aprendizado-no-verao\/\"]}]},{\"@type\":\"ImageObject\",\"inLanguage\":\"pt-BR\",\"@id\":\"https:\/\/www.leselfes.com\/pt-br\/como-proteger-seu-filho-da-perda-de-aprendizado-no-verao\/#primaryimage\",\"url\":\"https:\/\/www.leselfes.com\/wp-content\/uploads\/2021\/04\/How-to-Protect-Your-Child-From-Summer-Learning-Loss.jpg\",\"contentUrl\":\"https:\/\/www.leselfes.com\/wp-content\/uploads\/2021\/04\/How-to-Protect-Your-Child-From-Summer-Learning-Loss.jpg\",\"width\":1200,\"height\":628},{\"@type\":\"BreadcrumbList\",\"@id\":\"https:\/\/www.leselfes.com\/pt-br\/como-proteger-seu-filho-da-perda-de-aprendizado-no-verao\/#breadcrumb\",\"itemListElement\":[{\"@type\":\"ListItem\",\"position\":1,\"name\":\"Home\",\"item\":\"https:\/\/www.leselfes.com\/pt-br\/\"},{\"@type\":\"ListItem\",\"position\":2,\"name\":\"Como proteger seu filho da perda de aprendizado no ver\u00e3o\"}]},{\"@type\":\"WebSite\",\"@id\":\"https:\/\/dev.leselfes.com\/#website\",\"url\":\"https:\/\/dev.leselfes.com\/\",\"name\":\"Les Elfes International\",\"description\":\"Les Elfes International, Verbier Switzerland. Summer Camp, Winter Camp, Spring Camps.\",\"publisher\":{\"@id\":\"https:\/\/dev.leselfes.com\/#organization\"},\"alternateName\":\"Les Elfes International\",\"potentialAction\":[{\"@type\":\"SearchAction\",\"target\":{\"@type\":\"EntryPoint\",\"urlTemplate\":\"https:\/\/dev.leselfes.com\/?s={search_term_string}\"},\"query-input\":{\"@type\":\"PropertyValueSpecification\",\"valueRequired\":true,\"valueName\":\"search_term_string\"}}],\"inLanguage\":\"pt-BR\"},{\"@type\":\"Organization\",\"@id\":\"https:\/\/dev.leselfes.com\/#organization\",\"name\":\"Les Elfes International\",\"alternateName\":\"Les Elfes International\",\"url\":\"https:\/\/dev.leselfes.com\/\",\"logo\":{\"@type\":\"ImageObject\",\"inLanguage\":\"pt-BR\",\"@id\":\"https:\/\/dev.leselfes.com\/#\/schema\/logo\/image\/\",\"url\":\"https:\/\/www.leselfes.com\/wp-content\/uploads\/2022\/03\/leselfes-logo.png\",\"contentUrl\":\"https:\/\/www.leselfes.com\/wp-content\/uploads\/2022\/03\/leselfes-logo.png\",\"width\":233,\"height\":51,\"caption\":\"Les Elfes International\"},\"image\":{\"@id\":\"https:\/\/dev.leselfes.com\/#\/schema\/logo\/image\/\"},\"sameAs\":[\"https:\/\/www.facebook.com\/LesElfesVerbier\",\"https:\/\/x.com\/LesElfesCamps\",\"https:\/\/www.instagram.com\/leselfes\",\"https:\/\/www.linkedin.com\/company\/les-elfes-international\",\"https:\/\/www.youtube.com\/user\/LesElfesVerbier\"]},{\"@type\":\"Person\",\"@id\":\"https:\/\/dev.leselfes.com\/#\/schema\/person\/407a229698868b8c603874b19f37f289\",\"name\":\"lesadmin\",\"image\":{\"@type\":\"ImageObject\",\"inLanguage\":\"pt-BR\",\"@id\":\"https:\/\/dev.leselfes.com\/#\/schema\/person\/image\/\",\"url\":\"https:\/\/secure.gravatar.com\/avatar\/fdb243a028df450397b3632d862f87f6?s=96&d=mm&r=g\",\"contentUrl\":\"https:\/\/secure.gravatar.com\/avatar\/fdb243a028df450397b3632d862f87f6?s=96&d=mm&r=g\",\"caption\":\"lesadmin\"},\"url\":\"https:\/\/www.leselfes.com\/pt-br\/author\/lesadmin\/\"}]}<\/script>\n<!-- \/ Yoast SEO Premium plugin. -->","yoast_head_json":{"title":"Como proteger seu filho da perda de aprendizado no ver\u00e3o - Les Elfes International Camps Switzerland","robots":{"index":"index","follow":"follow","max-snippet":"max-snippet:-1","max-image-preview":"max-image-preview:large","max-video-preview":"max-video-preview:-1"},"canonical":"https:\/\/www.leselfes.com\/pt-br\/como-proteger-seu-filho-da-perda-de-aprendizado-no-verao\/","og_locale":"pt_BR","og_type":"article","og_title":"Como proteger seu filho da perda de aprendizado no ver\u00e3o","og_description":"Todos os pais gostam de ver seus filhos brincando ao ar livre o dia inteiro durante o ver\u00e3o. No entanto, muita divers\u00e3o geralmente resulta em um fen\u00f4meno chamado &#8220;perda de...","og_url":"https:\/\/www.leselfes.com\/pt-br\/como-proteger-seu-filho-da-perda-de-aprendizado-no-verao\/","og_site_name":"Les Elfes International Camps Switzerland","article_publisher":"https:\/\/www.facebook.com\/LesElfesVerbier","article_published_time":"2021-04-06T05:35:10+00:00","article_modified_time":"2024-11-12T11:17:33+00:00","og_image":[{"width":1200,"height":628,"url":"https:\/\/dev.leselfes.com\/wp-content\/uploads\/2021\/04\/How-to-Protect-Your-Child-From-Summer-Learning-Loss.jpg","type":"image\/jpeg"}],"author":"lesadmin","twitter_card":"summary_large_image","twitter_creator":"@LesElfesCamps","twitter_site":"@LesElfesCamps","twitter_misc":{"Escrito por":"lesadmin","Est. tempo de leitura":"7 minutos"},"schema":{"@context":"https:\/\/schema.org","@graph":[{"@type":"Article","@id":"https:\/\/www.leselfes.com\/pt-br\/como-proteger-seu-filho-da-perda-de-aprendizado-no-verao\/#article","isPartOf":{"@id":"https:\/\/www.leselfes.com\/pt-br\/como-proteger-seu-filho-da-perda-de-aprendizado-no-verao\/"},"author":{"name":"lesadmin","@id":"https:\/\/dev.leselfes.com\/#\/schema\/person\/407a229698868b8c603874b19f37f289"},"headline":"Como proteger seu filho da perda de aprendizado no ver\u00e3o","datePublished":"2021-04-06T05:35:10+00:00","dateModified":"2024-11-12T11:17:33+00:00","mainEntityOfPage":{"@id":"https:\/\/www.leselfes.com\/pt-br\/como-proteger-seu-filho-da-perda-de-aprendizado-no-verao\/"},"wordCount":1314,"commentCount":0,"publisher":{"@id":"https:\/\/dev.leselfes.com\/#organization"},"image":{"@id":"https:\/\/www.leselfes.com\/pt-br\/como-proteger-seu-filho-da-perda-de-aprendizado-no-verao\/#primaryimage"},"thumbnailUrl":"https:\/\/www.leselfes.com\/wp-content\/uploads\/2021\/04\/How-to-Protect-Your-Child-From-Summer-Learning-Loss.jpg","keywords":["Perda de aprendizado no ver\u00e3o"],"articleSection":["Acampamento de ver\u00e3o","Artigos"],"inLanguage":"pt-BR","potentialAction":[{"@type":"CommentAction","name":"Comment","target":["https:\/\/www.leselfes.com\/pt-br\/como-proteger-seu-filho-da-perda-de-aprendizado-no-verao\/#respond"]}]},{"@type":"WebPage","@id":"https:\/\/www.leselfes.com\/pt-br\/como-proteger-seu-filho-da-perda-de-aprendizado-no-verao\/","url":"https:\/\/www.leselfes.com\/pt-br\/como-proteger-seu-filho-da-perda-de-aprendizado-no-verao\/","name":"Como proteger seu filho da perda de aprendizado no ver\u00e3o - Les Elfes International Camps Switzerland","isPartOf":{"@id":"https:\/\/dev.leselfes.com\/#website"},"primaryImageOfPage":{"@id":"https:\/\/www.leselfes.com\/pt-br\/como-proteger-seu-filho-da-perda-de-aprendizado-no-verao\/#primaryimage"},"image":{"@id":"https:\/\/www.leselfes.com\/pt-br\/como-proteger-seu-filho-da-perda-de-aprendizado-no-verao\/#primaryimage"},"thumbnailUrl":"https:\/\/www.leselfes.com\/wp-content\/uploads\/2021\/04\/How-to-Protect-Your-Child-From-Summer-Learning-Loss.jpg","datePublished":"2021-04-06T05:35:10+00:00","dateModified":"2024-11-12T11:17:33+00:00","breadcrumb":{"@id":"https:\/\/www.leselfes.com\/pt-br\/como-proteger-seu-filho-da-perda-de-aprendizado-no-verao\/#breadcrumb"},"inLanguage":"pt-BR","potentialAction":[{"@type":"ReadAction","target":["https:\/\/www.leselfes.com\/pt-br\/como-proteger-seu-filho-da-perda-de-aprendizado-no-verao\/"]}]},{"@type":"ImageObject","inLanguage":"pt-BR","@id":"https:\/\/www.leselfes.com\/pt-br\/como-proteger-seu-filho-da-perda-de-aprendizado-no-verao\/#primaryimage","url":"https:\/\/www.leselfes.com\/wp-content\/uploads\/2021\/04\/How-to-Protect-Your-Child-From-Summer-Learning-Loss.jpg","contentUrl":"https:\/\/www.leselfes.com\/wp-content\/uploads\/2021\/04\/How-to-Protect-Your-Child-From-Summer-Learning-Loss.jpg","width":1200,"height":628},{"@type":"BreadcrumbList","@id":"https:\/\/www.leselfes.com\/pt-br\/como-proteger-seu-filho-da-perda-de-aprendizado-no-verao\/#breadcrumb","itemListElement":[{"@type":"ListItem","position":1,"name":"Home","item":"https:\/\/www.leselfes.com\/pt-br\/"},{"@type":"ListItem","position":2,"name":"Como proteger seu filho da perda de aprendizado no ver\u00e3o"}]},{"@type":"WebSite","@id":"https:\/\/dev.leselfes.com\/#website","url":"https:\/\/dev.leselfes.com\/","name":"Les Elfes International","description":"Les Elfes International, Verbier Switzerland. Summer Camp, Winter Camp, Spring Camps.","publisher":{"@id":"https:\/\/dev.leselfes.com\/#organization"},"alternateName":"Les Elfes International","potentialAction":[{"@type":"SearchAction","target":{"@type":"EntryPoint","urlTemplate":"https:\/\/dev.leselfes.com\/?s={search_term_string}"},"query-input":{"@type":"PropertyValueSpecification","valueRequired":true,"valueName":"search_term_string"}}],"inLanguage":"pt-BR"},{"@type":"Organization","@id":"https:\/\/dev.leselfes.com\/#organization","name":"Les Elfes International","alternateName":"Les Elfes International","url":"https:\/\/dev.leselfes.com\/","logo":{"@type":"ImageObject","inLanguage":"pt-BR","@id":"https:\/\/dev.leselfes.com\/#\/schema\/logo\/image\/","url":"https:\/\/www.leselfes.com\/wp-content\/uploads\/2022\/03\/leselfes-logo.png","contentUrl":"https:\/\/www.leselfes.com\/wp-content\/uploads\/2022\/03\/leselfes-logo.png","width":233,"height":51,"caption":"Les Elfes International"},"image":{"@id":"https:\/\/dev.leselfes.com\/#\/schema\/logo\/image\/"},"sameAs":["https:\/\/www.facebook.com\/LesElfesVerbier","https:\/\/x.com\/LesElfesCamps","https:\/\/www.instagram.com\/leselfes","https:\/\/www.linkedin.com\/company\/les-elfes-international","https:\/\/www.youtube.com\/user\/LesElfesVerbier"]},{"@type":"Person","@id":"https:\/\/dev.leselfes.com\/#\/schema\/person\/407a229698868b8c603874b19f37f289","name":"lesadmin","image":{"@type":"ImageObject","inLanguage":"pt-BR","@id":"https:\/\/dev.leselfes.com\/#\/schema\/person\/image\/","url":"https:\/\/secure.gravatar.com\/avatar\/fdb243a028df450397b3632d862f87f6?s=96&d=mm&r=g","contentUrl":"https:\/\/secure.gravatar.com\/avatar\/fdb243a028df450397b3632d862f87f6?s=96&d=mm&r=g","caption":"lesadmin"},"url":"https:\/\/www.leselfes.com\/pt-br\/author\/lesadmin\/"}]}},"_links":{"self":[{"href":"https:\/\/www.leselfes.com\/pt-br\/wp-json\/wp\/v2\/posts\/92347"}],"collection":[{"href":"https:\/\/www.leselfes.com\/pt-br\/wp-json\/wp\/v2\/posts"}],"about":[{"href":"https:\/\/www.leselfes.com\/pt-br\/wp-json\/wp\/v2\/types\/post"}],"author":[{"embeddable":true,"href":"https:\/\/www.leselfes.com\/pt-br\/wp-json\/wp\/v2\/users\/1"}],"replies":[{"embeddable":true,"href":"https:\/\/www.leselfes.com\/pt-br\/wp-json\/wp\/v2\/comments?post=92347"}],"version-history":[{"count":0,"href":"https:\/\/www.leselfes.com\/pt-br\/wp-json\/wp\/v2\/posts\/92347\/revisions"}],"wp:featuredmedia":[{"embeddable":true,"href":"https:\/\/www.leselfes.com\/pt-br\/wp-json\/wp\/v2\/media\/74041"}],"wp:attachment":[{"href":"https:\/\/www.leselfes.com\/pt-br\/wp-json\/wp\/v2\/media?parent=92347"}],"wp:term":[{"taxonomy":"category","embeddable":true,"href":"https:\/\/www.leselfes.com\/pt-br\/wp-json\/wp\/v2\/categories?post=92347"},{"taxonomy":"post_tag","embeddable":true,"href":"https:\/\/www.leselfes.com\/pt-br\/wp-json\/wp\/v2\/tags?post=92347"}],"curies":[{"name":"wp","href":"https:\/\/api.w.org\/{rel}","templated":true}]}}