{"id":92402,"date":"2020-10-28T10:20:07","date_gmt":"2020-10-28T09:20:07","guid":{"rendered":"https:\/\/www.leselfes.com\/swiss-luxury-marcas-de-luxo-populares-da-suica\/"},"modified":"2024-11-12T12:19:26","modified_gmt":"2024-11-12T11:19:26","slug":"swiss-luxury-marcas-de-luxo-populares-da-suica","status":"publish","type":"post","link":"https:\/\/www.leselfes.com\/pt-br\/swiss-luxury-marcas-de-luxo-populares-da-suica\/","title":{"rendered":"Swiss Luxury: marcas de luxo populares da Su\u00ed\u00e7a"},"content":{"rendered":"\n<p>O setor de luxo su\u00ed\u00e7o continua crescendo apesar da desacelera\u00e7\u00e3o econ\u00f4mica global resultante da nova pandemia de Covid-19.\nA Su\u00ed\u00e7a \u00e9 um dos melhores produtores de produtos de luxo do mundo.\nNeste artigo, discutiremos brevemente algumas das principais marcas de luxo do pa\u00eds, bem como o f\u00f3rum econ\u00f4mico de Davos.    <\/p>\n\n<h2 class=\"wp-block-heading\">Marcas l\u00edderes de rel\u00f3gios su\u00ed\u00e7os de luxo<\/h2>\n\n<figure class=\"wp-block-image size-large\"><img loading=\"lazy\" decoding=\"async\" width=\"965\" height=\"436\" src=\"https:\/\/www.leselfes.com\/wp-content\/uploads\/2020\/10\/Leading-Swiss-Luxury-Watch-Brands.png\" alt=\"Marcas l&#xED;deres de rel&#xF3;gios su&#xED;&#xE7;os de luxo\" class=\"wp-image-41880\" srcset=\"https:\/\/www.leselfes.com\/wp-content\/uploads\/2020\/10\/Leading-Swiss-Luxury-Watch-Brands.png 965w, https:\/\/www.leselfes.com\/wp-content\/uploads\/2020\/10\/Leading-Swiss-Luxury-Watch-Brands-300x136.png 300w, https:\/\/www.leselfes.com\/wp-content\/uploads\/2020\/10\/Leading-Swiss-Luxury-Watch-Brands-768x347.png 768w, https:\/\/www.leselfes.com\/wp-content\/uploads\/2020\/10\/Leading-Swiss-Luxury-Watch-Brands-320x145.png 320w, https:\/\/www.leselfes.com\/wp-content\/uploads\/2020\/10\/Leading-Swiss-Luxury-Watch-Brands-640x289.png 640w, https:\/\/www.leselfes.com\/wp-content\/uploads\/2020\/10\/Leading-Swiss-Luxury-Watch-Brands-360x163.png 360w, https:\/\/www.leselfes.com\/wp-content\/uploads\/2020\/10\/Leading-Swiss-Luxury-Watch-Brands-720x325.png 720w, https:\/\/www.leselfes.com\/wp-content\/uploads\/2020\/10\/Leading-Swiss-Luxury-Watch-Brands-800x361.png 800w\" sizes=\"(max-width: 965px) 100vw, 965px\" \/><\/figure>\n\n<p>Atualmente, muitos dos <a href=\"https:\/\/www.leselfes.com\/swiss-made\/\">rel\u00f3gios<\/a> de luxo <a href=\"https:\/\/www.leselfes.com\/swiss-made\/\">vendidos em todo o mundo v\u00eam da Su\u00ed\u00e7a<\/a>. Continue lendo para conhecer algumas das principais marcas de rel\u00f3gios su\u00ed\u00e7os que resistiram ao teste do tempo. <\/p>\n\n<h3 class=\"wp-block-heading\">&#8211; Patek Philippe<\/h3>\n\n<figure class=\"wp-block-image size-large\"><img loading=\"lazy\" decoding=\"async\" width=\"1024\" height=\"582\" src=\"https:\/\/www.leselfes.com\/wp-content\/uploads\/2020\/10\/Patek-Philippe.png\" alt=\"Patek Philippe\" class=\"wp-image-41881\" srcset=\"https:\/\/www.leselfes.com\/wp-content\/uploads\/2020\/10\/Patek-Philippe.png 1024w, https:\/\/www.leselfes.com\/wp-content\/uploads\/2020\/10\/Patek-Philippe-300x171.png 300w, https:\/\/www.leselfes.com\/wp-content\/uploads\/2020\/10\/Patek-Philippe-768x437.png 768w, https:\/\/www.leselfes.com\/wp-content\/uploads\/2020\/10\/Patek-Philippe-320x182.png 320w, https:\/\/www.leselfes.com\/wp-content\/uploads\/2020\/10\/Patek-Philippe-640x364.png 640w, https:\/\/www.leselfes.com\/wp-content\/uploads\/2020\/10\/Patek-Philippe-360x205.png 360w, https:\/\/www.leselfes.com\/wp-content\/uploads\/2020\/10\/Patek-Philippe-720x409.png 720w, https:\/\/www.leselfes.com\/wp-content\/uploads\/2020\/10\/Patek-Philippe-800x455.png 800w\" sizes=\"(max-width: 1024px) 100vw, 1024px\" \/><\/figure>\n\n<p><a href=\"https:\/\/www.leselfes.com\/pt-br\/os-pais-estao-investindo-em-acampamentos-de-luxo-para-manter-seus-filhos-ativos-neste-verao\/\">Essa luxuosa<\/a> marca de rel\u00f3gios su\u00ed\u00e7os foi fundada em 1852. Seus rel\u00f3gios apresentam mec\u00e2nica sofisticada e estilo cl\u00e1ssico. Os rel\u00f3gios masculinos da Patek Philippe s\u00e3o elegantes, \u00fanicos e t\u00eam sido usados por pessoas de destaque em todo o mundo. Eles v\u00eam com um estilo extraordin\u00e1rio de assinatura e o fabricante tem mantido campanhas promocionais consistentes ao longo dos anos.     <\/p>\n\n<h3 class=\"wp-block-heading\">&#8211; Audemars Piguet<\/h3>\n\n<figure class=\"wp-block-image size-large\"><img loading=\"lazy\" decoding=\"async\" width=\"970\" height=\"551\" src=\"https:\/\/www.leselfes.com\/wp-content\/uploads\/2020\/10\/Audemars-Piguet.png\" alt=\"Audemars Piguet\" class=\"wp-image-41882\" srcset=\"https:\/\/www.leselfes.com\/wp-content\/uploads\/2020\/10\/Audemars-Piguet.png 970w, https:\/\/www.leselfes.com\/wp-content\/uploads\/2020\/10\/Audemars-Piguet-300x170.png 300w, https:\/\/www.leselfes.com\/wp-content\/uploads\/2020\/10\/Audemars-Piguet-768x436.png 768w, https:\/\/www.leselfes.com\/wp-content\/uploads\/2020\/10\/Audemars-Piguet-320x182.png 320w, https:\/\/www.leselfes.com\/wp-content\/uploads\/2020\/10\/Audemars-Piguet-640x364.png 640w, https:\/\/www.leselfes.com\/wp-content\/uploads\/2020\/10\/Audemars-Piguet-360x204.png 360w, https:\/\/www.leselfes.com\/wp-content\/uploads\/2020\/10\/Audemars-Piguet-720x409.png 720w, https:\/\/www.leselfes.com\/wp-content\/uploads\/2020\/10\/Audemars-Piguet-800x454.png 800w\" sizes=\"(max-width: 970px) 100vw, 970px\" \/><\/figure>\n\n<p>Edward-Auguste Piguet e Jules-Louis Audemars lan\u00e7aram a Audemars Piguet em 1875.\nEssa marca \u00e9 t\u00e3o predominante que algumas outras marcas usam seus movimentos.\nO fabricante produz at\u00e9 36.000 rel\u00f3gios de luxo por ano.  <\/p>\n\n<p>Ao longo dos anos, a Audemars Piguet ganhou popularidade por criar alguns dos melhores rel\u00f3gios esportivos com caixa de a\u00e7o inoxid\u00e1vel.\nA empresa produziu seu primeiro rel\u00f3gio esportivo de a\u00e7o de prest\u00edgio em 1972, que recebeu o nome de Royal Oak.\nMais tarde, a Audemars Piguet criaria o novo rel\u00f3gio de grandes dimens\u00f5es, batizado de Royal Oak Offshore, em 1993.  <\/p>\n\n<h3 class=\"wp-block-heading\">&#8211; Ulysse Nardin<\/h3>\n\n<figure class=\"wp-block-image size-large\"><img loading=\"lazy\" decoding=\"async\" width=\"985\" height=\"484\" src=\"https:\/\/www.leselfes.com\/wp-content\/uploads\/2020\/10\/Ulysse-Nardin.png\" alt=\"Ulysse Nardin\" class=\"wp-image-41883\" srcset=\"https:\/\/www.leselfes.com\/wp-content\/uploads\/2020\/10\/Ulysse-Nardin.png 985w, https:\/\/www.leselfes.com\/wp-content\/uploads\/2020\/10\/Ulysse-Nardin-300x147.png 300w, https:\/\/www.leselfes.com\/wp-content\/uploads\/2020\/10\/Ulysse-Nardin-768x377.png 768w, https:\/\/www.leselfes.com\/wp-content\/uploads\/2020\/10\/Ulysse-Nardin-320x157.png 320w, https:\/\/www.leselfes.com\/wp-content\/uploads\/2020\/10\/Ulysse-Nardin-640x314.png 640w, https:\/\/www.leselfes.com\/wp-content\/uploads\/2020\/10\/Ulysse-Nardin-360x177.png 360w, https:\/\/www.leselfes.com\/wp-content\/uploads\/2020\/10\/Ulysse-Nardin-720x354.png 720w, https:\/\/www.leselfes.com\/wp-content\/uploads\/2020\/10\/Ulysse-Nardin-800x393.png 800w\" sizes=\"(max-width: 985px) 100vw, 985px\" \/><\/figure>\n\n<p>Essa empresa <a href=\"https:\/\/www.iwc.com\/en\/specials\/swiss-luxury-watches.html\">su\u00ed\u00e7a<\/a> de fabrica\u00e7\u00e3o de <a href=\"https:\/\/www.iwc.com\/en\/specials\/swiss-luxury-watches.html\">rel\u00f3gios de luxo<\/a> foi fundada em 1846 e est\u00e1 em opera\u00e7\u00e3o desde ent\u00e3o. Al\u00e9m de rel\u00f3gios de pulso, a Ulysse Nardin \u00e9 especializada na produ\u00e7\u00e3o de ferramentas de escrita e acess\u00f3rios. Esse fabricante produz produtos de alta qualidade usando produtos exclusivos. A Ulysse Nardin tamb\u00e9m \u00e9 popularmente conhecida por sua habilidade e moderniza\u00e7\u00e3o quando se trata de criar rel\u00f3gios.     <\/p>\n\n<h3 class=\"wp-block-heading\">&#8211; Rolex<\/h3>\n\n<figure class=\"wp-block-image size-large\"><img loading=\"lazy\" decoding=\"async\" width=\"1024\" height=\"520\" src=\"https:\/\/www.leselfes.com\/wp-content\/uploads\/2020\/10\/Rolex.png\" alt=\"Rolex\" class=\"wp-image-41884\" srcset=\"https:\/\/www.leselfes.com\/wp-content\/uploads\/2020\/10\/Rolex.png 1024w, https:\/\/www.leselfes.com\/wp-content\/uploads\/2020\/10\/Rolex-300x152.png 300w, https:\/\/www.leselfes.com\/wp-content\/uploads\/2020\/10\/Rolex-768x390.png 768w, https:\/\/www.leselfes.com\/wp-content\/uploads\/2020\/10\/Rolex-320x163.png 320w, https:\/\/www.leselfes.com\/wp-content\/uploads\/2020\/10\/Rolex-640x325.png 640w, https:\/\/www.leselfes.com\/wp-content\/uploads\/2020\/10\/Rolex-360x183.png 360w, https:\/\/www.leselfes.com\/wp-content\/uploads\/2020\/10\/Rolex-720x366.png 720w, https:\/\/www.leselfes.com\/wp-content\/uploads\/2020\/10\/Rolex-800x406.png 800w\" sizes=\"(max-width: 1024px) 100vw, 1024px\" \/><\/figure>\n\n<p>Nenhuma marca su\u00ed\u00e7a de rel\u00f3gios de luxo estaria completa sem mencionar a Rolex, uma empresa cuja principal filial fica em Genebra.\nEla \u00e9 uma das marcas de rel\u00f3gios de luxo mais comuns no mundo.\nA Rolex n\u00e3o \u00e9 apenas cobi\u00e7ada e aclamada internacionalmente, mas tamb\u00e9m \u00e9 famosa por sua funcionalidade e forma atemporais.  <\/p>\n\n<p>Os rel\u00f3gios Rolex apresentam designs cl\u00e1ssicos e s\u00e3o muito difundidos entre os jovens e os idosos da sociedade.\nA marca Rolex chegou a figurar entre as marcas mais dominantes do mundo na lista da Forbes.\nA marca tamb\u00e9m \u00e9 uma das principais marcas de rel\u00f3gios de luxo, produzindo at\u00e9 2.000 rel\u00f3gios por dia.\nAlguns dos modelos famosos da Rolex incluem o GMT-master e o Rolex Lady Datejust 179174.   <\/p>\n\n<h3 class=\"wp-block-heading\">&#8211; Vacheron Constantin<\/h3>\n\n<figure class=\"wp-block-image size-large\"><img loading=\"lazy\" decoding=\"async\" width=\"855\" height=\"450\" src=\"https:\/\/www.leselfes.com\/wp-content\/uploads\/2020\/10\/Vacheron-Constantin.png\" alt=\"Vacheron Constantin\" class=\"wp-image-41885\" srcset=\"https:\/\/www.leselfes.com\/wp-content\/uploads\/2020\/10\/Vacheron-Constantin.png 855w, https:\/\/www.leselfes.com\/wp-content\/uploads\/2020\/10\/Vacheron-Constantin-300x158.png 300w, https:\/\/www.leselfes.com\/wp-content\/uploads\/2020\/10\/Vacheron-Constantin-768x404.png 768w, https:\/\/www.leselfes.com\/wp-content\/uploads\/2020\/10\/Vacheron-Constantin-320x168.png 320w, https:\/\/www.leselfes.com\/wp-content\/uploads\/2020\/10\/Vacheron-Constantin-640x337.png 640w, https:\/\/www.leselfes.com\/wp-content\/uploads\/2020\/10\/Vacheron-Constantin-360x189.png 360w, https:\/\/www.leselfes.com\/wp-content\/uploads\/2020\/10\/Vacheron-Constantin-720x379.png 720w, https:\/\/www.leselfes.com\/wp-content\/uploads\/2020\/10\/Vacheron-Constantin-800x421.png 800w\" sizes=\"(max-width: 855px) 100vw, 855px\" \/><\/figure>\n\n<p>A Vacheron Constantin est\u00e1 entre os mais antigos fabricantes de rel\u00f3gios de luxo.\nJean-Marc Vacheron fundou a empresa em Genebra, na Su\u00ed\u00e7a, em 1755.\nEssa marca de rel\u00f3gios finos \u00e9 associada ao <a href=\"https:\/\/www.richemont.com\/\">Grupo Richemont<\/a>, e seus rel\u00f3gios s\u00e3o um reflexo de sua cultura.  <\/p>\n\n<p>Os rel\u00f3gios Vacheron Constantin apresentam detalhes precisos, estilo cl\u00e1ssico e formas que os tornam \u00fanicos.\nMuitas figuras hist\u00f3ricas famosas usaram rel\u00f3gios dessa marca.\nEntre elas est\u00e3o Harry Truman, Napole\u00e3o Bonaparte e o Papa Pio IX.    <\/p>\n\n<h3 class=\"wp-block-heading\">&#8211; Hublot<\/h3>\n\n<figure class=\"wp-block-image size-large\"><img loading=\"lazy\" decoding=\"async\" width=\"800\" height=\"400\" src=\"https:\/\/www.leselfes.com\/wp-content\/uploads\/2020\/10\/Hublot.jpg\" alt=\"Hublot\" class=\"wp-image-41886\" srcset=\"https:\/\/www.leselfes.com\/wp-content\/uploads\/2020\/10\/Hublot.jpg 800w, https:\/\/www.leselfes.com\/wp-content\/uploads\/2020\/10\/Hublot-300x150.jpg 300w, https:\/\/www.leselfes.com\/wp-content\/uploads\/2020\/10\/Hublot-768x384.jpg 768w, https:\/\/www.leselfes.com\/wp-content\/uploads\/2020\/10\/Hublot-320x160.jpg 320w, https:\/\/www.leselfes.com\/wp-content\/uploads\/2020\/10\/Hublot-640x320.jpg 640w, https:\/\/www.leselfes.com\/wp-content\/uploads\/2020\/10\/Hublot-360x180.jpg 360w, https:\/\/www.leselfes.com\/wp-content\/uploads\/2020\/10\/Hublot-720x360.jpg 720w\" sizes=\"(max-width: 800px) 100vw, 800px\" \/><\/figure>\n\n<p>A Hublot foi fundada em 1980 e evoluiu para se tornar uma das marcas mais populares no setor de rel\u00f3gios de luxo.\nO fabricante possui v\u00e1rias cole\u00e7\u00f5es premiadas, prova de que coisas melhores vir\u00e3o no futuro.   <\/p>\n\n<h3 class=\"wp-block-heading\">&#8211; TAG Heuer<\/h3>\n\n<p>Al\u00e9m de rel\u00f3gios, a TAG Heuer produz telefones celulares, \u00f3culos e acess\u00f3rios.\nO nome do fabricante \u00e9 a abrevia\u00e7\u00e3o de Techniques d&#8217;Avant Garde.\nHeuer refere-se a Edouard Heuer, o fundador.  <\/p>\n\n<p>Os rel\u00f3gios evolu\u00edram ao longo dos anos, com os fabricantes fazendo experi\u00eancias com diversos modelos.\nNo entanto, os rel\u00f3gios TAG Heuer ainda t\u00eam uma apar\u00eancia esportiva.\nO fabricante tem v\u00e1rios rel\u00f3gios e cron\u00f3grafos memor\u00e1veis dispon\u00edveis com um toque de funcionalidade premium e apelo tecnol\u00f3gico.  <\/p>\n\n<h3 class=\"wp-block-heading\">&#8211; Breitling<\/h3>\n\n<figure class=\"wp-block-image size-large\"><img loading=\"lazy\" decoding=\"async\" width=\"1024\" height=\"524\" src=\"https:\/\/www.leselfes.com\/wp-content\/uploads\/2020\/10\/Breitling.png\" alt=\"Breitling\" class=\"wp-image-41887\" srcset=\"https:\/\/www.leselfes.com\/wp-content\/uploads\/2020\/10\/Breitling.png 1024w, https:\/\/www.leselfes.com\/wp-content\/uploads\/2020\/10\/Breitling-300x154.png 300w, https:\/\/www.leselfes.com\/wp-content\/uploads\/2020\/10\/Breitling-768x393.png 768w, https:\/\/www.leselfes.com\/wp-content\/uploads\/2020\/10\/Breitling-320x164.png 320w, https:\/\/www.leselfes.com\/wp-content\/uploads\/2020\/10\/Breitling-640x328.png 640w, https:\/\/www.leselfes.com\/wp-content\/uploads\/2020\/10\/Breitling-360x184.png 360w, https:\/\/www.leselfes.com\/wp-content\/uploads\/2020\/10\/Breitling-720x368.png 720w, https:\/\/www.leselfes.com\/wp-content\/uploads\/2020\/10\/Breitling-800x409.png 800w\" sizes=\"(max-width: 1024px) 100vw, 1024px\" \/><\/figure>\n\n<p>A Breitling, uma empresa su\u00ed\u00e7a de fabrica\u00e7\u00e3o de rel\u00f3gios de luxo fundada em 1884, \u00e9 popularmente conhecida por criar rel\u00f3gios precisos e dur\u00e1veis.\nOs rel\u00f3gios Breitling v\u00eam com recursos relacionados \u00e0 avia\u00e7\u00e3o, muitos dos quais s\u00e3o usados por pilotos de ca\u00e7a.\nO fabricante tamb\u00e9m projetou excelentes cron\u00f3grafos para aviadores com v\u00e1rias funcionalidades, que s\u00e3o ativadas por meio de um bezel girat\u00f3rio.\nA Breitling \u00e9 uma das marcas de rel\u00f3gios mais inovadoras e vers\u00e1teis.     <\/p>\n\n<h3 class=\"wp-block-heading\">&#8211; Jaeger-LeCoultre<\/h3>\n\n<figure class=\"wp-block-image size-large\"><img loading=\"lazy\" decoding=\"async\" width=\"975\" height=\"528\" src=\"https:\/\/www.leselfes.com\/wp-content\/uploads\/2020\/10\/Jaeger-lecoultre.png\" alt=\"Jaeger-lecoultre\" class=\"wp-image-41888\" srcset=\"https:\/\/www.leselfes.com\/wp-content\/uploads\/2020\/10\/Jaeger-lecoultre.png 975w, https:\/\/www.leselfes.com\/wp-content\/uploads\/2020\/10\/Jaeger-lecoultre-300x162.png 300w, https:\/\/www.leselfes.com\/wp-content\/uploads\/2020\/10\/Jaeger-lecoultre-768x416.png 768w, https:\/\/www.leselfes.com\/wp-content\/uploads\/2020\/10\/Jaeger-lecoultre-320x173.png 320w, https:\/\/www.leselfes.com\/wp-content\/uploads\/2020\/10\/Jaeger-lecoultre-640x347.png 640w, https:\/\/www.leselfes.com\/wp-content\/uploads\/2020\/10\/Jaeger-lecoultre-360x195.png 360w, https:\/\/www.leselfes.com\/wp-content\/uploads\/2020\/10\/Jaeger-lecoultre-720x390.png 720w, https:\/\/www.leselfes.com\/wp-content\/uploads\/2020\/10\/Jaeger-lecoultre-800x433.png 800w\" sizes=\"(max-width: 975px) 100vw, 975px\" \/><\/figure>\n\n<p>A Jaeger-LeCoultre \u00e9 uma marca su\u00ed\u00e7a de rel\u00f3gios de luxo cujos rel\u00f3gios apresentam detalhes sofisticados e faces exclusivas.\nA marca, que foi fundada em 1833, tem mantido clareza e inova\u00e7\u00e3o exemplares, que foram a visualiza\u00e7\u00e3o inicial da marca.\nOs rel\u00f3gios Jaeger-LeCoultre apresentam componentes cl\u00e1ssicos atraentes e voc\u00ea pode us\u00e1-los por muitos anos.    <\/p>\n\n<h3 class=\"wp-block-heading\">&#8211; A.Lange &amp; Sohne<\/h3>\n\n<p>A A.Lange &amp; Sohne \u00e9 uma empresa de relojoaria fundada por Ferdinand Adolph Lange em 1845.\nOs rel\u00f3gios dessa marca v\u00eam com movimentos mec\u00e2nicos.\nSuas caixas apresentam tons exclusivos de ouro branco, ouro rosa, platina e ouro amarelo.\nA A.Lange &amp; Sohne \u00e9 famosa por sua qualidade superior e estilo admir\u00e1vel.     <\/p>\n\n<h3 class=\"wp-block-heading\">&#8211; Panerai<\/h3>\n\n<figure class=\"wp-block-image size-large\"><img loading=\"lazy\" decoding=\"async\" width=\"955\" height=\"437\" src=\"https:\/\/www.leselfes.com\/wp-content\/uploads\/2020\/10\/Panerai.png\" alt=\"Panerai\" class=\"wp-image-41889\" srcset=\"https:\/\/www.leselfes.com\/wp-content\/uploads\/2020\/10\/Panerai.png 955w, https:\/\/www.leselfes.com\/wp-content\/uploads\/2020\/10\/Panerai-300x137.png 300w, https:\/\/www.leselfes.com\/wp-content\/uploads\/2020\/10\/Panerai-768x351.png 768w, https:\/\/www.leselfes.com\/wp-content\/uploads\/2020\/10\/Panerai-320x146.png 320w, https:\/\/www.leselfes.com\/wp-content\/uploads\/2020\/10\/Panerai-640x293.png 640w, https:\/\/www.leselfes.com\/wp-content\/uploads\/2020\/10\/Panerai-360x165.png 360w, https:\/\/www.leselfes.com\/wp-content\/uploads\/2020\/10\/Panerai-720x329.png 720w, https:\/\/www.leselfes.com\/wp-content\/uploads\/2020\/10\/Panerai-800x366.png 800w\" sizes=\"(max-width: 955px) 100vw, 955px\" \/><\/figure>\n\n<p>A primeira filial da Panerai foi estabelecida em Floren\u00e7a, na It\u00e1lia, em 1860.\nA empresa abriu suas portas na Su\u00ed\u00e7a em 2002.\nA Panerai possui uma clientela internacional e \u00e9 famosa pelo design simplista, elementos num\u00e9ricos e estilos arrojados.\nOs rel\u00f3gios Panerai est\u00e3o dispon\u00edveis em diferentes designs, e os clientes recebem uma garantia de servi\u00e7o de dois anos no momento da compra.     <\/p>\n\n<h3 class=\"wp-block-heading\">&#8211; \u00d4mega<\/h3>\n\n<figure class=\"wp-block-image size-large\"><img loading=\"lazy\" decoding=\"async\" width=\"1024\" height=\"493\" src=\"https:\/\/www.leselfes.com\/wp-content\/uploads\/2020\/10\/Omega.png\" alt=\"&#xD4;mega\" class=\"wp-image-41915\" srcset=\"https:\/\/www.leselfes.com\/wp-content\/uploads\/2020\/10\/Omega.png 1024w, https:\/\/www.leselfes.com\/wp-content\/uploads\/2020\/10\/Omega-300x144.png 300w, https:\/\/www.leselfes.com\/wp-content\/uploads\/2020\/10\/Omega-768x370.png 768w, https:\/\/www.leselfes.com\/wp-content\/uploads\/2020\/10\/Omega-320x154.png 320w, https:\/\/www.leselfes.com\/wp-content\/uploads\/2020\/10\/Omega-640x308.png 640w, https:\/\/www.leselfes.com\/wp-content\/uploads\/2020\/10\/Omega-360x173.png 360w, https:\/\/www.leselfes.com\/wp-content\/uploads\/2020\/10\/Omega-720x347.png 720w, https:\/\/www.leselfes.com\/wp-content\/uploads\/2020\/10\/Omega-800x385.png 800w\" sizes=\"(max-width: 1024px) 100vw, 1024px\" \/><\/figure>\n\n<p>A Omega \u00e9 uma das marcas su\u00ed\u00e7as de rel\u00f3gios de luxo mais elegantes da atualidade.\nEssa empresa fabricante de rel\u00f3gios tem distribu\u00eddo rel\u00f3gios para hor\u00f3filos (pessoas obcecadas por aparelhos de cronometragem) h\u00e1 mais de 170 anos. <\/p>\n\n<p>Os rel\u00f3gios Omega atravessaram o Polo Norte, foram usados por submarinos nas profundezas do oceano e foram lan\u00e7ados no espa\u00e7o.\nHoje, a Omega goza de grande reputa\u00e7\u00e3o como uma das melhores marcas do mundo.\nA Omega foi fundada em Louis Brandt &amp; Fil, um pequeno vilarejo na Su\u00ed\u00e7a, em 1848.  <\/p>\n\n<p>A empresa fundou o <em>&#8220;Labrador&#8221;,<\/em> seu primeiro calibre montado em s\u00e9rie, em 1885.\nMais tarde, eles introduziriam um rel\u00f3gio com repeti\u00e7\u00e3o de minutos em 1892, enquanto o calibre Omega foi lan\u00e7ado em 1894.\nO imenso sucesso deste \u00faltimo levou a empresa a mudar seu nome para <a href=\"https:\/\/www.omegawatches.com\/\">Omega Watch Company<\/a>.  <\/p>\n\n<p>Essa empresa evoluiu ao longo dos anos, com seus rel\u00f3gios quebrando v\u00e1rios recordes de precis\u00e3o.\nPor exemplo, durante os testes do observat\u00f3rio de Genebra realizados em 1931, a empresa obteve seis posi\u00e7\u00f5es de indica\u00e7\u00e3o.\nEla ficou em primeiro lugar em todas elas, o que lhe rendeu o apelido de Olimp\u00edadas da relojoaria.  <\/p>\n\n<p>A Omega produziu o Speedmaster Professional, o primeiro rel\u00f3gio que Buzz Aldrin usou em seu pulso na lua.\nAt\u00e9 hoje, muitos astronautas dos Estados Unidos n\u00e3o usam nenhum outro rel\u00f3gio.\nMuitas pessoas famosas, como Elvis Presley e John F. Kennedy, usaram rel\u00f3gios Omega.\nEsses rel\u00f3gios t\u00eam um design atemporal e oferecem um desempenho incr\u00edvel.   <\/p>\n\n<p>Omega \u00e9 a palavra grega para perfei\u00e7\u00e3o e grandeza, que melhor descreve os rel\u00f3gios.\nSe voc\u00ea est\u00e1 procurando um rel\u00f3gio de luxo de qualidade superior, ent\u00e3o o Omega \u00e9 o ideal para voc\u00ea. <\/p>\n\n<h3 class=\"wp-block-heading\">&#8211; Tissot SA<\/h3>\n\n<p>A Tissot \u00e9 uma empresa su\u00ed\u00e7a de relojoaria de luxo fundada por Charles-F\u00e9licien Tissot e seu filho Charles-\u00c9mile Tissot em 1853.\nA empresa \u00e9 uma filial do grupo Swatch desde 1983 e oferece melhor acessibilidade aos clientes em potencial.\nOs rel\u00f3gios da Tissot SA s\u00e3o econ\u00f4micos e dur\u00e1veis.\nAtualmente, a Tissot SA est\u00e1 lutando para vencer a crescente popularidade dos rel\u00f3gios inteligentes e autom\u00e1ticos.     <\/p>\n\n<h3 class=\"wp-block-heading\">&#8211; IWC Schaffhausen<\/h3>\n\n<figure class=\"wp-block-image size-large\"><img loading=\"lazy\" decoding=\"async\" width=\"800\" height=\"450\" src=\"https:\/\/www.leselfes.com\/wp-content\/uploads\/2020\/10\/Iwc-Schaffhausen.jpg\" alt=\"Iwc Schaffhausen\" class=\"wp-image-41890\" srcset=\"https:\/\/www.leselfes.com\/wp-content\/uploads\/2020\/10\/Iwc-Schaffhausen.jpg 800w, https:\/\/www.leselfes.com\/wp-content\/uploads\/2020\/10\/Iwc-Schaffhausen-300x169.jpg 300w, https:\/\/www.leselfes.com\/wp-content\/uploads\/2020\/10\/Iwc-Schaffhausen-768x432.jpg 768w, https:\/\/www.leselfes.com\/wp-content\/uploads\/2020\/10\/Iwc-Schaffhausen-320x180.jpg 320w, https:\/\/www.leselfes.com\/wp-content\/uploads\/2020\/10\/Iwc-Schaffhausen-640x360.jpg 640w, https:\/\/www.leselfes.com\/wp-content\/uploads\/2020\/10\/Iwc-Schaffhausen-360x203.jpg 360w, https:\/\/www.leselfes.com\/wp-content\/uploads\/2020\/10\/Iwc-Schaffhausen-720x405.jpg 720w\" sizes=\"(max-width: 800px) 100vw, 800px\" \/><\/figure>\n\n<p>A International Watch Company, que opera como IWC Schaffhausen, \u00e9 uma fabricante su\u00ed\u00e7a de rel\u00f3gios de luxo situada em Schaffhausen, na Su\u00ed\u00e7a.\nFlorentine Ariosto Jones, um relojoeiro americano, fundou a empresa em 1868.\nA IWC \u00e9 uma filial do grupo su\u00ed\u00e7o Richemont desde 2000, e seus rel\u00f3gios oferecem funcionalidade e est\u00e9tica exclusivas.\nA marca possui credenciais espetaculares em sustentabilidade, e tem uma reputa\u00e7\u00e3o excepcional por produzir rel\u00f3gios elegantes.     <\/p>\n\n<h3 class=\"wp-block-heading\">&#8211; Cartier<\/h3>\n\n<p>Louis-Fran\u00e7ois Cartier fundou a Cartier em 1847, em Paris.\nEmbora a Cartier ainda tenha sua sede em Paris, ela \u00e9 uma filial de propriedade integral do grupo su\u00ed\u00e7o Richemont.\nEssa luxuosa empresa su\u00ed\u00e7a de relojoaria \u00e9 um dos fabricantes mais reconhecidos do mundo.    <\/p>\n\n<h3 class=\"wp-block-heading\">&#8211; Chopard<\/h3>\n\n<p>A Chopard \u00e9 famosa por seus excelentes e exclusivos rel\u00f3gios de luxo su\u00ed\u00e7os.\nO relojoeiro su\u00ed\u00e7o Louis-Ulysse Chopard fundou a empresa em 1860.\nOs rel\u00f3gios Chopard s\u00e3o facilmente identific\u00e1veis por seus excelentes detalhes e apar\u00eancia cl\u00e1ssica.\nDe acordo com as avalia\u00e7\u00f5es dos clientes, esse fabricante de rel\u00f3gios oferece um trabalho artesanal excepcional, desenvolvimento inovador, design est\u00e9tico e influ\u00eancia tecnol\u00f3gica.\nHoje, a Chopard \u00e9 famosa em todo o mundo como fabricante de rel\u00f3gios de luxo.      <\/p>\n\n<h2 class=\"wp-block-heading\">Onde voc\u00ea pode encontrar rel\u00f3gios su\u00ed\u00e7os de luxo aut\u00eanticos?<\/h2>\n\n<figure class=\"wp-block-image size-large\"><img loading=\"lazy\" decoding=\"async\" width=\"960\" height=\"540\" src=\"https:\/\/www.leselfes.com\/wp-content\/uploads\/2020\/10\/Authentic-Swiss-Luxury-Watches.jpg\" alt=\"Rel&#xF3;gios su&#xED;&#xE7;os aut&#xEA;nticos de luxo\" class=\"wp-image-41891\" srcset=\"https:\/\/www.leselfes.com\/wp-content\/uploads\/2020\/10\/Authentic-Swiss-Luxury-Watches.jpg 960w, https:\/\/www.leselfes.com\/wp-content\/uploads\/2020\/10\/Authentic-Swiss-Luxury-Watches-300x169.jpg 300w, https:\/\/www.leselfes.com\/wp-content\/uploads\/2020\/10\/Authentic-Swiss-Luxury-Watches-768x432.jpg 768w, https:\/\/www.leselfes.com\/wp-content\/uploads\/2020\/10\/Authentic-Swiss-Luxury-Watches-320x180.jpg 320w, https:\/\/www.leselfes.com\/wp-content\/uploads\/2020\/10\/Authentic-Swiss-Luxury-Watches-640x360.jpg 640w, https:\/\/www.leselfes.com\/wp-content\/uploads\/2020\/10\/Authentic-Swiss-Luxury-Watches-360x203.jpg 360w, https:\/\/www.leselfes.com\/wp-content\/uploads\/2020\/10\/Authentic-Swiss-Luxury-Watches-720x405.jpg 720w, https:\/\/www.leselfes.com\/wp-content\/uploads\/2020\/10\/Authentic-Swiss-Luxury-Watches-800x450.jpg 800w\" sizes=\"(max-width: 960px) 100vw, 960px\" \/><\/figure>\n\n<p>Essa pergunta \u00e9 uma das mais frequentes quando se trata de comprar um rel\u00f3gio.\nH\u00e1 v\u00e1rios varejistas verificados em todo o mundo onde voc\u00ea pode adquirir marcas genu\u00ednas de rel\u00f3gios de luxo su\u00ed\u00e7os.\nVoc\u00ea pode optar por comprar de um varejista f\u00edsico ou de uma plataforma on-line como a Swissluxury.com.  <\/p>\n\n<p>A Swissluxury.com tem v\u00e1rios escrit\u00f3rios f\u00edsicos em diferentes partes do mundo, como Miami, FL, e Biscayne Blvd.\nDarryl Randall fundou a empresa, que \u00e9 especializada na venda de rel\u00f3gios novos obtidos de v\u00e1rios revendedores e atacadistas.   <\/p>\n\n<h2 class=\"wp-block-heading\">Retiros de luxo e acampamentos de ver\u00e3o<\/h2>\n\n<figure class=\"wp-block-image size-large\"><img loading=\"lazy\" decoding=\"async\" width=\"1024\" height=\"683\" src=\"https:\/\/www.leselfes.com\/wp-content\/uploads\/2020\/10\/Luxury-Retreats-And-Summer-Camps.jpg\" alt=\"Retiros de luxo e acampamentos de ver&#xE3;o\" class=\"wp-image-41892\" srcset=\"https:\/\/www.leselfes.com\/wp-content\/uploads\/2020\/10\/Luxury-Retreats-And-Summer-Camps.jpg 1024w, https:\/\/www.leselfes.com\/wp-content\/uploads\/2020\/10\/Luxury-Retreats-And-Summer-Camps-300x200.jpg 300w, https:\/\/www.leselfes.com\/wp-content\/uploads\/2020\/10\/Luxury-Retreats-And-Summer-Camps-768x512.jpg 768w, https:\/\/www.leselfes.com\/wp-content\/uploads\/2020\/10\/Luxury-Retreats-And-Summer-Camps-320x213.jpg 320w, https:\/\/www.leselfes.com\/wp-content\/uploads\/2020\/10\/Luxury-Retreats-And-Summer-Camps-640x427.jpg 640w, https:\/\/www.leselfes.com\/wp-content\/uploads\/2020\/10\/Luxury-Retreats-And-Summer-Camps-360x240.jpg 360w, https:\/\/www.leselfes.com\/wp-content\/uploads\/2020\/10\/Luxury-Retreats-And-Summer-Camps-720x480.jpg 720w, https:\/\/www.leselfes.com\/wp-content\/uploads\/2020\/10\/Luxury-Retreats-And-Summer-Camps-800x534.jpg 800w\" sizes=\"(max-width: 1024px) 100vw, 1024px\" \/><\/figure>\n\n<p>Al\u00e9m de rel\u00f3gios de pulso, a Su\u00ed\u00e7a oferece alguns dos melhores acampamentos de ver\u00e3o de luxo, centros de retiro de bem-estar e empresas l\u00edderes no setor imobili\u00e1rio.\nOs centros de retiro de bem-estar e luxo na Su\u00ed\u00e7a superam as simples f\u00e9rias de esqui.\nSe voc\u00ea est\u00e1 procurando os melhores resorts m\u00e9dicos ou spas de luxo, h\u00e1 muitas op\u00e7\u00f5es para escolher.  <\/p>\n\n<p>Um dos principais acampamentos de retiro da Su\u00ed\u00e7a \u00e9 o Les Elfes.\nEsse acampamento de ver\u00e3o internacional \u00e9 um dos melhores <a href=\"https:\/\/www.leselfes.com\/pt-br\/?page_id=89241\" target=\"_blank\" rel=\"noreferrer noopener\">acampamentos de ver\u00e3o de luxo<\/a> da Su\u00ed\u00e7a.\nA instala\u00e7\u00e3o conta com mais de 30 anos de experi\u00eancia.  <\/p>\n\n<p>Ao longo dos anos, a Les Elfes evoluiu e desenvolveu uma reputa\u00e7\u00e3o de primeira classe para campos operacionais e viagens de esqui.\nA Les Elfes est\u00e1 aberta a residentes su\u00ed\u00e7os e internacionais.\nOs campistas desfrutar\u00e3o de uma vasta gama de programas estruturados para atender \u00e0s suas necessidades.  <\/p>\n\n<h2 class=\"wp-block-heading\">Marcas su\u00ed\u00e7as de vestu\u00e1rio e roupas de luxo<\/h2>\n\n<p>Conhecer as melhores linhas de roupas de luxo su\u00ed\u00e7as \u00e9 fundamental quando se trata de mudar seu guarda-roupa.\nAqui est\u00e3o algumas das marcas que voc\u00ea deve conhecer. <\/p>\n\n<h3 class=\"wp-block-heading\">&#8211; Hanro  <\/h3>\n\n<p>A Hanro \u00e9 uma das melhores marcas de roupas femininas da Su\u00ed\u00e7a h\u00e1 anos.\nVoc\u00ea est\u00e1 procurando roupas \u00edntimas, blusas regatas, t\u00fanicas de funil, camisas de manga curta, camisas de manga longa ou at\u00e9 mesmo leggings?\nA Hanro tem uma grande variedade de roupas dur\u00e1veis e de alta qualidade para voc\u00ea escolher.    <\/p>\n\n<h3 class=\"wp-block-heading\">&#8211; Loubay  <\/h3>\n\n<p>A Loubay \u00e9 uma marca su\u00ed\u00e7a de luxo perfeita, especializada em uma linha exclusiva de bolsas conhecida como Think bag.\nEssa linha de bolsas oferece bolsas vers\u00e1teis e modernas que voc\u00ea pode usar para carregar seus itens essenciais.\nAs bolsas da Loubay est\u00e3o dispon\u00edveis em diferentes marcas e tamanhos, e tamb\u00e9m v\u00eam em cores vibrantes e brilhantes.\nUma das melhores coisas sobre as bolsas Loubay \u00e9 que elas s\u00e3o exclusivas, dur\u00e1veis e bastante econ\u00f4micas.     <\/p>\n\n<h3 class=\"wp-block-heading\">&#8211; Sapatos urbanos Baabuk  <\/h3>\n\n<p>A Baabuk Urban Shoes \u00e9 uma marca especializada em cal\u00e7ados masculinos.\nVoc\u00ea est\u00e1 procurando sapatos modernos e adequados para o seu traje?\nSe voc\u00ea estiver, ent\u00e3o essa marca atender\u00e1 \u00e0s suas necessidades.\nTodos os Baabuk Urban Shoes v\u00eam com solas de borracha para evitar que voc\u00ea escorregue em dias de chuva.\nEles tamb\u00e9m s\u00e3o respir\u00e1veis e apresentam um tecido antimicrobiano.\nOs cal\u00e7ados Baabuk s\u00e3o leves, resistentes \u00e0 \u00e1gua e flex\u00edveis.       <\/p>\n\n<h2 class=\"wp-block-heading\">\u00d3culos de luxo<\/h2>\n\n<figure class=\"wp-block-image size-large\"><img loading=\"lazy\" decoding=\"async\" width=\"960\" height=\"640\" src=\"https:\/\/www.leselfes.com\/wp-content\/uploads\/2020\/10\/Luxury-Eyewear.jpg\" alt=\"&#xD3;culos de luxo\" class=\"wp-image-41893\" srcset=\"https:\/\/www.leselfes.com\/wp-content\/uploads\/2020\/10\/Luxury-Eyewear.jpg 960w, https:\/\/www.leselfes.com\/wp-content\/uploads\/2020\/10\/Luxury-Eyewear-300x200.jpg 300w, https:\/\/www.leselfes.com\/wp-content\/uploads\/2020\/10\/Luxury-Eyewear-768x512.jpg 768w, https:\/\/www.leselfes.com\/wp-content\/uploads\/2020\/10\/Luxury-Eyewear-320x213.jpg 320w, https:\/\/www.leselfes.com\/wp-content\/uploads\/2020\/10\/Luxury-Eyewear-640x427.jpg 640w, https:\/\/www.leselfes.com\/wp-content\/uploads\/2020\/10\/Luxury-Eyewear-360x240.jpg 360w, https:\/\/www.leselfes.com\/wp-content\/uploads\/2020\/10\/Luxury-Eyewear-720x480.jpg 720w, https:\/\/www.leselfes.com\/wp-content\/uploads\/2020\/10\/Luxury-Eyewear-800x533.jpg 800w\" sizes=\"(max-width: 960px) 100vw, 960px\" \/><\/figure>\n\n<p>Os \u00f3culos de luxo geralmente v\u00eam impressos com metais preciosos como platina, ouro e diamante.\nEles representam individualidade, luxo e alto status social.\nMuitos consumidores compram \u00f3culos de luxo, dependendo de sua personalidade.\nAlgumas das melhores marcas de \u00f3culos de luxo na Su\u00ed\u00e7a incluem:   <\/p>\n\n<h3 class=\"wp-block-heading\">&#8211; \u00d3culos Bachmann<\/h3>\n\n<p>As arma\u00e7\u00f5es de tit\u00e2nio da Bachmann v\u00eam com um acabamento exclusivo feito com a tecnologia Physical Vapor Deposition.\nEssa tecnologia proporciona aos \u00f3culos da Bachmann superf\u00edcies robustas e intensidade de cor exclusiva.\nAs arma\u00e7\u00f5es da edi\u00e7\u00e3o Bachmann v\u00eam em um estojo de madeira refinado \u00e0 m\u00e3o.\nSe voc\u00ea adora a qualidade e a precis\u00e3o dos rel\u00f3gios su\u00ed\u00e7os de luxo, tamb\u00e9m apreciar\u00e1 o refinamento dos \u00f3culos Bachmann.     <\/p>\n\n<h3 class=\"wp-block-heading\">&#8211; Materiais de constru\u00e7\u00e3o  <\/h3>\n\n<p>A Einstoffen \u00e9 uma marca que um grupo de amigos que viajavam pelo mundo fundou como uma grife de roupas em 2008.\nA empresa fundou seus primeiros \u00f3culos de sol de bambu em 2012.\nA Einstoffen conquistou um nicho no setor de \u00f3culos com uma est\u00e9tica cl\u00e1ssica e designs premium.\nA marca incorpora materiais naturais, como madeira e pedra, para criar o visual caracter\u00edstico da Einstoffen.     <\/p>\n\n<h3 class=\"wp-block-heading\">&#8211; G\u00f6tti  <\/h3>\n\n<p>A G\u00f6tti existe h\u00e1 muitos anos e \u00e9 conhecida por sua sofistica\u00e7\u00e3o minimalista e seus \u00f3culos elegantes.\nOs \u00f3culos de sol e de grau da G\u00f6tti incorporam o lend\u00e1rio senso su\u00ed\u00e7o de aten\u00e7\u00e3o aos detalhes e ao trabalho artesanal.\nTodas as arma\u00e7\u00f5es da G\u00f6tti s\u00e3o projetadas em Zurique, na Su\u00ed\u00e7a.\nElas s\u00e3o elegantes, dur\u00e1veis e de alta qualidade.     <\/p>\n\n<h2 class=\"wp-block-heading\">Joias de luxo<\/h2>\n\n<figure class=\"wp-block-image size-large\"><img loading=\"lazy\" decoding=\"async\" width=\"960\" height=\"547\" src=\"https:\/\/www.leselfes.com\/wp-content\/uploads\/2020\/10\/Luxury-Jewellery.jpg\" alt=\"Joias de luxo\" class=\"wp-image-41894\" srcset=\"https:\/\/www.leselfes.com\/wp-content\/uploads\/2020\/10\/Luxury-Jewellery.jpg 960w, https:\/\/www.leselfes.com\/wp-content\/uploads\/2020\/10\/Luxury-Jewellery-300x171.jpg 300w, https:\/\/www.leselfes.com\/wp-content\/uploads\/2020\/10\/Luxury-Jewellery-768x438.jpg 768w, https:\/\/www.leselfes.com\/wp-content\/uploads\/2020\/10\/Luxury-Jewellery-320x182.jpg 320w, https:\/\/www.leselfes.com\/wp-content\/uploads\/2020\/10\/Luxury-Jewellery-640x365.jpg 640w, https:\/\/www.leselfes.com\/wp-content\/uploads\/2020\/10\/Luxury-Jewellery-360x205.jpg 360w, https:\/\/www.leselfes.com\/wp-content\/uploads\/2020\/10\/Luxury-Jewellery-720x410.jpg 720w, https:\/\/www.leselfes.com\/wp-content\/uploads\/2020\/10\/Luxury-Jewellery-800x456.jpg 800w\" sizes=\"(max-width: 960px) 100vw, 960px\" \/><\/figure>\n\n<p>As marcas de joias de luxo na Su\u00ed\u00e7a oferecem cria\u00e7\u00f5es de luxo espetaculares.\nElas v\u00eam com pedras preciosas raras e metais preciosos.\nSe voc\u00ea estiver procurando por joias de alta qualidade, aqui est\u00e3o algumas das marcas que voc\u00ea deve experimentar.    <\/p>\n\n<h3 class=\"wp-block-heading\">&#8211; Precioso Chopard<\/h3>\n\n<p>Os designs das joias Chopard combinam safiras e diamantes, esmeraldas e rubis.\nA cole\u00e7\u00e3o \u00e9 feita em Genebra por alguns dos mais habilidosos artes\u00e3os e joalheiros profissionais.\nAs cria\u00e7\u00f5es da Chopard envolvem tradi\u00e7\u00f5es firmemente protegidas e proezas cl\u00e1ssicas.    <\/p>\n\n<h3 class=\"wp-block-heading\">&#8211; Bucherer<\/h3>\n\n<p>As cria\u00e7\u00f5es exclusivas da Bucherer demonstram a experi\u00eancia da empresa com diamantes.\nAlgumas das pe\u00e7as de joalheria famosas da marca incluem colares cintilantes com pedras em formato de pera e an\u00e9is duplos contempor\u00e2neos.\nA Bucherer oferece uma ampla sele\u00e7\u00e3o de joias com diamantes na Europa e \u00e9 popularmente conhecida por suas pe\u00e7as dur\u00e1veis e de alta qualidade.    <\/p>\n\n<h3 class=\"wp-block-heading\">&#8211; De Grisogono<\/h3>\n\n<p>A De Grisogono lan\u00e7ou suas primeiras joias com diamantes negros em 1996.\nDesde ent\u00e3o, eles inclu\u00edram pulseiras e pulseiras de rel\u00f3gio em sua cole\u00e7\u00e3o.\nQuer voc\u00ea esteja procurando joias de alta qualidade ou diamantes deslumbrantes, a De Grisogono tem uma grande variedade de belas pe\u00e7as para voc\u00ea escolher.    <\/p>\n\n<h2 class=\"wp-block-heading\">Sobre o F\u00f3rum Econ\u00f4mico de Davos<\/h2>\n\n<p>Uma das maiores e mais opulentas organiza\u00e7\u00f5es est\u00e1 sediada em Genebra, na Su\u00ed\u00e7a.\nO <a href=\"https:\/\/www.weforum.org\/about\/world-economic-forum\/\">F\u00f3rum Econ\u00f4mico Mundial<\/a>, realizado em Davos, debate quest\u00f5es relacionadas \u00e0 economia pol\u00edtica internacional.\nEle obt\u00e9m financiamento por meio de seus membros, que s\u00e3o algumas das pessoas mais poderosas, famosas e ricas do mundo.\nEntre elas est\u00e3o pol\u00edticos, l\u00edderes do setor, acad\u00eamicos, pensadores e celebridades.     <\/p>\n","protected":false},"excerpt":{"rendered":"<p>O setor de luxo su\u00ed\u00e7o continua crescendo apesar da desacelera\u00e7\u00e3o econ\u00f4mica global resultante da nova pandemia de Covid-19. A Su\u00ed\u00e7a \u00e9 um dos melhores produtores de produtos de luxo do&#8230;<\/p>\n","protected":false},"author":1,"featured_media":73439,"comment_status":"open","ping_status":"open","sticky":false,"template":"","format":"standard","meta":{"_acf_changed":false,"inline_featured_image":false,"footnotes":""},"categories":[1351],"tags":[],"class_list":{"0":"post-92402","1":"post","2":"type-post","3":"status-publish","4":"format-standard","5":"has-post-thumbnail","7":"category-artigos-pt-br"},"acf":[],"yoast_head":"<!-- This site is optimized with the Yoast SEO Premium plugin v24.2 (Yoast SEO v24.7) - https:\/\/yoast.com\/wordpress\/plugins\/seo\/ -->\n<title>Swiss Luxury: marcas de luxo populares da Su\u00ed\u00e7a - Les Elfes International Camps Switzerland<\/title>\n<meta name=\"robots\" content=\"index, follow, max-snippet:-1, max-image-preview:large, max-video-preview:-1\" \/>\n<link rel=\"canonical\" href=\"https:\/\/www.leselfes.com\/pt-br\/swiss-luxury-marcas-de-luxo-populares-da-suica\/\" \/>\n<meta property=\"og:locale\" content=\"pt_BR\" \/>\n<meta property=\"og:type\" content=\"article\" \/>\n<meta property=\"og:title\" content=\"Swiss Luxury: marcas de luxo populares da Su\u00ed\u00e7a\" \/>\n<meta property=\"og:description\" content=\"O setor de luxo su\u00ed\u00e7o continua crescendo apesar da desacelera\u00e7\u00e3o econ\u00f4mica global resultante da nova pandemia de Covid-19. A Su\u00ed\u00e7a \u00e9 um dos melhores produtores de produtos de luxo do...\" \/>\n<meta property=\"og:url\" content=\"https:\/\/www.leselfes.com\/pt-br\/swiss-luxury-marcas-de-luxo-populares-da-suica\/\" \/>\n<meta property=\"og:site_name\" content=\"Les Elfes International Camps Switzerland\" \/>\n<meta property=\"article:publisher\" content=\"https:\/\/www.facebook.com\/LesElfesVerbier\" \/>\n<meta property=\"article:published_time\" content=\"2020-10-28T09:20:07+00:00\" \/>\n<meta property=\"article:modified_time\" content=\"2024-11-12T11:19:26+00:00\" \/>\n<meta property=\"og:image\" content=\"https:\/\/dev.leselfes.com\/wp-content\/uploads\/2020\/10\/Swiss-Luxury-1.jpg\" \/>\n\t<meta property=\"og:image:width\" content=\"975\" \/>\n\t<meta property=\"og:image:height\" content=\"675\" \/>\n\t<meta property=\"og:image:type\" content=\"image\/jpeg\" \/>\n<meta name=\"author\" content=\"lesadmin\" \/>\n<meta name=\"twitter:card\" content=\"summary_large_image\" \/>\n<meta name=\"twitter:creator\" content=\"@LesElfesCamps\" \/>\n<meta name=\"twitter:site\" content=\"@LesElfesCamps\" \/>\n<meta name=\"twitter:label1\" content=\"Escrito por\" \/>\n\t<meta name=\"twitter:data1\" content=\"lesadmin\" \/>\n\t<meta name=\"twitter:label2\" content=\"Est. tempo de leitura\" \/>\n\t<meta name=\"twitter:data2\" content=\"13 minutos\" \/>\n<script type=\"application\/ld+json\" class=\"yoast-schema-graph\">{\"@context\":\"https:\/\/schema.org\",\"@graph\":[{\"@type\":\"Article\",\"@id\":\"https:\/\/www.leselfes.com\/pt-br\/swiss-luxury-marcas-de-luxo-populares-da-suica\/#article\",\"isPartOf\":{\"@id\":\"https:\/\/www.leselfes.com\/pt-br\/swiss-luxury-marcas-de-luxo-populares-da-suica\/\"},\"author\":{\"name\":\"lesadmin\",\"@id\":\"https:\/\/dev.leselfes.com\/#\/schema\/person\/407a229698868b8c603874b19f37f289\"},\"headline\":\"Swiss Luxury: marcas de luxo populares da Su\u00ed\u00e7a\",\"datePublished\":\"2020-10-28T09:20:07+00:00\",\"dateModified\":\"2024-11-12T11:19:26+00:00\",\"mainEntityOfPage\":{\"@id\":\"https:\/\/www.leselfes.com\/pt-br\/swiss-luxury-marcas-de-luxo-populares-da-suica\/\"},\"wordCount\":2668,\"commentCount\":0,\"publisher\":{\"@id\":\"https:\/\/dev.leselfes.com\/#organization\"},\"image\":{\"@id\":\"https:\/\/www.leselfes.com\/pt-br\/swiss-luxury-marcas-de-luxo-populares-da-suica\/#primaryimage\"},\"thumbnailUrl\":\"https:\/\/www.leselfes.com\/wp-content\/uploads\/2020\/10\/Swiss-Luxury-1.jpg\",\"articleSection\":[\"Artigos\"],\"inLanguage\":\"pt-BR\",\"potentialAction\":[{\"@type\":\"CommentAction\",\"name\":\"Comment\",\"target\":[\"https:\/\/www.leselfes.com\/pt-br\/swiss-luxury-marcas-de-luxo-populares-da-suica\/#respond\"]}]},{\"@type\":\"WebPage\",\"@id\":\"https:\/\/www.leselfes.com\/pt-br\/swiss-luxury-marcas-de-luxo-populares-da-suica\/\",\"url\":\"https:\/\/www.leselfes.com\/pt-br\/swiss-luxury-marcas-de-luxo-populares-da-suica\/\",\"name\":\"Swiss Luxury: marcas de luxo populares da Su\u00ed\u00e7a - Les Elfes International Camps Switzerland\",\"isPartOf\":{\"@id\":\"https:\/\/dev.leselfes.com\/#website\"},\"primaryImageOfPage\":{\"@id\":\"https:\/\/www.leselfes.com\/pt-br\/swiss-luxury-marcas-de-luxo-populares-da-suica\/#primaryimage\"},\"image\":{\"@id\":\"https:\/\/www.leselfes.com\/pt-br\/swiss-luxury-marcas-de-luxo-populares-da-suica\/#primaryimage\"},\"thumbnailUrl\":\"https:\/\/www.leselfes.com\/wp-content\/uploads\/2020\/10\/Swiss-Luxury-1.jpg\",\"datePublished\":\"2020-10-28T09:20:07+00:00\",\"dateModified\":\"2024-11-12T11:19:26+00:00\",\"breadcrumb\":{\"@id\":\"https:\/\/www.leselfes.com\/pt-br\/swiss-luxury-marcas-de-luxo-populares-da-suica\/#breadcrumb\"},\"inLanguage\":\"pt-BR\",\"potentialAction\":[{\"@type\":\"ReadAction\",\"target\":[\"https:\/\/www.leselfes.com\/pt-br\/swiss-luxury-marcas-de-luxo-populares-da-suica\/\"]}]},{\"@type\":\"ImageObject\",\"inLanguage\":\"pt-BR\",\"@id\":\"https:\/\/www.leselfes.com\/pt-br\/swiss-luxury-marcas-de-luxo-populares-da-suica\/#primaryimage\",\"url\":\"https:\/\/www.leselfes.com\/wp-content\/uploads\/2020\/10\/Swiss-Luxury-1.jpg\",\"contentUrl\":\"https:\/\/www.leselfes.com\/wp-content\/uploads\/2020\/10\/Swiss-Luxury-1.jpg\",\"width\":975,\"height\":675},{\"@type\":\"BreadcrumbList\",\"@id\":\"https:\/\/www.leselfes.com\/pt-br\/swiss-luxury-marcas-de-luxo-populares-da-suica\/#breadcrumb\",\"itemListElement\":[{\"@type\":\"ListItem\",\"position\":1,\"name\":\"Home\",\"item\":\"https:\/\/www.leselfes.com\/pt-br\/\"},{\"@type\":\"ListItem\",\"position\":2,\"name\":\"Swiss Luxury: marcas de luxo populares da Su\u00ed\u00e7a\"}]},{\"@type\":\"WebSite\",\"@id\":\"https:\/\/dev.leselfes.com\/#website\",\"url\":\"https:\/\/dev.leselfes.com\/\",\"name\":\"Les Elfes International\",\"description\":\"Les Elfes International, Verbier Switzerland. Summer Camp, Winter Camp, Spring Camps.\",\"publisher\":{\"@id\":\"https:\/\/dev.leselfes.com\/#organization\"},\"alternateName\":\"Les Elfes International\",\"potentialAction\":[{\"@type\":\"SearchAction\",\"target\":{\"@type\":\"EntryPoint\",\"urlTemplate\":\"https:\/\/dev.leselfes.com\/?s={search_term_string}\"},\"query-input\":{\"@type\":\"PropertyValueSpecification\",\"valueRequired\":true,\"valueName\":\"search_term_string\"}}],\"inLanguage\":\"pt-BR\"},{\"@type\":\"Organization\",\"@id\":\"https:\/\/dev.leselfes.com\/#organization\",\"name\":\"Les Elfes International\",\"alternateName\":\"Les Elfes International\",\"url\":\"https:\/\/dev.leselfes.com\/\",\"logo\":{\"@type\":\"ImageObject\",\"inLanguage\":\"pt-BR\",\"@id\":\"https:\/\/dev.leselfes.com\/#\/schema\/logo\/image\/\",\"url\":\"https:\/\/www.leselfes.com\/wp-content\/uploads\/2022\/03\/leselfes-logo.png\",\"contentUrl\":\"https:\/\/www.leselfes.com\/wp-content\/uploads\/2022\/03\/leselfes-logo.png\",\"width\":233,\"height\":51,\"caption\":\"Les Elfes International\"},\"image\":{\"@id\":\"https:\/\/dev.leselfes.com\/#\/schema\/logo\/image\/\"},\"sameAs\":[\"https:\/\/www.facebook.com\/LesElfesVerbier\",\"https:\/\/x.com\/LesElfesCamps\",\"https:\/\/www.instagram.com\/leselfes\",\"https:\/\/www.linkedin.com\/company\/les-elfes-international\",\"https:\/\/www.youtube.com\/user\/LesElfesVerbier\"]},{\"@type\":\"Person\",\"@id\":\"https:\/\/dev.leselfes.com\/#\/schema\/person\/407a229698868b8c603874b19f37f289\",\"name\":\"lesadmin\",\"image\":{\"@type\":\"ImageObject\",\"inLanguage\":\"pt-BR\",\"@id\":\"https:\/\/dev.leselfes.com\/#\/schema\/person\/image\/\",\"url\":\"https:\/\/secure.gravatar.com\/avatar\/fdb243a028df450397b3632d862f87f6?s=96&d=mm&r=g\",\"contentUrl\":\"https:\/\/secure.gravatar.com\/avatar\/fdb243a028df450397b3632d862f87f6?s=96&d=mm&r=g\",\"caption\":\"lesadmin\"},\"url\":\"https:\/\/www.leselfes.com\/pt-br\/author\/lesadmin\/\"}]}<\/script>\n<!-- \/ Yoast SEO Premium plugin. -->","yoast_head_json":{"title":"Swiss Luxury: marcas de luxo populares da Su\u00ed\u00e7a - Les Elfes International Camps Switzerland","robots":{"index":"index","follow":"follow","max-snippet":"max-snippet:-1","max-image-preview":"max-image-preview:large","max-video-preview":"max-video-preview:-1"},"canonical":"https:\/\/www.leselfes.com\/pt-br\/swiss-luxury-marcas-de-luxo-populares-da-suica\/","og_locale":"pt_BR","og_type":"article","og_title":"Swiss Luxury: marcas de luxo populares da Su\u00ed\u00e7a","og_description":"O setor de luxo su\u00ed\u00e7o continua crescendo apesar da desacelera\u00e7\u00e3o econ\u00f4mica global resultante da nova pandemia de Covid-19. A Su\u00ed\u00e7a \u00e9 um dos melhores produtores de produtos de luxo do...","og_url":"https:\/\/www.leselfes.com\/pt-br\/swiss-luxury-marcas-de-luxo-populares-da-suica\/","og_site_name":"Les Elfes International Camps Switzerland","article_publisher":"https:\/\/www.facebook.com\/LesElfesVerbier","article_published_time":"2020-10-28T09:20:07+00:00","article_modified_time":"2024-11-12T11:19:26+00:00","og_image":[{"width":975,"height":675,"url":"https:\/\/dev.leselfes.com\/wp-content\/uploads\/2020\/10\/Swiss-Luxury-1.jpg","type":"image\/jpeg"}],"author":"lesadmin","twitter_card":"summary_large_image","twitter_creator":"@LesElfesCamps","twitter_site":"@LesElfesCamps","twitter_misc":{"Escrito por":"lesadmin","Est. tempo de leitura":"13 minutos"},"schema":{"@context":"https:\/\/schema.org","@graph":[{"@type":"Article","@id":"https:\/\/www.leselfes.com\/pt-br\/swiss-luxury-marcas-de-luxo-populares-da-suica\/#article","isPartOf":{"@id":"https:\/\/www.leselfes.com\/pt-br\/swiss-luxury-marcas-de-luxo-populares-da-suica\/"},"author":{"name":"lesadmin","@id":"https:\/\/dev.leselfes.com\/#\/schema\/person\/407a229698868b8c603874b19f37f289"},"headline":"Swiss Luxury: marcas de luxo populares da Su\u00ed\u00e7a","datePublished":"2020-10-28T09:20:07+00:00","dateModified":"2024-11-12T11:19:26+00:00","mainEntityOfPage":{"@id":"https:\/\/www.leselfes.com\/pt-br\/swiss-luxury-marcas-de-luxo-populares-da-suica\/"},"wordCount":2668,"commentCount":0,"publisher":{"@id":"https:\/\/dev.leselfes.com\/#organization"},"image":{"@id":"https:\/\/www.leselfes.com\/pt-br\/swiss-luxury-marcas-de-luxo-populares-da-suica\/#primaryimage"},"thumbnailUrl":"https:\/\/www.leselfes.com\/wp-content\/uploads\/2020\/10\/Swiss-Luxury-1.jpg","articleSection":["Artigos"],"inLanguage":"pt-BR","potentialAction":[{"@type":"CommentAction","name":"Comment","target":["https:\/\/www.leselfes.com\/pt-br\/swiss-luxury-marcas-de-luxo-populares-da-suica\/#respond"]}]},{"@type":"WebPage","@id":"https:\/\/www.leselfes.com\/pt-br\/swiss-luxury-marcas-de-luxo-populares-da-suica\/","url":"https:\/\/www.leselfes.com\/pt-br\/swiss-luxury-marcas-de-luxo-populares-da-suica\/","name":"Swiss Luxury: marcas de luxo populares da Su\u00ed\u00e7a - Les Elfes International Camps Switzerland","isPartOf":{"@id":"https:\/\/dev.leselfes.com\/#website"},"primaryImageOfPage":{"@id":"https:\/\/www.leselfes.com\/pt-br\/swiss-luxury-marcas-de-luxo-populares-da-suica\/#primaryimage"},"image":{"@id":"https:\/\/www.leselfes.com\/pt-br\/swiss-luxury-marcas-de-luxo-populares-da-suica\/#primaryimage"},"thumbnailUrl":"https:\/\/www.leselfes.com\/wp-content\/uploads\/2020\/10\/Swiss-Luxury-1.jpg","datePublished":"2020-10-28T09:20:07+00:00","dateModified":"2024-11-12T11:19:26+00:00","breadcrumb":{"@id":"https:\/\/www.leselfes.com\/pt-br\/swiss-luxury-marcas-de-luxo-populares-da-suica\/#breadcrumb"},"inLanguage":"pt-BR","potentialAction":[{"@type":"ReadAction","target":["https:\/\/www.leselfes.com\/pt-br\/swiss-luxury-marcas-de-luxo-populares-da-suica\/"]}]},{"@type":"ImageObject","inLanguage":"pt-BR","@id":"https:\/\/www.leselfes.com\/pt-br\/swiss-luxury-marcas-de-luxo-populares-da-suica\/#primaryimage","url":"https:\/\/www.leselfes.com\/wp-content\/uploads\/2020\/10\/Swiss-Luxury-1.jpg","contentUrl":"https:\/\/www.leselfes.com\/wp-content\/uploads\/2020\/10\/Swiss-Luxury-1.jpg","width":975,"height":675},{"@type":"BreadcrumbList","@id":"https:\/\/www.leselfes.com\/pt-br\/swiss-luxury-marcas-de-luxo-populares-da-suica\/#breadcrumb","itemListElement":[{"@type":"ListItem","position":1,"name":"Home","item":"https:\/\/www.leselfes.com\/pt-br\/"},{"@type":"ListItem","position":2,"name":"Swiss Luxury: marcas de luxo populares da Su\u00ed\u00e7a"}]},{"@type":"WebSite","@id":"https:\/\/dev.leselfes.com\/#website","url":"https:\/\/dev.leselfes.com\/","name":"Les Elfes International","description":"Les Elfes International, Verbier Switzerland. Summer Camp, Winter Camp, Spring Camps.","publisher":{"@id":"https:\/\/dev.leselfes.com\/#organization"},"alternateName":"Les Elfes International","potentialAction":[{"@type":"SearchAction","target":{"@type":"EntryPoint","urlTemplate":"https:\/\/dev.leselfes.com\/?s={search_term_string}"},"query-input":{"@type":"PropertyValueSpecification","valueRequired":true,"valueName":"search_term_string"}}],"inLanguage":"pt-BR"},{"@type":"Organization","@id":"https:\/\/dev.leselfes.com\/#organization","name":"Les Elfes International","alternateName":"Les Elfes International","url":"https:\/\/dev.leselfes.com\/","logo":{"@type":"ImageObject","inLanguage":"pt-BR","@id":"https:\/\/dev.leselfes.com\/#\/schema\/logo\/image\/","url":"https:\/\/www.leselfes.com\/wp-content\/uploads\/2022\/03\/leselfes-logo.png","contentUrl":"https:\/\/www.leselfes.com\/wp-content\/uploads\/2022\/03\/leselfes-logo.png","width":233,"height":51,"caption":"Les Elfes International"},"image":{"@id":"https:\/\/dev.leselfes.com\/#\/schema\/logo\/image\/"},"sameAs":["https:\/\/www.facebook.com\/LesElfesVerbier","https:\/\/x.com\/LesElfesCamps","https:\/\/www.instagram.com\/leselfes","https:\/\/www.linkedin.com\/company\/les-elfes-international","https:\/\/www.youtube.com\/user\/LesElfesVerbier"]},{"@type":"Person","@id":"https:\/\/dev.leselfes.com\/#\/schema\/person\/407a229698868b8c603874b19f37f289","name":"lesadmin","image":{"@type":"ImageObject","inLanguage":"pt-BR","@id":"https:\/\/dev.leselfes.com\/#\/schema\/person\/image\/","url":"https:\/\/secure.gravatar.com\/avatar\/fdb243a028df450397b3632d862f87f6?s=96&d=mm&r=g","contentUrl":"https:\/\/secure.gravatar.com\/avatar\/fdb243a028df450397b3632d862f87f6?s=96&d=mm&r=g","caption":"lesadmin"},"url":"https:\/\/www.leselfes.com\/pt-br\/author\/lesadmin\/"}]}},"_links":{"self":[{"href":"https:\/\/www.leselfes.com\/pt-br\/wp-json\/wp\/v2\/posts\/92402"}],"collection":[{"href":"https:\/\/www.leselfes.com\/pt-br\/wp-json\/wp\/v2\/posts"}],"about":[{"href":"https:\/\/www.leselfes.com\/pt-br\/wp-json\/wp\/v2\/types\/post"}],"author":[{"embeddable":true,"href":"https:\/\/www.leselfes.com\/pt-br\/wp-json\/wp\/v2\/users\/1"}],"replies":[{"embeddable":true,"href":"https:\/\/www.leselfes.com\/pt-br\/wp-json\/wp\/v2\/comments?post=92402"}],"version-history":[{"count":0,"href":"https:\/\/www.leselfes.com\/pt-br\/wp-json\/wp\/v2\/posts\/92402\/revisions"}],"wp:featuredmedia":[{"embeddable":true,"href":"https:\/\/www.leselfes.com\/pt-br\/wp-json\/wp\/v2\/media\/73439"}],"wp:attachment":[{"href":"https:\/\/www.leselfes.com\/pt-br\/wp-json\/wp\/v2\/media?parent=92402"}],"wp:term":[{"taxonomy":"category","embeddable":true,"href":"https:\/\/www.leselfes.com\/pt-br\/wp-json\/wp\/v2\/categories?post=92402"},{"taxonomy":"post_tag","embeddable":true,"href":"https:\/\/www.leselfes.com\/pt-br\/wp-json\/wp\/v2\/tags?post=92402"}],"curies":[{"name":"wp","href":"https:\/\/api.w.org\/{rel}","templated":true}]}}