{"id":92431,"date":"2020-09-30T13:02:24","date_gmt":"2020-09-30T11:02:24","guid":{"rendered":"https:\/\/www.leselfes.com\/socializacao-primaria-um-fator-crucial-durante-a-infancia-ate-a-idade-adulta\/"},"modified":"2024-11-12T12:19:53","modified_gmt":"2024-11-12T11:19:53","slug":"socializacao-primaria-um-fator-crucial-durante-a-infancia-ate-a-idade-adulta","status":"publish","type":"post","link":"https:\/\/www.leselfes.com\/pt-br\/socializacao-primaria-um-fator-crucial-durante-a-infancia-ate-a-idade-adulta\/","title":{"rendered":"Socializa\u00e7\u00e3o prim\u00e1ria: Um fator crucial durante a inf\u00e2ncia at\u00e9 a idade adulta"},"content":{"rendered":"\n<p>A socializa\u00e7\u00e3o prim\u00e1ria \u00e9 o per\u00edodo inicial da vida de um indiv\u00edduo em que ele aprende e se desenvolve por meio de intera\u00e7\u00f5es e experi\u00eancias ao seu redor.\nNeste artigo, discutiremos o processo de socializa\u00e7\u00e3o em detalhes.   <\/p>\n\n<h2 class=\"wp-block-heading\">Por que a socializa\u00e7\u00e3o prim\u00e1ria \u00e9 fundamental para as crian\u00e7as<\/h2>\n\n<figure class=\"wp-block-image size-large\"><img loading=\"lazy\" decoding=\"async\" width=\"1024\" height=\"551\" src=\"https:\/\/www.leselfes.com\/wp-content\/uploads\/2020\/09\/Primary-Socialization-Is-Critical-For-Children.png\" alt=\"A socializa&#xE7;&#xE3;o prim&#xE1;ria &#xE9; fundamental para as crian&#xE7;as\" class=\"wp-image-41949\" srcset=\"https:\/\/www.leselfes.com\/wp-content\/uploads\/2020\/09\/Primary-Socialization-Is-Critical-For-Children.png 1024w, https:\/\/www.leselfes.com\/wp-content\/uploads\/2020\/09\/Primary-Socialization-Is-Critical-For-Children-300x161.png 300w, https:\/\/www.leselfes.com\/wp-content\/uploads\/2020\/09\/Primary-Socialization-Is-Critical-For-Children-768x413.png 768w, https:\/\/www.leselfes.com\/wp-content\/uploads\/2020\/09\/Primary-Socialization-Is-Critical-For-Children-320x172.png 320w, https:\/\/www.leselfes.com\/wp-content\/uploads\/2020\/09\/Primary-Socialization-Is-Critical-For-Children-640x344.png 640w, https:\/\/www.leselfes.com\/wp-content\/uploads\/2020\/09\/Primary-Socialization-Is-Critical-For-Children-360x194.png 360w, https:\/\/www.leselfes.com\/wp-content\/uploads\/2020\/09\/Primary-Socialization-Is-Critical-For-Children-720x387.png 720w, https:\/\/www.leselfes.com\/wp-content\/uploads\/2020\/09\/Primary-Socialization-Is-Critical-For-Children-800x430.png 800w\" sizes=\"(max-width: 1024px) 100vw, 1024px\" \/><\/figure>\n\n<p>A socializa\u00e7\u00e3o prim\u00e1ria das crian\u00e7as estabelece a base para toda a socializa\u00e7\u00e3o futura.\nO processo de socializa\u00e7\u00e3o ocorre quando uma <a href=\"https:\/\/www.leselfes.com\/pt-br\/?p=92347\">crian\u00e7a aprende<\/a> fatores que s\u00e3o ideais para pessoas de uma determinada cultura.\nEsses fatores incluem:  <\/p>\n\n<ul class=\"wp-block-list\"><li>Pr\u00e1ticas culturais<\/li><li>Atitudes  <\/li><li>Normas sociais<\/li><li>Valores<\/li><li>A\u00e7\u00f5es<\/li><\/ul>\n\n<p>Normalmente, os membros imediatos da fam\u00edlia e os amigos influenciam a socializa\u00e7\u00e3o prim\u00e1ria.  <\/p>\n\n<h3 class=\"wp-block-heading\">&#8211; Um exemplo de socializa\u00e7\u00e3o prim\u00e1ria<\/h3>\n\n<p>Vamos supor que uma crian\u00e7a ou\u00e7a seus pais dizerem palavras desagrad\u00e1veis sobre pessoas mais velhas.\nA crian\u00e7a crescer\u00e1 sabendo que esse ato \u00e9 aceit\u00e1vel na sociedade.\nComo resultado, ela come\u00e7ar\u00e1 a falar mal das pessoas mais velhas.    <\/p>\n\n<h3 class=\"wp-block-heading\">&#8211; Outras formas de socializa\u00e7\u00e3o<\/h3>\n\n<figure class=\"wp-block-image size-large\"><img loading=\"lazy\" decoding=\"async\" width=\"1024\" height=\"587\" src=\"https:\/\/www.leselfes.com\/wp-content\/uploads\/2020\/09\/Other-Forms-Of-Socialization.png\" alt=\"Outras formas de socializa&#xE7;&#xE3;o\" class=\"wp-image-41950\" srcset=\"https:\/\/www.leselfes.com\/wp-content\/uploads\/2020\/09\/Other-Forms-Of-Socialization.png 1024w, https:\/\/www.leselfes.com\/wp-content\/uploads\/2020\/09\/Other-Forms-Of-Socialization-300x172.png 300w, https:\/\/www.leselfes.com\/wp-content\/uploads\/2020\/09\/Other-Forms-Of-Socialization-768x440.png 768w, https:\/\/www.leselfes.com\/wp-content\/uploads\/2020\/09\/Other-Forms-Of-Socialization-320x183.png 320w, https:\/\/www.leselfes.com\/wp-content\/uploads\/2020\/09\/Other-Forms-Of-Socialization-640x367.png 640w, https:\/\/www.leselfes.com\/wp-content\/uploads\/2020\/09\/Other-Forms-Of-Socialization-360x206.png 360w, https:\/\/www.leselfes.com\/wp-content\/uploads\/2020\/09\/Other-Forms-Of-Socialization-720x413.png 720w, https:\/\/www.leselfes.com\/wp-content\/uploads\/2020\/09\/Other-Forms-Of-Socialization-800x459.png 800w\" sizes=\"(max-width: 1024px) 100vw, 1024px\" \/><\/figure>\n\n<p>Al\u00e9m do processo de socializa\u00e7\u00e3o prim\u00e1ria, h\u00e1 quatro outros tipos de <a href=\"https:\/\/www.google.com\/url?sa=i&amp;url=https%3A%2F%2Fgeteducationskills.com%2Fagents-of-socialization%2F&amp;psig=AOvVaw0adWQAYxqgZrc3C4IMnGKC&amp;ust=1599681583187000&amp;source=images&amp;cd=vfe&amp;ved=0CAIQjRxqFwoTCLDjmres2usCFQAAAAAdAAAAABAa\">agentes socializadores<\/a>, conforme discutiremos a seguir.  <\/p>\n\n<h2 class=\"wp-block-heading\">Socializa\u00e7\u00e3o secund\u00e1ria  <\/h2>\n\n<p>A socializa\u00e7\u00e3o secund\u00e1ria ocorre quando os seres humanos aprendem o comportamento adequado que devem apresentar em um pequeno grupo.\nNesse caso, esse pequeno grupo representa a sociedade mais ampla.\nAs mudan\u00e7as de atitudes, valores e cren\u00e7as individuais geralmente s\u00e3o menos cr\u00edticas do que aquelas que ele faz ao se envolver na sociedade maior.    <\/p>\n\n<h3 class=\"wp-block-heading\">&#8211; Um exemplo de socializa\u00e7\u00e3o secund\u00e1ria<\/h3>\n\n<p>Um graduado do ensino m\u00e9dio escolhe uma carreira em Administra\u00e7\u00e3o de Empresas depois de participar de uma pequena confer\u00eancia de grupo de carreiras.  <\/p>\n\n<h2 class=\"wp-block-heading\">Socializa\u00e7\u00e3o do desenvolvimento<\/h2>\n\n<p>Essa forma de socializa\u00e7\u00e3o compreende um processo de aprendizado que se concentra no aprimoramento das habilidades sociais de uma pessoa.\nUm exemplo: um aluno reservado do ensino m\u00e9dio come\u00e7a a ensinar ingl\u00eas para novos alunos em uma tentativa de desenvolver suas habilidades de comunica\u00e7\u00e3o verbal.   <\/p>\n\n<h3 class=\"wp-block-heading\">&#8211; Socializa\u00e7\u00e3o antecipat\u00f3ria<\/h3>\n\n<p>A socializa\u00e7\u00e3o antecipat\u00f3ria \u00e9 o processo em que um indiv\u00edduo se prepara para futuras intera\u00e7\u00f5es sociais.\nCaso em quest\u00e3o: uma crian\u00e7a espera ansiosamente pela paternidade ao observar seus pais executando suas fun\u00e7\u00f5es di\u00e1rias. <\/p>\n\n<p>\u00a0<\/p>\n\n<div class=\"wp-block-image\"><figure class=\"aligncenter size-large\"><img loading=\"lazy\" decoding=\"async\" width=\"661\" height=\"515\" src=\"https:\/\/www.leselfes.com\/wp-content\/uploads\/2020\/09\/Anticipatory-Socialization.jpg\" alt=\"Socializa&#xE7;&#xE3;o antecipat&#xF3;ria\" class=\"wp-image-41951\" srcset=\"https:\/\/www.leselfes.com\/wp-content\/uploads\/2020\/09\/Anticipatory-Socialization.jpg 661w, https:\/\/www.leselfes.com\/wp-content\/uploads\/2020\/09\/Anticipatory-Socialization-300x234.jpg 300w, https:\/\/www.leselfes.com\/wp-content\/uploads\/2020\/09\/Anticipatory-Socialization-320x249.jpg 320w, https:\/\/www.leselfes.com\/wp-content\/uploads\/2020\/09\/Anticipatory-Socialization-640x499.jpg 640w, https:\/\/www.leselfes.com\/wp-content\/uploads\/2020\/09\/Anticipatory-Socialization-360x280.jpg 360w\" sizes=\"(max-width: 661px) 100vw, 661px\" \/><\/figure><\/div>\n\n<h2 class=\"wp-block-heading\">Ressocializa\u00e7\u00e3o<\/h2>\n\n<p>A ressocializa\u00e7\u00e3o envolve a ren\u00fancia a antigos padr\u00f5es de comportamento e a ado\u00e7\u00e3o de novos.\nAo fazer isso, os indiv\u00edduos podem mudar de um lado da vida para outro.\nOs especialistas opinam que a ressocializa\u00e7\u00e3o ocorre durante todo o ciclo da vida humana.  <\/p>\n\n<h2 class=\"wp-block-heading\">Quais s\u00e3o os componentes do desenvolvimento da personalidade?<\/h2>\n\n<p>Sigmund Freud, o criador e m\u00e9dico por tr\u00e1s da <a href=\"https:\/\/www.verywellmind.com\/what-is-psychoanalysis-2795246#:~:text=Psychoanalysis%20is%20defined%20as%20a,feelings%2C%20desires%2C%20and%20memories.\">psican\u00e1lise <\/a>, elaborou uma teoria de desenvolvimento da personalidade. A teoria declara que: as influ\u00eancias sociais e os instintos biol\u00f3gicos definem o que um indiv\u00edduo se torna quando adulto. <\/p>\n\n<p>De acordo com Freud, a mente \u00e9 composta por tr\u00eas componentes.\nS\u00e3o eles: o superego, o id e o ego.\nEsses tr\u00eas componentes devem colaborar para facilitar a intera\u00e7\u00e3o bem-sucedida com a sociedade e fazer parte dela.\nQuando um desses componentes se torna dominante ou supera os outros, a pessoa pode ter problemas pessoais e sociais.     <\/p>\n\n<h3 class=\"wp-block-heading\">&#8211; A identidade se manifesta primeiro<\/h3>\n\n<p>Freud afirma que, dos tr\u00eas componentes, a identidade n\u00e3o \u00e9 apenas o mais importante, mas tamb\u00e9m o primeiro a se manifestar.\n\u00c9 a identidade que faz com que o indiv\u00edduo desenvolva o autoconceito e se comporte estritamente para seu <a href=\"https:\/\/www.verywellmind.com\/what-is-the-pleasure-principle-2795472\">prazer<\/a>. <\/p>\n\n<p>A mente de um rec\u00e9m-nascido compreende apenas a identidade porque as \u00fanicas coisas de que ele precisa s\u00e3o os desejos f\u00edsicos.\nO superego evolui quando a pessoa passa para a idade adulta.\nIsso \u00e9 chamado de evolu\u00e7\u00e3o da consci\u00eancia.\nNesse momento, a pessoa entende as v\u00e1rias normas sociais dispon\u00edveis e as segue.     <\/p>\n\n<h3 class=\"wp-block-heading\">&#8211; O Ego progride at\u00e9 o final da adolesc\u00eancia<\/h3>\n\n<p>O ego cresce at\u00e9 o final da adolesc\u00eancia e a idade adulta.\n\u00c9 a se\u00e7\u00e3o da mente que resolve os conflitos entre o superego e o id.\nO ego permite que o indiv\u00edduo tome decis\u00f5es razo\u00e1veis que obedecem \u00e0s regras da sociedade.    <\/p>\n\n<h2 class=\"wp-block-heading\">O que dizem os outros especialistas<\/h2>\n\n<p>A teoria da socializa\u00e7\u00e3o prim\u00e1ria \u00e9 um conceito diversificado.\nMuitos especialistas a abordaram, como veremos a seguir.   <\/p>\n\n<h3 class=\"wp-block-heading\">&#8211; Jean Piaget sobre o desenvolvimento cognitivo<\/h3>\n\n<p>Em sua teoria do desenvolvimento cognitivo de 1936, Jean Piaget ilustra como uma crian\u00e7a fabrica um projeto mental do mundo.\nEle se op\u00f4s ao conceito de que a intelig\u00eancia era uma caracter\u00edstica predeterminada.\nJean considerava o desenvolvimento cognitivo como um processo resultante da intera\u00e7\u00e3o com o ambiente e a maturidade biol\u00f3gica.    <\/p>\n\n<h3 class=\"wp-block-heading\">&#8211; Est\u00e1gios de Kohlberg no desenvolvimento moral<\/h3>\n\n<p>Os est\u00e1gios de desenvolvimento moral de Lawrence Kohlberg s\u00e3o uma modifica\u00e7\u00e3o de uma abordagem psicol\u00f3gica criada por Jean Piaget.\nKohlberg estabeleceu tr\u00eas termos e n\u00edveis principais de racioc\u00ednio moral.\nS\u00e3o eles:  <\/p>\n\n<ul class=\"wp-block-list\"><li>Pr\u00e9-convencional<\/li><li>Convencional e<\/li><li>P\u00f3s-convencional<\/li><\/ul>\n\n<p>Cada n\u00edvel apresenta dois subest\u00e1gios, e as pessoas s\u00f3 podem transitar por eles na ordem acima.\nCada novo est\u00e1gio substitui o racioc\u00ednio exibido na fase anterior.   <\/p>\n\n<h2 class=\"wp-block-heading\">Como a socializa\u00e7\u00e3o prim\u00e1ria ajuda as crian\u00e7as a se tornarem seres sociais?<\/h2>\n\n<p>A socializa\u00e7\u00e3o \u00e9 fundamental para as crian\u00e7as que iniciam o processo em casa, cercadas por membros da fam\u00edlia, e o continuam na escola.\nAs crian\u00e7as entendem as expectativas da classe social \u00e0 medida que se desenvolvem e se tornam membros maduros da sociedade. <\/p>\n\n<p>A socializa\u00e7\u00e3o tamb\u00e9m \u00e9 fundamental para adultos que se associam a novas situa\u00e7\u00f5es sociais.\n\u00c9 fundamental entender que os fatores de socializa\u00e7\u00e3o prim\u00e1rios e secund\u00e1rios podem influenciar indiretamente o desvio e o uso de drogas.\nEles tamb\u00e9m podem incentivar o uso de outras subst\u00e2ncias, o que pode desencadear problemas de sa\u00fade mental.  <\/p>\n\n<h2 class=\"wp-block-heading\">Quais s\u00e3o os objetivos da socializa\u00e7\u00e3o?<\/h2>\n\n<p><a href=\"https:\/\/jeffreyarnett.com\/\">Jeffrey J. Arnett<\/a> interpretou os tr\u00eas objetivos fundamentais da socializa\u00e7\u00e3o da seguinte forma.  <\/p>\n\n<p>No primeiro objetivo, a socializa\u00e7\u00e3o ajuda as pessoas a desenvolverem uma consci\u00eancia e instila o controle dos impulsos.\nAs pessoas adquirem esse objetivo \u00e0 medida que se desenvolvem em uma sociedade espec\u00edfica.\nElas herdam as expectativas das pessoas ao seu redor e contam com elas para desenvolver uma consci\u00eancia e controlar seus impulsos.    <\/p>\n\n<p>O segundo conceito de socializa\u00e7\u00e3o ensina as pessoas a formular e executar determinados pap\u00e9is ocupacionais, sociais e de g\u00eanero.\nEle tamb\u00e9m educa as fun\u00e7\u00f5es de institui\u00e7\u00f5es como paternidade e casamento. <\/p>\n\n<p>O terceiro objetivo desenvolve autoridades compartilhadas de valor e significado.\nA socializa\u00e7\u00e3o prim\u00e1ria ajuda as crian\u00e7as a estabelecer o que \u00e9 importante e valioso em uma determinada cultura.   <\/p>\n\n<h2 class=\"wp-block-heading\">Import\u00e2ncia da socializa\u00e7\u00e3o  <\/h2>\n\n<p>A socializa\u00e7\u00e3o com outras crian\u00e7as e adultos fora da fam\u00edlia estabelece a base onde v\u00e1rios aspectos do desenvolvimento da socializa\u00e7\u00e3o infantil s\u00e3o enraizados.\n\u00c9 fundamental expor as crian\u00e7as ao mundo exterior desde cedo, pois isso lhes d\u00e1 autoconfian\u00e7a.\nEssa abordagem tamb\u00e9m as ajuda a superar a timidez.  <\/p>\n\n<p>Para que as crian\u00e7as vivam em sociedade com sucesso, elas precisam interagir com outras pessoas de forma saud\u00e1vel e positiva.\n\u00c9 fundamental observar e incentivar as crian\u00e7as e incutir nelas m\u00e9todos produtivos de intera\u00e7\u00e3o com adultos e colegas. <\/p>\n\n<p>Os pais devem desenvolver essas habilidades com o tempo, por meio de ensinamentos, fortalecimento e pr\u00e1tica.\nUma creche oferece um espa\u00e7o de apoio e seguran\u00e7a para que as crian\u00e7as compreendam diferentes culturas. <\/p>\n\n<h2 class=\"wp-block-heading\">Por que as crian\u00e7as devem aprender um segundo idioma desde cedo<\/h2>\n\n<div class=\"wp-block-image\"><figure class=\"aligncenter size-large\"><img loading=\"lazy\" decoding=\"async\" width=\"640\" height=\"640\" src=\"https:\/\/www.leselfes.com\/wp-content\/uploads\/2020\/09\/Second-Language-At-An-Early-Age.jpg\" alt=\"Segundo idioma em uma idade precoce\" class=\"wp-image-41952\" srcset=\"https:\/\/www.leselfes.com\/wp-content\/uploads\/2020\/09\/Second-Language-At-An-Early-Age.jpg 640w, https:\/\/www.leselfes.com\/wp-content\/uploads\/2020\/09\/Second-Language-At-An-Early-Age-300x300.jpg 300w, https:\/\/www.leselfes.com\/wp-content\/uploads\/2020\/09\/Second-Language-At-An-Early-Age-150x150.jpg 150w, https:\/\/www.leselfes.com\/wp-content\/uploads\/2020\/09\/Second-Language-At-An-Early-Age-320x320.jpg 320w, https:\/\/www.leselfes.com\/wp-content\/uploads\/2020\/09\/Second-Language-At-An-Early-Age-360x360.jpg 360w\" sizes=\"(max-width: 640px) 100vw, 640px\" \/><\/figure><\/div>\n\n<p>Um dos motivos pelos quais as crian\u00e7as devem aprender um segundo idioma desde cedo \u00e9 que elas entendem com facilidade e rapidez.\nNovamente, elas t\u00eam mais tempo para aprender e o m\u00ednimo de distra\u00e7\u00f5es.\nSeu c\u00e9rebro tamb\u00e9m est\u00e1 estruturado para aprender idiomas com facilidade.\nAo matricular seu filho em uma aula de um segundo idioma, voc\u00ea evita que ele tenha que se esfor\u00e7ar para aprender um novo idioma quando adulto.   <\/p>\n\n<p>Vale a pena mencionar que competir em escala global hoje em dia \u00e9 fundamental para uma carreira de sucesso.\nAtualmente, em muitas ocupa\u00e7\u00f5es, falar pelo menos um idioma estrangeiro aumenta seu valor e torna voc\u00ea comercializ\u00e1vel para qualquer organiza\u00e7\u00e3o.\nEnsinar idiomas estrangeiros a seus filhos desde cedo os prepara para um futuro de sucesso.\nContinue lendo para saber mais sobre os motivos pelos quais seu filho deve aprender um novo idioma.     <\/p>\n\n<h3 class=\"wp-block-heading\">&#8211; Avan\u00e7o cognitivo<\/h3>\n\n<p>O aprendizado de um idioma estrangeiro traz v\u00e1rios benef\u00edcios cognitivos.\nDe acordo com especialistas, as crian\u00e7as bil\u00edngues t\u00eam melhor pensamento cr\u00edtico e habilidades de resolu\u00e7\u00e3o de problemas do que as crian\u00e7as monol\u00edngues.\nElas tamb\u00e9m t\u00eam melhor mem\u00f3ria, mais criatividade, uma mente flex\u00edvel e melhores habilidades de multitarefa.\nEnsinar um novo idioma \u00e0s crian\u00e7as no in\u00edcio da vida oferece a elas a chance de desenvolver excelentes benef\u00edcios cognitivos.\nEsses desenvolvimentos as ajudam a se destacar academicamente e em suas carreiras no futuro.      <\/p>\n\n<h3 class=\"wp-block-heading\">&#8211; Habilidades lingu\u00edsticas<\/h3>\n\n<p>Muitas pessoas acham que o aprendizado de um novo idioma confunde ou prejudica o desenvolvimento lingu\u00edstico da crian\u00e7a em seu idioma nativo.\nNo entanto, <a href=\"https:\/\/eric.ed.gov\/?id=ED196312\">pesquisas<\/a> mostram que as crian\u00e7as que aprendem um idioma diferente apresentam melhores resultados em seu idioma nativo em compara\u00e7\u00e3o com seus colegas que falam apenas um idioma.\nO estudo de estruturas gramaticais em outros idiomas ajuda as crian\u00e7as a <a href=\"https:\/\/www.nytimes.com\/2011\/05\/31\/science\/31conversation.html\">aprimorar a gram\u00e1tica<\/a> em seu idioma nativo.    <\/p>\n\n<h3 class=\"wp-block-heading\">&#8211; Aprimoramento da empatia<\/h3>\n\n<p>O estudo de um idioma estrangeiro apresenta \u00e0s crian\u00e7as novas estruturas gramaticais e vocabul\u00e1rio.\nIsso tamb\u00e9m pode ajud\u00e1-las a entender culturas diferentes. <a href=\"https:\/\/www.nytimes.com\/2016\/03\/13\/opinion\/sunday\/the-superior-social-skills-of-bilinguals.html?mabReward=CTM&amp;action=click&amp;pgtype=Homepage&amp;region=CColumn&amp;module=Recommendation&amp;src=rechp&amp;WT.nav=RecEngine&amp;_r=1\">Estudos<\/a> indicam que as crian\u00e7as bil\u00edngues se saem melhor em testes que exigem o ponto de vista de um indiv\u00edduo para descobrir seu significado. <\/p>\n\n<p>O conhecimento cultural e a empatia que as crian\u00e7as adquirem ao estudar um idioma diferente as ajudam em v\u00e1rios aspectos de sua vida.\nEsses aspectos variam desde a compreens\u00e3o de seus colegas no local de trabalho at\u00e9 as brincadeiras na escola.   <\/p>\n\n<h2 class=\"wp-block-heading\">A socializa\u00e7\u00e3o secund\u00e1ria ocorre entre a inf\u00e2ncia e a idade adulta<\/h2>\n\n<p>Na socializa\u00e7\u00e3o, os membros da fam\u00edlia, os grupos de colegas, a m\u00eddia de massa e as institui\u00e7\u00f5es educacionais dos Estados Unidos influenciam o indiv\u00edduo.\nA socializa\u00e7\u00e3o secund\u00e1ria, por outro lado, ocorre desde a inf\u00e2ncia at\u00e9 a idade adulta, quando a pessoa se depara com novos grupos.\nNesse caso, ela precisa assumir novas fun\u00e7\u00f5es para se envolver com sucesso na sociedade.  <\/p>\n\n<p>Entretanto, esse processo compreende mudan\u00e7as menores em compara\u00e7\u00e3o com as envolvidas na socializa\u00e7\u00e3o prim\u00e1ria.\nAl\u00e9m disso, est\u00e1 relacionado a adolescentes e adultos.\nNa socializa\u00e7\u00e3o secund\u00e1ria, a pessoa come\u00e7a a se envolver em sociedades maiores ou grupos menores.\nPor isso, ela deve estar em condi\u00e7\u00f5es de se comportar adequadamente.     <\/p>\n\n<h2 class=\"wp-block-heading\">A socializa\u00e7\u00e3o prim\u00e1ria \u00e9 um processo que dura a vida inteira<\/h2>\n\n<p>A socializa\u00e7\u00e3o prim\u00e1ria ocorre entre a inf\u00e2ncia e o in\u00edcio da adolesc\u00eancia, quando algu\u00e9m desenvolve sua personalidade e sua principal identidade.\nDurante todo esse processo, o indiv\u00edduo estrutura sua autoconsci\u00eancia e autoimagem por meio da experi\u00eancia social. <a href=\"https:\/\/www.leselfes.com\/pt-br\/?page_id=89303\">Junte-se a n\u00f3s agora<\/a> para saber mais detalhes abrangentes sobre a socializa\u00e7\u00e3o prim\u00e1ria. <\/p>\n","protected":false},"excerpt":{"rendered":"<p>A socializa\u00e7\u00e3o prim\u00e1ria \u00e9 o per\u00edodo inicial da vida de um indiv\u00edduo em que ele aprende e se desenvolve por meio de intera\u00e7\u00f5es e experi\u00eancias ao seu redor. Neste artigo,&#8230;<\/p>\n","protected":false},"author":1,"featured_media":73183,"comment_status":"closed","ping_status":"open","sticky":false,"template":"","format":"standard","meta":{"_acf_changed":false,"inline_featured_image":false,"footnotes":""},"categories":[1351],"tags":[],"class_list":{"0":"post-92431","1":"post","2":"type-post","3":"status-publish","4":"format-standard","5":"has-post-thumbnail","7":"category-artigos-pt-br"},"acf":[],"yoast_head":"<!-- This site is optimized with the Yoast SEO Premium plugin v24.2 (Yoast SEO v24.7) - https:\/\/yoast.com\/wordpress\/plugins\/seo\/ -->\n<title>Socializa\u00e7\u00e3o prim\u00e1ria: Um fator crucial durante a inf\u00e2ncia at\u00e9 a idade adulta - Les Elfes International Camps Switzerland<\/title>\n<meta name=\"robots\" content=\"index, follow, max-snippet:-1, max-image-preview:large, max-video-preview:-1\" \/>\n<link rel=\"canonical\" href=\"https:\/\/www.leselfes.com\/pt-br\/socializacao-primaria-um-fator-crucial-durante-a-infancia-ate-a-idade-adulta\/\" \/>\n<meta property=\"og:locale\" content=\"pt_BR\" \/>\n<meta property=\"og:type\" content=\"article\" \/>\n<meta property=\"og:title\" content=\"Socializa\u00e7\u00e3o prim\u00e1ria: Um fator crucial durante a inf\u00e2ncia at\u00e9 a idade adulta\" \/>\n<meta property=\"og:description\" content=\"A socializa\u00e7\u00e3o prim\u00e1ria \u00e9 o per\u00edodo inicial da vida de um indiv\u00edduo em que ele aprende e se desenvolve por meio de intera\u00e7\u00f5es e experi\u00eancias ao seu redor. Neste artigo,...\" \/>\n<meta property=\"og:url\" content=\"https:\/\/www.leselfes.com\/pt-br\/socializacao-primaria-um-fator-crucial-durante-a-infancia-ate-a-idade-adulta\/\" \/>\n<meta property=\"og:site_name\" content=\"Les Elfes International Camps Switzerland\" \/>\n<meta property=\"article:publisher\" content=\"https:\/\/www.facebook.com\/LesElfesVerbier\" \/>\n<meta property=\"article:published_time\" content=\"2020-09-30T11:02:24+00:00\" \/>\n<meta property=\"article:modified_time\" content=\"2024-11-12T11:19:53+00:00\" \/>\n<meta property=\"og:image\" content=\"https:\/\/dev.leselfes.com\/wp-content\/uploads\/2020\/09\/Primary-Socialization.jpg\" \/>\n\t<meta property=\"og:image:width\" content=\"975\" \/>\n\t<meta property=\"og:image:height\" content=\"675\" \/>\n\t<meta property=\"og:image:type\" content=\"image\/jpeg\" \/>\n<meta name=\"author\" content=\"lesadmin\" \/>\n<meta name=\"twitter:card\" content=\"summary_large_image\" \/>\n<meta name=\"twitter:creator\" content=\"@LesElfesCamps\" \/>\n<meta name=\"twitter:site\" content=\"@LesElfesCamps\" \/>\n<meta name=\"twitter:label1\" content=\"Escrito por\" \/>\n\t<meta name=\"twitter:data1\" content=\"lesadmin\" \/>\n\t<meta name=\"twitter:label2\" content=\"Est. tempo de leitura\" \/>\n\t<meta name=\"twitter:data2\" content=\"10 minutos\" \/>\n<script type=\"application\/ld+json\" class=\"yoast-schema-graph\">{\"@context\":\"https:\/\/schema.org\",\"@graph\":[{\"@type\":\"Article\",\"@id\":\"https:\/\/www.leselfes.com\/pt-br\/socializacao-primaria-um-fator-crucial-durante-a-infancia-ate-a-idade-adulta\/#article\",\"isPartOf\":{\"@id\":\"https:\/\/www.leselfes.com\/pt-br\/socializacao-primaria-um-fator-crucial-durante-a-infancia-ate-a-idade-adulta\/\"},\"author\":{\"name\":\"lesadmin\",\"@id\":\"https:\/\/dev.leselfes.com\/#\/schema\/person\/407a229698868b8c603874b19f37f289\"},\"headline\":\"Socializa\u00e7\u00e3o prim\u00e1ria: Um fator crucial durante a inf\u00e2ncia at\u00e9 a idade adulta\",\"datePublished\":\"2020-09-30T11:02:24+00:00\",\"dateModified\":\"2024-11-12T11:19:53+00:00\",\"mainEntityOfPage\":{\"@id\":\"https:\/\/www.leselfes.com\/pt-br\/socializacao-primaria-um-fator-crucial-durante-a-infancia-ate-a-idade-adulta\/\"},\"wordCount\":1962,\"publisher\":{\"@id\":\"https:\/\/dev.leselfes.com\/#organization\"},\"image\":{\"@id\":\"https:\/\/www.leselfes.com\/pt-br\/socializacao-primaria-um-fator-crucial-durante-a-infancia-ate-a-idade-adulta\/#primaryimage\"},\"thumbnailUrl\":\"https:\/\/www.leselfes.com\/wp-content\/uploads\/2020\/09\/Primary-Socialization.jpg\",\"articleSection\":[\"Artigos\"],\"inLanguage\":\"pt-BR\"},{\"@type\":\"WebPage\",\"@id\":\"https:\/\/www.leselfes.com\/pt-br\/socializacao-primaria-um-fator-crucial-durante-a-infancia-ate-a-idade-adulta\/\",\"url\":\"https:\/\/www.leselfes.com\/pt-br\/socializacao-primaria-um-fator-crucial-durante-a-infancia-ate-a-idade-adulta\/\",\"name\":\"Socializa\u00e7\u00e3o prim\u00e1ria: Um fator crucial durante a inf\u00e2ncia at\u00e9 a idade adulta - Les Elfes International Camps Switzerland\",\"isPartOf\":{\"@id\":\"https:\/\/dev.leselfes.com\/#website\"},\"primaryImageOfPage\":{\"@id\":\"https:\/\/www.leselfes.com\/pt-br\/socializacao-primaria-um-fator-crucial-durante-a-infancia-ate-a-idade-adulta\/#primaryimage\"},\"image\":{\"@id\":\"https:\/\/www.leselfes.com\/pt-br\/socializacao-primaria-um-fator-crucial-durante-a-infancia-ate-a-idade-adulta\/#primaryimage\"},\"thumbnailUrl\":\"https:\/\/www.leselfes.com\/wp-content\/uploads\/2020\/09\/Primary-Socialization.jpg\",\"datePublished\":\"2020-09-30T11:02:24+00:00\",\"dateModified\":\"2024-11-12T11:19:53+00:00\",\"breadcrumb\":{\"@id\":\"https:\/\/www.leselfes.com\/pt-br\/socializacao-primaria-um-fator-crucial-durante-a-infancia-ate-a-idade-adulta\/#breadcrumb\"},\"inLanguage\":\"pt-BR\",\"potentialAction\":[{\"@type\":\"ReadAction\",\"target\":[\"https:\/\/www.leselfes.com\/pt-br\/socializacao-primaria-um-fator-crucial-durante-a-infancia-ate-a-idade-adulta\/\"]}]},{\"@type\":\"ImageObject\",\"inLanguage\":\"pt-BR\",\"@id\":\"https:\/\/www.leselfes.com\/pt-br\/socializacao-primaria-um-fator-crucial-durante-a-infancia-ate-a-idade-adulta\/#primaryimage\",\"url\":\"https:\/\/www.leselfes.com\/wp-content\/uploads\/2020\/09\/Primary-Socialization.jpg\",\"contentUrl\":\"https:\/\/www.leselfes.com\/wp-content\/uploads\/2020\/09\/Primary-Socialization.jpg\",\"width\":975,\"height\":675},{\"@type\":\"BreadcrumbList\",\"@id\":\"https:\/\/www.leselfes.com\/pt-br\/socializacao-primaria-um-fator-crucial-durante-a-infancia-ate-a-idade-adulta\/#breadcrumb\",\"itemListElement\":[{\"@type\":\"ListItem\",\"position\":1,\"name\":\"Home\",\"item\":\"https:\/\/www.leselfes.com\/pt-br\/\"},{\"@type\":\"ListItem\",\"position\":2,\"name\":\"Socializa\u00e7\u00e3o prim\u00e1ria: Um fator crucial durante a inf\u00e2ncia at\u00e9 a idade adulta\"}]},{\"@type\":\"WebSite\",\"@id\":\"https:\/\/dev.leselfes.com\/#website\",\"url\":\"https:\/\/dev.leselfes.com\/\",\"name\":\"Les Elfes International\",\"description\":\"Les Elfes International, Verbier Switzerland. Summer Camp, Winter Camp, Spring Camps.\",\"publisher\":{\"@id\":\"https:\/\/dev.leselfes.com\/#organization\"},\"alternateName\":\"Les Elfes International\",\"potentialAction\":[{\"@type\":\"SearchAction\",\"target\":{\"@type\":\"EntryPoint\",\"urlTemplate\":\"https:\/\/dev.leselfes.com\/?s={search_term_string}\"},\"query-input\":{\"@type\":\"PropertyValueSpecification\",\"valueRequired\":true,\"valueName\":\"search_term_string\"}}],\"inLanguage\":\"pt-BR\"},{\"@type\":\"Organization\",\"@id\":\"https:\/\/dev.leselfes.com\/#organization\",\"name\":\"Les Elfes International\",\"alternateName\":\"Les Elfes International\",\"url\":\"https:\/\/dev.leselfes.com\/\",\"logo\":{\"@type\":\"ImageObject\",\"inLanguage\":\"pt-BR\",\"@id\":\"https:\/\/dev.leselfes.com\/#\/schema\/logo\/image\/\",\"url\":\"https:\/\/www.leselfes.com\/wp-content\/uploads\/2022\/03\/leselfes-logo.png\",\"contentUrl\":\"https:\/\/www.leselfes.com\/wp-content\/uploads\/2022\/03\/leselfes-logo.png\",\"width\":233,\"height\":51,\"caption\":\"Les Elfes International\"},\"image\":{\"@id\":\"https:\/\/dev.leselfes.com\/#\/schema\/logo\/image\/\"},\"sameAs\":[\"https:\/\/www.facebook.com\/LesElfesVerbier\",\"https:\/\/x.com\/LesElfesCamps\",\"https:\/\/www.instagram.com\/leselfes\",\"https:\/\/www.linkedin.com\/company\/les-elfes-international\",\"https:\/\/www.youtube.com\/user\/LesElfesVerbier\"]},{\"@type\":\"Person\",\"@id\":\"https:\/\/dev.leselfes.com\/#\/schema\/person\/407a229698868b8c603874b19f37f289\",\"name\":\"lesadmin\",\"image\":{\"@type\":\"ImageObject\",\"inLanguage\":\"pt-BR\",\"@id\":\"https:\/\/dev.leselfes.com\/#\/schema\/person\/image\/\",\"url\":\"https:\/\/secure.gravatar.com\/avatar\/fdb243a028df450397b3632d862f87f6?s=96&d=mm&r=g\",\"contentUrl\":\"https:\/\/secure.gravatar.com\/avatar\/fdb243a028df450397b3632d862f87f6?s=96&d=mm&r=g\",\"caption\":\"lesadmin\"},\"url\":\"https:\/\/www.leselfes.com\/pt-br\/author\/lesadmin\/\"}]}<\/script>\n<!-- \/ Yoast SEO Premium plugin. -->","yoast_head_json":{"title":"Socializa\u00e7\u00e3o prim\u00e1ria: Um fator crucial durante a inf\u00e2ncia at\u00e9 a idade adulta - Les Elfes International Camps Switzerland","robots":{"index":"index","follow":"follow","max-snippet":"max-snippet:-1","max-image-preview":"max-image-preview:large","max-video-preview":"max-video-preview:-1"},"canonical":"https:\/\/www.leselfes.com\/pt-br\/socializacao-primaria-um-fator-crucial-durante-a-infancia-ate-a-idade-adulta\/","og_locale":"pt_BR","og_type":"article","og_title":"Socializa\u00e7\u00e3o prim\u00e1ria: Um fator crucial durante a inf\u00e2ncia at\u00e9 a idade adulta","og_description":"A socializa\u00e7\u00e3o prim\u00e1ria \u00e9 o per\u00edodo inicial da vida de um indiv\u00edduo em que ele aprende e se desenvolve por meio de intera\u00e7\u00f5es e experi\u00eancias ao seu redor. Neste artigo,...","og_url":"https:\/\/www.leselfes.com\/pt-br\/socializacao-primaria-um-fator-crucial-durante-a-infancia-ate-a-idade-adulta\/","og_site_name":"Les Elfes International Camps Switzerland","article_publisher":"https:\/\/www.facebook.com\/LesElfesVerbier","article_published_time":"2020-09-30T11:02:24+00:00","article_modified_time":"2024-11-12T11:19:53+00:00","og_image":[{"width":975,"height":675,"url":"https:\/\/dev.leselfes.com\/wp-content\/uploads\/2020\/09\/Primary-Socialization.jpg","type":"image\/jpeg"}],"author":"lesadmin","twitter_card":"summary_large_image","twitter_creator":"@LesElfesCamps","twitter_site":"@LesElfesCamps","twitter_misc":{"Escrito por":"lesadmin","Est. tempo de leitura":"10 minutos"},"schema":{"@context":"https:\/\/schema.org","@graph":[{"@type":"Article","@id":"https:\/\/www.leselfes.com\/pt-br\/socializacao-primaria-um-fator-crucial-durante-a-infancia-ate-a-idade-adulta\/#article","isPartOf":{"@id":"https:\/\/www.leselfes.com\/pt-br\/socializacao-primaria-um-fator-crucial-durante-a-infancia-ate-a-idade-adulta\/"},"author":{"name":"lesadmin","@id":"https:\/\/dev.leselfes.com\/#\/schema\/person\/407a229698868b8c603874b19f37f289"},"headline":"Socializa\u00e7\u00e3o prim\u00e1ria: Um fator crucial durante a inf\u00e2ncia at\u00e9 a idade adulta","datePublished":"2020-09-30T11:02:24+00:00","dateModified":"2024-11-12T11:19:53+00:00","mainEntityOfPage":{"@id":"https:\/\/www.leselfes.com\/pt-br\/socializacao-primaria-um-fator-crucial-durante-a-infancia-ate-a-idade-adulta\/"},"wordCount":1962,"publisher":{"@id":"https:\/\/dev.leselfes.com\/#organization"},"image":{"@id":"https:\/\/www.leselfes.com\/pt-br\/socializacao-primaria-um-fator-crucial-durante-a-infancia-ate-a-idade-adulta\/#primaryimage"},"thumbnailUrl":"https:\/\/www.leselfes.com\/wp-content\/uploads\/2020\/09\/Primary-Socialization.jpg","articleSection":["Artigos"],"inLanguage":"pt-BR"},{"@type":"WebPage","@id":"https:\/\/www.leselfes.com\/pt-br\/socializacao-primaria-um-fator-crucial-durante-a-infancia-ate-a-idade-adulta\/","url":"https:\/\/www.leselfes.com\/pt-br\/socializacao-primaria-um-fator-crucial-durante-a-infancia-ate-a-idade-adulta\/","name":"Socializa\u00e7\u00e3o prim\u00e1ria: Um fator crucial durante a inf\u00e2ncia at\u00e9 a idade adulta - Les Elfes International Camps Switzerland","isPartOf":{"@id":"https:\/\/dev.leselfes.com\/#website"},"primaryImageOfPage":{"@id":"https:\/\/www.leselfes.com\/pt-br\/socializacao-primaria-um-fator-crucial-durante-a-infancia-ate-a-idade-adulta\/#primaryimage"},"image":{"@id":"https:\/\/www.leselfes.com\/pt-br\/socializacao-primaria-um-fator-crucial-durante-a-infancia-ate-a-idade-adulta\/#primaryimage"},"thumbnailUrl":"https:\/\/www.leselfes.com\/wp-content\/uploads\/2020\/09\/Primary-Socialization.jpg","datePublished":"2020-09-30T11:02:24+00:00","dateModified":"2024-11-12T11:19:53+00:00","breadcrumb":{"@id":"https:\/\/www.leselfes.com\/pt-br\/socializacao-primaria-um-fator-crucial-durante-a-infancia-ate-a-idade-adulta\/#breadcrumb"},"inLanguage":"pt-BR","potentialAction":[{"@type":"ReadAction","target":["https:\/\/www.leselfes.com\/pt-br\/socializacao-primaria-um-fator-crucial-durante-a-infancia-ate-a-idade-adulta\/"]}]},{"@type":"ImageObject","inLanguage":"pt-BR","@id":"https:\/\/www.leselfes.com\/pt-br\/socializacao-primaria-um-fator-crucial-durante-a-infancia-ate-a-idade-adulta\/#primaryimage","url":"https:\/\/www.leselfes.com\/wp-content\/uploads\/2020\/09\/Primary-Socialization.jpg","contentUrl":"https:\/\/www.leselfes.com\/wp-content\/uploads\/2020\/09\/Primary-Socialization.jpg","width":975,"height":675},{"@type":"BreadcrumbList","@id":"https:\/\/www.leselfes.com\/pt-br\/socializacao-primaria-um-fator-crucial-durante-a-infancia-ate-a-idade-adulta\/#breadcrumb","itemListElement":[{"@type":"ListItem","position":1,"name":"Home","item":"https:\/\/www.leselfes.com\/pt-br\/"},{"@type":"ListItem","position":2,"name":"Socializa\u00e7\u00e3o prim\u00e1ria: Um fator crucial durante a inf\u00e2ncia at\u00e9 a idade adulta"}]},{"@type":"WebSite","@id":"https:\/\/dev.leselfes.com\/#website","url":"https:\/\/dev.leselfes.com\/","name":"Les Elfes International","description":"Les Elfes International, Verbier Switzerland. Summer Camp, Winter Camp, Spring Camps.","publisher":{"@id":"https:\/\/dev.leselfes.com\/#organization"},"alternateName":"Les Elfes International","potentialAction":[{"@type":"SearchAction","target":{"@type":"EntryPoint","urlTemplate":"https:\/\/dev.leselfes.com\/?s={search_term_string}"},"query-input":{"@type":"PropertyValueSpecification","valueRequired":true,"valueName":"search_term_string"}}],"inLanguage":"pt-BR"},{"@type":"Organization","@id":"https:\/\/dev.leselfes.com\/#organization","name":"Les Elfes International","alternateName":"Les Elfes International","url":"https:\/\/dev.leselfes.com\/","logo":{"@type":"ImageObject","inLanguage":"pt-BR","@id":"https:\/\/dev.leselfes.com\/#\/schema\/logo\/image\/","url":"https:\/\/www.leselfes.com\/wp-content\/uploads\/2022\/03\/leselfes-logo.png","contentUrl":"https:\/\/www.leselfes.com\/wp-content\/uploads\/2022\/03\/leselfes-logo.png","width":233,"height":51,"caption":"Les Elfes International"},"image":{"@id":"https:\/\/dev.leselfes.com\/#\/schema\/logo\/image\/"},"sameAs":["https:\/\/www.facebook.com\/LesElfesVerbier","https:\/\/x.com\/LesElfesCamps","https:\/\/www.instagram.com\/leselfes","https:\/\/www.linkedin.com\/company\/les-elfes-international","https:\/\/www.youtube.com\/user\/LesElfesVerbier"]},{"@type":"Person","@id":"https:\/\/dev.leselfes.com\/#\/schema\/person\/407a229698868b8c603874b19f37f289","name":"lesadmin","image":{"@type":"ImageObject","inLanguage":"pt-BR","@id":"https:\/\/dev.leselfes.com\/#\/schema\/person\/image\/","url":"https:\/\/secure.gravatar.com\/avatar\/fdb243a028df450397b3632d862f87f6?s=96&d=mm&r=g","contentUrl":"https:\/\/secure.gravatar.com\/avatar\/fdb243a028df450397b3632d862f87f6?s=96&d=mm&r=g","caption":"lesadmin"},"url":"https:\/\/www.leselfes.com\/pt-br\/author\/lesadmin\/"}]}},"_links":{"self":[{"href":"https:\/\/www.leselfes.com\/pt-br\/wp-json\/wp\/v2\/posts\/92431"}],"collection":[{"href":"https:\/\/www.leselfes.com\/pt-br\/wp-json\/wp\/v2\/posts"}],"about":[{"href":"https:\/\/www.leselfes.com\/pt-br\/wp-json\/wp\/v2\/types\/post"}],"author":[{"embeddable":true,"href":"https:\/\/www.leselfes.com\/pt-br\/wp-json\/wp\/v2\/users\/1"}],"replies":[{"embeddable":true,"href":"https:\/\/www.leselfes.com\/pt-br\/wp-json\/wp\/v2\/comments?post=92431"}],"version-history":[{"count":0,"href":"https:\/\/www.leselfes.com\/pt-br\/wp-json\/wp\/v2\/posts\/92431\/revisions"}],"wp:featuredmedia":[{"embeddable":true,"href":"https:\/\/www.leselfes.com\/pt-br\/wp-json\/wp\/v2\/media\/73183"}],"wp:attachment":[{"href":"https:\/\/www.leselfes.com\/pt-br\/wp-json\/wp\/v2\/media?parent=92431"}],"wp:term":[{"taxonomy":"category","embeddable":true,"href":"https:\/\/www.leselfes.com\/pt-br\/wp-json\/wp\/v2\/categories?post=92431"},{"taxonomy":"post_tag","embeddable":true,"href":"https:\/\/www.leselfes.com\/pt-br\/wp-json\/wp\/v2\/tags?post=92431"}],"curies":[{"name":"wp","href":"https:\/\/api.w.org\/{rel}","templated":true}]}}