{"id":92503,"date":"2020-07-29T09:16:57","date_gmt":"2020-07-29T07:16:57","guid":{"rendered":"https:\/\/www.leselfes.com\/acampamento-de-verao-para-criancas\/"},"modified":"2024-11-12T12:21:49","modified_gmt":"2024-11-12T11:21:49","slug":"acampamento-de-verao-para-criancas","status":"publish","type":"post","link":"https:\/\/www.leselfes.com\/pt-br\/acampamento-de-verao-para-criancas\/","title":{"rendered":"Acampamento de ver\u00e3o para crian\u00e7as"},"content":{"rendered":"<p>O principal objetivo de muitos acampamentos de ver\u00e3o para crian\u00e7as \u00e9 o desenvolvimento cultural, esportivo e educacional. Os ambientes dos acampamentos de ver\u00e3o permitem que as crian\u00e7as aprendam e dominem novas habilidades. O envio de jovens campistas para um acampamento de ver\u00e3o pode causar um impacto duradouro em seu crescimento. Neste artigo, discutiremos o seguinte.   <\/p>\n<ul>\n<li>O que voc\u00ea deve considerar em um acampamento de ver\u00e3o para crian\u00e7as na era da Covid-19<\/li>\n<li>Como aproveitar uma col\u00f4nia de f\u00e9rias virtual envolvente e bem-sucedida<\/li>\n<li>Quanto custa um acampamento de ver\u00e3o para crian\u00e7as?<\/li>\n<li>Pacotes de cuidados com o acampamento de alta qualidade para os campistas<\/li>\n<li>Atividades STEM empolgantes para um programa envolvente de acampamento de ver\u00e3o para crian\u00e7as<\/li>\n<li>Um acampamento de ver\u00e3o para crian\u00e7as \u00e9 uma oportunidade perfeita de aprendizado<\/li>\n<\/ul>\n<h2>O que voc\u00ea deve considerar em um acampamento de ver\u00e3o para crian\u00e7as na era da Covid-19<\/h2>\n<p><img loading=\"lazy\" decoding=\"async\" class=\"alignnone size-full wp-image-38941\" src=\"https:\/\/www.leselfes.com\/wp-content\/uploads\/2020\/07\/Kid-Covid.jpg\" alt=\"Kid-Covid\" width=\"975\" height=\"675\" srcset=\"https:\/\/www.leselfes.com\/wp-content\/uploads\/2020\/07\/Kid-Covid.jpg 975w, https:\/\/www.leselfes.com\/wp-content\/uploads\/2020\/07\/Kid-Covid-300x208.jpg 300w, https:\/\/www.leselfes.com\/wp-content\/uploads\/2020\/07\/Kid-Covid-768x532.jpg 768w\" sizes=\"(max-width: 975px) 100vw, 975px\" \/><\/p>\n<p>Os melhores acampamentos de ver\u00e3o d\u00e3o \u00e0s crian\u00e7as a chance de participar de atividades ao ar livre, aprender e desenvolver suas habilidades e fazer novos amigos. Muitas escolas em todo o mundo fecharam durante as f\u00e9rias de primavera ap\u00f3s o aumento das infec\u00e7\u00f5es da pandemia de Covid-19. \u00c0 medida que a normalidade retorna lentamente, muitos pais est\u00e3o procurando um programa de acampamento para ajudar seus filhos a conhecer seus colegas fora de casa. No entanto, as infec\u00e7\u00f5es por Covid-19 ainda est\u00e3o aumentando em diferentes partes do mundo. Como resultado, os pais est\u00e3o preocupados com a seguran\u00e7a de seus filhos em um acampamento para dormir fora de casa. Vamos discutir alguns dos fatores que voc\u00ea deve considerar ao procurar um acampamento noturno para seus jovens campistas neste ver\u00e3o.  <\/p>\n<h3>A col\u00f4nia de f\u00e9rias tem estrat\u00e9gias para garantir que as crian\u00e7as cumpram as medidas de seguran\u00e7a contra o coronav\u00edrus?<\/h3>\n<p>As col\u00f4nias de f\u00e9rias para crian\u00e7as devem ter m\u00e9todos adequados \u00e0 idade para garantir que as crian\u00e7as tenham seguran\u00e7a:<\/p>\n<ul>\n<li>Manter uma dist\u00e2ncia segura um do outro<\/li>\n<li>Pratique a higiene adequada<\/li>\n<li>Todas as crian\u00e7as com dois anos de idade ou mais usam coberturas faciais sempre que poss\u00edvel<\/li>\n<\/ul>\n<p>Usar uma m\u00e1scara durante todo o dia pode ser dif\u00edcil para as crian\u00e7as. Os supervisores do acampamento de ver\u00e3o devem lembr\u00e1-las (os jovens campistas) regularmente. Os funcion\u00e1rios do acampamento esportivo tamb\u00e9m devem seguir essas medidas de seguran\u00e7a. Os supervisores devem garantir que as instala\u00e7\u00f5es para higieniza\u00e7\u00e3o e lavagem das m\u00e3os estejam prontamente acess\u00edveis.   <\/p>\n<h3>Como os jovens campistas se movimentar\u00e3o durante o programa de ver\u00e3o?<\/h3>\n<p>Os organizadores do acampamento devem manter as crian\u00e7as em grupos pequenos e com funcion\u00e1rios alocados durante todo o tempo para reduzir o risco de propaga\u00e7\u00e3o do v\u00edrus.<\/p>\n<h3>As atividades ser\u00e3o realizadas ao ar livre ou em ambientes fechados?<\/h3>\n<p>A realiza\u00e7\u00e3o de <a href=\"https:\/\/www.leselfes.com\/pt-br\/atividades-do-acampamento-de-verao\/\">atividades ao ar livre<\/a>, onde h\u00e1 mais espa\u00e7o para manter o distanciamento social e desfrutar do ar fresco, reduz o risco de contrair a Covid-19. Ainda assim, os supervisores do acampamento devem adotar medidas para evitar a dissemina\u00e7\u00e3o de germes. Por exemplo, eles podem restringir o compartilhamento de equipamentos para os campistas de artes c\u00eanicas. Todos os equipamentos devem ser cuidadosamente limpos e higienizados ap\u00f3s cada uso.   <\/p>\n<h3>Como a col\u00f4nia de f\u00e9rias monitorar\u00e1 a equipe e as crian\u00e7as quanto a doen\u00e7as?<\/h3>\n<p>Pergunte aos diretores do acampamento como eles pretendem monitorar os campistas e a equipe quanto a sinais de doen\u00e7a. Essas medidas podem incluir verifica\u00e7\u00f5es di\u00e1rias de temperatura e avalia\u00e7\u00e3o de sintomas. Os supervisores de acampamentos de ver\u00e3o devem garantir que a equipe execute essas etapas com respeito, seguran\u00e7a e em conformidade com as leis de privacidade e as diretrizes locais de sa\u00fade p\u00fablica.  <\/p>\n<h3>A equipe da Col\u00f4nia de F\u00e9rias para Crian\u00e7as foi treinada para lidar com crian\u00e7as com necessidades especiais?<\/h3>\n<p>Participar de um acampamento longe de casa pode ser assustador para algumas crian\u00e7as, principalmente para aquelas que t\u00eam necessidades especiais. Algumas delas ficam ansiosas por estarem em lugares novos e conhecerem pessoas novas. Os especialistas recomendam que a equipe de sa\u00fade do acampamento tenha treinamento especializado para lidar com o bem-estar emocional e a sa\u00fade geral de uma crian\u00e7a. Os conselheiros do acampamento devem ter treinamento adequado para ajudar os campistas a relaxar sempre que ficarem estressados. Os diretores do acampamento devem se esfor\u00e7ar para atender \u00e0s necessidades de cada campista. Vale a pena mencionar que algumas crian\u00e7as com necessidades especiais precisam de acomoda\u00e7\u00f5es especializadas. Esses arranjos especiais os ajudam a ter uma experi\u00eancia memor\u00e1vel no acampamento de ver\u00e3o e garantem a seguran\u00e7a. Se seu filho tiver necessidades especiais, voc\u00ea deve conversar com seu m\u00e9dico particular e com os diretores do acampamento. Dessa forma, voc\u00ea poder\u00e1 escolher facilmente uma acomoda\u00e7\u00e3o adequada entre as op\u00e7\u00f5es do acampamento.  <\/p>\n<h3>Quais s\u00e3o as medidas que a col\u00f4nia de f\u00e9rias toma quando algu\u00e9m fica doente?<\/h3>\n<p>Todos os acampamentos de basquete devem ter um plano estabelecido sobre as medidas a serem tomadas caso os campistas ou membros da equipe fiquem doentes. A abordagem deve estar em conformidade com as pol\u00edticas e diretrizes de sa\u00fade p\u00fablica locais e da OMS sobre como responder e notificar casos suspeitos de Covid-19. Os diretores e supervisores dos acampamentos devem saber onde est\u00e3o os centros de testes de Covid-19 e se eles fazem parte do esquema de resposta dos acampamentos de artes.  <\/p>\n<h2>Como desfrutar de uma col\u00f4nia de f\u00e9rias virtual envolvente e bem-sucedida<\/h2>\n<p><img loading=\"lazy\" decoding=\"async\" class=\"alignnone size-full wp-image-38942\" src=\"https:\/\/www.leselfes.com\/wp-content\/uploads\/2020\/07\/Children_using_the_computer.jpg\" alt=\"Children_using_the_computer\" width=\"1024\" height=\"768\" srcset=\"https:\/\/www.leselfes.com\/wp-content\/uploads\/2020\/07\/Children_using_the_computer.jpg 1024w, https:\/\/www.leselfes.com\/wp-content\/uploads\/2020\/07\/Children_using_the_computer-300x225.jpg 300w, https:\/\/www.leselfes.com\/wp-content\/uploads\/2020\/07\/Children_using_the_computer-768x576.jpg 768w\" sizes=\"(max-width: 1024px) 100vw, 1024px\" \/><\/p>\n<p>Uma das diretrizes de sa\u00fade p\u00fablica mais populares para achatar a curva da <a href=\"https:\/\/www.leselfes.com\/pt-br\/atualizacao-da-colonia-de-ferias-em-meio-a-pandemia-do-coronavirus\/\">pandemia do coronav\u00edrus<\/a> \u00e9 ficar em casa. Embora esse seja um \u00f3timo plano, isso significa que os campistas entusiastas precisam de ideias alternativas para aproveitar as sess\u00f5es de acampamento. Que melhor maneira de fazer isso do que organizar acampamentos de ver\u00e3o virtuais para crian\u00e7as? Os acampamentos virtuais de ver\u00e3o est\u00e3o se tornando populares a cada dia. Continue lendo para saber como voc\u00ea pode organizar um.    <\/p>\n<h3>Manter um programa simples de acampamento virtual<\/h3>\n<p>Talvez voc\u00ea n\u00e3o possa fazer viagens de campo no momento. Entretanto, isso n\u00e3o significa que voc\u00ea n\u00e3o possa ter uma <a href=\"https:\/\/www.leselfes.com\/summer-camps-switzerland\/\">experi\u00eancia<\/a> emocionante em <a href=\"https:\/\/www.leselfes.com\/summer-camps-switzerland\/\">um acampamento de ver\u00e3o<\/a>. Atividades e ideias simples de design de jogos ajudam muito a tornar um acampamento de ver\u00e3o virtual divertido para os campistas.  <\/p>\n<h3>Pratique se voc\u00ea quiser atingir a perfei\u00e7\u00e3o<\/h3>\n<p>O mundo virtual est\u00e1 em constante evolu\u00e7\u00e3o, e h\u00e1 in\u00fameras atividades interessantes para instrutores e campistas de diferentes faixas et\u00e1rias. Um dos melhores m\u00e9todos que os instrutores podem usar para adquirir uma abordagem de instru\u00e7\u00e3o bem-sucedida \u00e9 experiment\u00e1-los. Voc\u00ea pode organizar um acampamento de ver\u00e3o virtual com seus filhos ou com os filhos de amigos. Ap\u00f3s o t\u00e9rmino do acampamento virtual de ver\u00e3o, pe\u00e7a feedback aos participantes sobre o que voc\u00ea deve mudar para melhorar a experi\u00eancia. A equipe do acampamento deve se conectar e trabalhar em conjunto para desenvolver uma abordagem inventiva e envolvente que funcione.    <\/p>\n<h3>Considere as experi\u00eancias<\/h3>\n<p>\u00c9 normal que voc\u00ea pense em um projeto quando se trata de um acampamento de ver\u00e3o para crian\u00e7as de diferentes faixas et\u00e1rias. A ideia de um acampamento de ver\u00e3o virtual n\u00e3o deve ser a realiza\u00e7\u00e3o de projetos complexos. Em vez disso, crie um ambiente em que seus campistas possam:  <\/p>\n<ul>\n<li>Interagir e se envolver com seus colegas<\/li>\n<li>Criar, exercitar suas habilidades e se expressar<\/li>\n<li>Interagir e se envolver com voc\u00ea<\/li>\n<\/ul>\n<h3>Garantir que as atividades sejam equilibradas<\/h3>\n<p>Mantenha um equil\u00edbrio entre as atividades do acampamento para grupos grandes e pequenos. As crian\u00e7as ficam entediadas rapidamente. Uma maneira de mant\u00ea-las grudadas nas telas \u00e9 manter as apresenta\u00e7\u00f5es curtas e empolgantes.  <\/p>\n<h3>\u00c9 f\u00e1cil trabalhar com um grupo pequeno<\/h3>\n<p>Os especialistas recomendam que cada supervisor ou conselheiro de acampamento cuide de um grupo de seis campistas.<\/p>\n<h3>Como lidar com reuni\u00f5es de acampamento maiores<\/h3>\n<p>Ao realizar atividades para grandes grupos de campistas de acampamento de ver\u00e3o para crian\u00e7as, use enquetes para tornar a experi\u00eancia envolvente. As pesquisas s\u00e3o uma considera\u00e7\u00e3o importante que voc\u00ea deve fazer ao escolher uma plataforma de confer\u00eancia virtual para acampamentos de ver\u00e3o. Os quadros brancos compartilhados e os bate-papos de perguntas e respostas podem ser ideais e interativos para grandes grupos.  <\/p>\n<h3>Escolha uma plataforma de confer\u00eancia de acampamento virtual adequada<\/h3>\n<p>As plataformas de confer\u00eancia s\u00e3o diferentes. Enquanto algumas s\u00e3o perfeitas para um acampamento de ver\u00e3o on-line para crian\u00e7as, outras s\u00e3o muito complexas para as crian\u00e7as e os instrutores navegarem. Escolha uma plataforma de confer\u00eancia que atenda \u00e0s necessidades de seu filho. Ela deve ser intuitiva sem exigir uma configura\u00e7\u00e3o complicada. Ela deve ser de f\u00e1cil utiliza\u00e7\u00e3o para os instrutores e deve vir com ferramentas envolventes e educacionais. Esses recursos podem ajudar voc\u00ea a realizar diferentes tipos de atividades.     <\/p>\n<h3>Aproveite as oportunidades educacionais<\/h3>\n<p>Um acampamento virtual traz in\u00fameros <a href=\"https:\/\/www.leselfes.com\/pt-br\/razoes-para-levar-seu-filho-aos-melhores-acampamentos-de-verao-da-europa\/\">benef\u00edcios<\/a> educacionais para seus filhos, como veremos a seguir.<\/p>\n<ul>\n<li>As distra\u00e7\u00f5es s\u00e3o m\u00ednimas.<br \/>\nOs jovens campistas ouvem e se concentram mais intensamente nos instrutores <\/li>\n<\/ul>\n<ul>\n<li>Um acampamento virtual ajuda as crian\u00e7as a desenvolver habilidades de autoexpress\u00e3o.<br \/>\nDurante o per\u00edodo do acampamento, as crian\u00e7as devem explicar verbalmente e com a maior precis\u00e3o poss\u00edvel aos instrutores quaisquer problemas que encontrarem.<br \/>\nIsso pode incluir problemas com a conex\u00e3o de tecnologia de identifica\u00e7\u00e3o ou com o som.  <\/li>\n<\/ul>\n<ul>\n<li>\u00c9 uma maneira ideal de aprimorar as habilidades auditivas.<br \/>\nOs campistas logo descobrem que precisam ouvir enquanto outro participante fala e aguardar sua vez de falar. <\/li>\n<\/ul>\n<h2>Quanto custa um acampamento de ver\u00e3o para crian\u00e7as?<\/h2>\n<p>Enviar jovens campistas para um programa de acampamento de ver\u00e3o para crian\u00e7as pode ser caro, especialmente para pais que trabalham nos Estados Unidos. Em m\u00e9dia, os pais da cidade de Nova York teriam de gastar US$ 990 por crian\u00e7a. Alguns pais dizem que planejam gastar mais de US$ 2.000 por crian\u00e7a em um memor\u00e1vel programa de acampamento de ver\u00e3o para crian\u00e7as em Manhattan. Esse custo pode ser alto para os pais que t\u00eam mais de um filho. Se voc\u00ea estiver com dificuldades para encontrar op\u00e7\u00f5es de acampamento para seu filho, talvez queira considerar organiza\u00e7\u00f5es sem fins lucrativos, como os clubes da YMCA. Muitas delas oferecem atividades divertidas e envolventes de artes pl\u00e1sticas para crian\u00e7as em Nova York. <\/p>\n<h2>Pacotes de cuidados com o acampamento de alta qualidade para os campistas<\/h2>\n<p><img loading=\"lazy\" decoding=\"async\" class=\"alignnone size-full wp-image-42033\" src=\"https:\/\/www.leselfes.com\/wp-content\/uploads\/2020\/07\/High-Quality-Camp-Care-Packages-For-Campers.jpg\" alt=\"Pacotes de cuidados com o acampamento de alta qualidade para os campistas\" width=\"612\" height=\"612\" srcset=\"https:\/\/www.leselfes.com\/wp-content\/uploads\/2020\/07\/High-Quality-Camp-Care-Packages-For-Campers.jpg 612w, https:\/\/www.leselfes.com\/wp-content\/uploads\/2020\/07\/High-Quality-Camp-Care-Packages-For-Campers-300x300.jpg 300w, https:\/\/www.leselfes.com\/wp-content\/uploads\/2020\/07\/High-Quality-Camp-Care-Packages-For-Campers-150x150.jpg 150w, https:\/\/www.leselfes.com\/wp-content\/uploads\/2020\/07\/High-Quality-Camp-Care-Packages-For-Campers-320x320.jpg 320w, https:\/\/www.leselfes.com\/wp-content\/uploads\/2020\/07\/High-Quality-Camp-Care-Packages-For-Campers-360x360.jpg 360w\" sizes=\"(max-width: 612px) 100vw, 612px\" \/><\/p>\n<p>Quando seus filhos forem para um programa de acampamento de ver\u00e3o para crian\u00e7as, talvez voc\u00ea queira enviar a eles um pacote de cuidados. Voc\u00ea n\u00e3o precisa enviar pacotes grandes. Em vez disso, escolha um bilhete pequeno e simples, um cart\u00e3o ou uma pequena caixa de presentes para fazer seu filho sorrir. Os pacotes de cuidados fazem com que as crian\u00e7as se sintam amadas e apreciadas, especialmente se estiverem indo para seu primeiro <a href=\"https:\/\/www.leselfes.com\/pt-br\/acampamentos-de-verao-sleepaway-como-escolher-o-melhor-para-seu-filho\/\">acampamento de ver\u00e3o para dormir<\/a>. Al\u00e9m disso, um pacote de acampamento ajuda as crian\u00e7as a superar a ansiedade e a saudade de casa. Evite enviar itens que deixem os campistas mais ansiosos. Em vez disso, escolha algo que os lembre de aproveitar as atividades de artes visuais no acampamento. Alguns acampamentos de ver\u00e3o para estabelecimentos infantis n\u00e3o permitem que os pais enviem alguns itens. Voc\u00ea deve ler as pol\u00edticas do acampamento para entender o que deve ou n\u00e3o enviar para seu filho. Aqui est\u00e3o algumas dicas de coisas que seu filho ficar\u00e1 feliz em receber enquanto estiver no acampamento.  <\/p>\n<h3>Cart\u00f5es hil\u00e1rios<\/h3>\n<p>Evite cart\u00f5es de amor sentimentais, pois eles s\u00f3 far\u00e3o com que as crian\u00e7as sintam saudades de casa. Em vez disso, escolha cart\u00f5es hil\u00e1rios que possam fazer seus filhos e seus colegas rirem. Voc\u00ea conhece melhor seu filho. Escolha um cart\u00e3o que corresponda \u00e0s expectativas de humor dele.   <\/p>\n<h3>Bast\u00f5es luminosos<\/h3>\n<p>As crian\u00e7as adoram usar lanternas em seus sacos de dormir. No entanto, elas s\u00e3o obrigadas a desligar as luzes alguns minutos depois de irem para a cama. Nesse caso, um bast\u00e3o luminoso pode ser \u00fatil, especialmente para crian\u00e7as que t\u00eam medo do escuro. Elas podem us\u00e1-los para afastar os mosquitos ou iluminar o caminho at\u00e9 o banheiro. Os bast\u00f5es luminosos est\u00e3o dispon\u00edveis em v\u00e1rios tamanhos e formatos para agradar a cada faixa et\u00e1ria. Voc\u00ea pode comprar esses tesouros na loja local de acess\u00f3rios para festas.     <\/p>\n<h3>Alguns lanches<\/h3>\n<p>Alguns acampamentos pro\u00edbem lanches dentro das instala\u00e7\u00f5es do acampamento de ver\u00e3o para crian\u00e7as. Entretanto, se a administra\u00e7\u00e3o do acampamento permitir, escolha lanches saud\u00e1veis. Voc\u00ea pode at\u00e9 prepar\u00e1-los em casa.  <\/p>\n<h3>Brinquedos e jogos pequenos<\/h3>\n<p><img loading=\"lazy\" decoding=\"async\" class=\"alignnone size-full wp-image-42035\" src=\"https:\/\/www.leselfes.com\/wp-content\/uploads\/2020\/07\/Small-Toys-And-Games.jpg\" alt=\"Brinquedos e jogos pequenos\" width=\"960\" height=\"640\" srcset=\"https:\/\/www.leselfes.com\/wp-content\/uploads\/2020\/07\/Small-Toys-And-Games.jpg 960w, https:\/\/www.leselfes.com\/wp-content\/uploads\/2020\/07\/Small-Toys-And-Games-300x200.jpg 300w, https:\/\/www.leselfes.com\/wp-content\/uploads\/2020\/07\/Small-Toys-And-Games-768x512.jpg 768w, https:\/\/www.leselfes.com\/wp-content\/uploads\/2020\/07\/Small-Toys-And-Games-320x213.jpg 320w, https:\/\/www.leselfes.com\/wp-content\/uploads\/2020\/07\/Small-Toys-And-Games-640x427.jpg 640w, https:\/\/www.leselfes.com\/wp-content\/uploads\/2020\/07\/Small-Toys-And-Games-360x240.jpg 360w, https:\/\/www.leselfes.com\/wp-content\/uploads\/2020\/07\/Small-Toys-And-Games-720x480.jpg 720w, https:\/\/www.leselfes.com\/wp-content\/uploads\/2020\/07\/Small-Toys-And-Games-800x533.jpg 800w\" sizes=\"(max-width: 960px) 100vw, 960px\" \/><\/p>\n<p>Alguns <a href=\"https:\/\/www.leselfes.com\/pt-br\/como-criar-um-programa-memoravel-de-acampamento-de-verao-para-criancas\/\">acampamentos de ver\u00e3o para crian\u00e7as<\/a> t\u00eam uma ampla gama de atividades que mant\u00eam as crian\u00e7as envolvidas. As crian\u00e7as dificilmente precisar\u00e3o de brinquedos ou mesmo jogos. No entanto, eles podem ser \u00fateis \u00e0 noite. H\u00e1 muitas op\u00e7\u00f5es de brinquedos e jogos dispon\u00edveis no mercado hoje em dia, e voc\u00ea pode encontr\u00e1-los a pre\u00e7os com desconto. Outros acess\u00f3rios que voc\u00ea pode incluir no seu pacote de cuidados com o acampamento s\u00e3o: barulhinhos de festa, adesivos e \u00edm\u00e3s.    <\/p>\n<h3>Dinheiro<\/h3>\n<p>Voc\u00ea n\u00e3o precisa enviar muito dinheiro aos seus filhos. Um d\u00f3lar pode ajudar muito seu filho a pagar por aquela atividade de passeio \u00e0 tarde no Bronx. <\/p>\n<h3>Fotos de seus animais de estima\u00e7\u00e3o<\/h3>\n<p>Se seus filhos tiverem um animal de estima\u00e7\u00e3o, eles ficar\u00e3o felizes em v\u00ea-lo e mostr\u00e1-lo aos novos amigos.<\/p>\n<h3>C\u00e2mera descart\u00e1vel<\/h3>\n<p><img loading=\"lazy\" decoding=\"async\" class=\"alignnone size-full wp-image-42036\" src=\"https:\/\/www.leselfes.com\/wp-content\/uploads\/2020\/07\/Disposable-Camera.jpg\" alt=\"C\u00e2mera descart\u00e1vel\" width=\"960\" height=\"643\" srcset=\"https:\/\/www.leselfes.com\/wp-content\/uploads\/2020\/07\/Disposable-Camera.jpg 960w, https:\/\/www.leselfes.com\/wp-content\/uploads\/2020\/07\/Disposable-Camera-300x201.jpg 300w, https:\/\/www.leselfes.com\/wp-content\/uploads\/2020\/07\/Disposable-Camera-768x514.jpg 768w, https:\/\/www.leselfes.com\/wp-content\/uploads\/2020\/07\/Disposable-Camera-320x214.jpg 320w, https:\/\/www.leselfes.com\/wp-content\/uploads\/2020\/07\/Disposable-Camera-640x429.jpg 640w, https:\/\/www.leselfes.com\/wp-content\/uploads\/2020\/07\/Disposable-Camera-360x241.jpg 360w, https:\/\/www.leselfes.com\/wp-content\/uploads\/2020\/07\/Disposable-Camera-720x482.jpg 720w, https:\/\/www.leselfes.com\/wp-content\/uploads\/2020\/07\/Disposable-Camera-800x536.jpg 800w\" sizes=\"(max-width: 960px) 100vw, 960px\" \/><\/p>\n<p>Se o seu filho esqueceu a c\u00e2mera de alta qualidade, opte por enviar a ele uma c\u00e2mera descart\u00e1vel barata para tirar fotos inesquec\u00edveis. Se as atividades do <a href=\"https:\/\/www.leselfes.com\/pt-br\/acampamento-de-verao\/\">acampamento de ver\u00e3o<\/a> para crian\u00e7as envolverem canoagem e nata\u00e7\u00e3o, uma c\u00e2mera subaqu\u00e1tica descart\u00e1vel barata ser\u00e1 ideal. <\/p>\n<h2>Revista e um bilhete de amor<\/h2>\n<p>O objetivo de enviar um pacote de cuidados para o acampamento \u00e9 fazer com que seu filho se sinta amado e valorizado. Voc\u00ea tamb\u00e9m deve incentiv\u00e1-lo a aproveitar a experi\u00eancia do acampamento de ver\u00e3o. Voc\u00ea n\u00e3o quer que ele sinta saudades de casa. Seu bilhete de amor n\u00e3o deve dizer mais do que eu amo voc\u00ea. Se o seu filho gosta de ler, uma revista pode ajudar muito a superar os dias de baixa imprevistos.    <\/p>\n<h3>Um cart\u00e3o de boas-vindas ao lar<\/h3>\n<p>Quando o programa de acampamento de ver\u00e3o para crian\u00e7as estiver chegando ao fim, voc\u00ea pode enviar um cart\u00e3o de boas-vindas aos seus filhos. Inclua um convite para uma noite de cinema na sala de estar da fam\u00edlia ou um piquenique com frango e pizza no quintal. Lembre-se de dizer o quanto voc\u00ea est\u00e1 orgulhoso deles e que n\u00e3o v\u00ea a hora de saber como foi a experi\u00eancia deles no acampamento.  <\/p>\n<h2>Atividades STEM empolgantes para um programa envolvente de acampamento de ver\u00e3o para crian\u00e7as<\/h2>\n<p>Os alunos que participam de acampamentos tradicionais geralmente se envolvem em atividades STEM (ci\u00eancia, tecnologia, engenharia e matem\u00e1tica). Embora as crian\u00e7as adorem essas atividades, seu interesse pode diminuir \u00e0 medida que crescem. Como as carreiras STEM constituem uma grande parte da economia atual, voc\u00ea deve incentivar seus filhos a se envolverem em atividades STEM. Hoje em dia, \u00e9 fundamental que voc\u00ea tenha conhecimentos t\u00e9cnicos, seja inovador e saiba por que e como as coisas funcionam. Encontrar os projetos STEM ideais para seus filhos pode ser uma tarefa dif\u00edcil. Entretanto, alguns <a href=\"https:\/\/www.leselfes.com\/pt-br\/como-criar-um-programa-memoravel-de-acampamento-de-verao-para-criancas\/\">programas de acampamento de ver\u00e3o<\/a> oferecem atividades e aulas STEM especializadas, dependendo das necessidades deles. Aqui est\u00e3o alguns projetos baseados em STEM para um acampamento de ver\u00e3o que ajudar\u00e3o a dar \u00e0s crian\u00e7as habilidades essenciais para a vida. <\/p>\n<h3>&#8211; Derramamento de \u00f3leo<\/h3>\n<p>Essa atividade se enquadra na categoria de ci\u00eancia e engenharia. Ela \u00e9 ideal para crian\u00e7as que s\u00e3o apaixonadas por quest\u00f5es reais. A atividade de derramamento de \u00f3leo envolve a mistura de \u00e1gua e \u00f3leo em um recipiente e o lan\u00e7amento de algumas penas dentro dele. D\u00ea \u00e0s crian\u00e7as diferentes materiais, como toalhas de papel, esponjas ou colheres pequenas. Agora, pe\u00e7a aos jovens campistas que tentem remover o \u00f3leo das penas e da \u00e1gua sem retirar muita \u00e1gua. Deixe que as crian\u00e7as observem o efeito do \u00f3leo nas penas e o desafio que \u00e9 separ\u00e1-lo da \u00e1gua. Use essa atividade para demonstrar o impacto dos derramamentos de \u00f3leo no meio ambiente. Torne essa atividade f\u00e1cil ou dif\u00edcil, de acordo com o n\u00edvel de compreens\u00e3o do aluno. Lembre-se de que o \u00f3leo pode ser confuso e voc\u00ea deve ter cuidado ao lidar com alunos jovens.  <\/p>\n<h3>&#8211; Codificando um labirinto LEGO<\/h3>\n<p><img loading=\"lazy\" decoding=\"async\" class=\"alignnone size-full wp-image-42037\" src=\"https:\/\/www.leselfes.com\/wp-content\/uploads\/2020\/07\/Coding-A-Lego-Maze.jpg\" alt=\"Codificando um labirinto de Lego\" width=\"800\" height=\"600\" srcset=\"https:\/\/www.leselfes.com\/wp-content\/uploads\/2020\/07\/Coding-A-Lego-Maze.jpg 800w, https:\/\/www.leselfes.com\/wp-content\/uploads\/2020\/07\/Coding-A-Lego-Maze-300x225.jpg 300w, https:\/\/www.leselfes.com\/wp-content\/uploads\/2020\/07\/Coding-A-Lego-Maze-768x576.jpg 768w, https:\/\/www.leselfes.com\/wp-content\/uploads\/2020\/07\/Coding-A-Lego-Maze-320x240.jpg 320w, https:\/\/www.leselfes.com\/wp-content\/uploads\/2020\/07\/Coding-A-Lego-Maze-640x480.jpg 640w, https:\/\/www.leselfes.com\/wp-content\/uploads\/2020\/07\/Coding-A-Lego-Maze-360x270.jpg 360w, https:\/\/www.leselfes.com\/wp-content\/uploads\/2020\/07\/Coding-A-Lego-Maze-720x540.jpg 720w\" sizes=\"(max-width: 800px) 100vw, 800px\" \/><\/p>\n<p>Essa atividade STEM se enquadra na categoria de tecnologia. Ela exp\u00f5e as crian\u00e7as a no\u00e7\u00f5es b\u00e1sicas de codifica\u00e7\u00e3o e tamb\u00e9m oferece ideias de como reduzi-la para campistas mais jovens. Os supervisores de acampamentos de ver\u00e3o para crian\u00e7as podem at\u00e9 mesmo tornar a codifica\u00e7\u00e3o de um labirinto de Lego mais complexa para os campistas do ensino m\u00e9dio. Essa atividade vem com materiais para impress\u00e3o de acesso gratuito, como uma grande variedade de cart\u00f5es de instru\u00e7\u00f5es e labirintos. As crian\u00e7as se colocam no lugar de um usu\u00e1rio e organizam c\u00f3digos variados para direcionar seu parceiro Lego pelo labirinto. A realiza\u00e7\u00e3o dessa atividade permite que as crian\u00e7as aprendam a avaliar o aspecto de outra coisa e desenvolvam um conhecimento s\u00f3lido de c\u00f3digos de comando, looping e sequ\u00eancia que podem ajud\u00e1-las a entender os fundamentos da codifica\u00e7\u00e3o.  <\/p>\n<h2>&#8211; Nuvem em uma jarra<\/h2>\n<p>Essa atividade STEM se enquadra em ci\u00eancias e destaca o ciclo da \u00e1gua, a condensa\u00e7\u00e3o e os estados da mat\u00e9ria. Para realizar a atividade da nuvem em uma jarra, os alunos precisar\u00e3o de spray de cabelo e \u00e1gua para mostrar a forma\u00e7\u00e3o de nuvens. Essa atividade \u00e9 simples e pode ser realizada por crian\u00e7as de diferentes faixas et\u00e1rias. Os supervisores podem combinar essa atividade com uma explica\u00e7\u00e3o de como os ciclos da \u00e1gua funcionam no meio ambiente. Os supervisores do acampamento podem at\u00e9 mesmo organizar um passeio matinal em um dia nublado ou com neblina. Assim, voc\u00ea poder\u00e1 realizar a atividade para ajudar as crian\u00e7as a entend\u00ea-la melhor.     <\/p>\n<h3>Apanhadores de sol de cristal<\/h3>\n<p><img loading=\"lazy\" decoding=\"async\" class=\"alignnone size-full wp-image-42038\" src=\"https:\/\/www.leselfes.com\/wp-content\/uploads\/2020\/07\/Crystal-Sun-Catchers.jpg\" alt=\"Apanhadores de sol de cristal\" width=\"960\" height=\"539\" srcset=\"https:\/\/www.leselfes.com\/wp-content\/uploads\/2020\/07\/Crystal-Sun-Catchers.jpg 960w, https:\/\/www.leselfes.com\/wp-content\/uploads\/2020\/07\/Crystal-Sun-Catchers-300x168.jpg 300w, https:\/\/www.leselfes.com\/wp-content\/uploads\/2020\/07\/Crystal-Sun-Catchers-768x431.jpg 768w, https:\/\/www.leselfes.com\/wp-content\/uploads\/2020\/07\/Crystal-Sun-Catchers-320x180.jpg 320w, https:\/\/www.leselfes.com\/wp-content\/uploads\/2020\/07\/Crystal-Sun-Catchers-640x359.jpg 640w, https:\/\/www.leselfes.com\/wp-content\/uploads\/2020\/07\/Crystal-Sun-Catchers-360x202.jpg 360w, https:\/\/www.leselfes.com\/wp-content\/uploads\/2020\/07\/Crystal-Sun-Catchers-720x404.jpg 720w, https:\/\/www.leselfes.com\/wp-content\/uploads\/2020\/07\/Crystal-Sun-Catchers-800x449.jpg 800w\" sizes=\"(max-width: 960px) 100vw, 960px\" \/><\/p>\n<p>Os coletores solares de cristal s\u00e3o uma atividade popular que se enquadra na categoria de ci\u00eancias. Os ingredientes que voc\u00ea precisa est\u00e3o prontamente dispon\u00edveis no supermercado e s\u00e3o baratos. Os campistas se divertir\u00e3o muito ao realizar essa atividade com seus colegas no programa de acampamento de ver\u00e3o para crian\u00e7as. Essa atividade envolve a cria\u00e7\u00e3o de um apanhador de sol com cristais. Voc\u00ea precisar\u00e1 dos seguintes materiais para essa atividade.    <\/p>\n<ul>\n<li>Sal de Epsom<\/li>\n<li>\u00c1gua<\/li>\n<li>Tampas pl\u00e1sticas transparentes<\/li>\n<li>Frasco vazio<\/li>\n<li>Copo ou tigela de vidro para medi\u00e7\u00e3o<\/li>\n<li>Bandeja<\/li>\n<li>Garfo<\/li>\n<li>Pin, e<\/li>\n<li>Cadeia de caracteres<\/li>\n<\/ul>\n<h3>M\u00e9todo<\/h3>\n<ul>\n<li>Me\u00e7a uma x\u00edcara de sal de Epsom e coloque-a em um frasco<\/li>\n<li>Aque\u00e7a uma x\u00edcara de \u00e1gua e coloque-a dentro do frasco de sal de Epsom<\/li>\n<li>Mexa a mistura por aproximadamente dois minutos at\u00e9 que o sal se dissolva<\/li>\n<li>Coloque algumas tampas de pl\u00e1stico em uma bandeja plana e coloque-as em um local ensolarado onde haja o m\u00ednimo de distra\u00e7\u00f5es<\/li>\n<li>Despeje um pouco do l\u00edquido restante do frasco nas tampas de pl\u00e1stico e evite encher demais<\/li>\n<li>Deixe-os sob o sol.<br \/>\nDependendo da quantidade de fluido que voc\u00ea adicionou, o processo de cristaliza\u00e7\u00e3o pode levar algumas horas. <\/li>\n<li>Seu apanhador de sol de cristal estar\u00e1 pronto quando o l\u00edquido tiver evaporado completamente.<br \/>\nAs crian\u00e7as ficar\u00e3o entusiasmadas ao ver os lindos desenhos de cristal nas laterais das tampas. <\/li>\n<\/ul>\n<h3>&#8211; Combina\u00e7\u00e3o de n\u00fameros em notas adesivas<\/h3>\n<p>A atividade de correspond\u00eancia de n\u00fameros com notas adesivas se enquadra na categoria matem\u00e1tica. Voc\u00ea precisar\u00e1 de um marcador, notas adesivas e uma folha de papel que ser\u00e1 colada na parede. Os supervisores do acampamento podem ajudar os alunos a organizar essa atividade matem\u00e1tica baseada em movimentos para ajudar as crian\u00e7as a entender os valores num\u00e9ricos. Essa atividade n\u00e3o envolve a memoriza\u00e7\u00e3o de uma lista de n\u00fameros. Em vez disso, ela permite que os jovens campistas procurem n\u00fameros em notas adesivas e os fixem na parede acima de uma s\u00e9rie de pontos que correspondem a eles (n\u00fameros). A prepara\u00e7\u00e3o para a atividade de correspond\u00eancia de n\u00fameros com notas adesivas \u00e9 f\u00e1cil. As crian\u00e7as podem fazer isso desde que tenham todos os materiais.  <\/p>\n<h3>Constru\u00e7\u00e3o de um guincho de manivela manual<\/h3>\n<p>Essa atividade STEM \u00e9 ideal para crian\u00e7as que adoram fazer trabalhos manuais e descobrir como as coisas funcionam. O guincho \u00e9 uma forma de ajudar os campistas a entenderem como desenvolver grandes coisas usando m\u00e1quinas simples. Os jovens campistas em um acampamento de ver\u00e3o para crian\u00e7as precisar\u00e3o de ajuda para construir o guincho. Ainda assim, os supervisores do acampamento podem optar por materiais adequados para crian\u00e7as, como um carretel de fita e rolos de papel toalha de papel\u00e3o.   <\/p>\n<h3>Slime magn\u00e9tico<\/h3>\n<p>As atividades caseiras de slime s\u00e3o ideais para educadores e pais que buscam atividades divertidas e empolgantes para crian\u00e7as. A atividade de slime magn\u00e9tico fica ainda mais divertida quando as crian\u00e7as a realizam com seus colegas em um programa de acampamento de ver\u00e3o para crian\u00e7as. Ela envolve a combina\u00e7\u00e3o de \u00edm\u00e3s e \u00f3xido de ferro, mas obter a consist\u00eancia do slime pode ser um desafio. As crian\u00e7as podem resolver qualquer problema adicionando amido l\u00edquido ou cola. A atividade de slime com \u00edm\u00e3 \u00e9 um \u00f3timo come\u00e7o de conversa e as crian\u00e7as ter\u00e3o v\u00e1rias perguntas sobre como os \u00edm\u00e3s funcionam. Os supervisores do acampamento devem estar preparados para responder a todas as perguntas.     <\/p>\n<h2>Construir uma balan\u00e7a de equil\u00edbrio<\/h2>\n<p>Construir uma balan\u00e7a de equil\u00edbrio \u00e9 uma atividade STEM que se enquadra na categoria de ci\u00eancias. Voc\u00ea precisar\u00e1 de um barbante, copos e um cabide de pl\u00e1stico. Os supervisores podem ajudar as crian\u00e7as a criar uma balan\u00e7a suspensa para ajud\u00e1-las a fazer experi\u00eancias com pesos. Incentive as crian\u00e7as a participarem da atividade fazendo v\u00e1rias perguntas, como &#8220;quantos Legos seu brinquedo pesa?&#8221; As crian\u00e7as podem usar a balan\u00e7a para pesar uma grande variedade de materiais, independentemente de sua forma. Uma balan\u00e7a caseira \u00e9 uma ferramenta que as crian\u00e7as v\u00e3o gostar de criar tanto na col\u00f4nia de f\u00e9rias quanto em casa.   <\/p>\n<h2>Um programa de acampamento de ver\u00e3o para crian\u00e7as \u00e9 uma oportunidade perfeita de aprendizado<\/h2>\n<p>O Minecraft ajuda as crian\u00e7as a criar, promove o pensamento cr\u00edtico e melhora a intelig\u00eancia visual. No entanto, essa n\u00e3o \u00e9 a \u00fanica atividade de acampamento de ver\u00e3o para crian\u00e7as. Enviar seus campistas para um acampamento de ver\u00e3o para crian\u00e7as ajuda as crian\u00e7as a participar de outras atividades divertidas. Entre elas est\u00e3o a escalada em rocha e os passeios a cavalo. Seu filho participar\u00e1 de um programa de acampamento de ver\u00e3o neste ver\u00e3o? Se for, certifique-se de que a instala\u00e7\u00e3o tenha medidas rigorosas para proteg\u00ea-los de contrair a pandemia de coronav\u00edrus em andamento. <a href=\"https:\/\/www.leselfes.com\/pt-br\/acampamento-de-verao\/inscreva-se-no-acampamento-de-verao\/\">Inscreva-se<\/a> hoje mesmo e confira nossos empolgantes programas de acampamento de ver\u00e3o para crian\u00e7as. <\/p>\n","protected":false},"excerpt":{"rendered":"<p>O principal objetivo de muitos acampamentos de ver\u00e3o para crian\u00e7as \u00e9 o desenvolvimento cultural, esportivo e educacional. Os ambientes dos acampamentos de ver\u00e3o permitem que as crian\u00e7as aprendam e dominem&#8230;<\/p>\n","protected":false},"author":1,"featured_media":73095,"comment_status":"open","ping_status":"open","sticky":false,"template":"","format":"standard","meta":{"_acf_changed":false,"inline_featured_image":false,"footnotes":""},"categories":[1369,1351],"tags":[],"class_list":{"0":"post-92503","1":"post","2":"type-post","3":"status-publish","4":"format-standard","5":"has-post-thumbnail","7":"category-acampamento-de-verao-pt-br","8":"category-artigos-pt-br"},"acf":[],"yoast_head":"<!-- This site is optimized with the Yoast SEO Premium plugin v24.2 (Yoast SEO v24.7) - https:\/\/yoast.com\/wordpress\/plugins\/seo\/ -->\n<title>Acampamento de ver\u00e3o para crian\u00e7as - Les Elfes International Camps Switzerland<\/title>\n<meta name=\"robots\" content=\"index, follow, max-snippet:-1, max-image-preview:large, max-video-preview:-1\" \/>\n<link rel=\"canonical\" href=\"https:\/\/www.leselfes.com\/pt-br\/acampamento-de-verao-para-criancas\/\" \/>\n<meta property=\"og:locale\" content=\"pt_BR\" \/>\n<meta property=\"og:type\" content=\"article\" \/>\n<meta property=\"og:title\" content=\"Acampamento de ver\u00e3o para crian\u00e7as\" \/>\n<meta property=\"og:description\" content=\"O principal objetivo de muitos acampamentos de ver\u00e3o para crian\u00e7as \u00e9 o desenvolvimento cultural, esportivo e educacional. Os ambientes dos acampamentos de ver\u00e3o permitem que as crian\u00e7as aprendam e dominem...\" \/>\n<meta property=\"og:url\" content=\"https:\/\/www.leselfes.com\/pt-br\/acampamento-de-verao-para-criancas\/\" \/>\n<meta property=\"og:site_name\" content=\"Les Elfes International Camps Switzerland\" \/>\n<meta property=\"article:publisher\" content=\"https:\/\/www.facebook.com\/LesElfesVerbier\" \/>\n<meta property=\"article:published_time\" content=\"2020-07-29T07:16:57+00:00\" \/>\n<meta property=\"article:modified_time\" content=\"2024-11-12T11:21:49+00:00\" \/>\n<meta property=\"og:image\" content=\"https:\/\/dev.leselfes.com\/wp-content\/uploads\/2020\/07\/Summer-Camp-Kids.jpg\" \/>\n\t<meta property=\"og:image:width\" content=\"975\" \/>\n\t<meta property=\"og:image:height\" content=\"675\" \/>\n\t<meta property=\"og:image:type\" content=\"image\/jpeg\" \/>\n<meta name=\"author\" content=\"lesadmin\" \/>\n<meta name=\"twitter:card\" content=\"summary_large_image\" \/>\n<meta name=\"twitter:creator\" content=\"@LesElfesCamps\" \/>\n<meta name=\"twitter:site\" content=\"@LesElfesCamps\" \/>\n<meta name=\"twitter:label1\" content=\"Escrito por\" \/>\n\t<meta name=\"twitter:data1\" content=\"lesadmin\" \/>\n\t<meta name=\"twitter:label2\" content=\"Est. tempo de leitura\" \/>\n\t<meta name=\"twitter:data2\" content=\"20 minutos\" \/>\n<script type=\"application\/ld+json\" class=\"yoast-schema-graph\">{\"@context\":\"https:\/\/schema.org\",\"@graph\":[{\"@type\":\"Article\",\"@id\":\"https:\/\/www.leselfes.com\/pt-br\/acampamento-de-verao-para-criancas\/#article\",\"isPartOf\":{\"@id\":\"https:\/\/www.leselfes.com\/pt-br\/acampamento-de-verao-para-criancas\/\"},\"author\":{\"name\":\"lesadmin\",\"@id\":\"https:\/\/dev.leselfes.com\/#\/schema\/person\/407a229698868b8c603874b19f37f289\"},\"headline\":\"Acampamento de ver\u00e3o para crian\u00e7as\",\"datePublished\":\"2020-07-29T07:16:57+00:00\",\"dateModified\":\"2024-11-12T11:21:49+00:00\",\"mainEntityOfPage\":{\"@id\":\"https:\/\/www.leselfes.com\/pt-br\/acampamento-de-verao-para-criancas\/\"},\"wordCount\":4046,\"commentCount\":0,\"publisher\":{\"@id\":\"https:\/\/dev.leselfes.com\/#organization\"},\"image\":{\"@id\":\"https:\/\/www.leselfes.com\/pt-br\/acampamento-de-verao-para-criancas\/#primaryimage\"},\"thumbnailUrl\":\"https:\/\/www.leselfes.com\/wp-content\/uploads\/2020\/07\/Summer-Camp-Kids.jpg\",\"articleSection\":[\"Acampamento de ver\u00e3o\",\"Artigos\"],\"inLanguage\":\"pt-BR\",\"potentialAction\":[{\"@type\":\"CommentAction\",\"name\":\"Comment\",\"target\":[\"https:\/\/www.leselfes.com\/pt-br\/acampamento-de-verao-para-criancas\/#respond\"]}]},{\"@type\":\"WebPage\",\"@id\":\"https:\/\/www.leselfes.com\/pt-br\/acampamento-de-verao-para-criancas\/\",\"url\":\"https:\/\/www.leselfes.com\/pt-br\/acampamento-de-verao-para-criancas\/\",\"name\":\"Acampamento de ver\u00e3o para crian\u00e7as - Les Elfes International Camps Switzerland\",\"isPartOf\":{\"@id\":\"https:\/\/dev.leselfes.com\/#website\"},\"primaryImageOfPage\":{\"@id\":\"https:\/\/www.leselfes.com\/pt-br\/acampamento-de-verao-para-criancas\/#primaryimage\"},\"image\":{\"@id\":\"https:\/\/www.leselfes.com\/pt-br\/acampamento-de-verao-para-criancas\/#primaryimage\"},\"thumbnailUrl\":\"https:\/\/www.leselfes.com\/wp-content\/uploads\/2020\/07\/Summer-Camp-Kids.jpg\",\"datePublished\":\"2020-07-29T07:16:57+00:00\",\"dateModified\":\"2024-11-12T11:21:49+00:00\",\"breadcrumb\":{\"@id\":\"https:\/\/www.leselfes.com\/pt-br\/acampamento-de-verao-para-criancas\/#breadcrumb\"},\"inLanguage\":\"pt-BR\",\"potentialAction\":[{\"@type\":\"ReadAction\",\"target\":[\"https:\/\/www.leselfes.com\/pt-br\/acampamento-de-verao-para-criancas\/\"]}]},{\"@type\":\"ImageObject\",\"inLanguage\":\"pt-BR\",\"@id\":\"https:\/\/www.leselfes.com\/pt-br\/acampamento-de-verao-para-criancas\/#primaryimage\",\"url\":\"https:\/\/www.leselfes.com\/wp-content\/uploads\/2020\/07\/Summer-Camp-Kids.jpg\",\"contentUrl\":\"https:\/\/www.leselfes.com\/wp-content\/uploads\/2020\/07\/Summer-Camp-Kids.jpg\",\"width\":975,\"height\":675},{\"@type\":\"BreadcrumbList\",\"@id\":\"https:\/\/www.leselfes.com\/pt-br\/acampamento-de-verao-para-criancas\/#breadcrumb\",\"itemListElement\":[{\"@type\":\"ListItem\",\"position\":1,\"name\":\"Home\",\"item\":\"https:\/\/www.leselfes.com\/pt-br\/\"},{\"@type\":\"ListItem\",\"position\":2,\"name\":\"Acampamento de ver\u00e3o para crian\u00e7as\"}]},{\"@type\":\"WebSite\",\"@id\":\"https:\/\/dev.leselfes.com\/#website\",\"url\":\"https:\/\/dev.leselfes.com\/\",\"name\":\"Les Elfes International\",\"description\":\"Les Elfes International, Verbier Switzerland. Summer Camp, Winter Camp, Spring Camps.\",\"publisher\":{\"@id\":\"https:\/\/dev.leselfes.com\/#organization\"},\"alternateName\":\"Les Elfes International\",\"potentialAction\":[{\"@type\":\"SearchAction\",\"target\":{\"@type\":\"EntryPoint\",\"urlTemplate\":\"https:\/\/dev.leselfes.com\/?s={search_term_string}\"},\"query-input\":{\"@type\":\"PropertyValueSpecification\",\"valueRequired\":true,\"valueName\":\"search_term_string\"}}],\"inLanguage\":\"pt-BR\"},{\"@type\":\"Organization\",\"@id\":\"https:\/\/dev.leselfes.com\/#organization\",\"name\":\"Les Elfes International\",\"alternateName\":\"Les Elfes International\",\"url\":\"https:\/\/dev.leselfes.com\/\",\"logo\":{\"@type\":\"ImageObject\",\"inLanguage\":\"pt-BR\",\"@id\":\"https:\/\/dev.leselfes.com\/#\/schema\/logo\/image\/\",\"url\":\"https:\/\/www.leselfes.com\/wp-content\/uploads\/2022\/03\/leselfes-logo.png\",\"contentUrl\":\"https:\/\/www.leselfes.com\/wp-content\/uploads\/2022\/03\/leselfes-logo.png\",\"width\":233,\"height\":51,\"caption\":\"Les Elfes International\"},\"image\":{\"@id\":\"https:\/\/dev.leselfes.com\/#\/schema\/logo\/image\/\"},\"sameAs\":[\"https:\/\/www.facebook.com\/LesElfesVerbier\",\"https:\/\/x.com\/LesElfesCamps\",\"https:\/\/www.instagram.com\/leselfes\",\"https:\/\/www.linkedin.com\/company\/les-elfes-international\",\"https:\/\/www.youtube.com\/user\/LesElfesVerbier\"]},{\"@type\":\"Person\",\"@id\":\"https:\/\/dev.leselfes.com\/#\/schema\/person\/407a229698868b8c603874b19f37f289\",\"name\":\"lesadmin\",\"image\":{\"@type\":\"ImageObject\",\"inLanguage\":\"pt-BR\",\"@id\":\"https:\/\/dev.leselfes.com\/#\/schema\/person\/image\/\",\"url\":\"https:\/\/secure.gravatar.com\/avatar\/fdb243a028df450397b3632d862f87f6?s=96&d=mm&r=g\",\"contentUrl\":\"https:\/\/secure.gravatar.com\/avatar\/fdb243a028df450397b3632d862f87f6?s=96&d=mm&r=g\",\"caption\":\"lesadmin\"},\"url\":\"https:\/\/www.leselfes.com\/pt-br\/author\/lesadmin\/\"}]}<\/script>\n<!-- \/ Yoast SEO Premium plugin. -->","yoast_head_json":{"title":"Acampamento de ver\u00e3o para crian\u00e7as - Les Elfes International Camps Switzerland","robots":{"index":"index","follow":"follow","max-snippet":"max-snippet:-1","max-image-preview":"max-image-preview:large","max-video-preview":"max-video-preview:-1"},"canonical":"https:\/\/www.leselfes.com\/pt-br\/acampamento-de-verao-para-criancas\/","og_locale":"pt_BR","og_type":"article","og_title":"Acampamento de ver\u00e3o para crian\u00e7as","og_description":"O principal objetivo de muitos acampamentos de ver\u00e3o para crian\u00e7as \u00e9 o desenvolvimento cultural, esportivo e educacional. Os ambientes dos acampamentos de ver\u00e3o permitem que as crian\u00e7as aprendam e dominem...","og_url":"https:\/\/www.leselfes.com\/pt-br\/acampamento-de-verao-para-criancas\/","og_site_name":"Les Elfes International Camps Switzerland","article_publisher":"https:\/\/www.facebook.com\/LesElfesVerbier","article_published_time":"2020-07-29T07:16:57+00:00","article_modified_time":"2024-11-12T11:21:49+00:00","og_image":[{"width":975,"height":675,"url":"https:\/\/dev.leselfes.com\/wp-content\/uploads\/2020\/07\/Summer-Camp-Kids.jpg","type":"image\/jpeg"}],"author":"lesadmin","twitter_card":"summary_large_image","twitter_creator":"@LesElfesCamps","twitter_site":"@LesElfesCamps","twitter_misc":{"Escrito por":"lesadmin","Est. tempo de leitura":"20 minutos"},"schema":{"@context":"https:\/\/schema.org","@graph":[{"@type":"Article","@id":"https:\/\/www.leselfes.com\/pt-br\/acampamento-de-verao-para-criancas\/#article","isPartOf":{"@id":"https:\/\/www.leselfes.com\/pt-br\/acampamento-de-verao-para-criancas\/"},"author":{"name":"lesadmin","@id":"https:\/\/dev.leselfes.com\/#\/schema\/person\/407a229698868b8c603874b19f37f289"},"headline":"Acampamento de ver\u00e3o para crian\u00e7as","datePublished":"2020-07-29T07:16:57+00:00","dateModified":"2024-11-12T11:21:49+00:00","mainEntityOfPage":{"@id":"https:\/\/www.leselfes.com\/pt-br\/acampamento-de-verao-para-criancas\/"},"wordCount":4046,"commentCount":0,"publisher":{"@id":"https:\/\/dev.leselfes.com\/#organization"},"image":{"@id":"https:\/\/www.leselfes.com\/pt-br\/acampamento-de-verao-para-criancas\/#primaryimage"},"thumbnailUrl":"https:\/\/www.leselfes.com\/wp-content\/uploads\/2020\/07\/Summer-Camp-Kids.jpg","articleSection":["Acampamento de ver\u00e3o","Artigos"],"inLanguage":"pt-BR","potentialAction":[{"@type":"CommentAction","name":"Comment","target":["https:\/\/www.leselfes.com\/pt-br\/acampamento-de-verao-para-criancas\/#respond"]}]},{"@type":"WebPage","@id":"https:\/\/www.leselfes.com\/pt-br\/acampamento-de-verao-para-criancas\/","url":"https:\/\/www.leselfes.com\/pt-br\/acampamento-de-verao-para-criancas\/","name":"Acampamento de ver\u00e3o para crian\u00e7as - Les Elfes International Camps Switzerland","isPartOf":{"@id":"https:\/\/dev.leselfes.com\/#website"},"primaryImageOfPage":{"@id":"https:\/\/www.leselfes.com\/pt-br\/acampamento-de-verao-para-criancas\/#primaryimage"},"image":{"@id":"https:\/\/www.leselfes.com\/pt-br\/acampamento-de-verao-para-criancas\/#primaryimage"},"thumbnailUrl":"https:\/\/www.leselfes.com\/wp-content\/uploads\/2020\/07\/Summer-Camp-Kids.jpg","datePublished":"2020-07-29T07:16:57+00:00","dateModified":"2024-11-12T11:21:49+00:00","breadcrumb":{"@id":"https:\/\/www.leselfes.com\/pt-br\/acampamento-de-verao-para-criancas\/#breadcrumb"},"inLanguage":"pt-BR","potentialAction":[{"@type":"ReadAction","target":["https:\/\/www.leselfes.com\/pt-br\/acampamento-de-verao-para-criancas\/"]}]},{"@type":"ImageObject","inLanguage":"pt-BR","@id":"https:\/\/www.leselfes.com\/pt-br\/acampamento-de-verao-para-criancas\/#primaryimage","url":"https:\/\/www.leselfes.com\/wp-content\/uploads\/2020\/07\/Summer-Camp-Kids.jpg","contentUrl":"https:\/\/www.leselfes.com\/wp-content\/uploads\/2020\/07\/Summer-Camp-Kids.jpg","width":975,"height":675},{"@type":"BreadcrumbList","@id":"https:\/\/www.leselfes.com\/pt-br\/acampamento-de-verao-para-criancas\/#breadcrumb","itemListElement":[{"@type":"ListItem","position":1,"name":"Home","item":"https:\/\/www.leselfes.com\/pt-br\/"},{"@type":"ListItem","position":2,"name":"Acampamento de ver\u00e3o para crian\u00e7as"}]},{"@type":"WebSite","@id":"https:\/\/dev.leselfes.com\/#website","url":"https:\/\/dev.leselfes.com\/","name":"Les Elfes International","description":"Les Elfes International, Verbier Switzerland. Summer Camp, Winter Camp, Spring Camps.","publisher":{"@id":"https:\/\/dev.leselfes.com\/#organization"},"alternateName":"Les Elfes International","potentialAction":[{"@type":"SearchAction","target":{"@type":"EntryPoint","urlTemplate":"https:\/\/dev.leselfes.com\/?s={search_term_string}"},"query-input":{"@type":"PropertyValueSpecification","valueRequired":true,"valueName":"search_term_string"}}],"inLanguage":"pt-BR"},{"@type":"Organization","@id":"https:\/\/dev.leselfes.com\/#organization","name":"Les Elfes International","alternateName":"Les Elfes International","url":"https:\/\/dev.leselfes.com\/","logo":{"@type":"ImageObject","inLanguage":"pt-BR","@id":"https:\/\/dev.leselfes.com\/#\/schema\/logo\/image\/","url":"https:\/\/www.leselfes.com\/wp-content\/uploads\/2022\/03\/leselfes-logo.png","contentUrl":"https:\/\/www.leselfes.com\/wp-content\/uploads\/2022\/03\/leselfes-logo.png","width":233,"height":51,"caption":"Les Elfes International"},"image":{"@id":"https:\/\/dev.leselfes.com\/#\/schema\/logo\/image\/"},"sameAs":["https:\/\/www.facebook.com\/LesElfesVerbier","https:\/\/x.com\/LesElfesCamps","https:\/\/www.instagram.com\/leselfes","https:\/\/www.linkedin.com\/company\/les-elfes-international","https:\/\/www.youtube.com\/user\/LesElfesVerbier"]},{"@type":"Person","@id":"https:\/\/dev.leselfes.com\/#\/schema\/person\/407a229698868b8c603874b19f37f289","name":"lesadmin","image":{"@type":"ImageObject","inLanguage":"pt-BR","@id":"https:\/\/dev.leselfes.com\/#\/schema\/person\/image\/","url":"https:\/\/secure.gravatar.com\/avatar\/fdb243a028df450397b3632d862f87f6?s=96&d=mm&r=g","contentUrl":"https:\/\/secure.gravatar.com\/avatar\/fdb243a028df450397b3632d862f87f6?s=96&d=mm&r=g","caption":"lesadmin"},"url":"https:\/\/www.leselfes.com\/pt-br\/author\/lesadmin\/"}]}},"_links":{"self":[{"href":"https:\/\/www.leselfes.com\/pt-br\/wp-json\/wp\/v2\/posts\/92503"}],"collection":[{"href":"https:\/\/www.leselfes.com\/pt-br\/wp-json\/wp\/v2\/posts"}],"about":[{"href":"https:\/\/www.leselfes.com\/pt-br\/wp-json\/wp\/v2\/types\/post"}],"author":[{"embeddable":true,"href":"https:\/\/www.leselfes.com\/pt-br\/wp-json\/wp\/v2\/users\/1"}],"replies":[{"embeddable":true,"href":"https:\/\/www.leselfes.com\/pt-br\/wp-json\/wp\/v2\/comments?post=92503"}],"version-history":[{"count":0,"href":"https:\/\/www.leselfes.com\/pt-br\/wp-json\/wp\/v2\/posts\/92503\/revisions"}],"wp:featuredmedia":[{"embeddable":true,"href":"https:\/\/www.leselfes.com\/pt-br\/wp-json\/wp\/v2\/media\/73095"}],"wp:attachment":[{"href":"https:\/\/www.leselfes.com\/pt-br\/wp-json\/wp\/v2\/media?parent=92503"}],"wp:term":[{"taxonomy":"category","embeddable":true,"href":"https:\/\/www.leselfes.com\/pt-br\/wp-json\/wp\/v2\/categories?post=92503"},{"taxonomy":"post_tag","embeddable":true,"href":"https:\/\/www.leselfes.com\/pt-br\/wp-json\/wp\/v2\/tags?post=92503"}],"curies":[{"name":"wp","href":"https:\/\/api.w.org\/{rel}","templated":true}]}}