{"id":92551,"date":"2020-07-08T06:43:12","date_gmt":"2020-07-08T04:43:12","guid":{"rendered":"https:\/\/www.leselfes.com\/faca-uma-programacao-divertida-para-o-acampamento-de-verao\/"},"modified":"2024-11-12T12:23:01","modified_gmt":"2024-11-12T11:23:01","slug":"faca-uma-programacao-divertida-para-o-acampamento-de-verao","status":"publish","type":"post","link":"https:\/\/www.leselfes.com\/pt-br\/faca-uma-programacao-divertida-para-o-acampamento-de-verao\/","title":{"rendered":"Fa\u00e7a uma programa\u00e7\u00e3o divertida para o acampamento de ver\u00e3o"},"content":{"rendered":"\n<p>Uma boa programa\u00e7\u00e3o de acampamento de ver\u00e3o pode atrair mais campistas e tamb\u00e9m determinar o resultado de uma viagem de acampamento.  <\/p>\n\n<h2 class=\"wp-block-heading\">Incorpora\u00e7\u00e3o das atividades do\nno cronograma<\/h2>\n\n<p>Ter o melhor local para acampar \u00e9 fundamental quando se trata de maximizar a experi\u00eancia do campista.\nVoc\u00ea tamb\u00e9m precisa do melhor tema para as f\u00e9rias do acampamento de ver\u00e3o se quiser que os participantes aproveitem ao m\u00e1ximo.\nSe voc\u00ea n\u00e3o tiver uma programa\u00e7\u00e3o atraente para as atividades do acampamento de ver\u00e3o, seus esfor\u00e7os de planejamento se tornar\u00e3o in\u00fateis.    <\/p>\n\n<figure class=\"wp-block-image size-large\"><img loading=\"lazy\" decoding=\"async\" width=\"799\" height=\"633\" src=\"https:\/\/www.leselfes.com\/wp-content\/uploads\/2020\/07\/Incorporating-Activities-In-The-Schedule.jpg\" alt=\"Incorpora&#xE7;&#xE3;o de atividades na programa&#xE7;&#xE3;o\" class=\"wp-image-42075\" srcset=\"https:\/\/www.leselfes.com\/wp-content\/uploads\/2020\/07\/Incorporating-Activities-In-The-Schedule.jpg 799w, https:\/\/www.leselfes.com\/wp-content\/uploads\/2020\/07\/Incorporating-Activities-In-The-Schedule-300x238.jpg 300w, https:\/\/www.leselfes.com\/wp-content\/uploads\/2020\/07\/Incorporating-Activities-In-The-Schedule-768x608.jpg 768w, https:\/\/www.leselfes.com\/wp-content\/uploads\/2020\/07\/Incorporating-Activities-In-The-Schedule-320x254.jpg 320w, https:\/\/www.leselfes.com\/wp-content\/uploads\/2020\/07\/Incorporating-Activities-In-The-Schedule-640x507.jpg 640w, https:\/\/www.leselfes.com\/wp-content\/uploads\/2020\/07\/Incorporating-Activities-In-The-Schedule-360x285.jpg 360w, https:\/\/www.leselfes.com\/wp-content\/uploads\/2020\/07\/Incorporating-Activities-In-The-Schedule-720x570.jpg 720w\" sizes=\"(max-width: 799px) 100vw, 799px\" \/><\/figure>\n\n<p>H\u00e1 in\u00fameras atividades <a href=\"https:\/\/campjeannedarc.com\/childrens-summer-camp-activities\/\">de acampamento de ver\u00e3o<\/a> que voc\u00ea pode incluir no seu plano de acampamento de ver\u00e3o. Lembre-se de que as atividades que voc\u00ea escolher desempenham um papel importante para determinar se os campistas v\u00e3o gostar da experi\u00eancia.   <\/p>\n\n<p>A sua estrat\u00e9gia de programa\u00e7\u00e3o de atividades\n\u00e9 o que ajuda voc\u00ea a criar um nicho para si mesmo no\nsetor. Para ter sucesso, voc\u00ea deve primeiro listar as atividades que\nplaneja incluir na sess\u00e3o de acampamento.   <\/p>\n\n<p>\nA partir da\u00ed, voc\u00ea precisar\u00e1 investir mais tempo para programar as atividades\nadequadamente. H\u00e1 v\u00e1rios fatores que voc\u00ea deve considerar ao criar um cronograma de atividades para o acampamento de ver\u00e3o\n. Lembre-se de que voc\u00ea deve se concentrar em garantir que os campistas estejam\nfelizes e n\u00e3o apenas entediados e exaustos.    <\/p>\n\n<p>\nA\nintegra\u00e7\u00e3o das atividades e o tempo de uma semana ou dia devem ser planejados adequadamente. Voc\u00ea est\u00e1 planejando uma viagem para um acampamento de ver\u00e3o? Voc\u00ea est\u00e1 com dificuldades para criar\num <a href=\"https:\/\/camppacwest.com\/summer-camp\/schedule\/\">cronograma<\/a> adequado para <a href=\"https:\/\/camppacwest.com\/summer-camp\/schedule\/\">o acampamento de ver\u00e3o\n<\/a>? Aqui est\u00e3o algumas dicas para ajudar voc\u00ea a fazer\nisso como um profissional.     <\/p>\n\n<h2 class=\"wp-block-heading\">Seja organizado<\/h2>\n\n<p>Um\ncoordenador de acampamento qualificado \u00e9 aquele que demonstra senso de organiza\u00e7\u00e3o ao\ndesenvolver uma programa\u00e7\u00e3o de acampamento de ver\u00e3o.\nUma maneira de demonstrar organiza\u00e7\u00e3o \u00e9 ter as ferramentas certas para a tarefa. Isso inclui di\u00e1rios, pap\u00e9is, canetas, anota\u00e7\u00f5es on-line\ne agendas.    <\/p>\n\n<p>Voc\u00ea\nprecisa preparar todas as ferramentas necess\u00e1rias para fazer anota\u00e7\u00f5es. Evite confiar em\nanota\u00e7\u00f5es mentais, pois voc\u00ea acabar\u00e1 esquecendo informa\u00e7\u00f5es vitais. Alguns\norganizadores optam por usar modelos de programa\u00e7\u00e3o que est\u00e3o prontamente dispon\u00edveis on-line.\nEmbora isso facilite o seu trabalho, talvez voc\u00ea tenha de personaliz\u00e1-los para atender \u00e0s\nnecessidades individuais dos campistas.    <\/p>\n\n<h2 class=\"wp-block-heading\">Certifique-se de que sua programa\u00e7\u00e3o\nseja abrangente e envolvente<\/h2>\n\n<figure class=\"wp-block-image size-large\"><img loading=\"lazy\" decoding=\"async\" width=\"780\" height=\"521\" src=\"https:\/\/www.leselfes.com\/wp-content\/uploads\/2020\/07\/Schedule-Is-All-inclusive-And-Engaging.jpg\" alt=\"A programa&#xE7;&#xE3;o &#xE9; abrangente e envolvente\" class=\"wp-image-42076\" srcset=\"https:\/\/www.leselfes.com\/wp-content\/uploads\/2020\/07\/Schedule-Is-All-inclusive-And-Engaging.jpg 780w, https:\/\/www.leselfes.com\/wp-content\/uploads\/2020\/07\/Schedule-Is-All-inclusive-And-Engaging-300x200.jpg 300w, https:\/\/www.leselfes.com\/wp-content\/uploads\/2020\/07\/Schedule-Is-All-inclusive-And-Engaging-768x513.jpg 768w, https:\/\/www.leselfes.com\/wp-content\/uploads\/2020\/07\/Schedule-Is-All-inclusive-And-Engaging-320x214.jpg 320w, https:\/\/www.leselfes.com\/wp-content\/uploads\/2020\/07\/Schedule-Is-All-inclusive-And-Engaging-640x427.jpg 640w, https:\/\/www.leselfes.com\/wp-content\/uploads\/2020\/07\/Schedule-Is-All-inclusive-And-Engaging-360x240.jpg 360w, https:\/\/www.leselfes.com\/wp-content\/uploads\/2020\/07\/Schedule-Is-All-inclusive-And-Engaging-720x481.jpg 720w\" sizes=\"(max-width: 780px) 100vw, 780px\" \/><\/figure>\n\n<p>Uma programa\u00e7\u00e3o envolvente de acampamento de ver\u00e3o mant\u00e9m os campistas estimulados e animados durante todo o dia.\nSua programa\u00e7\u00e3o deve incorporar atividades que estimulem f\u00edsica, mental e emocionalmente.\nIsso garantir\u00e1 que os campistas obtenham o efeito positivo m\u00e1ximo.\nAs crian\u00e7as podem seguir a linha do tempo para se envolver e descobrir coisas diferentes em um dia.     <\/p>\n\n<h2 class=\"wp-block-heading\">Tenha uma linha do tempo em\nSua agenda<\/h2>\n\n<p>Crie\numa linha do tempo de acordo com as atividades que voc\u00ea planeja ter em sua programa\u00e7\u00e3o. O cronograma\ndeve ter um hor\u00e1rio de in\u00edcio, hor\u00e1rio da atividade, hor\u00e1rio para lanches, hor\u00e1rio de intervalo\ne hor\u00e1rio de conclus\u00e3o da atividade.   <\/p>\n\n<p>Certifique-se de que\nsua linha do tempo abranja tudo o que voc\u00ea planejou para o dia.\nAtribua\ntempo suficiente para cada atividade e crie uma margem para mudan\u00e7as de \u00faltima hora, problemas ou atrasos. O cronograma deve ser flex\u00edvel para\ngarantir a efic\u00e1cia.    <\/p>\n\n<h2 class=\"wp-block-heading\">Certifique-se de que a programa\u00e7\u00e3o do seu acampamento de ver\u00e3o\ntenha uma boa conex\u00e3o e fluxo<\/h2>\n\n<p>Alguns\nacampamentos de ver\u00e3o concentram-se apenas em uma \u00fanica atividade, o que significa que os campistas t\u00eam de\nlidar com a mesma. Certifique-se de que o acampamento que voc\u00ea escolher ofere\u00e7a uma variedade de\natividades que combinem com o tema.\n\u00c9 preciso haver continuidade no que diz respeito \u00e0s atividades oferecidas para garantir que as crian\u00e7as tirem o melhor proveito da viagem.    <\/p>\n\n<p>Distribua\nas atividades uniformemente ao longo dos dias e incorpore algo novo todos os dias.\nDessa forma, as crian\u00e7as ficar\u00e3o curiosas e animadas para descobrir o que est\u00e1 planejado para os\ndias seguintes. Na Les Elfes, h\u00e1 in\u00fameras atividades de acampamento de ver\u00e3o para\nmanter os campistas animados tanto durante o dia quanto \u00e0 noite.   <\/p>\n\n<h2 class=\"wp-block-heading\">Sempre tenha um plano\nB<\/h2>\n\n<p>\u00c9\nimportante entender que as coisas nem sempre funcionam de acordo com o planejado.\nInterrup\u00e7\u00f5es, mudan\u00e7as ou problemas que surgem no \u00faltimo minuto podem interferir\nna sua programa\u00e7\u00e3o original. Nesse caso, a falta de um plano B pode atrapalhar toda a\nviagem. Um plano alternativo ser\u00e1 \u00fatil para garantir que os campistas n\u00e3o\npercam seus dias ou tempo de acampamento. Isso tamb\u00e9m aumentar\u00e1 a sua reputa\u00e7\u00e3o como coordenador da programa\u00e7\u00e3o do acampamento\n.     <\/p>\n\n<h2 class=\"wp-block-heading\">Inclua dias livres\nem sua programa\u00e7\u00e3o de acampamento de ver\u00e3o<\/h2>\n\n<p>Uma programa\u00e7\u00e3o\neficaz deve ter dias sem atividades, nos quais as crian\u00e7as podem ficar livres para se envolver em\numa atividade de sua escolha. Elas podem aproveitar esse tempo para fazer amigos ou criar la\u00e7os\ncom seus novos colegas. As crian\u00e7as tamb\u00e9m podem escrever em seus di\u00e1rios suas experi\u00eancias de\nacampamento. Elas podem at\u00e9 mesmo se concentrar em aprender as culturas\numas das outras. Independentemente do que escolherem fazer, os supervisores devem monitor\u00e1-las\nadequadamente.      <\/p>\n\n<h2 class=\"wp-block-heading\">Verifique o que os seus\nconcorrentes est\u00e3o fazendo<\/h2>\n\n<p>O setor de\ncamping est\u00e1 rapidamente se tornando altamente competitivo e isso significa que voc\u00ea precisa\ntrabalhar ainda mais para ficar \u00e0 frente de seus concorrentes. E a melhor maneira de fazer isso\n\u00e9 verificar o que seus concorrentes j\u00e1 est\u00e3o fazendo. Sempre fa\u00e7a uma pesquisa\ne isso ajudar\u00e1 voc\u00ea a criar a melhor programa\u00e7\u00e3o de acampamento de ver\u00e3o para seus\ncampistas.    <\/p>\n\n<p>Use\nas estat\u00edsticas que voc\u00ea adquiriu com sua pesquisa para aprender e entender como voc\u00ea\npode criar uma programa\u00e7\u00e3o melhor. Estabele\u00e7a o que pode funcionar de acordo com as\nnecessidades individuais do campista e o que n\u00e3o funcionar\u00e1. Embora voc\u00ea possa ter suas ideias,\npesquisar e consultar o que outros participantes do setor est\u00e3o fazendo ajuda\na evitar erros.  <\/p>\n\n<h2 class=\"wp-block-heading\">Crie um equil\u00edbrio<\/h2>\n\n<figure class=\"wp-block-image size-large\"><img loading=\"lazy\" decoding=\"async\" width=\"556\" height=\"417\" src=\"https:\/\/www.leselfes.com\/wp-content\/uploads\/2020\/07\/CREATE-A-BALANCE.jpg\" alt=\"CRIAR UM EQUIL&#xCD;BRIO\" class=\"wp-image-42077\" srcset=\"https:\/\/www.leselfes.com\/wp-content\/uploads\/2020\/07\/CREATE-A-BALANCE.jpg 556w, https:\/\/www.leselfes.com\/wp-content\/uploads\/2020\/07\/CREATE-A-BALANCE-300x225.jpg 300w, https:\/\/www.leselfes.com\/wp-content\/uploads\/2020\/07\/CREATE-A-BALANCE-320x240.jpg 320w, https:\/\/www.leselfes.com\/wp-content\/uploads\/2020\/07\/CREATE-A-BALANCE-360x270.jpg 360w\" sizes=\"(max-width: 556px) 100vw, 556px\" \/><\/figure>\n\n<p>Fa\u00e7a um planejamento para a semana inteira, mas distribua as atividades por dia.\nDessa forma, voc\u00ea n\u00e3o sobrecarregar\u00e1 as crian\u00e7as com a programa\u00e7\u00e3o.\nAl\u00e9m disso, voc\u00ea ter\u00e1 facilidade para fazer altera\u00e7\u00f5es na programa\u00e7\u00e3o caso surja alguma coisa no meio da semana.    <\/p>\n\n<p>Lembre-se de que\nas crian\u00e7as ficar\u00e3o exaustas entre as atividades. Considere incluir intervalos para lanches\nna programa\u00e7\u00e3o da col\u00f4nia de f\u00e9rias. Certifique-se de que sua lista de atividades tenha um bom\nequil\u00edbrio entre <a href=\"https:\/\/www.leselfes.com\/field-trips\/\">excurs\u00f5es<\/a>\ne tarefas internas. Por exemplo, voc\u00ea pode dar aos campistas algum tempo para caminhar\npelo local do acampamento. Isso os ajudar\u00e1 a descobrir mais informa\u00e7\u00f5es\nsobre o local, como sua hist\u00f3ria e cultura.      <\/p>\n\n<h2 class=\"wp-block-heading\">Finalmente<\/h2>\n\n<p>Se\nvoc\u00ea estiver planejando um acampamento de ver\u00e3o noturno ou diurno, \u00e9 fundamental ter um cronograma de eventos\n. Com uma programa\u00e7\u00e3o bem organizada das atividades do acampamento de ver\u00e3o, os pais\nsaber\u00e3o o que os filhos estar\u00e3o fazendo em hor\u00e1rios espec\u00edficos. Isso tamb\u00e9m ajudar\u00e1\nas crian\u00e7as a entender as atividades que realizar\u00e3o durante o dia.    <\/p>\n\n<p>Para\ntornar toda a experi\u00eancia de acampamento divertida e empolgante, sempre entregue os planos no\ndia anterior. Dessa forma, os campistas estar\u00e3o prontos para as atividades do dia no hor\u00e1rio\n. <a href=\"https:\/\/www.leselfes.com\/pt-br\/?page_id=89241\">Inscreva-se<\/a> hoje mesmo no\npara saber mais sobre os acampamentos de ver\u00e3o. <\/p>\n","protected":false},"excerpt":{"rendered":"<p>Uma boa programa\u00e7\u00e3o de acampamento de ver\u00e3o pode atrair mais campistas e tamb\u00e9m determinar o resultado de uma viagem de acampamento. Incorpora\u00e7\u00e3o das atividades do no cronograma Ter o melhor&#8230;<\/p>\n","protected":false},"author":1,"featured_media":73031,"comment_status":"open","ping_status":"open","sticky":false,"template":"","format":"standard","meta":{"_acf_changed":false,"inline_featured_image":false,"footnotes":""},"categories":[1369,1351],"tags":[1714],"class_list":{"0":"post-92551","1":"post","2":"type-post","3":"status-publish","4":"format-standard","5":"has-post-thumbnail","7":"category-acampamento-de-verao-pt-br","8":"category-artigos-pt-br","9":"tag-programacao-divertida-do-acampamento-de-verao"},"acf":[],"yoast_head":"<!-- This site is optimized with the Yoast SEO Premium plugin v24.2 (Yoast SEO v24.7) - https:\/\/yoast.com\/wordpress\/plugins\/seo\/ -->\n<title>Fa\u00e7a uma programa\u00e7\u00e3o divertida para o acampamento de ver\u00e3o - Les Elfes International Camps Switzerland<\/title>\n<meta name=\"robots\" content=\"index, follow, max-snippet:-1, max-image-preview:large, max-video-preview:-1\" \/>\n<link rel=\"canonical\" href=\"https:\/\/www.leselfes.com\/pt-br\/faca-uma-programacao-divertida-para-o-acampamento-de-verao\/\" \/>\n<meta property=\"og:locale\" content=\"pt_BR\" \/>\n<meta property=\"og:type\" content=\"article\" \/>\n<meta property=\"og:title\" content=\"Fa\u00e7a uma programa\u00e7\u00e3o divertida para o acampamento de ver\u00e3o\" \/>\n<meta property=\"og:description\" content=\"Uma boa programa\u00e7\u00e3o de acampamento de ver\u00e3o pode atrair mais campistas e tamb\u00e9m determinar o resultado de uma viagem de acampamento. Incorpora\u00e7\u00e3o das atividades do no cronograma Ter o melhor...\" \/>\n<meta property=\"og:url\" content=\"https:\/\/www.leselfes.com\/pt-br\/faca-uma-programacao-divertida-para-o-acampamento-de-verao\/\" \/>\n<meta property=\"og:site_name\" content=\"Les Elfes International Camps Switzerland\" \/>\n<meta property=\"article:publisher\" content=\"https:\/\/www.facebook.com\/LesElfesVerbier\" \/>\n<meta property=\"article:published_time\" content=\"2020-07-08T04:43:12+00:00\" \/>\n<meta property=\"article:modified_time\" content=\"2024-11-12T11:23:01+00:00\" \/>\n<meta property=\"og:image\" content=\"https:\/\/dev.leselfes.com\/wp-content\/uploads\/2020\/05\/Make-a-Fun-Summer-Camp-Schedule.jpg\" \/>\n\t<meta property=\"og:image:width\" content=\"1200\" \/>\n\t<meta property=\"og:image:height\" content=\"628\" \/>\n\t<meta property=\"og:image:type\" content=\"image\/jpeg\" \/>\n<meta name=\"author\" content=\"lesadmin\" \/>\n<meta name=\"twitter:card\" content=\"summary_large_image\" \/>\n<meta name=\"twitter:creator\" content=\"@LesElfesCamps\" \/>\n<meta name=\"twitter:site\" content=\"@LesElfesCamps\" \/>\n<meta name=\"twitter:label1\" content=\"Escrito por\" \/>\n\t<meta name=\"twitter:data1\" content=\"lesadmin\" \/>\n\t<meta name=\"twitter:label2\" content=\"Est. tempo de leitura\" \/>\n\t<meta name=\"twitter:data2\" content=\"6 minutos\" \/>\n<script type=\"application\/ld+json\" class=\"yoast-schema-graph\">{\"@context\":\"https:\/\/schema.org\",\"@graph\":[{\"@type\":\"Article\",\"@id\":\"https:\/\/www.leselfes.com\/pt-br\/faca-uma-programacao-divertida-para-o-acampamento-de-verao\/#article\",\"isPartOf\":{\"@id\":\"https:\/\/www.leselfes.com\/pt-br\/faca-uma-programacao-divertida-para-o-acampamento-de-verao\/\"},\"author\":{\"name\":\"lesadmin\",\"@id\":\"https:\/\/dev.leselfes.com\/#\/schema\/person\/407a229698868b8c603874b19f37f289\"},\"headline\":\"Fa\u00e7a uma programa\u00e7\u00e3o divertida para o acampamento de ver\u00e3o\",\"datePublished\":\"2020-07-08T04:43:12+00:00\",\"dateModified\":\"2024-11-12T11:23:01+00:00\",\"mainEntityOfPage\":{\"@id\":\"https:\/\/www.leselfes.com\/pt-br\/faca-uma-programacao-divertida-para-o-acampamento-de-verao\/\"},\"wordCount\":1285,\"commentCount\":0,\"publisher\":{\"@id\":\"https:\/\/dev.leselfes.com\/#organization\"},\"image\":{\"@id\":\"https:\/\/www.leselfes.com\/pt-br\/faca-uma-programacao-divertida-para-o-acampamento-de-verao\/#primaryimage\"},\"thumbnailUrl\":\"https:\/\/www.leselfes.com\/wp-content\/uploads\/2020\/05\/Make-a-Fun-Summer-Camp-Schedule.jpg\",\"keywords\":[\"Programa\u00e7\u00e3o divertida do acampamento de ver\u00e3o\"],\"articleSection\":[\"Acampamento de ver\u00e3o\",\"Artigos\"],\"inLanguage\":\"pt-BR\",\"potentialAction\":[{\"@type\":\"CommentAction\",\"name\":\"Comment\",\"target\":[\"https:\/\/www.leselfes.com\/pt-br\/faca-uma-programacao-divertida-para-o-acampamento-de-verao\/#respond\"]}]},{\"@type\":\"WebPage\",\"@id\":\"https:\/\/www.leselfes.com\/pt-br\/faca-uma-programacao-divertida-para-o-acampamento-de-verao\/\",\"url\":\"https:\/\/www.leselfes.com\/pt-br\/faca-uma-programacao-divertida-para-o-acampamento-de-verao\/\",\"name\":\"Fa\u00e7a uma programa\u00e7\u00e3o divertida para o acampamento de ver\u00e3o - Les Elfes International Camps Switzerland\",\"isPartOf\":{\"@id\":\"https:\/\/dev.leselfes.com\/#website\"},\"primaryImageOfPage\":{\"@id\":\"https:\/\/www.leselfes.com\/pt-br\/faca-uma-programacao-divertida-para-o-acampamento-de-verao\/#primaryimage\"},\"image\":{\"@id\":\"https:\/\/www.leselfes.com\/pt-br\/faca-uma-programacao-divertida-para-o-acampamento-de-verao\/#primaryimage\"},\"thumbnailUrl\":\"https:\/\/www.leselfes.com\/wp-content\/uploads\/2020\/05\/Make-a-Fun-Summer-Camp-Schedule.jpg\",\"datePublished\":\"2020-07-08T04:43:12+00:00\",\"dateModified\":\"2024-11-12T11:23:01+00:00\",\"breadcrumb\":{\"@id\":\"https:\/\/www.leselfes.com\/pt-br\/faca-uma-programacao-divertida-para-o-acampamento-de-verao\/#breadcrumb\"},\"inLanguage\":\"pt-BR\",\"potentialAction\":[{\"@type\":\"ReadAction\",\"target\":[\"https:\/\/www.leselfes.com\/pt-br\/faca-uma-programacao-divertida-para-o-acampamento-de-verao\/\"]}]},{\"@type\":\"ImageObject\",\"inLanguage\":\"pt-BR\",\"@id\":\"https:\/\/www.leselfes.com\/pt-br\/faca-uma-programacao-divertida-para-o-acampamento-de-verao\/#primaryimage\",\"url\":\"https:\/\/www.leselfes.com\/wp-content\/uploads\/2020\/05\/Make-a-Fun-Summer-Camp-Schedule.jpg\",\"contentUrl\":\"https:\/\/www.leselfes.com\/wp-content\/uploads\/2020\/05\/Make-a-Fun-Summer-Camp-Schedule.jpg\",\"width\":1200,\"height\":628},{\"@type\":\"BreadcrumbList\",\"@id\":\"https:\/\/www.leselfes.com\/pt-br\/faca-uma-programacao-divertida-para-o-acampamento-de-verao\/#breadcrumb\",\"itemListElement\":[{\"@type\":\"ListItem\",\"position\":1,\"name\":\"Home\",\"item\":\"https:\/\/www.leselfes.com\/pt-br\/\"},{\"@type\":\"ListItem\",\"position\":2,\"name\":\"Fa\u00e7a uma programa\u00e7\u00e3o divertida para o acampamento de ver\u00e3o\"}]},{\"@type\":\"WebSite\",\"@id\":\"https:\/\/dev.leselfes.com\/#website\",\"url\":\"https:\/\/dev.leselfes.com\/\",\"name\":\"Les Elfes International\",\"description\":\"Les Elfes International, Verbier Switzerland. Summer Camp, Winter Camp, Spring Camps.\",\"publisher\":{\"@id\":\"https:\/\/dev.leselfes.com\/#organization\"},\"alternateName\":\"Les Elfes International\",\"potentialAction\":[{\"@type\":\"SearchAction\",\"target\":{\"@type\":\"EntryPoint\",\"urlTemplate\":\"https:\/\/dev.leselfes.com\/?s={search_term_string}\"},\"query-input\":{\"@type\":\"PropertyValueSpecification\",\"valueRequired\":true,\"valueName\":\"search_term_string\"}}],\"inLanguage\":\"pt-BR\"},{\"@type\":\"Organization\",\"@id\":\"https:\/\/dev.leselfes.com\/#organization\",\"name\":\"Les Elfes International\",\"alternateName\":\"Les Elfes International\",\"url\":\"https:\/\/dev.leselfes.com\/\",\"logo\":{\"@type\":\"ImageObject\",\"inLanguage\":\"pt-BR\",\"@id\":\"https:\/\/dev.leselfes.com\/#\/schema\/logo\/image\/\",\"url\":\"https:\/\/www.leselfes.com\/wp-content\/uploads\/2022\/03\/leselfes-logo.png\",\"contentUrl\":\"https:\/\/www.leselfes.com\/wp-content\/uploads\/2022\/03\/leselfes-logo.png\",\"width\":233,\"height\":51,\"caption\":\"Les Elfes International\"},\"image\":{\"@id\":\"https:\/\/dev.leselfes.com\/#\/schema\/logo\/image\/\"},\"sameAs\":[\"https:\/\/www.facebook.com\/LesElfesVerbier\",\"https:\/\/x.com\/LesElfesCamps\",\"https:\/\/www.instagram.com\/leselfes\",\"https:\/\/www.linkedin.com\/company\/les-elfes-international\",\"https:\/\/www.youtube.com\/user\/LesElfesVerbier\"]},{\"@type\":\"Person\",\"@id\":\"https:\/\/dev.leselfes.com\/#\/schema\/person\/407a229698868b8c603874b19f37f289\",\"name\":\"lesadmin\",\"image\":{\"@type\":\"ImageObject\",\"inLanguage\":\"pt-BR\",\"@id\":\"https:\/\/dev.leselfes.com\/#\/schema\/person\/image\/\",\"url\":\"https:\/\/secure.gravatar.com\/avatar\/fdb243a028df450397b3632d862f87f6?s=96&d=mm&r=g\",\"contentUrl\":\"https:\/\/secure.gravatar.com\/avatar\/fdb243a028df450397b3632d862f87f6?s=96&d=mm&r=g\",\"caption\":\"lesadmin\"},\"url\":\"https:\/\/www.leselfes.com\/pt-br\/author\/lesadmin\/\"}]}<\/script>\n<!-- \/ Yoast SEO Premium plugin. -->","yoast_head_json":{"title":"Fa\u00e7a uma programa\u00e7\u00e3o divertida para o acampamento de ver\u00e3o - Les Elfes International Camps Switzerland","robots":{"index":"index","follow":"follow","max-snippet":"max-snippet:-1","max-image-preview":"max-image-preview:large","max-video-preview":"max-video-preview:-1"},"canonical":"https:\/\/www.leselfes.com\/pt-br\/faca-uma-programacao-divertida-para-o-acampamento-de-verao\/","og_locale":"pt_BR","og_type":"article","og_title":"Fa\u00e7a uma programa\u00e7\u00e3o divertida para o acampamento de ver\u00e3o","og_description":"Uma boa programa\u00e7\u00e3o de acampamento de ver\u00e3o pode atrair mais campistas e tamb\u00e9m determinar o resultado de uma viagem de acampamento. Incorpora\u00e7\u00e3o das atividades do no cronograma Ter o melhor...","og_url":"https:\/\/www.leselfes.com\/pt-br\/faca-uma-programacao-divertida-para-o-acampamento-de-verao\/","og_site_name":"Les Elfes International Camps Switzerland","article_publisher":"https:\/\/www.facebook.com\/LesElfesVerbier","article_published_time":"2020-07-08T04:43:12+00:00","article_modified_time":"2024-11-12T11:23:01+00:00","og_image":[{"width":1200,"height":628,"url":"https:\/\/dev.leselfes.com\/wp-content\/uploads\/2020\/05\/Make-a-Fun-Summer-Camp-Schedule.jpg","type":"image\/jpeg"}],"author":"lesadmin","twitter_card":"summary_large_image","twitter_creator":"@LesElfesCamps","twitter_site":"@LesElfesCamps","twitter_misc":{"Escrito por":"lesadmin","Est. tempo de leitura":"6 minutos"},"schema":{"@context":"https:\/\/schema.org","@graph":[{"@type":"Article","@id":"https:\/\/www.leselfes.com\/pt-br\/faca-uma-programacao-divertida-para-o-acampamento-de-verao\/#article","isPartOf":{"@id":"https:\/\/www.leselfes.com\/pt-br\/faca-uma-programacao-divertida-para-o-acampamento-de-verao\/"},"author":{"name":"lesadmin","@id":"https:\/\/dev.leselfes.com\/#\/schema\/person\/407a229698868b8c603874b19f37f289"},"headline":"Fa\u00e7a uma programa\u00e7\u00e3o divertida para o acampamento de ver\u00e3o","datePublished":"2020-07-08T04:43:12+00:00","dateModified":"2024-11-12T11:23:01+00:00","mainEntityOfPage":{"@id":"https:\/\/www.leselfes.com\/pt-br\/faca-uma-programacao-divertida-para-o-acampamento-de-verao\/"},"wordCount":1285,"commentCount":0,"publisher":{"@id":"https:\/\/dev.leselfes.com\/#organization"},"image":{"@id":"https:\/\/www.leselfes.com\/pt-br\/faca-uma-programacao-divertida-para-o-acampamento-de-verao\/#primaryimage"},"thumbnailUrl":"https:\/\/www.leselfes.com\/wp-content\/uploads\/2020\/05\/Make-a-Fun-Summer-Camp-Schedule.jpg","keywords":["Programa\u00e7\u00e3o divertida do acampamento de ver\u00e3o"],"articleSection":["Acampamento de ver\u00e3o","Artigos"],"inLanguage":"pt-BR","potentialAction":[{"@type":"CommentAction","name":"Comment","target":["https:\/\/www.leselfes.com\/pt-br\/faca-uma-programacao-divertida-para-o-acampamento-de-verao\/#respond"]}]},{"@type":"WebPage","@id":"https:\/\/www.leselfes.com\/pt-br\/faca-uma-programacao-divertida-para-o-acampamento-de-verao\/","url":"https:\/\/www.leselfes.com\/pt-br\/faca-uma-programacao-divertida-para-o-acampamento-de-verao\/","name":"Fa\u00e7a uma programa\u00e7\u00e3o divertida para o acampamento de ver\u00e3o - Les Elfes International Camps Switzerland","isPartOf":{"@id":"https:\/\/dev.leselfes.com\/#website"},"primaryImageOfPage":{"@id":"https:\/\/www.leselfes.com\/pt-br\/faca-uma-programacao-divertida-para-o-acampamento-de-verao\/#primaryimage"},"image":{"@id":"https:\/\/www.leselfes.com\/pt-br\/faca-uma-programacao-divertida-para-o-acampamento-de-verao\/#primaryimage"},"thumbnailUrl":"https:\/\/www.leselfes.com\/wp-content\/uploads\/2020\/05\/Make-a-Fun-Summer-Camp-Schedule.jpg","datePublished":"2020-07-08T04:43:12+00:00","dateModified":"2024-11-12T11:23:01+00:00","breadcrumb":{"@id":"https:\/\/www.leselfes.com\/pt-br\/faca-uma-programacao-divertida-para-o-acampamento-de-verao\/#breadcrumb"},"inLanguage":"pt-BR","potentialAction":[{"@type":"ReadAction","target":["https:\/\/www.leselfes.com\/pt-br\/faca-uma-programacao-divertida-para-o-acampamento-de-verao\/"]}]},{"@type":"ImageObject","inLanguage":"pt-BR","@id":"https:\/\/www.leselfes.com\/pt-br\/faca-uma-programacao-divertida-para-o-acampamento-de-verao\/#primaryimage","url":"https:\/\/www.leselfes.com\/wp-content\/uploads\/2020\/05\/Make-a-Fun-Summer-Camp-Schedule.jpg","contentUrl":"https:\/\/www.leselfes.com\/wp-content\/uploads\/2020\/05\/Make-a-Fun-Summer-Camp-Schedule.jpg","width":1200,"height":628},{"@type":"BreadcrumbList","@id":"https:\/\/www.leselfes.com\/pt-br\/faca-uma-programacao-divertida-para-o-acampamento-de-verao\/#breadcrumb","itemListElement":[{"@type":"ListItem","position":1,"name":"Home","item":"https:\/\/www.leselfes.com\/pt-br\/"},{"@type":"ListItem","position":2,"name":"Fa\u00e7a uma programa\u00e7\u00e3o divertida para o acampamento de ver\u00e3o"}]},{"@type":"WebSite","@id":"https:\/\/dev.leselfes.com\/#website","url":"https:\/\/dev.leselfes.com\/","name":"Les Elfes International","description":"Les Elfes International, Verbier Switzerland. Summer Camp, Winter Camp, Spring Camps.","publisher":{"@id":"https:\/\/dev.leselfes.com\/#organization"},"alternateName":"Les Elfes International","potentialAction":[{"@type":"SearchAction","target":{"@type":"EntryPoint","urlTemplate":"https:\/\/dev.leselfes.com\/?s={search_term_string}"},"query-input":{"@type":"PropertyValueSpecification","valueRequired":true,"valueName":"search_term_string"}}],"inLanguage":"pt-BR"},{"@type":"Organization","@id":"https:\/\/dev.leselfes.com\/#organization","name":"Les Elfes International","alternateName":"Les Elfes International","url":"https:\/\/dev.leselfes.com\/","logo":{"@type":"ImageObject","inLanguage":"pt-BR","@id":"https:\/\/dev.leselfes.com\/#\/schema\/logo\/image\/","url":"https:\/\/www.leselfes.com\/wp-content\/uploads\/2022\/03\/leselfes-logo.png","contentUrl":"https:\/\/www.leselfes.com\/wp-content\/uploads\/2022\/03\/leselfes-logo.png","width":233,"height":51,"caption":"Les Elfes International"},"image":{"@id":"https:\/\/dev.leselfes.com\/#\/schema\/logo\/image\/"},"sameAs":["https:\/\/www.facebook.com\/LesElfesVerbier","https:\/\/x.com\/LesElfesCamps","https:\/\/www.instagram.com\/leselfes","https:\/\/www.linkedin.com\/company\/les-elfes-international","https:\/\/www.youtube.com\/user\/LesElfesVerbier"]},{"@type":"Person","@id":"https:\/\/dev.leselfes.com\/#\/schema\/person\/407a229698868b8c603874b19f37f289","name":"lesadmin","image":{"@type":"ImageObject","inLanguage":"pt-BR","@id":"https:\/\/dev.leselfes.com\/#\/schema\/person\/image\/","url":"https:\/\/secure.gravatar.com\/avatar\/fdb243a028df450397b3632d862f87f6?s=96&d=mm&r=g","contentUrl":"https:\/\/secure.gravatar.com\/avatar\/fdb243a028df450397b3632d862f87f6?s=96&d=mm&r=g","caption":"lesadmin"},"url":"https:\/\/www.leselfes.com\/pt-br\/author\/lesadmin\/"}]}},"_links":{"self":[{"href":"https:\/\/www.leselfes.com\/pt-br\/wp-json\/wp\/v2\/posts\/92551"}],"collection":[{"href":"https:\/\/www.leselfes.com\/pt-br\/wp-json\/wp\/v2\/posts"}],"about":[{"href":"https:\/\/www.leselfes.com\/pt-br\/wp-json\/wp\/v2\/types\/post"}],"author":[{"embeddable":true,"href":"https:\/\/www.leselfes.com\/pt-br\/wp-json\/wp\/v2\/users\/1"}],"replies":[{"embeddable":true,"href":"https:\/\/www.leselfes.com\/pt-br\/wp-json\/wp\/v2\/comments?post=92551"}],"version-history":[{"count":0,"href":"https:\/\/www.leselfes.com\/pt-br\/wp-json\/wp\/v2\/posts\/92551\/revisions"}],"wp:featuredmedia":[{"embeddable":true,"href":"https:\/\/www.leselfes.com\/pt-br\/wp-json\/wp\/v2\/media\/73031"}],"wp:attachment":[{"href":"https:\/\/www.leselfes.com\/pt-br\/wp-json\/wp\/v2\/media?parent=92551"}],"wp:term":[{"taxonomy":"category","embeddable":true,"href":"https:\/\/www.leselfes.com\/pt-br\/wp-json\/wp\/v2\/categories?post=92551"},{"taxonomy":"post_tag","embeddable":true,"href":"https:\/\/www.leselfes.com\/pt-br\/wp-json\/wp\/v2\/tags?post=92551"}],"curies":[{"name":"wp","href":"https:\/\/api.w.org\/{rel}","templated":true}]}}