{"id":92615,"date":"2025-02-24T16:07:10","date_gmt":"2025-02-24T15:07:10","guid":{"rendered":"https:\/\/www.leselfes.com\/os-10-principais-motivos-para-voce-mandar-seus-filhos-para-uma-colonia-de-ferias-na-suica\/"},"modified":"2024-11-12T12:25:39","modified_gmt":"2024-11-12T11:25:39","slug":"os-10-principais-motivos-para-voce-mandar-seus-filhos-para-uma-colonia-de-ferias-na-suica","status":"publish","type":"post","link":"https:\/\/www.leselfes.com\/pt-br\/os-10-principais-motivos-para-voce-mandar-seus-filhos-para-uma-colonia-de-ferias-na-suica\/","title":{"rendered":"Os 10 principais motivos para voc\u00ea mandar seus filhos para uma col\u00f4nia de f\u00e9rias na Su\u00ed\u00e7a"},"content":{"rendered":"\n<p>Estudos realizados pela American Camp Association sugerem que mais de 11 milh\u00f5es de adultos e crian\u00e7as frequentam<a href=\"https:\/\/www.leselfes.com\/pt-br\/?page_id=89241\"> acampamentos de ver\u00e3o<\/a> somente nos EUA. Atualmente, os acampamentos est\u00e3o se tornando populares, com muitos pais enviando seus filhos para acampamentos internacionais de ver\u00e3o na Su\u00ed\u00e7a. Ainda assim, alguns pais ainda n\u00e3o entenderam o alvoro\u00e7o por tr\u00e1s deles. Aqui est\u00e3o os 10 principais motivos para voc\u00ea mandar seus filhos para um acampamento de ver\u00e3o na Su\u00ed\u00e7a.   <\/p>\n\n<h2 class=\"wp-block-heading\">1. Fazer amigos de v\u00e1rias partes do mundo<\/h2>\n\n<p>Acampamentos de ver\u00e3o bem organizados exp\u00f5em seus filhos a diversas pessoas de v\u00e1rias partes do mundo.\nLembre-se de que muitas outras crian\u00e7as estar\u00e3o participando desses eventos e \u00e9 bem prov\u00e1vel que elas interajam umas com as outras enquanto se envolvem em uma ampla gama de atividades.\nIsso cria uma oportunidade perfeita para que voc\u00ea crie v\u00ednculos sem a supervis\u00e3o dos pais ou mesmo sem distra\u00e7\u00f5es.  <\/p>\n\n<p>Esse tipo de amizade n\u00e3o pode ser comparado com as amizades que eles t\u00eam com seus colegas na escola.\nEmbora os campistas s\u00f3 se conhe\u00e7am por um curto per\u00edodo, isso pode marcar o ponto culminante de amizades duradouras que durar\u00e3o para sempre.\nDesenvolver e cultivar essas amizades em meio a acampamentos de ver\u00e3o ajuda as crian\u00e7as a desenvolver novas habilidades sociais.  <\/p>\n\n<p>Seus filhos voltam para casa mais confiantes, uma habilidade adquirida que, obviamente, ser\u00e1 ben\u00e9fica para eles durante toda a vida.\nOs acampamentos internacionais de ver\u00e3o na Su\u00ed\u00e7a exp\u00f5em seus filhos a pessoas que eles n\u00e3o conhecem com frequ\u00eancia e os ajudam a aprender sobre diversidade e inclus\u00e3o de uma maneira mais org\u00e2nica e natural. <\/p>\n\n<h2 class=\"wp-block-heading\">2. Explore a Su\u00ed\u00e7a e as regi\u00f5es vizinhas<\/h2>\n\n<p>Ao contr\u00e1rio das gera\u00e7\u00f5es anteriores, que adoravam o ar livre, as crian\u00e7as na Su\u00ed\u00e7a passam mais tempo ao ar livre.\nOs melhores acampamentos de ver\u00e3o da Su\u00ed\u00e7a as ajudam a se reconectar com a natureza.\nVoc\u00ea n\u00e3o pode ignorar a import\u00e2ncia de um <a href=\"\">acampamento de ver\u00e3o que ajude seu filho<\/a> a experimentar e descobrir o mundo dentro dos limites seguros de um ambiente de grupo administrado.  <\/p>\n\n<p>Seus filhos far\u00e3o caminhadas pelas florestas ou at\u00e9 mesmo pelos Alpes e, por fim, nadar\u00e3o nos lagos e lagoas de tirar o f\u00f4lego da Su\u00ed\u00e7a.\nSeus filhos se divertir\u00e3o observando as montanhas cobertas de neve e ficar\u00e3o impressionados com a fauna e a flora excepcionais da Su\u00ed\u00e7a.\nSe voc\u00ea j\u00e1 levou seus filhos para uma viagem de aventura, ent\u00e3o voc\u00ea entende como eles ficam maravilhados com coisas aparentemente simples, como lebres, esquilos e at\u00e9 mesmo sapos.  <\/p>\n\n<p>Agora voc\u00ea imagina como ser\u00e1 cativante a experi\u00eancia de ver camur\u00e7as, raposas, veados e marmotas?\nCom certeza ser\u00e1 uma experi\u00eancia sem igual.\nN\u00e3o h\u00e1 nada mais emocionante do que ouvir seu filho narrar com entusiasmo o tipo de aventura que viveu durante os acampamentos internacionais.  <\/p>\n\n<h2 class=\"wp-block-heading\">3. Manter o condicionamento f\u00edsico<\/h2>\n\n<p>Quando as crian\u00e7as est\u00e3o em meio \u00e0 natureza, elas t\u00eam mais oportunidades de se manterem fisicamente ativas.\nA Su\u00ed\u00e7a tem alguns dos cen\u00e1rios naturais e paisagens de tirar o f\u00f4lego que manter\u00e3o seus filhos ocupados.\nH\u00e1 v\u00e1rias atividades divertidas e empolgantes das quais seus filhos podem participar enquanto estiverem na Su\u00ed\u00e7a, como esqui, caiaque, canoagem e at\u00e9 canyoning.  <\/p>\n\n<p>Seus filhos se divertir\u00e3o mais escalando montanhas ou at\u00e9 mesmo fazendo caminhadas com os amigos rec\u00e9m-adquiridos.\nVoc\u00ea ter\u00e1 muito a aprender, como coletar lenha, aprender a acender uma fogueira e construir barracas.\nEssas atividades rejuvenescer\u00e3o a energia de seus filhos e eles voltar\u00e3o para casa completamente renovados e com lembran\u00e7as para toda a vida.  <\/p>\n\n<h2 class=\"wp-block-heading\">4. Experimentar novos desafios e se tornar mais independente<\/h2>\n\n<p>Quando eles forem para os acampamentos de ver\u00e3o, voc\u00ea n\u00e3o estar\u00e1 l\u00e1 para supervision\u00e1-los ou fazer coisas em nome deles.\nEmbora estejam sob a orienta\u00e7\u00e3o de seus supervisores, eles ter\u00e3o de ser mais autossuficientes e adotar uma nova abordagem em rela\u00e7\u00e3o \u00e0 vida.\nEles ter\u00e3o de aprender a limpar suas roupas, arrumar suas camas, levantar-se sozinhos e manter a limpeza.  <\/p>\n\n<p>\u00c9 claro que eles ter\u00e3o de cumprir o cronograma estabelecido, mas isso n\u00e3o elimina o fato de que eles precisar\u00e3o cuidar de si mesmos.\nIsso ajudar\u00e1 as crian\u00e7as que s\u00e3o excessivamente apegadas aos pais a desenvolver um senso de crescimento e independ\u00eancia, o que as ajudar\u00e1 no futuro.\nA Su\u00ed\u00e7a oferece uma ampla gama de eventos para crian\u00e7as de todas as idades e a exposi\u00e7\u00e3o a novos desafios ajudar\u00e1 as crian\u00e7as a adotar uma nova perspectiva de vida.  <\/p>\n\n<h2 class=\"wp-block-heading\">5. Consolidar o que voc\u00ea aprendeu na escola<\/h2>\n\n<p>Durante as longas f\u00e9rias de ver\u00e3o, \u00e9 prov\u00e1vel que as crian\u00e7as esque\u00e7am uma grande porcentagem do que aprendem na escola.\nNo entanto, estudos sugerem que<a href=\"\"> as atividades de aprendizado de ver\u00e3o <\/a>podem ser ben\u00e9ficas para os alunos e que eles t\u00eam maior probabilidade de se lembrar do que aprenderam durante os empolgantes acampamentos de ver\u00e3o. <\/p>\n\n<p>Muitos dos <a href=\"https:\/\/www.leselfes.com\/pt-br\/?p=92581\">acampamentos de ver\u00e3o<\/a> na Su\u00ed\u00e7a est\u00e3o ligados a programas de escolas de ver\u00e3o dos quais os educadores fazem parte. Por exemplo, as crian\u00e7as podem ser submetidas a uma s\u00e9rie de atividades relacionadas \u00e0 sala de aula pela manh\u00e3, quando suas mentes est\u00e3o frescas. Isso lhes d\u00e1 a oportunidade de participar de atividades em sala de aula realizadas com m\u00e9todos divertidos e empolgantes.  <\/p>\n\n<p>As crian\u00e7as ser\u00e3o expostas a v\u00e1rias atividades de aprendizado, como arquitetura, culin\u00e1ria, design, aprendizado de novos idiomas, teatro musical, fotografia e at\u00e9 mesmo compreens\u00e3o de rob\u00f3tica.\nA combina\u00e7\u00e3o de aprendizado e divers\u00e3o aumenta a motiva\u00e7\u00e3o, a mem\u00f3ria e a coopera\u00e7\u00e3o com outros alunos.\nAl\u00e9m disso, seus filhos ser\u00e3o capazes de correlacionar as aplica\u00e7\u00f5es do mundo real com o conhecimento que adquirem nas salas de aula.  <\/p>\n\n<h2 class=\"wp-block-heading\">6. Desconex\u00e3o da tecnologia<\/h2>\n\n<p>Vivemos em um mundo avan\u00e7ado em que at\u00e9 mesmo as crian\u00e7as s\u00e3o conhecedoras de tecnologia.\nAtualmente, muitas crian\u00e7as dependem da tecnologia tanto para as atividades escolares quanto para o entretenimento.\nNa verdade, muitas das crian\u00e7as que participam do acampamento ter\u00e3o um iPad, um tablet, um laptop ou at\u00e9 mesmo um smartphone.\nN\u00e3o h\u00e1 d\u00favida de que muitas crian\u00e7as de hoje passam a maior parte do tempo jogando videogame ou assistindo \u00e0 televis\u00e3o em seu tempo livre.   <\/p>\n\n<p>\u00c9 claro que a tecnologia \u00e9 essencial, mas passar algum tempo sem ela n\u00e3o far\u00e1 mal algum.\nConvencer seus filhos a ficar longe da TV ou dos videogames em casa pode ser uma tarefa \u00e1rdua.\nQuando eles forem para os acampamentos de ver\u00e3o, ter\u00e3o pouco ou nenhum acesso a aparelhos eletr\u00f4nicos, o que os manter\u00e1 totalmente ocupados em outras atividades e, portanto, se desligar\u00e3o do mundo digital para vivenciar as vantagens do mundo real.  <\/p>\n\n<p>Ao vivenciar um mundo longe dos aparelhos, seus filhos se acostumam com o fato de que h\u00e1 mais coisas na vida al\u00e9m da TV e dos videogames.\nIsso os incentivar\u00e1 a buscar hobbies mais tang\u00edveis em vez de passar o tempo todo assistindo a filmes ou jogando. <\/p>\n\n<h2 class=\"wp-block-heading\">7. Aumentar a confian\u00e7a e a autoestima<\/h2>\n\n<p>Os acampamentos apresentam aos seus filhos novas atividades e tarefas com as quais eles n\u00e3o est\u00e3o familiarizados.\nOs participantes do acampamento s\u00e3o incentivados a executar tarefas fora de sua zona de conforto, e espera-se que cada um deles participe de atividades fascinantes e aventureiras, como apresenta\u00e7\u00f5es de talentos.\nQuando as crian\u00e7as est\u00e3o em um ambiente de apoio com seus supervisores e colegas, elas entendem que o fracasso n\u00e3o \u00e9 um crime.  <\/p>\n\n<p>Cada sucesso que alcan\u00e7am desenvolve sua autoestima e confian\u00e7a.\nEles tamb\u00e9m desenvolvem uma nova forma de resili\u00eancia, independ\u00eancia e autoestima que \u00e9 exemplificada durante o acampamento, em suas intera\u00e7\u00f5es com os irm\u00e3os em casa e na escola.\nPor fim, seus filhos se tornam mais felizes e mais interessados em aceitar novos desafios e atividades que antes teriam medo de realizar.  <\/p>\n\n<h2 class=\"wp-block-heading\">8. Desenvolvimento de habilidades de lideran\u00e7a<\/h2>\n\n<p>Os acampamentos oferecem v\u00e1rias oportunidades para que as crian\u00e7as aprendam habilidades de lideran\u00e7a.\nDurante os acampamentos de ver\u00e3o, as crian\u00e7as s\u00e3o classificadas em grupos sociais e cada uma delas \u00e9 encarregada de realizar tarefas espec\u00edficas.\nElas precisam criar tempo para concluir suas tarefas a tempo de serem inspecionadas, independentemente de como o fizerem.\n\u00c9 por esse motivo que os campistas dependem da coopera\u00e7\u00e3o uns dos outros para concluir as atividades.   <\/p>\n\n<p>Dessa forma, eles podem perceber uma variedade de qualidades e habilidades que os tornam excelentes l\u00edderes.\nDurante os acampamentos de ver\u00e3o na Su\u00ed\u00e7a, seus filhos ter\u00e3o muitas oportunidades de tomar iniciativas.\nPor exemplo, eles podem ser encarregados de cuidar de jovens campistas e ajud\u00e1-los a realizar tarefas dif\u00edceis, como entender um novo idioma, arrumar suas camas ou at\u00e9 mesmo limpar o quarto.  <\/p>\n\n<h2 class=\"wp-block-heading\">9. Aprimorar sua perspectiva de mundo<\/h2>\n\n<p>Os acampamentos de ver\u00e3o na Su\u00ed\u00e7a oferecem \u00e0s crian\u00e7as a oportunidade de conhecer e interagir com outras crian\u00e7as de diferentes c\u00edrculos sociais.\nElas conhecem crian\u00e7as que falam idiomas diferentes e outras de ra\u00e7as e culturas diferentes. <\/p>\n\n<p>Isso muda a maneira como eles veem o mundo e a vida em geral.\nEssas intera\u00e7\u00f5es fazem com que seus filhos tenham a mente mais aberta e se interessem mais em <a href=\"\">aprender sobre outras culturas <\/a>e entender melhor o mundo. <\/p>\n\n<h2 class=\"wp-block-heading\">10. Acampamentos promovem a criatividade<\/h2>\n\n<p>Hoje, o mundo est\u00e1 mudando.\nAs crian\u00e7as est\u00e3o realizando mais atividades que, no passado, eram exclusivas dos seres humanos.\nA cada dia, mais crian\u00e7as est\u00e3o se tornando mais criativas e se envolvendo em atividades relacionadas \u00e0 criatividade, como o desenvolvimento de jogos para celular.  <\/p>\n\n<p>Durante os acampamentos de ver\u00e3o na Su\u00ed\u00e7a, seus filhos ter\u00e3o muitas oportunidades de exercitar a criatividade sem medo de serem reprovados ou mesmo de obterem notas abaixo da m\u00e9dia.\nQuando seus filhos est\u00e3o acampando durante o ver\u00e3o, suas capacidades n\u00e3o s\u00e3o restritas.\nEles podem se envolver em tantas atividades criativas quanto poss\u00edvel, em compara\u00e7\u00e3o com o que podem fazer na escola.  <\/p>\n\n<h2 class=\"wp-block-heading\">Finalmente<\/h2>\n\n<p>Como pai, liberar seu filho para ir a um acampamento de ver\u00e3o na Su\u00ed\u00e7a pode ser uma tarefa \u00e1rdua.\nNo entanto, \u00e9 bom deix\u00e1-lo ir por uma ou duas semanas para que ele possa se envolver em outras atividades longe do conforto de seus aparelhos eletr\u00f4nicos.\nOs acampamentos oferecem \u00e0s crian\u00e7as uma ampla variedade de oportunidades para descobrir novas atividades, tornar-se mais criativas e sair de sua zona de conforto para exercitar suas habilidades sem medo de fracassar.\nAl\u00e9m disso, permitir que seus filhos participem de acampamentos de ver\u00e3o na Su\u00ed\u00e7a faz com que eles valorizem seus pais, seus irm\u00e3os, sua casa e as coisas que muitas vezes n\u00e3o d\u00e3o valor.   <\/p>\n","protected":false},"excerpt":{"rendered":"<p>Estudos realizados pela American Camp Association sugerem que mais de 11 milh\u00f5es de adultos e crian\u00e7as frequentam acampamentos de ver\u00e3o somente nos EUA. Atualmente, os acampamentos est\u00e3o se tornando populares,&#8230;<\/p>\n","protected":false},"author":6,"featured_media":109321,"comment_status":"closed","ping_status":"open","sticky":false,"template":"","format":"standard","meta":{"_acf_changed":false,"inline_featured_image":false,"footnotes":""},"categories":[1369,1351],"tags":[],"class_list":{"0":"post-92615","1":"post","2":"type-post","3":"status-publish","4":"format-standard","5":"has-post-thumbnail","7":"category-acampamento-de-verao-pt-br","8":"category-artigos-pt-br"},"acf":[],"yoast_head":"<!-- This site is optimized with the Yoast SEO Premium plugin v24.2 (Yoast SEO v24.7) - https:\/\/yoast.com\/wordpress\/plugins\/seo\/ -->\n<title>Os 10 principais motivos para voc\u00ea mandar seus filhos para uma col\u00f4nia de f\u00e9rias na Su\u00ed\u00e7a - Les Elfes International Camps Switzerland<\/title>\n<meta name=\"robots\" content=\"index, follow, max-snippet:-1, max-image-preview:large, max-video-preview:-1\" \/>\n<link rel=\"canonical\" href=\"https:\/\/www.leselfes.com\/pt-br\/os-10-principais-motivos-para-voce-mandar-seus-filhos-para-uma-colonia-de-ferias-na-suica\/\" \/>\n<meta property=\"og:locale\" content=\"pt_BR\" \/>\n<meta property=\"og:type\" content=\"article\" \/>\n<meta property=\"og:title\" content=\"Os 10 principais motivos para voc\u00ea mandar seus filhos para uma col\u00f4nia de f\u00e9rias na Su\u00ed\u00e7a\" \/>\n<meta property=\"og:description\" content=\"Estudos realizados pela American Camp Association sugerem que mais de 11 milh\u00f5es de adultos e crian\u00e7as frequentam acampamentos de ver\u00e3o somente nos EUA. Atualmente, os acampamentos est\u00e3o se tornando populares,...\" \/>\n<meta property=\"og:url\" content=\"https:\/\/www.leselfes.com\/pt-br\/os-10-principais-motivos-para-voce-mandar-seus-filhos-para-uma-colonia-de-ferias-na-suica\/\" \/>\n<meta property=\"og:site_name\" content=\"Les Elfes International Camps Switzerland\" \/>\n<meta property=\"article:publisher\" content=\"https:\/\/www.facebook.com\/LesElfesVerbier\" \/>\n<meta property=\"article:published_time\" content=\"2025-02-24T15:07:10+00:00\" \/>\n<meta property=\"og:image\" content=\"https:\/\/www.leselfes.com\/wp-content\/uploads\/2025\/02\/468A7567-min-scaled.jpg\" \/>\n\t<meta property=\"og:image:width\" content=\"2560\" \/>\n\t<meta property=\"og:image:height\" content=\"1707\" \/>\n\t<meta property=\"og:image:type\" content=\"image\/jpeg\" \/>\n<meta name=\"author\" content=\"carlotta\" \/>\n<meta name=\"twitter:card\" content=\"summary_large_image\" \/>\n<meta name=\"twitter:creator\" content=\"@LesElfesCamps\" \/>\n<meta name=\"twitter:site\" content=\"@LesElfesCamps\" \/>\n<meta name=\"twitter:label1\" content=\"Escrito por\" \/>\n\t<meta name=\"twitter:data1\" content=\"carlotta\" \/>\n\t<meta name=\"twitter:label2\" content=\"Est. tempo de leitura\" \/>\n\t<meta name=\"twitter:data2\" content=\"9 minutos\" \/>\n<script type=\"application\/ld+json\" class=\"yoast-schema-graph\">{\"@context\":\"https:\/\/schema.org\",\"@graph\":[{\"@type\":\"Article\",\"@id\":\"https:\/\/www.leselfes.com\/pt-br\/os-10-principais-motivos-para-voce-mandar-seus-filhos-para-uma-colonia-de-ferias-na-suica\/#article\",\"isPartOf\":{\"@id\":\"https:\/\/www.leselfes.com\/pt-br\/os-10-principais-motivos-para-voce-mandar-seus-filhos-para-uma-colonia-de-ferias-na-suica\/\"},\"author\":{\"name\":\"carlotta\",\"@id\":\"https:\/\/dev.leselfes.com\/#\/schema\/person\/9e8c1c68ef43ed5c58fa46ac5d8ee338\"},\"headline\":\"Os 10 principais motivos para voc\u00ea mandar seus filhos para uma col\u00f4nia de f\u00e9rias na Su\u00ed\u00e7a\",\"datePublished\":\"2025-02-24T15:07:10+00:00\",\"mainEntityOfPage\":{\"@id\":\"https:\/\/www.leselfes.com\/pt-br\/os-10-principais-motivos-para-voce-mandar-seus-filhos-para-uma-colonia-de-ferias-na-suica\/\"},\"wordCount\":1888,\"publisher\":{\"@id\":\"https:\/\/dev.leselfes.com\/#organization\"},\"image\":{\"@id\":\"https:\/\/www.leselfes.com\/pt-br\/os-10-principais-motivos-para-voce-mandar-seus-filhos-para-uma-colonia-de-ferias-na-suica\/#primaryimage\"},\"thumbnailUrl\":\"https:\/\/www.leselfes.com\/wp-content\/uploads\/2025\/02\/468A7567-min-scaled.jpg\",\"articleSection\":[\"Acampamento de ver\u00e3o\",\"Artigos\"],\"inLanguage\":\"pt-BR\"},{\"@type\":\"WebPage\",\"@id\":\"https:\/\/www.leselfes.com\/pt-br\/os-10-principais-motivos-para-voce-mandar-seus-filhos-para-uma-colonia-de-ferias-na-suica\/\",\"url\":\"https:\/\/www.leselfes.com\/pt-br\/os-10-principais-motivos-para-voce-mandar-seus-filhos-para-uma-colonia-de-ferias-na-suica\/\",\"name\":\"Os 10 principais motivos para voc\u00ea mandar seus filhos para uma col\u00f4nia de f\u00e9rias na Su\u00ed\u00e7a - Les Elfes International Camps Switzerland\",\"isPartOf\":{\"@id\":\"https:\/\/dev.leselfes.com\/#website\"},\"primaryImageOfPage\":{\"@id\":\"https:\/\/www.leselfes.com\/pt-br\/os-10-principais-motivos-para-voce-mandar-seus-filhos-para-uma-colonia-de-ferias-na-suica\/#primaryimage\"},\"image\":{\"@id\":\"https:\/\/www.leselfes.com\/pt-br\/os-10-principais-motivos-para-voce-mandar-seus-filhos-para-uma-colonia-de-ferias-na-suica\/#primaryimage\"},\"thumbnailUrl\":\"https:\/\/www.leselfes.com\/wp-content\/uploads\/2025\/02\/468A7567-min-scaled.jpg\",\"datePublished\":\"2025-02-24T15:07:10+00:00\",\"breadcrumb\":{\"@id\":\"https:\/\/www.leselfes.com\/pt-br\/os-10-principais-motivos-para-voce-mandar-seus-filhos-para-uma-colonia-de-ferias-na-suica\/#breadcrumb\"},\"inLanguage\":\"pt-BR\",\"potentialAction\":[{\"@type\":\"ReadAction\",\"target\":[\"https:\/\/www.leselfes.com\/pt-br\/os-10-principais-motivos-para-voce-mandar-seus-filhos-para-uma-colonia-de-ferias-na-suica\/\"]}]},{\"@type\":\"ImageObject\",\"inLanguage\":\"pt-BR\",\"@id\":\"https:\/\/www.leselfes.com\/pt-br\/os-10-principais-motivos-para-voce-mandar-seus-filhos-para-uma-colonia-de-ferias-na-suica\/#primaryimage\",\"url\":\"https:\/\/www.leselfes.com\/wp-content\/uploads\/2025\/02\/468A7567-min-scaled.jpg\",\"contentUrl\":\"https:\/\/www.leselfes.com\/wp-content\/uploads\/2025\/02\/468A7567-min-scaled.jpg\",\"width\":2560,\"height\":1707},{\"@type\":\"BreadcrumbList\",\"@id\":\"https:\/\/www.leselfes.com\/pt-br\/os-10-principais-motivos-para-voce-mandar-seus-filhos-para-uma-colonia-de-ferias-na-suica\/#breadcrumb\",\"itemListElement\":[{\"@type\":\"ListItem\",\"position\":1,\"name\":\"Home\",\"item\":\"https:\/\/www.leselfes.com\/pt-br\/\"},{\"@type\":\"ListItem\",\"position\":2,\"name\":\"Os 10 principais motivos para voc\u00ea mandar seus filhos para uma col\u00f4nia de f\u00e9rias na Su\u00ed\u00e7a\"}]},{\"@type\":\"WebSite\",\"@id\":\"https:\/\/dev.leselfes.com\/#website\",\"url\":\"https:\/\/dev.leselfes.com\/\",\"name\":\"Les Elfes International\",\"description\":\"Les Elfes International, Verbier Switzerland. Summer Camp, Winter Camp, Spring Camps.\",\"publisher\":{\"@id\":\"https:\/\/dev.leselfes.com\/#organization\"},\"alternateName\":\"Les Elfes International\",\"potentialAction\":[{\"@type\":\"SearchAction\",\"target\":{\"@type\":\"EntryPoint\",\"urlTemplate\":\"https:\/\/dev.leselfes.com\/?s={search_term_string}\"},\"query-input\":{\"@type\":\"PropertyValueSpecification\",\"valueRequired\":true,\"valueName\":\"search_term_string\"}}],\"inLanguage\":\"pt-BR\"},{\"@type\":\"Organization\",\"@id\":\"https:\/\/dev.leselfes.com\/#organization\",\"name\":\"Les Elfes International\",\"alternateName\":\"Les Elfes International\",\"url\":\"https:\/\/dev.leselfes.com\/\",\"logo\":{\"@type\":\"ImageObject\",\"inLanguage\":\"pt-BR\",\"@id\":\"https:\/\/dev.leselfes.com\/#\/schema\/logo\/image\/\",\"url\":\"https:\/\/www.leselfes.com\/wp-content\/uploads\/2022\/03\/leselfes-logo.png\",\"contentUrl\":\"https:\/\/www.leselfes.com\/wp-content\/uploads\/2022\/03\/leselfes-logo.png\",\"width\":233,\"height\":51,\"caption\":\"Les Elfes International\"},\"image\":{\"@id\":\"https:\/\/dev.leselfes.com\/#\/schema\/logo\/image\/\"},\"sameAs\":[\"https:\/\/www.facebook.com\/LesElfesVerbier\",\"https:\/\/x.com\/LesElfesCamps\",\"https:\/\/www.instagram.com\/leselfes\",\"https:\/\/www.linkedin.com\/company\/les-elfes-international\",\"https:\/\/www.youtube.com\/user\/LesElfesVerbier\"]},{\"@type\":\"Person\",\"@id\":\"https:\/\/dev.leselfes.com\/#\/schema\/person\/9e8c1c68ef43ed5c58fa46ac5d8ee338\",\"name\":\"carlotta\",\"image\":{\"@type\":\"ImageObject\",\"inLanguage\":\"pt-BR\",\"@id\":\"https:\/\/dev.leselfes.com\/#\/schema\/person\/image\/\",\"url\":\"https:\/\/secure.gravatar.com\/avatar\/fdb243a028df450397b3632d862f87f6?s=96&d=mm&r=g\",\"contentUrl\":\"https:\/\/secure.gravatar.com\/avatar\/fdb243a028df450397b3632d862f87f6?s=96&d=mm&r=g\",\"caption\":\"carlotta\"},\"description\":\"Since 1987, Les Elfes International organizes ski trips &amp; field trips for leading schools around the world as well as winter &amp; summer camps for individual students aged between 6 y.o. and 17 y.o. from more than 60 nationalities. Welcoming 5'000 children and more than 200 schools a year from December until the end of October, Les Elfes has become a leading provider in the individual and school\u2019s trip industry. Our Winter and Summer Camps, ski and field trips provide more than just great activities and experiences. We introduce lifelong skills such as communicating with others without phone or laptop and understanding the value of living in a community away from home. Moreover, campers will be able to build a strong friend network and fortify the relationship among future classmates.\",\"sameAs\":[\"https:\/\/www.linkedin.com\/company\/les-elfes-international\/\"],\"url\":\"https:\/\/www.leselfes.com\/pt-br\/author\/carlotta\/\"}]}<\/script>\n<!-- \/ Yoast SEO Premium plugin. -->","yoast_head_json":{"title":"Os 10 principais motivos para voc\u00ea mandar seus filhos para uma col\u00f4nia de f\u00e9rias na Su\u00ed\u00e7a - Les Elfes International Camps Switzerland","robots":{"index":"index","follow":"follow","max-snippet":"max-snippet:-1","max-image-preview":"max-image-preview:large","max-video-preview":"max-video-preview:-1"},"canonical":"https:\/\/www.leselfes.com\/pt-br\/os-10-principais-motivos-para-voce-mandar-seus-filhos-para-uma-colonia-de-ferias-na-suica\/","og_locale":"pt_BR","og_type":"article","og_title":"Os 10 principais motivos para voc\u00ea mandar seus filhos para uma col\u00f4nia de f\u00e9rias na Su\u00ed\u00e7a","og_description":"Estudos realizados pela American Camp Association sugerem que mais de 11 milh\u00f5es de adultos e crian\u00e7as frequentam acampamentos de ver\u00e3o somente nos EUA. Atualmente, os acampamentos est\u00e3o se tornando populares,...","og_url":"https:\/\/www.leselfes.com\/pt-br\/os-10-principais-motivos-para-voce-mandar-seus-filhos-para-uma-colonia-de-ferias-na-suica\/","og_site_name":"Les Elfes International Camps Switzerland","article_publisher":"https:\/\/www.facebook.com\/LesElfesVerbier","article_published_time":"2025-02-24T15:07:10+00:00","og_image":[{"width":2560,"height":1707,"url":"https:\/\/www.leselfes.com\/wp-content\/uploads\/2025\/02\/468A7567-min-scaled.jpg","type":"image\/jpeg"}],"author":"carlotta","twitter_card":"summary_large_image","twitter_creator":"@LesElfesCamps","twitter_site":"@LesElfesCamps","twitter_misc":{"Escrito por":"carlotta","Est. tempo de leitura":"9 minutos"},"schema":{"@context":"https:\/\/schema.org","@graph":[{"@type":"Article","@id":"https:\/\/www.leselfes.com\/pt-br\/os-10-principais-motivos-para-voce-mandar-seus-filhos-para-uma-colonia-de-ferias-na-suica\/#article","isPartOf":{"@id":"https:\/\/www.leselfes.com\/pt-br\/os-10-principais-motivos-para-voce-mandar-seus-filhos-para-uma-colonia-de-ferias-na-suica\/"},"author":{"name":"carlotta","@id":"https:\/\/dev.leselfes.com\/#\/schema\/person\/9e8c1c68ef43ed5c58fa46ac5d8ee338"},"headline":"Os 10 principais motivos para voc\u00ea mandar seus filhos para uma col\u00f4nia de f\u00e9rias na Su\u00ed\u00e7a","datePublished":"2025-02-24T15:07:10+00:00","mainEntityOfPage":{"@id":"https:\/\/www.leselfes.com\/pt-br\/os-10-principais-motivos-para-voce-mandar-seus-filhos-para-uma-colonia-de-ferias-na-suica\/"},"wordCount":1888,"publisher":{"@id":"https:\/\/dev.leselfes.com\/#organization"},"image":{"@id":"https:\/\/www.leselfes.com\/pt-br\/os-10-principais-motivos-para-voce-mandar-seus-filhos-para-uma-colonia-de-ferias-na-suica\/#primaryimage"},"thumbnailUrl":"https:\/\/www.leselfes.com\/wp-content\/uploads\/2025\/02\/468A7567-min-scaled.jpg","articleSection":["Acampamento de ver\u00e3o","Artigos"],"inLanguage":"pt-BR"},{"@type":"WebPage","@id":"https:\/\/www.leselfes.com\/pt-br\/os-10-principais-motivos-para-voce-mandar-seus-filhos-para-uma-colonia-de-ferias-na-suica\/","url":"https:\/\/www.leselfes.com\/pt-br\/os-10-principais-motivos-para-voce-mandar-seus-filhos-para-uma-colonia-de-ferias-na-suica\/","name":"Os 10 principais motivos para voc\u00ea mandar seus filhos para uma col\u00f4nia de f\u00e9rias na Su\u00ed\u00e7a - Les Elfes International Camps Switzerland","isPartOf":{"@id":"https:\/\/dev.leselfes.com\/#website"},"primaryImageOfPage":{"@id":"https:\/\/www.leselfes.com\/pt-br\/os-10-principais-motivos-para-voce-mandar-seus-filhos-para-uma-colonia-de-ferias-na-suica\/#primaryimage"},"image":{"@id":"https:\/\/www.leselfes.com\/pt-br\/os-10-principais-motivos-para-voce-mandar-seus-filhos-para-uma-colonia-de-ferias-na-suica\/#primaryimage"},"thumbnailUrl":"https:\/\/www.leselfes.com\/wp-content\/uploads\/2025\/02\/468A7567-min-scaled.jpg","datePublished":"2025-02-24T15:07:10+00:00","breadcrumb":{"@id":"https:\/\/www.leselfes.com\/pt-br\/os-10-principais-motivos-para-voce-mandar-seus-filhos-para-uma-colonia-de-ferias-na-suica\/#breadcrumb"},"inLanguage":"pt-BR","potentialAction":[{"@type":"ReadAction","target":["https:\/\/www.leselfes.com\/pt-br\/os-10-principais-motivos-para-voce-mandar-seus-filhos-para-uma-colonia-de-ferias-na-suica\/"]}]},{"@type":"ImageObject","inLanguage":"pt-BR","@id":"https:\/\/www.leselfes.com\/pt-br\/os-10-principais-motivos-para-voce-mandar-seus-filhos-para-uma-colonia-de-ferias-na-suica\/#primaryimage","url":"https:\/\/www.leselfes.com\/wp-content\/uploads\/2025\/02\/468A7567-min-scaled.jpg","contentUrl":"https:\/\/www.leselfes.com\/wp-content\/uploads\/2025\/02\/468A7567-min-scaled.jpg","width":2560,"height":1707},{"@type":"BreadcrumbList","@id":"https:\/\/www.leselfes.com\/pt-br\/os-10-principais-motivos-para-voce-mandar-seus-filhos-para-uma-colonia-de-ferias-na-suica\/#breadcrumb","itemListElement":[{"@type":"ListItem","position":1,"name":"Home","item":"https:\/\/www.leselfes.com\/pt-br\/"},{"@type":"ListItem","position":2,"name":"Os 10 principais motivos para voc\u00ea mandar seus filhos para uma col\u00f4nia de f\u00e9rias na Su\u00ed\u00e7a"}]},{"@type":"WebSite","@id":"https:\/\/dev.leselfes.com\/#website","url":"https:\/\/dev.leselfes.com\/","name":"Les Elfes International","description":"Les Elfes International, Verbier Switzerland. Summer Camp, Winter Camp, Spring Camps.","publisher":{"@id":"https:\/\/dev.leselfes.com\/#organization"},"alternateName":"Les Elfes International","potentialAction":[{"@type":"SearchAction","target":{"@type":"EntryPoint","urlTemplate":"https:\/\/dev.leselfes.com\/?s={search_term_string}"},"query-input":{"@type":"PropertyValueSpecification","valueRequired":true,"valueName":"search_term_string"}}],"inLanguage":"pt-BR"},{"@type":"Organization","@id":"https:\/\/dev.leselfes.com\/#organization","name":"Les Elfes International","alternateName":"Les Elfes International","url":"https:\/\/dev.leselfes.com\/","logo":{"@type":"ImageObject","inLanguage":"pt-BR","@id":"https:\/\/dev.leselfes.com\/#\/schema\/logo\/image\/","url":"https:\/\/www.leselfes.com\/wp-content\/uploads\/2022\/03\/leselfes-logo.png","contentUrl":"https:\/\/www.leselfes.com\/wp-content\/uploads\/2022\/03\/leselfes-logo.png","width":233,"height":51,"caption":"Les Elfes International"},"image":{"@id":"https:\/\/dev.leselfes.com\/#\/schema\/logo\/image\/"},"sameAs":["https:\/\/www.facebook.com\/LesElfesVerbier","https:\/\/x.com\/LesElfesCamps","https:\/\/www.instagram.com\/leselfes","https:\/\/www.linkedin.com\/company\/les-elfes-international","https:\/\/www.youtube.com\/user\/LesElfesVerbier"]},{"@type":"Person","@id":"https:\/\/dev.leselfes.com\/#\/schema\/person\/9e8c1c68ef43ed5c58fa46ac5d8ee338","name":"carlotta","image":{"@type":"ImageObject","inLanguage":"pt-BR","@id":"https:\/\/dev.leselfes.com\/#\/schema\/person\/image\/","url":"https:\/\/secure.gravatar.com\/avatar\/fdb243a028df450397b3632d862f87f6?s=96&d=mm&r=g","contentUrl":"https:\/\/secure.gravatar.com\/avatar\/fdb243a028df450397b3632d862f87f6?s=96&d=mm&r=g","caption":"carlotta"},"description":"Since 1987, Les Elfes International organizes ski trips &amp; field trips for leading schools around the world as well as winter &amp; summer camps for individual students aged between 6 y.o. and 17 y.o. from more than 60 nationalities. Welcoming 5'000 children and more than 200 schools a year from December until the end of October, Les Elfes has become a leading provider in the individual and school\u2019s trip industry. Our Winter and Summer Camps, ski and field trips provide more than just great activities and experiences. We introduce lifelong skills such as communicating with others without phone or laptop and understanding the value of living in a community away from home. Moreover, campers will be able to build a strong friend network and fortify the relationship among future classmates.","sameAs":["https:\/\/www.linkedin.com\/company\/les-elfes-international\/"],"url":"https:\/\/www.leselfes.com\/pt-br\/author\/carlotta\/"}]}},"_links":{"self":[{"href":"https:\/\/www.leselfes.com\/pt-br\/wp-json\/wp\/v2\/posts\/92615"}],"collection":[{"href":"https:\/\/www.leselfes.com\/pt-br\/wp-json\/wp\/v2\/posts"}],"about":[{"href":"https:\/\/www.leselfes.com\/pt-br\/wp-json\/wp\/v2\/types\/post"}],"author":[{"embeddable":true,"href":"https:\/\/www.leselfes.com\/pt-br\/wp-json\/wp\/v2\/users\/6"}],"replies":[{"embeddable":true,"href":"https:\/\/www.leselfes.com\/pt-br\/wp-json\/wp\/v2\/comments?post=92615"}],"version-history":[{"count":1,"href":"https:\/\/www.leselfes.com\/pt-br\/wp-json\/wp\/v2\/posts\/92615\/revisions"}],"predecessor-version":[{"id":109502,"href":"https:\/\/www.leselfes.com\/pt-br\/wp-json\/wp\/v2\/posts\/92615\/revisions\/109502"}],"wp:featuredmedia":[{"embeddable":true,"href":"https:\/\/www.leselfes.com\/pt-br\/wp-json\/wp\/v2\/media\/109321"}],"wp:attachment":[{"href":"https:\/\/www.leselfes.com\/pt-br\/wp-json\/wp\/v2\/media?parent=92615"}],"wp:term":[{"taxonomy":"category","embeddable":true,"href":"https:\/\/www.leselfes.com\/pt-br\/wp-json\/wp\/v2\/categories?post=92615"},{"taxonomy":"post_tag","embeddable":true,"href":"https:\/\/www.leselfes.com\/pt-br\/wp-json\/wp\/v2\/tags?post=92615"}],"curies":[{"name":"wp","href":"https:\/\/api.w.org\/{rel}","templated":true}]}}