{"id":92640,"date":"2019-03-26T09:57:20","date_gmt":"2019-03-26T08:57:20","guid":{"rendered":"https:\/\/www.leselfes.com\/viagem-ecologica\/"},"modified":"2024-11-12T12:25:40","modified_gmt":"2024-11-12T11:25:40","slug":"viagem-ecologica","status":"publish","type":"post","link":"https:\/\/www.leselfes.com\/pt-br\/viagem-ecologica\/","title":{"rendered":"Viagem ecol\u00f3gica"},"content":{"rendered":"<p>\n\n<p>Sempre nos fazem essa pergunta.\nComo podemos <strong>viajar ecologicamente<\/strong> para a Su\u00ed\u00e7a? <\/p>\n<p><\/p><\/p>\n<p>\n\n<p>N\u00e3o \u00e9 segredo que viajar, embora seja extremamente importante para nossos jovens de hoje em termos de ampliar sua consci\u00eancia experimental de outras culturas, tamb\u00e9m consome muitos recursos.\nA quantidade de pl\u00e1stico consumida em uma \u00fanica viagem \u00e9 impressionante.\nEnquanto pesquisava para este artigo, um profissional de uma companhia a\u00e9rea me escreveu dizendo que quase todos os utens\u00edlios e pl\u00e1sticos que as companhias a\u00e9reas usam para um voo s\u00e3o geralmente jogados fora ap\u00f3s o voo, independentemente de serem usados ou n\u00e3o.  <\/p>\n<p><\/p><\/p>\n<p>\n\n<p>Com os pedidos recentes de alguns de nossos leitores, decidimos reunir algumas de nossas ideias favoritas sobre como viajar da maneira mais ecologicamente correta poss\u00edvel para Verbier, Su\u00ed\u00e7a ou qualquer outro lugar.<\/p>\n<p><\/p><\/p>\n<p>\n\n<h4 class=\"wp-block-heading\"><em>Dicas de viagem ecologicamente corretas<\/em>.<\/h4>\n<p><\/p><\/p>\n<p>\n\n<p>Se voc\u00ea tiver tempo, pegar um \u00f4nibus ou trem, ou at\u00e9 mesmo compartilhar uma carona, \u00e9 mais ecol\u00f3gico.\nOs trens na Europa s\u00e3o maravilhosamente convenientes, confort\u00e1veis e uma \u00f3tima maneira de conhecer as diferentes \u00e1reas pelas quais voc\u00ea pode viajar. <\/p>\n<p><\/p><\/p>\n<p>\n\n<p>Se voc\u00ea estiver preocupado com sua pegada de carbono ao voar a partir de seu destino, poder\u00e1 usar <a href=\"https:\/\/co2.myclimate.org\/en\/flight_calculators\/new\" target=\"_blank\" rel=\"noreferrer noopener\" aria-label=\"carbon offsetting programs like this one (opens in a new tab)\">programas de compensa\u00e7\u00e3o de carbono como este<\/a>. H\u00e1 calculadoras que podem determinar sua pegada de carbono durante o voo, de modo que voc\u00ea possa realmente calcular as emiss\u00f5es usadas durante o voo e comprar cr\u00e9ditos para ajudar a compensar esse uso. Os lucros do My Climate (sediado na Su\u00ed\u00e7a, uau!) s\u00e3o destinados \u00e0 prote\u00e7\u00e3o clim\u00e1tica e a projetos de economia de carbono em todo o mundo. Isso ajuda a compensar a energia que voc\u00ea usa para viajar para o acampamento Les Elfes ou, em geral, para que voc\u00ea possa viajar sabendo que fez a sua parte para ajudar a compensar a energia consumida na sua viagem.   <\/p>\n<p><\/p><\/p>\n<p>\n\n<p>Se voc\u00ea precisar voar, devido a restri\u00e7\u00f5es de tempo, tente reservar voos sem escalas, pois os pousos e as decolagens consomem mais combust\u00edvel.\nSe voc\u00ea puder voar direto, o voo direto \u00e9 o menos prejudicial. <\/p>\n<p><\/p><\/p>\n<p>\n\n<p>Ao voar, considere fazer o seguinte, pois os pl\u00e1sticos envolvidos durante a viagem s\u00e3o horr\u00edveis.\nCertifique-se de que voc\u00ea tenha uma garrafa de \u00e1gua vazia em sua mochila.\nPor qu\u00ea?\nPara que voc\u00ea possa passar pela seguran\u00e7a no port\u00e3o de embarque, mas possa encher sua garrafa de \u00e1gua dentro do aeroporto e n\u00e3o ter de comprar garrafas pl\u00e1sticas de \u00e1gua.\nOu pe\u00e7a sua pr\u00f3pria \u00e1gua durante o voo, pois a aeromo\u00e7a dar\u00e1 a voc\u00ea um copo pl\u00e1stico de uso \u00fanico.\nSe o seu voo for longo, como se voc\u00ea estivesse vindo da Am\u00e9rica do Norte\/Sul ou da \u00c1sia, voc\u00ea poder\u00e1 usar muitos desses copos pl\u00e1sticos de uso \u00fanico.\nLembre-se de que cada um desses copos levar\u00e1 pelo menos 100 anos para se decompor.\nNo m\u00ednimo.\nSe voc\u00ea compuser esses copos uns sobre os outros, ser\u00e3o centenas de anos para decompor os pl\u00e1sticos que voc\u00ea consumiu em um \u00fanico voo.        <\/p>\n<p><\/p><\/p>\n<p>\n\n<p>Em termos de consumo de pl\u00e1stico, costumava haver os tr\u00eas Rs, mas agora foram adicionados mais tr\u00eas.<\/p>\n<p><\/p><\/p>\n<p>\n\n<h4 class=\"wp-block-heading\"><strong>Recusar<\/strong>, <strong>reduzir<\/strong>, <strong>reutilizar\/reparar<\/strong>, <strong>reciclar<\/strong>,<strong> substituir\/recomprar, reinventar\/repensar.<\/strong><\/h4>\n<p><\/p><\/p>\n<p>\n\n<p>Na verdade, todos eles tamb\u00e9m est\u00e3o em ordem de import\u00e2ncia, e \u00e9 por isso que recusar est\u00e1 listado como o mais importante.\nSe voc\u00ea simplesmente <em>recusar o item de pl\u00e1stico<\/em>, ele n\u00e3o ser\u00e1 consumido por voc\u00ea.\nE um peda\u00e7o de pl\u00e1stico a menos consumido \u00e9, na verdade, muito mais do que voc\u00ea pensa.\nEspecialmente quando voc\u00ea considera que cada peda\u00e7o de pl\u00e1stico tem 70% de chance de acabar no oceano, mesmo que voc\u00ea esteja localizado no meio do continente europeu.   <\/p>\n<p><\/p><\/p>\n<p>\n\n<p>Reduzir, ent\u00e3o, nem \u00e9 preciso dizer.\nSe voc\u00ea precisa ter um peda\u00e7o de pl\u00e1stico em sua vida, pelo menos limite a quantidade desses itens e reutilize-os o m\u00e1ximo que puder.\n\u00c9 por isso que, mais adiante neste artigo, recomendaremos alguns itens que voc\u00ea pode levar com voc\u00ea durante a viagem e que reduzir\u00e3o bastante o uso e o consumo de pl\u00e1stico durante a viagem.  <\/p>\n<p><\/p><\/p>\n<p>\n\n<p>A reciclagem, portanto, \u00e9 desnecess\u00e1ria, e posso dizer a voc\u00ea que a Su\u00ed\u00e7a, onde vivemos e operamos nosso <a href=\"https:\/\/www.leselfes.com\/pt-br\/\" target=\"_blank\" rel=\"noreferrer noopener\" aria-label=\"International Spring\/Summer\/Winter camp (opens in a new tab)\">acampamento internacional de primavera\/ver\u00e3o\/inverno<\/a> para crian\u00e7as e adolescentes com consci\u00eancia ambiental, tenta reciclar tudo o que pode. Ajuda o fato de o munic\u00edpio apoiar a reciclagem e estar fazendo grandes esfor\u00e7os para melhorar isso todos os anos. <\/p>\n<p><\/p><\/p>\n<p>\n\n<p>Os dois \u00faltimos Rs s\u00e3o semelhantes em conceito, mas basicamente reutilizam ou compram de segunda m\u00e3o quando voc\u00ea pode (tamb\u00e9m \u00e9 muito mais barato) e reaproveitam itens que n\u00e3o podem ser reciclados.\nSe voc\u00ea puder comprar algo no eBay, deve faz\u00ea-lo, pois estar\u00e1 reutilizando ou reaproveitando algo que, de outra forma, seria jogado fora. <\/p>\n<p><\/p><\/p>\n<p>\n\n<p>Leve utens\u00edlios de madeira quando voc\u00ea viajar.\nEsses s\u00e3o bons utens\u00edlios da Amazon porque n\u00e3o acionam detectores de metal no aeroporto, e voc\u00ea n\u00e3o precisar\u00e1 aceitar utens\u00edlios de pl\u00e1stico enquanto viaja no aeroporto. <\/p>\n<p><\/p><\/p>\n<p>\n\n<p>Esse kit tem quase tudo o que voc\u00ea precisa e custa menos de 20 euros.\nVoc\u00ea tamb\u00e9m pode considerar trazer seu pr\u00f3prio copo pequeno.\nBasta que voc\u00ea traga de casa uma <em>caneca de viagem ecol\u00f3gica<\/em>, que ser\u00e1 suficiente.  <\/p>\n<p><\/p><\/p>\n<p>\n\n<p>Algo como isso deve funcionar bem.<\/p>\n<p><\/p><\/p>\n<p>\n\n<p>Qualquer destino para o qual voc\u00ea v\u00e1 tamb\u00e9m deve ser levado em considera\u00e7\u00e3o.\nPergunte ao hotel ou resort para o qual voc\u00ea est\u00e1 viajando se eles t\u00eam programas de reciclagem, quais incentivos ecol\u00f3gicos est\u00e3o em andamento, se possuem alguma certifica\u00e7\u00e3o ou se fazem parte de alguma organiza\u00e7\u00e3o que apoia iniciativas locais ou ONGs. <\/p>\n<p><\/p><\/p>\n<p>\n\n<h4 class=\"wp-block-heading\">Durante o acampamento<\/h4>\n<p><\/p><\/p>\n<p>\n\n<p>O mesmo se aplica \u00e0 alimenta\u00e7\u00e3o e \u00e0s atividades que o acampamento (hotel ou resort, nesse caso) realiza enquanto voc\u00ea est\u00e1 hospedado.\nA comida \u00e9 de origem local?\n(No Les Elfes, quase todos os alimentos s\u00e3o locais ou su\u00ed\u00e7os).\nSe n\u00e3o, eles se esfor\u00e7am ativamente para obter ingredientes locais?\nAs atividades que eles recomendam s\u00e3o ecologicamente corretas?\nElas perturbam a flora e a fauna locais (por exemplo, fazer um passeio de quadriciclo por dunas de areia sens\u00edveis ao meio ambiente seria definitivamente um n\u00e3o-n\u00e3o ecol\u00f3gico).     <\/p>\n<p><\/p><\/p>\n<p>\n\n<p>Algumas coisas que voc\u00ea pode fazer ao sair do quarto do hotel, resort ou acampamento s\u00e3o: pendurar as toalhas para secar, desligar todas as luzes, fechar as cortinas, especialmente no ver\u00e3o, para manter o quarto fresco, e n\u00e3o usar os servi\u00e7os de lavanderia do hotel.\nOs servi\u00e7os de lavanderia dos hot\u00e9is s\u00e3o notoriamente desperdi\u00e7adores.\nEles n\u00e3o lavam os itens juntos (para que seus pertences n\u00e3o se misturem com os de outras pessoas) e lavam as toalhas todos os dias, mesmo que voc\u00ea s\u00f3 as tenha usado para secar as m\u00e3os uma vez.\nVoc\u00ea n\u00e3o faria isso em casa, portanto, seja sensato e solicite que as toalhas e o quarto n\u00e3o sejam tocados quando voc\u00ea sair para passar o dia.\nNormalmente, voc\u00ea pode simplesmente pegar o cart\u00e3o de n\u00e3o perturbe do hotel e pendur\u00e1-lo na ma\u00e7aneta da porta durante todo o tempo em que permanecer no hotel.\nAssim, voc\u00ea economizar\u00e1 todo o trabalho e os recursos de limpeza usados para limpar desnecessariamente seu quarto diariamente.     <\/p>\n<p><\/p><\/p>\n<p>\n\n<p>Quando voc\u00ea precisar comprar lembran\u00e7as para comemorar sua viagem, considere aquelas que s\u00e3o feitas \u00e0 m\u00e3o e, de prefer\u00eancia, que n\u00e3o tenham embalagem.\nIsso tamb\u00e9m vale para os itens aliment\u00edcios.\nPor exemplo, compre alimentos frescos, como p\u00e3o da padaria local ou carne do a\u00e7ougue, em vez de itens processados.\nIsso \u00e9 \u00f3bvio, e voc\u00ea tamb\u00e9m deve fazer isso em casa.\nSe voc\u00ea comprar um item novo, significa que ele est\u00e1 embrulhado em pl\u00e1stico e provavelmente foi importado de outro pa\u00eds, al\u00e9m de ter uma pegada de carbono muito maior do que um item feito e adquirido localmente.      <br\/>Respeite a cultura que voc\u00ea est\u00e1 visitando.\nEmbora isso possa parecer \u00f3bvio, voc\u00ea deve contratar guias locais ao visitar as montanhas, pois al\u00e9m de eles provavelmente conhecerem melhor a \u00e1rea, voc\u00ea tamb\u00e9m estar\u00e1 apoiando a comunidade que est\u00e1 visitando. <\/p>\n<p><\/p><\/p>\n<p>\n\n<h4 class=\"wp-block-heading\">Aprenda o idioma local!<\/h4>\n<p><\/p><\/p>\n<p>\n\n<p>Aprender o idioma local antes de voc\u00ea chegar e enquanto estiver hospedado \u00e9 um grande sinal de respeito por essa cultura.\nMesmo que voc\u00ea n\u00e3o consiga se tornar fluente antes de chegar, as comunidades locais apreciar\u00e3o o esfor\u00e7o adicional de tentar aprender o idioma local.\nNosso acampamento, por exemplo, oferece aprendizado intensivo de idiomas como parte dos programas de primavera, ver\u00e3o e inverno.\nUma grande vantagem de mandar seu filho para um acampamento como o Les Elfes, em Verbier, \u00e9 que, al\u00e9m de estarmos aderindo a uma experi\u00eancia ecologicamente correta, seu filho tamb\u00e9m estar\u00e1 aprendendo sobre as culturas su\u00ed\u00e7as locais e aprendendo e aprimorando seu franc\u00eas.\nVoc\u00ea deve saber pelo menos algumas das palavras mais b\u00e1sicas, como &#8211; <em>Por favor, posso comer, Obrigado, De nada. <\/em>Quanto mais voc\u00ea souber antes de vir, mais f\u00e1cil ser\u00e1 reter e realmente usar o idioma durante a sua estadia.    <\/p>\n<p><\/p><\/p>\n<p>\n\n<p>Essas s\u00e3o algumas de nossas melhores recomenda\u00e7\u00f5es, mas se voc\u00ea tiver outras d\u00favidas, ideias ou sugest\u00f5es, adorar\u00edamos ouvi-las.<\/p>\n<p><\/p><\/p>\n<p>\n\n<p>\u00a0<\/p>\n<p><\/p><\/p>\n","protected":false},"excerpt":{"rendered":"<p>Sempre nos fazem essa pergunta. Como podemos viajar ecologicamente para a Su\u00ed\u00e7a? N\u00e3o \u00e9 segredo que viajar, embora seja extremamente importante para nossos jovens de hoje em termos de ampliar&#8230;<\/p>\n","protected":false},"author":6,"featured_media":0,"comment_status":"closed","ping_status":"open","sticky":false,"template":"","format":"standard","meta":{"_acf_changed":false,"inline_featured_image":false,"footnotes":""},"categories":[1351],"tags":[],"class_list":{"0":"post-92640","1":"post","2":"type-post","3":"status-publish","4":"format-standard","6":"category-artigos-pt-br"},"acf":[],"yoast_head":"<!-- This site is optimized with the Yoast SEO Premium plugin v24.2 (Yoast SEO v24.7) - https:\/\/yoast.com\/wordpress\/plugins\/seo\/ -->\n<title>Viagem ecol\u00f3gica - Les Elfes International Camps Switzerland<\/title>\n<meta name=\"robots\" content=\"index, follow, max-snippet:-1, max-image-preview:large, max-video-preview:-1\" \/>\n<link rel=\"canonical\" href=\"https:\/\/www.leselfes.com\/pt-br\/viagem-ecologica\/\" \/>\n<meta property=\"og:locale\" content=\"pt_BR\" \/>\n<meta property=\"og:type\" content=\"article\" \/>\n<meta property=\"og:title\" content=\"Viagem ecol\u00f3gica\" \/>\n<meta property=\"og:description\" content=\"Sempre nos fazem essa pergunta. Como podemos viajar ecologicamente para a Su\u00ed\u00e7a? N\u00e3o \u00e9 segredo que viajar, embora seja extremamente importante para nossos jovens de hoje em termos de ampliar...\" \/>\n<meta property=\"og:url\" content=\"https:\/\/www.leselfes.com\/pt-br\/viagem-ecologica\/\" \/>\n<meta property=\"og:site_name\" content=\"Les Elfes International Camps Switzerland\" \/>\n<meta property=\"article:publisher\" content=\"https:\/\/www.facebook.com\/LesElfesVerbier\" \/>\n<meta property=\"article:published_time\" content=\"2019-03-26T08:57:20+00:00\" \/>\n<meta property=\"article:modified_time\" content=\"2024-11-12T11:25:40+00:00\" \/>\n<meta property=\"og:image\" content=\"https:\/\/www.leselfes.com\/wp-content\/uploads\/2022\/02\/Les-Elfes-International-summer-camp-Switzerland-Staff-Mobile-591x555-1.jpg\" \/>\n\t<meta property=\"og:image:width\" content=\"591\" \/>\n\t<meta property=\"og:image:height\" content=\"555\" \/>\n\t<meta property=\"og:image:type\" content=\"image\/jpeg\" \/>\n<meta name=\"author\" content=\"carlotta\" \/>\n<meta name=\"twitter:card\" content=\"summary_large_image\" \/>\n<meta name=\"twitter:creator\" content=\"@LesElfesCamps\" \/>\n<meta name=\"twitter:site\" content=\"@LesElfesCamps\" \/>\n<meta name=\"twitter:label1\" content=\"Escrito por\" \/>\n\t<meta name=\"twitter:data1\" content=\"carlotta\" \/>\n\t<meta name=\"twitter:label2\" content=\"Est. tempo de leitura\" \/>\n\t<meta name=\"twitter:data2\" content=\"8 minutos\" \/>\n<script type=\"application\/ld+json\" class=\"yoast-schema-graph\">{\"@context\":\"https:\/\/schema.org\",\"@graph\":[{\"@type\":\"Article\",\"@id\":\"https:\/\/www.leselfes.com\/pt-br\/viagem-ecologica\/#article\",\"isPartOf\":{\"@id\":\"https:\/\/www.leselfes.com\/pt-br\/viagem-ecologica\/\"},\"author\":{\"name\":\"carlotta\",\"@id\":\"https:\/\/dev.leselfes.com\/#\/schema\/person\/9e8c1c68ef43ed5c58fa46ac5d8ee338\"},\"headline\":\"Viagem ecol\u00f3gica\",\"datePublished\":\"2019-03-26T08:57:20+00:00\",\"dateModified\":\"2024-11-12T11:25:40+00:00\",\"mainEntityOfPage\":{\"@id\":\"https:\/\/www.leselfes.com\/pt-br\/viagem-ecologica\/\"},\"wordCount\":1575,\"publisher\":{\"@id\":\"https:\/\/dev.leselfes.com\/#organization\"},\"articleSection\":[\"Artigos\"],\"inLanguage\":\"pt-BR\"},{\"@type\":\"WebPage\",\"@id\":\"https:\/\/www.leselfes.com\/pt-br\/viagem-ecologica\/\",\"url\":\"https:\/\/www.leselfes.com\/pt-br\/viagem-ecologica\/\",\"name\":\"Viagem ecol\u00f3gica - Les Elfes International Camps Switzerland\",\"isPartOf\":{\"@id\":\"https:\/\/dev.leselfes.com\/#website\"},\"datePublished\":\"2019-03-26T08:57:20+00:00\",\"dateModified\":\"2024-11-12T11:25:40+00:00\",\"breadcrumb\":{\"@id\":\"https:\/\/www.leselfes.com\/pt-br\/viagem-ecologica\/#breadcrumb\"},\"inLanguage\":\"pt-BR\",\"potentialAction\":[{\"@type\":\"ReadAction\",\"target\":[\"https:\/\/www.leselfes.com\/pt-br\/viagem-ecologica\/\"]}]},{\"@type\":\"BreadcrumbList\",\"@id\":\"https:\/\/www.leselfes.com\/pt-br\/viagem-ecologica\/#breadcrumb\",\"itemListElement\":[{\"@type\":\"ListItem\",\"position\":1,\"name\":\"Home\",\"item\":\"https:\/\/www.leselfes.com\/pt-br\/\"},{\"@type\":\"ListItem\",\"position\":2,\"name\":\"Viagem ecol\u00f3gica\"}]},{\"@type\":\"WebSite\",\"@id\":\"https:\/\/dev.leselfes.com\/#website\",\"url\":\"https:\/\/dev.leselfes.com\/\",\"name\":\"Les Elfes International\",\"description\":\"Les Elfes International, Verbier Switzerland. Summer Camp, Winter Camp, Spring Camps.\",\"publisher\":{\"@id\":\"https:\/\/dev.leselfes.com\/#organization\"},\"alternateName\":\"Les Elfes International\",\"potentialAction\":[{\"@type\":\"SearchAction\",\"target\":{\"@type\":\"EntryPoint\",\"urlTemplate\":\"https:\/\/dev.leselfes.com\/?s={search_term_string}\"},\"query-input\":{\"@type\":\"PropertyValueSpecification\",\"valueRequired\":true,\"valueName\":\"search_term_string\"}}],\"inLanguage\":\"pt-BR\"},{\"@type\":\"Organization\",\"@id\":\"https:\/\/dev.leselfes.com\/#organization\",\"name\":\"Les Elfes International\",\"alternateName\":\"Les Elfes International\",\"url\":\"https:\/\/dev.leselfes.com\/\",\"logo\":{\"@type\":\"ImageObject\",\"inLanguage\":\"pt-BR\",\"@id\":\"https:\/\/dev.leselfes.com\/#\/schema\/logo\/image\/\",\"url\":\"https:\/\/www.leselfes.com\/wp-content\/uploads\/2022\/03\/leselfes-logo.png\",\"contentUrl\":\"https:\/\/www.leselfes.com\/wp-content\/uploads\/2022\/03\/leselfes-logo.png\",\"width\":233,\"height\":51,\"caption\":\"Les Elfes International\"},\"image\":{\"@id\":\"https:\/\/dev.leselfes.com\/#\/schema\/logo\/image\/\"},\"sameAs\":[\"https:\/\/www.facebook.com\/LesElfesVerbier\",\"https:\/\/x.com\/LesElfesCamps\",\"https:\/\/www.instagram.com\/leselfes\",\"https:\/\/www.linkedin.com\/company\/les-elfes-international\",\"https:\/\/www.youtube.com\/user\/LesElfesVerbier\"]},{\"@type\":\"Person\",\"@id\":\"https:\/\/dev.leselfes.com\/#\/schema\/person\/9e8c1c68ef43ed5c58fa46ac5d8ee338\",\"name\":\"carlotta\",\"image\":{\"@type\":\"ImageObject\",\"inLanguage\":\"pt-BR\",\"@id\":\"https:\/\/dev.leselfes.com\/#\/schema\/person\/image\/\",\"url\":\"https:\/\/secure.gravatar.com\/avatar\/fdb243a028df450397b3632d862f87f6?s=96&d=mm&r=g\",\"contentUrl\":\"https:\/\/secure.gravatar.com\/avatar\/fdb243a028df450397b3632d862f87f6?s=96&d=mm&r=g\",\"caption\":\"carlotta\"},\"description\":\"Since 1987, Les Elfes International organizes ski trips &amp; field trips for leading schools around the world as well as winter &amp; summer camps for individual students aged between 6 y.o. and 17 y.o. from more than 60 nationalities. Welcoming 5'000 children and more than 200 schools a year from December until the end of October, Les Elfes has become a leading provider in the individual and school\u2019s trip industry. Our Winter and Summer Camps, ski and field trips provide more than just great activities and experiences. We introduce lifelong skills such as communicating with others without phone or laptop and understanding the value of living in a community away from home. Moreover, campers will be able to build a strong friend network and fortify the relationship among future classmates.\",\"sameAs\":[\"https:\/\/www.linkedin.com\/company\/les-elfes-international\/\"],\"url\":\"https:\/\/www.leselfes.com\/pt-br\/author\/carlotta\/\"}]}<\/script>\n<!-- \/ Yoast SEO Premium plugin. -->","yoast_head_json":{"title":"Viagem ecol\u00f3gica - Les Elfes International Camps Switzerland","robots":{"index":"index","follow":"follow","max-snippet":"max-snippet:-1","max-image-preview":"max-image-preview:large","max-video-preview":"max-video-preview:-1"},"canonical":"https:\/\/www.leselfes.com\/pt-br\/viagem-ecologica\/","og_locale":"pt_BR","og_type":"article","og_title":"Viagem ecol\u00f3gica","og_description":"Sempre nos fazem essa pergunta. Como podemos viajar ecologicamente para a Su\u00ed\u00e7a? N\u00e3o \u00e9 segredo que viajar, embora seja extremamente importante para nossos jovens de hoje em termos de ampliar...","og_url":"https:\/\/www.leselfes.com\/pt-br\/viagem-ecologica\/","og_site_name":"Les Elfes International Camps Switzerland","article_publisher":"https:\/\/www.facebook.com\/LesElfesVerbier","article_published_time":"2019-03-26T08:57:20+00:00","article_modified_time":"2024-11-12T11:25:40+00:00","og_image":[{"width":591,"height":555,"url":"https:\/\/www.leselfes.com\/wp-content\/uploads\/2022\/02\/Les-Elfes-International-summer-camp-Switzerland-Staff-Mobile-591x555-1.jpg","type":"image\/jpeg"}],"author":"carlotta","twitter_card":"summary_large_image","twitter_creator":"@LesElfesCamps","twitter_site":"@LesElfesCamps","twitter_misc":{"Escrito por":"carlotta","Est. tempo de leitura":"8 minutos"},"schema":{"@context":"https:\/\/schema.org","@graph":[{"@type":"Article","@id":"https:\/\/www.leselfes.com\/pt-br\/viagem-ecologica\/#article","isPartOf":{"@id":"https:\/\/www.leselfes.com\/pt-br\/viagem-ecologica\/"},"author":{"name":"carlotta","@id":"https:\/\/dev.leselfes.com\/#\/schema\/person\/9e8c1c68ef43ed5c58fa46ac5d8ee338"},"headline":"Viagem ecol\u00f3gica","datePublished":"2019-03-26T08:57:20+00:00","dateModified":"2024-11-12T11:25:40+00:00","mainEntityOfPage":{"@id":"https:\/\/www.leselfes.com\/pt-br\/viagem-ecologica\/"},"wordCount":1575,"publisher":{"@id":"https:\/\/dev.leselfes.com\/#organization"},"articleSection":["Artigos"],"inLanguage":"pt-BR"},{"@type":"WebPage","@id":"https:\/\/www.leselfes.com\/pt-br\/viagem-ecologica\/","url":"https:\/\/www.leselfes.com\/pt-br\/viagem-ecologica\/","name":"Viagem ecol\u00f3gica - Les Elfes International Camps Switzerland","isPartOf":{"@id":"https:\/\/dev.leselfes.com\/#website"},"datePublished":"2019-03-26T08:57:20+00:00","dateModified":"2024-11-12T11:25:40+00:00","breadcrumb":{"@id":"https:\/\/www.leselfes.com\/pt-br\/viagem-ecologica\/#breadcrumb"},"inLanguage":"pt-BR","potentialAction":[{"@type":"ReadAction","target":["https:\/\/www.leselfes.com\/pt-br\/viagem-ecologica\/"]}]},{"@type":"BreadcrumbList","@id":"https:\/\/www.leselfes.com\/pt-br\/viagem-ecologica\/#breadcrumb","itemListElement":[{"@type":"ListItem","position":1,"name":"Home","item":"https:\/\/www.leselfes.com\/pt-br\/"},{"@type":"ListItem","position":2,"name":"Viagem ecol\u00f3gica"}]},{"@type":"WebSite","@id":"https:\/\/dev.leselfes.com\/#website","url":"https:\/\/dev.leselfes.com\/","name":"Les Elfes International","description":"Les Elfes International, Verbier Switzerland. Summer Camp, Winter Camp, Spring Camps.","publisher":{"@id":"https:\/\/dev.leselfes.com\/#organization"},"alternateName":"Les Elfes International","potentialAction":[{"@type":"SearchAction","target":{"@type":"EntryPoint","urlTemplate":"https:\/\/dev.leselfes.com\/?s={search_term_string}"},"query-input":{"@type":"PropertyValueSpecification","valueRequired":true,"valueName":"search_term_string"}}],"inLanguage":"pt-BR"},{"@type":"Organization","@id":"https:\/\/dev.leselfes.com\/#organization","name":"Les Elfes International","alternateName":"Les Elfes International","url":"https:\/\/dev.leselfes.com\/","logo":{"@type":"ImageObject","inLanguage":"pt-BR","@id":"https:\/\/dev.leselfes.com\/#\/schema\/logo\/image\/","url":"https:\/\/www.leselfes.com\/wp-content\/uploads\/2022\/03\/leselfes-logo.png","contentUrl":"https:\/\/www.leselfes.com\/wp-content\/uploads\/2022\/03\/leselfes-logo.png","width":233,"height":51,"caption":"Les Elfes International"},"image":{"@id":"https:\/\/dev.leselfes.com\/#\/schema\/logo\/image\/"},"sameAs":["https:\/\/www.facebook.com\/LesElfesVerbier","https:\/\/x.com\/LesElfesCamps","https:\/\/www.instagram.com\/leselfes","https:\/\/www.linkedin.com\/company\/les-elfes-international","https:\/\/www.youtube.com\/user\/LesElfesVerbier"]},{"@type":"Person","@id":"https:\/\/dev.leselfes.com\/#\/schema\/person\/9e8c1c68ef43ed5c58fa46ac5d8ee338","name":"carlotta","image":{"@type":"ImageObject","inLanguage":"pt-BR","@id":"https:\/\/dev.leselfes.com\/#\/schema\/person\/image\/","url":"https:\/\/secure.gravatar.com\/avatar\/fdb243a028df450397b3632d862f87f6?s=96&d=mm&r=g","contentUrl":"https:\/\/secure.gravatar.com\/avatar\/fdb243a028df450397b3632d862f87f6?s=96&d=mm&r=g","caption":"carlotta"},"description":"Since 1987, Les Elfes International organizes ski trips &amp; field trips for leading schools around the world as well as winter &amp; summer camps for individual students aged between 6 y.o. and 17 y.o. from more than 60 nationalities. Welcoming 5'000 children and more than 200 schools a year from December until the end of October, Les Elfes has become a leading provider in the individual and school\u2019s trip industry. Our Winter and Summer Camps, ski and field trips provide more than just great activities and experiences. We introduce lifelong skills such as communicating with others without phone or laptop and understanding the value of living in a community away from home. Moreover, campers will be able to build a strong friend network and fortify the relationship among future classmates.","sameAs":["https:\/\/www.linkedin.com\/company\/les-elfes-international\/"],"url":"https:\/\/www.leselfes.com\/pt-br\/author\/carlotta\/"}]}},"_links":{"self":[{"href":"https:\/\/www.leselfes.com\/pt-br\/wp-json\/wp\/v2\/posts\/92640"}],"collection":[{"href":"https:\/\/www.leselfes.com\/pt-br\/wp-json\/wp\/v2\/posts"}],"about":[{"href":"https:\/\/www.leselfes.com\/pt-br\/wp-json\/wp\/v2\/types\/post"}],"author":[{"embeddable":true,"href":"https:\/\/www.leselfes.com\/pt-br\/wp-json\/wp\/v2\/users\/6"}],"replies":[{"embeddable":true,"href":"https:\/\/www.leselfes.com\/pt-br\/wp-json\/wp\/v2\/comments?post=92640"}],"version-history":[{"count":0,"href":"https:\/\/www.leselfes.com\/pt-br\/wp-json\/wp\/v2\/posts\/92640\/revisions"}],"wp:attachment":[{"href":"https:\/\/www.leselfes.com\/pt-br\/wp-json\/wp\/v2\/media?parent=92640"}],"wp:term":[{"taxonomy":"category","embeddable":true,"href":"https:\/\/www.leselfes.com\/pt-br\/wp-json\/wp\/v2\/categories?post=92640"},{"taxonomy":"post_tag","embeddable":true,"href":"https:\/\/www.leselfes.com\/pt-br\/wp-json\/wp\/v2\/tags?post=92640"}],"curies":[{"name":"wp","href":"https:\/\/api.w.org\/{rel}","templated":true}]}}