{"id":93014,"date":"2020-04-29T16:19:28","date_gmt":"2020-04-29T14:19:28","guid":{"rendered":"https:\/\/www.leselfes.com\/atualizacao-da-colonia-de-ferias-em-meio-a-pandemia-do-coronavirus\/"},"modified":"2024-11-12T12:32:48","modified_gmt":"2024-11-12T11:32:48","slug":"atualizacao-da-colonia-de-ferias-em-meio-a-pandemia-do-coronavirus","status":"publish","type":"post","link":"https:\/\/www.leselfes.com\/pt-br\/atualizacao-da-colonia-de-ferias-em-meio-a-pandemia-do-coronavirus\/","title":{"rendered":"Atualiza\u00e7\u00e3o da col\u00f4nia de f\u00e9rias em meio \u00e0 pandemia do coronav\u00edrus"},"content":{"rendered":"&#13;\n<figure class=\"wp-block-image size-large\"><img loading=\"lazy\" decoding=\"async\" width=\"800\" height=\"479\" class=\"wp-image-42137\" src=\"https:\/\/www.leselfes.com\/wp-content\/uploads\/2020\/04\/the-Coronavirus-Pandemic.jpg\" alt=\"Pandemia de coronav&#xED;rus\" srcset=\"https:\/\/www.leselfes.com\/wp-content\/uploads\/2020\/04\/the-Coronavirus-Pandemic.jpg 800w, https:\/\/www.leselfes.com\/wp-content\/uploads\/2020\/04\/the-Coronavirus-Pandemic-300x180.jpg 300w, https:\/\/www.leselfes.com\/wp-content\/uploads\/2020\/04\/the-Coronavirus-Pandemic-768x460.jpg 768w, https:\/\/www.leselfes.com\/wp-content\/uploads\/2020\/04\/the-Coronavirus-Pandemic-320x192.jpg 320w, https:\/\/www.leselfes.com\/wp-content\/uploads\/2020\/04\/the-Coronavirus-Pandemic-640x383.jpg 640w, https:\/\/www.leselfes.com\/wp-content\/uploads\/2020\/04\/the-Coronavirus-Pandemic-360x216.jpg 360w, https:\/\/www.leselfes.com\/wp-content\/uploads\/2020\/04\/the-Coronavirus-Pandemic-720x431.jpg 720w\" sizes=\"(max-width: 800px) 100vw, 800px\" \/><\/figure>&#13;\n&#13;\n<p>Os casos de coronav\u00edrus t\u00eam aumentado rapidamente em todo o mundo. Na Su\u00ed\u00e7a, por exemplo, h\u00e1 atualmente 1.138 mortes entre 25.688 pessoas infectadas e 13.700 recupera\u00e7\u00f5es. O Conselho Federal tem incentivado os residentes a ficarem em casa e evitarem \u00e1reas p\u00fablicas.  <\/p>&#13;\n&#13;\n<p>Os entusiastas dos acampamentos, por outro lado, mal podem esperar pela volta da normalidade.\nContinue lendo para saber mais sobre a doen\u00e7a do coronav\u00edrus e uma atualiza\u00e7\u00e3o sobre acampamentos de ver\u00e3o.   <\/p>&#13;\n&#13;\n<h2 class=\"wp-block-heading\">Como obter ajuda<\/h2>&#13;\n&#13;\n<p>A linha de informa\u00e7\u00f5es sobre a Covid-19 na Su\u00ed\u00e7a \u00e9 +41 58 463 00 00 e est\u00e1 dispon\u00edvel 24 horas por dia.\nNo entanto, voc\u00ea sofrer\u00e1 atrasos antes de poder falar com um representante devido ao aumento do n\u00famero de chamadas.\nVamos dar uma olhada nas estat\u00edsticas mais recentes sobre o coronav\u00edrus na Su\u00ed\u00e7a.  <\/p>&#13;\n&#13;\n<h2 class=\"wp-block-heading\">A situa\u00e7\u00e3o do coronav\u00edrus na Su\u00ed\u00e7a<\/h2>&#13;\n&#13;\n<p>O primeiro caso de coronav\u00edrus na Su\u00ed\u00e7a foi relatado no dia 25 de fevereiro.\nTratava-se de um homem do cant\u00e3o de Ticino que havia viajado anteriormente para Mil\u00e3o.\nA primeira morte por coronav\u00edrus no pa\u00eds, relatada em 5 de mar\u00e7o, foi de uma mulher do cant\u00e3o de Vaud.\nNo entanto, a mulher j\u00e1 havia sofrido de uma doen\u00e7a cr\u00f4nica anteriormente.     <\/p>&#13;\n&#13;\n<h2 class=\"wp-block-heading\">Estat\u00edsticas sobre o coronav\u00edrus nos cant\u00f5es su\u00ed\u00e7os<\/h2>&#13;\n&#13;\n<p>O n\u00famero de mortes resultantes do coronav\u00edrus na Su\u00ed\u00e7a diminuiu de 30% para 15% desde o dia 20 de mar\u00e7o.\nOs cant\u00f5es mais afetados do pa\u00eds foram Ticino, Vaud, Genebra e Zurique.   <\/p>&#13;\n&#13;\n<h2 class=\"wp-block-heading\">\u00daltimas atualiza\u00e7\u00f5es sobre o coronav\u00edrus na Su\u00ed\u00e7a  <\/h2>&#13;\n&#13;\n<h3 class=\"wp-block-heading\">&#8211; 8 de abril<\/h3>&#13;\n&#13;\n<p>O governo su\u00ed\u00e7o estendeu as restri\u00e7\u00f5es introduzidas em 16 de mar\u00e7o para controlar a dissemina\u00e7\u00e3o da Covid-19 at\u00e9 26 de abril.\nNo entanto, algumas dessas restri\u00e7\u00f5es ser\u00e3o diminu\u00eddas gradualmente com o passar do tempo.\nAinda assim, as \u00e1reas onde essas medidas ser\u00e3o relaxadas ser\u00e3o apresentadas no dia 16 de abril.    <\/p>&#13;\n&#13;\n<h3 class=\"wp-block-heading\">&#8211; 3 de abril  <\/h3>&#13;\n&#13;\n<p>A Su\u00ed\u00e7a imp\u00f4s regras r\u00edgidas em uma tentativa de combater a pandemia do coronav\u00edrus. Por exemplo, uma grande porcentagem de funcion\u00e1rios agora est\u00e1 trabalhando em casa. Embora tenham relutado no in\u00edcio, agora est\u00e3o come\u00e7ando a apreciar as vantagens envolvidas.  <\/p>&#13;\n&#13;\n<p>\u00c9 prov\u00e1vel que muitos funcion\u00e1rios queiram continuar trabalhando em casa ap\u00f3s a pandemia.\nComo resultado, os empregadores precisam estar preparados para oferecer e aplicar oportunidades de trabalho on-line ap\u00f3s o fim da crise.   <\/p>&#13;\n&#13;\n<p>O ano letivo atual ser\u00e1 estendido?\nA CDIP (Confer\u00eancia Su\u00ed\u00e7a de Diretores Cantonais de Educa\u00e7\u00e3o P\u00fablica) concordou que esse n\u00e3o ser\u00e1 o caso.\nA organiza\u00e7\u00e3o disse ainda que as f\u00e9rias n\u00e3o ser\u00e3o substitu\u00eddas por aulas e que o calend\u00e1rio escolar permanecer\u00e1 como est\u00e1.    <\/p>&#13;\n&#13;\n<h3 class=\"wp-block-heading\">&#8211; 2 de abril  <\/h3>&#13;\n&#13;\n<p>Embora o n\u00famero de novos pacientes em estado cr\u00edtico tenha diminu\u00eddo, os pacientes que precisavam de cuidados intensivos aumentaram.\nOutra instala\u00e7\u00e3o de testes drive-in foi aberta no cant\u00e3o de Berna, em parceria com a Cruz Vermelha Su\u00ed\u00e7a. <\/p>&#13;\n&#13;\n<p>Dessa forma, as pessoas n\u00e3o precisar\u00e3o de receita m\u00e9dica para fazer o teste.\nNo entanto, voc\u00ea precisar\u00e1 preencher um question\u00e1rio on-line para obter uma multa.\nO exerc\u00edcio pode ser realizado enquanto voc\u00ea est\u00e1 sentado dentro do seu ve\u00edculo.\nEntre 200 e 300 testes ser\u00e3o realizados todos os dias nessa instala\u00e7\u00e3o.     <\/p>&#13;\n&#13;\n<h3 class=\"wp-block-heading\">&#8211; 1\u00ba de abril  <\/h3>&#13;\n&#13;\n<p>De acordo com a Cha\u00eene du Bonheur, foi feita uma doa\u00e7\u00e3o de 800.000 francos para a Ajuda Su\u00ed\u00e7a aos Trabalhadores.\nAs institui\u00e7\u00f5es internacionais e cantonais de prote\u00e7\u00e3o ao idoso tamb\u00e9m receberiam uma parte.\nEssa doa\u00e7\u00e3o foi \u00fatil para oferecer apoio \u00e0s fam\u00edlias que foram afetadas pela pandemia de Covid-19 na Su\u00ed\u00e7a.    <\/p>&#13;\n&#13;\n<h3 class=\"wp-block-heading\">&#8211; 26 de mar\u00e7o<\/h3>&#13;\n&#13;\n<p>Nessa data, os casos de coronav\u00edrus na Su\u00ed\u00e7a ultrapassaram 10.000.\nEm m\u00e9dia, o n\u00famero de indiv\u00edduos com teste positivo era de 52 anos.\nAt\u00e9 91.400 residentes haviam sido testados at\u00e9 essa data.\nDe todas as pessoas que foram testadas nesse dia, dez tiveram resultado positivo para o v\u00edrus.     <\/p>&#13;\n&#13;\n<h3 class=\"wp-block-heading\">&#8211; 25 de mar\u00e7o<\/h3>&#13;\n&#13;\n<p>A primeira unidade de testes de coronav\u00edrus drive-through da Su\u00ed\u00e7a foi inaugurada em Lucerna.\nPara fazer o teste aqui, as pessoas precisar\u00e3o de um encaminhamento de seu m\u00e9dico.\nO teste ser\u00e1 feito por meio de um cotonete bucal enquanto as pessoas estiverem sentadas em seus carros.\nA instala\u00e7\u00e3o realizar\u00e1 at\u00e9 10 testes por hora e os resultados estar\u00e3o prontos em um dia.\nO teste drive through ser\u00e1 feito na escola cantonal de Alpenquai.      <\/p>&#13;\n&#13;\n<h3 class=\"wp-block-heading\">&#8211; 24 de mar\u00e7o<\/h3>&#13;\n&#13;\n<p>Naquele dia, o cant\u00e3o de Ticino tinha mais de 1.000 casos confirmados de coronav\u00edrus entre os 8.700 do pa\u00eds.\nIsso colocou a Su\u00ed\u00e7a em segundo lugar entre os pa\u00edses com o maior n\u00famero de casos de Covid-19. <\/p>&#13;\n&#13;\n<p>O chefe de gerenciamento de crises do pa\u00eds, Patrick Mathys, anunciou que o pa\u00eds estava realizando at\u00e9 8.000 testes por dia.\nAt\u00e9 o dia de hoje, 71.000 pessoas haviam testado negativo.   <\/p>&#13;\n&#13;\n<h3 class=\"wp-block-heading\">&#8211; 23 de mar\u00e7o<\/h3>&#13;\n&#13;\n<p>Nesse dia, mais de 800 pessoas testaram positivo para a doen\u00e7a do coronav\u00edrus. Houve mais de 100 mortes. Ainda assim, os representantes disseram que a situa\u00e7\u00e3o ainda n\u00e3o havia atingido n\u00edveis alarmantes. No entanto, a SAMW (Academia Su\u00ed\u00e7a de Ci\u00eancias M\u00e9dicas) confirmou que seria essencial decidir sobre o racionamento.   <\/p>&#13;\n&#13;\n<p>Thierry Fumeau, presidente da SSICM<a href=\"https:\/\/imk.ch\/en\/detail-references\/the-swiss-society-of-intensive-care-medicine-ssicm.html\">(Sociedade Su\u00ed\u00e7a de Medicina Intensiva<\/a>), disse que os pacientes com grande chance de recupera\u00e7\u00e3o seriam priorizados. Para determinar isso, as autoridades estariam considerando quaisquer condi\u00e7\u00f5es de sa\u00fade pr\u00e9-existentes e n\u00e3o apenas a idade.   <\/p>&#13;\n&#13;\n<h3 class=\"wp-block-heading\">&#8211; 22 de mar\u00e7o<\/h3>&#13;\n&#13;\n<p>Nesse dia, foram registrados mais de 900 casos de coronav\u00edrus.\nIsso aumentou o n\u00famero de casos confirmados de coronav\u00edrus no pa\u00eds para 7.014. <\/p>&#13;\n&#13;\n<p>N\u00e3o houve registro de fatalidades.\nAs autoridades su\u00ed\u00e7as disseram que o pa\u00eds estava lutando contra a escassez de kits de teste.\nO r\u00e1pido crescimento da Covid-19 for\u00e7ou os representantes a chamar v\u00e1rios reservistas do ex\u00e9rcito para ajudar a mobilizar mais de 8.000 funcion\u00e1rios do hospital.    <\/p>&#13;\n&#13;\n<h3 class=\"wp-block-heading\">&#8211; 21 de mar\u00e7o<\/h3>&#13;\n&#13;\n<p>Mais de 1.273 casos de coronav\u00edrus e 18 novas mortes foram registrados nesse dia.\nIsso aumentou o n\u00famero de casos em at\u00e9 25% em um \u00fanico dia.   <\/p>&#13;\n&#13;\n<h3 class=\"wp-block-heading\">&#8211; 20 de mar\u00e7o<\/h3>&#13;\n&#13;\n<p>Daniel Koch, do departamento de sa\u00fade, disse que os hospitais do cant\u00e3o de Ticino, que faz fronteira com a It\u00e1lia, estavam ficando sobrecarregados com pacientes infectados.\nO governo su\u00ed\u00e7o divulgou v\u00e1rias medidas para reduzir os efeitos do coronav\u00edrus. <\/p>&#13;\n&#13;\n<p>Isso envolveu a proibi\u00e7\u00e3o de reuni\u00f5es de grupos de mais de cinco pessoas em \u00e1reas p\u00fablicas.\nAl\u00e9m disso, as lojas on-line do pa\u00eds estariam entregando mantimentos durante o fim de semana.\nBerset, ministro do Interior da Su\u00ed\u00e7a, declarou que 32 bilh\u00f5es de francos estariam dispon\u00edveis para apoiar as pessoas afetadas pela Covid-19.    <\/p>&#13;\n&#13;\n<h2 class=\"wp-block-heading\">Quanto tempo falta para os acampamentos de ver\u00e3o come\u00e7arem a funcionar?<\/h2>&#13;\n&#13;\n<p>No momento, tudo parece incerto. As coisas est\u00e3o mudando em todo o mundo e as pessoas fazem ajustes todos os dias. Al\u00e9m de lidar com as flutua\u00e7\u00f5es econ\u00f4micas e cuidar dos doentes, voc\u00ea n\u00e3o pode mais comemorar com os amigos.  <\/p>&#13;\n&#13;\n<p>As coisas mudaram e, embora n\u00e3o possamos determinar quando a normalidade voltar\u00e1, s\u00f3 podemos esperar que seja em breve.\nEnquanto o mundo espera, muitas pessoas se adaptaram a fazer algumas coisas de forma diferente. <\/p>&#13;\n&#13;\n<p>Por exemplo, algumas pessoas est\u00e3o realizando reuni\u00f5es e refei\u00e7\u00f5es virtuais com seus amigos por meio de dispositivos m\u00f3veis e laptops. Isso nos leva \u00e0 nossa <a href=\"https:\/\/www.sullivanhills.org\/post\/coronavirus-covid-19-update-summer-camp-2020\">atualiza\u00e7\u00e3o sobre os acampamentos de ver\u00e3o<\/a>. Os funcion\u00e1rios da Les Elfes est\u00e3o empenhados em garantir que os acampamentos de ver\u00e3o estejam prontos quando chegar a hora de acampar novamente.  <\/p>&#13;\n&#13;\n<p>No momento, eles est\u00e3o monitorando a reviravolta dos acontecimentos e, em breve, divulgar\u00e3o um relat\u00f3rio atualizado sobre o caminho a seguir.\nAinda assim, tanto os organizadores de acampamentos de ver\u00e3o quanto os pais precisam pensar em v\u00e1rios fatores. <\/p>&#13;\n&#13;\n<p>Por exemplo, o governo substituir\u00e1 as f\u00e9rias de ver\u00e3o pelo aprendizado agora que as escolas j\u00e1 est\u00e3o fechadas?\nE quanto aos alunos?\nEles ficar\u00e3o empolgados com as viagens para os acampamentos de ver\u00e3o?\nH\u00e1 muitas perguntas para as quais talvez n\u00e3o tenhamos respostas no momento.     <\/p>&#13;\n&#13;\n<h2 class=\"wp-block-heading\">O que Les Elfes est\u00e1 fazendo?<\/h2>&#13;\n&#13;\n<p>Com reuni\u00f5es e eventos sendo remarcados ou adiados, os pais n\u00e3o est\u00e3o dispostos a reservar <a href=\"https:\/\/www.leselfes.com\/pt-br\/?page_id=89241\">acampamentos de ver\u00e3o<\/a> com anteced\u00eancia. Supondo que voc\u00ea j\u00e1 tenha reservado seu acampamento de ver\u00e3o, mas n\u00e3o possa comparecer devido \u00e0 pandemia em curso, n\u00e3o se preocupe. Isso ocorre porque a Les Elfes eliminou as taxas de cancelamento, o que significa que voc\u00ea n\u00e3o sofrer\u00e1 perdas.  <\/p>&#13;\n&#13;\n<p>Agora que todos est\u00e3o cautelosos em rela\u00e7\u00e3o a qualquer compromisso no momento, a Les Elfes est\u00e1 fazendo todo o poss\u00edvel para manter a flexibilidade.\nVoc\u00ea ainda poder\u00e1 comparecer quando a situa\u00e7\u00e3o se estabilizar sem ser penalizado. <\/p>&#13;\n&#13;\n<p>As fam\u00edlias e escolas tamb\u00e9m podem optar por receber um voucher de cr\u00e9dito no valor total pago pela viagem.\nAl\u00e9m disso, voc\u00ea receber\u00e1 um desconto de 10% ao reservar sua viagem para o acampamento de ver\u00e3o com anteced\u00eancia.   <\/p>&#13;\n&#13;\n<h2 class=\"wp-block-heading\">A sa\u00fade e a seguran\u00e7a dos campistas<\/h2>&#13;\n&#13;\n<figure class=\"wp-block-image size-large\"><img loading=\"lazy\" decoding=\"async\" width=\"960\" height=\"544\" class=\"wp-image-38032\" src=\"https:\/\/www.leselfes.com\/wp-content\/uploads\/2020\/04\/clean.jpg\" alt=\"limpo\" srcset=\"https:\/\/www.leselfes.com\/wp-content\/uploads\/2020\/04\/clean.jpg 960w, https:\/\/www.leselfes.com\/wp-content\/uploads\/2020\/04\/clean-300x170.jpg 300w, https:\/\/www.leselfes.com\/wp-content\/uploads\/2020\/04\/clean-768x435.jpg 768w\" sizes=\"(max-width: 960px) 100vw, 960px\" \/><\/figure>&#13;\n&#13;\n<p>A OMS (Organiza\u00e7\u00e3o Mundial da Sa\u00fade) e o CDC (Centro de Controle de Doen\u00e7as) recomendaram o distanciamento social como uma forma de conter a dissemina\u00e7\u00e3o da Covid-19.\nMuitos pais se preocupam com a sa\u00fade e a seguran\u00e7a de seus filhos durante o acampamento. <\/p>&#13;\n&#13;\n<p>Ap\u00f3s essa pandemia, os pais aumentar\u00e3o suas expectativas quando a normalidade voltar. As autoridades do acampamento Les Elfes t\u00eam se empenhado em manter altos padr\u00f5es de seguran\u00e7a e sa\u00fade. Em seus anos de exist\u00eancia, <a href=\"https:\/\/www.leselfes.com\/pt-br\/?page_id=91448\">Les Elfes<\/a> tem estrat\u00e9gias para lidar com uma doen\u00e7a infecciosa.  <\/p>&#13;\n&#13;\n<p>Isso explica por que o acampamento de ver\u00e3o conseguiu lidar com v\u00e1rios surtos, como H1N1 e SARS.\nIsso foi poss\u00edvel gra\u00e7as \u00e0 pr\u00e1tica de h\u00e1bitos de higiene adequados e \u00e0 desinfec\u00e7\u00e3o de superf\u00edcies tocadas com frequ\u00eancia. <\/p>&#13;\n&#13;\n<p>A lavagem cuidadosa e frequente das m\u00e3os tamb\u00e9m foi recomendada como uma medida preventiva adequada para o coronav\u00edrus.  <\/p>&#13;\n&#13;\n<h2 class=\"wp-block-heading\">Como as crian\u00e7as que j\u00e1 tiveram Covid-19 se beneficiar\u00e3o dos acampamentos de ver\u00e3o?<\/h2>&#13;\n&#13;\n<p>Quando as crian\u00e7as interagem com seus colegas, elas entendem que n\u00e3o est\u00e3o sozinhas.\nOs acampamentos oferecem \u00e0s crian\u00e7as um ambiente amplo onde elas podem se envolver em v\u00e1rias atividades divertidas. <\/p>&#13;\n&#13;\n<p>As crian\u00e7as aprender\u00e3o novas habilidades e aperfei\u00e7oar\u00e3o seus conhecimentos j\u00e1 existentes.\nAl\u00e9m disso, elas ser\u00e3o expostas a desafios que as ajudar\u00e3o a se recuperar do trauma de sofrer com a Covid-19. <\/p>&#13;\n&#13;\n<p>Ao participar de viagens de acampamento, as crian\u00e7as aprendem uma s\u00e9rie de atividades que podem ajud\u00e1-las em suas vidas futuras.\nElas tamb\u00e9m ganham confian\u00e7a em si mesmas.   <\/p>&#13;\n&#13;\n<h2 class=\"wp-block-heading\">Finalmente  <\/h2>&#13;\n&#13;\n<p>O mundo est\u00e1 parado no momento, pois a luta contra a pandemia do coronav\u00edrus continua.\nEsperamos que a normalidade volte logo.\nO bom \u00e9 que voc\u00ea ainda pode reservar um acampamento <a href=\"\">de f\u00e9rias de ver\u00e3o para seu filho<\/a> com anteced\u00eancia.  <\/p>&#13;\n&#13;\n<p> <a href=\"https:\/\/www.leselfes.com\/pt-br\/?page_id=89303\">Registre-se<\/a> conosco hoje e receba alertas sempre que houver alguma altera\u00e7\u00e3o.  <\/p>&#13;\n","protected":false},"excerpt":{"rendered":"<p>&#13; Os casos de coronav\u00edrus t\u00eam aumentado rapidamente em todo o mundo. Na Su\u00ed\u00e7a, por exemplo, h\u00e1 atualmente 1.138 mortes entre 25.688 pessoas infectadas e 13.700 recupera\u00e7\u00f5es. O Conselho Federal&#8230;<\/p>\n","protected":false},"author":1,"featured_media":72896,"comment_status":"closed","ping_status":"open","sticky":false,"template":"","format":"standard","meta":{"_acf_changed":false,"inline_featured_image":false,"footnotes":""},"categories":[1369,1351],"tags":[1778],"class_list":{"0":"post-93014","1":"post","2":"type-post","3":"status-publish","4":"format-standard","5":"has-post-thumbnail","7":"category-acampamento-de-verao-pt-br","8":"category-artigos-pt-br","9":"tag-atualizacao-da-colonia-de-ferias"},"acf":[],"yoast_head":"<!-- This site is optimized with the Yoast SEO Premium plugin v24.2 (Yoast SEO v24.7) - https:\/\/yoast.com\/wordpress\/plugins\/seo\/ -->\n<title>Atualiza\u00e7\u00e3o da col\u00f4nia de f\u00e9rias em meio \u00e0 pandemia do coronav\u00edrus - Les Elfes International Camps Switzerland<\/title>\n<meta name=\"robots\" content=\"index, follow, max-snippet:-1, max-image-preview:large, max-video-preview:-1\" \/>\n<link rel=\"canonical\" href=\"https:\/\/www.leselfes.com\/pt-br\/atualizacao-da-colonia-de-ferias-em-meio-a-pandemia-do-coronavirus\/\" \/>\n<meta property=\"og:locale\" content=\"pt_BR\" \/>\n<meta property=\"og:type\" content=\"article\" \/>\n<meta property=\"og:title\" content=\"Atualiza\u00e7\u00e3o da col\u00f4nia de f\u00e9rias em meio \u00e0 pandemia do coronav\u00edrus\" \/>\n<meta property=\"og:description\" content=\"&#013; Os casos de coronav\u00edrus t\u00eam aumentado rapidamente em todo o mundo. Na Su\u00ed\u00e7a, por exemplo, h\u00e1 atualmente 1.138 mortes entre 25.688 pessoas infectadas e 13.700 recupera\u00e7\u00f5es. O Conselho Federal...\" \/>\n<meta property=\"og:url\" content=\"https:\/\/www.leselfes.com\/pt-br\/atualizacao-da-colonia-de-ferias-em-meio-a-pandemia-do-coronavirus\/\" \/>\n<meta property=\"og:site_name\" content=\"Les Elfes International Camps Switzerland\" \/>\n<meta property=\"article:publisher\" content=\"https:\/\/www.facebook.com\/LesElfesVerbier\" \/>\n<meta property=\"article:published_time\" content=\"2020-04-29T14:19:28+00:00\" \/>\n<meta property=\"article:modified_time\" content=\"2024-11-12T11:32:48+00:00\" \/>\n<meta property=\"og:image\" content=\"https:\/\/dev.leselfes.com\/wp-content\/uploads\/2020\/04\/covid-19-5048229_960_720.jpg\" \/>\n\t<meta property=\"og:image:width\" content=\"960\" \/>\n\t<meta property=\"og:image:height\" content=\"652\" \/>\n\t<meta property=\"og:image:type\" content=\"image\/jpeg\" \/>\n<meta name=\"author\" content=\"lesadmin\" \/>\n<meta name=\"twitter:card\" content=\"summary_large_image\" \/>\n<meta name=\"twitter:creator\" content=\"@LesElfesCamps\" \/>\n<meta name=\"twitter:site\" content=\"@LesElfesCamps\" \/>\n<meta name=\"twitter:label1\" content=\"Escrito por\" \/>\n\t<meta name=\"twitter:data1\" content=\"lesadmin\" \/>\n\t<meta name=\"twitter:label2\" content=\"Est. tempo de leitura\" \/>\n\t<meta name=\"twitter:data2\" content=\"10 minutos\" \/>\n<script type=\"application\/ld+json\" class=\"yoast-schema-graph\">{\"@context\":\"https:\/\/schema.org\",\"@graph\":[{\"@type\":\"Article\",\"@id\":\"https:\/\/www.leselfes.com\/pt-br\/atualizacao-da-colonia-de-ferias-em-meio-a-pandemia-do-coronavirus\/#article\",\"isPartOf\":{\"@id\":\"https:\/\/www.leselfes.com\/pt-br\/atualizacao-da-colonia-de-ferias-em-meio-a-pandemia-do-coronavirus\/\"},\"author\":{\"name\":\"lesadmin\",\"@id\":\"https:\/\/dev.leselfes.com\/#\/schema\/person\/407a229698868b8c603874b19f37f289\"},\"headline\":\"Atualiza\u00e7\u00e3o da col\u00f4nia de f\u00e9rias em meio \u00e0 pandemia do coronav\u00edrus\",\"datePublished\":\"2020-04-29T14:19:28+00:00\",\"dateModified\":\"2024-11-12T11:32:48+00:00\",\"mainEntityOfPage\":{\"@id\":\"https:\/\/www.leselfes.com\/pt-br\/atualizacao-da-colonia-de-ferias-em-meio-a-pandemia-do-coronavirus\/\"},\"wordCount\":1939,\"publisher\":{\"@id\":\"https:\/\/dev.leselfes.com\/#organization\"},\"image\":{\"@id\":\"https:\/\/www.leselfes.com\/pt-br\/atualizacao-da-colonia-de-ferias-em-meio-a-pandemia-do-coronavirus\/#primaryimage\"},\"thumbnailUrl\":\"https:\/\/www.leselfes.com\/wp-content\/uploads\/2020\/04\/covid-19-5048229_960_720.jpg\",\"keywords\":[\"Atualiza\u00e7\u00e3o da col\u00f4nia de f\u00e9rias\"],\"articleSection\":[\"Acampamento de ver\u00e3o\",\"Artigos\"],\"inLanguage\":\"pt-BR\"},{\"@type\":\"WebPage\",\"@id\":\"https:\/\/www.leselfes.com\/pt-br\/atualizacao-da-colonia-de-ferias-em-meio-a-pandemia-do-coronavirus\/\",\"url\":\"https:\/\/www.leselfes.com\/pt-br\/atualizacao-da-colonia-de-ferias-em-meio-a-pandemia-do-coronavirus\/\",\"name\":\"Atualiza\u00e7\u00e3o da col\u00f4nia de f\u00e9rias em meio \u00e0 pandemia do coronav\u00edrus - Les Elfes International Camps Switzerland\",\"isPartOf\":{\"@id\":\"https:\/\/dev.leselfes.com\/#website\"},\"primaryImageOfPage\":{\"@id\":\"https:\/\/www.leselfes.com\/pt-br\/atualizacao-da-colonia-de-ferias-em-meio-a-pandemia-do-coronavirus\/#primaryimage\"},\"image\":{\"@id\":\"https:\/\/www.leselfes.com\/pt-br\/atualizacao-da-colonia-de-ferias-em-meio-a-pandemia-do-coronavirus\/#primaryimage\"},\"thumbnailUrl\":\"https:\/\/www.leselfes.com\/wp-content\/uploads\/2020\/04\/covid-19-5048229_960_720.jpg\",\"datePublished\":\"2020-04-29T14:19:28+00:00\",\"dateModified\":\"2024-11-12T11:32:48+00:00\",\"breadcrumb\":{\"@id\":\"https:\/\/www.leselfes.com\/pt-br\/atualizacao-da-colonia-de-ferias-em-meio-a-pandemia-do-coronavirus\/#breadcrumb\"},\"inLanguage\":\"pt-BR\",\"potentialAction\":[{\"@type\":\"ReadAction\",\"target\":[\"https:\/\/www.leselfes.com\/pt-br\/atualizacao-da-colonia-de-ferias-em-meio-a-pandemia-do-coronavirus\/\"]}]},{\"@type\":\"ImageObject\",\"inLanguage\":\"pt-BR\",\"@id\":\"https:\/\/www.leselfes.com\/pt-br\/atualizacao-da-colonia-de-ferias-em-meio-a-pandemia-do-coronavirus\/#primaryimage\",\"url\":\"https:\/\/www.leselfes.com\/wp-content\/uploads\/2020\/04\/covid-19-5048229_960_720.jpg\",\"contentUrl\":\"https:\/\/www.leselfes.com\/wp-content\/uploads\/2020\/04\/covid-19-5048229_960_720.jpg\",\"width\":960,\"height\":652},{\"@type\":\"BreadcrumbList\",\"@id\":\"https:\/\/www.leselfes.com\/pt-br\/atualizacao-da-colonia-de-ferias-em-meio-a-pandemia-do-coronavirus\/#breadcrumb\",\"itemListElement\":[{\"@type\":\"ListItem\",\"position\":1,\"name\":\"Home\",\"item\":\"https:\/\/www.leselfes.com\/pt-br\/\"},{\"@type\":\"ListItem\",\"position\":2,\"name\":\"Atualiza\u00e7\u00e3o da col\u00f4nia de f\u00e9rias em meio \u00e0 pandemia do coronav\u00edrus\"}]},{\"@type\":\"WebSite\",\"@id\":\"https:\/\/dev.leselfes.com\/#website\",\"url\":\"https:\/\/dev.leselfes.com\/\",\"name\":\"Les Elfes International\",\"description\":\"Les Elfes International, Verbier Switzerland. Summer Camp, Winter Camp, Spring Camps.\",\"publisher\":{\"@id\":\"https:\/\/dev.leselfes.com\/#organization\"},\"alternateName\":\"Les Elfes International\",\"potentialAction\":[{\"@type\":\"SearchAction\",\"target\":{\"@type\":\"EntryPoint\",\"urlTemplate\":\"https:\/\/dev.leselfes.com\/?s={search_term_string}\"},\"query-input\":{\"@type\":\"PropertyValueSpecification\",\"valueRequired\":true,\"valueName\":\"search_term_string\"}}],\"inLanguage\":\"pt-BR\"},{\"@type\":\"Organization\",\"@id\":\"https:\/\/dev.leselfes.com\/#organization\",\"name\":\"Les Elfes International\",\"alternateName\":\"Les Elfes International\",\"url\":\"https:\/\/dev.leselfes.com\/\",\"logo\":{\"@type\":\"ImageObject\",\"inLanguage\":\"pt-BR\",\"@id\":\"https:\/\/dev.leselfes.com\/#\/schema\/logo\/image\/\",\"url\":\"https:\/\/www.leselfes.com\/wp-content\/uploads\/2022\/03\/leselfes-logo.png\",\"contentUrl\":\"https:\/\/www.leselfes.com\/wp-content\/uploads\/2022\/03\/leselfes-logo.png\",\"width\":233,\"height\":51,\"caption\":\"Les Elfes International\"},\"image\":{\"@id\":\"https:\/\/dev.leselfes.com\/#\/schema\/logo\/image\/\"},\"sameAs\":[\"https:\/\/www.facebook.com\/LesElfesVerbier\",\"https:\/\/x.com\/LesElfesCamps\",\"https:\/\/www.instagram.com\/leselfes\",\"https:\/\/www.linkedin.com\/company\/les-elfes-international\",\"https:\/\/www.youtube.com\/user\/LesElfesVerbier\"]},{\"@type\":\"Person\",\"@id\":\"https:\/\/dev.leselfes.com\/#\/schema\/person\/407a229698868b8c603874b19f37f289\",\"name\":\"lesadmin\",\"image\":{\"@type\":\"ImageObject\",\"inLanguage\":\"pt-BR\",\"@id\":\"https:\/\/dev.leselfes.com\/#\/schema\/person\/image\/\",\"url\":\"https:\/\/secure.gravatar.com\/avatar\/fdb243a028df450397b3632d862f87f6?s=96&d=mm&r=g\",\"contentUrl\":\"https:\/\/secure.gravatar.com\/avatar\/fdb243a028df450397b3632d862f87f6?s=96&d=mm&r=g\",\"caption\":\"lesadmin\"},\"url\":\"https:\/\/www.leselfes.com\/pt-br\/author\/lesadmin\/\"}]}<\/script>\n<!-- \/ Yoast SEO Premium plugin. -->","yoast_head_json":{"title":"Atualiza\u00e7\u00e3o da col\u00f4nia de f\u00e9rias em meio \u00e0 pandemia do coronav\u00edrus - Les Elfes International Camps Switzerland","robots":{"index":"index","follow":"follow","max-snippet":"max-snippet:-1","max-image-preview":"max-image-preview:large","max-video-preview":"max-video-preview:-1"},"canonical":"https:\/\/www.leselfes.com\/pt-br\/atualizacao-da-colonia-de-ferias-em-meio-a-pandemia-do-coronavirus\/","og_locale":"pt_BR","og_type":"article","og_title":"Atualiza\u00e7\u00e3o da col\u00f4nia de f\u00e9rias em meio \u00e0 pandemia do coronav\u00edrus","og_description":"&#13; Os casos de coronav\u00edrus t\u00eam aumentado rapidamente em todo o mundo. Na Su\u00ed\u00e7a, por exemplo, h\u00e1 atualmente 1.138 mortes entre 25.688 pessoas infectadas e 13.700 recupera\u00e7\u00f5es. O Conselho Federal...","og_url":"https:\/\/www.leselfes.com\/pt-br\/atualizacao-da-colonia-de-ferias-em-meio-a-pandemia-do-coronavirus\/","og_site_name":"Les Elfes International Camps Switzerland","article_publisher":"https:\/\/www.facebook.com\/LesElfesVerbier","article_published_time":"2020-04-29T14:19:28+00:00","article_modified_time":"2024-11-12T11:32:48+00:00","og_image":[{"width":960,"height":652,"url":"https:\/\/dev.leselfes.com\/wp-content\/uploads\/2020\/04\/covid-19-5048229_960_720.jpg","type":"image\/jpeg"}],"author":"lesadmin","twitter_card":"summary_large_image","twitter_creator":"@LesElfesCamps","twitter_site":"@LesElfesCamps","twitter_misc":{"Escrito por":"lesadmin","Est. tempo de leitura":"10 minutos"},"schema":{"@context":"https:\/\/schema.org","@graph":[{"@type":"Article","@id":"https:\/\/www.leselfes.com\/pt-br\/atualizacao-da-colonia-de-ferias-em-meio-a-pandemia-do-coronavirus\/#article","isPartOf":{"@id":"https:\/\/www.leselfes.com\/pt-br\/atualizacao-da-colonia-de-ferias-em-meio-a-pandemia-do-coronavirus\/"},"author":{"name":"lesadmin","@id":"https:\/\/dev.leselfes.com\/#\/schema\/person\/407a229698868b8c603874b19f37f289"},"headline":"Atualiza\u00e7\u00e3o da col\u00f4nia de f\u00e9rias em meio \u00e0 pandemia do coronav\u00edrus","datePublished":"2020-04-29T14:19:28+00:00","dateModified":"2024-11-12T11:32:48+00:00","mainEntityOfPage":{"@id":"https:\/\/www.leselfes.com\/pt-br\/atualizacao-da-colonia-de-ferias-em-meio-a-pandemia-do-coronavirus\/"},"wordCount":1939,"publisher":{"@id":"https:\/\/dev.leselfes.com\/#organization"},"image":{"@id":"https:\/\/www.leselfes.com\/pt-br\/atualizacao-da-colonia-de-ferias-em-meio-a-pandemia-do-coronavirus\/#primaryimage"},"thumbnailUrl":"https:\/\/www.leselfes.com\/wp-content\/uploads\/2020\/04\/covid-19-5048229_960_720.jpg","keywords":["Atualiza\u00e7\u00e3o da col\u00f4nia de f\u00e9rias"],"articleSection":["Acampamento de ver\u00e3o","Artigos"],"inLanguage":"pt-BR"},{"@type":"WebPage","@id":"https:\/\/www.leselfes.com\/pt-br\/atualizacao-da-colonia-de-ferias-em-meio-a-pandemia-do-coronavirus\/","url":"https:\/\/www.leselfes.com\/pt-br\/atualizacao-da-colonia-de-ferias-em-meio-a-pandemia-do-coronavirus\/","name":"Atualiza\u00e7\u00e3o da col\u00f4nia de f\u00e9rias em meio \u00e0 pandemia do coronav\u00edrus - Les Elfes International Camps Switzerland","isPartOf":{"@id":"https:\/\/dev.leselfes.com\/#website"},"primaryImageOfPage":{"@id":"https:\/\/www.leselfes.com\/pt-br\/atualizacao-da-colonia-de-ferias-em-meio-a-pandemia-do-coronavirus\/#primaryimage"},"image":{"@id":"https:\/\/www.leselfes.com\/pt-br\/atualizacao-da-colonia-de-ferias-em-meio-a-pandemia-do-coronavirus\/#primaryimage"},"thumbnailUrl":"https:\/\/www.leselfes.com\/wp-content\/uploads\/2020\/04\/covid-19-5048229_960_720.jpg","datePublished":"2020-04-29T14:19:28+00:00","dateModified":"2024-11-12T11:32:48+00:00","breadcrumb":{"@id":"https:\/\/www.leselfes.com\/pt-br\/atualizacao-da-colonia-de-ferias-em-meio-a-pandemia-do-coronavirus\/#breadcrumb"},"inLanguage":"pt-BR","potentialAction":[{"@type":"ReadAction","target":["https:\/\/www.leselfes.com\/pt-br\/atualizacao-da-colonia-de-ferias-em-meio-a-pandemia-do-coronavirus\/"]}]},{"@type":"ImageObject","inLanguage":"pt-BR","@id":"https:\/\/www.leselfes.com\/pt-br\/atualizacao-da-colonia-de-ferias-em-meio-a-pandemia-do-coronavirus\/#primaryimage","url":"https:\/\/www.leselfes.com\/wp-content\/uploads\/2020\/04\/covid-19-5048229_960_720.jpg","contentUrl":"https:\/\/www.leselfes.com\/wp-content\/uploads\/2020\/04\/covid-19-5048229_960_720.jpg","width":960,"height":652},{"@type":"BreadcrumbList","@id":"https:\/\/www.leselfes.com\/pt-br\/atualizacao-da-colonia-de-ferias-em-meio-a-pandemia-do-coronavirus\/#breadcrumb","itemListElement":[{"@type":"ListItem","position":1,"name":"Home","item":"https:\/\/www.leselfes.com\/pt-br\/"},{"@type":"ListItem","position":2,"name":"Atualiza\u00e7\u00e3o da col\u00f4nia de f\u00e9rias em meio \u00e0 pandemia do coronav\u00edrus"}]},{"@type":"WebSite","@id":"https:\/\/dev.leselfes.com\/#website","url":"https:\/\/dev.leselfes.com\/","name":"Les Elfes International","description":"Les Elfes International, Verbier Switzerland. Summer Camp, Winter Camp, Spring Camps.","publisher":{"@id":"https:\/\/dev.leselfes.com\/#organization"},"alternateName":"Les Elfes International","potentialAction":[{"@type":"SearchAction","target":{"@type":"EntryPoint","urlTemplate":"https:\/\/dev.leselfes.com\/?s={search_term_string}"},"query-input":{"@type":"PropertyValueSpecification","valueRequired":true,"valueName":"search_term_string"}}],"inLanguage":"pt-BR"},{"@type":"Organization","@id":"https:\/\/dev.leselfes.com\/#organization","name":"Les Elfes International","alternateName":"Les Elfes International","url":"https:\/\/dev.leselfes.com\/","logo":{"@type":"ImageObject","inLanguage":"pt-BR","@id":"https:\/\/dev.leselfes.com\/#\/schema\/logo\/image\/","url":"https:\/\/www.leselfes.com\/wp-content\/uploads\/2022\/03\/leselfes-logo.png","contentUrl":"https:\/\/www.leselfes.com\/wp-content\/uploads\/2022\/03\/leselfes-logo.png","width":233,"height":51,"caption":"Les Elfes International"},"image":{"@id":"https:\/\/dev.leselfes.com\/#\/schema\/logo\/image\/"},"sameAs":["https:\/\/www.facebook.com\/LesElfesVerbier","https:\/\/x.com\/LesElfesCamps","https:\/\/www.instagram.com\/leselfes","https:\/\/www.linkedin.com\/company\/les-elfes-international","https:\/\/www.youtube.com\/user\/LesElfesVerbier"]},{"@type":"Person","@id":"https:\/\/dev.leselfes.com\/#\/schema\/person\/407a229698868b8c603874b19f37f289","name":"lesadmin","image":{"@type":"ImageObject","inLanguage":"pt-BR","@id":"https:\/\/dev.leselfes.com\/#\/schema\/person\/image\/","url":"https:\/\/secure.gravatar.com\/avatar\/fdb243a028df450397b3632d862f87f6?s=96&d=mm&r=g","contentUrl":"https:\/\/secure.gravatar.com\/avatar\/fdb243a028df450397b3632d862f87f6?s=96&d=mm&r=g","caption":"lesadmin"},"url":"https:\/\/www.leselfes.com\/pt-br\/author\/lesadmin\/"}]}},"_links":{"self":[{"href":"https:\/\/www.leselfes.com\/pt-br\/wp-json\/wp\/v2\/posts\/93014"}],"collection":[{"href":"https:\/\/www.leselfes.com\/pt-br\/wp-json\/wp\/v2\/posts"}],"about":[{"href":"https:\/\/www.leselfes.com\/pt-br\/wp-json\/wp\/v2\/types\/post"}],"author":[{"embeddable":true,"href":"https:\/\/www.leselfes.com\/pt-br\/wp-json\/wp\/v2\/users\/1"}],"replies":[{"embeddable":true,"href":"https:\/\/www.leselfes.com\/pt-br\/wp-json\/wp\/v2\/comments?post=93014"}],"version-history":[{"count":0,"href":"https:\/\/www.leselfes.com\/pt-br\/wp-json\/wp\/v2\/posts\/93014\/revisions"}],"wp:featuredmedia":[{"embeddable":true,"href":"https:\/\/www.leselfes.com\/pt-br\/wp-json\/wp\/v2\/media\/72896"}],"wp:attachment":[{"href":"https:\/\/www.leselfes.com\/pt-br\/wp-json\/wp\/v2\/media?parent=93014"}],"wp:term":[{"taxonomy":"category","embeddable":true,"href":"https:\/\/www.leselfes.com\/pt-br\/wp-json\/wp\/v2\/categories?post=93014"},{"taxonomy":"post_tag","embeddable":true,"href":"https:\/\/www.leselfes.com\/pt-br\/wp-json\/wp\/v2\/tags?post=93014"}],"curies":[{"name":"wp","href":"https:\/\/api.w.org\/{rel}","templated":true}]}}