{"id":93113,"date":"2020-02-25T08:36:41","date_gmt":"2020-02-25T07:36:41","guid":{"rendered":"https:\/\/www.leselfes.com\/como-a-les-elfes-esta-se-tornando-verde\/"},"modified":"2024-11-12T12:35:21","modified_gmt":"2024-11-12T11:35:21","slug":"como-a-les-elfes-esta-se-tornando-verde","status":"publish","type":"post","link":"https:\/\/www.leselfes.com\/pt-br\/como-a-les-elfes-esta-se-tornando-verde\/","title":{"rendered":"Como a Les Elfes est\u00e1 se tornando verde?"},"content":{"rendered":"<\/p>\n\n\n<figure>\n<p>Prezados todos,<\/p>\n<p>O acampamento de inverno est\u00e1 em andamento, mas agora estamos ansiosos pelos meses mais quentes. Em breve, nossos acampamentos de ver\u00e3o estar\u00e3o em andamento e, neste artigo, falaremos sobre Les Elfes Green e algumas novas atividades de conscientiza\u00e7\u00e3o ambiental.  <\/p>\n<p>Ao recebermos mais de 5.000 crian\u00e7as por ano de todo o mundo, temos uma grande responsabilidade.\nUm acampamento \u00e9 uma ferramenta fant\u00e1stica para que as crian\u00e7as desenvolvam uma s\u00e9rie de habilidades e um \u00f3timo lugar para aprender sobre um grande n\u00famero de t\u00f3picos, longe da sala de aula.   <\/p>\n\n<p>Um t\u00f3pico que nos interessa especialmente \u00e9 o nosso clima, o impacto que causamos em nosso meio ambiente e, em geral, o fato de estarmos mais conscientes de que pequenas mudan\u00e7as podem fazer uma grande diferen\u00e7a.\nPortanto, analisamos a n\u00f3s mesmos como empresa e a forma como operamos, dando o exemplo da melhor maneira poss\u00edvel, pois o desafio \u00e9 certamente grande.   <\/p>\n<p>Come\u00e7amos com v\u00e1rias mudan\u00e7as, desde a interrup\u00e7\u00e3o do uso de pl\u00e1sticos descart\u00e1veis e a troca por produtos reutiliz\u00e1veis lav\u00e1veis, reduzindo a quantidade de papel que usamos, e planejamos passar a ser totalmente eletr\u00f4nicos em nossa administra\u00e7\u00e3o di\u00e1ria com o uso de notebooks, para controlar melhor os sistemas de aquecimento e as luzes.  <\/p>\n<\/figure>\n<p>\n<\/p>\n\n<h2 style=\"text-align: left;\">Decidimos introduzir atividades que pudessem ensinar aos alunos sobre sustentabilidade<\/h2>\n<p>\n<\/p>\n<p>Durante nossos acampamentos de ver\u00e3o, introduzimos uma atividade em cada uma de nossas faixas et\u00e1rias que envolver\u00e1 a educa\u00e7\u00e3o dos campistas sobre o clima local e algum tipo de trabalho pr\u00e1tico de servi\u00e7o:  <\/p>\n\n<p>Descobertas: Os campistas pegar\u00e3o o telef\u00e9rico para o Mt Fort, o ponto mais alto de Verbier, a 3300 m. O grupo aprender\u00e1 sobre o recuo glacial na regi\u00e3o e, de fato, at\u00e9 1999, havia esqui no ver\u00e3o no Mt Fort.\nO grupo participar\u00e1 de algumas atividades divertidas ao ar livre com o objetivo de entender melhor os efeitos das mudan\u00e7as clim\u00e1ticas, ajudar as crian\u00e7as a se apaixonarem pela natureza e tentar criar h\u00e1bitos ecol\u00f3gicos para toda a fam\u00edlia.   <\/p>\n\n<p>Exploradores: No ano passado, os Explorers participaram de nossos esquemas de plantio de \u00e1rvores e, neste ano, pretendemos voltar ao mesmo local para ver como nossas mudas jovens se sa\u00edram e dar continuidade ao esquema. Entender como a comunidade local gerencia a silvicultura e a escala de trabalho envolvida \u00e9 uma experi\u00eancia pr\u00e1tica e de grande aprendizado.  <\/p>\n\n<div class=\"wp-block-image\"><figure class=\"aligncenter\"><img decoding=\"async\" src=\"https:\/\/www.leselfes.com\/wp-content\/uploads\/2020\/02\/Planting-Trees-1.jpg\" alt=\"Plantio de &#xE1;rvores\"\/><\/figure><\/div>\n\n<p>Pioneiros: A Les Elfes est\u00e1 fazendo uma parceria com a <a href=\"https:\/\/verbiergreen.com\">Verbier Green<\/a>, onde Josh e sua equipe est\u00e3o ocupados &#8220;para fornecer materiais claros e concisos para ajudar empresas, resid\u00eancias particulares e empresas de chal\u00e9s a reciclar TODOS os materiais, incluindo pl\u00e1sticos e res\u00edduos de alimentos&#8221;. Entender a escala de sua tarefa em Verbier, o que eles fazem nos bastidores e, principalmente, como eles est\u00e3o tendo um impacto no meio ambiente, bem como otimizar os recursos das empresas locais \u00e9 realmente interessante e, claro, o grupo ser\u00e1 pr\u00e1tico e externo!  <\/p>\n\n<div class=\"wp-block-image\"><figure class=\"aligncenter\"><img decoding=\"async\" src=\"https:\/\/www.leselfes.com\/wp-content\/uploads\/2020\/02\/Planting-Trees-4.jpg\" alt=\"Plantio de &#xE1;rvores\"\/><\/figure><\/div>\n\n<h2 class=\"has-text-align-left wp-block-heading\">As a\u00e7\u00f5es que tomamos, em mais detalhes&#8230;<\/h2>\n\n<ul class=\"wp-block-list\"><li><strong>Reciclagem<\/strong><\/li><\/ul>\n\n<p>GASTROVERT<\/p>\n\n<p>Desde 2011, a Satom SA oferece a coleta de alimentos desperdi\u00e7ados e seu transporte para a usina de metana\u00e7\u00e3o em Villeneuve.\nUma vez l\u00e1, os res\u00edduos s\u00e3o usados para a produ\u00e7\u00e3o de biog\u00e1s, energia el\u00e9trica verde, calor e composto. <\/p>\n\n<ul class=\"wp-block-list\"><li><strong>Uso de energia renov\u00e1vel<\/strong><\/li><\/ul>\n\n<p>HIDROEL\u00c9TRICA  <\/p>\n\n<p>Na Les Elfes, mais de 94,4% da energia utilizada prov\u00e9m de energia hidr\u00e1ulica renov\u00e1vel.\nH\u00e1 alguns anos, fazemos parte do Electra Hydris da ALTIS, um produto com selo Blueelec resultante da produ\u00e7\u00e3o de energia hidrel\u00e9trica.   <\/p>\n\n<p><a href=\"https:\/\/www.kitro.ch\/\">DEVORE<\/a><\/p>\n\n<p>Com a ideia de analisar a quantidade de desperd\u00edcio de alimentos, a Les Elfes tornou-se parceira oficial da Devore em 2019.\nO KITRO, um aparelho especial da Devore, foi instalado nas cozinhas da Les Elfes para calcular a quantidade de alimentos que s\u00e3o jogados nas lixeiras.\nAp\u00f3s alguns meses de coleta de dados, seremos informados dos resultados e a\u00e7\u00f5es para diminuir o desperd\u00edcio de alimentos ser\u00e3o tomadas.  <\/p>\n\n<p><strong>Al\u00e9m disso&#8230;<\/strong><\/p>\n\n<p>Alimentos  <\/p>\n\n<ul class=\"wp-block-list\"><li>Os chefs do Les Elfes reduziram a quantidade de carne no card\u00e1pio, mantendo, \u00e9 claro, as exig\u00eancias nutricionais de um programa de inverno ou ver\u00e3o movimentado.  <\/li><li>Nosso desperd\u00edcio de alimentos tamb\u00e9m \u00e9 reciclado. Na verdade, na Su\u00ed\u00e7a, em m\u00e9dia, cada pessoa \u00e9 respons\u00e1vel por 190 quilos de desperd\u00edcio de alimentos por ano. Nosso objetivo \u00e9 reduzir bastante esse desperd\u00edcio, reutilizando de forma higi\u00eanica os alimentos que, de outra forma, seriam jogados fora.\nPor exemplo, se a cozinha cozinhar 100 peitos de frango e servirmos apenas 70, o frango restante ser\u00e1 guardado e usado para fazer sandu\u00edches de frango e maionese no dia seguinte, em vez de ser jogado fora.\nLembramos a voc\u00ea que NUNCA usamos alimentos que j\u00e1 foram servidos!    <\/li><li>Tamb\u00e9m procuramos encomendar alimentos de fornecedores mais locais.\nTodos os nossos p\u00e3es, latic\u00ednios e a maioria dos nossos vegetais s\u00e3o provenientes da Su\u00ed\u00e7a ou da Fran\u00e7a, limitando assim o tempo de viagem que nossos alimentos levam para chegar aqui.   <\/li><li>Alimentos frescos!\nCozinhar e fazer nossa pr\u00f3pria comida \u00e9 muito ben\u00e9fico para o meio ambiente.   <\/li><\/ul>\n\n<p>  Campus e escrit\u00f3rios<\/p>\n\n<ul class=\"wp-block-list\"><li>Estamos tentando eliminar o m\u00e1ximo poss\u00edvel o uso de papel, o que \u00e9 um verdadeiro desafio e uma meta de longo prazo.  <\/li><li>Os anexos s\u00e3o verificados todas as manh\u00e3s, o aquecimento \u00e9 reduzido, as luzes s\u00e3o apagadas e essas pequenas mudan\u00e7as t\u00eam um impacto positivo.\nLeia os avisos na parte de tr\u00e1s das portas de seus quartos.   <\/li><\/ul>\n\n<p><\/p>\n","protected":false},"excerpt":{"rendered":"<p>Os acampamentos Les Elfes est\u00e3o se tornando verdes.<br \/>\nEstamos introduzindo programas e atividades sustent\u00e1veis para os alunos <\/p>\n","protected":false},"author":1,"featured_media":72632,"comment_status":"open","ping_status":"open","sticky":false,"template":"","format":"standard","meta":{"_acf_changed":false,"inline_featured_image":false,"footnotes":""},"categories":[1065],"tags":[],"class_list":{"0":"post-93113","1":"post","2":"type-post","3":"status-publish","4":"format-standard","5":"has-post-thumbnail","7":"category-nao-categorizado"},"acf":[],"yoast_head":"<!-- This site is optimized with the Yoast SEO Premium plugin v24.2 (Yoast SEO v24.7) - https:\/\/yoast.com\/wordpress\/plugins\/seo\/ -->\n<title>Como a Les Elfes est\u00e1 se tornando verde? - Les Elfes International Camps Switzerland<\/title>\n<meta name=\"robots\" content=\"index, follow, max-snippet:-1, max-image-preview:large, max-video-preview:-1\" \/>\n<link rel=\"canonical\" href=\"https:\/\/www.leselfes.com\/pt-br\/como-a-les-elfes-esta-se-tornando-verde\/\" \/>\n<meta property=\"og:locale\" content=\"pt_BR\" \/>\n<meta property=\"og:type\" content=\"article\" \/>\n<meta property=\"og:title\" content=\"Como a Les Elfes est\u00e1 se tornando verde?\" \/>\n<meta property=\"og:description\" content=\"Os acampamentos Les Elfes est\u00e3o se tornando verdes. Estamos introduzindo programas e atividades sustent\u00e1veis para os alunos\" \/>\n<meta property=\"og:url\" content=\"https:\/\/www.leselfes.com\/pt-br\/como-a-les-elfes-esta-se-tornando-verde\/\" \/>\n<meta property=\"og:site_name\" content=\"Les Elfes International Camps Switzerland\" \/>\n<meta property=\"article:publisher\" content=\"https:\/\/www.facebook.com\/LesElfesVerbier\" \/>\n<meta property=\"article:published_time\" content=\"2020-02-25T07:36:41+00:00\" \/>\n<meta property=\"article:modified_time\" content=\"2024-11-12T11:35:21+00:00\" \/>\n<meta property=\"og:image\" content=\"https:\/\/dev.leselfes.com\/wp-content\/uploads\/2020\/02\/Planting-Trees-4.jpg\" \/>\n\t<meta property=\"og:image:width\" content=\"1600\" \/>\n\t<meta property=\"og:image:height\" content=\"900\" \/>\n\t<meta property=\"og:image:type\" content=\"image\/jpeg\" \/>\n<meta name=\"author\" content=\"lesadmin\" \/>\n<meta name=\"twitter:card\" content=\"summary_large_image\" \/>\n<meta name=\"twitter:creator\" content=\"@LesElfesCamps\" \/>\n<meta name=\"twitter:site\" content=\"@LesElfesCamps\" \/>\n<meta name=\"twitter:label1\" content=\"Escrito por\" \/>\n\t<meta name=\"twitter:data1\" content=\"lesadmin\" \/>\n\t<meta name=\"twitter:label2\" content=\"Est. tempo de leitura\" \/>\n\t<meta name=\"twitter:data2\" content=\"5 minutos\" \/>\n<script type=\"application\/ld+json\" class=\"yoast-schema-graph\">{\"@context\":\"https:\/\/schema.org\",\"@graph\":[{\"@type\":\"Article\",\"@id\":\"https:\/\/www.leselfes.com\/pt-br\/como-a-les-elfes-esta-se-tornando-verde\/#article\",\"isPartOf\":{\"@id\":\"https:\/\/www.leselfes.com\/pt-br\/como-a-les-elfes-esta-se-tornando-verde\/\"},\"author\":{\"name\":\"lesadmin\",\"@id\":\"https:\/\/dev.leselfes.com\/#\/schema\/person\/407a229698868b8c603874b19f37f289\"},\"headline\":\"Como a Les Elfes est\u00e1 se tornando verde?\",\"datePublished\":\"2020-02-25T07:36:41+00:00\",\"dateModified\":\"2024-11-12T11:35:21+00:00\",\"mainEntityOfPage\":{\"@id\":\"https:\/\/www.leselfes.com\/pt-br\/como-a-les-elfes-esta-se-tornando-verde\/\"},\"wordCount\":950,\"commentCount\":0,\"publisher\":{\"@id\":\"https:\/\/dev.leselfes.com\/#organization\"},\"image\":{\"@id\":\"https:\/\/www.leselfes.com\/pt-br\/como-a-les-elfes-esta-se-tornando-verde\/#primaryimage\"},\"thumbnailUrl\":\"https:\/\/www.leselfes.com\/wp-content\/uploads\/2020\/02\/Planting-Trees-4.jpg\",\"articleSection\":[\"N\u00e3o categorizado\"],\"inLanguage\":\"pt-BR\",\"potentialAction\":[{\"@type\":\"CommentAction\",\"name\":\"Comment\",\"target\":[\"https:\/\/www.leselfes.com\/pt-br\/como-a-les-elfes-esta-se-tornando-verde\/#respond\"]}]},{\"@type\":\"WebPage\",\"@id\":\"https:\/\/www.leselfes.com\/pt-br\/como-a-les-elfes-esta-se-tornando-verde\/\",\"url\":\"https:\/\/www.leselfes.com\/pt-br\/como-a-les-elfes-esta-se-tornando-verde\/\",\"name\":\"Como a Les Elfes est\u00e1 se tornando verde? - Les Elfes International Camps Switzerland\",\"isPartOf\":{\"@id\":\"https:\/\/dev.leselfes.com\/#website\"},\"primaryImageOfPage\":{\"@id\":\"https:\/\/www.leselfes.com\/pt-br\/como-a-les-elfes-esta-se-tornando-verde\/#primaryimage\"},\"image\":{\"@id\":\"https:\/\/www.leselfes.com\/pt-br\/como-a-les-elfes-esta-se-tornando-verde\/#primaryimage\"},\"thumbnailUrl\":\"https:\/\/www.leselfes.com\/wp-content\/uploads\/2020\/02\/Planting-Trees-4.jpg\",\"datePublished\":\"2020-02-25T07:36:41+00:00\",\"dateModified\":\"2024-11-12T11:35:21+00:00\",\"breadcrumb\":{\"@id\":\"https:\/\/www.leselfes.com\/pt-br\/como-a-les-elfes-esta-se-tornando-verde\/#breadcrumb\"},\"inLanguage\":\"pt-BR\",\"potentialAction\":[{\"@type\":\"ReadAction\",\"target\":[\"https:\/\/www.leselfes.com\/pt-br\/como-a-les-elfes-esta-se-tornando-verde\/\"]}]},{\"@type\":\"ImageObject\",\"inLanguage\":\"pt-BR\",\"@id\":\"https:\/\/www.leselfes.com\/pt-br\/como-a-les-elfes-esta-se-tornando-verde\/#primaryimage\",\"url\":\"https:\/\/www.leselfes.com\/wp-content\/uploads\/2020\/02\/Planting-Trees-4.jpg\",\"contentUrl\":\"https:\/\/www.leselfes.com\/wp-content\/uploads\/2020\/02\/Planting-Trees-4.jpg\",\"width\":1600,\"height\":900},{\"@type\":\"BreadcrumbList\",\"@id\":\"https:\/\/www.leselfes.com\/pt-br\/como-a-les-elfes-esta-se-tornando-verde\/#breadcrumb\",\"itemListElement\":[{\"@type\":\"ListItem\",\"position\":1,\"name\":\"Home\",\"item\":\"https:\/\/www.leselfes.com\/pt-br\/\"},{\"@type\":\"ListItem\",\"position\":2,\"name\":\"Como a Les Elfes est\u00e1 se tornando verde?\"}]},{\"@type\":\"WebSite\",\"@id\":\"https:\/\/dev.leselfes.com\/#website\",\"url\":\"https:\/\/dev.leselfes.com\/\",\"name\":\"Les Elfes International\",\"description\":\"Les Elfes International, Verbier Switzerland. Summer Camp, Winter Camp, Spring Camps.\",\"publisher\":{\"@id\":\"https:\/\/dev.leselfes.com\/#organization\"},\"alternateName\":\"Les Elfes International\",\"potentialAction\":[{\"@type\":\"SearchAction\",\"target\":{\"@type\":\"EntryPoint\",\"urlTemplate\":\"https:\/\/dev.leselfes.com\/?s={search_term_string}\"},\"query-input\":{\"@type\":\"PropertyValueSpecification\",\"valueRequired\":true,\"valueName\":\"search_term_string\"}}],\"inLanguage\":\"pt-BR\"},{\"@type\":\"Organization\",\"@id\":\"https:\/\/dev.leselfes.com\/#organization\",\"name\":\"Les Elfes International\",\"alternateName\":\"Les Elfes International\",\"url\":\"https:\/\/dev.leselfes.com\/\",\"logo\":{\"@type\":\"ImageObject\",\"inLanguage\":\"pt-BR\",\"@id\":\"https:\/\/dev.leselfes.com\/#\/schema\/logo\/image\/\",\"url\":\"https:\/\/www.leselfes.com\/wp-content\/uploads\/2022\/03\/leselfes-logo.png\",\"contentUrl\":\"https:\/\/www.leselfes.com\/wp-content\/uploads\/2022\/03\/leselfes-logo.png\",\"width\":233,\"height\":51,\"caption\":\"Les Elfes International\"},\"image\":{\"@id\":\"https:\/\/dev.leselfes.com\/#\/schema\/logo\/image\/\"},\"sameAs\":[\"https:\/\/www.facebook.com\/LesElfesVerbier\",\"https:\/\/x.com\/LesElfesCamps\",\"https:\/\/www.instagram.com\/leselfes\",\"https:\/\/www.linkedin.com\/company\/les-elfes-international\",\"https:\/\/www.youtube.com\/user\/LesElfesVerbier\"]},{\"@type\":\"Person\",\"@id\":\"https:\/\/dev.leselfes.com\/#\/schema\/person\/407a229698868b8c603874b19f37f289\",\"name\":\"lesadmin\",\"image\":{\"@type\":\"ImageObject\",\"inLanguage\":\"pt-BR\",\"@id\":\"https:\/\/dev.leselfes.com\/#\/schema\/person\/image\/\",\"url\":\"https:\/\/secure.gravatar.com\/avatar\/fdb243a028df450397b3632d862f87f6?s=96&d=mm&r=g\",\"contentUrl\":\"https:\/\/secure.gravatar.com\/avatar\/fdb243a028df450397b3632d862f87f6?s=96&d=mm&r=g\",\"caption\":\"lesadmin\"},\"url\":\"https:\/\/www.leselfes.com\/pt-br\/author\/lesadmin\/\"}]}<\/script>\n<!-- \/ Yoast SEO Premium plugin. -->","yoast_head_json":{"title":"Como a Les Elfes est\u00e1 se tornando verde? - Les Elfes International Camps Switzerland","robots":{"index":"index","follow":"follow","max-snippet":"max-snippet:-1","max-image-preview":"max-image-preview:large","max-video-preview":"max-video-preview:-1"},"canonical":"https:\/\/www.leselfes.com\/pt-br\/como-a-les-elfes-esta-se-tornando-verde\/","og_locale":"pt_BR","og_type":"article","og_title":"Como a Les Elfes est\u00e1 se tornando verde?","og_description":"Os acampamentos Les Elfes est\u00e3o se tornando verdes. Estamos introduzindo programas e atividades sustent\u00e1veis para os alunos","og_url":"https:\/\/www.leselfes.com\/pt-br\/como-a-les-elfes-esta-se-tornando-verde\/","og_site_name":"Les Elfes International Camps Switzerland","article_publisher":"https:\/\/www.facebook.com\/LesElfesVerbier","article_published_time":"2020-02-25T07:36:41+00:00","article_modified_time":"2024-11-12T11:35:21+00:00","og_image":[{"width":1600,"height":900,"url":"https:\/\/dev.leselfes.com\/wp-content\/uploads\/2020\/02\/Planting-Trees-4.jpg","type":"image\/jpeg"}],"author":"lesadmin","twitter_card":"summary_large_image","twitter_creator":"@LesElfesCamps","twitter_site":"@LesElfesCamps","twitter_misc":{"Escrito por":"lesadmin","Est. tempo de leitura":"5 minutos"},"schema":{"@context":"https:\/\/schema.org","@graph":[{"@type":"Article","@id":"https:\/\/www.leselfes.com\/pt-br\/como-a-les-elfes-esta-se-tornando-verde\/#article","isPartOf":{"@id":"https:\/\/www.leselfes.com\/pt-br\/como-a-les-elfes-esta-se-tornando-verde\/"},"author":{"name":"lesadmin","@id":"https:\/\/dev.leselfes.com\/#\/schema\/person\/407a229698868b8c603874b19f37f289"},"headline":"Como a Les Elfes est\u00e1 se tornando verde?","datePublished":"2020-02-25T07:36:41+00:00","dateModified":"2024-11-12T11:35:21+00:00","mainEntityOfPage":{"@id":"https:\/\/www.leselfes.com\/pt-br\/como-a-les-elfes-esta-se-tornando-verde\/"},"wordCount":950,"commentCount":0,"publisher":{"@id":"https:\/\/dev.leselfes.com\/#organization"},"image":{"@id":"https:\/\/www.leselfes.com\/pt-br\/como-a-les-elfes-esta-se-tornando-verde\/#primaryimage"},"thumbnailUrl":"https:\/\/www.leselfes.com\/wp-content\/uploads\/2020\/02\/Planting-Trees-4.jpg","articleSection":["N\u00e3o categorizado"],"inLanguage":"pt-BR","potentialAction":[{"@type":"CommentAction","name":"Comment","target":["https:\/\/www.leselfes.com\/pt-br\/como-a-les-elfes-esta-se-tornando-verde\/#respond"]}]},{"@type":"WebPage","@id":"https:\/\/www.leselfes.com\/pt-br\/como-a-les-elfes-esta-se-tornando-verde\/","url":"https:\/\/www.leselfes.com\/pt-br\/como-a-les-elfes-esta-se-tornando-verde\/","name":"Como a Les Elfes est\u00e1 se tornando verde? - Les Elfes International Camps Switzerland","isPartOf":{"@id":"https:\/\/dev.leselfes.com\/#website"},"primaryImageOfPage":{"@id":"https:\/\/www.leselfes.com\/pt-br\/como-a-les-elfes-esta-se-tornando-verde\/#primaryimage"},"image":{"@id":"https:\/\/www.leselfes.com\/pt-br\/como-a-les-elfes-esta-se-tornando-verde\/#primaryimage"},"thumbnailUrl":"https:\/\/www.leselfes.com\/wp-content\/uploads\/2020\/02\/Planting-Trees-4.jpg","datePublished":"2020-02-25T07:36:41+00:00","dateModified":"2024-11-12T11:35:21+00:00","breadcrumb":{"@id":"https:\/\/www.leselfes.com\/pt-br\/como-a-les-elfes-esta-se-tornando-verde\/#breadcrumb"},"inLanguage":"pt-BR","potentialAction":[{"@type":"ReadAction","target":["https:\/\/www.leselfes.com\/pt-br\/como-a-les-elfes-esta-se-tornando-verde\/"]}]},{"@type":"ImageObject","inLanguage":"pt-BR","@id":"https:\/\/www.leselfes.com\/pt-br\/como-a-les-elfes-esta-se-tornando-verde\/#primaryimage","url":"https:\/\/www.leselfes.com\/wp-content\/uploads\/2020\/02\/Planting-Trees-4.jpg","contentUrl":"https:\/\/www.leselfes.com\/wp-content\/uploads\/2020\/02\/Planting-Trees-4.jpg","width":1600,"height":900},{"@type":"BreadcrumbList","@id":"https:\/\/www.leselfes.com\/pt-br\/como-a-les-elfes-esta-se-tornando-verde\/#breadcrumb","itemListElement":[{"@type":"ListItem","position":1,"name":"Home","item":"https:\/\/www.leselfes.com\/pt-br\/"},{"@type":"ListItem","position":2,"name":"Como a Les Elfes est\u00e1 se tornando verde?"}]},{"@type":"WebSite","@id":"https:\/\/dev.leselfes.com\/#website","url":"https:\/\/dev.leselfes.com\/","name":"Les Elfes International","description":"Les Elfes International, Verbier Switzerland. Summer Camp, Winter Camp, Spring Camps.","publisher":{"@id":"https:\/\/dev.leselfes.com\/#organization"},"alternateName":"Les Elfes International","potentialAction":[{"@type":"SearchAction","target":{"@type":"EntryPoint","urlTemplate":"https:\/\/dev.leselfes.com\/?s={search_term_string}"},"query-input":{"@type":"PropertyValueSpecification","valueRequired":true,"valueName":"search_term_string"}}],"inLanguage":"pt-BR"},{"@type":"Organization","@id":"https:\/\/dev.leselfes.com\/#organization","name":"Les Elfes International","alternateName":"Les Elfes International","url":"https:\/\/dev.leselfes.com\/","logo":{"@type":"ImageObject","inLanguage":"pt-BR","@id":"https:\/\/dev.leselfes.com\/#\/schema\/logo\/image\/","url":"https:\/\/www.leselfes.com\/wp-content\/uploads\/2022\/03\/leselfes-logo.png","contentUrl":"https:\/\/www.leselfes.com\/wp-content\/uploads\/2022\/03\/leselfes-logo.png","width":233,"height":51,"caption":"Les Elfes International"},"image":{"@id":"https:\/\/dev.leselfes.com\/#\/schema\/logo\/image\/"},"sameAs":["https:\/\/www.facebook.com\/LesElfesVerbier","https:\/\/x.com\/LesElfesCamps","https:\/\/www.instagram.com\/leselfes","https:\/\/www.linkedin.com\/company\/les-elfes-international","https:\/\/www.youtube.com\/user\/LesElfesVerbier"]},{"@type":"Person","@id":"https:\/\/dev.leselfes.com\/#\/schema\/person\/407a229698868b8c603874b19f37f289","name":"lesadmin","image":{"@type":"ImageObject","inLanguage":"pt-BR","@id":"https:\/\/dev.leselfes.com\/#\/schema\/person\/image\/","url":"https:\/\/secure.gravatar.com\/avatar\/fdb243a028df450397b3632d862f87f6?s=96&d=mm&r=g","contentUrl":"https:\/\/secure.gravatar.com\/avatar\/fdb243a028df450397b3632d862f87f6?s=96&d=mm&r=g","caption":"lesadmin"},"url":"https:\/\/www.leselfes.com\/pt-br\/author\/lesadmin\/"}]}},"_links":{"self":[{"href":"https:\/\/www.leselfes.com\/pt-br\/wp-json\/wp\/v2\/posts\/93113"}],"collection":[{"href":"https:\/\/www.leselfes.com\/pt-br\/wp-json\/wp\/v2\/posts"}],"about":[{"href":"https:\/\/www.leselfes.com\/pt-br\/wp-json\/wp\/v2\/types\/post"}],"author":[{"embeddable":true,"href":"https:\/\/www.leselfes.com\/pt-br\/wp-json\/wp\/v2\/users\/1"}],"replies":[{"embeddable":true,"href":"https:\/\/www.leselfes.com\/pt-br\/wp-json\/wp\/v2\/comments?post=93113"}],"version-history":[{"count":0,"href":"https:\/\/www.leselfes.com\/pt-br\/wp-json\/wp\/v2\/posts\/93113\/revisions"}],"wp:featuredmedia":[{"embeddable":true,"href":"https:\/\/www.leselfes.com\/pt-br\/wp-json\/wp\/v2\/media\/72632"}],"wp:attachment":[{"href":"https:\/\/www.leselfes.com\/pt-br\/wp-json\/wp\/v2\/media?parent=93113"}],"wp:term":[{"taxonomy":"category","embeddable":true,"href":"https:\/\/www.leselfes.com\/pt-br\/wp-json\/wp\/v2\/categories?post=93113"},{"taxonomy":"post_tag","embeddable":true,"href":"https:\/\/www.leselfes.com\/pt-br\/wp-json\/wp\/v2\/tags?post=93113"}],"curies":[{"name":"wp","href":"https:\/\/api.w.org\/{rel}","templated":true}]}}