{"id":93336,"date":"2022-09-12T07:46:08","date_gmt":"2022-09-12T05:46:08","guid":{"rendered":"https:\/\/www.leselfes.com\/21-dicas-de-saude-no-acampamento-de-inverno-na-suica\/"},"modified":"2024-11-12T12:38:50","modified_gmt":"2024-11-12T11:38:50","slug":"21-dicas-de-saude-no-acampamento-de-inverno-na-suica","status":"publish","type":"post","link":"https:\/\/www.leselfes.com\/pt-br\/21-dicas-de-saude-no-acampamento-de-inverno-na-suica\/","title":{"rendered":"21 dicas de sa\u00fade no acampamento de inverno na Su\u00ed\u00e7a"},"content":{"rendered":"<p>Passar alguns dias em um acampamento de inverno na Su\u00ed\u00e7a pode ser uma experi\u00eancia divertida e desafiadora.<br \/>\nNeste guia, discutimos importantes precau\u00e7\u00f5es de sa\u00fade que os jovens campistas devem tomar para que possam se divertir, aprender e interagir com seus colegas de acampamento durante toda a dura\u00e7\u00e3o do acampamento.<br \/>\nOs pais que est\u00e3o preparando seus filhos para o acampamento anual de inverno tamb\u00e9m podem usar este guia como orienta\u00e7\u00e3o para  &nbsp;<strong>dicas de sa\u00fade no acampamento de inverno na Su\u00ed\u00e7a<\/strong>.<\/p>\n<p><!-- \/wp:paragraph --><!-- wp:paragraph {\"align\":\"center\"} --><\/p>\n<p><a href=\"https:\/\/www.leselfes.com\/pt-br\/?page_id=90080\" target=\"_blank\" rel=\"noopener\"><button style=\"background-color: #1e93c2; color: #fff; border: #E2804A;\" type=\"button\">Participe do Acampamento de Inverno na Su\u00ed\u00e7a<\/button><\/a><\/p>\n<p><!-- \/wp:paragraph --><!-- wp:heading --><\/p>\n<h2><span class=\"ez-toc-section\" id=\"21_DICAS_DE_SAUDE_NO_ACAMPAMENTO_DE_INVERNO_NA_SUICA\"><\/span>21 DICAS DE SA\u00daDE NO ACAMPAMENTO DE INVERNO NA SU\u00cd\u00c7A<span class=\"ez-toc-section-end\"><\/span><\/h2>\n<p><!-- \/wp:heading --><!-- wp:paragraph --><\/p>\n<p>Indo para&nbsp;<a href=\"https:\/\/www.leselfes.com\/pt-br\/?page_id=90080\" target=\"_blank\" rel=\"noreferrer noopener\">O acampamento de inverno<\/a>&nbsp;\u00e9 um processo que requer planejamento cuidadoso, especialmente porque o local \u00e9 em um novo pa\u00eds. Forneceremos essas dicas importantes como uma jornada desde a fase de planejamento, durante o acampamento, at\u00e9 a viagem de volta ap\u00f3s o acampamento. <\/p>\n<p><!-- \/wp:paragraph --><!-- wp:heading {\"level\":3} --><\/p>\n<h3><span class=\"ez-toc-section\" id=\"DICA1_A_SEGURANCA_COMECA_COM_A_PREPARACAO\"><\/span>DICA#1 A SEGURAN\u00c7A COME\u00c7A COM A PREPARA\u00c7\u00c3O<span class=\"ez-toc-section-end\"><\/span><\/h3>\n<p><!-- \/wp:heading --><!-- wp:paragraph --><\/p>\n<p>Voc\u00ea precisa se preparar bem para garantir sua&nbsp;<a href=\"https:\/\/www.leselfes.com\/pt-br\/?page_id=90080#staff&#038;safety\" target=\"_blank\" rel=\"noreferrer noopener\">seguran\u00e7a ao ir para o acampamento de inverno<\/a>. A prepara\u00e7\u00e3o envolve tomar as vacinas necess\u00e1rias, levar roupas para o frio, fazer um check-up m\u00e9dico, etc. Os pais que levam seus filhos para um acampamento de inverno devem garantir que eles tenham tudo o que precisam durante a viagem. Por exemplo, certifique-se de que voc\u00ea tenha na mala qualquer medicamento prescrito que seu filho possa estar usando no momento.   <\/p>\n<p><!-- \/wp:paragraph --><!-- wp:heading {\"level\":3} --><\/p>\n<h3><span class=\"ez-toc-section\" id=\"DICA_No_2_COMA_E_BEBA\"><\/span>DICA N\u00ba 2: COMA E BEBA<span class=\"ez-toc-section-end\"><\/span><\/h3>\n<p><!-- \/wp:heading --><!-- wp:paragraph --><\/p>\n<p>Os organizadores dos acampamentos de inverno fornecem muitos alimentos e lanches para que os campistas mantenham a fornalha interna funcionando e a ingest\u00e3o di\u00e1ria de calorias intacta. Recomenda-se que voc\u00ea se alimente bem, pois isso mant\u00e9m seu corpo em boas condi\u00e7\u00f5es devido ao metabolismo mais acelerado no clima frio. N\u00e3o tenha medo de fazer lanches ou de terminar as generosas por\u00e7\u00f5es de comida que voc\u00ea recebe durante o per\u00edodo de acampamento.  <\/p>\n<p><!-- \/wp:paragraph --><!-- wp:paragraph --><\/p>\n<p>Para os campistas, n\u00e3o h\u00e1 necessidade de levar comida ou lanches para o acampamento de inverno, pois isso \u00e9 fornecido pelo acampamento e est\u00e1 inclu\u00eddo na taxa de acampamento. Pode ser tentador levar alguns doces, mas isso n\u00e3o \u00e9 recomendado, pois a alta ingest\u00e3o de a\u00e7\u00facar no inverno deprime o sistema imunol\u00f3gico e pode causar inflama\u00e7\u00e3o sist\u00eamica. Muito a\u00e7\u00facar no inverno pode deixar voc\u00ea suscet\u00edvel \u00e0 gripe e a outras doen\u00e7as do clima frio.  <\/p>\n<p><!-- \/wp:paragraph --><!-- wp:heading {\"level\":3} --><\/p>\n<h3><span class=\"ez-toc-section\" id=\"DICA_No_3_INFORME_IMEDIATAMENTE_OS_INCIDENTES_DE_SAUDE\"><\/span>DICA N\u00ba 3: INFORME IMEDIATAMENTE OS INCIDENTES DE SA\u00daDE<span class=\"ez-toc-section-end\"><\/span><\/h3>\n<p><!-- \/wp:heading --><!-- wp:paragraph --><\/p>\n<p>Os campistas devem estar sempre atentos \u00e0 sua sa\u00fade e \u00e0 sa\u00fade dos outros campistas para se manterem seguros. A maioria dos acampamentos de inverno tem uma equipe de instrutores e um m\u00e9dico no local, que podem reagir a incidentes de sa\u00fade menores ou maiores. A gravidade de um incidente de sa\u00fade n\u00e3o deve ditar a necessidade de voc\u00ea informar ou n\u00e3o o ocorrido. Voc\u00ea pode ter febre, inflama\u00e7\u00e3o, dores de cabe\u00e7a inexplic\u00e1veis, dores causadas por uma les\u00e3o, dores no peito etc.   <\/p>\n<p><!-- \/wp:paragraph --><!-- wp:paragraph --><\/p>\n<h4>\n\t\t\t\t<div id=\"ez-toc-container\" class=\"ez-toc-v2_0_73 ez-toc-wrap-left counter-hierarchy ez-toc-counter ez-toc-grey ez-toc-container-direction\">\n<div class=\"ez-toc-title-container\">\n<span class=\"ez-toc-title ez-toc-toggle\" style=\"cursor:pointer\">Table of Contents<\/span>\n<span class=\"ez-toc-title-toggle\"><a href=\"#\" class=\"ez-toc-pull-right ez-toc-btn ez-toc-btn-xs ez-toc-btn-default ez-toc-toggle\" aria-label=\"Alternar tabela de conte\u00fado\"><span class=\"ez-toc-js-icon-con\"><span class=\"\"><span class=\"eztoc-hide\" style=\"display:none;\">Toggle<\/span><span class=\"ez-toc-icon-toggle-span\"><svg style=\"fill: #999;color:#999\" xmlns=\"http:\/\/www.w3.org\/2000\/svg\" class=\"list-377408\" width=\"20px\" height=\"20px\" viewBox=\"0 0 24 24\" fill=\"none\"><path d=\"M6 6H4v2h2V6zm14 0H8v2h12V6zM4 11h2v2H4v-2zm16 0H8v2h12v-2zM4 16h2v2H4v-2zm16 0H8v2h12v-2z\" fill=\"currentColor\"><\/path><\/svg><svg style=\"fill: #999;color:#999\" class=\"arrow-unsorted-368013\" xmlns=\"http:\/\/www.w3.org\/2000\/svg\" width=\"10px\" height=\"10px\" viewBox=\"0 0 24 24\" version=\"1.2\" baseProfile=\"tiny\"><path d=\"M18.2 9.3l-6.2-6.3-6.2 6.3c-.2.2-.3.4-.3.7s.1.5.3.7c.2.2.4.3.7.3h11c.3 0 .5-.1.7-.3.2-.2.3-.5.3-.7s-.1-.5-.3-.7zM5.8 14.7l6.2 6.3 6.2-6.3c.2-.2.3-.5.3-.7s-.1-.5-.3-.7c-.2-.2-.4-.3-.7-.3h-11c-.3 0-.5.1-.7.3-.2.2-.3.5-.3.7s.1.5.3.7z\"\/><\/svg><\/span><\/span><\/span><\/a><\/span><\/div>\n<nav><ul class='ez-toc-list ez-toc-list-level-1 eztoc-toggle-hide-by-default' ><li class='ez-toc-page-1 ez-toc-heading-level-2'><a class=\"ez-toc-link ez-toc-heading-1\" href=\"https:\/\/www.leselfes.com\/pt-br\/21-dicas-de-saude-no-acampamento-de-inverno-na-suica\/#21_DICAS_DE_SAUDE_NO_ACAMPAMENTO_DE_INVERNO_NA_SUICA\" title=\"21 DICAS DE SA\u00daDE NO ACAMPAMENTO DE INVERNO NA SU\u00cd\u00c7A\">21 DICAS DE SA\u00daDE NO ACAMPAMENTO DE INVERNO NA SU\u00cd\u00c7A<\/a><ul class='ez-toc-list-level-3' ><li class='ez-toc-heading-level-3'><a class=\"ez-toc-link ez-toc-heading-2\" href=\"https:\/\/www.leselfes.com\/pt-br\/21-dicas-de-saude-no-acampamento-de-inverno-na-suica\/#DICA1_A_SEGURANCA_COMECA_COM_A_PREPARACAO\" title=\"DICA#1 A SEGURAN\u00c7A COME\u00c7A COM A PREPARA\u00c7\u00c3O\">DICA#1 A SEGURAN\u00c7A COME\u00c7A COM A PREPARA\u00c7\u00c3O<\/a><\/li><li class='ez-toc-page-1 ez-toc-heading-level-3'><a class=\"ez-toc-link ez-toc-heading-3\" href=\"https:\/\/www.leselfes.com\/pt-br\/21-dicas-de-saude-no-acampamento-de-inverno-na-suica\/#DICA_No_2_COMA_E_BEBA\" title=\"DICA N\u00ba 2: COMA E BEBA\">DICA N\u00ba 2: COMA E BEBA<\/a><\/li><li class='ez-toc-page-1 ez-toc-heading-level-3'><a class=\"ez-toc-link ez-toc-heading-4\" href=\"https:\/\/www.leselfes.com\/pt-br\/21-dicas-de-saude-no-acampamento-de-inverno-na-suica\/#DICA_No_3_INFORME_IMEDIATAMENTE_OS_INCIDENTES_DE_SAUDE\" title=\"DICA N\u00ba 3: INFORME IMEDIATAMENTE OS INCIDENTES DE SA\u00daDE\">DICA N\u00ba 3: INFORME IMEDIATAMENTE OS INCIDENTES DE SA\u00daDE<\/a><\/li><li class='ez-toc-page-1 ez-toc-heading-level-3'><a class=\"ez-toc-link ez-toc-heading-5\" href=\"https:\/\/www.leselfes.com\/pt-br\/21-dicas-de-saude-no-acampamento-de-inverno-na-suica\/#DICA_No_4_TOMANDO_MEDICAMENTOS_PRESCRITOS\" title=\"DICA N\u00ba 4: TOMANDO MEDICAMENTOS PRESCRITOS\">DICA N\u00ba 4: TOMANDO MEDICAMENTOS PRESCRITOS<\/a><\/li><li class='ez-toc-page-1 ez-toc-heading-level-3'><a class=\"ez-toc-link ez-toc-heading-6\" href=\"https:\/\/www.leselfes.com\/pt-br\/21-dicas-de-saude-no-acampamento-de-inverno-na-suica\/#DICA_No_5_SIGA_OS_PROTOCOLOS_DE_SEGURANCA_DO_ACAMPAMENTO\" title=\"DICA N\u00ba 5: SIGA OS PROTOCOLOS DE SEGURAN\u00c7A DO ACAMPAMENTO\">DICA N\u00ba 5: SIGA OS PROTOCOLOS DE SEGURAN\u00c7A DO ACAMPAMENTO<\/a><\/li><li class='ez-toc-page-1 ez-toc-heading-level-3'><a class=\"ez-toc-link ez-toc-heading-7\" href=\"https:\/\/www.leselfes.com\/pt-br\/21-dicas-de-saude-no-acampamento-de-inverno-na-suica\/#DICA_No_6_EVITE_AGUA_CONTAMINADA\" title=\"DICA N\u00ba 6: EVITE \u00c1GUA CONTAMINADA\">DICA N\u00ba 6: EVITE \u00c1GUA CONTAMINADA<\/a><\/li><li class='ez-toc-page-1 ez-toc-heading-level-3'><a class=\"ez-toc-link ez-toc-heading-8\" href=\"https:\/\/www.leselfes.com\/pt-br\/21-dicas-de-saude-no-acampamento-de-inverno-na-suica\/#DICA_No_7_LIMPE_E_HIGIENIZE_OS_ITENS\" title=\"DICA N\u00ba 7: LIMPE E HIGIENIZE OS ITENS\">DICA N\u00ba 7: LIMPE E HIGIENIZE OS ITENS<\/a><\/li><li class='ez-toc-page-1 ez-toc-heading-level-3'><a class=\"ez-toc-link ez-toc-heading-9\" href=\"https:\/\/www.leselfes.com\/pt-br\/21-dicas-de-saude-no-acampamento-de-inverno-na-suica\/#DICA_No_8_CUIDADO_COM_AS_ALERGIAS_ALIMENTARES\" title=\"DICA N\u00ba 8: CUIDADO COM AS ALERGIAS ALIMENTARES\">DICA N\u00ba 8: CUIDADO COM AS ALERGIAS ALIMENTARES<\/a><\/li><li class='ez-toc-page-1 ez-toc-heading-level-3'><a class=\"ez-toc-link ez-toc-heading-10\" href=\"https:\/\/www.leselfes.com\/pt-br\/21-dicas-de-saude-no-acampamento-de-inverno-na-suica\/#DICA_No_9_DURMA_O_SUFICIENTE\" title=\"DICA N\u00ba 9: DURMA O SUFICIENTE\">DICA N\u00ba 9: DURMA O SUFICIENTE<\/a><\/li><li class='ez-toc-page-1 ez-toc-heading-level-3'><a class=\"ez-toc-link ez-toc-heading-11\" href=\"https:\/\/www.leselfes.com\/pt-br\/21-dicas-de-saude-no-acampamento-de-inverno-na-suica\/#DICA_No_10_MANTENHA_VOCE_AQUECIDO\" title=\"DICA N\u00ba 10: MANTENHA VOC\u00ca AQUECIDO\">DICA N\u00ba 10: MANTENHA VOC\u00ca AQUECIDO<\/a><\/li><li class='ez-toc-page-1 ez-toc-heading-level-3'><a class=\"ez-toc-link ez-toc-heading-12\" href=\"https:\/\/www.leselfes.com\/pt-br\/21-dicas-de-saude-no-acampamento-de-inverno-na-suica\/#DICA11_AJUDE_OS_OUTROS_CAMPISTAS_SEMPRE_QUE_POSSIVEL\" title=\"DICA#11: AJUDE OS OUTROS CAMPISTAS SEMPRE QUE POSS\u00cdVEL\">DICA#11: AJUDE OS OUTROS CAMPISTAS SEMPRE QUE POSS\u00cdVEL<\/a><\/li><li class='ez-toc-page-1 ez-toc-heading-level-3'><a class=\"ez-toc-link ez-toc-heading-13\" href=\"https:\/\/www.leselfes.com\/pt-br\/21-dicas-de-saude-no-acampamento-de-inverno-na-suica\/#DICA_No_12_PECA_AJUDA_QUANDO_VOCE_TIVER_DUVIDAS\" title=\"DICA N\u00ba 12: PE\u00c7A AJUDA QUANDO VOC\u00ca TIVER D\u00daVIDAS\">DICA N\u00ba 12: PE\u00c7A AJUDA QUANDO VOC\u00ca TIVER D\u00daVIDAS<\/a><\/li><li class='ez-toc-page-1 ez-toc-heading-level-3'><a class=\"ez-toc-link ez-toc-heading-14\" href=\"https:\/\/www.leselfes.com\/pt-br\/21-dicas-de-saude-no-acampamento-de-inverno-na-suica\/#DICA13_OBSERVE_OS_HORARIOS_DAS_REFEICOES\" title=\"DICA#13: OBSERVE OS HOR\u00c1RIOS DAS REFEI\u00c7\u00d5ES\">DICA#13: OBSERVE OS HOR\u00c1RIOS DAS REFEI\u00c7\u00d5ES<\/a><\/li><li class='ez-toc-page-1 ez-toc-heading-level-3'><a class=\"ez-toc-link ez-toc-heading-15\" href=\"https:\/\/www.leselfes.com\/pt-br\/21-dicas-de-saude-no-acampamento-de-inverno-na-suica\/#DICA_No_14_MANTENHA_A_HIGIENE\" title=\"DICA N\u00ba 14: MANTENHA A HIGIENE\">DICA N\u00ba 14: MANTENHA A HIGIENE<\/a><\/li><li class='ez-toc-page-1 ez-toc-heading-level-3'><a class=\"ez-toc-link ez-toc-heading-16\" href=\"https:\/\/www.leselfes.com\/pt-br\/21-dicas-de-saude-no-acampamento-de-inverno-na-suica\/#DICA_15_MANTENHA_SUAS_ROUPAS_DE_CAMA_E_ROUPAS_SECAS\" title=\"DICA 15: MANTENHA SUAS ROUPAS DE CAMA E ROUPAS SECAS\">DICA 15: MANTENHA SUAS ROUPAS DE CAMA E ROUPAS SECAS<\/a><\/li><li class='ez-toc-page-1 ez-toc-heading-level-3'><a class=\"ez-toc-link ez-toc-heading-17\" href=\"https:\/\/www.leselfes.com\/pt-br\/21-dicas-de-saude-no-acampamento-de-inverno-na-suica\/#DICA_No_16_MANTENHA-SE_AQUECIDO_A_NOITE\" title=\"DICA N\u00ba 16: MANTENHA-SE AQUECIDO \u00c0 NOITE\">DICA N\u00ba 16: MANTENHA-SE AQUECIDO \u00c0 NOITE<\/a><\/li><li class='ez-toc-page-1 ez-toc-heading-level-3'><a class=\"ez-toc-link ez-toc-heading-18\" href=\"https:\/\/www.leselfes.com\/pt-br\/21-dicas-de-saude-no-acampamento-de-inverno-na-suica\/#DICA17_USE_EQUIPAMENTOS_DE_PROTECAO_INDIVIDUAL_O_TEMPO_TODO\" title=\"DICA#17: USE EQUIPAMENTOS DE PROTE\u00c7\u00c3O INDIVIDUAL O TEMPO TODO\">DICA#17: USE EQUIPAMENTOS DE PROTE\u00c7\u00c3O INDIVIDUAL O TEMPO TODO<\/a><\/li><li class='ez-toc-page-1 ez-toc-heading-level-3'><a class=\"ez-toc-link ez-toc-heading-19\" href=\"https:\/\/www.leselfes.com\/pt-br\/21-dicas-de-saude-no-acampamento-de-inverno-na-suica\/#DICA_No_18_LAVE_SUAS_MAOS\" title=\"DICA N\u00ba 18: LAVE SUAS M\u00c3OS\">DICA N\u00ba 18: LAVE SUAS M\u00c3OS<\/a><\/li><li class='ez-toc-page-1 ez-toc-heading-level-3'><a class=\"ez-toc-link ez-toc-heading-20\" href=\"https:\/\/www.leselfes.com\/pt-br\/21-dicas-de-saude-no-acampamento-de-inverno-na-suica\/#DICA19_HIDRATE-SE_COM_FREQUENCIA_%E2%80%93_CUIDE_DE_SUA_PELE\" title=\"DICA#19: HIDRATE-SE COM FREQU\u00caNCIA &#8211; CUIDE DE SUA PELE\">DICA#19: HIDRATE-SE COM FREQU\u00caNCIA &#8211; CUIDE DE SUA PELE<\/a><\/li><li class='ez-toc-page-1 ez-toc-heading-level-3'><a class=\"ez-toc-link ez-toc-heading-21\" href=\"https:\/\/www.leselfes.com\/pt-br\/21-dicas-de-saude-no-acampamento-de-inverno-na-suica\/#DICA_No_20_BEBA_AGUA_MORNA\" title=\"DICA N\u00ba 20: BEBA \u00c1GUA MORNA\">DICA N\u00ba 20: BEBA \u00c1GUA MORNA<\/a><\/li><li class='ez-toc-page-1 ez-toc-heading-level-3'><a class=\"ez-toc-link ez-toc-heading-22\" href=\"https:\/\/www.leselfes.com\/pt-br\/21-dicas-de-saude-no-acampamento-de-inverno-na-suica\/#DICA21_EXERCICIO\" title=\"DICA#21: EXERC\u00cdCIO\">DICA#21: EXERC\u00cdCIO<\/a><\/li><\/ul><\/li><li class='ez-toc-page-1 ez-toc-heading-level-2'><a class=\"ez-toc-link ez-toc-heading-23\" href=\"https:\/\/www.leselfes.com\/pt-br\/21-dicas-de-saude-no-acampamento-de-inverno-na-suica\/#QUAIS_SAO_ALGUNS_DOS_BENEFICIOS_DO_ACAMPAMENTO_DE_INVERNO\" title=\"QUAIS S\u00c3O ALGUNS DOS BENEF\u00cdCIOS DO ACAMPAMENTO DE INVERNO?\">QUAIS S\u00c3O ALGUNS DOS BENEF\u00cdCIOS DO ACAMPAMENTO DE INVERNO?<\/a><ul class='ez-toc-list-level-3' ><li class='ez-toc-heading-level-3'><a class=\"ez-toc-link ez-toc-heading-24\" href=\"https:\/\/www.leselfes.com\/pt-br\/21-dicas-de-saude-no-acampamento-de-inverno-na-suica\/#A_SUICA_E_UM_DESTINO_INCRIVEL_PARA_ACAMPAMENTOS_DE_INVERNO\" title=\"A SU\u00cd\u00c7A \u00c9 UM DESTINO INCR\u00cdVEL PARA ACAMPAMENTOS DE INVERNO\">A SU\u00cd\u00c7A \u00c9 UM DESTINO INCR\u00cdVEL PARA ACAMPAMENTOS DE INVERNO<\/a><\/li><li class='ez-toc-page-1 ez-toc-heading-level-3'><a class=\"ez-toc-link ez-toc-heading-25\" href=\"https:\/\/www.leselfes.com\/pt-br\/21-dicas-de-saude-no-acampamento-de-inverno-na-suica\/#APROVEITAR_E_APRENDER_COM_OS_COLEGAS_DE_IDADE\" title=\"APROVEITAR E APRENDER COM OS COLEGAS DE IDADE\">APROVEITAR E APRENDER COM OS COLEGAS DE IDADE<\/a><\/li><li class='ez-toc-page-1 ez-toc-heading-level-3'><a class=\"ez-toc-link ez-toc-heading-26\" href=\"https:\/\/www.leselfes.com\/pt-br\/21-dicas-de-saude-no-acampamento-de-inverno-na-suica\/#EXPERIENCIAS_EM_ACAMPAMENTOS_DE_INVERNO_AUMENTAM_A_AUTOESTIMA\" title=\"EXPERI\u00caNCIAS EM ACAMPAMENTOS DE INVERNO AUMENTAM A AUTOESTIMA\">EXPERI\u00caNCIAS EM ACAMPAMENTOS DE INVERNO AUMENTAM A AUTOESTIMA<\/a><\/li><li class='ez-toc-page-1 ez-toc-heading-level-3'><a class=\"ez-toc-link ez-toc-heading-27\" href=\"https:\/\/www.leselfes.com\/pt-br\/21-dicas-de-saude-no-acampamento-de-inverno-na-suica\/#DIVERSAO_E_AVENTURA_DURANTE_O_ACAMPAMENTO_DE_INVERNO\" title=\"DIVERS\u00c3O E AVENTURA DURANTE O ACAMPAMENTO DE INVERNO\">DIVERS\u00c3O E AVENTURA DURANTE O ACAMPAMENTO DE INVERNO<\/a><\/li><li class='ez-toc-page-1 ez-toc-heading-level-3'><a class=\"ez-toc-link ez-toc-heading-28\" href=\"https:\/\/www.leselfes.com\/pt-br\/21-dicas-de-saude-no-acampamento-de-inverno-na-suica\/#ATIVIDADES_DE_APRENDIZADO_DURANTE_O_ACAMPAMENTO_DE_INVERNO\" title=\"ATIVIDADES DE APRENDIZADO DURANTE O ACAMPAMENTO DE INVERNO\">ATIVIDADES DE APRENDIZADO DURANTE O ACAMPAMENTO DE INVERNO<\/a><\/li><li class='ez-toc-page-1 ez-toc-heading-level-3'><a class=\"ez-toc-link ez-toc-heading-29\" href=\"https:\/\/www.leselfes.com\/pt-br\/21-dicas-de-saude-no-acampamento-de-inverno-na-suica\/#OS_ACAMPAMENTOS_DE_INVERNO_ENSINAM_INDEPENDENCIA_E_RESPONSABILIDADE\" title=\"OS ACAMPAMENTOS DE INVERNO ENSINAM INDEPEND\u00caNCIA E RESPONSABILIDADE\">OS ACAMPAMENTOS DE INVERNO ENSINAM INDEPEND\u00caNCIA E RESPONSABILIDADE<\/a><\/li><\/ul><\/li><\/ul><\/nav><\/div>\n<\/h4>\n<p><!-- wp:paragraph --><\/p>\n<p>Alguns problemas de sa\u00fade s\u00e3o mais dif\u00edceis de detectar, especialmente quando se trata de campistas mais jovens. Por exemplo, jovens adultos com depress\u00e3o ou problemas de sa\u00fade mental podem n\u00e3o apresentar seu estado de sa\u00fade at\u00e9 que seja tarde demais. Alertar os organizadores significa que eles podem monitorar os campistas afetados mais de perto.  <\/p>\n<p><!-- \/wp:paragraph --><!-- wp:heading {\"level\":3} --><\/p>\n<h3><span class=\"ez-toc-section\" id=\"DICA_No_4_TOMANDO_MEDICAMENTOS_PRESCRITOS\"><\/span>DICA N\u00ba 4: TOMANDO MEDICAMENTOS PRESCRITOS<span class=\"ez-toc-section-end\"><\/span><\/h3>\n<p><!-- \/wp:heading --><!-- wp:paragraph --><\/p>\n<p>Continuando com a dica anterior, os campistas devem manter o cronograma de medicamentos prescritos que possam ter enquanto estiverem no acampamento. Para os jovens adultos, isso \u00e9 mais f\u00e1cil, pois basta levar o medicamento para o acampamento e continuar a tom\u00e1-lo. Os campistas mais jovens precisam ser monitorados por um supervisor ou cuidador adulto para garantir que estejam fazendo o mesmo. Os campistas mais jovens precisam ser monitorados por um supervisor ou zelador adulto para garantir que estejam fazendo o mesmo.  <\/p>\n<p><!-- \/wp:paragraph --><!-- wp:paragraph --><\/p>\n<p>Da mesma forma, \u00e9 importante que os pais de jovens campistas que estejam tomando rem\u00e9dios avisem os organizadores do acampamento para que o m\u00e9dico do local possa garantir que eles estejam tomando os rem\u00e9dios corretamente. Embora seja f\u00e1cil providenciar transporte para um centro m\u00e9dico em Zurique, Genebra ou em qualquer cidade grande pr\u00f3xima ao acampamento, \u00e0s vezes isso pode n\u00e3o ajudar se um incidente for relatado tardiamente. <\/p>\n<p><!-- \/wp:paragraph --><!-- wp:heading {\"level\":3} --><\/p>\n<h3><span class=\"ez-toc-section\" id=\"DICA_No_5_SIGA_OS_PROTOCOLOS_DE_SEGURANCA_DO_ACAMPAMENTO\"><\/span>DICA N\u00ba 5: SIGA OS PROTOCOLOS DE SEGURAN\u00c7A DO ACAMPAMENTO<span class=\"ez-toc-section-end\"><\/span><\/h3>\n<p><!-- \/wp:heading --><!-- wp:paragraph --><\/p>\n<p>Muitos acampamentos de inverno t\u00eam protocolos de seguran\u00e7a abrangentes que os campistas devem seguir para se manterem saud\u00e1veis e seguros. Voc\u00ea receber\u00e1 esses protocolos de seguran\u00e7a em formato impresso ou eles ser\u00e3o comunicados a voc\u00ea na chegada. Por exemplo, os organizadores dos acampamentos de inverno na Su\u00ed\u00e7a podem exigir que os jovens adultos evitem entrar em contato com plantas ou animais perigosos.  <\/p>\n<p><!-- \/wp:paragraph --><!-- wp:heading {\"level\":3} --><\/p>\n<h3><span class=\"ez-toc-section\" id=\"DICA_No_6_EVITE_AGUA_CONTAMINADA\"><\/span>DICA N\u00ba 6: EVITE \u00c1GUA CONTAMINADA<span class=\"ez-toc-section-end\"><\/span><\/h3>\n<p><!-- \/wp:heading --><!-- wp:paragraph --><\/p>\n<p>Sempre beba \u00e1gua limpa fornecida pelos organizadores do acampamento para evitar doen\u00e7as transmitidas pela \u00e1gua, como diarreia, febre tifoide, c\u00f3lera, ameb\u00edase, hepatite, sarna, infec\u00e7\u00f5es por vermes e gastroenterite, s\u00f3 para citar algumas. Mantenha sua garrafa de \u00e1gua com voc\u00ea o tempo todo e hidrate-se sempre que necess\u00e1rio para manter-se saud\u00e1vel no acampamento. <\/p>\n<p><!-- \/wp:paragraph --><!-- wp:image {\"align\":\"center\",\"id\":45852,\"width\":640,\"height\":512,\"sizeSlug\":\"large\",\"linkDestination\":\"none\"} --><\/p>\n<figure><img loading=\"lazy\" decoding=\"async\" src=\"https:\/\/www.leselfes.com\/wp-content\/uploads\/2023\/03\/Avoid-Contaminated-Water-1024x682.jpg\" alt=\"Evite \u00e1gua contaminada\" width=\"640\" height=\"426\"><\/figure>\n<p><!-- \/wp:image --><!-- wp:paragraph --><\/p>\n<p>\u00c0s vezes, crian\u00e7as e jovens adultos tendem a se arriscar e podem acabar bebendo \u00e1gua contaminada de riachos ou remos. Os organizadores do acampamento podem evitar isso monitorando-os o tempo todo e fornecendo \u00e1gua pot\u00e1vel em intervalos regulares. O ideal \u00e9 que as garrafas de \u00e1gua sejam substitu\u00eddas pelo menos uma ou duas vezes por dia e sempre que solicitado.  <\/p>\n<p><!-- \/wp:paragraph --><!-- wp:heading {\"level\":3} --><\/p>\n<h3><span class=\"ez-toc-section\" id=\"DICA_No_7_LIMPE_E_HIGIENIZE_OS_ITENS\"><\/span>DICA N\u00ba 7: LIMPE E HIGIENIZE OS ITENS<span class=\"ez-toc-section-end\"><\/span><\/h3>\n<p><!-- \/wp:heading --><!-- wp:paragraph --><\/p>\n<p>Sempre limpe ou higienize itens pessoais, como sua escova de dentes, toalhas de rosto, fio dental, copos reutiliz\u00e1veis, etc.  &nbsp;A limpeza ou higieniza\u00e7\u00e3o desses itens garante que eles n\u00e3o sejam contaminados por germes causadores de doen\u00e7as.<br \/>\nAl\u00e9m disso, certifique-se de que voc\u00ea os armazena em um local limpo e seco, longe das intemp\u00e9ries e de animais, como roedores, que possam se aventurar em seu acampamento.   &nbsp;<\/p>\n<p><!-- \/wp:paragraph --><!-- wp:heading {\"level\":3} --><\/p>\n<h3><span class=\"ez-toc-section\" id=\"DICA_No_8_CUIDADO_COM_AS_ALERGIAS_ALIMENTARES\"><\/span>DICA N\u00ba 8: CUIDADO COM AS ALERGIAS ALIMENTARES<span class=\"ez-toc-section-end\"><\/span><\/h3>\n<p><!-- \/wp:heading --><!-- wp:paragraph --><\/p>\n<p>As alergias alimentares podem causar s\u00e9rias complica\u00e7\u00f5es de sa\u00fade, especialmente nos campistas mais jovens. Por esse motivo, os pais ou os campistas devem alertar os organizadores com anteced\u00eancia sobre qualquer alergia <a href=\"https:\/\/farrp.unl.edu\/ref-sit-eu\" target=\"_blank\" rel=\"noreferrer noopener\">alimentar<\/a>. A maioria dos organizadores de acampamentos pode preparar um prato separado para os campistas com alergias alimentares conhecidas. Os campistas que apresentarem rea\u00e7\u00f5es al\u00e9rgicas devem avisar o adulto mais pr\u00f3ximo do acampamento para que possam ser atendidos.   <\/p>\n<p><!-- \/wp:paragraph --><!-- wp:heading {\"level\":3} --><\/p>\n<h3><span class=\"ez-toc-section\" id=\"DICA_No_9_DURMA_O_SUFICIENTE\"><\/span>DICA N\u00ba 9: DURMA O SUFICIENTE<span class=\"ez-toc-section-end\"><\/span><\/h3>\n<p><!-- \/wp:heading --><!-- wp:paragraph --><\/p>\n<p>\u00c9 f\u00e1cil se deixar levar pela divers\u00e3o e pelos jogos durante o acampamento de inverno, o que acaba afetando suas horas de sono. Para manter-se saud\u00e1vel, \u00e9 importante que voc\u00ea durma o suficiente, geralmente de 8 a 9 horas por dia para jovens adultos e crian\u00e7as. Evite ficar acordado depois que as luzes se apagarem ou passar muito tempo perto de fogueiras a ponto de voc\u00ea se esquecer de montar sua barraca e dormir.  <\/p>\n<p><!-- \/wp:paragraph --><!-- wp:heading {\"level\":3} --><\/p>\n<h3><span class=\"ez-toc-section\" id=\"DICA_No_10_MANTENHA_VOCE_AQUECIDO\"><\/span>DICA N\u00ba 10: MANTENHA VOC\u00ca AQUECIDO<span class=\"ez-toc-section-end\"><\/span><\/h3>\n<p><!-- \/wp:heading --><!-- wp:paragraph --><\/p>\n<p>Para sua sa\u00fade, sempre se mantenha aquecido vestindo-se bem. Sempre use uma camada extra de roupa e use aquecedores de m\u00e3os, luvas, almofadas quentes para dormir e outros itens essenciais para o clima frio. <\/p>\n<p><!-- \/wp:paragraph --><!-- wp:heading {\"level\":3} --><\/p>\n<h3><span class=\"ez-toc-section\" id=\"DICA11_AJUDE_OS_OUTROS_CAMPISTAS_SEMPRE_QUE_POSSIVEL\"><\/span>DICA#11: AJUDE OS OUTROS CAMPISTAS SEMPRE QUE POSS\u00cdVEL<span class=\"ez-toc-section-end\"><\/span><\/h3>\n<p><!-- \/wp:heading --><!-- wp:paragraph --><\/p>\n<p>\u00c0s vezes, voc\u00ea pode precisar tomar a primeira atitude se perceber um problema com seus colegas no acampamento.&nbsp;  Por exemplo, esteja pronto para ajudar outros campistas que possam ter algum problema ou que sejam muito t\u00edmidos para falar com os supervisores do acampamento sobre algo que os esteja incomodando. Nas sess\u00f5es de esportes em grupo, certifique-se de que seus colegas estejam cumprindo todos os protocolos de seguran\u00e7a e evite fazer coisas que possam causar les\u00f5es. <\/p>\n<p><!-- \/wp:paragraph --><!-- wp:heading {\"level\":3} --><\/p>\n<h3><span class=\"ez-toc-section\" id=\"DICA_No_12_PECA_AJUDA_QUANDO_VOCE_TIVER_DUVIDAS\"><\/span>DICA N\u00ba 12: PE\u00c7A AJUDA QUANDO VOC\u00ca TIVER D\u00daVIDAS<span class=\"ez-toc-section-end\"><\/span><\/h3>\n<p><!-- \/wp:heading --><!-- wp:paragraph --><\/p>\n<p>Os erros podem ser evitados se os campistas pedirem ajuda quando n\u00e3o tiverem certeza de algo. Voc\u00ea pode montar uma barraca, operar um equipamento de patina\u00e7\u00e3o no gelo, explorar trilhas de ciclismo ou qualquer outra coisa que implique algum risco para o campista. A ajuda est\u00e1 sempre dispon\u00edvel na maioria dos acampamentos e os iniciantes devem estar dispostos a pedi-la o tempo todo.  <\/p>\n<p><!-- \/wp:paragraph --><!-- wp:heading {\"level\":3} --><\/p>\n<h3><span class=\"ez-toc-section\" id=\"DICA13_OBSERVE_OS_HORARIOS_DAS_REFEICOES\"><\/span>DICA#13: OBSERVE OS HOR\u00c1RIOS DAS REFEI\u00c7\u00d5ES<span class=\"ez-toc-section-end\"><\/span><\/h3>\n<p><!-- \/wp:heading --><!-- wp:paragraph --><\/p>\n<p>\u00c9 importante manter os hor\u00e1rios das refei\u00e7\u00f5es em dia para que voc\u00ea n\u00e3o passe fome ou tenha que comer comida fria no acampamento de inverno. Uma boa dieta durante o acampamento mant\u00e9m seus n\u00edveis de energia ideais e garante que voc\u00ea tenha todos os nutrientes necess\u00e1rios para combater infec\u00e7\u00f5es causadas pelo frio. <\/p>\n<p><!-- \/wp:paragraph --><!-- wp:heading {\"level\":3} --><\/p>\n<h3><span class=\"ez-toc-section\" id=\"DICA_No_14_MANTENHA_A_HIGIENE\"><\/span>DICA N\u00ba 14: MANTENHA A HIGIENE<span class=\"ez-toc-section-end\"><\/span><\/h3>\n<p><!-- \/wp:heading --><!-- wp:paragraph --><\/p>\n<p>A higiene pessoal \u00e9 importante, especialmente em um ambiente de acampamento, onde voc\u00ea entra em contato com muitas coisas externas. Certifique-se sempre de tomar um banho quente \u00e0 noite ou pela manh\u00e3, escovar os dentes, lavar as m\u00e3os antes das refei\u00e7\u00f5es, guardar roupas sujas etc. <\/p>\n<p><!-- \/wp:paragraph --><!-- wp:heading {\"level\":3} --><\/p>\n<h3><span class=\"ez-toc-section\" id=\"DICA_15_MANTENHA_SUAS_ROUPAS_DE_CAMA_E_ROUPAS_SECAS\"><\/span>DICA 15: MANTENHA SUAS ROUPAS DE CAMA E ROUPAS SECAS<span class=\"ez-toc-section-end\"><\/span><\/h3>\n<p><!-- \/wp:heading --><!-- wp:paragraph --><\/p>\n<p>\u00c9 f\u00e1cil molhar a roupa de cama e as roupas durante o acampamento de inverno, o que n\u00e3o \u00e9 ideal, especialmente durante a noite. Certifique-se de que suas roupas e roupas de cama estejam secas e adequadamente isoladas das intemp\u00e9ries e guarde ou lave tudo o que estiver molhado em sua barraca ou alojamentos. <\/p>\n<p><!-- \/wp:paragraph --><!-- wp:heading {\"level\":3} --><\/p>\n<h3><span class=\"ez-toc-section\" id=\"DICA_No_16_MANTENHA-SE_AQUECIDO_A_NOITE\"><\/span>DICA N\u00ba 16: MANTENHA-SE AQUECIDO \u00c0 NOITE<span class=\"ez-toc-section-end\"><\/span><\/h3>\n<p><!-- \/wp:image --><!-- wp:paragraph --><\/p>\n<p>As pessoas que administram o acampamento de inverno da Su\u00ed\u00e7a para os jovens tomaram todas as medidas e precau\u00e7\u00f5es para garantir que todos durmam em um ambiente quente e confort\u00e1vel \u00e0 noite. Para se manterem seguros, os campistas devem fazer bom uso das instala\u00e7\u00f5es do acampamento e dos itens de dormir para se manterem aquecidos e saud\u00e1veis \u00e0 noite. Em caso de d\u00favida, pe\u00e7a ajuda a qualquer um dos supervisores do acampamento.  <\/p>\n<p><!-- \/wp:paragraph --><!-- wp:heading {\"level\":3} --><\/p>\n<h3><span class=\"ez-toc-section\" id=\"DICA17_USE_EQUIPAMENTOS_DE_PROTECAO_INDIVIDUAL_O_TEMPO_TODO\"><\/span>DICA#17: USE EQUIPAMENTOS DE PROTE\u00c7\u00c3O INDIVIDUAL O TEMPO TODO<span class=\"ez-toc-section-end\"><\/span><\/h3>\n<p><!-- \/wp:heading --><!-- wp:image {\"align\":\"center\",\"id\":45855,\"width\":640,\"height\":576,\"sizeSlug\":\"large\",\"linkDestination\":\"none\"} --><\/p>\n<figure><img loading=\"lazy\" decoding=\"async\" src=\"https:\/\/www.leselfes.com\/wp-content\/uploads\/2023\/03\/Use-Personal-Protective-Gear-at-All-Times-1024x768.jpg\" alt=\"Use equipamentos de prote\u00e7\u00e3o individual em todos os momentos\" width=\"640\" height=\"480\"><\/figure>\n<p><!-- \/wp:image --><!-- wp:paragraph --><\/p>\n<p>Sempre use equipamentos de prote\u00e7\u00e3o individual quando voc\u00ea estiver participando de atividades potencialmente perigosas, como patina\u00e7\u00e3o no gelo, ciclismo ou alpinismo. Os equipamentos de prote\u00e7\u00e3o individual incluem capacetes, joelheiras, luvas, arneses de escalada e refletores. Geralmente, eles s\u00e3o fornecidos no acampamento.  <\/p>\n<p><!-- \/wp:paragraph --><!-- wp:heading {\"level\":3} --><\/p>\n<h3><span class=\"ez-toc-section\" id=\"DICA_No_18_LAVE_SUAS_MAOS\"><\/span>DICA N\u00ba 18: LAVE SUAS M\u00c3OS<span class=\"ez-toc-section-end\"><\/span><\/h3>\n<p><!-- \/wp:heading --><!-- wp:paragraph --><\/p>\n<p>A lavagem das m\u00e3os \u00e9 muito importante para todos no acampamento, especialmente antes e depois das refei\u00e7\u00f5es. Suas m\u00e3os podem estar carregando germes e outras subst\u00e2ncias nocivas de suas atividades di\u00e1rias que podem entrar em seu corpo e deix\u00e1-lo doente. Certifique-se de lav\u00e1-las adequadamente antes e depois das refei\u00e7\u00f5es, depois de espirrar ou assoar o nariz e depois de tocar em sujeira durante o dia.  <\/p>\n<p><!-- \/wp:paragraph --><!-- wp:heading {\"level\":3} --><\/p>\n<h3><span class=\"ez-toc-section\" id=\"DICA19_HIDRATE-SE_COM_FREQUENCIA_%E2%80%93_CUIDE_DE_SUA_PELE\"><\/span>DICA#19: HIDRATE-SE COM FREQU\u00caNCIA &#8211; CUIDE DE SUA PELE<span class=\"ez-toc-section-end\"><\/span><\/h3>\n<p><!-- \/wp:heading --><!-- wp:paragraph --><\/p>\n<p>Temperaturas abaixo de zero significam que sua pele secar\u00e1 mais r\u00e1pido do que o normal, o que pode representar um perigo para a sua sa\u00fade. Cuide da sua pele mantendo uma lo\u00e7\u00e3o ou um hidratante com voc\u00ea o tempo todo e usando-o quando a pele ficar seca. <\/p>\n<p><!-- \/wp:paragraph --><!-- wp:heading {\"level\":3} --><\/p>\n<h3><span class=\"ez-toc-section\" id=\"DICA_No_20_BEBA_AGUA_MORNA\"><\/span>DICA N\u00ba 20: BEBA \u00c1GUA MORNA<span class=\"ez-toc-section-end\"><\/span><\/h3>\n<p><!-- \/wp:heading --><!-- wp:paragraph --><\/p>\n<p>Recomenda-se beber \u00e1gua morna durante o clima, especialmente se voc\u00ea estiver exposto a intemp\u00e9ries ao ar livre. A \u00e1gua morna ajuda a lavar os v\u00edrus e germes do seu sistema e mant\u00e9m voc\u00ea hidratado. <\/p>\n<p><!-- \/wp:paragraph --><!-- wp:heading {\"level\":3} --><\/p>\n<h3><span class=\"ez-toc-section\" id=\"DICA21_EXERCICIO\"><\/span>DICA#21: EXERC\u00cdCIO<span class=\"ez-toc-section-end\"><\/span><\/h3>\n<p><!-- \/wp:heading --><!-- wp:paragraph --><\/p>\n<p>N\u00e3o se esque\u00e7a de se exercitar participando de atividades f\u00edsicas durante o acampamento de inverno. O exerc\u00edcio mant\u00e9m a circula\u00e7\u00e3o sangu\u00ednea em n\u00edveis ideais e, em geral, \u00e9 bom para a sa\u00fade. <\/p>\n<p><!-- \/wp:paragraph --><!-- wp:heading --><\/p>\n<h2><span class=\"ez-toc-section\" id=\"QUAIS_SAO_ALGUNS_DOS_BENEFICIOS_DO_ACAMPAMENTO_DE_INVERNO\"><\/span>QUAIS S\u00c3O ALGUNS DOS BENEF\u00cdCIOS DO ACAMPAMENTO DE INVERNO?<span class=\"ez-toc-section-end\"><\/span><\/h2>\n<p><!-- \/wp:heading --><!-- wp:paragraph --><\/p>\n<p>H\u00e1 muitos motivos para voc\u00ea considerar a possibilidade de mandar seus filhos para um acampamento de inverno na Su\u00ed\u00e7a ou participar de um se voc\u00ea for um jovem adulto. Aqui est\u00e3o alguns deles: <\/p>\n<p><!-- \/wp:paragraph --><!-- wp:heading {\"level\":3} --><\/p>\n<h3><span class=\"ez-toc-section\" id=\"A_SUICA_E_UM_DESTINO_INCRIVEL_PARA_ACAMPAMENTOS_DE_INVERNO\"><\/span>A SU\u00cd\u00c7A \u00c9 UM DESTINO INCR\u00cdVEL PARA ACAMPAMENTOS DE INVERNO<span class=\"ez-toc-section-end\"><\/span><\/h3>\n<p><!-- \/wp:heading --><!-- wp:paragraph --><\/p>\n<p>N\u00e3o h\u00e1 d\u00favida de que a Su\u00ed\u00e7a \u00e9 um dos destinos de f\u00e9rias de inverno mais populares da Europa. Todos os anos, milhares de pessoas de todo o mundo visitam a Su\u00ed\u00e7a para desfrutar de suas magn\u00edficas paisagens, participar de atividades divertidas nas montanhas e aproveitar todas as coisas boas que esse pa\u00eds tem a oferecer. <\/p>\n<p><!-- \/wp:paragraph --><!-- wp:paragraph --><\/p>\n<p>Os visitantes t\u00eam a garantia de que poder\u00e3o desfrutar de todas as atividades divertidas e educacionais poss\u00edveis na Su\u00ed\u00e7a, mais do que em qualquer outro lugar no espa\u00e7o Schengen. Os Alpes su\u00ed\u00e7os e os in\u00fameros destinos de inverno na Su\u00ed\u00e7a est\u00e3o entre os mais populares da regi\u00e3o. <\/p>\n<p><!-- \/wp:paragraph --><!-- wp:heading {\"level\":3} --><\/p>\n<h3><span class=\"ez-toc-section\" id=\"APROVEITAR_E_APRENDER_COM_OS_COLEGAS_DE_IDADE\"><\/span>APROVEITAR E APRENDER COM OS COLEGAS DE IDADE<span class=\"ez-toc-section-end\"><\/span><\/h3>\n<p><!-- \/wp:heading --><!-- wp:image {\"align\":\"center\",\"id\":45857,\"width\":640,\"sizeSlug\":\"large\",\"linkDestination\":\"none\"} --><\/p>\n<figure><img loading=\"lazy\" decoding=\"async\" src=\"https:\/\/www.leselfes.com\/wp-content\/uploads\/2023\/03\/Enjoying-and-Learning-with-Agemates-1024x682.jpg\" alt=\"Aproveitando e aprendendo com os colegas da Agemates\" width=\"640\" height=\"426\"><\/figure>\n<p><!-- \/wp:image --><!-- wp:paragraph --><\/p>\n<p>Participar de um acampamento de inverno significa juntar-se a colegas de idade de todo o mundo em um ambiente repleto de divers\u00e3o. Les Elfes est\u00e1 entre os principais organizadores de acampamentos de inverno que recebem crian\u00e7as e jovens adultos de todo o mundo. As experi\u00eancias e os acampamentos s\u00e3o geralmente divididos em grupos et\u00e1rios para uma melhor din\u00e2mica de grupo.  <\/p>\n<p><!-- \/wp:paragraph --><!-- wp:heading {\"level\":3} --><\/p>\n<h3><span class=\"ez-toc-section\" id=\"EXPERIENCIAS_EM_ACAMPAMENTOS_DE_INVERNO_AUMENTAM_A_AUTOESTIMA\"><\/span>EXPERI\u00caNCIAS EM ACAMPAMENTOS DE INVERNO AUMENTAM A AUTOESTIMA<span class=\"ez-toc-section-end\"><\/span><\/h3>\n<p><!-- \/wp:heading --><!-- wp:paragraph --><\/p>\n<p>Participar de um acampamento de inverno ou de ver\u00e3o \u00e9 uma \u00f3tima maneira de aumentar a confian\u00e7a, pois os participantes t\u00eam a oportunidade de interagir positivamente com outras pessoas em um ambiente controlado e seguro. N\u00e3o importa se \u00e9 um breve acampamento de um dia ou um longo acampamento que se estende por todo o inverno. Est\u00e1 comprovado que essas experi\u00eancias aumentam a autoestima dos jovens e das crian\u00e7as, especialmente dos t\u00edmidos.    &nbsp;<\/p>\n<p><!-- \/wp:paragraph --><!-- wp:heading {\"level\":3} --><\/p>\n<h3><span class=\"ez-toc-section\" id=\"DIVERSAO_E_AVENTURA_DURANTE_O_ACAMPAMENTO_DE_INVERNO\"><\/span>DIVERS\u00c3O E AVENTURA DURANTE O ACAMPAMENTO DE INVERNO<span class=\"ez-toc-section-end\"><\/span><\/h3>\n<p><!-- \/wp:heading --><!-- wp:paragraph --><\/p>\n<p>Talvez o aspecto mais atraente de ir a um acampamento de inverno ou de ver\u00e3o seja a divers\u00e3o e as atividades de aventura que os participantes podem realizar. Alguns exemplos de atividades de inverno para todas as faixas et\u00e1rias que visitam a Su\u00ed\u00e7a incluem: <\/p>\n<p><!-- \/wp:paragraph --><!-- wp:list --><\/p>\n<ul>\n<li>Aventuras ao ar livre &#8211; caminhadas, observa\u00e7\u00e3o de p\u00e1ssaros, explora\u00e7\u00e3o, constru\u00e7\u00e3o de bonecos de neve, etc.<\/li>\n<li>Atividades de esqui e snowboard &#8211; Os acampamentos geralmente ficam perto de uma esta\u00e7\u00e3o de esqui com instrutores profissionais e equipamentos de seguran\u00e7a.<\/li>\n<li>Tren\u00f3<\/li>\n<li>Jogos de h\u00f3quei e outros esportes de inverno envolventes<\/li>\n<li>Edif\u00edcio Igloo<\/li>\n<li>Patina\u00e7\u00e3o no gelo<\/li>\n<li>Festas com discoteca<\/li>\n<li>Jogos e desafios em grupo<\/li>\n<li>Escalada em rocha &#8211; com instrutores e equipamentos de escalada dispon\u00edveis<\/li>\n<\/ul>\n<p><!-- \/wp:list --><!-- wp:paragraph --><\/p>\n<p>A maioria dos jovens adultos ou crian\u00e7as estar\u00e1 ansiosa para viajar se voc\u00ea contar a eles sobre o itiner\u00e1rio do acampamento de inverno. Para os jovens adultos, essa \u00e9 uma boa oportunidade de ter experi\u00eancias memor\u00e1veis no melhor destino de f\u00e9rias de inverno da Europa. <\/p>\n<p><!-- \/wp:paragraph --><!-- wp:heading {\"level\":3} --><\/p>\n<h3><span class=\"ez-toc-section\" id=\"ATIVIDADES_DE_APRENDIZADO_DURANTE_O_ACAMPAMENTO_DE_INVERNO\"><\/span>ATIVIDADES DE APRENDIZADO DURANTE O ACAMPAMENTO DE INVERNO<span class=\"ez-toc-section-end\"><\/span><\/h3>\n<p><!-- \/wp:heading --><!-- wp:paragraph --><\/p>\n<p>Os acampamentos de inverno tamb\u00e9m oferecem a oportunidade de aprender novas habilidades, como idiomas estrangeiros, falar em p\u00fablico, trabalho em equipe, contar hist\u00f3rias, pensamento cr\u00edtico, ortografia, matem\u00e1tica b\u00e1sica, etc. Outros acampamentos de inverno tamb\u00e9m incluem atividades de aprendizado mais complexas, como escalada em rocha, habilidades de sobreviv\u00eancia, autodefesa, intelig\u00eancia emocional e muito mais. <\/p>\n<p><!-- \/wp:paragraph --><!-- wp:heading {\"level\":3} --><\/p>\n<h3><span class=\"ez-toc-section\" id=\"OS_ACAMPAMENTOS_DE_INVERNO_ENSINAM_INDEPENDENCIA_E_RESPONSABILIDADE\"><\/span>OS ACAMPAMENTOS DE INVERNO ENSINAM INDEPEND\u00caNCIA E RESPONSABILIDADE<span class=\"ez-toc-section-end\"><\/span><\/h3>\n<p><!-- \/wp:heading --><!-- wp:paragraph --><\/p>\n<p>Uma desvantagem negligenciada de manter os jovens em um ambiente familiar e &#8220;seguro&#8221; \u00e9 o fato de que isso elimina ou retarda o desejo de serem independentes. Eles nunca experimentam coisas novas, correm riscos ou assumem a responsabilidade de realizar algo sem supervis\u00e3o. Os acampamentos de inverno geralmente consistem em coloc\u00e1-los em ambientes desafiadores, onde possam ser independentes e respons\u00e1veis.  <\/p>\n<p><!-- \/wp:paragraph --><!-- wp:paragraph {\"align\":\"center\"} --><\/p>\n<p><a href=\"https:\/\/www.leselfes.com\/pt-br\/?page_id=90080\" target=\"_blank\" rel=\"noopener\"><button style=\"background-color: #1e93c2; color: #fff; border: #E2804A;\" type=\"button\">Participe do Acampamento de Inverno na Su\u00ed\u00e7a<\/button><\/a><\/p>\n<p><!-- \/wp:paragraph --><\/p>\n","protected":false},"excerpt":{"rendered":"<p>Passar alguns dias em um acampamento de inverno na Su\u00ed\u00e7a pode ser uma experi\u00eancia divertida e desafiadora. Neste guia, discutimos importantes precau\u00e7\u00f5es de sa\u00fade que os jovens campistas devem tomar&#8230;<\/p>\n","protected":false},"author":1,"featured_media":79484,"comment_status":"closed","ping_status":"open","sticky":false,"template":"","format":"standard","meta":{"_acf_changed":false,"inline_featured_image":false,"footnotes":""},"categories":[1350,1351],"tags":[1513],"class_list":{"0":"post-93336","1":"post","2":"type-post","3":"status-publish","4":"format-standard","5":"has-post-thumbnail","7":"category-acampamento-de-inverno-pt-br","8":"category-artigos-pt-br","9":"tag-acampamento-de-inverno-pt-br"},"acf":[],"yoast_head":"<!-- This site is optimized with the Yoast SEO Premium plugin v24.2 (Yoast SEO v24.7) - https:\/\/yoast.com\/wordpress\/plugins\/seo\/ -->\n<title>21 dicas de sa\u00fade no acampamento de inverno na Su\u00ed\u00e7a<\/title>\n<meta name=\"description\" content=\"Ir para um acampamento de inverno \u00e9 um processo que requer um planejamento cuidadoso. Leia estas dicas de sa\u00fade no acampamento de inverno na Su\u00ed\u00e7a.\" \/>\n<meta name=\"robots\" content=\"index, follow, max-snippet:-1, max-image-preview:large, max-video-preview:-1\" \/>\n<link rel=\"canonical\" href=\"https:\/\/www.leselfes.com\/pt-br\/21-dicas-de-saude-no-acampamento-de-inverno-na-suica\/\" \/>\n<meta property=\"og:locale\" content=\"pt_BR\" \/>\n<meta property=\"og:type\" content=\"article\" \/>\n<meta property=\"og:title\" content=\"21 dicas de sa\u00fade no acampamento de inverno na Su\u00ed\u00e7a\" \/>\n<meta property=\"og:description\" content=\"Ir para um acampamento de inverno \u00e9 um processo que requer um planejamento cuidadoso. Leia estas dicas de sa\u00fade no acampamento de inverno na Su\u00ed\u00e7a.\" \/>\n<meta property=\"og:url\" content=\"https:\/\/www.leselfes.com\/pt-br\/21-dicas-de-saude-no-acampamento-de-inverno-na-suica\/\" \/>\n<meta property=\"og:site_name\" content=\"Les Elfes International Camps Switzerland\" \/>\n<meta property=\"article:publisher\" content=\"https:\/\/www.facebook.com\/LesElfesVerbier\" \/>\n<meta property=\"article:published_time\" content=\"2022-09-12T05:46:08+00:00\" \/>\n<meta property=\"article:modified_time\" content=\"2024-11-12T11:38:50+00:00\" \/>\n<meta property=\"og:image\" content=\"https:\/\/dev.leselfes.com\/wp-content\/uploads\/2022\/09\/21-Health-Tips-at-Winter-Camp-in-Switzerland.jpg\" \/>\n\t<meta property=\"og:image:width\" content=\"975\" \/>\n\t<meta property=\"og:image:height\" content=\"675\" \/>\n\t<meta property=\"og:image:type\" content=\"image\/jpeg\" \/>\n<meta name=\"author\" content=\"lesadmin\" \/>\n<meta name=\"twitter:card\" content=\"summary_large_image\" \/>\n<meta name=\"twitter:creator\" content=\"@LesElfesCamps\" \/>\n<meta name=\"twitter:site\" content=\"@LesElfesCamps\" \/>\n<meta name=\"twitter:label1\" content=\"Escrito por\" \/>\n\t<meta name=\"twitter:data1\" content=\"lesadmin\" \/>\n\t<meta name=\"twitter:label2\" content=\"Est. tempo de leitura\" \/>\n\t<meta name=\"twitter:data2\" content=\"13 minutos\" \/>\n<script type=\"application\/ld+json\" class=\"yoast-schema-graph\">{\"@context\":\"https:\/\/schema.org\",\"@graph\":[{\"@type\":\"Article\",\"@id\":\"https:\/\/www.leselfes.com\/pt-br\/21-dicas-de-saude-no-acampamento-de-inverno-na-suica\/#article\",\"isPartOf\":{\"@id\":\"https:\/\/www.leselfes.com\/pt-br\/21-dicas-de-saude-no-acampamento-de-inverno-na-suica\/\"},\"author\":{\"name\":\"lesadmin\",\"@id\":\"https:\/\/dev.leselfes.com\/#\/schema\/person\/407a229698868b8c603874b19f37f289\"},\"headline\":\"21 dicas de sa\u00fade no acampamento de inverno na Su\u00ed\u00e7a\",\"datePublished\":\"2022-09-12T05:46:08+00:00\",\"dateModified\":\"2024-11-12T11:38:50+00:00\",\"mainEntityOfPage\":{\"@id\":\"https:\/\/www.leselfes.com\/pt-br\/21-dicas-de-saude-no-acampamento-de-inverno-na-suica\/\"},\"wordCount\":2611,\"publisher\":{\"@id\":\"https:\/\/dev.leselfes.com\/#organization\"},\"image\":{\"@id\":\"https:\/\/www.leselfes.com\/pt-br\/21-dicas-de-saude-no-acampamento-de-inverno-na-suica\/#primaryimage\"},\"thumbnailUrl\":\"https:\/\/www.leselfes.com\/wp-content\/uploads\/2022\/09\/21-Health-Tips-at-Winter-Camp-in-Switzerland.jpg\",\"keywords\":[\"acampamento de inverno\"],\"articleSection\":[\"Acampamento de inverno\",\"Artigos\"],\"inLanguage\":\"pt-BR\"},{\"@type\":\"WebPage\",\"@id\":\"https:\/\/www.leselfes.com\/pt-br\/21-dicas-de-saude-no-acampamento-de-inverno-na-suica\/\",\"url\":\"https:\/\/www.leselfes.com\/pt-br\/21-dicas-de-saude-no-acampamento-de-inverno-na-suica\/\",\"name\":\"21 dicas de sa\u00fade no acampamento de inverno na Su\u00ed\u00e7a\",\"isPartOf\":{\"@id\":\"https:\/\/dev.leselfes.com\/#website\"},\"primaryImageOfPage\":{\"@id\":\"https:\/\/www.leselfes.com\/pt-br\/21-dicas-de-saude-no-acampamento-de-inverno-na-suica\/#primaryimage\"},\"image\":{\"@id\":\"https:\/\/www.leselfes.com\/pt-br\/21-dicas-de-saude-no-acampamento-de-inverno-na-suica\/#primaryimage\"},\"thumbnailUrl\":\"https:\/\/www.leselfes.com\/wp-content\/uploads\/2022\/09\/21-Health-Tips-at-Winter-Camp-in-Switzerland.jpg\",\"datePublished\":\"2022-09-12T05:46:08+00:00\",\"dateModified\":\"2024-11-12T11:38:50+00:00\",\"description\":\"Ir para um acampamento de inverno \u00e9 um processo que requer um planejamento cuidadoso. Leia estas dicas de sa\u00fade no acampamento de inverno na Su\u00ed\u00e7a.\",\"breadcrumb\":{\"@id\":\"https:\/\/www.leselfes.com\/pt-br\/21-dicas-de-saude-no-acampamento-de-inverno-na-suica\/#breadcrumb\"},\"inLanguage\":\"pt-BR\",\"potentialAction\":[{\"@type\":\"ReadAction\",\"target\":[\"https:\/\/www.leselfes.com\/pt-br\/21-dicas-de-saude-no-acampamento-de-inverno-na-suica\/\"]}]},{\"@type\":\"ImageObject\",\"inLanguage\":\"pt-BR\",\"@id\":\"https:\/\/www.leselfes.com\/pt-br\/21-dicas-de-saude-no-acampamento-de-inverno-na-suica\/#primaryimage\",\"url\":\"https:\/\/www.leselfes.com\/wp-content\/uploads\/2022\/09\/21-Health-Tips-at-Winter-Camp-in-Switzerland.jpg\",\"contentUrl\":\"https:\/\/www.leselfes.com\/wp-content\/uploads\/2022\/09\/21-Health-Tips-at-Winter-Camp-in-Switzerland.jpg\",\"width\":975,\"height\":675},{\"@type\":\"BreadcrumbList\",\"@id\":\"https:\/\/www.leselfes.com\/pt-br\/21-dicas-de-saude-no-acampamento-de-inverno-na-suica\/#breadcrumb\",\"itemListElement\":[{\"@type\":\"ListItem\",\"position\":1,\"name\":\"Home\",\"item\":\"https:\/\/www.leselfes.com\/pt-br\/\"},{\"@type\":\"ListItem\",\"position\":2,\"name\":\"21 dicas de sa\u00fade no acampamento de inverno na Su\u00ed\u00e7a\"}]},{\"@type\":\"WebSite\",\"@id\":\"https:\/\/dev.leselfes.com\/#website\",\"url\":\"https:\/\/dev.leselfes.com\/\",\"name\":\"Les Elfes International\",\"description\":\"Les Elfes International, Verbier Switzerland. Summer Camp, Winter Camp, Spring Camps.\",\"publisher\":{\"@id\":\"https:\/\/dev.leselfes.com\/#organization\"},\"alternateName\":\"Les Elfes International\",\"potentialAction\":[{\"@type\":\"SearchAction\",\"target\":{\"@type\":\"EntryPoint\",\"urlTemplate\":\"https:\/\/dev.leselfes.com\/?s={search_term_string}\"},\"query-input\":{\"@type\":\"PropertyValueSpecification\",\"valueRequired\":true,\"valueName\":\"search_term_string\"}}],\"inLanguage\":\"pt-BR\"},{\"@type\":\"Organization\",\"@id\":\"https:\/\/dev.leselfes.com\/#organization\",\"name\":\"Les Elfes International\",\"alternateName\":\"Les Elfes International\",\"url\":\"https:\/\/dev.leselfes.com\/\",\"logo\":{\"@type\":\"ImageObject\",\"inLanguage\":\"pt-BR\",\"@id\":\"https:\/\/dev.leselfes.com\/#\/schema\/logo\/image\/\",\"url\":\"https:\/\/www.leselfes.com\/wp-content\/uploads\/2022\/03\/leselfes-logo.png\",\"contentUrl\":\"https:\/\/www.leselfes.com\/wp-content\/uploads\/2022\/03\/leselfes-logo.png\",\"width\":233,\"height\":51,\"caption\":\"Les Elfes International\"},\"image\":{\"@id\":\"https:\/\/dev.leselfes.com\/#\/schema\/logo\/image\/\"},\"sameAs\":[\"https:\/\/www.facebook.com\/LesElfesVerbier\",\"https:\/\/x.com\/LesElfesCamps\",\"https:\/\/www.instagram.com\/leselfes\",\"https:\/\/www.linkedin.com\/company\/les-elfes-international\",\"https:\/\/www.youtube.com\/user\/LesElfesVerbier\"]},{\"@type\":\"Person\",\"@id\":\"https:\/\/dev.leselfes.com\/#\/schema\/person\/407a229698868b8c603874b19f37f289\",\"name\":\"lesadmin\",\"image\":{\"@type\":\"ImageObject\",\"inLanguage\":\"pt-BR\",\"@id\":\"https:\/\/dev.leselfes.com\/#\/schema\/person\/image\/\",\"url\":\"https:\/\/secure.gravatar.com\/avatar\/fdb243a028df450397b3632d862f87f6?s=96&d=mm&r=g\",\"contentUrl\":\"https:\/\/secure.gravatar.com\/avatar\/fdb243a028df450397b3632d862f87f6?s=96&d=mm&r=g\",\"caption\":\"lesadmin\"},\"url\":\"https:\/\/www.leselfes.com\/pt-br\/author\/lesadmin\/\"}]}<\/script>\n<!-- \/ Yoast SEO Premium plugin. -->","yoast_head_json":{"title":"21 dicas de sa\u00fade no acampamento de inverno na Su\u00ed\u00e7a","description":"Ir para um acampamento de inverno \u00e9 um processo que requer um planejamento cuidadoso. Leia estas dicas de sa\u00fade no acampamento de inverno na Su\u00ed\u00e7a.","robots":{"index":"index","follow":"follow","max-snippet":"max-snippet:-1","max-image-preview":"max-image-preview:large","max-video-preview":"max-video-preview:-1"},"canonical":"https:\/\/www.leselfes.com\/pt-br\/21-dicas-de-saude-no-acampamento-de-inverno-na-suica\/","og_locale":"pt_BR","og_type":"article","og_title":"21 dicas de sa\u00fade no acampamento de inverno na Su\u00ed\u00e7a","og_description":"Ir para um acampamento de inverno \u00e9 um processo que requer um planejamento cuidadoso. Leia estas dicas de sa\u00fade no acampamento de inverno na Su\u00ed\u00e7a.","og_url":"https:\/\/www.leselfes.com\/pt-br\/21-dicas-de-saude-no-acampamento-de-inverno-na-suica\/","og_site_name":"Les Elfes International Camps Switzerland","article_publisher":"https:\/\/www.facebook.com\/LesElfesVerbier","article_published_time":"2022-09-12T05:46:08+00:00","article_modified_time":"2024-11-12T11:38:50+00:00","og_image":[{"width":975,"height":675,"url":"https:\/\/dev.leselfes.com\/wp-content\/uploads\/2022\/09\/21-Health-Tips-at-Winter-Camp-in-Switzerland.jpg","type":"image\/jpeg"}],"author":"lesadmin","twitter_card":"summary_large_image","twitter_creator":"@LesElfesCamps","twitter_site":"@LesElfesCamps","twitter_misc":{"Escrito por":"lesadmin","Est. tempo de leitura":"13 minutos"},"schema":{"@context":"https:\/\/schema.org","@graph":[{"@type":"Article","@id":"https:\/\/www.leselfes.com\/pt-br\/21-dicas-de-saude-no-acampamento-de-inverno-na-suica\/#article","isPartOf":{"@id":"https:\/\/www.leselfes.com\/pt-br\/21-dicas-de-saude-no-acampamento-de-inverno-na-suica\/"},"author":{"name":"lesadmin","@id":"https:\/\/dev.leselfes.com\/#\/schema\/person\/407a229698868b8c603874b19f37f289"},"headline":"21 dicas de sa\u00fade no acampamento de inverno na Su\u00ed\u00e7a","datePublished":"2022-09-12T05:46:08+00:00","dateModified":"2024-11-12T11:38:50+00:00","mainEntityOfPage":{"@id":"https:\/\/www.leselfes.com\/pt-br\/21-dicas-de-saude-no-acampamento-de-inverno-na-suica\/"},"wordCount":2611,"publisher":{"@id":"https:\/\/dev.leselfes.com\/#organization"},"image":{"@id":"https:\/\/www.leselfes.com\/pt-br\/21-dicas-de-saude-no-acampamento-de-inverno-na-suica\/#primaryimage"},"thumbnailUrl":"https:\/\/www.leselfes.com\/wp-content\/uploads\/2022\/09\/21-Health-Tips-at-Winter-Camp-in-Switzerland.jpg","keywords":["acampamento de inverno"],"articleSection":["Acampamento de inverno","Artigos"],"inLanguage":"pt-BR"},{"@type":"WebPage","@id":"https:\/\/www.leselfes.com\/pt-br\/21-dicas-de-saude-no-acampamento-de-inverno-na-suica\/","url":"https:\/\/www.leselfes.com\/pt-br\/21-dicas-de-saude-no-acampamento-de-inverno-na-suica\/","name":"21 dicas de sa\u00fade no acampamento de inverno na Su\u00ed\u00e7a","isPartOf":{"@id":"https:\/\/dev.leselfes.com\/#website"},"primaryImageOfPage":{"@id":"https:\/\/www.leselfes.com\/pt-br\/21-dicas-de-saude-no-acampamento-de-inverno-na-suica\/#primaryimage"},"image":{"@id":"https:\/\/www.leselfes.com\/pt-br\/21-dicas-de-saude-no-acampamento-de-inverno-na-suica\/#primaryimage"},"thumbnailUrl":"https:\/\/www.leselfes.com\/wp-content\/uploads\/2022\/09\/21-Health-Tips-at-Winter-Camp-in-Switzerland.jpg","datePublished":"2022-09-12T05:46:08+00:00","dateModified":"2024-11-12T11:38:50+00:00","description":"Ir para um acampamento de inverno \u00e9 um processo que requer um planejamento cuidadoso. Leia estas dicas de sa\u00fade no acampamento de inverno na Su\u00ed\u00e7a.","breadcrumb":{"@id":"https:\/\/www.leselfes.com\/pt-br\/21-dicas-de-saude-no-acampamento-de-inverno-na-suica\/#breadcrumb"},"inLanguage":"pt-BR","potentialAction":[{"@type":"ReadAction","target":["https:\/\/www.leselfes.com\/pt-br\/21-dicas-de-saude-no-acampamento-de-inverno-na-suica\/"]}]},{"@type":"ImageObject","inLanguage":"pt-BR","@id":"https:\/\/www.leselfes.com\/pt-br\/21-dicas-de-saude-no-acampamento-de-inverno-na-suica\/#primaryimage","url":"https:\/\/www.leselfes.com\/wp-content\/uploads\/2022\/09\/21-Health-Tips-at-Winter-Camp-in-Switzerland.jpg","contentUrl":"https:\/\/www.leselfes.com\/wp-content\/uploads\/2022\/09\/21-Health-Tips-at-Winter-Camp-in-Switzerland.jpg","width":975,"height":675},{"@type":"BreadcrumbList","@id":"https:\/\/www.leselfes.com\/pt-br\/21-dicas-de-saude-no-acampamento-de-inverno-na-suica\/#breadcrumb","itemListElement":[{"@type":"ListItem","position":1,"name":"Home","item":"https:\/\/www.leselfes.com\/pt-br\/"},{"@type":"ListItem","position":2,"name":"21 dicas de sa\u00fade no acampamento de inverno na Su\u00ed\u00e7a"}]},{"@type":"WebSite","@id":"https:\/\/dev.leselfes.com\/#website","url":"https:\/\/dev.leselfes.com\/","name":"Les Elfes International","description":"Les Elfes International, Verbier Switzerland. Summer Camp, Winter Camp, Spring Camps.","publisher":{"@id":"https:\/\/dev.leselfes.com\/#organization"},"alternateName":"Les Elfes International","potentialAction":[{"@type":"SearchAction","target":{"@type":"EntryPoint","urlTemplate":"https:\/\/dev.leselfes.com\/?s={search_term_string}"},"query-input":{"@type":"PropertyValueSpecification","valueRequired":true,"valueName":"search_term_string"}}],"inLanguage":"pt-BR"},{"@type":"Organization","@id":"https:\/\/dev.leselfes.com\/#organization","name":"Les Elfes International","alternateName":"Les Elfes International","url":"https:\/\/dev.leselfes.com\/","logo":{"@type":"ImageObject","inLanguage":"pt-BR","@id":"https:\/\/dev.leselfes.com\/#\/schema\/logo\/image\/","url":"https:\/\/www.leselfes.com\/wp-content\/uploads\/2022\/03\/leselfes-logo.png","contentUrl":"https:\/\/www.leselfes.com\/wp-content\/uploads\/2022\/03\/leselfes-logo.png","width":233,"height":51,"caption":"Les Elfes International"},"image":{"@id":"https:\/\/dev.leselfes.com\/#\/schema\/logo\/image\/"},"sameAs":["https:\/\/www.facebook.com\/LesElfesVerbier","https:\/\/x.com\/LesElfesCamps","https:\/\/www.instagram.com\/leselfes","https:\/\/www.linkedin.com\/company\/les-elfes-international","https:\/\/www.youtube.com\/user\/LesElfesVerbier"]},{"@type":"Person","@id":"https:\/\/dev.leselfes.com\/#\/schema\/person\/407a229698868b8c603874b19f37f289","name":"lesadmin","image":{"@type":"ImageObject","inLanguage":"pt-BR","@id":"https:\/\/dev.leselfes.com\/#\/schema\/person\/image\/","url":"https:\/\/secure.gravatar.com\/avatar\/fdb243a028df450397b3632d862f87f6?s=96&d=mm&r=g","contentUrl":"https:\/\/secure.gravatar.com\/avatar\/fdb243a028df450397b3632d862f87f6?s=96&d=mm&r=g","caption":"lesadmin"},"url":"https:\/\/www.leselfes.com\/pt-br\/author\/lesadmin\/"}]}},"_links":{"self":[{"href":"https:\/\/www.leselfes.com\/pt-br\/wp-json\/wp\/v2\/posts\/93336"}],"collection":[{"href":"https:\/\/www.leselfes.com\/pt-br\/wp-json\/wp\/v2\/posts"}],"about":[{"href":"https:\/\/www.leselfes.com\/pt-br\/wp-json\/wp\/v2\/types\/post"}],"author":[{"embeddable":true,"href":"https:\/\/www.leselfes.com\/pt-br\/wp-json\/wp\/v2\/users\/1"}],"replies":[{"embeddable":true,"href":"https:\/\/www.leselfes.com\/pt-br\/wp-json\/wp\/v2\/comments?post=93336"}],"version-history":[{"count":0,"href":"https:\/\/www.leselfes.com\/pt-br\/wp-json\/wp\/v2\/posts\/93336\/revisions"}],"wp:featuredmedia":[{"embeddable":true,"href":"https:\/\/www.leselfes.com\/pt-br\/wp-json\/wp\/v2\/media\/79484"}],"wp:attachment":[{"href":"https:\/\/www.leselfes.com\/pt-br\/wp-json\/wp\/v2\/media?parent=93336"}],"wp:term":[{"taxonomy":"category","embeddable":true,"href":"https:\/\/www.leselfes.com\/pt-br\/wp-json\/wp\/v2\/categories?post=93336"},{"taxonomy":"post_tag","embeddable":true,"href":"https:\/\/www.leselfes.com\/pt-br\/wp-json\/wp\/v2\/tags?post=93336"}],"curies":[{"name":"wp","href":"https:\/\/api.w.org\/{rel}","templated":true}]}}