{"id":93350,"date":"2022-07-27T07:48:48","date_gmt":"2022-07-27T05:48:48","guid":{"rendered":"https:\/\/www.leselfes.com\/verbier-foi-nomeada-a-melhor-estacao-de-esqui-do-mundo\/"},"modified":"2024-11-12T12:39:13","modified_gmt":"2024-11-12T11:39:13","slug":"verbier-foi-nomeada-a-melhor-estacao-de-esqui-do-mundo","status":"publish","type":"post","link":"https:\/\/www.leselfes.com\/pt-br\/verbier-foi-nomeada-a-melhor-estacao-de-esqui-do-mundo\/","title":{"rendered":"Verbier foi nomeada a melhor esta\u00e7\u00e3o de esqui do mundo"},"content":{"rendered":"<\/p>\n\n\n<p>As f\u00e9rias de inverno oferecem in\u00fameras oportunidades para os campistas de diferentes faixas et\u00e1rias participarem de v\u00e1rias atividades divertidas.\nQuer os pais ou respons\u00e1veis escolham um programa de atividades de acampamento de dia inteiro ou de meio dia, \u00e9 muito prov\u00e1vel que as crian\u00e7as aproveitem as f\u00e9rias escolares de inverno. <\/p>\n<p>\n<\/p><\/p>\n\n<p class=\"has-text-align-center\"><\/p><p><a href=\"https:\/\/www.leselfes.com\/pt-br\/?page_id=90080\" target=\"_blank\" rel=\"noopener\"><button style=\"background-color: #e2804a; color: #fff; border: #E2804A;\" type=\"button\">Participe do Acampamento de Inverno na Su\u00ed\u00e7a<\/button><\/a><\/p>\n<p><!-- \/wp:paragraph --><\/p>\n<p><!-- wp:paragraph --><\/p>\n<p><strong>Os acampamentos de inverno para crian\u00e7as <\/strong>oferecem atividades empolgantes para membros, n\u00e3o membros e grupos grandes e pequenos, como jogos de tabuleiro, jogos de ninjas, arco e flecha, tren\u00f3, jogos de lego e gin\u00e1stica.<br \/>\nOs campistas tamb\u00e9m podem aprender sobre rob\u00f3tica e dominar as artes c\u00eanicas em seus acampamentos de f\u00e9rias depois da escola. <\/p>\n<p><!-- \/wp:paragraph --><\/p>\n<p><!-- wp:paragraph --><\/p>\n<p>Continue lendo para obter mais informa\u00e7\u00f5es sobre os <b>acampamentos de ingl\u00eas na Europa<\/b>.<br \/>\nTamb\u00e9m discutiremos dicas de seguran\u00e7a e sa\u00fade para acampamentos de inverno para jovens e como Verbier foi recentemente eleita <b>a melhor esta\u00e7\u00e3o de esqui do mundo<\/b>. <\/p>\n<p><!-- \/wp:paragraph --><\/p>\n<div id=\"ez-toc-container\" class=\"ez-toc-v2_0_73 ez-toc-wrap-left counter-hierarchy ez-toc-counter ez-toc-grey ez-toc-container-direction\">\n<div class=\"ez-toc-title-container\">\n<span class=\"ez-toc-title ez-toc-toggle\" style=\"cursor:pointer\">Table of Contents<\/span>\n<span class=\"ez-toc-title-toggle\"><a href=\"#\" class=\"ez-toc-pull-right ez-toc-btn ez-toc-btn-xs ez-toc-btn-default ez-toc-toggle\" aria-label=\"Alternar tabela de conte\u00fado\"><span class=\"ez-toc-js-icon-con\"><span class=\"\"><span class=\"eztoc-hide\" style=\"display:none;\">Toggle<\/span><span class=\"ez-toc-icon-toggle-span\"><svg style=\"fill: #999;color:#999\" xmlns=\"http:\/\/www.w3.org\/2000\/svg\" class=\"list-377408\" width=\"20px\" height=\"20px\" viewBox=\"0 0 24 24\" fill=\"none\"><path d=\"M6 6H4v2h2V6zm14 0H8v2h12V6zM4 11h2v2H4v-2zm16 0H8v2h12v-2zM4 16h2v2H4v-2zm16 0H8v2h12v-2z\" fill=\"currentColor\"><\/path><\/svg><svg style=\"fill: #999;color:#999\" class=\"arrow-unsorted-368013\" xmlns=\"http:\/\/www.w3.org\/2000\/svg\" width=\"10px\" height=\"10px\" viewBox=\"0 0 24 24\" version=\"1.2\" baseProfile=\"tiny\"><path d=\"M18.2 9.3l-6.2-6.3-6.2 6.3c-.2.2-.3.4-.3.7s.1.5.3.7c.2.2.4.3.7.3h11c.3 0 .5-.1.7-.3.2-.2.3-.5.3-.7s-.1-.5-.3-.7zM5.8 14.7l6.2 6.3 6.2-6.3c.2-.2.3-.5.3-.7s-.1-.5-.3-.7c-.2-.2-.4-.3-.7-.3h-11c-.3 0-.5.1-.7.3-.2.2-.3.5-.3.7s.1.5.3.7z\"\/><\/svg><\/span><\/span><\/span><\/a><\/span><\/div>\n<nav><ul class='ez-toc-list ez-toc-list-level-1 eztoc-toggle-hide-by-default' ><li class='ez-toc-page-1 ez-toc-heading-level-2'><a class=\"ez-toc-link ez-toc-heading-1\" href=\"https:\/\/www.leselfes.com\/pt-br\/verbier-foi-nomeada-a-melhor-estacao-de-esqui-do-mundo\/#Verbier_foi_indicada_como_a_melhor_estacao_de_esqui_do_mundo\" title=\"Verbier foi indicada como a melhor esta\u00e7\u00e3o de esqui do mundo\">Verbier foi indicada como a melhor esta\u00e7\u00e3o de esqui do mundo<\/a><\/li><li class='ez-toc-page-1 ez-toc-heading-level-2'><a class=\"ez-toc-link ez-toc-heading-2\" href=\"https:\/\/www.leselfes.com\/pt-br\/verbier-foi-nomeada-a-melhor-estacao-de-esqui-do-mundo\/#Por_que_Verbier_foi_indicada_como_a_melhor_estacao_de_esqui_do_mundo\" title=\"Por que Verbier foi indicada como a melhor esta\u00e7\u00e3o de esqui do mundo\">Por que Verbier foi indicada como a melhor esta\u00e7\u00e3o de esqui do mundo<\/a><ul class='ez-toc-list-level-3' ><li class='ez-toc-heading-level-3'><a class=\"ez-toc-link ez-toc-heading-3\" href=\"https:\/\/www.leselfes.com\/pt-br\/verbier-foi-nomeada-a-melhor-estacao-de-esqui-do-mundo\/#Seguranca_sanitaria_em_Verbier_para_acampamentos_de_inverno_para_criancas\" title=\"Seguran\u00e7a sanit\u00e1ria em Verbier para acampamentos de inverno para crian\u00e7as\">Seguran\u00e7a sanit\u00e1ria em Verbier para acampamentos de inverno para crian\u00e7as<\/a><\/li><\/ul><\/li><li class='ez-toc-page-1 ez-toc-heading-level-2'><a class=\"ez-toc-link ez-toc-heading-4\" href=\"https:\/\/www.leselfes.com\/pt-br\/verbier-foi-nomeada-a-melhor-estacao-de-esqui-do-mundo\/#Diretrizes_de_seguranca_em_Verbier_para_acampamentos_de_inverno_para_criancas\" title=\"Diretrizes de seguran\u00e7a em Verbier para acampamentos de inverno para crian\u00e7as\">Diretrizes de seguran\u00e7a em Verbier para acampamentos de inverno para crian\u00e7as<\/a><ul class='ez-toc-list-level-3' ><li class='ez-toc-heading-level-3'><a class=\"ez-toc-link ez-toc-heading-5\" href=\"https:\/\/www.leselfes.com\/pt-br\/verbier-foi-nomeada-a-melhor-estacao-de-esqui-do-mundo\/#%E2%80%93_Comportamento_e_regulacao_da_velocidade\" title=\"&#8211;&nbsp;Comportamento e regula\u00e7\u00e3o da velocidade\">&#8211;&nbsp;Comportamento e regula\u00e7\u00e3o da velocidade<\/a><\/li><li class='ez-toc-page-1 ez-toc-heading-level-3'><a class=\"ez-toc-link ez-toc-heading-6\" href=\"https:\/\/www.leselfes.com\/pt-br\/verbier-foi-nomeada-a-melhor-estacao-de-esqui-do-mundo\/#%E2%80%93_LayerUp\" title=\"&#8211;&nbsp; LayerUp\">&#8211;&nbsp; LayerUp<\/a><\/li><li class='ez-toc-page-1 ez-toc-heading-level-3'><a class=\"ez-toc-link ez-toc-heading-7\" href=\"https:\/\/www.leselfes.com\/pt-br\/verbier-foi-nomeada-a-melhor-estacao-de-esqui-do-mundo\/#%E2%80%93_Use_varios_sacos_de_dormir\" title=\"&#8211;&nbsp;Use v\u00e1rios sacos de dormir\">&#8211;&nbsp;Use v\u00e1rios sacos de dormir<\/a><\/li><li class='ez-toc-page-1 ez-toc-heading-level-3'><a class=\"ez-toc-link ez-toc-heading-8\" href=\"https:\/\/www.leselfes.com\/pt-br\/verbier-foi-nomeada-a-melhor-estacao-de-esqui-do-mundo\/#%E2%80%93_Escolha_de_direcao\" title=\"&#8211;&nbsp;Escolha de dire\u00e7\u00e3o\">&#8211;&nbsp;Escolha de dire\u00e7\u00e3o<\/a><\/li><li class='ez-toc-page-1 ez-toc-heading-level-3'><a class=\"ez-toc-link ez-toc-heading-9\" href=\"https:\/\/www.leselfes.com\/pt-br\/verbier-foi-nomeada-a-melhor-estacao-de-esqui-do-mundo\/#%C2%B7_Overtaking\" title=\"\u00b7&nbsp;Overtaking\">\u00b7&nbsp;Overtaking<\/a><\/li><li class='ez-toc-page-1 ez-toc-heading-level-3'><a class=\"ez-toc-link ez-toc-heading-10\" href=\"https:\/\/www.leselfes.com\/pt-br\/verbier-foi-nomeada-a-melhor-estacao-de-esqui-do-mundo\/#%E2%80%93_Parando_ao_longo_da_encosta\" title=\"&#8211;&nbsp;Parando ao longo da encosta\">&#8211;&nbsp;Parando ao longo da encosta<\/a><\/li><li class='ez-toc-page-1 ez-toc-heading-level-3'><a class=\"ez-toc-link ez-toc-heading-11\" href=\"https:\/\/www.leselfes.com\/pt-br\/verbier-foi-nomeada-a-melhor-estacao-de-esqui-do-mundo\/#%E2%80%93_Subindo_e_descendo_a_pe\" title=\"&#8211; Subindo e descendo a p\u00e9\">&#8211; Subindo e descendo a p\u00e9<\/a><\/li><li class='ez-toc-page-1 ez-toc-heading-level-3'><a class=\"ez-toc-link ez-toc-heading-12\" href=\"https:\/\/www.leselfes.com\/pt-br\/verbier-foi-nomeada-a-melhor-estacao-de-esqui-do-mundo\/#%E2%80%93_Respeite_os_sinais_e_as_marcacoes_e_ajude_sempre_que_possivel\" title=\"&#8211;&nbsp;Respeite os sinais e as marca\u00e7\u00f5es e ajude sempre que poss\u00edvel\">&#8211;&nbsp;Respeite os sinais e as marca\u00e7\u00f5es e ajude sempre que poss\u00edvel<\/a><\/li><\/ul><\/li><li class='ez-toc-page-1 ez-toc-heading-level-2'><a class=\"ez-toc-link ez-toc-heading-13\" href=\"https:\/\/www.leselfes.com\/pt-br\/verbier-foi-nomeada-a-melhor-estacao-de-esqui-do-mundo\/#Finalmente\" title=\"Finalmente\">Finalmente<\/a><\/li><\/ul><\/nav><\/div>\n\n<p><!-- wp:heading --><\/p>\n<h2><span class=\"ez-toc-section\" id=\"Verbier_foi_indicada_como_a_melhor_estacao_de_esqui_do_mundo\"><\/span>Verbier foi indicada como a melhor esta\u00e7\u00e3o de esqui do mundo<span class=\"ez-toc-section-end\"><\/span><\/h2>\n<p><!-- \/wp:heading --><\/p>\n<p><!-- wp:paragraph --><\/p>\n<p>Durante o World Ski Awards, recentemente conclu\u00eddo, o resort su\u00ed\u00e7o de Verbier ganhou o t\u00edtulo de melhor resort de esqui do mundo.<br \/>\nV\u00e1rios <a href=\"\" target=\"\" rel=\"noopener\">acampamentos e resorts de f\u00e9rias de inverno nas<\/a> montanhas <a href=\"\" target=\"\" rel=\"noopener\">su\u00ed\u00e7as<\/a> ganharam mais quatro pr\u00eamios globais no mesmo evento. <\/p>\n<p><!-- \/wp:paragraph --><\/p>\n<p><!-- wp:paragraph --><\/p>\n<p>Muitos esquiadores brit\u00e2nicos reconhecem Verbier como seu resort favorito para <a href=\"https:\/\/www.leselfes.com\/top-15-essential-summer-camp-safety-rules-for-kids-in-switzerland\/\" target=\"_blank\" rel=\"noreferrer noopener\">acampamentos<\/a> diurnos <a href=\"https:\/\/www.leselfes.com\/top-15-essential-summer-camp-safety-rules-for-kids-in-switzerland\/\" target=\"_blank\" rel=\"noreferrer noopener\">,<\/a> acampamentos <a href=\"https:\/\/www.leselfes.com\/top-15-essential-summer-camp-safety-rules-for-kids-in-switzerland\/\" target=\"_blank\" rel=\"noreferrer noopener\">de ver\u00e3o de enriquecimento<\/a> e atividades da YMCA. O resort foi elogiado por ter aproximadamente 100 telef\u00e9ricos e mais de 400 quil\u00f4metros de pistas de esqui para diferentes n\u00edveis de experi\u00eancia. <\/p>\n<p><!-- \/wp:paragraph --><\/p>\n<p><!-- wp:paragraph --><\/p>\n<p>Al\u00e9m das pistas, Verbier tamb\u00e9m recebeu reconhecimento por seu apr\u00e8s-ski.<br \/>\nOs organizadores do evento mencionaram que o resort acomoda uma clientela cosmopolita de diferentes gera\u00e7\u00f5es. <\/p>\n<p><!-- \/wp:paragraph --><\/p>\n<p><!-- wp:heading --><\/p>\n<h2><span class=\"ez-toc-section\" id=\"Por_que_Verbier_foi_indicada_como_a_melhor_estacao_de_esqui_do_mundo\"><\/span>Por que Verbier foi indicada como a melhor esta\u00e7\u00e3o de esqui do mundo<span class=\"ez-toc-section-end\"><\/span><\/h2>\n<p><!-- \/wp:heading --><\/p>\n<p><!-- wp:paragraph --><\/p>\n<p>Verbier recebeu apoio maci\u00e7o de seus f\u00e3s e parceiros, garantindo o maior n\u00famero de votos e vencendo 25 concorrentes, entre eles os destinos mais badalados do mundo.<\/p>\n<p><!-- \/wp:paragraph --><\/p>\n<p><!-- wp:heading {\"level\":3} --><\/p>\n<h3><span class=\"ez-toc-section\" id=\"Seguranca_sanitaria_em_Verbier_para_acampamentos_de_inverno_para_criancas\"><\/span>Seguran\u00e7a sanit\u00e1ria em Verbier para acampamentos de inverno para crian\u00e7as<span class=\"ez-toc-section-end\"><\/span><\/h3>\n<p><!-- \/wp:heading --><\/p>\n<p><!-- wp:image {\"align\":\"center\",\"id\":45769,\"width\":640,\"height\":393,\"sizeSlug\":\"full\",\"linkDestination\":\"none\"} --><\/p>\n<figure><img loading=\"lazy\" decoding=\"async\" src=\"https:\/\/www.leselfes.com\/wp-content\/uploads\/2022\/07\/Health-Safety-in-Verbier-for-Winter-Camps-for-Kids.png\" alt=\"Seguran\u00e7a sanit\u00e1ria em Verbier para acampamentos de inverno para crian\u00e7as\" width=\"640\" height=\"393\"><\/figure>\n<p><!-- \/wp:image --><\/p>\n<p><!-- wp:paragraph --><\/p>\n<p>Independentemente de as crian\u00e7as irem para op\u00e7\u00f5es de dia de excurs\u00e3o, acampamentos de dia inteiro ou acampamentos esportivos durante as f\u00e9rias escolares de inverno, h\u00e1 v\u00e1rios problemas de seguran\u00e7a aos quais voc\u00ea deve estar atento.<br \/>\nEntre eles est\u00e3o: <\/p>\n<p><!-- \/wp:paragraph --><\/p>\n<p><!-- wp:heading {\"level\":4} --><\/p>\n<h4>&#8211; Queimaduras pelo frio, hipotermia e desidrata\u00e7\u00e3o<\/h4>\n<p><!-- \/wp:heading --><\/p>\n<p><!-- wp:paragraph --><\/p>\n<p>Desidrata\u00e7\u00e3o, congelamento e hipotermia s\u00e3o os principais problemas de seguran\u00e7a que as crian\u00e7as podem enfrentar durante o acampamento de inverno.<br \/>\nA hipotermia ocorre quando a temperatura do corpo come\u00e7a a cair.<br \/>\n\u00c9 mais prov\u00e1vel que ocorra quando as crian\u00e7as ficam com frio e molhadas.  <\/p>\n<p>Os supervisores do acampamento devem ficar atentos a sintomas como falta de energia, tremores, falta de coordena\u00e7\u00e3o e respira\u00e7\u00e3o superficial.<br \/>\nSe voc\u00ea notar esses sintomas em um campista, tire as roupas molhadas dele e certifique-se de que ele esteja aquecido, cobrindo-o com um cobertor.<br \/>\nVoc\u00ea tamb\u00e9m pode usar compressas secas e quentes, como uma garrafa d&#8217;\u00e1gua com \u00e1gua morna.  &nbsp;<\/p>\n<p>O congelamento ocorre em partes do corpo expostas a ventos extremamente fortes ou temperaturas frias.<br \/>\nDurante condi\u00e7\u00f5es clim\u00e1ticas extremas, certifique-se de que toda a pele esteja coberta e proteja os p\u00e9s e as m\u00e3os do frio.<br \/>\nTrate o congelamento despejando \u00e1gua morna nas \u00e1reas frias.<br \/>\nEvite esfregar as \u00e1reas ou aquec\u00ea-las com fogo.<br \/>\nSe voc\u00ea fizer isso, poder\u00e1 danificar ainda mais a pele.    &nbsp;<\/p>\n<p>A desidrata\u00e7\u00e3o ocorre quando voc\u00ea n\u00e3o acredita que est\u00e1 suando como faria em temperaturas quentes.<br \/>\nOs sintomas de desidrata\u00e7\u00e3o incluem tontura, boca seca, fraqueza, c\u00e3ibras musculares e aumento da frequ\u00eancia card\u00edaca.<br \/>\nEvite a desidrata\u00e7\u00e3o bebendo muita \u00e1gua, mesmo quando voc\u00ea n\u00e3o sentir sede.  <\/p>\n<p><!-- \/wp:paragraph --><\/p>\n<p><!-- wp:heading {\"level\":4} --><\/p>\n<h4>&#8211; <strong>Tenha o equipamento certo<\/strong><\/h4>\n<p><!-- \/wp:heading --><\/p>\n<p><!-- wp:paragraph --><\/p>\n<p>Se o seu filho for acampar no inverno, certifique-se de que ele tenha muitas roupas quentes.<br \/>\nLeve mais forros de saco de dormir e cobertores, mesmo que o acampamento forne\u00e7a alguns.<br \/>\nEvite roupas de algod\u00e3o e escolha uma camada externa imperme\u00e1vel e respir\u00e1vel, uma camada intermedi\u00e1ria isolante e uma camada de base de secagem r\u00e1pida e \u00famida.  <\/p>\n<p><!-- \/wp:paragraph --><\/p>\n<p><!-- wp:heading {\"level\":4} --><\/p>\n<p><!-- \/wp:paragraph --><\/p>\n<p><!-- wp:heading --><\/p>\n<h2><span class=\"ez-toc-section\" id=\"Diretrizes_de_seguranca_em_Verbier_para_acampamentos_de_inverno_para_criancas\"><\/span>Diretrizes de seguran\u00e7a em Verbier para acampamentos de inverno para crian\u00e7as<span class=\"ez-toc-section-end\"><\/span><\/h2>\n<p><!-- \/wp:heading --><\/p>\n<p><!-- wp:paragraph --><\/p>\n<p>O snowboard e o esqui envolvem v\u00e1rios riscos.<br \/>\nOs campistas devem entender as regras da <a href=\"\" target=\"\" rel=\"noopener\">Federa\u00e7\u00e3o Internacional de Esqui<\/a> (FIS) que regem a conduta dos praticantes de snowboard e esqui para se manterem seguros.<br \/>\nEssas diretrizes reconhecidas mundialmente fornecem instru\u00e7\u00f5es para as pessoas que usam as pistas e que devem ser seguidas de forma consistente.  <\/p>\n<p><!-- \/wp:paragraph --><\/p>\n<p><!-- wp:heading {\"level\":3} --><\/p>\n<h3><span class=\"ez-toc-section\" id=\"%E2%80%93_Comportamento_e_regulacao_da_velocidade\"><\/span>&#8211;&nbsp;Comportamento e regula\u00e7\u00e3o da velocidade<span class=\"ez-toc-section-end\"><\/span><\/h3>\n<p><!-- \/wp:heading --><\/p>\n<p><!-- wp:paragraph --><\/p>\n<p>Os esquiadores devem se movimentar sempre com controle.<br \/>\nEles devem adaptar seu comportamento e velocidade de acordo com suas habilidades e as condi\u00e7\u00f5es gerais, ou seja, a densidade do tr\u00e1fego e o estado da neve. <\/p>\n<h3><span class=\"ez-toc-section\" id=\"%E2%80%93_LayerUp\"><\/span>&#8211;&nbsp; Layer<strong>Up<\/strong><span class=\"ez-toc-section-end\"><\/span><\/h3>\n<p>Certifique-se de que seus filhos se vistam adequadamente para o clima frio.<br \/>\nA combina\u00e7\u00e3o de camadas b\u00e1sicas e intermedi\u00e1rias, casacos e jaquetas permite que as crian\u00e7as controlem a temperatura corporal.<br \/>\nAo realizar suas atividades di\u00e1rias, as crian\u00e7as geram calor corporal.<br \/>\nEvitar a transpira\u00e7\u00e3o \u00e9 fundamental porque, quando o suor seca, ele esfria, fazendo com que as crian\u00e7as sintam mais frio.<br \/>\nAs crian\u00e7as podem controlar o calor do corpo adicionando ou retirando camadas de acordo com o clima para reduzir a transpira\u00e7\u00e3o.    <\/p>\n<h3><span class=\"ez-toc-section\" id=\"%E2%80%93_Use_varios_sacos_de_dormir\"><\/span>&#8211;&nbsp;<strong>Use v\u00e1rios sacos de dormir<\/strong><span class=\"ez-toc-section-end\"><\/span><\/h3>\n<p>Os campistas podem usar dois sacos de dormir em vez de um para ficarem mais aquecidos.<br \/>\nO colch\u00e3o de acampamento isola as crian\u00e7as da neve e do ch\u00e3o frio. &nbsp;<\/p>\n<p>V\u00e1rias almofadas de dormir proporcionam mais calor e isolamento.<br \/>\nA resist\u00eancia t\u00e9rmica ou o calor da almofada \u00e9 medido por meio de seu valor R.<br \/>\nOs valores R de dois protetores para dormir se combinam para proporcionar maior poder de isolamento.  <\/p>\n<p><!-- \/wp:paragraph --><\/p>\n<p><!-- wp:heading {\"level\":3} --><\/p>\n<h3><span class=\"ez-toc-section\" id=\"%E2%80%93_Escolha_de_direcao\"><\/span>&#8211;&nbsp;Escolha de dire\u00e7\u00e3o<span class=\"ez-toc-section-end\"><\/span><\/h3>\n<p><!-- \/wp:heading --><\/p>\n<p><!-- wp:paragraph --><\/p>\n<p>Os praticantes de snowboard ou esqui que v\u00eam atr\u00e1s podem escolher o percurso.<br \/>\nEles devem garantir que sua escolha proteja a seguran\u00e7a das pessoas que est\u00e3o \u00e0 sua frente.<br \/>\nO snowboarder ou esquiador \u00e0 frente tem prioridade, e as pessoas atr\u00e1s devem manter uma dist\u00e2ncia consider\u00e1vel para garantir que todos se movimentem livremente.  <\/p>\n<p><!-- \/wp:paragraph --><\/p>\n<p><!-- wp:heading {\"level\":3} --><\/p>\n<h3><span class=\"ez-toc-section\" id=\"%C2%B7_Overtaking\"><\/span>\u00b7&nbsp;Overtaking<span class=\"ez-toc-section-end\"><\/span><\/h3>\n<p><!-- \/wp:heading --><\/p>\n<p><!-- wp:paragraph --><\/p>\n<p>Os praticantes de snowboard e esqui podem fazer a ultrapassagem por baixo ou por cima, pela esquerda ou pela direita.<br \/>\nNo entanto, a pessoa que est\u00e1 ultrapassando deve sempre deixar espa\u00e7o suficiente para movimentos involunt\u00e1rios ou volunt\u00e1rios das pessoas que est\u00e3o ultrapassando, estejam elas paradas ou n\u00e3o. <\/p>\n<p><!-- \/wp:paragraph --><\/p>\n<p><!-- wp:heading {\"level\":3} --><\/p>\n<h3><span class=\"ez-toc-section\" id=\"%E2%80%93_Parando_ao_longo_da_encosta\"><\/span>&#8211;&nbsp;Parando ao longo da encosta<span class=\"ez-toc-section-end\"><\/span><\/h3>\n<p><!-- \/wp:heading --><\/p>\n<p><!-- wp:paragraph --><\/p>\n<p>Todas as paradas devem ser feitas nas laterais da pista.<br \/>\nTodos os praticantes de snowboard ou esquiadores n\u00e3o devem ficar parados em passagens estreitas ou com pouca visibilidade.<br \/>\nSe ca\u00edrem, devem sair da pista o mais r\u00e1pido poss\u00edvel.  <\/p>\n<p><!-- \/wp:paragraph --><\/p>\n<p><!-- wp:heading {\"level\":3} --><\/p>\n<h3><span class=\"ez-toc-section\" id=\"%E2%80%93_Subindo_e_descendo_a_pe\"><\/span>&#8211; Subindo e descendo a p\u00e9<span class=\"ez-toc-section-end\"><\/span><\/h3>\n<p><!-- \/wp:heading --><\/p>\n<p><!-- wp:image {\"align\":\"center\",\"id\":45772,\"width\":640,\"height\":363,\"sizeSlug\":\"full\",\"linkDestination\":\"none\"} --><\/p>\n<figure><img loading=\"lazy\" decoding=\"async\" src=\"https:\/\/www.leselfes.com\/wp-content\/uploads\/2022\/07\/Ascending-and-Descending-on-Foot.png\" alt=\"Subindo e descendo a p\u00e9\" width=\"640\" height=\"363\"><\/figure>\n<p><!-- \/wp:image --><\/p>\n<p><!-- wp:paragraph --><\/p>\n<p>As pessoas que sobem e descem a p\u00e9 devem sempre usar a borda da pista para n\u00e3o atrapalhar outros praticantes de snowboard e esquiadores.<br \/>\nLembre-se de que as pegadas desfiguram a pista e podem causar riscos para outras pessoas. <\/p>\n<p><!-- \/wp:paragraph --><\/p>\n<p><!-- wp:heading {\"level\":3} --><\/p>\n<h3><span class=\"ez-toc-section\" id=\"%E2%80%93_Respeite_os_sinais_e_as_marcacoes_e_ajude_sempre_que_possivel\"><\/span>&#8211;&nbsp;Respeite os sinais e as marca\u00e7\u00f5es e ajude sempre que poss\u00edvel<span class=\"ez-toc-section-end\"><\/span><\/h3>\n<p><!-- \/wp:heading --><\/p>\n<p><!-- wp:paragraph --><\/p>\n<p>Todo usu\u00e1rio deve estar atento \u00e0s placas e marca\u00e7\u00f5es.<br \/>\nSuponha que voc\u00ea testemunhe um acidente.<br \/>\nVoc\u00ea deve ajudar quando necess\u00e1rio.<br \/>\nSe voc\u00ea n\u00e3o puder oferecer assist\u00eancia, \u00e9 fundamental dar o alarme.<br \/>\nSe voc\u00ea estiver envolvido ou presenciar um acidente, informe imediatamente a terceiros ou aos servi\u00e7os de emerg\u00eancia.    <\/p>\n<p><!-- \/wp:paragraph --><\/p>\n<p><!-- wp:heading --><\/p>\n<p><!-- \/wp:paragraph --><\/p>\n<p><!-- wp:heading --><\/p>\n<h2><span class=\"ez-toc-section\" id=\"Finalmente\"><\/span>Finalmente<span class=\"ez-toc-section-end\"><\/span><\/h2>\n<p><!-- \/wp:heading --><\/p>\n<p><!-- wp:paragraph --><\/p>\n<p>Participar de um acampamento de inverno pode ser empolgante.<br \/>\nEle permite que os campistas conhe\u00e7am e fa\u00e7am novos amigos, participem de acampamentos de arte e outras atividades, e aproveitem o ar livre.<br \/>\nOs campistas devem sempre levar uma garrafa de \u00e1gua para se hidratarem regularmente, apesar do <a href=\"\" target=\"\" rel=\"noopener\">clima frio<\/a>.  <\/p>\n<p><!-- \/wp:paragraph --><\/p>\n<p><!-- wp:paragraph {\"align\":\"center\"} --><\/p>\n<p><a href=\"https:\/\/www.leselfes.com\/pt-br\/?page_id=90080\" target=\"_blank\" rel=\"noopener\"><button style=\"background-color: #e2804a; color: #fff; border: #E2804A;\" type=\"button\">Participe do Acampamento de Inverno na Su\u00ed\u00e7a<\/button><\/a><\/p>\n<p><!-- \/wp:paragraph --><\/p>\n<p><!-- \/wp:paragraph --><\/p>\n","protected":false},"excerpt":{"rendered":"<p>As f\u00e9rias de inverno oferecem in\u00fameras oportunidades para os campistas de diferentes faixas et\u00e1rias participarem de v\u00e1rias atividades divertidas. Quer os pais ou respons\u00e1veis escolham um programa de atividades de&#8230;<\/p>\n","protected":false},"author":1,"featured_media":79048,"comment_status":"closed","ping_status":"open","sticky":false,"template":"","format":"standard","meta":{"_acf_changed":false,"inline_featured_image":false,"footnotes":""},"categories":[1350,1351],"tags":[1824,1825,1482],"class_list":{"0":"post-93350","1":"post","2":"type-post","3":"status-publish","4":"format-standard","5":"has-post-thumbnail","7":"category-acampamento-de-inverno-pt-br","8":"category-artigos-pt-br","9":"tag-acampamentos-de-inverno-para-criancas-pt-br","10":"tag-melhor-estacao-de-esqui-de-verbier","11":"tag-verbier-pt-br"},"acf":[],"yoast_head":"<!-- This site is optimized with the Yoast SEO Premium plugin v24.2 (Yoast SEO v24.7) - https:\/\/yoast.com\/wordpress\/plugins\/seo\/ -->\n<title>Acampamentos de inverno para crian\u00e7as - Verbier foi indicada como a melhor esta\u00e7\u00e3o de esqui<\/title>\n<meta name=\"description\" content=\"Durante o rec\u00e9m-conclu\u00eddo World Ski Awards, o resort su\u00ed\u00e7o de Verbier ganhou o t\u00edtulo de melhor resort de esqui do mundo para acampamentos de inverno para crian\u00e7as.\" \/>\n<meta name=\"robots\" content=\"index, follow, max-snippet:-1, max-image-preview:large, max-video-preview:-1\" \/>\n<link rel=\"canonical\" href=\"https:\/\/www.leselfes.com\/pt-br\/verbier-foi-nomeada-a-melhor-estacao-de-esqui-do-mundo\/\" \/>\n<meta property=\"og:locale\" content=\"pt_BR\" \/>\n<meta property=\"og:type\" content=\"article\" \/>\n<meta property=\"og:title\" content=\"Verbier foi nomeada a melhor esta\u00e7\u00e3o de esqui do mundo\" \/>\n<meta property=\"og:description\" content=\"Durante o rec\u00e9m-conclu\u00eddo World Ski Awards, o resort su\u00ed\u00e7o de Verbier ganhou o t\u00edtulo de melhor resort de esqui do mundo para acampamentos de inverno para crian\u00e7as.\" \/>\n<meta property=\"og:url\" content=\"https:\/\/www.leselfes.com\/pt-br\/verbier-foi-nomeada-a-melhor-estacao-de-esqui-do-mundo\/\" \/>\n<meta property=\"og:site_name\" content=\"Les Elfes International Camps Switzerland\" \/>\n<meta property=\"article:publisher\" content=\"https:\/\/www.facebook.com\/LesElfesVerbier\" \/>\n<meta property=\"article:published_time\" content=\"2022-07-27T05:48:48+00:00\" \/>\n<meta property=\"article:modified_time\" content=\"2024-11-12T11:39:13+00:00\" \/>\n<meta property=\"og:image\" content=\"https:\/\/dev.leselfes.com\/wp-content\/uploads\/2022\/07\/Winter-Camps-for-Kids.png\" \/>\n\t<meta property=\"og:image:width\" content=\"975\" \/>\n\t<meta property=\"og:image:height\" content=\"675\" \/>\n\t<meta property=\"og:image:type\" content=\"image\/png\" \/>\n<meta name=\"author\" content=\"lesadmin\" \/>\n<meta name=\"twitter:card\" content=\"summary_large_image\" \/>\n<meta name=\"twitter:creator\" content=\"@LesElfesCamps\" \/>\n<meta name=\"twitter:site\" content=\"@LesElfesCamps\" \/>\n<meta name=\"twitter:label1\" content=\"Escrito por\" \/>\n\t<meta name=\"twitter:data1\" content=\"lesadmin\" \/>\n\t<meta name=\"twitter:label2\" content=\"Est. tempo de leitura\" \/>\n\t<meta name=\"twitter:data2\" content=\"7 minutos\" \/>\n<script type=\"application\/ld+json\" class=\"yoast-schema-graph\">{\"@context\":\"https:\/\/schema.org\",\"@graph\":[{\"@type\":\"Article\",\"@id\":\"https:\/\/www.leselfes.com\/pt-br\/verbier-foi-nomeada-a-melhor-estacao-de-esqui-do-mundo\/#article\",\"isPartOf\":{\"@id\":\"https:\/\/www.leselfes.com\/pt-br\/verbier-foi-nomeada-a-melhor-estacao-de-esqui-do-mundo\/\"},\"author\":{\"name\":\"lesadmin\",\"@id\":\"https:\/\/dev.leselfes.com\/#\/schema\/person\/407a229698868b8c603874b19f37f289\"},\"headline\":\"Verbier foi nomeada a melhor esta\u00e7\u00e3o de esqui do mundo\",\"datePublished\":\"2022-07-27T05:48:48+00:00\",\"dateModified\":\"2024-11-12T11:39:13+00:00\",\"mainEntityOfPage\":{\"@id\":\"https:\/\/www.leselfes.com\/pt-br\/verbier-foi-nomeada-a-melhor-estacao-de-esqui-do-mundo\/\"},\"wordCount\":1366,\"publisher\":{\"@id\":\"https:\/\/dev.leselfes.com\/#organization\"},\"image\":{\"@id\":\"https:\/\/www.leselfes.com\/pt-br\/verbier-foi-nomeada-a-melhor-estacao-de-esqui-do-mundo\/#primaryimage\"},\"thumbnailUrl\":\"https:\/\/www.leselfes.com\/wp-content\/uploads\/2022\/07\/Winter-Camps-for-Kids.png\",\"keywords\":[\"Acampamentos de inverno para crian\u00e7as\",\"Melhor esta\u00e7\u00e3o de esqui de Verbier\",\"Verbier\"],\"articleSection\":[\"Acampamento de inverno\",\"Artigos\"],\"inLanguage\":\"pt-BR\"},{\"@type\":\"WebPage\",\"@id\":\"https:\/\/www.leselfes.com\/pt-br\/verbier-foi-nomeada-a-melhor-estacao-de-esqui-do-mundo\/\",\"url\":\"https:\/\/www.leselfes.com\/pt-br\/verbier-foi-nomeada-a-melhor-estacao-de-esqui-do-mundo\/\",\"name\":\"Acampamentos de inverno para crian\u00e7as - Verbier foi indicada como a melhor esta\u00e7\u00e3o de esqui\",\"isPartOf\":{\"@id\":\"https:\/\/dev.leselfes.com\/#website\"},\"primaryImageOfPage\":{\"@id\":\"https:\/\/www.leselfes.com\/pt-br\/verbier-foi-nomeada-a-melhor-estacao-de-esqui-do-mundo\/#primaryimage\"},\"image\":{\"@id\":\"https:\/\/www.leselfes.com\/pt-br\/verbier-foi-nomeada-a-melhor-estacao-de-esqui-do-mundo\/#primaryimage\"},\"thumbnailUrl\":\"https:\/\/www.leselfes.com\/wp-content\/uploads\/2022\/07\/Winter-Camps-for-Kids.png\",\"datePublished\":\"2022-07-27T05:48:48+00:00\",\"dateModified\":\"2024-11-12T11:39:13+00:00\",\"description\":\"Durante o rec\u00e9m-conclu\u00eddo World Ski Awards, o resort su\u00ed\u00e7o de Verbier ganhou o t\u00edtulo de melhor resort de esqui do mundo para acampamentos de inverno para crian\u00e7as.\",\"breadcrumb\":{\"@id\":\"https:\/\/www.leselfes.com\/pt-br\/verbier-foi-nomeada-a-melhor-estacao-de-esqui-do-mundo\/#breadcrumb\"},\"inLanguage\":\"pt-BR\",\"potentialAction\":[{\"@type\":\"ReadAction\",\"target\":[\"https:\/\/www.leselfes.com\/pt-br\/verbier-foi-nomeada-a-melhor-estacao-de-esqui-do-mundo\/\"]}]},{\"@type\":\"ImageObject\",\"inLanguage\":\"pt-BR\",\"@id\":\"https:\/\/www.leselfes.com\/pt-br\/verbier-foi-nomeada-a-melhor-estacao-de-esqui-do-mundo\/#primaryimage\",\"url\":\"https:\/\/www.leselfes.com\/wp-content\/uploads\/2022\/07\/Winter-Camps-for-Kids.png\",\"contentUrl\":\"https:\/\/www.leselfes.com\/wp-content\/uploads\/2022\/07\/Winter-Camps-for-Kids.png\",\"width\":975,\"height\":675},{\"@type\":\"BreadcrumbList\",\"@id\":\"https:\/\/www.leselfes.com\/pt-br\/verbier-foi-nomeada-a-melhor-estacao-de-esqui-do-mundo\/#breadcrumb\",\"itemListElement\":[{\"@type\":\"ListItem\",\"position\":1,\"name\":\"Home\",\"item\":\"https:\/\/www.leselfes.com\/pt-br\/\"},{\"@type\":\"ListItem\",\"position\":2,\"name\":\"Verbier foi nomeada a melhor esta\u00e7\u00e3o de esqui do mundo\"}]},{\"@type\":\"WebSite\",\"@id\":\"https:\/\/dev.leselfes.com\/#website\",\"url\":\"https:\/\/dev.leselfes.com\/\",\"name\":\"Les Elfes International\",\"description\":\"Les Elfes International, Verbier Switzerland. Summer Camp, Winter Camp, Spring Camps.\",\"publisher\":{\"@id\":\"https:\/\/dev.leselfes.com\/#organization\"},\"alternateName\":\"Les Elfes International\",\"potentialAction\":[{\"@type\":\"SearchAction\",\"target\":{\"@type\":\"EntryPoint\",\"urlTemplate\":\"https:\/\/dev.leselfes.com\/?s={search_term_string}\"},\"query-input\":{\"@type\":\"PropertyValueSpecification\",\"valueRequired\":true,\"valueName\":\"search_term_string\"}}],\"inLanguage\":\"pt-BR\"},{\"@type\":\"Organization\",\"@id\":\"https:\/\/dev.leselfes.com\/#organization\",\"name\":\"Les Elfes International\",\"alternateName\":\"Les Elfes International\",\"url\":\"https:\/\/dev.leselfes.com\/\",\"logo\":{\"@type\":\"ImageObject\",\"inLanguage\":\"pt-BR\",\"@id\":\"https:\/\/dev.leselfes.com\/#\/schema\/logo\/image\/\",\"url\":\"https:\/\/www.leselfes.com\/wp-content\/uploads\/2022\/03\/leselfes-logo.png\",\"contentUrl\":\"https:\/\/www.leselfes.com\/wp-content\/uploads\/2022\/03\/leselfes-logo.png\",\"width\":233,\"height\":51,\"caption\":\"Les Elfes International\"},\"image\":{\"@id\":\"https:\/\/dev.leselfes.com\/#\/schema\/logo\/image\/\"},\"sameAs\":[\"https:\/\/www.facebook.com\/LesElfesVerbier\",\"https:\/\/x.com\/LesElfesCamps\",\"https:\/\/www.instagram.com\/leselfes\",\"https:\/\/www.linkedin.com\/company\/les-elfes-international\",\"https:\/\/www.youtube.com\/user\/LesElfesVerbier\"]},{\"@type\":\"Person\",\"@id\":\"https:\/\/dev.leselfes.com\/#\/schema\/person\/407a229698868b8c603874b19f37f289\",\"name\":\"lesadmin\",\"image\":{\"@type\":\"ImageObject\",\"inLanguage\":\"pt-BR\",\"@id\":\"https:\/\/dev.leselfes.com\/#\/schema\/person\/image\/\",\"url\":\"https:\/\/secure.gravatar.com\/avatar\/fdb243a028df450397b3632d862f87f6?s=96&d=mm&r=g\",\"contentUrl\":\"https:\/\/secure.gravatar.com\/avatar\/fdb243a028df450397b3632d862f87f6?s=96&d=mm&r=g\",\"caption\":\"lesadmin\"},\"url\":\"https:\/\/www.leselfes.com\/pt-br\/author\/lesadmin\/\"}]}<\/script>\n<!-- \/ Yoast SEO Premium plugin. -->","yoast_head_json":{"title":"Acampamentos de inverno para crian\u00e7as - Verbier foi indicada como a melhor esta\u00e7\u00e3o de esqui","description":"Durante o rec\u00e9m-conclu\u00eddo World Ski Awards, o resort su\u00ed\u00e7o de Verbier ganhou o t\u00edtulo de melhor resort de esqui do mundo para acampamentos de inverno para crian\u00e7as.","robots":{"index":"index","follow":"follow","max-snippet":"max-snippet:-1","max-image-preview":"max-image-preview:large","max-video-preview":"max-video-preview:-1"},"canonical":"https:\/\/www.leselfes.com\/pt-br\/verbier-foi-nomeada-a-melhor-estacao-de-esqui-do-mundo\/","og_locale":"pt_BR","og_type":"article","og_title":"Verbier foi nomeada a melhor esta\u00e7\u00e3o de esqui do mundo","og_description":"Durante o rec\u00e9m-conclu\u00eddo World Ski Awards, o resort su\u00ed\u00e7o de Verbier ganhou o t\u00edtulo de melhor resort de esqui do mundo para acampamentos de inverno para crian\u00e7as.","og_url":"https:\/\/www.leselfes.com\/pt-br\/verbier-foi-nomeada-a-melhor-estacao-de-esqui-do-mundo\/","og_site_name":"Les Elfes International Camps Switzerland","article_publisher":"https:\/\/www.facebook.com\/LesElfesVerbier","article_published_time":"2022-07-27T05:48:48+00:00","article_modified_time":"2024-11-12T11:39:13+00:00","og_image":[{"width":975,"height":675,"url":"https:\/\/dev.leselfes.com\/wp-content\/uploads\/2022\/07\/Winter-Camps-for-Kids.png","type":"image\/png"}],"author":"lesadmin","twitter_card":"summary_large_image","twitter_creator":"@LesElfesCamps","twitter_site":"@LesElfesCamps","twitter_misc":{"Escrito por":"lesadmin","Est. tempo de leitura":"7 minutos"},"schema":{"@context":"https:\/\/schema.org","@graph":[{"@type":"Article","@id":"https:\/\/www.leselfes.com\/pt-br\/verbier-foi-nomeada-a-melhor-estacao-de-esqui-do-mundo\/#article","isPartOf":{"@id":"https:\/\/www.leselfes.com\/pt-br\/verbier-foi-nomeada-a-melhor-estacao-de-esqui-do-mundo\/"},"author":{"name":"lesadmin","@id":"https:\/\/dev.leselfes.com\/#\/schema\/person\/407a229698868b8c603874b19f37f289"},"headline":"Verbier foi nomeada a melhor esta\u00e7\u00e3o de esqui do mundo","datePublished":"2022-07-27T05:48:48+00:00","dateModified":"2024-11-12T11:39:13+00:00","mainEntityOfPage":{"@id":"https:\/\/www.leselfes.com\/pt-br\/verbier-foi-nomeada-a-melhor-estacao-de-esqui-do-mundo\/"},"wordCount":1366,"publisher":{"@id":"https:\/\/dev.leselfes.com\/#organization"},"image":{"@id":"https:\/\/www.leselfes.com\/pt-br\/verbier-foi-nomeada-a-melhor-estacao-de-esqui-do-mundo\/#primaryimage"},"thumbnailUrl":"https:\/\/www.leselfes.com\/wp-content\/uploads\/2022\/07\/Winter-Camps-for-Kids.png","keywords":["Acampamentos de inverno para crian\u00e7as","Melhor esta\u00e7\u00e3o de esqui de Verbier","Verbier"],"articleSection":["Acampamento de inverno","Artigos"],"inLanguage":"pt-BR"},{"@type":"WebPage","@id":"https:\/\/www.leselfes.com\/pt-br\/verbier-foi-nomeada-a-melhor-estacao-de-esqui-do-mundo\/","url":"https:\/\/www.leselfes.com\/pt-br\/verbier-foi-nomeada-a-melhor-estacao-de-esqui-do-mundo\/","name":"Acampamentos de inverno para crian\u00e7as - Verbier foi indicada como a melhor esta\u00e7\u00e3o de esqui","isPartOf":{"@id":"https:\/\/dev.leselfes.com\/#website"},"primaryImageOfPage":{"@id":"https:\/\/www.leselfes.com\/pt-br\/verbier-foi-nomeada-a-melhor-estacao-de-esqui-do-mundo\/#primaryimage"},"image":{"@id":"https:\/\/www.leselfes.com\/pt-br\/verbier-foi-nomeada-a-melhor-estacao-de-esqui-do-mundo\/#primaryimage"},"thumbnailUrl":"https:\/\/www.leselfes.com\/wp-content\/uploads\/2022\/07\/Winter-Camps-for-Kids.png","datePublished":"2022-07-27T05:48:48+00:00","dateModified":"2024-11-12T11:39:13+00:00","description":"Durante o rec\u00e9m-conclu\u00eddo World Ski Awards, o resort su\u00ed\u00e7o de Verbier ganhou o t\u00edtulo de melhor resort de esqui do mundo para acampamentos de inverno para crian\u00e7as.","breadcrumb":{"@id":"https:\/\/www.leselfes.com\/pt-br\/verbier-foi-nomeada-a-melhor-estacao-de-esqui-do-mundo\/#breadcrumb"},"inLanguage":"pt-BR","potentialAction":[{"@type":"ReadAction","target":["https:\/\/www.leselfes.com\/pt-br\/verbier-foi-nomeada-a-melhor-estacao-de-esqui-do-mundo\/"]}]},{"@type":"ImageObject","inLanguage":"pt-BR","@id":"https:\/\/www.leselfes.com\/pt-br\/verbier-foi-nomeada-a-melhor-estacao-de-esqui-do-mundo\/#primaryimage","url":"https:\/\/www.leselfes.com\/wp-content\/uploads\/2022\/07\/Winter-Camps-for-Kids.png","contentUrl":"https:\/\/www.leselfes.com\/wp-content\/uploads\/2022\/07\/Winter-Camps-for-Kids.png","width":975,"height":675},{"@type":"BreadcrumbList","@id":"https:\/\/www.leselfes.com\/pt-br\/verbier-foi-nomeada-a-melhor-estacao-de-esqui-do-mundo\/#breadcrumb","itemListElement":[{"@type":"ListItem","position":1,"name":"Home","item":"https:\/\/www.leselfes.com\/pt-br\/"},{"@type":"ListItem","position":2,"name":"Verbier foi nomeada a melhor esta\u00e7\u00e3o de esqui do mundo"}]},{"@type":"WebSite","@id":"https:\/\/dev.leselfes.com\/#website","url":"https:\/\/dev.leselfes.com\/","name":"Les Elfes International","description":"Les Elfes International, Verbier Switzerland. Summer Camp, Winter Camp, Spring Camps.","publisher":{"@id":"https:\/\/dev.leselfes.com\/#organization"},"alternateName":"Les Elfes International","potentialAction":[{"@type":"SearchAction","target":{"@type":"EntryPoint","urlTemplate":"https:\/\/dev.leselfes.com\/?s={search_term_string}"},"query-input":{"@type":"PropertyValueSpecification","valueRequired":true,"valueName":"search_term_string"}}],"inLanguage":"pt-BR"},{"@type":"Organization","@id":"https:\/\/dev.leselfes.com\/#organization","name":"Les Elfes International","alternateName":"Les Elfes International","url":"https:\/\/dev.leselfes.com\/","logo":{"@type":"ImageObject","inLanguage":"pt-BR","@id":"https:\/\/dev.leselfes.com\/#\/schema\/logo\/image\/","url":"https:\/\/www.leselfes.com\/wp-content\/uploads\/2022\/03\/leselfes-logo.png","contentUrl":"https:\/\/www.leselfes.com\/wp-content\/uploads\/2022\/03\/leselfes-logo.png","width":233,"height":51,"caption":"Les Elfes International"},"image":{"@id":"https:\/\/dev.leselfes.com\/#\/schema\/logo\/image\/"},"sameAs":["https:\/\/www.facebook.com\/LesElfesVerbier","https:\/\/x.com\/LesElfesCamps","https:\/\/www.instagram.com\/leselfes","https:\/\/www.linkedin.com\/company\/les-elfes-international","https:\/\/www.youtube.com\/user\/LesElfesVerbier"]},{"@type":"Person","@id":"https:\/\/dev.leselfes.com\/#\/schema\/person\/407a229698868b8c603874b19f37f289","name":"lesadmin","image":{"@type":"ImageObject","inLanguage":"pt-BR","@id":"https:\/\/dev.leselfes.com\/#\/schema\/person\/image\/","url":"https:\/\/secure.gravatar.com\/avatar\/fdb243a028df450397b3632d862f87f6?s=96&d=mm&r=g","contentUrl":"https:\/\/secure.gravatar.com\/avatar\/fdb243a028df450397b3632d862f87f6?s=96&d=mm&r=g","caption":"lesadmin"},"url":"https:\/\/www.leselfes.com\/pt-br\/author\/lesadmin\/"}]}},"_links":{"self":[{"href":"https:\/\/www.leselfes.com\/pt-br\/wp-json\/wp\/v2\/posts\/93350"}],"collection":[{"href":"https:\/\/www.leselfes.com\/pt-br\/wp-json\/wp\/v2\/posts"}],"about":[{"href":"https:\/\/www.leselfes.com\/pt-br\/wp-json\/wp\/v2\/types\/post"}],"author":[{"embeddable":true,"href":"https:\/\/www.leselfes.com\/pt-br\/wp-json\/wp\/v2\/users\/1"}],"replies":[{"embeddable":true,"href":"https:\/\/www.leselfes.com\/pt-br\/wp-json\/wp\/v2\/comments?post=93350"}],"version-history":[{"count":0,"href":"https:\/\/www.leselfes.com\/pt-br\/wp-json\/wp\/v2\/posts\/93350\/revisions"}],"wp:featuredmedia":[{"embeddable":true,"href":"https:\/\/www.leselfes.com\/pt-br\/wp-json\/wp\/v2\/media\/79048"}],"wp:attachment":[{"href":"https:\/\/www.leselfes.com\/pt-br\/wp-json\/wp\/v2\/media?parent=93350"}],"wp:term":[{"taxonomy":"category","embeddable":true,"href":"https:\/\/www.leselfes.com\/pt-br\/wp-json\/wp\/v2\/categories?post=93350"},{"taxonomy":"post_tag","embeddable":true,"href":"https:\/\/www.leselfes.com\/pt-br\/wp-json\/wp\/v2\/tags?post=93350"}],"curies":[{"name":"wp","href":"https:\/\/api.w.org\/{rel}","templated":true}]}}