{"id":93351,"date":"2022-07-01T11:04:23","date_gmt":"2022-07-01T09:04:23","guid":{"rendered":"https:\/\/www.leselfes.com\/boletim-informativo-de-junho-a-primeira-sessao-foi-um-grande-sucessoo-que-vem-a-seguir\/"},"modified":"2024-11-12T12:39:14","modified_gmt":"2024-11-12T11:39:14","slug":"boletim-informativo-de-junho-a-primeira-sessao-foi-um-grande-sucessoo-que-vem-a-seguir","status":"publish","type":"post","link":"https:\/\/www.leselfes.com\/pt-br\/boletim-informativo-de-junho-a-primeira-sessao-foi-um-grande-sucessoo-que-vem-a-seguir\/","title":{"rendered":"Boletim informativo de junho: A primeira sess\u00e3o foi um grande sucesso!\nO que vem a seguir?"},"content":{"rendered":"<p style=\"text-align: left;\">Prezados pais,<\/p>\n<p style=\"text-align: left;\">A Les Elfes est\u00e1 de volta com seu boletim mensal para informar voc\u00ea sobre todas as novidades.  <\/p>\n<p style=\"text-align: left;\">Em primeiro lugar, gostar\u00edamos de agradecer a todos os alunos que participaram da primeira sess\u00e3o do acampamento de ver\u00e3o de 2022 e aos 140 alunos que est\u00e3o participando da segunda sess\u00e3o, que come\u00e7ou no \u00faltimo domingo!  <\/p>\n<p style=\"text-align: left;\">Al\u00e9m disso, neste boletim, voc\u00ea encontrar\u00e1 algumas informa\u00e7\u00f5es sobre as pr\u00f3ximas sess\u00f5es, como dados sobre o g\u00eanero e a nacionalidade dos alunos e tamb\u00e9m sobre as atividades.<\/p>\n<p style=\"text-align: left;\">Por fim, precisamos lembrar a voc\u00ea que o n\u00famero de vagas dispon\u00edveis est\u00e1 ficando cada vez menor.<br \/>\nComo j\u00e1 temos 120 alunos inscritos para as sess\u00f5es 3 e 4 e um pouco menos para a sess\u00e3o 5, convidamos voc\u00ea a nos enviar sua solicita\u00e7\u00e3o de reserva o mais r\u00e1pido poss\u00edvel.   <\/p>\n<p>&nbsp;<\/p>\n&#13;\n<p>\u00a0<\/p>&#13;\n<figure><img loading=\"lazy\" decoding=\"async\" src=\"https:\/\/www.leselfes.com\/wp-content\/uploads\/2022\/07\/Holi-colour-day.jpg\" alt=\"Instrua as crian&#xE7;as a permanecerem juntas\" width=\"664\" height=\"323\"\/><\/figure>&#13;\n<p><\/p><\/p>\n<p>&nbsp;<\/p>\n<p>&nbsp;<\/p>\n<p>\n&#13;\n<p><a role=\"button\" href=\"https:\/\/www.leselfes.com\/pt-br\/?page_id=89303\">  Datas e pre\u00e7os dos acampamentos de ver\u00e3o  <\/a><\/p>&#13;\n<h2>O QUE PODEMOS ESPERAR DAS PR\u00d3XIMAS SESS\u00d5ES?<\/h2>&#13;\n<p><\/p><\/p>\n<p>&nbsp;<\/p>\n<p><img loading=\"lazy\" decoding=\"async\" src=\"https:\/\/www.leselfes.com\/wp-content\/uploads\/2022\/07\/Untitled-design-2.jpg\" sizes=\"(max-width: 800px) 100vw, 800px\" srcset=\"https:\/\/www.leselfes.com\/wp-content\/uploads\/2022\/07\/Untitled-design-2.jpg 800w, https:\/\/www.leselfes.com\/wp-content\/uploads\/2022\/07\/Untitled-design-2-300x300.jpg 300w, https:\/\/www.leselfes.com\/wp-content\/uploads\/2022\/07\/Untitled-design-2-150x150.jpg 150w, https:\/\/www.leselfes.com\/wp-content\/uploads\/2022\/07\/Untitled-design-2-768x768.jpg 768w\" alt=\"Summer-camp-2022-g\u00eanero-nacionalidade\" width=\"800\" height=\"800\"><\/p>\n<h2>MAIS DE 40 ATIVIDADES EM OFERTA, DESCUBRA O PROGRAMA!<\/h2>\n<p><!-- \/wp:paragraph --><\/p>\n<p><img loading=\"lazy\" decoding=\"async\" src=\"https:\/\/www.leselfes.com\/wp-content\/uploads\/2022\/07\/Summer-camp-2022-activities-3.jpg\" sizes=\"(max-width: 1024px) 100vw, 1024px\" srcset=\"https:\/\/www.leselfes.com\/wp-content\/uploads\/2022\/07\/Summer-camp-2022-activities-3.jpg 1024w, https:\/\/www.leselfes.com\/wp-content\/uploads\/2022\/07\/Summer-camp-2022-activities-3-300x169.jpg 300w, https:\/\/www.leselfes.com\/wp-content\/uploads\/2022\/07\/Summer-camp-2022-activities-3-768x432.jpg 768w\" alt=\"Acampamento de ver\u00e3o 2022 - atividades\" width=\"1024\" height=\"576\"><\/p>\n<h2>MAIS DE 40 ATIVIDADES EM OFERTA, DESCUBRA O PROGRAMA!<\/h2>\n<p>&nbsp;<\/p>\n<p><!-- \/wp:image --><\/p>\n<p><!-- wp:paragraph --><\/p>\n<p>Na Les Elfes, oferecemos mais de 40 atividades ao ar livre e, a cada ano, introduzimos novos esportes para satisfazer os alunos que j\u00e1 nos conhecem.<\/p>\n<p>Al\u00e9m disso, organizamos 8 sess\u00f5es de cursos de conversa\u00e7\u00e3o por semana.<\/p>\n<p>O programa completo da sess\u00e3o 2 est\u00e1 on-line.<br \/>\nPara receber o programa das sess\u00f5es 3, 4 e 5, entre em contato conosco! <\/p>\n<p><!-- \/wp:paragraph --><\/p>\n<p><a role=\"button\" href=\"https:\/\/www.leselfes.com\/pt-br\/?page_id=89241#age-groups\" target=\"_blank\" rel=\"noopener\"><br \/>O programa<br \/><\/a><\/p>\n","protected":false},"excerpt":{"rendered":"<p>Prezados pais, A Les Elfes est\u00e1 de volta com seu boletim mensal para informar voc\u00ea sobre todas as novidades. Em primeiro lugar, gostar\u00edamos de agradecer a todos os alunos que&#8230;<\/p>\n","protected":false},"author":1,"featured_media":79028,"comment_status":"closed","ping_status":"open","sticky":false,"template":"","format":"standard","meta":{"_acf_changed":false,"inline_featured_image":false,"footnotes":""},"categories":[1369,1423,1403],"tags":[],"class_list":{"0":"post-93351","1":"post","2":"type-post","3":"status-publish","4":"format-standard","5":"has-post-thumbnail","7":"category-acampamento-de-verao-pt-br","8":"category-dicas-para-os-pais","9":"category-noticias-pt-br"},"acf":[],"yoast_head":"<!-- This site is optimized with the Yoast SEO Premium plugin v24.2 (Yoast SEO v24.7) - https:\/\/yoast.com\/wordpress\/plugins\/seo\/ -->\n<title>As 15 principais regras de seguran\u00e7a essenciais para acampamentos de ver\u00e3o para crian\u00e7as na Su\u00ed\u00e7a<\/title>\n<meta name=\"description\" content=\"H\u00e1 muitas outras regras de seguran\u00e7a para as crian\u00e7as seguirem durante o acampamento de ver\u00e3o, mas essas s\u00e3o as mais essenciais.\" \/>\n<meta name=\"robots\" content=\"index, follow, max-snippet:-1, max-image-preview:large, max-video-preview:-1\" \/>\n<link rel=\"canonical\" href=\"https:\/\/www.leselfes.com\/pt-br\/boletim-informativo-de-junho-a-primeira-sessao-foi-um-grande-sucessoo-que-vem-a-seguir\/\" \/>\n<meta property=\"og:locale\" content=\"pt_BR\" \/>\n<meta property=\"og:type\" content=\"article\" \/>\n<meta property=\"og:title\" content=\"As 15 principais regras de seguran\u00e7a essenciais para acampamentos de ver\u00e3o para crian\u00e7as na Su\u00ed\u00e7a\" \/>\n<meta property=\"og:description\" content=\"H\u00e1 muitas outras regras de seguran\u00e7a para as crian\u00e7as seguirem durante o acampamento de ver\u00e3o, mas essas s\u00e3o as mais essenciais.\" \/>\n<meta property=\"og:url\" content=\"https:\/\/www.leselfes.com\/pt-br\/boletim-informativo-de-junho-a-primeira-sessao-foi-um-grande-sucessoo-que-vem-a-seguir\/\" \/>\n<meta property=\"og:site_name\" content=\"Les Elfes International Camps Switzerland\" \/>\n<meta property=\"article:publisher\" content=\"https:\/\/www.facebook.com\/LesElfesVerbier\" \/>\n<meta property=\"article:published_time\" content=\"2022-07-01T09:04:23+00:00\" \/>\n<meta property=\"article:modified_time\" content=\"2024-11-12T11:39:14+00:00\" \/>\n<meta property=\"og:image\" content=\"https:\/\/dev.leselfes.com\/wp-content\/uploads\/2022\/06\/Summer-Camp-Safety-Rules-for-Kids.png\" \/>\n<meta name=\"author\" content=\"lesadmin\" \/>\n<meta name=\"twitter:card\" content=\"summary_large_image\" \/>\n<meta name=\"twitter:title\" content=\"As 15 principais regras de seguran\u00e7a essenciais para acampamentos de ver\u00e3o para crian\u00e7as na Su\u00ed\u00e7a\" \/>\n<meta name=\"twitter:description\" content=\"H\u00e1 muitas outras regras de seguran\u00e7a para as crian\u00e7as seguirem durante o acampamento de ver\u00e3o, mas essas s\u00e3o as mais essenciais.\" \/>\n<meta name=\"twitter:image\" content=\"https:\/\/dev.leselfes.com\/wp-content\/uploads\/2022\/06\/Summer-Camp-Safety-Rules-for-Kids.png\" \/>\n<meta name=\"twitter:creator\" content=\"@LesElfesCamps\" \/>\n<meta name=\"twitter:site\" content=\"@LesElfesCamps\" \/>\n<meta name=\"twitter:label1\" content=\"Escrito por\" \/>\n\t<meta name=\"twitter:data1\" content=\"lesadmin\" \/>\n\t<meta name=\"twitter:label2\" content=\"Est. tempo de leitura\" \/>\n\t<meta name=\"twitter:data2\" content=\"1 minuto\" \/>\n<script type=\"application\/ld+json\" class=\"yoast-schema-graph\">{\"@context\":\"https:\/\/schema.org\",\"@graph\":[{\"@type\":\"Article\",\"@id\":\"https:\/\/www.leselfes.com\/pt-br\/boletim-informativo-de-junho-a-primeira-sessao-foi-um-grande-sucessoo-que-vem-a-seguir\/#article\",\"isPartOf\":{\"@id\":\"https:\/\/www.leselfes.com\/pt-br\/boletim-informativo-de-junho-a-primeira-sessao-foi-um-grande-sucessoo-que-vem-a-seguir\/\"},\"author\":{\"name\":\"lesadmin\",\"@id\":\"https:\/\/dev.leselfes.com\/#\/schema\/person\/407a229698868b8c603874b19f37f289\"},\"headline\":\"Boletim informativo de junho: A primeira sess\u00e3o foi um grande sucesso! O que vem a seguir?\",\"datePublished\":\"2022-07-01T09:04:23+00:00\",\"dateModified\":\"2024-11-12T11:39:14+00:00\",\"mainEntityOfPage\":{\"@id\":\"https:\/\/www.leselfes.com\/pt-br\/boletim-informativo-de-junho-a-primeira-sessao-foi-um-grande-sucessoo-que-vem-a-seguir\/\"},\"wordCount\":261,\"publisher\":{\"@id\":\"https:\/\/dev.leselfes.com\/#organization\"},\"image\":{\"@id\":\"https:\/\/www.leselfes.com\/pt-br\/boletim-informativo-de-junho-a-primeira-sessao-foi-um-grande-sucessoo-que-vem-a-seguir\/#primaryimage\"},\"thumbnailUrl\":\"https:\/\/www.leselfes.com\/wp-content\/uploads\/2022\/07\/Summer-camp-2022-Newsletter-June-Website-400x.jpg\",\"articleSection\":[\"Acampamento de ver\u00e3o\",\"Dicas para os pais\",\"Not\u00edcias\"],\"inLanguage\":\"pt-BR\"},{\"@type\":\"WebPage\",\"@id\":\"https:\/\/www.leselfes.com\/pt-br\/boletim-informativo-de-junho-a-primeira-sessao-foi-um-grande-sucessoo-que-vem-a-seguir\/\",\"url\":\"https:\/\/www.leselfes.com\/pt-br\/boletim-informativo-de-junho-a-primeira-sessao-foi-um-grande-sucessoo-que-vem-a-seguir\/\",\"name\":\"As 15 principais regras de seguran\u00e7a essenciais para acampamentos de ver\u00e3o para crian\u00e7as na Su\u00ed\u00e7a\",\"isPartOf\":{\"@id\":\"https:\/\/dev.leselfes.com\/#website\"},\"primaryImageOfPage\":{\"@id\":\"https:\/\/www.leselfes.com\/pt-br\/boletim-informativo-de-junho-a-primeira-sessao-foi-um-grande-sucessoo-que-vem-a-seguir\/#primaryimage\"},\"image\":{\"@id\":\"https:\/\/www.leselfes.com\/pt-br\/boletim-informativo-de-junho-a-primeira-sessao-foi-um-grande-sucessoo-que-vem-a-seguir\/#primaryimage\"},\"thumbnailUrl\":\"https:\/\/www.leselfes.com\/wp-content\/uploads\/2022\/07\/Summer-camp-2022-Newsletter-June-Website-400x.jpg\",\"datePublished\":\"2022-07-01T09:04:23+00:00\",\"dateModified\":\"2024-11-12T11:39:14+00:00\",\"description\":\"H\u00e1 muitas outras regras de seguran\u00e7a para as crian\u00e7as seguirem durante o acampamento de ver\u00e3o, mas essas s\u00e3o as mais essenciais.\",\"breadcrumb\":{\"@id\":\"https:\/\/www.leselfes.com\/pt-br\/boletim-informativo-de-junho-a-primeira-sessao-foi-um-grande-sucessoo-que-vem-a-seguir\/#breadcrumb\"},\"inLanguage\":\"pt-BR\",\"potentialAction\":[{\"@type\":\"ReadAction\",\"target\":[\"https:\/\/www.leselfes.com\/pt-br\/boletim-informativo-de-junho-a-primeira-sessao-foi-um-grande-sucessoo-que-vem-a-seguir\/\"]}]},{\"@type\":\"ImageObject\",\"inLanguage\":\"pt-BR\",\"@id\":\"https:\/\/www.leselfes.com\/pt-br\/boletim-informativo-de-junho-a-primeira-sessao-foi-um-grande-sucessoo-que-vem-a-seguir\/#primaryimage\",\"url\":\"https:\/\/www.leselfes.com\/wp-content\/uploads\/2022\/07\/Summer-camp-2022-Newsletter-June-Website-400x.jpg\",\"contentUrl\":\"https:\/\/www.leselfes.com\/wp-content\/uploads\/2022\/07\/Summer-camp-2022-Newsletter-June-Website-400x.jpg\",\"width\":400,\"height\":277},{\"@type\":\"BreadcrumbList\",\"@id\":\"https:\/\/www.leselfes.com\/pt-br\/boletim-informativo-de-junho-a-primeira-sessao-foi-um-grande-sucessoo-que-vem-a-seguir\/#breadcrumb\",\"itemListElement\":[{\"@type\":\"ListItem\",\"position\":1,\"name\":\"Home\",\"item\":\"https:\/\/www.leselfes.com\/pt-br\/\"},{\"@type\":\"ListItem\",\"position\":2,\"name\":\"Boletim informativo de junho: A primeira sess\u00e3o foi um grande sucesso! O que vem a seguir?\"}]},{\"@type\":\"WebSite\",\"@id\":\"https:\/\/dev.leselfes.com\/#website\",\"url\":\"https:\/\/dev.leselfes.com\/\",\"name\":\"Les Elfes International\",\"description\":\"Les Elfes International, Verbier Switzerland. Summer Camp, Winter Camp, Spring Camps.\",\"publisher\":{\"@id\":\"https:\/\/dev.leselfes.com\/#organization\"},\"alternateName\":\"Les Elfes International\",\"potentialAction\":[{\"@type\":\"SearchAction\",\"target\":{\"@type\":\"EntryPoint\",\"urlTemplate\":\"https:\/\/dev.leselfes.com\/?s={search_term_string}\"},\"query-input\":{\"@type\":\"PropertyValueSpecification\",\"valueRequired\":true,\"valueName\":\"search_term_string\"}}],\"inLanguage\":\"pt-BR\"},{\"@type\":\"Organization\",\"@id\":\"https:\/\/dev.leselfes.com\/#organization\",\"name\":\"Les Elfes International\",\"alternateName\":\"Les Elfes International\",\"url\":\"https:\/\/dev.leselfes.com\/\",\"logo\":{\"@type\":\"ImageObject\",\"inLanguage\":\"pt-BR\",\"@id\":\"https:\/\/dev.leselfes.com\/#\/schema\/logo\/image\/\",\"url\":\"https:\/\/www.leselfes.com\/wp-content\/uploads\/2022\/03\/leselfes-logo.png\",\"contentUrl\":\"https:\/\/www.leselfes.com\/wp-content\/uploads\/2022\/03\/leselfes-logo.png\",\"width\":233,\"height\":51,\"caption\":\"Les Elfes International\"},\"image\":{\"@id\":\"https:\/\/dev.leselfes.com\/#\/schema\/logo\/image\/\"},\"sameAs\":[\"https:\/\/www.facebook.com\/LesElfesVerbier\",\"https:\/\/x.com\/LesElfesCamps\",\"https:\/\/www.instagram.com\/leselfes\",\"https:\/\/www.linkedin.com\/company\/les-elfes-international\",\"https:\/\/www.youtube.com\/user\/LesElfesVerbier\"]},{\"@type\":\"Person\",\"@id\":\"https:\/\/dev.leselfes.com\/#\/schema\/person\/407a229698868b8c603874b19f37f289\",\"name\":\"lesadmin\",\"image\":{\"@type\":\"ImageObject\",\"inLanguage\":\"pt-BR\",\"@id\":\"https:\/\/dev.leselfes.com\/#\/schema\/person\/image\/\",\"url\":\"https:\/\/secure.gravatar.com\/avatar\/fdb243a028df450397b3632d862f87f6?s=96&d=mm&r=g\",\"contentUrl\":\"https:\/\/secure.gravatar.com\/avatar\/fdb243a028df450397b3632d862f87f6?s=96&d=mm&r=g\",\"caption\":\"lesadmin\"},\"url\":\"https:\/\/www.leselfes.com\/pt-br\/author\/lesadmin\/\"}]}<\/script>\n<!-- \/ Yoast SEO Premium plugin. -->","yoast_head_json":{"title":"As 15 principais regras de seguran\u00e7a essenciais para acampamentos de ver\u00e3o para crian\u00e7as na Su\u00ed\u00e7a","description":"H\u00e1 muitas outras regras de seguran\u00e7a para as crian\u00e7as seguirem durante o acampamento de ver\u00e3o, mas essas s\u00e3o as mais essenciais.","robots":{"index":"index","follow":"follow","max-snippet":"max-snippet:-1","max-image-preview":"max-image-preview:large","max-video-preview":"max-video-preview:-1"},"canonical":"https:\/\/www.leselfes.com\/pt-br\/boletim-informativo-de-junho-a-primeira-sessao-foi-um-grande-sucessoo-que-vem-a-seguir\/","og_locale":"pt_BR","og_type":"article","og_title":"As 15 principais regras de seguran\u00e7a essenciais para acampamentos de ver\u00e3o para crian\u00e7as na Su\u00ed\u00e7a","og_description":"H\u00e1 muitas outras regras de seguran\u00e7a para as crian\u00e7as seguirem durante o acampamento de ver\u00e3o, mas essas s\u00e3o as mais essenciais.","og_url":"https:\/\/www.leselfes.com\/pt-br\/boletim-informativo-de-junho-a-primeira-sessao-foi-um-grande-sucessoo-que-vem-a-seguir\/","og_site_name":"Les Elfes International Camps Switzerland","article_publisher":"https:\/\/www.facebook.com\/LesElfesVerbier","article_published_time":"2022-07-01T09:04:23+00:00","article_modified_time":"2024-11-12T11:39:14+00:00","og_image":[{"url":"https:\/\/dev.leselfes.com\/wp-content\/uploads\/2022\/06\/Summer-Camp-Safety-Rules-for-Kids.png","type":"","width":"","height":""}],"author":"lesadmin","twitter_card":"summary_large_image","twitter_title":"As 15 principais regras de seguran\u00e7a essenciais para acampamentos de ver\u00e3o para crian\u00e7as na Su\u00ed\u00e7a","twitter_description":"H\u00e1 muitas outras regras de seguran\u00e7a para as crian\u00e7as seguirem durante o acampamento de ver\u00e3o, mas essas s\u00e3o as mais essenciais.","twitter_image":"https:\/\/dev.leselfes.com\/wp-content\/uploads\/2022\/06\/Summer-Camp-Safety-Rules-for-Kids.png","twitter_creator":"@LesElfesCamps","twitter_site":"@LesElfesCamps","twitter_misc":{"Escrito por":"lesadmin","Est. tempo de leitura":"1 minuto"},"schema":{"@context":"https:\/\/schema.org","@graph":[{"@type":"Article","@id":"https:\/\/www.leselfes.com\/pt-br\/boletim-informativo-de-junho-a-primeira-sessao-foi-um-grande-sucessoo-que-vem-a-seguir\/#article","isPartOf":{"@id":"https:\/\/www.leselfes.com\/pt-br\/boletim-informativo-de-junho-a-primeira-sessao-foi-um-grande-sucessoo-que-vem-a-seguir\/"},"author":{"name":"lesadmin","@id":"https:\/\/dev.leselfes.com\/#\/schema\/person\/407a229698868b8c603874b19f37f289"},"headline":"Boletim informativo de junho: A primeira sess\u00e3o foi um grande sucesso! O que vem a seguir?","datePublished":"2022-07-01T09:04:23+00:00","dateModified":"2024-11-12T11:39:14+00:00","mainEntityOfPage":{"@id":"https:\/\/www.leselfes.com\/pt-br\/boletim-informativo-de-junho-a-primeira-sessao-foi-um-grande-sucessoo-que-vem-a-seguir\/"},"wordCount":261,"publisher":{"@id":"https:\/\/dev.leselfes.com\/#organization"},"image":{"@id":"https:\/\/www.leselfes.com\/pt-br\/boletim-informativo-de-junho-a-primeira-sessao-foi-um-grande-sucessoo-que-vem-a-seguir\/#primaryimage"},"thumbnailUrl":"https:\/\/www.leselfes.com\/wp-content\/uploads\/2022\/07\/Summer-camp-2022-Newsletter-June-Website-400x.jpg","articleSection":["Acampamento de ver\u00e3o","Dicas para os pais","Not\u00edcias"],"inLanguage":"pt-BR"},{"@type":"WebPage","@id":"https:\/\/www.leselfes.com\/pt-br\/boletim-informativo-de-junho-a-primeira-sessao-foi-um-grande-sucessoo-que-vem-a-seguir\/","url":"https:\/\/www.leselfes.com\/pt-br\/boletim-informativo-de-junho-a-primeira-sessao-foi-um-grande-sucessoo-que-vem-a-seguir\/","name":"As 15 principais regras de seguran\u00e7a essenciais para acampamentos de ver\u00e3o para crian\u00e7as na Su\u00ed\u00e7a","isPartOf":{"@id":"https:\/\/dev.leselfes.com\/#website"},"primaryImageOfPage":{"@id":"https:\/\/www.leselfes.com\/pt-br\/boletim-informativo-de-junho-a-primeira-sessao-foi-um-grande-sucessoo-que-vem-a-seguir\/#primaryimage"},"image":{"@id":"https:\/\/www.leselfes.com\/pt-br\/boletim-informativo-de-junho-a-primeira-sessao-foi-um-grande-sucessoo-que-vem-a-seguir\/#primaryimage"},"thumbnailUrl":"https:\/\/www.leselfes.com\/wp-content\/uploads\/2022\/07\/Summer-camp-2022-Newsletter-June-Website-400x.jpg","datePublished":"2022-07-01T09:04:23+00:00","dateModified":"2024-11-12T11:39:14+00:00","description":"H\u00e1 muitas outras regras de seguran\u00e7a para as crian\u00e7as seguirem durante o acampamento de ver\u00e3o, mas essas s\u00e3o as mais essenciais.","breadcrumb":{"@id":"https:\/\/www.leselfes.com\/pt-br\/boletim-informativo-de-junho-a-primeira-sessao-foi-um-grande-sucessoo-que-vem-a-seguir\/#breadcrumb"},"inLanguage":"pt-BR","potentialAction":[{"@type":"ReadAction","target":["https:\/\/www.leselfes.com\/pt-br\/boletim-informativo-de-junho-a-primeira-sessao-foi-um-grande-sucessoo-que-vem-a-seguir\/"]}]},{"@type":"ImageObject","inLanguage":"pt-BR","@id":"https:\/\/www.leselfes.com\/pt-br\/boletim-informativo-de-junho-a-primeira-sessao-foi-um-grande-sucessoo-que-vem-a-seguir\/#primaryimage","url":"https:\/\/www.leselfes.com\/wp-content\/uploads\/2022\/07\/Summer-camp-2022-Newsletter-June-Website-400x.jpg","contentUrl":"https:\/\/www.leselfes.com\/wp-content\/uploads\/2022\/07\/Summer-camp-2022-Newsletter-June-Website-400x.jpg","width":400,"height":277},{"@type":"BreadcrumbList","@id":"https:\/\/www.leselfes.com\/pt-br\/boletim-informativo-de-junho-a-primeira-sessao-foi-um-grande-sucessoo-que-vem-a-seguir\/#breadcrumb","itemListElement":[{"@type":"ListItem","position":1,"name":"Home","item":"https:\/\/www.leselfes.com\/pt-br\/"},{"@type":"ListItem","position":2,"name":"Boletim informativo de junho: A primeira sess\u00e3o foi um grande sucesso! O que vem a seguir?"}]},{"@type":"WebSite","@id":"https:\/\/dev.leselfes.com\/#website","url":"https:\/\/dev.leselfes.com\/","name":"Les Elfes International","description":"Les Elfes International, Verbier Switzerland. Summer Camp, Winter Camp, Spring Camps.","publisher":{"@id":"https:\/\/dev.leselfes.com\/#organization"},"alternateName":"Les Elfes International","potentialAction":[{"@type":"SearchAction","target":{"@type":"EntryPoint","urlTemplate":"https:\/\/dev.leselfes.com\/?s={search_term_string}"},"query-input":{"@type":"PropertyValueSpecification","valueRequired":true,"valueName":"search_term_string"}}],"inLanguage":"pt-BR"},{"@type":"Organization","@id":"https:\/\/dev.leselfes.com\/#organization","name":"Les Elfes International","alternateName":"Les Elfes International","url":"https:\/\/dev.leselfes.com\/","logo":{"@type":"ImageObject","inLanguage":"pt-BR","@id":"https:\/\/dev.leselfes.com\/#\/schema\/logo\/image\/","url":"https:\/\/www.leselfes.com\/wp-content\/uploads\/2022\/03\/leselfes-logo.png","contentUrl":"https:\/\/www.leselfes.com\/wp-content\/uploads\/2022\/03\/leselfes-logo.png","width":233,"height":51,"caption":"Les Elfes International"},"image":{"@id":"https:\/\/dev.leselfes.com\/#\/schema\/logo\/image\/"},"sameAs":["https:\/\/www.facebook.com\/LesElfesVerbier","https:\/\/x.com\/LesElfesCamps","https:\/\/www.instagram.com\/leselfes","https:\/\/www.linkedin.com\/company\/les-elfes-international","https:\/\/www.youtube.com\/user\/LesElfesVerbier"]},{"@type":"Person","@id":"https:\/\/dev.leselfes.com\/#\/schema\/person\/407a229698868b8c603874b19f37f289","name":"lesadmin","image":{"@type":"ImageObject","inLanguage":"pt-BR","@id":"https:\/\/dev.leselfes.com\/#\/schema\/person\/image\/","url":"https:\/\/secure.gravatar.com\/avatar\/fdb243a028df450397b3632d862f87f6?s=96&d=mm&r=g","contentUrl":"https:\/\/secure.gravatar.com\/avatar\/fdb243a028df450397b3632d862f87f6?s=96&d=mm&r=g","caption":"lesadmin"},"url":"https:\/\/www.leselfes.com\/pt-br\/author\/lesadmin\/"}]}},"_links":{"self":[{"href":"https:\/\/www.leselfes.com\/pt-br\/wp-json\/wp\/v2\/posts\/93351"}],"collection":[{"href":"https:\/\/www.leselfes.com\/pt-br\/wp-json\/wp\/v2\/posts"}],"about":[{"href":"https:\/\/www.leselfes.com\/pt-br\/wp-json\/wp\/v2\/types\/post"}],"author":[{"embeddable":true,"href":"https:\/\/www.leselfes.com\/pt-br\/wp-json\/wp\/v2\/users\/1"}],"replies":[{"embeddable":true,"href":"https:\/\/www.leselfes.com\/pt-br\/wp-json\/wp\/v2\/comments?post=93351"}],"version-history":[{"count":0,"href":"https:\/\/www.leselfes.com\/pt-br\/wp-json\/wp\/v2\/posts\/93351\/revisions"}],"wp:featuredmedia":[{"embeddable":true,"href":"https:\/\/www.leselfes.com\/pt-br\/wp-json\/wp\/v2\/media\/79028"}],"wp:attachment":[{"href":"https:\/\/www.leselfes.com\/pt-br\/wp-json\/wp\/v2\/media?parent=93351"}],"wp:term":[{"taxonomy":"category","embeddable":true,"href":"https:\/\/www.leselfes.com\/pt-br\/wp-json\/wp\/v2\/categories?post=93351"},{"taxonomy":"post_tag","embeddable":true,"href":"https:\/\/www.leselfes.com\/pt-br\/wp-json\/wp\/v2\/tags?post=93351"}],"curies":[{"name":"wp","href":"https:\/\/api.w.org\/{rel}","templated":true}]}}