{"id":93381,"date":"2022-04-12T06:20:21","date_gmt":"2022-04-12T04:20:21","guid":{"rendered":"https:\/\/www.leselfes.com\/acampamento-de-verao-na-suica-dicas-de-seguranca-durante-a-covid-19\/"},"modified":"2024-11-12T12:39:46","modified_gmt":"2024-11-12T11:39:46","slug":"acampamento-de-verao-na-suica-dicas-de-seguranca-durante-a-covid-19","status":"publish","type":"post","link":"https:\/\/www.leselfes.com\/pt-br\/acampamento-de-verao-na-suica-dicas-de-seguranca-durante-a-covid-19\/","title":{"rendered":"Acampamento de ver\u00e3o na Su\u00ed\u00e7a Dicas de seguran\u00e7a durante a Covid-19"},"content":{"rendered":"\n<p>Os entusiastas dos acampamentos de ver\u00e3o est\u00e3o ansiosos para acampar e participar de suas atividades favoritas este ano.\nA disponibilidade das vacinas contra a Covid-19 mudou a dire\u00e7\u00e3o da pandemia na Su\u00ed\u00e7a.\nAl\u00e9m disso, o CDC (Centro de Controle e Preven\u00e7\u00e3o de Doen\u00e7as) divulgou recentemente as \u00faltimas diretrizes sobre a Covid-19, reiterando que as pessoas totalmente vacinadas est\u00e3o livres para retomar as atividades normais sem distanciamento social ou uso de m\u00e1scaras em ambientes externos e internos.  <\/p>\n\n<figure><img loading=\"lazy\" decoding=\"async\" src=\"https:\/\/www.leselfes.com\/wp-content\/uploads\/2023\/03\/Summer-Camp-Switzerland-Safety-Tips.jpg\" alt=\"Dicas de seguran&#xE7;a para o acampamento de ver&#xE3;o na Su&#xED;&#xE7;a\" width=\"621\" height=\"322\"\/><\/figure>\n\n<p>Muitas regi\u00f5es da Su\u00ed\u00e7a acolheram essas diretrizes, e os organizadores dos acampamentos de ver\u00e3o est\u00e3o atualmente trabalhando para divulgar o itiner\u00e1rio da pr\u00f3xima expedi\u00e7\u00e3o de acampamento de ver\u00e3o.\nAinda assim, a pandemia ainda n\u00e3o acabou. <\/p>\n\n<p>Como resultado, todos devem ter cuidado ao participar de acampamentos ou outras reuni\u00f5es sociais.\nEste artigo discutir\u00e1 algumas dicas de seguran\u00e7a que voc\u00ea pode adotar para proteger voc\u00ea e seus familiares de contrair o v\u00edrus.   <\/p>\n\n<p class=\"has-text-align-center\"><\/p><p><a href=\"https:\/\/www.leselfes.com\/pt-br\/?page_id=89241\" target=\"_blank\" rel=\"noopener\"><button type=\"button\">Participe do Summer Camp Switzerland<\/button><\/a><\/p>\n\n<h2 class=\"wp-block-heading\">Como a Covid-19 afeta os acampamentos de ver\u00e3o?<\/h2>\n\n<p>A pandemia de Covid-19 afetou os acampamentos de ver\u00e3o, especialmente com lockdowns prolongados que fizeram com que muitos campistas passassem a maior parte do tempo dentro de casa. Para assegurar um fluxo tranquilo de servi\u00e7os e garantir o bem-estar dos campistas, os organizadores dos acampamentos s\u00e3o for\u00e7ados a implementar medidas de seguran\u00e7a rigorosas. Alguns deles tiveram de divulgar declara\u00e7\u00f5es assegurando aos pais seu compromisso de aderir aos procedimentos e pol\u00edticas definidos pelas autoridades su\u00ed\u00e7as, pela OMS e pelo FOPH (Escrit\u00f3rio Federal de Sa\u00fade P\u00fablica). Tanto os organizadores quanto os supervisores dos acampamentos monitoraram a situa\u00e7\u00e3o da Covid em constante mudan\u00e7a e geralmente alteram seus processos de acordo com isso.     <\/p>\n\n<p>Com base nas diretrizes refinadas pelo <a href=\"https:\/\/www.bag.admin.ch\/bag\/en\/home.html\" target=\"_blank\" rel=\"noreferrer noopener\">FOPH<\/a>, pela OMS e pelo governo su\u00ed\u00e7o, muitos acampamentos de ver\u00e3o realizam webinars para garantir que os pais entendam as diretrizes estabelecidas. Alguns dos processos e estrat\u00e9gias preventivos que muitos centros de acampamento de ver\u00e3o est\u00e3o adotando incluem: <\/p>\n\n<ul class=\"wp-block-list\">\n<li>Fornecer m\u00e1scaras faciais quando houver necessidade<\/li>\n\n\n\n<li>Ter membros da equipe de plant\u00e3o 24 horas por dia<\/li>\n\n\n\n<li>Fornecer desinfetantes para as m\u00e3os em diferentes esta\u00e7\u00f5es em toda a instala\u00e7\u00e3o<\/li>\n\n\n\n<li>Realiza\u00e7\u00e3o de verifica\u00e7\u00f5es de temperatura<\/li>\n\n\n\n<li>Perguntar aos campistas sobre quaisquer condi\u00e7\u00f5es existentes e seu hist\u00f3rico de viagens internacionais<\/li>\n\n\n\n<li>Incentivar processos de limpeza regulares<\/li>\n<\/ul>\n\n<p>No auge da pandemia, muitas instala\u00e7\u00f5es de acampamento foram tolerantes o suficiente para oferecer reembolsos ou remarcar as sess\u00f5es de acampamento para um momento apropriado. Embora a pandemia tenha desaparecido lentamente e tudo pare\u00e7a estar voltando ao normal, os organizadores dos acampamentos n\u00e3o est\u00e3o cedendo ao monitoramento das orienta\u00e7\u00f5es oficiais das autoridades locais e das institui\u00e7\u00f5es de ensino. Eles est\u00e3o empenhados em montar sua estrat\u00e9gia e se preparar para o que sabem ser o melhor interesse de seus campistas.    <\/p>\n\n<h2 class=\"wp-block-heading\">Restri\u00e7\u00e3o de viagem \u00e0 Su\u00ed\u00e7a para acampamento de ver\u00e3o<\/h2>\n\n<p>A Su\u00ed\u00e7a est\u00e1 diminuindo as restri\u00e7\u00f5es \u00e0 Covid-19.\nAs pessoas que entram no pa\u00eds n\u00e3o precisam de comprova\u00e7\u00e3o de recupera\u00e7\u00e3o ou de um teste PCR negativo.\nNo entanto, os estrangeiros precisam apresentar comprovante de vacina\u00e7\u00e3o para entrar no pa\u00eds.  <\/p>\n\n<p>O uso de m\u00e1scaras faciais n\u00e3o \u00e9 mais obrigat\u00f3rio, nem a apresenta\u00e7\u00e3o de um resultado de teste negativo para acessar a maioria das \u00e1reas p\u00fablicas.\nEntretanto, o uso de m\u00e1scara em instala\u00e7\u00f5es m\u00e9dicas e no transporte p\u00fablico ainda \u00e9 obrigat\u00f3rio.   <\/p>\n\n<p>Todos os visitantes que chegam ao pa\u00eds vindos do Canad\u00e1 e dos EUA devem estar totalmente vacinados para serem autorizados a entrar na Su\u00ed\u00e7a.\nA entrada no pa\u00eds \u00e9 quase imposs\u00edvel para pessoas n\u00e3o vacinadas. <\/p>\n\n<p>De acordo com as autoridades de sa\u00fade da Su\u00ed\u00e7a, a vacina\u00e7\u00e3o completa significa que voc\u00ea recebeu sua vacina Pfizer, refor\u00e7o ou segunda dose 270 dias antes de chegar \u00e0 Su\u00ed\u00e7a.\nVoc\u00ea pode escolher entre outras marcas de vacina, incluindo a op\u00e7\u00e3o de dose \u00fanica da Johnsons e Johnsons.   <\/p>\n\n<p>A Su\u00ed\u00e7a aceita qualquer vacina, desde que tenha sido administrada de acordo com as diretrizes do Departamento Federal de Sa\u00fade P\u00fablica ou que tenha sido aprovada pela OMS.\nQuando se trata de viagens a\u00e9reas, o governo local \u00e9 respons\u00e1vel por avaliar a ades\u00e3o das companhias a\u00e9reas nacionais estrangeiras \u00e0s normas internacionais de seguran\u00e7a da Covid-19. <\/p>\n\n<p>Os campistas que planejam esquiar ou fazer montanhismo devem compartilhar seu itiner\u00e1rio com amigos ou familiares.\nEles tamb\u00e9m devem entender as pr\u00e1ticas estabelecidas para ajudar a conter a pandemia na Su\u00ed\u00e7a.   <\/p>\n\n<h2 class=\"wp-block-heading\">13 Acampamento de ver\u00e3o na Su\u00ed\u00e7a Dicas de seguran\u00e7a durante a Covid-19<\/h2>\n\n<p>As diretrizes revisadas do CDC deixaram muitos indiv\u00edduos vacinados felizes e confundiram os n\u00e3o vacinados.\nMuitas pessoas opinam que as pessoas n\u00e3o vacinadas deixar\u00e3o de usar m\u00e1scaras, aumentando o risco de espalhar o v\u00edrus da Covid-17.\nAqui est\u00e3o algumas coisas com as quais as pessoas vacinadas e n\u00e3o vacinadas devem se precaver durante esses tempos imprevis\u00edveis da Covid-19.  <\/p>\n\n<h3 class=\"wp-block-heading\">1. N\u00e3o ser vacinado significa que voc\u00ea corre um alto risco de contrair a Covid e transmiti-la a outras pessoas<\/h3>\n\n<p>As diretrizes revisadas do CDC sobre o uso de m\u00e1scaras provavelmente ter\u00e3o consequ\u00eancias graves.\nPor exemplo, se as pessoas n\u00e3o vacinadas optarem por n\u00e3o usar a m\u00e1scara, elas correr\u00e3o um risco maior de contrair e disseminar o v\u00edrus. <\/p>\n\n<p>De acordo com Lisa Maragakis, professora associada de epidemiologia e medicina na Escola de Medicina da Universidade Johns Hopkins, voc\u00ea pode<em> ter certeza<\/em> de<em> que est\u00e1 se<\/em> preparando para o<em> futuro,<\/em><\/p>\n\n<p><em>&#8220;Infelizmente, o risco para os indiv\u00edduos n\u00e3o vacinados aumentar\u00e1 drasticamente \u00e0 medida que todos pararem de usar m\u00e1scaras abruptamente. Essas pessoas talvez precisem reduzir ainda mais suas atividades e ser ainda mais cautelosas at\u00e9 que sejam totalmente vacinadas. O ponto principal \u00e9 que, se voc\u00ea n\u00e3o foi vacinado, est\u00e1 suscet\u00edvel ao v\u00edrus.&#8221;<\/em><\/p>\n\n<p>  As pessoas vacinadas t\u00eam uma chance maior de se recuperar da Covid do que as n\u00e3o vacinadas.\nVacine-se antes de interagir com outros campistas.   <\/p>\n\n<h3 class=\"wp-block-heading\">2. Voc\u00ea n\u00e3o precisar\u00e1 de m\u00e1scaras ao andar de bicicleta ou correr<\/h3>\n\n<p>Andar de bicicleta e correr s\u00e3o algumas das atividades mais empolgantes para os entusiastas do acampamento.\nIndependentemente de estar vacinado, voc\u00ea pode correr, caminhar, andar de bicicleta ou de cadeira de rodas ao ar livre sem m\u00e1scara.\nO risco de contrair a Covid-19 ao ar livre \u00e9 menor do que em ambientes fechados.\nSe voc\u00ea participar de atividades ao ar livre sem m\u00e1scara, \u00e9 melhor porque a circula\u00e7\u00e3o de ar \u00e9 adequada.   <\/p>\n\n<h3 class=\"wp-block-heading\">3. A pr\u00e1tica de esportes de contato ao ar livre \u00e9 segura<\/h3>\n\n<p>Esportes ao ar livre, como o futebol, apresentam um risco m\u00ednimo de transmiss\u00e3o da Covid-19.<\/p>\n\n<p><em>&#8220;Estudos de eventos esportivos mostram que os participantes de diferentes equipes n\u00e3o passam muito tempo muito pr\u00f3ximos uns dos outros durante um jogo de basquete, por exemplo&#8221;, diz Maragakis.<\/em><\/p>\n\n<p><em> <\/em>No entanto, Paul Pottinger, professor da divis\u00e3o de doen\u00e7as infecciosas e alergias do departamento de medicina da Universidade de Washington, em Seattle, diz que as reuni\u00f5es de equipe fora do campo podem ser o local perfeito para indiv\u00edduos n\u00e3o vacinados espalharem a Covid.\nOs campistas que participam de atividades fora do campo devem usar uma cobertura facial e praticar o distanciamento social para se protegerem.   <\/p>\n\n<h3 class=\"wp-block-heading\">4. Concertos ao ar livre e eventos esportivos podem representar um risco para indiv\u00edduos n\u00e3o vacinados<\/h3>\n\n<figure><img loading=\"lazy\" decoding=\"async\" src=\"https:\/\/www.leselfes.com\/wp-content\/uploads\/2023\/03\/Summer-Camp-Switzerland-Safety-Tip.jpg\" alt=\"Dicas de seguran&#xE7;a para o acampamento de ver&#xE3;o na Su&#xED;&#xE7;a\" width=\"622\" height=\"387\"\/><\/figure>\n\n<p>De acordo com o CDC, participar de reuni\u00f5es ao ar livre, como apresenta\u00e7\u00f5es ao vivo ou eventos esportivos de contato pr\u00f3ximo, \u00e9 arriscado para indiv\u00edduos n\u00e3o vacinados. Se voc\u00ea tiver que comparecer a esses eventos, certifique-se de que o local tenha arranjos de assentos adequados e com distanciamento social. Se voc\u00ea ainda n\u00e3o tiver sido vacinado, use uma m\u00e1scara durante esses eventos.    <\/p>\n\n<h3 class=\"wp-block-heading\">5. Higiene das m\u00e3os e respirat\u00f3ria  <\/h3>\n\n<p>Incentive e garanta que os campistas pratiquem a higiene adequada e frequente das m\u00e3os. Os supervisores do acampamento devem garantir que os campistas saibam como lavar bem as m\u00e3os. Tanto os campistas quanto os funcion\u00e1rios devem sempre lavar as m\u00e3os antes e depois de comer, depois de ir ao banheiro, depois das atividades e sempre que usarem equipamentos compartilhados. Outras coisas que os organizadores do acampamento devem fazer para promover a higiene adequada das m\u00e3os e das vias respirat\u00f3rias incluem:     <\/p>\n\n<ul class=\"wp-block-list\">\n<li><a href=\"https:\/\/www.leselfes.com\/pt-br\/?page_id=89241#staff\" target=\"_blank\" rel=\"noreferrer noopener\">Certifique-se de que todos os funcion\u00e1rios<\/a> e campistas sigam as normas de higiene respirat\u00f3ria estabelecidas. Por exemplo, todos devem sempre cobrir a boca com uma toalha de papel quando tossirem ou espirrarem.   <\/li>\n<\/ul>\n\n<ul class=\"wp-block-list\">\n<li>Garanta um processo e um programa estruturado para monitorar e reabastecer os suprimentos de higiene das m\u00e3os.<\/li>\n<\/ul>\n\n<ul class=\"wp-block-list\">\n<li>Forne\u00e7a desinfetante para as m\u00e3os \u00e0 base de \u00e1lcool com at\u00e9 90% de concentra\u00e7\u00e3o de \u00e1lcool em diferentes locais nas instala\u00e7\u00f5es do acampamento.  <\/li>\n<\/ul>\n\n<ul class=\"wp-block-list\">\n<li>Implemente pr\u00e1ticas de higiene respirat\u00f3ria e das m\u00e3os e de desinfec\u00e7\u00e3o adequadas ao ambiente da selva durante os passeios na natureza, como len\u00e7os umedecidos \u00e0 base de \u00e1lcool e desinfetantes para as m\u00e3os.  <\/li>\n<\/ul>\n\n<h3 class=\"wp-block-heading\">6. Distanciamento social e coorte  <\/h3>\n\n<p>Coorte \u00e9 a ideia de colocar a equipe e os campistas em grupos espec\u00edficos que permanecem juntos durante toda a experi\u00eancia do acampamento. Essa abordagem desempenha um papel importante no controle das opera\u00e7\u00f5es do acampamento caso um caso de Covid-19 seja relatado no acampamento. A restri\u00e7\u00e3o de qualquer conex\u00e3o entre grupos reduz o n\u00famero de funcion\u00e1rios ou campistas que devem ser colocados em quarentena. Para garantir o sucesso dessa abordagem, os organizadores do acampamento devem:     <\/p>\n\n<ul class=\"wp-block-list\">\n<li>Comunique os deveres de cada grupo no in\u00edcio do evento de acampamento<\/li>\n\n\n\n<li>Pratique o distanciamento social entre pais, funcion\u00e1rios e cuidadores no momento da entrega.  <\/li>\n\n\n\n<li>Cada grupo deve se abster de interagir com membros de outros grupos.  <\/li>\n\n\n\n<li>Os grupos devem permanecer juntos durante todas as atividades e refei\u00e7\u00f5es.  <\/li>\n<\/ul>\n\n<p>A equipe e os campistas que dormem no mesmo beliche ou cabine s\u00e3o coortes familiares e n\u00e3o precisam praticar o distanciamento social ou usar m\u00e1scaras, a menos que estejam na companhia de membros de outras coortes.  <\/p>\n\n<p>Membros de diferentes grupos familiares devem usar m\u00e1scaras faciais ao usar espa\u00e7os externos ou internos compartilhados.\nEles tamb\u00e9m devem manter o distanciamento social. <\/p>\n\n<p>Vale a pena mencionar que fugir da quarentena pode custar a voc\u00ea at\u00e9 CHF 10.000.<\/p>\n\n<h3 class=\"wp-block-heading\">7. Transporte<\/h3>\n\n<p>Certifique-se de que os ve\u00edculos sejam adequadamente ventilados e incentive os campistas e a equipe a utilizar m\u00e9todos de ventila\u00e7\u00e3o natural, como abrir as janelas.\nConsulte um especialista em sa\u00fade que possa ajudar voc\u00ea a entender estrat\u00e9gias eficazes para aumentar a ventila\u00e7\u00e3o cruzada em diferentes situa\u00e7\u00f5es.\nSe algum campista ficar doente durante o dia, ele deve ser impedido de usar o transporte coletivo e passar por um teste de Covid-19 antes de voltar para casa.  <\/p>\n\n<p>Crie uma estrat\u00e9gia para garantir que os campistas ou participantes doentes cheguem em casa com seguran\u00e7a. Suponha que um motorista fique doente durante o dia, a instala\u00e7\u00e3o deve enviar outro motorista para substitu\u00ed-lo. Ele deve seguir as pr\u00e1ticas estabelecidas para pessoas doentes. Em seguida, eles devem seguir as pr\u00e1ticas estabelecidas para pessoas doentes.    <\/p>\n\n<h3 class=\"wp-block-heading\">8. Tratamento de casos confirmados de Covid-19<\/h3>\n\n<p>Desenvolva pol\u00edticas para alertar as autoridades sobre casos positivos, supervisionar o acompanhamento dos casos e alertar as pessoas expostas.\nAqui est\u00e3o as medidas que os organizadores de acampamentos devem tomar caso ocorra um caso de coronav\u00edrus em suas instala\u00e7\u00f5es.\nDesenvolva um plano para os campistas e funcion\u00e1rios que desenvolverem sintomas de Covid-19 e para aqueles cujo teste de ant\u00edgeno der um resultado positivo.\nEsse plano pode incluir:   <\/p>\n\n<ul class=\"wp-block-list\">\n<li>Isolamento imediato em uma \u00e1rea de isolamento destinada \u00e0s pessoas sintom\u00e1ticas e \u00e0quelas com resultados positivos no teste.  <\/li>\n\n\n\n<li>Transportar os campistas para casa ou para o centro m\u00e9dico, quando necess\u00e1rio<\/li>\n\n\n\n<li>Notificar os pais quando seus filhos testarem positivo para o coronav\u00edrus ou ficarem doentes<\/li>\n\n\n\n<li>Oferecer um espa\u00e7o exclusivo para campistas e funcion\u00e1rios com teste positivo, longe de outros servi\u00e7os de sa\u00fade.<\/li>\n<\/ul>\n\n<h3 class=\"wp-block-heading\">9. Uso de m\u00e1scaras e equipamentos de prote\u00e7\u00e3o individual<\/h3>\n\n<figure><img loading=\"lazy\" decoding=\"async\" src=\"https:\/\/www.leselfes.com\/wp-content\/uploads\/2023\/03\/Wearing-of-Masks-and-Personal-Protective-Gear.jpg\" alt=\"Uso de m&#xE1;scaras e equipamentos de prote&#xE7;&#xE3;o individual\" width=\"628\" height=\"313\"\/><\/figure>\n\n<p>Os provedores de educa\u00e7\u00e3o no acampamento de ver\u00e3o devem oferecer treinamento sobre o uso adequado e seguro, cuidados, limita\u00e7\u00f5es e descarte de m\u00e1scaras.\nConsulte o site cantonal da Covid-19 em sua regi\u00e3o para obter mais informa\u00e7\u00f5es sobre m\u00e1scaras.\nAqui est\u00e3o algumas dicas para voc\u00ea fazer com que esse exerc\u00edcio valha a pena.  <\/p>\n\n<p>Todos os campistas ou funcion\u00e1rios n\u00e3o vacinados devem usar m\u00e1scaras em ambientes fechados, a menos que o campista tenha necessidades especiais ou uma condi\u00e7\u00e3o m\u00e9dica que o impe\u00e7a de usar m\u00e1scaras ou coberturas faciais, como, por exemplo<\/p>\n\n<ul class=\"wp-block-list\">\n<li>Incapacidade de usar ou remover suas m\u00e1scaras sem a ajuda de outra pessoa<\/li>\n\n\n\n<li>Est\u00e1 em uma \u00e1rea adequadamente ventilada e praticando o distanciamento social<\/li>\n\n\n\n<li>Comer ou beber<\/li>\n<\/ul>\n\n<h3 class=\"wp-block-heading\">10. Monitoramento de sa\u00fade de rotina<\/h3>\n\n<p>A triagem di\u00e1ria da equipe e dos campistas \u00e9 desnecess\u00e1ria, mas eles devem fazer a autotriagem diariamente antes de iniciar as atividades do acampamento.\nOs organizadores do acampamento devem fornecer ferramentas de autotriagem para garantir que a equipe detecte poss\u00edveis sintomas da Covid-19 com anteced\u00eancia suficiente. <\/p>\n\n<p>Eles tamb\u00e9m devem treinar os campistas usando uma linguagem n\u00e3o estigmatizante e aplic\u00e1vel \u00e0 idade para garantir que eles entendam como reconhecer os sintomas da Covid-19.\nEles tamb\u00e9m devem ser incentivados a informar os membros da equipe assim que ficarem doentes. <\/p>\n\n<p>Antes de recomendar uma avalia\u00e7\u00e3o mais aprofundada, a equipe m\u00e9dica e de sa\u00fade dos acampamentos de ver\u00e3o deve estar atenta a quaisquer condi\u00e7\u00f5es pr\u00e9-existentes e alergias n\u00e3o relacionadas ao coronav\u00edrus, como enxaquecas, congest\u00e3o tor\u00e1cica e coriza intensa.  <\/p>\n\n<h3 class=\"wp-block-heading\">11. Atividades e opera\u00e7\u00f5es do acampamento<\/h3>\n\n<figure><img loading=\"lazy\" decoding=\"async\" src=\"https:\/\/www.leselfes.com\/wp-content\/uploads\/2023\/03\/Summer-Camp-Switzerland-Activities-and-Operations.jpg\" alt=\"Atividades e opera&#xE7;&#xF5;es do acampamento de ver&#xE3;o na Su&#xED;&#xE7;a  \" width=\"633\" height=\"383\"\/><\/figure>\n\n<p>Aqui est\u00e3o alguns fatores que voc\u00ea deve considerar ao <a href=\"https:\/\/www.leselfes.com\/pt-br\/?page_id=89241#new-activities\" target=\"_blank\" rel=\"noreferrer noopener\">planejar atividades de acampamento<\/a> em Berna e Genebra.  <\/p>\n\n<ul class=\"wp-block-list\">\n<li>Quanto mais pessoas se reunirem em um \u00fanico local, maior ser\u00e1 o risco de transmiss\u00e3o da Covid-19.<\/li>\n\n\n\n<li>Os campistas devem se envolver em atividades ao ar livre o m\u00e1ximo poss\u00edvel e limitar as atividades em ambientes fechados.\nSe os campistas tiverem que participar de atividades em ambientes fechados, certifique-se de que o espa\u00e7o seja bem ventilado.   <\/li>\n\n\n\n<li>Restringir volunt\u00e1rios e visitantes n\u00e3o essenciais<\/li>\n\n\n\n<li>Abra as janelas e portas o m\u00e1ximo poss\u00edvel para facilitar a circula\u00e7\u00e3o adequada de ar fresco.<\/li>\n<\/ul>\n\n<p>H\u00e1 um alto risco de circula\u00e7\u00e3o de got\u00edculas respirat\u00f3rias durante as atividades que envolvem vozes, como atua\u00e7\u00e3o ou canto, ou quando s\u00e3o usados instrumentos de sopro.\nOs participantes do acampamento devem realizar essas atividades ao ar livre e seguindo os protocolos de distanciamento social.   <\/p>\n\n<h3 class=\"wp-block-heading\">12. Regulamentos de constru\u00e7\u00e3o<\/h3>\n\n<p>Suponha que a atividade de acampamento ocorra em uma comodidade que est\u00e1 sendo reaberta ap\u00f3s permanecer fechada por um longo per\u00edodo. Nesse caso, os organizadores do acampamento devem fazer a manuten\u00e7\u00e3o de todos os recursos e sistemas de \u00e1gua e ventila\u00e7\u00e3o, como bebedouros e pias. Isso garante que eles estejam prontos para ocupa\u00e7\u00e3o e uso e em condi\u00e7\u00f5es adequadas de funcionamento durante todo o per\u00edodo do acampamento. Aqui est\u00e3o algumas coisas que voc\u00ea pode fazer para melhorar ou aumentar a ventila\u00e7\u00e3o e incentivar a circula\u00e7\u00e3o adequada de ar fresco.     <\/p>\n\n<ul class=\"wp-block-list\">\n<li>Abra as janelas e portas enquanto for seguro fazer isso<\/li>\n<\/ul>\n\n<ul class=\"wp-block-list\">\n<li>Assegure o funcionamento adequado do sistema central de filtragem de ar.\nVede todas as bordas dos filtros e certifique-se de que eles estejam bem instalados e dentro da vida \u00fatil.   <\/li>\n<\/ul>\n\n<ul class=\"wp-block-list\">\n<li>Certifique-se de que os sistemas de ventila\u00e7\u00e3o estejam em condi\u00e7\u00f5es adequadas de funcionamento para aumentar a qualidade do ar interno<\/li>\n<\/ul>\n\n<ul class=\"wp-block-list\">\n<li>Consulte um profissional para determinar o que est\u00e1 funcionando e identificar os equipamentos que precisam ser substitu\u00eddos na instala\u00e7\u00e3o.  <\/li>\n\n\n\n<li>Mantenha os sistemas de filtragem de ar funcionando 24 horas por dia sempre que poss\u00edvel para promover a troca de ar dentro do edif\u00edcio<\/li>\n<\/ul>\n\n<ul class=\"wp-block-list\">\n<li>Se voc\u00ea planeja realizar alguma atividade em ambientes fechados, mantenha as janelas e portas abertas para aumentar a circula\u00e7\u00e3o de ar fresco.  <\/li>\n<\/ul>\n\n<h3 class=\"wp-block-heading\">13. Considera\u00e7\u00f5es sobre a equipe<\/h3>\n\n<p>Implemente pol\u00edticas de licen\u00e7a flex\u00edveis e que n\u00e3o causem impacto para permitir que os funcion\u00e1rios doentes permane\u00e7am em casa.\nPol\u00edticas de licen\u00e7a para ajudar a levar em conta: <\/p>\n\n<ul class=\"wp-block-list\">\n<li>Funcion\u00e1rios que relatam sintomas relacionados \u00e0 Covid-19<\/li>\n\n\n\n<li>Membros da equipe que testaram positivo para o coronav\u00edrus<\/li>\n\n\n\n<li>Funcion\u00e1rios que fizeram seus testes de Covid-19, mas os resultados ainda est\u00e3o pendentes<\/li>\n\n\n\n<li>Funcion\u00e1rios cujos filhos fecharam a escola devido a um aumento nos casos de Covid-19 em suas escolas<\/li>\n\n\n\n<li>Qualquer funcion\u00e1rio que tenha tido contato pr\u00f3ximo com um indiv\u00edduo com sintomas de Covid-19  <\/li>\n<\/ul>\n\n<p>Os organizadores do acampamento devem incentivar seus funcion\u00e1rios a se vacinarem completamente antes do evento de acampamento.\nSe a equipe apresentar algum efeito colateral, os supervisores devem ter a gentileza de dar-lhes alguns dias de folga at\u00e9 que se recuperem totalmente.   <\/p>\n\n<h2 class=\"wp-block-heading\">Finalmente  <\/h2>\n\n<p>Com a queda dos casos de Covid-19, o CDC e a OMS est\u00e3o relaxando as medidas regulat\u00f3rias.\nNo entanto, isso n\u00e3o significa que os organizadores de acampamentos de ver\u00e3o devam ser negligentes.\nO v\u00edrus ainda est\u00e1 aqui, e todo organizador de acampamento deve implementar medidas de preven\u00e7\u00e3o para garantir que os campistas estejam seguros durante sua estadia nas instala\u00e7\u00f5es do acampamento.  <\/p>\n\n<p>Essas dicas s\u00e3o ideais para organizadores de acampamentos e pais que desejam matricular seus filhos em um acampamento neste ver\u00e3o.\nOs acampamentos de ver\u00e3o trazem in\u00fameros benef\u00edcios, como a promo\u00e7\u00e3o da sa\u00fade mental da crian\u00e7a.\nNo entanto, o ambiente deve ser seguro para que os campistas possam desfrutar desses benef\u00edcios.\nUma instala\u00e7\u00e3o de acampamento confi\u00e1vel fornecer\u00e1 uma p\u00e1gina de perguntas frequentes em seu site para ajudar os pais a encontrar respostas de forma conveniente.   <\/p>\n\n<p style=\"text-align: center;\"><a href=\"https:\/\/www.leselfes.com\/pt-br\/?page_id=89241\" target=\"_blank\" rel=\"noopener\"><button type=\"button\">Participe do Summer Camp Switzerland<\/button><\/a><\/p>\n","protected":false},"excerpt":{"rendered":"<p>Os entusiastas dos acampamentos de ver\u00e3o est\u00e3o ansiosos para acampar e participar de suas atividades favoritas este ano. A disponibilidade das vacinas contra a Covid-19 mudou a dire\u00e7\u00e3o da pandemia&#8230;<\/p>\n","protected":false},"author":1,"featured_media":78902,"comment_status":"closed","ping_status":"open","sticky":false,"template":"","format":"standard","meta":{"_acf_changed":false,"inline_featured_image":false,"footnotes":""},"categories":[1369,1423],"tags":[1412,1541,1835,1834],"class_list":{"0":"post-93381","1":"post","2":"type-post","3":"status-publish","4":"format-standard","5":"has-post-thumbnail","7":"category-acampamento-de-verao-pt-br","8":"category-dicas-para-os-pais","9":"tag-acampamento-de-verao-pt-br","10":"tag-acampamentos-de-verao-na-suica-pt-br","11":"tag-covid-19-dicas-de-seguranca-em-acampamentos-de-verao","12":"tag-dicas-de-seguranca-para-o-acampamento-de-verao-na-suica"},"acf":[],"yoast_head":"<!-- This site is optimized with the Yoast SEO Premium plugin v24.2 (Yoast SEO v24.7) - https:\/\/yoast.com\/wordpress\/plugins\/seo\/ -->\n<title>13 Dicas de seguran\u00e7a para o acampamento de ver\u00e3o na Su\u00ed\u00e7a durante a Covid-19 em 2022<\/title>\n<meta name=\"description\" content=\"Aqui est\u00e3o algumas dicas de seguran\u00e7a durante a covid-19 com as quais voc\u00ea deve se preocupar antes de ir para um acampamento de ver\u00e3o na Su\u00ed\u00e7a.\" \/>\n<meta name=\"robots\" content=\"index, follow, max-snippet:-1, max-image-preview:large, max-video-preview:-1\" \/>\n<link rel=\"canonical\" href=\"https:\/\/www.leselfes.com\/pt-br\/acampamento-de-verao-na-suica-dicas-de-seguranca-durante-a-covid-19\/\" \/>\n<meta property=\"og:locale\" content=\"pt_BR\" \/>\n<meta property=\"og:type\" content=\"article\" \/>\n<meta property=\"og:title\" content=\"Acampamento de ver\u00e3o na Su\u00ed\u00e7a Dicas de seguran\u00e7a durante a Covid-19\" \/>\n<meta property=\"og:description\" content=\"Aqui est\u00e3o algumas dicas de seguran\u00e7a durante a covid-19 com as quais voc\u00ea deve se preocupar antes de ir para um acampamento de ver\u00e3o na Su\u00ed\u00e7a.\" \/>\n<meta property=\"og:url\" content=\"https:\/\/www.leselfes.com\/pt-br\/acampamento-de-verao-na-suica-dicas-de-seguranca-durante-a-covid-19\/\" \/>\n<meta property=\"og:site_name\" content=\"Les Elfes International Camps Switzerland\" \/>\n<meta property=\"article:publisher\" content=\"https:\/\/www.facebook.com\/LesElfesVerbier\" \/>\n<meta property=\"article:published_time\" content=\"2022-04-12T04:20:21+00:00\" \/>\n<meta property=\"article:modified_time\" content=\"2024-11-12T11:39:46+00:00\" \/>\n<meta property=\"og:image\" content=\"https:\/\/dev.leselfes.com\/wp-content\/uploads\/2022\/04\/Summer-Camp-Switzerland-Safety-Tips.jpg\" \/>\n\t<meta property=\"og:image:width\" content=\"975\" \/>\n\t<meta property=\"og:image:height\" content=\"675\" \/>\n\t<meta property=\"og:image:type\" content=\"image\/jpeg\" \/>\n<meta name=\"author\" content=\"lesadmin\" \/>\n<meta name=\"twitter:card\" content=\"summary_large_image\" \/>\n<meta name=\"twitter:creator\" content=\"@LesElfesCamps\" \/>\n<meta name=\"twitter:site\" content=\"@LesElfesCamps\" \/>\n<meta name=\"twitter:label1\" content=\"Escrito por\" \/>\n\t<meta name=\"twitter:data1\" content=\"lesadmin\" \/>\n\t<meta name=\"twitter:label2\" content=\"Est. tempo de leitura\" \/>\n\t<meta name=\"twitter:data2\" content=\"15 minutos\" \/>\n<script type=\"application\/ld+json\" class=\"yoast-schema-graph\">{\"@context\":\"https:\/\/schema.org\",\"@graph\":[{\"@type\":\"Article\",\"@id\":\"https:\/\/www.leselfes.com\/pt-br\/acampamento-de-verao-na-suica-dicas-de-seguranca-durante-a-covid-19\/#article\",\"isPartOf\":{\"@id\":\"https:\/\/www.leselfes.com\/pt-br\/acampamento-de-verao-na-suica-dicas-de-seguranca-durante-a-covid-19\/\"},\"author\":{\"name\":\"lesadmin\",\"@id\":\"https:\/\/dev.leselfes.com\/#\/schema\/person\/407a229698868b8c603874b19f37f289\"},\"headline\":\"Acampamento de ver\u00e3o na Su\u00ed\u00e7a Dicas de seguran\u00e7a durante a Covid-19\",\"datePublished\":\"2022-04-12T04:20:21+00:00\",\"dateModified\":\"2024-11-12T11:39:46+00:00\",\"mainEntityOfPage\":{\"@id\":\"https:\/\/www.leselfes.com\/pt-br\/acampamento-de-verao-na-suica-dicas-de-seguranca-durante-a-covid-19\/\"},\"wordCount\":3072,\"publisher\":{\"@id\":\"https:\/\/dev.leselfes.com\/#organization\"},\"image\":{\"@id\":\"https:\/\/www.leselfes.com\/pt-br\/acampamento-de-verao-na-suica-dicas-de-seguranca-durante-a-covid-19\/#primaryimage\"},\"thumbnailUrl\":\"https:\/\/www.leselfes.com\/wp-content\/uploads\/2022\/04\/Summer-Camp-Switzerland-Safety-Tips.jpg\",\"keywords\":[\"acampamento de ver\u00e3o\",\"Acampamentos de ver\u00e3o na Su\u00ed\u00e7a\",\"Covid 19 Dicas de seguran\u00e7a em acampamentos de ver\u00e3o\",\"Dicas de seguran\u00e7a para o acampamento de ver\u00e3o na Su\u00ed\u00e7a\"],\"articleSection\":[\"Acampamento de ver\u00e3o\",\"Dicas para os pais\"],\"inLanguage\":\"pt-BR\"},{\"@type\":\"WebPage\",\"@id\":\"https:\/\/www.leselfes.com\/pt-br\/acampamento-de-verao-na-suica-dicas-de-seguranca-durante-a-covid-19\/\",\"url\":\"https:\/\/www.leselfes.com\/pt-br\/acampamento-de-verao-na-suica-dicas-de-seguranca-durante-a-covid-19\/\",\"name\":\"13 Dicas de seguran\u00e7a para o acampamento de ver\u00e3o na Su\u00ed\u00e7a durante a Covid-19 em 2022\",\"isPartOf\":{\"@id\":\"https:\/\/dev.leselfes.com\/#website\"},\"primaryImageOfPage\":{\"@id\":\"https:\/\/www.leselfes.com\/pt-br\/acampamento-de-verao-na-suica-dicas-de-seguranca-durante-a-covid-19\/#primaryimage\"},\"image\":{\"@id\":\"https:\/\/www.leselfes.com\/pt-br\/acampamento-de-verao-na-suica-dicas-de-seguranca-durante-a-covid-19\/#primaryimage\"},\"thumbnailUrl\":\"https:\/\/www.leselfes.com\/wp-content\/uploads\/2022\/04\/Summer-Camp-Switzerland-Safety-Tips.jpg\",\"datePublished\":\"2022-04-12T04:20:21+00:00\",\"dateModified\":\"2024-11-12T11:39:46+00:00\",\"description\":\"Aqui est\u00e3o algumas dicas de seguran\u00e7a durante a covid-19 com as quais voc\u00ea deve se preocupar antes de ir para um acampamento de ver\u00e3o na Su\u00ed\u00e7a.\",\"breadcrumb\":{\"@id\":\"https:\/\/www.leselfes.com\/pt-br\/acampamento-de-verao-na-suica-dicas-de-seguranca-durante-a-covid-19\/#breadcrumb\"},\"inLanguage\":\"pt-BR\",\"potentialAction\":[{\"@type\":\"ReadAction\",\"target\":[\"https:\/\/www.leselfes.com\/pt-br\/acampamento-de-verao-na-suica-dicas-de-seguranca-durante-a-covid-19\/\"]}]},{\"@type\":\"ImageObject\",\"inLanguage\":\"pt-BR\",\"@id\":\"https:\/\/www.leselfes.com\/pt-br\/acampamento-de-verao-na-suica-dicas-de-seguranca-durante-a-covid-19\/#primaryimage\",\"url\":\"https:\/\/www.leselfes.com\/wp-content\/uploads\/2022\/04\/Summer-Camp-Switzerland-Safety-Tips.jpg\",\"contentUrl\":\"https:\/\/www.leselfes.com\/wp-content\/uploads\/2022\/04\/Summer-Camp-Switzerland-Safety-Tips.jpg\",\"width\":975,\"height\":675},{\"@type\":\"BreadcrumbList\",\"@id\":\"https:\/\/www.leselfes.com\/pt-br\/acampamento-de-verao-na-suica-dicas-de-seguranca-durante-a-covid-19\/#breadcrumb\",\"itemListElement\":[{\"@type\":\"ListItem\",\"position\":1,\"name\":\"Home\",\"item\":\"https:\/\/www.leselfes.com\/pt-br\/\"},{\"@type\":\"ListItem\",\"position\":2,\"name\":\"Acampamento de ver\u00e3o na Su\u00ed\u00e7a Dicas de seguran\u00e7a durante a Covid-19\"}]},{\"@type\":\"WebSite\",\"@id\":\"https:\/\/dev.leselfes.com\/#website\",\"url\":\"https:\/\/dev.leselfes.com\/\",\"name\":\"Les Elfes International\",\"description\":\"Les Elfes International, Verbier Switzerland. Summer Camp, Winter Camp, Spring Camps.\",\"publisher\":{\"@id\":\"https:\/\/dev.leselfes.com\/#organization\"},\"alternateName\":\"Les Elfes International\",\"potentialAction\":[{\"@type\":\"SearchAction\",\"target\":{\"@type\":\"EntryPoint\",\"urlTemplate\":\"https:\/\/dev.leselfes.com\/?s={search_term_string}\"},\"query-input\":{\"@type\":\"PropertyValueSpecification\",\"valueRequired\":true,\"valueName\":\"search_term_string\"}}],\"inLanguage\":\"pt-BR\"},{\"@type\":\"Organization\",\"@id\":\"https:\/\/dev.leselfes.com\/#organization\",\"name\":\"Les Elfes International\",\"alternateName\":\"Les Elfes International\",\"url\":\"https:\/\/dev.leselfes.com\/\",\"logo\":{\"@type\":\"ImageObject\",\"inLanguage\":\"pt-BR\",\"@id\":\"https:\/\/dev.leselfes.com\/#\/schema\/logo\/image\/\",\"url\":\"https:\/\/www.leselfes.com\/wp-content\/uploads\/2022\/03\/leselfes-logo.png\",\"contentUrl\":\"https:\/\/www.leselfes.com\/wp-content\/uploads\/2022\/03\/leselfes-logo.png\",\"width\":233,\"height\":51,\"caption\":\"Les Elfes International\"},\"image\":{\"@id\":\"https:\/\/dev.leselfes.com\/#\/schema\/logo\/image\/\"},\"sameAs\":[\"https:\/\/www.facebook.com\/LesElfesVerbier\",\"https:\/\/x.com\/LesElfesCamps\",\"https:\/\/www.instagram.com\/leselfes\",\"https:\/\/www.linkedin.com\/company\/les-elfes-international\",\"https:\/\/www.youtube.com\/user\/LesElfesVerbier\"]},{\"@type\":\"Person\",\"@id\":\"https:\/\/dev.leselfes.com\/#\/schema\/person\/407a229698868b8c603874b19f37f289\",\"name\":\"lesadmin\",\"image\":{\"@type\":\"ImageObject\",\"inLanguage\":\"pt-BR\",\"@id\":\"https:\/\/dev.leselfes.com\/#\/schema\/person\/image\/\",\"url\":\"https:\/\/secure.gravatar.com\/avatar\/fdb243a028df450397b3632d862f87f6?s=96&d=mm&r=g\",\"contentUrl\":\"https:\/\/secure.gravatar.com\/avatar\/fdb243a028df450397b3632d862f87f6?s=96&d=mm&r=g\",\"caption\":\"lesadmin\"},\"url\":\"https:\/\/www.leselfes.com\/pt-br\/author\/lesadmin\/\"}]}<\/script>\n<!-- \/ Yoast SEO Premium plugin. -->","yoast_head_json":{"title":"13 Dicas de seguran\u00e7a para o acampamento de ver\u00e3o na Su\u00ed\u00e7a durante a Covid-19 em 2022","description":"Aqui est\u00e3o algumas dicas de seguran\u00e7a durante a covid-19 com as quais voc\u00ea deve se preocupar antes de ir para um acampamento de ver\u00e3o na Su\u00ed\u00e7a.","robots":{"index":"index","follow":"follow","max-snippet":"max-snippet:-1","max-image-preview":"max-image-preview:large","max-video-preview":"max-video-preview:-1"},"canonical":"https:\/\/www.leselfes.com\/pt-br\/acampamento-de-verao-na-suica-dicas-de-seguranca-durante-a-covid-19\/","og_locale":"pt_BR","og_type":"article","og_title":"Acampamento de ver\u00e3o na Su\u00ed\u00e7a Dicas de seguran\u00e7a durante a Covid-19","og_description":"Aqui est\u00e3o algumas dicas de seguran\u00e7a durante a covid-19 com as quais voc\u00ea deve se preocupar antes de ir para um acampamento de ver\u00e3o na Su\u00ed\u00e7a.","og_url":"https:\/\/www.leselfes.com\/pt-br\/acampamento-de-verao-na-suica-dicas-de-seguranca-durante-a-covid-19\/","og_site_name":"Les Elfes International Camps Switzerland","article_publisher":"https:\/\/www.facebook.com\/LesElfesVerbier","article_published_time":"2022-04-12T04:20:21+00:00","article_modified_time":"2024-11-12T11:39:46+00:00","og_image":[{"width":975,"height":675,"url":"https:\/\/dev.leselfes.com\/wp-content\/uploads\/2022\/04\/Summer-Camp-Switzerland-Safety-Tips.jpg","type":"image\/jpeg"}],"author":"lesadmin","twitter_card":"summary_large_image","twitter_creator":"@LesElfesCamps","twitter_site":"@LesElfesCamps","twitter_misc":{"Escrito por":"lesadmin","Est. tempo de leitura":"15 minutos"},"schema":{"@context":"https:\/\/schema.org","@graph":[{"@type":"Article","@id":"https:\/\/www.leselfes.com\/pt-br\/acampamento-de-verao-na-suica-dicas-de-seguranca-durante-a-covid-19\/#article","isPartOf":{"@id":"https:\/\/www.leselfes.com\/pt-br\/acampamento-de-verao-na-suica-dicas-de-seguranca-durante-a-covid-19\/"},"author":{"name":"lesadmin","@id":"https:\/\/dev.leselfes.com\/#\/schema\/person\/407a229698868b8c603874b19f37f289"},"headline":"Acampamento de ver\u00e3o na Su\u00ed\u00e7a Dicas de seguran\u00e7a durante a Covid-19","datePublished":"2022-04-12T04:20:21+00:00","dateModified":"2024-11-12T11:39:46+00:00","mainEntityOfPage":{"@id":"https:\/\/www.leselfes.com\/pt-br\/acampamento-de-verao-na-suica-dicas-de-seguranca-durante-a-covid-19\/"},"wordCount":3072,"publisher":{"@id":"https:\/\/dev.leselfes.com\/#organization"},"image":{"@id":"https:\/\/www.leselfes.com\/pt-br\/acampamento-de-verao-na-suica-dicas-de-seguranca-durante-a-covid-19\/#primaryimage"},"thumbnailUrl":"https:\/\/www.leselfes.com\/wp-content\/uploads\/2022\/04\/Summer-Camp-Switzerland-Safety-Tips.jpg","keywords":["acampamento de ver\u00e3o","Acampamentos de ver\u00e3o na Su\u00ed\u00e7a","Covid 19 Dicas de seguran\u00e7a em acampamentos de ver\u00e3o","Dicas de seguran\u00e7a para o acampamento de ver\u00e3o na Su\u00ed\u00e7a"],"articleSection":["Acampamento de ver\u00e3o","Dicas para os pais"],"inLanguage":"pt-BR"},{"@type":"WebPage","@id":"https:\/\/www.leselfes.com\/pt-br\/acampamento-de-verao-na-suica-dicas-de-seguranca-durante-a-covid-19\/","url":"https:\/\/www.leselfes.com\/pt-br\/acampamento-de-verao-na-suica-dicas-de-seguranca-durante-a-covid-19\/","name":"13 Dicas de seguran\u00e7a para o acampamento de ver\u00e3o na Su\u00ed\u00e7a durante a Covid-19 em 2022","isPartOf":{"@id":"https:\/\/dev.leselfes.com\/#website"},"primaryImageOfPage":{"@id":"https:\/\/www.leselfes.com\/pt-br\/acampamento-de-verao-na-suica-dicas-de-seguranca-durante-a-covid-19\/#primaryimage"},"image":{"@id":"https:\/\/www.leselfes.com\/pt-br\/acampamento-de-verao-na-suica-dicas-de-seguranca-durante-a-covid-19\/#primaryimage"},"thumbnailUrl":"https:\/\/www.leselfes.com\/wp-content\/uploads\/2022\/04\/Summer-Camp-Switzerland-Safety-Tips.jpg","datePublished":"2022-04-12T04:20:21+00:00","dateModified":"2024-11-12T11:39:46+00:00","description":"Aqui est\u00e3o algumas dicas de seguran\u00e7a durante a covid-19 com as quais voc\u00ea deve se preocupar antes de ir para um acampamento de ver\u00e3o na Su\u00ed\u00e7a.","breadcrumb":{"@id":"https:\/\/www.leselfes.com\/pt-br\/acampamento-de-verao-na-suica-dicas-de-seguranca-durante-a-covid-19\/#breadcrumb"},"inLanguage":"pt-BR","potentialAction":[{"@type":"ReadAction","target":["https:\/\/www.leselfes.com\/pt-br\/acampamento-de-verao-na-suica-dicas-de-seguranca-durante-a-covid-19\/"]}]},{"@type":"ImageObject","inLanguage":"pt-BR","@id":"https:\/\/www.leselfes.com\/pt-br\/acampamento-de-verao-na-suica-dicas-de-seguranca-durante-a-covid-19\/#primaryimage","url":"https:\/\/www.leselfes.com\/wp-content\/uploads\/2022\/04\/Summer-Camp-Switzerland-Safety-Tips.jpg","contentUrl":"https:\/\/www.leselfes.com\/wp-content\/uploads\/2022\/04\/Summer-Camp-Switzerland-Safety-Tips.jpg","width":975,"height":675},{"@type":"BreadcrumbList","@id":"https:\/\/www.leselfes.com\/pt-br\/acampamento-de-verao-na-suica-dicas-de-seguranca-durante-a-covid-19\/#breadcrumb","itemListElement":[{"@type":"ListItem","position":1,"name":"Home","item":"https:\/\/www.leselfes.com\/pt-br\/"},{"@type":"ListItem","position":2,"name":"Acampamento de ver\u00e3o na Su\u00ed\u00e7a Dicas de seguran\u00e7a durante a Covid-19"}]},{"@type":"WebSite","@id":"https:\/\/dev.leselfes.com\/#website","url":"https:\/\/dev.leselfes.com\/","name":"Les Elfes International","description":"Les Elfes International, Verbier Switzerland. Summer Camp, Winter Camp, Spring Camps.","publisher":{"@id":"https:\/\/dev.leselfes.com\/#organization"},"alternateName":"Les Elfes International","potentialAction":[{"@type":"SearchAction","target":{"@type":"EntryPoint","urlTemplate":"https:\/\/dev.leselfes.com\/?s={search_term_string}"},"query-input":{"@type":"PropertyValueSpecification","valueRequired":true,"valueName":"search_term_string"}}],"inLanguage":"pt-BR"},{"@type":"Organization","@id":"https:\/\/dev.leselfes.com\/#organization","name":"Les Elfes International","alternateName":"Les Elfes International","url":"https:\/\/dev.leselfes.com\/","logo":{"@type":"ImageObject","inLanguage":"pt-BR","@id":"https:\/\/dev.leselfes.com\/#\/schema\/logo\/image\/","url":"https:\/\/www.leselfes.com\/wp-content\/uploads\/2022\/03\/leselfes-logo.png","contentUrl":"https:\/\/www.leselfes.com\/wp-content\/uploads\/2022\/03\/leselfes-logo.png","width":233,"height":51,"caption":"Les Elfes International"},"image":{"@id":"https:\/\/dev.leselfes.com\/#\/schema\/logo\/image\/"},"sameAs":["https:\/\/www.facebook.com\/LesElfesVerbier","https:\/\/x.com\/LesElfesCamps","https:\/\/www.instagram.com\/leselfes","https:\/\/www.linkedin.com\/company\/les-elfes-international","https:\/\/www.youtube.com\/user\/LesElfesVerbier"]},{"@type":"Person","@id":"https:\/\/dev.leselfes.com\/#\/schema\/person\/407a229698868b8c603874b19f37f289","name":"lesadmin","image":{"@type":"ImageObject","inLanguage":"pt-BR","@id":"https:\/\/dev.leselfes.com\/#\/schema\/person\/image\/","url":"https:\/\/secure.gravatar.com\/avatar\/fdb243a028df450397b3632d862f87f6?s=96&d=mm&r=g","contentUrl":"https:\/\/secure.gravatar.com\/avatar\/fdb243a028df450397b3632d862f87f6?s=96&d=mm&r=g","caption":"lesadmin"},"url":"https:\/\/www.leselfes.com\/pt-br\/author\/lesadmin\/"}]}},"_links":{"self":[{"href":"https:\/\/www.leselfes.com\/pt-br\/wp-json\/wp\/v2\/posts\/93381"}],"collection":[{"href":"https:\/\/www.leselfes.com\/pt-br\/wp-json\/wp\/v2\/posts"}],"about":[{"href":"https:\/\/www.leselfes.com\/pt-br\/wp-json\/wp\/v2\/types\/post"}],"author":[{"embeddable":true,"href":"https:\/\/www.leselfes.com\/pt-br\/wp-json\/wp\/v2\/users\/1"}],"replies":[{"embeddable":true,"href":"https:\/\/www.leselfes.com\/pt-br\/wp-json\/wp\/v2\/comments?post=93381"}],"version-history":[{"count":0,"href":"https:\/\/www.leselfes.com\/pt-br\/wp-json\/wp\/v2\/posts\/93381\/revisions"}],"wp:featuredmedia":[{"embeddable":true,"href":"https:\/\/www.leselfes.com\/pt-br\/wp-json\/wp\/v2\/media\/78902"}],"wp:attachment":[{"href":"https:\/\/www.leselfes.com\/pt-br\/wp-json\/wp\/v2\/media?parent=93381"}],"wp:term":[{"taxonomy":"category","embeddable":true,"href":"https:\/\/www.leselfes.com\/pt-br\/wp-json\/wp\/v2\/categories?post=93381"},{"taxonomy":"post_tag","embeddable":true,"href":"https:\/\/www.leselfes.com\/pt-br\/wp-json\/wp\/v2\/tags?post=93381"}],"curies":[{"name":"wp","href":"https:\/\/api.w.org\/{rel}","templated":true}]}}