{"id":93483,"date":"2020-02-03T08:40:00","date_gmt":"2020-02-03T07:40:00","guid":{"rendered":"https:\/\/www.leselfes.com\/o-acampamento-de-verao-les-elfes-esta-se-aproximando-rapidamente\/"},"modified":"2024-11-12T12:41:12","modified_gmt":"2024-11-12T11:41:12","slug":"o-acampamento-de-verao-les-elfes-esta-se-aproximando-rapidamente","status":"publish","type":"post","link":"https:\/\/www.leselfes.com\/pt-br\/o-acampamento-de-verao-les-elfes-esta-se-aproximando-rapidamente\/","title":{"rendered":"O acampamento de ver\u00e3o Les Elfes est\u00e1 se aproximando rapidamente!"},"content":{"rendered":"<p>\n\n<figure>\n<p>Dear All,<\/p>\n<p>50+ Nationalities, incredible multicultural atmosphere, over 20 activities per session and new exciting activities for 2020. Overnight Cabanes in delightful Swiss Mountain Huts, biking, banana boating, sports, music, drama, and many many more, SUMMER CAMP 2020 is coming faster than you think. Best of all? This all takes part in the stunning, safe, clean, happy and healthy resort in Verbier, a perfect setting for any young mind seeking adventure, friendship, and fun.<\/p>\n<\/figure>\n<p>\u00a0<\/p>\n<p><a href=\"https:\/\/www.leselfes.com\/wp-content\/uploads\/2021\/08\/Ropes_course.jpg\"><img loading=\"lazy\" decoding=\"async\" src=\"https:\/\/www.leselfes.com\/wp-content\/uploads\/2021\/08\/Ropes_course.jpg\" alt=\"Ropes_course\" width=\"943\" height=\"674\"\/><\/a><\/p>\n<p><\/p>\n<h2 class=\"wp-block-heading\">Crescimento, em car\u00e1ter, confian\u00e7a e FELICIDADE!<\/h2>\n<p><\/p>\n<p>Os campistas n\u00e3o s\u00e3o os \u00fanicos que amam os ver\u00f5es aqui, nossa equipe tamb\u00e9m!\nMuitos deles trabalham na Les Elfes o ano todo e esse \u00e9 o ponto alto de seu ano.\nPor qu\u00ea?\nA variedade de atividades \u00e9 vasta e a din\u00e2mica do acampamento \u00e9 perfeita para a intera\u00e7\u00e3o social, independentemente da idade ou de onde voc\u00ea vem.\nA dura\u00e7\u00e3o do acampamento tamb\u00e9m \u00e9 um fator importante: ter campistas aqui por duas ou tr\u00eas semanas d\u00e1 \u00e0 equipe mais tempo para desenvolver um maior relacionamento com as crian\u00e7as, na segunda e, em particular, na terceira semana, podemos ver um crescimento real, em car\u00e1ter, confian\u00e7a e, o mais importante, felicidade.    <\/p>\n<p><a href=\"https:\/\/www.leselfes.com\/wp-content\/uploads\/2021\/08\/Hollyfest_5.jpg\"><img loading=\"lazy\" decoding=\"async\" src=\"https:\/\/www.leselfes.com\/wp-content\/uploads\/2021\/08\/Hollyfest_5.jpg\" alt=\"Festival Holi de Verbier\" width=\"1100\" height=\"786\"\/><\/a><\/p>\n<h2>Voc\u00ea gostaria de participar do acampamento de ver\u00e3o Les Elfes?  <\/h2>\n<p>O acampamento de ver\u00e3o em Les Elfes \u00e9 realmente um lugar especial e, se voc\u00ea quiser obter mais informa\u00e7\u00f5es, entre em contato.  <\/p>\n<p><a href=\"https:\/\/www.leselfes.com\/wp-content\/uploads\/2021\/08\/Verbier_sign_la_chaux.jpg\"><img loading=\"lazy\" decoding=\"async\" src=\"https:\/\/www.leselfes.com\/wp-content\/uploads\/2021\/08\/Verbier_sign_la_chaux.jpg\" alt=\"Acampamento de ver&#xE3;o em Verbier\" width=\"1229\" height=\"692\"\/><\/a>\n<\/p>\n<p><\/p><\/p>\n","protected":false},"excerpt":{"rendered":"<p>Acampamento de ver\u00e3o Les Elfes.<br \/>\nO que voc\u00ea pode esperar? <\/p>\n","protected":false},"author":1,"featured_media":0,"comment_status":"closed","ping_status":"open","sticky":false,"template":"","format":"standard","meta":{"_acf_changed":false,"inline_featured_image":false,"footnotes":""},"categories":[1065],"tags":[],"class_list":{"0":"post-93483","1":"post","2":"type-post","3":"status-publish","4":"format-standard","6":"category-nao-categorizado"},"acf":[],"yoast_head":"<!-- This site is optimized with the Yoast SEO Premium plugin v24.2 (Yoast SEO v24.7) - https:\/\/yoast.com\/wordpress\/plugins\/seo\/ -->\n<title>O acampamento de ver\u00e3o Les Elfes est\u00e1 se aproximando rapidamente! - Les Elfes International Camps Switzerland<\/title>\n<meta name=\"robots\" content=\"index, follow, max-snippet:-1, max-image-preview:large, max-video-preview:-1\" \/>\n<link rel=\"canonical\" href=\"https:\/\/www.leselfes.com\/pt-br\/o-acampamento-de-verao-les-elfes-esta-se-aproximando-rapidamente\/\" \/>\n<meta property=\"og:locale\" content=\"pt_BR\" \/>\n<meta property=\"og:type\" content=\"article\" \/>\n<meta property=\"og:title\" content=\"O acampamento de ver\u00e3o Les Elfes est\u00e1 se aproximando rapidamente!\" \/>\n<meta property=\"og:description\" content=\"Acampamento de ver\u00e3o Les Elfes. O que voc\u00ea pode esperar?\" \/>\n<meta property=\"og:url\" content=\"https:\/\/www.leselfes.com\/pt-br\/o-acampamento-de-verao-les-elfes-esta-se-aproximando-rapidamente\/\" \/>\n<meta property=\"og:site_name\" content=\"Les Elfes International Camps Switzerland\" \/>\n<meta property=\"article:publisher\" content=\"https:\/\/www.facebook.com\/LesElfesVerbier\" \/>\n<meta property=\"article:published_time\" content=\"2020-02-03T07:40:00+00:00\" \/>\n<meta property=\"article:modified_time\" content=\"2024-11-12T11:41:12+00:00\" \/>\n<meta property=\"og:image\" content=\"https:\/\/dev.leselfes.com\/wp-content\/uploads\/2021\/08\/Ropes_course.jpg\" \/>\n<meta name=\"author\" content=\"lesadmin\" \/>\n<meta name=\"twitter:card\" content=\"summary_large_image\" \/>\n<meta name=\"twitter:creator\" content=\"@LesElfesCamps\" \/>\n<meta name=\"twitter:site\" content=\"@LesElfesCamps\" \/>\n<meta name=\"twitter:label1\" content=\"Escrito por\" \/>\n\t<meta name=\"twitter:data1\" content=\"lesadmin\" \/>\n\t<meta name=\"twitter:label2\" content=\"Est. tempo de leitura\" \/>\n\t<meta name=\"twitter:data2\" content=\"1 minuto\" \/>\n<script type=\"application\/ld+json\" class=\"yoast-schema-graph\">{\"@context\":\"https:\/\/schema.org\",\"@graph\":[{\"@type\":\"Article\",\"@id\":\"https:\/\/www.leselfes.com\/pt-br\/o-acampamento-de-verao-les-elfes-esta-se-aproximando-rapidamente\/#article\",\"isPartOf\":{\"@id\":\"https:\/\/www.leselfes.com\/pt-br\/o-acampamento-de-verao-les-elfes-esta-se-aproximando-rapidamente\/\"},\"author\":{\"name\":\"lesadmin\",\"@id\":\"https:\/\/dev.leselfes.com\/#\/schema\/person\/407a229698868b8c603874b19f37f289\"},\"headline\":\"O acampamento de ver\u00e3o Les Elfes est\u00e1 se aproximando rapidamente!\",\"datePublished\":\"2020-02-03T07:40:00+00:00\",\"dateModified\":\"2024-11-12T11:41:12+00:00\",\"mainEntityOfPage\":{\"@id\":\"https:\/\/www.leselfes.com\/pt-br\/o-acampamento-de-verao-les-elfes-esta-se-aproximando-rapidamente\/\"},\"wordCount\":240,\"publisher\":{\"@id\":\"https:\/\/dev.leselfes.com\/#organization\"},\"image\":{\"@id\":\"https:\/\/www.leselfes.com\/pt-br\/o-acampamento-de-verao-les-elfes-esta-se-aproximando-rapidamente\/#primaryimage\"},\"thumbnailUrl\":\"https:\/\/www.leselfes.com\/wp-content\/uploads\/2021\/08\/Ropes_course.jpg\",\"articleSection\":[\"N\u00e3o categorizado\"],\"inLanguage\":\"pt-BR\"},{\"@type\":\"WebPage\",\"@id\":\"https:\/\/www.leselfes.com\/pt-br\/o-acampamento-de-verao-les-elfes-esta-se-aproximando-rapidamente\/\",\"url\":\"https:\/\/www.leselfes.com\/pt-br\/o-acampamento-de-verao-les-elfes-esta-se-aproximando-rapidamente\/\",\"name\":\"O acampamento de ver\u00e3o Les Elfes est\u00e1 se aproximando rapidamente! - Les Elfes International Camps Switzerland\",\"isPartOf\":{\"@id\":\"https:\/\/dev.leselfes.com\/#website\"},\"primaryImageOfPage\":{\"@id\":\"https:\/\/www.leselfes.com\/pt-br\/o-acampamento-de-verao-les-elfes-esta-se-aproximando-rapidamente\/#primaryimage\"},\"image\":{\"@id\":\"https:\/\/www.leselfes.com\/pt-br\/o-acampamento-de-verao-les-elfes-esta-se-aproximando-rapidamente\/#primaryimage\"},\"thumbnailUrl\":\"https:\/\/www.leselfes.com\/wp-content\/uploads\/2021\/08\/Ropes_course.jpg\",\"datePublished\":\"2020-02-03T07:40:00+00:00\",\"dateModified\":\"2024-11-12T11:41:12+00:00\",\"breadcrumb\":{\"@id\":\"https:\/\/www.leselfes.com\/pt-br\/o-acampamento-de-verao-les-elfes-esta-se-aproximando-rapidamente\/#breadcrumb\"},\"inLanguage\":\"pt-BR\",\"potentialAction\":[{\"@type\":\"ReadAction\",\"target\":[\"https:\/\/www.leselfes.com\/pt-br\/o-acampamento-de-verao-les-elfes-esta-se-aproximando-rapidamente\/\"]}]},{\"@type\":\"ImageObject\",\"inLanguage\":\"pt-BR\",\"@id\":\"https:\/\/www.leselfes.com\/pt-br\/o-acampamento-de-verao-les-elfes-esta-se-aproximando-rapidamente\/#primaryimage\",\"url\":\"https:\/\/www.leselfes.com\/wp-content\/uploads\/2021\/08\/Ropes_course.jpg\",\"contentUrl\":\"https:\/\/www.leselfes.com\/wp-content\/uploads\/2021\/08\/Ropes_course.jpg\"},{\"@type\":\"BreadcrumbList\",\"@id\":\"https:\/\/www.leselfes.com\/pt-br\/o-acampamento-de-verao-les-elfes-esta-se-aproximando-rapidamente\/#breadcrumb\",\"itemListElement\":[{\"@type\":\"ListItem\",\"position\":1,\"name\":\"Home\",\"item\":\"https:\/\/www.leselfes.com\/pt-br\/\"},{\"@type\":\"ListItem\",\"position\":2,\"name\":\"O acampamento de ver\u00e3o Les Elfes est\u00e1 se aproximando rapidamente!\"}]},{\"@type\":\"WebSite\",\"@id\":\"https:\/\/dev.leselfes.com\/#website\",\"url\":\"https:\/\/dev.leselfes.com\/\",\"name\":\"Les Elfes International\",\"description\":\"Les Elfes International, Verbier Switzerland. Summer Camp, Winter Camp, Spring Camps.\",\"publisher\":{\"@id\":\"https:\/\/dev.leselfes.com\/#organization\"},\"alternateName\":\"Les Elfes International\",\"potentialAction\":[{\"@type\":\"SearchAction\",\"target\":{\"@type\":\"EntryPoint\",\"urlTemplate\":\"https:\/\/dev.leselfes.com\/?s={search_term_string}\"},\"query-input\":{\"@type\":\"PropertyValueSpecification\",\"valueRequired\":true,\"valueName\":\"search_term_string\"}}],\"inLanguage\":\"pt-BR\"},{\"@type\":\"Organization\",\"@id\":\"https:\/\/dev.leselfes.com\/#organization\",\"name\":\"Les Elfes International\",\"alternateName\":\"Les Elfes International\",\"url\":\"https:\/\/dev.leselfes.com\/\",\"logo\":{\"@type\":\"ImageObject\",\"inLanguage\":\"pt-BR\",\"@id\":\"https:\/\/dev.leselfes.com\/#\/schema\/logo\/image\/\",\"url\":\"https:\/\/www.leselfes.com\/wp-content\/uploads\/2022\/03\/leselfes-logo.png\",\"contentUrl\":\"https:\/\/www.leselfes.com\/wp-content\/uploads\/2022\/03\/leselfes-logo.png\",\"width\":233,\"height\":51,\"caption\":\"Les Elfes International\"},\"image\":{\"@id\":\"https:\/\/dev.leselfes.com\/#\/schema\/logo\/image\/\"},\"sameAs\":[\"https:\/\/www.facebook.com\/LesElfesVerbier\",\"https:\/\/x.com\/LesElfesCamps\",\"https:\/\/www.instagram.com\/leselfes\",\"https:\/\/www.linkedin.com\/company\/les-elfes-international\",\"https:\/\/www.youtube.com\/user\/LesElfesVerbier\"]},{\"@type\":\"Person\",\"@id\":\"https:\/\/dev.leselfes.com\/#\/schema\/person\/407a229698868b8c603874b19f37f289\",\"name\":\"lesadmin\",\"image\":{\"@type\":\"ImageObject\",\"inLanguage\":\"pt-BR\",\"@id\":\"https:\/\/dev.leselfes.com\/#\/schema\/person\/image\/\",\"url\":\"https:\/\/secure.gravatar.com\/avatar\/fdb243a028df450397b3632d862f87f6?s=96&d=mm&r=g\",\"contentUrl\":\"https:\/\/secure.gravatar.com\/avatar\/fdb243a028df450397b3632d862f87f6?s=96&d=mm&r=g\",\"caption\":\"lesadmin\"},\"url\":\"https:\/\/www.leselfes.com\/pt-br\/author\/lesadmin\/\"}]}<\/script>\n<!-- \/ Yoast SEO Premium plugin. -->","yoast_head_json":{"title":"O acampamento de ver\u00e3o Les Elfes est\u00e1 se aproximando rapidamente! - Les Elfes International Camps Switzerland","robots":{"index":"index","follow":"follow","max-snippet":"max-snippet:-1","max-image-preview":"max-image-preview:large","max-video-preview":"max-video-preview:-1"},"canonical":"https:\/\/www.leselfes.com\/pt-br\/o-acampamento-de-verao-les-elfes-esta-se-aproximando-rapidamente\/","og_locale":"pt_BR","og_type":"article","og_title":"O acampamento de ver\u00e3o Les Elfes est\u00e1 se aproximando rapidamente!","og_description":"Acampamento de ver\u00e3o Les Elfes. O que voc\u00ea pode esperar?","og_url":"https:\/\/www.leselfes.com\/pt-br\/o-acampamento-de-verao-les-elfes-esta-se-aproximando-rapidamente\/","og_site_name":"Les Elfes International Camps Switzerland","article_publisher":"https:\/\/www.facebook.com\/LesElfesVerbier","article_published_time":"2020-02-03T07:40:00+00:00","article_modified_time":"2024-11-12T11:41:12+00:00","og_image":[{"url":"https:\/\/dev.leselfes.com\/wp-content\/uploads\/2021\/08\/Ropes_course.jpg","type":"","width":"","height":""}],"author":"lesadmin","twitter_card":"summary_large_image","twitter_creator":"@LesElfesCamps","twitter_site":"@LesElfesCamps","twitter_misc":{"Escrito por":"lesadmin","Est. tempo de leitura":"1 minuto"},"schema":{"@context":"https:\/\/schema.org","@graph":[{"@type":"Article","@id":"https:\/\/www.leselfes.com\/pt-br\/o-acampamento-de-verao-les-elfes-esta-se-aproximando-rapidamente\/#article","isPartOf":{"@id":"https:\/\/www.leselfes.com\/pt-br\/o-acampamento-de-verao-les-elfes-esta-se-aproximando-rapidamente\/"},"author":{"name":"lesadmin","@id":"https:\/\/dev.leselfes.com\/#\/schema\/person\/407a229698868b8c603874b19f37f289"},"headline":"O acampamento de ver\u00e3o Les Elfes est\u00e1 se aproximando rapidamente!","datePublished":"2020-02-03T07:40:00+00:00","dateModified":"2024-11-12T11:41:12+00:00","mainEntityOfPage":{"@id":"https:\/\/www.leselfes.com\/pt-br\/o-acampamento-de-verao-les-elfes-esta-se-aproximando-rapidamente\/"},"wordCount":240,"publisher":{"@id":"https:\/\/dev.leselfes.com\/#organization"},"image":{"@id":"https:\/\/www.leselfes.com\/pt-br\/o-acampamento-de-verao-les-elfes-esta-se-aproximando-rapidamente\/#primaryimage"},"thumbnailUrl":"https:\/\/www.leselfes.com\/wp-content\/uploads\/2021\/08\/Ropes_course.jpg","articleSection":["N\u00e3o categorizado"],"inLanguage":"pt-BR"},{"@type":"WebPage","@id":"https:\/\/www.leselfes.com\/pt-br\/o-acampamento-de-verao-les-elfes-esta-se-aproximando-rapidamente\/","url":"https:\/\/www.leselfes.com\/pt-br\/o-acampamento-de-verao-les-elfes-esta-se-aproximando-rapidamente\/","name":"O acampamento de ver\u00e3o Les Elfes est\u00e1 se aproximando rapidamente! - Les Elfes International Camps Switzerland","isPartOf":{"@id":"https:\/\/dev.leselfes.com\/#website"},"primaryImageOfPage":{"@id":"https:\/\/www.leselfes.com\/pt-br\/o-acampamento-de-verao-les-elfes-esta-se-aproximando-rapidamente\/#primaryimage"},"image":{"@id":"https:\/\/www.leselfes.com\/pt-br\/o-acampamento-de-verao-les-elfes-esta-se-aproximando-rapidamente\/#primaryimage"},"thumbnailUrl":"https:\/\/www.leselfes.com\/wp-content\/uploads\/2021\/08\/Ropes_course.jpg","datePublished":"2020-02-03T07:40:00+00:00","dateModified":"2024-11-12T11:41:12+00:00","breadcrumb":{"@id":"https:\/\/www.leselfes.com\/pt-br\/o-acampamento-de-verao-les-elfes-esta-se-aproximando-rapidamente\/#breadcrumb"},"inLanguage":"pt-BR","potentialAction":[{"@type":"ReadAction","target":["https:\/\/www.leselfes.com\/pt-br\/o-acampamento-de-verao-les-elfes-esta-se-aproximando-rapidamente\/"]}]},{"@type":"ImageObject","inLanguage":"pt-BR","@id":"https:\/\/www.leselfes.com\/pt-br\/o-acampamento-de-verao-les-elfes-esta-se-aproximando-rapidamente\/#primaryimage","url":"https:\/\/www.leselfes.com\/wp-content\/uploads\/2021\/08\/Ropes_course.jpg","contentUrl":"https:\/\/www.leselfes.com\/wp-content\/uploads\/2021\/08\/Ropes_course.jpg"},{"@type":"BreadcrumbList","@id":"https:\/\/www.leselfes.com\/pt-br\/o-acampamento-de-verao-les-elfes-esta-se-aproximando-rapidamente\/#breadcrumb","itemListElement":[{"@type":"ListItem","position":1,"name":"Home","item":"https:\/\/www.leselfes.com\/pt-br\/"},{"@type":"ListItem","position":2,"name":"O acampamento de ver\u00e3o Les Elfes est\u00e1 se aproximando rapidamente!"}]},{"@type":"WebSite","@id":"https:\/\/dev.leselfes.com\/#website","url":"https:\/\/dev.leselfes.com\/","name":"Les Elfes International","description":"Les Elfes International, Verbier Switzerland. Summer Camp, Winter Camp, Spring Camps.","publisher":{"@id":"https:\/\/dev.leselfes.com\/#organization"},"alternateName":"Les Elfes International","potentialAction":[{"@type":"SearchAction","target":{"@type":"EntryPoint","urlTemplate":"https:\/\/dev.leselfes.com\/?s={search_term_string}"},"query-input":{"@type":"PropertyValueSpecification","valueRequired":true,"valueName":"search_term_string"}}],"inLanguage":"pt-BR"},{"@type":"Organization","@id":"https:\/\/dev.leselfes.com\/#organization","name":"Les Elfes International","alternateName":"Les Elfes International","url":"https:\/\/dev.leselfes.com\/","logo":{"@type":"ImageObject","inLanguage":"pt-BR","@id":"https:\/\/dev.leselfes.com\/#\/schema\/logo\/image\/","url":"https:\/\/www.leselfes.com\/wp-content\/uploads\/2022\/03\/leselfes-logo.png","contentUrl":"https:\/\/www.leselfes.com\/wp-content\/uploads\/2022\/03\/leselfes-logo.png","width":233,"height":51,"caption":"Les Elfes International"},"image":{"@id":"https:\/\/dev.leselfes.com\/#\/schema\/logo\/image\/"},"sameAs":["https:\/\/www.facebook.com\/LesElfesVerbier","https:\/\/x.com\/LesElfesCamps","https:\/\/www.instagram.com\/leselfes","https:\/\/www.linkedin.com\/company\/les-elfes-international","https:\/\/www.youtube.com\/user\/LesElfesVerbier"]},{"@type":"Person","@id":"https:\/\/dev.leselfes.com\/#\/schema\/person\/407a229698868b8c603874b19f37f289","name":"lesadmin","image":{"@type":"ImageObject","inLanguage":"pt-BR","@id":"https:\/\/dev.leselfes.com\/#\/schema\/person\/image\/","url":"https:\/\/secure.gravatar.com\/avatar\/fdb243a028df450397b3632d862f87f6?s=96&d=mm&r=g","contentUrl":"https:\/\/secure.gravatar.com\/avatar\/fdb243a028df450397b3632d862f87f6?s=96&d=mm&r=g","caption":"lesadmin"},"url":"https:\/\/www.leselfes.com\/pt-br\/author\/lesadmin\/"}]}},"_links":{"self":[{"href":"https:\/\/www.leselfes.com\/pt-br\/wp-json\/wp\/v2\/posts\/93483"}],"collection":[{"href":"https:\/\/www.leselfes.com\/pt-br\/wp-json\/wp\/v2\/posts"}],"about":[{"href":"https:\/\/www.leselfes.com\/pt-br\/wp-json\/wp\/v2\/types\/post"}],"author":[{"embeddable":true,"href":"https:\/\/www.leselfes.com\/pt-br\/wp-json\/wp\/v2\/users\/1"}],"replies":[{"embeddable":true,"href":"https:\/\/www.leselfes.com\/pt-br\/wp-json\/wp\/v2\/comments?post=93483"}],"version-history":[{"count":0,"href":"https:\/\/www.leselfes.com\/pt-br\/wp-json\/wp\/v2\/posts\/93483\/revisions"}],"wp:attachment":[{"href":"https:\/\/www.leselfes.com\/pt-br\/wp-json\/wp\/v2\/media?parent=93483"}],"wp:term":[{"taxonomy":"category","embeddable":true,"href":"https:\/\/www.leselfes.com\/pt-br\/wp-json\/wp\/v2\/categories?post=93483"},{"taxonomy":"post_tag","embeddable":true,"href":"https:\/\/www.leselfes.com\/pt-br\/wp-json\/wp\/v2\/tags?post=93483"}],"curies":[{"name":"wp","href":"https:\/\/api.w.org\/{rel}","templated":true}]}}