{"id":93561,"date":"2022-10-20T13:38:43","date_gmt":"2022-10-20T11:38:43","guid":{"rendered":"https:\/\/www.leselfes.com\/como-o-acampamento-de-inverno-ajuda-no-desenvolvimento-pessoal-das-criancas\/"},"modified":"2024-11-12T12:42:46","modified_gmt":"2024-11-12T11:42:46","slug":"como-o-acampamento-de-inverno-ajuda-no-desenvolvimento-pessoal-das-criancas","status":"publish","type":"post","link":"https:\/\/www.leselfes.com\/pt-br\/como-o-acampamento-de-inverno-ajuda-no-desenvolvimento-pessoal-das-criancas\/","title":{"rendered":"Como o acampamento de inverno ajuda no desenvolvimento pessoal das crian\u00e7as?"},"content":{"rendered":"<p>Qualquer pai ou m\u00e3e que tenha participado de atividades divertidas durante um <a href=\"https:\/\/www.leselfes.com\/pt-br\/?page_id=90080\" target=\"_blank\" rel=\"noopener\">acampamento de inverno<\/a> quando jovem concorda que o acampamento desempenhou um papel importante na forma\u00e7\u00e3o de suas habilidades para a vida. Os acampamentos de inverno desempenham um papel importante na promo\u00e7\u00e3o do desenvolvimento pessoal das crian\u00e7as. Os educadores podem estar cientes de que o acampamento pode ajudar a evitar a perda de aprendizado no inverno.  <\/p>\n<p>Embora o inverno possa ser sombrio e frio, ele deixa o ar livre mais bonito com gelo, flocos de neve, lama e neve.<br \/>\nOs campistas podem usar esses materiais para fazer experi\u00eancias com sua criatividade e <b>desenvolver habilidades de resolu\u00e7\u00e3o de problemas<\/b>.<br \/>\nVivemos na era digital, em que muitas crian\u00e7as preferem ficar sentadas em frente aos seus dispositivos eletr\u00f4nicos em vez de acampar no inverno frio.    <b>Como o acampamento de inverno pode contribuir para o desenvolvimento pessoal de uma crian\u00e7a?<\/b>  Continue lendo para descobrir.<\/p>\n<p style=\"text-align: center;\"><a href=\"https:\/\/www.leselfes.com\/pt-br\/?page_id=90080\" target=\"_blank\" rel=\"noopener\"><button style=\"background-color: #1e93c2; color: #fff; border: #E2804A;\" type=\"button\">Participe do Acampamento de Inverno 2024<\/button><\/a><\/p>\n<h4>\n\t\t\t\t<div id=\"ez-toc-container\" class=\"ez-toc-v2_0_73 ez-toc-wrap-left counter-hierarchy ez-toc-counter ez-toc-grey ez-toc-container-direction\">\n<div class=\"ez-toc-title-container\">\n<span class=\"ez-toc-title ez-toc-toggle\" style=\"cursor:pointer\">Table of Contents<\/span>\n<span class=\"ez-toc-title-toggle\"><a href=\"#\" class=\"ez-toc-pull-right ez-toc-btn ez-toc-btn-xs ez-toc-btn-default ez-toc-toggle\" aria-label=\"Alternar tabela de conte\u00fado\"><span class=\"ez-toc-js-icon-con\"><span class=\"\"><span class=\"eztoc-hide\" style=\"display:none;\">Toggle<\/span><span class=\"ez-toc-icon-toggle-span\"><svg style=\"fill: #999;color:#999\" xmlns=\"http:\/\/www.w3.org\/2000\/svg\" class=\"list-377408\" width=\"20px\" height=\"20px\" viewBox=\"0 0 24 24\" fill=\"none\"><path d=\"M6 6H4v2h2V6zm14 0H8v2h12V6zM4 11h2v2H4v-2zm16 0H8v2h12v-2zM4 16h2v2H4v-2zm16 0H8v2h12v-2z\" fill=\"currentColor\"><\/path><\/svg><svg style=\"fill: #999;color:#999\" class=\"arrow-unsorted-368013\" xmlns=\"http:\/\/www.w3.org\/2000\/svg\" width=\"10px\" height=\"10px\" viewBox=\"0 0 24 24\" version=\"1.2\" baseProfile=\"tiny\"><path d=\"M18.2 9.3l-6.2-6.3-6.2 6.3c-.2.2-.3.4-.3.7s.1.5.3.7c.2.2.4.3.7.3h11c.3 0 .5-.1.7-.3.2-.2.3-.5.3-.7s-.1-.5-.3-.7zM5.8 14.7l6.2 6.3 6.2-6.3c.2-.2.3-.5.3-.7s-.1-.5-.3-.7c-.2-.2-.4-.3-.7-.3h-11c-.3 0-.5.1-.7.3-.2.2-.3.5-.3.7s.1.5.3.7z\"\/><\/svg><\/span><\/span><\/span><\/a><\/span><\/div>\n<nav><ul class='ez-toc-list ez-toc-list-level-1 eztoc-toggle-hide-by-default' ><li class='ez-toc-page-1 ez-toc-heading-level-2'><a class=\"ez-toc-link ez-toc-heading-1\" href=\"https:\/\/www.leselfes.com\/pt-br\/como-o-acampamento-de-inverno-ajuda-no-desenvolvimento-pessoal-das-criancas\/#Qual_e_o_objetivo_de_um_acampamento_de_inverno\" title=\"Qual \u00e9 o objetivo de um acampamento de inverno?\">Qual \u00e9 o objetivo de um acampamento de inverno?<\/a><ul class='ez-toc-list-level-3' ><li class='ez-toc-heading-level-3'><a class=\"ez-toc-link ez-toc-heading-2\" href=\"https:\/\/www.leselfes.com\/pt-br\/como-o-acampamento-de-inverno-ajuda-no-desenvolvimento-pessoal-das-criancas\/#Aprendizado_crescimento_pessoal_e_desenvolvimento\" title=\"Aprendizado, crescimento pessoal e desenvolvimento\">Aprendizado, crescimento pessoal e desenvolvimento<\/a><\/li><li class='ez-toc-page-1 ez-toc-heading-level-3'><a class=\"ez-toc-link ez-toc-heading-3\" href=\"https:\/\/www.leselfes.com\/pt-br\/como-o-acampamento-de-inverno-ajuda-no-desenvolvimento-pessoal-das-criancas\/#Reduzindo_o_tempo_de_tela\" title=\"Reduzindo o tempo de tela\">Reduzindo o tempo de tela<\/a><\/li><li class='ez-toc-page-1 ez-toc-heading-level-3'><a class=\"ez-toc-link ez-toc-heading-4\" href=\"https:\/\/www.leselfes.com\/pt-br\/como-o-acampamento-de-inverno-ajuda-no-desenvolvimento-pessoal-das-criancas\/#Promocao_do_desenvolvimento_de_habilidades_essenciais_para_a_vida\" title=\"Promo\u00e7\u00e3o do desenvolvimento de habilidades essenciais para a vida\">Promo\u00e7\u00e3o do desenvolvimento de habilidades essenciais para a vida<\/a><\/li><\/ul><\/li><li class='ez-toc-page-1 ez-toc-heading-level-2'><a class=\"ez-toc-link ez-toc-heading-5\" href=\"https:\/\/www.leselfes.com\/pt-br\/como-o-acampamento-de-inverno-ajuda-no-desenvolvimento-pessoal-das-criancas\/#Como_o_acampamento_de_inverno_ajuda_no_desenvolvimento_pessoal_das_criancas\" title=\"Como o acampamento de inverno ajuda no desenvolvimento pessoal das crian\u00e7as?\">Como o acampamento de inverno ajuda no desenvolvimento pessoal das crian\u00e7as?<\/a><ul class='ez-toc-list-level-3' ><li class='ez-toc-heading-level-3'><a class=\"ez-toc-link ez-toc-heading-6\" href=\"https:\/\/www.leselfes.com\/pt-br\/como-o-acampamento-de-inverno-ajuda-no-desenvolvimento-pessoal-das-criancas\/#Promover_a_autoestima_e_a_amizade\" title=\"Promover a autoestima e a amizade\">Promover a autoestima e a amizade<\/a><\/li><\/ul><\/li><li class='ez-toc-page-1 ez-toc-heading-level-2'><a class=\"ez-toc-link ez-toc-heading-7\" href=\"https:\/\/www.leselfes.com\/pt-br\/como-o-acampamento-de-inverno-ajuda-no-desenvolvimento-pessoal-das-criancas\/#Qual_foi_a_coisa_mais_importante_que_voce_aprendeu_no_acampamento_de_inverno\" title=\"Qual foi a coisa mais importante que voc\u00ea aprendeu no acampamento de inverno?\">Qual foi a coisa mais importante que voc\u00ea aprendeu no acampamento de inverno?<\/a><ul class='ez-toc-list-level-3' ><li class='ez-toc-heading-level-3'><a class=\"ez-toc-link ez-toc-heading-8\" href=\"https:\/\/www.leselfes.com\/pt-br\/como-o-acampamento-de-inverno-ajuda-no-desenvolvimento-pessoal-das-criancas\/#Assumir_riscos\" title=\"Assumir riscos\">Assumir riscos<\/a><\/li><li class='ez-toc-page-1 ez-toc-heading-level-3'><a class=\"ez-toc-link ez-toc-heading-9\" href=\"https:\/\/www.leselfes.com\/pt-br\/como-o-acampamento-de-inverno-ajuda-no-desenvolvimento-pessoal-das-criancas\/#Flexibilidade\" title=\"Flexibilidade\">Flexibilidade<\/a><\/li><li class='ez-toc-page-1 ez-toc-heading-level-3'><a class=\"ez-toc-link ez-toc-heading-10\" href=\"https:\/\/www.leselfes.com\/pt-br\/como-o-acampamento-de-inverno-ajuda-no-desenvolvimento-pessoal-das-criancas\/#Conscientizacao_e_inclusao_cultural\" title=\"Conscientiza\u00e7\u00e3o e inclus\u00e3o cultural\">Conscientiza\u00e7\u00e3o e inclus\u00e3o cultural<\/a><\/li><li class='ez-toc-page-1 ez-toc-heading-level-3'><a class=\"ez-toc-link ez-toc-heading-11\" href=\"https:\/\/www.leselfes.com\/pt-br\/como-o-acampamento-de-inverno-ajuda-no-desenvolvimento-pessoal-das-criancas\/#Crescimento_emocional\" title=\"Crescimento emocional\">Crescimento emocional<\/a><\/li><\/ul><\/li><li class='ez-toc-page-1 ez-toc-heading-level-2'><a class=\"ez-toc-link ez-toc-heading-12\" href=\"https:\/\/www.leselfes.com\/pt-br\/como-o-acampamento-de-inverno-ajuda-no-desenvolvimento-pessoal-das-criancas\/#Conclusao\" title=\"Conclus\u00e3o\">Conclus\u00e3o<\/a><\/li><\/ul><\/nav><\/div>\n\t\t\t<\/h4>\n<h2><span class=\"ez-toc-section\" id=\"Qual_e_o_objetivo_de_um_acampamento_de_inverno\"><\/span>Qual \u00e9 o objetivo de um acampamento de inverno?<span class=\"ez-toc-section-end\"><\/span><\/h2>\n<p><!-- \/wp:heading --><\/p>\n<p><!-- wp:image {\"align\":\"center\",\"id\":45991,\"width\":625,\"height\":454,\"sizeSlug\":\"full\",\"linkDestination\":\"none\"} --><\/p>\n<figure><img loading=\"lazy\" decoding=\"async\" src=\"https:\/\/www.leselfes.com\/wp-content\/uploads\/2023\/03\/Purpose-of-a-Winter-Camp.jpg\" alt=\"Objetivo de um acampamento de inverno\" width=\"625\" height=\"454\"><\/figure>\n<p><!-- \/wp:image --><\/p>\n<p><!-- wp:paragraph --><\/p>\n<p>Enviar as crian\u00e7as para acampamentos de inverno permite que elas se envolvam em atividades ao ar livre, como snowboarding, mantendo-as ativas.<br \/>\nA neve e o gelo permitem que os campistas <strong>desenvolvam novas habilidades<\/strong>, como for\u00e7a e coordena\u00e7\u00e3o motora grossa, ao mesmo tempo em que aumentam a coordena\u00e7\u00e3o para torn\u00e1-los mais confiantes.<br \/>\nAl\u00e9m de manter pr\u00e1ticas de sa\u00fade adequadas, enviar seu filho para um acampamento de inverno ajuda-o a <strong>adquirir excelentes habilidades de lideran\u00e7a<\/strong>.<br \/>\nQuando as aulas forem retomadas, as crian\u00e7as que participaram do acampamento se lembrar\u00e3o mais facilmente do que aquelas que n\u00e3o participaram.<br \/>\nOutras atividades divertidas que as crian\u00e7as podem fazer enquanto acampam no inverno incluem caminhadas de inverno, pesca no gelo, escalada, esqui em Verbier e caminhada com raquetes de neve.      <\/p>\n<p>Aproveitar e capacitar os pontos fortes de uma <a href=\"https:\/\/adayinourshoes.com\/childs-strengths\/\" target=\"_blank\" rel=\"noopener\"><b data-stringify-type=\"bold\">os pontos fortes de uma crian\u00e7a<\/b><\/a> \u00e9 a chave para liberar seu potencial ilimitado e promover seu crescimento pessoal.<\/p>\n<p><!-- \/wp:paragraph --><\/p>\n<p><!-- wp:heading {\"level\":3} --><\/p>\n<h3><span class=\"ez-toc-section\" id=\"Aprendizado_crescimento_pessoal_e_desenvolvimento\"><\/span>Aprendizado, crescimento pessoal e desenvolvimento<span class=\"ez-toc-section-end\"><\/span><\/h3>\n<p><!-- \/wp:heading --><\/p>\n<p><!-- wp:paragraph --><\/p>\n<p>Muitos <a href=\"https:\/\/www.leselfes.com\/pt-br\/?page_id=89161\" target=\"_blank\" rel=\"noreferrer noopener\">acampamentos<\/a> de inverno e <a href=\"https:\/\/www.leselfes.com\/pt-br\/?page_id=89161\" target=\"_blank\" rel=\"noreferrer noopener\">primavera<\/a> t\u00eam um tema e incorporam a forma\u00e7\u00e3o de car\u00e1ter, a explora\u00e7\u00e3o, o aprendizado e <strong>o desenvolvimento pessoal<\/strong>. Os pais que procuram atividades de inverno interessantes para seus filhos podem escolher entre os diferentes tipos de acampamentos de inverno na Su\u00ed\u00e7a, como acampamentos de culin\u00e1ria, acampamentos esportivos diurnos, acampamentos de ci\u00eancias e acampamentos de arte. <\/p>\n<p><!-- \/wp:paragraph --><\/p>\n<p><!-- wp:paragraph --><\/p>\n<p>Al\u00e9m de se divertirem, as crian\u00e7as ser\u00e3o desafiadas e educadas.<br \/>\nElas tamb\u00e9m t\u00eam a oportunidade de <strong>explorar seus interesses<\/strong> e <strong>adquirir habilidades de defini\u00e7\u00e3o de metas<\/strong>, tornando-se mais autoconscientes e conhecedoras e <strong>desenvolvendo a autoconfian\u00e7a<\/strong>. <\/p>\n<p><!-- \/wp:paragraph --><\/p>\n<p><!-- wp:paragraph --><\/p>\n<p>Alguns estudos sugerem que muitas fam\u00edlias que enviam seus filhos para um acampamento de inverno concordam que <strong>as crian\u00e7as se tornam mais autoconfiantes<\/strong> enquanto est\u00e3o no acampamento. <strong>O autoconhecimento<\/strong> \u00e9 fundamental e uma das in\u00fameras maneiras pelas quais acampar pode influenciar positivamente seu filho.<br \/>\nCompreender a si mesmo e o mundo fora da sala de aula pode afetar significativamente o desenvolvimento e o crescimento de uma crian\u00e7a.   <\/p>\n<p><!-- \/wp:paragraph --><\/p>\n<p><!-- wp:heading {\"level\":3} --><\/p>\n<h3><span class=\"ez-toc-section\" id=\"Reduzindo_o_tempo_de_tela\"><\/span>Reduzindo o tempo de tela<span class=\"ez-toc-section-end\"><\/span><\/h3>\n<p><!-- \/wp:heading --><\/p>\n<p><!-- wp:paragraph --><\/p>\n<p>Como mencionamos acima, as crian\u00e7as de hoje passam muito tempo assistindo a seus programas favoritos em seus tablets ou na televis\u00e3o. <a href=\"https:\/\/healthmatters.nyp.org\/what-does-too-much-screen-time-do-to-childrens-brains\/\" target=\"_blank\" rel=\"noreferrer noopener\">Pesquisas sugerem<\/a> que o excesso de tempo de tela pode interferir no bem-estar, nas habilidades sociais, na sa\u00fade, no enriquecimento acad\u00eamico e no sono de seu filho. Enviar as crian\u00e7as para <a href=\"https:\/\/www.leselfes.com\/pt-br\/?page_id=89241\" target=\"_blank\" rel=\"noreferrer noopener\">acampamentos<\/a> de inverno ou <a href=\"https:\/\/www.leselfes.com\/pt-br\/?page_id=89241\" target=\"_blank\" rel=\"noreferrer noopener\">ver\u00e3o<\/a> de dia inteiro permite que elas fa\u00e7am uma pausa das telas. Passar o tempo ao ar livre nos arredores do Lake Geneva as ajuda a fazer novos amigos e explorar novas atividades.    <\/p>\n<p><!-- \/wp:paragraph --><\/p>\n<p><!-- wp:heading {\"level\":3} --><\/p>\n<h3><span class=\"ez-toc-section\" id=\"Promocao_do_desenvolvimento_de_habilidades_essenciais_para_a_vida\"><\/span>Promo\u00e7\u00e3o do desenvolvimento de habilidades essenciais para a vida<span class=\"ez-toc-section-end\"><\/span><\/h3>\n<p><!-- \/wp:heading --><\/p>\n<p><!-- wp:image {\"align\":\"center\",\"id\":45992,\"sizeSlug\":\"full\",\"linkDestination\":\"none\"} --><\/p>\n<figure><img loading=\"lazy\" decoding=\"async\" src=\"https:\/\/www.leselfes.com\/wp-content\/uploads\/2023\/03\/Promoting-the-Development-of-Critical-Life-Skills-1.jpg\" alt=\"Promo\u00e7\u00e3o do desenvolvimento de habilidades essenciais para a vida\" width=\"624\" height=\"379\"><\/figure>\n<p><!-- \/wp:image --><\/p>\n<p><!-- wp:paragraph --><\/p>\n<p>\u00c0 medida que os participantes do acampamento se envolvem em atividades de trabalho em equipe e de colabora\u00e7\u00e3o, eles descobrem e desenvolvem habilidades essenciais para toda a vida que os ajudam a enfrentar seus desafios.<br \/>\nA experi\u00eancia do acampamento permite que os jovens dominem as habilidades de tomada de decis\u00e3o e comunica\u00e7\u00e3o para lidar com as mudan\u00e7as.<br \/>\nAs atividades divertidas do acampamento na Su\u00ed\u00e7a oferecem sess\u00f5es de acampamento para forma\u00e7\u00e3o de equipes que ensinam aprecia\u00e7\u00e3o e uni\u00e3o.  <\/p>\n<p><!-- \/wp:paragraph --><\/p>\n<p><!-- wp:heading --><\/p>\n<h2><span class=\"ez-toc-section\" id=\"Como_o_acampamento_de_inverno_ajuda_no_desenvolvimento_pessoal_das_criancas\"><\/span>Como o acampamento de inverno ajuda no desenvolvimento pessoal das crian\u00e7as?<span class=\"ez-toc-section-end\"><\/span><\/h2>\n<p><!-- \/wp:heading --><\/p>\n<p><!-- wp:paragraph --><\/p>\n<p>A esta\u00e7\u00e3o de esqui internacional Les elfes oferece uma experi\u00eancia personalizada para promover as habilidades emocionais, sociais, de fala em p\u00fablico e cognitivas da crian\u00e7a e seu desenvolvimento pessoal geral.<br \/>\nAs instala\u00e7\u00f5es localizadas em Verbier incentivam o desenvolvimento de habilidades por meio de jogos que estimulam o trabalho em equipe. <\/p>\n<p><!-- \/wp:paragraph --><\/p>\n<p><!-- wp:paragraph --><\/p>\n<p>Durante o acampamento de inverno, as crian\u00e7as se divertem como nunca, brincando, comendo e trabalhando em equipe.<br \/>\nPor meio do trabalho em equipe, os alunos de escolas internacionais que participam do acampamento dominam a arte de administrar conflitos e lidar com personalidades diferentes.<br \/>\nAo se concentrarem no trabalho em equipe, os participantes do acampamento crescem individualmente e aprendem sobre a import\u00e2ncia da comunidade.    <\/p>\n<p><!-- \/wp:paragraph --><\/p>\n<p><!-- wp:heading {\"level\":3} --><\/p>\n<h3><span class=\"ez-toc-section\" id=\"Promover_a_autoestima_e_a_amizade\"><\/span>Promover a autoestima e a amizade<span class=\"ez-toc-section-end\"><\/span><\/h3>\n<p><!-- \/wp:heading --><\/p>\n<p><!-- wp:paragraph --><\/p>\n<p>O acampamento de inverno n\u00e3o \u00e9 t\u00e3o competitivo quanto a escola.<br \/>\nIsso permite que as crian\u00e7as atinjam suas metas em seu pr\u00f3prio ritmo e tempo e ainda assim se sintam valorizadas.<br \/>\nIndependentemente de aprenderem a esquiar no primeiro ou no \u00faltimo dia, elas se sentir\u00e3o felizes por terem alcan\u00e7ado algo, aumentando sua autoestima e confian\u00e7a.<br \/>\nDurante o acampamento de inverno em Montreux, as crian\u00e7as se encontram, fazem novos amigos e desenvolvem la\u00e7os que podem durar a vida toda.<br \/>\nElas tamb\u00e9m conhecem seus colegas de diferentes origens, com os quais aprendem a ser tolerantes e a respeitar as diferen\u00e7as.      <\/p>\n<p><!-- \/wp:paragraph --><\/p>\n<p><!-- wp:heading --><\/p>\n<h2><span class=\"ez-toc-section\" id=\"Qual_foi_a_coisa_mais_importante_que_voce_aprendeu_no_acampamento_de_inverno\"><\/span>Qual foi a coisa mais importante que voc\u00ea aprendeu no acampamento de inverno?<span class=\"ez-toc-section-end\"><\/span><\/h2>\n<p><!-- \/wp:heading --><\/p>\n<p><!-- wp:paragraph --><\/p>\n<p>As crian\u00e7as aprendem v\u00e1rias coisas ao participar de um acampamento de inverno.<br \/>\nPrimeiro, o acampamento n\u00e3o acontece por m\u00e1gica.<br \/>\n\u00c9 resultado de planejamento.<br \/>\nN\u00e3o importa se as crian\u00e7as ficar\u00e3o em um chal\u00e9 ou se o local fornecer\u00e1 barracas, voc\u00ea precisa de um plano adequado para que seus filhos tenham uma experi\u00eancia bem-sucedida.<br \/>\nPara garantir que as crian\u00e7as aprendam com a fase de planejamento, permita que elas participem dela, para que saibam o que isso implica.<br \/>\nPor exemplo, voc\u00ea pode ajud\u00e1-las a identificar e embalar seus equipamentos de acampamento.     <\/p>\n<p><!-- \/wp:paragraph --><\/p>\n<p><!-- wp:paragraph --><\/p>\n<p>Pe\u00e7a que calculem a quantidade de CHF de que precisar\u00e3o para toda a viagem.<br \/>\nCertifique-se de que elas entendam que os acampamentos de inverno exigem mais planejamento do que os acampamentos de ver\u00e3o.<br \/>\nAs crian\u00e7as podem aplicar essa li\u00e7\u00e3o de forma diferente em suas vidas.<br \/>\nO planejamento \u00e9 fundamental para a escola e para as carreiras, e o acampamento \u00e9 o lugar ideal para ensinar a arte de se tornar um grande planejador.<br \/>\nOutras li\u00e7\u00f5es que as crian\u00e7as podem aprender em um acampamento de inverno incluem:    <\/p>\n<p><!-- \/wp:paragraph --><\/p>\n<p><!-- wp:heading {\"level\":3} --><\/p>\n<h3><span class=\"ez-toc-section\" id=\"Assumir_riscos\"><\/span>Assumir riscos<span class=\"ez-toc-section-end\"><\/span><\/h3>\n<p><!-- \/wp:heading --><\/p>\n<p><!-- wp:paragraph --><\/p>\n<p>As crian\u00e7as devem saber que, \u00e0s vezes, correr riscos pode ser necess\u00e1rio para suas vidas.<br \/>\nPor exemplo, quando as crian\u00e7as est\u00e3o explorando a natureza, elas t\u00eam controle limitado, o que equivale a assumir um risco.<br \/>\nEmbora correr riscos traga recompensas infinitas, as crian\u00e7as devem ter um limite para os riscos que correm.<br \/>\nCorrer riscos for\u00e7a as crian\u00e7as a sa\u00edrem de suas zonas de conforto, e \u00e9 a\u00ed que elas alcan\u00e7am o crescimento.<br \/>\nFazer a mesma coisa todos os dias impede o crescimento.<br \/>\nPermitir que as crian\u00e7as participem de um acampamento de inverno e se envolvam em atividades diferentes \u00e9 um dos m\u00e9todos para incentivar o crescimento.       <\/p>\n<p><!-- \/wp:paragraph --><\/p>\n<p><!-- wp:heading {\"level\":3} --><\/p>\n<h3><span class=\"ez-toc-section\" id=\"Flexibilidade\"><\/span>Flexibilidade<span class=\"ez-toc-section-end\"><\/span><\/h3>\n<p><!-- \/wp:heading --><\/p>\n<p><!-- wp:paragraph --><\/p>\n<p>Embora o planejamento seja fundamental para acampar, os campistas devem saber que, \u00e0s vezes, acontecem coisas que estragam seus planos.<br \/>\nAo acampar no inverno, voc\u00ea ensina \u00e0s crian\u00e7as o valor de ser flex\u00edvel e de se adaptar \u00e0s situa\u00e7\u00f5es.<br \/>\nElas aprendem a encontrar uma alternativa se as coisas n\u00e3o sa\u00edrem conforme o planejado durante o acampamento.<br \/>\nOs acampamentos de inverno ensinam as crian\u00e7as a gerenciar o que acontece com elas em vez de se concentrarem na situa\u00e7\u00e3o.   <\/p>\n<p><!-- \/wp:paragraph --><\/p>\n<p><!-- wp:paragraph --><\/p>\n<p>O acampamento de inverno permite que as crian\u00e7as conhe\u00e7am novas pessoas e se envolvam em atividades divertidas.<br \/>\nIsso tamb\u00e9m permite que elas aprendam li\u00e7\u00f5es diferentes, como vimos acima.<br \/>\nH\u00e1 v\u00e1rios motivos para voc\u00ea mandar seus filhos para acampar nesta temporada de inverno.<br \/>\nAl\u00e9m de criar lembran\u00e7as inesquec\u00edveis, eles adquirir\u00e3o habilidades para toda a vida com essa experi\u00eancia.<br \/>\nInscreva seu filho em um acampamento de inverno e veja-o se desenvolver e se tornar um jovem adulto maduro.    <\/p>\n<h3><span class=\"ez-toc-section\" id=\"Conscientizacao_e_inclusao_cultural\"><\/span>Conscientiza\u00e7\u00e3o e inclus\u00e3o cultural<span class=\"ez-toc-section-end\"><\/span><\/h3>\n<p>Os acampamentos de inverno desempenham um papel fundamental na promo\u00e7\u00e3o da consci\u00eancia cultural e da inclus\u00e3o entre as crian\u00e7as.<br \/>\nAo reunir jovens campistas de diversas origens, esses acampamentos criam uma rica tape\u00e7aria de experi\u00eancias em que as crian\u00e7as aprendem sobre diferentes culturas, tradi\u00e7\u00f5es e perspectivas. <\/p>\n<p>Compartilhar hist\u00f3rias ao redor de uma fogueira, experimentar novos alimentos ou participar de atividades multiculturais promove a toler\u00e2ncia e o respeito pelas diferen\u00e7as dos outros.<br \/>\n\u00c9 nesses momentos de uni\u00e3o, em meio \u00e0 neve e \u00e0 camaradagem, que as crian\u00e7as n\u00e3o apenas descobrem a beleza da diversidade cultural, mas tamb\u00e9m desenvolvem um senso de pertencimento e aceita\u00e7\u00e3o que dura a vida inteira. <\/p>\n<h3><span class=\"ez-toc-section\" id=\"Crescimento_emocional\"><\/span>Crescimento emocional<span class=\"ez-toc-section-end\"><\/span><\/h3>\n<p>Os acampamentos de inverno proporcionam um ambiente \u00fanico para o crescimento emocional das crian\u00e7as.<br \/>\nEm meio aos desafios do clima frio e de ambientes desconhecidos, as crian\u00e7as geralmente desenvolvem maior autoconfian\u00e7a, resili\u00eancia e um senso de autossufici\u00eancia. <\/p>\n<p>A supera\u00e7\u00e3o da saudade de casa, a navega\u00e7\u00e3o em terrenos desconhecidos e a colabora\u00e7\u00e3o com colegas em condi\u00e7\u00f5es exigentes contribuem para a maturidade emocional.<br \/>\nEssas experi\u00eancias n\u00e3o apenas desenvolvem a capacidade de gerenciar o estresse e a adversidade, mas tamb\u00e9m fomentam amizades duradouras e lembran\u00e7as queridas, promovendo o crescimento emocional de forma hol\u00edstica e significativa. <\/p>\n<h2><span class=\"ez-toc-section\" id=\"Conclusao\"><\/span>Conclus\u00e3o<span class=\"ez-toc-section-end\"><\/span><\/h2>\n<p>Os acampamentos de inverno desempenham um papel fundamental na promo\u00e7\u00e3o do desenvolvimento pessoal das crian\u00e7as.<br \/>\nEsses ambientes exclusivos oferecem uma s\u00e9rie de oportunidades para que as crian\u00e7as cultivem habilidades essenciais para a vida, promovam a resili\u00eancia, criem confian\u00e7a e se tornem indiv\u00edduos completos. <\/p>\n<p>Por meio de aventuras ao ar livre, intera\u00e7\u00f5es sociais e exposi\u00e7\u00e3o a diversas experi\u00eancias, os acampamentos de inverno oferecem uma jornada transformadora que n\u00e3o apenas capacita as crian\u00e7as com habilidades pr\u00e1ticas, mas tamb\u00e9m molda seu car\u00e1ter e incute valores que lhes ser\u00e3o \u00fateis nos pr\u00f3ximos anos.<\/p>\n<p>Como pais e respons\u00e1veis, considerar as experi\u00eancias enriquecedoras que os acampamentos de inverno oferecem pode ser um investimento poderoso no crescimento e no sucesso futuro de nossos filhos.<\/p>\n<p><!-- \/wp:paragraph --><\/p>\n<p style=\"text-align: center;\"><a href=\"https:\/\/www.leselfes.com\/pt-br\/?page_id=90080\" target=\"_blank\" rel=\"noopener\"><button style=\"background-color: #1e93c2; color: #fff; border: #E2804A;\" type=\"button\">Participe do Acampamento de Inverno 2024<\/button><\/a><\/p>\n","protected":false},"excerpt":{"rendered":"<p>Qualquer pai ou m\u00e3e que tenha participado de atividades divertidas durante um acampamento de inverno quando jovem concorda que o acampamento desempenhou um papel importante na forma\u00e7\u00e3o de suas habilidades&#8230;<\/p>\n","protected":false},"author":1,"featured_media":79301,"comment_status":"closed","ping_status":"open","sticky":false,"template":"","format":"standard","meta":{"_acf_changed":false,"inline_featured_image":false,"footnotes":""},"categories":[1350,1351],"tags":[1513,1868,1867],"class_list":{"0":"post-93561","1":"post","2":"type-post","3":"status-publish","4":"format-standard","5":"has-post-thumbnail","7":"category-acampamento-de-inverno-pt-br","8":"category-artigos-pt-br","9":"tag-acampamento-de-inverno-pt-br","10":"tag-desenvolvimento-pessoal-pt-br","11":"tag-desenvolvimento-pessoal-das-criancas-pt-br"},"acf":[],"yoast_head":"<!-- This site is optimized with the Yoast SEO Premium plugin v24.2 (Yoast SEO v24.7) - https:\/\/yoast.com\/wordpress\/plugins\/seo\/ -->\n<title>Desenvolvimento pessoal no acampamento de inverno para crian\u00e7as - Como?<\/title>\n<meta name=\"description\" content=\"Os acampamentos de inverno desempenham um papel importante na promo\u00e7\u00e3o do desenvolvimento pessoal das crian\u00e7as. Descubra como neste artigo.\" \/>\n<meta name=\"robots\" content=\"index, follow, max-snippet:-1, max-image-preview:large, max-video-preview:-1\" \/>\n<link rel=\"canonical\" href=\"https:\/\/www.leselfes.com\/pt-br\/como-o-acampamento-de-inverno-ajuda-no-desenvolvimento-pessoal-das-criancas\/\" \/>\n<meta property=\"og:locale\" content=\"pt_BR\" \/>\n<meta property=\"og:type\" content=\"article\" \/>\n<meta property=\"og:title\" content=\"Como o acampamento de inverno ajuda no desenvolvimento pessoal das crian\u00e7as?\" \/>\n<meta property=\"og:description\" content=\"Os acampamentos de inverno desempenham um papel importante na promo\u00e7\u00e3o do desenvolvimento pessoal das crian\u00e7as. Descubra como neste artigo.\" \/>\n<meta property=\"og:url\" content=\"https:\/\/www.leselfes.com\/pt-br\/como-o-acampamento-de-inverno-ajuda-no-desenvolvimento-pessoal-das-criancas\/\" \/>\n<meta property=\"og:site_name\" content=\"Les Elfes International Camps Switzerland\" \/>\n<meta property=\"article:publisher\" content=\"https:\/\/www.facebook.com\/LesElfesVerbier\" \/>\n<meta property=\"article:published_time\" content=\"2022-10-20T11:38:43+00:00\" \/>\n<meta property=\"article:modified_time\" content=\"2024-11-12T11:42:46+00:00\" \/>\n<meta property=\"og:image\" content=\"https:\/\/dev.leselfes.com\/wp-content\/uploads\/2022\/10\/Winter-Camp-Contribution-in-the-Personal-Development-of-Children.jpg\" \/>\n\t<meta property=\"og:image:width\" content=\"975\" \/>\n\t<meta property=\"og:image:height\" content=\"675\" \/>\n\t<meta property=\"og:image:type\" content=\"image\/jpeg\" \/>\n<meta name=\"author\" content=\"lesadmin\" \/>\n<meta name=\"twitter:card\" content=\"summary_large_image\" \/>\n<meta name=\"twitter:creator\" content=\"@LesElfesCamps\" \/>\n<meta name=\"twitter:site\" content=\"@LesElfesCamps\" \/>\n<meta name=\"twitter:label1\" content=\"Escrito por\" \/>\n\t<meta name=\"twitter:data1\" content=\"lesadmin\" \/>\n\t<meta name=\"twitter:label2\" content=\"Est. tempo de leitura\" \/>\n\t<meta name=\"twitter:data2\" content=\"9 minutos\" \/>\n<script type=\"application\/ld+json\" class=\"yoast-schema-graph\">{\"@context\":\"https:\/\/schema.org\",\"@graph\":[{\"@type\":\"Article\",\"@id\":\"https:\/\/www.leselfes.com\/pt-br\/como-o-acampamento-de-inverno-ajuda-no-desenvolvimento-pessoal-das-criancas\/#article\",\"isPartOf\":{\"@id\":\"https:\/\/www.leselfes.com\/pt-br\/como-o-acampamento-de-inverno-ajuda-no-desenvolvimento-pessoal-das-criancas\/\"},\"author\":{\"name\":\"lesadmin\",\"@id\":\"https:\/\/dev.leselfes.com\/#\/schema\/person\/407a229698868b8c603874b19f37f289\"},\"headline\":\"Como o acampamento de inverno ajuda no desenvolvimento pessoal das crian\u00e7as?\",\"datePublished\":\"2022-10-20T11:38:43+00:00\",\"dateModified\":\"2024-11-12T11:42:46+00:00\",\"mainEntityOfPage\":{\"@id\":\"https:\/\/www.leselfes.com\/pt-br\/como-o-acampamento-de-inverno-ajuda-no-desenvolvimento-pessoal-das-criancas\/\"},\"wordCount\":1844,\"publisher\":{\"@id\":\"https:\/\/dev.leselfes.com\/#organization\"},\"image\":{\"@id\":\"https:\/\/www.leselfes.com\/pt-br\/como-o-acampamento-de-inverno-ajuda-no-desenvolvimento-pessoal-das-criancas\/#primaryimage\"},\"thumbnailUrl\":\"https:\/\/www.leselfes.com\/wp-content\/uploads\/2022\/10\/Winter-Camp-Contribution-in-the-Personal-Development-of-Children.jpg\",\"keywords\":[\"acampamento de inverno\",\"Desenvolvimento pessoal\",\"Desenvolvimento pessoal das crian\u00e7as\"],\"articleSection\":[\"Acampamento de inverno\",\"Artigos\"],\"inLanguage\":\"pt-BR\"},{\"@type\":\"WebPage\",\"@id\":\"https:\/\/www.leselfes.com\/pt-br\/como-o-acampamento-de-inverno-ajuda-no-desenvolvimento-pessoal-das-criancas\/\",\"url\":\"https:\/\/www.leselfes.com\/pt-br\/como-o-acampamento-de-inverno-ajuda-no-desenvolvimento-pessoal-das-criancas\/\",\"name\":\"Desenvolvimento pessoal no acampamento de inverno para crian\u00e7as - Como?\",\"isPartOf\":{\"@id\":\"https:\/\/dev.leselfes.com\/#website\"},\"primaryImageOfPage\":{\"@id\":\"https:\/\/www.leselfes.com\/pt-br\/como-o-acampamento-de-inverno-ajuda-no-desenvolvimento-pessoal-das-criancas\/#primaryimage\"},\"image\":{\"@id\":\"https:\/\/www.leselfes.com\/pt-br\/como-o-acampamento-de-inverno-ajuda-no-desenvolvimento-pessoal-das-criancas\/#primaryimage\"},\"thumbnailUrl\":\"https:\/\/www.leselfes.com\/wp-content\/uploads\/2022\/10\/Winter-Camp-Contribution-in-the-Personal-Development-of-Children.jpg\",\"datePublished\":\"2022-10-20T11:38:43+00:00\",\"dateModified\":\"2024-11-12T11:42:46+00:00\",\"description\":\"Os acampamentos de inverno desempenham um papel importante na promo\u00e7\u00e3o do desenvolvimento pessoal das crian\u00e7as. Descubra como neste artigo.\",\"breadcrumb\":{\"@id\":\"https:\/\/www.leselfes.com\/pt-br\/como-o-acampamento-de-inverno-ajuda-no-desenvolvimento-pessoal-das-criancas\/#breadcrumb\"},\"inLanguage\":\"pt-BR\",\"potentialAction\":[{\"@type\":\"ReadAction\",\"target\":[\"https:\/\/www.leselfes.com\/pt-br\/como-o-acampamento-de-inverno-ajuda-no-desenvolvimento-pessoal-das-criancas\/\"]}]},{\"@type\":\"ImageObject\",\"inLanguage\":\"pt-BR\",\"@id\":\"https:\/\/www.leselfes.com\/pt-br\/como-o-acampamento-de-inverno-ajuda-no-desenvolvimento-pessoal-das-criancas\/#primaryimage\",\"url\":\"https:\/\/www.leselfes.com\/wp-content\/uploads\/2022\/10\/Winter-Camp-Contribution-in-the-Personal-Development-of-Children.jpg\",\"contentUrl\":\"https:\/\/www.leselfes.com\/wp-content\/uploads\/2022\/10\/Winter-Camp-Contribution-in-the-Personal-Development-of-Children.jpg\",\"width\":975,\"height\":675},{\"@type\":\"BreadcrumbList\",\"@id\":\"https:\/\/www.leselfes.com\/pt-br\/como-o-acampamento-de-inverno-ajuda-no-desenvolvimento-pessoal-das-criancas\/#breadcrumb\",\"itemListElement\":[{\"@type\":\"ListItem\",\"position\":1,\"name\":\"Home\",\"item\":\"https:\/\/www.leselfes.com\/pt-br\/\"},{\"@type\":\"ListItem\",\"position\":2,\"name\":\"Como o acampamento de inverno ajuda no desenvolvimento pessoal das crian\u00e7as?\"}]},{\"@type\":\"WebSite\",\"@id\":\"https:\/\/dev.leselfes.com\/#website\",\"url\":\"https:\/\/dev.leselfes.com\/\",\"name\":\"Les Elfes International\",\"description\":\"Les Elfes International, Verbier Switzerland. Summer Camp, Winter Camp, Spring Camps.\",\"publisher\":{\"@id\":\"https:\/\/dev.leselfes.com\/#organization\"},\"alternateName\":\"Les Elfes International\",\"potentialAction\":[{\"@type\":\"SearchAction\",\"target\":{\"@type\":\"EntryPoint\",\"urlTemplate\":\"https:\/\/dev.leselfes.com\/?s={search_term_string}\"},\"query-input\":{\"@type\":\"PropertyValueSpecification\",\"valueRequired\":true,\"valueName\":\"search_term_string\"}}],\"inLanguage\":\"pt-BR\"},{\"@type\":\"Organization\",\"@id\":\"https:\/\/dev.leselfes.com\/#organization\",\"name\":\"Les Elfes International\",\"alternateName\":\"Les Elfes International\",\"url\":\"https:\/\/dev.leselfes.com\/\",\"logo\":{\"@type\":\"ImageObject\",\"inLanguage\":\"pt-BR\",\"@id\":\"https:\/\/dev.leselfes.com\/#\/schema\/logo\/image\/\",\"url\":\"https:\/\/www.leselfes.com\/wp-content\/uploads\/2022\/03\/leselfes-logo.png\",\"contentUrl\":\"https:\/\/www.leselfes.com\/wp-content\/uploads\/2022\/03\/leselfes-logo.png\",\"width\":233,\"height\":51,\"caption\":\"Les Elfes International\"},\"image\":{\"@id\":\"https:\/\/dev.leselfes.com\/#\/schema\/logo\/image\/\"},\"sameAs\":[\"https:\/\/www.facebook.com\/LesElfesVerbier\",\"https:\/\/x.com\/LesElfesCamps\",\"https:\/\/www.instagram.com\/leselfes\",\"https:\/\/www.linkedin.com\/company\/les-elfes-international\",\"https:\/\/www.youtube.com\/user\/LesElfesVerbier\"]},{\"@type\":\"Person\",\"@id\":\"https:\/\/dev.leselfes.com\/#\/schema\/person\/407a229698868b8c603874b19f37f289\",\"name\":\"lesadmin\",\"image\":{\"@type\":\"ImageObject\",\"inLanguage\":\"pt-BR\",\"@id\":\"https:\/\/dev.leselfes.com\/#\/schema\/person\/image\/\",\"url\":\"https:\/\/secure.gravatar.com\/avatar\/fdb243a028df450397b3632d862f87f6?s=96&d=mm&r=g\",\"contentUrl\":\"https:\/\/secure.gravatar.com\/avatar\/fdb243a028df450397b3632d862f87f6?s=96&d=mm&r=g\",\"caption\":\"lesadmin\"},\"url\":\"https:\/\/www.leselfes.com\/pt-br\/author\/lesadmin\/\"}]}<\/script>\n<!-- \/ Yoast SEO Premium plugin. -->","yoast_head_json":{"title":"Desenvolvimento pessoal no acampamento de inverno para crian\u00e7as - Como?","description":"Os acampamentos de inverno desempenham um papel importante na promo\u00e7\u00e3o do desenvolvimento pessoal das crian\u00e7as. Descubra como neste artigo.","robots":{"index":"index","follow":"follow","max-snippet":"max-snippet:-1","max-image-preview":"max-image-preview:large","max-video-preview":"max-video-preview:-1"},"canonical":"https:\/\/www.leselfes.com\/pt-br\/como-o-acampamento-de-inverno-ajuda-no-desenvolvimento-pessoal-das-criancas\/","og_locale":"pt_BR","og_type":"article","og_title":"Como o acampamento de inverno ajuda no desenvolvimento pessoal das crian\u00e7as?","og_description":"Os acampamentos de inverno desempenham um papel importante na promo\u00e7\u00e3o do desenvolvimento pessoal das crian\u00e7as. Descubra como neste artigo.","og_url":"https:\/\/www.leselfes.com\/pt-br\/como-o-acampamento-de-inverno-ajuda-no-desenvolvimento-pessoal-das-criancas\/","og_site_name":"Les Elfes International Camps Switzerland","article_publisher":"https:\/\/www.facebook.com\/LesElfesVerbier","article_published_time":"2022-10-20T11:38:43+00:00","article_modified_time":"2024-11-12T11:42:46+00:00","og_image":[{"width":975,"height":675,"url":"https:\/\/dev.leselfes.com\/wp-content\/uploads\/2022\/10\/Winter-Camp-Contribution-in-the-Personal-Development-of-Children.jpg","type":"image\/jpeg"}],"author":"lesadmin","twitter_card":"summary_large_image","twitter_creator":"@LesElfesCamps","twitter_site":"@LesElfesCamps","twitter_misc":{"Escrito por":"lesadmin","Est. tempo de leitura":"9 minutos"},"schema":{"@context":"https:\/\/schema.org","@graph":[{"@type":"Article","@id":"https:\/\/www.leselfes.com\/pt-br\/como-o-acampamento-de-inverno-ajuda-no-desenvolvimento-pessoal-das-criancas\/#article","isPartOf":{"@id":"https:\/\/www.leselfes.com\/pt-br\/como-o-acampamento-de-inverno-ajuda-no-desenvolvimento-pessoal-das-criancas\/"},"author":{"name":"lesadmin","@id":"https:\/\/dev.leselfes.com\/#\/schema\/person\/407a229698868b8c603874b19f37f289"},"headline":"Como o acampamento de inverno ajuda no desenvolvimento pessoal das crian\u00e7as?","datePublished":"2022-10-20T11:38:43+00:00","dateModified":"2024-11-12T11:42:46+00:00","mainEntityOfPage":{"@id":"https:\/\/www.leselfes.com\/pt-br\/como-o-acampamento-de-inverno-ajuda-no-desenvolvimento-pessoal-das-criancas\/"},"wordCount":1844,"publisher":{"@id":"https:\/\/dev.leselfes.com\/#organization"},"image":{"@id":"https:\/\/www.leselfes.com\/pt-br\/como-o-acampamento-de-inverno-ajuda-no-desenvolvimento-pessoal-das-criancas\/#primaryimage"},"thumbnailUrl":"https:\/\/www.leselfes.com\/wp-content\/uploads\/2022\/10\/Winter-Camp-Contribution-in-the-Personal-Development-of-Children.jpg","keywords":["acampamento de inverno","Desenvolvimento pessoal","Desenvolvimento pessoal das crian\u00e7as"],"articleSection":["Acampamento de inverno","Artigos"],"inLanguage":"pt-BR"},{"@type":"WebPage","@id":"https:\/\/www.leselfes.com\/pt-br\/como-o-acampamento-de-inverno-ajuda-no-desenvolvimento-pessoal-das-criancas\/","url":"https:\/\/www.leselfes.com\/pt-br\/como-o-acampamento-de-inverno-ajuda-no-desenvolvimento-pessoal-das-criancas\/","name":"Desenvolvimento pessoal no acampamento de inverno para crian\u00e7as - Como?","isPartOf":{"@id":"https:\/\/dev.leselfes.com\/#website"},"primaryImageOfPage":{"@id":"https:\/\/www.leselfes.com\/pt-br\/como-o-acampamento-de-inverno-ajuda-no-desenvolvimento-pessoal-das-criancas\/#primaryimage"},"image":{"@id":"https:\/\/www.leselfes.com\/pt-br\/como-o-acampamento-de-inverno-ajuda-no-desenvolvimento-pessoal-das-criancas\/#primaryimage"},"thumbnailUrl":"https:\/\/www.leselfes.com\/wp-content\/uploads\/2022\/10\/Winter-Camp-Contribution-in-the-Personal-Development-of-Children.jpg","datePublished":"2022-10-20T11:38:43+00:00","dateModified":"2024-11-12T11:42:46+00:00","description":"Os acampamentos de inverno desempenham um papel importante na promo\u00e7\u00e3o do desenvolvimento pessoal das crian\u00e7as. Descubra como neste artigo.","breadcrumb":{"@id":"https:\/\/www.leselfes.com\/pt-br\/como-o-acampamento-de-inverno-ajuda-no-desenvolvimento-pessoal-das-criancas\/#breadcrumb"},"inLanguage":"pt-BR","potentialAction":[{"@type":"ReadAction","target":["https:\/\/www.leselfes.com\/pt-br\/como-o-acampamento-de-inverno-ajuda-no-desenvolvimento-pessoal-das-criancas\/"]}]},{"@type":"ImageObject","inLanguage":"pt-BR","@id":"https:\/\/www.leselfes.com\/pt-br\/como-o-acampamento-de-inverno-ajuda-no-desenvolvimento-pessoal-das-criancas\/#primaryimage","url":"https:\/\/www.leselfes.com\/wp-content\/uploads\/2022\/10\/Winter-Camp-Contribution-in-the-Personal-Development-of-Children.jpg","contentUrl":"https:\/\/www.leselfes.com\/wp-content\/uploads\/2022\/10\/Winter-Camp-Contribution-in-the-Personal-Development-of-Children.jpg","width":975,"height":675},{"@type":"BreadcrumbList","@id":"https:\/\/www.leselfes.com\/pt-br\/como-o-acampamento-de-inverno-ajuda-no-desenvolvimento-pessoal-das-criancas\/#breadcrumb","itemListElement":[{"@type":"ListItem","position":1,"name":"Home","item":"https:\/\/www.leselfes.com\/pt-br\/"},{"@type":"ListItem","position":2,"name":"Como o acampamento de inverno ajuda no desenvolvimento pessoal das crian\u00e7as?"}]},{"@type":"WebSite","@id":"https:\/\/dev.leselfes.com\/#website","url":"https:\/\/dev.leselfes.com\/","name":"Les Elfes International","description":"Les Elfes International, Verbier Switzerland. Summer Camp, Winter Camp, Spring Camps.","publisher":{"@id":"https:\/\/dev.leselfes.com\/#organization"},"alternateName":"Les Elfes International","potentialAction":[{"@type":"SearchAction","target":{"@type":"EntryPoint","urlTemplate":"https:\/\/dev.leselfes.com\/?s={search_term_string}"},"query-input":{"@type":"PropertyValueSpecification","valueRequired":true,"valueName":"search_term_string"}}],"inLanguage":"pt-BR"},{"@type":"Organization","@id":"https:\/\/dev.leselfes.com\/#organization","name":"Les Elfes International","alternateName":"Les Elfes International","url":"https:\/\/dev.leselfes.com\/","logo":{"@type":"ImageObject","inLanguage":"pt-BR","@id":"https:\/\/dev.leselfes.com\/#\/schema\/logo\/image\/","url":"https:\/\/www.leselfes.com\/wp-content\/uploads\/2022\/03\/leselfes-logo.png","contentUrl":"https:\/\/www.leselfes.com\/wp-content\/uploads\/2022\/03\/leselfes-logo.png","width":233,"height":51,"caption":"Les Elfes International"},"image":{"@id":"https:\/\/dev.leselfes.com\/#\/schema\/logo\/image\/"},"sameAs":["https:\/\/www.facebook.com\/LesElfesVerbier","https:\/\/x.com\/LesElfesCamps","https:\/\/www.instagram.com\/leselfes","https:\/\/www.linkedin.com\/company\/les-elfes-international","https:\/\/www.youtube.com\/user\/LesElfesVerbier"]},{"@type":"Person","@id":"https:\/\/dev.leselfes.com\/#\/schema\/person\/407a229698868b8c603874b19f37f289","name":"lesadmin","image":{"@type":"ImageObject","inLanguage":"pt-BR","@id":"https:\/\/dev.leselfes.com\/#\/schema\/person\/image\/","url":"https:\/\/secure.gravatar.com\/avatar\/fdb243a028df450397b3632d862f87f6?s=96&d=mm&r=g","contentUrl":"https:\/\/secure.gravatar.com\/avatar\/fdb243a028df450397b3632d862f87f6?s=96&d=mm&r=g","caption":"lesadmin"},"url":"https:\/\/www.leselfes.com\/pt-br\/author\/lesadmin\/"}]}},"_links":{"self":[{"href":"https:\/\/www.leselfes.com\/pt-br\/wp-json\/wp\/v2\/posts\/93561"}],"collection":[{"href":"https:\/\/www.leselfes.com\/pt-br\/wp-json\/wp\/v2\/posts"}],"about":[{"href":"https:\/\/www.leselfes.com\/pt-br\/wp-json\/wp\/v2\/types\/post"}],"author":[{"embeddable":true,"href":"https:\/\/www.leselfes.com\/pt-br\/wp-json\/wp\/v2\/users\/1"}],"replies":[{"embeddable":true,"href":"https:\/\/www.leselfes.com\/pt-br\/wp-json\/wp\/v2\/comments?post=93561"}],"version-history":[{"count":0,"href":"https:\/\/www.leselfes.com\/pt-br\/wp-json\/wp\/v2\/posts\/93561\/revisions"}],"wp:featuredmedia":[{"embeddable":true,"href":"https:\/\/www.leselfes.com\/pt-br\/wp-json\/wp\/v2\/media\/79301"}],"wp:attachment":[{"href":"https:\/\/www.leselfes.com\/pt-br\/wp-json\/wp\/v2\/media?parent=93561"}],"wp:term":[{"taxonomy":"category","embeddable":true,"href":"https:\/\/www.leselfes.com\/pt-br\/wp-json\/wp\/v2\/categories?post=93561"},{"taxonomy":"post_tag","embeddable":true,"href":"https:\/\/www.leselfes.com\/pt-br\/wp-json\/wp\/v2\/tags?post=93561"}],"curies":[{"name":"wp","href":"https:\/\/api.w.org\/{rel}","templated":true}]}}