{"id":95962,"date":"2025-01-07T09:07:19","date_gmt":"2025-01-07T08:07:19","guid":{"rendered":"https:\/\/www.leselfes.com\/quais-sao-os-tipos-de-acampamentos-de-inverno-disponiveis-na-suica\/"},"modified":"2025-01-24T10:55:51","modified_gmt":"2025-01-24T09:55:51","slug":"quais-sao-os-tipos-de-acampamentos-de-inverno-disponiveis-na-suica","status":"publish","type":"post","link":"https:\/\/www.leselfes.com\/pt-br\/quais-sao-os-tipos-de-acampamentos-de-inverno-disponiveis-na-suica\/","title":{"rendered":"Que tipo de acampamento de inverno voc\u00ea pode fazer na Su\u00ed\u00e7a?"},"content":{"rendered":"<p>Na <strong>Les Elfes International<\/strong>, localizada no cora\u00e7\u00e3o dos Alpes su\u00ed\u00e7os, oferecemos alguns dos <strong>melhores <a href=\"https:\/\/www.leselfes.com\/winter-camp\/\">acampamentos de inverno<\/a><\/strong> para crian\u00e7as e adolescentes de <strong>todo o mundo<\/strong>. Com nosso campus principal em <strong>Verbier<\/strong>, nossos acampamentos s\u00e3o projetados para combinar a emo\u00e7\u00e3o dos esportes de inverno com <strong>experi\u00eancias culturais<\/strong> enriquecedoras, treinamento de lideran\u00e7a e aprendizado de idiomas. Se voc\u00ea estiver interessado em aprimorar suas habilidades <strong>de esqui<\/strong>, embarcar em uma aventura ao ar livre ou participar de oficinas de artes criativas, nossos acampamentos <strong>de inverno na Su\u00ed\u00e7a<\/strong> proporcionam uma experi\u00eancia \u00fanica e inesquec\u00edvel. Embora recebamos <strong>grupos escolares<\/strong> em locais como <strong>La Tzoumaz<\/strong> e <strong>Crans-Montana<\/strong>, nossos principais acampamentos de inverno e ver\u00e3o s\u00e3o realizados em Verbier. Esse ambiente exclusivo permite que nos concentremos em oferecer uma experi\u00eancia de alta qualidade a cada um dos campistas em um dos <strong>destinos de esqui<\/strong> mais emblem\u00e1ticos da Su\u00ed\u00e7a. Neste guia, exploraremos os diferentes tipos de acampamentos de inverno dispon\u00edveis na <strong>Les Elfes International<\/strong> e como eles atendem a todos os jovens aventureiros.  <\/p>\n<h2>1. Acampamentos de esqui e snowboard em Les Elfes<\/h2>\n<p>Na <strong>Les Elfes International<\/strong>, oferecemos um acampamento <strong>de esqui<\/strong> e um <strong>acampamento de snowboard<\/strong> projetados para acomodar todos os n\u00edveis de habilidade. Quer voc\u00ea seja um iniciante ou um <strong>esquiador\/ snowboarder avan\u00e7ado<\/strong>, nossos acampamentos oferecem aulas personalizadas na renomada \u00e1rea de esqui de <strong>Verbier<\/strong>. Os participantes recebem instru\u00e7\u00f5es de alta qualidade de nossa equipe altamente qualificada, garantindo que a seguran\u00e7a e a divers\u00e3o andem de m\u00e3os dadas. Para iniciantes, nossos programas <strong>de esqui<\/strong> e <strong>snowboard<\/strong> apresentam os conceitos b\u00e1sicos, permitindo que os campistas ganhem confian\u00e7a rapidamente nas pistas. Para os participantes mais experientes, nossos acampamentos se concentram no desenvolvimento da t\u00e9cnica e no enfrentamento de pistas mais desafiadoras. Nossos programas estruturados garantem a progress\u00e3o, desde o aprendizado dos fundamentos at\u00e9 o dom\u00ednio de t\u00e9cnicas avan\u00e7adas, tudo isso enquanto voc\u00ea desfruta dos belos cen\u00e1rios dos Alpes su\u00ed\u00e7os. Al\u00e9m das aulas <strong>de esqui<\/strong> e <strong>snowboard<\/strong>, nossos campistas desfrutam de uma variedade de <a href=\"https:\/\/www.leselfes.com\/winter-camp\/winter-camp-activities\/\"><strong>atividades ao ar livre<\/strong><\/a>incluindo <strong>passeios com raquetes de neve<\/strong>, <strong>tobog\u00e3<\/strong> e <strong>caminhadas de inverno<\/strong> na regi\u00e3o dos <strong>Alpes su\u00ed\u00e7os<\/strong>.  <\/p>\n<p> As noites em Les Elfes s\u00e3o igualmente empolgantes, com uma ampla variedade de atividades, como <strong>patina\u00e7\u00e3o no gelo<\/strong> (uma atividade ao ar livre), noites de cinema e shows de talentos. Os campistas podem relaxar em nossas acomoda\u00e7\u00f5es <strong>confort\u00e1veis<\/strong>, desfrutando de refei\u00e7\u00f5es nutritivas servidas em nossos <strong>refeit\u00f3rios<\/strong>, onde s\u00e3o oferecidas op\u00e7\u00f5es de <strong>pens\u00e3o completa<\/strong>. Para aqueles que desejam mergulhar totalmente na cultura dos esportes de inverno, oferecemos <strong>sess\u00f5es de<\/strong> <strong>uma<\/strong>, <strong>duas<\/strong> e <strong>tr\u00eas semanas<\/strong>, garantindo que os campistas de todas as idades possam aproveitar ao m\u00e1ximo suas f\u00e9rias de inverno. Nosso <strong>acampamento de inverno Les Elfes<\/strong> \u00e9 a escolha perfeita para quem quer desenvolver suas habilidades enquanto faz <strong>amizades duradouras<\/strong> e cria <strong>experi\u00eancias inesquec\u00edveis<\/strong> em um dos cen\u00e1rios mais deslumbrantes da Su\u00ed\u00e7a. <\/p>\n<h3>Programas especializados em esportes de inverno<\/h3>\n<p>Na <strong>Les Elfes International<\/strong>, tamb\u00e9m integramos <strong>o treinamento de conscientiza\u00e7\u00e3o sobre avalanches<\/strong> como parte de nossos acampamentos de inverno regulares, garantindo que os campistas desenvolvam uma s\u00f3lida compreens\u00e3o da seguran\u00e7a nas montanhas. Esse treinamento \u00e9 adaptado \u00e0s necessidades de cada faixa et\u00e1ria, tornando-o acess\u00edvel e informativo. Os campistas se beneficiam da orienta\u00e7\u00e3o de instrutores especializados, garantindo que tenham o conhecimento necess\u00e1rio para desfrutar dos esportes de inverno com seguran\u00e7a.  <\/p>\n<h2>2. Acampamento de aventura de inverno em Les Elfes<\/h2>\n<p>Se o seu filho est\u00e1 procurando mais do que apenas esquiar ou praticar snowboard, nossos <strong>acampamentos de aventura de inverno<\/strong> oferecem uma mistura diversificada de atividades educacionais e ao ar livre. Esses acampamentos, localizados em <strong>Verbier<\/strong> e nas <strong>regi\u00f5es alpinas<\/strong> vizinhas, oferecem uma ampla gama de experi\u00eancias exclusivas, como <strong>constru\u00e7\u00e3o de iglu<\/strong>, caminhada na neve e trekking nas montanhas. Nossos programas de aventura s\u00e3o projetados para ajudar os participantes a desenvolver resili\u00eancia, confian\u00e7a e habilidades de trabalho em equipe. Os campistas s\u00e3o incentivados a trabalhar <strong>juntos<\/strong> em projetos que exigem resolu\u00e7\u00e3o de problemas e lideran\u00e7a, seja na constru\u00e7\u00e3o de um iglu ou na navega\u00e7\u00e3o por uma paisagem coberta de neve. Essas atividades s\u00e3o complementadas por workshops de desenvolvimento pessoal, tornando nossos acampamentos de aventura a op\u00e7\u00e3o ideal para quem deseja combinar desafios f\u00edsicos com lideran\u00e7a e crescimento social. \u00c0 noite, os campistas t\u00eam a oportunidade de relaxar em nossas acomoda\u00e7\u00f5es, que incluem quartos aconchegantes com <strong>2 a 4 camas<\/strong>. Todas as noites, eles podem participar de eventos sociais, curtir uma fogueira ou relaxar com novos amigos. Nossos acampamentos de aventura est\u00e3o dispon\u00edveis para v\u00e1rias faixas et\u00e1rias, desde crian\u00e7as pequenas at\u00e9 adolescentes mais velhos, garantindo que cada campista encontre um programa que atenda \u00e0s suas necessidades. <\/p>\n<h2>3. Acampamentos de lideran\u00e7a e desenvolvimento pessoal<\/h2>\n<p>Na <strong>Les Elfes<\/strong>, acreditamos em ajudar os jovens a crescer n\u00e3o apenas fisicamente, mas tamb\u00e9m pessoalmente. Nossos acampamentos <strong>de desenvolvimento de lideran\u00e7a<\/strong> s\u00e3o projetados para adolescentes que desejam aprimorar suas habilidades de lideran\u00e7a, comunica\u00e7\u00e3o e resolu\u00e7\u00e3o de problemas em um ambiente do mundo real. Os participantes assumem pap\u00e9is de lideran\u00e7a em v\u00e1rios desafios ao ar livre e atividades em grupo, desde a orienta\u00e7\u00e3o de caminhadas de inverno at\u00e9 a organiza\u00e7\u00e3o de projetos em equipe. Nossos acampamentos de lideran\u00e7a s\u00e3o sediados em <strong>Verbier<\/strong>, oferecendo vistas deslumbrantes da regi\u00e3o <strong>alpina su\u00ed\u00e7a<\/strong> como pano de fundo para o aprendizado. Para os interessados em combinar esqui com lideran\u00e7a, tamb\u00e9m oferecemos o acampamento de primavera Ski &amp; Leadership, que \u00e9 uma excelente oportunidade de desenvolvimento adicional. Por meio de experi\u00eancias pr\u00e1ticas, os adolescentes aprendem a gerenciar din\u00e2micas de grupo, criar confian\u00e7a e tomar decis\u00f5es respons\u00e1veis. Eles voltam para casa com habilidades que podem usar n\u00e3o apenas em futuros empreendimentos acad\u00eamicos e profissionais, mas tamb\u00e9m na vida cotidiana.  <\/p>\n<h2>4. Acampamento internacional de inverno com aprendizado de idiomas<\/h2>\n<p>Como um destino internacional, <strong>a Les Elfes International<\/strong> recebe campistas de <strong>todo o mundo<\/strong>, o que faz de nossos programas um verdadeiro caldeir\u00e3o de culturas. Um dos destaques de nossos programas <strong>de acampamento de inverno na Su\u00ed\u00e7a<\/strong> \u00e9 a integra\u00e7\u00e3o de <strong>cursos de idiomas<\/strong> na programa\u00e7\u00e3o di\u00e1ria. Os campistas podem aprimorar suas habilidades em <strong>ingl\u00eas<\/strong>, <strong>franc\u00eas<\/strong>, <strong>alem\u00e3o<\/strong> ou <strong>espanhol<\/strong> enquanto participam de atividades e esportes de inverno divertidos. As aulas de idiomas s\u00e3o sempre realizadas \u00e0 tarde, permitindo que as manh\u00e3s sejam dedicadas a atividades ao ar livre, como esqui e snowboard. Essa abordagem imersiva permite que os campistas pratiquem suas habilidades lingu\u00edsticas em contextos reais, aprimorando sua experi\u00eancia de aprendizado e suas intera\u00e7\u00f5es sociais. A atmosfera internacional do <strong>Les Elfes International<\/strong> promove <strong>o interc\u00e2mbio cultural<\/strong> e <strong>amizades duradouras<\/strong>, pois os participantes de diferentes pa\u00edses se <strong>re\u00fanem<\/strong> para compartilhar experi\u00eancias, aprender novas habilidades e criar lembran\u00e7as que ser\u00e3o apreciadas para sempre. Para as fam\u00edlias que procuram uma aventura educacional de inverno que equilibre divers\u00e3o e aprendizado, nosso acampamento internacional de inverno \u00e9 a escolha perfeita.  <\/p>\n<h2>5. Uma longa hist\u00f3ria de excel\u00eancia na Les Elfes International<\/h2>\n<p>Fundada em <strong>1987<\/strong>, <strong>a Les Elfes International<\/strong> tem mais de <strong>37 anos de experi\u00eancia<\/strong> em proporcionar experi\u00eancias inesquec\u00edveis em acampamentos. Ao longo das d\u00e9cadas, recebemos milhares de alunos, criando um nome confi\u00e1vel e respeitado no setor. Nossa hist\u00f3ria foi constru\u00edda com base no compromisso de oferecer experi\u00eancias de acampamento enriquecedoras e seguras, o que nos torna l\u00edderes no mundo dos acampamentos de inverno. Como uma das \u00fanicas empresas na Su\u00ed\u00e7a que oferece acampamentos <strong>10 meses por ano<\/strong>, a Les Elfes International se destaca. Ao contr\u00e1rio de um col\u00e9gio interno, somos especializados em acampamentos de f\u00e9rias, garantindo que todas as crian\u00e7as que nos procuram estejam aqui para aproveitar as f\u00e9rias. Nossa equipe experiente e profissional trabalha conosco durante todo o ano, o que lhes permite criar fortes v\u00ednculos com os alunos que retornam. Essa consist\u00eancia garante um senso de familiaridade e conforto para todos os campistas.  <\/p>\n<h2>6. Seguran\u00e7a e supervis\u00e3o na Les Elfes International<\/h2>\n<p>Nos <strong>Acampamentos Internacionais Les Elfes na Su\u00ed\u00e7a<\/strong>, <strong>a seguran\u00e7a \u00e9 a nossa maior prioridade<\/strong>. Nosso campus em Verbier \u00e9 equipado com <strong>c\u00e2meras de seguran\u00e7a<\/strong> para monitorar todas as \u00e1reas comuns, proporcionando uma camada extra de seguran\u00e7a. Um <strong>guarda noturno<\/strong> garante a supervis\u00e3o 24 horas por dia, e uma <strong>enfermeira<\/strong> est\u00e1 sempre no local para atender a qualquer necessidade m\u00e9dica que possa surgir. Todas as atividades passam por uma <strong>avalia\u00e7\u00e3o de risco<\/strong> completa antes de serem inclu\u00eddas em nosso programa, garantindo que os campistas possam participar com confian\u00e7a. No in\u00edcio de cada sess\u00e3o, realizamos <strong>simula\u00e7\u00f5es de inc\u00eandio<\/strong> e <strong>testes de nata\u00e7\u00e3o<\/strong> para familiarizar todos com os protocolos de seguran\u00e7a e avaliar as habilidades de nata\u00e7\u00e3o para atividades aqu\u00e1ticas. Al\u00e9m disso, nossa localiza\u00e7\u00e3o em <strong>Verbier<\/strong> garante que estamos pr\u00f3ximos a <strong>centros m\u00e9dicos e hospitais<\/strong>, proporcionando tranquilidade aos pais.  <\/p>\n<h2>Conclus\u00e3o: Por que escolher Les Elfes para um acampamento de inverno na Su\u00ed\u00e7a?<\/h2>\n<p><strong>A Les Elfes International<\/strong> oferece alguns dos <strong>melhores acampamentos de inverno<\/strong> da Su\u00ed\u00e7a, combinando programas <strong>de esqui<\/strong> e <strong>snowboard de<\/strong> classe mundial com uma variedade de outras atividades interessantes. Se voc\u00ea estiver interessado em aventura ao ar livre, desenvolvimento de lideran\u00e7a ou aprendizado de idiomas, temos algo para cada crian\u00e7a e adolescente. Nossas acomoda\u00e7\u00f5es <strong>com pens\u00e3o completa<\/strong>, <strong>instala\u00e7\u00f5es recreativas de primeira linha<\/strong> e equipe altamente treinada garantem que cada participante tenha uma experi\u00eancia enriquecedora e agrad\u00e1vel. Desde as encostas de <strong>Verbier<\/strong> at\u00e9 os quartos aconchegantes que fazem com que os campistas se sintam em casa, nossos acampamentos oferecem o cen\u00e1rio perfeito para que eles desenvolvam novas habilidades, fa\u00e7am amigos de <strong>todo o mundo<\/strong> e vivenciem a magia do inverno su\u00ed\u00e7o. Seja em <strong>uma sess\u00e3o de uma semana<\/strong> ou em uma aventura de tr\u00eas semanas, seu filho sair\u00e1 da <strong>Les Elfes International<\/strong> com lembran\u00e7as que durar\u00e3o a vida toda. Voc\u00ea est\u00e1 pronto para participar do <strong>melhor acampamento de inverno<\/strong> da Su\u00ed\u00e7a? <a class=\"cta-button\" href=\"https:\/\/www.leselfes.com\/winter-camp\/enrol\/\">Inscreva-se agora em nosso acampamento de inverno<\/a>  <\/p>\n","protected":false},"excerpt":{"rendered":"<p>Na Les Elfes International, localizada no cora\u00e7\u00e3o dos Alpes su\u00ed\u00e7os, oferecemos alguns dos melhores acampamentos de inverno para crian\u00e7as e adolescentes de todo o mundo. Com nosso campus principal em&#8230;<\/p>\n","protected":false},"author":16,"featured_media":95937,"comment_status":"open","ping_status":"open","sticky":false,"template":"","format":"standard","meta":{"_acf_changed":false,"inline_featured_image":false,"footnotes":""},"categories":[1350],"tags":[],"class_list":{"0":"post-95962","1":"post","2":"type-post","3":"status-publish","4":"format-standard","5":"has-post-thumbnail","7":"category-acampamento-de-inverno-pt-br"},"acf":[],"yoast_head":"<!-- This site is optimized with the Yoast SEO Premium plugin v24.2 (Yoast SEO v24.7) - https:\/\/yoast.com\/wordpress\/plugins\/seo\/ -->\n<title>Acampamento de inverno na Su\u00ed\u00e7a | Esqui, aventura e lideran\u00e7a<\/title>\n<meta name=\"description\" content=\"Explore os v\u00e1rios tipos de acampamentos de inverno na Su\u00ed\u00e7a, desde acampamentos de esqui e aventura at\u00e9 programas de idiomas, lideran\u00e7a e criatividade. Perfeito para crian\u00e7as e adolescentes\" \/>\n<meta name=\"robots\" content=\"index, follow, max-snippet:-1, max-image-preview:large, max-video-preview:-1\" \/>\n<link rel=\"canonical\" href=\"https:\/\/www.leselfes.com\/pt-br\/quais-sao-os-tipos-de-acampamentos-de-inverno-disponiveis-na-suica\/\" \/>\n<meta property=\"og:locale\" content=\"pt_BR\" \/>\n<meta property=\"og:type\" content=\"article\" \/>\n<meta property=\"og:title\" content=\"Que tipo de acampamento de inverno voc\u00ea pode fazer na Su\u00ed\u00e7a?\" \/>\n<meta property=\"og:description\" content=\"Explore os v\u00e1rios tipos de acampamentos de inverno na Su\u00ed\u00e7a, desde acampamentos de esqui e aventura at\u00e9 programas de idiomas, lideran\u00e7a e criatividade. Perfeito para crian\u00e7as e adolescentes\" \/>\n<meta property=\"og:url\" content=\"https:\/\/www.leselfes.com\/pt-br\/quais-sao-os-tipos-de-acampamentos-de-inverno-disponiveis-na-suica\/\" \/>\n<meta property=\"og:site_name\" content=\"Les Elfes International Camps Switzerland\" \/>\n<meta property=\"article:publisher\" content=\"https:\/\/www.facebook.com\/LesElfesVerbier\" \/>\n<meta property=\"article:published_time\" content=\"2025-01-07T08:07:19+00:00\" \/>\n<meta property=\"article:modified_time\" content=\"2025-01-24T09:55:51+00:00\" \/>\n<meta property=\"og:image\" content=\"https:\/\/www.leselfes.com\/wp-content\/uploads\/2025\/01\/What-types-of-winter-camps.jpg\" \/>\n\t<meta property=\"og:image:width\" content=\"1920\" \/>\n\t<meta property=\"og:image:height\" content=\"550\" \/>\n\t<meta property=\"og:image:type\" content=\"image\/jpeg\" \/>\n<meta name=\"author\" content=\"Matthieu Perard\" \/>\n<meta name=\"twitter:card\" content=\"summary_large_image\" \/>\n<meta name=\"twitter:creator\" content=\"@LesElfesCamps\" \/>\n<meta name=\"twitter:site\" content=\"@LesElfesCamps\" \/>\n<meta name=\"twitter:label1\" content=\"Escrito por\" \/>\n\t<meta name=\"twitter:data1\" content=\"Matthieu Perard\" \/>\n\t<meta name=\"twitter:label2\" content=\"Est. tempo de leitura\" \/>\n\t<meta name=\"twitter:data2\" content=\"9 minutos\" \/>\n<script type=\"application\/ld+json\" class=\"yoast-schema-graph\">{\"@context\":\"https:\/\/schema.org\",\"@graph\":[{\"@type\":\"Article\",\"@id\":\"https:\/\/www.leselfes.com\/pt-br\/quais-sao-os-tipos-de-acampamentos-de-inverno-disponiveis-na-suica\/#article\",\"isPartOf\":{\"@id\":\"https:\/\/www.leselfes.com\/pt-br\/quais-sao-os-tipos-de-acampamentos-de-inverno-disponiveis-na-suica\/\"},\"author\":{\"name\":\"Matthieu Perard\",\"@id\":\"https:\/\/dev.leselfes.com\/#\/schema\/person\/7ac5f99a7f3c597105fe663a00bdf6d6\"},\"headline\":\"Que tipo de acampamento de inverno voc\u00ea pode fazer na Su\u00ed\u00e7a?\",\"datePublished\":\"2025-01-07T08:07:19+00:00\",\"dateModified\":\"2025-01-24T09:55:51+00:00\",\"mainEntityOfPage\":{\"@id\":\"https:\/\/www.leselfes.com\/pt-br\/quais-sao-os-tipos-de-acampamentos-de-inverno-disponiveis-na-suica\/\"},\"wordCount\":1770,\"commentCount\":0,\"publisher\":{\"@id\":\"https:\/\/dev.leselfes.com\/#organization\"},\"image\":{\"@id\":\"https:\/\/www.leselfes.com\/pt-br\/quais-sao-os-tipos-de-acampamentos-de-inverno-disponiveis-na-suica\/#primaryimage\"},\"thumbnailUrl\":\"https:\/\/www.leselfes.com\/wp-content\/uploads\/2025\/01\/What-types-of-winter-camps.jpg\",\"articleSection\":[\"Acampamento de inverno\"],\"inLanguage\":\"pt-BR\",\"potentialAction\":[{\"@type\":\"CommentAction\",\"name\":\"Comment\",\"target\":[\"https:\/\/www.leselfes.com\/pt-br\/quais-sao-os-tipos-de-acampamentos-de-inverno-disponiveis-na-suica\/#respond\"]}]},{\"@type\":\"WebPage\",\"@id\":\"https:\/\/www.leselfes.com\/pt-br\/quais-sao-os-tipos-de-acampamentos-de-inverno-disponiveis-na-suica\/\",\"url\":\"https:\/\/www.leselfes.com\/pt-br\/quais-sao-os-tipos-de-acampamentos-de-inverno-disponiveis-na-suica\/\",\"name\":\"Acampamento de inverno na Su\u00ed\u00e7a | Esqui, aventura e lideran\u00e7a\",\"isPartOf\":{\"@id\":\"https:\/\/dev.leselfes.com\/#website\"},\"primaryImageOfPage\":{\"@id\":\"https:\/\/www.leselfes.com\/pt-br\/quais-sao-os-tipos-de-acampamentos-de-inverno-disponiveis-na-suica\/#primaryimage\"},\"image\":{\"@id\":\"https:\/\/www.leselfes.com\/pt-br\/quais-sao-os-tipos-de-acampamentos-de-inverno-disponiveis-na-suica\/#primaryimage\"},\"thumbnailUrl\":\"https:\/\/www.leselfes.com\/wp-content\/uploads\/2025\/01\/What-types-of-winter-camps.jpg\",\"datePublished\":\"2025-01-07T08:07:19+00:00\",\"dateModified\":\"2025-01-24T09:55:51+00:00\",\"description\":\"Explore os v\u00e1rios tipos de acampamentos de inverno na Su\u00ed\u00e7a, desde acampamentos de esqui e aventura at\u00e9 programas de idiomas, lideran\u00e7a e criatividade. Perfeito para crian\u00e7as e adolescentes\",\"breadcrumb\":{\"@id\":\"https:\/\/www.leselfes.com\/pt-br\/quais-sao-os-tipos-de-acampamentos-de-inverno-disponiveis-na-suica\/#breadcrumb\"},\"inLanguage\":\"pt-BR\",\"potentialAction\":[{\"@type\":\"ReadAction\",\"target\":[\"https:\/\/www.leselfes.com\/pt-br\/quais-sao-os-tipos-de-acampamentos-de-inverno-disponiveis-na-suica\/\"]}]},{\"@type\":\"ImageObject\",\"inLanguage\":\"pt-BR\",\"@id\":\"https:\/\/www.leselfes.com\/pt-br\/quais-sao-os-tipos-de-acampamentos-de-inverno-disponiveis-na-suica\/#primaryimage\",\"url\":\"https:\/\/www.leselfes.com\/wp-content\/uploads\/2025\/01\/What-types-of-winter-camps.jpg\",\"contentUrl\":\"https:\/\/www.leselfes.com\/wp-content\/uploads\/2025\/01\/What-types-of-winter-camps.jpg\",\"width\":1920,\"height\":550},{\"@type\":\"BreadcrumbList\",\"@id\":\"https:\/\/www.leselfes.com\/pt-br\/quais-sao-os-tipos-de-acampamentos-de-inverno-disponiveis-na-suica\/#breadcrumb\",\"itemListElement\":[{\"@type\":\"ListItem\",\"position\":1,\"name\":\"Home\",\"item\":\"https:\/\/www.leselfes.com\/pt-br\/\"},{\"@type\":\"ListItem\",\"position\":2,\"name\":\"Que tipo de acampamento de inverno voc\u00ea pode fazer na Su\u00ed\u00e7a?\"}]},{\"@type\":\"WebSite\",\"@id\":\"https:\/\/dev.leselfes.com\/#website\",\"url\":\"https:\/\/dev.leselfes.com\/\",\"name\":\"Les Elfes International\",\"description\":\"Les Elfes International, Verbier Switzerland. Summer Camp, Winter Camp, Spring Camps.\",\"publisher\":{\"@id\":\"https:\/\/dev.leselfes.com\/#organization\"},\"alternateName\":\"Les Elfes International\",\"potentialAction\":[{\"@type\":\"SearchAction\",\"target\":{\"@type\":\"EntryPoint\",\"urlTemplate\":\"https:\/\/dev.leselfes.com\/?s={search_term_string}\"},\"query-input\":{\"@type\":\"PropertyValueSpecification\",\"valueRequired\":true,\"valueName\":\"search_term_string\"}}],\"inLanguage\":\"pt-BR\"},{\"@type\":\"Organization\",\"@id\":\"https:\/\/dev.leselfes.com\/#organization\",\"name\":\"Les Elfes International\",\"alternateName\":\"Les Elfes International\",\"url\":\"https:\/\/dev.leselfes.com\/\",\"logo\":{\"@type\":\"ImageObject\",\"inLanguage\":\"pt-BR\",\"@id\":\"https:\/\/dev.leselfes.com\/#\/schema\/logo\/image\/\",\"url\":\"https:\/\/www.leselfes.com\/wp-content\/uploads\/2022\/03\/leselfes-logo.png\",\"contentUrl\":\"https:\/\/www.leselfes.com\/wp-content\/uploads\/2022\/03\/leselfes-logo.png\",\"width\":233,\"height\":51,\"caption\":\"Les Elfes International\"},\"image\":{\"@id\":\"https:\/\/dev.leselfes.com\/#\/schema\/logo\/image\/\"},\"sameAs\":[\"https:\/\/www.facebook.com\/LesElfesVerbier\",\"https:\/\/x.com\/LesElfesCamps\",\"https:\/\/www.instagram.com\/leselfes\",\"https:\/\/www.linkedin.com\/company\/les-elfes-international\",\"https:\/\/www.youtube.com\/user\/LesElfesVerbier\"]},{\"@type\":\"Person\",\"@id\":\"https:\/\/dev.leselfes.com\/#\/schema\/person\/7ac5f99a7f3c597105fe663a00bdf6d6\",\"name\":\"Matthieu Perard\",\"image\":{\"@type\":\"ImageObject\",\"inLanguage\":\"pt-BR\",\"@id\":\"https:\/\/dev.leselfes.com\/#\/schema\/person\/image\/\",\"url\":\"https:\/\/secure.gravatar.com\/avatar\/e368f5bd153d15a1ff42a4c64a46d1ef?s=96&d=mm&r=g\",\"contentUrl\":\"https:\/\/secure.gravatar.com\/avatar\/e368f5bd153d15a1ff42a4c64a46d1ef?s=96&d=mm&r=g\",\"caption\":\"Matthieu Perard\"},\"url\":\"https:\/\/www.leselfes.com\/pt-br\/author\/m-pierardnotostudio-ch\/\"}]}<\/script>\n<!-- \/ Yoast SEO Premium plugin. -->","yoast_head_json":{"title":"Acampamento de inverno na Su\u00ed\u00e7a | Esqui, aventura e lideran\u00e7a","description":"Explore os v\u00e1rios tipos de acampamentos de inverno na Su\u00ed\u00e7a, desde acampamentos de esqui e aventura at\u00e9 programas de idiomas, lideran\u00e7a e criatividade. Perfeito para crian\u00e7as e adolescentes","robots":{"index":"index","follow":"follow","max-snippet":"max-snippet:-1","max-image-preview":"max-image-preview:large","max-video-preview":"max-video-preview:-1"},"canonical":"https:\/\/www.leselfes.com\/pt-br\/quais-sao-os-tipos-de-acampamentos-de-inverno-disponiveis-na-suica\/","og_locale":"pt_BR","og_type":"article","og_title":"Que tipo de acampamento de inverno voc\u00ea pode fazer na Su\u00ed\u00e7a?","og_description":"Explore os v\u00e1rios tipos de acampamentos de inverno na Su\u00ed\u00e7a, desde acampamentos de esqui e aventura at\u00e9 programas de idiomas, lideran\u00e7a e criatividade. Perfeito para crian\u00e7as e adolescentes","og_url":"https:\/\/www.leselfes.com\/pt-br\/quais-sao-os-tipos-de-acampamentos-de-inverno-disponiveis-na-suica\/","og_site_name":"Les Elfes International Camps Switzerland","article_publisher":"https:\/\/www.facebook.com\/LesElfesVerbier","article_published_time":"2025-01-07T08:07:19+00:00","article_modified_time":"2025-01-24T09:55:51+00:00","og_image":[{"width":1920,"height":550,"url":"https:\/\/www.leselfes.com\/wp-content\/uploads\/2025\/01\/What-types-of-winter-camps.jpg","type":"image\/jpeg"}],"author":"Matthieu Perard","twitter_card":"summary_large_image","twitter_creator":"@LesElfesCamps","twitter_site":"@LesElfesCamps","twitter_misc":{"Escrito por":"Matthieu Perard","Est. tempo de leitura":"9 minutos"},"schema":{"@context":"https:\/\/schema.org","@graph":[{"@type":"Article","@id":"https:\/\/www.leselfes.com\/pt-br\/quais-sao-os-tipos-de-acampamentos-de-inverno-disponiveis-na-suica\/#article","isPartOf":{"@id":"https:\/\/www.leselfes.com\/pt-br\/quais-sao-os-tipos-de-acampamentos-de-inverno-disponiveis-na-suica\/"},"author":{"name":"Matthieu Perard","@id":"https:\/\/dev.leselfes.com\/#\/schema\/person\/7ac5f99a7f3c597105fe663a00bdf6d6"},"headline":"Que tipo de acampamento de inverno voc\u00ea pode fazer na Su\u00ed\u00e7a?","datePublished":"2025-01-07T08:07:19+00:00","dateModified":"2025-01-24T09:55:51+00:00","mainEntityOfPage":{"@id":"https:\/\/www.leselfes.com\/pt-br\/quais-sao-os-tipos-de-acampamentos-de-inverno-disponiveis-na-suica\/"},"wordCount":1770,"commentCount":0,"publisher":{"@id":"https:\/\/dev.leselfes.com\/#organization"},"image":{"@id":"https:\/\/www.leselfes.com\/pt-br\/quais-sao-os-tipos-de-acampamentos-de-inverno-disponiveis-na-suica\/#primaryimage"},"thumbnailUrl":"https:\/\/www.leselfes.com\/wp-content\/uploads\/2025\/01\/What-types-of-winter-camps.jpg","articleSection":["Acampamento de inverno"],"inLanguage":"pt-BR","potentialAction":[{"@type":"CommentAction","name":"Comment","target":["https:\/\/www.leselfes.com\/pt-br\/quais-sao-os-tipos-de-acampamentos-de-inverno-disponiveis-na-suica\/#respond"]}]},{"@type":"WebPage","@id":"https:\/\/www.leselfes.com\/pt-br\/quais-sao-os-tipos-de-acampamentos-de-inverno-disponiveis-na-suica\/","url":"https:\/\/www.leselfes.com\/pt-br\/quais-sao-os-tipos-de-acampamentos-de-inverno-disponiveis-na-suica\/","name":"Acampamento de inverno na Su\u00ed\u00e7a | Esqui, aventura e lideran\u00e7a","isPartOf":{"@id":"https:\/\/dev.leselfes.com\/#website"},"primaryImageOfPage":{"@id":"https:\/\/www.leselfes.com\/pt-br\/quais-sao-os-tipos-de-acampamentos-de-inverno-disponiveis-na-suica\/#primaryimage"},"image":{"@id":"https:\/\/www.leselfes.com\/pt-br\/quais-sao-os-tipos-de-acampamentos-de-inverno-disponiveis-na-suica\/#primaryimage"},"thumbnailUrl":"https:\/\/www.leselfes.com\/wp-content\/uploads\/2025\/01\/What-types-of-winter-camps.jpg","datePublished":"2025-01-07T08:07:19+00:00","dateModified":"2025-01-24T09:55:51+00:00","description":"Explore os v\u00e1rios tipos de acampamentos de inverno na Su\u00ed\u00e7a, desde acampamentos de esqui e aventura at\u00e9 programas de idiomas, lideran\u00e7a e criatividade. Perfeito para crian\u00e7as e adolescentes","breadcrumb":{"@id":"https:\/\/www.leselfes.com\/pt-br\/quais-sao-os-tipos-de-acampamentos-de-inverno-disponiveis-na-suica\/#breadcrumb"},"inLanguage":"pt-BR","potentialAction":[{"@type":"ReadAction","target":["https:\/\/www.leselfes.com\/pt-br\/quais-sao-os-tipos-de-acampamentos-de-inverno-disponiveis-na-suica\/"]}]},{"@type":"ImageObject","inLanguage":"pt-BR","@id":"https:\/\/www.leselfes.com\/pt-br\/quais-sao-os-tipos-de-acampamentos-de-inverno-disponiveis-na-suica\/#primaryimage","url":"https:\/\/www.leselfes.com\/wp-content\/uploads\/2025\/01\/What-types-of-winter-camps.jpg","contentUrl":"https:\/\/www.leselfes.com\/wp-content\/uploads\/2025\/01\/What-types-of-winter-camps.jpg","width":1920,"height":550},{"@type":"BreadcrumbList","@id":"https:\/\/www.leselfes.com\/pt-br\/quais-sao-os-tipos-de-acampamentos-de-inverno-disponiveis-na-suica\/#breadcrumb","itemListElement":[{"@type":"ListItem","position":1,"name":"Home","item":"https:\/\/www.leselfes.com\/pt-br\/"},{"@type":"ListItem","position":2,"name":"Que tipo de acampamento de inverno voc\u00ea pode fazer na Su\u00ed\u00e7a?"}]},{"@type":"WebSite","@id":"https:\/\/dev.leselfes.com\/#website","url":"https:\/\/dev.leselfes.com\/","name":"Les Elfes International","description":"Les Elfes International, Verbier Switzerland. Summer Camp, Winter Camp, Spring Camps.","publisher":{"@id":"https:\/\/dev.leselfes.com\/#organization"},"alternateName":"Les Elfes International","potentialAction":[{"@type":"SearchAction","target":{"@type":"EntryPoint","urlTemplate":"https:\/\/dev.leselfes.com\/?s={search_term_string}"},"query-input":{"@type":"PropertyValueSpecification","valueRequired":true,"valueName":"search_term_string"}}],"inLanguage":"pt-BR"},{"@type":"Organization","@id":"https:\/\/dev.leselfes.com\/#organization","name":"Les Elfes International","alternateName":"Les Elfes International","url":"https:\/\/dev.leselfes.com\/","logo":{"@type":"ImageObject","inLanguage":"pt-BR","@id":"https:\/\/dev.leselfes.com\/#\/schema\/logo\/image\/","url":"https:\/\/www.leselfes.com\/wp-content\/uploads\/2022\/03\/leselfes-logo.png","contentUrl":"https:\/\/www.leselfes.com\/wp-content\/uploads\/2022\/03\/leselfes-logo.png","width":233,"height":51,"caption":"Les Elfes International"},"image":{"@id":"https:\/\/dev.leselfes.com\/#\/schema\/logo\/image\/"},"sameAs":["https:\/\/www.facebook.com\/LesElfesVerbier","https:\/\/x.com\/LesElfesCamps","https:\/\/www.instagram.com\/leselfes","https:\/\/www.linkedin.com\/company\/les-elfes-international","https:\/\/www.youtube.com\/user\/LesElfesVerbier"]},{"@type":"Person","@id":"https:\/\/dev.leselfes.com\/#\/schema\/person\/7ac5f99a7f3c597105fe663a00bdf6d6","name":"Matthieu Perard","image":{"@type":"ImageObject","inLanguage":"pt-BR","@id":"https:\/\/dev.leselfes.com\/#\/schema\/person\/image\/","url":"https:\/\/secure.gravatar.com\/avatar\/e368f5bd153d15a1ff42a4c64a46d1ef?s=96&d=mm&r=g","contentUrl":"https:\/\/secure.gravatar.com\/avatar\/e368f5bd153d15a1ff42a4c64a46d1ef?s=96&d=mm&r=g","caption":"Matthieu Perard"},"url":"https:\/\/www.leselfes.com\/pt-br\/author\/m-pierardnotostudio-ch\/"}]}},"_links":{"self":[{"href":"https:\/\/www.leselfes.com\/pt-br\/wp-json\/wp\/v2\/posts\/95962"}],"collection":[{"href":"https:\/\/www.leselfes.com\/pt-br\/wp-json\/wp\/v2\/posts"}],"about":[{"href":"https:\/\/www.leselfes.com\/pt-br\/wp-json\/wp\/v2\/types\/post"}],"author":[{"embeddable":true,"href":"https:\/\/www.leselfes.com\/pt-br\/wp-json\/wp\/v2\/users\/16"}],"replies":[{"embeddable":true,"href":"https:\/\/www.leselfes.com\/pt-br\/wp-json\/wp\/v2\/comments?post=95962"}],"version-history":[{"count":1,"href":"https:\/\/www.leselfes.com\/pt-br\/wp-json\/wp\/v2\/posts\/95962\/revisions"}],"predecessor-version":[{"id":97820,"href":"https:\/\/www.leselfes.com\/pt-br\/wp-json\/wp\/v2\/posts\/95962\/revisions\/97820"}],"wp:featuredmedia":[{"embeddable":true,"href":"https:\/\/www.leselfes.com\/pt-br\/wp-json\/wp\/v2\/media\/95937"}],"wp:attachment":[{"href":"https:\/\/www.leselfes.com\/pt-br\/wp-json\/wp\/v2\/media?parent=95962"}],"wp:term":[{"taxonomy":"category","embeddable":true,"href":"https:\/\/www.leselfes.com\/pt-br\/wp-json\/wp\/v2\/categories?post=95962"},{"taxonomy":"post_tag","embeddable":true,"href":"https:\/\/www.leselfes.com\/pt-br\/wp-json\/wp\/v2\/tags?post=95962"}],"curies":[{"name":"wp","href":"https:\/\/api.w.org\/{rel}","templated":true}]}}