{"id":95986,"date":"2025-01-07T09:09:03","date_gmt":"2025-01-07T08:09:03","guid":{"rendered":"https:\/\/www.leselfes.com\/como-e-a-experiencia-do-acampamento-de-inverno\/"},"modified":"2025-02-18T11:06:12","modified_gmt":"2025-02-18T10:06:12","slug":"como-e-a-experiencia-do-acampamento-de-inverno","status":"publish","type":"post","link":"https:\/\/www.leselfes.com\/pt-br\/como-e-a-experiencia-do-acampamento-de-inverno\/","title":{"rendered":"Como \u00e9 a experi\u00eancia do acampamento de inverno?"},"content":{"rendered":"<p>Um acampamento de inverno nos Alpes su\u00ed\u00e7os oferece aos jovens aventureiros uma mistura \u00fanica de emo\u00e7\u00e3o, desenvolvimento de habilidades e imers\u00e3o cultural. Seja aperfei\u00e7oando os esportes de neve, criando la\u00e7os com amigos ou descobrindo as tradi\u00e7\u00f5es su\u00ed\u00e7as, os acampamentos de inverno na Su\u00ed\u00e7a criam <strong>experi\u00eancias de inverno inesquec\u00edveis<\/strong> para campistas de todas as idades. De <strong>aulas de esqui<\/strong> a <strong>artes e artesanato<\/strong>, cada aspecto das <strong>atividades do acampamento de inverno<\/strong> \u00e9 projetado para ajudar os campistas a crescer, se divertir e criar mem\u00f3rias duradouras.  <\/p>\n<h2>Os melhores acampamentos de inverno na Su\u00ed\u00e7a<\/h2>\n<p>A Su\u00ed\u00e7a abriga alguns dos <strong>melhores acampamentos de inverno<\/strong> do mundo, gra\u00e7as \u00e0 sua deslumbrante paisagem <strong>alpina<\/strong>, \u00e0s esta\u00e7\u00f5es de esqui de alta qualidade e aos programas culturalmente enriquecedores. <strong>Os acampamentos internacionais de inverno<\/strong> em destinos populares como <strong>Verbier<\/strong>, <strong>Gstaad<\/strong> e <strong>Davos<\/strong> recebem campistas de todo o mundo. Esses acampamentos oferecem um ambiente seguro e de apoio para que crian\u00e7as e adolescentes explorem o ar livre, conhe\u00e7am colegas de diferentes origens e desenvolvam habilidades essenciais para a vida.  <\/p>\n<p>Localizados no cora\u00e7\u00e3o dos <strong>Alpes su\u00ed\u00e7os<\/strong>, os acampamentos de inverno oferecem uma atmosfera local e internacional, onde <strong>crian\u00e7as de 6 a 17 anos<\/strong> podem desfrutar de uma variedade de programas. <strong>Os campistas de 8 a 14 anos<\/strong> encontram uma variedade empolgante de atividades adequadas \u00e0 idade que desafiam suas habilidades, criando um ambiente divertido e de apoio. Desde pistas de esqui para iniciantes at\u00e9 pistas avan\u00e7adas, cada acampamento \u00e9 cuidadosamente projetado para atender a diferentes n\u00edveis de habilidade e proporcionar uma experi\u00eancia inclusiva. <\/p>\n<h2>Quais atividades est\u00e3o inclu\u00eddas nos acampamentos de inverno?<\/h2>\n<p>O destaque de qualquer acampamento de inverno \u00e9 sua variedade de atividades, e os acampamentos de inverno su\u00ed\u00e7os oferecem algumas das melhores op\u00e7\u00f5es dispon\u00edveis. No centro est\u00e3o as <strong>aulas de esqui<\/strong> e <strong>de snowboard<\/strong>, onde os campistas recebem <strong>instru\u00e7\u00e3o<\/strong> profissional <strong>de esqui e snowboard<\/strong> adaptada ao seu n\u00edvel. Todos os dias, os campistas podem esperar um tempo nas pistas, praticando suas habilidades e explorando a bela paisagem. Mas os acampamentos de inverno incluem muito mais do que esportes de neve:   <\/p>\n<ul>\n<li><strong>Atividades noturnas<\/strong>: Depois de um dia inteiro ao ar livre, os campistas participam de eventos noturnos relaxantes e divertidos, como noites de cinema, jogos em equipe e sess\u00f5es de conta\u00e7\u00e3o de hist\u00f3rias. Essas <strong>atividades noturnas<\/strong> permitem que os campistas se descontraiam e criem la\u00e7os com seus amigos. <\/li>\n<li><strong>Artes e artesanato<\/strong>: Oficinas criativas, como artes e artesanato, d\u00e3o aos campistas a chance de se expressar e levar para casa as lembran\u00e7as que fizeram. Atividades como desenho, pintura ou artesanato proporcionam uma pausa criativa dos esportes. <\/li>\n<li><strong>Aventuras ao ar livre<\/strong>: Muitos acampamentos organizam <strong>atividades<\/strong> adicionais <strong>ao ar livre<\/strong>, como caminhadas na neve, patina\u00e7\u00e3o no gelo e at\u00e9 mesmo a constru\u00e7\u00e3o de iglus, permitindo que os campistas aproveitem totalmente a paisagem de inverno.<\/li>\n<\/ul>\n<p>De esportes estruturados a atividades criativas, esses acampamentos oferecem um programa envolvente que atende a uma ampla gama de interesses. <strong>Os programas de acampamento<\/strong> s\u00e3o projetados para serem divertidos e educativos, ajudando as crian\u00e7as a desenvolver habilidades e descobrir novas paix\u00f5es.<\/p>\n<h2>Qual \u00e9 o custo dos acampamentos de inverno?<\/h2>\n<p>O <strong>custo do acampamento de inverno<\/strong> pode variar significativamente, dependendo do local, da dura\u00e7\u00e3o e das ofertas espec\u00edficas inclu\u00eddas. Em geral, <strong>as taxas dos acampamentos de inverno<\/strong> cobrem acomoda\u00e7\u00f5es, refei\u00e7\u00f5es, todas as atividades planejadas e equipamentos para esportes como esqui e snowboard. Alguns acampamentos podem ter custos adicionais para excurs\u00f5es espec\u00edficas ou aulas opcionais, portanto, \u00e9 \u00fatil que voc\u00ea analise detalhadamente <strong>as taxas de<\/strong> cada <strong>acampamento<\/strong>. Os acampamentos em \u00e1reas de esqui de primeira linha, como <strong>Verbier<\/strong> ou <strong>Gstaad<\/strong>, geralmente incluem acesso a pistas de esqui renomadas e instala\u00e7\u00f5es de alta qualidade, o que pode aumentar o <strong>pre\u00e7o<\/strong> total <strong>do acampamento de inverno<\/strong>.   <\/p>\n<p>Os pais que est\u00e3o pensando em participar de acampamentos de inverno geralmente podem encontrar diferentes <strong>ofertas de acampamentos<\/strong> adaptadas ao seu or\u00e7amento, pois muitos acampamentos oferecem descontos para inscri\u00e7\u00f5es antecipadas <strong>para acampamentos de inverno<\/strong> ou inscri\u00e7\u00f5es para v\u00e1rias semanas. Tamb\u00e9m \u00e9 aconselh\u00e1vel consultar diretamente os acampamentos para obter uma lista detalhada de pre\u00e7os e poss\u00edveis descontos para fam\u00edlias ou pacotes. <\/p>\n<h2>Para quais faixas et\u00e1rias s\u00e3o os acampamentos de inverno?<\/h2>\n<p>Os acampamentos de inverno na Su\u00ed\u00e7a normalmente atendem a uma ampla faixa et\u00e1ria, o que os torna uma op\u00e7\u00e3o vers\u00e1til para fam\u00edlias com filhos de diferentes idades. Muitos acampamentos oferecem programas para <strong>crian\u00e7as de 6 a 17 anos<\/strong>, sendo que alguns acampamentos s\u00e3o especializados em determinadas faixas et\u00e1rias, como <strong>grupos de jovens<\/strong> ou adolescentes. Os acampamentos geralmente adaptam as atividades a grupos et\u00e1rios espec\u00edficos, garantindo que os campistas mais jovens, como os <strong>de 5 a 16 anos<\/strong>, tenham atividades seguras e agrad\u00e1veis que correspondam ao seu n\u00edvel de desenvolvimento, enquanto os campistas mais velhos podem ter acesso a pistas de esqui avan\u00e7adas, atividades independentes e programas de lideran\u00e7a.  <\/p>\n<p>Para os pais que desejam dar a seus filhos um in\u00edcio precoce, os programas para <strong>campistas de 8 a 14 anos<\/strong> s\u00e3o populares, equilibrando divers\u00e3o, desenvolvimento de habilidades e intera\u00e7\u00e3o social. Cada faixa et\u00e1ria se beneficia de uma programa\u00e7\u00e3o completa que promove tanto o aprendizado quanto o prazer. <\/p>\n<h2>Como se inscrever nos acampamentos de inverno?<\/h2>\n<p>A inscri\u00e7\u00e3o em um acampamento de inverno geralmente \u00e9 um processo simples, especialmente em acampamentos internacionais que oferecem formul\u00e1rios <strong>de inscri\u00e7\u00e3o<\/strong> on-line <strong>para acampamentos de inverno<\/strong>. Os pais podem explorar diferentes op\u00e7\u00f5es e encontrar <strong>informa\u00e7\u00f5es<\/strong> espec\u00edficas <strong>sobre os acampamentos de inverno<\/strong> navegando no site oficial do acampamento. Recomenda-se que voc\u00ea se inscreva com anteced\u00eancia, pois os acampamentos populares em locais de destaque, como <strong>Verbier<\/strong> e <strong>Gstaad<\/strong>, ficam lotados rapidamente.  <\/p>\n<p>Para os interessados em se inscrever, a maioria dos acampamentos oferece portais on-line f\u00e1ceis para <strong>se inscrever no acampamento de inverno<\/strong>, al\u00e9m de <strong>contato<\/strong> direto <strong>para<\/strong> perguntas sobre o <strong>acampamento de inverno<\/strong>. As fam\u00edlias podem fazer perguntas sobre disponibilidade, custos e programas espec\u00edficos para garantir que o acampamento seja adequado \u00e0s necessidades de seus filhos. <\/p>\n<h2>Como \u00e9 a experi\u00eancia do acampamento de inverno?<\/h2>\n<p>Os acampamentos de inverno s\u00e3o projetados para criar uma <strong>experi\u00eancia de inverno inesquec\u00edvel<\/strong>, onde os campistas desfrutam de um equil\u00edbrio entre aprendizado, divers\u00e3o e crescimento pessoal. O ambiente do acampamento \u00e9 de amizade e entusiasmo, onde alunos de todo o mundo se re\u00fanem para conhecer uma nova cultura e criar conex\u00f5es duradouras. Seja a emo\u00e7\u00e3o de esquiar pela primeira vez, compartilhar hist\u00f3rias ao redor de uma fogueira ou descobrir novos interesses, cada dia oferece novas aventuras.  <\/p>\n<p>Por meio de <strong>atividades<\/strong> planejadas <strong>de acampamento de inverno<\/strong> e ambientes de grupo supervisionados, as crian\u00e7as adquirem um senso de responsabilidade e confian\u00e7a. Desde pistas de esqui para iniciantes at\u00e9 pistas mais avan\u00e7adas, elas s\u00e3o incentivadas a explorar suas habilidades em um ambiente seguro e acolhedor. As amizades e mem\u00f3rias formadas durante o acampamento de inverno geralmente duram muito al\u00e9m da temporada do acampamento.  <\/p>\n<h2>Onde est\u00e3o localizados os acampamentos de inverno?<\/h2>\n<p>Os acampamentos de inverno est\u00e3o estrategicamente localizados em alguns dos locais mais deslumbrantes e acess\u00edveis dos <strong>Alpes su\u00ed\u00e7os<\/strong>. <strong>Os locais<\/strong> mais populares para <strong>acampamentos<\/strong> incluem <strong>resorts de esqui<\/strong> de classe mundial em \u00e1reas como <strong>Verbier<\/strong>, <strong>Davos<\/strong> e <strong>Gstaad<\/strong>. Cada local oferece um cen\u00e1rio \u00fanico, sendo Verbier conhecida por sua vibrante cena p\u00f3s-esqui, Davos por suas trilhas panor\u00e2micas e Gstaad por seu charme hist\u00f3rico e pistas de renome mundial. O acesso a \u00e1reas de esqui de alta qualidade e atra\u00e7\u00f5es culturais garante que cada campista tenha uma experi\u00eancia de inverno completa.   <\/p>\n<p>O transporte \u00e9 facilitado para as fam\u00edlias internacionais, pois muitos acampamentos oferecem op\u00e7\u00f5es de traslado do <strong>Aeroporto de Zurique<\/strong> ou das principais esta\u00e7\u00f5es de trem. As conex\u00f5es perfeitas fazem da Su\u00ed\u00e7a uma op\u00e7\u00e3o conveniente e segura para as fam\u00edlias que procuram um acampamento de inverno enriquecedor para seus filhos. <\/p>\n<h2>Sobre a Les Elfes International<\/h2>\n<p>Para aqueles que buscam um acampamento de inverno excepcional, <strong>a Les Elfes International<\/strong> oferece um dos programas mais abrangentes e envolventes da Su\u00ed\u00e7a. Localizada em <strong>Verbier<\/strong>, a Les Elfes combina esportes, aprendizado de idiomas e treinamento de lideran\u00e7a em um ambiente din\u00e2mico e de apoio. Com <strong>instru\u00e7\u00e3o<\/strong> especializada em <strong>esqui e snowboard<\/strong>, atividades cuidadosamente elaboradas e uma abordagem multicultural, a Les Elfes International garante que cada campista desfrute de uma experi\u00eancia transformadora. Desde esquiar em pistas de classe mundial at\u00e9 excurs\u00f5es culturais, a Les Elfes proporciona aos jovens aventureiros um inverno inesquec\u00edvel nos Alpes Su\u00ed\u00e7os, criando mem\u00f3rias e amizades que duram a vida inteira.   <\/p>\n","protected":false},"excerpt":{"rendered":"<p>Um acampamento de inverno nos Alpes su\u00ed\u00e7os oferece aos jovens aventureiros uma mistura \u00fanica de emo\u00e7\u00e3o, desenvolvimento de habilidades e imers\u00e3o cultural. Seja aperfei\u00e7oando os esportes de neve, criando la\u00e7os&#8230;<\/p>\n","protected":false},"author":16,"featured_media":95972,"comment_status":"open","ping_status":"open","sticky":false,"template":"","format":"standard","meta":{"_acf_changed":false,"inline_featured_image":false,"footnotes":""},"categories":[1350,1351],"tags":[],"class_list":{"0":"post-95986","1":"post","2":"type-post","3":"status-publish","4":"format-standard","5":"has-post-thumbnail","7":"category-acampamento-de-inverno-pt-br","8":"category-artigos-pt-br"},"acf":[],"yoast_head":"<!-- This site is optimized with the Yoast SEO Premium plugin v24.2 (Yoast SEO v24.7) - https:\/\/yoast.com\/wordpress\/plugins\/seo\/ -->\n<title>Como \u00e9 a experi\u00eancia do acampamento de inverno?<\/title>\n<meta name=\"description\" content=\"Descubra a inesquec\u00edvel experi\u00eancia de um acampamento de inverno nos Alpes su\u00ed\u00e7os com atividades emocionantes, imers\u00e3o cultural e amizades duradouras.\" \/>\n<meta name=\"robots\" content=\"index, follow, max-snippet:-1, max-image-preview:large, max-video-preview:-1\" \/>\n<link rel=\"canonical\" href=\"https:\/\/www.leselfes.com\/pt-br\/como-e-a-experiencia-do-acampamento-de-inverno\/\" \/>\n<meta property=\"og:locale\" content=\"pt_BR\" \/>\n<meta property=\"og:type\" content=\"article\" \/>\n<meta property=\"og:title\" content=\"Como \u00e9 a experi\u00eancia do acampamento de inverno?\" \/>\n<meta property=\"og:description\" content=\"Descubra a inesquec\u00edvel experi\u00eancia de um acampamento de inverno nos Alpes su\u00ed\u00e7os com atividades emocionantes, imers\u00e3o cultural e amizades duradouras.\" \/>\n<meta property=\"og:url\" content=\"https:\/\/www.leselfes.com\/pt-br\/como-e-a-experiencia-do-acampamento-de-inverno\/\" \/>\n<meta property=\"og:site_name\" content=\"Les Elfes International Camps Switzerland\" \/>\n<meta property=\"article:publisher\" content=\"https:\/\/www.facebook.com\/LesElfesVerbier\" \/>\n<meta property=\"article:published_time\" content=\"2025-01-07T08:09:03+00:00\" \/>\n<meta property=\"article:modified_time\" content=\"2025-02-18T10:06:12+00:00\" \/>\n<meta property=\"og:image\" content=\"https:\/\/www.leselfes.com\/wp-content\/uploads\/2025\/01\/photo2.jpg\" \/>\n\t<meta property=\"og:image:width\" content=\"1920\" \/>\n\t<meta property=\"og:image:height\" content=\"550\" \/>\n\t<meta property=\"og:image:type\" content=\"image\/jpeg\" \/>\n<meta name=\"author\" content=\"Matthieu Perard\" \/>\n<meta name=\"twitter:card\" content=\"summary_large_image\" \/>\n<meta name=\"twitter:creator\" content=\"@LesElfesCamps\" \/>\n<meta name=\"twitter:site\" content=\"@LesElfesCamps\" \/>\n<meta name=\"twitter:label1\" content=\"Escrito por\" \/>\n\t<meta name=\"twitter:data1\" content=\"Matthieu Perard\" \/>\n\t<meta name=\"twitter:label2\" content=\"Est. tempo de leitura\" \/>\n\t<meta name=\"twitter:data2\" content=\"7 minutos\" \/>\n<script type=\"application\/ld+json\" class=\"yoast-schema-graph\">{\"@context\":\"https:\/\/schema.org\",\"@graph\":[{\"@type\":\"Article\",\"@id\":\"https:\/\/www.leselfes.com\/pt-br\/como-e-a-experiencia-do-acampamento-de-inverno\/#article\",\"isPartOf\":{\"@id\":\"https:\/\/www.leselfes.com\/pt-br\/como-e-a-experiencia-do-acampamento-de-inverno\/\"},\"author\":{\"name\":\"Matthieu Perard\",\"@id\":\"https:\/\/dev.leselfes.com\/#\/schema\/person\/7ac5f99a7f3c597105fe663a00bdf6d6\"},\"headline\":\"Como \u00e9 a experi\u00eancia do acampamento de inverno?\",\"datePublished\":\"2025-01-07T08:09:03+00:00\",\"dateModified\":\"2025-02-18T10:06:12+00:00\",\"mainEntityOfPage\":{\"@id\":\"https:\/\/www.leselfes.com\/pt-br\/como-e-a-experiencia-do-acampamento-de-inverno\/\"},\"wordCount\":1493,\"commentCount\":0,\"publisher\":{\"@id\":\"https:\/\/dev.leselfes.com\/#organization\"},\"image\":{\"@id\":\"https:\/\/www.leselfes.com\/pt-br\/como-e-a-experiencia-do-acampamento-de-inverno\/#primaryimage\"},\"thumbnailUrl\":\"https:\/\/www.leselfes.com\/wp-content\/uploads\/2025\/01\/photo2.jpg\",\"articleSection\":[\"Acampamento de inverno\",\"Artigos\"],\"inLanguage\":\"pt-BR\",\"potentialAction\":[{\"@type\":\"CommentAction\",\"name\":\"Comment\",\"target\":[\"https:\/\/www.leselfes.com\/pt-br\/como-e-a-experiencia-do-acampamento-de-inverno\/#respond\"]}]},{\"@type\":\"WebPage\",\"@id\":\"https:\/\/www.leselfes.com\/pt-br\/como-e-a-experiencia-do-acampamento-de-inverno\/\",\"url\":\"https:\/\/www.leselfes.com\/pt-br\/como-e-a-experiencia-do-acampamento-de-inverno\/\",\"name\":\"Como \u00e9 a experi\u00eancia do acampamento de inverno?\",\"isPartOf\":{\"@id\":\"https:\/\/dev.leselfes.com\/#website\"},\"primaryImageOfPage\":{\"@id\":\"https:\/\/www.leselfes.com\/pt-br\/como-e-a-experiencia-do-acampamento-de-inverno\/#primaryimage\"},\"image\":{\"@id\":\"https:\/\/www.leselfes.com\/pt-br\/como-e-a-experiencia-do-acampamento-de-inverno\/#primaryimage\"},\"thumbnailUrl\":\"https:\/\/www.leselfes.com\/wp-content\/uploads\/2025\/01\/photo2.jpg\",\"datePublished\":\"2025-01-07T08:09:03+00:00\",\"dateModified\":\"2025-02-18T10:06:12+00:00\",\"description\":\"Descubra a inesquec\u00edvel experi\u00eancia de um acampamento de inverno nos Alpes su\u00ed\u00e7os com atividades emocionantes, imers\u00e3o cultural e amizades duradouras.\",\"breadcrumb\":{\"@id\":\"https:\/\/www.leselfes.com\/pt-br\/como-e-a-experiencia-do-acampamento-de-inverno\/#breadcrumb\"},\"inLanguage\":\"pt-BR\",\"potentialAction\":[{\"@type\":\"ReadAction\",\"target\":[\"https:\/\/www.leselfes.com\/pt-br\/como-e-a-experiencia-do-acampamento-de-inverno\/\"]}]},{\"@type\":\"ImageObject\",\"inLanguage\":\"pt-BR\",\"@id\":\"https:\/\/www.leselfes.com\/pt-br\/como-e-a-experiencia-do-acampamento-de-inverno\/#primaryimage\",\"url\":\"https:\/\/www.leselfes.com\/wp-content\/uploads\/2025\/01\/photo2.jpg\",\"contentUrl\":\"https:\/\/www.leselfes.com\/wp-content\/uploads\/2025\/01\/photo2.jpg\",\"width\":1920,\"height\":550},{\"@type\":\"BreadcrumbList\",\"@id\":\"https:\/\/www.leselfes.com\/pt-br\/como-e-a-experiencia-do-acampamento-de-inverno\/#breadcrumb\",\"itemListElement\":[{\"@type\":\"ListItem\",\"position\":1,\"name\":\"Home\",\"item\":\"https:\/\/www.leselfes.com\/pt-br\/\"},{\"@type\":\"ListItem\",\"position\":2,\"name\":\"Como \u00e9 a experi\u00eancia do acampamento de inverno?\"}]},{\"@type\":\"WebSite\",\"@id\":\"https:\/\/dev.leselfes.com\/#website\",\"url\":\"https:\/\/dev.leselfes.com\/\",\"name\":\"Les Elfes International\",\"description\":\"Les Elfes International, Verbier Switzerland. Summer Camp, Winter Camp, Spring Camps.\",\"publisher\":{\"@id\":\"https:\/\/dev.leselfes.com\/#organization\"},\"alternateName\":\"Les Elfes International\",\"potentialAction\":[{\"@type\":\"SearchAction\",\"target\":{\"@type\":\"EntryPoint\",\"urlTemplate\":\"https:\/\/dev.leselfes.com\/?s={search_term_string}\"},\"query-input\":{\"@type\":\"PropertyValueSpecification\",\"valueRequired\":true,\"valueName\":\"search_term_string\"}}],\"inLanguage\":\"pt-BR\"},{\"@type\":\"Organization\",\"@id\":\"https:\/\/dev.leselfes.com\/#organization\",\"name\":\"Les Elfes International\",\"alternateName\":\"Les Elfes International\",\"url\":\"https:\/\/dev.leselfes.com\/\",\"logo\":{\"@type\":\"ImageObject\",\"inLanguage\":\"pt-BR\",\"@id\":\"https:\/\/dev.leselfes.com\/#\/schema\/logo\/image\/\",\"url\":\"https:\/\/www.leselfes.com\/wp-content\/uploads\/2022\/03\/leselfes-logo.png\",\"contentUrl\":\"https:\/\/www.leselfes.com\/wp-content\/uploads\/2022\/03\/leselfes-logo.png\",\"width\":233,\"height\":51,\"caption\":\"Les Elfes International\"},\"image\":{\"@id\":\"https:\/\/dev.leselfes.com\/#\/schema\/logo\/image\/\"},\"sameAs\":[\"https:\/\/www.facebook.com\/LesElfesVerbier\",\"https:\/\/x.com\/LesElfesCamps\",\"https:\/\/www.instagram.com\/leselfes\",\"https:\/\/www.linkedin.com\/company\/les-elfes-international\",\"https:\/\/www.youtube.com\/user\/LesElfesVerbier\"]},{\"@type\":\"Person\",\"@id\":\"https:\/\/dev.leselfes.com\/#\/schema\/person\/7ac5f99a7f3c597105fe663a00bdf6d6\",\"name\":\"Matthieu Perard\",\"image\":{\"@type\":\"ImageObject\",\"inLanguage\":\"pt-BR\",\"@id\":\"https:\/\/dev.leselfes.com\/#\/schema\/person\/image\/\",\"url\":\"https:\/\/secure.gravatar.com\/avatar\/e368f5bd153d15a1ff42a4c64a46d1ef?s=96&d=mm&r=g\",\"contentUrl\":\"https:\/\/secure.gravatar.com\/avatar\/e368f5bd153d15a1ff42a4c64a46d1ef?s=96&d=mm&r=g\",\"caption\":\"Matthieu Perard\"},\"url\":\"https:\/\/www.leselfes.com\/pt-br\/author\/m-pierardnotostudio-ch\/\"}]}<\/script>\n<!-- \/ Yoast SEO Premium plugin. -->","yoast_head_json":{"title":"Como \u00e9 a experi\u00eancia do acampamento de inverno?","description":"Descubra a inesquec\u00edvel experi\u00eancia de um acampamento de inverno nos Alpes su\u00ed\u00e7os com atividades emocionantes, imers\u00e3o cultural e amizades duradouras.","robots":{"index":"index","follow":"follow","max-snippet":"max-snippet:-1","max-image-preview":"max-image-preview:large","max-video-preview":"max-video-preview:-1"},"canonical":"https:\/\/www.leselfes.com\/pt-br\/como-e-a-experiencia-do-acampamento-de-inverno\/","og_locale":"pt_BR","og_type":"article","og_title":"Como \u00e9 a experi\u00eancia do acampamento de inverno?","og_description":"Descubra a inesquec\u00edvel experi\u00eancia de um acampamento de inverno nos Alpes su\u00ed\u00e7os com atividades emocionantes, imers\u00e3o cultural e amizades duradouras.","og_url":"https:\/\/www.leselfes.com\/pt-br\/como-e-a-experiencia-do-acampamento-de-inverno\/","og_site_name":"Les Elfes International Camps Switzerland","article_publisher":"https:\/\/www.facebook.com\/LesElfesVerbier","article_published_time":"2025-01-07T08:09:03+00:00","article_modified_time":"2025-02-18T10:06:12+00:00","og_image":[{"width":1920,"height":550,"url":"https:\/\/www.leselfes.com\/wp-content\/uploads\/2025\/01\/photo2.jpg","type":"image\/jpeg"}],"author":"Matthieu Perard","twitter_card":"summary_large_image","twitter_creator":"@LesElfesCamps","twitter_site":"@LesElfesCamps","twitter_misc":{"Escrito por":"Matthieu Perard","Est. tempo de leitura":"7 minutos"},"schema":{"@context":"https:\/\/schema.org","@graph":[{"@type":"Article","@id":"https:\/\/www.leselfes.com\/pt-br\/como-e-a-experiencia-do-acampamento-de-inverno\/#article","isPartOf":{"@id":"https:\/\/www.leselfes.com\/pt-br\/como-e-a-experiencia-do-acampamento-de-inverno\/"},"author":{"name":"Matthieu Perard","@id":"https:\/\/dev.leselfes.com\/#\/schema\/person\/7ac5f99a7f3c597105fe663a00bdf6d6"},"headline":"Como \u00e9 a experi\u00eancia do acampamento de inverno?","datePublished":"2025-01-07T08:09:03+00:00","dateModified":"2025-02-18T10:06:12+00:00","mainEntityOfPage":{"@id":"https:\/\/www.leselfes.com\/pt-br\/como-e-a-experiencia-do-acampamento-de-inverno\/"},"wordCount":1493,"commentCount":0,"publisher":{"@id":"https:\/\/dev.leselfes.com\/#organization"},"image":{"@id":"https:\/\/www.leselfes.com\/pt-br\/como-e-a-experiencia-do-acampamento-de-inverno\/#primaryimage"},"thumbnailUrl":"https:\/\/www.leselfes.com\/wp-content\/uploads\/2025\/01\/photo2.jpg","articleSection":["Acampamento de inverno","Artigos"],"inLanguage":"pt-BR","potentialAction":[{"@type":"CommentAction","name":"Comment","target":["https:\/\/www.leselfes.com\/pt-br\/como-e-a-experiencia-do-acampamento-de-inverno\/#respond"]}]},{"@type":"WebPage","@id":"https:\/\/www.leselfes.com\/pt-br\/como-e-a-experiencia-do-acampamento-de-inverno\/","url":"https:\/\/www.leselfes.com\/pt-br\/como-e-a-experiencia-do-acampamento-de-inverno\/","name":"Como \u00e9 a experi\u00eancia do acampamento de inverno?","isPartOf":{"@id":"https:\/\/dev.leselfes.com\/#website"},"primaryImageOfPage":{"@id":"https:\/\/www.leselfes.com\/pt-br\/como-e-a-experiencia-do-acampamento-de-inverno\/#primaryimage"},"image":{"@id":"https:\/\/www.leselfes.com\/pt-br\/como-e-a-experiencia-do-acampamento-de-inverno\/#primaryimage"},"thumbnailUrl":"https:\/\/www.leselfes.com\/wp-content\/uploads\/2025\/01\/photo2.jpg","datePublished":"2025-01-07T08:09:03+00:00","dateModified":"2025-02-18T10:06:12+00:00","description":"Descubra a inesquec\u00edvel experi\u00eancia de um acampamento de inverno nos Alpes su\u00ed\u00e7os com atividades emocionantes, imers\u00e3o cultural e amizades duradouras.","breadcrumb":{"@id":"https:\/\/www.leselfes.com\/pt-br\/como-e-a-experiencia-do-acampamento-de-inverno\/#breadcrumb"},"inLanguage":"pt-BR","potentialAction":[{"@type":"ReadAction","target":["https:\/\/www.leselfes.com\/pt-br\/como-e-a-experiencia-do-acampamento-de-inverno\/"]}]},{"@type":"ImageObject","inLanguage":"pt-BR","@id":"https:\/\/www.leselfes.com\/pt-br\/como-e-a-experiencia-do-acampamento-de-inverno\/#primaryimage","url":"https:\/\/www.leselfes.com\/wp-content\/uploads\/2025\/01\/photo2.jpg","contentUrl":"https:\/\/www.leselfes.com\/wp-content\/uploads\/2025\/01\/photo2.jpg","width":1920,"height":550},{"@type":"BreadcrumbList","@id":"https:\/\/www.leselfes.com\/pt-br\/como-e-a-experiencia-do-acampamento-de-inverno\/#breadcrumb","itemListElement":[{"@type":"ListItem","position":1,"name":"Home","item":"https:\/\/www.leselfes.com\/pt-br\/"},{"@type":"ListItem","position":2,"name":"Como \u00e9 a experi\u00eancia do acampamento de inverno?"}]},{"@type":"WebSite","@id":"https:\/\/dev.leselfes.com\/#website","url":"https:\/\/dev.leselfes.com\/","name":"Les Elfes International","description":"Les Elfes International, Verbier Switzerland. Summer Camp, Winter Camp, Spring Camps.","publisher":{"@id":"https:\/\/dev.leselfes.com\/#organization"},"alternateName":"Les Elfes International","potentialAction":[{"@type":"SearchAction","target":{"@type":"EntryPoint","urlTemplate":"https:\/\/dev.leselfes.com\/?s={search_term_string}"},"query-input":{"@type":"PropertyValueSpecification","valueRequired":true,"valueName":"search_term_string"}}],"inLanguage":"pt-BR"},{"@type":"Organization","@id":"https:\/\/dev.leselfes.com\/#organization","name":"Les Elfes International","alternateName":"Les Elfes International","url":"https:\/\/dev.leselfes.com\/","logo":{"@type":"ImageObject","inLanguage":"pt-BR","@id":"https:\/\/dev.leselfes.com\/#\/schema\/logo\/image\/","url":"https:\/\/www.leselfes.com\/wp-content\/uploads\/2022\/03\/leselfes-logo.png","contentUrl":"https:\/\/www.leselfes.com\/wp-content\/uploads\/2022\/03\/leselfes-logo.png","width":233,"height":51,"caption":"Les Elfes International"},"image":{"@id":"https:\/\/dev.leselfes.com\/#\/schema\/logo\/image\/"},"sameAs":["https:\/\/www.facebook.com\/LesElfesVerbier","https:\/\/x.com\/LesElfesCamps","https:\/\/www.instagram.com\/leselfes","https:\/\/www.linkedin.com\/company\/les-elfes-international","https:\/\/www.youtube.com\/user\/LesElfesVerbier"]},{"@type":"Person","@id":"https:\/\/dev.leselfes.com\/#\/schema\/person\/7ac5f99a7f3c597105fe663a00bdf6d6","name":"Matthieu Perard","image":{"@type":"ImageObject","inLanguage":"pt-BR","@id":"https:\/\/dev.leselfes.com\/#\/schema\/person\/image\/","url":"https:\/\/secure.gravatar.com\/avatar\/e368f5bd153d15a1ff42a4c64a46d1ef?s=96&d=mm&r=g","contentUrl":"https:\/\/secure.gravatar.com\/avatar\/e368f5bd153d15a1ff42a4c64a46d1ef?s=96&d=mm&r=g","caption":"Matthieu Perard"},"url":"https:\/\/www.leselfes.com\/pt-br\/author\/m-pierardnotostudio-ch\/"}]}},"_links":{"self":[{"href":"https:\/\/www.leselfes.com\/pt-br\/wp-json\/wp\/v2\/posts\/95986"}],"collection":[{"href":"https:\/\/www.leselfes.com\/pt-br\/wp-json\/wp\/v2\/posts"}],"about":[{"href":"https:\/\/www.leselfes.com\/pt-br\/wp-json\/wp\/v2\/types\/post"}],"author":[{"embeddable":true,"href":"https:\/\/www.leselfes.com\/pt-br\/wp-json\/wp\/v2\/users\/16"}],"replies":[{"embeddable":true,"href":"https:\/\/www.leselfes.com\/pt-br\/wp-json\/wp\/v2\/comments?post=95986"}],"version-history":[{"count":1,"href":"https:\/\/www.leselfes.com\/pt-br\/wp-json\/wp\/v2\/posts\/95986\/revisions"}],"predecessor-version":[{"id":109434,"href":"https:\/\/www.leselfes.com\/pt-br\/wp-json\/wp\/v2\/posts\/95986\/revisions\/109434"}],"wp:featuredmedia":[{"embeddable":true,"href":"https:\/\/www.leselfes.com\/pt-br\/wp-json\/wp\/v2\/media\/95972"}],"wp:attachment":[{"href":"https:\/\/www.leselfes.com\/pt-br\/wp-json\/wp\/v2\/media?parent=95986"}],"wp:term":[{"taxonomy":"category","embeddable":true,"href":"https:\/\/www.leselfes.com\/pt-br\/wp-json\/wp\/v2\/categories?post=95986"},{"taxonomy":"post_tag","embeddable":true,"href":"https:\/\/www.leselfes.com\/pt-br\/wp-json\/wp\/v2\/tags?post=95986"}],"curies":[{"name":"wp","href":"https:\/\/api.w.org\/{rel}","templated":true}]}}