{"id":96046,"date":"2025-01-07T09:12:42","date_gmt":"2025-01-07T08:12:42","guid":{"rendered":"https:\/\/www.leselfes.com\/10-motivos-para-voce-escolher-um-acampamento-de-inverno-na-suica\/"},"modified":"2025-02-18T11:04:22","modified_gmt":"2025-02-18T10:04:22","slug":"10-motivos-para-voce-escolher-um-acampamento-de-inverno-na-suica","status":"publish","type":"post","link":"https:\/\/www.leselfes.com\/pt-br\/10-motivos-para-voce-escolher-um-acampamento-de-inverno-na-suica\/","title":{"rendered":"10 motivos para voc\u00ea escolher um acampamento de inverno na Su\u00ed\u00e7a"},"content":{"rendered":"<p>A Su\u00ed\u00e7a, com suas paisagens de tirar o f\u00f4lego, renomadas <strong>esta\u00e7\u00f5es de esqui<\/strong> e rica cultura internacional, \u00e9 o destino ideal para um acampamento <strong>de inverno<\/strong> inesquec\u00edvel. Se voc\u00ea deseja introduzir seu filho nos esportes de inverno, incentivar o interc\u00e2mbio cultural ou desenvolver habilidades de lideran\u00e7a, um acampamento de inverno na Su\u00ed\u00e7a oferece tudo isso. Aqui, destacamos 10 raz\u00f5es convincentes pelas quais fam\u00edlias do mundo todo escolhem a Su\u00ed\u00e7a para uma experi\u00eancia enriquecedora em um acampamento de inverno.  <\/p>\n<h2>1. Instala\u00e7\u00f5es de esqui e snowboard de classe mundial<\/h2>\n<p>A Su\u00ed\u00e7a abriga algumas das mais famosas <strong>esta\u00e7\u00f5es de esqui<\/strong> do mundo, incluindo <strong>Verbier<\/strong>, <strong>Gstaad<\/strong> e <strong>Davos<\/strong>. Esses destinos oferecem pistas de alta qualidade para todos os n\u00edveis, desde iniciantes at\u00e9 esquiadores avan\u00e7ados. Os acampamentos de inverno su\u00ed\u00e7os geralmente incluem <strong>instru\u00e7\u00e3o<\/strong> profissional <strong>de esqui e snowboard<\/strong>, garantindo que os campistas desenvolvam suas habilidades com seguran\u00e7a e efic\u00e1cia sob a orienta\u00e7\u00e3o de instrutores treinados.  <\/p>\n<p>Os campistas podem contar com <strong>aulas<\/strong> di\u00e1rias <strong>de esqui<\/strong> e tempo supervisionado nas pistas, o que torna um acampamento de inverno na Su\u00ed\u00e7a uma oportunidade empolgante de experimentar o esqui e o snowboard. Em geral, os acampamentos tamb\u00e9m incluem <strong>aulas de snowboard<\/strong>, permitindo que os campistas explorem v\u00e1rios esportes de inverno com apoio profissional e um forte foco na seguran\u00e7a. <\/p>\n<h2>2. Ambiente deslumbrante dos Alpes su\u00ed\u00e7os<\/h2>\n<p>Com os majestosos <strong>Alpes su\u00ed\u00e7os<\/strong> como pano de fundo, os acampamentos de inverno na Su\u00ed\u00e7a oferecem um ambiente natural sem igual. Os picos cobertos de neve e as paisagens imaculadas proporcionam um cen\u00e1rio lindo e envolvente que eleva cada atividade ao ar livre, do esqui \u00e0 caminhada na neve. Localizados em \u00e1reas renomadas como <strong>Montreux<\/strong>, <strong>Gstaad<\/strong> e <strong>Verbier<\/strong>, os acampamentos su\u00ed\u00e7os oferecem aos campistas acesso direto a vistas de tirar o f\u00f4lego e uma experi\u00eancia de inverno verdadeiramente \u00fanica.  <\/p>\n<p>Al\u00e9m das pistas, muitos acampamentos incluem caminhadas na natureza, permitindo que os campistas explorem as trilhas alpinas e apreciem a beleza tranquila da Su\u00ed\u00e7a. Esse <strong>ambiente<\/strong> promove uma conex\u00e3o com a natureza, incentivando tanto a aventura quanto a reflex\u00e3o. <\/p>\n<h2>3. Uma comunidade multicultural e internacional<\/h2>\n<p>A posi\u00e7\u00e3o da Su\u00ed\u00e7a como centro cultural faz dela o local ideal para um acampamento <strong>de inverno internacional<\/strong>. Os acampamentos de inverno na Su\u00ed\u00e7a atraem estudantes de todo o mundo, criando uma atmosfera multicultural onde os campistas podem aprender sobre diferentes costumes, praticar novos idiomas e fazer amizades entre culturas. A comunidade diversificada promove a conscientiza\u00e7\u00e3o global e ensina os campistas a aceitarem as diferen\u00e7as.  <\/p>\n<p>Os programas geralmente incluem oportunidades <strong>de aprendizado de idiomas<\/strong>, com aulas em <strong>franc\u00eas<\/strong> ou <strong>ingl\u00eas<\/strong> para ajudar os campistas a melhorar suas habilidades de comunica\u00e7\u00e3o. Essa rica mistura cultural faz com que os acampamentos de inverno na Su\u00ed\u00e7a n\u00e3o sejam apenas uma experi\u00eancia divertida, mas tamb\u00e9m uma oportunidade para os campistas desenvolverem a compreens\u00e3o cultural e a profici\u00eancia no idioma. <\/p>\n<h2>4. Programas abrangentes de acampamento de inverno<\/h2>\n<p>Os acampamentos de inverno su\u00ed\u00e7os s\u00e3o conhecidos por seus <strong>programas de acampamento<\/strong> bem estruturados, oferecendo uma ampla gama de atividades que atendem a v\u00e1rios interesses e n\u00edveis de habilidade. Os programas incluem mais do que apenas esqui e snowboard; eles oferecem <strong>atividades ao ar livre<\/strong>, como patina\u00e7\u00e3o no gelo, caminhadas na neve e at\u00e9 mesmo a constru\u00e7\u00e3o de iglus. As atividades noturnas, como jogos em equipe, artes e of\u00edcios e shows de talentos, mant\u00eam os campistas envolvidos e os ajudam a desenvolver novas habilidades em um ambiente divertido.  <\/p>\n<p>Al\u00e9m de esportes, muitos acampamentos incorporam <strong>artes e artesanato<\/strong>, treinamento <strong>de lideran\u00e7a<\/strong> e oficinas de idiomas. As diversas atividades garantem que os campistas possam explorar diferentes interesses, ao mesmo tempo em que desenvolvem confian\u00e7a e aprendem habilidades valiosas para a vida. <\/p>\n<h2>5. Foco na seguran\u00e7a e no bem-estar<\/h2>\n<p>A seguran\u00e7a \u00e9 uma prioridade m\u00e1xima nos acampamentos de inverno na Su\u00ed\u00e7a. Os acampamentos contam com <strong>conselheiros<\/strong> e instrutores experientes, treinados para apoiar os campistas em todas as atividades. Com protocolos de seguran\u00e7a abrangentes em vigor, desde o uso do telef\u00e9rico at\u00e9 o snowboard supervisionado, os pais podem se sentir confiantes de que seus filhos est\u00e3o em um ambiente seguro. Muitos acampamentos realizam simula\u00e7\u00f5es de seguran\u00e7a e mant\u00eam proximidade com instala\u00e7\u00f5es m\u00e9dicas, garantindo acesso r\u00e1pido a cuidados, se necess\u00e1rio.   <\/p>\n<p>Al\u00e9m disso, os acampamentos s\u00e3o equipados com as instala\u00e7\u00f5es necess\u00e1rias, incluindo esta\u00e7\u00f5es de primeiros socorros e <strong>pessoal<\/strong> treinado no local o tempo todo, garantindo uma experi\u00eancia segura e sem preocupa\u00e7\u00f5es para os campistas e suas fam\u00edlias.<\/p>\n<h2>6. Lideran\u00e7a e desenvolvimento pessoal<\/h2>\n<p>Os acampamentos de inverno da Su\u00ed\u00e7a oferecem mais do que apenas esportes; eles se concentram no desenvolvimento de habilidades pessoais e de <strong>lideran\u00e7a<\/strong>. Por meio de atividades como exerc\u00edcios de forma\u00e7\u00e3o de equipes, projetos em grupo e defini\u00e7\u00e3o de metas individuais, os campistas desenvolvem resili\u00eancia, habilidades de comunica\u00e7\u00e3o e senso de responsabilidade. Muitos acampamentos integram o <strong>treinamento de lideran\u00e7a<\/strong> em seus programas di\u00e1rios, ajudando os jovens a crescer pessoal e socialmente.  <\/p>\n<p>Essas experi\u00eancias preparam os campistas para desafios futuros, ensinando-lhes habilidades valiosas em um ambiente estruturado e de apoio. Os programas s\u00e3o adaptados a cada faixa et\u00e1ria, desde <strong>os campistas de 8 a 14 anos<\/strong> at\u00e9 os adolescentes mais velhos, garantindo oportunidades de desenvolvimento adequadas para cada campista. <\/p>\n<h2>7. Programas adequados \u00e0 idade para todas as faixas et\u00e1rias<\/h2>\n<p>Os acampamentos de inverno na Su\u00ed\u00e7a atendem a uma variedade de faixas et\u00e1rias, oferecendo programas desenvolvidos para <strong>crian\u00e7as de 6 a 17 anos<\/strong>. Desde a introdu\u00e7\u00e3o ao esqui para crian\u00e7as menores at\u00e9 <strong>aulas de esqui<\/strong> mais avan\u00e7adas e atividades independentes para adolescentes, cada programa \u00e9 cuidadosamente adaptado para atender \u00e0s necessidades e habilidades de diferentes faixas et\u00e1rias. Os pais podem ter certeza de que cada crian\u00e7a est\u00e1 participando de atividades adequadas \u00e0 sua idade e n\u00edvel de habilidade.  <\/p>\n<p>Para <strong>grupos de jovens<\/strong> e adolescentes, os programas incluem atividades desafiadoras ao ar livre, oportunidades de explora\u00e7\u00e3o independente e workshops de lideran\u00e7a. Os campistas mais jovens se beneficiam de um ambiente de apoio onde podem fazer amigos, aprender novas habilidades e se divertir em um ambiente seguro. <\/p>\n<h2>8. Locais e instala\u00e7\u00f5es de acampamento de renome mundial<\/h2>\n<p>Os acampamentos de inverno su\u00ed\u00e7os est\u00e3o localizados em alguns dos locais mais deslumbrantes do mundo, com f\u00e1cil acesso aos principais destinos de esqui, como Verbier, Davos e Gstaad. Esses <strong>locais de acampamento<\/strong> oferecem uma combina\u00e7\u00e3o perfeita de beleza natural e instala\u00e7\u00f5es de alta qualidade, proporcionando aos campistas uma experi\u00eancia confort\u00e1vel e memor\u00e1vel. Os resorts incluem pistas bem conservadas, medidas de seguran\u00e7a avan\u00e7adas e excelentes instala\u00e7\u00f5es que aprimoram a experi\u00eancia do acampamento.  <\/p>\n<p>Os acampamentos geralmente oferecem op\u00e7\u00f5es <strong>de acomoda\u00e7\u00e3o<\/strong> modernas, completas com \u00e1reas comuns para reuni\u00f5es noturnas, uma <strong>cozinha<\/strong> que oferece refei\u00e7\u00f5es saud\u00e1veis e quartos totalmente equipados. Essas instala\u00e7\u00f5es garantem que os campistas tenham tudo o que precisam para aproveitar a estadia com conforto e estilo. <\/p>\n<h2>9. Excurs\u00f5es para explorar a cultura su\u00ed\u00e7a<\/h2>\n<p>Um dos aspectos exclusivos dos acampamentos de inverno su\u00ed\u00e7os \u00e9 a inclus\u00e3o de excurs\u00f5es culturais a locais ic\u00f4nicos da Su\u00ed\u00e7a. Muitos acampamentos organizam passeios de um dia para cidades e pontos de refer\u00eancia pr\u00f3ximos, como <strong>Montreux<\/strong>, a agitada cidade de Zurique ou locais hist\u00f3ricos ao redor do Lago Genebra. Essas viagens permitem que os campistas mergulhem na cultura su\u00ed\u00e7a, experimentem comidas tradicionais e aprendam sobre a hist\u00f3ria local.  <\/p>\n<p>Essas excurs\u00f5es acrescentam uma camada cultural \u00e0 experi\u00eancia do acampamento de inverno, proporcionando aos campistas uma compreens\u00e3o mais profunda do patrim\u00f4nio da Su\u00ed\u00e7a. Elas tamb\u00e9m proporcionam experi\u00eancias educacionais valiosas, tornando os acampamentos de inverno su\u00ed\u00e7os uma op\u00e7\u00e3o completa para fam\u00edlias que buscam aventura e enriquecimento cultural. <\/p>\n<h2>10. Mem\u00f3rias e amizades duradouras<\/h2>\n<p>Talvez o motivo mais convincente para voc\u00ea escolher um acampamento de inverno na Su\u00ed\u00e7a seja a <strong>inesquec\u00edvel experi\u00eancia de inverno<\/strong> que ele proporciona. Os participantes do acampamento saem com lembran\u00e7as preciosas, novos amigos de todo o mundo e habilidades que durar\u00e3o a vida inteira. Desde a conquista das pistas at\u00e9 o compartilhamento de hist\u00f3rias ao redor de uma fogueira, cada momento no acampamento contribui para uma experi\u00eancia repleta de alegria, crescimento e aventura.  <\/p>\n<p>Para muitos campistas, essas amizades e lembran\u00e7as continuam por muito tempo ap\u00f3s o t\u00e9rmino do acampamento, criando conex\u00f5es que abrangem pa\u00edses e culturas. Um acampamento de inverno na Su\u00ed\u00e7a realmente proporciona uma experi\u00eancia que \u00e9 t\u00e3o significativa quanto emocionante. <\/p>\n<h2>Descubra Les Elfes International<\/h2>\n<p>Se voc\u00ea est\u00e1 procurando um acampamento de inverno que combine todos esses benef\u00edcios em um s\u00f3 lugar, <strong>a Les Elfes International<\/strong> em Verbier \u00e9 a melhor op\u00e7\u00e3o. Conhecida por seus programas abrangentes e atmosfera multicultural, a Les Elfes oferece <strong>instru\u00e7\u00e3o de esqui e snowboard de<\/strong> alta qualidade, <strong>atividades noturnas<\/strong> envolventes e excurs\u00f5es cuidadosamente selecionadas. Com uma equipe dedicada e um forte foco na seguran\u00e7a, a Les Elfes garante que cada campista desfrute de uma experi\u00eancia enriquecedora nos Alpes Su\u00ed\u00e7os, tornando-a um dos principais destinos para fam\u00edlias em todo o mundo.  <\/p>\n","protected":false},"excerpt":{"rendered":"<p>A Su\u00ed\u00e7a, com suas paisagens de tirar o f\u00f4lego, renomadas esta\u00e7\u00f5es de esqui e rica cultura internacional, \u00e9 o destino ideal para um acampamento de inverno inesquec\u00edvel. Se voc\u00ea deseja&#8230;<\/p>\n","protected":false},"author":16,"featured_media":96028,"comment_status":"open","ping_status":"open","sticky":false,"template":"","format":"standard","meta":{"_acf_changed":false,"inline_featured_image":false,"footnotes":""},"categories":[1350,1351],"tags":[],"class_list":{"0":"post-96046","1":"post","2":"type-post","3":"status-publish","4":"format-standard","5":"has-post-thumbnail","7":"category-acampamento-de-inverno-pt-br","8":"category-artigos-pt-br"},"acf":[],"yoast_head":"<!-- This site is optimized with the Yoast SEO Premium plugin v24.2 (Yoast SEO v24.7) - https:\/\/yoast.com\/wordpress\/plugins\/seo\/ -->\n<title>10 motivos para voc\u00ea escolher um acampamento de inverno na Su\u00ed\u00e7a<\/title>\n<meta name=\"description\" content=\"Descubra por que um acampamento de inverno na Su\u00ed\u00e7a \u00e9 uma experi\u00eancia inesquec\u00edvel, com aulas de esqui e atividades multiculturais.\" \/>\n<meta name=\"robots\" content=\"index, follow, max-snippet:-1, max-image-preview:large, max-video-preview:-1\" \/>\n<link rel=\"canonical\" href=\"https:\/\/www.leselfes.com\/pt-br\/10-motivos-para-voce-escolher-um-acampamento-de-inverno-na-suica\/\" \/>\n<meta property=\"og:locale\" content=\"pt_BR\" \/>\n<meta property=\"og:type\" content=\"article\" \/>\n<meta property=\"og:title\" content=\"10 motivos para voc\u00ea escolher um acampamento de inverno na Su\u00ed\u00e7a\" \/>\n<meta property=\"og:description\" content=\"Descubra por que um acampamento de inverno na Su\u00ed\u00e7a \u00e9 uma experi\u00eancia inesquec\u00edvel, com aulas de esqui e atividades multiculturais.\" \/>\n<meta property=\"og:url\" content=\"https:\/\/www.leselfes.com\/pt-br\/10-motivos-para-voce-escolher-um-acampamento-de-inverno-na-suica\/\" \/>\n<meta property=\"og:site_name\" content=\"Les Elfes International Camps Switzerland\" \/>\n<meta property=\"article:publisher\" content=\"https:\/\/www.facebook.com\/LesElfesVerbier\" \/>\n<meta property=\"article:published_time\" content=\"2025-01-07T08:12:42+00:00\" \/>\n<meta property=\"article:modified_time\" content=\"2025-02-18T10:04:22+00:00\" \/>\n<meta property=\"og:image\" content=\"https:\/\/www.leselfes.com\/wp-content\/uploads\/2025\/01\/Sledging.jpg\" \/>\n\t<meta property=\"og:image:width\" content=\"1824\" \/>\n\t<meta property=\"og:image:height\" content=\"1368\" \/>\n\t<meta property=\"og:image:type\" content=\"image\/jpeg\" \/>\n<meta name=\"author\" content=\"Matthieu Perard\" \/>\n<meta name=\"twitter:card\" content=\"summary_large_image\" \/>\n<meta name=\"twitter:creator\" content=\"@LesElfesCamps\" \/>\n<meta name=\"twitter:site\" content=\"@LesElfesCamps\" \/>\n<meta name=\"twitter:label1\" content=\"Escrito por\" \/>\n\t<meta name=\"twitter:data1\" content=\"Matthieu Perard\" \/>\n\t<meta name=\"twitter:label2\" content=\"Est. tempo de leitura\" \/>\n\t<meta name=\"twitter:data2\" content=\"8 minutos\" \/>\n<script type=\"application\/ld+json\" class=\"yoast-schema-graph\">{\"@context\":\"https:\/\/schema.org\",\"@graph\":[{\"@type\":\"Article\",\"@id\":\"https:\/\/www.leselfes.com\/pt-br\/10-motivos-para-voce-escolher-um-acampamento-de-inverno-na-suica\/#article\",\"isPartOf\":{\"@id\":\"https:\/\/www.leselfes.com\/pt-br\/10-motivos-para-voce-escolher-um-acampamento-de-inverno-na-suica\/\"},\"author\":{\"name\":\"Matthieu Perard\",\"@id\":\"https:\/\/dev.leselfes.com\/#\/schema\/person\/7ac5f99a7f3c597105fe663a00bdf6d6\"},\"headline\":\"10 motivos para voc\u00ea escolher um acampamento de inverno na Su\u00ed\u00e7a\",\"datePublished\":\"2025-01-07T08:12:42+00:00\",\"dateModified\":\"2025-02-18T10:04:22+00:00\",\"mainEntityOfPage\":{\"@id\":\"https:\/\/www.leselfes.com\/pt-br\/10-motivos-para-voce-escolher-um-acampamento-de-inverno-na-suica\/\"},\"wordCount\":1597,\"commentCount\":0,\"publisher\":{\"@id\":\"https:\/\/dev.leselfes.com\/#organization\"},\"image\":{\"@id\":\"https:\/\/www.leselfes.com\/pt-br\/10-motivos-para-voce-escolher-um-acampamento-de-inverno-na-suica\/#primaryimage\"},\"thumbnailUrl\":\"https:\/\/www.leselfes.com\/wp-content\/uploads\/2025\/01\/Sledging.jpg\",\"articleSection\":[\"Acampamento de inverno\",\"Artigos\"],\"inLanguage\":\"pt-BR\",\"potentialAction\":[{\"@type\":\"CommentAction\",\"name\":\"Comment\",\"target\":[\"https:\/\/www.leselfes.com\/pt-br\/10-motivos-para-voce-escolher-um-acampamento-de-inverno-na-suica\/#respond\"]}]},{\"@type\":\"WebPage\",\"@id\":\"https:\/\/www.leselfes.com\/pt-br\/10-motivos-para-voce-escolher-um-acampamento-de-inverno-na-suica\/\",\"url\":\"https:\/\/www.leselfes.com\/pt-br\/10-motivos-para-voce-escolher-um-acampamento-de-inverno-na-suica\/\",\"name\":\"10 motivos para voc\u00ea escolher um acampamento de inverno na Su\u00ed\u00e7a\",\"isPartOf\":{\"@id\":\"https:\/\/dev.leselfes.com\/#website\"},\"primaryImageOfPage\":{\"@id\":\"https:\/\/www.leselfes.com\/pt-br\/10-motivos-para-voce-escolher-um-acampamento-de-inverno-na-suica\/#primaryimage\"},\"image\":{\"@id\":\"https:\/\/www.leselfes.com\/pt-br\/10-motivos-para-voce-escolher-um-acampamento-de-inverno-na-suica\/#primaryimage\"},\"thumbnailUrl\":\"https:\/\/www.leselfes.com\/wp-content\/uploads\/2025\/01\/Sledging.jpg\",\"datePublished\":\"2025-01-07T08:12:42+00:00\",\"dateModified\":\"2025-02-18T10:04:22+00:00\",\"description\":\"Descubra por que um acampamento de inverno na Su\u00ed\u00e7a \u00e9 uma experi\u00eancia inesquec\u00edvel, com aulas de esqui e atividades multiculturais.\",\"breadcrumb\":{\"@id\":\"https:\/\/www.leselfes.com\/pt-br\/10-motivos-para-voce-escolher-um-acampamento-de-inverno-na-suica\/#breadcrumb\"},\"inLanguage\":\"pt-BR\",\"potentialAction\":[{\"@type\":\"ReadAction\",\"target\":[\"https:\/\/www.leselfes.com\/pt-br\/10-motivos-para-voce-escolher-um-acampamento-de-inverno-na-suica\/\"]}]},{\"@type\":\"ImageObject\",\"inLanguage\":\"pt-BR\",\"@id\":\"https:\/\/www.leselfes.com\/pt-br\/10-motivos-para-voce-escolher-um-acampamento-de-inverno-na-suica\/#primaryimage\",\"url\":\"https:\/\/www.leselfes.com\/wp-content\/uploads\/2025\/01\/Sledging.jpg\",\"contentUrl\":\"https:\/\/www.leselfes.com\/wp-content\/uploads\/2025\/01\/Sledging.jpg\",\"width\":1824,\"height\":1368},{\"@type\":\"BreadcrumbList\",\"@id\":\"https:\/\/www.leselfes.com\/pt-br\/10-motivos-para-voce-escolher-um-acampamento-de-inverno-na-suica\/#breadcrumb\",\"itemListElement\":[{\"@type\":\"ListItem\",\"position\":1,\"name\":\"Home\",\"item\":\"https:\/\/www.leselfes.com\/pt-br\/\"},{\"@type\":\"ListItem\",\"position\":2,\"name\":\"10 motivos para voc\u00ea escolher um acampamento de inverno na Su\u00ed\u00e7a\"}]},{\"@type\":\"WebSite\",\"@id\":\"https:\/\/dev.leselfes.com\/#website\",\"url\":\"https:\/\/dev.leselfes.com\/\",\"name\":\"Les Elfes International\",\"description\":\"Les Elfes International, Verbier Switzerland. Summer Camp, Winter Camp, Spring Camps.\",\"publisher\":{\"@id\":\"https:\/\/dev.leselfes.com\/#organization\"},\"alternateName\":\"Les Elfes International\",\"potentialAction\":[{\"@type\":\"SearchAction\",\"target\":{\"@type\":\"EntryPoint\",\"urlTemplate\":\"https:\/\/dev.leselfes.com\/?s={search_term_string}\"},\"query-input\":{\"@type\":\"PropertyValueSpecification\",\"valueRequired\":true,\"valueName\":\"search_term_string\"}}],\"inLanguage\":\"pt-BR\"},{\"@type\":\"Organization\",\"@id\":\"https:\/\/dev.leselfes.com\/#organization\",\"name\":\"Les Elfes International\",\"alternateName\":\"Les Elfes International\",\"url\":\"https:\/\/dev.leselfes.com\/\",\"logo\":{\"@type\":\"ImageObject\",\"inLanguage\":\"pt-BR\",\"@id\":\"https:\/\/dev.leselfes.com\/#\/schema\/logo\/image\/\",\"url\":\"https:\/\/www.leselfes.com\/wp-content\/uploads\/2022\/03\/leselfes-logo.png\",\"contentUrl\":\"https:\/\/www.leselfes.com\/wp-content\/uploads\/2022\/03\/leselfes-logo.png\",\"width\":233,\"height\":51,\"caption\":\"Les Elfes International\"},\"image\":{\"@id\":\"https:\/\/dev.leselfes.com\/#\/schema\/logo\/image\/\"},\"sameAs\":[\"https:\/\/www.facebook.com\/LesElfesVerbier\",\"https:\/\/x.com\/LesElfesCamps\",\"https:\/\/www.instagram.com\/leselfes\",\"https:\/\/www.linkedin.com\/company\/les-elfes-international\",\"https:\/\/www.youtube.com\/user\/LesElfesVerbier\"]},{\"@type\":\"Person\",\"@id\":\"https:\/\/dev.leselfes.com\/#\/schema\/person\/7ac5f99a7f3c597105fe663a00bdf6d6\",\"name\":\"Matthieu Perard\",\"image\":{\"@type\":\"ImageObject\",\"inLanguage\":\"pt-BR\",\"@id\":\"https:\/\/dev.leselfes.com\/#\/schema\/person\/image\/\",\"url\":\"https:\/\/secure.gravatar.com\/avatar\/e368f5bd153d15a1ff42a4c64a46d1ef?s=96&d=mm&r=g\",\"contentUrl\":\"https:\/\/secure.gravatar.com\/avatar\/e368f5bd153d15a1ff42a4c64a46d1ef?s=96&d=mm&r=g\",\"caption\":\"Matthieu Perard\"},\"url\":\"https:\/\/www.leselfes.com\/pt-br\/author\/m-pierardnotostudio-ch\/\"}]}<\/script>\n<!-- \/ Yoast SEO Premium plugin. -->","yoast_head_json":{"title":"10 motivos para voc\u00ea escolher um acampamento de inverno na Su\u00ed\u00e7a","description":"Descubra por que um acampamento de inverno na Su\u00ed\u00e7a \u00e9 uma experi\u00eancia inesquec\u00edvel, com aulas de esqui e atividades multiculturais.","robots":{"index":"index","follow":"follow","max-snippet":"max-snippet:-1","max-image-preview":"max-image-preview:large","max-video-preview":"max-video-preview:-1"},"canonical":"https:\/\/www.leselfes.com\/pt-br\/10-motivos-para-voce-escolher-um-acampamento-de-inverno-na-suica\/","og_locale":"pt_BR","og_type":"article","og_title":"10 motivos para voc\u00ea escolher um acampamento de inverno na Su\u00ed\u00e7a","og_description":"Descubra por que um acampamento de inverno na Su\u00ed\u00e7a \u00e9 uma experi\u00eancia inesquec\u00edvel, com aulas de esqui e atividades multiculturais.","og_url":"https:\/\/www.leselfes.com\/pt-br\/10-motivos-para-voce-escolher-um-acampamento-de-inverno-na-suica\/","og_site_name":"Les Elfes International Camps Switzerland","article_publisher":"https:\/\/www.facebook.com\/LesElfesVerbier","article_published_time":"2025-01-07T08:12:42+00:00","article_modified_time":"2025-02-18T10:04:22+00:00","og_image":[{"width":1824,"height":1368,"url":"https:\/\/www.leselfes.com\/wp-content\/uploads\/2025\/01\/Sledging.jpg","type":"image\/jpeg"}],"author":"Matthieu Perard","twitter_card":"summary_large_image","twitter_creator":"@LesElfesCamps","twitter_site":"@LesElfesCamps","twitter_misc":{"Escrito por":"Matthieu Perard","Est. tempo de leitura":"8 minutos"},"schema":{"@context":"https:\/\/schema.org","@graph":[{"@type":"Article","@id":"https:\/\/www.leselfes.com\/pt-br\/10-motivos-para-voce-escolher-um-acampamento-de-inverno-na-suica\/#article","isPartOf":{"@id":"https:\/\/www.leselfes.com\/pt-br\/10-motivos-para-voce-escolher-um-acampamento-de-inverno-na-suica\/"},"author":{"name":"Matthieu Perard","@id":"https:\/\/dev.leselfes.com\/#\/schema\/person\/7ac5f99a7f3c597105fe663a00bdf6d6"},"headline":"10 motivos para voc\u00ea escolher um acampamento de inverno na Su\u00ed\u00e7a","datePublished":"2025-01-07T08:12:42+00:00","dateModified":"2025-02-18T10:04:22+00:00","mainEntityOfPage":{"@id":"https:\/\/www.leselfes.com\/pt-br\/10-motivos-para-voce-escolher-um-acampamento-de-inverno-na-suica\/"},"wordCount":1597,"commentCount":0,"publisher":{"@id":"https:\/\/dev.leselfes.com\/#organization"},"image":{"@id":"https:\/\/www.leselfes.com\/pt-br\/10-motivos-para-voce-escolher-um-acampamento-de-inverno-na-suica\/#primaryimage"},"thumbnailUrl":"https:\/\/www.leselfes.com\/wp-content\/uploads\/2025\/01\/Sledging.jpg","articleSection":["Acampamento de inverno","Artigos"],"inLanguage":"pt-BR","potentialAction":[{"@type":"CommentAction","name":"Comment","target":["https:\/\/www.leselfes.com\/pt-br\/10-motivos-para-voce-escolher-um-acampamento-de-inverno-na-suica\/#respond"]}]},{"@type":"WebPage","@id":"https:\/\/www.leselfes.com\/pt-br\/10-motivos-para-voce-escolher-um-acampamento-de-inverno-na-suica\/","url":"https:\/\/www.leselfes.com\/pt-br\/10-motivos-para-voce-escolher-um-acampamento-de-inverno-na-suica\/","name":"10 motivos para voc\u00ea escolher um acampamento de inverno na Su\u00ed\u00e7a","isPartOf":{"@id":"https:\/\/dev.leselfes.com\/#website"},"primaryImageOfPage":{"@id":"https:\/\/www.leselfes.com\/pt-br\/10-motivos-para-voce-escolher-um-acampamento-de-inverno-na-suica\/#primaryimage"},"image":{"@id":"https:\/\/www.leselfes.com\/pt-br\/10-motivos-para-voce-escolher-um-acampamento-de-inverno-na-suica\/#primaryimage"},"thumbnailUrl":"https:\/\/www.leselfes.com\/wp-content\/uploads\/2025\/01\/Sledging.jpg","datePublished":"2025-01-07T08:12:42+00:00","dateModified":"2025-02-18T10:04:22+00:00","description":"Descubra por que um acampamento de inverno na Su\u00ed\u00e7a \u00e9 uma experi\u00eancia inesquec\u00edvel, com aulas de esqui e atividades multiculturais.","breadcrumb":{"@id":"https:\/\/www.leselfes.com\/pt-br\/10-motivos-para-voce-escolher-um-acampamento-de-inverno-na-suica\/#breadcrumb"},"inLanguage":"pt-BR","potentialAction":[{"@type":"ReadAction","target":["https:\/\/www.leselfes.com\/pt-br\/10-motivos-para-voce-escolher-um-acampamento-de-inverno-na-suica\/"]}]},{"@type":"ImageObject","inLanguage":"pt-BR","@id":"https:\/\/www.leselfes.com\/pt-br\/10-motivos-para-voce-escolher-um-acampamento-de-inverno-na-suica\/#primaryimage","url":"https:\/\/www.leselfes.com\/wp-content\/uploads\/2025\/01\/Sledging.jpg","contentUrl":"https:\/\/www.leselfes.com\/wp-content\/uploads\/2025\/01\/Sledging.jpg","width":1824,"height":1368},{"@type":"BreadcrumbList","@id":"https:\/\/www.leselfes.com\/pt-br\/10-motivos-para-voce-escolher-um-acampamento-de-inverno-na-suica\/#breadcrumb","itemListElement":[{"@type":"ListItem","position":1,"name":"Home","item":"https:\/\/www.leselfes.com\/pt-br\/"},{"@type":"ListItem","position":2,"name":"10 motivos para voc\u00ea escolher um acampamento de inverno na Su\u00ed\u00e7a"}]},{"@type":"WebSite","@id":"https:\/\/dev.leselfes.com\/#website","url":"https:\/\/dev.leselfes.com\/","name":"Les Elfes International","description":"Les Elfes International, Verbier Switzerland. Summer Camp, Winter Camp, Spring Camps.","publisher":{"@id":"https:\/\/dev.leselfes.com\/#organization"},"alternateName":"Les Elfes International","potentialAction":[{"@type":"SearchAction","target":{"@type":"EntryPoint","urlTemplate":"https:\/\/dev.leselfes.com\/?s={search_term_string}"},"query-input":{"@type":"PropertyValueSpecification","valueRequired":true,"valueName":"search_term_string"}}],"inLanguage":"pt-BR"},{"@type":"Organization","@id":"https:\/\/dev.leselfes.com\/#organization","name":"Les Elfes International","alternateName":"Les Elfes International","url":"https:\/\/dev.leselfes.com\/","logo":{"@type":"ImageObject","inLanguage":"pt-BR","@id":"https:\/\/dev.leselfes.com\/#\/schema\/logo\/image\/","url":"https:\/\/www.leselfes.com\/wp-content\/uploads\/2022\/03\/leselfes-logo.png","contentUrl":"https:\/\/www.leselfes.com\/wp-content\/uploads\/2022\/03\/leselfes-logo.png","width":233,"height":51,"caption":"Les Elfes International"},"image":{"@id":"https:\/\/dev.leselfes.com\/#\/schema\/logo\/image\/"},"sameAs":["https:\/\/www.facebook.com\/LesElfesVerbier","https:\/\/x.com\/LesElfesCamps","https:\/\/www.instagram.com\/leselfes","https:\/\/www.linkedin.com\/company\/les-elfes-international","https:\/\/www.youtube.com\/user\/LesElfesVerbier"]},{"@type":"Person","@id":"https:\/\/dev.leselfes.com\/#\/schema\/person\/7ac5f99a7f3c597105fe663a00bdf6d6","name":"Matthieu Perard","image":{"@type":"ImageObject","inLanguage":"pt-BR","@id":"https:\/\/dev.leselfes.com\/#\/schema\/person\/image\/","url":"https:\/\/secure.gravatar.com\/avatar\/e368f5bd153d15a1ff42a4c64a46d1ef?s=96&d=mm&r=g","contentUrl":"https:\/\/secure.gravatar.com\/avatar\/e368f5bd153d15a1ff42a4c64a46d1ef?s=96&d=mm&r=g","caption":"Matthieu Perard"},"url":"https:\/\/www.leselfes.com\/pt-br\/author\/m-pierardnotostudio-ch\/"}]}},"_links":{"self":[{"href":"https:\/\/www.leselfes.com\/pt-br\/wp-json\/wp\/v2\/posts\/96046"}],"collection":[{"href":"https:\/\/www.leselfes.com\/pt-br\/wp-json\/wp\/v2\/posts"}],"about":[{"href":"https:\/\/www.leselfes.com\/pt-br\/wp-json\/wp\/v2\/types\/post"}],"author":[{"embeddable":true,"href":"https:\/\/www.leselfes.com\/pt-br\/wp-json\/wp\/v2\/users\/16"}],"replies":[{"embeddable":true,"href":"https:\/\/www.leselfes.com\/pt-br\/wp-json\/wp\/v2\/comments?post=96046"}],"version-history":[{"count":1,"href":"https:\/\/www.leselfes.com\/pt-br\/wp-json\/wp\/v2\/posts\/96046\/revisions"}],"predecessor-version":[{"id":109423,"href":"https:\/\/www.leselfes.com\/pt-br\/wp-json\/wp\/v2\/posts\/96046\/revisions\/109423"}],"wp:featuredmedia":[{"embeddable":true,"href":"https:\/\/www.leselfes.com\/pt-br\/wp-json\/wp\/v2\/media\/96028"}],"wp:attachment":[{"href":"https:\/\/www.leselfes.com\/pt-br\/wp-json\/wp\/v2\/media?parent=96046"}],"wp:term":[{"taxonomy":"category","embeddable":true,"href":"https:\/\/www.leselfes.com\/pt-br\/wp-json\/wp\/v2\/categories?post=96046"},{"taxonomy":"post_tag","embeddable":true,"href":"https:\/\/www.leselfes.com\/pt-br\/wp-json\/wp\/v2\/tags?post=96046"}],"curies":[{"name":"wp","href":"https:\/\/api.w.org\/{rel}","templated":true}]}}