{"id":96073,"date":"2025-01-07T09:14:18","date_gmt":"2025-01-07T08:14:18","guid":{"rendered":"https:\/\/www.leselfes.com\/explorando-a-magia-dos-acampamentos-de-inverno-suicos-uma-combinacao-perfeita-de-esqui-e-descoberta\/"},"modified":"2025-02-18T11:02:36","modified_gmt":"2025-02-18T10:02:36","slug":"explorando-a-magia-dos-acampamentos-de-inverno-suicos-uma-combinacao-perfeita-de-esqui-e-descoberta","status":"publish","type":"post","link":"https:\/\/www.leselfes.com\/pt-br\/explorando-a-magia-dos-acampamentos-de-inverno-suicos-uma-combinacao-perfeita-de-esqui-e-descoberta\/","title":{"rendered":"Explorando a magia do acampamento de inverno su\u00ed\u00e7o: uma combina\u00e7\u00e3o perfeita de esqui e descoberta"},"content":{"rendered":"<p>H\u00e1 algo verdadeiramente m\u00e1gico no inverno na Su\u00ed\u00e7a. Os picos cobertos de neve dos Alpes, o ar fresco da montanha e a atmosfera vibrante fazem dela o cen\u00e1rio perfeito para uma experi\u00eancia inesquec\u00edvel. Os acampamentos de inverno na Su\u00ed\u00e7a, como os oferecidos pela Les Elfes International, oferecem um programa incr\u00edvel em que os alunos podem mergulhar nos esportes de neve, explorar paisagens de tirar o f\u00f4lego e fazer amigos internacionais &#8211; tudo isso enquanto ganham confian\u00e7a e independ\u00eancia.  <\/p>\n<h2>Uma experi\u00eancia alpina inesquec\u00edvel<\/h2>\n<p>O acampamento de inverno su\u00ed\u00e7o foi projetado para oferecer mais do que apenas esqui e snowboard. Eles oferecem um programa hol\u00edstico que engloba crescimento pessoal, interc\u00e2mbio cultural e uma profunda aprecia\u00e7\u00e3o pelo ambiente natural. Localizados em destinos renomados como Verbier, Gstaad e Surval, esses acampamentos combinam a emo\u00e7\u00e3o ao ar livre com instala\u00e7\u00f5es de classe mundial e acomoda\u00e7\u00f5es confort\u00e1veis, o que os torna a escolha ideal para alunos de escolas do mundo todo.  <\/p>\n<ul>\n<li><strong>Locais de tirar o f\u00f4lego<\/strong>: Imagine voc\u00ea acordando com a vista de majestosos picos alpinos e vales cobertos de neve. A beleza dos Alpes su\u00ed\u00e7os cria uma atmosfera \u00fanica que energiza e inspira cada participante. Verbier, em particular, \u00e9 famosa por seu extenso terreno de esqui e pela cena p\u00f3s-esqui.  <\/li>\n<li><strong>Acesso \u00e0s melhores esta\u00e7\u00f5es de esqui<\/strong>: Os participantes t\u00eam a oportunidade de esquiar e praticar snowboard em alguns dos melhores resorts de esqui do mundo, com uma variedade de pistas adequadas para todos os n\u00edveis, desde \u00e1reas suaves para iniciantes at\u00e9 pistas desafiadoras para os mais avan\u00e7ados. Isso inclui aulas especializadas de snowboard para aqueles que desejam dominar novas t\u00e9cnicas. <\/li>\n<\/ul>\n<h2>Diversas atividades para todas as paix\u00f5es<\/h2>\n<p>Embora o esqui e o snowboard sejam fundamentais para o programa, o acampamento de inverno su\u00ed\u00e7o vai al\u00e9m das pistas e oferece uma ampla gama de atividades que atendem a diversos interesses e paix\u00f5es. Isso garante que cada aluno encontre algo de que goste e tenha a chance de explorar novos hobbies. <\/p>\n<h3>Dominando as pistas: Programas de esqui e snowboard<\/h3>\n<p>Os programas de esqui e snowboard s\u00e3o conduzidos por instrutores profissionais que personalizam as aulas de acordo com o n\u00edvel de habilidade de cada aluno. A seguran\u00e7a e a divers\u00e3o s\u00e3o fundamentais, e os instrutores usam t\u00e9cnicas de ensino comprovadas para tornar o aprendizado envolvente e eficaz. Os iniciantes come\u00e7am com habilidades b\u00e1sicas em pistas suaves, enquanto os esquiadores e praticantes de snowboard mais experientes enfrentam terrenos avan\u00e7ados e refinam suas t\u00e9cnicas, como carving e saltos de estilo livre.  <\/p>\n<p>Para aqueles que sonham em superar seus limites, as cl\u00ednicas especiais se concentram em habilidades avan\u00e7adas, como seguran\u00e7a fora de pista e truques de snow park. Ao final do acampamento, os alunos saem n\u00e3o apenas com habilidades aprimoradas, mas tamb\u00e9m com uma nova paix\u00e3o pelos esportes de neve. A ampla variedade de atividades garante que todas as crian\u00e7as, de 5 a 16 anos, possam participar e se sentir desafiadas.  <\/p>\n<h2>Aventura al\u00e9m das pistas<\/h2>\n<p>Al\u00e9m de esquiar e praticar snowboard, o programa inclui atividades que aproveitam ao m\u00e1ximo as maravilhas do inverno que os cercam. Isso inclui:<\/p>\n<ul>\n<li><strong>Caminhadas com raquetes de neve<\/strong>: As caminhadas guiadas com raquetes de neve permitem que os alunos explorem partes tranquilas e intocadas dos Alpes enquanto aprendem sobre a vida selvagem local e a ecologia das montanhas.<\/li>\n<li><strong>Patina\u00e7\u00e3o no gelo e h\u00f3quei<\/strong>: Seja deslizando em um lago congelado ou desfrutando de um jogo amig\u00e1vel de h\u00f3quei, essas atividades acrescentam variedade \u00e0 experi\u00eancia do acampamento.<\/li>\n<li><strong>Corridas de tren\u00f3<\/strong>: Um favorito entre os estudantes, o tren\u00f3 oferece divers\u00e3o pura e emocionante nas colinas nevadas.<\/li>\n<\/ul>\n<p>As noites s\u00e3o igualmente cheias de emo\u00e7\u00e3o. De noites tem\u00e1ticas e sess\u00f5es de artes e artesanato a apresenta\u00e7\u00f5es culturais e jogos de forma\u00e7\u00e3o de equipes, sempre h\u00e1 algo para se esperar. Essa mistura de atividades promove um senso de comunidade e garante que cada dia seja repleto de experi\u00eancias diversas. As atividades noturnas s\u00e3o projetadas para atender a diferentes interesses, tornando o programa geral verdadeiramente inesquec\u00edvel.   <\/p>\n<h2>Imers\u00e3o cultural e aprendizado de idiomas<\/h2>\n<p>Um dos aspectos mais enriquecedores do acampamento de inverno su\u00ed\u00e7o \u00e9 a oportunidade de se envolver no aprendizado cultural e de idiomas. Os alunos v\u00eam de todos os cantos do mundo, criando um ambiente verdadeiramente multicultural. Esse ambiente \u00e9 perfeito para voc\u00ea desenvolver habilidades lingu\u00edsticas e fazer amigos de diferentes culturas.  <\/p>\n<p>As aulas de idiomas em ingl\u00eas, franc\u00eas ou alem\u00e3o s\u00e3o oferecidas em um formato din\u00e2mico que enfatiza a comunica\u00e7\u00e3o e o uso pr\u00e1tico. Em vez do aprendizado tradicional em sala de aula, as aulas geralmente s\u00e3o integradas \u00e0s atividades di\u00e1rias, tornando a aquisi\u00e7\u00e3o do idioma natural e agrad\u00e1vel. Ao interagir com colegas em v\u00e1rios idiomas, os alunos aprimoram suas habilidades de comunica\u00e7\u00e3o e compreens\u00e3o cultural. A imers\u00e3o cultural se estende \u00e0 viv\u00eancia das tradi\u00e7\u00f5es locais em lugares como Montreux e \u00e0 explora\u00e7\u00e3o de eventos regionais.   <\/p>\n<h2>Aumento da independ\u00eancia e da lideran\u00e7a<\/h2>\n<p>O acampamento de inverno su\u00ed\u00e7o n\u00e3o se trata apenas de divers\u00e3o e esportes de neve; ele tamb\u00e9m oferece oportunidades de desenvolvimento pessoal. Estar longe de casa, em um ambiente seguro e solid\u00e1rio, ajuda os alunos a crescer em independ\u00eancia e autoconfian\u00e7a. Eles aprendem a navegar por novas experi\u00eancias, tomar decis\u00f5es e resolver problemas, tudo isso enquanto se sentem parte de uma comunidade atenciosa.  <\/p>\n<p>Muitos acampamentos oferecem programas de lideran\u00e7a para participantes mais velhos, com foco em habilidades como trabalho em equipe, comunica\u00e7\u00e3o e resili\u00eancia. Esses programas s\u00e3o elaborados para desafiar os adolescentes e ajud\u00e1-los a desenvolver qualidades que lhes ser\u00e3o \u00fateis no futuro. O ambiente estruturado, combinado com momentos de explora\u00e7\u00e3o livre, garante uma experi\u00eancia equilibrada que promove o crescimento pessoal e social. A Les Elfes International, por exemplo, enfatiza a lideran\u00e7a e a comunidade, garantindo que os alunos desenvolvam habilidades valiosas para a vida.   <\/p>\n<h2>Foco na seguran\u00e7a e no bem-estar<\/h2>\n<p>No centro de cada acampamento de inverno su\u00ed\u00e7o est\u00e1 o compromisso com a seguran\u00e7a e o bem-estar de cada participante. Os acampamentos seguem padr\u00f5es de seguran\u00e7a rigorosos, especialmente quando se trata de esportes de montanha. As crian\u00e7as est\u00e3o sempre equipadas com os mais modernos equipamentos de seguran\u00e7a, e os instrutores de esqui s\u00e3o treinados em primeiros socorros e conscientiza\u00e7\u00e3o sobre avalanches.  <\/p>\n<ul>\n<li><strong>Sa\u00fade e supervis\u00e3o<\/strong>: A equipe m\u00e9dica e os conselheiros treinados est\u00e3o \u00e0 disposi\u00e7\u00e3o 24 horas por dia, 7 dias por semana, para garantir que qualquer problema de sa\u00fade seja resolvido imediatamente. A alta propor\u00e7\u00e3o de funcion\u00e1rios por participante garante que cada crian\u00e7a receba aten\u00e7\u00e3o individual. <\/li>\n<li><strong>Refei\u00e7\u00f5es nutritivas e acomoda\u00e7\u00f5es<\/strong>: Refei\u00e7\u00f5es balanceadas e deliciosas mant\u00eam os alunos abastecidos para seus dias ativos. As necessidades diet\u00e9ticas especiais s\u00e3o cuidadosamente atendidas, e as acomoda\u00e7\u00f5es confort\u00e1veis garantem noites tranquilas. <\/li>\n<\/ul>\n<p>O bem-estar de cada crian\u00e7a vai al\u00e9m da seguran\u00e7a f\u00edsica. Os acampamentos tamb\u00e9m se concentram na cria\u00e7\u00e3o de um ambiente acolhedor e inclusivo, onde os alunos se sintam apoiados emocionalmente. Os orientadores s\u00e3o treinados para ajudar as crian\u00e7as que possam estar sentindo saudades de casa, garantindo que todos tenham uma experi\u00eancia positiva e memor\u00e1vel. A Pre-Fleuri e outras escolas renomadas enfatizam a cria\u00e7\u00e3o de um ambiente acolhedor.   <\/p>\n<h2>Criar mem\u00f3rias e amizades duradouras<\/h2>\n<p>Talvez o aspecto mais apreciado de um acampamento de inverno na Su\u00ed\u00e7a seja o senso de camaradagem e conex\u00e3o que se desenvolve entre os alunos. Seja torcendo uns pelos outros durante uma corrida de esqui, compartilhando hist\u00f3rias junto \u00e0 lareira ou trabalhando juntos em um desafio de equipe, essas experi\u00eancias compartilhadas criam la\u00e7os que geralmente duram a vida toda. Os alunos desfrutam de momentos de apr\u00e8s-ski em belos cen\u00e1rios de resort, aumentando a magia de sua estada.  <\/p>\n<p>Eles saem com mais do que habilidades e lembran\u00e7as; saem com um senso de realiza\u00e7\u00e3o e uma rede global de amigos. Muitos retornam ano ap\u00f3s ano, ansiosos para se reunir com seus amigos internacionais e continuar suas descobertas alpinas. Os programas variados e empolgantes, incluindo viagens de esqui e excurs\u00f5es a destinos pr\u00f3ximos, garantem que cada semana seja uma experi\u00eancia nova e enriquecedora.  <\/p>\n<h2>Como se inscrever para uma experi\u00eancia de inverno inesquec\u00edvel<\/h2>\n<p>Voc\u00ea est\u00e1 pronto para dar ao seu filho o presente de um acampamento de inverno su\u00ed\u00e7o m\u00e1gico? A inscri\u00e7\u00e3o \u00e9 simples, mas as vagas se esgotam rapidamente. Certifique-se de garantir sua vaga e comece a se preparar para um inverno cheio de emo\u00e7\u00e3o, crescimento e descobertas. Clique no link abaixo para saber mais:   <\/p>\n<p><a href=\"https:\/\/www.leselfes.com\/winter-camp\/enrol\/\" target=\"_blank\" rel=\"noopener\"><strong>Inscreva-se hoje em um acampamento de inverno<\/strong><\/a><\/p>\n<p>&nbsp;<\/p>\n","protected":false},"excerpt":{"rendered":"<p>H\u00e1 algo verdadeiramente m\u00e1gico no inverno na Su\u00ed\u00e7a. Os picos cobertos de neve dos Alpes, o ar fresco da montanha e a atmosfera vibrante fazem dela o cen\u00e1rio perfeito para&#8230;<\/p>\n","protected":false},"author":16,"featured_media":96055,"comment_status":"open","ping_status":"open","sticky":false,"template":"","format":"standard","meta":{"_acf_changed":false,"inline_featured_image":false,"footnotes":""},"categories":[1350,1351],"tags":[],"class_list":{"0":"post-96073","1":"post","2":"type-post","3":"status-publish","4":"format-standard","5":"has-post-thumbnail","7":"category-acampamento-de-inverno-pt-br","8":"category-artigos-pt-br"},"acf":[],"yoast_head":"<!-- This site is optimized with the Yoast SEO Premium plugin v24.2 (Yoast SEO v24.7) - https:\/\/yoast.com\/wordpress\/plugins\/seo\/ -->\n<title>Explorando a magia dos acampamentos de inverno su\u00ed\u00e7os<\/title>\n<meta name=\"description\" content=\"A magia dos acampamentos de inverno su\u00ed\u00e7os, onde esqui, snowboard e experi\u00eancias culturais criam uma experi\u00eancia inesquec\u00edvel.\" \/>\n<meta name=\"robots\" content=\"index, follow, max-snippet:-1, max-image-preview:large, max-video-preview:-1\" \/>\n<link rel=\"canonical\" href=\"https:\/\/www.leselfes.com\/pt-br\/explorando-a-magia-dos-acampamentos-de-inverno-suicos-uma-combinacao-perfeita-de-esqui-e-descoberta\/\" \/>\n<meta property=\"og:locale\" content=\"pt_BR\" \/>\n<meta property=\"og:type\" content=\"article\" \/>\n<meta property=\"og:title\" content=\"Explorando a magia do acampamento de inverno su\u00ed\u00e7o: uma combina\u00e7\u00e3o perfeita de esqui e descoberta\" \/>\n<meta property=\"og:description\" content=\"A magia dos acampamentos de inverno su\u00ed\u00e7os, onde esqui, snowboard e experi\u00eancias culturais criam uma experi\u00eancia inesquec\u00edvel.\" \/>\n<meta property=\"og:url\" content=\"https:\/\/www.leselfes.com\/pt-br\/explorando-a-magia-dos-acampamentos-de-inverno-suicos-uma-combinacao-perfeita-de-esqui-e-descoberta\/\" \/>\n<meta property=\"og:site_name\" content=\"Les Elfes International Camps Switzerland\" \/>\n<meta property=\"article:publisher\" content=\"https:\/\/www.facebook.com\/LesElfesVerbier\" \/>\n<meta property=\"article:published_time\" content=\"2025-01-07T08:14:18+00:00\" \/>\n<meta property=\"article:modified_time\" content=\"2025-02-18T10:02:36+00:00\" \/>\n<meta property=\"og:image\" content=\"https:\/\/www.leselfes.com\/wp-content\/uploads\/2025\/01\/exploring.jpg\" \/>\n\t<meta property=\"og:image:width\" content=\"1920\" \/>\n\t<meta property=\"og:image:height\" content=\"550\" \/>\n\t<meta property=\"og:image:type\" content=\"image\/jpeg\" \/>\n<meta name=\"author\" content=\"Matthieu Perard\" \/>\n<meta name=\"twitter:card\" content=\"summary_large_image\" \/>\n<meta name=\"twitter:creator\" content=\"@LesElfesCamps\" \/>\n<meta name=\"twitter:site\" content=\"@LesElfesCamps\" \/>\n<meta name=\"twitter:label1\" content=\"Escrito por\" \/>\n\t<meta name=\"twitter:data1\" content=\"Matthieu Perard\" \/>\n\t<meta name=\"twitter:label2\" content=\"Est. tempo de leitura\" \/>\n\t<meta name=\"twitter:data2\" content=\"8 minutos\" \/>\n<script type=\"application\/ld+json\" class=\"yoast-schema-graph\">{\"@context\":\"https:\/\/schema.org\",\"@graph\":[{\"@type\":\"Article\",\"@id\":\"https:\/\/www.leselfes.com\/pt-br\/explorando-a-magia-dos-acampamentos-de-inverno-suicos-uma-combinacao-perfeita-de-esqui-e-descoberta\/#article\",\"isPartOf\":{\"@id\":\"https:\/\/www.leselfes.com\/pt-br\/explorando-a-magia-dos-acampamentos-de-inverno-suicos-uma-combinacao-perfeita-de-esqui-e-descoberta\/\"},\"author\":{\"name\":\"Matthieu Perard\",\"@id\":\"https:\/\/dev.leselfes.com\/#\/schema\/person\/7ac5f99a7f3c597105fe663a00bdf6d6\"},\"headline\":\"Explorando a magia do acampamento de inverno su\u00ed\u00e7o: uma combina\u00e7\u00e3o perfeita de esqui e descoberta\",\"datePublished\":\"2025-01-07T08:14:18+00:00\",\"dateModified\":\"2025-02-18T10:02:36+00:00\",\"mainEntityOfPage\":{\"@id\":\"https:\/\/www.leselfes.com\/pt-br\/explorando-a-magia-dos-acampamentos-de-inverno-suicos-uma-combinacao-perfeita-de-esqui-e-descoberta\/\"},\"wordCount\":1541,\"commentCount\":0,\"publisher\":{\"@id\":\"https:\/\/dev.leselfes.com\/#organization\"},\"image\":{\"@id\":\"https:\/\/www.leselfes.com\/pt-br\/explorando-a-magia-dos-acampamentos-de-inverno-suicos-uma-combinacao-perfeita-de-esqui-e-descoberta\/#primaryimage\"},\"thumbnailUrl\":\"https:\/\/www.leselfes.com\/wp-content\/uploads\/2025\/01\/exploring.jpg\",\"articleSection\":[\"Acampamento de inverno\",\"Artigos\"],\"inLanguage\":\"pt-BR\",\"potentialAction\":[{\"@type\":\"CommentAction\",\"name\":\"Comment\",\"target\":[\"https:\/\/www.leselfes.com\/pt-br\/explorando-a-magia-dos-acampamentos-de-inverno-suicos-uma-combinacao-perfeita-de-esqui-e-descoberta\/#respond\"]}]},{\"@type\":\"WebPage\",\"@id\":\"https:\/\/www.leselfes.com\/pt-br\/explorando-a-magia-dos-acampamentos-de-inverno-suicos-uma-combinacao-perfeita-de-esqui-e-descoberta\/\",\"url\":\"https:\/\/www.leselfes.com\/pt-br\/explorando-a-magia-dos-acampamentos-de-inverno-suicos-uma-combinacao-perfeita-de-esqui-e-descoberta\/\",\"name\":\"Explorando a magia dos acampamentos de inverno su\u00ed\u00e7os\",\"isPartOf\":{\"@id\":\"https:\/\/dev.leselfes.com\/#website\"},\"primaryImageOfPage\":{\"@id\":\"https:\/\/www.leselfes.com\/pt-br\/explorando-a-magia-dos-acampamentos-de-inverno-suicos-uma-combinacao-perfeita-de-esqui-e-descoberta\/#primaryimage\"},\"image\":{\"@id\":\"https:\/\/www.leselfes.com\/pt-br\/explorando-a-magia-dos-acampamentos-de-inverno-suicos-uma-combinacao-perfeita-de-esqui-e-descoberta\/#primaryimage\"},\"thumbnailUrl\":\"https:\/\/www.leselfes.com\/wp-content\/uploads\/2025\/01\/exploring.jpg\",\"datePublished\":\"2025-01-07T08:14:18+00:00\",\"dateModified\":\"2025-02-18T10:02:36+00:00\",\"description\":\"A magia dos acampamentos de inverno su\u00ed\u00e7os, onde esqui, snowboard e experi\u00eancias culturais criam uma experi\u00eancia inesquec\u00edvel.\",\"breadcrumb\":{\"@id\":\"https:\/\/www.leselfes.com\/pt-br\/explorando-a-magia-dos-acampamentos-de-inverno-suicos-uma-combinacao-perfeita-de-esqui-e-descoberta\/#breadcrumb\"},\"inLanguage\":\"pt-BR\",\"potentialAction\":[{\"@type\":\"ReadAction\",\"target\":[\"https:\/\/www.leselfes.com\/pt-br\/explorando-a-magia-dos-acampamentos-de-inverno-suicos-uma-combinacao-perfeita-de-esqui-e-descoberta\/\"]}]},{\"@type\":\"ImageObject\",\"inLanguage\":\"pt-BR\",\"@id\":\"https:\/\/www.leselfes.com\/pt-br\/explorando-a-magia-dos-acampamentos-de-inverno-suicos-uma-combinacao-perfeita-de-esqui-e-descoberta\/#primaryimage\",\"url\":\"https:\/\/www.leselfes.com\/wp-content\/uploads\/2025\/01\/exploring.jpg\",\"contentUrl\":\"https:\/\/www.leselfes.com\/wp-content\/uploads\/2025\/01\/exploring.jpg\",\"width\":1920,\"height\":550},{\"@type\":\"BreadcrumbList\",\"@id\":\"https:\/\/www.leselfes.com\/pt-br\/explorando-a-magia-dos-acampamentos-de-inverno-suicos-uma-combinacao-perfeita-de-esqui-e-descoberta\/#breadcrumb\",\"itemListElement\":[{\"@type\":\"ListItem\",\"position\":1,\"name\":\"Home\",\"item\":\"https:\/\/www.leselfes.com\/pt-br\/\"},{\"@type\":\"ListItem\",\"position\":2,\"name\":\"Explorando a magia do acampamento de inverno su\u00ed\u00e7o: uma combina\u00e7\u00e3o perfeita de esqui e descoberta\"}]},{\"@type\":\"WebSite\",\"@id\":\"https:\/\/dev.leselfes.com\/#website\",\"url\":\"https:\/\/dev.leselfes.com\/\",\"name\":\"Les Elfes International\",\"description\":\"Les Elfes International, Verbier Switzerland. Summer Camp, Winter Camp, Spring Camps.\",\"publisher\":{\"@id\":\"https:\/\/dev.leselfes.com\/#organization\"},\"alternateName\":\"Les Elfes International\",\"potentialAction\":[{\"@type\":\"SearchAction\",\"target\":{\"@type\":\"EntryPoint\",\"urlTemplate\":\"https:\/\/dev.leselfes.com\/?s={search_term_string}\"},\"query-input\":{\"@type\":\"PropertyValueSpecification\",\"valueRequired\":true,\"valueName\":\"search_term_string\"}}],\"inLanguage\":\"pt-BR\"},{\"@type\":\"Organization\",\"@id\":\"https:\/\/dev.leselfes.com\/#organization\",\"name\":\"Les Elfes International\",\"alternateName\":\"Les Elfes International\",\"url\":\"https:\/\/dev.leselfes.com\/\",\"logo\":{\"@type\":\"ImageObject\",\"inLanguage\":\"pt-BR\",\"@id\":\"https:\/\/dev.leselfes.com\/#\/schema\/logo\/image\/\",\"url\":\"https:\/\/www.leselfes.com\/wp-content\/uploads\/2022\/03\/leselfes-logo.png\",\"contentUrl\":\"https:\/\/www.leselfes.com\/wp-content\/uploads\/2022\/03\/leselfes-logo.png\",\"width\":233,\"height\":51,\"caption\":\"Les Elfes International\"},\"image\":{\"@id\":\"https:\/\/dev.leselfes.com\/#\/schema\/logo\/image\/\"},\"sameAs\":[\"https:\/\/www.facebook.com\/LesElfesVerbier\",\"https:\/\/x.com\/LesElfesCamps\",\"https:\/\/www.instagram.com\/leselfes\",\"https:\/\/www.linkedin.com\/company\/les-elfes-international\",\"https:\/\/www.youtube.com\/user\/LesElfesVerbier\"]},{\"@type\":\"Person\",\"@id\":\"https:\/\/dev.leselfes.com\/#\/schema\/person\/7ac5f99a7f3c597105fe663a00bdf6d6\",\"name\":\"Matthieu Perard\",\"image\":{\"@type\":\"ImageObject\",\"inLanguage\":\"pt-BR\",\"@id\":\"https:\/\/dev.leselfes.com\/#\/schema\/person\/image\/\",\"url\":\"https:\/\/secure.gravatar.com\/avatar\/e368f5bd153d15a1ff42a4c64a46d1ef?s=96&d=mm&r=g\",\"contentUrl\":\"https:\/\/secure.gravatar.com\/avatar\/e368f5bd153d15a1ff42a4c64a46d1ef?s=96&d=mm&r=g\",\"caption\":\"Matthieu Perard\"},\"url\":\"https:\/\/www.leselfes.com\/pt-br\/author\/m-pierardnotostudio-ch\/\"}]}<\/script>\n<!-- \/ Yoast SEO Premium plugin. -->","yoast_head_json":{"title":"Explorando a magia dos acampamentos de inverno su\u00ed\u00e7os","description":"A magia dos acampamentos de inverno su\u00ed\u00e7os, onde esqui, snowboard e experi\u00eancias culturais criam uma experi\u00eancia inesquec\u00edvel.","robots":{"index":"index","follow":"follow","max-snippet":"max-snippet:-1","max-image-preview":"max-image-preview:large","max-video-preview":"max-video-preview:-1"},"canonical":"https:\/\/www.leselfes.com\/pt-br\/explorando-a-magia-dos-acampamentos-de-inverno-suicos-uma-combinacao-perfeita-de-esqui-e-descoberta\/","og_locale":"pt_BR","og_type":"article","og_title":"Explorando a magia do acampamento de inverno su\u00ed\u00e7o: uma combina\u00e7\u00e3o perfeita de esqui e descoberta","og_description":"A magia dos acampamentos de inverno su\u00ed\u00e7os, onde esqui, snowboard e experi\u00eancias culturais criam uma experi\u00eancia inesquec\u00edvel.","og_url":"https:\/\/www.leselfes.com\/pt-br\/explorando-a-magia-dos-acampamentos-de-inverno-suicos-uma-combinacao-perfeita-de-esqui-e-descoberta\/","og_site_name":"Les Elfes International Camps Switzerland","article_publisher":"https:\/\/www.facebook.com\/LesElfesVerbier","article_published_time":"2025-01-07T08:14:18+00:00","article_modified_time":"2025-02-18T10:02:36+00:00","og_image":[{"width":1920,"height":550,"url":"https:\/\/www.leselfes.com\/wp-content\/uploads\/2025\/01\/exploring.jpg","type":"image\/jpeg"}],"author":"Matthieu Perard","twitter_card":"summary_large_image","twitter_creator":"@LesElfesCamps","twitter_site":"@LesElfesCamps","twitter_misc":{"Escrito por":"Matthieu Perard","Est. tempo de leitura":"8 minutos"},"schema":{"@context":"https:\/\/schema.org","@graph":[{"@type":"Article","@id":"https:\/\/www.leselfes.com\/pt-br\/explorando-a-magia-dos-acampamentos-de-inverno-suicos-uma-combinacao-perfeita-de-esqui-e-descoberta\/#article","isPartOf":{"@id":"https:\/\/www.leselfes.com\/pt-br\/explorando-a-magia-dos-acampamentos-de-inverno-suicos-uma-combinacao-perfeita-de-esqui-e-descoberta\/"},"author":{"name":"Matthieu Perard","@id":"https:\/\/dev.leselfes.com\/#\/schema\/person\/7ac5f99a7f3c597105fe663a00bdf6d6"},"headline":"Explorando a magia do acampamento de inverno su\u00ed\u00e7o: uma combina\u00e7\u00e3o perfeita de esqui e descoberta","datePublished":"2025-01-07T08:14:18+00:00","dateModified":"2025-02-18T10:02:36+00:00","mainEntityOfPage":{"@id":"https:\/\/www.leselfes.com\/pt-br\/explorando-a-magia-dos-acampamentos-de-inverno-suicos-uma-combinacao-perfeita-de-esqui-e-descoberta\/"},"wordCount":1541,"commentCount":0,"publisher":{"@id":"https:\/\/dev.leselfes.com\/#organization"},"image":{"@id":"https:\/\/www.leselfes.com\/pt-br\/explorando-a-magia-dos-acampamentos-de-inverno-suicos-uma-combinacao-perfeita-de-esqui-e-descoberta\/#primaryimage"},"thumbnailUrl":"https:\/\/www.leselfes.com\/wp-content\/uploads\/2025\/01\/exploring.jpg","articleSection":["Acampamento de inverno","Artigos"],"inLanguage":"pt-BR","potentialAction":[{"@type":"CommentAction","name":"Comment","target":["https:\/\/www.leselfes.com\/pt-br\/explorando-a-magia-dos-acampamentos-de-inverno-suicos-uma-combinacao-perfeita-de-esqui-e-descoberta\/#respond"]}]},{"@type":"WebPage","@id":"https:\/\/www.leselfes.com\/pt-br\/explorando-a-magia-dos-acampamentos-de-inverno-suicos-uma-combinacao-perfeita-de-esqui-e-descoberta\/","url":"https:\/\/www.leselfes.com\/pt-br\/explorando-a-magia-dos-acampamentos-de-inverno-suicos-uma-combinacao-perfeita-de-esqui-e-descoberta\/","name":"Explorando a magia dos acampamentos de inverno su\u00ed\u00e7os","isPartOf":{"@id":"https:\/\/dev.leselfes.com\/#website"},"primaryImageOfPage":{"@id":"https:\/\/www.leselfes.com\/pt-br\/explorando-a-magia-dos-acampamentos-de-inverno-suicos-uma-combinacao-perfeita-de-esqui-e-descoberta\/#primaryimage"},"image":{"@id":"https:\/\/www.leselfes.com\/pt-br\/explorando-a-magia-dos-acampamentos-de-inverno-suicos-uma-combinacao-perfeita-de-esqui-e-descoberta\/#primaryimage"},"thumbnailUrl":"https:\/\/www.leselfes.com\/wp-content\/uploads\/2025\/01\/exploring.jpg","datePublished":"2025-01-07T08:14:18+00:00","dateModified":"2025-02-18T10:02:36+00:00","description":"A magia dos acampamentos de inverno su\u00ed\u00e7os, onde esqui, snowboard e experi\u00eancias culturais criam uma experi\u00eancia inesquec\u00edvel.","breadcrumb":{"@id":"https:\/\/www.leselfes.com\/pt-br\/explorando-a-magia-dos-acampamentos-de-inverno-suicos-uma-combinacao-perfeita-de-esqui-e-descoberta\/#breadcrumb"},"inLanguage":"pt-BR","potentialAction":[{"@type":"ReadAction","target":["https:\/\/www.leselfes.com\/pt-br\/explorando-a-magia-dos-acampamentos-de-inverno-suicos-uma-combinacao-perfeita-de-esqui-e-descoberta\/"]}]},{"@type":"ImageObject","inLanguage":"pt-BR","@id":"https:\/\/www.leselfes.com\/pt-br\/explorando-a-magia-dos-acampamentos-de-inverno-suicos-uma-combinacao-perfeita-de-esqui-e-descoberta\/#primaryimage","url":"https:\/\/www.leselfes.com\/wp-content\/uploads\/2025\/01\/exploring.jpg","contentUrl":"https:\/\/www.leselfes.com\/wp-content\/uploads\/2025\/01\/exploring.jpg","width":1920,"height":550},{"@type":"BreadcrumbList","@id":"https:\/\/www.leselfes.com\/pt-br\/explorando-a-magia-dos-acampamentos-de-inverno-suicos-uma-combinacao-perfeita-de-esqui-e-descoberta\/#breadcrumb","itemListElement":[{"@type":"ListItem","position":1,"name":"Home","item":"https:\/\/www.leselfes.com\/pt-br\/"},{"@type":"ListItem","position":2,"name":"Explorando a magia do acampamento de inverno su\u00ed\u00e7o: uma combina\u00e7\u00e3o perfeita de esqui e descoberta"}]},{"@type":"WebSite","@id":"https:\/\/dev.leselfes.com\/#website","url":"https:\/\/dev.leselfes.com\/","name":"Les Elfes International","description":"Les Elfes International, Verbier Switzerland. Summer Camp, Winter Camp, Spring Camps.","publisher":{"@id":"https:\/\/dev.leselfes.com\/#organization"},"alternateName":"Les Elfes International","potentialAction":[{"@type":"SearchAction","target":{"@type":"EntryPoint","urlTemplate":"https:\/\/dev.leselfes.com\/?s={search_term_string}"},"query-input":{"@type":"PropertyValueSpecification","valueRequired":true,"valueName":"search_term_string"}}],"inLanguage":"pt-BR"},{"@type":"Organization","@id":"https:\/\/dev.leselfes.com\/#organization","name":"Les Elfes International","alternateName":"Les Elfes International","url":"https:\/\/dev.leselfes.com\/","logo":{"@type":"ImageObject","inLanguage":"pt-BR","@id":"https:\/\/dev.leselfes.com\/#\/schema\/logo\/image\/","url":"https:\/\/www.leselfes.com\/wp-content\/uploads\/2022\/03\/leselfes-logo.png","contentUrl":"https:\/\/www.leselfes.com\/wp-content\/uploads\/2022\/03\/leselfes-logo.png","width":233,"height":51,"caption":"Les Elfes International"},"image":{"@id":"https:\/\/dev.leselfes.com\/#\/schema\/logo\/image\/"},"sameAs":["https:\/\/www.facebook.com\/LesElfesVerbier","https:\/\/x.com\/LesElfesCamps","https:\/\/www.instagram.com\/leselfes","https:\/\/www.linkedin.com\/company\/les-elfes-international","https:\/\/www.youtube.com\/user\/LesElfesVerbier"]},{"@type":"Person","@id":"https:\/\/dev.leselfes.com\/#\/schema\/person\/7ac5f99a7f3c597105fe663a00bdf6d6","name":"Matthieu Perard","image":{"@type":"ImageObject","inLanguage":"pt-BR","@id":"https:\/\/dev.leselfes.com\/#\/schema\/person\/image\/","url":"https:\/\/secure.gravatar.com\/avatar\/e368f5bd153d15a1ff42a4c64a46d1ef?s=96&d=mm&r=g","contentUrl":"https:\/\/secure.gravatar.com\/avatar\/e368f5bd153d15a1ff42a4c64a46d1ef?s=96&d=mm&r=g","caption":"Matthieu Perard"},"url":"https:\/\/www.leselfes.com\/pt-br\/author\/m-pierardnotostudio-ch\/"}]}},"_links":{"self":[{"href":"https:\/\/www.leselfes.com\/pt-br\/wp-json\/wp\/v2\/posts\/96073"}],"collection":[{"href":"https:\/\/www.leselfes.com\/pt-br\/wp-json\/wp\/v2\/posts"}],"about":[{"href":"https:\/\/www.leselfes.com\/pt-br\/wp-json\/wp\/v2\/types\/post"}],"author":[{"embeddable":true,"href":"https:\/\/www.leselfes.com\/pt-br\/wp-json\/wp\/v2\/users\/16"}],"replies":[{"embeddable":true,"href":"https:\/\/www.leselfes.com\/pt-br\/wp-json\/wp\/v2\/comments?post=96073"}],"version-history":[{"count":2,"href":"https:\/\/www.leselfes.com\/pt-br\/wp-json\/wp\/v2\/posts\/96073\/revisions"}],"predecessor-version":[{"id":109410,"href":"https:\/\/www.leselfes.com\/pt-br\/wp-json\/wp\/v2\/posts\/96073\/revisions\/109410"}],"wp:featuredmedia":[{"embeddable":true,"href":"https:\/\/www.leselfes.com\/pt-br\/wp-json\/wp\/v2\/media\/96055"}],"wp:attachment":[{"href":"https:\/\/www.leselfes.com\/pt-br\/wp-json\/wp\/v2\/media?parent=96073"}],"wp:term":[{"taxonomy":"category","embeddable":true,"href":"https:\/\/www.leselfes.com\/pt-br\/wp-json\/wp\/v2\/categories?post=96073"},{"taxonomy":"post_tag","embeddable":true,"href":"https:\/\/www.leselfes.com\/pt-br\/wp-json\/wp\/v2\/tags?post=96073"}],"curies":[{"name":"wp","href":"https:\/\/api.w.org\/{rel}","templated":true}]}}