{"id":96193,"date":"2025-01-07T09:17:41","date_gmt":"2025-01-07T08:17:41","guid":{"rendered":"https:\/\/www.leselfes.com\/que-atividades-sao-oferecidas-nos-acampamentos-de-verao\/"},"modified":"2025-02-18T10:58:59","modified_gmt":"2025-02-18T09:58:59","slug":"que-atividades-sao-oferecidas-nos-acampamentos-de-verao","status":"publish","type":"post","link":"https:\/\/www.leselfes.com\/pt-br\/que-atividades-sao-oferecidas-nos-acampamentos-de-verao\/","title":{"rendered":"Que atividades s\u00e3o oferecidas no acampamento de ver\u00e3o?"},"content":{"rendered":"[vc_row type=&#8221;in_container&#8221; full_screen_row_position=&#8221;middle&#8221; column_margin=&#8221;default&#8221; column_direction=&#8221;default&#8221; column_direction_tablet=&#8221;default&#8221; column_direction_phone=&#8221;default&#8221; scene_position=&#8221;center&#8221; text_color=&#8221;dark&#8221; text_align=&#8221;left&#8221; row_border_radius=&#8221;none&#8221; row_border_radius_applies=&#8221;bg&#8221; overflow=&#8221;visible&#8221; overlay_strength=&#8221;0.3&#8243; gradient_direction=&#8221;left_to_right&#8221; shape_divider_position=&#8221;bottom&#8221; bg_image_animation=&#8221;none&#8221;][vc_column column_padding=&#8221;no-extra-padding&#8221; column_padding_tablet=&#8221;inherit&#8221; column_padding_phone=&#8221;inherit&#8221; column_padding_position=&#8221;all&#8221; column_element_direction_desktop=&#8221;default&#8221; column_element_spacing=&#8221;default&#8221; desktop_text_alignment=&#8221;default&#8221; tablet_text_alignment=&#8221;default&#8221; phone_text_alignment=&#8221;default&#8221; background_color_opacity=&#8221;1&#8243; background_hover_color_opacity=&#8221;1&#8243; column_backdrop_filter=&#8221;none&#8221; column_shadow=&#8221;none&#8221; column_border_radius=&#8221;none&#8221; column_link_target=&#8221;_self&#8221; column_position=&#8221;default&#8221; gradient_direction=&#8221;left_to_right&#8221; overlay_strength=&#8221;0.3&#8243; width=&#8221;1\/1&#8243; tablet_width_inherit=&#8221;default&#8221; animation_type=&#8221;default&#8221; bg_image_animation=&#8221;none&#8221; border_type=&#8221;simple&#8221; column_border_width=&#8221;none&#8221; column_border_style=&#8221;solid&#8221;][vc_column_text css=&#8221;&#8221; text_direction=&#8221;default&#8221;]\n<header><\/header>\n<section>\n<h2>Uma experi\u00eancia inesquec\u00edvel de escola de ver\u00e3o na Su\u00ed\u00e7a<\/h2>\n<p>O acampamento de ver\u00e3o Les Elfes International, localizado no cora\u00e7\u00e3o dos pitorescos <strong>Alpes su\u00ed\u00e7os<\/strong>, proporciona uma experi\u00eancia verdadeiramente \u00fanica para crian\u00e7as e adolescentes. Esses acampamentos s\u00e3o cuidadosamente projetados para oferecer uma <strong>programa\u00e7\u00e3o repleta<\/strong> de aventura, educa\u00e7\u00e3o e imers\u00e3o cultural. Os alunos de 6 a 18 anos podem desfrutar de uma ampla variedade de atividades, desde explora\u00e7\u00e3o ao ar livre at\u00e9 oficinas criativas, garantindo que seu ver\u00e3o seja divertido e enriquecedor.  <\/p>\n<p>Os participantes da Les Elfes se beneficiam de um equil\u00edbrio entre atividades f\u00edsicas, programas de desenvolvimento pessoal e oportunidades de fazer <strong>amizades duradouras<\/strong>. Seja caminhando em trilhas alpinas, participando de exerc\u00edcios de lideran\u00e7a ou aprendendo um novo idioma, cada momento \u00e9 criado para inspirar e desafiar. <\/p>\n<p>Al\u00e9m das atividades, Les Elfes oferece uma atmosfera acolhedora e de apoio, garantindo que os campistas se sintam em casa enquanto desenvolvem sua confian\u00e7a e independ\u00eancia. Muitos retornam ano ap\u00f3s ano, ansiosos para se reconectar com os amigos, a equipe e as paisagens deslumbrantes de Verbier. <\/p>\n<\/section>\n<section>\n<h2>Atividades de aventura e ao ar livre nos Alpes su\u00ed\u00e7os<\/h2>\n<p>As atividades ao ar livre est\u00e3o no centro da experi\u00eancia Les Elfes, aproveitando ao m\u00e1ximo o ambiente de tirar o f\u00f4lego da Su\u00ed\u00e7a. Os deslumbrantes <strong>Alpes Su\u00ed\u00e7os<\/strong> servem como o melhor playground para os campistas, oferecendo uma ampla gama de aventuras que promovem o condicionamento f\u00edsico, o trabalho em equipe e o crescimento pessoal. Os destaques incluem:  <\/p>\n<ul>\n<li><strong>Caminhadas:<\/strong> Explore as trilhas alpinas e desfrute de vistas espetaculares das montanhas.<\/li>\n<li><strong>Passeios a cavalo:<\/strong> Descubra o interior da Su\u00ed\u00e7a a cavalo, uma experi\u00eancia que aumenta a confian\u00e7a e o apre\u00e7o pela natureza.<\/li>\n<li><strong>Escalada em rocha e tirolesa:<\/strong> Desafios cheios de emo\u00e7\u00e3o sob supervis\u00e3o profissional.<\/li>\n<li><strong>Esportes aqu\u00e1ticos no Lago Genebra:<\/strong> Atividades como caiaque, paddleboarding e nata\u00e7\u00e3o em um dos lagos mais bonitos da Europa.<\/li>\n<\/ul>\n<p>Al\u00e9m disso, a Les Elfes oferece oportunidades \u00fanicas para os participantes praticarem <strong>esqui<\/strong> e snowboarding mesmo durante o ver\u00e3o, gra\u00e7as a excurs\u00f5es especiais a pistas de alta altitude. Essas experi\u00eancias inesquec\u00edveis fazem da Les Elfes uma l\u00edder em aventuras ao ar livre. <\/p>\n<\/section>\n<section>\n<h2>Cursos de idiomas e enriquecimento acad\u00eamico<\/h2>\n<p>O aprendizado de idiomas \u00e9 um dos principais focos da Les Elfes, ajudando os alunos a desenvolver habilidades que s\u00e3o essenciais no mundo globalizado de hoje. Os campistas podem escolher entre cursos de <strong>franc\u00eas<\/strong> ou <strong>ingl\u00eas<\/strong>, ministrados por professores experientes em turmas pequenas e interativas. Essas aulas s\u00e3o adaptadas para atender a diferentes n\u00edveis de profici\u00eancia, garantindo que cada crian\u00e7a progrida em seu pr\u00f3prio ritmo.  <\/p>\n<p>Al\u00e9m da sala de aula, Les Elfes promove a imers\u00e3o no idioma por meio de intera\u00e7\u00f5es di\u00e1rias e atividades culturais. Essa abordagem incentiva o uso pr\u00e1tico do idioma, permitindo que os participantes do acampamento ganhem confian\u00e7a e flu\u00eancia e, ao mesmo tempo, estabele\u00e7am conex\u00f5es com seus colegas de mais de 50 <strong>pa\u00edses<\/strong> diferentes. <\/p>\n<p>Para aqueles que buscam uma vantagem acad\u00eamica adicional, a Les Elfes tamb\u00e9m oferece sess\u00f5es preparat\u00f3rias para <strong>escolas internacionais<\/strong> e <strong>internatos<\/strong>, combinando estudos rigorosos com atividades recreativas para uma experi\u00eancia completa.<\/p>\n<\/section>\n<section>\n<h2>Oficinas de artes criativas e de desempenho<\/h2>\n<p>A Les Elfes entende a import\u00e2ncia da criatividade no desenvolvimento de uma crian\u00e7a. Para estimular a autoexpress\u00e3o, os campistas podem participar de v\u00e1rias oficinas art\u00edsticas, incluindo: <\/p>\n<ul>\n<li><strong>Artes c\u00eanicas:<\/strong> Aprenda a atuar, cantar ou dan\u00e7ar em um ambiente de apoio e divers\u00e3o.<\/li>\n<li><strong>Artes visuais:<\/strong> Fa\u00e7a experi\u00eancias com pintura, fotografia ou escultura para desenvolver habilidades art\u00edsticas.<\/li>\n<li><strong>Artes culin\u00e1rias:<\/strong> Participe de aulas de culin\u00e1ria que apresentam as cozinhas su\u00ed\u00e7a e internacional.<\/li>\n<\/ul>\n<p>Essas atividades permitem que os campistas explorem suas paix\u00f5es enquanto fazem amigos e compartilham suas cria\u00e7\u00f5es com a comunidade do acampamento.<\/p>\n<\/section>\n<section>\n<h2>Esportes, trabalho em equipe e desenvolvimento de lideran\u00e7a<\/h2>\n<p>Os esportes desempenham um papel fundamental na promo\u00e7\u00e3o do trabalho em equipe e da lideran\u00e7a na Les Elfes. Os campistas participam de uma variedade de esportes e desafios em grupo criados para promover a colabora\u00e7\u00e3o, aumentar a confian\u00e7a e desenvolver habilidades essenciais para a vida. As atividades incluem:  <\/p>\n<ul>\n<li>Jogos tradicionais como futebol, v\u00f4lei e t\u00eanis.<\/li>\n<li>Jogos recreativos noturnos que fortalecem v\u00ednculos e amizades.<\/li>\n<li>Esportes de aventura, como mountain bike e esportes aqu\u00e1ticos.<\/li>\n<\/ul>\n<p>O desenvolvimento da lideran\u00e7a \u00e9 integrado a muitas atividades, incentivando os campistas a tomar iniciativas, resolver problemas e trabalhar de forma eficaz como parte de uma equipe. Essas habilidades n\u00e3o s\u00f3 os beneficiam durante o tempo que passam no acampamento, mas tamb\u00e9m em suas vidas acad\u00eamicas e pessoais. <\/p>\n<\/section>\n<section>\n<h2>Explorando a cultura e a hist\u00f3ria da Su\u00ed\u00e7a por meio de atividades imersivas<\/h2>\n<p>A imers\u00e3o cultural \u00e9 uma marca registrada da experi\u00eancia Les Elfes. Os campistas t\u00eam a chance de descobrir a rica heran\u00e7a da Su\u00ed\u00e7a por meio de excurs\u00f5es a marcos ic\u00f4nicos, como: <\/p>\n<ul>\n<li>Os castelos de Gstaad e Crans Montana.<\/li>\n<li>Os museus de Lausanne e Montreux.<\/li>\n<li>A sede das Na\u00e7\u00f5es Unidas em Genebra.<\/li>\n<\/ul>\n<p>Os programas noturnos geralmente apresentam eventos tem\u00e1ticos que celebram as tradi\u00e7\u00f5es su\u00ed\u00e7as, incluindo folclore, m\u00fasica e culin\u00e1ria. Essas atividades proporcionam uma maneira divertida e educativa para os campistas se conectarem com a cultura su\u00ed\u00e7a e, ao mesmo tempo, criarem la\u00e7os com seus colegas. <\/p>\n<\/section>\n<section>\n<h2>Por que escolher o acampamento de ver\u00e3o Les Elfes International?<\/h2>\n<p>Les Elfes International se destaca como um dos <strong>melhores acampamentos de ver\u00e3o da Su\u00ed\u00e7a<\/strong>, oferecendo uma mistura cuidadosamente selecionada de aventura, educa\u00e7\u00e3o e enriquecimento cultural. Com sede em Verbier, o acampamento combina instala\u00e7\u00f5es de classe mundial com uma equipe de funcion\u00e1rios experientes, garantindo que cada crian\u00e7a tenha uma experi\u00eancia inesquec\u00edvel. <\/p>\n<p>Os programas do Les Elfes s\u00e3o projetados para atender \u00e0s necessidades dos campistas de diversas origens, promovendo o crescimento pessoal e criando um senso de comunidade. De junho a agosto, os participantes de 6 a 18 anos de idade podem embarcar em uma jornada de descobertas, criando mem\u00f3rias e amizades para toda a vida. <\/p>\n<p>Voc\u00ea est\u00e1 pronto para come\u00e7ar a aventura? <a href=\"https:\/\/www.leselfes.com\/pt-br\/acampamento-de-verao\/inscreva-se-no-acampamento-de-verao\/\" target=\"_blank\" rel=\"noopener\">Entre em contato conosco hoje mesmo<\/a> para garantir a vaga de seu filho em nosso renomado programa de acampamento de ver\u00e3o.<\/p>\n<\/section>\n[\/vc_column_text][vc_row_inner equal_height=&#8221;yes&#8221; content_placement=&#8221;middle&#8221; column_margin=&#8221;100px&#8221; column_direction=&#8221;default&#8221; column_direction_tablet=&#8221;default&#8221; column_direction_phone=&#8221;default&#8221; text_align=&#8221;left&#8221; row_position=&#8221;default&#8221; row_position_tablet=&#8221;inherit&#8221; row_position_phone=&#8221;inherit&#8221; overflow=&#8221;visible&#8221; pointer_events=&#8221;all&#8221; class=&#8221;flexGoBottom&#8221;][vc_column_inner column_padding=&#8221;no-extra-padding&#8221; column_padding_tablet=&#8221;inherit&#8221; column_padding_phone=&#8221;inherit&#8221; column_padding_position=&#8221;all&#8221; column_element_direction_desktop=&#8221;default&#8221; column_element_spacing=&#8221;default&#8221; desktop_text_alignment=&#8221;default&#8221; tablet_text_alignment=&#8221;default&#8221; phone_text_alignment=&#8221;default&#8221; background_color_opacity=&#8221;1&#8243; background_hover_color_opacity=&#8221;1&#8243; column_backdrop_filter=&#8221;none&#8221; column_shadow=&#8221;none&#8221; column_border_radius=&#8221;none&#8221; column_link_target=&#8221;_self&#8221; overflow=&#8221;visible&#8221; gradient_direction=&#8221;left_to_right&#8221; overlay_strength=&#8221;0.3&#8243; width=&#8221;1\/4&#8243; tablet_width_inherit=&#8221;default&#8221; animation_type=&#8221;default&#8221; bg_image_animation=&#8221;none&#8221; border_type=&#8221;simple&#8221; column_border_width=&#8221;none&#8221; column_border_style=&#8221;solid&#8221; column_padding_type=&#8221;default&#8221; gradient_type=&#8221;default&#8221; offset=&#8221;vc_hidden-md vc_hidden-sm vc_hidden-xs&#8221;][\/vc_column_inner][vc_column_inner column_padding=&#8221;no-extra-padding&#8221; column_padding_tablet=&#8221;inherit&#8221; column_padding_phone=&#8221;inherit&#8221; column_padding_position=&#8221;all&#8221; column_element_direction_desktop=&#8221;default&#8221; column_element_spacing=&#8221;default&#8221; desktop_text_alignment=&#8221;default&#8221; tablet_text_alignment=&#8221;default&#8221; phone_text_alignment=&#8221;default&#8221; background_color=&#8221;#e2836a&#8221; background_color_opacity=&#8221;1&#8243; background_hover_color_opacity=&#8221;1&#8243; column_backdrop_filter=&#8221;none&#8221; font_color=&#8221;#ffffff&#8221; column_shadow=&#8221;none&#8221; column_border_radius=&#8221;custom&#8221; top_left_border_radius=&#8221;30&#8243; top_right_border_radius=&#8221;30&#8243; bottom_right_border_radius=&#8221;30&#8243; column_link_target=&#8221;_self&#8221; overflow=&#8221;visible&#8221; el_class=&#8221;rowCampHeader&#8221; gradient_direction=&#8221;left_to_right&#8221; overlay_strength=&#8221;0.3&#8243; width=&#8221;1\/4&#8243; tablet_width_inherit=&#8221;default&#8221; animation_type=&#8221;default&#8221; bg_image_animation=&#8221;none&#8221; border_type=&#8221;simple&#8221; column_border_width=&#8221;none&#8221; column_border_style=&#8221;solid&#8221; column_padding_type=&#8221;default&#8221; gradient_type=&#8221;default&#8221; offset=&#8221;vc_col-lg-3 vc_col-md-6 vc_col-xs-12&#8243; column_link=&#8221;\/summer-camp\/&#8221;][vc_column_text css=&#8221;&#8221; text_direction=&#8221;default&#8221;]<strong>Descubra<\/strong> nossos acampamentos de ver\u00e3o[\/vc_column_text][\/vc_column_inner][vc_column_inner column_padding=&#8221;no-extra-padding&#8221; column_padding_tablet=&#8221;inherit&#8221; column_padding_phone=&#8221;inherit&#8221; column_padding_position=&#8221;all&#8221; column_element_direction_desktop=&#8221;default&#8221; column_element_spacing=&#8221;default&#8221; desktop_text_alignment=&#8221;default&#8221; tablet_text_alignment=&#8221;default&#8221; phone_text_alignment=&#8221;default&#8221; background_color=&#8221;#e3c215&#8243; background_color_opacity=&#8221;1&#8243; background_hover_color_opacity=&#8221;1&#8243; column_backdrop_filter=&#8221;none&#8221; font_color=&#8221;#ffffff&#8221; column_shadow=&#8221;none&#8221; column_border_radius=&#8221;custom&#8221; top_left_border_radius=&#8221;30&#8243; top_right_border_radius=&#8221;30&#8243; bottom_right_border_radius=&#8221;30&#8243; column_link_target=&#8221;_self&#8221; overflow=&#8221;visible&#8221; el_class=&#8221;rowCampHeader&#8221; gradient_direction=&#8221;left_to_right&#8221; overlay_strength=&#8221;0.3&#8243; width=&#8221;1\/4&#8243; tablet_width_inherit=&#8221;default&#8221; animation_type=&#8221;default&#8221; bg_image_animation=&#8221;none&#8221; border_type=&#8221;simple&#8221; column_border_width=&#8221;none&#8221; column_border_style=&#8221;solid&#8221; column_padding_type=&#8221;default&#8221; gradient_type=&#8221;default&#8221; offset=&#8221;vc_col-lg-3 vc_col-md-6 vc_col-xs-12&#8243; column_link=&#8221;\/summer-camp\/check-availability\/&#8221;][vc_column_text text_direction=&#8221;default&#8221;]<strong>Verificar<\/strong> disponibilidade[\/vc_column_text][\/vc_column_inner][vc_column_inner column_padding=&#8221;no-extra-padding&#8221; column_padding_tablet=&#8221;inherit&#8221; column_padding_phone=&#8221;inherit&#8221; column_padding_position=&#8221;all&#8221; column_element_direction_desktop=&#8221;default&#8221; column_element_spacing=&#8221;default&#8221; desktop_text_alignment=&#8221;default&#8221; tablet_text_alignment=&#8221;default&#8221; phone_text_alignment=&#8221;default&#8221; background_color_opacity=&#8221;1&#8243; background_hover_color_opacity=&#8221;1&#8243; column_backdrop_filter=&#8221;none&#8221; column_shadow=&#8221;none&#8221; column_border_radius=&#8221;none&#8221; column_link_target=&#8221;_self&#8221; overflow=&#8221;visible&#8221; gradient_direction=&#8221;left_to_right&#8221; overlay_strength=&#8221;0.3&#8243; width=&#8221;1\/4&#8243; tablet_width_inherit=&#8221;default&#8221; animation_type=&#8221;default&#8221; bg_image_animation=&#8221;none&#8221; border_type=&#8221;simple&#8221; column_border_width=&#8221;none&#8221; column_border_style=&#8221;solid&#8221; column_padding_type=&#8221;default&#8221; gradient_type=&#8221;default&#8221; offset=&#8221;vc_hidden-md vc_hidden-sm vc_hidden-xs&#8221;][\/vc_column_inner][\/vc_row_inner][\/vc_column][\/vc_row]\n","protected":false},"excerpt":{"rendered":"<p>[vc_row type=&#8221;in_container&#8221; full_screen_row_position=&#8221;middle&#8221; column_margin=&#8221;default&#8221; column_direction=&#8221;default&#8221; column_direction_tablet=&#8221;default&#8221; column_direction_phone=&#8221;default&#8221; scene_position=&#8221;center&#8221; text_color=&#8221;dark&#8221; text_align=&#8221;left&#8221; row_border_radius=&#8221;none&#8221; row_border_radius_applies=&#8221;bg&#8221; overflow=&#8221;visible&#8221; overlay_strength=&#8221;0.3&#8243; gradient_direction=&#8221;left_to_right&#8221; shape_divider_position=&#8221;bottom&#8221; bg_image_animation=&#8221;none&#8221;][vc_column column_padding=&#8221;no-extra-padding&#8221; column_padding_tablet=&#8221;inherit&#8221; column_padding_phone=&#8221;inherit&#8221; column_padding_position=&#8221;all&#8221; column_element_direction_desktop=&#8221;default&#8221; column_element_spacing=&#8221;default&#8221; desktop_text_alignment=&#8221;default&#8221; tablet_text_alignment=&#8221;default&#8221; phone_text_alignment=&#8221;default&#8221; background_color_opacity=&#8221;1&#8243; background_hover_color_opacity=&#8221;1&#8243; column_backdrop_filter=&#8221;none&#8221; column_shadow=&#8221;none&#8221;&#8230;<\/p>\n","protected":false},"author":16,"featured_media":96140,"comment_status":"open","ping_status":"open","sticky":false,"template":"","format":"standard","meta":{"_acf_changed":false,"inline_featured_image":false,"footnotes":""},"categories":[1369],"tags":[],"class_list":{"0":"post-96193","1":"post","2":"type-post","3":"status-publish","4":"format-standard","5":"has-post-thumbnail","7":"category-acampamento-de-verao-pt-br"},"acf":[],"yoast_head":"<!-- This site is optimized with the Yoast SEO Premium plugin v24.2 (Yoast SEO v24.7) - https:\/\/yoast.com\/wordpress\/plugins\/seo\/ -->\n<title>Que atividades s\u00e3o oferecidas no acampamento de ver\u00e3o? - Les Elfes International Camps Switzerland<\/title>\n<meta name=\"description\" content=\"Explore os benef\u00edcios e os principais destinos dos acampamentos de ver\u00e3o para crian\u00e7as na Europa. Saiba como preparar seu filho para uma aventura inesquec\u00edvel.\" \/>\n<meta name=\"robots\" content=\"index, follow, max-snippet:-1, max-image-preview:large, max-video-preview:-1\" \/>\n<link rel=\"canonical\" href=\"https:\/\/www.leselfes.com\/pt-br\/que-atividades-sao-oferecidas-nos-acampamentos-de-verao\/\" \/>\n<meta property=\"og:locale\" content=\"pt_BR\" \/>\n<meta property=\"og:type\" content=\"article\" \/>\n<meta property=\"og:title\" content=\"Que atividades s\u00e3o oferecidas no acampamento de ver\u00e3o?\" \/>\n<meta property=\"og:description\" content=\"Explore os benef\u00edcios e os principais destinos dos acampamentos de ver\u00e3o para crian\u00e7as na Europa. Saiba como preparar seu filho para uma aventura inesquec\u00edvel.\" \/>\n<meta property=\"og:url\" content=\"https:\/\/www.leselfes.com\/pt-br\/que-atividades-sao-oferecidas-nos-acampamentos-de-verao\/\" \/>\n<meta property=\"og:site_name\" content=\"Les Elfes International Camps Switzerland\" \/>\n<meta property=\"article:publisher\" content=\"https:\/\/www.facebook.com\/LesElfesVerbier\" \/>\n<meta property=\"article:published_time\" content=\"2025-01-07T08:17:41+00:00\" \/>\n<meta property=\"article:modified_time\" content=\"2025-02-18T09:58:59+00:00\" \/>\n<meta property=\"og:image\" content=\"https:\/\/www.leselfes.com\/wp-content\/uploads\/2025\/01\/Les-Elfes-Summer-camp-Sliding-1.jpg\" \/>\n\t<meta property=\"og:image:width\" content=\"1824\" \/>\n\t<meta property=\"og:image:height\" content=\"1368\" \/>\n\t<meta property=\"og:image:type\" content=\"image\/jpeg\" \/>\n<meta name=\"author\" content=\"Matthieu Perard\" \/>\n<meta name=\"twitter:card\" content=\"summary_large_image\" \/>\n<meta name=\"twitter:creator\" content=\"@LesElfesCamps\" \/>\n<meta name=\"twitter:site\" content=\"@LesElfesCamps\" \/>\n<meta name=\"twitter:label1\" content=\"Escrito por\" \/>\n\t<meta name=\"twitter:data1\" content=\"Matthieu Perard\" \/>\n\t<meta name=\"twitter:label2\" content=\"Est. tempo de leitura\" \/>\n\t<meta name=\"twitter:data2\" content=\"9 minutos\" \/>\n<script type=\"application\/ld+json\" class=\"yoast-schema-graph\">{\"@context\":\"https:\/\/schema.org\",\"@graph\":[{\"@type\":\"Article\",\"@id\":\"https:\/\/www.leselfes.com\/pt-br\/que-atividades-sao-oferecidas-nos-acampamentos-de-verao\/#article\",\"isPartOf\":{\"@id\":\"https:\/\/www.leselfes.com\/pt-br\/que-atividades-sao-oferecidas-nos-acampamentos-de-verao\/\"},\"author\":{\"name\":\"Matthieu Perard\",\"@id\":\"https:\/\/dev.leselfes.com\/#\/schema\/person\/7ac5f99a7f3c597105fe663a00bdf6d6\"},\"headline\":\"Que atividades s\u00e3o oferecidas no acampamento de ver\u00e3o?\",\"datePublished\":\"2025-01-07T08:17:41+00:00\",\"dateModified\":\"2025-02-18T09:58:59+00:00\",\"mainEntityOfPage\":{\"@id\":\"https:\/\/www.leselfes.com\/pt-br\/que-atividades-sao-oferecidas-nos-acampamentos-de-verao\/\"},\"wordCount\":1832,\"commentCount\":0,\"publisher\":{\"@id\":\"https:\/\/dev.leselfes.com\/#organization\"},\"image\":{\"@id\":\"https:\/\/www.leselfes.com\/pt-br\/que-atividades-sao-oferecidas-nos-acampamentos-de-verao\/#primaryimage\"},\"thumbnailUrl\":\"https:\/\/www.leselfes.com\/wp-content\/uploads\/2025\/01\/Les-Elfes-Summer-camp-Sliding-1.jpg\",\"articleSection\":[\"Acampamento de ver\u00e3o\"],\"inLanguage\":\"pt-BR\",\"potentialAction\":[{\"@type\":\"CommentAction\",\"name\":\"Comment\",\"target\":[\"https:\/\/www.leselfes.com\/pt-br\/que-atividades-sao-oferecidas-nos-acampamentos-de-verao\/#respond\"]}]},{\"@type\":\"WebPage\",\"@id\":\"https:\/\/www.leselfes.com\/pt-br\/que-atividades-sao-oferecidas-nos-acampamentos-de-verao\/\",\"url\":\"https:\/\/www.leselfes.com\/pt-br\/que-atividades-sao-oferecidas-nos-acampamentos-de-verao\/\",\"name\":\"Que atividades s\u00e3o oferecidas no acampamento de ver\u00e3o? - Les Elfes International Camps Switzerland\",\"isPartOf\":{\"@id\":\"https:\/\/dev.leselfes.com\/#website\"},\"primaryImageOfPage\":{\"@id\":\"https:\/\/www.leselfes.com\/pt-br\/que-atividades-sao-oferecidas-nos-acampamentos-de-verao\/#primaryimage\"},\"image\":{\"@id\":\"https:\/\/www.leselfes.com\/pt-br\/que-atividades-sao-oferecidas-nos-acampamentos-de-verao\/#primaryimage\"},\"thumbnailUrl\":\"https:\/\/www.leselfes.com\/wp-content\/uploads\/2025\/01\/Les-Elfes-Summer-camp-Sliding-1.jpg\",\"datePublished\":\"2025-01-07T08:17:41+00:00\",\"dateModified\":\"2025-02-18T09:58:59+00:00\",\"description\":\"Explore os benef\u00edcios e os principais destinos dos acampamentos de ver\u00e3o para crian\u00e7as na Europa. Saiba como preparar seu filho para uma aventura inesquec\u00edvel.\",\"breadcrumb\":{\"@id\":\"https:\/\/www.leselfes.com\/pt-br\/que-atividades-sao-oferecidas-nos-acampamentos-de-verao\/#breadcrumb\"},\"inLanguage\":\"pt-BR\",\"potentialAction\":[{\"@type\":\"ReadAction\",\"target\":[\"https:\/\/www.leselfes.com\/pt-br\/que-atividades-sao-oferecidas-nos-acampamentos-de-verao\/\"]}]},{\"@type\":\"ImageObject\",\"inLanguage\":\"pt-BR\",\"@id\":\"https:\/\/www.leselfes.com\/pt-br\/que-atividades-sao-oferecidas-nos-acampamentos-de-verao\/#primaryimage\",\"url\":\"https:\/\/www.leselfes.com\/wp-content\/uploads\/2025\/01\/Les-Elfes-Summer-camp-Sliding-1.jpg\",\"contentUrl\":\"https:\/\/www.leselfes.com\/wp-content\/uploads\/2025\/01\/Les-Elfes-Summer-camp-Sliding-1.jpg\",\"width\":1824,\"height\":1368},{\"@type\":\"BreadcrumbList\",\"@id\":\"https:\/\/www.leselfes.com\/pt-br\/que-atividades-sao-oferecidas-nos-acampamentos-de-verao\/#breadcrumb\",\"itemListElement\":[{\"@type\":\"ListItem\",\"position\":1,\"name\":\"Home\",\"item\":\"https:\/\/www.leselfes.com\/pt-br\/\"},{\"@type\":\"ListItem\",\"position\":2,\"name\":\"Que atividades s\u00e3o oferecidas no acampamento de ver\u00e3o?\"}]},{\"@type\":\"WebSite\",\"@id\":\"https:\/\/dev.leselfes.com\/#website\",\"url\":\"https:\/\/dev.leselfes.com\/\",\"name\":\"Les Elfes International\",\"description\":\"Les Elfes International, Verbier Switzerland. Summer Camp, Winter Camp, Spring Camps.\",\"publisher\":{\"@id\":\"https:\/\/dev.leselfes.com\/#organization\"},\"alternateName\":\"Les Elfes International\",\"potentialAction\":[{\"@type\":\"SearchAction\",\"target\":{\"@type\":\"EntryPoint\",\"urlTemplate\":\"https:\/\/dev.leselfes.com\/?s={search_term_string}\"},\"query-input\":{\"@type\":\"PropertyValueSpecification\",\"valueRequired\":true,\"valueName\":\"search_term_string\"}}],\"inLanguage\":\"pt-BR\"},{\"@type\":\"Organization\",\"@id\":\"https:\/\/dev.leselfes.com\/#organization\",\"name\":\"Les Elfes International\",\"alternateName\":\"Les Elfes International\",\"url\":\"https:\/\/dev.leselfes.com\/\",\"logo\":{\"@type\":\"ImageObject\",\"inLanguage\":\"pt-BR\",\"@id\":\"https:\/\/dev.leselfes.com\/#\/schema\/logo\/image\/\",\"url\":\"https:\/\/www.leselfes.com\/wp-content\/uploads\/2022\/03\/leselfes-logo.png\",\"contentUrl\":\"https:\/\/www.leselfes.com\/wp-content\/uploads\/2022\/03\/leselfes-logo.png\",\"width\":233,\"height\":51,\"caption\":\"Les Elfes International\"},\"image\":{\"@id\":\"https:\/\/dev.leselfes.com\/#\/schema\/logo\/image\/\"},\"sameAs\":[\"https:\/\/www.facebook.com\/LesElfesVerbier\",\"https:\/\/x.com\/LesElfesCamps\",\"https:\/\/www.instagram.com\/leselfes\",\"https:\/\/www.linkedin.com\/company\/les-elfes-international\",\"https:\/\/www.youtube.com\/user\/LesElfesVerbier\"]},{\"@type\":\"Person\",\"@id\":\"https:\/\/dev.leselfes.com\/#\/schema\/person\/7ac5f99a7f3c597105fe663a00bdf6d6\",\"name\":\"Matthieu Perard\",\"image\":{\"@type\":\"ImageObject\",\"inLanguage\":\"pt-BR\",\"@id\":\"https:\/\/dev.leselfes.com\/#\/schema\/person\/image\/\",\"url\":\"https:\/\/secure.gravatar.com\/avatar\/e368f5bd153d15a1ff42a4c64a46d1ef?s=96&d=mm&r=g\",\"contentUrl\":\"https:\/\/secure.gravatar.com\/avatar\/e368f5bd153d15a1ff42a4c64a46d1ef?s=96&d=mm&r=g\",\"caption\":\"Matthieu Perard\"},\"url\":\"https:\/\/www.leselfes.com\/pt-br\/author\/m-pierardnotostudio-ch\/\"}]}<\/script>\n<!-- \/ Yoast SEO Premium plugin. -->","yoast_head_json":{"title":"Que atividades s\u00e3o oferecidas no acampamento de ver\u00e3o? - Les Elfes International Camps Switzerland","description":"Explore os benef\u00edcios e os principais destinos dos acampamentos de ver\u00e3o para crian\u00e7as na Europa. Saiba como preparar seu filho para uma aventura inesquec\u00edvel.","robots":{"index":"index","follow":"follow","max-snippet":"max-snippet:-1","max-image-preview":"max-image-preview:large","max-video-preview":"max-video-preview:-1"},"canonical":"https:\/\/www.leselfes.com\/pt-br\/que-atividades-sao-oferecidas-nos-acampamentos-de-verao\/","og_locale":"pt_BR","og_type":"article","og_title":"Que atividades s\u00e3o oferecidas no acampamento de ver\u00e3o?","og_description":"Explore os benef\u00edcios e os principais destinos dos acampamentos de ver\u00e3o para crian\u00e7as na Europa. Saiba como preparar seu filho para uma aventura inesquec\u00edvel.","og_url":"https:\/\/www.leselfes.com\/pt-br\/que-atividades-sao-oferecidas-nos-acampamentos-de-verao\/","og_site_name":"Les Elfes International Camps Switzerland","article_publisher":"https:\/\/www.facebook.com\/LesElfesVerbier","article_published_time":"2025-01-07T08:17:41+00:00","article_modified_time":"2025-02-18T09:58:59+00:00","og_image":[{"width":1824,"height":1368,"url":"https:\/\/www.leselfes.com\/wp-content\/uploads\/2025\/01\/Les-Elfes-Summer-camp-Sliding-1.jpg","type":"image\/jpeg"}],"author":"Matthieu Perard","twitter_card":"summary_large_image","twitter_creator":"@LesElfesCamps","twitter_site":"@LesElfesCamps","twitter_misc":{"Escrito por":"Matthieu Perard","Est. tempo de leitura":"9 minutos"},"schema":{"@context":"https:\/\/schema.org","@graph":[{"@type":"Article","@id":"https:\/\/www.leselfes.com\/pt-br\/que-atividades-sao-oferecidas-nos-acampamentos-de-verao\/#article","isPartOf":{"@id":"https:\/\/www.leselfes.com\/pt-br\/que-atividades-sao-oferecidas-nos-acampamentos-de-verao\/"},"author":{"name":"Matthieu Perard","@id":"https:\/\/dev.leselfes.com\/#\/schema\/person\/7ac5f99a7f3c597105fe663a00bdf6d6"},"headline":"Que atividades s\u00e3o oferecidas no acampamento de ver\u00e3o?","datePublished":"2025-01-07T08:17:41+00:00","dateModified":"2025-02-18T09:58:59+00:00","mainEntityOfPage":{"@id":"https:\/\/www.leselfes.com\/pt-br\/que-atividades-sao-oferecidas-nos-acampamentos-de-verao\/"},"wordCount":1832,"commentCount":0,"publisher":{"@id":"https:\/\/dev.leselfes.com\/#organization"},"image":{"@id":"https:\/\/www.leselfes.com\/pt-br\/que-atividades-sao-oferecidas-nos-acampamentos-de-verao\/#primaryimage"},"thumbnailUrl":"https:\/\/www.leselfes.com\/wp-content\/uploads\/2025\/01\/Les-Elfes-Summer-camp-Sliding-1.jpg","articleSection":["Acampamento de ver\u00e3o"],"inLanguage":"pt-BR","potentialAction":[{"@type":"CommentAction","name":"Comment","target":["https:\/\/www.leselfes.com\/pt-br\/que-atividades-sao-oferecidas-nos-acampamentos-de-verao\/#respond"]}]},{"@type":"WebPage","@id":"https:\/\/www.leselfes.com\/pt-br\/que-atividades-sao-oferecidas-nos-acampamentos-de-verao\/","url":"https:\/\/www.leselfes.com\/pt-br\/que-atividades-sao-oferecidas-nos-acampamentos-de-verao\/","name":"Que atividades s\u00e3o oferecidas no acampamento de ver\u00e3o? - Les Elfes International Camps Switzerland","isPartOf":{"@id":"https:\/\/dev.leselfes.com\/#website"},"primaryImageOfPage":{"@id":"https:\/\/www.leselfes.com\/pt-br\/que-atividades-sao-oferecidas-nos-acampamentos-de-verao\/#primaryimage"},"image":{"@id":"https:\/\/www.leselfes.com\/pt-br\/que-atividades-sao-oferecidas-nos-acampamentos-de-verao\/#primaryimage"},"thumbnailUrl":"https:\/\/www.leselfes.com\/wp-content\/uploads\/2025\/01\/Les-Elfes-Summer-camp-Sliding-1.jpg","datePublished":"2025-01-07T08:17:41+00:00","dateModified":"2025-02-18T09:58:59+00:00","description":"Explore os benef\u00edcios e os principais destinos dos acampamentos de ver\u00e3o para crian\u00e7as na Europa. Saiba como preparar seu filho para uma aventura inesquec\u00edvel.","breadcrumb":{"@id":"https:\/\/www.leselfes.com\/pt-br\/que-atividades-sao-oferecidas-nos-acampamentos-de-verao\/#breadcrumb"},"inLanguage":"pt-BR","potentialAction":[{"@type":"ReadAction","target":["https:\/\/www.leselfes.com\/pt-br\/que-atividades-sao-oferecidas-nos-acampamentos-de-verao\/"]}]},{"@type":"ImageObject","inLanguage":"pt-BR","@id":"https:\/\/www.leselfes.com\/pt-br\/que-atividades-sao-oferecidas-nos-acampamentos-de-verao\/#primaryimage","url":"https:\/\/www.leselfes.com\/wp-content\/uploads\/2025\/01\/Les-Elfes-Summer-camp-Sliding-1.jpg","contentUrl":"https:\/\/www.leselfes.com\/wp-content\/uploads\/2025\/01\/Les-Elfes-Summer-camp-Sliding-1.jpg","width":1824,"height":1368},{"@type":"BreadcrumbList","@id":"https:\/\/www.leselfes.com\/pt-br\/que-atividades-sao-oferecidas-nos-acampamentos-de-verao\/#breadcrumb","itemListElement":[{"@type":"ListItem","position":1,"name":"Home","item":"https:\/\/www.leselfes.com\/pt-br\/"},{"@type":"ListItem","position":2,"name":"Que atividades s\u00e3o oferecidas no acampamento de ver\u00e3o?"}]},{"@type":"WebSite","@id":"https:\/\/dev.leselfes.com\/#website","url":"https:\/\/dev.leselfes.com\/","name":"Les Elfes International","description":"Les Elfes International, Verbier Switzerland. Summer Camp, Winter Camp, Spring Camps.","publisher":{"@id":"https:\/\/dev.leselfes.com\/#organization"},"alternateName":"Les Elfes International","potentialAction":[{"@type":"SearchAction","target":{"@type":"EntryPoint","urlTemplate":"https:\/\/dev.leselfes.com\/?s={search_term_string}"},"query-input":{"@type":"PropertyValueSpecification","valueRequired":true,"valueName":"search_term_string"}}],"inLanguage":"pt-BR"},{"@type":"Organization","@id":"https:\/\/dev.leselfes.com\/#organization","name":"Les Elfes International","alternateName":"Les Elfes International","url":"https:\/\/dev.leselfes.com\/","logo":{"@type":"ImageObject","inLanguage":"pt-BR","@id":"https:\/\/dev.leselfes.com\/#\/schema\/logo\/image\/","url":"https:\/\/www.leselfes.com\/wp-content\/uploads\/2022\/03\/leselfes-logo.png","contentUrl":"https:\/\/www.leselfes.com\/wp-content\/uploads\/2022\/03\/leselfes-logo.png","width":233,"height":51,"caption":"Les Elfes International"},"image":{"@id":"https:\/\/dev.leselfes.com\/#\/schema\/logo\/image\/"},"sameAs":["https:\/\/www.facebook.com\/LesElfesVerbier","https:\/\/x.com\/LesElfesCamps","https:\/\/www.instagram.com\/leselfes","https:\/\/www.linkedin.com\/company\/les-elfes-international","https:\/\/www.youtube.com\/user\/LesElfesVerbier"]},{"@type":"Person","@id":"https:\/\/dev.leselfes.com\/#\/schema\/person\/7ac5f99a7f3c597105fe663a00bdf6d6","name":"Matthieu Perard","image":{"@type":"ImageObject","inLanguage":"pt-BR","@id":"https:\/\/dev.leselfes.com\/#\/schema\/person\/image\/","url":"https:\/\/secure.gravatar.com\/avatar\/e368f5bd153d15a1ff42a4c64a46d1ef?s=96&d=mm&r=g","contentUrl":"https:\/\/secure.gravatar.com\/avatar\/e368f5bd153d15a1ff42a4c64a46d1ef?s=96&d=mm&r=g","caption":"Matthieu Perard"},"url":"https:\/\/www.leselfes.com\/pt-br\/author\/m-pierardnotostudio-ch\/"}]}},"_links":{"self":[{"href":"https:\/\/www.leselfes.com\/pt-br\/wp-json\/wp\/v2\/posts\/96193"}],"collection":[{"href":"https:\/\/www.leselfes.com\/pt-br\/wp-json\/wp\/v2\/posts"}],"about":[{"href":"https:\/\/www.leselfes.com\/pt-br\/wp-json\/wp\/v2\/types\/post"}],"author":[{"embeddable":true,"href":"https:\/\/www.leselfes.com\/pt-br\/wp-json\/wp\/v2\/users\/16"}],"replies":[{"embeddable":true,"href":"https:\/\/www.leselfes.com\/pt-br\/wp-json\/wp\/v2\/comments?post=96193"}],"version-history":[{"count":11,"href":"https:\/\/www.leselfes.com\/pt-br\/wp-json\/wp\/v2\/posts\/96193\/revisions"}],"predecessor-version":[{"id":109399,"href":"https:\/\/www.leselfes.com\/pt-br\/wp-json\/wp\/v2\/posts\/96193\/revisions\/109399"}],"wp:featuredmedia":[{"embeddable":true,"href":"https:\/\/www.leselfes.com\/pt-br\/wp-json\/wp\/v2\/media\/96140"}],"wp:attachment":[{"href":"https:\/\/www.leselfes.com\/pt-br\/wp-json\/wp\/v2\/media?parent=96193"}],"wp:term":[{"taxonomy":"category","embeddable":true,"href":"https:\/\/www.leselfes.com\/pt-br\/wp-json\/wp\/v2\/categories?post=96193"},{"taxonomy":"post_tag","embeddable":true,"href":"https:\/\/www.leselfes.com\/pt-br\/wp-json\/wp\/v2\/tags?post=96193"}],"curies":[{"name":"wp","href":"https:\/\/api.w.org\/{rel}","templated":true}]}}