{"id":96240,"date":"2025-01-07T09:19:20","date_gmt":"2025-01-07T08:19:20","guid":{"rendered":"https:\/\/www.leselfes.com\/como-os-acampamentos-de-inverno-suicos-promovem-o-crescimento-pessoal-e-as-habilidades-para-a-vida-toda\/"},"modified":"2025-02-18T11:01:36","modified_gmt":"2025-02-18T10:01:36","slug":"como-os-acampamentos-de-inverno-suicos-promovem-o-crescimento-pessoal-e-as-habilidades-para-a-vida-toda","status":"publish","type":"post","link":"https:\/\/www.leselfes.com\/pt-br\/como-os-acampamentos-de-inverno-suicos-promovem-o-crescimento-pessoal-e-as-habilidades-para-a-vida-toda\/","title":{"rendered":"Como o acampamento de inverno su\u00ed\u00e7o promove o crescimento pessoal e as habilidades para a vida toda"},"content":{"rendered":"<p>O acampamento de inverno su\u00ed\u00e7o, localizado no cora\u00e7\u00e3o dos Alpes de tirar o f\u00f4lego, oferece mais do que apenas esqui e snowboard. Eles oferecem um programa abrangente que combina aventura ao ar livre, interc\u00e2mbio cultural e desenvolvimento pessoal. Os campistas de 5 a 16 anos de idade vivenciam a magia da Su\u00ed\u00e7a, com destinos renomados como Verbier, Gstaad e Surval, que servem como o cen\u00e1rio perfeito para o crescimento e a descoberta. Com atividades que v\u00e3o desde aulas de esqui at\u00e9 artes e artesanato, esses acampamentos garantem uma experi\u00eancia equilibrada e memor\u00e1vel.   <\/p>\n<h2>Desenvolver a independ\u00eancia em um ambiente de apoio<\/h2>\n<p>Um dos aspectos mais transformadores de participar de um acampamento de inverno na Su\u00ed\u00e7a \u00e9 a oportunidade que as crian\u00e7as t\u00eam de desenvolver a independ\u00eancia. Para muitas delas, \u00e9 a primeira vez que saem de casa, hospedando-se em belas acomoda\u00e7\u00f5es projetadas para promover a autoconfian\u00e7a. As rotinas di\u00e1rias estruturadas, desde o gerenciamento de equipamentos de esqui at\u00e9 a participa\u00e7\u00e3o em eventos p\u00f3s-esqui, ensinam aos campistas a import\u00e2ncia da organiza\u00e7\u00e3o e da responsabilidade pessoal.  <\/p>\n<p>Os programas do Les Elfes International s\u00e3o projetados especificamente para promover o crescimento e, ao mesmo tempo, garantir a seguran\u00e7a. Com conselheiros de acampamento experientes e uma equipe atenciosa, os alunos se sentem seguros enquanto enfrentam novos desafios. As instala\u00e7\u00f5es incluem dormit\u00f3rios espa\u00e7osos, refeit\u00f3rios comunit\u00e1rios e acesso aos mais modernos equipamentos de esportes de neve. Os pitorescos resorts em lugares como Verbier e Davos contribuem para a atmosfera de emo\u00e7\u00e3o e aventura.   <\/p>\n<h2>Aprimorar a comunica\u00e7\u00e3o e as habilidades sociais<\/h2>\n<p>O acampamento de inverno su\u00ed\u00e7o atrai crian\u00e7as e adolescentes de todo o mundo, criando um ambiente vibrante e multicultural. Esse ambiente \u00fanico estimula a comunica\u00e7\u00e3o intercultural e amplia a vis\u00e3o de mundo dos alunos. As habilidades lingu\u00edsticas s\u00e3o naturalmente aprimoradas, pois muitos acampamentos oferecem aulas interativas de ingl\u00eas, franc\u00eas ou alem\u00e3o. Esses programas de idiomas enfatizam o uso pr\u00e1tico, tornando o aprendizado agrad\u00e1vel e relevante.   <\/p>\n<p>Viver e brincar com colegas de diferentes origens ajuda os campistas a entender e apreciar a diversidade. Experi\u00eancias compartilhadas, como esquiar nas encostas de Gstaad ou fazer artesanato \u00e0 noite, criam conex\u00f5es profundas e significativas. As atividades em grupo, incluindo jogos em equipe, noites de m\u00fasica e excurs\u00f5es ao ar livre, incentivam a coopera\u00e7\u00e3o e aprimoram as habilidades sociais.  <\/p>\n<h2>Desenvolvimento de lideran\u00e7a e trabalho em equipe<\/h2>\n<p>A lideran\u00e7a \u00e9 o foco principal de muitos acampamentos de inverno na Su\u00ed\u00e7a. Os programas s\u00e3o adaptados a diferentes n\u00edveis de idade, com atividades especiais de lideran\u00e7a para os campistas mais velhos. Seja guiando um grupo em uma caminhada na montanha ou coordenando uma noite cultural, os alunos aprendem o valor do trabalho em equipe, da comunica\u00e7\u00e3o eficaz e da solu\u00e7\u00e3o de problemas. A Les Elfes International enfatiza o treinamento de lideran\u00e7a, garantindo que os campistas desenvolvam qualidades que os servir\u00e3o por toda a vida.   <\/p>\n<p>Os programas de lideran\u00e7a geralmente incluem elementos de gerenciamento de projetos e colabora\u00e7\u00e3o em grupo. Por exemplo, os alunos podem trabalhar juntos para planejar uma viagem de esqui ou participar de uma excurs\u00e3o com raquetes de neve. Essas experi\u00eancias os desafiam a tomar iniciativa e a desenvolver confian\u00e7a. As oportunidades variadas e empolgantes garantem que cada dia do acampamento seja repleto de aprendizado e crescimento pessoal.   <\/p>\n<h2>Aceitar os desafios e desenvolver a resili\u00eancia<\/h2>\n<p>Esquiar e praticar snowboard s\u00e3o estimulantes, mas tamb\u00e9m podem ser intimidantes, especialmente para iniciantes. Os acampamentos de esqui su\u00ed\u00e7os oferecem instru\u00e7\u00e3o profissional de esqui e snowboard para ajudar os campistas a progredir com confian\u00e7a. Os instrutores utilizam uma abordagem passo a passo, ensinando t\u00e9cnicas essenciais e priorizando a seguran\u00e7a. Desde aulas de esqui de um dia em pistas para iniciantes at\u00e9 sess\u00f5es avan\u00e7adas para esquiadores experientes, h\u00e1 algo para todos.   <\/p>\n<p>Ao superar esses desafios nas pistas, voc\u00ea desenvolve a resili\u00eancia e uma forte \u00e9tica de trabalho. Os campistas aprendem a estabelecer metas, lidar com contratempos e comemorar seus sucessos. A sensa\u00e7\u00e3o de realiza\u00e7\u00e3o que eles sentem depois de dominar uma pista dif\u00edcil em Verbier ou Surval \u00e9 inigual\u00e1vel. Essa mentalidade vai al\u00e9m dos esportes; ela se torna uma habilidade valiosa para a vida que ajuda os alunos a enfrentar obst\u00e1culos futuros com confian\u00e7a. At\u00e9 mesmo momentos simples, como aprender a ajustar as fixa\u00e7\u00f5es do snowboard ou a navegar no cen\u00e1rio do apr\u00e8s ski, contribuem para o crescimento deles.    <\/p>\n<h2>Aprender habilidades pr\u00e1ticas e organizacionais<\/h2>\n<p>As habilidades pr\u00e1ticas s\u00e3o uma parte essencial da experi\u00eancia do acampamento de inverno. Administrar os pertences pessoais, fazer as malas para as viagens di\u00e1rias de esqui e manter um espa\u00e7o de conviv\u00eancia arrumado s\u00e3o responsabilidades que ensinam os campistas a ter autodisciplina. Os acampamentos, localizados em resorts deslumbrantes como Pr\u00e9fleuri, garantem que essas li\u00e7\u00f5es sejam integradas \u00e0 rotina di\u00e1ria de forma divertida e envolvente.  <\/p>\n<p>Os campistas tamb\u00e9m aprendem a administrar o tempo \u00e0 medida que equilibram atividades ao ar livre, aulas de idiomas e eventos noturnos. A equipe da cozinha do acampamento prepara refei\u00e7\u00f5es nutritivas, e os campistas s\u00e3o envolvidos no aprendizado sobre alimenta\u00e7\u00e3o saud\u00e1vel e escolhas respons\u00e1veis. Essa abordagem hol\u00edstica garante que os campistas saiam com um conjunto completo de habilidades que s\u00e3o \u00fateis na vida cotidiana. Al\u00e9m disso, o trabalho em equipe em acomoda\u00e7\u00f5es compartilhadas promove o respeito m\u00fatuo e a colabora\u00e7\u00e3o.   <\/p>\n<h2>Criar mem\u00f3rias e amizades duradouras<\/h2>\n<p>As experi\u00eancias adquiridas em um acampamento de inverno na Su\u00ed\u00e7a s\u00e3o inesquec\u00edveis. Desde esquiar nas pistas avan\u00e7adas de Gstaad at\u00e9 participar de oficinas de arte na bela regi\u00e3o de Montreux, cada momento \u00e9 especial. A atmosfera do acampamento \u00e9 repleta de risadas, descobertas e um senso de aventura. Voc\u00ea passa as noites compartilhando hist\u00f3rias ao lado da fogueira, jogando e curtindo as festividades p\u00f3s-esqui.   <\/p>\n<p>As amizades formadas no acampamento geralmente duram a vida inteira. Conhecer pessoas de todo o mundo em um ambiente t\u00e3o espetacular como os Alpes cria la\u00e7os que v\u00e3o al\u00e9m das fronteiras. As crian\u00e7as aprendem a valorizar diferentes culturas e perspectivas, tornando sua experi\u00eancia no acampamento rica e significativa. Os pais frequentemente notam as mudan\u00e7as positivas em seus filhos, desde o aprimoramento das habilidades lingu\u00edsticas at\u00e9 uma maior independ\u00eancia e autoconfian\u00e7a.   <\/p>\n<h2>Explorando a beleza da Su\u00ed\u00e7a<\/h2>\n<p>O acampamento de inverno su\u00ed\u00e7o oferece aos campistas a chance de conhecer verdadeiramente a Su\u00ed\u00e7a. Desde as vistas majestosas dos Alpes at\u00e9 visitas a atra\u00e7\u00f5es locais, todas as semanas incluem oportunidades de explora\u00e7\u00e3o. Viagens a cidades pr\u00f3ximas, como Montreux ou a hist\u00f3rica esta\u00e7\u00e3o de trem em Davos, d\u00e3o aos alunos um gostinho da cultura su\u00ed\u00e7a. Os pr\u00f3prios resorts nas montanhas s\u00e3o destinos conhecidos por suas paisagens deslumbrantes e comunidades de esqui vibrantes.   <\/p>\n<p>Cada acampamento garante que os alunos desfrutem de uma experi\u00eancia de f\u00e9rias completa. As atividades incluem patina\u00e7\u00e3o no gelo, passeios de tren\u00f3 e at\u00e9 mesmo visitas a cozinhas locais para aprender sobre a culin\u00e1ria su\u00ed\u00e7a. A temporada de inverno traz uma atmosfera m\u00e1gica, e a sensa\u00e7\u00e3o de admira\u00e7\u00e3o ao explorar esses destinos \u00e9 inigual\u00e1vel. Com acesso a uma ampla variedade de atividades ao ar livre, os alunos podem descobrir a alegria dos esportes de neve em um ambiente seguro e acolhedor. A experi\u00eancia de assistir ao p\u00f4r do sol sobre as montanhas cobertas de neve ou ouvir hist\u00f3rias locais acrescenta um toque de magia \u00e0 sua aventura.    <\/p>\n<h2>Como se inscrever em um acampamento de inverno na Su\u00ed\u00e7a<\/h2>\n<p>Se voc\u00ea quiser dar ao seu filho a oportunidade de crescer, aprender e explorar em um dos mais belos cen\u00e1rios de inverno do mundo, matricular-se em um acampamento de inverno na Su\u00ed\u00e7a \u00e9 a escolha perfeita. Os programas est\u00e3o dispon\u00edveis para diferentes idades e n\u00edveis de habilidade, garantindo uma experi\u00eancia personalizada para cada campista. Com op\u00e7\u00f5es para esquiadores iniciantes e avan\u00e7ados, todas as crian\u00e7as podem aproveitar ao m\u00e1ximo seu tempo nos Alpes.  <\/p>\n<p>A inscri\u00e7\u00e3o \u00e9 f\u00e1cil, mas as vagas se esgotam rapidamente, especialmente durante a alta temporada de f\u00e9rias em fevereiro e mar\u00e7o. N\u00e3o perca essa oportunidade \u00fanica de criar mem\u00f3rias inesquec\u00edveis e desenvolver habilidades essenciais para a vida. Clique no link abaixo para iniciar a aventura de seu filho:  <\/p>\n<p><a href=\"https:\/\/www.leselfes.com\/winter-camp\/enrol\/\" target=\"_blank\" rel=\"noopener\"><strong>Inscreva-se hoje em um acampamento de inverno<\/strong><\/a><\/p>\n<p>&nbsp;<\/p>\n","protected":false},"excerpt":{"rendered":"<p>O acampamento de inverno su\u00ed\u00e7o, localizado no cora\u00e7\u00e3o dos Alpes de tirar o f\u00f4lego, oferece mais do que apenas esqui e snowboard. Eles oferecem um programa abrangente que combina aventura&#8230;<\/p>\n","protected":false},"author":16,"featured_media":96209,"comment_status":"open","ping_status":"open","sticky":false,"template":"","format":"standard","meta":{"_acf_changed":false,"inline_featured_image":false,"footnotes":""},"categories":[1350,1351],"tags":[],"class_list":{"0":"post-96240","1":"post","2":"type-post","3":"status-publish","4":"format-standard","5":"has-post-thumbnail","7":"category-acampamento-de-inverno-pt-br","8":"category-artigos-pt-br"},"acf":[],"yoast_head":"<!-- This site is optimized with the Yoast SEO Premium plugin v24.2 (Yoast SEO v24.7) - https:\/\/yoast.com\/wordpress\/plugins\/seo\/ -->\n<title>Como os acampamentos de inverno su\u00ed\u00e7os promovem o crescimento pessoal e as habilidades para a vida toda<\/title>\n<meta name=\"description\" content=\"Descubra como os acampamentos de inverno su\u00ed\u00e7os ajudam crian\u00e7as e adolescentes a desenvolver independ\u00eancia, lideran\u00e7a e habilidades valiosas para a vida.\" \/>\n<meta name=\"robots\" content=\"index, follow, max-snippet:-1, max-image-preview:large, max-video-preview:-1\" \/>\n<link rel=\"canonical\" href=\"https:\/\/www.leselfes.com\/pt-br\/como-os-acampamentos-de-inverno-suicos-promovem-o-crescimento-pessoal-e-as-habilidades-para-a-vida-toda\/\" \/>\n<meta property=\"og:locale\" content=\"pt_BR\" \/>\n<meta property=\"og:type\" content=\"article\" \/>\n<meta property=\"og:title\" content=\"Como o acampamento de inverno su\u00ed\u00e7o promove o crescimento pessoal e as habilidades para a vida toda\" \/>\n<meta property=\"og:description\" content=\"Descubra como os acampamentos de inverno su\u00ed\u00e7os ajudam crian\u00e7as e adolescentes a desenvolver independ\u00eancia, lideran\u00e7a e habilidades valiosas para a vida.\" \/>\n<meta property=\"og:url\" content=\"https:\/\/www.leselfes.com\/pt-br\/como-os-acampamentos-de-inverno-suicos-promovem-o-crescimento-pessoal-e-as-habilidades-para-a-vida-toda\/\" \/>\n<meta property=\"og:site_name\" content=\"Les Elfes International Camps Switzerland\" \/>\n<meta property=\"article:publisher\" content=\"https:\/\/www.facebook.com\/LesElfesVerbier\" \/>\n<meta property=\"article:published_time\" content=\"2025-01-07T08:19:20+00:00\" \/>\n<meta property=\"article:modified_time\" content=\"2025-02-18T10:01:36+00:00\" \/>\n<meta property=\"og:image\" content=\"https:\/\/www.leselfes.com\/wp-content\/uploads\/2025\/01\/how-swiss.jpg\" \/>\n\t<meta property=\"og:image:width\" content=\"1920\" \/>\n\t<meta property=\"og:image:height\" content=\"550\" \/>\n\t<meta property=\"og:image:type\" content=\"image\/jpeg\" \/>\n<meta name=\"author\" content=\"Matthieu Perard\" \/>\n<meta name=\"twitter:card\" content=\"summary_large_image\" \/>\n<meta name=\"twitter:creator\" content=\"@LesElfesCamps\" \/>\n<meta name=\"twitter:site\" content=\"@LesElfesCamps\" \/>\n<meta name=\"twitter:label1\" content=\"Escrito por\" \/>\n\t<meta name=\"twitter:data1\" content=\"Matthieu Perard\" \/>\n\t<meta name=\"twitter:label2\" content=\"Est. tempo de leitura\" \/>\n\t<meta name=\"twitter:data2\" content=\"7 minutos\" \/>\n<script type=\"application\/ld+json\" class=\"yoast-schema-graph\">{\"@context\":\"https:\/\/schema.org\",\"@graph\":[{\"@type\":\"Article\",\"@id\":\"https:\/\/www.leselfes.com\/pt-br\/como-os-acampamentos-de-inverno-suicos-promovem-o-crescimento-pessoal-e-as-habilidades-para-a-vida-toda\/#article\",\"isPartOf\":{\"@id\":\"https:\/\/www.leselfes.com\/pt-br\/como-os-acampamentos-de-inverno-suicos-promovem-o-crescimento-pessoal-e-as-habilidades-para-a-vida-toda\/\"},\"author\":{\"name\":\"Matthieu Perard\",\"@id\":\"https:\/\/dev.leselfes.com\/#\/schema\/person\/7ac5f99a7f3c597105fe663a00bdf6d6\"},\"headline\":\"Como o acampamento de inverno su\u00ed\u00e7o promove o crescimento pessoal e as habilidades para a vida toda\",\"datePublished\":\"2025-01-07T08:19:20+00:00\",\"dateModified\":\"2025-02-18T10:01:36+00:00\",\"mainEntityOfPage\":{\"@id\":\"https:\/\/www.leselfes.com\/pt-br\/como-os-acampamentos-de-inverno-suicos-promovem-o-crescimento-pessoal-e-as-habilidades-para-a-vida-toda\/\"},\"wordCount\":1488,\"commentCount\":0,\"publisher\":{\"@id\":\"https:\/\/dev.leselfes.com\/#organization\"},\"image\":{\"@id\":\"https:\/\/www.leselfes.com\/pt-br\/como-os-acampamentos-de-inverno-suicos-promovem-o-crescimento-pessoal-e-as-habilidades-para-a-vida-toda\/#primaryimage\"},\"thumbnailUrl\":\"https:\/\/www.leselfes.com\/wp-content\/uploads\/2025\/01\/how-swiss.jpg\",\"articleSection\":[\"Acampamento de inverno\",\"Artigos\"],\"inLanguage\":\"pt-BR\",\"potentialAction\":[{\"@type\":\"CommentAction\",\"name\":\"Comment\",\"target\":[\"https:\/\/www.leselfes.com\/pt-br\/como-os-acampamentos-de-inverno-suicos-promovem-o-crescimento-pessoal-e-as-habilidades-para-a-vida-toda\/#respond\"]}]},{\"@type\":\"WebPage\",\"@id\":\"https:\/\/www.leselfes.com\/pt-br\/como-os-acampamentos-de-inverno-suicos-promovem-o-crescimento-pessoal-e-as-habilidades-para-a-vida-toda\/\",\"url\":\"https:\/\/www.leselfes.com\/pt-br\/como-os-acampamentos-de-inverno-suicos-promovem-o-crescimento-pessoal-e-as-habilidades-para-a-vida-toda\/\",\"name\":\"Como os acampamentos de inverno su\u00ed\u00e7os promovem o crescimento pessoal e as habilidades para a vida toda\",\"isPartOf\":{\"@id\":\"https:\/\/dev.leselfes.com\/#website\"},\"primaryImageOfPage\":{\"@id\":\"https:\/\/www.leselfes.com\/pt-br\/como-os-acampamentos-de-inverno-suicos-promovem-o-crescimento-pessoal-e-as-habilidades-para-a-vida-toda\/#primaryimage\"},\"image\":{\"@id\":\"https:\/\/www.leselfes.com\/pt-br\/como-os-acampamentos-de-inverno-suicos-promovem-o-crescimento-pessoal-e-as-habilidades-para-a-vida-toda\/#primaryimage\"},\"thumbnailUrl\":\"https:\/\/www.leselfes.com\/wp-content\/uploads\/2025\/01\/how-swiss.jpg\",\"datePublished\":\"2025-01-07T08:19:20+00:00\",\"dateModified\":\"2025-02-18T10:01:36+00:00\",\"description\":\"Descubra como os acampamentos de inverno su\u00ed\u00e7os ajudam crian\u00e7as e adolescentes a desenvolver independ\u00eancia, lideran\u00e7a e habilidades valiosas para a vida.\",\"breadcrumb\":{\"@id\":\"https:\/\/www.leselfes.com\/pt-br\/como-os-acampamentos-de-inverno-suicos-promovem-o-crescimento-pessoal-e-as-habilidades-para-a-vida-toda\/#breadcrumb\"},\"inLanguage\":\"pt-BR\",\"potentialAction\":[{\"@type\":\"ReadAction\",\"target\":[\"https:\/\/www.leselfes.com\/pt-br\/como-os-acampamentos-de-inverno-suicos-promovem-o-crescimento-pessoal-e-as-habilidades-para-a-vida-toda\/\"]}]},{\"@type\":\"ImageObject\",\"inLanguage\":\"pt-BR\",\"@id\":\"https:\/\/www.leselfes.com\/pt-br\/como-os-acampamentos-de-inverno-suicos-promovem-o-crescimento-pessoal-e-as-habilidades-para-a-vida-toda\/#primaryimage\",\"url\":\"https:\/\/www.leselfes.com\/wp-content\/uploads\/2025\/01\/how-swiss.jpg\",\"contentUrl\":\"https:\/\/www.leselfes.com\/wp-content\/uploads\/2025\/01\/how-swiss.jpg\",\"width\":1920,\"height\":550},{\"@type\":\"BreadcrumbList\",\"@id\":\"https:\/\/www.leselfes.com\/pt-br\/como-os-acampamentos-de-inverno-suicos-promovem-o-crescimento-pessoal-e-as-habilidades-para-a-vida-toda\/#breadcrumb\",\"itemListElement\":[{\"@type\":\"ListItem\",\"position\":1,\"name\":\"Home\",\"item\":\"https:\/\/www.leselfes.com\/pt-br\/\"},{\"@type\":\"ListItem\",\"position\":2,\"name\":\"Como o acampamento de inverno su\u00ed\u00e7o promove o crescimento pessoal e as habilidades para a vida toda\"}]},{\"@type\":\"WebSite\",\"@id\":\"https:\/\/dev.leselfes.com\/#website\",\"url\":\"https:\/\/dev.leselfes.com\/\",\"name\":\"Les Elfes International\",\"description\":\"Les Elfes International, Verbier Switzerland. Summer Camp, Winter Camp, Spring Camps.\",\"publisher\":{\"@id\":\"https:\/\/dev.leselfes.com\/#organization\"},\"alternateName\":\"Les Elfes International\",\"potentialAction\":[{\"@type\":\"SearchAction\",\"target\":{\"@type\":\"EntryPoint\",\"urlTemplate\":\"https:\/\/dev.leselfes.com\/?s={search_term_string}\"},\"query-input\":{\"@type\":\"PropertyValueSpecification\",\"valueRequired\":true,\"valueName\":\"search_term_string\"}}],\"inLanguage\":\"pt-BR\"},{\"@type\":\"Organization\",\"@id\":\"https:\/\/dev.leselfes.com\/#organization\",\"name\":\"Les Elfes International\",\"alternateName\":\"Les Elfes International\",\"url\":\"https:\/\/dev.leselfes.com\/\",\"logo\":{\"@type\":\"ImageObject\",\"inLanguage\":\"pt-BR\",\"@id\":\"https:\/\/dev.leselfes.com\/#\/schema\/logo\/image\/\",\"url\":\"https:\/\/www.leselfes.com\/wp-content\/uploads\/2022\/03\/leselfes-logo.png\",\"contentUrl\":\"https:\/\/www.leselfes.com\/wp-content\/uploads\/2022\/03\/leselfes-logo.png\",\"width\":233,\"height\":51,\"caption\":\"Les Elfes International\"},\"image\":{\"@id\":\"https:\/\/dev.leselfes.com\/#\/schema\/logo\/image\/\"},\"sameAs\":[\"https:\/\/www.facebook.com\/LesElfesVerbier\",\"https:\/\/x.com\/LesElfesCamps\",\"https:\/\/www.instagram.com\/leselfes\",\"https:\/\/www.linkedin.com\/company\/les-elfes-international\",\"https:\/\/www.youtube.com\/user\/LesElfesVerbier\"]},{\"@type\":\"Person\",\"@id\":\"https:\/\/dev.leselfes.com\/#\/schema\/person\/7ac5f99a7f3c597105fe663a00bdf6d6\",\"name\":\"Matthieu Perard\",\"image\":{\"@type\":\"ImageObject\",\"inLanguage\":\"pt-BR\",\"@id\":\"https:\/\/dev.leselfes.com\/#\/schema\/person\/image\/\",\"url\":\"https:\/\/secure.gravatar.com\/avatar\/e368f5bd153d15a1ff42a4c64a46d1ef?s=96&d=mm&r=g\",\"contentUrl\":\"https:\/\/secure.gravatar.com\/avatar\/e368f5bd153d15a1ff42a4c64a46d1ef?s=96&d=mm&r=g\",\"caption\":\"Matthieu Perard\"},\"url\":\"https:\/\/www.leselfes.com\/pt-br\/author\/m-pierardnotostudio-ch\/\"}]}<\/script>\n<!-- \/ Yoast SEO Premium plugin. -->","yoast_head_json":{"title":"Como os acampamentos de inverno su\u00ed\u00e7os promovem o crescimento pessoal e as habilidades para a vida toda","description":"Descubra como os acampamentos de inverno su\u00ed\u00e7os ajudam crian\u00e7as e adolescentes a desenvolver independ\u00eancia, lideran\u00e7a e habilidades valiosas para a vida.","robots":{"index":"index","follow":"follow","max-snippet":"max-snippet:-1","max-image-preview":"max-image-preview:large","max-video-preview":"max-video-preview:-1"},"canonical":"https:\/\/www.leselfes.com\/pt-br\/como-os-acampamentos-de-inverno-suicos-promovem-o-crescimento-pessoal-e-as-habilidades-para-a-vida-toda\/","og_locale":"pt_BR","og_type":"article","og_title":"Como o acampamento de inverno su\u00ed\u00e7o promove o crescimento pessoal e as habilidades para a vida toda","og_description":"Descubra como os acampamentos de inverno su\u00ed\u00e7os ajudam crian\u00e7as e adolescentes a desenvolver independ\u00eancia, lideran\u00e7a e habilidades valiosas para a vida.","og_url":"https:\/\/www.leselfes.com\/pt-br\/como-os-acampamentos-de-inverno-suicos-promovem-o-crescimento-pessoal-e-as-habilidades-para-a-vida-toda\/","og_site_name":"Les Elfes International Camps Switzerland","article_publisher":"https:\/\/www.facebook.com\/LesElfesVerbier","article_published_time":"2025-01-07T08:19:20+00:00","article_modified_time":"2025-02-18T10:01:36+00:00","og_image":[{"width":1920,"height":550,"url":"https:\/\/www.leselfes.com\/wp-content\/uploads\/2025\/01\/how-swiss.jpg","type":"image\/jpeg"}],"author":"Matthieu Perard","twitter_card":"summary_large_image","twitter_creator":"@LesElfesCamps","twitter_site":"@LesElfesCamps","twitter_misc":{"Escrito por":"Matthieu Perard","Est. tempo de leitura":"7 minutos"},"schema":{"@context":"https:\/\/schema.org","@graph":[{"@type":"Article","@id":"https:\/\/www.leselfes.com\/pt-br\/como-os-acampamentos-de-inverno-suicos-promovem-o-crescimento-pessoal-e-as-habilidades-para-a-vida-toda\/#article","isPartOf":{"@id":"https:\/\/www.leselfes.com\/pt-br\/como-os-acampamentos-de-inverno-suicos-promovem-o-crescimento-pessoal-e-as-habilidades-para-a-vida-toda\/"},"author":{"name":"Matthieu Perard","@id":"https:\/\/dev.leselfes.com\/#\/schema\/person\/7ac5f99a7f3c597105fe663a00bdf6d6"},"headline":"Como o acampamento de inverno su\u00ed\u00e7o promove o crescimento pessoal e as habilidades para a vida toda","datePublished":"2025-01-07T08:19:20+00:00","dateModified":"2025-02-18T10:01:36+00:00","mainEntityOfPage":{"@id":"https:\/\/www.leselfes.com\/pt-br\/como-os-acampamentos-de-inverno-suicos-promovem-o-crescimento-pessoal-e-as-habilidades-para-a-vida-toda\/"},"wordCount":1488,"commentCount":0,"publisher":{"@id":"https:\/\/dev.leselfes.com\/#organization"},"image":{"@id":"https:\/\/www.leselfes.com\/pt-br\/como-os-acampamentos-de-inverno-suicos-promovem-o-crescimento-pessoal-e-as-habilidades-para-a-vida-toda\/#primaryimage"},"thumbnailUrl":"https:\/\/www.leselfes.com\/wp-content\/uploads\/2025\/01\/how-swiss.jpg","articleSection":["Acampamento de inverno","Artigos"],"inLanguage":"pt-BR","potentialAction":[{"@type":"CommentAction","name":"Comment","target":["https:\/\/www.leselfes.com\/pt-br\/como-os-acampamentos-de-inverno-suicos-promovem-o-crescimento-pessoal-e-as-habilidades-para-a-vida-toda\/#respond"]}]},{"@type":"WebPage","@id":"https:\/\/www.leselfes.com\/pt-br\/como-os-acampamentos-de-inverno-suicos-promovem-o-crescimento-pessoal-e-as-habilidades-para-a-vida-toda\/","url":"https:\/\/www.leselfes.com\/pt-br\/como-os-acampamentos-de-inverno-suicos-promovem-o-crescimento-pessoal-e-as-habilidades-para-a-vida-toda\/","name":"Como os acampamentos de inverno su\u00ed\u00e7os promovem o crescimento pessoal e as habilidades para a vida toda","isPartOf":{"@id":"https:\/\/dev.leselfes.com\/#website"},"primaryImageOfPage":{"@id":"https:\/\/www.leselfes.com\/pt-br\/como-os-acampamentos-de-inverno-suicos-promovem-o-crescimento-pessoal-e-as-habilidades-para-a-vida-toda\/#primaryimage"},"image":{"@id":"https:\/\/www.leselfes.com\/pt-br\/como-os-acampamentos-de-inverno-suicos-promovem-o-crescimento-pessoal-e-as-habilidades-para-a-vida-toda\/#primaryimage"},"thumbnailUrl":"https:\/\/www.leselfes.com\/wp-content\/uploads\/2025\/01\/how-swiss.jpg","datePublished":"2025-01-07T08:19:20+00:00","dateModified":"2025-02-18T10:01:36+00:00","description":"Descubra como os acampamentos de inverno su\u00ed\u00e7os ajudam crian\u00e7as e adolescentes a desenvolver independ\u00eancia, lideran\u00e7a e habilidades valiosas para a vida.","breadcrumb":{"@id":"https:\/\/www.leselfes.com\/pt-br\/como-os-acampamentos-de-inverno-suicos-promovem-o-crescimento-pessoal-e-as-habilidades-para-a-vida-toda\/#breadcrumb"},"inLanguage":"pt-BR","potentialAction":[{"@type":"ReadAction","target":["https:\/\/www.leselfes.com\/pt-br\/como-os-acampamentos-de-inverno-suicos-promovem-o-crescimento-pessoal-e-as-habilidades-para-a-vida-toda\/"]}]},{"@type":"ImageObject","inLanguage":"pt-BR","@id":"https:\/\/www.leselfes.com\/pt-br\/como-os-acampamentos-de-inverno-suicos-promovem-o-crescimento-pessoal-e-as-habilidades-para-a-vida-toda\/#primaryimage","url":"https:\/\/www.leselfes.com\/wp-content\/uploads\/2025\/01\/how-swiss.jpg","contentUrl":"https:\/\/www.leselfes.com\/wp-content\/uploads\/2025\/01\/how-swiss.jpg","width":1920,"height":550},{"@type":"BreadcrumbList","@id":"https:\/\/www.leselfes.com\/pt-br\/como-os-acampamentos-de-inverno-suicos-promovem-o-crescimento-pessoal-e-as-habilidades-para-a-vida-toda\/#breadcrumb","itemListElement":[{"@type":"ListItem","position":1,"name":"Home","item":"https:\/\/www.leselfes.com\/pt-br\/"},{"@type":"ListItem","position":2,"name":"Como o acampamento de inverno su\u00ed\u00e7o promove o crescimento pessoal e as habilidades para a vida toda"}]},{"@type":"WebSite","@id":"https:\/\/dev.leselfes.com\/#website","url":"https:\/\/dev.leselfes.com\/","name":"Les Elfes International","description":"Les Elfes International, Verbier Switzerland. Summer Camp, Winter Camp, Spring Camps.","publisher":{"@id":"https:\/\/dev.leselfes.com\/#organization"},"alternateName":"Les Elfes International","potentialAction":[{"@type":"SearchAction","target":{"@type":"EntryPoint","urlTemplate":"https:\/\/dev.leselfes.com\/?s={search_term_string}"},"query-input":{"@type":"PropertyValueSpecification","valueRequired":true,"valueName":"search_term_string"}}],"inLanguage":"pt-BR"},{"@type":"Organization","@id":"https:\/\/dev.leselfes.com\/#organization","name":"Les Elfes International","alternateName":"Les Elfes International","url":"https:\/\/dev.leselfes.com\/","logo":{"@type":"ImageObject","inLanguage":"pt-BR","@id":"https:\/\/dev.leselfes.com\/#\/schema\/logo\/image\/","url":"https:\/\/www.leselfes.com\/wp-content\/uploads\/2022\/03\/leselfes-logo.png","contentUrl":"https:\/\/www.leselfes.com\/wp-content\/uploads\/2022\/03\/leselfes-logo.png","width":233,"height":51,"caption":"Les Elfes International"},"image":{"@id":"https:\/\/dev.leselfes.com\/#\/schema\/logo\/image\/"},"sameAs":["https:\/\/www.facebook.com\/LesElfesVerbier","https:\/\/x.com\/LesElfesCamps","https:\/\/www.instagram.com\/leselfes","https:\/\/www.linkedin.com\/company\/les-elfes-international","https:\/\/www.youtube.com\/user\/LesElfesVerbier"]},{"@type":"Person","@id":"https:\/\/dev.leselfes.com\/#\/schema\/person\/7ac5f99a7f3c597105fe663a00bdf6d6","name":"Matthieu Perard","image":{"@type":"ImageObject","inLanguage":"pt-BR","@id":"https:\/\/dev.leselfes.com\/#\/schema\/person\/image\/","url":"https:\/\/secure.gravatar.com\/avatar\/e368f5bd153d15a1ff42a4c64a46d1ef?s=96&d=mm&r=g","contentUrl":"https:\/\/secure.gravatar.com\/avatar\/e368f5bd153d15a1ff42a4c64a46d1ef?s=96&d=mm&r=g","caption":"Matthieu Perard"},"url":"https:\/\/www.leselfes.com\/pt-br\/author\/m-pierardnotostudio-ch\/"}]}},"_links":{"self":[{"href":"https:\/\/www.leselfes.com\/pt-br\/wp-json\/wp\/v2\/posts\/96240"}],"collection":[{"href":"https:\/\/www.leselfes.com\/pt-br\/wp-json\/wp\/v2\/posts"}],"about":[{"href":"https:\/\/www.leselfes.com\/pt-br\/wp-json\/wp\/v2\/types\/post"}],"author":[{"embeddable":true,"href":"https:\/\/www.leselfes.com\/pt-br\/wp-json\/wp\/v2\/users\/16"}],"replies":[{"embeddable":true,"href":"https:\/\/www.leselfes.com\/pt-br\/wp-json\/wp\/v2\/comments?post=96240"}],"version-history":[{"count":2,"href":"https:\/\/www.leselfes.com\/pt-br\/wp-json\/wp\/v2\/posts\/96240\/revisions"}],"predecessor-version":[{"id":109407,"href":"https:\/\/www.leselfes.com\/pt-br\/wp-json\/wp\/v2\/posts\/96240\/revisions\/109407"}],"wp:featuredmedia":[{"embeddable":true,"href":"https:\/\/www.leselfes.com\/pt-br\/wp-json\/wp\/v2\/media\/96209"}],"wp:attachment":[{"href":"https:\/\/www.leselfes.com\/pt-br\/wp-json\/wp\/v2\/media?parent=96240"}],"wp:term":[{"taxonomy":"category","embeddable":true,"href":"https:\/\/www.leselfes.com\/pt-br\/wp-json\/wp\/v2\/categories?post=96240"},{"taxonomy":"post_tag","embeddable":true,"href":"https:\/\/www.leselfes.com\/pt-br\/wp-json\/wp\/v2\/tags?post=96240"}],"curies":[{"name":"wp","href":"https:\/\/api.w.org\/{rel}","templated":true}]}}