{"id":96301,"date":"2025-01-07T09:22:35","date_gmt":"2025-01-07T08:22:35","guid":{"rendered":"https:\/\/www.leselfes.com\/domingo-22-de-dezembro-primeiro-dia-nas-pistas-de-talia-a-elfa\/"},"modified":"2025-01-07T09:23:45","modified_gmt":"2025-01-07T08:23:45","slug":"domingo-22-de-dezembro-primeiro-dia-nas-pistas-de-talia-a-elfa","status":"publish","type":"post","link":"https:\/\/www.leselfes.com\/pt-br\/domingo-22-de-dezembro-primeiro-dia-nas-pistas-de-talia-a-elfa\/","title":{"rendered":"Domingo, 22 de dezembro &#8211; Primeiro dia nas pistas de Talia, a elfa"},"content":{"rendered":"<p>&nbsp;<\/p>\n<p>Ah, o primeiro dia do acampamento de esqui em Verbier. O ar est\u00e1 fresco, as montanhas est\u00e3o cobertas de neve fresca e o acampamento finalmente abriu suas portas para um novo grupo de aventureiros curiosos. Eu moro aqui nas montanhas h\u00e1 uma eternidade, mas h\u00e1 algo m\u00e1gico em ver o entusiasmo nos olhos dessas crian\u00e7as de lugares como Kuwait, \u00cdndia e muitos outros. Hoje de manh\u00e3, a neve caiu forte e rapidamente. Observei enquanto elas se reuniam em grupos, com seus rostos uma mistura de entusiasmo e nervosismo. A maioria deles nunca tinha visto neve antes, muito menos esquiado. Os pequenos escorregavam e deslizavam, suas risadas enchiam o ar, mesmo quando ca\u00edam v\u00e1rias vezes. Mas tamb\u00e9m havia um senso de determina\u00e7\u00e3o. A cada tombo, eles se levantavam novamente e, no final da manh\u00e3, j\u00e1 haviam come\u00e7ado a encontrar seu ritmo nas pistas. Depois de esquiar, os campistas se dividiram em dois grupos. Alguns deles foram para a cidade de Verbier, ansiosos para experimentar a patina\u00e7\u00e3o no gelo na pista que brilhava como algo sa\u00eddo de um conto de fadas. Outros, cansados da aventura da manh\u00e3, decidiram descansar e recarregar as energias ao lado da fogueira dentro do alojamento. O jantar foi farto: hamb\u00fargueres para todos. As crian\u00e7as estavam animadas com as hist\u00f3rias do dia, algumas ainda falando sobre as cataratas, outras empolgadas com as aventuras de patina\u00e7\u00e3o no gelo. Depois disso, a noite se dividiu novamente. Algumas crian\u00e7as foram para o centro esportivo para gastar o resto de sua energia, enquanto outras ficaram em casa para desfrutar de uma noite aconchegante de quiz. Eu podia ouvir suas risadas ecoando pelos corredores, a sala fervilhava com o tipo de energia que somente um grupo de novos amigos pode trazer. No final do dia, eu os observei adormecerem, com os rostos cansados, mas satisfeitos. Amanh\u00e3 voc\u00ea ter\u00e1 mais neve, mais aventuras e mais risadas. S\u00e3o dias como o de hoje que me fazem amar esta vida em Verbier, vendo essas crian\u00e7as descobrirem a magia das montanhas, um passo nevado de cada vez.  <\/p>\n","protected":false},"excerpt":{"rendered":"<p>&nbsp; Ah, o primeiro dia do acampamento de esqui em Verbier. O ar est\u00e1 fresco, as montanhas est\u00e3o cobertas de neve fresca e o acampamento finalmente abriu suas portas para&#8230;<\/p>\n","protected":false},"author":16,"featured_media":0,"comment_status":"closed","ping_status":"open","sticky":false,"template":"","format":"standard","meta":{"_acf_changed":false,"inline_featured_image":false,"footnotes":""},"categories":[],"tags":[],"class_list":["post-96301","post","type-post","status-publish","format-standard"],"acf":[],"yoast_head":"<!-- This site is optimized with the Yoast SEO Premium plugin v24.2 (Yoast SEO v24.7) - https:\/\/yoast.com\/wordpress\/plugins\/seo\/ -->\n<title>Domingo, 22 de dezembro - Primeiro dia nas pistas de Talia, a elfa - Les Elfes International Camps Switzerland<\/title>\n<meta name=\"robots\" content=\"index, follow, max-snippet:-1, max-image-preview:large, max-video-preview:-1\" \/>\n<link rel=\"canonical\" href=\"https:\/\/www.leselfes.com\/pt-br\/domingo-22-de-dezembro-primeiro-dia-nas-pistas-de-talia-a-elfa\/\" \/>\n<meta property=\"og:locale\" content=\"pt_BR\" \/>\n<meta property=\"og:type\" content=\"article\" \/>\n<meta property=\"og:title\" content=\"Domingo, 22 de dezembro - Primeiro dia nas pistas de Talia, a elfa\" \/>\n<meta property=\"og:description\" content=\"&nbsp; Ah, o primeiro dia do acampamento de esqui em Verbier. O ar est\u00e1 fresco, as montanhas est\u00e3o cobertas de neve fresca e o acampamento finalmente abriu suas portas para...\" \/>\n<meta property=\"og:url\" content=\"https:\/\/www.leselfes.com\/pt-br\/domingo-22-de-dezembro-primeiro-dia-nas-pistas-de-talia-a-elfa\/\" \/>\n<meta property=\"og:site_name\" content=\"Les Elfes International Camps Switzerland\" \/>\n<meta property=\"article:publisher\" content=\"https:\/\/www.facebook.com\/LesElfesVerbier\" \/>\n<meta property=\"article:published_time\" content=\"2025-01-07T08:22:35+00:00\" \/>\n<meta property=\"article:modified_time\" content=\"2025-01-07T08:23:45+00:00\" \/>\n<meta property=\"og:image\" content=\"https:\/\/www.leselfes.com\/wp-content\/uploads\/2022\/02\/Les-Elfes-International-summer-camp-Switzerland-Staff-Mobile-591x555-1.jpg\" \/>\n\t<meta property=\"og:image:width\" content=\"591\" \/>\n\t<meta property=\"og:image:height\" content=\"555\" \/>\n\t<meta property=\"og:image:type\" content=\"image\/jpeg\" \/>\n<meta name=\"author\" content=\"Matthieu Perard\" \/>\n<meta name=\"twitter:card\" content=\"summary_large_image\" \/>\n<meta name=\"twitter:creator\" content=\"@LesElfesCamps\" \/>\n<meta name=\"twitter:site\" content=\"@LesElfesCamps\" \/>\n<meta name=\"twitter:label1\" content=\"Escrito por\" \/>\n\t<meta name=\"twitter:data1\" content=\"Matthieu Perard\" \/>\n\t<meta name=\"twitter:label2\" content=\"Est. tempo de leitura\" \/>\n\t<meta name=\"twitter:data2\" content=\"2 minutos\" \/>\n<script type=\"application\/ld+json\" class=\"yoast-schema-graph\">{\"@context\":\"https:\/\/schema.org\",\"@graph\":[{\"@type\":\"Article\",\"@id\":\"https:\/\/www.leselfes.com\/pt-br\/domingo-22-de-dezembro-primeiro-dia-nas-pistas-de-talia-a-elfa\/#article\",\"isPartOf\":{\"@id\":\"https:\/\/www.leselfes.com\/pt-br\/domingo-22-de-dezembro-primeiro-dia-nas-pistas-de-talia-a-elfa\/\"},\"author\":{\"name\":\"Matthieu Perard\",\"@id\":\"https:\/\/dev.leselfes.com\/#\/schema\/person\/7ac5f99a7f3c597105fe663a00bdf6d6\"},\"headline\":\"Domingo, 22 de dezembro &#8211; Primeiro dia nas pistas de Talia, a elfa\",\"datePublished\":\"2025-01-07T08:22:35+00:00\",\"dateModified\":\"2025-01-07T08:23:45+00:00\",\"mainEntityOfPage\":{\"@id\":\"https:\/\/www.leselfes.com\/pt-br\/domingo-22-de-dezembro-primeiro-dia-nas-pistas-de-talia-a-elfa\/\"},\"wordCount\":370,\"publisher\":{\"@id\":\"https:\/\/dev.leselfes.com\/#organization\"},\"inLanguage\":\"pt-BR\"},{\"@type\":\"WebPage\",\"@id\":\"https:\/\/www.leselfes.com\/pt-br\/domingo-22-de-dezembro-primeiro-dia-nas-pistas-de-talia-a-elfa\/\",\"url\":\"https:\/\/www.leselfes.com\/pt-br\/domingo-22-de-dezembro-primeiro-dia-nas-pistas-de-talia-a-elfa\/\",\"name\":\"Domingo, 22 de dezembro - Primeiro dia nas pistas de Talia, a elfa - Les Elfes International Camps Switzerland\",\"isPartOf\":{\"@id\":\"https:\/\/dev.leselfes.com\/#website\"},\"datePublished\":\"2025-01-07T08:22:35+00:00\",\"dateModified\":\"2025-01-07T08:23:45+00:00\",\"breadcrumb\":{\"@id\":\"https:\/\/www.leselfes.com\/pt-br\/domingo-22-de-dezembro-primeiro-dia-nas-pistas-de-talia-a-elfa\/#breadcrumb\"},\"inLanguage\":\"pt-BR\",\"potentialAction\":[{\"@type\":\"ReadAction\",\"target\":[\"https:\/\/www.leselfes.com\/pt-br\/domingo-22-de-dezembro-primeiro-dia-nas-pistas-de-talia-a-elfa\/\"]}]},{\"@type\":\"BreadcrumbList\",\"@id\":\"https:\/\/www.leselfes.com\/pt-br\/domingo-22-de-dezembro-primeiro-dia-nas-pistas-de-talia-a-elfa\/#breadcrumb\",\"itemListElement\":[{\"@type\":\"ListItem\",\"position\":1,\"name\":\"Home\",\"item\":\"https:\/\/www.leselfes.com\/pt-br\/\"},{\"@type\":\"ListItem\",\"position\":2,\"name\":\"Domingo, 22 de dezembro &#8211; Primeiro dia nas pistas de Talia, a elfa\"}]},{\"@type\":\"WebSite\",\"@id\":\"https:\/\/dev.leselfes.com\/#website\",\"url\":\"https:\/\/dev.leselfes.com\/\",\"name\":\"Les Elfes International\",\"description\":\"Les Elfes International, Verbier Switzerland. Summer Camp, Winter Camp, Spring Camps.\",\"publisher\":{\"@id\":\"https:\/\/dev.leselfes.com\/#organization\"},\"alternateName\":\"Les Elfes International\",\"potentialAction\":[{\"@type\":\"SearchAction\",\"target\":{\"@type\":\"EntryPoint\",\"urlTemplate\":\"https:\/\/dev.leselfes.com\/?s={search_term_string}\"},\"query-input\":{\"@type\":\"PropertyValueSpecification\",\"valueRequired\":true,\"valueName\":\"search_term_string\"}}],\"inLanguage\":\"pt-BR\"},{\"@type\":\"Organization\",\"@id\":\"https:\/\/dev.leselfes.com\/#organization\",\"name\":\"Les Elfes International\",\"alternateName\":\"Les Elfes International\",\"url\":\"https:\/\/dev.leselfes.com\/\",\"logo\":{\"@type\":\"ImageObject\",\"inLanguage\":\"pt-BR\",\"@id\":\"https:\/\/dev.leselfes.com\/#\/schema\/logo\/image\/\",\"url\":\"https:\/\/www.leselfes.com\/wp-content\/uploads\/2022\/03\/leselfes-logo.png\",\"contentUrl\":\"https:\/\/www.leselfes.com\/wp-content\/uploads\/2022\/03\/leselfes-logo.png\",\"width\":233,\"height\":51,\"caption\":\"Les Elfes International\"},\"image\":{\"@id\":\"https:\/\/dev.leselfes.com\/#\/schema\/logo\/image\/\"},\"sameAs\":[\"https:\/\/www.facebook.com\/LesElfesVerbier\",\"https:\/\/x.com\/LesElfesCamps\",\"https:\/\/www.instagram.com\/leselfes\",\"https:\/\/www.linkedin.com\/company\/les-elfes-international\",\"https:\/\/www.youtube.com\/user\/LesElfesVerbier\"]},{\"@type\":\"Person\",\"@id\":\"https:\/\/dev.leselfes.com\/#\/schema\/person\/7ac5f99a7f3c597105fe663a00bdf6d6\",\"name\":\"Matthieu Perard\",\"image\":{\"@type\":\"ImageObject\",\"inLanguage\":\"pt-BR\",\"@id\":\"https:\/\/dev.leselfes.com\/#\/schema\/person\/image\/\",\"url\":\"https:\/\/secure.gravatar.com\/avatar\/e368f5bd153d15a1ff42a4c64a46d1ef?s=96&d=mm&r=g\",\"contentUrl\":\"https:\/\/secure.gravatar.com\/avatar\/e368f5bd153d15a1ff42a4c64a46d1ef?s=96&d=mm&r=g\",\"caption\":\"Matthieu Perard\"},\"url\":\"https:\/\/www.leselfes.com\/pt-br\/author\/m-pierardnotostudio-ch\/\"}]}<\/script>\n<!-- \/ Yoast SEO Premium plugin. -->","yoast_head_json":{"title":"Domingo, 22 de dezembro - Primeiro dia nas pistas de Talia, a elfa - Les Elfes International Camps Switzerland","robots":{"index":"index","follow":"follow","max-snippet":"max-snippet:-1","max-image-preview":"max-image-preview:large","max-video-preview":"max-video-preview:-1"},"canonical":"https:\/\/www.leselfes.com\/pt-br\/domingo-22-de-dezembro-primeiro-dia-nas-pistas-de-talia-a-elfa\/","og_locale":"pt_BR","og_type":"article","og_title":"Domingo, 22 de dezembro - Primeiro dia nas pistas de Talia, a elfa","og_description":"&nbsp; Ah, o primeiro dia do acampamento de esqui em Verbier. O ar est\u00e1 fresco, as montanhas est\u00e3o cobertas de neve fresca e o acampamento finalmente abriu suas portas para...","og_url":"https:\/\/www.leselfes.com\/pt-br\/domingo-22-de-dezembro-primeiro-dia-nas-pistas-de-talia-a-elfa\/","og_site_name":"Les Elfes International Camps Switzerland","article_publisher":"https:\/\/www.facebook.com\/LesElfesVerbier","article_published_time":"2025-01-07T08:22:35+00:00","article_modified_time":"2025-01-07T08:23:45+00:00","og_image":[{"width":591,"height":555,"url":"https:\/\/www.leselfes.com\/wp-content\/uploads\/2022\/02\/Les-Elfes-International-summer-camp-Switzerland-Staff-Mobile-591x555-1.jpg","type":"image\/jpeg"}],"author":"Matthieu Perard","twitter_card":"summary_large_image","twitter_creator":"@LesElfesCamps","twitter_site":"@LesElfesCamps","twitter_misc":{"Escrito por":"Matthieu Perard","Est. tempo de leitura":"2 minutos"},"schema":{"@context":"https:\/\/schema.org","@graph":[{"@type":"Article","@id":"https:\/\/www.leselfes.com\/pt-br\/domingo-22-de-dezembro-primeiro-dia-nas-pistas-de-talia-a-elfa\/#article","isPartOf":{"@id":"https:\/\/www.leselfes.com\/pt-br\/domingo-22-de-dezembro-primeiro-dia-nas-pistas-de-talia-a-elfa\/"},"author":{"name":"Matthieu Perard","@id":"https:\/\/dev.leselfes.com\/#\/schema\/person\/7ac5f99a7f3c597105fe663a00bdf6d6"},"headline":"Domingo, 22 de dezembro &#8211; Primeiro dia nas pistas de Talia, a elfa","datePublished":"2025-01-07T08:22:35+00:00","dateModified":"2025-01-07T08:23:45+00:00","mainEntityOfPage":{"@id":"https:\/\/www.leselfes.com\/pt-br\/domingo-22-de-dezembro-primeiro-dia-nas-pistas-de-talia-a-elfa\/"},"wordCount":370,"publisher":{"@id":"https:\/\/dev.leselfes.com\/#organization"},"inLanguage":"pt-BR"},{"@type":"WebPage","@id":"https:\/\/www.leselfes.com\/pt-br\/domingo-22-de-dezembro-primeiro-dia-nas-pistas-de-talia-a-elfa\/","url":"https:\/\/www.leselfes.com\/pt-br\/domingo-22-de-dezembro-primeiro-dia-nas-pistas-de-talia-a-elfa\/","name":"Domingo, 22 de dezembro - Primeiro dia nas pistas de Talia, a elfa - Les Elfes International Camps Switzerland","isPartOf":{"@id":"https:\/\/dev.leselfes.com\/#website"},"datePublished":"2025-01-07T08:22:35+00:00","dateModified":"2025-01-07T08:23:45+00:00","breadcrumb":{"@id":"https:\/\/www.leselfes.com\/pt-br\/domingo-22-de-dezembro-primeiro-dia-nas-pistas-de-talia-a-elfa\/#breadcrumb"},"inLanguage":"pt-BR","potentialAction":[{"@type":"ReadAction","target":["https:\/\/www.leselfes.com\/pt-br\/domingo-22-de-dezembro-primeiro-dia-nas-pistas-de-talia-a-elfa\/"]}]},{"@type":"BreadcrumbList","@id":"https:\/\/www.leselfes.com\/pt-br\/domingo-22-de-dezembro-primeiro-dia-nas-pistas-de-talia-a-elfa\/#breadcrumb","itemListElement":[{"@type":"ListItem","position":1,"name":"Home","item":"https:\/\/www.leselfes.com\/pt-br\/"},{"@type":"ListItem","position":2,"name":"Domingo, 22 de dezembro &#8211; Primeiro dia nas pistas de Talia, a elfa"}]},{"@type":"WebSite","@id":"https:\/\/dev.leselfes.com\/#website","url":"https:\/\/dev.leselfes.com\/","name":"Les Elfes International","description":"Les Elfes International, Verbier Switzerland. Summer Camp, Winter Camp, Spring Camps.","publisher":{"@id":"https:\/\/dev.leselfes.com\/#organization"},"alternateName":"Les Elfes International","potentialAction":[{"@type":"SearchAction","target":{"@type":"EntryPoint","urlTemplate":"https:\/\/dev.leselfes.com\/?s={search_term_string}"},"query-input":{"@type":"PropertyValueSpecification","valueRequired":true,"valueName":"search_term_string"}}],"inLanguage":"pt-BR"},{"@type":"Organization","@id":"https:\/\/dev.leselfes.com\/#organization","name":"Les Elfes International","alternateName":"Les Elfes International","url":"https:\/\/dev.leselfes.com\/","logo":{"@type":"ImageObject","inLanguage":"pt-BR","@id":"https:\/\/dev.leselfes.com\/#\/schema\/logo\/image\/","url":"https:\/\/www.leselfes.com\/wp-content\/uploads\/2022\/03\/leselfes-logo.png","contentUrl":"https:\/\/www.leselfes.com\/wp-content\/uploads\/2022\/03\/leselfes-logo.png","width":233,"height":51,"caption":"Les Elfes International"},"image":{"@id":"https:\/\/dev.leselfes.com\/#\/schema\/logo\/image\/"},"sameAs":["https:\/\/www.facebook.com\/LesElfesVerbier","https:\/\/x.com\/LesElfesCamps","https:\/\/www.instagram.com\/leselfes","https:\/\/www.linkedin.com\/company\/les-elfes-international","https:\/\/www.youtube.com\/user\/LesElfesVerbier"]},{"@type":"Person","@id":"https:\/\/dev.leselfes.com\/#\/schema\/person\/7ac5f99a7f3c597105fe663a00bdf6d6","name":"Matthieu Perard","image":{"@type":"ImageObject","inLanguage":"pt-BR","@id":"https:\/\/dev.leselfes.com\/#\/schema\/person\/image\/","url":"https:\/\/secure.gravatar.com\/avatar\/e368f5bd153d15a1ff42a4c64a46d1ef?s=96&d=mm&r=g","contentUrl":"https:\/\/secure.gravatar.com\/avatar\/e368f5bd153d15a1ff42a4c64a46d1ef?s=96&d=mm&r=g","caption":"Matthieu Perard"},"url":"https:\/\/www.leselfes.com\/pt-br\/author\/m-pierardnotostudio-ch\/"}]}},"_links":{"self":[{"href":"https:\/\/www.leselfes.com\/pt-br\/wp-json\/wp\/v2\/posts\/96301"}],"collection":[{"href":"https:\/\/www.leselfes.com\/pt-br\/wp-json\/wp\/v2\/posts"}],"about":[{"href":"https:\/\/www.leselfes.com\/pt-br\/wp-json\/wp\/v2\/types\/post"}],"author":[{"embeddable":true,"href":"https:\/\/www.leselfes.com\/pt-br\/wp-json\/wp\/v2\/users\/16"}],"replies":[{"embeddable":true,"href":"https:\/\/www.leselfes.com\/pt-br\/wp-json\/wp\/v2\/comments?post=96301"}],"version-history":[{"count":0,"href":"https:\/\/www.leselfes.com\/pt-br\/wp-json\/wp\/v2\/posts\/96301\/revisions"}],"wp:attachment":[{"href":"https:\/\/www.leselfes.com\/pt-br\/wp-json\/wp\/v2\/media?parent=96301"}],"wp:term":[{"taxonomy":"category","embeddable":true,"href":"https:\/\/www.leselfes.com\/pt-br\/wp-json\/wp\/v2\/categories?post=96301"},{"taxonomy":"post_tag","embeddable":true,"href":"https:\/\/www.leselfes.com\/pt-br\/wp-json\/wp\/v2\/tags?post=96301"}],"curies":[{"name":"wp","href":"https:\/\/api.w.org\/{rel}","templated":true}]}}