{"id":96340,"date":"2025-01-07T09:23:56","date_gmt":"2025-01-07T08:23:56","guid":{"rendered":"https:\/\/www.leselfes.com\/quinta-feira-26-de-dezembro-tempo-para-explorar-a-cidade\/"},"modified":"2025-01-07T09:25:49","modified_gmt":"2025-01-07T08:25:49","slug":"quinta-feira-26-de-dezembro-tempo-para-explorar-a-cidade","status":"publish","type":"post","link":"https:\/\/www.leselfes.com\/pt-br\/quinta-feira-26-de-dezembro-tempo-para-explorar-a-cidade\/","title":{"rendered":"Quinta-feira, 26 de dezembro &#8211; Tempo para explorar a cidade"},"content":{"rendered":"<div dir=\"auto\">Hoje foi um daqueles dias que parecem ter sa\u00eddo diretamente de um sonho. As pistas pareciam mais convidativas do que nunca, e as crian\u00e7as que estavam ansiosas para esquiar n\u00e3o viam a hora de come\u00e7ar. Elas vestiram seus equipamentos, com os rostos brilhantes de empolga\u00e7\u00e3o, e partiram para um dia de escultura na neve fresca. Hoje, voc\u00ea viu algumas manobras impressionantes &#8211; crian\u00e7as deslizando sem esfor\u00e7o pelas pistas, algumas at\u00e9 enfrentando novos desafios.   <\/div>\n<div dir=\"auto\"><\/div>\n<div dir=\"auto\">Para outros, a aventura os levou para longe das pistas. Eles embarcaram em um \u00f4nibus para a cidade de Berna, prontos para um dia de descobertas. O Museu da Comunica\u00e7\u00e3o os aguardava, repleto de exposi\u00e7\u00f5es fascinantes sobre como as pessoas se conectam. Os telefones antigos, os primeiros r\u00e1dios e at\u00e9 mesmo os primeiros computadores chamaram a aten\u00e7\u00e3o deles. Eu quase podia ouvir a conversa deles enquanto passeavam pelo museu, fazendo perguntas e descobertas. Eles passaram o resto do dia em Berna, passeando pelas ruas charmosas, encontrando pequenos tesouros nas lojas e absorvendo a beleza da cidade.     <\/div>\n<div dir=\"auto\"><\/div>\n<div dir=\"auto\">De volta ao acampamento, ap\u00f3s as aventuras do dia, todos se reuniram no centro esportivo. A energia era contagiante, pois as crian\u00e7as se jogavam nos jogos e at\u00e9 mesmo corriam por divers\u00e3o. Eu podia sentir a alegria delas no ar enquanto riam, competiam e comemoravam suas vit\u00f3rias, grandes e pequenas. \u00c9 incr\u00edvel como algo t\u00e3o simples como um jogo pode trazer tanta felicidade.   <\/div>\n<div dir=\"auto\">Depois, \u00e9 claro, veio o ponto alto da noite: o jantar. A cozinha serviu um fondue su\u00ed\u00e7o quente e farto, e as crian\u00e7as mergulharam o p\u00e3o no queijo pegajoso. Houve algumas discuss\u00f5es brincalhonas sobre o \u00faltimo peda\u00e7o de p\u00e3o, mas isso faz parte da divers\u00e3o, certo? Foi uma refei\u00e7\u00e3o aconchegante e satisfat\u00f3ria, perfeita depois de um dia t\u00e3o agitado.   <\/div>\n<div dir=\"auto\"><\/div>\n<div dir=\"auto\">Mas a noite n\u00e3o terminou a\u00ed. A discoteca estava esperando, e as crian\u00e7as n\u00e3o viam a hora de ir para a pista de dan\u00e7a. As luzes se acenderam, a m\u00fasica tocou e a sala se encheu de risos e movimento. Foi uma noite de divers\u00e3o, pois eles dan\u00e7aram como se ningu\u00e9m estivesse olhando, soltando-se e comemorando outro dia incr\u00edvel. Eu tinha a sensa\u00e7\u00e3o de que as lembran\u00e7as desta noite seriam comentadas por muito tempo.    <\/div>\n<div dir=\"auto\">Enquanto a \u00faltima m\u00fasica tocava e as crian\u00e7as voltavam para suas cabanas, cansadas, mas cheias de alegria, eu as observava com um sorriso. Eles j\u00e1 vivenciaram muito, mas sei que ainda h\u00e1 muito mais pela frente. O amanh\u00e3 trar\u00e1 novas aventuras, e mal posso esperar para ver o que eles v\u00e3o aprontar em seguida. Mas, por enquanto, vou descansar na tranquilidade do acampamento, sentindo-me grato por fazer parte desse lugar m\u00e1gico.   <\/div>\n<div dir=\"auto\">At\u00e9 amanh\u00e3, Talia, a elfa<\/div>\n<div class=\"yj6qo\"><\/div>\n<div class=\"adL\" dir=\"auto\"><\/div>\n","protected":false},"excerpt":{"rendered":"<p>Hoje foi um daqueles dias que parecem ter sa\u00eddo diretamente de um sonho. As pistas pareciam mais convidativas do que nunca, e as crian\u00e7as que estavam ansiosas para esquiar n\u00e3o&#8230;<\/p>\n","protected":false},"author":16,"featured_media":0,"comment_status":"closed","ping_status":"open","sticky":false,"template":"","format":"standard","meta":{"_acf_changed":false,"inline_featured_image":false,"footnotes":""},"categories":[],"tags":[],"class_list":["post-96340","post","type-post","status-publish","format-standard"],"acf":[],"yoast_head":"<!-- This site is optimized with the Yoast SEO Premium plugin v24.2 (Yoast SEO v24.7) - https:\/\/yoast.com\/wordpress\/plugins\/seo\/ -->\n<title>Quinta-feira, 26 de dezembro - Tempo para explorar a cidade - Les Elfes International Camps Switzerland<\/title>\n<meta name=\"robots\" content=\"index, follow, max-snippet:-1, max-image-preview:large, max-video-preview:-1\" \/>\n<link rel=\"canonical\" href=\"https:\/\/www.leselfes.com\/pt-br\/quinta-feira-26-de-dezembro-tempo-para-explorar-a-cidade\/\" \/>\n<meta property=\"og:locale\" content=\"pt_BR\" \/>\n<meta property=\"og:type\" content=\"article\" \/>\n<meta property=\"og:title\" content=\"Quinta-feira, 26 de dezembro - Tempo para explorar a cidade\" \/>\n<meta property=\"og:description\" content=\"Hoje foi um daqueles dias que parecem ter sa\u00eddo diretamente de um sonho. As pistas pareciam mais convidativas do que nunca, e as crian\u00e7as que estavam ansiosas para esquiar n\u00e3o...\" \/>\n<meta property=\"og:url\" content=\"https:\/\/www.leselfes.com\/pt-br\/quinta-feira-26-de-dezembro-tempo-para-explorar-a-cidade\/\" \/>\n<meta property=\"og:site_name\" content=\"Les Elfes International Camps Switzerland\" \/>\n<meta property=\"article:publisher\" content=\"https:\/\/www.facebook.com\/LesElfesVerbier\" \/>\n<meta property=\"article:published_time\" content=\"2025-01-07T08:23:56+00:00\" \/>\n<meta property=\"article:modified_time\" content=\"2025-01-07T08:25:49+00:00\" \/>\n<meta property=\"og:image\" content=\"https:\/\/www.leselfes.com\/wp-content\/uploads\/2022\/02\/Les-Elfes-International-summer-camp-Switzerland-Staff-Mobile-591x555-1.jpg\" \/>\n\t<meta property=\"og:image:width\" content=\"591\" \/>\n\t<meta property=\"og:image:height\" content=\"555\" \/>\n\t<meta property=\"og:image:type\" content=\"image\/jpeg\" \/>\n<meta name=\"author\" content=\"Matthieu Perard\" \/>\n<meta name=\"twitter:card\" content=\"summary_large_image\" \/>\n<meta name=\"twitter:creator\" content=\"@LesElfesCamps\" \/>\n<meta name=\"twitter:site\" content=\"@LesElfesCamps\" \/>\n<meta name=\"twitter:label1\" content=\"Escrito por\" \/>\n\t<meta name=\"twitter:data1\" content=\"Matthieu Perard\" \/>\n\t<meta name=\"twitter:label2\" content=\"Est. tempo de leitura\" \/>\n\t<meta name=\"twitter:data2\" content=\"2 minutos\" \/>\n<script type=\"application\/ld+json\" class=\"yoast-schema-graph\">{\"@context\":\"https:\/\/schema.org\",\"@graph\":[{\"@type\":\"Article\",\"@id\":\"https:\/\/www.leselfes.com\/pt-br\/quinta-feira-26-de-dezembro-tempo-para-explorar-a-cidade\/#article\",\"isPartOf\":{\"@id\":\"https:\/\/www.leselfes.com\/pt-br\/quinta-feira-26-de-dezembro-tempo-para-explorar-a-cidade\/\"},\"author\":{\"name\":\"Matthieu Perard\",\"@id\":\"https:\/\/dev.leselfes.com\/#\/schema\/person\/7ac5f99a7f3c597105fe663a00bdf6d6\"},\"headline\":\"Quinta-feira, 26 de dezembro &#8211; Tempo para explorar a cidade\",\"datePublished\":\"2025-01-07T08:23:56+00:00\",\"dateModified\":\"2025-01-07T08:25:49+00:00\",\"mainEntityOfPage\":{\"@id\":\"https:\/\/www.leselfes.com\/pt-br\/quinta-feira-26-de-dezembro-tempo-para-explorar-a-cidade\/\"},\"wordCount\":490,\"publisher\":{\"@id\":\"https:\/\/dev.leselfes.com\/#organization\"},\"inLanguage\":\"pt-BR\"},{\"@type\":\"WebPage\",\"@id\":\"https:\/\/www.leselfes.com\/pt-br\/quinta-feira-26-de-dezembro-tempo-para-explorar-a-cidade\/\",\"url\":\"https:\/\/www.leselfes.com\/pt-br\/quinta-feira-26-de-dezembro-tempo-para-explorar-a-cidade\/\",\"name\":\"Quinta-feira, 26 de dezembro - Tempo para explorar a cidade - Les Elfes International Camps Switzerland\",\"isPartOf\":{\"@id\":\"https:\/\/dev.leselfes.com\/#website\"},\"datePublished\":\"2025-01-07T08:23:56+00:00\",\"dateModified\":\"2025-01-07T08:25:49+00:00\",\"breadcrumb\":{\"@id\":\"https:\/\/www.leselfes.com\/pt-br\/quinta-feira-26-de-dezembro-tempo-para-explorar-a-cidade\/#breadcrumb\"},\"inLanguage\":\"pt-BR\",\"potentialAction\":[{\"@type\":\"ReadAction\",\"target\":[\"https:\/\/www.leselfes.com\/pt-br\/quinta-feira-26-de-dezembro-tempo-para-explorar-a-cidade\/\"]}]},{\"@type\":\"BreadcrumbList\",\"@id\":\"https:\/\/www.leselfes.com\/pt-br\/quinta-feira-26-de-dezembro-tempo-para-explorar-a-cidade\/#breadcrumb\",\"itemListElement\":[{\"@type\":\"ListItem\",\"position\":1,\"name\":\"Home\",\"item\":\"https:\/\/www.leselfes.com\/pt-br\/\"},{\"@type\":\"ListItem\",\"position\":2,\"name\":\"Quinta-feira, 26 de dezembro &#8211; Tempo para explorar a cidade\"}]},{\"@type\":\"WebSite\",\"@id\":\"https:\/\/dev.leselfes.com\/#website\",\"url\":\"https:\/\/dev.leselfes.com\/\",\"name\":\"Les Elfes International\",\"description\":\"Les Elfes International, Verbier Switzerland. Summer Camp, Winter Camp, Spring Camps.\",\"publisher\":{\"@id\":\"https:\/\/dev.leselfes.com\/#organization\"},\"alternateName\":\"Les Elfes International\",\"potentialAction\":[{\"@type\":\"SearchAction\",\"target\":{\"@type\":\"EntryPoint\",\"urlTemplate\":\"https:\/\/dev.leselfes.com\/?s={search_term_string}\"},\"query-input\":{\"@type\":\"PropertyValueSpecification\",\"valueRequired\":true,\"valueName\":\"search_term_string\"}}],\"inLanguage\":\"pt-BR\"},{\"@type\":\"Organization\",\"@id\":\"https:\/\/dev.leselfes.com\/#organization\",\"name\":\"Les Elfes International\",\"alternateName\":\"Les Elfes International\",\"url\":\"https:\/\/dev.leselfes.com\/\",\"logo\":{\"@type\":\"ImageObject\",\"inLanguage\":\"pt-BR\",\"@id\":\"https:\/\/dev.leselfes.com\/#\/schema\/logo\/image\/\",\"url\":\"https:\/\/www.leselfes.com\/wp-content\/uploads\/2022\/03\/leselfes-logo.png\",\"contentUrl\":\"https:\/\/www.leselfes.com\/wp-content\/uploads\/2022\/03\/leselfes-logo.png\",\"width\":233,\"height\":51,\"caption\":\"Les Elfes International\"},\"image\":{\"@id\":\"https:\/\/dev.leselfes.com\/#\/schema\/logo\/image\/\"},\"sameAs\":[\"https:\/\/www.facebook.com\/LesElfesVerbier\",\"https:\/\/x.com\/LesElfesCamps\",\"https:\/\/www.instagram.com\/leselfes\",\"https:\/\/www.linkedin.com\/company\/les-elfes-international\",\"https:\/\/www.youtube.com\/user\/LesElfesVerbier\"]},{\"@type\":\"Person\",\"@id\":\"https:\/\/dev.leselfes.com\/#\/schema\/person\/7ac5f99a7f3c597105fe663a00bdf6d6\",\"name\":\"Matthieu Perard\",\"image\":{\"@type\":\"ImageObject\",\"inLanguage\":\"pt-BR\",\"@id\":\"https:\/\/dev.leselfes.com\/#\/schema\/person\/image\/\",\"url\":\"https:\/\/secure.gravatar.com\/avatar\/e368f5bd153d15a1ff42a4c64a46d1ef?s=96&d=mm&r=g\",\"contentUrl\":\"https:\/\/secure.gravatar.com\/avatar\/e368f5bd153d15a1ff42a4c64a46d1ef?s=96&d=mm&r=g\",\"caption\":\"Matthieu Perard\"},\"url\":\"https:\/\/www.leselfes.com\/pt-br\/author\/m-pierardnotostudio-ch\/\"}]}<\/script>\n<!-- \/ Yoast SEO Premium plugin. -->","yoast_head_json":{"title":"Quinta-feira, 26 de dezembro - Tempo para explorar a cidade - Les Elfes International Camps Switzerland","robots":{"index":"index","follow":"follow","max-snippet":"max-snippet:-1","max-image-preview":"max-image-preview:large","max-video-preview":"max-video-preview:-1"},"canonical":"https:\/\/www.leselfes.com\/pt-br\/quinta-feira-26-de-dezembro-tempo-para-explorar-a-cidade\/","og_locale":"pt_BR","og_type":"article","og_title":"Quinta-feira, 26 de dezembro - Tempo para explorar a cidade","og_description":"Hoje foi um daqueles dias que parecem ter sa\u00eddo diretamente de um sonho. As pistas pareciam mais convidativas do que nunca, e as crian\u00e7as que estavam ansiosas para esquiar n\u00e3o...","og_url":"https:\/\/www.leselfes.com\/pt-br\/quinta-feira-26-de-dezembro-tempo-para-explorar-a-cidade\/","og_site_name":"Les Elfes International Camps Switzerland","article_publisher":"https:\/\/www.facebook.com\/LesElfesVerbier","article_published_time":"2025-01-07T08:23:56+00:00","article_modified_time":"2025-01-07T08:25:49+00:00","og_image":[{"width":591,"height":555,"url":"https:\/\/www.leselfes.com\/wp-content\/uploads\/2022\/02\/Les-Elfes-International-summer-camp-Switzerland-Staff-Mobile-591x555-1.jpg","type":"image\/jpeg"}],"author":"Matthieu Perard","twitter_card":"summary_large_image","twitter_creator":"@LesElfesCamps","twitter_site":"@LesElfesCamps","twitter_misc":{"Escrito por":"Matthieu Perard","Est. tempo de leitura":"2 minutos"},"schema":{"@context":"https:\/\/schema.org","@graph":[{"@type":"Article","@id":"https:\/\/www.leselfes.com\/pt-br\/quinta-feira-26-de-dezembro-tempo-para-explorar-a-cidade\/#article","isPartOf":{"@id":"https:\/\/www.leselfes.com\/pt-br\/quinta-feira-26-de-dezembro-tempo-para-explorar-a-cidade\/"},"author":{"name":"Matthieu Perard","@id":"https:\/\/dev.leselfes.com\/#\/schema\/person\/7ac5f99a7f3c597105fe663a00bdf6d6"},"headline":"Quinta-feira, 26 de dezembro &#8211; Tempo para explorar a cidade","datePublished":"2025-01-07T08:23:56+00:00","dateModified":"2025-01-07T08:25:49+00:00","mainEntityOfPage":{"@id":"https:\/\/www.leselfes.com\/pt-br\/quinta-feira-26-de-dezembro-tempo-para-explorar-a-cidade\/"},"wordCount":490,"publisher":{"@id":"https:\/\/dev.leselfes.com\/#organization"},"inLanguage":"pt-BR"},{"@type":"WebPage","@id":"https:\/\/www.leselfes.com\/pt-br\/quinta-feira-26-de-dezembro-tempo-para-explorar-a-cidade\/","url":"https:\/\/www.leselfes.com\/pt-br\/quinta-feira-26-de-dezembro-tempo-para-explorar-a-cidade\/","name":"Quinta-feira, 26 de dezembro - Tempo para explorar a cidade - Les Elfes International Camps Switzerland","isPartOf":{"@id":"https:\/\/dev.leselfes.com\/#website"},"datePublished":"2025-01-07T08:23:56+00:00","dateModified":"2025-01-07T08:25:49+00:00","breadcrumb":{"@id":"https:\/\/www.leselfes.com\/pt-br\/quinta-feira-26-de-dezembro-tempo-para-explorar-a-cidade\/#breadcrumb"},"inLanguage":"pt-BR","potentialAction":[{"@type":"ReadAction","target":["https:\/\/www.leselfes.com\/pt-br\/quinta-feira-26-de-dezembro-tempo-para-explorar-a-cidade\/"]}]},{"@type":"BreadcrumbList","@id":"https:\/\/www.leselfes.com\/pt-br\/quinta-feira-26-de-dezembro-tempo-para-explorar-a-cidade\/#breadcrumb","itemListElement":[{"@type":"ListItem","position":1,"name":"Home","item":"https:\/\/www.leselfes.com\/pt-br\/"},{"@type":"ListItem","position":2,"name":"Quinta-feira, 26 de dezembro &#8211; Tempo para explorar a cidade"}]},{"@type":"WebSite","@id":"https:\/\/dev.leselfes.com\/#website","url":"https:\/\/dev.leselfes.com\/","name":"Les Elfes International","description":"Les Elfes International, Verbier Switzerland. Summer Camp, Winter Camp, Spring Camps.","publisher":{"@id":"https:\/\/dev.leselfes.com\/#organization"},"alternateName":"Les Elfes International","potentialAction":[{"@type":"SearchAction","target":{"@type":"EntryPoint","urlTemplate":"https:\/\/dev.leselfes.com\/?s={search_term_string}"},"query-input":{"@type":"PropertyValueSpecification","valueRequired":true,"valueName":"search_term_string"}}],"inLanguage":"pt-BR"},{"@type":"Organization","@id":"https:\/\/dev.leselfes.com\/#organization","name":"Les Elfes International","alternateName":"Les Elfes International","url":"https:\/\/dev.leselfes.com\/","logo":{"@type":"ImageObject","inLanguage":"pt-BR","@id":"https:\/\/dev.leselfes.com\/#\/schema\/logo\/image\/","url":"https:\/\/www.leselfes.com\/wp-content\/uploads\/2022\/03\/leselfes-logo.png","contentUrl":"https:\/\/www.leselfes.com\/wp-content\/uploads\/2022\/03\/leselfes-logo.png","width":233,"height":51,"caption":"Les Elfes International"},"image":{"@id":"https:\/\/dev.leselfes.com\/#\/schema\/logo\/image\/"},"sameAs":["https:\/\/www.facebook.com\/LesElfesVerbier","https:\/\/x.com\/LesElfesCamps","https:\/\/www.instagram.com\/leselfes","https:\/\/www.linkedin.com\/company\/les-elfes-international","https:\/\/www.youtube.com\/user\/LesElfesVerbier"]},{"@type":"Person","@id":"https:\/\/dev.leselfes.com\/#\/schema\/person\/7ac5f99a7f3c597105fe663a00bdf6d6","name":"Matthieu Perard","image":{"@type":"ImageObject","inLanguage":"pt-BR","@id":"https:\/\/dev.leselfes.com\/#\/schema\/person\/image\/","url":"https:\/\/secure.gravatar.com\/avatar\/e368f5bd153d15a1ff42a4c64a46d1ef?s=96&d=mm&r=g","contentUrl":"https:\/\/secure.gravatar.com\/avatar\/e368f5bd153d15a1ff42a4c64a46d1ef?s=96&d=mm&r=g","caption":"Matthieu Perard"},"url":"https:\/\/www.leselfes.com\/pt-br\/author\/m-pierardnotostudio-ch\/"}]}},"_links":{"self":[{"href":"https:\/\/www.leselfes.com\/pt-br\/wp-json\/wp\/v2\/posts\/96340"}],"collection":[{"href":"https:\/\/www.leselfes.com\/pt-br\/wp-json\/wp\/v2\/posts"}],"about":[{"href":"https:\/\/www.leselfes.com\/pt-br\/wp-json\/wp\/v2\/types\/post"}],"author":[{"embeddable":true,"href":"https:\/\/www.leselfes.com\/pt-br\/wp-json\/wp\/v2\/users\/16"}],"replies":[{"embeddable":true,"href":"https:\/\/www.leselfes.com\/pt-br\/wp-json\/wp\/v2\/comments?post=96340"}],"version-history":[{"count":0,"href":"https:\/\/www.leselfes.com\/pt-br\/wp-json\/wp\/v2\/posts\/96340\/revisions"}],"wp:attachment":[{"href":"https:\/\/www.leselfes.com\/pt-br\/wp-json\/wp\/v2\/media?parent=96340"}],"wp:term":[{"taxonomy":"category","embeddable":true,"href":"https:\/\/www.leselfes.com\/pt-br\/wp-json\/wp\/v2\/categories?post=96340"},{"taxonomy":"post_tag","embeddable":true,"href":"https:\/\/www.leselfes.com\/pt-br\/wp-json\/wp\/v2\/tags?post=96340"}],"curies":[{"name":"wp","href":"https:\/\/api.w.org\/{rel}","templated":true}]}}