{"id":96350,"date":"2025-01-07T09:24:37","date_gmt":"2025-01-07T08:24:37","guid":{"rendered":"https:\/\/www.leselfes.com\/sexta-feira-27-de-dezembro-churrasco-nas-encostas-para-encerrar-a-aventura\/"},"modified":"2025-01-07T09:25:51","modified_gmt":"2025-01-07T08:25:51","slug":"sexta-feira-27-de-dezembro-churrasco-nas-encostas-para-encerrar-a-aventura","status":"publish","type":"post","link":"https:\/\/www.leselfes.com\/pt-br\/sexta-feira-27-de-dezembro-churrasco-nas-encostas-para-encerrar-a-aventura\/","title":{"rendered":"Sexta-feira, 27 de dezembro &#8211; Churrasco nas encostas para encerrar a aventura"},"content":{"rendered":"<p>Que \u00faltimo dia incr\u00edvel no acampamento! O sol brilhava forte, lan\u00e7ando um brilho dourado sobre as montanhas nevadas. As crian\u00e7as estavam ansiosas para voltar \u00e0s pistas, e a neve estava perfeita &#8211; macia e pulverulenta. Elas estavam descendo a montanha como profissionais, cheias de energia e entusiasmo. Fizemos uma pausa para um churrasco na metade da descida da encosta. O cheiro de salsichas grelhadas encheu o ar, e todos relaxaram, compartilhando hist\u00f3rias e risadas no pa\u00eds das maravilhas da neve. Depois veio o ponto alto do dia: a corrida de esqui! Parecia uma cena ol\u00edmpica, com todas as crian\u00e7as representando seus pa\u00edses nas pistas. A corrida foi cheia de energia, e cada crian\u00e7a deu o melhor de si. Depois da corrida, voltamos para o acampamento, cansados, mas felizes. O jantar foi farto e cheio de conversas sobre a corrida. Depois veio a cerim\u00f4nia de premia\u00e7\u00e3o, na qual as crian\u00e7as receberam trof\u00e9us por tudo, desde velocidade at\u00e9 esp\u00edrito. Para encerrar a semana, nos reunimos em volta da fogueira. O calor das chamas era muito bom depois de um dia t\u00e3o divertido. As crian\u00e7as cantaram m\u00fasicas, contaram hist\u00f3rias e compartilharam suas lembran\u00e7as favoritas. Foi a maneira perfeita de terminar uma semana inesquec\u00edvel em Verbier. Espero ver voc\u00eas de volta no pr\u00f3ximo ano, pequenos elfos! Talia, a elfa   <\/p>\n","protected":false},"excerpt":{"rendered":"<p>Que \u00faltimo dia incr\u00edvel no acampamento! O sol brilhava forte, lan\u00e7ando um brilho dourado sobre as montanhas nevadas. As crian\u00e7as estavam ansiosas para voltar \u00e0s pistas, e a neve estava&#8230;<\/p>\n","protected":false},"author":16,"featured_media":0,"comment_status":"closed","ping_status":"open","sticky":false,"template":"","format":"standard","meta":{"_acf_changed":false,"inline_featured_image":false,"footnotes":""},"categories":[],"tags":[],"class_list":["post-96350","post","type-post","status-publish","format-standard"],"acf":[],"yoast_head":"<!-- This site is optimized with the Yoast SEO Premium plugin v24.2 (Yoast SEO v24.7) - https:\/\/yoast.com\/wordpress\/plugins\/seo\/ -->\n<title>Sexta-feira, 27 de dezembro - Churrasco nas encostas para encerrar a aventura - Les Elfes International Camps Switzerland<\/title>\n<meta name=\"robots\" content=\"index, follow, max-snippet:-1, max-image-preview:large, max-video-preview:-1\" \/>\n<link rel=\"canonical\" href=\"https:\/\/www.leselfes.com\/pt-br\/sexta-feira-27-de-dezembro-churrasco-nas-encostas-para-encerrar-a-aventura\/\" \/>\n<meta property=\"og:locale\" content=\"pt_BR\" \/>\n<meta property=\"og:type\" content=\"article\" \/>\n<meta property=\"og:title\" content=\"Sexta-feira, 27 de dezembro - Churrasco nas encostas para encerrar a aventura\" \/>\n<meta property=\"og:description\" content=\"Que \u00faltimo dia incr\u00edvel no acampamento! O sol brilhava forte, lan\u00e7ando um brilho dourado sobre as montanhas nevadas. As crian\u00e7as estavam ansiosas para voltar \u00e0s pistas, e a neve estava...\" \/>\n<meta property=\"og:url\" content=\"https:\/\/www.leselfes.com\/pt-br\/sexta-feira-27-de-dezembro-churrasco-nas-encostas-para-encerrar-a-aventura\/\" \/>\n<meta property=\"og:site_name\" content=\"Les Elfes International Camps Switzerland\" \/>\n<meta property=\"article:publisher\" content=\"https:\/\/www.facebook.com\/LesElfesVerbier\" \/>\n<meta property=\"article:published_time\" content=\"2025-01-07T08:24:37+00:00\" \/>\n<meta property=\"article:modified_time\" content=\"2025-01-07T08:25:51+00:00\" \/>\n<meta property=\"og:image\" content=\"https:\/\/www.leselfes.com\/wp-content\/uploads\/2022\/02\/Les-Elfes-International-summer-camp-Switzerland-Staff-Mobile-591x555-1.jpg\" \/>\n\t<meta property=\"og:image:width\" content=\"591\" \/>\n\t<meta property=\"og:image:height\" content=\"555\" \/>\n\t<meta property=\"og:image:type\" content=\"image\/jpeg\" \/>\n<meta name=\"author\" content=\"Matthieu Perard\" \/>\n<meta name=\"twitter:card\" content=\"summary_large_image\" \/>\n<meta name=\"twitter:creator\" content=\"@LesElfesCamps\" \/>\n<meta name=\"twitter:site\" content=\"@LesElfesCamps\" \/>\n<meta name=\"twitter:label1\" content=\"Escrito por\" \/>\n\t<meta name=\"twitter:data1\" content=\"Matthieu Perard\" \/>\n\t<meta name=\"twitter:label2\" content=\"Est. tempo de leitura\" \/>\n\t<meta name=\"twitter:data2\" content=\"1 minuto\" \/>\n<script type=\"application\/ld+json\" class=\"yoast-schema-graph\">{\"@context\":\"https:\/\/schema.org\",\"@graph\":[{\"@type\":\"Article\",\"@id\":\"https:\/\/www.leselfes.com\/pt-br\/sexta-feira-27-de-dezembro-churrasco-nas-encostas-para-encerrar-a-aventura\/#article\",\"isPartOf\":{\"@id\":\"https:\/\/www.leselfes.com\/pt-br\/sexta-feira-27-de-dezembro-churrasco-nas-encostas-para-encerrar-a-aventura\/\"},\"author\":{\"name\":\"Matthieu Perard\",\"@id\":\"https:\/\/dev.leselfes.com\/#\/schema\/person\/7ac5f99a7f3c597105fe663a00bdf6d6\"},\"headline\":\"Sexta-feira, 27 de dezembro &#8211; Churrasco nas encostas para encerrar a aventura\",\"datePublished\":\"2025-01-07T08:24:37+00:00\",\"dateModified\":\"2025-01-07T08:25:51+00:00\",\"mainEntityOfPage\":{\"@id\":\"https:\/\/www.leselfes.com\/pt-br\/sexta-feira-27-de-dezembro-churrasco-nas-encostas-para-encerrar-a-aventura\/\"},\"wordCount\":248,\"publisher\":{\"@id\":\"https:\/\/dev.leselfes.com\/#organization\"},\"inLanguage\":\"pt-BR\"},{\"@type\":\"WebPage\",\"@id\":\"https:\/\/www.leselfes.com\/pt-br\/sexta-feira-27-de-dezembro-churrasco-nas-encostas-para-encerrar-a-aventura\/\",\"url\":\"https:\/\/www.leselfes.com\/pt-br\/sexta-feira-27-de-dezembro-churrasco-nas-encostas-para-encerrar-a-aventura\/\",\"name\":\"Sexta-feira, 27 de dezembro - Churrasco nas encostas para encerrar a aventura - Les Elfes International Camps Switzerland\",\"isPartOf\":{\"@id\":\"https:\/\/dev.leselfes.com\/#website\"},\"datePublished\":\"2025-01-07T08:24:37+00:00\",\"dateModified\":\"2025-01-07T08:25:51+00:00\",\"breadcrumb\":{\"@id\":\"https:\/\/www.leselfes.com\/pt-br\/sexta-feira-27-de-dezembro-churrasco-nas-encostas-para-encerrar-a-aventura\/#breadcrumb\"},\"inLanguage\":\"pt-BR\",\"potentialAction\":[{\"@type\":\"ReadAction\",\"target\":[\"https:\/\/www.leselfes.com\/pt-br\/sexta-feira-27-de-dezembro-churrasco-nas-encostas-para-encerrar-a-aventura\/\"]}]},{\"@type\":\"BreadcrumbList\",\"@id\":\"https:\/\/www.leselfes.com\/pt-br\/sexta-feira-27-de-dezembro-churrasco-nas-encostas-para-encerrar-a-aventura\/#breadcrumb\",\"itemListElement\":[{\"@type\":\"ListItem\",\"position\":1,\"name\":\"Home\",\"item\":\"https:\/\/www.leselfes.com\/pt-br\/\"},{\"@type\":\"ListItem\",\"position\":2,\"name\":\"Sexta-feira, 27 de dezembro &#8211; Churrasco nas encostas para encerrar a aventura\"}]},{\"@type\":\"WebSite\",\"@id\":\"https:\/\/dev.leselfes.com\/#website\",\"url\":\"https:\/\/dev.leselfes.com\/\",\"name\":\"Les Elfes International\",\"description\":\"Les Elfes International, Verbier Switzerland. Summer Camp, Winter Camp, Spring Camps.\",\"publisher\":{\"@id\":\"https:\/\/dev.leselfes.com\/#organization\"},\"alternateName\":\"Les Elfes International\",\"potentialAction\":[{\"@type\":\"SearchAction\",\"target\":{\"@type\":\"EntryPoint\",\"urlTemplate\":\"https:\/\/dev.leselfes.com\/?s={search_term_string}\"},\"query-input\":{\"@type\":\"PropertyValueSpecification\",\"valueRequired\":true,\"valueName\":\"search_term_string\"}}],\"inLanguage\":\"pt-BR\"},{\"@type\":\"Organization\",\"@id\":\"https:\/\/dev.leselfes.com\/#organization\",\"name\":\"Les Elfes International\",\"alternateName\":\"Les Elfes International\",\"url\":\"https:\/\/dev.leselfes.com\/\",\"logo\":{\"@type\":\"ImageObject\",\"inLanguage\":\"pt-BR\",\"@id\":\"https:\/\/dev.leselfes.com\/#\/schema\/logo\/image\/\",\"url\":\"https:\/\/www.leselfes.com\/wp-content\/uploads\/2022\/03\/leselfes-logo.png\",\"contentUrl\":\"https:\/\/www.leselfes.com\/wp-content\/uploads\/2022\/03\/leselfes-logo.png\",\"width\":233,\"height\":51,\"caption\":\"Les Elfes International\"},\"image\":{\"@id\":\"https:\/\/dev.leselfes.com\/#\/schema\/logo\/image\/\"},\"sameAs\":[\"https:\/\/www.facebook.com\/LesElfesVerbier\",\"https:\/\/x.com\/LesElfesCamps\",\"https:\/\/www.instagram.com\/leselfes\",\"https:\/\/www.linkedin.com\/company\/les-elfes-international\",\"https:\/\/www.youtube.com\/user\/LesElfesVerbier\"]},{\"@type\":\"Person\",\"@id\":\"https:\/\/dev.leselfes.com\/#\/schema\/person\/7ac5f99a7f3c597105fe663a00bdf6d6\",\"name\":\"Matthieu Perard\",\"image\":{\"@type\":\"ImageObject\",\"inLanguage\":\"pt-BR\",\"@id\":\"https:\/\/dev.leselfes.com\/#\/schema\/person\/image\/\",\"url\":\"https:\/\/secure.gravatar.com\/avatar\/e368f5bd153d15a1ff42a4c64a46d1ef?s=96&d=mm&r=g\",\"contentUrl\":\"https:\/\/secure.gravatar.com\/avatar\/e368f5bd153d15a1ff42a4c64a46d1ef?s=96&d=mm&r=g\",\"caption\":\"Matthieu Perard\"},\"url\":\"https:\/\/www.leselfes.com\/pt-br\/author\/m-pierardnotostudio-ch\/\"}]}<\/script>\n<!-- \/ Yoast SEO Premium plugin. -->","yoast_head_json":{"title":"Sexta-feira, 27 de dezembro - Churrasco nas encostas para encerrar a aventura - Les Elfes International Camps Switzerland","robots":{"index":"index","follow":"follow","max-snippet":"max-snippet:-1","max-image-preview":"max-image-preview:large","max-video-preview":"max-video-preview:-1"},"canonical":"https:\/\/www.leselfes.com\/pt-br\/sexta-feira-27-de-dezembro-churrasco-nas-encostas-para-encerrar-a-aventura\/","og_locale":"pt_BR","og_type":"article","og_title":"Sexta-feira, 27 de dezembro - Churrasco nas encostas para encerrar a aventura","og_description":"Que \u00faltimo dia incr\u00edvel no acampamento! O sol brilhava forte, lan\u00e7ando um brilho dourado sobre as montanhas nevadas. As crian\u00e7as estavam ansiosas para voltar \u00e0s pistas, e a neve estava...","og_url":"https:\/\/www.leselfes.com\/pt-br\/sexta-feira-27-de-dezembro-churrasco-nas-encostas-para-encerrar-a-aventura\/","og_site_name":"Les Elfes International Camps Switzerland","article_publisher":"https:\/\/www.facebook.com\/LesElfesVerbier","article_published_time":"2025-01-07T08:24:37+00:00","article_modified_time":"2025-01-07T08:25:51+00:00","og_image":[{"width":591,"height":555,"url":"https:\/\/www.leselfes.com\/wp-content\/uploads\/2022\/02\/Les-Elfes-International-summer-camp-Switzerland-Staff-Mobile-591x555-1.jpg","type":"image\/jpeg"}],"author":"Matthieu Perard","twitter_card":"summary_large_image","twitter_creator":"@LesElfesCamps","twitter_site":"@LesElfesCamps","twitter_misc":{"Escrito por":"Matthieu Perard","Est. tempo de leitura":"1 minuto"},"schema":{"@context":"https:\/\/schema.org","@graph":[{"@type":"Article","@id":"https:\/\/www.leselfes.com\/pt-br\/sexta-feira-27-de-dezembro-churrasco-nas-encostas-para-encerrar-a-aventura\/#article","isPartOf":{"@id":"https:\/\/www.leselfes.com\/pt-br\/sexta-feira-27-de-dezembro-churrasco-nas-encostas-para-encerrar-a-aventura\/"},"author":{"name":"Matthieu Perard","@id":"https:\/\/dev.leselfes.com\/#\/schema\/person\/7ac5f99a7f3c597105fe663a00bdf6d6"},"headline":"Sexta-feira, 27 de dezembro &#8211; Churrasco nas encostas para encerrar a aventura","datePublished":"2025-01-07T08:24:37+00:00","dateModified":"2025-01-07T08:25:51+00:00","mainEntityOfPage":{"@id":"https:\/\/www.leselfes.com\/pt-br\/sexta-feira-27-de-dezembro-churrasco-nas-encostas-para-encerrar-a-aventura\/"},"wordCount":248,"publisher":{"@id":"https:\/\/dev.leselfes.com\/#organization"},"inLanguage":"pt-BR"},{"@type":"WebPage","@id":"https:\/\/www.leselfes.com\/pt-br\/sexta-feira-27-de-dezembro-churrasco-nas-encostas-para-encerrar-a-aventura\/","url":"https:\/\/www.leselfes.com\/pt-br\/sexta-feira-27-de-dezembro-churrasco-nas-encostas-para-encerrar-a-aventura\/","name":"Sexta-feira, 27 de dezembro - Churrasco nas encostas para encerrar a aventura - Les Elfes International Camps Switzerland","isPartOf":{"@id":"https:\/\/dev.leselfes.com\/#website"},"datePublished":"2025-01-07T08:24:37+00:00","dateModified":"2025-01-07T08:25:51+00:00","breadcrumb":{"@id":"https:\/\/www.leselfes.com\/pt-br\/sexta-feira-27-de-dezembro-churrasco-nas-encostas-para-encerrar-a-aventura\/#breadcrumb"},"inLanguage":"pt-BR","potentialAction":[{"@type":"ReadAction","target":["https:\/\/www.leselfes.com\/pt-br\/sexta-feira-27-de-dezembro-churrasco-nas-encostas-para-encerrar-a-aventura\/"]}]},{"@type":"BreadcrumbList","@id":"https:\/\/www.leselfes.com\/pt-br\/sexta-feira-27-de-dezembro-churrasco-nas-encostas-para-encerrar-a-aventura\/#breadcrumb","itemListElement":[{"@type":"ListItem","position":1,"name":"Home","item":"https:\/\/www.leselfes.com\/pt-br\/"},{"@type":"ListItem","position":2,"name":"Sexta-feira, 27 de dezembro &#8211; Churrasco nas encostas para encerrar a aventura"}]},{"@type":"WebSite","@id":"https:\/\/dev.leselfes.com\/#website","url":"https:\/\/dev.leselfes.com\/","name":"Les Elfes International","description":"Les Elfes International, Verbier Switzerland. Summer Camp, Winter Camp, Spring Camps.","publisher":{"@id":"https:\/\/dev.leselfes.com\/#organization"},"alternateName":"Les Elfes International","potentialAction":[{"@type":"SearchAction","target":{"@type":"EntryPoint","urlTemplate":"https:\/\/dev.leselfes.com\/?s={search_term_string}"},"query-input":{"@type":"PropertyValueSpecification","valueRequired":true,"valueName":"search_term_string"}}],"inLanguage":"pt-BR"},{"@type":"Organization","@id":"https:\/\/dev.leselfes.com\/#organization","name":"Les Elfes International","alternateName":"Les Elfes International","url":"https:\/\/dev.leselfes.com\/","logo":{"@type":"ImageObject","inLanguage":"pt-BR","@id":"https:\/\/dev.leselfes.com\/#\/schema\/logo\/image\/","url":"https:\/\/www.leselfes.com\/wp-content\/uploads\/2022\/03\/leselfes-logo.png","contentUrl":"https:\/\/www.leselfes.com\/wp-content\/uploads\/2022\/03\/leselfes-logo.png","width":233,"height":51,"caption":"Les Elfes International"},"image":{"@id":"https:\/\/dev.leselfes.com\/#\/schema\/logo\/image\/"},"sameAs":["https:\/\/www.facebook.com\/LesElfesVerbier","https:\/\/x.com\/LesElfesCamps","https:\/\/www.instagram.com\/leselfes","https:\/\/www.linkedin.com\/company\/les-elfes-international","https:\/\/www.youtube.com\/user\/LesElfesVerbier"]},{"@type":"Person","@id":"https:\/\/dev.leselfes.com\/#\/schema\/person\/7ac5f99a7f3c597105fe663a00bdf6d6","name":"Matthieu Perard","image":{"@type":"ImageObject","inLanguage":"pt-BR","@id":"https:\/\/dev.leselfes.com\/#\/schema\/person\/image\/","url":"https:\/\/secure.gravatar.com\/avatar\/e368f5bd153d15a1ff42a4c64a46d1ef?s=96&d=mm&r=g","contentUrl":"https:\/\/secure.gravatar.com\/avatar\/e368f5bd153d15a1ff42a4c64a46d1ef?s=96&d=mm&r=g","caption":"Matthieu Perard"},"url":"https:\/\/www.leselfes.com\/pt-br\/author\/m-pierardnotostudio-ch\/"}]}},"_links":{"self":[{"href":"https:\/\/www.leselfes.com\/pt-br\/wp-json\/wp\/v2\/posts\/96350"}],"collection":[{"href":"https:\/\/www.leselfes.com\/pt-br\/wp-json\/wp\/v2\/posts"}],"about":[{"href":"https:\/\/www.leselfes.com\/pt-br\/wp-json\/wp\/v2\/types\/post"}],"author":[{"embeddable":true,"href":"https:\/\/www.leselfes.com\/pt-br\/wp-json\/wp\/v2\/users\/16"}],"replies":[{"embeddable":true,"href":"https:\/\/www.leselfes.com\/pt-br\/wp-json\/wp\/v2\/comments?post=96350"}],"version-history":[{"count":0,"href":"https:\/\/www.leselfes.com\/pt-br\/wp-json\/wp\/v2\/posts\/96350\/revisions"}],"wp:attachment":[{"href":"https:\/\/www.leselfes.com\/pt-br\/wp-json\/wp\/v2\/media?parent=96350"}],"wp:term":[{"taxonomy":"category","embeddable":true,"href":"https:\/\/www.leselfes.com\/pt-br\/wp-json\/wp\/v2\/categories?post=96350"},{"taxonomy":"post_tag","embeddable":true,"href":"https:\/\/www.leselfes.com\/pt-br\/wp-json\/wp\/v2\/tags?post=96350"}],"curies":[{"name":"wp","href":"https:\/\/api.w.org\/{rel}","templated":true}]}}