{"id":96405,"date":"2025-01-07T09:26:52","date_gmt":"2025-01-07T08:26:52","guid":{"rendered":"https:\/\/www.leselfes.com\/segunda-feira-30-de-dezembro-neve-esqui-e-algumas-risadas-serias\/"},"modified":"2025-01-07T09:28:17","modified_gmt":"2025-01-07T08:28:17","slug":"segunda-feira-30-de-dezembro-neve-esqui-e-algumas-risadas-serias","status":"publish","type":"post","link":"https:\/\/www.leselfes.com\/pt-br\/segunda-feira-30-de-dezembro-neve-esqui-e-algumas-risadas-serias\/","title":{"rendered":"Segunda-feira, 30 de dezembro &#8211; Neve, esqui e algumas risadas s\u00e9rias"},"content":{"rendered":"<p>&nbsp;<\/p>\n<p>Hoje foi outro dia m\u00e1gico no acampamento de esqui! O sol brilhava intensamente sobre as encostas nevadas de Verbier, e as crian\u00e7as estavam cheias de entusiasmo. Depois do caf\u00e9 da manh\u00e3, elas sa\u00edram para esquiar. Que dia! O sol estava brilhando, as pistas estavam perfeitas e as crian\u00e7as estavam prontas para a a\u00e7\u00e3o. Depois de um farto caf\u00e9 da manh\u00e3 (s\u00e9rio, os doces su\u00ed\u00e7os s\u00e3o muito bons), eles se agasalharam e foram para a montanha. Algumas delas esquiaram como profissionais, enquanto outras passaram mais tempo na neve do que em seus esquis. Vi uma crian\u00e7a cair de forma t\u00e3o dram\u00e1tica que pensei que ela fosse come\u00e7ar a fazer anjos de neve de prop\u00f3sito! Para o almo\u00e7o, eles fizeram uma pausa em um restaurante na encosta, comendo sandu\u00edches e conversando sobre suas corridas matinais. Depois, voltaram para esquiar por mais algumas horas. A energia estava alta e a corrida at\u00e9 o final estava acontecendo! \u00c0 tarde, o grupo se dividiu. Alguns foram \u00e0 pista de patina\u00e7\u00e3o no gelo para testar suas habilidades de patina\u00e7\u00e3o (alguns deles talvez queiram continuar esquiando), enquanto outros foram \u00e0 cidade para fazer algumas compras. Uma crian\u00e7a comprou um globo de neve que deve ter pesado mais do que sua mochila. Alguns campistas tiveram aulas de idiomas, experimentando o franc\u00eas e o alem\u00e3o com diferentes graus de sucesso. Depois de um jantar farto, todos se reuniram no centro esportivo para um pouco de divers\u00e3o e jogos para encerrar o dia. Eu os observei correndo, rindo e brincando &#8211; honestamente, fiquei tentado a participar, mas sou muito melhor em ser sorrateiro do que competitivo. Outro dia divertido nas montanhas. Mal posso esperar para ver o que voc\u00ea ver\u00e1 amanh\u00e3! At\u00e9 l\u00e1,  <\/p>\n<p><strong>Talia, a elfa<\/strong><\/p>\n","protected":false},"excerpt":{"rendered":"<p>&nbsp; Hoje foi outro dia m\u00e1gico no acampamento de esqui! O sol brilhava intensamente sobre as encostas nevadas de Verbier, e as crian\u00e7as estavam cheias de entusiasmo. Depois do caf\u00e9&#8230;<\/p>\n","protected":false},"author":16,"featured_media":0,"comment_status":"closed","ping_status":"open","sticky":false,"template":"","format":"standard","meta":{"_acf_changed":false,"inline_featured_image":false,"footnotes":""},"categories":[],"tags":[],"class_list":["post-96405","post","type-post","status-publish","format-standard"],"acf":[],"yoast_head":"<!-- This site is optimized with the Yoast SEO Premium plugin v24.2 (Yoast SEO v24.7) - https:\/\/yoast.com\/wordpress\/plugins\/seo\/ -->\n<title>Segunda-feira, 30 de dezembro - Neve, esqui e algumas risadas s\u00e9rias - Les Elfes International Camps Switzerland<\/title>\n<meta name=\"robots\" content=\"index, follow, max-snippet:-1, max-image-preview:large, max-video-preview:-1\" \/>\n<link rel=\"canonical\" href=\"https:\/\/www.leselfes.com\/pt-br\/segunda-feira-30-de-dezembro-neve-esqui-e-algumas-risadas-serias\/\" \/>\n<meta property=\"og:locale\" content=\"pt_BR\" \/>\n<meta property=\"og:type\" content=\"article\" \/>\n<meta property=\"og:title\" content=\"Segunda-feira, 30 de dezembro - Neve, esqui e algumas risadas s\u00e9rias\" \/>\n<meta property=\"og:description\" content=\"&nbsp; Hoje foi outro dia m\u00e1gico no acampamento de esqui! O sol brilhava intensamente sobre as encostas nevadas de Verbier, e as crian\u00e7as estavam cheias de entusiasmo. Depois do caf\u00e9...\" \/>\n<meta property=\"og:url\" content=\"https:\/\/www.leselfes.com\/pt-br\/segunda-feira-30-de-dezembro-neve-esqui-e-algumas-risadas-serias\/\" \/>\n<meta property=\"og:site_name\" content=\"Les Elfes International Camps Switzerland\" \/>\n<meta property=\"article:publisher\" content=\"https:\/\/www.facebook.com\/LesElfesVerbier\" \/>\n<meta property=\"article:published_time\" content=\"2025-01-07T08:26:52+00:00\" \/>\n<meta property=\"article:modified_time\" content=\"2025-01-07T08:28:17+00:00\" \/>\n<meta property=\"og:image\" content=\"https:\/\/www.leselfes.com\/wp-content\/uploads\/2022\/02\/Les-Elfes-International-summer-camp-Switzerland-Staff-Mobile-591x555-1.jpg\" \/>\n\t<meta property=\"og:image:width\" content=\"591\" \/>\n\t<meta property=\"og:image:height\" content=\"555\" \/>\n\t<meta property=\"og:image:type\" content=\"image\/jpeg\" \/>\n<meta name=\"author\" content=\"Matthieu Perard\" \/>\n<meta name=\"twitter:card\" content=\"summary_large_image\" \/>\n<meta name=\"twitter:creator\" content=\"@LesElfesCamps\" \/>\n<meta name=\"twitter:site\" content=\"@LesElfesCamps\" \/>\n<meta name=\"twitter:label1\" content=\"Escrito por\" \/>\n\t<meta name=\"twitter:data1\" content=\"Matthieu Perard\" \/>\n\t<meta name=\"twitter:label2\" content=\"Est. tempo de leitura\" \/>\n\t<meta name=\"twitter:data2\" content=\"2 minutos\" \/>\n<script type=\"application\/ld+json\" class=\"yoast-schema-graph\">{\"@context\":\"https:\/\/schema.org\",\"@graph\":[{\"@type\":\"Article\",\"@id\":\"https:\/\/www.leselfes.com\/pt-br\/segunda-feira-30-de-dezembro-neve-esqui-e-algumas-risadas-serias\/#article\",\"isPartOf\":{\"@id\":\"https:\/\/www.leselfes.com\/pt-br\/segunda-feira-30-de-dezembro-neve-esqui-e-algumas-risadas-serias\/\"},\"author\":{\"name\":\"Matthieu Perard\",\"@id\":\"https:\/\/dev.leselfes.com\/#\/schema\/person\/7ac5f99a7f3c597105fe663a00bdf6d6\"},\"headline\":\"Segunda-feira, 30 de dezembro &#8211; Neve, esqui e algumas risadas s\u00e9rias\",\"datePublished\":\"2025-01-07T08:26:52+00:00\",\"dateModified\":\"2025-01-07T08:28:17+00:00\",\"mainEntityOfPage\":{\"@id\":\"https:\/\/www.leselfes.com\/pt-br\/segunda-feira-30-de-dezembro-neve-esqui-e-algumas-risadas-serias\/\"},\"wordCount\":316,\"publisher\":{\"@id\":\"https:\/\/dev.leselfes.com\/#organization\"},\"inLanguage\":\"pt-BR\"},{\"@type\":\"WebPage\",\"@id\":\"https:\/\/www.leselfes.com\/pt-br\/segunda-feira-30-de-dezembro-neve-esqui-e-algumas-risadas-serias\/\",\"url\":\"https:\/\/www.leselfes.com\/pt-br\/segunda-feira-30-de-dezembro-neve-esqui-e-algumas-risadas-serias\/\",\"name\":\"Segunda-feira, 30 de dezembro - Neve, esqui e algumas risadas s\u00e9rias - Les Elfes International Camps Switzerland\",\"isPartOf\":{\"@id\":\"https:\/\/dev.leselfes.com\/#website\"},\"datePublished\":\"2025-01-07T08:26:52+00:00\",\"dateModified\":\"2025-01-07T08:28:17+00:00\",\"breadcrumb\":{\"@id\":\"https:\/\/www.leselfes.com\/pt-br\/segunda-feira-30-de-dezembro-neve-esqui-e-algumas-risadas-serias\/#breadcrumb\"},\"inLanguage\":\"pt-BR\",\"potentialAction\":[{\"@type\":\"ReadAction\",\"target\":[\"https:\/\/www.leselfes.com\/pt-br\/segunda-feira-30-de-dezembro-neve-esqui-e-algumas-risadas-serias\/\"]}]},{\"@type\":\"BreadcrumbList\",\"@id\":\"https:\/\/www.leselfes.com\/pt-br\/segunda-feira-30-de-dezembro-neve-esqui-e-algumas-risadas-serias\/#breadcrumb\",\"itemListElement\":[{\"@type\":\"ListItem\",\"position\":1,\"name\":\"Home\",\"item\":\"https:\/\/www.leselfes.com\/pt-br\/\"},{\"@type\":\"ListItem\",\"position\":2,\"name\":\"Segunda-feira, 30 de dezembro &#8211; Neve, esqui e algumas risadas s\u00e9rias\"}]},{\"@type\":\"WebSite\",\"@id\":\"https:\/\/dev.leselfes.com\/#website\",\"url\":\"https:\/\/dev.leselfes.com\/\",\"name\":\"Les Elfes International\",\"description\":\"Les Elfes International, Verbier Switzerland. Summer Camp, Winter Camp, Spring Camps.\",\"publisher\":{\"@id\":\"https:\/\/dev.leselfes.com\/#organization\"},\"alternateName\":\"Les Elfes International\",\"potentialAction\":[{\"@type\":\"SearchAction\",\"target\":{\"@type\":\"EntryPoint\",\"urlTemplate\":\"https:\/\/dev.leselfes.com\/?s={search_term_string}\"},\"query-input\":{\"@type\":\"PropertyValueSpecification\",\"valueRequired\":true,\"valueName\":\"search_term_string\"}}],\"inLanguage\":\"pt-BR\"},{\"@type\":\"Organization\",\"@id\":\"https:\/\/dev.leselfes.com\/#organization\",\"name\":\"Les Elfes International\",\"alternateName\":\"Les Elfes International\",\"url\":\"https:\/\/dev.leselfes.com\/\",\"logo\":{\"@type\":\"ImageObject\",\"inLanguage\":\"pt-BR\",\"@id\":\"https:\/\/dev.leselfes.com\/#\/schema\/logo\/image\/\",\"url\":\"https:\/\/www.leselfes.com\/wp-content\/uploads\/2022\/03\/leselfes-logo.png\",\"contentUrl\":\"https:\/\/www.leselfes.com\/wp-content\/uploads\/2022\/03\/leselfes-logo.png\",\"width\":233,\"height\":51,\"caption\":\"Les Elfes International\"},\"image\":{\"@id\":\"https:\/\/dev.leselfes.com\/#\/schema\/logo\/image\/\"},\"sameAs\":[\"https:\/\/www.facebook.com\/LesElfesVerbier\",\"https:\/\/x.com\/LesElfesCamps\",\"https:\/\/www.instagram.com\/leselfes\",\"https:\/\/www.linkedin.com\/company\/les-elfes-international\",\"https:\/\/www.youtube.com\/user\/LesElfesVerbier\"]},{\"@type\":\"Person\",\"@id\":\"https:\/\/dev.leselfes.com\/#\/schema\/person\/7ac5f99a7f3c597105fe663a00bdf6d6\",\"name\":\"Matthieu Perard\",\"image\":{\"@type\":\"ImageObject\",\"inLanguage\":\"pt-BR\",\"@id\":\"https:\/\/dev.leselfes.com\/#\/schema\/person\/image\/\",\"url\":\"https:\/\/secure.gravatar.com\/avatar\/e368f5bd153d15a1ff42a4c64a46d1ef?s=96&d=mm&r=g\",\"contentUrl\":\"https:\/\/secure.gravatar.com\/avatar\/e368f5bd153d15a1ff42a4c64a46d1ef?s=96&d=mm&r=g\",\"caption\":\"Matthieu Perard\"},\"url\":\"https:\/\/www.leselfes.com\/pt-br\/author\/m-pierardnotostudio-ch\/\"}]}<\/script>\n<!-- \/ Yoast SEO Premium plugin. -->","yoast_head_json":{"title":"Segunda-feira, 30 de dezembro - Neve, esqui e algumas risadas s\u00e9rias - Les Elfes International Camps Switzerland","robots":{"index":"index","follow":"follow","max-snippet":"max-snippet:-1","max-image-preview":"max-image-preview:large","max-video-preview":"max-video-preview:-1"},"canonical":"https:\/\/www.leselfes.com\/pt-br\/segunda-feira-30-de-dezembro-neve-esqui-e-algumas-risadas-serias\/","og_locale":"pt_BR","og_type":"article","og_title":"Segunda-feira, 30 de dezembro - Neve, esqui e algumas risadas s\u00e9rias","og_description":"&nbsp; Hoje foi outro dia m\u00e1gico no acampamento de esqui! O sol brilhava intensamente sobre as encostas nevadas de Verbier, e as crian\u00e7as estavam cheias de entusiasmo. Depois do caf\u00e9...","og_url":"https:\/\/www.leselfes.com\/pt-br\/segunda-feira-30-de-dezembro-neve-esqui-e-algumas-risadas-serias\/","og_site_name":"Les Elfes International Camps Switzerland","article_publisher":"https:\/\/www.facebook.com\/LesElfesVerbier","article_published_time":"2025-01-07T08:26:52+00:00","article_modified_time":"2025-01-07T08:28:17+00:00","og_image":[{"width":591,"height":555,"url":"https:\/\/www.leselfes.com\/wp-content\/uploads\/2022\/02\/Les-Elfes-International-summer-camp-Switzerland-Staff-Mobile-591x555-1.jpg","type":"image\/jpeg"}],"author":"Matthieu Perard","twitter_card":"summary_large_image","twitter_creator":"@LesElfesCamps","twitter_site":"@LesElfesCamps","twitter_misc":{"Escrito por":"Matthieu Perard","Est. tempo de leitura":"2 minutos"},"schema":{"@context":"https:\/\/schema.org","@graph":[{"@type":"Article","@id":"https:\/\/www.leselfes.com\/pt-br\/segunda-feira-30-de-dezembro-neve-esqui-e-algumas-risadas-serias\/#article","isPartOf":{"@id":"https:\/\/www.leselfes.com\/pt-br\/segunda-feira-30-de-dezembro-neve-esqui-e-algumas-risadas-serias\/"},"author":{"name":"Matthieu Perard","@id":"https:\/\/dev.leselfes.com\/#\/schema\/person\/7ac5f99a7f3c597105fe663a00bdf6d6"},"headline":"Segunda-feira, 30 de dezembro &#8211; Neve, esqui e algumas risadas s\u00e9rias","datePublished":"2025-01-07T08:26:52+00:00","dateModified":"2025-01-07T08:28:17+00:00","mainEntityOfPage":{"@id":"https:\/\/www.leselfes.com\/pt-br\/segunda-feira-30-de-dezembro-neve-esqui-e-algumas-risadas-serias\/"},"wordCount":316,"publisher":{"@id":"https:\/\/dev.leselfes.com\/#organization"},"inLanguage":"pt-BR"},{"@type":"WebPage","@id":"https:\/\/www.leselfes.com\/pt-br\/segunda-feira-30-de-dezembro-neve-esqui-e-algumas-risadas-serias\/","url":"https:\/\/www.leselfes.com\/pt-br\/segunda-feira-30-de-dezembro-neve-esqui-e-algumas-risadas-serias\/","name":"Segunda-feira, 30 de dezembro - Neve, esqui e algumas risadas s\u00e9rias - Les Elfes International Camps Switzerland","isPartOf":{"@id":"https:\/\/dev.leselfes.com\/#website"},"datePublished":"2025-01-07T08:26:52+00:00","dateModified":"2025-01-07T08:28:17+00:00","breadcrumb":{"@id":"https:\/\/www.leselfes.com\/pt-br\/segunda-feira-30-de-dezembro-neve-esqui-e-algumas-risadas-serias\/#breadcrumb"},"inLanguage":"pt-BR","potentialAction":[{"@type":"ReadAction","target":["https:\/\/www.leselfes.com\/pt-br\/segunda-feira-30-de-dezembro-neve-esqui-e-algumas-risadas-serias\/"]}]},{"@type":"BreadcrumbList","@id":"https:\/\/www.leselfes.com\/pt-br\/segunda-feira-30-de-dezembro-neve-esqui-e-algumas-risadas-serias\/#breadcrumb","itemListElement":[{"@type":"ListItem","position":1,"name":"Home","item":"https:\/\/www.leselfes.com\/pt-br\/"},{"@type":"ListItem","position":2,"name":"Segunda-feira, 30 de dezembro &#8211; Neve, esqui e algumas risadas s\u00e9rias"}]},{"@type":"WebSite","@id":"https:\/\/dev.leselfes.com\/#website","url":"https:\/\/dev.leselfes.com\/","name":"Les Elfes International","description":"Les Elfes International, Verbier Switzerland. Summer Camp, Winter Camp, Spring Camps.","publisher":{"@id":"https:\/\/dev.leselfes.com\/#organization"},"alternateName":"Les Elfes International","potentialAction":[{"@type":"SearchAction","target":{"@type":"EntryPoint","urlTemplate":"https:\/\/dev.leselfes.com\/?s={search_term_string}"},"query-input":{"@type":"PropertyValueSpecification","valueRequired":true,"valueName":"search_term_string"}}],"inLanguage":"pt-BR"},{"@type":"Organization","@id":"https:\/\/dev.leselfes.com\/#organization","name":"Les Elfes International","alternateName":"Les Elfes International","url":"https:\/\/dev.leselfes.com\/","logo":{"@type":"ImageObject","inLanguage":"pt-BR","@id":"https:\/\/dev.leselfes.com\/#\/schema\/logo\/image\/","url":"https:\/\/www.leselfes.com\/wp-content\/uploads\/2022\/03\/leselfes-logo.png","contentUrl":"https:\/\/www.leselfes.com\/wp-content\/uploads\/2022\/03\/leselfes-logo.png","width":233,"height":51,"caption":"Les Elfes International"},"image":{"@id":"https:\/\/dev.leselfes.com\/#\/schema\/logo\/image\/"},"sameAs":["https:\/\/www.facebook.com\/LesElfesVerbier","https:\/\/x.com\/LesElfesCamps","https:\/\/www.instagram.com\/leselfes","https:\/\/www.linkedin.com\/company\/les-elfes-international","https:\/\/www.youtube.com\/user\/LesElfesVerbier"]},{"@type":"Person","@id":"https:\/\/dev.leselfes.com\/#\/schema\/person\/7ac5f99a7f3c597105fe663a00bdf6d6","name":"Matthieu Perard","image":{"@type":"ImageObject","inLanguage":"pt-BR","@id":"https:\/\/dev.leselfes.com\/#\/schema\/person\/image\/","url":"https:\/\/secure.gravatar.com\/avatar\/e368f5bd153d15a1ff42a4c64a46d1ef?s=96&d=mm&r=g","contentUrl":"https:\/\/secure.gravatar.com\/avatar\/e368f5bd153d15a1ff42a4c64a46d1ef?s=96&d=mm&r=g","caption":"Matthieu Perard"},"url":"https:\/\/www.leselfes.com\/pt-br\/author\/m-pierardnotostudio-ch\/"}]}},"_links":{"self":[{"href":"https:\/\/www.leselfes.com\/pt-br\/wp-json\/wp\/v2\/posts\/96405"}],"collection":[{"href":"https:\/\/www.leselfes.com\/pt-br\/wp-json\/wp\/v2\/posts"}],"about":[{"href":"https:\/\/www.leselfes.com\/pt-br\/wp-json\/wp\/v2\/types\/post"}],"author":[{"embeddable":true,"href":"https:\/\/www.leselfes.com\/pt-br\/wp-json\/wp\/v2\/users\/16"}],"replies":[{"embeddable":true,"href":"https:\/\/www.leselfes.com\/pt-br\/wp-json\/wp\/v2\/comments?post=96405"}],"version-history":[{"count":0,"href":"https:\/\/www.leselfes.com\/pt-br\/wp-json\/wp\/v2\/posts\/96405\/revisions"}],"wp:attachment":[{"href":"https:\/\/www.leselfes.com\/pt-br\/wp-json\/wp\/v2\/media?parent=96405"}],"wp:term":[{"taxonomy":"category","embeddable":true,"href":"https:\/\/www.leselfes.com\/pt-br\/wp-json\/wp\/v2\/categories?post=96405"},{"taxonomy":"post_tag","embeddable":true,"href":"https:\/\/www.leselfes.com\/pt-br\/wp-json\/wp\/v2\/tags?post=96405"}],"curies":[{"name":"wp","href":"https:\/\/api.w.org\/{rel}","templated":true}]}}