{"id":97724,"date":"2025-01-23T11:14:29","date_gmt":"2025-01-23T10:14:29","guid":{"rendered":"https:\/\/www.leselfes.com\/quarta-feira-22-de-janeiro-encostas-souvenirs-e-aventuras-na-neve\/"},"modified":"2025-01-23T11:14:29","modified_gmt":"2025-01-23T10:14:29","slug":"quarta-feira-22-de-janeiro-encostas-souvenirs-e-aventuras-na-neve","status":"publish","type":"post","link":"https:\/\/www.leselfes.com\/pt-br\/quarta-feira-22-de-janeiro-encostas-souvenirs-e-aventuras-na-neve\/","title":{"rendered":"Quarta-feira, 22 de janeiro &#8211; Encostas, souvenirs e aventuras na neve"},"content":{"rendered":"<div class=\"flex-1 overflow-hidden @container\/thread\">\n<div class=\"h-full\">\n<div class=\"react-scroll-to-bottom--css-mfdmp-79elbk h-full\">\n<div class=\"react-scroll-to-bottom--css-mfdmp-1n7m0yu\">\n<div class=\"flex flex-col text-sm md:pb-9\">\n<article class=\"w-full scroll-mb-[var(--thread-trailing-height,150px)] text-token-text-primary focus-visible:outline-2 focus-visible:outline-offset-[-4px]\" dir=\"auto\" data-testid=\"conversation-turn-7\" data-scroll-anchor=\"true\">\n<div class=\"m-auto text-base py-[18px] px-3 md:px-4 w-full md:px-5 lg:px-4 xl:px-5\">\n<div class=\"mx-auto flex flex-1 gap-4 text-base md:gap-5 lg:gap-6 md:max-w-3xl\">\n<div class=\"group\/conversation-turn relative flex w-full min-w-0 flex-col agent-turn\">\n<div class=\"flex-col gap-1 md:gap-3\">\n<div class=\"flex max-w-full flex-col flex-grow\">\n<div class=\"min-h-8 text-message flex w-full flex-col items-end gap-2 whitespace-normal break-words text-start [.text-message+&amp;]:mt-5\" dir=\"auto\" data-message-author-role=\"assistant\" data-message-id=\"b2f5838a-c2ab-4260-8005-b86657a8cc69\" data-message-model-slug=\"gpt-4o-mini\">\n<div class=\"flex w-full flex-col gap-1 empty:hidden first:pt-[3px]\">\n<div class=\"markdown prose w-full break-words dark:prose-invert light\">\n<p>Mais um \u00f3timo dia no acampamento! O dia come\u00e7ou nublado, mas isso n\u00e3o impediu as crian\u00e7as. Algumas foram esquiar na montanha, mesmo com um pouco de neblina. Mesmo assim, elas se divertiram muito descendo as pistas, com muitas risadas ao longo do caminho. O restante da equipe foi passar o dia em Berna. Eles visitaram o Museu da Comunica\u00e7\u00e3o, provavelmente ficaram um pouco empolgados demais com os aparelhos antigos e depois fizeram compras de chocolate su\u00ed\u00e7o. De volta ao acampamento, houve jogos de tabuleiro, Just Dance e aulas de idiomas. Algumas crian\u00e7as gostaram muito dos jogos de tabuleiro, enquanto outras se divertiram tentando dominar novos idiomas. Acredite em mim, algumas delas t\u00eam um grande potencial para cometer erros multil\u00edngues. O jantar foi fondue, \u00e9 claro, e todos comeram como se n\u00e3o vissem comida h\u00e1 dias (provavelmente porque n\u00e3o viam, depois de tanto esquiar e fazer compras). Depois disso, algumas crian\u00e7as fizeram uma caminhada com tochas pelos bosques nevados. Foi m\u00e1gico l\u00e1 fora, com a neve caindo suavemente e as tochas piscando no escuro. Outros ficaram em casa para filmar um videoclipe, o que, honestamente, foi apenas uma boa desculpa para dan\u00e7ar e fazer barulho. No geral, foi um dia muito bom. Mal posso esperar para ver o que voc\u00ea ver\u00e1 amanh\u00e3!   <\/p>\n<\/div>\n<\/div>\n<\/div>\n<\/div>\n<div class=\"mb-2 flex gap-3 empty:hidden -ml-2\">\n<div class=\"items-center justify-start rounded-xl p-1 flex\">\n<div class=\"flex items-center\"><\/div>\n<\/div>\n<\/div>\n<div class=\"pr-2 lg:pr-0\"><\/div>\n<div class=\"mt-3 w-full empty:hidden\">\n<div class=\"text-center\"><\/div>\n<\/div>\n<\/div>\n<div class=\"absolute\">\n<div class=\"flex items-center justify-center\"><\/div>\n<\/div>\n<\/div>\n<\/div>\n<\/div>\n<\/article>\n<\/div>\n<\/div>\n<\/div>\n<\/div>\n<\/div>\n<div class=\"md:pt-0 dark:border-white\/20 md:border-transparent md:dark:border-transparent w-full\">\n<div>\n<div class=\"m-auto text-base px-3 md:px-4 w-full md:px-5 lg:px-4 xl:px-5\">\n<div class=\"mx-auto flex flex-1 gap-4 text-base md:gap-5 lg:gap-6 md:max-w-3xl\">\n<div class=\"flex justify-center\"><\/div>\n<\/div>\n<\/div>\n<\/div>\n<\/div>\n","protected":false},"excerpt":{"rendered":"<p>Mais um \u00f3timo dia no acampamento! O dia come\u00e7ou nublado, mas isso n\u00e3o impediu as crian\u00e7as. Algumas foram esquiar na montanha, mesmo com um pouco de neblina. Mesmo assim, elas&#8230;<\/p>\n","protected":false},"author":3,"featured_media":0,"comment_status":"open","ping_status":"open","sticky":false,"template":"","format":"standard","meta":{"_acf_changed":false,"inline_featured_image":false,"footnotes":""},"categories":[],"tags":[],"class_list":["post-97724","post","type-post","status-publish","format-standard"],"acf":[],"yoast_head":"<!-- This site is optimized with the Yoast SEO Premium plugin v24.2 (Yoast SEO v24.7) - https:\/\/yoast.com\/wordpress\/plugins\/seo\/ -->\n<title>Quarta-feira, 22 de janeiro - Encostas, souvenirs e aventuras na neve - Les Elfes International Camps Switzerland<\/title>\n<meta name=\"robots\" content=\"index, follow, max-snippet:-1, max-image-preview:large, max-video-preview:-1\" \/>\n<link rel=\"canonical\" href=\"https:\/\/www.leselfes.com\/pt-br\/quarta-feira-22-de-janeiro-encostas-souvenirs-e-aventuras-na-neve\/\" \/>\n<meta property=\"og:locale\" content=\"pt_BR\" \/>\n<meta property=\"og:type\" content=\"article\" \/>\n<meta property=\"og:title\" content=\"Quarta-feira, 22 de janeiro - Encostas, souvenirs e aventuras na neve\" \/>\n<meta property=\"og:description\" content=\"Mais um \u00f3timo dia no acampamento! O dia come\u00e7ou nublado, mas isso n\u00e3o impediu as crian\u00e7as. Algumas foram esquiar na montanha, mesmo com um pouco de neblina. Mesmo assim, elas...\" \/>\n<meta property=\"og:url\" content=\"https:\/\/www.leselfes.com\/pt-br\/quarta-feira-22-de-janeiro-encostas-souvenirs-e-aventuras-na-neve\/\" \/>\n<meta property=\"og:site_name\" content=\"Les Elfes International Camps Switzerland\" \/>\n<meta property=\"article:publisher\" content=\"https:\/\/www.facebook.com\/LesElfesVerbier\" \/>\n<meta property=\"article:published_time\" content=\"2025-01-23T10:14:29+00:00\" \/>\n<meta property=\"og:image\" content=\"https:\/\/www.leselfes.com\/wp-content\/uploads\/2022\/02\/Les-Elfes-International-summer-camp-Switzerland-Staff-Mobile-591x555-1.jpg\" \/>\n\t<meta property=\"og:image:width\" content=\"591\" \/>\n\t<meta property=\"og:image:height\" content=\"555\" \/>\n\t<meta property=\"og:image:type\" content=\"image\/jpeg\" \/>\n<meta name=\"author\" content=\"Campus Verbier\" \/>\n<meta name=\"twitter:card\" content=\"summary_large_image\" \/>\n<meta name=\"twitter:creator\" content=\"@LesElfesCamps\" \/>\n<meta name=\"twitter:site\" content=\"@LesElfesCamps\" \/>\n<meta name=\"twitter:label1\" content=\"Escrito por\" \/>\n\t<meta name=\"twitter:data1\" content=\"Campus Verbier\" \/>\n\t<meta name=\"twitter:label2\" content=\"Est. tempo de leitura\" \/>\n\t<meta name=\"twitter:data2\" content=\"1 minuto\" \/>\n<script type=\"application\/ld+json\" class=\"yoast-schema-graph\">{\"@context\":\"https:\/\/schema.org\",\"@graph\":[{\"@type\":\"Article\",\"@id\":\"https:\/\/www.leselfes.com\/pt-br\/quarta-feira-22-de-janeiro-encostas-souvenirs-e-aventuras-na-neve\/#article\",\"isPartOf\":{\"@id\":\"https:\/\/www.leselfes.com\/pt-br\/quarta-feira-22-de-janeiro-encostas-souvenirs-e-aventuras-na-neve\/\"},\"author\":{\"name\":\"Campus Verbier\",\"@id\":\"https:\/\/dev.leselfes.com\/#\/schema\/person\/0c0e0182d55b809c4a248ddec3679809\"},\"headline\":\"Quarta-feira, 22 de janeiro &#8211; Encostas, souvenirs e aventuras na neve\",\"datePublished\":\"2025-01-23T10:14:29+00:00\",\"mainEntityOfPage\":{\"@id\":\"https:\/\/www.leselfes.com\/pt-br\/quarta-feira-22-de-janeiro-encostas-souvenirs-e-aventuras-na-neve\/\"},\"wordCount\":233,\"commentCount\":0,\"publisher\":{\"@id\":\"https:\/\/dev.leselfes.com\/#organization\"},\"inLanguage\":\"pt-BR\",\"potentialAction\":[{\"@type\":\"CommentAction\",\"name\":\"Comment\",\"target\":[\"https:\/\/www.leselfes.com\/pt-br\/quarta-feira-22-de-janeiro-encostas-souvenirs-e-aventuras-na-neve\/#respond\"]}]},{\"@type\":\"WebPage\",\"@id\":\"https:\/\/www.leselfes.com\/pt-br\/quarta-feira-22-de-janeiro-encostas-souvenirs-e-aventuras-na-neve\/\",\"url\":\"https:\/\/www.leselfes.com\/pt-br\/quarta-feira-22-de-janeiro-encostas-souvenirs-e-aventuras-na-neve\/\",\"name\":\"Quarta-feira, 22 de janeiro - Encostas, souvenirs e aventuras na neve - Les Elfes International Camps Switzerland\",\"isPartOf\":{\"@id\":\"https:\/\/dev.leselfes.com\/#website\"},\"datePublished\":\"2025-01-23T10:14:29+00:00\",\"breadcrumb\":{\"@id\":\"https:\/\/www.leselfes.com\/pt-br\/quarta-feira-22-de-janeiro-encostas-souvenirs-e-aventuras-na-neve\/#breadcrumb\"},\"inLanguage\":\"pt-BR\",\"potentialAction\":[{\"@type\":\"ReadAction\",\"target\":[\"https:\/\/www.leselfes.com\/pt-br\/quarta-feira-22-de-janeiro-encostas-souvenirs-e-aventuras-na-neve\/\"]}]},{\"@type\":\"BreadcrumbList\",\"@id\":\"https:\/\/www.leselfes.com\/pt-br\/quarta-feira-22-de-janeiro-encostas-souvenirs-e-aventuras-na-neve\/#breadcrumb\",\"itemListElement\":[{\"@type\":\"ListItem\",\"position\":1,\"name\":\"Home\",\"item\":\"https:\/\/www.leselfes.com\/pt-br\/\"},{\"@type\":\"ListItem\",\"position\":2,\"name\":\"Quarta-feira, 22 de janeiro &#8211; Encostas, souvenirs e aventuras na neve\"}]},{\"@type\":\"WebSite\",\"@id\":\"https:\/\/dev.leselfes.com\/#website\",\"url\":\"https:\/\/dev.leselfes.com\/\",\"name\":\"Les Elfes International\",\"description\":\"Les Elfes International, Verbier Switzerland. Summer Camp, Winter Camp, Spring Camps.\",\"publisher\":{\"@id\":\"https:\/\/dev.leselfes.com\/#organization\"},\"alternateName\":\"Les Elfes International\",\"potentialAction\":[{\"@type\":\"SearchAction\",\"target\":{\"@type\":\"EntryPoint\",\"urlTemplate\":\"https:\/\/dev.leselfes.com\/?s={search_term_string}\"},\"query-input\":{\"@type\":\"PropertyValueSpecification\",\"valueRequired\":true,\"valueName\":\"search_term_string\"}}],\"inLanguage\":\"pt-BR\"},{\"@type\":\"Organization\",\"@id\":\"https:\/\/dev.leselfes.com\/#organization\",\"name\":\"Les Elfes International\",\"alternateName\":\"Les Elfes International\",\"url\":\"https:\/\/dev.leselfes.com\/\",\"logo\":{\"@type\":\"ImageObject\",\"inLanguage\":\"pt-BR\",\"@id\":\"https:\/\/dev.leselfes.com\/#\/schema\/logo\/image\/\",\"url\":\"https:\/\/www.leselfes.com\/wp-content\/uploads\/2022\/03\/leselfes-logo.png\",\"contentUrl\":\"https:\/\/www.leselfes.com\/wp-content\/uploads\/2022\/03\/leselfes-logo.png\",\"width\":233,\"height\":51,\"caption\":\"Les Elfes International\"},\"image\":{\"@id\":\"https:\/\/dev.leselfes.com\/#\/schema\/logo\/image\/\"},\"sameAs\":[\"https:\/\/www.facebook.com\/LesElfesVerbier\",\"https:\/\/x.com\/LesElfesCamps\",\"https:\/\/www.instagram.com\/leselfes\",\"https:\/\/www.linkedin.com\/company\/les-elfes-international\",\"https:\/\/www.youtube.com\/user\/LesElfesVerbier\"]},{\"@type\":\"Person\",\"@id\":\"https:\/\/dev.leselfes.com\/#\/schema\/person\/0c0e0182d55b809c4a248ddec3679809\",\"name\":\"Campus Verbier\",\"image\":{\"@type\":\"ImageObject\",\"inLanguage\":\"pt-BR\",\"@id\":\"https:\/\/dev.leselfes.com\/#\/schema\/person\/image\/\",\"url\":\"https:\/\/secure.gravatar.com\/avatar\/c1f89991446ba8fe831247a9fa732dfc?s=96&d=mm&r=g\",\"contentUrl\":\"https:\/\/secure.gravatar.com\/avatar\/c1f89991446ba8fe831247a9fa732dfc?s=96&d=mm&r=g\",\"caption\":\"Campus Verbier\"},\"url\":\"https:\/\/www.leselfes.com\/pt-br\/author\/campus\/\"}]}<\/script>\n<!-- \/ Yoast SEO Premium plugin. -->","yoast_head_json":{"title":"Quarta-feira, 22 de janeiro - Encostas, souvenirs e aventuras na neve - Les Elfes International Camps Switzerland","robots":{"index":"index","follow":"follow","max-snippet":"max-snippet:-1","max-image-preview":"max-image-preview:large","max-video-preview":"max-video-preview:-1"},"canonical":"https:\/\/www.leselfes.com\/pt-br\/quarta-feira-22-de-janeiro-encostas-souvenirs-e-aventuras-na-neve\/","og_locale":"pt_BR","og_type":"article","og_title":"Quarta-feira, 22 de janeiro - Encostas, souvenirs e aventuras na neve","og_description":"Mais um \u00f3timo dia no acampamento! O dia come\u00e7ou nublado, mas isso n\u00e3o impediu as crian\u00e7as. Algumas foram esquiar na montanha, mesmo com um pouco de neblina. Mesmo assim, elas...","og_url":"https:\/\/www.leselfes.com\/pt-br\/quarta-feira-22-de-janeiro-encostas-souvenirs-e-aventuras-na-neve\/","og_site_name":"Les Elfes International Camps Switzerland","article_publisher":"https:\/\/www.facebook.com\/LesElfesVerbier","article_published_time":"2025-01-23T10:14:29+00:00","og_image":[{"width":591,"height":555,"url":"https:\/\/www.leselfes.com\/wp-content\/uploads\/2022\/02\/Les-Elfes-International-summer-camp-Switzerland-Staff-Mobile-591x555-1.jpg","type":"image\/jpeg"}],"author":"Campus Verbier","twitter_card":"summary_large_image","twitter_creator":"@LesElfesCamps","twitter_site":"@LesElfesCamps","twitter_misc":{"Escrito por":"Campus Verbier","Est. tempo de leitura":"1 minuto"},"schema":{"@context":"https:\/\/schema.org","@graph":[{"@type":"Article","@id":"https:\/\/www.leselfes.com\/pt-br\/quarta-feira-22-de-janeiro-encostas-souvenirs-e-aventuras-na-neve\/#article","isPartOf":{"@id":"https:\/\/www.leselfes.com\/pt-br\/quarta-feira-22-de-janeiro-encostas-souvenirs-e-aventuras-na-neve\/"},"author":{"name":"Campus Verbier","@id":"https:\/\/dev.leselfes.com\/#\/schema\/person\/0c0e0182d55b809c4a248ddec3679809"},"headline":"Quarta-feira, 22 de janeiro &#8211; Encostas, souvenirs e aventuras na neve","datePublished":"2025-01-23T10:14:29+00:00","mainEntityOfPage":{"@id":"https:\/\/www.leselfes.com\/pt-br\/quarta-feira-22-de-janeiro-encostas-souvenirs-e-aventuras-na-neve\/"},"wordCount":233,"commentCount":0,"publisher":{"@id":"https:\/\/dev.leselfes.com\/#organization"},"inLanguage":"pt-BR","potentialAction":[{"@type":"CommentAction","name":"Comment","target":["https:\/\/www.leselfes.com\/pt-br\/quarta-feira-22-de-janeiro-encostas-souvenirs-e-aventuras-na-neve\/#respond"]}]},{"@type":"WebPage","@id":"https:\/\/www.leselfes.com\/pt-br\/quarta-feira-22-de-janeiro-encostas-souvenirs-e-aventuras-na-neve\/","url":"https:\/\/www.leselfes.com\/pt-br\/quarta-feira-22-de-janeiro-encostas-souvenirs-e-aventuras-na-neve\/","name":"Quarta-feira, 22 de janeiro - Encostas, souvenirs e aventuras na neve - Les Elfes International Camps Switzerland","isPartOf":{"@id":"https:\/\/dev.leselfes.com\/#website"},"datePublished":"2025-01-23T10:14:29+00:00","breadcrumb":{"@id":"https:\/\/www.leselfes.com\/pt-br\/quarta-feira-22-de-janeiro-encostas-souvenirs-e-aventuras-na-neve\/#breadcrumb"},"inLanguage":"pt-BR","potentialAction":[{"@type":"ReadAction","target":["https:\/\/www.leselfes.com\/pt-br\/quarta-feira-22-de-janeiro-encostas-souvenirs-e-aventuras-na-neve\/"]}]},{"@type":"BreadcrumbList","@id":"https:\/\/www.leselfes.com\/pt-br\/quarta-feira-22-de-janeiro-encostas-souvenirs-e-aventuras-na-neve\/#breadcrumb","itemListElement":[{"@type":"ListItem","position":1,"name":"Home","item":"https:\/\/www.leselfes.com\/pt-br\/"},{"@type":"ListItem","position":2,"name":"Quarta-feira, 22 de janeiro &#8211; Encostas, souvenirs e aventuras na neve"}]},{"@type":"WebSite","@id":"https:\/\/dev.leselfes.com\/#website","url":"https:\/\/dev.leselfes.com\/","name":"Les Elfes International","description":"Les Elfes International, Verbier Switzerland. Summer Camp, Winter Camp, Spring Camps.","publisher":{"@id":"https:\/\/dev.leselfes.com\/#organization"},"alternateName":"Les Elfes International","potentialAction":[{"@type":"SearchAction","target":{"@type":"EntryPoint","urlTemplate":"https:\/\/dev.leselfes.com\/?s={search_term_string}"},"query-input":{"@type":"PropertyValueSpecification","valueRequired":true,"valueName":"search_term_string"}}],"inLanguage":"pt-BR"},{"@type":"Organization","@id":"https:\/\/dev.leselfes.com\/#organization","name":"Les Elfes International","alternateName":"Les Elfes International","url":"https:\/\/dev.leselfes.com\/","logo":{"@type":"ImageObject","inLanguage":"pt-BR","@id":"https:\/\/dev.leselfes.com\/#\/schema\/logo\/image\/","url":"https:\/\/www.leselfes.com\/wp-content\/uploads\/2022\/03\/leselfes-logo.png","contentUrl":"https:\/\/www.leselfes.com\/wp-content\/uploads\/2022\/03\/leselfes-logo.png","width":233,"height":51,"caption":"Les Elfes International"},"image":{"@id":"https:\/\/dev.leselfes.com\/#\/schema\/logo\/image\/"},"sameAs":["https:\/\/www.facebook.com\/LesElfesVerbier","https:\/\/x.com\/LesElfesCamps","https:\/\/www.instagram.com\/leselfes","https:\/\/www.linkedin.com\/company\/les-elfes-international","https:\/\/www.youtube.com\/user\/LesElfesVerbier"]},{"@type":"Person","@id":"https:\/\/dev.leselfes.com\/#\/schema\/person\/0c0e0182d55b809c4a248ddec3679809","name":"Campus Verbier","image":{"@type":"ImageObject","inLanguage":"pt-BR","@id":"https:\/\/dev.leselfes.com\/#\/schema\/person\/image\/","url":"https:\/\/secure.gravatar.com\/avatar\/c1f89991446ba8fe831247a9fa732dfc?s=96&d=mm&r=g","contentUrl":"https:\/\/secure.gravatar.com\/avatar\/c1f89991446ba8fe831247a9fa732dfc?s=96&d=mm&r=g","caption":"Campus Verbier"},"url":"https:\/\/www.leselfes.com\/pt-br\/author\/campus\/"}]}},"_links":{"self":[{"href":"https:\/\/www.leselfes.com\/pt-br\/wp-json\/wp\/v2\/posts\/97724"}],"collection":[{"href":"https:\/\/www.leselfes.com\/pt-br\/wp-json\/wp\/v2\/posts"}],"about":[{"href":"https:\/\/www.leselfes.com\/pt-br\/wp-json\/wp\/v2\/types\/post"}],"author":[{"embeddable":true,"href":"https:\/\/www.leselfes.com\/pt-br\/wp-json\/wp\/v2\/users\/3"}],"replies":[{"embeddable":true,"href":"https:\/\/www.leselfes.com\/pt-br\/wp-json\/wp\/v2\/comments?post=97724"}],"version-history":[{"count":0,"href":"https:\/\/www.leselfes.com\/pt-br\/wp-json\/wp\/v2\/posts\/97724\/revisions"}],"wp:attachment":[{"href":"https:\/\/www.leselfes.com\/pt-br\/wp-json\/wp\/v2\/media?parent=97724"}],"wp:term":[{"taxonomy":"category","embeddable":true,"href":"https:\/\/www.leselfes.com\/pt-br\/wp-json\/wp\/v2\/categories?post=97724"},{"taxonomy":"post_tag","embeddable":true,"href":"https:\/\/www.leselfes.com\/pt-br\/wp-json\/wp\/v2\/tags?post=97724"}],"curies":[{"name":"wp","href":"https:\/\/api.w.org\/{rel}","templated":true}]}}