{"id":97846,"date":"2025-01-26T18:03:01","date_gmt":"2025-01-26T17:03:01","guid":{"rendered":"https:\/\/www.leselfes.com\/domingo-26-de-janeiro-primeiras-trilhas-e-novas-amizades\/"},"modified":"2025-01-26T18:03:01","modified_gmt":"2025-01-26T17:03:01","slug":"domingo-26-de-janeiro-primeiras-trilhas-e-novas-amizades","status":"publish","type":"post","link":"https:\/\/www.leselfes.com\/pt-br\/domingo-26-de-janeiro-primeiras-trilhas-e-novas-amizades\/","title":{"rendered":"Domingo, 26 de janeiro &#8211; Primeiras trilhas e novas amizades"},"content":{"rendered":"<p>Hoje foi uma mistura de rostos conhecidos e novos aqui em Verbier! Algumas crian\u00e7as est\u00e3o aqui h\u00e1 uma semana, enquanto outras acabaram de chegar ontem, animadas para come\u00e7ar suas aventuras de esqui. A neve estava um pouco complicada hoje &#8211; escorregadia e com crosta &#8211; mas isso n\u00e3o impediu ningu\u00e9m. Algumas crian\u00e7as foram esquiar pela manh\u00e3, descendo as pistas, enquanto outras demoraram um pouco, aprendendo e pegando o jeito. Foi divertido observar todas elas! Depois do almo\u00e7o, eles voltaram para esquiar. Os esquiadores experientes ajudaram os novatos, e foi incr\u00edvel ver como todos estavam melhorando rapidamente. \u00c0 tarde, todos se reuniram para um lanche antes de irem \u00e0 cidade para uma caminhada invernal. As pequenas ruas de Verbier eram cheias de charme, e as crian\u00e7as adoraram explorar, tirar fotos e correr umas com as outras. Mais tarde, eles tiveram um jantar aconchegante antes de alguns irem patinar no gelo na cidade, enquanto outros relaxaram no centro esportivo. Foi uma mistura perfeita de aventura e relaxamento, e pude ver a alegria em seus rostos quando terminaram o dia. Estou animado para as aventuras de amanh\u00e3 &#8211; mais um dia de magia e divers\u00e3o espera por voc\u00ea!    <\/p>\n","protected":false},"excerpt":{"rendered":"<p>Hoje foi uma mistura de rostos conhecidos e novos aqui em Verbier! Algumas crian\u00e7as est\u00e3o aqui h\u00e1 uma semana, enquanto outras acabaram de chegar ontem, animadas para come\u00e7ar suas aventuras&#8230;<\/p>\n","protected":false},"author":3,"featured_media":0,"comment_status":"open","ping_status":"open","sticky":false,"template":"","format":"standard","meta":{"_acf_changed":false,"inline_featured_image":false,"footnotes":""},"categories":[],"tags":[],"class_list":["post-97846","post","type-post","status-publish","format-standard"],"acf":[],"yoast_head":"<!-- This site is optimized with the Yoast SEO Premium plugin v24.2 (Yoast SEO v24.7) - https:\/\/yoast.com\/wordpress\/plugins\/seo\/ -->\n<title>Domingo, 26 de janeiro - Primeiras trilhas e novas amizades - Les Elfes International Camps Switzerland<\/title>\n<meta name=\"robots\" content=\"index, follow, max-snippet:-1, max-image-preview:large, max-video-preview:-1\" \/>\n<link rel=\"canonical\" href=\"https:\/\/www.leselfes.com\/pt-br\/domingo-26-de-janeiro-primeiras-trilhas-e-novas-amizades\/\" \/>\n<meta property=\"og:locale\" content=\"pt_BR\" \/>\n<meta property=\"og:type\" content=\"article\" \/>\n<meta property=\"og:title\" content=\"Domingo, 26 de janeiro - Primeiras trilhas e novas amizades\" \/>\n<meta property=\"og:description\" content=\"Hoje foi uma mistura de rostos conhecidos e novos aqui em Verbier! Algumas crian\u00e7as est\u00e3o aqui h\u00e1 uma semana, enquanto outras acabaram de chegar ontem, animadas para come\u00e7ar suas aventuras...\" \/>\n<meta property=\"og:url\" content=\"https:\/\/www.leselfes.com\/pt-br\/domingo-26-de-janeiro-primeiras-trilhas-e-novas-amizades\/\" \/>\n<meta property=\"og:site_name\" content=\"Les Elfes International Camps Switzerland\" \/>\n<meta property=\"article:publisher\" content=\"https:\/\/www.facebook.com\/LesElfesVerbier\" \/>\n<meta property=\"article:published_time\" content=\"2025-01-26T17:03:01+00:00\" \/>\n<meta property=\"og:image\" content=\"https:\/\/www.leselfes.com\/wp-content\/uploads\/2022\/02\/Les-Elfes-International-summer-camp-Switzerland-Staff-Mobile-591x555-1.jpg\" \/>\n\t<meta property=\"og:image:width\" content=\"591\" \/>\n\t<meta property=\"og:image:height\" content=\"555\" \/>\n\t<meta property=\"og:image:type\" content=\"image\/jpeg\" \/>\n<meta name=\"author\" content=\"Campus Verbier\" \/>\n<meta name=\"twitter:card\" content=\"summary_large_image\" \/>\n<meta name=\"twitter:creator\" content=\"@LesElfesCamps\" \/>\n<meta name=\"twitter:site\" content=\"@LesElfesCamps\" \/>\n<meta name=\"twitter:label1\" content=\"Escrito por\" \/>\n\t<meta name=\"twitter:data1\" content=\"Campus Verbier\" \/>\n\t<meta name=\"twitter:label2\" content=\"Est. tempo de leitura\" \/>\n\t<meta name=\"twitter:data2\" content=\"1 minuto\" \/>\n<script type=\"application\/ld+json\" class=\"yoast-schema-graph\">{\"@context\":\"https:\/\/schema.org\",\"@graph\":[{\"@type\":\"Article\",\"@id\":\"https:\/\/www.leselfes.com\/pt-br\/domingo-26-de-janeiro-primeiras-trilhas-e-novas-amizades\/#article\",\"isPartOf\":{\"@id\":\"https:\/\/www.leselfes.com\/pt-br\/domingo-26-de-janeiro-primeiras-trilhas-e-novas-amizades\/\"},\"author\":{\"name\":\"Campus Verbier\",\"@id\":\"https:\/\/dev.leselfes.com\/#\/schema\/person\/0c0e0182d55b809c4a248ddec3679809\"},\"headline\":\"Domingo, 26 de janeiro &#8211; Primeiras trilhas e novas amizades\",\"datePublished\":\"2025-01-26T17:03:01+00:00\",\"mainEntityOfPage\":{\"@id\":\"https:\/\/www.leselfes.com\/pt-br\/domingo-26-de-janeiro-primeiras-trilhas-e-novas-amizades\/\"},\"wordCount\":212,\"commentCount\":0,\"publisher\":{\"@id\":\"https:\/\/dev.leselfes.com\/#organization\"},\"inLanguage\":\"pt-BR\",\"potentialAction\":[{\"@type\":\"CommentAction\",\"name\":\"Comment\",\"target\":[\"https:\/\/www.leselfes.com\/pt-br\/domingo-26-de-janeiro-primeiras-trilhas-e-novas-amizades\/#respond\"]}]},{\"@type\":\"WebPage\",\"@id\":\"https:\/\/www.leselfes.com\/pt-br\/domingo-26-de-janeiro-primeiras-trilhas-e-novas-amizades\/\",\"url\":\"https:\/\/www.leselfes.com\/pt-br\/domingo-26-de-janeiro-primeiras-trilhas-e-novas-amizades\/\",\"name\":\"Domingo, 26 de janeiro - Primeiras trilhas e novas amizades - Les Elfes International Camps Switzerland\",\"isPartOf\":{\"@id\":\"https:\/\/dev.leselfes.com\/#website\"},\"datePublished\":\"2025-01-26T17:03:01+00:00\",\"breadcrumb\":{\"@id\":\"https:\/\/www.leselfes.com\/pt-br\/domingo-26-de-janeiro-primeiras-trilhas-e-novas-amizades\/#breadcrumb\"},\"inLanguage\":\"pt-BR\",\"potentialAction\":[{\"@type\":\"ReadAction\",\"target\":[\"https:\/\/www.leselfes.com\/pt-br\/domingo-26-de-janeiro-primeiras-trilhas-e-novas-amizades\/\"]}]},{\"@type\":\"BreadcrumbList\",\"@id\":\"https:\/\/www.leselfes.com\/pt-br\/domingo-26-de-janeiro-primeiras-trilhas-e-novas-amizades\/#breadcrumb\",\"itemListElement\":[{\"@type\":\"ListItem\",\"position\":1,\"name\":\"Home\",\"item\":\"https:\/\/www.leselfes.com\/pt-br\/\"},{\"@type\":\"ListItem\",\"position\":2,\"name\":\"Domingo, 26 de janeiro &#8211; Primeiras trilhas e novas amizades\"}]},{\"@type\":\"WebSite\",\"@id\":\"https:\/\/dev.leselfes.com\/#website\",\"url\":\"https:\/\/dev.leselfes.com\/\",\"name\":\"Les Elfes International\",\"description\":\"Les Elfes International, Verbier Switzerland. Summer Camp, Winter Camp, Spring Camps.\",\"publisher\":{\"@id\":\"https:\/\/dev.leselfes.com\/#organization\"},\"alternateName\":\"Les Elfes International\",\"potentialAction\":[{\"@type\":\"SearchAction\",\"target\":{\"@type\":\"EntryPoint\",\"urlTemplate\":\"https:\/\/dev.leselfes.com\/?s={search_term_string}\"},\"query-input\":{\"@type\":\"PropertyValueSpecification\",\"valueRequired\":true,\"valueName\":\"search_term_string\"}}],\"inLanguage\":\"pt-BR\"},{\"@type\":\"Organization\",\"@id\":\"https:\/\/dev.leselfes.com\/#organization\",\"name\":\"Les Elfes International\",\"alternateName\":\"Les Elfes International\",\"url\":\"https:\/\/dev.leselfes.com\/\",\"logo\":{\"@type\":\"ImageObject\",\"inLanguage\":\"pt-BR\",\"@id\":\"https:\/\/dev.leselfes.com\/#\/schema\/logo\/image\/\",\"url\":\"https:\/\/www.leselfes.com\/wp-content\/uploads\/2022\/03\/leselfes-logo.png\",\"contentUrl\":\"https:\/\/www.leselfes.com\/wp-content\/uploads\/2022\/03\/leselfes-logo.png\",\"width\":233,\"height\":51,\"caption\":\"Les Elfes International\"},\"image\":{\"@id\":\"https:\/\/dev.leselfes.com\/#\/schema\/logo\/image\/\"},\"sameAs\":[\"https:\/\/www.facebook.com\/LesElfesVerbier\",\"https:\/\/x.com\/LesElfesCamps\",\"https:\/\/www.instagram.com\/leselfes\",\"https:\/\/www.linkedin.com\/company\/les-elfes-international\",\"https:\/\/www.youtube.com\/user\/LesElfesVerbier\"]},{\"@type\":\"Person\",\"@id\":\"https:\/\/dev.leselfes.com\/#\/schema\/person\/0c0e0182d55b809c4a248ddec3679809\",\"name\":\"Campus Verbier\",\"image\":{\"@type\":\"ImageObject\",\"inLanguage\":\"pt-BR\",\"@id\":\"https:\/\/dev.leselfes.com\/#\/schema\/person\/image\/\",\"url\":\"https:\/\/secure.gravatar.com\/avatar\/c1f89991446ba8fe831247a9fa732dfc?s=96&d=mm&r=g\",\"contentUrl\":\"https:\/\/secure.gravatar.com\/avatar\/c1f89991446ba8fe831247a9fa732dfc?s=96&d=mm&r=g\",\"caption\":\"Campus Verbier\"},\"url\":\"https:\/\/www.leselfes.com\/pt-br\/author\/campus\/\"}]}<\/script>\n<!-- \/ Yoast SEO Premium plugin. -->","yoast_head_json":{"title":"Domingo, 26 de janeiro - Primeiras trilhas e novas amizades - Les Elfes International Camps Switzerland","robots":{"index":"index","follow":"follow","max-snippet":"max-snippet:-1","max-image-preview":"max-image-preview:large","max-video-preview":"max-video-preview:-1"},"canonical":"https:\/\/www.leselfes.com\/pt-br\/domingo-26-de-janeiro-primeiras-trilhas-e-novas-amizades\/","og_locale":"pt_BR","og_type":"article","og_title":"Domingo, 26 de janeiro - Primeiras trilhas e novas amizades","og_description":"Hoje foi uma mistura de rostos conhecidos e novos aqui em Verbier! Algumas crian\u00e7as est\u00e3o aqui h\u00e1 uma semana, enquanto outras acabaram de chegar ontem, animadas para come\u00e7ar suas aventuras...","og_url":"https:\/\/www.leselfes.com\/pt-br\/domingo-26-de-janeiro-primeiras-trilhas-e-novas-amizades\/","og_site_name":"Les Elfes International Camps Switzerland","article_publisher":"https:\/\/www.facebook.com\/LesElfesVerbier","article_published_time":"2025-01-26T17:03:01+00:00","og_image":[{"width":591,"height":555,"url":"https:\/\/www.leselfes.com\/wp-content\/uploads\/2022\/02\/Les-Elfes-International-summer-camp-Switzerland-Staff-Mobile-591x555-1.jpg","type":"image\/jpeg"}],"author":"Campus Verbier","twitter_card":"summary_large_image","twitter_creator":"@LesElfesCamps","twitter_site":"@LesElfesCamps","twitter_misc":{"Escrito por":"Campus Verbier","Est. tempo de leitura":"1 minuto"},"schema":{"@context":"https:\/\/schema.org","@graph":[{"@type":"Article","@id":"https:\/\/www.leselfes.com\/pt-br\/domingo-26-de-janeiro-primeiras-trilhas-e-novas-amizades\/#article","isPartOf":{"@id":"https:\/\/www.leselfes.com\/pt-br\/domingo-26-de-janeiro-primeiras-trilhas-e-novas-amizades\/"},"author":{"name":"Campus Verbier","@id":"https:\/\/dev.leselfes.com\/#\/schema\/person\/0c0e0182d55b809c4a248ddec3679809"},"headline":"Domingo, 26 de janeiro &#8211; Primeiras trilhas e novas amizades","datePublished":"2025-01-26T17:03:01+00:00","mainEntityOfPage":{"@id":"https:\/\/www.leselfes.com\/pt-br\/domingo-26-de-janeiro-primeiras-trilhas-e-novas-amizades\/"},"wordCount":212,"commentCount":0,"publisher":{"@id":"https:\/\/dev.leselfes.com\/#organization"},"inLanguage":"pt-BR","potentialAction":[{"@type":"CommentAction","name":"Comment","target":["https:\/\/www.leselfes.com\/pt-br\/domingo-26-de-janeiro-primeiras-trilhas-e-novas-amizades\/#respond"]}]},{"@type":"WebPage","@id":"https:\/\/www.leselfes.com\/pt-br\/domingo-26-de-janeiro-primeiras-trilhas-e-novas-amizades\/","url":"https:\/\/www.leselfes.com\/pt-br\/domingo-26-de-janeiro-primeiras-trilhas-e-novas-amizades\/","name":"Domingo, 26 de janeiro - Primeiras trilhas e novas amizades - Les Elfes International Camps Switzerland","isPartOf":{"@id":"https:\/\/dev.leselfes.com\/#website"},"datePublished":"2025-01-26T17:03:01+00:00","breadcrumb":{"@id":"https:\/\/www.leselfes.com\/pt-br\/domingo-26-de-janeiro-primeiras-trilhas-e-novas-amizades\/#breadcrumb"},"inLanguage":"pt-BR","potentialAction":[{"@type":"ReadAction","target":["https:\/\/www.leselfes.com\/pt-br\/domingo-26-de-janeiro-primeiras-trilhas-e-novas-amizades\/"]}]},{"@type":"BreadcrumbList","@id":"https:\/\/www.leselfes.com\/pt-br\/domingo-26-de-janeiro-primeiras-trilhas-e-novas-amizades\/#breadcrumb","itemListElement":[{"@type":"ListItem","position":1,"name":"Home","item":"https:\/\/www.leselfes.com\/pt-br\/"},{"@type":"ListItem","position":2,"name":"Domingo, 26 de janeiro &#8211; Primeiras trilhas e novas amizades"}]},{"@type":"WebSite","@id":"https:\/\/dev.leselfes.com\/#website","url":"https:\/\/dev.leselfes.com\/","name":"Les Elfes International","description":"Les Elfes International, Verbier Switzerland. Summer Camp, Winter Camp, Spring Camps.","publisher":{"@id":"https:\/\/dev.leselfes.com\/#organization"},"alternateName":"Les Elfes International","potentialAction":[{"@type":"SearchAction","target":{"@type":"EntryPoint","urlTemplate":"https:\/\/dev.leselfes.com\/?s={search_term_string}"},"query-input":{"@type":"PropertyValueSpecification","valueRequired":true,"valueName":"search_term_string"}}],"inLanguage":"pt-BR"},{"@type":"Organization","@id":"https:\/\/dev.leselfes.com\/#organization","name":"Les Elfes International","alternateName":"Les Elfes International","url":"https:\/\/dev.leselfes.com\/","logo":{"@type":"ImageObject","inLanguage":"pt-BR","@id":"https:\/\/dev.leselfes.com\/#\/schema\/logo\/image\/","url":"https:\/\/www.leselfes.com\/wp-content\/uploads\/2022\/03\/leselfes-logo.png","contentUrl":"https:\/\/www.leselfes.com\/wp-content\/uploads\/2022\/03\/leselfes-logo.png","width":233,"height":51,"caption":"Les Elfes International"},"image":{"@id":"https:\/\/dev.leselfes.com\/#\/schema\/logo\/image\/"},"sameAs":["https:\/\/www.facebook.com\/LesElfesVerbier","https:\/\/x.com\/LesElfesCamps","https:\/\/www.instagram.com\/leselfes","https:\/\/www.linkedin.com\/company\/les-elfes-international","https:\/\/www.youtube.com\/user\/LesElfesVerbier"]},{"@type":"Person","@id":"https:\/\/dev.leselfes.com\/#\/schema\/person\/0c0e0182d55b809c4a248ddec3679809","name":"Campus Verbier","image":{"@type":"ImageObject","inLanguage":"pt-BR","@id":"https:\/\/dev.leselfes.com\/#\/schema\/person\/image\/","url":"https:\/\/secure.gravatar.com\/avatar\/c1f89991446ba8fe831247a9fa732dfc?s=96&d=mm&r=g","contentUrl":"https:\/\/secure.gravatar.com\/avatar\/c1f89991446ba8fe831247a9fa732dfc?s=96&d=mm&r=g","caption":"Campus Verbier"},"url":"https:\/\/www.leselfes.com\/pt-br\/author\/campus\/"}]}},"_links":{"self":[{"href":"https:\/\/www.leselfes.com\/pt-br\/wp-json\/wp\/v2\/posts\/97846"}],"collection":[{"href":"https:\/\/www.leselfes.com\/pt-br\/wp-json\/wp\/v2\/posts"}],"about":[{"href":"https:\/\/www.leselfes.com\/pt-br\/wp-json\/wp\/v2\/types\/post"}],"author":[{"embeddable":true,"href":"https:\/\/www.leselfes.com\/pt-br\/wp-json\/wp\/v2\/users\/3"}],"replies":[{"embeddable":true,"href":"https:\/\/www.leselfes.com\/pt-br\/wp-json\/wp\/v2\/comments?post=97846"}],"version-history":[{"count":0,"href":"https:\/\/www.leselfes.com\/pt-br\/wp-json\/wp\/v2\/posts\/97846\/revisions"}],"wp:attachment":[{"href":"https:\/\/www.leselfes.com\/pt-br\/wp-json\/wp\/v2\/media?parent=97846"}],"wp:term":[{"taxonomy":"category","embeddable":true,"href":"https:\/\/www.leselfes.com\/pt-br\/wp-json\/wp\/v2\/categories?post=97846"},{"taxonomy":"post_tag","embeddable":true,"href":"https:\/\/www.leselfes.com\/pt-br\/wp-json\/wp\/v2\/tags?post=97846"}],"curies":[{"name":"wp","href":"https:\/\/api.w.org\/{rel}","templated":true}]}}