{"id":109222,"date":"2025-02-06T09:29:12","date_gmt":"2025-02-06T08:29:12","guid":{"rendered":"https:\/\/www.leselfes.com\/que-actividades-sao-oferecidas-no-campo-de-ferias\/"},"modified":"2025-02-06T09:44:00","modified_gmt":"2025-02-06T08:44:00","slug":"que-actividades-sao-oferecidas-no-campo-de-ferias","status":"publish","type":"post","link":"https:\/\/www.leselfes.com\/pt-pt\/que-actividades-sao-oferecidas-no-campo-de-ferias\/","title":{"rendered":"Col\u00f4nia de f\u00e9rias internacional na Su\u00ed\u00e7a 2025"},"content":{"rendered":"<p>Campo de f\u00e9rias internacional na Su\u00ed\u00e7a 2025 | Camp Suisse<\/p>\n<h1>Campo de f\u00e9rias internacional na Su\u00ed\u00e7a 2025 | A melhor experi\u00eancia para crian\u00e7as e adolescentes<\/h1>\n<p>A Su\u00ed\u00e7a \u00e9 um dos destinos mais populares para um <strong>campo de f\u00e9rias internacional<\/strong>, oferecendo \u00e0s crian\u00e7as e aos adolescentes umas <strong>f\u00e9rias de ver\u00e3o inesquec\u00edveis<\/strong>, repletas de aventuras ao ar livre, imers\u00e3o cultural e desporto. <strong>Les Elfes International<\/strong>, localizado na pitoresca cidade de <strong>Verbier<\/strong>, \u00e9 um <strong>acampamento de ver\u00e3o<\/strong> renomado que oferece uma experi\u00eancia exclusiva para crian\u00e7as e adolescentes de 6 a 17 anos. <\/p>\n<p>Com um programa repleto de actividades diversas, desde <strong>excurs\u00f5es de esqui<\/strong> nos Alpes su\u00ed\u00e7os a <strong>workshops de lideran\u00e7a<\/strong>, Les Elfes foi concebido para ajudar os campistas <strong>a explorar<\/strong> novas compet\u00eancias, forjar <strong>amizades<\/strong> para toda a vida e desfrutar de uma experi\u00eancia \u00fanica na vida. Quer o teu filho esteja interessado em <strong>desportos<\/strong>, <strong>artes<\/strong> ou em <strong>descobrir a natureza deslumbrante da Europa<\/strong>, este campo de f\u00e9rias proporciona o ambiente ideal para <strong>aprender, crescer e divertir-se<\/strong>. <\/p>\n<h2>Porqu\u00ea escolher a Su\u00ed\u00e7a para um campo de f\u00e9rias?<\/h2>\n<p>A Su\u00ed\u00e7a destaca-se como um destino de topo para os <strong>campos de f\u00e9rias<\/strong> gra\u00e7as ao seu <strong>ambiente seguro e deslumbrante, ao ambiente multicultural e aos elevados padr\u00f5es<\/strong> de educa\u00e7\u00e3o e programas de aventura.<\/p>\n<ul>\n<li><strong>Ambiente seguro e protegido<\/strong>: A Su\u00ed\u00e7a \u00e9 conhecida pelos seus excelentes padr\u00f5es de seguran\u00e7a, o que faz dela o local ideal para as crian\u00e7as passarem um <strong>acampamento noturno<\/strong>.<\/li>\n<li><strong>Comunidade diversificada e internacional<\/strong>: Os campistas v\u00eam de mais de <strong>50 pa\u00edses<\/strong>, proporcionando uma <strong>experi\u00eancia<\/strong> verdadeiramente <strong>imersiva<\/strong>.<\/li>\n<li><strong>Famosa pelas actividades ao ar livre<\/strong>: Desde <strong>caminhadas nos Alpes<\/strong> at\u00e9 <strong>esquiar em Zermatt<\/strong> e <strong>Crans Montana<\/strong>, a Su\u00ed\u00e7a oferece uma gama de <strong>excurs\u00f5es<\/strong> que poucos outros lugares na <strong>Europa<\/strong> podem igualar.<\/li>\n<li><strong>Programas multiactividades<\/strong>: <strong>Os campos de f\u00e9rias na Su\u00ed\u00e7a<\/strong> oferecem uma mistura de <strong>desporto, arte, workshops acad\u00e9micos e aventura<\/strong>, garantindo que todos os campistas desfrutam da sua estadia.<\/li>\n<\/ul>\n<h2>O que esperas do Campo de F\u00e9rias Internacional Les Elfes?<\/h2>\n<p>Cada dia em Les Elfes \u00e9 concebido para equilibrar <strong>aprendizagem, aventura e relaxamento<\/strong>. O acampamento oferece programas estruturados que envolvem <strong>crian\u00e7as e adolescentes<\/strong> de uma forma que os ajuda a desenvolver <strong>confian\u00e7a, independ\u00eancia e consci\u00eancia cultural<\/strong>. <\/p>\n<h3>Novidades para 2025: programas ainda mais interessantes<\/h3>\n<p>A edi\u00e7\u00e3o 2025 do Campo de F\u00e9rias Les Elfes apresenta op\u00e7\u00f5es adicionais para crian\u00e7as e adolescentes que procuram uma **experi\u00eancia ainda mais imersiva**:<\/p>\n<ul>\n<li><strong>Eco-Aventuras:<\/strong> Aprende sobre sustentabilidade e conserva\u00e7\u00e3o ambiental atrav\u00e9s de actividades na natureza.<\/li>\n<li><strong>Acampamento de empreendedorismo e lideran\u00e7a:<\/strong> Um programa centrado nos neg\u00f3cios para os adolescentes desenvolverem compet\u00eancias de gest\u00e3o de projectos.<\/li>\n<li><strong>Treino de sobreviv\u00eancia na montanha:<\/strong> Guiados por instrutores especializados, os campistas aprender\u00e3o t\u00e9cnicas de sobreviv\u00eancia nos Alpes su\u00ed\u00e7os.<\/li>\n<\/ul>\n<p>Estas adi\u00e7\u00f5es garantem que <strong>cada crian\u00e7a pode adaptar a sua experi\u00eancia<\/strong> \u00e0s suas paix\u00f5es e aspira\u00e7\u00f5es.<\/p>\n<h2>A melhor experi\u00eancia de escola de ver\u00e3o: construir um forte esp\u00edrito de equipa no ambiente alpino<\/h2>\n<p>Escolher uma experi\u00eancia <strong>de escola de ver\u00e3o<\/strong> \u00e9 muito mais do que apenas passar um tempo longe de casa &#8211; \u00e9 <strong>aprender, crescer e criar mem\u00f3rias duradouras<\/strong> em um ambiente que incentiva a independ\u00eancia e o trabalho em equipe. Na <strong>Les Elfes International<\/strong>, os alunos participam de um programa cuidadosamente projetado que combina <strong>aventuras ao ar livre, atividades de lideran\u00e7a e desafios baseados em equipes<\/strong> para ajud\u00e1-los a desenvolver habilidades valiosas para a vida. <\/p>\n<p>Rodeados pela deslumbrante <strong>paisagem alpina<\/strong> da Su\u00ed\u00e7a, os campistas t\u00eam a oportunidade de mergulhar numa experi\u00eancia que fortalece o seu <strong>esp\u00edrito de equipa<\/strong>, enquanto desfrutam de uma s\u00e9rie de actividades envolventes. Cada dia \u00e9 cuidadosamente estruturado para garantir que todos os participantes participam ativamente em exerc\u00edcios de colabora\u00e7\u00e3o, obrigando-os a sair da sua zona de conforto e a interagir com outros campistas de diferentes origens. <\/p>\n<p>Um dos aspectos fundamentais de uma experi\u00eancia <strong>de escola de ver\u00e3o<\/strong> bem sucedida \u00e9 a promo\u00e7\u00e3o de uma <strong>forte din\u00e2mica de equipa<\/strong>. Quer seja atrav\u00e9s de competi\u00e7\u00f5es desportivas, desafios de sobreviv\u00eancia ao ar livre ou excurs\u00f5es em grupo, os alunos aprendem a import\u00e2ncia da comunica\u00e7\u00e3o, da lideran\u00e7a e da resolu\u00e7\u00e3o de problemas. Actividades como <strong>cursos de cordas altas, escalada em rocha e orienta\u00e7\u00e3o em equipa na natureza alpina<\/strong> exigem que os alunos trabalhem em conjunto, confiem uns nos outros e criem estrat\u00e9gias como uma unidade. Estas experi\u00eancias ajudam-nos a desenvolver a resili\u00eancia, a confian\u00e7a e a adaptabilidade &#8211; compet\u00eancias que os ir\u00e3o beneficiar muito para al\u00e9m do tempo que passam no acampamento.   <\/p>\n<p>Para al\u00e9m dos aspectos aventureiros do programa, as <strong>iniciativas de forma\u00e7\u00e3o de equipas<\/strong> estendem-se a workshops criativos e estruturados, concebidos para melhorar as intera\u00e7\u00f5es sociais. Atrav\u00e9s de <strong>projectos art\u00edsticos colaborativos, actua\u00e7\u00f5es musicais e narra\u00e7\u00e3o interactiva de hist\u00f3rias<\/strong>, os campistas envolvem-se de formas \u00fanicas que refor\u00e7am as amizades e criam camaradagem. Estas experi\u00eancias partilhadas contribuem para a forma\u00e7\u00e3o de la\u00e7os para toda a vida e de <strong>mem\u00f3rias<\/strong> inesquec\u00edveis que os alunos apreciam muito para al\u00e9m da sua aventura de ver\u00e3o.  <\/p>\n<p>Para al\u00e9m das actividades emocionantes, os campistas tamb\u00e9m t\u00eam oportunidades essenciais de crescimento pessoal. Aprender a colaborar, a apoiar-se mutuamente e a navegar em novos ambientes fomenta o <strong>sentido de responsabilidade e a auto-consci\u00eancia<\/strong>. No pitoresco <strong>cen\u00e1rio alpino<\/strong>, longe das distrac\u00e7\u00f5es da vida quotidiana, os alunos desenvolvem um apre\u00e7o pela natureza, pelo trabalho de equipa e pelas conquistas pessoais, tornando a sua experi\u00eancia na escola de ver\u00e3o um momento crucial no seu percurso de crescimento.  <\/p>\n<p>No final do programa, cada campista sai n\u00e3o s\u00f3 com <strong>mem\u00f3rias<\/strong> incr\u00edveis, mas tamb\u00e9m com uma nova aprecia\u00e7\u00e3o do valor do trabalho de equipa, da lideran\u00e7a e da aventura. Quer estejam a escalar uma montanha, a participar num jogo de estrat\u00e9gia ou a partilhar hist\u00f3rias \u00e0 volta de uma fogueira, est\u00e3o constantemente <strong>a aprender<\/strong> e a evoluir como indiv\u00edduos. <\/p>\n<p>Esta <strong>aventura alpina imersiva<\/strong> na <strong>Les Elfes International<\/strong> garante que os alunos regressam a casa com amizades refor\u00e7adas, um sentido de confian\u00e7a mais profundo e compet\u00eancias inestim\u00e1veis que os servir\u00e3o ao longo da sua vida acad\u00e9mica e pessoal.<\/p>\n<h2>Actividades emocionantes no campo de f\u00e9rias de Les Elfes<\/h2>\n<h3>Aventuras ao ar livre nos Alpes su\u00ed\u00e7os<\/h3>\n<p>Os campistas de Les Elfes experimentam o melhor da natureza, explorando as montanhas su\u00ed\u00e7as atrav\u00e9s de caminhadas, acampamentos e excurs\u00f5es de bicicleta de montanha. Estas actividades ajudam as crian\u00e7as e os adolescentes a ganhar confian\u00e7a, resili\u00eancia e capacidade de trabalho em equipa, enquanto descobrem algumas das mais belas paisagens da Europa. <\/p>\n<h3>Actividades de inverno em junho para uma experi\u00eancia inesquec\u00edvel<\/h3>\n<p>Ao contr\u00e1rio de muitos campos de f\u00e9rias, Les Elfes oferece <strong>sess\u00f5es<\/strong> exclusivas <strong>de esqui de ver\u00e3o em junho<\/strong>, dando aos campistas a rara oportunidade de <strong>esquiar no ver\u00e3o<\/strong>. Os glaciares de alta altitude na Su\u00ed\u00e7a permitem <strong>condi\u00e7\u00f5es de esqui perfeitas<\/strong>, tornando esta uma experi\u00eancia incr\u00edvel para os jovens atletas que procuram aperfei\u00e7oar as suas capacidades. <\/p>\n<ul>\n<li><strong>Esqui de ver\u00e3o no glaciar<\/strong> de Zermatt.<\/li>\n<li><strong>Workshops de snowboard e freestyle<\/strong> para alunos avan\u00e7ados.<\/li>\n<li><strong>T\u00e9cnicas de sobreviv\u00eancia no inverno<\/strong> e forma\u00e7\u00e3o de sensibiliza\u00e7\u00e3o para as avalanches.<\/li>\n<\/ul>\n<h2>Como escolher o melhor programa de acampamento de ver\u00e3o?<\/h2>\n<p>Com tantas op\u00e7\u00f5es dispon\u00edveis, a sele\u00e7\u00e3o do <strong>programa de campo de f\u00e9rias<\/strong> certo depende de v\u00e1rios factores-chave que garantem uma experi\u00eancia gratificante e enriquecedora. Quer procures um <strong>campo de f\u00e9rias ao estilo de um internato su\u00ed\u00e7o residencial<\/strong>, um <strong>campo desportivo e educativo<\/strong>, ou um programa que se concentre em <strong>campos de imers\u00e3o lingu\u00edstica<\/strong>, \u00e9 essencial encontrar a op\u00e7\u00e3o certa para os interesses e necessidades do teu filho. <\/p>\n<ul>\n<li><strong>Faixa et\u00e1ria:<\/strong> <strong>Os campos de f\u00e9rias de topo de gama na Su\u00ed\u00e7a<\/strong> oferecem programas para crian\u00e7as <strong>dos 6 aos 16 anos<\/strong> e adolescentes <strong>dos 8 aos 17 anos<\/strong>, garantindo actividades e orienta\u00e7\u00e3o adequadas \u00e0 idade.<\/li>\n<li><strong>Dura\u00e7\u00e3o:<\/strong> As fam\u00edlias podem escolher entre **acampamentos diurnos de curta dura\u00e7\u00e3o** (uma a duas semanas) e **acampamentos residenciais de ver\u00e3o completos** (quatro a seis semanas). Muitos campos de f\u00e9rias t\u00eam sess\u00f5es em <strong>julho e agosto<\/strong>, o que facilita o alinhamento com as f\u00e9rias escolares. <\/li>\n<li><strong>Prefer\u00eancias de actividades:<\/strong> Cada crian\u00e7a tem interesses \u00fanicos &#8211; algumas podem prosperar no **treino desportivo intensivo** com actividades como o <strong>t\u00e9nis<\/strong> e **cavalo**, enquanto outras podem ser atra\u00eddas para as <strong>artes performativas, teatro ou workshops de m\u00fasica<\/strong>. Muitos campos <strong>de f\u00e9rias<\/strong>, incluindo o <strong>Les Elfes International Summer Camp<\/strong>, oferecem uma mistura equilibrada de <strong>desportos, campos de aventura, cursos de l\u00ednguas e viagens culturais<\/strong> a cidades como <strong>Genebra, Lausanne e Montreux<\/strong>. <\/li>\n<li><strong>Exposi\u00e7\u00e3o global e amizades:<\/strong> Um **acampamento de ver\u00e3o internacional de alta qualidade** fomenta amizades entre campistas de diversas **nacionalidades**. Os programas de acampamentos como <strong>Les Elfes<\/strong> enfatizam o trabalho em equipa, a lideran\u00e7a e a constru\u00e7\u00e3o de confian\u00e7a atrav\u00e9s de um curr\u00edculo estruturado. <\/li>\n<li><strong>Internato e instala\u00e7\u00f5es do campus:<\/strong> A escolha de um <strong>acampamento residencial inspirado num col\u00e9gio interno su\u00ed\u00e7o<\/strong> garante aos campistas alojamento de alta qualidade, excelente <strong>supervis\u00e3o do pessoal<\/strong> e acesso a locais de cortar a respira\u00e7\u00e3o como **Lago de Genebra, Gstaad e os Alpes su\u00ed\u00e7os**.<\/li>\n<\/ul>\n<p>Ao considerar estes factores, as fam\u00edlias podem encontrar um <strong>campo de f\u00e9rias de topo na Su\u00ed\u00e7a<\/strong> que proporcione uma <strong>experi\u00eancia inesquec\u00edvel<\/strong> repleta de aventura, educa\u00e7\u00e3o e explora\u00e7\u00e3o cultural. Quer o teu filho prefira <strong>desportos intensivos, aprendizagem de l\u00ednguas ou artes performativas<\/strong>, os principais campos de f\u00e9rias da Su\u00ed\u00e7a, como <strong>Les Elfes International<\/strong>, oferecem um **programa de ver\u00e3o de classe mundial** adaptado \u00e0s suas necessidades. <\/p>\n<h2>Coment\u00e1rios sobre os campos de f\u00e9rias su\u00ed\u00e7os &#8211; O que dizem os pais e os campistas<\/h2>\n<p>Les Elfes International construiu uma forte reputa\u00e7\u00e3o como um dos melhores campos de f\u00e9rias da Su\u00ed\u00e7a, com excelentes coment\u00e1rios de pais e filhos. V\u00ea aqui o que as fam\u00edlias dizem sobre a sua experi\u00eancia: <\/p>\n<blockquote><p>&#8220;A mistura de actividades ao ar livre, forma\u00e7\u00e3o em lideran\u00e7a e amizades que o meu filho fez em Les Elfes foi incr\u00edvel. Este foi o seu melhor ver\u00e3o at\u00e9 agora! &#8211; Emily, Fran\u00e7a<\/p><\/blockquote>\n<blockquote><p>&#8220;O pessoal do acampamento fez com que a minha filha se sentisse segura, bem-vinda e entusiasmada todos os dias. Ela voltou mais confiante e independente&#8221;. &#8211; David, EUA<\/p><\/blockquote>\n<h2>Planeia umas f\u00e9rias de ver\u00e3o inesquec\u00edveis com Les Elfes International!<\/h2>\n<p>Faz de 2025 um ver\u00e3o inesquec\u00edvel, inscrevendo o teu filho num dos campos de f\u00e9rias internacionais mais bem classificados da Su\u00ed\u00e7a. Quer procurem <strong>explorar, aprender novas compet\u00eancias<\/strong> ou desfrutar de <strong>desportos e aventuras<\/strong>, <strong>Les Elfes International<\/strong> oferece um <strong>ver\u00e3o repleto<\/strong> de <strong>divers\u00e3o, descoberta e amizades duradouras<\/strong>. <\/p>\n<p><a href=\"https:\/\/www.leselfes.com\/summer-camp\/enrol\/\" target=\"_blank\" rel=\"noopener\"><strong>Reserva o teu lugar agora!<\/strong><\/a><\/p>\n","protected":false},"excerpt":{"rendered":"<p>Campo de f\u00e9rias internacional na Su\u00ed\u00e7a 2025 | Camp Suisse Campo de f\u00e9rias internacional na Su\u00ed\u00e7a 2025 | A melhor experi\u00eancia para crian\u00e7as e adolescentes A Su\u00ed\u00e7a \u00e9 um dos&#8230;<\/p>\n","protected":false},"author":16,"featured_media":109359,"comment_status":"closed","ping_status":"open","sticky":false,"template":"","format":"standard","meta":{"_acf_changed":false,"inline_featured_image":false,"footnotes":""},"categories":[1102],"tags":[],"class_list":{"0":"post-109222","1":"post","2":"type-post","3":"status-publish","4":"format-standard","5":"has-post-thumbnail","7":"category-acampamento-de-verao"},"acf":[],"yoast_head":"<!-- This site is optimized with the Yoast SEO Premium plugin v24.2 (Yoast SEO v24.7) - https:\/\/yoast.com\/wordpress\/plugins\/seo\/ -->\n<title>Col\u00f4nia de f\u00e9rias internacional na Su\u00ed\u00e7a 2025 - Les Elfes International Camps Switzerland<\/title>\n<meta name=\"description\" content=\"Camp Suisse - O derradeiro campo de f\u00e9rias internacional nos Alpes su\u00ed\u00e7os que oferece uma mistura de actividades ao ar livre, aprendizagem de l\u00ednguas e muito mais!\" \/>\n<meta name=\"robots\" content=\"index, follow, max-snippet:-1, max-image-preview:large, max-video-preview:-1\" \/>\n<link rel=\"canonical\" href=\"https:\/\/www.leselfes.com\/pt-pt\/que-actividades-sao-oferecidas-no-campo-de-ferias\/\" \/>\n<meta property=\"og:locale\" content=\"pt_PT\" \/>\n<meta property=\"og:type\" content=\"article\" \/>\n<meta property=\"og:title\" content=\"Col\u00f4nia de f\u00e9rias internacional na Su\u00ed\u00e7a 2025\" \/>\n<meta property=\"og:description\" content=\"Camp Suisse - O derradeiro campo de f\u00e9rias internacional nos Alpes su\u00ed\u00e7os que oferece uma mistura de actividades ao ar livre, aprendizagem de l\u00ednguas e muito mais!\" \/>\n<meta property=\"og:url\" content=\"https:\/\/www.leselfes.com\/pt-pt\/que-actividades-sao-oferecidas-no-campo-de-ferias\/\" \/>\n<meta property=\"og:site_name\" content=\"Les Elfes International Camps Switzerland\" \/>\n<meta property=\"article:publisher\" content=\"https:\/\/www.facebook.com\/LesElfesVerbier\" \/>\n<meta property=\"article:published_time\" content=\"2025-02-06T08:29:12+00:00\" \/>\n<meta property=\"article:modified_time\" content=\"2025-02-06T08:44:00+00:00\" \/>\n<meta property=\"og:image\" content=\"https:\/\/www.leselfes.com\/wp-content\/uploads\/2025\/01\/Les-Elfes-Summer-camp-Sliding-1.jpg\" \/>\n\t<meta property=\"og:image:width\" content=\"1824\" \/>\n\t<meta property=\"og:image:height\" content=\"1368\" \/>\n\t<meta property=\"og:image:type\" content=\"image\/jpeg\" \/>\n<meta name=\"author\" content=\"Matthieu Perard\" \/>\n<meta name=\"twitter:card\" content=\"summary_large_image\" \/>\n<meta name=\"twitter:creator\" content=\"@LesElfesCamps\" \/>\n<meta name=\"twitter:site\" content=\"@LesElfesCamps\" \/>\n<meta name=\"twitter:label1\" content=\"Escrito por\" \/>\n\t<meta name=\"twitter:data1\" content=\"Matthieu Perard\" \/>\n\t<meta name=\"twitter:label2\" content=\"Tempo estimado de leitura\" \/>\n\t<meta name=\"twitter:data2\" content=\"9 minutos\" \/>\n<script type=\"application\/ld+json\" class=\"yoast-schema-graph\">{\"@context\":\"https:\/\/schema.org\",\"@graph\":[{\"@type\":\"Article\",\"@id\":\"https:\/\/www.leselfes.com\/pt-pt\/que-actividades-sao-oferecidas-no-campo-de-ferias\/#article\",\"isPartOf\":{\"@id\":\"https:\/\/www.leselfes.com\/pt-pt\/que-actividades-sao-oferecidas-no-campo-de-ferias\/\"},\"author\":{\"name\":\"Matthieu Perard\",\"@id\":\"https:\/\/dev.leselfes.com\/#\/schema\/person\/7ac5f99a7f3c597105fe663a00bdf6d6\"},\"headline\":\"Col\u00f4nia de f\u00e9rias internacional na Su\u00ed\u00e7a 2025\",\"datePublished\":\"2025-02-06T08:29:12+00:00\",\"dateModified\":\"2025-02-06T08:44:00+00:00\",\"mainEntityOfPage\":{\"@id\":\"https:\/\/www.leselfes.com\/pt-pt\/que-actividades-sao-oferecidas-no-campo-de-ferias\/\"},\"wordCount\":1908,\"publisher\":{\"@id\":\"https:\/\/dev.leselfes.com\/#organization\"},\"image\":{\"@id\":\"https:\/\/www.leselfes.com\/pt-pt\/que-actividades-sao-oferecidas-no-campo-de-ferias\/#primaryimage\"},\"thumbnailUrl\":\"https:\/\/www.leselfes.com\/wp-content\/uploads\/2025\/02\/Hollyfest-6-2-min-1.jpg\",\"articleSection\":[\"Acampamento de ver\u00e3o\"],\"inLanguage\":\"pt-PT\"},{\"@type\":\"WebPage\",\"@id\":\"https:\/\/www.leselfes.com\/pt-pt\/que-actividades-sao-oferecidas-no-campo-de-ferias\/\",\"url\":\"https:\/\/www.leselfes.com\/pt-pt\/que-actividades-sao-oferecidas-no-campo-de-ferias\/\",\"name\":\"Col\u00f4nia de f\u00e9rias internacional na Su\u00ed\u00e7a 2025 - Les Elfes International Camps Switzerland\",\"isPartOf\":{\"@id\":\"https:\/\/dev.leselfes.com\/#website\"},\"primaryImageOfPage\":{\"@id\":\"https:\/\/www.leselfes.com\/pt-pt\/que-actividades-sao-oferecidas-no-campo-de-ferias\/#primaryimage\"},\"image\":{\"@id\":\"https:\/\/www.leselfes.com\/pt-pt\/que-actividades-sao-oferecidas-no-campo-de-ferias\/#primaryimage\"},\"thumbnailUrl\":\"https:\/\/www.leselfes.com\/wp-content\/uploads\/2025\/02\/Hollyfest-6-2-min-1.jpg\",\"datePublished\":\"2025-02-06T08:29:12+00:00\",\"dateModified\":\"2025-02-06T08:44:00+00:00\",\"description\":\"Camp Suisse - O derradeiro campo de f\u00e9rias internacional nos Alpes su\u00ed\u00e7os que oferece uma mistura de actividades ao ar livre, aprendizagem de l\u00ednguas e muito mais!\",\"breadcrumb\":{\"@id\":\"https:\/\/www.leselfes.com\/pt-pt\/que-actividades-sao-oferecidas-no-campo-de-ferias\/#breadcrumb\"},\"inLanguage\":\"pt-PT\",\"potentialAction\":[{\"@type\":\"ReadAction\",\"target\":[\"https:\/\/www.leselfes.com\/pt-pt\/que-actividades-sao-oferecidas-no-campo-de-ferias\/\"]}]},{\"@type\":\"ImageObject\",\"inLanguage\":\"pt-PT\",\"@id\":\"https:\/\/www.leselfes.com\/pt-pt\/que-actividades-sao-oferecidas-no-campo-de-ferias\/#primaryimage\",\"url\":\"https:\/\/www.leselfes.com\/wp-content\/uploads\/2025\/02\/Hollyfest-6-2-min-1.jpg\",\"contentUrl\":\"https:\/\/www.leselfes.com\/wp-content\/uploads\/2025\/02\/Hollyfest-6-2-min-1.jpg\",\"width\":2097,\"height\":1498},{\"@type\":\"BreadcrumbList\",\"@id\":\"https:\/\/www.leselfes.com\/pt-pt\/que-actividades-sao-oferecidas-no-campo-de-ferias\/#breadcrumb\",\"itemListElement\":[{\"@type\":\"ListItem\",\"position\":1,\"name\":\"Home\",\"item\":\"https:\/\/www.leselfes.com\/pt-pt\/\"},{\"@type\":\"ListItem\",\"position\":2,\"name\":\"Col\u00f4nia de f\u00e9rias internacional na Su\u00ed\u00e7a 2025\"}]},{\"@type\":\"WebSite\",\"@id\":\"https:\/\/dev.leselfes.com\/#website\",\"url\":\"https:\/\/dev.leselfes.com\/\",\"name\":\"Les Elfes International\",\"description\":\"Les Elfes International, Verbier Switzerland. Summer Camp, Winter Camp, Spring Camps.\",\"publisher\":{\"@id\":\"https:\/\/dev.leselfes.com\/#organization\"},\"alternateName\":\"Les Elfes International\",\"potentialAction\":[{\"@type\":\"SearchAction\",\"target\":{\"@type\":\"EntryPoint\",\"urlTemplate\":\"https:\/\/dev.leselfes.com\/?s={search_term_string}\"},\"query-input\":{\"@type\":\"PropertyValueSpecification\",\"valueRequired\":true,\"valueName\":\"search_term_string\"}}],\"inLanguage\":\"pt-PT\"},{\"@type\":\"Organization\",\"@id\":\"https:\/\/dev.leselfes.com\/#organization\",\"name\":\"Les Elfes International\",\"alternateName\":\"Les Elfes International\",\"url\":\"https:\/\/dev.leselfes.com\/\",\"logo\":{\"@type\":\"ImageObject\",\"inLanguage\":\"pt-PT\",\"@id\":\"https:\/\/dev.leselfes.com\/#\/schema\/logo\/image\/\",\"url\":\"https:\/\/www.leselfes.com\/wp-content\/uploads\/2022\/03\/leselfes-logo.png\",\"contentUrl\":\"https:\/\/www.leselfes.com\/wp-content\/uploads\/2022\/03\/leselfes-logo.png\",\"width\":233,\"height\":51,\"caption\":\"Les Elfes International\"},\"image\":{\"@id\":\"https:\/\/dev.leselfes.com\/#\/schema\/logo\/image\/\"},\"sameAs\":[\"https:\/\/www.facebook.com\/LesElfesVerbier\",\"https:\/\/x.com\/LesElfesCamps\",\"https:\/\/www.instagram.com\/leselfes\",\"https:\/\/www.linkedin.com\/company\/les-elfes-international\",\"https:\/\/www.youtube.com\/user\/LesElfesVerbier\"]},{\"@type\":\"Person\",\"@id\":\"https:\/\/dev.leselfes.com\/#\/schema\/person\/7ac5f99a7f3c597105fe663a00bdf6d6\",\"name\":\"Matthieu Perard\",\"image\":{\"@type\":\"ImageObject\",\"inLanguage\":\"pt-PT\",\"@id\":\"https:\/\/dev.leselfes.com\/#\/schema\/person\/image\/\",\"url\":\"https:\/\/secure.gravatar.com\/avatar\/e368f5bd153d15a1ff42a4c64a46d1ef?s=96&d=mm&r=g\",\"contentUrl\":\"https:\/\/secure.gravatar.com\/avatar\/e368f5bd153d15a1ff42a4c64a46d1ef?s=96&d=mm&r=g\",\"caption\":\"Matthieu Perard\"},\"url\":\"https:\/\/www.leselfes.com\/pt-pt\/author\/m-pierardnotostudio-ch\/\"}]}<\/script>\n<!-- \/ Yoast SEO Premium plugin. -->","yoast_head_json":{"title":"Col\u00f4nia de f\u00e9rias internacional na Su\u00ed\u00e7a 2025 - Les Elfes International Camps Switzerland","description":"Camp Suisse - O derradeiro campo de f\u00e9rias internacional nos Alpes su\u00ed\u00e7os que oferece uma mistura de actividades ao ar livre, aprendizagem de l\u00ednguas e muito mais!","robots":{"index":"index","follow":"follow","max-snippet":"max-snippet:-1","max-image-preview":"max-image-preview:large","max-video-preview":"max-video-preview:-1"},"canonical":"https:\/\/www.leselfes.com\/pt-pt\/que-actividades-sao-oferecidas-no-campo-de-ferias\/","og_locale":"pt_PT","og_type":"article","og_title":"Col\u00f4nia de f\u00e9rias internacional na Su\u00ed\u00e7a 2025","og_description":"Camp Suisse - O derradeiro campo de f\u00e9rias internacional nos Alpes su\u00ed\u00e7os que oferece uma mistura de actividades ao ar livre, aprendizagem de l\u00ednguas e muito mais!","og_url":"https:\/\/www.leselfes.com\/pt-pt\/que-actividades-sao-oferecidas-no-campo-de-ferias\/","og_site_name":"Les Elfes International Camps Switzerland","article_publisher":"https:\/\/www.facebook.com\/LesElfesVerbier","article_published_time":"2025-02-06T08:29:12+00:00","article_modified_time":"2025-02-06T08:44:00+00:00","og_image":[{"width":1824,"height":1368,"url":"https:\/\/www.leselfes.com\/wp-content\/uploads\/2025\/01\/Les-Elfes-Summer-camp-Sliding-1.jpg","type":"image\/jpeg"}],"author":"Matthieu Perard","twitter_card":"summary_large_image","twitter_creator":"@LesElfesCamps","twitter_site":"@LesElfesCamps","twitter_misc":{"Escrito por":"Matthieu Perard","Tempo estimado de leitura":"9 minutos"},"schema":{"@context":"https:\/\/schema.org","@graph":[{"@type":"Article","@id":"https:\/\/www.leselfes.com\/pt-pt\/que-actividades-sao-oferecidas-no-campo-de-ferias\/#article","isPartOf":{"@id":"https:\/\/www.leselfes.com\/pt-pt\/que-actividades-sao-oferecidas-no-campo-de-ferias\/"},"author":{"name":"Matthieu Perard","@id":"https:\/\/dev.leselfes.com\/#\/schema\/person\/7ac5f99a7f3c597105fe663a00bdf6d6"},"headline":"Col\u00f4nia de f\u00e9rias internacional na Su\u00ed\u00e7a 2025","datePublished":"2025-02-06T08:29:12+00:00","dateModified":"2025-02-06T08:44:00+00:00","mainEntityOfPage":{"@id":"https:\/\/www.leselfes.com\/pt-pt\/que-actividades-sao-oferecidas-no-campo-de-ferias\/"},"wordCount":1908,"publisher":{"@id":"https:\/\/dev.leselfes.com\/#organization"},"image":{"@id":"https:\/\/www.leselfes.com\/pt-pt\/que-actividades-sao-oferecidas-no-campo-de-ferias\/#primaryimage"},"thumbnailUrl":"https:\/\/www.leselfes.com\/wp-content\/uploads\/2025\/02\/Hollyfest-6-2-min-1.jpg","articleSection":["Acampamento de ver\u00e3o"],"inLanguage":"pt-PT"},{"@type":"WebPage","@id":"https:\/\/www.leselfes.com\/pt-pt\/que-actividades-sao-oferecidas-no-campo-de-ferias\/","url":"https:\/\/www.leselfes.com\/pt-pt\/que-actividades-sao-oferecidas-no-campo-de-ferias\/","name":"Col\u00f4nia de f\u00e9rias internacional na Su\u00ed\u00e7a 2025 - Les Elfes International Camps Switzerland","isPartOf":{"@id":"https:\/\/dev.leselfes.com\/#website"},"primaryImageOfPage":{"@id":"https:\/\/www.leselfes.com\/pt-pt\/que-actividades-sao-oferecidas-no-campo-de-ferias\/#primaryimage"},"image":{"@id":"https:\/\/www.leselfes.com\/pt-pt\/que-actividades-sao-oferecidas-no-campo-de-ferias\/#primaryimage"},"thumbnailUrl":"https:\/\/www.leselfes.com\/wp-content\/uploads\/2025\/02\/Hollyfest-6-2-min-1.jpg","datePublished":"2025-02-06T08:29:12+00:00","dateModified":"2025-02-06T08:44:00+00:00","description":"Camp Suisse - O derradeiro campo de f\u00e9rias internacional nos Alpes su\u00ed\u00e7os que oferece uma mistura de actividades ao ar livre, aprendizagem de l\u00ednguas e muito mais!","breadcrumb":{"@id":"https:\/\/www.leselfes.com\/pt-pt\/que-actividades-sao-oferecidas-no-campo-de-ferias\/#breadcrumb"},"inLanguage":"pt-PT","potentialAction":[{"@type":"ReadAction","target":["https:\/\/www.leselfes.com\/pt-pt\/que-actividades-sao-oferecidas-no-campo-de-ferias\/"]}]},{"@type":"ImageObject","inLanguage":"pt-PT","@id":"https:\/\/www.leselfes.com\/pt-pt\/que-actividades-sao-oferecidas-no-campo-de-ferias\/#primaryimage","url":"https:\/\/www.leselfes.com\/wp-content\/uploads\/2025\/02\/Hollyfest-6-2-min-1.jpg","contentUrl":"https:\/\/www.leselfes.com\/wp-content\/uploads\/2025\/02\/Hollyfest-6-2-min-1.jpg","width":2097,"height":1498},{"@type":"BreadcrumbList","@id":"https:\/\/www.leselfes.com\/pt-pt\/que-actividades-sao-oferecidas-no-campo-de-ferias\/#breadcrumb","itemListElement":[{"@type":"ListItem","position":1,"name":"Home","item":"https:\/\/www.leselfes.com\/pt-pt\/"},{"@type":"ListItem","position":2,"name":"Col\u00f4nia de f\u00e9rias internacional na Su\u00ed\u00e7a 2025"}]},{"@type":"WebSite","@id":"https:\/\/dev.leselfes.com\/#website","url":"https:\/\/dev.leselfes.com\/","name":"Les Elfes International","description":"Les Elfes International, Verbier Switzerland. Summer Camp, Winter Camp, Spring Camps.","publisher":{"@id":"https:\/\/dev.leselfes.com\/#organization"},"alternateName":"Les Elfes International","potentialAction":[{"@type":"SearchAction","target":{"@type":"EntryPoint","urlTemplate":"https:\/\/dev.leselfes.com\/?s={search_term_string}"},"query-input":{"@type":"PropertyValueSpecification","valueRequired":true,"valueName":"search_term_string"}}],"inLanguage":"pt-PT"},{"@type":"Organization","@id":"https:\/\/dev.leselfes.com\/#organization","name":"Les Elfes International","alternateName":"Les Elfes International","url":"https:\/\/dev.leselfes.com\/","logo":{"@type":"ImageObject","inLanguage":"pt-PT","@id":"https:\/\/dev.leselfes.com\/#\/schema\/logo\/image\/","url":"https:\/\/www.leselfes.com\/wp-content\/uploads\/2022\/03\/leselfes-logo.png","contentUrl":"https:\/\/www.leselfes.com\/wp-content\/uploads\/2022\/03\/leselfes-logo.png","width":233,"height":51,"caption":"Les Elfes International"},"image":{"@id":"https:\/\/dev.leselfes.com\/#\/schema\/logo\/image\/"},"sameAs":["https:\/\/www.facebook.com\/LesElfesVerbier","https:\/\/x.com\/LesElfesCamps","https:\/\/www.instagram.com\/leselfes","https:\/\/www.linkedin.com\/company\/les-elfes-international","https:\/\/www.youtube.com\/user\/LesElfesVerbier"]},{"@type":"Person","@id":"https:\/\/dev.leselfes.com\/#\/schema\/person\/7ac5f99a7f3c597105fe663a00bdf6d6","name":"Matthieu Perard","image":{"@type":"ImageObject","inLanguage":"pt-PT","@id":"https:\/\/dev.leselfes.com\/#\/schema\/person\/image\/","url":"https:\/\/secure.gravatar.com\/avatar\/e368f5bd153d15a1ff42a4c64a46d1ef?s=96&d=mm&r=g","contentUrl":"https:\/\/secure.gravatar.com\/avatar\/e368f5bd153d15a1ff42a4c64a46d1ef?s=96&d=mm&r=g","caption":"Matthieu Perard"},"url":"https:\/\/www.leselfes.com\/pt-pt\/author\/m-pierardnotostudio-ch\/"}]}},"_links":{"self":[{"href":"https:\/\/www.leselfes.com\/pt-pt\/wp-json\/wp\/v2\/posts\/109222"}],"collection":[{"href":"https:\/\/www.leselfes.com\/pt-pt\/wp-json\/wp\/v2\/posts"}],"about":[{"href":"https:\/\/www.leselfes.com\/pt-pt\/wp-json\/wp\/v2\/types\/post"}],"author":[{"embeddable":true,"href":"https:\/\/www.leselfes.com\/pt-pt\/wp-json\/wp\/v2\/users\/16"}],"replies":[{"embeddable":true,"href":"https:\/\/www.leselfes.com\/pt-pt\/wp-json\/wp\/v2\/comments?post=109222"}],"version-history":[{"count":1,"href":"https:\/\/www.leselfes.com\/pt-pt\/wp-json\/wp\/v2\/posts\/109222\/revisions"}],"predecessor-version":[{"id":109227,"href":"https:\/\/www.leselfes.com\/pt-pt\/wp-json\/wp\/v2\/posts\/109222\/revisions\/109227"}],"wp:featuredmedia":[{"embeddable":true,"href":"https:\/\/www.leselfes.com\/pt-pt\/wp-json\/wp\/v2\/media\/109359"}],"wp:attachment":[{"href":"https:\/\/www.leselfes.com\/pt-pt\/wp-json\/wp\/v2\/media?parent=109222"}],"wp:term":[{"taxonomy":"category","embeddable":true,"href":"https:\/\/www.leselfes.com\/pt-pt\/wp-json\/wp\/v2\/categories?post=109222"},{"taxonomy":"post_tag","embeddable":true,"href":"https:\/\/www.leselfes.com\/pt-pt\/wp-json\/wp\/v2\/tags?post=109222"}],"curies":[{"name":"wp","href":"https:\/\/api.w.org\/{rel}","templated":true}]}}