{"id":86142,"date":"2019-04-15T22:41:04","date_gmt":"2019-04-15T20:41:04","guid":{"rendered":"https:\/\/www.leselfes.com\/viagens-escolares-internacionais-para-criancas\/"},"modified":"2024-10-02T17:44:45","modified_gmt":"2024-10-02T15:44:45","slug":"viagens-escolares-internacionais-para-criancas","status":"publish","type":"post","link":"https:\/\/www.leselfes.com\/pt-pt\/viagens-escolares-internacionais-para-criancas\/","title":{"rendered":"Viagens escolares internacionais para crian\u00e7as"},"content":{"rendered":"&#13;\n<p>Curiosidade!\nSabias que a Europa est\u00e1 dividida em 44 pa\u00edses incr\u00edveis?\nSe estiveres a falar da Uni\u00e3o Europeia, existem 28 pa\u00edses.\nA Su\u00ed\u00e7a, que \u00e9 onde estamos localizados, n\u00e3o faz parte da UE, mas est\u00e1, obviamente, na Europa.   <\/p>&#13;\n&#13;\n<p>A Europa \u00e9 o local perfeito para fazeres <a href=\"https:\/\/www.leselfes.com\/pt-pt\/?page_id=85718\">as<\/a> lend\u00e1rias <a href=\"https:\/\/www.leselfes.com\/pt-pt\/?page_id=85718\">viagens escolares internacionais para crian\u00e7as<\/a>.\nOs locais hist\u00f3ricos, as paisagens pitorescas e as cidades cosmopolitas da Europa oferecem muito para manter entretidas as crian\u00e7as de todas as idades que frequentam a escola.\nDesde passeios de bicicleta cheios de adrenalina e caminhadas pelos grandes Alpes a visitas a locais culturais, tens a garantia de encontrar uma s\u00e9rie de op\u00e7\u00f5es para o teu filho.\nQuer queiram compreender as origens da civiliza\u00e7\u00e3o ocidental ou simplesmente procurar uma cultura mais elevada, uma visita de estudo \u00e0 Europa valer\u00e1 a pena.     <\/p>&#13;\n&#13;\n<h2 class=\"wp-block-heading\"><strong>Caminhadas<\/strong><\/h2>&#13;\n&#13;\n<p>H\u00e1 qualquer coisa de sensorial nas paisagens que voltam \u00e0 vida, por isso a melhor altura para fazer caminhadas nos Alpes \u00e9 entre maio e outubro.\nCom paisagens montanhosas deslumbrantes, lagos alpinos, riachos de montanha, florestas de abetos e centenas de glaciares, os Alpes s\u00e3o o destino de trekking e caminhadas mais bem suportado do mundo.\nOferece tamb\u00e9m muitas oportunidades de passeios e caminhadas para pessoas de todas as idades.\nO cora\u00e7\u00e3o dos Alpes abre-se para revelar um fascinante mundo montanhoso onde tanto os alpinistas como os caminhantes podem deambular e dominar os v\u00e1rios trilhos dispon\u00edveis.\nLembra-te que os Alpes s\u00e3o um extenso sistema montanhoso que se estende por oito pa\u00edses diferentes.    <\/p>&#13;\n&#13;\n<p>Para al\u00e9m de tudo isto, n\u00e3o h\u00e1 melhor lugar para desfrutar de paisagens montanhosas deslumbrantes e nunca ter de levar mais do que uma mochila leve.\nIsto deve-se ao facto de haver uma infinidade de alojamentos bem interligados, bem espa\u00e7ados ao longo do seu comprimento.\nOs Alpes tamb\u00e9m oferecem <a href=\"https:\/\/www.goworldtravel.com\/hiking-switzerland\/\">magn\u00edficas caminhadas de um dia <\/a>, n\u00e3o s\u00f3 bem marcadas, mas tamb\u00e9m f\u00e1ceis de seguir.\nDesta forma, podes caminhar pelas montanhas em qualquer dire\u00e7\u00e3o.\nSignifica tamb\u00e9m que podes apreciar as flores silvestres, as cascatas, a vida selvagem, a paisagem montanhosa e os glaciares durante o dia e seguir para o pr\u00f3ximo destino alpino ou regressar \u00e0 cidade antes do p\u00f4r do sol.    <\/p>&#13;\n&#13;\n<p>Algumas das caminhadas nos Alpes s\u00e3o definidas por passagens alpinas e trilhos que s\u00e3o utilizados h\u00e1 centenas de anos e outros ainda mais.\nFaz das caminhadas nos Alpes uma das melhores viagens escolares internacionais para crian\u00e7as. <\/p>&#13;\n&#13;\n<h2 class=\"wp-block-heading\"><strong>Acampar<\/strong><\/h2>&#13;\n&#13;\n<p>Tranquilo, intocado, bem escondido entre os abetos e os pinhais, um peda\u00e7o do para\u00edso, todas estas s\u00e3o palavras usadas para descrever o campismo.\nO campo \u00e9 muitas vezes ignorado pela maioria dos habitantes das cidades e \u00e9 por isso que oferece uma experi\u00eancia de aprendizagem da vida fora da cidade agitada.\nO campismo tamb\u00e9m mostra uma imagem mais lenta e am\u00e1vel do campo.\nTamb\u00e9m podes encontrar parques de campismo alpinos deslumbrantes em todos os Alpes, rodeados por glaciares, prados, florestas ou rios congelados, o que resume as maravilhas do campismo de altitude.   <\/p>&#13;\n&#13;\n<p>Na Europa, acampar \u00e9 uma \u00f3ptima forma de revisitar a simplicidade da natureza sem necessariamente abdicar dos confortos do dia a dia.\nAs tardes pregui\u00e7osas, o canto dos p\u00e1ssaros e os trilhos sinuosos podem ser uma distra\u00e7\u00e3o bem-vinda da vida quotidiana.\nPara al\u00e9m disso, acampar \u00e9 igual ao brilho quente de uma fogueira e \u00e0s noites cheias de estrelas.\n\u00c9 um tipo de f\u00e9rias ao ar livre muito antigo, em que crian\u00e7as de todas as idades podem divertir-se, seja a brincar no parque de campismo ou a dar passeios na natureza   <\/p>&#13;\n&#13;\n<p>O campismo selvagem n\u00e3o \u00e9 permitido em algumas partes da Europa, o que significa que s\u00f3 se pode acampar dentro de um parque de campismo onde se encontram servi\u00e7os, turistas e qualquer outra coisa de que necessites.\nPara al\u00e9m disso, os Alpes tendem a ser significativamente povoados, de tal forma que \u00e9 prov\u00e1vel que encontres aldeias perto de quase todos os locais da lista de &#8220;visita obrigat\u00f3ria&#8221;.\nEmbora a neve seja uma boa not\u00edcia, quando derrete na primavera, os Alpes transformam-se num para\u00edso para os amantes da natureza, os entusiastas do desporto e tamb\u00e9m os caminhantes.  <\/p>&#13;\n&#13;\n<p>Os Alpes s\u00e3o uma joia escondida que oferece muitas op\u00e7\u00f5es tanto para <a href=\"\/school-trips\/field-trips\/\">aventuras ao ar livre<\/a> como para relaxar.\nH\u00e1 uma infinidade de raz\u00f5es para acampar nos Alpes, incluindo apanhar ar fresco, paisagens frescas, experi\u00eancias frescas, comida fresca e flores frescas.\nOferecendo um modo de vida alpino tradicional, acampar nos Alpes \u00e9 tamb\u00e9m uma boa maneira de refrescar os teus sentidos, apreciar a cena e admirar a beleza.  <\/p>&#13;\n&#13;\n<h2 class=\"wp-block-heading\"><strong>Viagens de esqui<\/strong><\/h2>&#13;\n&#13;\n<p>A Europa \u00e9 o melhor destino do mundo para os entusiastas do esqui.\nMilhares de pessoas desfrutam das est\u00e2ncias de esqui na Europa porque est\u00e3o entre as mais deslumbrantes do mundo.\nO recorde de neve, a diversidade de pistas e as vistas pitorescas s\u00e3o algumas das muitas raz\u00f5es para ires esquiar.\nDe dezembro at\u00e9 ao final de abril, as prestigiadas est\u00e2ncias su\u00ed\u00e7as de Verbier, La Tzoumaz e Crans-Montana oferecem excelentes actividades de esqui.\nTodas as <a href=\"https:\/\/www.leselfes.com\/ski-trips\/\">viagens de esqui<\/a> s\u00e3o totalmente supervisionadas e vigiadas por instrutores e pessoal profissional desde a chegada das crian\u00e7as ao aeroporto do destino.    <\/p>&#13;\n&#13;\n<p>Idealmente, uma vez que os Alpes cobrem uma \u00e1rea t\u00e3o grande, \u00e9 dif\u00edcil definir claramente quando come\u00e7a ou acaba a \u00e9poca de esqui, pelo que podes esquiar durante todo o ano, dependendo de onde planeias ir.\nMesmo com algumas cria\u00e7\u00f5es feitas pelo homem, os parques imaculados e a neve cintilante ajudam a embelezar um pouco mais o local.\nEmbora esquiar durante os meses de inverno fa\u00e7a mais sentido, os meses de ver\u00e3o e de primavera nos Alpes s\u00e3o quase lindos.\nDe facto, as crian\u00e7as ter\u00e3o umas f\u00e9rias mais memor\u00e1veis se forem esquiar durante o ver\u00e3o.\nDesta forma, podem experimentar outras actividades, como caminhadas ou percorrer os excelentes trilhos pedestres para conhecer os Alpes de um novo ponto de vista.    <\/p>&#13;\n&#13;\n<p>Uma mir\u00edade de est\u00e2ncias de esqui situadas ao longo dos Alpes tem tudo o que o teu filho pode precisar.\nPor isso, n\u00e3o importa se s\u00e3o profissionais de esqui ou se apenas querem desfrutar da experi\u00eancia.\nNa Europa, o esqui \u00e9 uma tradi\u00e7\u00e3o de longa data, especialmente com os Alpes a proporcionar um cen\u00e1rio magn\u00edfico e um para\u00edso para esquiar.\nAlgumas das pistas foram mesmo objeto de filmes.\nTudo o que o teu filho precisa \u00e9 de vir preparado para se lan\u00e7ar nas pistas com a sua prancha de snowboard ou os seus esquis.    <\/p>&#13;\n&#13;\n<h2 class=\"wp-block-heading\"><strong>Andar de bicicleta<\/strong><\/h2>&#13;\n&#13;\n<p>O ciclismo est\u00e1 a tornar-se popular, especialmente nas regi\u00f5es menos exploradas da Europa.\nDurante o ver\u00e3o, os Alpes s\u00e3o um lugar verdadeiramente m\u00e1gico para a pr\u00e1tica do BTT, oferecendo descidas \u00e9picas nas rochas, explos\u00f5es a grande altitude e single tracks escondidos.\nAndar de bicicleta nos Alpes \u00e9 uma atividade divertida e uma boa forma de perseguir objectivos pessoais de sa\u00fade, bem como de alcan\u00e7ar um sentimento de realiza\u00e7\u00e3o.  <\/p>&#13;\n&#13;\n<p>De todos os destinos do mundo para andar de bicicleta, nenhum \u00e9 t\u00e3o definidor e integrante da atividade como andar de bicicleta nos Alpes.\nEstendendo-se por mais de 1.200 quil\u00f3metros por toda a Europa, os Alpes s\u00e3o uma cadeia montanhosa grandiosa que apresenta vales majestosos, picos cobertos de neve e plan\u00edcies de relva de grande altitude, carater\u00edsticas das montanhas mais conhecidas do mundo. <\/p>&#13;\n&#13;\n<p>N\u00e3o h\u00e1 nenhuma regi\u00e3o no mundo que tenha tido um maior impacto no ciclismo, juntamente com a sua hist\u00f3ria, do que os Alpes.\nA melhor \u00e9poca para andar de bicicleta nos Alpes \u00e9 setembro, independentemente da parte da cordilheira que escolheres visitar   <\/p>&#13;\n&#13;\n<h2 class=\"wp-block-heading\"><strong>Aprende l\u00ednguas<\/strong><\/h2>&#13;\n&#13;\n<p>A melhor maneira de te envolveres profundamente na cultura de outras pessoas \u00e9 saberes falar a sua l\u00edngua.\n\u00c9 por isso que a aprendizagem de l\u00ednguas est\u00e1 inclu\u00edda em algumas viagens escolares.\nDesta forma, os estudantes podem mergulhar na \u00e1gua com um curso de inicia\u00e7\u00e3o ou fazer um programa avan\u00e7ado de imers\u00e3o lingu\u00edstica e interc\u00e2mbio lingu\u00edstico.  <\/p>&#13;\n&#13;\n<p>Em v\u00e1rios pa\u00edses europeus, as crian\u00e7as t\u00eam de come\u00e7ar a aprender uma segunda l\u00edngua, que n\u00e3o \u00e9 necessariamente o ingl\u00eas.\nUma vez que as crian\u00e7as tendem a adquirir l\u00ednguas utilizando princ\u00edpios diferentes, aprendem l\u00ednguas mais rapidamente do que os adultos.\nUma vez que a maioria dos pa\u00edses europeus fala mais do que uma l\u00edngua, h\u00e1 muito para manter o teu filho ocupado.\nAs paisagens deslumbrantes, o ar puro e fresco, bem como outras actividades divertidas, oferecem uma excelente forma de desfrutar da Europa e de aprender uma ou duas l\u00ednguas.\nPor isso, se o teu filho est\u00e1 interessado em aventuras e em mergulhar numa cultura espec\u00edfica, considera a hip\u00f3tese de o levares a ter aulas de l\u00ednguas.    <\/p>&#13;\n&#13;\n<h2 class=\"wp-block-heading\"><strong>Visita locais culturais<\/strong><\/h2>&#13;\n&#13;\n<p>A Europa \u00e9 o \u00fanico lugar do mundo com uma infinidade de galerias de arte e museus, todos eles emocionantes e educativos para as mentes jovens.\nH\u00e1 tamb\u00e9m dezenas de milhares de actividades culturais em que os estudantes podem participar.   <\/p>&#13;\n&#13;\n<p>Para al\u00e9m disso, a Europa \u00e9 o ber\u00e7o de alguns dos artistas mais profundos.\nIsso ajudou-nos a mudar a nossa forma de ver o mundo e de viver.\nFoi aqui que nasceram artistas como Leonardo da Vinci, Dali, Duchamp, Shakespeare, Picasso, Baudelaire, Van Gogh, Renoir e Cervantes, entre muitos outros.  <\/p>&#13;\n&#13;\n<p>A Europa tamb\u00e9m tem algumas das mais belas paisagens que inspiraram as mais belas decora\u00e7\u00f5es e pinturas que podem ser vistas em filmes.\nOutro aspeto positivo de <a href=\"https:\/\/www.munckhof.nl\/blogs-en\/top-five-destinations-for-international-school-trips\">visitar locais culturais na Europa<\/a> \u00e9 que \u00e9 mais f\u00e1cil deslocares-te de um local para outro utilizando o comboio r\u00e1pido.\nH\u00e1 muitos locais culturais interessantes onde podes aprender muito sobre a hist\u00f3ria europeia.  <\/p>&#13;\n&#13;\n<p>Toda a gente adora uma boa aventura europeia, quer seja fazer caminhadas, acampar, esquiar, andar de bicicleta ou simplesmente visitar locais culturais.\nAqui, nunca te faltam actividades divertidas para fazer ou lugares para visitar.\nPor isso, se est\u00e1s \u00e0 procura de uma pausa na cidade para umas f\u00e9rias longas e ricas em cultura, a Europa \u00e9 um dos melhores locais para viagens escolares internacionais para crian\u00e7as.  <\/p>&#13;\n","protected":false},"excerpt":{"rendered":"<p>&#13; Curiosidade! Sabias que a Europa est\u00e1 dividida em 44 pa\u00edses incr\u00edveis? Se estiveres a falar da Uni\u00e3o Europeia, existem 28 pa\u00edses. A Su\u00ed\u00e7a, que \u00e9 onde estamos localizados, n\u00e3o&#8230;<\/p>\n","protected":false},"author":6,"featured_media":0,"comment_status":"closed","ping_status":"open","sticky":false,"template":"","format":"standard","meta":{"_acf_changed":false,"inline_featured_image":false,"footnotes":""},"categories":[1102,1103],"tags":[],"class_list":{"0":"post-86142","1":"post","2":"type-post","3":"status-publish","4":"format-standard","6":"category-acampamento-de-verao","7":"category-artigos"},"acf":[],"yoast_head":"<!-- This site is optimized with the Yoast SEO Premium plugin v24.2 (Yoast SEO v24.7) - https:\/\/yoast.com\/wordpress\/plugins\/seo\/ -->\n<title>Viagens escolares internacionais para crian\u00e7as - Les Elfes International Camps Switzerland<\/title>\n<meta name=\"robots\" content=\"index, follow, max-snippet:-1, max-image-preview:large, max-video-preview:-1\" \/>\n<link rel=\"canonical\" href=\"https:\/\/www.leselfes.com\/pt-pt\/viagens-escolares-internacionais-para-criancas\/\" \/>\n<meta property=\"og:locale\" content=\"pt_PT\" \/>\n<meta property=\"og:type\" content=\"article\" \/>\n<meta property=\"og:title\" content=\"Viagens escolares internacionais para crian\u00e7as\" \/>\n<meta property=\"og:description\" content=\"&#013; Curiosidade! Sabias que a Europa est\u00e1 dividida em 44 pa\u00edses incr\u00edveis? Se estiveres a falar da Uni\u00e3o Europeia, existem 28 pa\u00edses. A Su\u00ed\u00e7a, que \u00e9 onde estamos localizados, n\u00e3o...\" \/>\n<meta property=\"og:url\" content=\"https:\/\/www.leselfes.com\/pt-pt\/viagens-escolares-internacionais-para-criancas\/\" \/>\n<meta property=\"og:site_name\" content=\"Les Elfes International Camps Switzerland\" \/>\n<meta property=\"article:publisher\" content=\"https:\/\/www.facebook.com\/LesElfesVerbier\" \/>\n<meta property=\"article:published_time\" content=\"2019-04-15T20:41:04+00:00\" \/>\n<meta property=\"article:modified_time\" content=\"2024-10-02T15:44:45+00:00\" \/>\n<meta property=\"og:image\" content=\"https:\/\/www.leselfes.com\/wp-content\/uploads\/2022\/02\/Les-Elfes-International-summer-camp-Switzerland-Staff-Mobile-591x555-1.jpg\" \/>\n\t<meta property=\"og:image:width\" content=\"591\" \/>\n\t<meta property=\"og:image:height\" content=\"555\" \/>\n\t<meta property=\"og:image:type\" content=\"image\/jpeg\" \/>\n<meta name=\"author\" content=\"carlotta\" \/>\n<meta name=\"twitter:card\" content=\"summary_large_image\" \/>\n<meta name=\"twitter:creator\" content=\"@LesElfesCamps\" \/>\n<meta name=\"twitter:site\" content=\"@LesElfesCamps\" \/>\n<meta name=\"twitter:label1\" content=\"Escrito por\" \/>\n\t<meta name=\"twitter:data1\" content=\"carlotta\" \/>\n\t<meta name=\"twitter:label2\" content=\"Tempo estimado de leitura\" \/>\n\t<meta name=\"twitter:data2\" content=\"9 minutos\" \/>\n<script type=\"application\/ld+json\" class=\"yoast-schema-graph\">{\"@context\":\"https:\/\/schema.org\",\"@graph\":[{\"@type\":\"Article\",\"@id\":\"https:\/\/www.leselfes.com\/pt-pt\/viagens-escolares-internacionais-para-criancas\/#article\",\"isPartOf\":{\"@id\":\"https:\/\/www.leselfes.com\/pt-pt\/viagens-escolares-internacionais-para-criancas\/\"},\"author\":{\"name\":\"carlotta\",\"@id\":\"https:\/\/dev.leselfes.com\/#\/schema\/person\/9e8c1c68ef43ed5c58fa46ac5d8ee338\"},\"headline\":\"Viagens escolares internacionais para crian\u00e7as\",\"datePublished\":\"2019-04-15T20:41:04+00:00\",\"dateModified\":\"2024-10-02T15:44:45+00:00\",\"mainEntityOfPage\":{\"@id\":\"https:\/\/www.leselfes.com\/pt-pt\/viagens-escolares-internacionais-para-criancas\/\"},\"wordCount\":1744,\"publisher\":{\"@id\":\"https:\/\/dev.leselfes.com\/#organization\"},\"articleSection\":[\"Acampamento de ver\u00e3o\",\"Artigos\"],\"inLanguage\":\"pt-PT\"},{\"@type\":\"WebPage\",\"@id\":\"https:\/\/www.leselfes.com\/pt-pt\/viagens-escolares-internacionais-para-criancas\/\",\"url\":\"https:\/\/www.leselfes.com\/pt-pt\/viagens-escolares-internacionais-para-criancas\/\",\"name\":\"Viagens escolares internacionais para crian\u00e7as - Les Elfes International Camps Switzerland\",\"isPartOf\":{\"@id\":\"https:\/\/dev.leselfes.com\/#website\"},\"datePublished\":\"2019-04-15T20:41:04+00:00\",\"dateModified\":\"2024-10-02T15:44:45+00:00\",\"breadcrumb\":{\"@id\":\"https:\/\/www.leselfes.com\/pt-pt\/viagens-escolares-internacionais-para-criancas\/#breadcrumb\"},\"inLanguage\":\"pt-PT\",\"potentialAction\":[{\"@type\":\"ReadAction\",\"target\":[\"https:\/\/www.leselfes.com\/pt-pt\/viagens-escolares-internacionais-para-criancas\/\"]}]},{\"@type\":\"BreadcrumbList\",\"@id\":\"https:\/\/www.leselfes.com\/pt-pt\/viagens-escolares-internacionais-para-criancas\/#breadcrumb\",\"itemListElement\":[{\"@type\":\"ListItem\",\"position\":1,\"name\":\"Home\",\"item\":\"https:\/\/www.leselfes.com\/pt-pt\/\"},{\"@type\":\"ListItem\",\"position\":2,\"name\":\"Viagens escolares internacionais para crian\u00e7as\"}]},{\"@type\":\"WebSite\",\"@id\":\"https:\/\/dev.leselfes.com\/#website\",\"url\":\"https:\/\/dev.leselfes.com\/\",\"name\":\"Les Elfes International\",\"description\":\"Les Elfes International, Verbier Switzerland. Summer Camp, Winter Camp, Spring Camps.\",\"publisher\":{\"@id\":\"https:\/\/dev.leselfes.com\/#organization\"},\"alternateName\":\"Les Elfes International\",\"potentialAction\":[{\"@type\":\"SearchAction\",\"target\":{\"@type\":\"EntryPoint\",\"urlTemplate\":\"https:\/\/dev.leselfes.com\/?s={search_term_string}\"},\"query-input\":{\"@type\":\"PropertyValueSpecification\",\"valueRequired\":true,\"valueName\":\"search_term_string\"}}],\"inLanguage\":\"pt-PT\"},{\"@type\":\"Organization\",\"@id\":\"https:\/\/dev.leselfes.com\/#organization\",\"name\":\"Les Elfes International\",\"alternateName\":\"Les Elfes International\",\"url\":\"https:\/\/dev.leselfes.com\/\",\"logo\":{\"@type\":\"ImageObject\",\"inLanguage\":\"pt-PT\",\"@id\":\"https:\/\/dev.leselfes.com\/#\/schema\/logo\/image\/\",\"url\":\"https:\/\/www.leselfes.com\/wp-content\/uploads\/2022\/03\/leselfes-logo.png\",\"contentUrl\":\"https:\/\/www.leselfes.com\/wp-content\/uploads\/2022\/03\/leselfes-logo.png\",\"width\":233,\"height\":51,\"caption\":\"Les Elfes International\"},\"image\":{\"@id\":\"https:\/\/dev.leselfes.com\/#\/schema\/logo\/image\/\"},\"sameAs\":[\"https:\/\/www.facebook.com\/LesElfesVerbier\",\"https:\/\/x.com\/LesElfesCamps\",\"https:\/\/www.instagram.com\/leselfes\",\"https:\/\/www.linkedin.com\/company\/les-elfes-international\",\"https:\/\/www.youtube.com\/user\/LesElfesVerbier\"]},{\"@type\":\"Person\",\"@id\":\"https:\/\/dev.leselfes.com\/#\/schema\/person\/9e8c1c68ef43ed5c58fa46ac5d8ee338\",\"name\":\"carlotta\",\"image\":{\"@type\":\"ImageObject\",\"inLanguage\":\"pt-PT\",\"@id\":\"https:\/\/dev.leselfes.com\/#\/schema\/person\/image\/\",\"url\":\"https:\/\/secure.gravatar.com\/avatar\/fdb243a028df450397b3632d862f87f6?s=96&d=mm&r=g\",\"contentUrl\":\"https:\/\/secure.gravatar.com\/avatar\/fdb243a028df450397b3632d862f87f6?s=96&d=mm&r=g\",\"caption\":\"carlotta\"},\"description\":\"Since 1987, Les Elfes International organizes ski trips &amp; field trips for leading schools around the world as well as winter &amp; summer camps for individual students aged between 6 y.o. and 17 y.o. from more than 60 nationalities. Welcoming 5'000 children and more than 200 schools a year from December until the end of October, Les Elfes has become a leading provider in the individual and school\u2019s trip industry. Our Winter and Summer Camps, ski and field trips provide more than just great activities and experiences. We introduce lifelong skills such as communicating with others without phone or laptop and understanding the value of living in a community away from home. Moreover, campers will be able to build a strong friend network and fortify the relationship among future classmates.\",\"sameAs\":[\"https:\/\/www.linkedin.com\/company\/les-elfes-international\/\"],\"url\":\"https:\/\/www.leselfes.com\/pt-pt\/author\/carlotta\/\"}]}<\/script>\n<!-- \/ Yoast SEO Premium plugin. -->","yoast_head_json":{"title":"Viagens escolares internacionais para crian\u00e7as - Les Elfes International Camps Switzerland","robots":{"index":"index","follow":"follow","max-snippet":"max-snippet:-1","max-image-preview":"max-image-preview:large","max-video-preview":"max-video-preview:-1"},"canonical":"https:\/\/www.leselfes.com\/pt-pt\/viagens-escolares-internacionais-para-criancas\/","og_locale":"pt_PT","og_type":"article","og_title":"Viagens escolares internacionais para crian\u00e7as","og_description":"&#13; Curiosidade! Sabias que a Europa est\u00e1 dividida em 44 pa\u00edses incr\u00edveis? Se estiveres a falar da Uni\u00e3o Europeia, existem 28 pa\u00edses. A Su\u00ed\u00e7a, que \u00e9 onde estamos localizados, n\u00e3o...","og_url":"https:\/\/www.leselfes.com\/pt-pt\/viagens-escolares-internacionais-para-criancas\/","og_site_name":"Les Elfes International Camps Switzerland","article_publisher":"https:\/\/www.facebook.com\/LesElfesVerbier","article_published_time":"2019-04-15T20:41:04+00:00","article_modified_time":"2024-10-02T15:44:45+00:00","og_image":[{"width":591,"height":555,"url":"https:\/\/www.leselfes.com\/wp-content\/uploads\/2022\/02\/Les-Elfes-International-summer-camp-Switzerland-Staff-Mobile-591x555-1.jpg","type":"image\/jpeg"}],"author":"carlotta","twitter_card":"summary_large_image","twitter_creator":"@LesElfesCamps","twitter_site":"@LesElfesCamps","twitter_misc":{"Escrito por":"carlotta","Tempo estimado de leitura":"9 minutos"},"schema":{"@context":"https:\/\/schema.org","@graph":[{"@type":"Article","@id":"https:\/\/www.leselfes.com\/pt-pt\/viagens-escolares-internacionais-para-criancas\/#article","isPartOf":{"@id":"https:\/\/www.leselfes.com\/pt-pt\/viagens-escolares-internacionais-para-criancas\/"},"author":{"name":"carlotta","@id":"https:\/\/dev.leselfes.com\/#\/schema\/person\/9e8c1c68ef43ed5c58fa46ac5d8ee338"},"headline":"Viagens escolares internacionais para crian\u00e7as","datePublished":"2019-04-15T20:41:04+00:00","dateModified":"2024-10-02T15:44:45+00:00","mainEntityOfPage":{"@id":"https:\/\/www.leselfes.com\/pt-pt\/viagens-escolares-internacionais-para-criancas\/"},"wordCount":1744,"publisher":{"@id":"https:\/\/dev.leselfes.com\/#organization"},"articleSection":["Acampamento de ver\u00e3o","Artigos"],"inLanguage":"pt-PT"},{"@type":"WebPage","@id":"https:\/\/www.leselfes.com\/pt-pt\/viagens-escolares-internacionais-para-criancas\/","url":"https:\/\/www.leselfes.com\/pt-pt\/viagens-escolares-internacionais-para-criancas\/","name":"Viagens escolares internacionais para crian\u00e7as - Les Elfes International Camps Switzerland","isPartOf":{"@id":"https:\/\/dev.leselfes.com\/#website"},"datePublished":"2019-04-15T20:41:04+00:00","dateModified":"2024-10-02T15:44:45+00:00","breadcrumb":{"@id":"https:\/\/www.leselfes.com\/pt-pt\/viagens-escolares-internacionais-para-criancas\/#breadcrumb"},"inLanguage":"pt-PT","potentialAction":[{"@type":"ReadAction","target":["https:\/\/www.leselfes.com\/pt-pt\/viagens-escolares-internacionais-para-criancas\/"]}]},{"@type":"BreadcrumbList","@id":"https:\/\/www.leselfes.com\/pt-pt\/viagens-escolares-internacionais-para-criancas\/#breadcrumb","itemListElement":[{"@type":"ListItem","position":1,"name":"Home","item":"https:\/\/www.leselfes.com\/pt-pt\/"},{"@type":"ListItem","position":2,"name":"Viagens escolares internacionais para crian\u00e7as"}]},{"@type":"WebSite","@id":"https:\/\/dev.leselfes.com\/#website","url":"https:\/\/dev.leselfes.com\/","name":"Les Elfes International","description":"Les Elfes International, Verbier Switzerland. Summer Camp, Winter Camp, Spring Camps.","publisher":{"@id":"https:\/\/dev.leselfes.com\/#organization"},"alternateName":"Les Elfes International","potentialAction":[{"@type":"SearchAction","target":{"@type":"EntryPoint","urlTemplate":"https:\/\/dev.leselfes.com\/?s={search_term_string}"},"query-input":{"@type":"PropertyValueSpecification","valueRequired":true,"valueName":"search_term_string"}}],"inLanguage":"pt-PT"},{"@type":"Organization","@id":"https:\/\/dev.leselfes.com\/#organization","name":"Les Elfes International","alternateName":"Les Elfes International","url":"https:\/\/dev.leselfes.com\/","logo":{"@type":"ImageObject","inLanguage":"pt-PT","@id":"https:\/\/dev.leselfes.com\/#\/schema\/logo\/image\/","url":"https:\/\/www.leselfes.com\/wp-content\/uploads\/2022\/03\/leselfes-logo.png","contentUrl":"https:\/\/www.leselfes.com\/wp-content\/uploads\/2022\/03\/leselfes-logo.png","width":233,"height":51,"caption":"Les Elfes International"},"image":{"@id":"https:\/\/dev.leselfes.com\/#\/schema\/logo\/image\/"},"sameAs":["https:\/\/www.facebook.com\/LesElfesVerbier","https:\/\/x.com\/LesElfesCamps","https:\/\/www.instagram.com\/leselfes","https:\/\/www.linkedin.com\/company\/les-elfes-international","https:\/\/www.youtube.com\/user\/LesElfesVerbier"]},{"@type":"Person","@id":"https:\/\/dev.leselfes.com\/#\/schema\/person\/9e8c1c68ef43ed5c58fa46ac5d8ee338","name":"carlotta","image":{"@type":"ImageObject","inLanguage":"pt-PT","@id":"https:\/\/dev.leselfes.com\/#\/schema\/person\/image\/","url":"https:\/\/secure.gravatar.com\/avatar\/fdb243a028df450397b3632d862f87f6?s=96&d=mm&r=g","contentUrl":"https:\/\/secure.gravatar.com\/avatar\/fdb243a028df450397b3632d862f87f6?s=96&d=mm&r=g","caption":"carlotta"},"description":"Since 1987, Les Elfes International organizes ski trips &amp; field trips for leading schools around the world as well as winter &amp; summer camps for individual students aged between 6 y.o. and 17 y.o. from more than 60 nationalities. Welcoming 5'000 children and more than 200 schools a year from December until the end of October, Les Elfes has become a leading provider in the individual and school\u2019s trip industry. Our Winter and Summer Camps, ski and field trips provide more than just great activities and experiences. We introduce lifelong skills such as communicating with others without phone or laptop and understanding the value of living in a community away from home. Moreover, campers will be able to build a strong friend network and fortify the relationship among future classmates.","sameAs":["https:\/\/www.linkedin.com\/company\/les-elfes-international\/"],"url":"https:\/\/www.leselfes.com\/pt-pt\/author\/carlotta\/"}]}},"_links":{"self":[{"href":"https:\/\/www.leselfes.com\/pt-pt\/wp-json\/wp\/v2\/posts\/86142"}],"collection":[{"href":"https:\/\/www.leselfes.com\/pt-pt\/wp-json\/wp\/v2\/posts"}],"about":[{"href":"https:\/\/www.leselfes.com\/pt-pt\/wp-json\/wp\/v2\/types\/post"}],"author":[{"embeddable":true,"href":"https:\/\/www.leselfes.com\/pt-pt\/wp-json\/wp\/v2\/users\/6"}],"replies":[{"embeddable":true,"href":"https:\/\/www.leselfes.com\/pt-pt\/wp-json\/wp\/v2\/comments?post=86142"}],"version-history":[{"count":0,"href":"https:\/\/www.leselfes.com\/pt-pt\/wp-json\/wp\/v2\/posts\/86142\/revisions"}],"wp:attachment":[{"href":"https:\/\/www.leselfes.com\/pt-pt\/wp-json\/wp\/v2\/media?parent=86142"}],"wp:term":[{"taxonomy":"category","embeddable":true,"href":"https:\/\/www.leselfes.com\/pt-pt\/wp-json\/wp\/v2\/categories?post=86142"},{"taxonomy":"post_tag","embeddable":true,"href":"https:\/\/www.leselfes.com\/pt-pt\/wp-json\/wp\/v2\/tags?post=86142"}],"curies":[{"name":"wp","href":"https:\/\/api.w.org\/{rel}","templated":true}]}}