{"id":86143,"date":"2012-12-13T10:54:00","date_gmt":"2012-12-13T09:54:00","guid":{"rendered":"https:\/\/www.leselfes.com\/beneficios-do-desporto-para-as-criancas\/"},"modified":"2024-10-02T17:44:07","modified_gmt":"2024-10-02T15:44:07","slug":"beneficios-do-desporto-para-as-criancas","status":"publish","type":"post","link":"https:\/\/www.leselfes.com\/pt-pt\/beneficios-do-desporto-para-as-criancas\/","title":{"rendered":"Benef\u00edcios do desporto para as crian\u00e7as"},"content":{"rendered":"<p style=\"text-align: justify;\">Praticar desporto oferece \u00e0s crian\u00e7as mais do que apenas benef\u00edcios f\u00edsicos.<br \/>\nNormalmente, o desporto tamb\u00e9m ajuda as crian\u00e7as a n\u00edvel acad\u00e9mico e social.<br \/>\nOs benef\u00edcios s\u00e3o os mesmos, quer o teu filho se destaque ou n\u00e3o no desporto.<br \/>\nO desporto \u00e9 mais do que um jogo; \u00e9 um conjunto de li\u00e7\u00f5es de vida.   <\/p>\n<p style=\"text-align: justify;\">Os campos de Les Elfes, a grande altitude, est\u00e3o situados num ambiente fant\u00e1stico que oferece condi\u00e7\u00f5es perfeitas para a pr\u00e1tica de desportos de aventura ao ar livre, adequados para crian\u00e7as e adolescentes.<\/p>\n<p style=\"text-align: justify;\">O nosso objetivo \u00e9 permitir que os jovens experimentem novas actividades divertidas e desportos ao ar livre com a m\u00e1xima seguran\u00e7a.<br \/>\nOs adolescentes podem tamb\u00e9m progredir e melhorar as suas capacidades em desportos que j\u00e1 tenham experimentado e nos quais j\u00e1 tenham alguma experi\u00eancia. <\/p>\n<h3 style=\"text-align: justify;\"><strong>Grande variedade de actividades ao ar livre<\/strong><\/h3>\n<p style=\"text-align: justify;\">A regi\u00e3o dos Alpes su\u00ed\u00e7os oferece uma vasta gama de actividades que combinam elementos naturais e gravidade.<br \/>\nDurante o campo de f\u00e9rias, as crian\u00e7as podem descobrir mais de 30 desportos diferentes, tais como: <\/p>\n<ol>\n<li style=\"text-align: justify;\"><strong>T\u00e9nis<\/strong> Durante todos os campos de f\u00e9rias, as crian\u00e7as podem jogar t\u00e9nis no centro desportivo, situado ao lado do campo.<br \/>\nAs aulas de t\u00e9nis fazem parte do programa de ver\u00e3o.<br \/>\nOpcionalmente, para aqueles que gostam de t\u00e9nis, podemos propor aulas de t\u00e9nis adicionais.<br \/>\nO professor supervisiona e treina as crian\u00e7as e d\u00e1-lhes forma\u00e7\u00e3o profissional com exerc\u00edcios profissionais.<br \/>\nTamb\u00e9m organizamos torneios de t\u00e9nis.    <\/li>\n<li style=\"text-align: justify;\">Ciclismo <strong>de montanha<\/strong> O ciclismo de montanha \u00e9 um desporto que consiste em andar de bicicleta fora de estrada, utilizando bicicletas especialmente adaptadas.<br \/>\nExistem mais de 200 km de caminhos sinalizados \u00e0 volta do campus, adequados a todos os n\u00edveis de aptid\u00e3o.<br \/>\nAs crian\u00e7as encontrar\u00e3o percursos encantadores atrav\u00e9s de uma grande variedade de paisagens.<br \/>\nN\u00e3o precisas de fazer escaladas dif\u00edceis, os elevadores fazem o trabalho de transportar as bicicletas!   <\/li>\n<li style=\"text-align: justify;\"><strong>Nata\u00e7\u00e3o<\/strong> Os campistas podem nadar nas grandes piscinas interiores e exteriores do Centro Desportivo de Verbier, mesmo ao lado do campus Les Elfes.<br \/>\nS\u00e3o um \u00f3timo lugar para as crian\u00e7as brincarem, nadarem, se divertirem ou simplesmente relaxarem e apreciarem o panorama das montanhas, sempre sob a supervis\u00e3o do nosso pessoal. <\/li>\n<li style=\"text-align: justify;\">Percurso <strong>de cordas<\/strong> Uma das actividades mais populares do nosso campo de f\u00e9rias!<br \/>\nO percurso de cordas inclui diferentes elementos que os participantes t\u00eam de aprender para atingir os objectivos.<br \/>\nTotalmente supervisionado e controlado pelo pessoal, todos os elementos s\u00e3o tentados com ajuda e apoio moral.  <\/li>\n<li style=\"text-align: justify;\"><strong>Golfe (Verbier)<\/strong> O campo de golfe de 18 buracos, situado nas colinas que dominam a est\u00e2ncia de Verbier, oferece uma vista panor\u00e2mica impressionante sobre os maci\u00e7os dos Combins e do Mont Blanc.<br \/>\nEste campo de qualidade superior \u00e9 o local ideal para descobrir este desporto apaixonante que exige precis\u00e3o e concentra\u00e7\u00e3o ou para elevar o teu handicap a outro n\u00edvel.<br \/>\nO campo est\u00e1 cheio de obst\u00e1culos naturais que tornam o jogo interessante e desafiante.<br \/>\nDurante os cursos, as crian\u00e7as aprendem a jogar pitch e putt numa \u00e1rea de pr\u00e1tica privada.   <\/li>\n<li style=\"text-align: justify;\"><strong>Escalada<\/strong> A escalada \u00e9 um desporto em que os participantes sobem ou atravessam forma\u00e7\u00f5es rochosas naturais.<br \/>\nVerbier e Val de Bagnes podem gabar-se de um n\u00famero impressionante de vias de escalada equipadas, onde os alpinistas de todos os n\u00edveis v\u00e3o gostar de testar as suas capacidades.<br \/>\n\u00c9 um desporto f\u00edsica e mentalmente exigente, em que os campistas ganham for\u00e7a, resist\u00eancia, agilidade e equil\u00edbrio, bem como controlo mental.<br \/>\nOs guias de montanha experientes garantem a seguran\u00e7a e a compet\u00eancia para introduzir as crian\u00e7as neste desporto de uma forma totalmente supervisionada.   <\/li>\n<li style=\"text-align: justify;\"><strong>Caminhadas<\/strong> As caminhadas s\u00e3o uma atividade ao ar livre que consiste em caminhar em ambientes naturais.<br \/>\nAs est\u00e2ncias de Verbier e La Tzoumaz, nos Alpes su\u00ed\u00e7os, oferecem mais de 400 km de caminhos sinalizados e seguros.<br \/>\nAs crian\u00e7as ir\u00e3o explorar as magn\u00edficas paisagens que rodeiam Verbier e Val de Bagnes, ficar\u00e3o encantadas com as vacas, conhecidas como as &#8220;Rainhas dos Alpes&#8221;, as plantas, os animais e, sobretudo, os contrastes m\u00e1gicos da paisagem.  <\/li>\n<li style=\"text-align: justify;\"><strong>Esqui aqu\u00e1tico:<\/strong> O acampamento n\u00e3o fica muito longe do Lago Genebra.<br \/>\nSituado na Su\u00ed\u00e7a e em Fran\u00e7a, \u00e9 um dos maiores lagos da Europa Ocidental.<br \/>\nOs altos cumes do Monte Branco s\u00e3o vis\u00edveis a partir do lago.<br \/>\nAs crian\u00e7as podem experimentar o esqui aqu\u00e1tico e tamb\u00e9m desfrutar de muitas outras actividades no lago, como o tubing, que \u00e9 uma atividade recreativa que consiste em andar num tubo interior na \u00e1gua.   <\/li>\n<li style=\"text-align: justify;\">Passeios a <strong>cavalo (op\u00e7\u00e3o extra em Verbier)<\/strong> Os passeios a cavalo s\u00e3o uma \u00f3ptima maneira de apreciar as vistas alpinas e descobrir a est\u00e2ncia.<br \/>\nA aldeia de Verbier organiza todos os anos um concurso de equita\u00e7\u00e3o que \u00e9 muito popular no mundo do desporto equestre.<br \/>\nSe o teu filho gosta de cavalos, pode andar por toda a est\u00e2ncia e descobrir o maravilhoso panorama, melhorar as suas capacidades e ver a famosa competi\u00e7\u00e3o durante o m\u00eas de agosto.  <\/li>\n<li style=\"text-align: justify;\"><strong>Diversos<\/strong> No campus de Les Elfes, s\u00e3o propostos v\u00e1rios desportos terrestres, tais como futebol, voleibol, t\u00e9nis de mesa, basquetebol, badminton, petanca, trampolim e muitos outros.<br \/>\nOutras actividades, como o squash e o minigolfe, s\u00e3o organizadas na aldeia de Verbier. <\/li>\n<\/ol>\n","protected":false},"excerpt":{"rendered":"<p>Praticar desporto oferece \u00e0s crian\u00e7as mais do que apenas benef\u00edcios f\u00edsicos. Normalmente, o desporto tamb\u00e9m ajuda as crian\u00e7as a n\u00edvel acad\u00e9mico e social. Os benef\u00edcios s\u00e3o os mesmos, quer o&#8230;<\/p>\n","protected":false},"author":6,"featured_media":0,"comment_status":"closed","ping_status":"open","sticky":false,"template":"","format":"standard","meta":{"_acf_changed":false,"inline_featured_image":false,"footnotes":""},"categories":[1100],"tags":[1105],"class_list":{"0":"post-86143","1":"post","2":"type-post","3":"status-publish","4":"format-standard","6":"category-conselhos-para-os-pais","7":"tag-acampamento-de-verao"},"acf":[],"yoast_head":"<!-- This site is optimized with the Yoast SEO Premium plugin v24.2 (Yoast SEO v24.7) - https:\/\/yoast.com\/wordpress\/plugins\/seo\/ -->\n<title>Benef\u00edcios do desporto para as crian\u00e7as - Les Elfes International Camps Switzerland<\/title>\n<meta name=\"robots\" content=\"index, follow, max-snippet:-1, max-image-preview:large, max-video-preview:-1\" \/>\n<link rel=\"canonical\" href=\"https:\/\/www.leselfes.com\/pt-pt\/beneficios-do-desporto-para-as-criancas\/\" \/>\n<meta property=\"og:locale\" content=\"pt_PT\" \/>\n<meta property=\"og:type\" content=\"article\" \/>\n<meta property=\"og:title\" content=\"Benef\u00edcios do desporto para as crian\u00e7as\" \/>\n<meta property=\"og:description\" content=\"Praticar desporto oferece \u00e0s crian\u00e7as mais do que apenas benef\u00edcios f\u00edsicos. Normalmente, o desporto tamb\u00e9m ajuda as crian\u00e7as a n\u00edvel acad\u00e9mico e social. Os benef\u00edcios s\u00e3o os mesmos, quer o...\" \/>\n<meta property=\"og:url\" content=\"https:\/\/www.leselfes.com\/pt-pt\/beneficios-do-desporto-para-as-criancas\/\" \/>\n<meta property=\"og:site_name\" content=\"Les Elfes International Camps Switzerland\" \/>\n<meta property=\"article:publisher\" content=\"https:\/\/www.facebook.com\/LesElfesVerbier\" \/>\n<meta property=\"article:published_time\" content=\"2012-12-13T09:54:00+00:00\" \/>\n<meta property=\"article:modified_time\" content=\"2024-10-02T15:44:07+00:00\" \/>\n<meta property=\"og:image\" content=\"https:\/\/www.leselfes.com\/wp-content\/uploads\/2022\/02\/Les-Elfes-International-summer-camp-Switzerland-Staff-Mobile-591x555-1.jpg\" \/>\n\t<meta property=\"og:image:width\" content=\"591\" \/>\n\t<meta property=\"og:image:height\" content=\"555\" \/>\n\t<meta property=\"og:image:type\" content=\"image\/jpeg\" \/>\n<meta name=\"author\" content=\"carlotta\" \/>\n<meta name=\"twitter:card\" content=\"summary_large_image\" \/>\n<meta name=\"twitter:creator\" content=\"@LesElfesCamps\" \/>\n<meta name=\"twitter:site\" content=\"@LesElfesCamps\" \/>\n<meta name=\"twitter:label1\" content=\"Escrito por\" \/>\n\t<meta name=\"twitter:data1\" content=\"carlotta\" \/>\n\t<meta name=\"twitter:label2\" content=\"Tempo estimado de leitura\" \/>\n\t<meta name=\"twitter:data2\" content=\"5 minutos\" \/>\n<script type=\"application\/ld+json\" class=\"yoast-schema-graph\">{\"@context\":\"https:\/\/schema.org\",\"@graph\":[{\"@type\":\"Article\",\"@id\":\"https:\/\/www.leselfes.com\/pt-pt\/beneficios-do-desporto-para-as-criancas\/#article\",\"isPartOf\":{\"@id\":\"https:\/\/www.leselfes.com\/pt-pt\/beneficios-do-desporto-para-as-criancas\/\"},\"author\":{\"name\":\"carlotta\",\"@id\":\"https:\/\/dev.leselfes.com\/#\/schema\/person\/9e8c1c68ef43ed5c58fa46ac5d8ee338\"},\"headline\":\"Benef\u00edcios do desporto para as crian\u00e7as\",\"datePublished\":\"2012-12-13T09:54:00+00:00\",\"dateModified\":\"2024-10-02T15:44:07+00:00\",\"mainEntityOfPage\":{\"@id\":\"https:\/\/www.leselfes.com\/pt-pt\/beneficios-do-desporto-para-as-criancas\/\"},\"wordCount\":926,\"publisher\":{\"@id\":\"https:\/\/dev.leselfes.com\/#organization\"},\"keywords\":[\"acampamento de ver\u00e3o\"],\"articleSection\":[\"Conselhos para os pais\"],\"inLanguage\":\"pt-PT\"},{\"@type\":\"WebPage\",\"@id\":\"https:\/\/www.leselfes.com\/pt-pt\/beneficios-do-desporto-para-as-criancas\/\",\"url\":\"https:\/\/www.leselfes.com\/pt-pt\/beneficios-do-desporto-para-as-criancas\/\",\"name\":\"Benef\u00edcios do desporto para as crian\u00e7as - Les Elfes International Camps Switzerland\",\"isPartOf\":{\"@id\":\"https:\/\/dev.leselfes.com\/#website\"},\"datePublished\":\"2012-12-13T09:54:00+00:00\",\"dateModified\":\"2024-10-02T15:44:07+00:00\",\"breadcrumb\":{\"@id\":\"https:\/\/www.leselfes.com\/pt-pt\/beneficios-do-desporto-para-as-criancas\/#breadcrumb\"},\"inLanguage\":\"pt-PT\",\"potentialAction\":[{\"@type\":\"ReadAction\",\"target\":[\"https:\/\/www.leselfes.com\/pt-pt\/beneficios-do-desporto-para-as-criancas\/\"]}]},{\"@type\":\"BreadcrumbList\",\"@id\":\"https:\/\/www.leselfes.com\/pt-pt\/beneficios-do-desporto-para-as-criancas\/#breadcrumb\",\"itemListElement\":[{\"@type\":\"ListItem\",\"position\":1,\"name\":\"Home\",\"item\":\"https:\/\/www.leselfes.com\/pt-pt\/\"},{\"@type\":\"ListItem\",\"position\":2,\"name\":\"Benef\u00edcios do desporto para as crian\u00e7as\"}]},{\"@type\":\"WebSite\",\"@id\":\"https:\/\/dev.leselfes.com\/#website\",\"url\":\"https:\/\/dev.leselfes.com\/\",\"name\":\"Les Elfes International\",\"description\":\"Les Elfes International, Verbier Switzerland. Summer Camp, Winter Camp, Spring Camps.\",\"publisher\":{\"@id\":\"https:\/\/dev.leselfes.com\/#organization\"},\"alternateName\":\"Les Elfes International\",\"potentialAction\":[{\"@type\":\"SearchAction\",\"target\":{\"@type\":\"EntryPoint\",\"urlTemplate\":\"https:\/\/dev.leselfes.com\/?s={search_term_string}\"},\"query-input\":{\"@type\":\"PropertyValueSpecification\",\"valueRequired\":true,\"valueName\":\"search_term_string\"}}],\"inLanguage\":\"pt-PT\"},{\"@type\":\"Organization\",\"@id\":\"https:\/\/dev.leselfes.com\/#organization\",\"name\":\"Les Elfes International\",\"alternateName\":\"Les Elfes International\",\"url\":\"https:\/\/dev.leselfes.com\/\",\"logo\":{\"@type\":\"ImageObject\",\"inLanguage\":\"pt-PT\",\"@id\":\"https:\/\/dev.leselfes.com\/#\/schema\/logo\/image\/\",\"url\":\"https:\/\/www.leselfes.com\/wp-content\/uploads\/2022\/03\/leselfes-logo.png\",\"contentUrl\":\"https:\/\/www.leselfes.com\/wp-content\/uploads\/2022\/03\/leselfes-logo.png\",\"width\":233,\"height\":51,\"caption\":\"Les Elfes International\"},\"image\":{\"@id\":\"https:\/\/dev.leselfes.com\/#\/schema\/logo\/image\/\"},\"sameAs\":[\"https:\/\/www.facebook.com\/LesElfesVerbier\",\"https:\/\/x.com\/LesElfesCamps\",\"https:\/\/www.instagram.com\/leselfes\",\"https:\/\/www.linkedin.com\/company\/les-elfes-international\",\"https:\/\/www.youtube.com\/user\/LesElfesVerbier\"]},{\"@type\":\"Person\",\"@id\":\"https:\/\/dev.leselfes.com\/#\/schema\/person\/9e8c1c68ef43ed5c58fa46ac5d8ee338\",\"name\":\"carlotta\",\"image\":{\"@type\":\"ImageObject\",\"inLanguage\":\"pt-PT\",\"@id\":\"https:\/\/dev.leselfes.com\/#\/schema\/person\/image\/\",\"url\":\"https:\/\/secure.gravatar.com\/avatar\/fdb243a028df450397b3632d862f87f6?s=96&d=mm&r=g\",\"contentUrl\":\"https:\/\/secure.gravatar.com\/avatar\/fdb243a028df450397b3632d862f87f6?s=96&d=mm&r=g\",\"caption\":\"carlotta\"},\"description\":\"Since 1987, Les Elfes International organizes ski trips &amp; field trips for leading schools around the world as well as winter &amp; summer camps for individual students aged between 6 y.o. and 17 y.o. from more than 60 nationalities. Welcoming 5'000 children and more than 200 schools a year from December until the end of October, Les Elfes has become a leading provider in the individual and school\u2019s trip industry. Our Winter and Summer Camps, ski and field trips provide more than just great activities and experiences. We introduce lifelong skills such as communicating with others without phone or laptop and understanding the value of living in a community away from home. Moreover, campers will be able to build a strong friend network and fortify the relationship among future classmates.\",\"sameAs\":[\"https:\/\/www.linkedin.com\/company\/les-elfes-international\/\"],\"url\":\"https:\/\/www.leselfes.com\/pt-pt\/author\/carlotta\/\"}]}<\/script>\n<!-- \/ Yoast SEO Premium plugin. -->","yoast_head_json":{"title":"Benef\u00edcios do desporto para as crian\u00e7as - Les Elfes International Camps Switzerland","robots":{"index":"index","follow":"follow","max-snippet":"max-snippet:-1","max-image-preview":"max-image-preview:large","max-video-preview":"max-video-preview:-1"},"canonical":"https:\/\/www.leselfes.com\/pt-pt\/beneficios-do-desporto-para-as-criancas\/","og_locale":"pt_PT","og_type":"article","og_title":"Benef\u00edcios do desporto para as crian\u00e7as","og_description":"Praticar desporto oferece \u00e0s crian\u00e7as mais do que apenas benef\u00edcios f\u00edsicos. Normalmente, o desporto tamb\u00e9m ajuda as crian\u00e7as a n\u00edvel acad\u00e9mico e social. Os benef\u00edcios s\u00e3o os mesmos, quer o...","og_url":"https:\/\/www.leselfes.com\/pt-pt\/beneficios-do-desporto-para-as-criancas\/","og_site_name":"Les Elfes International Camps Switzerland","article_publisher":"https:\/\/www.facebook.com\/LesElfesVerbier","article_published_time":"2012-12-13T09:54:00+00:00","article_modified_time":"2024-10-02T15:44:07+00:00","og_image":[{"width":591,"height":555,"url":"https:\/\/www.leselfes.com\/wp-content\/uploads\/2022\/02\/Les-Elfes-International-summer-camp-Switzerland-Staff-Mobile-591x555-1.jpg","type":"image\/jpeg"}],"author":"carlotta","twitter_card":"summary_large_image","twitter_creator":"@LesElfesCamps","twitter_site":"@LesElfesCamps","twitter_misc":{"Escrito por":"carlotta","Tempo estimado de leitura":"5 minutos"},"schema":{"@context":"https:\/\/schema.org","@graph":[{"@type":"Article","@id":"https:\/\/www.leselfes.com\/pt-pt\/beneficios-do-desporto-para-as-criancas\/#article","isPartOf":{"@id":"https:\/\/www.leselfes.com\/pt-pt\/beneficios-do-desporto-para-as-criancas\/"},"author":{"name":"carlotta","@id":"https:\/\/dev.leselfes.com\/#\/schema\/person\/9e8c1c68ef43ed5c58fa46ac5d8ee338"},"headline":"Benef\u00edcios do desporto para as crian\u00e7as","datePublished":"2012-12-13T09:54:00+00:00","dateModified":"2024-10-02T15:44:07+00:00","mainEntityOfPage":{"@id":"https:\/\/www.leselfes.com\/pt-pt\/beneficios-do-desporto-para-as-criancas\/"},"wordCount":926,"publisher":{"@id":"https:\/\/dev.leselfes.com\/#organization"},"keywords":["acampamento de ver\u00e3o"],"articleSection":["Conselhos para os pais"],"inLanguage":"pt-PT"},{"@type":"WebPage","@id":"https:\/\/www.leselfes.com\/pt-pt\/beneficios-do-desporto-para-as-criancas\/","url":"https:\/\/www.leselfes.com\/pt-pt\/beneficios-do-desporto-para-as-criancas\/","name":"Benef\u00edcios do desporto para as crian\u00e7as - Les Elfes International Camps Switzerland","isPartOf":{"@id":"https:\/\/dev.leselfes.com\/#website"},"datePublished":"2012-12-13T09:54:00+00:00","dateModified":"2024-10-02T15:44:07+00:00","breadcrumb":{"@id":"https:\/\/www.leselfes.com\/pt-pt\/beneficios-do-desporto-para-as-criancas\/#breadcrumb"},"inLanguage":"pt-PT","potentialAction":[{"@type":"ReadAction","target":["https:\/\/www.leselfes.com\/pt-pt\/beneficios-do-desporto-para-as-criancas\/"]}]},{"@type":"BreadcrumbList","@id":"https:\/\/www.leselfes.com\/pt-pt\/beneficios-do-desporto-para-as-criancas\/#breadcrumb","itemListElement":[{"@type":"ListItem","position":1,"name":"Home","item":"https:\/\/www.leselfes.com\/pt-pt\/"},{"@type":"ListItem","position":2,"name":"Benef\u00edcios do desporto para as crian\u00e7as"}]},{"@type":"WebSite","@id":"https:\/\/dev.leselfes.com\/#website","url":"https:\/\/dev.leselfes.com\/","name":"Les Elfes International","description":"Les Elfes International, Verbier Switzerland. Summer Camp, Winter Camp, Spring Camps.","publisher":{"@id":"https:\/\/dev.leselfes.com\/#organization"},"alternateName":"Les Elfes International","potentialAction":[{"@type":"SearchAction","target":{"@type":"EntryPoint","urlTemplate":"https:\/\/dev.leselfes.com\/?s={search_term_string}"},"query-input":{"@type":"PropertyValueSpecification","valueRequired":true,"valueName":"search_term_string"}}],"inLanguage":"pt-PT"},{"@type":"Organization","@id":"https:\/\/dev.leselfes.com\/#organization","name":"Les Elfes International","alternateName":"Les Elfes International","url":"https:\/\/dev.leselfes.com\/","logo":{"@type":"ImageObject","inLanguage":"pt-PT","@id":"https:\/\/dev.leselfes.com\/#\/schema\/logo\/image\/","url":"https:\/\/www.leselfes.com\/wp-content\/uploads\/2022\/03\/leselfes-logo.png","contentUrl":"https:\/\/www.leselfes.com\/wp-content\/uploads\/2022\/03\/leselfes-logo.png","width":233,"height":51,"caption":"Les Elfes International"},"image":{"@id":"https:\/\/dev.leselfes.com\/#\/schema\/logo\/image\/"},"sameAs":["https:\/\/www.facebook.com\/LesElfesVerbier","https:\/\/x.com\/LesElfesCamps","https:\/\/www.instagram.com\/leselfes","https:\/\/www.linkedin.com\/company\/les-elfes-international","https:\/\/www.youtube.com\/user\/LesElfesVerbier"]},{"@type":"Person","@id":"https:\/\/dev.leselfes.com\/#\/schema\/person\/9e8c1c68ef43ed5c58fa46ac5d8ee338","name":"carlotta","image":{"@type":"ImageObject","inLanguage":"pt-PT","@id":"https:\/\/dev.leselfes.com\/#\/schema\/person\/image\/","url":"https:\/\/secure.gravatar.com\/avatar\/fdb243a028df450397b3632d862f87f6?s=96&d=mm&r=g","contentUrl":"https:\/\/secure.gravatar.com\/avatar\/fdb243a028df450397b3632d862f87f6?s=96&d=mm&r=g","caption":"carlotta"},"description":"Since 1987, Les Elfes International organizes ski trips &amp; field trips for leading schools around the world as well as winter &amp; summer camps for individual students aged between 6 y.o. and 17 y.o. from more than 60 nationalities. Welcoming 5'000 children and more than 200 schools a year from December until the end of October, Les Elfes has become a leading provider in the individual and school\u2019s trip industry. Our Winter and Summer Camps, ski and field trips provide more than just great activities and experiences. We introduce lifelong skills such as communicating with others without phone or laptop and understanding the value of living in a community away from home. Moreover, campers will be able to build a strong friend network and fortify the relationship among future classmates.","sameAs":["https:\/\/www.linkedin.com\/company\/les-elfes-international\/"],"url":"https:\/\/www.leselfes.com\/pt-pt\/author\/carlotta\/"}]}},"_links":{"self":[{"href":"https:\/\/www.leselfes.com\/pt-pt\/wp-json\/wp\/v2\/posts\/86143"}],"collection":[{"href":"https:\/\/www.leselfes.com\/pt-pt\/wp-json\/wp\/v2\/posts"}],"about":[{"href":"https:\/\/www.leselfes.com\/pt-pt\/wp-json\/wp\/v2\/types\/post"}],"author":[{"embeddable":true,"href":"https:\/\/www.leselfes.com\/pt-pt\/wp-json\/wp\/v2\/users\/6"}],"replies":[{"embeddable":true,"href":"https:\/\/www.leselfes.com\/pt-pt\/wp-json\/wp\/v2\/comments?post=86143"}],"version-history":[{"count":0,"href":"https:\/\/www.leselfes.com\/pt-pt\/wp-json\/wp\/v2\/posts\/86143\/revisions"}],"wp:attachment":[{"href":"https:\/\/www.leselfes.com\/pt-pt\/wp-json\/wp\/v2\/media?parent=86143"}],"wp:term":[{"taxonomy":"category","embeddable":true,"href":"https:\/\/www.leselfes.com\/pt-pt\/wp-json\/wp\/v2\/categories?post=86143"},{"taxonomy":"post_tag","embeddable":true,"href":"https:\/\/www.leselfes.com\/pt-pt\/wp-json\/wp\/v2\/tags?post=86143"}],"curies":[{"name":"wp","href":"https:\/\/api.w.org\/{rel}","templated":true}]}}