{"id":86155,"date":"2019-04-23T15:25:33","date_gmt":"2019-04-23T13:25:33","guid":{"rendered":"https:\/\/www.leselfes.com\/fazer-um-curso-de-linguas-de-verao\/"},"modified":"2024-10-02T17:44:38","modified_gmt":"2024-10-02T15:44:38","slug":"fazer-um-curso-de-linguas-de-verao","status":"publish","type":"post","link":"https:\/\/www.leselfes.com\/pt-pt\/fazer-um-curso-de-linguas-de-verao\/","title":{"rendered":"Fazer um curso de l\u00ednguas de ver\u00e3o"},"content":{"rendered":"\n<p>Um grande n\u00famero de estudantes beneficia de viagens de l\u00edngua francesa, inglesa, alem\u00e3, espanhola e mandarim, com a vasta gama de l\u00ednguas dispon\u00edveis a levar a um aumento da diversidade de viagens que s\u00e3o apresentadas no nosso programa.\nA vantagem das viagens lingu\u00edsticas \u00e9 que permitem aos alunos ter uma experi\u00eancia imersiva de aprendizagem de l\u00ednguas que, por sua vez, oferece uma contribui\u00e7\u00e3o valiosa para o desenvolvimento pessoal. <\/p>\n\n<p><a href=\"https:\/\/www.leselfes.com\/pt-pt\/?page_id=85718\">Fazer um curso de l\u00ednguas de ver\u00e3o<\/a> \u00e9 ben\u00e9fico porque proporciona aos alunos uma experi\u00eancia muito interessante e melhora a sua compreens\u00e3o das l\u00ednguas estrangeiras.\nPara al\u00e9m disso, ser capaz de escrever e falar noutra l\u00edngua \u00e9 uma compet\u00eancia muito procurada no que diz respeito \u00e0s suas futuras carreiras.\nMuitos col\u00e9gios e universidades querem ver estudantes que tenham aprendido outra l\u00edngua nos seus estudos acad\u00e9micos.\nQue melhor maneira de os estudantes aprenderem uma nova l\u00edngua do que combinar passeios tur\u00edsticos e actividades emocionantes com a oportunidade de praticar a conversa\u00e7\u00e3o com os habitantes locais?\nEsta \u00e9 a introdu\u00e7\u00e3o perfeita \u00e0 l\u00edngua e \u00e0 cultura de destino.    <\/p>\n\n<h2 class=\"wp-block-heading\">A verdadeira defini\u00e7\u00e3o de uma viagem lingu\u00edstica<\/h2>\n\n<p>Uma viagem lingu\u00edstica pode ser definida como uma combina\u00e7\u00e3o de um curso de l\u00ednguas e de f\u00e9rias.\nO ambiente pode variar entre est\u00e1gios ou salas de aula tradicionais e trabalho de campo, dependendo da idade do aluno.\nO nosso programa de cursos de aprendizagem de l\u00ednguas inclui tamb\u00e9m actividades de grupo e estudos culturais.  <\/p>\n\n<figure><img decoding=\"async\" src=\"https:\/\/www.leselfes.com\/wp-content\/uploads\/2019\/09\/language-courses-e1575195327973.jpg\" alt=\"Campo de F&#xE9;rias Les Elfes Su&#xED;&#xE7;a l&#xED;ngua courese\"\/><\/figure>\n\n<p>Todos os nossos programas de cursos de l\u00ednguas de ver\u00e3o s\u00e3o diferentes, dependendo das prefer\u00eancias lingu\u00edsticas, das necessidades e do grau de aprendizagem.\nAlguns cursos s\u00e3o intensos, enquanto outros se centram mais no aspeto das f\u00e9rias.\nOs alunos, com a orienta\u00e7\u00e3o dos pais, podem escolher entre um programa mais informal ou uma experi\u00eancia de imers\u00e3o completa.  <\/p>\n\n<h2 class=\"wp-block-heading\">Porque \u00e9 que \u00e9 importante que o teu filho fa\u00e7a um curso de l\u00ednguas de ver\u00e3o<\/h2>\n\n<p>Fazer um curso de l\u00ednguas de ver\u00e3o \u00e9 importante porque oferece a oportunidade de viver o ambiente natural dessa l\u00edngua todos os dias.\nCompreendemos e concordamos que os programas de imers\u00e3o na aprendizagem de l\u00ednguas s\u00e3o uma das melhores formas de aprender.\nH\u00e1 <a href=\"https:\/\/www.leselfes.com\/pt-pt\/\">uma infinidade de op\u00e7\u00f5es para os estudantes que querem combinar o estudo da l\u00edngua com as f\u00e9rias de ver\u00e3o<\/a>.\nDesta forma, aprendem a l\u00edngua para fins pr\u00e1ticos, para aprender algo sobre arte e hist\u00f3ria ou para melhorar a sua perspic\u00e1cia empresarial.   <\/p>\n\n<p>Deixar o teu filho participar num programa de viagens lingu\u00edsticas \u00e9 conveniente, na medida em que deixas que um profissional trate de toda a papelada e log\u00edstica.\nDesta forma, o teu filho pode concentrar-se apenas em desfrutar da sua aventura.\nParte do nosso trabalho \u00e9 tamb\u00e9m verificar os requisitos para os vistos, fazer todos os preparativos para o alojamento das crian\u00e7as, bem como os transferes do aeroporto.  <\/p>\n\n<h2 class=\"wp-block-heading\">Quem pode frequentar um curso de l\u00ednguas de ver\u00e3o?<\/h2>\n\n<p>O fen\u00f3meno de frequentar um curso de l\u00ednguas de ver\u00e3o \u00e9 popular em v\u00e1rios grupos et\u00e1rios de estudantes.\nPor isso, as excurs\u00f5es s\u00e3o adaptadas a crian\u00e7as de todas as idades.\nOs estudantes fazem viagens lingu\u00edsticas para fazer uma pausa na escola.\nDesta forma, conseguem combinar as suas f\u00e9rias de ver\u00e3o com algo produtivo e divertido.   <\/p>\n\n<h2 class=\"wp-block-heading\">Vantagens de um curso de l\u00ednguas de ver\u00e3o<\/h2>\n\n<p>Um curso de l\u00ednguas de ver\u00e3o tem muito para oferecer, quer queiras que o teu filho se concentre no seu futuro acad\u00e9mico e profissional ou no seu auto-aperfei\u00e7oamento.\nApresentamos de seguida algumas das vantagens de frequentar um curso de l\u00ednguas de ver\u00e3o. <\/p>\n\n<h3 class=\"wp-block-heading\">Ajuda a desenvolver as compet\u00eancias lingu\u00edsticas<\/h3>\n\n<p>Os cursos de l\u00ednguas de ver\u00e3o permitem desenvolver muitas compet\u00eancias lingu\u00edsticas.\nPara os estudantes que procuram melhorar as suas compet\u00eancias lingu\u00edsticas verbais e escritas, basta escolherem um curso de ingl\u00eas ou de qualquer outra l\u00edngua internacional.\nAl\u00e9m disso, aprendem termos acad\u00e9micos espec\u00edficos e desenvolvem o vocabul\u00e1rio necess\u00e1rio para completar uma educa\u00e7\u00e3o internacional.  <\/p>\n\n<h3 class=\"wp-block-heading\">Oferece uma oportunidade de estudar numa cidade internacional famosa<\/h3>\n\n<p>Parte de fazer um curso de l\u00ednguas de ver\u00e3o \u00e9 tamb\u00e9m conhecer outras culturas.\nAo estudar uma l\u00edngua internacional, os estudantes t\u00eam a oportunidade de estudar em pa\u00edses famosos ou cidades cosmopolitas, incluindo as seguintes: <\/p>\n\n<ul class=\"wp-block-list\">\n<li>Xangai<\/li>\n<li>Londres<\/li>\n<li>Paris<\/li>\n<li>Madrid<\/li>\n<li>Atenas<\/li>\n<li>Roterd\u00e3o<\/li>\n<li>Espanha<\/li>\n<li>Isl\u00e2ndia<\/li>\n<li>Fran\u00e7a<\/li>\n<li>Irlanda<\/li>\n<li>Os EUA<\/li>\n<li>O Reino Unido<\/li>\n<li>Pa\u00edses Baixos<\/li>\n<li>Entre muitos outros<\/li>\n<\/ul>\n\n<p>Ao fazeres um curso de l\u00ednguas de ver\u00e3o, tens tamb\u00e9m a possibilidade de descobrir uma arquitetura impressionante, de experimentar uma boa cozinha, de visitar excelentes museus e galerias, o que proporciona uma experi\u00eancia muito enriquecedora.<\/p>\n\n<h3 class=\"wp-block-heading\">Ajuda a apoiar a sua candidatura \u00e0 faculdade ou universidade<\/h3>\n\n<p>Para os estudantes do ensino secund\u00e1rio, a escolha de um curso de l\u00ednguas de ver\u00e3o pode ajud\u00e1-los a decidir se querem fazer um mestrado ou uma licenciatura relacionados com a mat\u00e9ria.\nDesta forma, tamb\u00e9m podem melhorar a sua candidatura \u00e0 universidade ou faculdade com realiza\u00e7\u00f5es acad\u00e9micas relevantes.\nOs estudantes mais velhos que estejam interessados em aprender uma nova l\u00edngua podem escolher um curso que os prepare para v\u00e1rios exames de acesso \u00e0 faculdade ou universidade.\nN\u00e3o te esque\u00e7as de que qualquer prova de interesse por uma determinada mat\u00e9ria prova que o estudante est\u00e1 empenhado em superar-se nas suas actividades acad\u00e9micas, especialmente porque vivemos num ambiente acad\u00e9mico altamente competitivo.   <\/p>\n\n<h3 class=\"wp-block-heading\">Ajuda a aumentar a auto-confian\u00e7a<\/h3>\n\n<p>Uma \u00f3ptima maneira de os estudantes provarem que s\u00e3o capazes e autoconfiantes \u00e9 concluir com \u00eaxito um programa de curso de l\u00ednguas de ver\u00e3o.\nOs estudantes que frequentaram um curso de l\u00ednguas internacional t\u00eam mais hip\u00f3teses de se matricularem numa universidade ou col\u00e9gio bem cotado.\nAl\u00e9m disso, a experi\u00eancia de curta dura\u00e7\u00e3o no estrangeiro oferece uma vis\u00e3o suficiente da vida do teu filho, desafiando-o a sonhar mais alto.\nPor conseguinte, frequentar um curso de l\u00ednguas de ver\u00e3o ajuda os estudantes a aceder ao seu verdadeiro potencial, a silenciar as suas d\u00favidas e a dar-lhes confian\u00e7a para perseguirem os seus sonhos.   <\/p>\n\n<h3 class=\"wp-block-heading\">Ajuda-os a compreender a aprendizagem aut\u00f3noma<\/h3>\n\n<p>Normalmente, os alunos concentram-se em acumular o m\u00e1ximo de informa\u00e7\u00e3o poss\u00edvel, especialmente durante um ano acad\u00e9mico exigente, para passarem nos exames.\nE, em vez de encorajar os alunos a descobrir o seu potencial, a maioria dos professores concentra-se mais em cumprir os objectivos estabelecidos.\nA vantagem de frequentar um curso de l\u00ednguas de ver\u00e3o \u00e9 que d\u00e1 mais \u00eanfase ao desenvolvimento de compet\u00eancias e estimula a criatividade, a autoconfian\u00e7a e a curiosidade.  <\/p>\n\n<h3 class=\"wp-block-heading\">Sacia a sua sede de conhecimento<\/h3>\n\n<p>Se a escola do teu filho n\u00e3o oferece um curso de l\u00ednguas em particular que possa interessar-lhe, um curso de l\u00ednguas de ver\u00e3o oferece aos alunos muitas op\u00e7\u00f5es que ir\u00e3o saciar a sua sede de conhecimento.\nMesmo que n\u00e3o saibam que l\u00edngua gostariam de aprender, podem consultar a nossa extensa lista de cursos de l\u00ednguas de ver\u00e3o.\nIsto pode at\u00e9 inspir\u00e1-los a experimentar novas oportunidades de estudo.  <\/p>\n\n<h3 class=\"wp-block-heading\">Ajuda a fazer novos amigos<\/h3>\n\n<figure><img decoding=\"async\" src=\"https:\/\/www.leselfes.com\/wp-content\/uploads\/2019\/09\/Lenguage-lessons.jpg\" alt=\"\"\/><\/figure>\n\n<p>Fazer um curso de ver\u00e3o numa escola de l\u00ednguas \u00e9 a forma perfeita de fazeres novos amigos.\nIsto porque o ambiente \u00e9 altamente interativo e acolhedor.\nAtrav\u00e9s da intera\u00e7\u00e3o com os colegas e da participa\u00e7\u00e3o em eventos sociais, o teu filho tem a oportunidade de fazer amizades duradouras.\nMesmo que o teu filho seja t\u00edmido, ter\u00e1 mais facilidade em abrir-se gra\u00e7as \u00e0 atmosfera amig\u00e1vel, \u00e0 aceita\u00e7\u00e3o da diversidade, aos interesses partilhados pelos participantes e aos pequenos grupos de estudo.   <\/p>\n\n<h3 class=\"wp-block-heading\">Ajuda a melhorar as suas notas<\/h3>\n\n<p>Aumentar os resultados nos exames \u00e9 uma das raz\u00f5es \u00f3bvias pelas quais os estudantes devem frequentar um curso de l\u00ednguas de ver\u00e3o.\nAs horas de estudo extra ajudam-nos a melhorar e a refor\u00e7ar os seus conhecimentos dessa l\u00edngua, especialmente porque est\u00e3o a estudar fora do ambiente escolar t\u00edpico.\nOs m\u00e9todos de aprendizagem eficazes e inovadores podem at\u00e9 dar-lhes novas ideias sobre a forma como podem abordar a aprendizagem em geral.\nDesta forma, tamb\u00e9m adquirem compet\u00eancias pr\u00e1ticas, tais como aprender a aplicar t\u00e9cnicas eficazes quando estudam algo novo.   <\/p>\n\n<h3 class=\"wp-block-heading\">Ajuda-os a divertirem-se muito<\/h3>\n\n<p><a href=\"https:\/\/www.leselfes.com\/pt-pt\/?page_id=85750\">Uma viagem lingu\u00edstica de ver\u00e3o pode ser uma experi\u00eancia muito divertida e emocionante<\/a>.\nPara al\u00e9m de outras grandes oportunidades de interagir com estudantes que partilham a mesma opini\u00e3o, as actividades inovadoras nas aulas podem ser excelentes para quebrar o gelo social.\nEnquanto estiveres aqui, o teu filho pode participar em festas especiais, eventos e passeios pela cidade, tornando assim a sua viagem escolar de ver\u00e3o uma experi\u00eancia inesquec\u00edvel.  <\/p>\n\n<h3 class=\"wp-block-heading\">Ajuda-os a inspirarem-se<\/h3>\n\n<p>V\u00e1rios estudantes candidatam-se a um curso de l\u00ednguas de ver\u00e3o por diversas raz\u00f5es.\nAlguns querem simplesmente estudar numa escola de ver\u00e3o para ocupar o seu tempo durante as longas f\u00e9rias de ver\u00e3o.\nPor isso, se queres que o teu filho beneficie de uma ideia nova, ent\u00e3o um curso de l\u00ednguas de ver\u00e3o pode ser o melhor plano.  <\/p>\n\n<h2 class=\"wp-block-heading\">Viagens e visitas a escolas de l\u00ednguas<\/h2>\n\n<p>N\u00e3o h\u00e1 melhor forma de refor\u00e7ar a aprendizagem de um aluno na sala de aula do que estar rodeado de falantes nativos, exposto \u00e0 sua cultura e imerso nos seus ritmos de vida quotidianos.\nQuando os alunos visitam o destino da sua l\u00edngua-alvo, abrem-se a uma experi\u00eancia de aprendizagem totalmente nova.\nAo frequentar um curso de l\u00ednguas de ver\u00e3o, os alunos s\u00e3o desafiados, envolvidos e inspirados na aplica\u00e7\u00e3o pr\u00e1tica da l\u00edngua-alvo.  <\/p>\n\n<p>As nossas experi\u00eancias de enriquecimento lingu\u00edstico s\u00e3o concebidas para desenvolver a compreens\u00e3o e a capacidade de conversa\u00e7\u00e3o atrav\u00e9s de uma vasta gama de actividades e excurs\u00f5es emocionantes centradas na l\u00edngua-alvo, com \u00eanfase nas experi\u00eancias de enriquecimento.<\/p>\n\n<p>Os alunos t\u00eam tamb\u00e9m a oportunidade de interagir com falantes nativos que os ajudam a ganhar confian\u00e7a quando comunicam na l\u00edngua que est\u00e3o a estudar, numa variedade de situa\u00e7\u00f5es sociais.\nN\u00e3o importa qual seja a capacidade do teu filho ou adolescente, a sua experi\u00eancia pode ser levada ao n\u00edvel exato necess\u00e1rio para enriquecer a sua aprendizagem, permitindo-lhe assim envolver-se com a l\u00edngua-alvo, bem como desfrutar de todos os benef\u00edcios acima mencionados. <\/p>\n\n<p>Lembra-te de que <a href=\"https:\/\/www.sprachcaffe.com\/english\/magazine-article\/10-reasons-why-you-should-go-on-a-language-trip-2017-11-03.htm\">falar uma l\u00edngua estrangeira traz in\u00fameros benef\u00edcios<\/a> e oferece sempre uma vantagem na nossa sociedade moderna.<\/p>","protected":false},"excerpt":{"rendered":"<p>Um grande n\u00famero de estudantes beneficia de viagens de l\u00edngua francesa, inglesa, alem\u00e3, espanhola e mandarim, com a vasta gama de l\u00ednguas dispon\u00edveis a levar a um aumento da diversidade&#8230;<\/p>\n","protected":false},"author":6,"featured_media":0,"comment_status":"closed","ping_status":"open","sticky":false,"template":"","format":"standard","meta":{"_acf_changed":false,"inline_featured_image":false,"footnotes":""},"categories":[1103],"tags":[],"class_list":{"0":"post-86155","1":"post","2":"type-post","3":"status-publish","4":"format-standard","6":"category-artigos"},"acf":[],"yoast_head":"<!-- This site is optimized with the Yoast SEO Premium plugin v24.2 (Yoast SEO v24.7) - https:\/\/yoast.com\/wordpress\/plugins\/seo\/ -->\n<title>Fazer um curso de l\u00ednguas de ver\u00e3o - Les Elfes International Camps Switzerland<\/title>\n<meta name=\"robots\" content=\"index, follow, max-snippet:-1, max-image-preview:large, max-video-preview:-1\" \/>\n<link rel=\"canonical\" href=\"https:\/\/www.leselfes.com\/pt-pt\/fazer-um-curso-de-linguas-de-verao\/\" \/>\n<meta property=\"og:locale\" content=\"pt_PT\" \/>\n<meta property=\"og:type\" content=\"article\" \/>\n<meta property=\"og:title\" content=\"Fazer um curso de l\u00ednguas de ver\u00e3o\" \/>\n<meta property=\"og:description\" content=\"Um grande n\u00famero de estudantes beneficia de viagens de l\u00edngua francesa, inglesa, alem\u00e3, espanhola e mandarim, com a vasta gama de l\u00ednguas dispon\u00edveis a levar a um aumento da diversidade...\" \/>\n<meta property=\"og:url\" content=\"https:\/\/www.leselfes.com\/pt-pt\/fazer-um-curso-de-linguas-de-verao\/\" \/>\n<meta property=\"og:site_name\" content=\"Les Elfes International Camps Switzerland\" \/>\n<meta property=\"article:publisher\" content=\"https:\/\/www.facebook.com\/LesElfesVerbier\" \/>\n<meta property=\"article:published_time\" content=\"2019-04-23T13:25:33+00:00\" \/>\n<meta property=\"article:modified_time\" content=\"2024-10-02T15:44:38+00:00\" \/>\n<meta property=\"og:image\" content=\"https:\/\/dev.leselfes.com\/wp-content\/uploads\/2019\/09\/language-courses-e1575195327973.jpg\" \/>\n<meta name=\"author\" content=\"carlotta\" \/>\n<meta name=\"twitter:card\" content=\"summary_large_image\" \/>\n<meta name=\"twitter:creator\" content=\"@LesElfesCamps\" \/>\n<meta name=\"twitter:site\" content=\"@LesElfesCamps\" \/>\n<meta name=\"twitter:label1\" content=\"Escrito por\" \/>\n\t<meta name=\"twitter:data1\" content=\"carlotta\" \/>\n\t<meta name=\"twitter:label2\" content=\"Tempo estimado de leitura\" \/>\n\t<meta name=\"twitter:data2\" content=\"9 minutos\" \/>\n<script type=\"application\/ld+json\" class=\"yoast-schema-graph\">{\"@context\":\"https:\/\/schema.org\",\"@graph\":[{\"@type\":\"Article\",\"@id\":\"https:\/\/www.leselfes.com\/pt-pt\/fazer-um-curso-de-linguas-de-verao\/#article\",\"isPartOf\":{\"@id\":\"https:\/\/www.leselfes.com\/pt-pt\/fazer-um-curso-de-linguas-de-verao\/\"},\"author\":{\"name\":\"carlotta\",\"@id\":\"https:\/\/dev.leselfes.com\/#\/schema\/person\/9e8c1c68ef43ed5c58fa46ac5d8ee338\"},\"headline\":\"Fazer um curso de l\u00ednguas de ver\u00e3o\",\"datePublished\":\"2019-04-23T13:25:33+00:00\",\"dateModified\":\"2024-10-02T15:44:38+00:00\",\"mainEntityOfPage\":{\"@id\":\"https:\/\/www.leselfes.com\/pt-pt\/fazer-um-curso-de-linguas-de-verao\/\"},\"wordCount\":1843,\"publisher\":{\"@id\":\"https:\/\/dev.leselfes.com\/#organization\"},\"image\":{\"@id\":\"https:\/\/www.leselfes.com\/pt-pt\/fazer-um-curso-de-linguas-de-verao\/#primaryimage\"},\"thumbnailUrl\":\"https:\/\/www.leselfes.com\/wp-content\/uploads\/2019\/09\/language-courses-e1575195327973.jpg\",\"articleSection\":[\"Artigos\"],\"inLanguage\":\"pt-PT\"},{\"@type\":\"WebPage\",\"@id\":\"https:\/\/www.leselfes.com\/pt-pt\/fazer-um-curso-de-linguas-de-verao\/\",\"url\":\"https:\/\/www.leselfes.com\/pt-pt\/fazer-um-curso-de-linguas-de-verao\/\",\"name\":\"Fazer um curso de l\u00ednguas de ver\u00e3o - Les Elfes International Camps Switzerland\",\"isPartOf\":{\"@id\":\"https:\/\/dev.leselfes.com\/#website\"},\"primaryImageOfPage\":{\"@id\":\"https:\/\/www.leselfes.com\/pt-pt\/fazer-um-curso-de-linguas-de-verao\/#primaryimage\"},\"image\":{\"@id\":\"https:\/\/www.leselfes.com\/pt-pt\/fazer-um-curso-de-linguas-de-verao\/#primaryimage\"},\"thumbnailUrl\":\"https:\/\/www.leselfes.com\/wp-content\/uploads\/2019\/09\/language-courses-e1575195327973.jpg\",\"datePublished\":\"2019-04-23T13:25:33+00:00\",\"dateModified\":\"2024-10-02T15:44:38+00:00\",\"breadcrumb\":{\"@id\":\"https:\/\/www.leselfes.com\/pt-pt\/fazer-um-curso-de-linguas-de-verao\/#breadcrumb\"},\"inLanguage\":\"pt-PT\",\"potentialAction\":[{\"@type\":\"ReadAction\",\"target\":[\"https:\/\/www.leselfes.com\/pt-pt\/fazer-um-curso-de-linguas-de-verao\/\"]}]},{\"@type\":\"ImageObject\",\"inLanguage\":\"pt-PT\",\"@id\":\"https:\/\/www.leselfes.com\/pt-pt\/fazer-um-curso-de-linguas-de-verao\/#primaryimage\",\"url\":\"https:\/\/www.leselfes.com\/wp-content\/uploads\/2019\/09\/language-courses-e1575195327973.jpg\",\"contentUrl\":\"https:\/\/www.leselfes.com\/wp-content\/uploads\/2019\/09\/language-courses-e1575195327973.jpg\"},{\"@type\":\"BreadcrumbList\",\"@id\":\"https:\/\/www.leselfes.com\/pt-pt\/fazer-um-curso-de-linguas-de-verao\/#breadcrumb\",\"itemListElement\":[{\"@type\":\"ListItem\",\"position\":1,\"name\":\"Home\",\"item\":\"https:\/\/www.leselfes.com\/pt-pt\/\"},{\"@type\":\"ListItem\",\"position\":2,\"name\":\"Fazer um curso de l\u00ednguas de ver\u00e3o\"}]},{\"@type\":\"WebSite\",\"@id\":\"https:\/\/dev.leselfes.com\/#website\",\"url\":\"https:\/\/dev.leselfes.com\/\",\"name\":\"Les Elfes International\",\"description\":\"Les Elfes International, Verbier Switzerland. Summer Camp, Winter Camp, Spring Camps.\",\"publisher\":{\"@id\":\"https:\/\/dev.leselfes.com\/#organization\"},\"alternateName\":\"Les Elfes International\",\"potentialAction\":[{\"@type\":\"SearchAction\",\"target\":{\"@type\":\"EntryPoint\",\"urlTemplate\":\"https:\/\/dev.leselfes.com\/?s={search_term_string}\"},\"query-input\":{\"@type\":\"PropertyValueSpecification\",\"valueRequired\":true,\"valueName\":\"search_term_string\"}}],\"inLanguage\":\"pt-PT\"},{\"@type\":\"Organization\",\"@id\":\"https:\/\/dev.leselfes.com\/#organization\",\"name\":\"Les Elfes International\",\"alternateName\":\"Les Elfes International\",\"url\":\"https:\/\/dev.leselfes.com\/\",\"logo\":{\"@type\":\"ImageObject\",\"inLanguage\":\"pt-PT\",\"@id\":\"https:\/\/dev.leselfes.com\/#\/schema\/logo\/image\/\",\"url\":\"https:\/\/www.leselfes.com\/wp-content\/uploads\/2022\/03\/leselfes-logo.png\",\"contentUrl\":\"https:\/\/www.leselfes.com\/wp-content\/uploads\/2022\/03\/leselfes-logo.png\",\"width\":233,\"height\":51,\"caption\":\"Les Elfes International\"},\"image\":{\"@id\":\"https:\/\/dev.leselfes.com\/#\/schema\/logo\/image\/\"},\"sameAs\":[\"https:\/\/www.facebook.com\/LesElfesVerbier\",\"https:\/\/x.com\/LesElfesCamps\",\"https:\/\/www.instagram.com\/leselfes\",\"https:\/\/www.linkedin.com\/company\/les-elfes-international\",\"https:\/\/www.youtube.com\/user\/LesElfesVerbier\"]},{\"@type\":\"Person\",\"@id\":\"https:\/\/dev.leselfes.com\/#\/schema\/person\/9e8c1c68ef43ed5c58fa46ac5d8ee338\",\"name\":\"carlotta\",\"image\":{\"@type\":\"ImageObject\",\"inLanguage\":\"pt-PT\",\"@id\":\"https:\/\/dev.leselfes.com\/#\/schema\/person\/image\/\",\"url\":\"https:\/\/secure.gravatar.com\/avatar\/fdb243a028df450397b3632d862f87f6?s=96&d=mm&r=g\",\"contentUrl\":\"https:\/\/secure.gravatar.com\/avatar\/fdb243a028df450397b3632d862f87f6?s=96&d=mm&r=g\",\"caption\":\"carlotta\"},\"description\":\"Since 1987, Les Elfes International organizes ski trips &amp; field trips for leading schools around the world as well as winter &amp; summer camps for individual students aged between 6 y.o. and 17 y.o. from more than 60 nationalities. Welcoming 5'000 children and more than 200 schools a year from December until the end of October, Les Elfes has become a leading provider in the individual and school\u2019s trip industry. Our Winter and Summer Camps, ski and field trips provide more than just great activities and experiences. We introduce lifelong skills such as communicating with others without phone or laptop and understanding the value of living in a community away from home. Moreover, campers will be able to build a strong friend network and fortify the relationship among future classmates.\",\"sameAs\":[\"https:\/\/www.linkedin.com\/company\/les-elfes-international\/\"],\"url\":\"https:\/\/www.leselfes.com\/pt-pt\/author\/carlotta\/\"}]}<\/script>\n<!-- \/ Yoast SEO Premium plugin. -->","yoast_head_json":{"title":"Fazer um curso de l\u00ednguas de ver\u00e3o - Les Elfes International Camps Switzerland","robots":{"index":"index","follow":"follow","max-snippet":"max-snippet:-1","max-image-preview":"max-image-preview:large","max-video-preview":"max-video-preview:-1"},"canonical":"https:\/\/www.leselfes.com\/pt-pt\/fazer-um-curso-de-linguas-de-verao\/","og_locale":"pt_PT","og_type":"article","og_title":"Fazer um curso de l\u00ednguas de ver\u00e3o","og_description":"Um grande n\u00famero de estudantes beneficia de viagens de l\u00edngua francesa, inglesa, alem\u00e3, espanhola e mandarim, com a vasta gama de l\u00ednguas dispon\u00edveis a levar a um aumento da diversidade...","og_url":"https:\/\/www.leselfes.com\/pt-pt\/fazer-um-curso-de-linguas-de-verao\/","og_site_name":"Les Elfes International Camps Switzerland","article_publisher":"https:\/\/www.facebook.com\/LesElfesVerbier","article_published_time":"2019-04-23T13:25:33+00:00","article_modified_time":"2024-10-02T15:44:38+00:00","og_image":[{"url":"https:\/\/dev.leselfes.com\/wp-content\/uploads\/2019\/09\/language-courses-e1575195327973.jpg","type":"","width":"","height":""}],"author":"carlotta","twitter_card":"summary_large_image","twitter_creator":"@LesElfesCamps","twitter_site":"@LesElfesCamps","twitter_misc":{"Escrito por":"carlotta","Tempo estimado de leitura":"9 minutos"},"schema":{"@context":"https:\/\/schema.org","@graph":[{"@type":"Article","@id":"https:\/\/www.leselfes.com\/pt-pt\/fazer-um-curso-de-linguas-de-verao\/#article","isPartOf":{"@id":"https:\/\/www.leselfes.com\/pt-pt\/fazer-um-curso-de-linguas-de-verao\/"},"author":{"name":"carlotta","@id":"https:\/\/dev.leselfes.com\/#\/schema\/person\/9e8c1c68ef43ed5c58fa46ac5d8ee338"},"headline":"Fazer um curso de l\u00ednguas de ver\u00e3o","datePublished":"2019-04-23T13:25:33+00:00","dateModified":"2024-10-02T15:44:38+00:00","mainEntityOfPage":{"@id":"https:\/\/www.leselfes.com\/pt-pt\/fazer-um-curso-de-linguas-de-verao\/"},"wordCount":1843,"publisher":{"@id":"https:\/\/dev.leselfes.com\/#organization"},"image":{"@id":"https:\/\/www.leselfes.com\/pt-pt\/fazer-um-curso-de-linguas-de-verao\/#primaryimage"},"thumbnailUrl":"https:\/\/www.leselfes.com\/wp-content\/uploads\/2019\/09\/language-courses-e1575195327973.jpg","articleSection":["Artigos"],"inLanguage":"pt-PT"},{"@type":"WebPage","@id":"https:\/\/www.leselfes.com\/pt-pt\/fazer-um-curso-de-linguas-de-verao\/","url":"https:\/\/www.leselfes.com\/pt-pt\/fazer-um-curso-de-linguas-de-verao\/","name":"Fazer um curso de l\u00ednguas de ver\u00e3o - Les Elfes International Camps Switzerland","isPartOf":{"@id":"https:\/\/dev.leselfes.com\/#website"},"primaryImageOfPage":{"@id":"https:\/\/www.leselfes.com\/pt-pt\/fazer-um-curso-de-linguas-de-verao\/#primaryimage"},"image":{"@id":"https:\/\/www.leselfes.com\/pt-pt\/fazer-um-curso-de-linguas-de-verao\/#primaryimage"},"thumbnailUrl":"https:\/\/www.leselfes.com\/wp-content\/uploads\/2019\/09\/language-courses-e1575195327973.jpg","datePublished":"2019-04-23T13:25:33+00:00","dateModified":"2024-10-02T15:44:38+00:00","breadcrumb":{"@id":"https:\/\/www.leselfes.com\/pt-pt\/fazer-um-curso-de-linguas-de-verao\/#breadcrumb"},"inLanguage":"pt-PT","potentialAction":[{"@type":"ReadAction","target":["https:\/\/www.leselfes.com\/pt-pt\/fazer-um-curso-de-linguas-de-verao\/"]}]},{"@type":"ImageObject","inLanguage":"pt-PT","@id":"https:\/\/www.leselfes.com\/pt-pt\/fazer-um-curso-de-linguas-de-verao\/#primaryimage","url":"https:\/\/www.leselfes.com\/wp-content\/uploads\/2019\/09\/language-courses-e1575195327973.jpg","contentUrl":"https:\/\/www.leselfes.com\/wp-content\/uploads\/2019\/09\/language-courses-e1575195327973.jpg"},{"@type":"BreadcrumbList","@id":"https:\/\/www.leselfes.com\/pt-pt\/fazer-um-curso-de-linguas-de-verao\/#breadcrumb","itemListElement":[{"@type":"ListItem","position":1,"name":"Home","item":"https:\/\/www.leselfes.com\/pt-pt\/"},{"@type":"ListItem","position":2,"name":"Fazer um curso de l\u00ednguas de ver\u00e3o"}]},{"@type":"WebSite","@id":"https:\/\/dev.leselfes.com\/#website","url":"https:\/\/dev.leselfes.com\/","name":"Les Elfes International","description":"Les Elfes International, Verbier Switzerland. Summer Camp, Winter Camp, Spring Camps.","publisher":{"@id":"https:\/\/dev.leselfes.com\/#organization"},"alternateName":"Les Elfes International","potentialAction":[{"@type":"SearchAction","target":{"@type":"EntryPoint","urlTemplate":"https:\/\/dev.leselfes.com\/?s={search_term_string}"},"query-input":{"@type":"PropertyValueSpecification","valueRequired":true,"valueName":"search_term_string"}}],"inLanguage":"pt-PT"},{"@type":"Organization","@id":"https:\/\/dev.leselfes.com\/#organization","name":"Les Elfes International","alternateName":"Les Elfes International","url":"https:\/\/dev.leselfes.com\/","logo":{"@type":"ImageObject","inLanguage":"pt-PT","@id":"https:\/\/dev.leselfes.com\/#\/schema\/logo\/image\/","url":"https:\/\/www.leselfes.com\/wp-content\/uploads\/2022\/03\/leselfes-logo.png","contentUrl":"https:\/\/www.leselfes.com\/wp-content\/uploads\/2022\/03\/leselfes-logo.png","width":233,"height":51,"caption":"Les Elfes International"},"image":{"@id":"https:\/\/dev.leselfes.com\/#\/schema\/logo\/image\/"},"sameAs":["https:\/\/www.facebook.com\/LesElfesVerbier","https:\/\/x.com\/LesElfesCamps","https:\/\/www.instagram.com\/leselfes","https:\/\/www.linkedin.com\/company\/les-elfes-international","https:\/\/www.youtube.com\/user\/LesElfesVerbier"]},{"@type":"Person","@id":"https:\/\/dev.leselfes.com\/#\/schema\/person\/9e8c1c68ef43ed5c58fa46ac5d8ee338","name":"carlotta","image":{"@type":"ImageObject","inLanguage":"pt-PT","@id":"https:\/\/dev.leselfes.com\/#\/schema\/person\/image\/","url":"https:\/\/secure.gravatar.com\/avatar\/fdb243a028df450397b3632d862f87f6?s=96&d=mm&r=g","contentUrl":"https:\/\/secure.gravatar.com\/avatar\/fdb243a028df450397b3632d862f87f6?s=96&d=mm&r=g","caption":"carlotta"},"description":"Since 1987, Les Elfes International organizes ski trips &amp; field trips for leading schools around the world as well as winter &amp; summer camps for individual students aged between 6 y.o. and 17 y.o. from more than 60 nationalities. Welcoming 5'000 children and more than 200 schools a year from December until the end of October, Les Elfes has become a leading provider in the individual and school\u2019s trip industry. Our Winter and Summer Camps, ski and field trips provide more than just great activities and experiences. We introduce lifelong skills such as communicating with others without phone or laptop and understanding the value of living in a community away from home. Moreover, campers will be able to build a strong friend network and fortify the relationship among future classmates.","sameAs":["https:\/\/www.linkedin.com\/company\/les-elfes-international\/"],"url":"https:\/\/www.leselfes.com\/pt-pt\/author\/carlotta\/"}]}},"_links":{"self":[{"href":"https:\/\/www.leselfes.com\/pt-pt\/wp-json\/wp\/v2\/posts\/86155"}],"collection":[{"href":"https:\/\/www.leselfes.com\/pt-pt\/wp-json\/wp\/v2\/posts"}],"about":[{"href":"https:\/\/www.leselfes.com\/pt-pt\/wp-json\/wp\/v2\/types\/post"}],"author":[{"embeddable":true,"href":"https:\/\/www.leselfes.com\/pt-pt\/wp-json\/wp\/v2\/users\/6"}],"replies":[{"embeddable":true,"href":"https:\/\/www.leselfes.com\/pt-pt\/wp-json\/wp\/v2\/comments?post=86155"}],"version-history":[{"count":0,"href":"https:\/\/www.leselfes.com\/pt-pt\/wp-json\/wp\/v2\/posts\/86155\/revisions"}],"wp:attachment":[{"href":"https:\/\/www.leselfes.com\/pt-pt\/wp-json\/wp\/v2\/media?parent=86155"}],"wp:term":[{"taxonomy":"category","embeddable":true,"href":"https:\/\/www.leselfes.com\/pt-pt\/wp-json\/wp\/v2\/categories?post=86155"},{"taxonomy":"post_tag","embeddable":true,"href":"https:\/\/www.leselfes.com\/pt-pt\/wp-json\/wp\/v2\/tags?post=86155"}],"curies":[{"name":"wp","href":"https:\/\/api.w.org\/{rel}","templated":true}]}}