{"id":86183,"date":"2019-03-16T12:34:15","date_gmt":"2019-03-16T11:34:15","guid":{"rendered":"https:\/\/www.leselfes.com\/o-que-fazer-com-as-tuas-criancas-e-adolescentes-durante-as-ferias-nos-alpes\/"},"modified":"2024-10-02T17:45:18","modified_gmt":"2024-10-02T15:45:18","slug":"o-que-fazer-com-as-tuas-criancas-e-adolescentes-durante-as-ferias-nos-alpes","status":"publish","type":"post","link":"https:\/\/www.leselfes.com\/pt-pt\/o-que-fazer-com-as-tuas-criancas-e-adolescentes-durante-as-ferias-nos-alpes\/","title":{"rendered":"O que fazer com as tuas crian\u00e7as e adolescentes durante as f\u00e9rias nos Alpes"},"content":{"rendered":"\n<p>As f\u00e9rias em fam\u00edlia podem parecer uma \u00f3ptima ideia \u00e0 primeira vista, mas quando se trata de agradar aos mais pequenos e aos adolescentes pode ser uma tarefa dif\u00edcil!<\/p>\n\n<p>Quando pensas em f\u00e9rias nos Alpes, esquiar \u00e9 provavelmente a primeira coisa que te vem \u00e0 cabe\u00e7a.\nNo entanto, podes ficar surpreendido com a quantidade de actividades alternativas que existem e que proporcionam divers\u00e3o para toda a fam\u00edlia. <\/p>\n\n<p>Desde andar de tren\u00f3 a observar as estrelas, h\u00e1 uma s\u00e9rie de formas divertidas de passar <strong>f\u00e9rias nos Alpes com crian\u00e7as e adolescentes<\/strong>.\nAqui tens algumas das nossas preferidas. <\/p>\n\n<p><strong>Desce de tobog\u00e3 por uma das pistas mais longas da Su\u00ed\u00e7a<\/strong><\/p>\n\n<p>Mesmo que tenhas um n\u00e3o esquiador na fam\u00edlia, isso n\u00e3o significa que tenhas de perder a divers\u00e3o nas pistas!\nA pista de luge de Tzoumaz estende-se por 10 km, descendo 848 metros pela montanha.\nEmo\u00e7\u00e3o garantida para os adultos audazes e para os adolescentes irrequietos!    <\/p>\n\n<p><strong>Anda de tren\u00f3 com uma matilha de Huskies<\/strong><\/p>\n\n<p>Um pouco menos arrepiante do que descer a montanha num tobog\u00e3, o tren\u00f3 \u00e9 uma atividade igualmente divertida (mas menos assustadora) para ser desfrutada por fam\u00edlias com crian\u00e7as mais novas.<\/p>\n\n<p>Desliza pela deslumbrante paisagem alpina com alguns amigos peludos a liderar o caminho!<\/p>\n\n<p><strong>Experimenta pratos tradicionais  <\/strong><\/p>\n\n<p>Quem \u00e9 que n\u00e3o gosta de um doce?\nUm crepe tradicional \u00e9 a garantia de uma boa refei\u00e7\u00e3o depois de um longo dia de actividades ao ar livre. <\/p>\n\n<p>Escolhe um crepe salgado de fiambre e queijo ou opta por uma sobremesa de Nutella e natas. Em Verbier, h\u00e1 excelentes creperias tradicionais.<a href=\"https:\/\/www.lemoutonverbier.com\/en\/menus\/#menu-425000\">(Le Moutin Noir<\/a> \u00e9 uma das nossas preferidas).<\/p>\n\n<p><strong>Descontrai no Spa<\/strong><\/p>\n\n<p>Alivia as pernas doridas numa banheira de hidromassagem borbulhante ou mergulha na piscina.\nH\u00e1 imensas piscinas e spas para escolheres na <a href=\"https:\/\/www.alps2alps.com\/en\/ski-transfer-destinations\/ch\/verbier\">est\u00e2ncia de esqui de Verbier<\/a> e arredores, com banheiras de hidromassagem, saunas e escorregas aqu\u00e1ticos para explorares. <\/p>\n\n<p><strong>Experimenta fazer raquetes de neve  <\/strong><\/p>\n\n<p>Andar com raquetes de neve \u00e9 uma excelente alternativa ao esqui que n\u00e3o requer experi\u00eancia pr\u00e9via.\nPercorre as montanhas com cal\u00e7ado especial que te permite enfrentar a neve com facilidade.\nObserva a vida selvagem e desfruta da relativa seguran\u00e7a e calma que este desporto proporciona.  <\/p>\n\n<p><strong>Um passeio a p\u00e9 por Verbier<\/strong><\/p>\n\n<p>H\u00e1 uma mir\u00edade de percursos pedestres \u00e0 volta de Verbier para todas as idades e capacidades.\nVistas de cortar a respira\u00e7\u00e3o, cascatas e ar fresco da montanha.\nUma excelente alternativa ativa ao esqui.  <\/p>\n\n<p><strong>Faz um passeio de helic\u00f3ptero<\/strong><\/p>\n\n<p>Para uma fant\u00e1stica vista panor\u00e2mica do vale, um passeio de helic\u00f3ptero \u00e9 uma das melhores maneiras de apreciar a paisagem alpina em toda a sua gl\u00f3ria.<\/p>\n\n<p>Podem ser organizadas viagens de 20 a 60 minutos, dependendo do que quiseres ver na tua viagem.<\/p>\n\n<p><strong>Visita uma Escape Room<\/strong><\/p>\n\n<p>As salas de fuga tornaram-se muito populares recentemente, com diferentes cen\u00e1rios para trabalhar em equipa.\nVerbier tem agora o seu pr\u00f3prio <a href=\"https:\/\/www.verbierescaperoomemporium.com\/\">emp\u00f3rio de escape rooms<\/a>.\nParticipa na a\u00e7\u00e3o, resolve alguns puzzles e (com sorte) escapa!  <\/p>\n\n<p><strong>Karting no gelo  <\/strong><\/p>\n\n<p>Esta \u00e9 uma atividade fant\u00e1stica em que qualquer pessoa se pode envolver.\nOs karts especialmente concebidos est\u00e3o prontos e \u00e0 espera de divers\u00e3o no gelo.\nCorre uns com os outros at\u00e9 \u00e0 meta para descobrires o campe\u00e3o!  <\/p>\n\n<p>Bancos ajust\u00e1veis, barras de seguran\u00e7a e controlo de velocidade fazem do karting no gelo uma excelente op\u00e7\u00e3o para toda a fam\u00edlia.<\/p>\n\n<p><strong>Viaja sem complica\u00e7\u00f5es<\/strong><\/p>\n\n<p>Viajar em fam\u00edlia pode, por vezes, ser uma tarefa \u00e1rdua.\nPara tornar a tua viagem aos Alpes o mais f\u00e1cil poss\u00edvel, um transfer do aeroporto pode ser a resposta. <\/p>\n\n<p>Existem v\u00e1rios servi\u00e7os de carrinhas que partem diretamente do aeroporto de Genebra.\nUm deles chama-se Alp2Alp e o outro \u00e9 o servi\u00e7o Alpy Bus.\nO servi\u00e7o durante os meses de inverno \u00e9 bastante regular e econ\u00f3mico.  <\/p>\n","protected":false},"excerpt":{"rendered":"<p>As f\u00e9rias em fam\u00edlia podem parecer uma \u00f3ptima ideia \u00e0 primeira vista, mas quando se trata de agradar aos mais pequenos e aos adolescentes pode ser uma tarefa dif\u00edcil! Quando&#8230;<\/p>\n","protected":false},"author":6,"featured_media":0,"comment_status":"closed","ping_status":"open","sticky":false,"template":"","format":"standard","meta":{"_acf_changed":false,"inline_featured_image":false,"footnotes":""},"categories":[1103],"tags":[],"class_list":{"0":"post-86183","1":"post","2":"type-post","3":"status-publish","4":"format-standard","6":"category-artigos"},"acf":[],"yoast_head":"<!-- This site is optimized with the Yoast SEO Premium plugin v24.2 (Yoast SEO v24.7) - https:\/\/yoast.com\/wordpress\/plugins\/seo\/ -->\n<title>O que fazer com as tuas crian\u00e7as e adolescentes durante as f\u00e9rias nos Alpes - Les Elfes International Camps Switzerland<\/title>\n<meta name=\"robots\" content=\"index, follow, max-snippet:-1, max-image-preview:large, max-video-preview:-1\" \/>\n<link rel=\"canonical\" href=\"https:\/\/www.leselfes.com\/pt-pt\/o-que-fazer-com-as-tuas-criancas-e-adolescentes-durante-as-ferias-nos-alpes\/\" \/>\n<meta property=\"og:locale\" content=\"pt_PT\" \/>\n<meta property=\"og:type\" content=\"article\" \/>\n<meta property=\"og:title\" content=\"O que fazer com as tuas crian\u00e7as e adolescentes durante as f\u00e9rias nos Alpes\" \/>\n<meta property=\"og:description\" content=\"As f\u00e9rias em fam\u00edlia podem parecer uma \u00f3ptima ideia \u00e0 primeira vista, mas quando se trata de agradar aos mais pequenos e aos adolescentes pode ser uma tarefa dif\u00edcil! Quando...\" \/>\n<meta property=\"og:url\" content=\"https:\/\/www.leselfes.com\/pt-pt\/o-que-fazer-com-as-tuas-criancas-e-adolescentes-durante-as-ferias-nos-alpes\/\" \/>\n<meta property=\"og:site_name\" content=\"Les Elfes International Camps Switzerland\" \/>\n<meta property=\"article:publisher\" content=\"https:\/\/www.facebook.com\/LesElfesVerbier\" \/>\n<meta property=\"article:published_time\" content=\"2019-03-16T11:34:15+00:00\" \/>\n<meta property=\"article:modified_time\" content=\"2024-10-02T15:45:18+00:00\" \/>\n<meta property=\"og:image\" content=\"https:\/\/www.leselfes.com\/wp-content\/uploads\/2022\/02\/Les-Elfes-International-summer-camp-Switzerland-Staff-Mobile-591x555-1.jpg\" \/>\n\t<meta property=\"og:image:width\" content=\"591\" \/>\n\t<meta property=\"og:image:height\" content=\"555\" \/>\n\t<meta property=\"og:image:type\" content=\"image\/jpeg\" \/>\n<meta name=\"author\" content=\"carlotta\" \/>\n<meta name=\"twitter:card\" content=\"summary_large_image\" \/>\n<meta name=\"twitter:creator\" content=\"@LesElfesCamps\" \/>\n<meta name=\"twitter:site\" content=\"@LesElfesCamps\" \/>\n<meta name=\"twitter:label1\" content=\"Escrito por\" \/>\n\t<meta name=\"twitter:data1\" content=\"carlotta\" \/>\n\t<meta name=\"twitter:label2\" content=\"Tempo estimado de leitura\" \/>\n\t<meta name=\"twitter:data2\" content=\"3 minutos\" \/>\n<script type=\"application\/ld+json\" class=\"yoast-schema-graph\">{\"@context\":\"https:\/\/schema.org\",\"@graph\":[{\"@type\":\"Article\",\"@id\":\"https:\/\/www.leselfes.com\/pt-pt\/o-que-fazer-com-as-tuas-criancas-e-adolescentes-durante-as-ferias-nos-alpes\/#article\",\"isPartOf\":{\"@id\":\"https:\/\/www.leselfes.com\/pt-pt\/o-que-fazer-com-as-tuas-criancas-e-adolescentes-durante-as-ferias-nos-alpes\/\"},\"author\":{\"name\":\"carlotta\",\"@id\":\"https:\/\/dev.leselfes.com\/#\/schema\/person\/9e8c1c68ef43ed5c58fa46ac5d8ee338\"},\"headline\":\"O que fazer com as tuas crian\u00e7as e adolescentes durante as f\u00e9rias nos Alpes\",\"datePublished\":\"2019-03-16T11:34:15+00:00\",\"dateModified\":\"2024-10-02T15:45:18+00:00\",\"mainEntityOfPage\":{\"@id\":\"https:\/\/www.leselfes.com\/pt-pt\/o-que-fazer-com-as-tuas-criancas-e-adolescentes-durante-as-ferias-nos-alpes\/\"},\"wordCount\":664,\"publisher\":{\"@id\":\"https:\/\/dev.leselfes.com\/#organization\"},\"articleSection\":[\"Artigos\"],\"inLanguage\":\"pt-PT\"},{\"@type\":\"WebPage\",\"@id\":\"https:\/\/www.leselfes.com\/pt-pt\/o-que-fazer-com-as-tuas-criancas-e-adolescentes-durante-as-ferias-nos-alpes\/\",\"url\":\"https:\/\/www.leselfes.com\/pt-pt\/o-que-fazer-com-as-tuas-criancas-e-adolescentes-durante-as-ferias-nos-alpes\/\",\"name\":\"O que fazer com as tuas crian\u00e7as e adolescentes durante as f\u00e9rias nos Alpes - Les Elfes International Camps Switzerland\",\"isPartOf\":{\"@id\":\"https:\/\/dev.leselfes.com\/#website\"},\"datePublished\":\"2019-03-16T11:34:15+00:00\",\"dateModified\":\"2024-10-02T15:45:18+00:00\",\"breadcrumb\":{\"@id\":\"https:\/\/www.leselfes.com\/pt-pt\/o-que-fazer-com-as-tuas-criancas-e-adolescentes-durante-as-ferias-nos-alpes\/#breadcrumb\"},\"inLanguage\":\"pt-PT\",\"potentialAction\":[{\"@type\":\"ReadAction\",\"target\":[\"https:\/\/www.leselfes.com\/pt-pt\/o-que-fazer-com-as-tuas-criancas-e-adolescentes-durante-as-ferias-nos-alpes\/\"]}]},{\"@type\":\"BreadcrumbList\",\"@id\":\"https:\/\/www.leselfes.com\/pt-pt\/o-que-fazer-com-as-tuas-criancas-e-adolescentes-durante-as-ferias-nos-alpes\/#breadcrumb\",\"itemListElement\":[{\"@type\":\"ListItem\",\"position\":1,\"name\":\"Home\",\"item\":\"https:\/\/www.leselfes.com\/pt-pt\/\"},{\"@type\":\"ListItem\",\"position\":2,\"name\":\"O que fazer com as tuas crian\u00e7as e adolescentes durante as f\u00e9rias nos Alpes\"}]},{\"@type\":\"WebSite\",\"@id\":\"https:\/\/dev.leselfes.com\/#website\",\"url\":\"https:\/\/dev.leselfes.com\/\",\"name\":\"Les Elfes International\",\"description\":\"Les Elfes International, Verbier Switzerland. Summer Camp, Winter Camp, Spring Camps.\",\"publisher\":{\"@id\":\"https:\/\/dev.leselfes.com\/#organization\"},\"alternateName\":\"Les Elfes International\",\"potentialAction\":[{\"@type\":\"SearchAction\",\"target\":{\"@type\":\"EntryPoint\",\"urlTemplate\":\"https:\/\/dev.leselfes.com\/?s={search_term_string}\"},\"query-input\":{\"@type\":\"PropertyValueSpecification\",\"valueRequired\":true,\"valueName\":\"search_term_string\"}}],\"inLanguage\":\"pt-PT\"},{\"@type\":\"Organization\",\"@id\":\"https:\/\/dev.leselfes.com\/#organization\",\"name\":\"Les Elfes International\",\"alternateName\":\"Les Elfes International\",\"url\":\"https:\/\/dev.leselfes.com\/\",\"logo\":{\"@type\":\"ImageObject\",\"inLanguage\":\"pt-PT\",\"@id\":\"https:\/\/dev.leselfes.com\/#\/schema\/logo\/image\/\",\"url\":\"https:\/\/www.leselfes.com\/wp-content\/uploads\/2022\/03\/leselfes-logo.png\",\"contentUrl\":\"https:\/\/www.leselfes.com\/wp-content\/uploads\/2022\/03\/leselfes-logo.png\",\"width\":233,\"height\":51,\"caption\":\"Les Elfes International\"},\"image\":{\"@id\":\"https:\/\/dev.leselfes.com\/#\/schema\/logo\/image\/\"},\"sameAs\":[\"https:\/\/www.facebook.com\/LesElfesVerbier\",\"https:\/\/x.com\/LesElfesCamps\",\"https:\/\/www.instagram.com\/leselfes\",\"https:\/\/www.linkedin.com\/company\/les-elfes-international\",\"https:\/\/www.youtube.com\/user\/LesElfesVerbier\"]},{\"@type\":\"Person\",\"@id\":\"https:\/\/dev.leselfes.com\/#\/schema\/person\/9e8c1c68ef43ed5c58fa46ac5d8ee338\",\"name\":\"carlotta\",\"image\":{\"@type\":\"ImageObject\",\"inLanguage\":\"pt-PT\",\"@id\":\"https:\/\/dev.leselfes.com\/#\/schema\/person\/image\/\",\"url\":\"https:\/\/secure.gravatar.com\/avatar\/fdb243a028df450397b3632d862f87f6?s=96&d=mm&r=g\",\"contentUrl\":\"https:\/\/secure.gravatar.com\/avatar\/fdb243a028df450397b3632d862f87f6?s=96&d=mm&r=g\",\"caption\":\"carlotta\"},\"description\":\"Since 1987, Les Elfes International organizes ski trips &amp; field trips for leading schools around the world as well as winter &amp; summer camps for individual students aged between 6 y.o. and 17 y.o. from more than 60 nationalities. Welcoming 5'000 children and more than 200 schools a year from December until the end of October, Les Elfes has become a leading provider in the individual and school\u2019s trip industry. Our Winter and Summer Camps, ski and field trips provide more than just great activities and experiences. We introduce lifelong skills such as communicating with others without phone or laptop and understanding the value of living in a community away from home. Moreover, campers will be able to build a strong friend network and fortify the relationship among future classmates.\",\"sameAs\":[\"https:\/\/www.linkedin.com\/company\/les-elfes-international\/\"],\"url\":\"https:\/\/www.leselfes.com\/pt-pt\/author\/carlotta\/\"}]}<\/script>\n<!-- \/ Yoast SEO Premium plugin. -->","yoast_head_json":{"title":"O que fazer com as tuas crian\u00e7as e adolescentes durante as f\u00e9rias nos Alpes - Les Elfes International Camps Switzerland","robots":{"index":"index","follow":"follow","max-snippet":"max-snippet:-1","max-image-preview":"max-image-preview:large","max-video-preview":"max-video-preview:-1"},"canonical":"https:\/\/www.leselfes.com\/pt-pt\/o-que-fazer-com-as-tuas-criancas-e-adolescentes-durante-as-ferias-nos-alpes\/","og_locale":"pt_PT","og_type":"article","og_title":"O que fazer com as tuas crian\u00e7as e adolescentes durante as f\u00e9rias nos Alpes","og_description":"As f\u00e9rias em fam\u00edlia podem parecer uma \u00f3ptima ideia \u00e0 primeira vista, mas quando se trata de agradar aos mais pequenos e aos adolescentes pode ser uma tarefa dif\u00edcil! Quando...","og_url":"https:\/\/www.leselfes.com\/pt-pt\/o-que-fazer-com-as-tuas-criancas-e-adolescentes-durante-as-ferias-nos-alpes\/","og_site_name":"Les Elfes International Camps Switzerland","article_publisher":"https:\/\/www.facebook.com\/LesElfesVerbier","article_published_time":"2019-03-16T11:34:15+00:00","article_modified_time":"2024-10-02T15:45:18+00:00","og_image":[{"width":591,"height":555,"url":"https:\/\/www.leselfes.com\/wp-content\/uploads\/2022\/02\/Les-Elfes-International-summer-camp-Switzerland-Staff-Mobile-591x555-1.jpg","type":"image\/jpeg"}],"author":"carlotta","twitter_card":"summary_large_image","twitter_creator":"@LesElfesCamps","twitter_site":"@LesElfesCamps","twitter_misc":{"Escrito por":"carlotta","Tempo estimado de leitura":"3 minutos"},"schema":{"@context":"https:\/\/schema.org","@graph":[{"@type":"Article","@id":"https:\/\/www.leselfes.com\/pt-pt\/o-que-fazer-com-as-tuas-criancas-e-adolescentes-durante-as-ferias-nos-alpes\/#article","isPartOf":{"@id":"https:\/\/www.leselfes.com\/pt-pt\/o-que-fazer-com-as-tuas-criancas-e-adolescentes-durante-as-ferias-nos-alpes\/"},"author":{"name":"carlotta","@id":"https:\/\/dev.leselfes.com\/#\/schema\/person\/9e8c1c68ef43ed5c58fa46ac5d8ee338"},"headline":"O que fazer com as tuas crian\u00e7as e adolescentes durante as f\u00e9rias nos Alpes","datePublished":"2019-03-16T11:34:15+00:00","dateModified":"2024-10-02T15:45:18+00:00","mainEntityOfPage":{"@id":"https:\/\/www.leselfes.com\/pt-pt\/o-que-fazer-com-as-tuas-criancas-e-adolescentes-durante-as-ferias-nos-alpes\/"},"wordCount":664,"publisher":{"@id":"https:\/\/dev.leselfes.com\/#organization"},"articleSection":["Artigos"],"inLanguage":"pt-PT"},{"@type":"WebPage","@id":"https:\/\/www.leselfes.com\/pt-pt\/o-que-fazer-com-as-tuas-criancas-e-adolescentes-durante-as-ferias-nos-alpes\/","url":"https:\/\/www.leselfes.com\/pt-pt\/o-que-fazer-com-as-tuas-criancas-e-adolescentes-durante-as-ferias-nos-alpes\/","name":"O que fazer com as tuas crian\u00e7as e adolescentes durante as f\u00e9rias nos Alpes - Les Elfes International Camps Switzerland","isPartOf":{"@id":"https:\/\/dev.leselfes.com\/#website"},"datePublished":"2019-03-16T11:34:15+00:00","dateModified":"2024-10-02T15:45:18+00:00","breadcrumb":{"@id":"https:\/\/www.leselfes.com\/pt-pt\/o-que-fazer-com-as-tuas-criancas-e-adolescentes-durante-as-ferias-nos-alpes\/#breadcrumb"},"inLanguage":"pt-PT","potentialAction":[{"@type":"ReadAction","target":["https:\/\/www.leselfes.com\/pt-pt\/o-que-fazer-com-as-tuas-criancas-e-adolescentes-durante-as-ferias-nos-alpes\/"]}]},{"@type":"BreadcrumbList","@id":"https:\/\/www.leselfes.com\/pt-pt\/o-que-fazer-com-as-tuas-criancas-e-adolescentes-durante-as-ferias-nos-alpes\/#breadcrumb","itemListElement":[{"@type":"ListItem","position":1,"name":"Home","item":"https:\/\/www.leselfes.com\/pt-pt\/"},{"@type":"ListItem","position":2,"name":"O que fazer com as tuas crian\u00e7as e adolescentes durante as f\u00e9rias nos Alpes"}]},{"@type":"WebSite","@id":"https:\/\/dev.leselfes.com\/#website","url":"https:\/\/dev.leselfes.com\/","name":"Les Elfes International","description":"Les Elfes International, Verbier Switzerland. Summer Camp, Winter Camp, Spring Camps.","publisher":{"@id":"https:\/\/dev.leselfes.com\/#organization"},"alternateName":"Les Elfes International","potentialAction":[{"@type":"SearchAction","target":{"@type":"EntryPoint","urlTemplate":"https:\/\/dev.leselfes.com\/?s={search_term_string}"},"query-input":{"@type":"PropertyValueSpecification","valueRequired":true,"valueName":"search_term_string"}}],"inLanguage":"pt-PT"},{"@type":"Organization","@id":"https:\/\/dev.leselfes.com\/#organization","name":"Les Elfes International","alternateName":"Les Elfes International","url":"https:\/\/dev.leselfes.com\/","logo":{"@type":"ImageObject","inLanguage":"pt-PT","@id":"https:\/\/dev.leselfes.com\/#\/schema\/logo\/image\/","url":"https:\/\/www.leselfes.com\/wp-content\/uploads\/2022\/03\/leselfes-logo.png","contentUrl":"https:\/\/www.leselfes.com\/wp-content\/uploads\/2022\/03\/leselfes-logo.png","width":233,"height":51,"caption":"Les Elfes International"},"image":{"@id":"https:\/\/dev.leselfes.com\/#\/schema\/logo\/image\/"},"sameAs":["https:\/\/www.facebook.com\/LesElfesVerbier","https:\/\/x.com\/LesElfesCamps","https:\/\/www.instagram.com\/leselfes","https:\/\/www.linkedin.com\/company\/les-elfes-international","https:\/\/www.youtube.com\/user\/LesElfesVerbier"]},{"@type":"Person","@id":"https:\/\/dev.leselfes.com\/#\/schema\/person\/9e8c1c68ef43ed5c58fa46ac5d8ee338","name":"carlotta","image":{"@type":"ImageObject","inLanguage":"pt-PT","@id":"https:\/\/dev.leselfes.com\/#\/schema\/person\/image\/","url":"https:\/\/secure.gravatar.com\/avatar\/fdb243a028df450397b3632d862f87f6?s=96&d=mm&r=g","contentUrl":"https:\/\/secure.gravatar.com\/avatar\/fdb243a028df450397b3632d862f87f6?s=96&d=mm&r=g","caption":"carlotta"},"description":"Since 1987, Les Elfes International organizes ski trips &amp; field trips for leading schools around the world as well as winter &amp; summer camps for individual students aged between 6 y.o. and 17 y.o. from more than 60 nationalities. Welcoming 5'000 children and more than 200 schools a year from December until the end of October, Les Elfes has become a leading provider in the individual and school\u2019s trip industry. Our Winter and Summer Camps, ski and field trips provide more than just great activities and experiences. We introduce lifelong skills such as communicating with others without phone or laptop and understanding the value of living in a community away from home. Moreover, campers will be able to build a strong friend network and fortify the relationship among future classmates.","sameAs":["https:\/\/www.linkedin.com\/company\/les-elfes-international\/"],"url":"https:\/\/www.leselfes.com\/pt-pt\/author\/carlotta\/"}]}},"_links":{"self":[{"href":"https:\/\/www.leselfes.com\/pt-pt\/wp-json\/wp\/v2\/posts\/86183"}],"collection":[{"href":"https:\/\/www.leselfes.com\/pt-pt\/wp-json\/wp\/v2\/posts"}],"about":[{"href":"https:\/\/www.leselfes.com\/pt-pt\/wp-json\/wp\/v2\/types\/post"}],"author":[{"embeddable":true,"href":"https:\/\/www.leselfes.com\/pt-pt\/wp-json\/wp\/v2\/users\/6"}],"replies":[{"embeddable":true,"href":"https:\/\/www.leselfes.com\/pt-pt\/wp-json\/wp\/v2\/comments?post=86183"}],"version-history":[{"count":0,"href":"https:\/\/www.leselfes.com\/pt-pt\/wp-json\/wp\/v2\/posts\/86183\/revisions"}],"wp:attachment":[{"href":"https:\/\/www.leselfes.com\/pt-pt\/wp-json\/wp\/v2\/media?parent=86183"}],"wp:term":[{"taxonomy":"category","embeddable":true,"href":"https:\/\/www.leselfes.com\/pt-pt\/wp-json\/wp\/v2\/categories?post=86183"},{"taxonomy":"post_tag","embeddable":true,"href":"https:\/\/www.leselfes.com\/pt-pt\/wp-json\/wp\/v2\/tags?post=86183"}],"curies":[{"name":"wp","href":"https:\/\/api.w.org\/{rel}","templated":true}]}}