{"id":86195,"date":"2016-10-20T10:48:38","date_gmt":"2016-10-20T08:48:38","guid":{"rendered":"https:\/\/www.leselfes.com\/eventos-especiais-e-celebracoes-de-inverno\/"},"modified":"2024-10-02T17:45:30","modified_gmt":"2024-10-02T15:45:30","slug":"eventos-especiais-e-celebracoes-de-inverno","status":"publish","type":"post","link":"https:\/\/www.leselfes.com\/pt-pt\/eventos-especiais-e-celebracoes-de-inverno\/","title":{"rendered":"Eventos especiais e celebra\u00e7\u00f5es de inverno"},"content":{"rendered":"<p><span style=\"color: #457fc1; font-family: Helvetica, Arial, sans-serif; font-size: 24px;\">Caros,<\/span> escrevo-vos com boas not\u00edcias, h\u00e1 muito para celebrar nos pr\u00f3ximos meses, por isso, continua a ler.  <\/p>\n<table style=\"height: 36px;\" border=\"0\" width=\"5\" cellspacing=\"0\" cellpadding=\"0\">\n<tbody>\n<tr>\n<td style=\"font-family: Helvetica, Arial, sans-serif; font-size: 15px; line-height: 22px; color: #333333; text-align: left; padding-top: 4px; width: 5%;\"><\/td>\n<td style=\"font-family: Helvetica, Arial, sans-serif; font-size: 24px; line-height: 28px; color: #457fc1; text-align: left; padding-right: 20px; width: 55%;\"><\/td>\n<td style=\"font-family: Helvetica, Arial, sans-serif; font-size: 15px; line-height: 22px; color: #333333; text-align: left; width: 35%;\"><\/td>\n<td style=\"font-family: Helvetica, Arial, sans-serif; font-size: 15px; line-height: 22px; color: #333333; text-align: left; padding-top: 4px; width: 5%;\"><\/td>\n<\/tr>\n<\/tbody>\n<\/table>\n<p><a style=\"text-decoration: none;\" href=\"https:\/\/www.leselfes.com\/pt-pt\/acampamento-de-inverno\/\" target=\"_blank\" rel=\"noopener noreferrer\"><span style=\"color: #457fc1; font-size: 24px;\">Primeira queda de neve&#8230;<\/span><\/a><\/p>\n<p style=\"font-family: Helvetica, Arial, sans-serif; font-size: 15px; line-height: 22px; color: #333333;\"><span style=\"font-family: Helvetica, Arial, sans-serif; font-size: 15px; line-height: 22px; color: #333333;\">Para muitos nesta pequena est\u00e2ncia alpina, o in\u00edcio da \u00e9poca de inverno \u00e9 certamente a parte mais excitante do ano, Les Elfes Verbier n\u00e3o \u00e9 exce\u00e7\u00e3o.<br \/>\n\u00c0 medida que as mem\u00f3rias de um ver\u00e3o e de um outono brilhantes se desvanecem, olhamos para a frente com grande expetativa, o frio do inverno come\u00e7a a instalar-se, as montanhas s\u00e3o frescas e o ar \u00e9 fresco, mal se consegue acreditar na rapidez com que estas esta\u00e7\u00f5es geladas chegam.<br \/>\nA paisagem muda a sua tonalidade de verde para laranja e, em breve, a primeira queda de neve vai polvilhar os picos por todo o lado.    <\/span><\/p>\n<p><span style=\"font-family: Helvetica, Arial, sans-serif; font-size: 24px; line-height: 28px; color: #457fc1; text-align: left; width: 100%;\">  O inverno est\u00e1 a chegar<\/span><\/p>\n<p><span style=\"font-family: Helvetica, Arial, sans-serif; font-size: 15px; line-height: 22px; color: #333333;\">Este inverno, as nossas sess\u00f5es come\u00e7am a 3 de dezembro e os alunos podem escolher entre sess\u00f5es de uma ou duas semanas. Os pormenores est\u00e3o no nosso s\u00edtio Web.<br \/>\nA semana de Natal \u00e9 algo verdadeiramente especial no acampamento, com a comunidade internacional que temos a envolver-se na atmosfera positiva.<br \/>\nQuer celebres o Natal ou n\u00e3o, esquiar e fazer snowboard nos mais de 300 km de pistas no Vale 4, ou fazer excurs\u00f5es ao Mercado de Natal de Montreux, h\u00e1 muita divers\u00e3o para se ter.  <\/span><\/p>\n<p><span style=\"color: #457fc1; font-size: 24px;\">Sess\u00f5es especiais de Ano Novo  <\/span><span style=\"font-family: Helvetica, Arial, sans-serif; font-size: 15px; line-height: 22px; color: #333333;\">O Ano Novo \u00e9 igualmente divertido, a est\u00e2ncia est\u00e1 ocupada e movimentada com turistas de todo o mundo e, claro, com os obrigat\u00f3rios espect\u00e1culos de fogo de artif\u00edcio!<br \/>\nVerbier tem um ambiente cosmopolita que \u00e9 \u00fanico e que se reflecte no esp\u00edrito festivo de Les Elfes. <\/span><\/p>\n<p><span style=\"color: #457fc1; font-size: 24px;\">Atmosfera internacional  <\/span> <span style=\"font-family: Helvetica, Arial, sans-serif; font-size: 15px; line-height: 22px; color: #333333;\">\u00c9 a atmosfera internacional de Les Elfes que torna o acampamento um lugar t\u00e3o especial.<br \/>\n\u00c9 uma experi\u00eancia realmente significativa para os jovens viajarem para longe de casa e passarem tempo com novos amigos de todo o mundo.<br \/>\nOs nossos alunos v\u00eam at\u00e9 n\u00f3s com a esperan\u00e7a de melhorar as suas l\u00ednguas, aprender novas compet\u00eancias de esqui ou snowboard, mas s\u00e3o as amizades que levam para casa que moldam verdadeiramente o tempo que passam connosco.<br \/>\nOs nossos cursos de l\u00ednguas, <a href=\"https:\/\/www.leselfes.com\/pt-pt\/acampamento-de-inverno\/\">programas de esqui e snowboard<\/a> e at\u00e9 as nossas actividades nocturnas apoiam o nosso modelo de acampamento de integra\u00e7\u00e3o para todas as idades e etnias, permitindo que os nossos alunos beneficiem de uma mistura de variedade cultural e criem la\u00e7os que durar\u00e3o toda a vida.     <\/span><\/p>\n","protected":false},"excerpt":{"rendered":"<p>Caros, escrevo-vos com boas not\u00edcias, h\u00e1 muito para celebrar nos pr\u00f3ximos meses, por isso, continua a ler. Primeira queda de neve&#8230; Para muitos nesta pequena est\u00e2ncia alpina, o in\u00edcio da&#8230;<\/p>\n","protected":false},"author":1,"featured_media":0,"comment_status":"closed","ping_status":"open","sticky":false,"template":"","format":"standard","meta":{"_acf_changed":false,"inline_featured_image":false,"footnotes":""},"categories":[1107,1111],"tags":[],"class_list":{"0":"post-86195","1":"post","2":"type-post","3":"status-publish","4":"format-standard","6":"category-acampamento-de-inverno","7":"category-noticias"},"acf":[],"yoast_head":"<!-- This site is optimized with the Yoast SEO Premium plugin v24.2 (Yoast SEO v24.7) - https:\/\/yoast.com\/wordpress\/plugins\/seo\/ -->\n<title>Eventos especiais e celebra\u00e7\u00f5es de inverno - Les Elfes International Camps Switzerland<\/title>\n<meta name=\"robots\" content=\"index, follow, max-snippet:-1, max-image-preview:large, max-video-preview:-1\" \/>\n<link rel=\"canonical\" href=\"https:\/\/www.leselfes.com\/pt-pt\/eventos-especiais-e-celebracoes-de-inverno\/\" \/>\n<meta property=\"og:locale\" content=\"pt_PT\" \/>\n<meta property=\"og:type\" content=\"article\" \/>\n<meta property=\"og:title\" content=\"Eventos especiais e celebra\u00e7\u00f5es de inverno\" \/>\n<meta property=\"og:description\" content=\"Caros, escrevo-vos com boas not\u00edcias, h\u00e1 muito para celebrar nos pr\u00f3ximos meses, por isso, continua a ler. Primeira queda de neve&#8230; Para muitos nesta pequena est\u00e2ncia alpina, o in\u00edcio da...\" \/>\n<meta property=\"og:url\" content=\"https:\/\/www.leselfes.com\/pt-pt\/eventos-especiais-e-celebracoes-de-inverno\/\" \/>\n<meta property=\"og:site_name\" content=\"Les Elfes International Camps Switzerland\" \/>\n<meta property=\"article:publisher\" content=\"https:\/\/www.facebook.com\/LesElfesVerbier\" \/>\n<meta property=\"article:published_time\" content=\"2016-10-20T08:48:38+00:00\" \/>\n<meta property=\"article:modified_time\" content=\"2024-10-02T15:45:30+00:00\" \/>\n<meta property=\"og:image\" content=\"https:\/\/www.leselfes.com\/wp-content\/uploads\/2022\/02\/Les-Elfes-International-summer-camp-Switzerland-Staff-Mobile-591x555-1.jpg\" \/>\n\t<meta property=\"og:image:width\" content=\"591\" \/>\n\t<meta property=\"og:image:height\" content=\"555\" \/>\n\t<meta property=\"og:image:type\" content=\"image\/jpeg\" \/>\n<meta name=\"author\" content=\"lesadmin\" \/>\n<meta name=\"twitter:card\" content=\"summary_large_image\" \/>\n<meta name=\"twitter:creator\" content=\"@LesElfesCamps\" \/>\n<meta name=\"twitter:site\" content=\"@LesElfesCamps\" \/>\n<meta name=\"twitter:label1\" content=\"Escrito por\" \/>\n\t<meta name=\"twitter:data1\" content=\"lesadmin\" \/>\n\t<meta name=\"twitter:label2\" content=\"Tempo estimado de leitura\" \/>\n\t<meta name=\"twitter:data2\" content=\"2 minutos\" \/>\n<script type=\"application\/ld+json\" class=\"yoast-schema-graph\">{\"@context\":\"https:\/\/schema.org\",\"@graph\":[{\"@type\":\"Article\",\"@id\":\"https:\/\/www.leselfes.com\/pt-pt\/eventos-especiais-e-celebracoes-de-inverno\/#article\",\"isPartOf\":{\"@id\":\"https:\/\/www.leselfes.com\/pt-pt\/eventos-especiais-e-celebracoes-de-inverno\/\"},\"author\":{\"name\":\"lesadmin\",\"@id\":\"https:\/\/dev.leselfes.com\/#\/schema\/person\/407a229698868b8c603874b19f37f289\"},\"headline\":\"Eventos especiais e celebra\u00e7\u00f5es de inverno\",\"datePublished\":\"2016-10-20T08:48:38+00:00\",\"dateModified\":\"2024-10-02T15:45:30+00:00\",\"mainEntityOfPage\":{\"@id\":\"https:\/\/www.leselfes.com\/pt-pt\/eventos-especiais-e-celebracoes-de-inverno\/\"},\"wordCount\":423,\"publisher\":{\"@id\":\"https:\/\/dev.leselfes.com\/#organization\"},\"articleSection\":[\"Acampamento de inverno\",\"Not\u00edcias\"],\"inLanguage\":\"pt-PT\"},{\"@type\":\"WebPage\",\"@id\":\"https:\/\/www.leselfes.com\/pt-pt\/eventos-especiais-e-celebracoes-de-inverno\/\",\"url\":\"https:\/\/www.leselfes.com\/pt-pt\/eventos-especiais-e-celebracoes-de-inverno\/\",\"name\":\"Eventos especiais e celebra\u00e7\u00f5es de inverno - Les Elfes International Camps Switzerland\",\"isPartOf\":{\"@id\":\"https:\/\/dev.leselfes.com\/#website\"},\"datePublished\":\"2016-10-20T08:48:38+00:00\",\"dateModified\":\"2024-10-02T15:45:30+00:00\",\"breadcrumb\":{\"@id\":\"https:\/\/www.leselfes.com\/pt-pt\/eventos-especiais-e-celebracoes-de-inverno\/#breadcrumb\"},\"inLanguage\":\"pt-PT\",\"potentialAction\":[{\"@type\":\"ReadAction\",\"target\":[\"https:\/\/www.leselfes.com\/pt-pt\/eventos-especiais-e-celebracoes-de-inverno\/\"]}]},{\"@type\":\"BreadcrumbList\",\"@id\":\"https:\/\/www.leselfes.com\/pt-pt\/eventos-especiais-e-celebracoes-de-inverno\/#breadcrumb\",\"itemListElement\":[{\"@type\":\"ListItem\",\"position\":1,\"name\":\"Home\",\"item\":\"https:\/\/www.leselfes.com\/pt-pt\/\"},{\"@type\":\"ListItem\",\"position\":2,\"name\":\"Eventos especiais e celebra\u00e7\u00f5es de inverno\"}]},{\"@type\":\"WebSite\",\"@id\":\"https:\/\/dev.leselfes.com\/#website\",\"url\":\"https:\/\/dev.leselfes.com\/\",\"name\":\"Les Elfes International\",\"description\":\"Les Elfes International, Verbier Switzerland. Summer Camp, Winter Camp, Spring Camps.\",\"publisher\":{\"@id\":\"https:\/\/dev.leselfes.com\/#organization\"},\"alternateName\":\"Les Elfes International\",\"potentialAction\":[{\"@type\":\"SearchAction\",\"target\":{\"@type\":\"EntryPoint\",\"urlTemplate\":\"https:\/\/dev.leselfes.com\/?s={search_term_string}\"},\"query-input\":{\"@type\":\"PropertyValueSpecification\",\"valueRequired\":true,\"valueName\":\"search_term_string\"}}],\"inLanguage\":\"pt-PT\"},{\"@type\":\"Organization\",\"@id\":\"https:\/\/dev.leselfes.com\/#organization\",\"name\":\"Les Elfes International\",\"alternateName\":\"Les Elfes International\",\"url\":\"https:\/\/dev.leselfes.com\/\",\"logo\":{\"@type\":\"ImageObject\",\"inLanguage\":\"pt-PT\",\"@id\":\"https:\/\/dev.leselfes.com\/#\/schema\/logo\/image\/\",\"url\":\"https:\/\/www.leselfes.com\/wp-content\/uploads\/2022\/03\/leselfes-logo.png\",\"contentUrl\":\"https:\/\/www.leselfes.com\/wp-content\/uploads\/2022\/03\/leselfes-logo.png\",\"width\":233,\"height\":51,\"caption\":\"Les Elfes International\"},\"image\":{\"@id\":\"https:\/\/dev.leselfes.com\/#\/schema\/logo\/image\/\"},\"sameAs\":[\"https:\/\/www.facebook.com\/LesElfesVerbier\",\"https:\/\/x.com\/LesElfesCamps\",\"https:\/\/www.instagram.com\/leselfes\",\"https:\/\/www.linkedin.com\/company\/les-elfes-international\",\"https:\/\/www.youtube.com\/user\/LesElfesVerbier\"]},{\"@type\":\"Person\",\"@id\":\"https:\/\/dev.leselfes.com\/#\/schema\/person\/407a229698868b8c603874b19f37f289\",\"name\":\"lesadmin\",\"image\":{\"@type\":\"ImageObject\",\"inLanguage\":\"pt-PT\",\"@id\":\"https:\/\/dev.leselfes.com\/#\/schema\/person\/image\/\",\"url\":\"https:\/\/secure.gravatar.com\/avatar\/fdb243a028df450397b3632d862f87f6?s=96&d=mm&r=g\",\"contentUrl\":\"https:\/\/secure.gravatar.com\/avatar\/fdb243a028df450397b3632d862f87f6?s=96&d=mm&r=g\",\"caption\":\"lesadmin\"},\"url\":\"https:\/\/www.leselfes.com\/pt-pt\/author\/lesadmin\/\"}]}<\/script>\n<!-- \/ Yoast SEO Premium plugin. -->","yoast_head_json":{"title":"Eventos especiais e celebra\u00e7\u00f5es de inverno - Les Elfes International Camps Switzerland","robots":{"index":"index","follow":"follow","max-snippet":"max-snippet:-1","max-image-preview":"max-image-preview:large","max-video-preview":"max-video-preview:-1"},"canonical":"https:\/\/www.leselfes.com\/pt-pt\/eventos-especiais-e-celebracoes-de-inverno\/","og_locale":"pt_PT","og_type":"article","og_title":"Eventos especiais e celebra\u00e7\u00f5es de inverno","og_description":"Caros, escrevo-vos com boas not\u00edcias, h\u00e1 muito para celebrar nos pr\u00f3ximos meses, por isso, continua a ler. Primeira queda de neve&#8230; Para muitos nesta pequena est\u00e2ncia alpina, o in\u00edcio da...","og_url":"https:\/\/www.leselfes.com\/pt-pt\/eventos-especiais-e-celebracoes-de-inverno\/","og_site_name":"Les Elfes International Camps Switzerland","article_publisher":"https:\/\/www.facebook.com\/LesElfesVerbier","article_published_time":"2016-10-20T08:48:38+00:00","article_modified_time":"2024-10-02T15:45:30+00:00","og_image":[{"width":591,"height":555,"url":"https:\/\/www.leselfes.com\/wp-content\/uploads\/2022\/02\/Les-Elfes-International-summer-camp-Switzerland-Staff-Mobile-591x555-1.jpg","type":"image\/jpeg"}],"author":"lesadmin","twitter_card":"summary_large_image","twitter_creator":"@LesElfesCamps","twitter_site":"@LesElfesCamps","twitter_misc":{"Escrito por":"lesadmin","Tempo estimado de leitura":"2 minutos"},"schema":{"@context":"https:\/\/schema.org","@graph":[{"@type":"Article","@id":"https:\/\/www.leselfes.com\/pt-pt\/eventos-especiais-e-celebracoes-de-inverno\/#article","isPartOf":{"@id":"https:\/\/www.leselfes.com\/pt-pt\/eventos-especiais-e-celebracoes-de-inverno\/"},"author":{"name":"lesadmin","@id":"https:\/\/dev.leselfes.com\/#\/schema\/person\/407a229698868b8c603874b19f37f289"},"headline":"Eventos especiais e celebra\u00e7\u00f5es de inverno","datePublished":"2016-10-20T08:48:38+00:00","dateModified":"2024-10-02T15:45:30+00:00","mainEntityOfPage":{"@id":"https:\/\/www.leselfes.com\/pt-pt\/eventos-especiais-e-celebracoes-de-inverno\/"},"wordCount":423,"publisher":{"@id":"https:\/\/dev.leselfes.com\/#organization"},"articleSection":["Acampamento de inverno","Not\u00edcias"],"inLanguage":"pt-PT"},{"@type":"WebPage","@id":"https:\/\/www.leselfes.com\/pt-pt\/eventos-especiais-e-celebracoes-de-inverno\/","url":"https:\/\/www.leselfes.com\/pt-pt\/eventos-especiais-e-celebracoes-de-inverno\/","name":"Eventos especiais e celebra\u00e7\u00f5es de inverno - Les Elfes International Camps Switzerland","isPartOf":{"@id":"https:\/\/dev.leselfes.com\/#website"},"datePublished":"2016-10-20T08:48:38+00:00","dateModified":"2024-10-02T15:45:30+00:00","breadcrumb":{"@id":"https:\/\/www.leselfes.com\/pt-pt\/eventos-especiais-e-celebracoes-de-inverno\/#breadcrumb"},"inLanguage":"pt-PT","potentialAction":[{"@type":"ReadAction","target":["https:\/\/www.leselfes.com\/pt-pt\/eventos-especiais-e-celebracoes-de-inverno\/"]}]},{"@type":"BreadcrumbList","@id":"https:\/\/www.leselfes.com\/pt-pt\/eventos-especiais-e-celebracoes-de-inverno\/#breadcrumb","itemListElement":[{"@type":"ListItem","position":1,"name":"Home","item":"https:\/\/www.leselfes.com\/pt-pt\/"},{"@type":"ListItem","position":2,"name":"Eventos especiais e celebra\u00e7\u00f5es de inverno"}]},{"@type":"WebSite","@id":"https:\/\/dev.leselfes.com\/#website","url":"https:\/\/dev.leselfes.com\/","name":"Les Elfes International","description":"Les Elfes International, Verbier Switzerland. Summer Camp, Winter Camp, Spring Camps.","publisher":{"@id":"https:\/\/dev.leselfes.com\/#organization"},"alternateName":"Les Elfes International","potentialAction":[{"@type":"SearchAction","target":{"@type":"EntryPoint","urlTemplate":"https:\/\/dev.leselfes.com\/?s={search_term_string}"},"query-input":{"@type":"PropertyValueSpecification","valueRequired":true,"valueName":"search_term_string"}}],"inLanguage":"pt-PT"},{"@type":"Organization","@id":"https:\/\/dev.leselfes.com\/#organization","name":"Les Elfes International","alternateName":"Les Elfes International","url":"https:\/\/dev.leselfes.com\/","logo":{"@type":"ImageObject","inLanguage":"pt-PT","@id":"https:\/\/dev.leselfes.com\/#\/schema\/logo\/image\/","url":"https:\/\/www.leselfes.com\/wp-content\/uploads\/2022\/03\/leselfes-logo.png","contentUrl":"https:\/\/www.leselfes.com\/wp-content\/uploads\/2022\/03\/leselfes-logo.png","width":233,"height":51,"caption":"Les Elfes International"},"image":{"@id":"https:\/\/dev.leselfes.com\/#\/schema\/logo\/image\/"},"sameAs":["https:\/\/www.facebook.com\/LesElfesVerbier","https:\/\/x.com\/LesElfesCamps","https:\/\/www.instagram.com\/leselfes","https:\/\/www.linkedin.com\/company\/les-elfes-international","https:\/\/www.youtube.com\/user\/LesElfesVerbier"]},{"@type":"Person","@id":"https:\/\/dev.leselfes.com\/#\/schema\/person\/407a229698868b8c603874b19f37f289","name":"lesadmin","image":{"@type":"ImageObject","inLanguage":"pt-PT","@id":"https:\/\/dev.leselfes.com\/#\/schema\/person\/image\/","url":"https:\/\/secure.gravatar.com\/avatar\/fdb243a028df450397b3632d862f87f6?s=96&d=mm&r=g","contentUrl":"https:\/\/secure.gravatar.com\/avatar\/fdb243a028df450397b3632d862f87f6?s=96&d=mm&r=g","caption":"lesadmin"},"url":"https:\/\/www.leselfes.com\/pt-pt\/author\/lesadmin\/"}]}},"_links":{"self":[{"href":"https:\/\/www.leselfes.com\/pt-pt\/wp-json\/wp\/v2\/posts\/86195"}],"collection":[{"href":"https:\/\/www.leselfes.com\/pt-pt\/wp-json\/wp\/v2\/posts"}],"about":[{"href":"https:\/\/www.leselfes.com\/pt-pt\/wp-json\/wp\/v2\/types\/post"}],"author":[{"embeddable":true,"href":"https:\/\/www.leselfes.com\/pt-pt\/wp-json\/wp\/v2\/users\/1"}],"replies":[{"embeddable":true,"href":"https:\/\/www.leselfes.com\/pt-pt\/wp-json\/wp\/v2\/comments?post=86195"}],"version-history":[{"count":0,"href":"https:\/\/www.leselfes.com\/pt-pt\/wp-json\/wp\/v2\/posts\/86195\/revisions"}],"wp:attachment":[{"href":"https:\/\/www.leselfes.com\/pt-pt\/wp-json\/wp\/v2\/media?parent=86195"}],"wp:term":[{"taxonomy":"category","embeddable":true,"href":"https:\/\/www.leselfes.com\/pt-pt\/wp-json\/wp\/v2\/categories?post=86195"},{"taxonomy":"post_tag","embeddable":true,"href":"https:\/\/www.leselfes.com\/pt-pt\/wp-json\/wp\/v2\/tags?post=86195"}],"curies":[{"name":"wp","href":"https:\/\/api.w.org\/{rel}","templated":true}]}}