{"id":86206,"date":"2015-05-08T18:11:49","date_gmt":"2015-05-08T16:11:49","guid":{"rendered":"https:\/\/www.leselfes.com\/a-meio-da-viagem-de-voluntariado-de-les-elfes-no-nepal\/"},"modified":"2024-10-02T17:45:49","modified_gmt":"2024-10-02T15:45:49","slug":"a-meio-da-viagem-de-voluntariado-de-les-elfes-no-nepal","status":"publish","type":"post","link":"https:\/\/www.leselfes.com\/pt-pt\/a-meio-da-viagem-de-voluntariado-de-les-elfes-no-nepal\/","title":{"rendered":"A meio da viagem de voluntariado de Les Elfes no Nepal"},"content":{"rendered":"<h3><span style=\"color: #f68549;\">Viagem de voluntariado da Les Elfes \u00e0 Associa\u00e7\u00e3o Annapurna Nepal com Emma Cros e Andrew Robarts<\/span><\/h3>\n<h5>Chegada a Kathmandu<\/h5>\n<p>  A nossa viagem ao Nepal come\u00e7ou no dia 21 de abril de 2015, quando partimos do aeroporto de Genebra e vo\u00e1mos para Katmandu via Istambul.<br \/>\nPass\u00e1mos os primeiros dois dias da nossa viagem em Katmandu, o que nos deu a oportunidade de tratar de v\u00e1rias coisas, como telem\u00f3veis, bilhetes de autocarro, roupa, etc.<br \/>\nTamb\u00e9m nos deu a oportunidade de explorar a capital e visitar alguns dos locais de renome mundial da cidade, como a Durbar Square e Swayambhunath (o Templo do Macaco).    <\/p>\n<h5>Viagem a Pokhara<\/h5>\n<p>  O dia 24 de abril come\u00e7ou cedo, com uma viagem de autocarro de 8 horas de Katmandu at\u00e9 \u00e0 cidade de Pokhara, onde se situa a Association Annapurna Nepal (AAN).<br \/>\nQuando cheg\u00e1mos a Pokhara, fomos recebidos por Milan, que \u00e9 o &#8220;pai do hostel&#8221; e \u00e9 respons\u00e1vel pelos acontecimentos do dia a dia da AAN.<br \/>\nConduziu-nos ao Hotel Elia, em Lakeside, Pokhara, que seria a nossa casa durante as pr\u00f3ximas 3 semanas.<br \/>\nPass\u00e1mos o resto do dia a desfazer as malas e a encontrar os nossos p\u00e9s enquanto explor\u00e1vamos as ruas \u00e0 volta da nossa nova casa.     <\/p>\n<h5>Acolhimento caloroso das crian\u00e7as<\/h5>\n<p>  Encontr\u00e1mo-nos com Milan \u00e0 porta do nosso hotel na manh\u00e3 seguinte e fomos com ele at\u00e9 \u00e0 casa da Associa\u00e7\u00e3o, uma caminhada que demorou cerca de 20 minutos.<br \/>\n\u00c0 nossa chegada, fomos recebidos calorosamente pelas crian\u00e7as da AAN, que estavam todas em casa, uma vez que n\u00e3o h\u00e1 escola para elas ao s\u00e1bado.<br \/>\nFomos apresentados \u00e0s crian\u00e7as individualmente e pass\u00e1mos algum tempo a saber mais sobre cada uma delas.<br \/>\nDepois disso, mostraram-nos a casa e explicaram-nos as tarefas di\u00e1rias, que consistem em varrer, limpar, ir buscar \u00e1gua e lavar a loi\u00e7a, para citar apenas algumas.     <\/p>\n<h5><span style=\"color: #f68549;\">O tr\u00e1gico terramoto<\/span><\/h5>\n<p>  Depois de terminadas as tarefas, entr\u00e1mos num jogo competitivo de esconde-esconde com as crian\u00e7as, mas este foi interrompido, muito subitamente, quando fomos atingidos pelo tr\u00e1gico terramoto que causou tantos danos ao pa\u00eds e \u00e0 sua popula\u00e7\u00e3o.<br \/>\nCorremos todos para fora e encontr\u00e1mos um lugar seguro na rua, onde fic\u00e1mos todos juntos enquanto o sismo de 7,9 continuava a abanar a terra \u00e0 nossa volta durante mais de um minuto.<br \/>\nFelizmente, n\u00e3o houve danos materiais e, mais importante ainda, nenhuma das crian\u00e7as ficou ferida pelo desastre natural.<br \/>\nFomos aconselhados a n\u00e3o ficar dentro de casa, uma vez que as r\u00e9plicas continuavam a percorrer o pa\u00eds, por isso pass\u00e1mos o resto do dia a trabalhar na horta, o que nos permitiu esquecer os acontecimentos que tinham acabado de ocorrer.     [one_half]\n<h5>A escola est\u00e1 fechada&#8230;<br \/>\n\u00c9 altura de jogos emocionantes&#8230; <\/h5>\n<p>  O Governo suspendeu as aulas para a semana seguinte, pois precisava de tempo para inspecionar os edif\u00edcios escolares e prestar ajuda \u00e0s pessoas afectadas pelo terramoto.<br \/>\nIsto significava que as crian\u00e7as estariam em casa durante a semana, por isso, cri\u00e1mos uma s\u00e9rie de actividades diferentes para manter as crian\u00e7as activas e entretidas durante esse tempo.<br \/>\nDemos a conhecer \u00e0s crian\u00e7as alguns dos jogos cl\u00e1ssicos de Les Elfes, tais como: segura o papel, cadeiras musicais, rebenta bal\u00f5es, caneta na garrafa e passa a laranja.<br \/>\nPara tornar estes jogos um pouco mais emocionantes, dividimos as crian\u00e7as em equipas e realiz\u00e1mos uma entrega de pr\u00e9mios no final de cada dia, na qual atribu\u00edmos doces e chocolates, como pr\u00e9mios, \u00e0s equipas vencedoras.     <\/p>\n<h5>Aprende<\/h5>\n<p>  Tamb\u00e9m organiz\u00e1mos algumas aulas diferentes, onde pudemos ensinar e discutir v\u00e1rios assuntos com as crian\u00e7as.<br \/>\nUma dessas aulas foi sobre terramotos.<br \/>\nEnsin\u00e1mos \u00e0s crian\u00e7as como e porqu\u00ea ocorrem os sismos e tamb\u00e9m lhes demos uma plataforma para partilharem os seus pensamentos sobre toda a situa\u00e7\u00e3o e como se sentiram durante o sismo.<br \/>\nOutra aula centrou-se nos neg\u00f3cios e no empreendedorismo.<br \/>\nDepois de darmos \u00e0s crian\u00e7as alguma teoria sobre neg\u00f3cios, dividimo-las em equipas e desafi\u00e1mo-las a apresentar uma nova ideia de neg\u00f3cio que pudessem gerir eficazmente no Nepal.<br \/>\nAs ideias eram muito impressionantes e ambas as equipas se destacaram nas suas apresenta\u00e7\u00f5es, mas, no final do dia, apenas uma equipa podia ser a vencedora, tendo-lhe sido atribu\u00eddos alguns pr\u00e9mios bem merecidos.       <\/p>\n<h5>Actividades ao ar livre<\/h5>\n<p>  Uma grande parte da semana foi passada ao ar livre com as crian\u00e7as, pois as condi\u00e7\u00f5es climat\u00e9ricas foram gloriosas.<br \/>\nPass\u00e1mos algum tempo a arrumar e a plantar algumas culturas novas na horta, bem como a apanhar folhas na floresta que s\u00e3o usadas para fazer composto para a horta.<br \/>\nAlgumas das tardes foram passadas a ensinar as crian\u00e7as mais novas a andar de bicicleta, enquanto a maioria das crian\u00e7as mais velhas nos mostrou que j\u00e1 dominava a arte de andar de bicicleta.<br \/>\nUm dos pontos altos da semana foi um dia que pass\u00e1mos a fazer trekking numa das muitas colinas que rodeiam Pokhara.<br \/>\nNo caminho para o topo, depar\u00e1mo-nos com uma quinta de bichos-da-seda, onde pass\u00e1mos algum tempo a estudar os processos utilizados para produzir seda.<br \/>\nQuando cheg\u00e1mos ao cume, pass\u00e1mos algum tempo a jogar jogos e, depois disso, come\u00e7\u00e1mos a dar asas \u00e0 arte, espalhando-nos e pintando a bela paisagem que nos rodeava.<br \/>\nO dia terminou com um fant\u00e1stico piquenique que foi apreciado por todos antes de darmos um passeio relaxante pela colina at\u00e9 ao lar das crian\u00e7as.        [\/one_half] [one_half last=&#8221;last&#8221;]\n[\/one_half]\n<h5>A escola est\u00e1 aberta<\/h5>\n<p>  A escola come\u00e7ou no dia 5 de maio; cheg\u00e1mos ao lar de manh\u00e3 cedo para ajudar as crian\u00e7as a prepararem-se para o dia.<br \/>\nMas n\u00e3o foi necess\u00e1ria muita ajuda, pois as crian\u00e7as estavam ansiosas por ir para a escola e partilhar com os amigos as hist\u00f3rias do terramoto e da sua semana de f\u00e9rias.<br \/>\nEstavam todas bem arrumadas nos seus uniformes, com os livros prontos e as malas feitas, s\u00f3 faltava acabarem o pequeno-almo\u00e7o e apanharem o autocarro para a escola.<br \/>\nDepois de eles terem sa\u00eddo, arrum\u00e1mos a casa e volt\u00e1mos para a margem do lago para descansar e desfrutar de algum tempo livre \u00e0 volta do lago.<br \/>\nVolt\u00e1mos ao fim da tarde para ouvir as hist\u00f3rias das crian\u00e7as sobre o seu dia na escola e pass\u00e1mos a maior parte da noite a ajud\u00e1-las com os trabalhos de casa.<br \/>\nDepois de terminarem os trabalhos de casa, sent\u00e1mo-nos em frente \u00e0 televis\u00e3o durante algum tempo antes de saborearmos Dal Bhat, uma deliciosa refei\u00e7\u00e3o tradicional nepalesa.<br \/>\nDepois desej\u00e1mos uma boa noite \u00e0s crian\u00e7as e volt\u00e1mos de bicicleta para o hotel para uma boa noite de descanso.<br \/>\nO resto da semana escolar seguiu um padr\u00e3o semelhante, embora tamb\u00e9m tenhamos passado algum tempo a trabalhar com Milan e o seu irm\u00e3o Dhan em v\u00e1rias quest\u00f5es relacionadas com o terramoto.<br \/>\nTinham decidido que gostariam que a AAN ajudasse no esfor\u00e7o de socorro do terramoto e prestasse apoio \u00e0s pessoas que viviam nas \u00e1reas devastadas pelo terramoto.<br \/>\nPass\u00e1mos algum tempo a colaborar em algumas mensagens de correio eletr\u00f3nico que poderiam ser utilizadas para aumentar a sensibiliza\u00e7\u00e3o para o esfor\u00e7o de ajuda e fornecer \u00e0s pessoas informa\u00e7\u00f5es sobre como podem contribuir para o esfor\u00e7o atrav\u00e9s de donativos.           [one_half]\n<h5>A meio da viagem<\/h5>\n<p>  Cheg\u00e1mos agora a meio da nossa estadia no Nepal e j\u00e1 tir\u00e1mos muito proveito desta experi\u00eancia fant\u00e1stica.<br \/>\nO Nepal \u00e9 um pa\u00eds incr\u00edvel que tem muito para oferecer em muitos aspectos.<br \/>\nO pa\u00eds assenta numa cultura t\u00e3o envolvente que \u00e9 quase esmagadora, e as pessoas s\u00e3o das mais simp\u00e1ticas do mundo.<br \/>\nEstamos ansiosos por aproveitar ao m\u00e1ximo o pouco tempo que nos resta no Nepal e partilh\u00e1-lo com as fant\u00e1sticas crian\u00e7as que s\u00e3o o cora\u00e7\u00e3o e a alma da Associa\u00e7\u00e3o Annapurna Nepal.     <\/p>\n<h5>Informa\u00e7\u00f5es e agradecimentos especiais<\/h5>\n<p>  Para mais informa\u00e7\u00f5es sobre a Associa\u00e7\u00e3o Annapurna Nepal, n\u00e3o hesites em visitar o s\u00edtio Web: www.annapurna.ch Se quiseres contribuir para a ajuda \u00e0s v\u00edtimas do terramoto da Associa\u00e7\u00e3o, contacta Dhan Adhikari &#8211; asso.annapurna@gmail.com ou Milan Adhikari &#8211; milan.adhikari11@yahoo.com e eles dar-te-\u00e3o mais informa\u00e7\u00f5es.<br \/>\nUm enorme obrigado a Les Elfes, e a Philippe em particular, por nos terem proporcionado esta fant\u00e1stica oportunidade de visitar o Nepal e ter um impacto positivo nas vidas das crian\u00e7as da Associa\u00e7\u00e3o Annapurna Nepal.   [\/one_half] [one_half last=&#8221;last&#8221;]\n[\/one_half]\n\n","protected":false},"excerpt":{"rendered":"<p>Viagem de voluntariado da Les Elfes \u00e0 Associa\u00e7\u00e3o Annapurna Nepal com Emma Cros e Andrew Robarts Chegada a Kathmandu A nossa viagem ao Nepal come\u00e7ou no dia 21 de abril&#8230;<\/p>\n","protected":false},"author":6,"featured_media":70325,"comment_status":"closed","ping_status":"open","sticky":false,"template":"","format":"standard","meta":{"_acf_changed":false,"inline_featured_image":false,"footnotes":""},"categories":[1111,1113],"tags":[],"class_list":{"0":"post-86206","1":"post","2":"type-post","3":"status-publish","4":"format-standard","5":"has-post-thumbnail","7":"category-noticias","8":"category-responsabilidade-social"},"acf":[],"yoast_head":"<!-- This site is optimized with the Yoast SEO Premium plugin v24.2 (Yoast SEO v24.7) - https:\/\/yoast.com\/wordpress\/plugins\/seo\/ -->\n<title>A meio da viagem de voluntariado de Les Elfes no Nepal - Les Elfes International Camps Switzerland<\/title>\n<meta name=\"robots\" content=\"index, follow, max-snippet:-1, max-image-preview:large, max-video-preview:-1\" \/>\n<link rel=\"canonical\" href=\"https:\/\/www.leselfes.com\/pt-pt\/a-meio-da-viagem-de-voluntariado-de-les-elfes-no-nepal\/\" \/>\n<meta property=\"og:locale\" content=\"pt_PT\" \/>\n<meta property=\"og:type\" content=\"article\" \/>\n<meta property=\"og:title\" content=\"A meio da viagem de voluntariado de Les Elfes no Nepal\" \/>\n<meta property=\"og:description\" content=\"Viagem de voluntariado da Les Elfes \u00e0 Associa\u00e7\u00e3o Annapurna Nepal com Emma Cros e Andrew Robarts Chegada a Kathmandu A nossa viagem ao Nepal come\u00e7ou no dia 21 de abril...\" \/>\n<meta property=\"og:url\" content=\"https:\/\/www.leselfes.com\/pt-pt\/a-meio-da-viagem-de-voluntariado-de-les-elfes-no-nepal\/\" \/>\n<meta property=\"og:site_name\" content=\"Les Elfes International Camps Switzerland\" \/>\n<meta property=\"article:publisher\" content=\"https:\/\/www.facebook.com\/LesElfesVerbier\" \/>\n<meta property=\"article:published_time\" content=\"2015-05-08T16:11:49+00:00\" \/>\n<meta property=\"article:modified_time\" content=\"2024-10-02T15:45:49+00:00\" \/>\n<meta property=\"og:image\" content=\"https:\/\/dev.leselfes.com\/wp-content\/uploads\/2015\/05\/40.jpg\" \/>\n\t<meta property=\"og:image:width\" content=\"1200\" \/>\n\t<meta property=\"og:image:height\" content=\"900\" \/>\n\t<meta property=\"og:image:type\" content=\"image\/jpeg\" \/>\n<meta name=\"author\" content=\"carlotta\" \/>\n<meta name=\"twitter:card\" content=\"summary_large_image\" \/>\n<meta name=\"twitter:creator\" content=\"@LesElfesCamps\" \/>\n<meta name=\"twitter:site\" content=\"@LesElfesCamps\" \/>\n<meta name=\"twitter:label1\" content=\"Escrito por\" \/>\n\t<meta name=\"twitter:data1\" content=\"carlotta\" \/>\n\t<meta name=\"twitter:label2\" content=\"Tempo estimado de leitura\" \/>\n\t<meta name=\"twitter:data2\" content=\"7 minutos\" \/>\n<script type=\"application\/ld+json\" class=\"yoast-schema-graph\">{\"@context\":\"https:\/\/schema.org\",\"@graph\":[{\"@type\":\"Article\",\"@id\":\"https:\/\/www.leselfes.com\/pt-pt\/a-meio-da-viagem-de-voluntariado-de-les-elfes-no-nepal\/#article\",\"isPartOf\":{\"@id\":\"https:\/\/www.leselfes.com\/pt-pt\/a-meio-da-viagem-de-voluntariado-de-les-elfes-no-nepal\/\"},\"author\":{\"name\":\"carlotta\",\"@id\":\"https:\/\/dev.leselfes.com\/#\/schema\/person\/9e8c1c68ef43ed5c58fa46ac5d8ee338\"},\"headline\":\"A meio da viagem de voluntariado de Les Elfes no Nepal\",\"datePublished\":\"2015-05-08T16:11:49+00:00\",\"dateModified\":\"2024-10-02T15:45:49+00:00\",\"mainEntityOfPage\":{\"@id\":\"https:\/\/www.leselfes.com\/pt-pt\/a-meio-da-viagem-de-voluntariado-de-les-elfes-no-nepal\/\"},\"wordCount\":1479,\"publisher\":{\"@id\":\"https:\/\/dev.leselfes.com\/#organization\"},\"image\":{\"@id\":\"https:\/\/www.leselfes.com\/pt-pt\/a-meio-da-viagem-de-voluntariado-de-les-elfes-no-nepal\/#primaryimage\"},\"thumbnailUrl\":\"https:\/\/www.leselfes.com\/wp-content\/uploads\/2015\/05\/40.jpg\",\"articleSection\":[\"Not\u00edcias\",\"Responsabilidade social\"],\"inLanguage\":\"pt-PT\"},{\"@type\":\"WebPage\",\"@id\":\"https:\/\/www.leselfes.com\/pt-pt\/a-meio-da-viagem-de-voluntariado-de-les-elfes-no-nepal\/\",\"url\":\"https:\/\/www.leselfes.com\/pt-pt\/a-meio-da-viagem-de-voluntariado-de-les-elfes-no-nepal\/\",\"name\":\"A meio da viagem de voluntariado de Les Elfes no Nepal - Les Elfes International Camps Switzerland\",\"isPartOf\":{\"@id\":\"https:\/\/dev.leselfes.com\/#website\"},\"primaryImageOfPage\":{\"@id\":\"https:\/\/www.leselfes.com\/pt-pt\/a-meio-da-viagem-de-voluntariado-de-les-elfes-no-nepal\/#primaryimage\"},\"image\":{\"@id\":\"https:\/\/www.leselfes.com\/pt-pt\/a-meio-da-viagem-de-voluntariado-de-les-elfes-no-nepal\/#primaryimage\"},\"thumbnailUrl\":\"https:\/\/www.leselfes.com\/wp-content\/uploads\/2015\/05\/40.jpg\",\"datePublished\":\"2015-05-08T16:11:49+00:00\",\"dateModified\":\"2024-10-02T15:45:49+00:00\",\"breadcrumb\":{\"@id\":\"https:\/\/www.leselfes.com\/pt-pt\/a-meio-da-viagem-de-voluntariado-de-les-elfes-no-nepal\/#breadcrumb\"},\"inLanguage\":\"pt-PT\",\"potentialAction\":[{\"@type\":\"ReadAction\",\"target\":[\"https:\/\/www.leselfes.com\/pt-pt\/a-meio-da-viagem-de-voluntariado-de-les-elfes-no-nepal\/\"]}]},{\"@type\":\"ImageObject\",\"inLanguage\":\"pt-PT\",\"@id\":\"https:\/\/www.leselfes.com\/pt-pt\/a-meio-da-viagem-de-voluntariado-de-les-elfes-no-nepal\/#primaryimage\",\"url\":\"https:\/\/www.leselfes.com\/wp-content\/uploads\/2015\/05\/40.jpg\",\"contentUrl\":\"https:\/\/www.leselfes.com\/wp-content\/uploads\/2015\/05\/40.jpg\",\"width\":1200,\"height\":900},{\"@type\":\"BreadcrumbList\",\"@id\":\"https:\/\/www.leselfes.com\/pt-pt\/a-meio-da-viagem-de-voluntariado-de-les-elfes-no-nepal\/#breadcrumb\",\"itemListElement\":[{\"@type\":\"ListItem\",\"position\":1,\"name\":\"Home\",\"item\":\"https:\/\/www.leselfes.com\/pt-pt\/\"},{\"@type\":\"ListItem\",\"position\":2,\"name\":\"A meio da viagem de voluntariado de Les Elfes no Nepal\"}]},{\"@type\":\"WebSite\",\"@id\":\"https:\/\/dev.leselfes.com\/#website\",\"url\":\"https:\/\/dev.leselfes.com\/\",\"name\":\"Les Elfes International\",\"description\":\"Les Elfes International, Verbier Switzerland. Summer Camp, Winter Camp, Spring Camps.\",\"publisher\":{\"@id\":\"https:\/\/dev.leselfes.com\/#organization\"},\"alternateName\":\"Les Elfes International\",\"potentialAction\":[{\"@type\":\"SearchAction\",\"target\":{\"@type\":\"EntryPoint\",\"urlTemplate\":\"https:\/\/dev.leselfes.com\/?s={search_term_string}\"},\"query-input\":{\"@type\":\"PropertyValueSpecification\",\"valueRequired\":true,\"valueName\":\"search_term_string\"}}],\"inLanguage\":\"pt-PT\"},{\"@type\":\"Organization\",\"@id\":\"https:\/\/dev.leselfes.com\/#organization\",\"name\":\"Les Elfes International\",\"alternateName\":\"Les Elfes International\",\"url\":\"https:\/\/dev.leselfes.com\/\",\"logo\":{\"@type\":\"ImageObject\",\"inLanguage\":\"pt-PT\",\"@id\":\"https:\/\/dev.leselfes.com\/#\/schema\/logo\/image\/\",\"url\":\"https:\/\/www.leselfes.com\/wp-content\/uploads\/2022\/03\/leselfes-logo.png\",\"contentUrl\":\"https:\/\/www.leselfes.com\/wp-content\/uploads\/2022\/03\/leselfes-logo.png\",\"width\":233,\"height\":51,\"caption\":\"Les Elfes International\"},\"image\":{\"@id\":\"https:\/\/dev.leselfes.com\/#\/schema\/logo\/image\/\"},\"sameAs\":[\"https:\/\/www.facebook.com\/LesElfesVerbier\",\"https:\/\/x.com\/LesElfesCamps\",\"https:\/\/www.instagram.com\/leselfes\",\"https:\/\/www.linkedin.com\/company\/les-elfes-international\",\"https:\/\/www.youtube.com\/user\/LesElfesVerbier\"]},{\"@type\":\"Person\",\"@id\":\"https:\/\/dev.leselfes.com\/#\/schema\/person\/9e8c1c68ef43ed5c58fa46ac5d8ee338\",\"name\":\"carlotta\",\"image\":{\"@type\":\"ImageObject\",\"inLanguage\":\"pt-PT\",\"@id\":\"https:\/\/dev.leselfes.com\/#\/schema\/person\/image\/\",\"url\":\"https:\/\/secure.gravatar.com\/avatar\/fdb243a028df450397b3632d862f87f6?s=96&d=mm&r=g\",\"contentUrl\":\"https:\/\/secure.gravatar.com\/avatar\/fdb243a028df450397b3632d862f87f6?s=96&d=mm&r=g\",\"caption\":\"carlotta\"},\"description\":\"Since 1987, Les Elfes International organizes ski trips &amp; field trips for leading schools around the world as well as winter &amp; summer camps for individual students aged between 6 y.o. and 17 y.o. from more than 60 nationalities. Welcoming 5'000 children and more than 200 schools a year from December until the end of October, Les Elfes has become a leading provider in the individual and school\u2019s trip industry. Our Winter and Summer Camps, ski and field trips provide more than just great activities and experiences. We introduce lifelong skills such as communicating with others without phone or laptop and understanding the value of living in a community away from home. Moreover, campers will be able to build a strong friend network and fortify the relationship among future classmates.\",\"sameAs\":[\"https:\/\/www.linkedin.com\/company\/les-elfes-international\/\"],\"url\":\"https:\/\/www.leselfes.com\/pt-pt\/author\/carlotta\/\"}]}<\/script>\n<!-- \/ Yoast SEO Premium plugin. -->","yoast_head_json":{"title":"A meio da viagem de voluntariado de Les Elfes no Nepal - Les Elfes International Camps Switzerland","robots":{"index":"index","follow":"follow","max-snippet":"max-snippet:-1","max-image-preview":"max-image-preview:large","max-video-preview":"max-video-preview:-1"},"canonical":"https:\/\/www.leselfes.com\/pt-pt\/a-meio-da-viagem-de-voluntariado-de-les-elfes-no-nepal\/","og_locale":"pt_PT","og_type":"article","og_title":"A meio da viagem de voluntariado de Les Elfes no Nepal","og_description":"Viagem de voluntariado da Les Elfes \u00e0 Associa\u00e7\u00e3o Annapurna Nepal com Emma Cros e Andrew Robarts Chegada a Kathmandu A nossa viagem ao Nepal come\u00e7ou no dia 21 de abril...","og_url":"https:\/\/www.leselfes.com\/pt-pt\/a-meio-da-viagem-de-voluntariado-de-les-elfes-no-nepal\/","og_site_name":"Les Elfes International Camps Switzerland","article_publisher":"https:\/\/www.facebook.com\/LesElfesVerbier","article_published_time":"2015-05-08T16:11:49+00:00","article_modified_time":"2024-10-02T15:45:49+00:00","og_image":[{"width":1200,"height":900,"url":"https:\/\/dev.leselfes.com\/wp-content\/uploads\/2015\/05\/40.jpg","type":"image\/jpeg"}],"author":"carlotta","twitter_card":"summary_large_image","twitter_creator":"@LesElfesCamps","twitter_site":"@LesElfesCamps","twitter_misc":{"Escrito por":"carlotta","Tempo estimado de leitura":"7 minutos"},"schema":{"@context":"https:\/\/schema.org","@graph":[{"@type":"Article","@id":"https:\/\/www.leselfes.com\/pt-pt\/a-meio-da-viagem-de-voluntariado-de-les-elfes-no-nepal\/#article","isPartOf":{"@id":"https:\/\/www.leselfes.com\/pt-pt\/a-meio-da-viagem-de-voluntariado-de-les-elfes-no-nepal\/"},"author":{"name":"carlotta","@id":"https:\/\/dev.leselfes.com\/#\/schema\/person\/9e8c1c68ef43ed5c58fa46ac5d8ee338"},"headline":"A meio da viagem de voluntariado de Les Elfes no Nepal","datePublished":"2015-05-08T16:11:49+00:00","dateModified":"2024-10-02T15:45:49+00:00","mainEntityOfPage":{"@id":"https:\/\/www.leselfes.com\/pt-pt\/a-meio-da-viagem-de-voluntariado-de-les-elfes-no-nepal\/"},"wordCount":1479,"publisher":{"@id":"https:\/\/dev.leselfes.com\/#organization"},"image":{"@id":"https:\/\/www.leselfes.com\/pt-pt\/a-meio-da-viagem-de-voluntariado-de-les-elfes-no-nepal\/#primaryimage"},"thumbnailUrl":"https:\/\/www.leselfes.com\/wp-content\/uploads\/2015\/05\/40.jpg","articleSection":["Not\u00edcias","Responsabilidade social"],"inLanguage":"pt-PT"},{"@type":"WebPage","@id":"https:\/\/www.leselfes.com\/pt-pt\/a-meio-da-viagem-de-voluntariado-de-les-elfes-no-nepal\/","url":"https:\/\/www.leselfes.com\/pt-pt\/a-meio-da-viagem-de-voluntariado-de-les-elfes-no-nepal\/","name":"A meio da viagem de voluntariado de Les Elfes no Nepal - Les Elfes International Camps Switzerland","isPartOf":{"@id":"https:\/\/dev.leselfes.com\/#website"},"primaryImageOfPage":{"@id":"https:\/\/www.leselfes.com\/pt-pt\/a-meio-da-viagem-de-voluntariado-de-les-elfes-no-nepal\/#primaryimage"},"image":{"@id":"https:\/\/www.leselfes.com\/pt-pt\/a-meio-da-viagem-de-voluntariado-de-les-elfes-no-nepal\/#primaryimage"},"thumbnailUrl":"https:\/\/www.leselfes.com\/wp-content\/uploads\/2015\/05\/40.jpg","datePublished":"2015-05-08T16:11:49+00:00","dateModified":"2024-10-02T15:45:49+00:00","breadcrumb":{"@id":"https:\/\/www.leselfes.com\/pt-pt\/a-meio-da-viagem-de-voluntariado-de-les-elfes-no-nepal\/#breadcrumb"},"inLanguage":"pt-PT","potentialAction":[{"@type":"ReadAction","target":["https:\/\/www.leselfes.com\/pt-pt\/a-meio-da-viagem-de-voluntariado-de-les-elfes-no-nepal\/"]}]},{"@type":"ImageObject","inLanguage":"pt-PT","@id":"https:\/\/www.leselfes.com\/pt-pt\/a-meio-da-viagem-de-voluntariado-de-les-elfes-no-nepal\/#primaryimage","url":"https:\/\/www.leselfes.com\/wp-content\/uploads\/2015\/05\/40.jpg","contentUrl":"https:\/\/www.leselfes.com\/wp-content\/uploads\/2015\/05\/40.jpg","width":1200,"height":900},{"@type":"BreadcrumbList","@id":"https:\/\/www.leselfes.com\/pt-pt\/a-meio-da-viagem-de-voluntariado-de-les-elfes-no-nepal\/#breadcrumb","itemListElement":[{"@type":"ListItem","position":1,"name":"Home","item":"https:\/\/www.leselfes.com\/pt-pt\/"},{"@type":"ListItem","position":2,"name":"A meio da viagem de voluntariado de Les Elfes no Nepal"}]},{"@type":"WebSite","@id":"https:\/\/dev.leselfes.com\/#website","url":"https:\/\/dev.leselfes.com\/","name":"Les Elfes International","description":"Les Elfes International, Verbier Switzerland. Summer Camp, Winter Camp, Spring Camps.","publisher":{"@id":"https:\/\/dev.leselfes.com\/#organization"},"alternateName":"Les Elfes International","potentialAction":[{"@type":"SearchAction","target":{"@type":"EntryPoint","urlTemplate":"https:\/\/dev.leselfes.com\/?s={search_term_string}"},"query-input":{"@type":"PropertyValueSpecification","valueRequired":true,"valueName":"search_term_string"}}],"inLanguage":"pt-PT"},{"@type":"Organization","@id":"https:\/\/dev.leselfes.com\/#organization","name":"Les Elfes International","alternateName":"Les Elfes International","url":"https:\/\/dev.leselfes.com\/","logo":{"@type":"ImageObject","inLanguage":"pt-PT","@id":"https:\/\/dev.leselfes.com\/#\/schema\/logo\/image\/","url":"https:\/\/www.leselfes.com\/wp-content\/uploads\/2022\/03\/leselfes-logo.png","contentUrl":"https:\/\/www.leselfes.com\/wp-content\/uploads\/2022\/03\/leselfes-logo.png","width":233,"height":51,"caption":"Les Elfes International"},"image":{"@id":"https:\/\/dev.leselfes.com\/#\/schema\/logo\/image\/"},"sameAs":["https:\/\/www.facebook.com\/LesElfesVerbier","https:\/\/x.com\/LesElfesCamps","https:\/\/www.instagram.com\/leselfes","https:\/\/www.linkedin.com\/company\/les-elfes-international","https:\/\/www.youtube.com\/user\/LesElfesVerbier"]},{"@type":"Person","@id":"https:\/\/dev.leselfes.com\/#\/schema\/person\/9e8c1c68ef43ed5c58fa46ac5d8ee338","name":"carlotta","image":{"@type":"ImageObject","inLanguage":"pt-PT","@id":"https:\/\/dev.leselfes.com\/#\/schema\/person\/image\/","url":"https:\/\/secure.gravatar.com\/avatar\/fdb243a028df450397b3632d862f87f6?s=96&d=mm&r=g","contentUrl":"https:\/\/secure.gravatar.com\/avatar\/fdb243a028df450397b3632d862f87f6?s=96&d=mm&r=g","caption":"carlotta"},"description":"Since 1987, Les Elfes International organizes ski trips &amp; field trips for leading schools around the world as well as winter &amp; summer camps for individual students aged between 6 y.o. and 17 y.o. from more than 60 nationalities. Welcoming 5'000 children and more than 200 schools a year from December until the end of October, Les Elfes has become a leading provider in the individual and school\u2019s trip industry. Our Winter and Summer Camps, ski and field trips provide more than just great activities and experiences. We introduce lifelong skills such as communicating with others without phone or laptop and understanding the value of living in a community away from home. Moreover, campers will be able to build a strong friend network and fortify the relationship among future classmates.","sameAs":["https:\/\/www.linkedin.com\/company\/les-elfes-international\/"],"url":"https:\/\/www.leselfes.com\/pt-pt\/author\/carlotta\/"}]}},"_links":{"self":[{"href":"https:\/\/www.leselfes.com\/pt-pt\/wp-json\/wp\/v2\/posts\/86206"}],"collection":[{"href":"https:\/\/www.leselfes.com\/pt-pt\/wp-json\/wp\/v2\/posts"}],"about":[{"href":"https:\/\/www.leselfes.com\/pt-pt\/wp-json\/wp\/v2\/types\/post"}],"author":[{"embeddable":true,"href":"https:\/\/www.leselfes.com\/pt-pt\/wp-json\/wp\/v2\/users\/6"}],"replies":[{"embeddable":true,"href":"https:\/\/www.leselfes.com\/pt-pt\/wp-json\/wp\/v2\/comments?post=86206"}],"version-history":[{"count":0,"href":"https:\/\/www.leselfes.com\/pt-pt\/wp-json\/wp\/v2\/posts\/86206\/revisions"}],"wp:featuredmedia":[{"embeddable":true,"href":"https:\/\/www.leselfes.com\/pt-pt\/wp-json\/wp\/v2\/media\/70325"}],"wp:attachment":[{"href":"https:\/\/www.leselfes.com\/pt-pt\/wp-json\/wp\/v2\/media?parent=86206"}],"wp:term":[{"taxonomy":"category","embeddable":true,"href":"https:\/\/www.leselfes.com\/pt-pt\/wp-json\/wp\/v2\/categories?post=86206"},{"taxonomy":"post_tag","embeddable":true,"href":"https:\/\/www.leselfes.com\/pt-pt\/wp-json\/wp\/v2\/tags?post=86206"}],"curies":[{"name":"wp","href":"https:\/\/api.w.org\/{rel}","templated":true}]}}