{"id":86210,"date":"2019-06-13T10:46:40","date_gmt":"2019-06-13T08:46:40","guid":{"rendered":"https:\/\/www.leselfes.com\/preparativos-para-a-viagem\/"},"modified":"2024-10-02T17:45:56","modified_gmt":"2024-10-02T15:45:56","slug":"preparativos-para-a-viagem","status":"publish","type":"post","link":"https:\/\/www.leselfes.com\/pt-pt\/preparativos-para-a-viagem\/","title":{"rendered":"Preparativos para a viagem"},"content":{"rendered":"<h3 style=\"text-align: justify;\"><strong>Como \u00e9 que podes garantir que as crian\u00e7as chegam ao acampamento em seguran\u00e7a?<\/strong><\/h3>\n<p style=\"text-align: justify;\">Milhares de crian\u00e7as e adolescentes v\u00e3o de f\u00e9rias sem os pais todos os anos e divertem-se imenso &#8211; e em perfeita seguran\u00e7a.<\/p>\n<p style=\"text-align: justify;\">Muitos dos riscos associados ao facto de as crian\u00e7as viajarem sozinhas podem ser ultrapassados se usares o bom senso e tomares algumas precau\u00e7\u00f5es b\u00e1sicas.<br \/>\nOs conselhos que se seguem ajudar\u00e3o tanto as crian\u00e7as que viajam sozinhas como os respons\u00e1veis pela crian\u00e7a a lidar com muitos dos problemas que podem surgir. <\/p>\n<h3 style=\"text-align: justify;\"><strong>10 perguntas frequentes<\/strong><\/h3>\n<ol style=\"text-align: justify;\">\n<li><strong>Como e onde recebes as crian\u00e7as que chegam de avi\u00e3o?<\/strong>  Les Elfes recebe os campistas no \u00e1trio de chegadas do aeroporto de Genebra (GVA).<br \/>\nAqui, temos o nosso pr\u00f3prio escrit\u00f3rio.<br \/>\nO nosso pessoal simp\u00e1tico e prest\u00e1vel trata imediatamente dos jovens e depois leva-os com o nosso autocarro privado para o campus.<br \/>\nAmbos os nossos campus podem ser facilmente alcan\u00e7ados em 1h50 depois de sa\u00edres do aeroporto de Genebra.   <\/li>\n<li><strong>Posso acompanhar o meu filho ao campus?<\/strong>  Sim!<br \/>\nTemos sempre muito gosto em receber os pais quando visitam o campo.<br \/>\nPodemos organizar o acolhimento e o transporte dos pais.<br \/>\nTamb\u00e9m podes levar o teu filho ao campus.<br \/>\n\u00c9 claro que te daremos os detalhes da viagem.    <\/li>\n<li><strong>Se eu acompanhar o meu filho ao acampamento, posso passar a noite aqui perto?<\/strong>  N\u00e3o tens de qu\u00ea.<br \/>\nPodemos aconselhar-te alguns hot\u00e9is bonitos na est\u00e2ncia.<br \/>\nTamb\u00e9m podes querer passar as tuas f\u00e9rias na Su\u00ed\u00e7a para desfrutar da paz dos Alpes ou para descobrir a regi\u00e3o do lago de Genebra.  <\/li>\n<li><strong>Tens prefer\u00eancia por alguma hora de chegada ou de partida?<\/strong>  N\u00e3o.<br \/>\nComo as crian\u00e7as chegam de todo o mundo, a hora de chegada depende das possibilidades de voo.<br \/>\nLes Elfes lida com isso de uma forma muito flex\u00edvel.<br \/>\nEm qualquer caso, organizaremos as transfer\u00eancias de acordo com os hor\u00e1rios de voo das crian\u00e7as.   <\/li>\n<li><strong>O teu filho deve viajar sozinho?<\/strong>  A crian\u00e7a n\u00e3o acompanhada: As companhias a\u00e9reas chamam a uma crian\u00e7a que voa sozinha um menor n\u00e3o acompanhado (UM).<br \/>\nGeralmente, uma crian\u00e7a deve ter cinco anos de idade para voar sozinha, e cada companhia a\u00e9rea tem as suas pr\u00f3prias pol\u00edticas, restri\u00e7\u00f5es e requisitos.<br \/>\nA companhia a\u00e9rea pedir\u00e1 aos pais o nome e o n\u00famero de telefone da pessoa que os vai buscar.<br \/>\nSe necess\u00e1rio, fornecer-te-emos todas essas informa\u00e7\u00f5es relevantes.<br \/>\nQuando a crian\u00e7a entra no avi\u00e3o, fica ao cuidado de uma hospedeira de bordo.<br \/>\nSe se tratar de um voo sem escalas, a hospedeira transfere a crian\u00e7a para o adulto que a espera na cidade de chegada.<br \/>\nSe a crian\u00e7a tiver de fazer uma liga\u00e7\u00e3o com outro voo, a assistente de bordo acompanha-a at\u00e9 ao agente da porta de embarque ou ao funcion\u00e1rio do aeroporto, que a conduzir\u00e1 \u00e0 porta de embarque adequada.<br \/>\nA crian\u00e7a deve estar sempre acompanhada por um adulto da companhia a\u00e9rea ou do aeroporto.<br \/>\nDependendo do n\u00famero de trajetos da viagem, a crian\u00e7a pode ficar sob a guarda de v\u00e1rios adultos diferentes.<br \/>\nSe a crian\u00e7a passar algum tempo no aeroporto, a companhia a\u00e9rea pode ter salas de espera especiais para crian\u00e7as para UMs.<br \/>\nEstas salas podem n\u00e3o estar dispon\u00edveis em todos os aeroportos ou em todas as companhias a\u00e9reas.<br \/>\nO agente de reservas saber\u00e1 se existe alguma no aeroporto em que a crian\u00e7a vai viajar.           <\/li>\n<li><strong>Quando \u00e9 que uma crian\u00e7a est\u00e1 pronta para voar sozinha?<\/strong>  Os pais s\u00e3o os melhores ju\u00edzes disso.<br \/>\nA crian\u00e7a sente-se \u00e0 vontade com estranhos?<br \/>\n\u00c9 capaz de manter o controlo dos seus pertences, seguir instru\u00e7\u00f5es e entreter-se calmamente durante longos per\u00edodos de tempo?<br \/>\nA responsabilidade que acompanha o facto de viajar sozinho pode dar \u00e0s crian\u00e7as um grande sentido de independ\u00eancia e confian\u00e7a.<br \/>\nNo entanto, se uma crian\u00e7a for insegura, t\u00edmida ou assustada, viajar de avi\u00e3o pode ser uma experi\u00eancia assustadora.<br \/>\nOs pais podem ajudar a aliviar alguma ansiedade preparando a crian\u00e7a com anteced\u00eancia.<br \/>\nComo em muitas outras situa\u00e7\u00f5es, as crian\u00e7as captam os sentimentos dos pais.<br \/>\nA crian\u00e7a deve saber o que vai acontecer no aeroporto, na seguran\u00e7a, no avi\u00e3o e no destino.<br \/>\nSe tiver de mudar de avi\u00e3o, os pais devem insistir para que siga as instru\u00e7\u00f5es do assistente de bordo ou do agente da porta de embarque.        <\/li>\n<li><strong>O pr\u00e9-embarque \u00e9 diferente?<\/strong>  No dia da viagem, os pais devem reservar tempo extra no aeroporto para preencher a documenta\u00e7\u00e3o e passar pela seguran\u00e7a.<br \/>\nAlgumas companhias a\u00e9reas pedem aos pais e \u00e0s UM&#8217;s que cheguem com tr\u00eas horas de anteced\u00eancia.<br \/>\nO agente de reservas pode fornecer essa informa\u00e7\u00e3o.<br \/>\nOs pais podem passar pela seguran\u00e7a at\u00e9 \u00e0 porta de embarque com o seu filho, mas n\u00e3o poder\u00e3o embarcar no avi\u00e3o com ele.   <\/li>\n<li><strong>Taxas adicionais?<\/strong>  Nem todas as companhias a\u00e9reas cobram uma taxa de servi\u00e7o UM, mas muitas cobram.<br \/>\nAs taxas podem variar consoante o voo seja dom\u00e9stico ou internacional e se houver voos de liga\u00e7\u00e3o.<br \/>\nSe duas ou mais crian\u00e7as viajarem juntas, a taxa \u00e9 normalmente cobrada apenas uma vez.  <\/li>\n<li><strong>Aterragens felizes?<\/strong>  As companhias a\u00e9reas pedem aos pais que permane\u00e7am na porta de embarque at\u00e9 que o avi\u00e3o se afaste da porta de embarque, uma vez que problemas mec\u00e2nicos ou atrasos clim\u00e1ticos podem resultar no desembarque dos passageiros.<br \/>\nO avi\u00e3o deve estar a caminho antes de os adultos sa\u00edrem da porta de embarque.<br \/>\nDeve haver um plano de reserva (ou dois) para ir buscar a crian\u00e7a ao destino.<br \/>\nA crian\u00e7a deve ter os nomes e os n\u00fameros de telefone das pessoas a quem poder\u00e1 ter de telefonar.   <\/li>\n<\/ol>\n<p style=\"text-align: justify;\">Quando o teu filho estiver pronto para voar sozinho, tens todos os motivos para esperar que seja uma experi\u00eancia positiva.<br \/>\nUm pouco de prepara\u00e7\u00e3o e um planeamento cuidadoso podem fazer com que a viagem seja agrad\u00e1vel.<br \/>\nOportunidade para o teu filho abrir as asas e voar!  <\/p>\n","protected":false},"excerpt":{"rendered":"<p>Como \u00e9 que podes garantir que as crian\u00e7as chegam ao acampamento em seguran\u00e7a? Milhares de crian\u00e7as e adolescentes v\u00e3o de f\u00e9rias sem os pais todos os anos e divertem-se imenso&#8230;<\/p>\n","protected":false},"author":6,"featured_media":0,"comment_status":"closed","ping_status":"open","sticky":false,"template":"","format":"standard","meta":{"_acf_changed":false,"inline_featured_image":false,"footnotes":""},"categories":[1100,1122],"tags":[1105,1127,1125],"class_list":{"0":"post-86210","1":"post","2":"type-post","3":"status-publish","4":"format-standard","6":"category-conselhos-para-os-pais","7":"category-organizacao-de-viagens","8":"tag-acampamento-de-verao","9":"tag-organizacao-de-viagens","10":"tag-voo"},"acf":[],"yoast_head":"<!-- This site is optimized with the Yoast SEO Premium plugin v24.2 (Yoast SEO v24.7) - https:\/\/yoast.com\/wordpress\/plugins\/seo\/ -->\n<title>Preparativos para a viagem - Les Elfes International Camps Switzerland<\/title>\n<meta name=\"robots\" content=\"index, follow, max-snippet:-1, max-image-preview:large, max-video-preview:-1\" \/>\n<link rel=\"canonical\" href=\"https:\/\/www.leselfes.com\/pt-pt\/preparativos-para-a-viagem\/\" \/>\n<meta property=\"og:locale\" content=\"pt_PT\" \/>\n<meta property=\"og:type\" content=\"article\" \/>\n<meta property=\"og:title\" content=\"Preparativos para a viagem\" \/>\n<meta property=\"og:description\" content=\"Como \u00e9 que podes garantir que as crian\u00e7as chegam ao acampamento em seguran\u00e7a? Milhares de crian\u00e7as e adolescentes v\u00e3o de f\u00e9rias sem os pais todos os anos e divertem-se imenso...\" \/>\n<meta property=\"og:url\" content=\"https:\/\/www.leselfes.com\/pt-pt\/preparativos-para-a-viagem\/\" \/>\n<meta property=\"og:site_name\" content=\"Les Elfes International Camps Switzerland\" \/>\n<meta property=\"article:publisher\" content=\"https:\/\/www.facebook.com\/LesElfesVerbier\" \/>\n<meta property=\"article:published_time\" content=\"2019-06-13T08:46:40+00:00\" \/>\n<meta property=\"article:modified_time\" content=\"2024-10-02T15:45:56+00:00\" \/>\n<meta property=\"og:image\" content=\"https:\/\/www.leselfes.com\/wp-content\/uploads\/2022\/02\/Les-Elfes-International-summer-camp-Switzerland-Staff-Mobile-591x555-1.jpg\" \/>\n\t<meta property=\"og:image:width\" content=\"591\" \/>\n\t<meta property=\"og:image:height\" content=\"555\" \/>\n\t<meta property=\"og:image:type\" content=\"image\/jpeg\" \/>\n<meta name=\"author\" content=\"carlotta\" \/>\n<meta name=\"twitter:card\" content=\"summary_large_image\" \/>\n<meta name=\"twitter:creator\" content=\"@LesElfesCamps\" \/>\n<meta name=\"twitter:site\" content=\"@LesElfesCamps\" \/>\n<meta name=\"twitter:label1\" content=\"Escrito por\" \/>\n\t<meta name=\"twitter:data1\" content=\"carlotta\" \/>\n\t<meta name=\"twitter:label2\" content=\"Tempo estimado de leitura\" \/>\n\t<meta name=\"twitter:data2\" content=\"5 minutos\" \/>\n<script type=\"application\/ld+json\" class=\"yoast-schema-graph\">{\"@context\":\"https:\/\/schema.org\",\"@graph\":[{\"@type\":\"Article\",\"@id\":\"https:\/\/www.leselfes.com\/pt-pt\/preparativos-para-a-viagem\/#article\",\"isPartOf\":{\"@id\":\"https:\/\/www.leselfes.com\/pt-pt\/preparativos-para-a-viagem\/\"},\"author\":{\"name\":\"carlotta\",\"@id\":\"https:\/\/dev.leselfes.com\/#\/schema\/person\/9e8c1c68ef43ed5c58fa46ac5d8ee338\"},\"headline\":\"Preparativos para a viagem\",\"datePublished\":\"2019-06-13T08:46:40+00:00\",\"dateModified\":\"2024-10-02T15:45:56+00:00\",\"mainEntityOfPage\":{\"@id\":\"https:\/\/www.leselfes.com\/pt-pt\/preparativos-para-a-viagem\/\"},\"wordCount\":1053,\"publisher\":{\"@id\":\"https:\/\/dev.leselfes.com\/#organization\"},\"keywords\":[\"acampamento de ver\u00e3o\",\"organiza\u00e7\u00e3o de viagens\",\"voo\"],\"articleSection\":[\"Conselhos para os pais\",\"Organiza\u00e7\u00e3o de viagens\"],\"inLanguage\":\"pt-PT\"},{\"@type\":\"WebPage\",\"@id\":\"https:\/\/www.leselfes.com\/pt-pt\/preparativos-para-a-viagem\/\",\"url\":\"https:\/\/www.leselfes.com\/pt-pt\/preparativos-para-a-viagem\/\",\"name\":\"Preparativos para a viagem - Les Elfes International Camps Switzerland\",\"isPartOf\":{\"@id\":\"https:\/\/dev.leselfes.com\/#website\"},\"datePublished\":\"2019-06-13T08:46:40+00:00\",\"dateModified\":\"2024-10-02T15:45:56+00:00\",\"breadcrumb\":{\"@id\":\"https:\/\/www.leselfes.com\/pt-pt\/preparativos-para-a-viagem\/#breadcrumb\"},\"inLanguage\":\"pt-PT\",\"potentialAction\":[{\"@type\":\"ReadAction\",\"target\":[\"https:\/\/www.leselfes.com\/pt-pt\/preparativos-para-a-viagem\/\"]}]},{\"@type\":\"BreadcrumbList\",\"@id\":\"https:\/\/www.leselfes.com\/pt-pt\/preparativos-para-a-viagem\/#breadcrumb\",\"itemListElement\":[{\"@type\":\"ListItem\",\"position\":1,\"name\":\"Home\",\"item\":\"https:\/\/www.leselfes.com\/pt-pt\/\"},{\"@type\":\"ListItem\",\"position\":2,\"name\":\"Preparativos para a viagem\"}]},{\"@type\":\"WebSite\",\"@id\":\"https:\/\/dev.leselfes.com\/#website\",\"url\":\"https:\/\/dev.leselfes.com\/\",\"name\":\"Les Elfes International\",\"description\":\"Les Elfes International, Verbier Switzerland. Summer Camp, Winter Camp, Spring Camps.\",\"publisher\":{\"@id\":\"https:\/\/dev.leselfes.com\/#organization\"},\"alternateName\":\"Les Elfes International\",\"potentialAction\":[{\"@type\":\"SearchAction\",\"target\":{\"@type\":\"EntryPoint\",\"urlTemplate\":\"https:\/\/dev.leselfes.com\/?s={search_term_string}\"},\"query-input\":{\"@type\":\"PropertyValueSpecification\",\"valueRequired\":true,\"valueName\":\"search_term_string\"}}],\"inLanguage\":\"pt-PT\"},{\"@type\":\"Organization\",\"@id\":\"https:\/\/dev.leselfes.com\/#organization\",\"name\":\"Les Elfes International\",\"alternateName\":\"Les Elfes International\",\"url\":\"https:\/\/dev.leselfes.com\/\",\"logo\":{\"@type\":\"ImageObject\",\"inLanguage\":\"pt-PT\",\"@id\":\"https:\/\/dev.leselfes.com\/#\/schema\/logo\/image\/\",\"url\":\"https:\/\/www.leselfes.com\/wp-content\/uploads\/2022\/03\/leselfes-logo.png\",\"contentUrl\":\"https:\/\/www.leselfes.com\/wp-content\/uploads\/2022\/03\/leselfes-logo.png\",\"width\":233,\"height\":51,\"caption\":\"Les Elfes International\"},\"image\":{\"@id\":\"https:\/\/dev.leselfes.com\/#\/schema\/logo\/image\/\"},\"sameAs\":[\"https:\/\/www.facebook.com\/LesElfesVerbier\",\"https:\/\/x.com\/LesElfesCamps\",\"https:\/\/www.instagram.com\/leselfes\",\"https:\/\/www.linkedin.com\/company\/les-elfes-international\",\"https:\/\/www.youtube.com\/user\/LesElfesVerbier\"]},{\"@type\":\"Person\",\"@id\":\"https:\/\/dev.leselfes.com\/#\/schema\/person\/9e8c1c68ef43ed5c58fa46ac5d8ee338\",\"name\":\"carlotta\",\"image\":{\"@type\":\"ImageObject\",\"inLanguage\":\"pt-PT\",\"@id\":\"https:\/\/dev.leselfes.com\/#\/schema\/person\/image\/\",\"url\":\"https:\/\/secure.gravatar.com\/avatar\/fdb243a028df450397b3632d862f87f6?s=96&d=mm&r=g\",\"contentUrl\":\"https:\/\/secure.gravatar.com\/avatar\/fdb243a028df450397b3632d862f87f6?s=96&d=mm&r=g\",\"caption\":\"carlotta\"},\"description\":\"Since 1987, Les Elfes International organizes ski trips &amp; field trips for leading schools around the world as well as winter &amp; summer camps for individual students aged between 6 y.o. and 17 y.o. from more than 60 nationalities. Welcoming 5'000 children and more than 200 schools a year from December until the end of October, Les Elfes has become a leading provider in the individual and school\u2019s trip industry. Our Winter and Summer Camps, ski and field trips provide more than just great activities and experiences. We introduce lifelong skills such as communicating with others without phone or laptop and understanding the value of living in a community away from home. Moreover, campers will be able to build a strong friend network and fortify the relationship among future classmates.\",\"sameAs\":[\"https:\/\/www.linkedin.com\/company\/les-elfes-international\/\"],\"url\":\"https:\/\/www.leselfes.com\/pt-pt\/author\/carlotta\/\"}]}<\/script>\n<!-- \/ Yoast SEO Premium plugin. -->","yoast_head_json":{"title":"Preparativos para a viagem - Les Elfes International Camps Switzerland","robots":{"index":"index","follow":"follow","max-snippet":"max-snippet:-1","max-image-preview":"max-image-preview:large","max-video-preview":"max-video-preview:-1"},"canonical":"https:\/\/www.leselfes.com\/pt-pt\/preparativos-para-a-viagem\/","og_locale":"pt_PT","og_type":"article","og_title":"Preparativos para a viagem","og_description":"Como \u00e9 que podes garantir que as crian\u00e7as chegam ao acampamento em seguran\u00e7a? Milhares de crian\u00e7as e adolescentes v\u00e3o de f\u00e9rias sem os pais todos os anos e divertem-se imenso...","og_url":"https:\/\/www.leselfes.com\/pt-pt\/preparativos-para-a-viagem\/","og_site_name":"Les Elfes International Camps Switzerland","article_publisher":"https:\/\/www.facebook.com\/LesElfesVerbier","article_published_time":"2019-06-13T08:46:40+00:00","article_modified_time":"2024-10-02T15:45:56+00:00","og_image":[{"width":591,"height":555,"url":"https:\/\/www.leselfes.com\/wp-content\/uploads\/2022\/02\/Les-Elfes-International-summer-camp-Switzerland-Staff-Mobile-591x555-1.jpg","type":"image\/jpeg"}],"author":"carlotta","twitter_card":"summary_large_image","twitter_creator":"@LesElfesCamps","twitter_site":"@LesElfesCamps","twitter_misc":{"Escrito por":"carlotta","Tempo estimado de leitura":"5 minutos"},"schema":{"@context":"https:\/\/schema.org","@graph":[{"@type":"Article","@id":"https:\/\/www.leselfes.com\/pt-pt\/preparativos-para-a-viagem\/#article","isPartOf":{"@id":"https:\/\/www.leselfes.com\/pt-pt\/preparativos-para-a-viagem\/"},"author":{"name":"carlotta","@id":"https:\/\/dev.leselfes.com\/#\/schema\/person\/9e8c1c68ef43ed5c58fa46ac5d8ee338"},"headline":"Preparativos para a viagem","datePublished":"2019-06-13T08:46:40+00:00","dateModified":"2024-10-02T15:45:56+00:00","mainEntityOfPage":{"@id":"https:\/\/www.leselfes.com\/pt-pt\/preparativos-para-a-viagem\/"},"wordCount":1053,"publisher":{"@id":"https:\/\/dev.leselfes.com\/#organization"},"keywords":["acampamento de ver\u00e3o","organiza\u00e7\u00e3o de viagens","voo"],"articleSection":["Conselhos para os pais","Organiza\u00e7\u00e3o de viagens"],"inLanguage":"pt-PT"},{"@type":"WebPage","@id":"https:\/\/www.leselfes.com\/pt-pt\/preparativos-para-a-viagem\/","url":"https:\/\/www.leselfes.com\/pt-pt\/preparativos-para-a-viagem\/","name":"Preparativos para a viagem - Les Elfes International Camps Switzerland","isPartOf":{"@id":"https:\/\/dev.leselfes.com\/#website"},"datePublished":"2019-06-13T08:46:40+00:00","dateModified":"2024-10-02T15:45:56+00:00","breadcrumb":{"@id":"https:\/\/www.leselfes.com\/pt-pt\/preparativos-para-a-viagem\/#breadcrumb"},"inLanguage":"pt-PT","potentialAction":[{"@type":"ReadAction","target":["https:\/\/www.leselfes.com\/pt-pt\/preparativos-para-a-viagem\/"]}]},{"@type":"BreadcrumbList","@id":"https:\/\/www.leselfes.com\/pt-pt\/preparativos-para-a-viagem\/#breadcrumb","itemListElement":[{"@type":"ListItem","position":1,"name":"Home","item":"https:\/\/www.leselfes.com\/pt-pt\/"},{"@type":"ListItem","position":2,"name":"Preparativos para a viagem"}]},{"@type":"WebSite","@id":"https:\/\/dev.leselfes.com\/#website","url":"https:\/\/dev.leselfes.com\/","name":"Les Elfes International","description":"Les Elfes International, Verbier Switzerland. Summer Camp, Winter Camp, Spring Camps.","publisher":{"@id":"https:\/\/dev.leselfes.com\/#organization"},"alternateName":"Les Elfes International","potentialAction":[{"@type":"SearchAction","target":{"@type":"EntryPoint","urlTemplate":"https:\/\/dev.leselfes.com\/?s={search_term_string}"},"query-input":{"@type":"PropertyValueSpecification","valueRequired":true,"valueName":"search_term_string"}}],"inLanguage":"pt-PT"},{"@type":"Organization","@id":"https:\/\/dev.leselfes.com\/#organization","name":"Les Elfes International","alternateName":"Les Elfes International","url":"https:\/\/dev.leselfes.com\/","logo":{"@type":"ImageObject","inLanguage":"pt-PT","@id":"https:\/\/dev.leselfes.com\/#\/schema\/logo\/image\/","url":"https:\/\/www.leselfes.com\/wp-content\/uploads\/2022\/03\/leselfes-logo.png","contentUrl":"https:\/\/www.leselfes.com\/wp-content\/uploads\/2022\/03\/leselfes-logo.png","width":233,"height":51,"caption":"Les Elfes International"},"image":{"@id":"https:\/\/dev.leselfes.com\/#\/schema\/logo\/image\/"},"sameAs":["https:\/\/www.facebook.com\/LesElfesVerbier","https:\/\/x.com\/LesElfesCamps","https:\/\/www.instagram.com\/leselfes","https:\/\/www.linkedin.com\/company\/les-elfes-international","https:\/\/www.youtube.com\/user\/LesElfesVerbier"]},{"@type":"Person","@id":"https:\/\/dev.leselfes.com\/#\/schema\/person\/9e8c1c68ef43ed5c58fa46ac5d8ee338","name":"carlotta","image":{"@type":"ImageObject","inLanguage":"pt-PT","@id":"https:\/\/dev.leselfes.com\/#\/schema\/person\/image\/","url":"https:\/\/secure.gravatar.com\/avatar\/fdb243a028df450397b3632d862f87f6?s=96&d=mm&r=g","contentUrl":"https:\/\/secure.gravatar.com\/avatar\/fdb243a028df450397b3632d862f87f6?s=96&d=mm&r=g","caption":"carlotta"},"description":"Since 1987, Les Elfes International organizes ski trips &amp; field trips for leading schools around the world as well as winter &amp; summer camps for individual students aged between 6 y.o. and 17 y.o. from more than 60 nationalities. Welcoming 5'000 children and more than 200 schools a year from December until the end of October, Les Elfes has become a leading provider in the individual and school\u2019s trip industry. Our Winter and Summer Camps, ski and field trips provide more than just great activities and experiences. We introduce lifelong skills such as communicating with others without phone or laptop and understanding the value of living in a community away from home. Moreover, campers will be able to build a strong friend network and fortify the relationship among future classmates.","sameAs":["https:\/\/www.linkedin.com\/company\/les-elfes-international\/"],"url":"https:\/\/www.leselfes.com\/pt-pt\/author\/carlotta\/"}]}},"_links":{"self":[{"href":"https:\/\/www.leselfes.com\/pt-pt\/wp-json\/wp\/v2\/posts\/86210"}],"collection":[{"href":"https:\/\/www.leselfes.com\/pt-pt\/wp-json\/wp\/v2\/posts"}],"about":[{"href":"https:\/\/www.leselfes.com\/pt-pt\/wp-json\/wp\/v2\/types\/post"}],"author":[{"embeddable":true,"href":"https:\/\/www.leselfes.com\/pt-pt\/wp-json\/wp\/v2\/users\/6"}],"replies":[{"embeddable":true,"href":"https:\/\/www.leselfes.com\/pt-pt\/wp-json\/wp\/v2\/comments?post=86210"}],"version-history":[{"count":0,"href":"https:\/\/www.leselfes.com\/pt-pt\/wp-json\/wp\/v2\/posts\/86210\/revisions"}],"wp:attachment":[{"href":"https:\/\/www.leselfes.com\/pt-pt\/wp-json\/wp\/v2\/media?parent=86210"}],"wp:term":[{"taxonomy":"category","embeddable":true,"href":"https:\/\/www.leselfes.com\/pt-pt\/wp-json\/wp\/v2\/categories?post=86210"},{"taxonomy":"post_tag","embeddable":true,"href":"https:\/\/www.leselfes.com\/pt-pt\/wp-json\/wp\/v2\/tags?post=86210"}],"curies":[{"name":"wp","href":"https:\/\/api.w.org\/{rel}","templated":true}]}}