{"id":86529,"date":"2019-07-23T22:35:45","date_gmt":"2019-07-23T20:35:45","guid":{"rendered":"https:\/\/www.leselfes.com\/a-melhor-lista-de-acampamentos-de-verao-para-a-viagem-de-verao-do-teu-filho\/"},"modified":"2024-10-03T18:09:44","modified_gmt":"2024-10-03T16:09:44","slug":"a-melhor-lista-de-acampamentos-de-verao-para-a-viagem-de-verao-do-teu-filho","status":"publish","type":"post","link":"https:\/\/www.leselfes.com\/pt-pt\/a-melhor-lista-de-acampamentos-de-verao-para-a-viagem-de-verao-do-teu-filho\/","title":{"rendered":"A melhor lista de acampamentos de ver\u00e3o para a viagem de ver\u00e3o do teu filho"},"content":{"rendered":"&#13;\n<p>Embora a ida para os campos de f\u00e9rias provoque uma onda de entusiasmo nas crian\u00e7as, preparar a lista do campo de f\u00e9rias e saber o que levar pode ser uma tarefa assustadora para os pais.\nContinua a ler para saberes como podes tornar esta tarefa mais f\u00e1cil.\nInclu\u00edmos tamb\u00e9m algumas das coisas fixes para um campo de f\u00e9rias que o teu filho pode precisar para ter uma experi\u00eancia de campismo bem sucedida.    <\/p>&#13;\n&#13;\n<h2 class=\"wp-block-heading\">Lembra-te;<\/h2>&#13;\n&#13;\n<p>N\u00e3o comeces o processo de empacotamento \u00e0 \u00faltima hora.\nElabora um plano de jogo com anteced\u00eancia, antes de come\u00e7ares a vasculhar os pertences do teu filho.\nPrimeiro, podes querer entrar em contacto com o parque de campismo e estabelecer as suas pol\u00edticas.\n\u00c9 muito prov\u00e1vel que tenham uma lista de bens essenciais que d\u00e3o a cada campista, o que significa que o teu filho n\u00e3o vai precisar deles.   <\/p>&#13;\n&#13;\n<p>No entanto, o campo de f\u00e9rias pode fornecer-te a melhor lista de embalagem para o campo de f\u00e9rias, com tudo o que \u00e9 proibido e o que os campistas v\u00e3o precisar em fun\u00e7\u00e3o das actividades programadas para o campo de f\u00e9rias.\nPensa na dura\u00e7\u00e3o do campo de f\u00e9rias para saberes o n\u00famero de artigos de higiene e de roupa que o teu filho vai precisar.\nSe a col\u00f3nia de f\u00e9rias durar mais de uma semana, talvez queiras saber junto dos organizadores da col\u00f3nia se estes oferecem ou n\u00e3o servi\u00e7os de lavandaria.  <\/p>&#13;\n&#13;\n<p>Para facilitar o processo de embalagem, envolve tamb\u00e9m o teu filho.\nDeixa-o expor as suas ideias e opini\u00f5es e deixa-o escolher os artigos que prefere.\nN\u00e3o te esque\u00e7as de que h\u00e1 in\u00fameras actividades para fazer no campo de f\u00e9rias, como caminhadas, andar de bicicleta ou mesmo nadar.\nPara participar eficazmente nestas actividades, o teu filho precisa do equipamento ideal.\nAssegura-te de que tem o vestu\u00e1rio adequado para as actividades.      <\/p>&#13;\n&#13;\n<h2 class=\"wp-block-heading\">Dicas para facilitar o processo de fazer as malas para a col\u00f3nia de f\u00e9rias<\/h2>&#13;\n&#13;\n<p>As dicas que se seguem n\u00e3o s\u00f3 facilitar\u00e3o o processo de embalagem, como a sua ado\u00e7\u00e3o \u00e9 a melhor forma de garantir que n\u00e3o te esqueces de nenhum artigo essencial de que o teu filho possa precisar durante o acampamento.<\/p>&#13;\n&#13;\n<h3 class=\"wp-block-heading\">Escolhe o saco ideal<\/h3>&#13;\n&#13;\n<p>Antes de come\u00e7ares a fazer as malas, escolhe o saco ideal em fun\u00e7\u00e3o do local para onde a crian\u00e7a vai, do n\u00famero de dias que vai estar fora e da <a href=\"https:\/\/www.sheknows.com\/parenting\/articles\/829639\/summer-camp-packing-checklist\/\">lista de embalagem do campo de f\u00e9rias de ver\u00e3o<\/a> que tens.\nContacta os organizadores do campo e pede-lhes que te recomendem o melhor saco.\nEnquanto alguns organizadores recomendam sacos de lona, outros preferem malas de viagem.\n\u00c9 claro que o teu filho vai precisar de uma mochila, sobretudo se for participar noutras actividades fora do parque de campismo.     <\/p>&#13;\n&#13;\n<h3 class=\"wp-block-heading\">Poupa espa\u00e7o  <\/h3>&#13;\n&#13;\n<p>Embora muitas pessoas prefiram dobrar a roupa, por vezes n\u00e3o \u00e9 um bom m\u00e9todo de arruma\u00e7\u00e3o.\nAl\u00e9m disso, pode n\u00e3o ser o ideal se o teu filho quiser manter-se organizado durante todo o per\u00edodo de campismo.\nOpta por sacos Ziploc ou cubos de embalagem para manteres tudo bem guardado.\nIsto tamb\u00e9m te ajudar\u00e1 a poupar mais espa\u00e7o no saco de viagem.\nCria cubos diferentes para cada categoria de roupa.\nLeva mais sacos Ziploc que o teu filho possa utilizar para guardar a roupa h\u00famida ou suja.     <\/p>&#13;\n&#13;\n<h3 class=\"wp-block-heading\">Etiqueta todos os pertences do teu filho<\/h3>&#13;\n&#13;\n<p>Certifica-te de que todos os artigos que embalas est\u00e3o bem etiquetados.\nEnvolve o teu filho no processo de etiquetagem e certifica-te de que ele sabe onde est\u00e3o as etiquetas.\nIsto facilitar\u00e1 a identifica\u00e7\u00e3o se perderes os teus pertences.    <\/p>&#13;\n&#13;\n<h3 class=\"wp-block-heading\">Evita encher o saco at\u00e9 \u00e0 borda  <\/h3>&#13;\n&#13;\n<p>N\u00e3o esperes que o teu filho volte com uma mala bem organizada.\nO mais prov\u00e1vel \u00e9 que ele enfie os seus pertences na mala de forma desorganizada.\nPor isso, deves deixar espa\u00e7o suficiente na mala para garantir que ele consegue fechar o fecho com o m\u00ednimo de esfor\u00e7o.    <\/p>&#13;\n&#13;\n<h3 class=\"wp-block-heading\">Leva lanches suficientes<\/h3>&#13;\n&#13;\n<p>O teu filho ter\u00e1 mais fome quando estiver fora de casa.\nN\u00e3o te esque\u00e7as que os hor\u00e1rios de alimenta\u00e7\u00e3o n\u00e3o ser\u00e3o os mesmos que em casa.\nN\u00e3o queres que o teu filho sofra de fome durante o campo de f\u00e9rias e \u00e9 por isso que deves incluir pelo menos lanches n\u00e3o perec\u00edveis na lista do campo de f\u00e9rias.\nInclui lanches extra para que possam partilhar com os amigos.     <\/p>&#13;\n&#13;\n<h3 class=\"wp-block-heading\">  Anota tudo o que o teu filho precisa  <\/h3>&#13;\n&#13;\n<p>Lembrar-se de tudo o que o teu filho precisa pode ser uma tarefa \u00e1rdua.\nPor isso, \u00e9 importante escreveres tudo o que ele precisa no teu caderno.\nPor exemplo, se o teu filho sofre de alergias, deves levar todos os medicamentos necess\u00e1rios para o seu <a href=\"https:\/\/www.healthline.com\/health\/allergies\/allergic-reaction-treatment\">al\u00edvio<\/a>.  <\/p>&#13;\n&#13;\n<p>Se alguns alimentos lhe causarem reac\u00e7\u00f5es, deves comunic\u00e1-lo ao seu supervisor com anteced\u00eancia.\nOrganiza todos os bens essenciais do teu filho de acordo com a prioridade.\nPor exemplo, guarda os artigos de que ele vai precisar com mais frequ\u00eancia perto do topo para facilitar o acesso.\nGuarda os artigos mais pequenos, como bugigangas e material de escrita, nos compartimentos interiores das malas.   <\/p>&#13;\n&#13;\n<p>Certifica-te de que o teu filho sabe onde est\u00e1 tudo.\nMuitas vezes, os objectos perdem-se na altura em que mais precisas deles e n\u00e3o queres que isso aconte\u00e7a ao teu filho.\n\u00c9 por isso que deves envolv\u00ea-lo o mais poss\u00edvel no processo de embalagem.  <\/p>&#13;\n&#13;\n<h2 class=\"wp-block-heading\">O que deves levar para uma col\u00f3nia de f\u00e9rias  <\/h2>&#13;\n&#13;\n<p>Aqui tens os artigos essenciais para o acampamento para dormir.<\/p>&#13;\n&#13;\n<h3 class=\"wp-block-heading\">Despertador<strong> <\/strong><\/h3>&#13;\n&#13;\n<p>Mandar o teu filho para um campo de f\u00e9rias traz <a href=\"https:\/\/indyschild.com\/the-benefits-of-summer-camp\/\">v\u00e1rios benef\u00edcios<\/a>, como aprender a ser independente.\nQuantas vezes \u00e9 que o teu filho acorda sozinho em casa?\n\u00c9 prov\u00e1vel que quase n\u00e3o acorde, a n\u00e3o ser que tu o acordes.\nNo entanto, quando vai para um campo de f\u00e9rias, tem de acordar a horas e \u00e9 por isso que precisa de um despertador.   <\/p>&#13;\n&#13;\n<h3 class=\"wp-block-heading\">Uma ventoinha port\u00e1til<\/h3>&#13;\n&#13;\n<p>Embora v\u00e1rios alojamentos de campismo tenham ar condicionado, os campistas dificilmente t\u00eam qualquer controlo sobre eles.\nInclui nos seus sacos uma pequena ventoinha port\u00e1til e, sempre que poss\u00edvel, uma ventoinha a pilhas, para garantir o seu conforto durante a estadia.   <\/p>&#13;\n&#13;\n<h3 class=\"wp-block-heading\">Pijama ou roup\u00e3o<\/h3>&#13;\n&#13;\n<p>Durante o processo de embalagem, os pais prestam mais aten\u00e7\u00e3o \u00e0 roupa para usar durante o dia e esquecem-se de incluir pijamas ou roupa confort\u00e1vel para as crian\u00e7as dormirem \u00e0 noite.\n\u00c9 aqui que entra a lista de embalagem do campo de f\u00e9rias de ver\u00e3o.\nDeves incluir todos os artigos de que o teu filho vai precisar para o campo de f\u00e9rias e verificar tudo \u00e0 medida que os colocas na mala para garantir que o teu filho tem tudo o que precisa.    <\/p>&#13;\n&#13;\n<h3 class=\"wp-block-heading\">Leva roupa interior extra e v\u00e1rios pares de meias<\/h3>&#13;\n&#13;\n<p><strong> <\/strong>A roupa interior \u00e9 um dos artigos mais essenciais sem os quais o teu filho n\u00e3o pode viver.\nN\u00e3o s\u00f3 queres levar pe\u00e7as suficientes para durar toda a sess\u00e3o de campismo, como tamb\u00e9m deves incluir pe\u00e7as extra, s\u00f3 por precau\u00e7\u00e3o.\nEnsina o teu filho a separar a roupa interior limpa da suja.\nLembras-te dos sacos Ziploc extra inclu\u00eddos neste post?\nO teu filho vai us\u00e1-los para manter as pe\u00e7as sujas juntas.    <\/p>&#13;\n&#13;\n<h3 class=\"wp-block-heading\">  Equipamento e vestu\u00e1rio para actividades especiais<\/h3>&#13;\n&#13;\n<p>Informa-te junto dos organizadores do campo de f\u00e9rias sobre o equipamento de que o teu filho vai precisar durante o acampamento.\nPor exemplo, para as sess\u00f5es de nata\u00e7\u00e3o, vai precisar de fatos de banho.\nDependendo dos conhecimentos de nata\u00e7\u00e3o do teu filho, poder\u00e1s querer incluir flutuadores ou salva-vidas nos sacos.\nSe o teu filho participar em passeios a cavalo, poder\u00e1 precisar de equipamento especialmente concebido para o efeito.   <\/p>&#13;\n&#13;\n<p>Se o parque de campismo oferece <a href=\"https:\/\/www.leselfes.com\/pt-pt\/?page_id=85718\">actividades desportivas<\/a>, aulas de m\u00fasica ou de dan\u00e7a, informa-te se o teu filho precisa de levar alguma coisa.\nPara facilitar o teu trabalho, pede aos organizadores o programa das actividades.\nAssim, saber\u00e1s o que deves e o que n\u00e3o deves comprar.    <\/p>&#13;\n&#13;\n<h3 class=\"wp-block-heading\">  Um par extra de sapatos confort\u00e1veis  <\/h3>&#13;\n&#13;\n<p>Leva um par extra de sapatos confort\u00e1veis.\nO teu filho ter\u00e1 de mudar de sapatos, caso estes fiquem molhados ou sujos.\nSe as actividades do campo de f\u00e9rias inclu\u00edrem caminhadas, o par extra ser\u00e1 \u00fatil se o campista ficar com bolhas durante o percurso.\nPodes querer incluir chinelos de dedo, especialmente se a crian\u00e7a entrar em contacto com a \u00e1gua da piscina.     <\/p>&#13;\n&#13;\n<h3 class=\"wp-block-heading\">Len\u00e7\u00f3is extra ou um saco-cama<\/h3>&#13;\n&#13;\n<p>N\u00e3o te esque\u00e7as que, mesmo no ver\u00e3o, \u00e9 prov\u00e1vel que as temperaturas des\u00e7am muito durante a noite.\nN\u00e3o queres que o teu filho passe frio durante o acampamento.\n\u00c9 claro que o parque de campismo pode fornecer estes artigos.\nNo entanto, conv\u00e9m que os embales para que o teu filho se mantenha o mais confort\u00e1vel poss\u00edvel.     <\/p>&#13;\n&#13;\n<h3 class=\"wp-block-heading\">  Kit de lavagem<\/h3>&#13;\n&#13;\n<p>O kit de lavagem \u00e9 essencial para que o teu filho esteja limpo e com um cheiro fresco.\nO estojo deve incluir: escova e pasta de dentes, champ\u00f4, sabonete ou gel de banho, fitas, ganchos e escova para o cabelo, toalhas de banho e toalhas de praia se o teu filho for nadar durante o campo de f\u00e9rias. <\/p>&#13;\n&#13;\n<p>Talvez estejas sempre a lembrar o teu filho de tomar banho ou de lavar os dentes.\nComo n\u00e3o vais estar com ele no <a href=\"https:\/\/www.leselfes.com\/pt-pt\/?page_id=85718\">campo de f\u00e9rias<\/a>, queres fazer as malas e manter os seus artigos de higiene mais perto do topo.\nDesta forma, eles v\u00e3o reparar neles quando abrirem os sacos e isso vai ajud\u00e1-los a cuidar da sua limpeza.    <\/p>&#13;\n&#13;\n<h2 class=\"wp-block-heading\">Finalmente  <\/h2>&#13;\n&#13;\n<p>Estas dicas devem facilitar o processo de embalagem para ti e para o teu filho.\n\u00c9 importante saber que muitos parques de campismo n\u00e3o permitem alguns objectos pessoais, como aparelhos electr\u00f3nicos.\nEvita-os e deixa o teu filho sair e explorar o mundo com o m\u00ednimo de distrac\u00e7\u00f5es.\nDa pr\u00f3xima vez que o teu <a href=\"https:\/\/www.leselfes.com\/pt-pt\/como-proteger-o-teu-filho-da-perda-de-aprendizagem-no-verao\/\">filho for para um<\/a> campo de f\u00e9rias, deves preparar a tua lista de arruma\u00e7\u00e3o para o campo de f\u00e9rias com anteced\u00eancia, para evitar os problemas de arruma\u00e7\u00e3o tardia.\nEnvolve o teu filho no processo de embalagem e assegura-te de que ele sabe onde est\u00e1 tudo.\nDesta forma, ajuda-o a desfrutar ao m\u00e1ximo da sua experi\u00eancia de campismo.     <\/p>&#13;\n","protected":false},"excerpt":{"rendered":"<p>  N\u00e3o sabes o que levar na mala para o acampamento de ver\u00e3o do teu filho.<br \/>\naqui tens uma lista das coisas mais essenciais a levar para o campo de f\u00e9rias   <\/p>\n","protected":false},"author":6,"featured_media":0,"comment_status":"closed","ping_status":"open","sticky":false,"template":"","format":"standard","meta":{"_acf_changed":false,"inline_featured_image":false,"footnotes":""},"categories":[1102,1103],"tags":[1162,1158,1159,1160,1161],"class_list":{"0":"post-86529","1":"post","2":"type-post","3":"status-publish","4":"format-standard","6":"category-acampamento-de-verao","7":"category-artigos","8":"tag-a-melhor-lista-de-embalagem-para-a-colonia-de-ferias","9":"tag-actividades-do-campo-de-ferias","10":"tag-coisas-fixes-para-a-colonia-de-ferias-pt-pt","11":"tag-lista-de-acampamentos-de-verao","12":"tag-lista-de-embalagem-para-a-colonia-de-ferias-de-verao"},"acf":[],"yoast_head":"<!-- This site is optimized with the Yoast SEO Premium plugin v24.2 (Yoast SEO v24.7) - https:\/\/yoast.com\/wordpress\/plugins\/seo\/ -->\n<title>A melhor lista de acampamentos de ver\u00e3o para a viagem de ver\u00e3o do teu filho - Les Elfes International Camps Switzerland<\/title>\n<meta name=\"robots\" content=\"index, follow, max-snippet:-1, max-image-preview:large, max-video-preview:-1\" \/>\n<link rel=\"canonical\" href=\"https:\/\/www.leselfes.com\/pt-pt\/a-melhor-lista-de-acampamentos-de-verao-para-a-viagem-de-verao-do-teu-filho\/\" \/>\n<meta property=\"og:locale\" content=\"pt_PT\" \/>\n<meta property=\"og:type\" content=\"article\" \/>\n<meta property=\"og:title\" content=\"A melhor lista de acampamentos de ver\u00e3o para a viagem de ver\u00e3o do teu filho\" \/>\n<meta property=\"og:description\" content=\"N\u00e3o sabes o que levar na mala para o acampamento de ver\u00e3o do teu filho. aqui tens uma lista das coisas mais essenciais a levar para o campo de f\u00e9rias\" \/>\n<meta property=\"og:url\" content=\"https:\/\/www.leselfes.com\/pt-pt\/a-melhor-lista-de-acampamentos-de-verao-para-a-viagem-de-verao-do-teu-filho\/\" \/>\n<meta property=\"og:site_name\" content=\"Les Elfes International Camps Switzerland\" \/>\n<meta property=\"article:publisher\" content=\"https:\/\/www.facebook.com\/LesElfesVerbier\" \/>\n<meta property=\"article:published_time\" content=\"2019-07-23T20:35:45+00:00\" \/>\n<meta property=\"article:modified_time\" content=\"2024-10-03T16:09:44+00:00\" \/>\n<meta property=\"og:image\" content=\"https:\/\/www.leselfes.com\/wp-content\/uploads\/2022\/02\/Les-Elfes-International-summer-camp-Switzerland-Staff-Mobile-591x555-1.jpg\" \/>\n\t<meta property=\"og:image:width\" content=\"591\" \/>\n\t<meta property=\"og:image:height\" content=\"555\" \/>\n\t<meta property=\"og:image:type\" content=\"image\/jpeg\" \/>\n<meta name=\"author\" content=\"carlotta\" \/>\n<meta name=\"twitter:card\" content=\"summary_large_image\" \/>\n<meta name=\"twitter:creator\" content=\"@LesElfesCamps\" \/>\n<meta name=\"twitter:site\" content=\"@LesElfesCamps\" \/>\n<meta name=\"twitter:label1\" content=\"Escrito por\" \/>\n\t<meta name=\"twitter:data1\" content=\"carlotta\" \/>\n\t<meta name=\"twitter:label2\" content=\"Tempo estimado de leitura\" \/>\n\t<meta name=\"twitter:data2\" content=\"9 minutos\" \/>\n<script type=\"application\/ld+json\" class=\"yoast-schema-graph\">{\"@context\":\"https:\/\/schema.org\",\"@graph\":[{\"@type\":\"Article\",\"@id\":\"https:\/\/www.leselfes.com\/pt-pt\/a-melhor-lista-de-acampamentos-de-verao-para-a-viagem-de-verao-do-teu-filho\/#article\",\"isPartOf\":{\"@id\":\"https:\/\/www.leselfes.com\/pt-pt\/a-melhor-lista-de-acampamentos-de-verao-para-a-viagem-de-verao-do-teu-filho\/\"},\"author\":{\"name\":\"carlotta\",\"@id\":\"https:\/\/dev.leselfes.com\/#\/schema\/person\/9e8c1c68ef43ed5c58fa46ac5d8ee338\"},\"headline\":\"A melhor lista de acampamentos de ver\u00e3o para a viagem de ver\u00e3o do teu filho\",\"datePublished\":\"2019-07-23T20:35:45+00:00\",\"dateModified\":\"2024-10-03T16:09:44+00:00\",\"mainEntityOfPage\":{\"@id\":\"https:\/\/www.leselfes.com\/pt-pt\/a-melhor-lista-de-acampamentos-de-verao-para-a-viagem-de-verao-do-teu-filho\/\"},\"wordCount\":1795,\"publisher\":{\"@id\":\"https:\/\/dev.leselfes.com\/#organization\"},\"keywords\":[\"a melhor lista de embalagem para a col\u00f3nia de f\u00e9rias\",\"actividades do campo de f\u00e9rias\",\"coisas fixes para a col\u00f3nia de f\u00e9rias\",\"lista de acampamentos de ver\u00e3o\",\"lista de embalagem para a col\u00f3nia de f\u00e9rias de ver\u00e3o\"],\"articleSection\":[\"Acampamento de ver\u00e3o\",\"Artigos\"],\"inLanguage\":\"pt-PT\"},{\"@type\":\"WebPage\",\"@id\":\"https:\/\/www.leselfes.com\/pt-pt\/a-melhor-lista-de-acampamentos-de-verao-para-a-viagem-de-verao-do-teu-filho\/\",\"url\":\"https:\/\/www.leselfes.com\/pt-pt\/a-melhor-lista-de-acampamentos-de-verao-para-a-viagem-de-verao-do-teu-filho\/\",\"name\":\"A melhor lista de acampamentos de ver\u00e3o para a viagem de ver\u00e3o do teu filho - Les Elfes International Camps Switzerland\",\"isPartOf\":{\"@id\":\"https:\/\/dev.leselfes.com\/#website\"},\"datePublished\":\"2019-07-23T20:35:45+00:00\",\"dateModified\":\"2024-10-03T16:09:44+00:00\",\"breadcrumb\":{\"@id\":\"https:\/\/www.leselfes.com\/pt-pt\/a-melhor-lista-de-acampamentos-de-verao-para-a-viagem-de-verao-do-teu-filho\/#breadcrumb\"},\"inLanguage\":\"pt-PT\",\"potentialAction\":[{\"@type\":\"ReadAction\",\"target\":[\"https:\/\/www.leselfes.com\/pt-pt\/a-melhor-lista-de-acampamentos-de-verao-para-a-viagem-de-verao-do-teu-filho\/\"]}]},{\"@type\":\"BreadcrumbList\",\"@id\":\"https:\/\/www.leselfes.com\/pt-pt\/a-melhor-lista-de-acampamentos-de-verao-para-a-viagem-de-verao-do-teu-filho\/#breadcrumb\",\"itemListElement\":[{\"@type\":\"ListItem\",\"position\":1,\"name\":\"Home\",\"item\":\"https:\/\/www.leselfes.com\/pt-pt\/\"},{\"@type\":\"ListItem\",\"position\":2,\"name\":\"A melhor lista de acampamentos de ver\u00e3o para a viagem de ver\u00e3o do teu filho\"}]},{\"@type\":\"WebSite\",\"@id\":\"https:\/\/dev.leselfes.com\/#website\",\"url\":\"https:\/\/dev.leselfes.com\/\",\"name\":\"Les Elfes International\",\"description\":\"Les Elfes International, Verbier Switzerland. Summer Camp, Winter Camp, Spring Camps.\",\"publisher\":{\"@id\":\"https:\/\/dev.leselfes.com\/#organization\"},\"alternateName\":\"Les Elfes International\",\"potentialAction\":[{\"@type\":\"SearchAction\",\"target\":{\"@type\":\"EntryPoint\",\"urlTemplate\":\"https:\/\/dev.leselfes.com\/?s={search_term_string}\"},\"query-input\":{\"@type\":\"PropertyValueSpecification\",\"valueRequired\":true,\"valueName\":\"search_term_string\"}}],\"inLanguage\":\"pt-PT\"},{\"@type\":\"Organization\",\"@id\":\"https:\/\/dev.leselfes.com\/#organization\",\"name\":\"Les Elfes International\",\"alternateName\":\"Les Elfes International\",\"url\":\"https:\/\/dev.leselfes.com\/\",\"logo\":{\"@type\":\"ImageObject\",\"inLanguage\":\"pt-PT\",\"@id\":\"https:\/\/dev.leselfes.com\/#\/schema\/logo\/image\/\",\"url\":\"https:\/\/www.leselfes.com\/wp-content\/uploads\/2022\/03\/leselfes-logo.png\",\"contentUrl\":\"https:\/\/www.leselfes.com\/wp-content\/uploads\/2022\/03\/leselfes-logo.png\",\"width\":233,\"height\":51,\"caption\":\"Les Elfes International\"},\"image\":{\"@id\":\"https:\/\/dev.leselfes.com\/#\/schema\/logo\/image\/\"},\"sameAs\":[\"https:\/\/www.facebook.com\/LesElfesVerbier\",\"https:\/\/x.com\/LesElfesCamps\",\"https:\/\/www.instagram.com\/leselfes\",\"https:\/\/www.linkedin.com\/company\/les-elfes-international\",\"https:\/\/www.youtube.com\/user\/LesElfesVerbier\"]},{\"@type\":\"Person\",\"@id\":\"https:\/\/dev.leselfes.com\/#\/schema\/person\/9e8c1c68ef43ed5c58fa46ac5d8ee338\",\"name\":\"carlotta\",\"image\":{\"@type\":\"ImageObject\",\"inLanguage\":\"pt-PT\",\"@id\":\"https:\/\/dev.leselfes.com\/#\/schema\/person\/image\/\",\"url\":\"https:\/\/secure.gravatar.com\/avatar\/fdb243a028df450397b3632d862f87f6?s=96&d=mm&r=g\",\"contentUrl\":\"https:\/\/secure.gravatar.com\/avatar\/fdb243a028df450397b3632d862f87f6?s=96&d=mm&r=g\",\"caption\":\"carlotta\"},\"description\":\"Since 1987, Les Elfes International organizes ski trips &amp; field trips for leading schools around the world as well as winter &amp; summer camps for individual students aged between 6 y.o. and 17 y.o. from more than 60 nationalities. Welcoming 5'000 children and more than 200 schools a year from December until the end of October, Les Elfes has become a leading provider in the individual and school\u2019s trip industry. Our Winter and Summer Camps, ski and field trips provide more than just great activities and experiences. We introduce lifelong skills such as communicating with others without phone or laptop and understanding the value of living in a community away from home. Moreover, campers will be able to build a strong friend network and fortify the relationship among future classmates.\",\"sameAs\":[\"https:\/\/www.linkedin.com\/company\/les-elfes-international\/\"],\"url\":\"https:\/\/www.leselfes.com\/pt-pt\/author\/carlotta\/\"}]}<\/script>\n<!-- \/ Yoast SEO Premium plugin. -->","yoast_head_json":{"title":"A melhor lista de acampamentos de ver\u00e3o para a viagem de ver\u00e3o do teu filho - Les Elfes International Camps Switzerland","robots":{"index":"index","follow":"follow","max-snippet":"max-snippet:-1","max-image-preview":"max-image-preview:large","max-video-preview":"max-video-preview:-1"},"canonical":"https:\/\/www.leselfes.com\/pt-pt\/a-melhor-lista-de-acampamentos-de-verao-para-a-viagem-de-verao-do-teu-filho\/","og_locale":"pt_PT","og_type":"article","og_title":"A melhor lista de acampamentos de ver\u00e3o para a viagem de ver\u00e3o do teu filho","og_description":"N\u00e3o sabes o que levar na mala para o acampamento de ver\u00e3o do teu filho. aqui tens uma lista das coisas mais essenciais a levar para o campo de f\u00e9rias","og_url":"https:\/\/www.leselfes.com\/pt-pt\/a-melhor-lista-de-acampamentos-de-verao-para-a-viagem-de-verao-do-teu-filho\/","og_site_name":"Les Elfes International Camps Switzerland","article_publisher":"https:\/\/www.facebook.com\/LesElfesVerbier","article_published_time":"2019-07-23T20:35:45+00:00","article_modified_time":"2024-10-03T16:09:44+00:00","og_image":[{"width":591,"height":555,"url":"https:\/\/www.leselfes.com\/wp-content\/uploads\/2022\/02\/Les-Elfes-International-summer-camp-Switzerland-Staff-Mobile-591x555-1.jpg","type":"image\/jpeg"}],"author":"carlotta","twitter_card":"summary_large_image","twitter_creator":"@LesElfesCamps","twitter_site":"@LesElfesCamps","twitter_misc":{"Escrito por":"carlotta","Tempo estimado de leitura":"9 minutos"},"schema":{"@context":"https:\/\/schema.org","@graph":[{"@type":"Article","@id":"https:\/\/www.leselfes.com\/pt-pt\/a-melhor-lista-de-acampamentos-de-verao-para-a-viagem-de-verao-do-teu-filho\/#article","isPartOf":{"@id":"https:\/\/www.leselfes.com\/pt-pt\/a-melhor-lista-de-acampamentos-de-verao-para-a-viagem-de-verao-do-teu-filho\/"},"author":{"name":"carlotta","@id":"https:\/\/dev.leselfes.com\/#\/schema\/person\/9e8c1c68ef43ed5c58fa46ac5d8ee338"},"headline":"A melhor lista de acampamentos de ver\u00e3o para a viagem de ver\u00e3o do teu filho","datePublished":"2019-07-23T20:35:45+00:00","dateModified":"2024-10-03T16:09:44+00:00","mainEntityOfPage":{"@id":"https:\/\/www.leselfes.com\/pt-pt\/a-melhor-lista-de-acampamentos-de-verao-para-a-viagem-de-verao-do-teu-filho\/"},"wordCount":1795,"publisher":{"@id":"https:\/\/dev.leselfes.com\/#organization"},"keywords":["a melhor lista de embalagem para a col\u00f3nia de f\u00e9rias","actividades do campo de f\u00e9rias","coisas fixes para a col\u00f3nia de f\u00e9rias","lista de acampamentos de ver\u00e3o","lista de embalagem para a col\u00f3nia de f\u00e9rias de ver\u00e3o"],"articleSection":["Acampamento de ver\u00e3o","Artigos"],"inLanguage":"pt-PT"},{"@type":"WebPage","@id":"https:\/\/www.leselfes.com\/pt-pt\/a-melhor-lista-de-acampamentos-de-verao-para-a-viagem-de-verao-do-teu-filho\/","url":"https:\/\/www.leselfes.com\/pt-pt\/a-melhor-lista-de-acampamentos-de-verao-para-a-viagem-de-verao-do-teu-filho\/","name":"A melhor lista de acampamentos de ver\u00e3o para a viagem de ver\u00e3o do teu filho - Les Elfes International Camps Switzerland","isPartOf":{"@id":"https:\/\/dev.leselfes.com\/#website"},"datePublished":"2019-07-23T20:35:45+00:00","dateModified":"2024-10-03T16:09:44+00:00","breadcrumb":{"@id":"https:\/\/www.leselfes.com\/pt-pt\/a-melhor-lista-de-acampamentos-de-verao-para-a-viagem-de-verao-do-teu-filho\/#breadcrumb"},"inLanguage":"pt-PT","potentialAction":[{"@type":"ReadAction","target":["https:\/\/www.leselfes.com\/pt-pt\/a-melhor-lista-de-acampamentos-de-verao-para-a-viagem-de-verao-do-teu-filho\/"]}]},{"@type":"BreadcrumbList","@id":"https:\/\/www.leselfes.com\/pt-pt\/a-melhor-lista-de-acampamentos-de-verao-para-a-viagem-de-verao-do-teu-filho\/#breadcrumb","itemListElement":[{"@type":"ListItem","position":1,"name":"Home","item":"https:\/\/www.leselfes.com\/pt-pt\/"},{"@type":"ListItem","position":2,"name":"A melhor lista de acampamentos de ver\u00e3o para a viagem de ver\u00e3o do teu filho"}]},{"@type":"WebSite","@id":"https:\/\/dev.leselfes.com\/#website","url":"https:\/\/dev.leselfes.com\/","name":"Les Elfes International","description":"Les Elfes International, Verbier Switzerland. Summer Camp, Winter Camp, Spring Camps.","publisher":{"@id":"https:\/\/dev.leselfes.com\/#organization"},"alternateName":"Les Elfes International","potentialAction":[{"@type":"SearchAction","target":{"@type":"EntryPoint","urlTemplate":"https:\/\/dev.leselfes.com\/?s={search_term_string}"},"query-input":{"@type":"PropertyValueSpecification","valueRequired":true,"valueName":"search_term_string"}}],"inLanguage":"pt-PT"},{"@type":"Organization","@id":"https:\/\/dev.leselfes.com\/#organization","name":"Les Elfes International","alternateName":"Les Elfes International","url":"https:\/\/dev.leselfes.com\/","logo":{"@type":"ImageObject","inLanguage":"pt-PT","@id":"https:\/\/dev.leselfes.com\/#\/schema\/logo\/image\/","url":"https:\/\/www.leselfes.com\/wp-content\/uploads\/2022\/03\/leselfes-logo.png","contentUrl":"https:\/\/www.leselfes.com\/wp-content\/uploads\/2022\/03\/leselfes-logo.png","width":233,"height":51,"caption":"Les Elfes International"},"image":{"@id":"https:\/\/dev.leselfes.com\/#\/schema\/logo\/image\/"},"sameAs":["https:\/\/www.facebook.com\/LesElfesVerbier","https:\/\/x.com\/LesElfesCamps","https:\/\/www.instagram.com\/leselfes","https:\/\/www.linkedin.com\/company\/les-elfes-international","https:\/\/www.youtube.com\/user\/LesElfesVerbier"]},{"@type":"Person","@id":"https:\/\/dev.leselfes.com\/#\/schema\/person\/9e8c1c68ef43ed5c58fa46ac5d8ee338","name":"carlotta","image":{"@type":"ImageObject","inLanguage":"pt-PT","@id":"https:\/\/dev.leselfes.com\/#\/schema\/person\/image\/","url":"https:\/\/secure.gravatar.com\/avatar\/fdb243a028df450397b3632d862f87f6?s=96&d=mm&r=g","contentUrl":"https:\/\/secure.gravatar.com\/avatar\/fdb243a028df450397b3632d862f87f6?s=96&d=mm&r=g","caption":"carlotta"},"description":"Since 1987, Les Elfes International organizes ski trips &amp; field trips for leading schools around the world as well as winter &amp; summer camps for individual students aged between 6 y.o. and 17 y.o. from more than 60 nationalities. Welcoming 5'000 children and more than 200 schools a year from December until the end of October, Les Elfes has become a leading provider in the individual and school\u2019s trip industry. Our Winter and Summer Camps, ski and field trips provide more than just great activities and experiences. We introduce lifelong skills such as communicating with others without phone or laptop and understanding the value of living in a community away from home. Moreover, campers will be able to build a strong friend network and fortify the relationship among future classmates.","sameAs":["https:\/\/www.linkedin.com\/company\/les-elfes-international\/"],"url":"https:\/\/www.leselfes.com\/pt-pt\/author\/carlotta\/"}]}},"_links":{"self":[{"href":"https:\/\/www.leselfes.com\/pt-pt\/wp-json\/wp\/v2\/posts\/86529"}],"collection":[{"href":"https:\/\/www.leselfes.com\/pt-pt\/wp-json\/wp\/v2\/posts"}],"about":[{"href":"https:\/\/www.leselfes.com\/pt-pt\/wp-json\/wp\/v2\/types\/post"}],"author":[{"embeddable":true,"href":"https:\/\/www.leselfes.com\/pt-pt\/wp-json\/wp\/v2\/users\/6"}],"replies":[{"embeddable":true,"href":"https:\/\/www.leselfes.com\/pt-pt\/wp-json\/wp\/v2\/comments?post=86529"}],"version-history":[{"count":0,"href":"https:\/\/www.leselfes.com\/pt-pt\/wp-json\/wp\/v2\/posts\/86529\/revisions"}],"wp:attachment":[{"href":"https:\/\/www.leselfes.com\/pt-pt\/wp-json\/wp\/v2\/media?parent=86529"}],"wp:term":[{"taxonomy":"category","embeddable":true,"href":"https:\/\/www.leselfes.com\/pt-pt\/wp-json\/wp\/v2\/categories?post=86529"},{"taxonomy":"post_tag","embeddable":true,"href":"https:\/\/www.leselfes.com\/pt-pt\/wp-json\/wp\/v2\/tags?post=86529"}],"curies":[{"name":"wp","href":"https:\/\/api.w.org\/{rel}","templated":true}]}}