{"id":86580,"date":"2020-07-08T06:43:12","date_gmt":"2020-07-08T04:43:12","guid":{"rendered":"https:\/\/www.leselfes.com\/faz-um-programa-divertido-para-o-campo-de-ferias\/"},"modified":"2024-10-03T18:11:48","modified_gmt":"2024-10-03T16:11:48","slug":"faz-um-programa-divertido-para-o-campo-de-ferias","status":"publish","type":"post","link":"https:\/\/www.leselfes.com\/pt-pt\/faz-um-programa-divertido-para-o-campo-de-ferias\/","title":{"rendered":"Faz um programa divertido para o campo de f\u00e9rias"},"content":{"rendered":"\n<p>Um bom programa de acampamento de ver\u00e3o pode atrair mais campistas e tamb\u00e9m determinar o resultado de uma viagem de campismo.  <\/p>\n\n<h2 class=\"wp-block-heading\">Incorpora\u00e7\u00e3o de atividades no programa<\/h2>\n\n<p>Ter o melhor local para acampar \u00e9 fundamental para maximizar a experi\u00eancia dos campistas.\nTamb\u00e9m precisas do melhor tema para as f\u00e9rias do campo de f\u00e9rias, se quiseres que os participantes aproveitem ao m\u00e1ximo.\nSe n\u00e3o tiveres um programa de actividades de acampamento de ver\u00e3o convincente, os teus esfor\u00e7os de planeamento tornam-se in\u00fateis.    <\/p>\n\n<figure class=\"wp-block-image size-large\"><img loading=\"lazy\" decoding=\"async\" width=\"799\" height=\"633\" src=\"https:\/\/www.leselfes.com\/wp-content\/uploads\/2020\/07\/Incorporating-Activities-In-The-Schedule.jpg\" alt=\"Incorporar actividades no calend&#xE1;rio\" class=\"wp-image-42075\" srcset=\"https:\/\/www.leselfes.com\/wp-content\/uploads\/2020\/07\/Incorporating-Activities-In-The-Schedule.jpg 799w, https:\/\/www.leselfes.com\/wp-content\/uploads\/2020\/07\/Incorporating-Activities-In-The-Schedule-300x238.jpg 300w, https:\/\/www.leselfes.com\/wp-content\/uploads\/2020\/07\/Incorporating-Activities-In-The-Schedule-768x608.jpg 768w, https:\/\/www.leselfes.com\/wp-content\/uploads\/2020\/07\/Incorporating-Activities-In-The-Schedule-320x254.jpg 320w, https:\/\/www.leselfes.com\/wp-content\/uploads\/2020\/07\/Incorporating-Activities-In-The-Schedule-640x507.jpg 640w, https:\/\/www.leselfes.com\/wp-content\/uploads\/2020\/07\/Incorporating-Activities-In-The-Schedule-360x285.jpg 360w, https:\/\/www.leselfes.com\/wp-content\/uploads\/2020\/07\/Incorporating-Activities-In-The-Schedule-720x570.jpg 720w\" sizes=\"(max-width: 799px) 100vw, 799px\" \/><\/figure>\n\n<p>Existem in\u00fameras actividades que podes incluir no teu plano de acampamento de <a href=\"https:\/\/campjeannedarc.com\/childrens-summer-camp-activities\/\">ver\u00e3o<\/a>.\nLembra-te de que as actividades que escolhes desempenham um papel importante para determinar se os campistas v\u00e3o gostar da experi\u00eancia.   <\/p>\n\n<p>A tua estrat\u00e9gia de programa\u00e7\u00e3o de actividades \u00e9 o que te ajuda a criar um nicho para ti no sector.\nPara teres sucesso, deves come\u00e7ar por enumerar as actividades que pretendes incluir na sess\u00e3o de campismo.   <\/p>\n\n<p>A partir da\u00ed, ter\u00e1s de investir mais tempo a programar as actividades em conformidade.\nH\u00e1 v\u00e1rios factores a ter em conta ao criar um programa de actividades para o campo de f\u00e9rias.\nN\u00e3o te esque\u00e7as de que te deves concentrar em garantir que os campistas est\u00e3o felizes e n\u00e3o apenas aborrecidos e esgotados.    <\/p>\n\n<p>A integra\u00e7\u00e3o das actividades e a calendariza\u00e7\u00e3o de uma semana ou de um dia devem ser devidamente planeadas.\nEst\u00e1s a planear uma viagem para um campo de f\u00e9rias?\nTens dificuldade em criar um <a href=\"https:\/\/camppacwest.com\/summer-camp\/schedule\/\">hor\u00e1rio<\/a> adequado para o <a href=\"https:\/\/camppacwest.com\/summer-camp\/schedule\/\">acampamento de ver\u00e3o<\/a>?\nAqui tens algumas dicas para te ajudar a faz\u00ea-lo como um profissional.     <\/p>\n\n<h2 class=\"wp-block-heading\">S\u00ea organizado<\/h2>\n\n<p>Um coordenador de campos de f\u00e9rias qualificado \u00e9 aquele que demonstra sentido de organiza\u00e7\u00e3o ao elaborar o programa de um campo de f\u00e9rias.\nUma forma de mostrar organiza\u00e7\u00e3o \u00e9 ter as ferramentas certas para a tarefa.\nEntre elas, contam-se di\u00e1rios, pap\u00e9is, canetas, notas online e agendas.    <\/p>\n\n<p>Tens de preparar todas as ferramentas necess\u00e1rias para tomar notas.\nEvita confiar em notas mentais, pois acabar\u00e1s por te esquecer de informa\u00e7\u00f5es vitais.\nAlguns organizadores optam por utilizar modelos de hor\u00e1rios que est\u00e3o facilmente dispon\u00edveis online.\nEmbora estes facilitem o teu trabalho, podes ter de os personalizar para ir ao encontro das necessidades individuais dos campistas.     <\/p>\n\n<h2 class=\"wp-block-heading\">Assegura que a tua agenda \u00e9 abrangente e cativante<\/h2>\n\n<figure class=\"wp-block-image size-large\"><img loading=\"lazy\" decoding=\"async\" width=\"780\" height=\"521\" src=\"https:\/\/www.leselfes.com\/wp-content\/uploads\/2020\/07\/Schedule-Is-All-inclusive-And-Engaging.jpg\" alt=\"O hor&#xE1;rio &#xE9; abrangente e envolvente\" class=\"wp-image-42076\" srcset=\"https:\/\/www.leselfes.com\/wp-content\/uploads\/2020\/07\/Schedule-Is-All-inclusive-And-Engaging.jpg 780w, https:\/\/www.leselfes.com\/wp-content\/uploads\/2020\/07\/Schedule-Is-All-inclusive-And-Engaging-300x200.jpg 300w, https:\/\/www.leselfes.com\/wp-content\/uploads\/2020\/07\/Schedule-Is-All-inclusive-And-Engaging-768x513.jpg 768w, https:\/\/www.leselfes.com\/wp-content\/uploads\/2020\/07\/Schedule-Is-All-inclusive-And-Engaging-320x214.jpg 320w, https:\/\/www.leselfes.com\/wp-content\/uploads\/2020\/07\/Schedule-Is-All-inclusive-And-Engaging-640x427.jpg 640w, https:\/\/www.leselfes.com\/wp-content\/uploads\/2020\/07\/Schedule-Is-All-inclusive-And-Engaging-360x240.jpg 360w, https:\/\/www.leselfes.com\/wp-content\/uploads\/2020\/07\/Schedule-Is-All-inclusive-And-Engaging-720x481.jpg 720w\" sizes=\"(max-width: 780px) 100vw, 780px\" \/><\/figure>\n\n<p>Um programa de acampamento de ver\u00e3o envolvente mant\u00e9m os campistas estimulados e entusiasmados durante todo o dia.\nO teu programa deve incluir actividades estimulantes do ponto de vista f\u00edsico, mental e emocional.\nAssim, garante que os campistas obt\u00eam o m\u00e1ximo efeito positivo.\nAs crian\u00e7as podem seguir a linha do tempo para se envolverem e descobrirem coisas diferentes ao longo de um dia.     <\/p>\n\n<h2 class=\"wp-block-heading\">Tem uma linha de tempo no teu calend\u00e1rio<\/h2>\n\n<p>Cria um cronograma de acordo com as actividades que pretendes incluir no teu programa.\nO teu cronograma deve ter uma hora de in\u00edcio, hora da atividade, hora do lanche, hora do intervalo e hora de conclus\u00e3o da atividade.   <\/p>\n\n<p>Certifica-te de que o teu calend\u00e1rio abrange tudo o que planeaste para o dia.\nAtribui tempo suficiente para cada atividade e cria uma margem para altera\u00e7\u00f5es de \u00faltima hora, problemas que surjam ou atrasos.\nO calend\u00e1rio deve ser flex\u00edvel para garantir a sua efic\u00e1cia.    <\/p>\n\n<h2 class=\"wp-block-heading\">Assegura-te de que o teu programa de acampamento de ver\u00e3o tem uma boa liga\u00e7\u00e3o e fluxo<\/h2>\n\n<p>Alguns campos de f\u00e9rias centram-se apenas numa \u00fanica atividade, o que significa que os campistas t\u00eam de se confrontar com a mesma.\nCertifica-te de que o campo de f\u00e9rias que escolheres oferece uma variedade de actividades que correspondem ao seu tema.\nAs actividades devem ser cont\u00ednuas para que as crian\u00e7as tirem o melhor partido da viagem.    <\/p>\n\n<p>Distribui as actividades uniformemente ao longo dos dias e incorpora algo novo todos os dias.\nDesta forma, as crian\u00e7as ficar\u00e3o curiosas e entusiasmadas para descobrir o que est\u00e1 planeado para os dias seguintes.\nEm Les Elfes, h\u00e1 in\u00fameras actividades de acampamento de ver\u00e3o para manter os campistas animados durante o dia e \u00e0 noite.    <\/p>\n\n<h2 class=\"wp-block-heading\">Tem sempre um plano B<\/h2>\n\n<p>\u00c9 importante compreenderes que as coisas nem sempre funcionam de acordo com o planeado.\nPerturba\u00e7\u00f5es, altera\u00e7\u00f5es ou problemas que surgem \u00e0 \u00faltima hora podem interferir com o teu programa original.\nNeste caso, a falta de um plano B pode perturbar toda a tua viagem.\nUm plano alternativo ser\u00e1 \u00fatil para garantir que os campistas n\u00e3o perdem os seus dias ou tempo de campismo.\nIsto tamb\u00e9m vai melhorar a tua reputa\u00e7\u00e3o como coordenador do programa do acampamento.      <\/p>\n\n<h2 class=\"wp-block-heading\">Inclui dias livres no teu programa de acampamento de ver\u00e3o<\/h2>\n\n<p>Um hor\u00e1rio eficaz deve ter dias sem atividade, em que as crian\u00e7as podem ser livres para se envolverem numa atividade da sua escolha.\nPodem aproveitar este tempo para fazer amigos ou criar la\u00e7os com os seus novos colegas.\nAs crian\u00e7as tamb\u00e9m podem escrever a sua experi\u00eancia de campismo nos seus di\u00e1rios.\nPodem at\u00e9 concentrar-se em aprender as culturas uns dos outros.\nIndependentemente do que escolham fazer, os supervisores devem monitoriz\u00e1-las em conformidade.      <\/p>\n\n<h2 class=\"wp-block-heading\">Verifica o que os teus concorrentes est\u00e3o a fazer<\/h2>\n\n<p>A ind\u00fastria do campismo est\u00e1 rapidamente a tornar-se altamente competitiva, o que significa que tens de trabalhar ainda mais para te manteres \u00e0 frente dos teus concorrentes.\nE que melhor forma de o fazer do que verificar o que os teus concorrentes j\u00e1 est\u00e3o a fazer.\nFaz sempre uma pesquisa e isso ajudar-te-\u00e1 a criar o melhor programa de acampamento de ver\u00e3o para os teus campistas.    <\/p>\n\n<p>Utiliza as estat\u00edsticas que obtiveres com a tua pesquisa para aprenderes e compreenderes como podes criar um hor\u00e1rio melhor.\nDetermina o que pode funcionar em fun\u00e7\u00e3o das necessidades individuais do campista e o que n\u00e3o funciona.\nEmbora possas ter as tuas ideias, pesquisar e consultar o que os outros actores do sector est\u00e3o a fazer ajuda-te a evitar erros.  <\/p>\n\n<h2 class=\"wp-block-heading\">Cria um equil\u00edbrio<\/h2>\n\n<figure class=\"wp-block-image size-large\"><img loading=\"lazy\" decoding=\"async\" width=\"556\" height=\"417\" src=\"https:\/\/www.leselfes.com\/wp-content\/uploads\/2020\/07\/CREATE-A-BALANCE.jpg\" alt=\"CRIA UM EQUIL&#xCD;BRIO\" class=\"wp-image-42077\" srcset=\"https:\/\/www.leselfes.com\/wp-content\/uploads\/2020\/07\/CREATE-A-BALANCE.jpg 556w, https:\/\/www.leselfes.com\/wp-content\/uploads\/2020\/07\/CREATE-A-BALANCE-300x225.jpg 300w, https:\/\/www.leselfes.com\/wp-content\/uploads\/2020\/07\/CREATE-A-BALANCE-320x240.jpg 320w, https:\/\/www.leselfes.com\/wp-content\/uploads\/2020\/07\/CREATE-A-BALANCE-360x270.jpg 360w\" sizes=\"(max-width: 556px) 100vw, 556px\" \/><\/figure>\n\n<p>Faz um plano para uma semana inteira, mas distribui as actividades por dia.\nDesta forma, o hor\u00e1rio n\u00e3o ser\u00e1 demasiado exigente para as crian\u00e7as.\nAl\u00e9m disso, ter\u00e1s mais facilidade em fazer altera\u00e7\u00f5es ao plano, caso surja alguma coisa a meio da semana.    <\/p>\n\n<p>Lembra-te que as crian\u00e7as ficam exaustas entre as actividades.\nConsidera a possibilidade de incluir intervalos para lanches no teu programa de acampamento de ver\u00e3o.\nAssegura-te de que a tua lista de actividades tem um bom equil\u00edbrio entre <a href=\"https:\/\/www.leselfes.com\/field-trips\/\">visitas de estudo<\/a> e tarefas internas.\nPor exemplo, podes dar algum tempo aos campistas para passearem pelo local do acampamento.\nAssim, descobrem mais informa\u00e7\u00f5es sobre o local, como a sua hist\u00f3ria e cultura.      <\/p>\n\n<h2 class=\"wp-block-heading\">Finalmente<\/h2>\n\n<p>Quer estejas a planear um campo de f\u00e9rias de dia ou de noite, \u00e9 fundamental ter um calend\u00e1rio de eventos.\nCom um calend\u00e1rio de actividades do campo de f\u00e9rias bem organizado, os pais ficam a saber o que os filhos v\u00e3o fazer em alturas espec\u00edficas.\nTamb\u00e9m ajuda as crian\u00e7as a compreenderem as actividades que v\u00e3o realizar durante o dia.    <\/p>\n\n<p>Para tornar toda a experi\u00eancia de campismo divertida e emocionante, entrega sempre os planos no dia anterior.\nDesta forma, os campistas estar\u00e3o prontos para as actividades do dia a horas. <a href=\"https:\/\/www.leselfes.com\/pt-pt\/?page_id=85718\">Inscreve-te<\/a> hoje para saberes mais sobre os campos de f\u00e9rias. <\/p>\n","protected":false},"excerpt":{"rendered":"<p>Um bom programa de acampamento de ver\u00e3o pode atrair mais campistas e tamb\u00e9m determinar o resultado de uma viagem de campismo. Incorpora\u00e7\u00e3o de atividades no programa Ter o melhor local&#8230;<\/p>\n","protected":false},"author":1,"featured_media":73032,"comment_status":"open","ping_status":"open","sticky":false,"template":"","format":"standard","meta":{"_acf_changed":false,"inline_featured_image":false,"footnotes":""},"categories":[1102,1103],"tags":[1165],"class_list":{"0":"post-86580","1":"post","2":"type-post","3":"status-publish","4":"format-standard","5":"has-post-thumbnail","7":"category-acampamento-de-verao","8":"category-artigos","9":"tag-programa-do-acampamento-de-verao-divertido"},"acf":[],"yoast_head":"<!-- This site is optimized with the Yoast SEO Premium plugin v24.2 (Yoast SEO v24.7) - https:\/\/yoast.com\/wordpress\/plugins\/seo\/ -->\n<title>Faz um programa divertido para o campo de f\u00e9rias - Les Elfes International Camps Switzerland<\/title>\n<meta name=\"robots\" content=\"index, follow, max-snippet:-1, max-image-preview:large, max-video-preview:-1\" \/>\n<link rel=\"canonical\" href=\"https:\/\/www.leselfes.com\/pt-pt\/faz-um-programa-divertido-para-o-campo-de-ferias\/\" \/>\n<meta property=\"og:locale\" content=\"pt_PT\" \/>\n<meta property=\"og:type\" content=\"article\" \/>\n<meta property=\"og:title\" content=\"Faz um programa divertido para o campo de f\u00e9rias\" \/>\n<meta property=\"og:description\" content=\"Um bom programa de acampamento de ver\u00e3o pode atrair mais campistas e tamb\u00e9m determinar o resultado de uma viagem de campismo. Incorpora\u00e7\u00e3o de atividades no programa Ter o melhor local...\" \/>\n<meta property=\"og:url\" content=\"https:\/\/www.leselfes.com\/pt-pt\/faz-um-programa-divertido-para-o-campo-de-ferias\/\" \/>\n<meta property=\"og:site_name\" content=\"Les Elfes International Camps Switzerland\" \/>\n<meta property=\"article:publisher\" content=\"https:\/\/www.facebook.com\/LesElfesVerbier\" \/>\n<meta property=\"article:published_time\" content=\"2020-07-08T04:43:12+00:00\" \/>\n<meta property=\"article:modified_time\" content=\"2024-10-03T16:11:48+00:00\" \/>\n<meta property=\"og:image\" content=\"https:\/\/dev.leselfes.com\/wp-content\/uploads\/2020\/05\/Make-a-Fun-Summer-Camp-Schedule.jpg\" \/>\n\t<meta property=\"og:image:width\" content=\"1200\" \/>\n\t<meta property=\"og:image:height\" content=\"628\" \/>\n\t<meta property=\"og:image:type\" content=\"image\/jpeg\" \/>\n<meta name=\"author\" content=\"lesadmin\" \/>\n<meta name=\"twitter:card\" content=\"summary_large_image\" \/>\n<meta name=\"twitter:creator\" content=\"@LesElfesCamps\" \/>\n<meta name=\"twitter:site\" content=\"@LesElfesCamps\" \/>\n<meta name=\"twitter:label1\" content=\"Escrito por\" \/>\n\t<meta name=\"twitter:data1\" content=\"lesadmin\" \/>\n\t<meta name=\"twitter:label2\" content=\"Tempo estimado de leitura\" \/>\n\t<meta name=\"twitter:data2\" content=\"6 minutos\" \/>\n<script type=\"application\/ld+json\" class=\"yoast-schema-graph\">{\"@context\":\"https:\/\/schema.org\",\"@graph\":[{\"@type\":\"Article\",\"@id\":\"https:\/\/www.leselfes.com\/pt-pt\/faz-um-programa-divertido-para-o-campo-de-ferias\/#article\",\"isPartOf\":{\"@id\":\"https:\/\/www.leselfes.com\/pt-pt\/faz-um-programa-divertido-para-o-campo-de-ferias\/\"},\"author\":{\"name\":\"lesadmin\",\"@id\":\"https:\/\/dev.leselfes.com\/#\/schema\/person\/407a229698868b8c603874b19f37f289\"},\"headline\":\"Faz um programa divertido para o campo de f\u00e9rias\",\"datePublished\":\"2020-07-08T04:43:12+00:00\",\"dateModified\":\"2024-10-03T16:11:48+00:00\",\"mainEntityOfPage\":{\"@id\":\"https:\/\/www.leselfes.com\/pt-pt\/faz-um-programa-divertido-para-o-campo-de-ferias\/\"},\"wordCount\":1274,\"commentCount\":0,\"publisher\":{\"@id\":\"https:\/\/dev.leselfes.com\/#organization\"},\"image\":{\"@id\":\"https:\/\/www.leselfes.com\/pt-pt\/faz-um-programa-divertido-para-o-campo-de-ferias\/#primaryimage\"},\"thumbnailUrl\":\"https:\/\/www.leselfes.com\/wp-content\/uploads\/2020\/05\/Make-a-Fun-Summer-Camp-Schedule.jpg\",\"keywords\":[\"Programa do acampamento de ver\u00e3o divertido\"],\"articleSection\":[\"Acampamento de ver\u00e3o\",\"Artigos\"],\"inLanguage\":\"pt-PT\",\"potentialAction\":[{\"@type\":\"CommentAction\",\"name\":\"Comment\",\"target\":[\"https:\/\/www.leselfes.com\/pt-pt\/faz-um-programa-divertido-para-o-campo-de-ferias\/#respond\"]}]},{\"@type\":\"WebPage\",\"@id\":\"https:\/\/www.leselfes.com\/pt-pt\/faz-um-programa-divertido-para-o-campo-de-ferias\/\",\"url\":\"https:\/\/www.leselfes.com\/pt-pt\/faz-um-programa-divertido-para-o-campo-de-ferias\/\",\"name\":\"Faz um programa divertido para o campo de f\u00e9rias - Les Elfes International Camps Switzerland\",\"isPartOf\":{\"@id\":\"https:\/\/dev.leselfes.com\/#website\"},\"primaryImageOfPage\":{\"@id\":\"https:\/\/www.leselfes.com\/pt-pt\/faz-um-programa-divertido-para-o-campo-de-ferias\/#primaryimage\"},\"image\":{\"@id\":\"https:\/\/www.leselfes.com\/pt-pt\/faz-um-programa-divertido-para-o-campo-de-ferias\/#primaryimage\"},\"thumbnailUrl\":\"https:\/\/www.leselfes.com\/wp-content\/uploads\/2020\/05\/Make-a-Fun-Summer-Camp-Schedule.jpg\",\"datePublished\":\"2020-07-08T04:43:12+00:00\",\"dateModified\":\"2024-10-03T16:11:48+00:00\",\"breadcrumb\":{\"@id\":\"https:\/\/www.leselfes.com\/pt-pt\/faz-um-programa-divertido-para-o-campo-de-ferias\/#breadcrumb\"},\"inLanguage\":\"pt-PT\",\"potentialAction\":[{\"@type\":\"ReadAction\",\"target\":[\"https:\/\/www.leselfes.com\/pt-pt\/faz-um-programa-divertido-para-o-campo-de-ferias\/\"]}]},{\"@type\":\"ImageObject\",\"inLanguage\":\"pt-PT\",\"@id\":\"https:\/\/www.leselfes.com\/pt-pt\/faz-um-programa-divertido-para-o-campo-de-ferias\/#primaryimage\",\"url\":\"https:\/\/www.leselfes.com\/wp-content\/uploads\/2020\/05\/Make-a-Fun-Summer-Camp-Schedule.jpg\",\"contentUrl\":\"https:\/\/www.leselfes.com\/wp-content\/uploads\/2020\/05\/Make-a-Fun-Summer-Camp-Schedule.jpg\",\"width\":1200,\"height\":628},{\"@type\":\"BreadcrumbList\",\"@id\":\"https:\/\/www.leselfes.com\/pt-pt\/faz-um-programa-divertido-para-o-campo-de-ferias\/#breadcrumb\",\"itemListElement\":[{\"@type\":\"ListItem\",\"position\":1,\"name\":\"Home\",\"item\":\"https:\/\/www.leselfes.com\/pt-pt\/\"},{\"@type\":\"ListItem\",\"position\":2,\"name\":\"Faz um programa divertido para o campo de f\u00e9rias\"}]},{\"@type\":\"WebSite\",\"@id\":\"https:\/\/dev.leselfes.com\/#website\",\"url\":\"https:\/\/dev.leselfes.com\/\",\"name\":\"Les Elfes International\",\"description\":\"Les Elfes International, Verbier Switzerland. Summer Camp, Winter Camp, Spring Camps.\",\"publisher\":{\"@id\":\"https:\/\/dev.leselfes.com\/#organization\"},\"alternateName\":\"Les Elfes International\",\"potentialAction\":[{\"@type\":\"SearchAction\",\"target\":{\"@type\":\"EntryPoint\",\"urlTemplate\":\"https:\/\/dev.leselfes.com\/?s={search_term_string}\"},\"query-input\":{\"@type\":\"PropertyValueSpecification\",\"valueRequired\":true,\"valueName\":\"search_term_string\"}}],\"inLanguage\":\"pt-PT\"},{\"@type\":\"Organization\",\"@id\":\"https:\/\/dev.leselfes.com\/#organization\",\"name\":\"Les Elfes International\",\"alternateName\":\"Les Elfes International\",\"url\":\"https:\/\/dev.leselfes.com\/\",\"logo\":{\"@type\":\"ImageObject\",\"inLanguage\":\"pt-PT\",\"@id\":\"https:\/\/dev.leselfes.com\/#\/schema\/logo\/image\/\",\"url\":\"https:\/\/www.leselfes.com\/wp-content\/uploads\/2022\/03\/leselfes-logo.png\",\"contentUrl\":\"https:\/\/www.leselfes.com\/wp-content\/uploads\/2022\/03\/leselfes-logo.png\",\"width\":233,\"height\":51,\"caption\":\"Les Elfes International\"},\"image\":{\"@id\":\"https:\/\/dev.leselfes.com\/#\/schema\/logo\/image\/\"},\"sameAs\":[\"https:\/\/www.facebook.com\/LesElfesVerbier\",\"https:\/\/x.com\/LesElfesCamps\",\"https:\/\/www.instagram.com\/leselfes\",\"https:\/\/www.linkedin.com\/company\/les-elfes-international\",\"https:\/\/www.youtube.com\/user\/LesElfesVerbier\"]},{\"@type\":\"Person\",\"@id\":\"https:\/\/dev.leselfes.com\/#\/schema\/person\/407a229698868b8c603874b19f37f289\",\"name\":\"lesadmin\",\"image\":{\"@type\":\"ImageObject\",\"inLanguage\":\"pt-PT\",\"@id\":\"https:\/\/dev.leselfes.com\/#\/schema\/person\/image\/\",\"url\":\"https:\/\/secure.gravatar.com\/avatar\/fdb243a028df450397b3632d862f87f6?s=96&d=mm&r=g\",\"contentUrl\":\"https:\/\/secure.gravatar.com\/avatar\/fdb243a028df450397b3632d862f87f6?s=96&d=mm&r=g\",\"caption\":\"lesadmin\"},\"url\":\"https:\/\/www.leselfes.com\/pt-pt\/author\/lesadmin\/\"}]}<\/script>\n<!-- \/ Yoast SEO Premium plugin. -->","yoast_head_json":{"title":"Faz um programa divertido para o campo de f\u00e9rias - Les Elfes International Camps Switzerland","robots":{"index":"index","follow":"follow","max-snippet":"max-snippet:-1","max-image-preview":"max-image-preview:large","max-video-preview":"max-video-preview:-1"},"canonical":"https:\/\/www.leselfes.com\/pt-pt\/faz-um-programa-divertido-para-o-campo-de-ferias\/","og_locale":"pt_PT","og_type":"article","og_title":"Faz um programa divertido para o campo de f\u00e9rias","og_description":"Um bom programa de acampamento de ver\u00e3o pode atrair mais campistas e tamb\u00e9m determinar o resultado de uma viagem de campismo. Incorpora\u00e7\u00e3o de atividades no programa Ter o melhor local...","og_url":"https:\/\/www.leselfes.com\/pt-pt\/faz-um-programa-divertido-para-o-campo-de-ferias\/","og_site_name":"Les Elfes International Camps Switzerland","article_publisher":"https:\/\/www.facebook.com\/LesElfesVerbier","article_published_time":"2020-07-08T04:43:12+00:00","article_modified_time":"2024-10-03T16:11:48+00:00","og_image":[{"width":1200,"height":628,"url":"https:\/\/dev.leselfes.com\/wp-content\/uploads\/2020\/05\/Make-a-Fun-Summer-Camp-Schedule.jpg","type":"image\/jpeg"}],"author":"lesadmin","twitter_card":"summary_large_image","twitter_creator":"@LesElfesCamps","twitter_site":"@LesElfesCamps","twitter_misc":{"Escrito por":"lesadmin","Tempo estimado de leitura":"6 minutos"},"schema":{"@context":"https:\/\/schema.org","@graph":[{"@type":"Article","@id":"https:\/\/www.leselfes.com\/pt-pt\/faz-um-programa-divertido-para-o-campo-de-ferias\/#article","isPartOf":{"@id":"https:\/\/www.leselfes.com\/pt-pt\/faz-um-programa-divertido-para-o-campo-de-ferias\/"},"author":{"name":"lesadmin","@id":"https:\/\/dev.leselfes.com\/#\/schema\/person\/407a229698868b8c603874b19f37f289"},"headline":"Faz um programa divertido para o campo de f\u00e9rias","datePublished":"2020-07-08T04:43:12+00:00","dateModified":"2024-10-03T16:11:48+00:00","mainEntityOfPage":{"@id":"https:\/\/www.leselfes.com\/pt-pt\/faz-um-programa-divertido-para-o-campo-de-ferias\/"},"wordCount":1274,"commentCount":0,"publisher":{"@id":"https:\/\/dev.leselfes.com\/#organization"},"image":{"@id":"https:\/\/www.leselfes.com\/pt-pt\/faz-um-programa-divertido-para-o-campo-de-ferias\/#primaryimage"},"thumbnailUrl":"https:\/\/www.leselfes.com\/wp-content\/uploads\/2020\/05\/Make-a-Fun-Summer-Camp-Schedule.jpg","keywords":["Programa do acampamento de ver\u00e3o divertido"],"articleSection":["Acampamento de ver\u00e3o","Artigos"],"inLanguage":"pt-PT","potentialAction":[{"@type":"CommentAction","name":"Comment","target":["https:\/\/www.leselfes.com\/pt-pt\/faz-um-programa-divertido-para-o-campo-de-ferias\/#respond"]}]},{"@type":"WebPage","@id":"https:\/\/www.leselfes.com\/pt-pt\/faz-um-programa-divertido-para-o-campo-de-ferias\/","url":"https:\/\/www.leselfes.com\/pt-pt\/faz-um-programa-divertido-para-o-campo-de-ferias\/","name":"Faz um programa divertido para o campo de f\u00e9rias - Les Elfes International Camps Switzerland","isPartOf":{"@id":"https:\/\/dev.leselfes.com\/#website"},"primaryImageOfPage":{"@id":"https:\/\/www.leselfes.com\/pt-pt\/faz-um-programa-divertido-para-o-campo-de-ferias\/#primaryimage"},"image":{"@id":"https:\/\/www.leselfes.com\/pt-pt\/faz-um-programa-divertido-para-o-campo-de-ferias\/#primaryimage"},"thumbnailUrl":"https:\/\/www.leselfes.com\/wp-content\/uploads\/2020\/05\/Make-a-Fun-Summer-Camp-Schedule.jpg","datePublished":"2020-07-08T04:43:12+00:00","dateModified":"2024-10-03T16:11:48+00:00","breadcrumb":{"@id":"https:\/\/www.leselfes.com\/pt-pt\/faz-um-programa-divertido-para-o-campo-de-ferias\/#breadcrumb"},"inLanguage":"pt-PT","potentialAction":[{"@type":"ReadAction","target":["https:\/\/www.leselfes.com\/pt-pt\/faz-um-programa-divertido-para-o-campo-de-ferias\/"]}]},{"@type":"ImageObject","inLanguage":"pt-PT","@id":"https:\/\/www.leselfes.com\/pt-pt\/faz-um-programa-divertido-para-o-campo-de-ferias\/#primaryimage","url":"https:\/\/www.leselfes.com\/wp-content\/uploads\/2020\/05\/Make-a-Fun-Summer-Camp-Schedule.jpg","contentUrl":"https:\/\/www.leselfes.com\/wp-content\/uploads\/2020\/05\/Make-a-Fun-Summer-Camp-Schedule.jpg","width":1200,"height":628},{"@type":"BreadcrumbList","@id":"https:\/\/www.leselfes.com\/pt-pt\/faz-um-programa-divertido-para-o-campo-de-ferias\/#breadcrumb","itemListElement":[{"@type":"ListItem","position":1,"name":"Home","item":"https:\/\/www.leselfes.com\/pt-pt\/"},{"@type":"ListItem","position":2,"name":"Faz um programa divertido para o campo de f\u00e9rias"}]},{"@type":"WebSite","@id":"https:\/\/dev.leselfes.com\/#website","url":"https:\/\/dev.leselfes.com\/","name":"Les Elfes International","description":"Les Elfes International, Verbier Switzerland. Summer Camp, Winter Camp, Spring Camps.","publisher":{"@id":"https:\/\/dev.leselfes.com\/#organization"},"alternateName":"Les Elfes International","potentialAction":[{"@type":"SearchAction","target":{"@type":"EntryPoint","urlTemplate":"https:\/\/dev.leselfes.com\/?s={search_term_string}"},"query-input":{"@type":"PropertyValueSpecification","valueRequired":true,"valueName":"search_term_string"}}],"inLanguage":"pt-PT"},{"@type":"Organization","@id":"https:\/\/dev.leselfes.com\/#organization","name":"Les Elfes International","alternateName":"Les Elfes International","url":"https:\/\/dev.leselfes.com\/","logo":{"@type":"ImageObject","inLanguage":"pt-PT","@id":"https:\/\/dev.leselfes.com\/#\/schema\/logo\/image\/","url":"https:\/\/www.leselfes.com\/wp-content\/uploads\/2022\/03\/leselfes-logo.png","contentUrl":"https:\/\/www.leselfes.com\/wp-content\/uploads\/2022\/03\/leselfes-logo.png","width":233,"height":51,"caption":"Les Elfes International"},"image":{"@id":"https:\/\/dev.leselfes.com\/#\/schema\/logo\/image\/"},"sameAs":["https:\/\/www.facebook.com\/LesElfesVerbier","https:\/\/x.com\/LesElfesCamps","https:\/\/www.instagram.com\/leselfes","https:\/\/www.linkedin.com\/company\/les-elfes-international","https:\/\/www.youtube.com\/user\/LesElfesVerbier"]},{"@type":"Person","@id":"https:\/\/dev.leselfes.com\/#\/schema\/person\/407a229698868b8c603874b19f37f289","name":"lesadmin","image":{"@type":"ImageObject","inLanguage":"pt-PT","@id":"https:\/\/dev.leselfes.com\/#\/schema\/person\/image\/","url":"https:\/\/secure.gravatar.com\/avatar\/fdb243a028df450397b3632d862f87f6?s=96&d=mm&r=g","contentUrl":"https:\/\/secure.gravatar.com\/avatar\/fdb243a028df450397b3632d862f87f6?s=96&d=mm&r=g","caption":"lesadmin"},"url":"https:\/\/www.leselfes.com\/pt-pt\/author\/lesadmin\/"}]}},"_links":{"self":[{"href":"https:\/\/www.leselfes.com\/pt-pt\/wp-json\/wp\/v2\/posts\/86580"}],"collection":[{"href":"https:\/\/www.leselfes.com\/pt-pt\/wp-json\/wp\/v2\/posts"}],"about":[{"href":"https:\/\/www.leselfes.com\/pt-pt\/wp-json\/wp\/v2\/types\/post"}],"author":[{"embeddable":true,"href":"https:\/\/www.leselfes.com\/pt-pt\/wp-json\/wp\/v2\/users\/1"}],"replies":[{"embeddable":true,"href":"https:\/\/www.leselfes.com\/pt-pt\/wp-json\/wp\/v2\/comments?post=86580"}],"version-history":[{"count":0,"href":"https:\/\/www.leselfes.com\/pt-pt\/wp-json\/wp\/v2\/posts\/86580\/revisions"}],"wp:featuredmedia":[{"embeddable":true,"href":"https:\/\/www.leselfes.com\/pt-pt\/wp-json\/wp\/v2\/media\/73032"}],"wp:attachment":[{"href":"https:\/\/www.leselfes.com\/pt-pt\/wp-json\/wp\/v2\/media?parent=86580"}],"wp:term":[{"taxonomy":"category","embeddable":true,"href":"https:\/\/www.leselfes.com\/pt-pt\/wp-json\/wp\/v2\/categories?post=86580"},{"taxonomy":"post_tag","embeddable":true,"href":"https:\/\/www.leselfes.com\/pt-pt\/wp-json\/wp\/v2\/tags?post=86580"}],"curies":[{"name":"wp","href":"https:\/\/api.w.org\/{rel}","templated":true}]}}